{"id":9389,"date":"2012-08-23T07:52:00","date_gmt":"2012-08-23T05:52:00","guid":{"rendered":"https:\/\/gaudiumetspes-blog.pl\/index.php\/2012\/08\/23\/jedni-na-uczcie-drudzy-za-drzwiami\/"},"modified":"2019-07-31T12:53:30","modified_gmt":"2019-07-31T10:53:30","slug":"jedni-na-uczcie-drudzy-za-drzwiami","status":"publish","type":"post","link":"https:\/\/gaudiumetspes-blog.pl\/index.php\/2012\/08\/23\/jedni-na-uczcie-drudzy-za-drzwiami\/","title":{"rendered":"Jedni na uczcie &#8211; drudzy za drzwiami!"},"content":{"rendered":"<p><\/p>\n<div class=\"MsoNormal\" style=\"text-align: justify;\">\nSzcz\u0119\u015b\u0107 Bo\u017ce! Witam i pozdrawiam wszystkich urlopowicz\u00f3w i tych, kt\u00f3rym si\u0119 nie uda\u0142o na urlop jeszcze wyjecha\u0107, a tak\u017ce tych, kt\u00f3rzy ju\u017c z urlop\u00f3w wr\u00f3cili.&nbsp;<\/div>\n<div class=\"MsoNormal\" style=\"text-align: justify;\">\n&nbsp; &nbsp; &nbsp; Moi Drodzy, wczoraj w Kodniu, przed Obliczem Matki Bo\u017cej, we Mszy \u015awi\u0119tej poleca\u0142em Was i wszystkie Wasze sprawy, tak\u017ce te, zapisane w Wielkiej Ksi\u0119dze Intencji. Czy Wy tam jednak, Kochani, jeszcze zagl\u0105dacie? Czy modlicie si\u0119 w tych intencjach? A mo\u017ce trzeba dopisa\u0107 nowe? I czy \u0142\u0105czymy si\u0119 wszyscy w modlitwie &#8222;Ojcze nasz&#8221; o 20.00?<\/div>\n<div class=\"MsoNormal\" style=\"text-align: justify;\">\n&nbsp; &nbsp; &nbsp; &nbsp;Dobrego dnia \u017cycz\u0119!<\/div>\n<div class=\"MsoNormal\" style=\"text-align: justify;\">\n&nbsp; &nbsp; &nbsp; &nbsp; &nbsp; &nbsp; &nbsp; Gaudium et spes! &nbsp;Ks. Jacek<\/div>\n<div class=\"MsoNormal\" style=\"text-align: justify;\">\n<\/div>\n<div class=\"MsoNormal\" style=\"text-align: justify;\">\n<b>Czwartek 20<br \/>\ntygodnia zwyk\u0142ego, rok II,<\/b><\/div>\n<div class=\"MsoNormal\" style=\"text-align: justify;\">\n<b>do<br \/>\nczyta\u0144:&nbsp; Ez 36,23\u201328;&nbsp; Mt 22,1\u201314<\/b><\/div>\n<div class=\"MsoNormal\" style=\"text-align: justify;\">\n<\/div>\n<div class=\"MsoNormal\" style=\"text-align: justify;\">\n<b>CZYTANIE Z KSI\u0118GI PROROKA EZECHIELA:&nbsp;<\/b><\/div>\n<div class=\"MsoNormal\" style=\"text-align: justify; text-indent: 35.4pt;\">\n<b>To<br \/>\nm\u00f3wi Pan: \u201eChc\u0119 u\u015bwi\u0119ci\u0107 wielkie imi\u0119 moje, kt\u00f3re zbezczeszczone jest po\u015br\u00f3d<br \/>\nlud\u00f3w, zbezczeszczone przez was po\u015br\u00f3d nich, i poznaj\u0105 ludy, \u017ce Ja jestem<br \/>\nPanem, gdy oka\u017c\u0119 si\u0119 \u015awi\u0119tym wzgl\u0119dem was przed ich oczami.<\/b><b><\/b><\/div>\n<div class=\"MsoNormal\" style=\"text-align: justify; text-indent: 35.4pt;\">\n<b>Zabior\u0119<br \/>\nwas spo\u015br\u00f3d lud\u00f3w, zbior\u0119 was ze wszystkich kraj\u00f3w i przyprowadz\u0119 was z<br \/>\npowrotem do waszego kraju, pokropi\u0119 was czyst\u0105 wod\u0105, aby\u015bcie si\u0119 stali czy\u015bci,<br \/>\ni oczyszcz\u0119 was od wszelkiej zmazy i od wszystkich waszych bo\u017ck\u00f3w. I dam wam<br \/>\nserce nowe i ducha nowego tchn\u0119 do waszego wn\u0119trza, odbior\u0119 wam serce kamienne,<br \/>\na dam wam serce z cia\u0142a. Ducha mojego chc\u0119 tchn\u0105\u0107 w was i sprawi\u0107, by\u015bcie \u017cyli<br \/>\nwed\u0142ug mych nakaz\u00f3w i przestrzegali przykaza\u0144, i wed\u0142ug nich post\u0119powali.&nbsp;<\/b><\/div>\n<div class=\"MsoNormal\" style=\"text-align: justify; text-indent: 35.4pt;\">\n<b>Wtedy<br \/>\nb\u0119dziecie mieszka\u0107 w kraju, kt\u00f3ry da\u0142em waszym przodkom, i b\u0119dziecie moim<br \/>\nludem, a Ja b\u0119d\u0119 waszym Bogiem\u201d.<\/b><\/div>\n<div class=\"MsoNormal\" style=\"text-align: justify;\">\n<\/div>\n<div class=\"MsoNormal\" style=\"text-align: justify;\">\n<b>S\u0141OWA EWANGELII WED\u0141UG \u015aWI\u0118TEGO MATEUSZA:<\/b><\/div>\n<div class=\"MsoNormal\" style=\"text-align: justify; text-indent: 35.4pt;\">\n<b>Jezus<br \/>\nw przypowie\u015bciach m\u00f3wi\u0142 do arcykap\u0142an\u00f3w i starszych ludu: \u201eKr\u00f3lestwo niebieskie<br \/>\npodobne jest do kr\u00f3la, kt\u00f3ry wyprawi uczt\u0119 weseln\u0105 swemu synowi. Pos\u0142a\u0142 wi\u0119c<br \/>\nswoje s\u0142ugi, \u017ceby zaproszonych zwo\u0142ali na uczt\u0119, lecz ci nie chcieli przyj\u015b\u0107.<br \/>\nPos\u0142a\u0142 jeszcze raz inne s\u0142ugi z poleceniem: \u00abPowiedzcie zaproszonym: Oto<br \/>\nprzygotowa\u0142em moj\u0105 uczt\u0119: wo\u0142y i tuczne zwierz\u0119ta pobite i wszystko jest gotowe.<br \/>\nPrzyjd\u017acie na uczt\u0119\u00bb. Lecz oni zlekcewa\u017cyli to i poszli: jeden na swoje pole,<br \/>\ndrugi do swego kupiectwa, a inni pochwycili jego s\u0142ugi i zniewa\u017cywszy ich, pozabijali.<\/b><b><\/b><\/div>\n<div class=\"MsoNormal\" style=\"text-align: justify; text-indent: 35.4pt;\">\n<b>Na<br \/>\nto kr\u00f3l uni\u00f3s\u0142 si\u0119 gniewem. Pos\u0142a\u0142 swe wojska i kaza\u0142 wytraci\u0107 owych zab\u00f3jc\u00f3w,<br \/>\na miasto ich spali\u0107.&nbsp;<\/b><\/div>\n<div class=\"MsoNormal\" style=\"text-align: justify; text-indent: 35.4pt;\">\n<b>Wtedy<br \/>\nrzek\u0142 swoim s\u0142ugom: \u00abUczta wprawdzie jest gotowa, lecz zaproszeni nie byli jej<br \/>\ngodni. Id\u017acie wi\u0119c na rozstajne drogi i zapro\u015bcie na uczt\u0119 wszystkich, kt\u00f3rych<br \/>\nspotkacie\u00bb. S\u0142udzy ci wyszli na drogi i sprowadzili wszystkich, kt\u00f3rych<br \/>\nnapotkali: z\u0142ych i dobrych. I sala zape\u0142ni\u0142a si\u0119 biesiadnikami. Wszed\u0142 kr\u00f3l,<br \/>\n\u017ceby si\u0119 przypatrzy\u0107 biesiadnikom, i zauwa\u017cy\u0142 tam cz\u0142owieka nie ubranego w<br \/>\nstr\u00f3j weselny. Rzek\u0142 do niego: \u00abPrzyjacielu, jak\u017ce tu wszed\u0142e\u015b nie maj\u0105c stroju<br \/>\nweselnego?\u00bb Lecz on oniemia\u0142. Wtedy kr\u00f3l rzek\u0142 s\u0142ugom: \u00abZwi\u0105\u017ccie mu r\u0119ce i nogi<br \/>\ni wyrzu\u0107cie go na zewn\u0105trz w ciemno\u015bci. Tam b\u0119dzie p\u0142acz i zgrzytanie z\u0119b\u00f3w\u00bb.&nbsp;<\/b><\/div>\n<div class=\"MsoNormal\" style=\"text-align: justify; text-indent: 35.4pt;\">\n<b>Bo<br \/>\nwielu jest powo\u0142anych, lecz ma\u0142o wybranych\u201d.<\/b><\/div>\n<div class=\"MsoNormal\" style=\"text-align: justify;\">\n<\/div>\n<div class=\"MsoNormal\" style=\"text-align: justify; text-indent: 35.4pt;\">\nDzisiejsza Ewangelia to<br \/>\ntakie <b>mocne nawo\u0142ywanie do czujno\u015bci.<\/b><br \/>\nOto bowiem kr\u00f3l zaprosi\u0142 na uczt\u0119 r\u00f3\u017cnych ludzi, zapewne wa\u017cnych dla niego,<br \/>\njednak ci byli <b>zaj\u0119ci zupe\u0142nie innymi<br \/>\nsprawami.<\/b> Ju\u017c nawet nie wnikaj\u0105c, czy by\u0142a to prawda, czy mieli jakie\u015b<br \/>\nwa\u017cne powody, czy w rzeczywisto\u015bci <b>nie<br \/>\nchcia\u0142o si\u0119 im po prostu przyj\u015b\u0107,<\/b> a znale\u017ali jedynie szybk\u0105 wym\u00f3wk\u0119\u2026 Tak,<br \/>\nczy owak \u2013 <b>nie byli przygotowani na to,<br \/>\naby podj\u0105\u0107 zaproszenie,<\/b> tote\u017c odpowiedzieli jak odpowiedzieli, nie<br \/>\nwy\u0142\u0105czaj\u0105c nawet agresji wobec wys\u0142annik\u00f3w kr\u00f3la. <\/div>\n<div class=\"MsoNormal\" style=\"text-align: justify; text-indent: 35.4pt;\">\nSpotka\u0142a ich zatem<br \/>\nzas\u0142u\u017cona kara, po czym rozczarowany kr\u00f3l, chc\u0105c zape\u0142ni\u0107 sal\u0119 biesiadnikami,<br \/>\nwys\u0142a\u0142 swoich ludzi na rozstajne drogi, aby <b>zapraszali<\/b> \u2013 m\u00f3wi\u0105c kolokwialnie \u2013 <b>\u201ekogo popadnie\u201d.<\/b> I tu ju\u017c wydawa\u0142oby si\u0119, \u017ce kr\u00f3l <b>nie powinien zg\u0142asza\u0107 \u017cadnych zastrze\u017ce\u0144<\/b><br \/>\nco do wygl\u0105du czy ubioru <b>tak zaproszonych<\/b><br \/>\ngo\u015bci, bo to w ko\u0144cu oni jemu zrobili \u0142ask\u0119, przychodz\u0105c na uczt\u0119, a nie on im.<br \/>\nAle jednak okazuje si\u0119, \u017ce <b>jest inaczej:<\/b><br \/>\nkr\u00f3l przychodzi, przygl\u0105da si\u0119 zebranym i ka\u017ce <b>bezceremonialnie wyrzuci\u0107 tych, kt\u00f3rzy nie s\u0105 w\u0142a\u015bciwie ubrani.<\/b> <\/div>\n<div class=\"MsoNormal\" style=\"text-align: justify; text-indent: 35.4pt;\">\nJu\u017c nie b\u0119dziemy wnika\u0107,<br \/>\nczy w momencie zaproszenia byli oni informowani o potrzebie przywdziania nale\u017cytego<br \/>\nstroju, czy te\u017c nie, ale mo\u017cna postara\u0107 si\u0119 <b>wyprowadzi\u0107 z ca\u0142ego tego obrazu jakie\u015b wnioski dla siebie.<\/b> Jakie<br \/>\nto b\u0119d\u0105 wnioski? <\/div>\n<div class=\"MsoNormal\" style=\"text-align: justify; text-indent: 35.4pt;\">\nA mo\u017ce takie, \u017ce <b>zaproszenia Bo\u017cego nie mo\u017cna lekcewa\u017cy\u0107?<\/b>\u2026<br \/>\nA mo\u017ce takie, \u017ce <b>samo zaproszenie i jego<br \/>\nprzyj\u0119cie jeszcze niczego nie rozstrzyga<\/b> i nie rozwi\u0105zuje, bo trzeba podj\u0105\u0107<br \/>\nwsp\u00f3\u0142prac\u0119 z \u0142ask\u0105 Bo\u017c\u0105? A mo\u017ce takie, \u017ce forma i okoliczno\u015bci zaproszenia<br \/>\nniczego nie rozstrzygaj\u0105 <b>i nie ma<br \/>\nznaczenie pochodzenie cz\u0142owieka czy jego pozycja spo\u0142eczna,<\/b> bo ka\u017cdy i<br \/>\nzawsze mo\u017ce zas\u0142ugiwa\u0107 na Niebo <b>jedynie<br \/>\nswoim prawym \u017cyciem i nale\u017cytym post\u0119powaniem?<\/b>\u2026 <\/div>\n<div class=\"MsoNormal\" style=\"text-align: justify; text-indent: 35.4pt;\">\nR\u00f3\u017cne skojarzenia nam si\u0119 tu<br \/>\nnasuwaj\u0105, ale jedno mo\u017cna postawi\u0107 na pierwszym miejscu: <b>z Boga nie mo\u017cna \u017cartowa\u0107!<\/b> Boga nie mo\u017cna lekcewa\u017cy\u0107! <b>Boga nie mo\u017cna zwodzi\u0107 pr\u00f3\u017cnymi obietnicami<br \/>\ni deklaracjami, <\/b>za kt\u00f3rymi nie stoi konkretna wsp\u00f3\u0142praca i w\u0142a\u015bciwe post\u0119powanie.<br \/>\nJe\u017celi si\u0119 Boga potraktuje powa\u017cnie, to <b>nie<br \/>\ntrzeba b\u0119dzie czeka\u0107 zbyt d\u0142ugo na owoce Jego dzia\u0142ania<\/b> \u2013 jak o tym zapewnia<br \/>\npierwsze czytanie. Bo <b>wielkie dobro<br \/>\ndokona si\u0119<\/b> w \u017cyciu takiego cz\u0142owieka i takiej spo\u0142eczno\u015bci. Jednak ci,<br \/>\nkt\u00f3rzy Bo\u017ce wezwanie zlekcewa\u017c\u0105, musz\u0105 si\u0119 liczy\u0107 z konsekwencjami swego wyboru.\n<\/div>\n<div class=\"MsoNormal\" style=\"text-align: justify; text-indent: 35.4pt;\">\nKochani, dzisiaj czasami <b>wydaje si\u0119 niekt\u00f3rym, \u017ce Pan B\u00f3g nie<br \/>\nreaguje<\/b> na to, co ludzie robi\u0105, jak si\u0119 zachowuj\u0105, co m\u00f3wi\u0105 i my\u015bl\u0105\u2026 Widz\u0105c<br \/>\nwok\u00f3\u0142 siebie <b>tak ogromn\u0105 skal\u0119<br \/>\nzgorszenia, grzechu, negowania podstawowych norm moralnych,<\/b> na przyk\u0142ad: traktowania<br \/>\nseksualnych dewiacji jako nowego stylu i nowej mody, a do tego nachalne i<br \/>\nbezczelne panoszenie si\u0119 przer\u00f3\u017cnych dewiant\u00f3w, kt\u00f3rzy zamiast leczy\u0107 swoje<br \/>\nniedomagania, jak chocia\u017cby homoseksualizm i inne, tego typu, to jeszcze <b>rozpychaj\u0105c si\u0119 \u0142okciami, dopominaj\u0105 si\u0119 o<br \/>\njakie\u015b nadzwyczajne dla siebie prawa i honory,<\/b> rzucaj\u0105c tyle\u017c wznios\u0142e, co<br \/>\npuste has\u0142a o tolerancji i przeciwdzia\u0142aniu dyskryminacji (jakby ich kto\u015b<br \/>\nnaprawd\u0119 dyskryminowa\u0142!) \u2013 widz\u0105c to wszystko, mo\u017cna ulec takiemu oto<br \/>\nprze\u015bwiadczeniu, \u017ce <b>B\u00f3g tego nie<br \/>\ndostrzega, \u017ce B\u00f3g machn\u0105\u0142 na to wszystko r\u0119k\u0105<\/b>\u2026 <\/div>\n<div class=\"MsoNormal\" style=\"text-align: justify; text-indent: 35.4pt;\">\nA tymczasem, przyjdzie<br \/>\ndzie\u0144, w kt\u00f3rym <b>jedni znajd\u0105 si\u0119 na<br \/>\nuczcie, a drudzy \u2013 za drzwiami.<\/b><\/div>\n<div class=\"MsoNormal\" style=\"text-align: justify; text-indent: 35.4pt;\">\nI to w\u0142a\u015bnie maj\u0105c na<br \/>\nuwadze, pomy\u015blmy w ciszy:<\/div>\n<div class=\"MsoNormal\" style=\"margin-left: 36.0pt; mso-list: l0 level1 lfo1; tab-stops: list 36.0pt; text-align: justify; text-indent: -18.0pt;\">\n\u00b7&nbsp;&nbsp;&nbsp;&nbsp;&nbsp;&nbsp;&nbsp;<br \/>\nCzy<br \/>\nnie rezygnuj\u0119 z podstawowych zasad moralnych lub ich nie przemilczam ze strachu<br \/>\nprzed krzykliw\u0105 propagand\u0105 dewiacji i grzechu?<\/div>\n<div class=\"MsoNormal\" style=\"margin-left: 36.0pt; mso-list: l0 level1 lfo1; tab-stops: list 36.0pt; text-align: justify; text-indent: -18.0pt;\">\n\u00b7&nbsp;&nbsp;&nbsp;&nbsp;&nbsp;&nbsp;&nbsp;<br \/>\nCzy<br \/>\nmam stale w \u015bwiadomo\u015bci przekonanie, \u017ce prawda kiedy\u015b zwyci\u0119\u017cy?<\/div>\n<div class=\"MsoNormal\" style=\"margin-left: 36.0pt; mso-list: l0 level1 lfo1; tab-stops: list 36.0pt; text-align: justify; text-indent: -18.0pt;\">\n\u00b7&nbsp;&nbsp;&nbsp;&nbsp;&nbsp;&nbsp;&nbsp;<br \/>\nCzy<br \/>\nsam nie przyk\u0142adam r\u0119ki do propagowania grzechu?<\/div>\n<div class=\"MsoNormal\" style=\"text-align: justify;\">\n<\/div>\n<div class=\"MsoNormal\" style=\"text-align: justify;\">\n<b><i>Oto przygotowa\u0142em moj\u0105 uczt\u0119<\/i><\/b><b>: [\u2026] <i>Przyjd\u017acie<\/i>!<\/b><\/div>\n","protected":false},"excerpt":{"rendered":"<p>Szcz\u0119\u015b\u0107 Bo\u017ce! Witam i pozdrawiam wszystkich urlopowicz\u00f3w i tych, kt\u00f3rym si\u0119 nie uda\u0142o na urlop jeszcze wyjecha\u0107, a tak\u017ce tych, kt\u00f3rzy ju\u017c z urlop\u00f3w wr\u00f3cili.&nbsp; &nbsp; &nbsp; &nbsp; Moi Drodzy, wczoraj w Kodniu, przed Obliczem Matki Bo\u017cej, we Mszy \u015awi\u0119tej poleca\u0142em Was i wszystkie Wasze sprawy, tak\u017ce te, zapisane w Wielkiej Ksi\u0119dze Intencji. Czy Wy [&hellip;]<\/p>\n","protected":false},"author":1,"featured_media":0,"comment_status":"open","ping_status":"open","sticky":false,"template":"","format":"standard","meta":{"jetpack_post_was_ever_published":false,"_jetpack_newsletter_access":"","_jetpack_dont_email_post_to_subs":false,"_jetpack_newsletter_tier_id":0,"_jetpack_memberships_contains_paywalled_content":false,"_jetpack_memberships_contains_paid_content":false,"footnotes":""},"categories":[1],"tags":[],"class_list":["post-9389","post","type-post","status-publish","format-standard","hentry","category-bez-kategorii"],"yoast_head":"<!-- This site is optimized with the Yoast SEO plugin v25.1 - https:\/\/yoast.com\/wordpress\/plugins\/seo\/ -->\n<title>Jedni na uczcie - drudzy za drzwiami! - Gaudium Et Spes<\/title>\n<meta name=\"robots\" content=\"index, follow, max-snippet:-1, max-image-preview:large, max-video-preview:-1\" \/>\n<link rel=\"canonical\" href=\"https:\/\/gaudiumetspes-blog.pl\/index.php\/2012\/08\/23\/jedni-na-uczcie-drudzy-za-drzwiami\/\" \/>\n<meta property=\"og:locale\" content=\"pl_PL\" \/>\n<meta property=\"og:type\" content=\"article\" \/>\n<meta property=\"og:title\" content=\"Jedni na uczcie - drudzy za drzwiami! - Gaudium Et Spes\" \/>\n<meta property=\"og:description\" content=\"Szcz\u0119\u015b\u0107 Bo\u017ce! Witam i pozdrawiam wszystkich urlopowicz\u00f3w i tych, kt\u00f3rym si\u0119 nie uda\u0142o na urlop jeszcze wyjecha\u0107, a tak\u017ce tych, kt\u00f3rzy ju\u017c z urlop\u00f3w wr\u00f3cili.&nbsp; &nbsp; &nbsp; &nbsp; Moi Drodzy, wczoraj w Kodniu, przed Obliczem Matki Bo\u017cej, we Mszy \u015awi\u0119tej poleca\u0142em Was i wszystkie Wasze sprawy, tak\u017ce te, zapisane w Wielkiej Ksi\u0119dze Intencji. Czy Wy [&hellip;]\" \/>\n<meta property=\"og:url\" content=\"https:\/\/gaudiumetspes-blog.pl\/index.php\/2012\/08\/23\/jedni-na-uczcie-drudzy-za-drzwiami\/\" \/>\n<meta property=\"og:site_name\" content=\"Gaudium Et Spes\" \/>\n<meta property=\"article:published_time\" content=\"2012-08-23T05:52:00+00:00\" \/>\n<meta property=\"article:modified_time\" content=\"2019-07-31T10:53:30+00:00\" \/>\n<meta name=\"author\" content=\"Ks. Jacek\" \/>\n<meta name=\"twitter:card\" content=\"summary_large_image\" \/>\n<meta name=\"twitter:label1\" content=\"Napisane przez\" \/>\n\t<meta name=\"twitter:data1\" content=\"Ks. Jacek\" \/>\n\t<meta name=\"twitter:label2\" content=\"Szacowany czas czytania\" \/>\n\t<meta name=\"twitter:data2\" content=\"6 minut\" \/>\n<script type=\"application\/ld+json\" class=\"yoast-schema-graph\">{\"@context\":\"https:\/\/schema.org\",\"@graph\":[{\"@type\":\"WebPage\",\"@id\":\"https:\/\/gaudiumetspes-blog.pl\/index.php\/2012\/08\/23\/jedni-na-uczcie-drudzy-za-drzwiami\/\",\"url\":\"https:\/\/gaudiumetspes-blog.pl\/index.php\/2012\/08\/23\/jedni-na-uczcie-drudzy-za-drzwiami\/\",\"name\":\"Jedni na uczcie - drudzy za drzwiami! - Gaudium Et Spes\",\"isPartOf\":{\"@id\":\"https:\/\/gaudiumetspes-blog.pl\/#website\"},\"datePublished\":\"2012-08-23T05:52:00+00:00\",\"dateModified\":\"2019-07-31T10:53:30+00:00\",\"author\":{\"@id\":\"https:\/\/gaudiumetspes-blog.pl\/#\/schema\/person\/1661982992b752dea8dff0d4ed845a65\"},\"breadcrumb\":{\"@id\":\"https:\/\/gaudiumetspes-blog.pl\/index.php\/2012\/08\/23\/jedni-na-uczcie-drudzy-za-drzwiami\/#breadcrumb\"},\"inLanguage\":\"pl-PL\",\"potentialAction\":[{\"@type\":\"ReadAction\",\"target\":[\"https:\/\/gaudiumetspes-blog.pl\/index.php\/2012\/08\/23\/jedni-na-uczcie-drudzy-za-drzwiami\/\"]}]},{\"@type\":\"BreadcrumbList\",\"@id\":\"https:\/\/gaudiumetspes-blog.pl\/index.php\/2012\/08\/23\/jedni-na-uczcie-drudzy-za-drzwiami\/#breadcrumb\",\"itemListElement\":[{\"@type\":\"ListItem\",\"position\":1,\"name\":\"Strona g\u0142\u00f3wna\",\"item\":\"https:\/\/gaudiumetspes-blog.pl\/\"},{\"@type\":\"ListItem\",\"position\":2,\"name\":\"Jedni na&nbsp;uczcie &#8211; drudzy za&nbsp;drzwiami!\"}]},{\"@type\":\"WebSite\",\"@id\":\"https:\/\/gaudiumetspes-blog.pl\/#website\",\"url\":\"https:\/\/gaudiumetspes-blog.pl\/\",\"name\":\"Gaudium Et Spes\",\"description\":\"Blog Ks. Jacka Ja\u015bkowskiego\",\"potentialAction\":[{\"@type\":\"SearchAction\",\"target\":{\"@type\":\"EntryPoint\",\"urlTemplate\":\"https:\/\/gaudiumetspes-blog.pl\/?s={search_term_string}\"},\"query-input\":{\"@type\":\"PropertyValueSpecification\",\"valueRequired\":true,\"valueName\":\"search_term_string\"}}],\"inLanguage\":\"pl-PL\"},{\"@type\":\"Person\",\"@id\":\"https:\/\/gaudiumetspes-blog.pl\/#\/schema\/person\/1661982992b752dea8dff0d4ed845a65\",\"name\":\"Ks. Jacek\",\"image\":{\"@type\":\"ImageObject\",\"inLanguage\":\"pl-PL\",\"@id\":\"https:\/\/gaudiumetspes-blog.pl\/#\/schema\/person\/image\/\",\"url\":\"https:\/\/gaudiumetspes-blog.pl\/wp-content\/uploads\/2019\/07\/avatar-JJ-150x150.jpg\",\"contentUrl\":\"https:\/\/gaudiumetspes-blog.pl\/wp-content\/uploads\/2019\/07\/avatar-JJ-150x150.jpg\",\"caption\":\"Ks. Jacek\"},\"description\":\"Witam serdecznie! K\u0142ania si\u0119 Ks. Jacek Ja\u015bkowski. Nie jestem ani kim\u015b wa\u017cnym, ani kim\u015b znanym. Jestem ksi\u0119dzem, kt\u00f3ry po prostu chce rozmawia\u0107. Codzienna kap\u0142a\u0144ska pos\u0142uga pokazuje mi, \u017ce temat\u00f3w do rozm\u00f3w z ksi\u0119dzem jest coraz wi\u0119cej i dzisiaj \u017caden ksi\u0105dz nie mo\u017ce od nich ucieka\u0107, ale - wprost przeciwnie - podejmowa\u0107 nowe wyzwania. To przekonanie sk\u0142oni\u0142o mnie do pr\u00f3by otwarcia tego\u017c bloga, chocia\u017c okazji do rozm\u00f3w na co dzie\u0144 - w konfesjonale i poza nim - na szcz\u0119\u015bcie nie brakuje. My\u015bl\u0119 jednak, \u017ce ten blog b\u0119dzie jeszcze jednym sposobem i przestrzeni\u0105 nawi\u0105zania kontaktu z lud\u017ami dobrej woli, otwartymi na dialog.\",\"url\":\"https:\/\/gaudiumetspes-blog.pl\/index.php\/author\/ks-jacek\/\"}]}<\/script>\n<!-- \/ Yoast SEO plugin. -->","yoast_head_json":{"title":"Jedni na uczcie - drudzy za drzwiami! - Gaudium Et Spes","robots":{"index":"index","follow":"follow","max-snippet":"max-snippet:-1","max-image-preview":"max-image-preview:large","max-video-preview":"max-video-preview:-1"},"canonical":"https:\/\/gaudiumetspes-blog.pl\/index.php\/2012\/08\/23\/jedni-na-uczcie-drudzy-za-drzwiami\/","og_locale":"pl_PL","og_type":"article","og_title":"Jedni na uczcie - drudzy za drzwiami! - Gaudium Et Spes","og_description":"Szcz\u0119\u015b\u0107 Bo\u017ce! Witam i pozdrawiam wszystkich urlopowicz\u00f3w i tych, kt\u00f3rym si\u0119 nie uda\u0142o na urlop jeszcze wyjecha\u0107, a tak\u017ce tych, kt\u00f3rzy ju\u017c z urlop\u00f3w wr\u00f3cili.&nbsp; &nbsp; &nbsp; &nbsp; Moi Drodzy, wczoraj w Kodniu, przed Obliczem Matki Bo\u017cej, we Mszy \u015awi\u0119tej poleca\u0142em Was i wszystkie Wasze sprawy, tak\u017ce te, zapisane w Wielkiej Ksi\u0119dze Intencji. Czy Wy [&hellip;]","og_url":"https:\/\/gaudiumetspes-blog.pl\/index.php\/2012\/08\/23\/jedni-na-uczcie-drudzy-za-drzwiami\/","og_site_name":"Gaudium Et Spes","article_published_time":"2012-08-23T05:52:00+00:00","article_modified_time":"2019-07-31T10:53:30+00:00","author":"Ks. Jacek","twitter_card":"summary_large_image","twitter_misc":{"Napisane przez":"Ks. Jacek","Szacowany czas czytania":"6 minut"},"schema":{"@context":"https:\/\/schema.org","@graph":[{"@type":"WebPage","@id":"https:\/\/gaudiumetspes-blog.pl\/index.php\/2012\/08\/23\/jedni-na-uczcie-drudzy-za-drzwiami\/","url":"https:\/\/gaudiumetspes-blog.pl\/index.php\/2012\/08\/23\/jedni-na-uczcie-drudzy-za-drzwiami\/","name":"Jedni na uczcie - drudzy za drzwiami! - Gaudium Et Spes","isPartOf":{"@id":"https:\/\/gaudiumetspes-blog.pl\/#website"},"datePublished":"2012-08-23T05:52:00+00:00","dateModified":"2019-07-31T10:53:30+00:00","author":{"@id":"https:\/\/gaudiumetspes-blog.pl\/#\/schema\/person\/1661982992b752dea8dff0d4ed845a65"},"breadcrumb":{"@id":"https:\/\/gaudiumetspes-blog.pl\/index.php\/2012\/08\/23\/jedni-na-uczcie-drudzy-za-drzwiami\/#breadcrumb"},"inLanguage":"pl-PL","potentialAction":[{"@type":"ReadAction","target":["https:\/\/gaudiumetspes-blog.pl\/index.php\/2012\/08\/23\/jedni-na-uczcie-drudzy-za-drzwiami\/"]}]},{"@type":"BreadcrumbList","@id":"https:\/\/gaudiumetspes-blog.pl\/index.php\/2012\/08\/23\/jedni-na-uczcie-drudzy-za-drzwiami\/#breadcrumb","itemListElement":[{"@type":"ListItem","position":1,"name":"Strona g\u0142\u00f3wna","item":"https:\/\/gaudiumetspes-blog.pl\/"},{"@type":"ListItem","position":2,"name":"Jedni na&nbsp;uczcie &#8211; drudzy za&nbsp;drzwiami!"}]},{"@type":"WebSite","@id":"https:\/\/gaudiumetspes-blog.pl\/#website","url":"https:\/\/gaudiumetspes-blog.pl\/","name":"Gaudium Et Spes","description":"Blog Ks. Jacka Ja\u015bkowskiego","potentialAction":[{"@type":"SearchAction","target":{"@type":"EntryPoint","urlTemplate":"https:\/\/gaudiumetspes-blog.pl\/?s={search_term_string}"},"query-input":{"@type":"PropertyValueSpecification","valueRequired":true,"valueName":"search_term_string"}}],"inLanguage":"pl-PL"},{"@type":"Person","@id":"https:\/\/gaudiumetspes-blog.pl\/#\/schema\/person\/1661982992b752dea8dff0d4ed845a65","name":"Ks. Jacek","image":{"@type":"ImageObject","inLanguage":"pl-PL","@id":"https:\/\/gaudiumetspes-blog.pl\/#\/schema\/person\/image\/","url":"https:\/\/gaudiumetspes-blog.pl\/wp-content\/uploads\/2019\/07\/avatar-JJ-150x150.jpg","contentUrl":"https:\/\/gaudiumetspes-blog.pl\/wp-content\/uploads\/2019\/07\/avatar-JJ-150x150.jpg","caption":"Ks. Jacek"},"description":"Witam serdecznie! K\u0142ania si\u0119 Ks. Jacek Ja\u015bkowski. Nie jestem ani kim\u015b wa\u017cnym, ani kim\u015b znanym. Jestem ksi\u0119dzem, kt\u00f3ry po prostu chce rozmawia\u0107. Codzienna kap\u0142a\u0144ska pos\u0142uga pokazuje mi, \u017ce temat\u00f3w do rozm\u00f3w z ksi\u0119dzem jest coraz wi\u0119cej i dzisiaj \u017caden ksi\u0105dz nie mo\u017ce od nich ucieka\u0107, ale - wprost przeciwnie - podejmowa\u0107 nowe wyzwania. To przekonanie sk\u0142oni\u0142o mnie do pr\u00f3by otwarcia tego\u017c bloga, chocia\u017c okazji do rozm\u00f3w na co dzie\u0144 - w konfesjonale i poza nim - na szcz\u0119\u015bcie nie brakuje. My\u015bl\u0119 jednak, \u017ce ten blog b\u0119dzie jeszcze jednym sposobem i przestrzeni\u0105 nawi\u0105zania kontaktu z lud\u017ami dobrej woli, otwartymi na dialog.","url":"https:\/\/gaudiumetspes-blog.pl\/index.php\/author\/ks-jacek\/"}]}},"jetpack_featured_media_url":"","jetpack_sharing_enabled":true,"_links":{"self":[{"href":"https:\/\/gaudiumetspes-blog.pl\/index.php\/wp-json\/wp\/v2\/posts\/9389","targetHints":{"allow":["GET"]}}],"collection":[{"href":"https:\/\/gaudiumetspes-blog.pl\/index.php\/wp-json\/wp\/v2\/posts"}],"about":[{"href":"https:\/\/gaudiumetspes-blog.pl\/index.php\/wp-json\/wp\/v2\/types\/post"}],"author":[{"embeddable":true,"href":"https:\/\/gaudiumetspes-blog.pl\/index.php\/wp-json\/wp\/v2\/users\/1"}],"replies":[{"embeddable":true,"href":"https:\/\/gaudiumetspes-blog.pl\/index.php\/wp-json\/wp\/v2\/comments?post=9389"}],"version-history":[{"count":1,"href":"https:\/\/gaudiumetspes-blog.pl\/index.php\/wp-json\/wp\/v2\/posts\/9389\/revisions"}],"predecessor-version":[{"id":10694,"href":"https:\/\/gaudiumetspes-blog.pl\/index.php\/wp-json\/wp\/v2\/posts\/9389\/revisions\/10694"}],"wp:attachment":[{"href":"https:\/\/gaudiumetspes-blog.pl\/index.php\/wp-json\/wp\/v2\/media?parent=9389"}],"wp:term":[{"taxonomy":"category","embeddable":true,"href":"https:\/\/gaudiumetspes-blog.pl\/index.php\/wp-json\/wp\/v2\/categories?post=9389"},{"taxonomy":"post_tag","embeddable":true,"href":"https:\/\/gaudiumetspes-blog.pl\/index.php\/wp-json\/wp\/v2\/tags?post=9389"}],"curies":[{"name":"wp","href":"https:\/\/api.w.org\/{rel}","templated":true}]}}