{"id":9392,"date":"2012-08-20T04:48:00","date_gmt":"2012-08-20T02:48:00","guid":{"rendered":"https:\/\/gaudiumetspes-blog.pl\/index.php\/2012\/08\/20\/czy-bog-moze-dziaac-przeze-mnie\/"},"modified":"2019-07-31T12:53:28","modified_gmt":"2019-07-31T10:53:28","slug":"czy-bog-moze-dziaac-przeze-mnie","status":"publish","type":"post","link":"https:\/\/gaudiumetspes-blog.pl\/index.php\/2012\/08\/20\/czy-bog-moze-dziaac-przeze-mnie\/","title":{"rendered":"Czy B\u00f3g mo\u017ce dzia\u0142a\u0107&#8230; przeze mnie?"},"content":{"rendered":"<p><\/p>\n<div class=\"MsoNormal\" style=\"text-align: justify;\">\nSzcz\u0119\u015b\u0107 Bo\u017ce! Dzi\u0119kuj\u0119 Domownikowi za \u015bwietne dopowiedzenie do wczorajszego rozwa\u017cania! Zreszt\u0105 &#8211; jak zawsze&#8230; A dzisiaj Ko\u015bci\u00f3\u0142 stawia nam przed oczami cz\u0142owieka radykalnego i bardzo aktywnego, kt\u00f3ry potrz\u0105sn\u0105\u0142 dos\u0142ownie Ko\u015bcio\u0142em i \u015bwiatem w swoich czasach, wskazuj\u0105c bardzo mocno na Chrystusa! Przyjrzyjmy si\u0119 jego \u015bwiadectwu&#8230; I w tym kontek\u015bcie odpowiedzmy na pytanie, zawarte w tytule.<\/div>\n<div class=\"MsoNormal\" style=\"text-align: justify;\">\n&nbsp; &nbsp; &nbsp; &nbsp; &nbsp; &nbsp; Gaudium et spes! &nbsp;Ks. Jacek<\/div>\n<div class=\"MsoNormal\" style=\"text-align: justify;\">\n<b><br \/><\/b><\/div>\n<div class=\"MsoNormal\" style=\"text-align: justify;\">\n<b>Wspomnienie<br \/>\n\u015aw. Bernarda, Opata i Doktora Ko\u015bcio\u0142a,<\/b><\/div>\n<div class=\"MsoNormal\" style=\"text-align: justify;\">\n<b>do<br \/>\nczyta\u0144:&nbsp; Ez 24,15\u201324;&nbsp; Mt 19,16\u201322<\/b><\/div>\n<div class=\"MsoNormal\" style=\"text-align: justify;\">\n<\/div>\n<div class=\"MsoNormal\" style=\"text-align: justify;\">\n<b>CZYTANIE Z KSI\u0118GI PROROKA EZECHIELA:&nbsp;<\/b><\/div>\n<div class=\"MsoNormal\" style=\"text-align: justify; text-indent: 35.4pt;\">\n<b>Pan<br \/>\nskierowa\u0142 do mnie te s\u0142owa: \u201eSynu cz\u0142owieczy, oto zabieram ci nagle rado\u015b\u0107<br \/>\ntwych oczu, ale nie lamentuj ani nie p\u0142acz, ani nie pozw\u00f3l, by ci p\u0142yn\u0119\u0142y \u0142zy.<br \/>\nWzdychaj w milczeniu, nie przybieraj \u017ca\u0142oby jakby po umar\u0142ym, zawi\u0105\u017c sobie<br \/>\nzaw\u00f3j doko\u0142a g\u0142owy, sanda\u0142y w\u0142\u00f3\u017c na nogi, nie przys\u0142aniaj brody, nie spo\u017cywaj<br \/>\nchleba \u017ca\u0142oby\u201d.<\/b><b><\/b><\/div>\n<div class=\"MsoNormal\" style=\"text-align: justify; text-indent: 35.4pt;\">\n<b>M\u00f3wi\u0142em<br \/>\ndo ludu mego rano, a wieczorem umar\u0142a mi \u017cona, i uczyni\u0142em rano tak, jak mi<br \/>\nrozkazano.&nbsp;<\/b><\/div>\n<div class=\"MsoNormal\" style=\"text-align: justify; text-indent: 35.4pt;\">\n<b>A<br \/>\nlud m\u00f3wi\u0142 do mnie: \u201eCzy nie wyja\u015bnisz nam, co znaczy dla nas to, co czynisz?\u201d&nbsp;<\/b><\/div>\n<div class=\"MsoNormal\" style=\"text-align: justify; text-indent: 35.4pt;\">\n<b>W\u00f3wczas<br \/>\npowiedzia\u0142em do nich: \u201ePan skierowa\u0142 do mnie te s\u0142owa: \u00abPowiedz domowi Izraela:<br \/>\nTo m\u00f3wi Pan B\u00f3g: Oto Ja pozwalam bezcze\u015bci\u0107 \u015bwi\u0105tyni\u0119 moj\u0105, dum\u0119 waszej pot\u0119gi,<br \/>\nrado\u015b\u0107 waszych oczu, t\u0119sknot\u0119 waszych serc. Synowie wasi i c\u00f3rki wasze, kt\u00f3rych<br \/>\nopu\u015bcili\u015bcie, od miecza pogin\u0105. Wy za\u015b tak uczynicie, jak Ja uczyni\u0142em: brody<br \/>\nnie b\u0119dziecie przys\u0142ania\u0107, nie b\u0119dziecie spo\u017cywa\u0107 chleba \u017ca\u0142oby, ale maj\u0105c<br \/>\nzawoje na g\u0142owach i sanda\u0142y na nogach, nie b\u0119dziecie narzeka\u0107 ani p\u0142aka\u0107.<br \/>\nB\u0119dziecie schn\u0105\u0107 z powodu nieprawo\u015bci waszych i b\u0119dziecie wzdycha\u0107 jeden przed<br \/>\ndrugim. Ezechiel b\u0119dzie dla was znakiem. To, co on uczyni\u0142, b\u0119dziecie i wy<br \/>\nczynili, gdy to nast\u0105pi. I poznacie, \u017ce Ja jestem Panem\u00bb\u201d.<\/b><\/div>\n<div class=\"MsoNormal\" style=\"text-align: justify;\">\n<\/div>\n<div class=\"MsoNormal\" style=\"text-align: justify;\">\n<b>S\u0141OWA EWANGELII WED\u0141UG \u015aWI\u0118TEGO MATEUSZA:&nbsp;<\/b><\/div>\n<div class=\"MsoNormal\" style=\"text-align: justify; text-indent: 35.4pt;\">\n<b>Pewien<br \/>\ncz\u0142owiek zbli\u017cy\u0142 si\u0119 do Jezusa i zapyta\u0142: \u201eNauczycielu, co dobrego mam czyni\u0107,<br \/>\naby otrzyma\u0107 \u017cycie wieczne?\u201d Odpowiedzia\u0142 mu: \u201eDlaczego Mnie pytasz o dobro?<br \/>\nJeden tylko jest dobry. A je\u015bli chcesz osi\u0105gn\u0105\u0107 \u017cycie, zachowaj przykazania\u201d. Zapyta\u0142<br \/>\nGo: \u201eKt\u00f3re?\u201d<\/b><b><\/b><\/div>\n<div class=\"MsoNormal\" style=\"text-align: justify; text-indent: 35.4pt;\">\n<b>Jezus<br \/>\nodpowiedzia\u0142: \u201eOto te: nie zabijaj, nie cudzo\u0142\u00f3\u017c, nie kradnij, nie zeznawaj<br \/>\nfa\u0142szywie, czcij ojca i matk\u0119 oraz mi\u0142uj swego bli\u017aniego jak siebie samego\u201d.&nbsp;<\/b><\/div>\n<div class=\"MsoNormal\" style=\"text-align: justify; text-indent: 35.4pt;\">\n<b>Odrzek\u0142<br \/>\nMu m\u0142odzieniec: \u201ePrzestrzega\u0142em tego wszystkiego, czego mi jeszcze brakuje?\u201d<br \/>\nJezus mu odpowiedzia\u0142: \u201eJe\u015bli chcesz by\u0107 doskona\u0142y, id\u017a, sprzedaj, co<br \/>\nposiadasz, i rozdaj ubogim, a b\u0119dziesz mia\u0142 skarb w niebie. Potem przyjd\u017a i<br \/>\nchod\u017a za Mn\u0105\u201d.&nbsp;<\/b><\/div>\n<div class=\"MsoNormal\" style=\"text-align: justify;\">\n<b>Gdy m\u0142odzieniec us\u0142ysza\u0142 te<br \/>\ns\u0142owa, odszed\u0142 zasmucony, mia\u0142 bowiem wiele posiad\u0142o\u015bci.<\/b><\/div>\n<div class=\"MsoNormal\" style=\"text-align: justify;\">\n<\/div>\n<div class=\"MsoNormal\" style=\"text-align: justify; text-indent: 35.4pt;\">\nPatron dnia dzisiejszego, <b>Bernard, urodzi\u0142 si\u0119 we Francji,<\/b> <b>pod Dijon,<\/b> w rycerskim rodzie<br \/>\nburgundzkim, <b>w 1090 roku.<\/b> Jego<br \/>\nojciec nale\u017ca\u0142 do miejscowej arystokracji, matka za\u015b by\u0142a c\u00f3rk\u0105 hrabiego. Jako<br \/>\nch\u0142opiec Bernard ucz\u0119szcza\u0142 do szko\u0142y prowadzonej przez kanonik\u00f3w<br \/>\ndiecezjalnych. Ojciec planowa\u0142 dla niego wielk\u0105 karier\u0119 na dworze ksi\u0119cia<br \/>\nBurgundii. Jednak w pewne Bo\u017ce Narodzenie Bernardowi <b>mia\u0142o si\u0119 pojawi\u0107 Dzieci\u0105tko Jezus <\/b>i zach\u0119ca\u0107 go, aby po\u015bwi\u0119ci\u0142 si\u0119<br \/>\ns\u0142u\u017cbie Bo\u017cej. <\/div>\n<div class=\"MsoNormal\" style=\"text-align: justify; text-indent: 35.4pt;\">\nW roku 1107, kiedy Bernard<br \/>\nmia\u0142 siedemna\u015bcie lat, zmar\u0142a mu matka. Zwr\u00f3ci\u0142 si\u0119 w\u00f3wczas <b>do Maryi, by mu zast\u0105pi\u0142a matk\u0119 ziemsk\u0105.<\/b><br \/>\nZapewne ten fakt zaowocowa\u0142 jednym z bardziej charakterystycznych rys\u00f3w jego<br \/>\nduchowo\u015bci, jakim by\u0142o <b>tkliwe nabo\u017ce\u0144stwo<br \/>\ndo Bo\u017cej Matki.<\/b> <\/div>\n<div class=\"MsoNormal\" style=\"text-align: justify; text-indent: 35.4pt;\">\nKiedy mia\u0142 lat dwadzie\u015bcia<br \/>\ndwa, <b>wst\u0105pi\u0142 do surowego opactwa<br \/>\ncysters\u00f3w w Citeaux,<\/b> poci\u0105gaj\u0105c za sob\u0105 <b>trzydziestu towarzyszy m\u0142odo\u015bci!<\/b> Nied\u0142ugo potem r\u00f3wnie\u017c jego ojciec<br \/>\nwst\u0105pi\u0142 do tego opactwa. \u017bywoty Bernarda podaj\u0105 nawet, \u017ce w\u015br\u00f3d miejscowych<br \/>\nkobiet i dziewcz\u0105t powsta\u0142a wr\u0119cz panika, i\u017c nie b\u0119d\u0105 mia\u0142y m\u0119\u017c\u00f3w, bo <b>wszystko, co by\u0142o najszlachetniejsze z<br \/>\n\u201em\u0119skiego rodu\u201d, Bernard zabra\u0142 do zakonu!<\/b> Oczywi\u015bcie, to takie troch\u0119 mo\u017ce<br \/>\nanegdotyczne, ale swego powo\u0142ania nasz Patron nie traktowa\u0142 w spos\u00f3b lekki czy<br \/>\nswobodny. Wprost przeciwnie! <\/div>\n<div class=\"MsoNormal\" style=\"text-align: justify; text-indent: 35.4pt;\">\n<b>Nadmierne pokuty, <\/b>jakie zacz\u0105\u0142 sobie zadawa\u0107, tak dalece zrujnowa\u0142y<br \/>\njego organizm, \u017ce by\u0142 ju\u017c bliski \u015bmierci. Kiedy wiec tylko poczu\u0142 si\u0119 nieco<br \/>\nlepiej, otrzyma\u0142 <b>mo\u017cliwo\u015b\u0107 \u201ewykazania\u201d<br \/>\nsi\u0119 przed Bogiem w nieco inny spos\u00f3b.<\/b> Oto bowiem, wraz z dwunastu towarzyszami<br \/>\nzosta\u0142 wys\u0142any przez swego opata, \u015awi\u0119tego Stefana, <b>do za\u0142o\u017cenia nowego opactwa w diecezji Langres.<\/b> Miejscu, w kt\u00f3rym<br \/>\nsi\u0119 znalaz\u0142, od znajduj\u0105cej si\u0119 tam pi\u0119knej kotliny nada\u0142 nazw\u0119: \u201eJasna<br \/>\nDolina\u201d, co po \u0142acinie przet\u0142umaczymy na: \u201eClara Valais\u201d \u2013 i st\u0105d obecna nazwa: Clairvaux. <b>Jako pierwszy opat tego\u017c klasztoru otrzyma\u0142<br \/>\n\u015bwi\u0119cenia kap\u0142a\u0144skie. Mia\u0142 w\u00f3wczas dwadzie\u015bcia pi\u0119\u0107 lat.<\/b> <\/div>\n<div class=\"MsoNormal\" style=\"text-align: justify; text-indent: 35.4pt;\">\nW za\u0142o\u017conym przez siebie<br \/>\nklasztorze <b>pozosta\u0142 przez trzydzie\u015bci<br \/>\nosiem lat jako opat.<\/b> Z tego miejsca te\u017c rozpowszechnia\u0142 zakon cysterski, <b>zak\u0142adaj\u0105c sze\u015b\u0107dziesi\u0105t osiem nowych<br \/>\nopactw,<\/b> tote\u017c z czasem nadano mu tytu\u0142 <b>wsp\u00f3\u0142za\u0142o\u017cyciela<br \/>\nzakonu cysters\u00f3w!<\/b> Bernard nada\u0142 mu bowiem niebywa\u0142y dot\u0105d rozw\u00f3j w ca\u0142ej<br \/>\nEuropie. Co wi\u0119cej, opr\u00f3cz nowych kandydat\u00f3w w szeregi jego syn\u00f3w duchowych<br \/>\nzacz\u0119li si\u0119 zaci\u0105ga\u0107 tak\u017ce <b>zwolennicy<br \/>\nreformy z wielu opactw benedykty\u0144skich.<\/b> <\/div>\n<div class=\"MsoNormal\" style=\"text-align: justify; text-indent: 35.4pt;\">\nJednak Bernard by\u0142 nie tylko<br \/>\ngorliwym opatem swojej rodziny zakonnej. Zas\u0142yn\u0105\u0142 r\u00f3wnie\u017c jako <b>my\u015bliciel, teolog i mistyk.<\/b> Umia\u0142<br \/>\n\u0142\u0105czy\u0107 \u017cycie czynne z kontemplacj\u0105. Maj\u0105c w ci\u0105gu dnia tak ma\u0142o czasu na<br \/>\nrozmow\u0119 z Bogiem, <b>po\u015bwi\u0119ca\u0142 na ni\u0105<br \/>\nd\u0142ugie godziny nocy.<\/b> Za\u0142o\u017cy\u0142 oko\u0142o trzystu fundacji zakonnych, w tym tak\u017ce<br \/>\ncystersk\u0105 fundacj\u0119 w J\u0119drzejowie. <\/div>\n<div class=\"MsoNormal\" style=\"text-align: justify; text-indent: 35.4pt;\">\nCa\u0142ym swoim pracowitym<br \/>\n\u017cyciem, przy pomocy \u0142aski Bo\u017cej, <b>wywar\u0142<br \/>\nznacz\u0105cy wp\u0142yw na \u017cycie Ko\u015bcio\u0142a swej epoki.<\/b> By\u0142 jedn\u0105 z najwi\u0119kszych<br \/>\npostaci XII wieku. <b>Nazywano go<br \/>\n\u201ewyroczni\u0105 Europy\u201d.<\/b> By\u0142 obro\u0144c\u0105 papie\u017ca Innocentego II. Po\u0142o\u017cy\u0142 kres<br \/>\nschizmie Anakleta w Rzymie. <b>Napisa\u0142<br \/>\nregu\u0142\u0119 templariuszy<\/b> \u2013 zakonu powo\u0142anego w 1118 roku do ochrony pielgrzym\u00f3w<br \/>\nod napad\u00f3w i stania na stra\u017cy Grobu Chrystusa. Wyjedna\u0142 tak\u017ce u Papie\u017ca jej<br \/>\nzatwierdzenie. <\/div>\n<div class=\"MsoNormal\" style=\"text-align: justify; text-indent: 35.4pt;\">\nW spos\u00f3b jasny i energiczny<br \/>\nbroni\u0142 czysto\u015bci wiary. Wyst\u0105pi\u0142 przeciwko tezom Abelarda \u2013 cz\u0142owieka bardzo<br \/>\nawanturniczego i traktuj\u0105cego prawdy wiary w spos\u00f3b przesadnie intelektualny. <b>Sk\u0142oni\u0142 go nawet do pojednania z Ko\u015bcio\u0142em!<\/b><br \/>\nJednak w spos\u00f3b zasadniczy zas\u0142yn\u0105\u0142 Bernard swymi pismami. Jest ich wiele: od<br \/>\ndrobnych rozpraw teologicznych, poprzez utwory ascetyczne, modlitwy, ko\u0144cz\u0105c na<br \/>\nlistach i kazaniach. Spo\u015br\u00f3d u\u0142o\u017conych przeze\u0144 modlitw <b>wszyscy chyba najbardziej znamy t\u0119 do Matki Bo\u017cej, zaczynaj\u0105c\u0105 si\u0119 od<br \/>\ns\u0142\u00f3w: \u201ePomnij, o Naj\u015bwi\u0119tsza Panno Maryjo<\/b>\u2026\u201d. W\u015br\u00f3d list\u00f3w, zachowa\u0142 si\u0119 \u2013<br \/>\nmi\u0119dzy innymi \u2013 list do biskupa krakowskiego. <\/div>\n<div class=\"MsoNormal\" style=\"text-align: justify; text-indent: 35.4pt;\">\nPonadto, wyr\u00f3\u017cnia\u0142 si\u0119 nasz<br \/>\n\u015awi\u0119ty <b>wielkim nabo\u017ce\u0144stwem do M\u0119ki<br \/>\nPa\u0144skiej:<\/b> widok krzy\u017ca wywo\u0142ywa\u0142 u niego szczere \u0142zy, a bracia zakonni<br \/>\nwidzieli nieraz, jak ciep\u0142o i serdecznie rozmawia\u0142 z Chrystusem Ukrzy\u017cowanym. <b>Nadzwyczajny dar wymowy zjedna\u0142 mu tytu\u0142<br \/>\n\u201edoktora miodop\u0142ynnego\u201d.<\/b> <\/div>\n<div class=\"MsoNormal\" style=\"text-align: justify; text-indent: 35.4pt;\">\n<b>Zmar\u0142 w Clairvaux, w dniu 20 sierpnia 1153 roku.<\/b> <b>W roku 1174 kanonizowa\u0142 go Papie\u017c Aleksander III, za\u015b papie\u017c Pius VIII<br \/>\nw 1830 roku og\u0142osi\u0142 go Doktorem Ko\u015bcio\u0142a. <\/b>Bernard jest czczony jako patron<br \/>\ncysters\u00f3w, jako opiekun podczas <b>kl\u0119sk<br \/>\n\u017cywio\u0142owych, sztorm\u00f3w oraz w godzinie \u015bmierci.<\/b> W kontek\u015bcie wydarze\u0144 pogodowych,<br \/>\nkt\u00f3re w naszej Ojczy\u017anie dziej\u0105 si\u0119 od kilku lat, samo wr\u0119cz nasuwa si\u0119<br \/>\nskojarzenie, i\u017c jego wstawiennictwo <b>w<br \/>\ntych wymienionych tu obszarach<\/b> szczeg\u00f3lnie dzisiaj mo\u017ce si\u0119 nam \u2013 m\u00f3wi\u0105c<br \/>\nkolokwialnie \u2013 bardzo, ale to bardzo \u201eprzyda\u0107\u201d\u2026 <\/div>\n<div class=\"MsoNormal\" style=\"text-align: justify; text-indent: 35.4pt;\">\nS\u0142uchaj\u0105c za\u015b S\u0142owa Bo\u017cego,<br \/>\nprzeznaczonego na dzisiejszy dzie\u0144 w liturgii Ko\u015bcio\u0142a, odnajdujemy w pouczeniu<br \/>\nJezusa, zawartym w Ewangelii, rad\u0119, kt\u00f3r\u0105 przez ca\u0142e \u017cycie kierowa\u0142 si\u0119 nasz dzisiejszy<br \/>\nPatron: <b><i>Je\u015bli chcesz by\u0107 doskona\u0142y, id\u017a, sprzedaj, co<br \/>\nposiadasz, i rozdaj ubogim, a b\u0119dziesz mia\u0142 skarb w niebie. Potem przyjd\u017a i<br \/>\nchod\u017a za Mn\u0105.<\/i><\/b> M\u0142ody cz\u0142owiek \u2013<br \/>\nrozm\u00f3wca Jezusa \u2013 odszed\u0142 zasmucony. \u015awi\u0119ty Bernard poszed\u0142 za t\u0105 rad\u0105 i<br \/>\nuczyni\u0142 z niej program swego \u017cycia.<\/div>\n<div class=\"MsoNormal\" style=\"text-align: justify; text-indent: 35.4pt;\">\nA w ten spos\u00f3b<br \/>\nuczyni\u0142 swoje \u017cycie <b>tak mocnym znakiem i<br \/>\n\u015bwiadectwem dla wsp\u00f3\u0142czesnych sobie ludzi,<\/b> jak mocnym znakiem i \u015bwiadectwem<br \/>\ndla ludzi jemu wsp\u00f3\u0142czesnych sta\u0142a si\u0119 <b>dzia\u0142alno\u015b\u0107<br \/>\nProroka Ezechiela i to wszystko, co B\u00f3g przez niego dokonywa\u0142,<\/b> a o czym my<br \/>\ndowiadujemy si\u0119 z pierwszego czytania. Bo B\u00f3g dokonuje swoich dzie\u0142 i czyni<br \/>\nznaki, i m\u00f3wi \u2013 <b>przez konkretnych ludzi.<br \/>\n<\/b>Przez takich ludzi, kt\u00f3rzy zgodz\u0105 si\u0119 by\u0107 Jego narz\u0119dziem, Jego ustami, Jego<br \/>\npos\u0142a\u0144cami\u2026 Czasami nawet <b>m\u00f3wi bardzo<br \/>\nmocno i zdecydowanie!<\/b> <\/div>\n<div class=\"MsoNormal\" style=\"text-align: justify; text-indent: 35.4pt;\">\nNaprawd\u0119, <b>wiele podobie\u0144stw<\/b> pod tym wzgl\u0119dem<br \/>\nmo\u017cna doszuka\u0107 si\u0119 w \u017cyciu i dzia\u0142alno\u015bci Proroka Ezechiela i \u015awi\u0119tego Bernarda<br \/>\nz Clairvaux. A obaj oni w ten spos\u00f3b wypraktykowali te bardzo radykalne i mocne<br \/>\nwskazania, jakie Jezus dzisiaj wypowiedzia\u0142 w Ewangelii. <\/div>\n<div class=\"MsoNormal\" style=\"text-align: justify; text-indent: 35.4pt;\">\nKochani, <b>B\u00f3g i przez nas chce m\u00f3wi\u0107 i dzia\u0142a\u0107.<br \/>\nCzasami nawet bardzo mocno i radykalnie. Ale to zale\u017cy od tego, czy my si\u0119 na<br \/>\nto \u015bwiadomie i ch\u0119tnie zgodzimy<\/b>\u2026<\/div>\n<div class=\"MsoNormal\" style=\"text-align: justify; text-indent: 35.4pt;\">\nDlatego teraz,<br \/>\nw ciszy serc, pomy\u015blmy:<\/div>\n<div class=\"MsoNormal\" style=\"margin-left: 36.0pt; mso-list: l0 level1 lfo1; tab-stops: list 36.0pt; text-align: justify; text-indent: -18.0pt;\">\n\u00b7&nbsp;&nbsp;&nbsp;&nbsp;&nbsp;&nbsp;&nbsp;<br \/>\nJakim znakiem dla innych jest moje \u017cycie i moja postawa?<\/div>\n<div class=\"MsoNormal\" style=\"margin-left: 36.0pt; mso-list: l0 level1 lfo1; tab-stops: list 36.0pt; text-align: justify; text-indent: -18.0pt;\">\n\u00b7&nbsp;&nbsp;&nbsp;&nbsp;&nbsp;&nbsp;&nbsp;<br \/>\nCzy<br \/>\nnikogo niczym nie gorsz\u0119?<\/div>\n<div class=\"MsoNormal\" style=\"margin-left: 36.0pt; mso-list: l0 level1 lfo1; tab-stops: list 36.0pt; text-align: justify; text-indent: -18.0pt;\">\n\u00b7&nbsp;&nbsp;&nbsp;&nbsp;&nbsp;&nbsp;&nbsp;<br \/>\nCzy<br \/>\nczuj\u0119 si\u0119 odpowiedzialny za rozw\u00f3j wiary swoich najbli\u017cszych?<\/div>\n<div class=\"MsoNormal\" style=\"text-align: justify;\">\n<\/div>\n<div class=\"MsoNormal\" style=\"text-align: justify;\">\n<b><i>A je\u015bli chcesz osi\u0105gn\u0105\u0107 \u017cycie, zachowaj<br \/>\nprzykazania<\/i><\/b><i>\u2026<\/i><\/div>\n","protected":false},"excerpt":{"rendered":"<p>Szcz\u0119\u015b\u0107 Bo\u017ce! Dzi\u0119kuj\u0119 Domownikowi za \u015bwietne dopowiedzenie do wczorajszego rozwa\u017cania! Zreszt\u0105 &#8211; jak zawsze&#8230; A dzisiaj Ko\u015bci\u00f3\u0142 stawia nam przed oczami cz\u0142owieka radykalnego i bardzo aktywnego, kt\u00f3ry potrz\u0105sn\u0105\u0142 dos\u0142ownie Ko\u015bcio\u0142em i \u015bwiatem w swoich czasach, wskazuj\u0105c bardzo mocno na Chrystusa! Przyjrzyjmy si\u0119 jego \u015bwiadectwu&#8230; I w tym kontek\u015bcie odpowiedzmy na pytanie, zawarte w tytule. &nbsp; [&hellip;]<\/p>\n","protected":false},"author":1,"featured_media":0,"comment_status":"open","ping_status":"open","sticky":false,"template":"","format":"standard","meta":{"jetpack_post_was_ever_published":false,"_jetpack_newsletter_access":"","_jetpack_dont_email_post_to_subs":false,"_jetpack_newsletter_tier_id":0,"_jetpack_memberships_contains_paywalled_content":false,"_jetpack_memberships_contains_paid_content":false,"footnotes":""},"categories":[1],"tags":[],"class_list":["post-9392","post","type-post","status-publish","format-standard","hentry","category-bez-kategorii"],"yoast_head":"<!-- This site is optimized with the Yoast SEO plugin v25.1 - https:\/\/yoast.com\/wordpress\/plugins\/seo\/ -->\n<title>Czy B\u00f3g mo\u017ce dzia\u0142a\u0107... przeze mnie? - Gaudium Et Spes<\/title>\n<meta name=\"robots\" content=\"index, follow, max-snippet:-1, max-image-preview:large, max-video-preview:-1\" \/>\n<link rel=\"canonical\" href=\"https:\/\/gaudiumetspes-blog.pl\/index.php\/2012\/08\/20\/czy-bog-moze-dziaac-przeze-mnie\/\" \/>\n<meta property=\"og:locale\" content=\"pl_PL\" \/>\n<meta property=\"og:type\" content=\"article\" \/>\n<meta property=\"og:title\" content=\"Czy B\u00f3g mo\u017ce dzia\u0142a\u0107... przeze mnie? - Gaudium Et Spes\" \/>\n<meta property=\"og:description\" content=\"Szcz\u0119\u015b\u0107 Bo\u017ce! Dzi\u0119kuj\u0119 Domownikowi za \u015bwietne dopowiedzenie do wczorajszego rozwa\u017cania! Zreszt\u0105 &#8211; jak zawsze&#8230; A dzisiaj Ko\u015bci\u00f3\u0142 stawia nam przed oczami cz\u0142owieka radykalnego i bardzo aktywnego, kt\u00f3ry potrz\u0105sn\u0105\u0142 dos\u0142ownie Ko\u015bcio\u0142em i \u015bwiatem w swoich czasach, wskazuj\u0105c bardzo mocno na Chrystusa! Przyjrzyjmy si\u0119 jego \u015bwiadectwu&#8230; I w tym kontek\u015bcie odpowiedzmy na pytanie, zawarte w tytule. &nbsp; [&hellip;]\" \/>\n<meta property=\"og:url\" content=\"https:\/\/gaudiumetspes-blog.pl\/index.php\/2012\/08\/20\/czy-bog-moze-dziaac-przeze-mnie\/\" \/>\n<meta property=\"og:site_name\" content=\"Gaudium Et Spes\" \/>\n<meta property=\"article:published_time\" content=\"2012-08-20T02:48:00+00:00\" \/>\n<meta property=\"article:modified_time\" content=\"2019-07-31T10:53:28+00:00\" \/>\n<meta name=\"author\" content=\"Ks. Jacek\" \/>\n<meta name=\"twitter:card\" content=\"summary_large_image\" \/>\n<meta name=\"twitter:label1\" content=\"Napisane przez\" \/>\n\t<meta name=\"twitter:data1\" content=\"Ks. Jacek\" \/>\n\t<meta name=\"twitter:label2\" content=\"Szacowany czas czytania\" \/>\n\t<meta name=\"twitter:data2\" content=\"8 minut\" \/>\n<script type=\"application\/ld+json\" class=\"yoast-schema-graph\">{\"@context\":\"https:\/\/schema.org\",\"@graph\":[{\"@type\":\"WebPage\",\"@id\":\"https:\/\/gaudiumetspes-blog.pl\/index.php\/2012\/08\/20\/czy-bog-moze-dziaac-przeze-mnie\/\",\"url\":\"https:\/\/gaudiumetspes-blog.pl\/index.php\/2012\/08\/20\/czy-bog-moze-dziaac-przeze-mnie\/\",\"name\":\"Czy B\u00f3g mo\u017ce dzia\u0142a\u0107... przeze mnie? - Gaudium Et Spes\",\"isPartOf\":{\"@id\":\"https:\/\/gaudiumetspes-blog.pl\/#website\"},\"datePublished\":\"2012-08-20T02:48:00+00:00\",\"dateModified\":\"2019-07-31T10:53:28+00:00\",\"author\":{\"@id\":\"https:\/\/gaudiumetspes-blog.pl\/#\/schema\/person\/1661982992b752dea8dff0d4ed845a65\"},\"breadcrumb\":{\"@id\":\"https:\/\/gaudiumetspes-blog.pl\/index.php\/2012\/08\/20\/czy-bog-moze-dziaac-przeze-mnie\/#breadcrumb\"},\"inLanguage\":\"pl-PL\",\"potentialAction\":[{\"@type\":\"ReadAction\",\"target\":[\"https:\/\/gaudiumetspes-blog.pl\/index.php\/2012\/08\/20\/czy-bog-moze-dziaac-przeze-mnie\/\"]}]},{\"@type\":\"BreadcrumbList\",\"@id\":\"https:\/\/gaudiumetspes-blog.pl\/index.php\/2012\/08\/20\/czy-bog-moze-dziaac-przeze-mnie\/#breadcrumb\",\"itemListElement\":[{\"@type\":\"ListItem\",\"position\":1,\"name\":\"Strona g\u0142\u00f3wna\",\"item\":\"https:\/\/gaudiumetspes-blog.pl\/\"},{\"@type\":\"ListItem\",\"position\":2,\"name\":\"Czy&nbsp;B\u00f3g mo\u017ce dzia\u0142a\u0107&#8230; przeze mnie?\"}]},{\"@type\":\"WebSite\",\"@id\":\"https:\/\/gaudiumetspes-blog.pl\/#website\",\"url\":\"https:\/\/gaudiumetspes-blog.pl\/\",\"name\":\"Gaudium Et Spes\",\"description\":\"Blog Ks. Jacka Ja\u015bkowskiego\",\"potentialAction\":[{\"@type\":\"SearchAction\",\"target\":{\"@type\":\"EntryPoint\",\"urlTemplate\":\"https:\/\/gaudiumetspes-blog.pl\/?s={search_term_string}\"},\"query-input\":{\"@type\":\"PropertyValueSpecification\",\"valueRequired\":true,\"valueName\":\"search_term_string\"}}],\"inLanguage\":\"pl-PL\"},{\"@type\":\"Person\",\"@id\":\"https:\/\/gaudiumetspes-blog.pl\/#\/schema\/person\/1661982992b752dea8dff0d4ed845a65\",\"name\":\"Ks. Jacek\",\"image\":{\"@type\":\"ImageObject\",\"inLanguage\":\"pl-PL\",\"@id\":\"https:\/\/gaudiumetspes-blog.pl\/#\/schema\/person\/image\/\",\"url\":\"https:\/\/gaudiumetspes-blog.pl\/wp-content\/uploads\/2019\/07\/avatar-JJ-150x150.jpg\",\"contentUrl\":\"https:\/\/gaudiumetspes-blog.pl\/wp-content\/uploads\/2019\/07\/avatar-JJ-150x150.jpg\",\"caption\":\"Ks. Jacek\"},\"description\":\"Witam serdecznie! K\u0142ania si\u0119 Ks. Jacek Ja\u015bkowski. Nie jestem ani kim\u015b wa\u017cnym, ani kim\u015b znanym. Jestem ksi\u0119dzem, kt\u00f3ry po prostu chce rozmawia\u0107. Codzienna kap\u0142a\u0144ska pos\u0142uga pokazuje mi, \u017ce temat\u00f3w do rozm\u00f3w z ksi\u0119dzem jest coraz wi\u0119cej i dzisiaj \u017caden ksi\u0105dz nie mo\u017ce od nich ucieka\u0107, ale - wprost przeciwnie - podejmowa\u0107 nowe wyzwania. To przekonanie sk\u0142oni\u0142o mnie do pr\u00f3by otwarcia tego\u017c bloga, chocia\u017c okazji do rozm\u00f3w na co dzie\u0144 - w konfesjonale i poza nim - na szcz\u0119\u015bcie nie brakuje. My\u015bl\u0119 jednak, \u017ce ten blog b\u0119dzie jeszcze jednym sposobem i przestrzeni\u0105 nawi\u0105zania kontaktu z lud\u017ami dobrej woli, otwartymi na dialog.\",\"url\":\"https:\/\/gaudiumetspes-blog.pl\/index.php\/author\/ks-jacek\/\"}]}<\/script>\n<!-- \/ Yoast SEO plugin. -->","yoast_head_json":{"title":"Czy B\u00f3g mo\u017ce dzia\u0142a\u0107... przeze mnie? - Gaudium Et Spes","robots":{"index":"index","follow":"follow","max-snippet":"max-snippet:-1","max-image-preview":"max-image-preview:large","max-video-preview":"max-video-preview:-1"},"canonical":"https:\/\/gaudiumetspes-blog.pl\/index.php\/2012\/08\/20\/czy-bog-moze-dziaac-przeze-mnie\/","og_locale":"pl_PL","og_type":"article","og_title":"Czy B\u00f3g mo\u017ce dzia\u0142a\u0107... przeze mnie? - Gaudium Et Spes","og_description":"Szcz\u0119\u015b\u0107 Bo\u017ce! Dzi\u0119kuj\u0119 Domownikowi za \u015bwietne dopowiedzenie do wczorajszego rozwa\u017cania! Zreszt\u0105 &#8211; jak zawsze&#8230; A dzisiaj Ko\u015bci\u00f3\u0142 stawia nam przed oczami cz\u0142owieka radykalnego i bardzo aktywnego, kt\u00f3ry potrz\u0105sn\u0105\u0142 dos\u0142ownie Ko\u015bcio\u0142em i \u015bwiatem w swoich czasach, wskazuj\u0105c bardzo mocno na Chrystusa! Przyjrzyjmy si\u0119 jego \u015bwiadectwu&#8230; I w tym kontek\u015bcie odpowiedzmy na pytanie, zawarte w tytule. &nbsp; [&hellip;]","og_url":"https:\/\/gaudiumetspes-blog.pl\/index.php\/2012\/08\/20\/czy-bog-moze-dziaac-przeze-mnie\/","og_site_name":"Gaudium Et Spes","article_published_time":"2012-08-20T02:48:00+00:00","article_modified_time":"2019-07-31T10:53:28+00:00","author":"Ks. Jacek","twitter_card":"summary_large_image","twitter_misc":{"Napisane przez":"Ks. Jacek","Szacowany czas czytania":"8 minut"},"schema":{"@context":"https:\/\/schema.org","@graph":[{"@type":"WebPage","@id":"https:\/\/gaudiumetspes-blog.pl\/index.php\/2012\/08\/20\/czy-bog-moze-dziaac-przeze-mnie\/","url":"https:\/\/gaudiumetspes-blog.pl\/index.php\/2012\/08\/20\/czy-bog-moze-dziaac-przeze-mnie\/","name":"Czy B\u00f3g mo\u017ce dzia\u0142a\u0107... przeze mnie? - Gaudium Et Spes","isPartOf":{"@id":"https:\/\/gaudiumetspes-blog.pl\/#website"},"datePublished":"2012-08-20T02:48:00+00:00","dateModified":"2019-07-31T10:53:28+00:00","author":{"@id":"https:\/\/gaudiumetspes-blog.pl\/#\/schema\/person\/1661982992b752dea8dff0d4ed845a65"},"breadcrumb":{"@id":"https:\/\/gaudiumetspes-blog.pl\/index.php\/2012\/08\/20\/czy-bog-moze-dziaac-przeze-mnie\/#breadcrumb"},"inLanguage":"pl-PL","potentialAction":[{"@type":"ReadAction","target":["https:\/\/gaudiumetspes-blog.pl\/index.php\/2012\/08\/20\/czy-bog-moze-dziaac-przeze-mnie\/"]}]},{"@type":"BreadcrumbList","@id":"https:\/\/gaudiumetspes-blog.pl\/index.php\/2012\/08\/20\/czy-bog-moze-dziaac-przeze-mnie\/#breadcrumb","itemListElement":[{"@type":"ListItem","position":1,"name":"Strona g\u0142\u00f3wna","item":"https:\/\/gaudiumetspes-blog.pl\/"},{"@type":"ListItem","position":2,"name":"Czy&nbsp;B\u00f3g mo\u017ce dzia\u0142a\u0107&#8230; przeze mnie?"}]},{"@type":"WebSite","@id":"https:\/\/gaudiumetspes-blog.pl\/#website","url":"https:\/\/gaudiumetspes-blog.pl\/","name":"Gaudium Et Spes","description":"Blog Ks. Jacka Ja\u015bkowskiego","potentialAction":[{"@type":"SearchAction","target":{"@type":"EntryPoint","urlTemplate":"https:\/\/gaudiumetspes-blog.pl\/?s={search_term_string}"},"query-input":{"@type":"PropertyValueSpecification","valueRequired":true,"valueName":"search_term_string"}}],"inLanguage":"pl-PL"},{"@type":"Person","@id":"https:\/\/gaudiumetspes-blog.pl\/#\/schema\/person\/1661982992b752dea8dff0d4ed845a65","name":"Ks. Jacek","image":{"@type":"ImageObject","inLanguage":"pl-PL","@id":"https:\/\/gaudiumetspes-blog.pl\/#\/schema\/person\/image\/","url":"https:\/\/gaudiumetspes-blog.pl\/wp-content\/uploads\/2019\/07\/avatar-JJ-150x150.jpg","contentUrl":"https:\/\/gaudiumetspes-blog.pl\/wp-content\/uploads\/2019\/07\/avatar-JJ-150x150.jpg","caption":"Ks. Jacek"},"description":"Witam serdecznie! K\u0142ania si\u0119 Ks. Jacek Ja\u015bkowski. Nie jestem ani kim\u015b wa\u017cnym, ani kim\u015b znanym. Jestem ksi\u0119dzem, kt\u00f3ry po prostu chce rozmawia\u0107. Codzienna kap\u0142a\u0144ska pos\u0142uga pokazuje mi, \u017ce temat\u00f3w do rozm\u00f3w z ksi\u0119dzem jest coraz wi\u0119cej i dzisiaj \u017caden ksi\u0105dz nie mo\u017ce od nich ucieka\u0107, ale - wprost przeciwnie - podejmowa\u0107 nowe wyzwania. To przekonanie sk\u0142oni\u0142o mnie do pr\u00f3by otwarcia tego\u017c bloga, chocia\u017c okazji do rozm\u00f3w na co dzie\u0144 - w konfesjonale i poza nim - na szcz\u0119\u015bcie nie brakuje. My\u015bl\u0119 jednak, \u017ce ten blog b\u0119dzie jeszcze jednym sposobem i przestrzeni\u0105 nawi\u0105zania kontaktu z lud\u017ami dobrej woli, otwartymi na dialog.","url":"https:\/\/gaudiumetspes-blog.pl\/index.php\/author\/ks-jacek\/"}]}},"jetpack_featured_media_url":"","jetpack_sharing_enabled":true,"_links":{"self":[{"href":"https:\/\/gaudiumetspes-blog.pl\/index.php\/wp-json\/wp\/v2\/posts\/9392","targetHints":{"allow":["GET"]}}],"collection":[{"href":"https:\/\/gaudiumetspes-blog.pl\/index.php\/wp-json\/wp\/v2\/posts"}],"about":[{"href":"https:\/\/gaudiumetspes-blog.pl\/index.php\/wp-json\/wp\/v2\/types\/post"}],"author":[{"embeddable":true,"href":"https:\/\/gaudiumetspes-blog.pl\/index.php\/wp-json\/wp\/v2\/users\/1"}],"replies":[{"embeddable":true,"href":"https:\/\/gaudiumetspes-blog.pl\/index.php\/wp-json\/wp\/v2\/comments?post=9392"}],"version-history":[{"count":1,"href":"https:\/\/gaudiumetspes-blog.pl\/index.php\/wp-json\/wp\/v2\/posts\/9392\/revisions"}],"predecessor-version":[{"id":10691,"href":"https:\/\/gaudiumetspes-blog.pl\/index.php\/wp-json\/wp\/v2\/posts\/9392\/revisions\/10691"}],"wp:attachment":[{"href":"https:\/\/gaudiumetspes-blog.pl\/index.php\/wp-json\/wp\/v2\/media?parent=9392"}],"wp:term":[{"taxonomy":"category","embeddable":true,"href":"https:\/\/gaudiumetspes-blog.pl\/index.php\/wp-json\/wp\/v2\/categories?post=9392"},{"taxonomy":"post_tag","embeddable":true,"href":"https:\/\/gaudiumetspes-blog.pl\/index.php\/wp-json\/wp\/v2\/tags?post=9392"}],"curies":[{"name":"wp","href":"https:\/\/api.w.org\/{rel}","templated":true}]}}