{"id":9399,"date":"2012-08-13T04:57:00","date_gmt":"2012-08-13T02:57:00","guid":{"rendered":"https:\/\/gaudiumetspes-blog.pl\/index.php\/2012\/08\/13\/o-sygnaach-bozej-chway\/"},"modified":"2019-07-31T12:53:28","modified_gmt":"2019-07-31T10:53:28","slug":"o-sygnaach-bozej-chway","status":"publish","type":"post","link":"https:\/\/gaudiumetspes-blog.pl\/index.php\/2012\/08\/13\/o-sygnaach-bozej-chway\/","title":{"rendered":"O sygna\u0142ach Bo\u017cej chwa\u0142y&#8230;."},"content":{"rendered":"<p><\/p>\n<div class=\"MsoNormal\" style=\"text-align: justify;\">\nSzcz\u0119\u015b\u0107 Bo\u017ce! Moi Drodzy, dzisiaj i jutro w Celestynowie b\u0119dzie trwa\u0142o nabo\u017ce\u0144stwo czterdziestogodzinne, po\u0142\u0105czone z ca\u0142odniowym wystawieniem Naj\u015bwi\u0119tszego Sakramentu. B\u0119dzie r\u00f3wnie\u017c Spowied\u017a \u015awi\u0119ta. Jest to przygotowanie Parafii do Uroczysto\u015bci Odpustowej, kt\u00f3ra b\u0119dzie w \u015brod\u0119. Zatem, wchodzimy w bardzo niezwyk\u0142y czas &#8211; czas duchowej pracy, modlitwy, refleksji&#8230;<\/div>\n<div class=\"MsoNormal\" style=\"text-align: justify;\">\n&nbsp; &nbsp; &nbsp; &nbsp;Marek za\u015b ze swoj\u0105 M\u0142odzie\u017c\u0105 dzisiaj jedzie do Krakowa, \u0141agiewnik i Wadowic, aby stamt\u0105d prosto uda\u0107 si\u0119 do Rzymu. Niech i dla nich b\u0119dzie to czas wyj\u0105tkowy i \u015bwi\u0119ty.<\/div>\n<div class=\"MsoNormal\" style=\"text-align: justify;\">\n&nbsp; &nbsp; &nbsp; &nbsp; &nbsp;Niech dla nas wszystkich b\u0119dzie to okazj\u0105 do odbierania sygna\u0142\u00f3w Bo\u017cej chwa\u0142y&#8230;<\/div>\n<div class=\"MsoNormal\" style=\"text-align: justify;\">\n&nbsp; &nbsp; &nbsp; &nbsp; &nbsp; &nbsp; &nbsp; &nbsp; &nbsp; &nbsp; &nbsp; Gaudium et spes! &nbsp;Ks. Jacek<\/div>\n<div class=\"MsoNormal\" style=\"text-align: justify;\">\n<b><br \/><\/b><\/div>\n<div class=\"MsoNormal\" style=\"text-align: justify;\">\n<b>Poniedzia\u0142ek<br \/>\n19 tygodnia zwyk\u0142ego, rok II,<\/b><\/div>\n<div class=\"MsoNormal\" style=\"text-align: justify;\">\n<b>do<br \/>\nczyta\u0144:&nbsp; Ez 1,2\u20135.24\u201328c;&nbsp; Mt 17,22\u201327<\/b><\/div>\n<div class=\"MsoNormal\" style=\"text-align: justify;\">\n<\/div>\n<div class=\"MsoNormal\" style=\"text-align: justify;\">\n<b>CZYTANIE Z KSI\u0118GI PROROKA EZECHIELA:<\/b><\/div>\n<div class=\"MsoNormal\" style=\"text-align: justify; text-indent: 35.4pt;\">\n<b>Dnia<br \/>\npi\u0105tego miesi\u0105ca czwartego (rok to by\u0142 pi\u0105ty od uprowadzenia do niewoli kr\u00f3la<br \/>\nJojakina) Pan skierowa\u0142 s\u0142owo do kap\u0142ana Ezechiela, syna Buziego, w ziemi<br \/>\nChaldejczyk\u00f3w nad rzek\u0105 Kebar; by\u0142a tam nad nim r\u0119ka Pana.<\/b><b><\/b><\/div>\n<div class=\"MsoNormal\" style=\"text-align: justify; text-indent: 35.4pt;\">\n<b>Patrzy\u0142em,<br \/>\na oto wiatr gwa\u0142towny nadszed\u0142 od p\u00f3\u0142nocy, wielka chmura i ogie\u0144 p\u0142on\u0105cy oraz<br \/>\nblask doko\u0142a niego, a z jego \u015brodka promieniowa\u0142o co\u015b jakby po\u0142ysk stopu z\u0142ota<br \/>\nze srebrem ze \u015brodka ognia. W po\u015brodku by\u0142o co\u015b, co by\u0142o podobne do czterech<br \/>\nistot \u017cyj\u0105cych. Oto ich wygl\u0105d: mia\u0142y one posta\u0107 cz\u0142owieka.&nbsp;<\/b><\/div>\n<div class=\"MsoNormal\" style=\"text-align: justify; text-indent: 35.4pt;\">\n<b>Gdy<br \/>\nsz\u0142y, s\u0142ysza\u0142em poszum ich skrzyde\u0142 jak szum wielu w\u00f3d, jak g\u0142os<br \/>\nWszechmog\u0105cego, odg\u0142os og\u0142uszaj\u0105cy jak zgie\u0142k obozu \u017co\u0142nierskiego; natomiast<br \/>\ngdy sta\u0142y, skrzyd\u0142a mia\u0142y opuszczone. Nad sklepieniem, kt\u00f3re by\u0142o nad ich g\u0142owami,<br \/>\nrozlega\u0142 si\u0119 g\u0142os.&nbsp;<\/b><\/div>\n<div class=\"MsoNormal\" style=\"text-align: justify; text-indent: 35.4pt;\">\n<b>Ponad<br \/>\nsklepieniem, rozpo\u015bcieraj\u0105cym si\u0119 nad ich g\u0142owami, by\u0142o co\u015b, co mia\u0142o wygl\u0105d<br \/>\nszafiru, a kszta\u0142t tronu, a na nim jakby zarys postaci cz\u0142owieka. Nast\u0119pnie<br \/>\nwidzia\u0142em co\u015b jakby po\u0142ysk stopu z\u0142ota ze srebrem, kt\u00f3ry wygl\u0105da\u0142 jak ogie\u0144<br \/>\nwok\u00f3\u0142 niego. Ku g\u00f3rze od tego, co wygl\u0105da\u0142o jak biodra, i w d\u00f3\u0142 od tego, co<br \/>\nwygl\u0105da\u0142o jak biodra, widzia\u0142em co\u015b, co wygl\u0105da\u0142o jak ogie\u0144, a wok\u00f3\u0142 niego promieniowa\u0142<br \/>\nblask. Jak pojawienie si\u0119 t\u0119czy na ob\u0142okach w dzie\u0144 deszczowy, tak przedstawia\u0142<br \/>\nsi\u0119 \u00f3w blask doko\u0142a.&nbsp;<\/b><\/div>\n<div class=\"MsoNormal\" style=\"text-align: justify; text-indent: 35.4pt;\">\n<b>Taki<br \/>\nby\u0142 widok tego, co by\u0142o podobne do chwa\u0142y Pana. Ogl\u0105da\u0142em j\u0105. Nast\u0119pnie upad\u0142em<br \/>\nna twarz.<\/b><\/div>\n<div class=\"MsoNormal\" style=\"text-align: justify;\">\n<\/div>\n<div class=\"MsoNormal\" style=\"text-align: justify;\">\n<b>S\u0142owa Ewangelii wed\u0142ug \u015bw. Mateusza.&nbsp;<\/b><\/div>\n<div class=\"MsoNormal\" style=\"text-align: justify; text-indent: 35.4pt;\">\n<b>Gdy<br \/>\nJezus przebywa\u0142 w Galilei z uczniami, rzek\u0142 do nich: \u201eSyn Cz\u0142owieczy b\u0119dzie<br \/>\nwydany w r\u0119ce ludzi. Oni zabij\u0105 Go, ale trzeciego dnia zmartwychwstanie\u201d. I<br \/>\nbardzo si\u0119 zasmucili.<\/b><b><\/b><\/div>\n<div class=\"MsoNormal\" style=\"text-align: justify; text-indent: 35.4pt;\">\n<b>Gdy<br \/>\nprzyszli do Kafarnaum, przyst\u0105pili do Piotra poborcy dwudrachmy z zapytaniem: \u201eWasz<br \/>\nnauczyciel nie p\u0142aci dwudrachmy?\u201d Odpowiedzia\u0142: \u201eOwszem\u201d.&nbsp;<\/b><\/div>\n<div class=\"MsoNormal\" style=\"text-align: justify; text-indent: 35.4pt;\">\n<b>Gdy<br \/>\nwszed\u0142 do domu, Jezus uprzedzi\u0142 go, m\u00f3wi\u0105c: \u201eSzymonie, jak ci si\u0119 zdaje? Od<br \/>\nkogo kr\u00f3lowie ziemscy pobieraj\u0105 daniny lub podatki? Od syn\u00f3w swoich czy od<br \/>\nobcych?\u201d Powiedzia\u0142: \u201eOd obcych\u201d.&nbsp;<\/b><\/div>\n<div class=\"MsoNormal\" style=\"text-align: justify;\">\n<b>Jezus mu rzek\u0142: \u201eA zatem<br \/>\nsynowie s\u0105 wolni. \u017beby\u015bmy jednak nie dali powodu do zgorszenia, id\u017a nad jezioro<br \/>\ni zarzu\u0107 w\u0119dk\u0119. We\u017a pierwsz\u0105 ryb\u0119, kt\u00f3r\u0105 wyci\u0105gniesz, i otw\u00f3rz jej pyszczek:<br \/>\nznajdziesz statera. We\u017a go i daj im za Mnie i za siebie\u201d.<\/b><\/div>\n<div class=\"MsoNormal\" style=\"text-align: justify;\">\n<\/div>\n<div class=\"MsoNormal\" style=\"text-align: justify; text-indent: 35.4pt;\">\n<b>Czy Jezus powinien p\u0142aci\u0107 podatek na \u015bwi\u0105tyni\u0119?<\/b> Oczywi\u015bcie, \u017ce nie! A<br \/>\ndlaczego nie? <b>Bo to Jego \u015bwi\u0105tynia, bo<br \/>\nOn jest przecie\u017c Synem Bo\u017cym.<\/b> Jasno to wyrazi\u0142 w rozmowie z Piotrem, kt\u00f3rego<br \/>\nnajpierw zapyta\u0142, od kogo kr\u00f3lowie ziemscy pobieraj\u0105 daniny, a po uzyskaniu<br \/>\ntrafnej odpowiedzi doda\u0142, \u017ce <b>synowie s\u0105<br \/>\nwolni od tego obowi\u0105zku.<\/b> <\/div>\n<div class=\"MsoNormal\" style=\"text-align: justify; text-indent: 35.4pt;\">\nAby jednak nie da\u0107<br \/>\nzgorszenia otoczeniu, kaza\u0142 Piotrowi zap\u0142aci\u0107, przy czym <b>nie uczyni\u0142 tego w taki zwyczajny spos\u00f3b,<\/b> ale poleci\u0142 wy\u0142owi\u0107 ryb\u0119,<br \/>\nz jej pyszczka wydoby\u0107 pieni\u0105\u017cek i ten w\u0142a\u015bnie wp\u0142aci\u0107. Mo\u017cemy si\u0119 zastanawia\u0107,<br \/>\n<b>po co a\u017c tyle tak zwanego \u201ezachodu\u201d? Czy<br \/>\nnie pro\u015bciej by\u0142o wydoby\u0107 ze wsp\u00f3lnej kiesy i zwyczajnie zap\u0142aci\u0107?<\/b> A tu<br \/>\ntrzeba by\u0142o p\u00f3j\u015b\u0107, z\u0142owi\u0107 ryb\u0119, kt\u00f3r\u0105 te\u017c nie wiadomo, czy si\u0119 z\u0142apie od razu,<br \/>\nczy po jakim\u015b czasie, a potem znale\u017a\u0107 pieni\u0105\u017cek i zanie\u015b\u0107 go do \u015bwi\u0105tyni\u2026 <b>Po co Jezusowi ca\u0142a ta procedura? <\/b><\/div>\n<div class=\"MsoNormal\" style=\"text-align: justify; text-indent: 35.4pt;\">\nA mo\u017ce w\u0142a\u015bnie po to, \u017ceby <b>potwierdzi\u0107 s\u0142owa, kt\u00f3re chwil\u0119 wcze\u015bniej<br \/>\nwypowiedzia\u0142,<\/b> \u017ce synowie kr\u00f3lewscy nie p\u0142ac\u0105 podatku, a On jest w\u0142a\u015bnie<br \/>\ntakim Synem Kr\u00f3lewskim? Chodzi\u0142o wi\u0119c o objawienie swej Boskiej chwa\u0142y. A mo\u017ce<br \/>\ndok\u0142adniej: <b>zasygnalizowanie Boskiej<br \/>\nchwa\u0142y.<\/b> To nie by\u0142o takie pe\u0142ne, wielkie i uroczyste objawienie, jakiego<br \/>\nopis s\u0142yszymy dzisiaj w pierwszym czytaniu z Proroctwa Ezechiela. <b>Takie pe\u0142ne, uroczyste i wielkie objawienie<br \/>\nnast\u0105pi na ko\u0144cu czas\u00f3w,<\/b> a nam zostanie dane tak\u017ce w chwili naszego<br \/>\nprzej\u015bcia do Domu Ojca. <\/div>\n<div class=\"MsoNormal\" style=\"text-align: justify; text-indent: 35.4pt;\">\nTu na ziemi natomiast<br \/>\notrzymujemy wiele \u2013 no w\u0142a\u015bnie! \u2013 takich <b>drobnych,<br \/>\nale konkretnych sygna\u0142\u00f3w Bo\u017cej chwa\u0142y,<\/b> Bo\u017cej obecno\u015bci, Bo\u017cego \u017cycia i<br \/>\ndzia\u0142ania po to, aby\u015bmy coraz bardziej otwierali serca<b> <\/b>i byli <b>przygotowani na<br \/>\nprzyj\u0119cie tego wielkiego, pe\u0142nego objawienia. <\/b>A przy tym \u2013 aby nasze \u017cycie<br \/>\ndoczesne r\u00f3wnie\u017c m\u00f3g\u0142 przenika\u0107 blask tej chwa\u0142y. <\/div>\n<div class=\"MsoNormal\" style=\"text-align: justify; text-indent: 35.4pt;\">\nSygna\u0142\u00f3w tych otrzymujemy,<br \/>\nKochani, <b>tak naprawd\u0119 bardzo wiele.<\/b><br \/>\nJezus wysy\u0142a je do nas przede wszystkim <b>tu,<br \/>\nw \u015bwi\u0105tyni,<\/b> poprzez to wszystko, co si\u0119 tu dokonuje. <b>A nawet sama \u015bwi\u0105tynia \u2013 czy nie jest takim znakiem, sygna\u0142em Bo\u017cej<br \/>\nchwa\u0142y<\/b> dla wszystkich, nawet niewierz\u0105cych, kt\u00f3rzy ko\u0142o niej przechodz\u0105?\u2026<br \/>\nChyba \u017caden rozs\u0105dny, <b>nawet niewierz\u0105cy<br \/>\ncz\u0142owiek nie powie, \u017ce jest to znak chwa\u0142y proboszcza, czy jakiego\u015b<br \/>\nbudowniczego,<\/b> kt\u00f3rego ju\u017c zapewne nawet nikt nie zna, bo od wielu lat nie<br \/>\n\u017cyje. <b>\u015awi\u0105tynia to znak Bo\u017cej chwa\u0142y, to<br \/>\nsygna\u0142 Bo\u017cej obecno\u015bci w\u015br\u00f3d nas!<\/b> <\/div>\n<div class=\"MsoNormal\" style=\"text-align: justify; text-indent: 35.4pt;\">\nA ile\u017c takich sygna\u0142\u00f3w jest<br \/>\ndo nas wysy\u0142anych w codzienno\u015bci, <b>w<br \/>\nsytuacjach zwyczajnych \u2013 niezwyczajnych<\/b> \u2013 jak ta, o kt\u00f3rej mowa dzisiaj w<br \/>\nEwangelii? Ile jest takich zwyk\u0142ych spraw, rozm\u00f3w, spotka\u0144, wydarze\u0144, w kt\u00f3rych<br \/>\n\u2013 je\u015bli si\u0119 tylko spokojnie zastanowi\u0107 i przeanalizowa\u0107 je \u2013 <b>to z pewno\u015bci\u0105 dostrze\u017cemy dzia\u0142anie Boga?<\/b><br \/>\nTrzeba tylko <b>wzrok wyczuli\u0107, wyostrzy\u0107,<br \/>\nwzm\u00f3c uwag\u0119,<\/b> a z wielk\u0105 rado\u015bci\u0105 przekonamy si\u0119, \u017ce B\u00f3g nas naprawd\u0119 kocha<br \/>\ni pami\u0119ta o nas! I wysy\u0142a sygna\u0142y swojej obecno\u015bci, swojej chwa\u0142y, swego dzia\u0142ania\u2026\n<\/div>\n<div class=\"MsoNormal\" style=\"text-align: justify; text-indent: 35.4pt;\">\n<b>Jaka b\u0119dzie jednak na to nasza odpowied\u017a?<\/b>\u2026&nbsp;<\/div>\n","protected":false},"excerpt":{"rendered":"<p>Szcz\u0119\u015b\u0107 Bo\u017ce! Moi Drodzy, dzisiaj i jutro w Celestynowie b\u0119dzie trwa\u0142o nabo\u017ce\u0144stwo czterdziestogodzinne, po\u0142\u0105czone z ca\u0142odniowym wystawieniem Naj\u015bwi\u0119tszego Sakramentu. B\u0119dzie r\u00f3wnie\u017c Spowied\u017a \u015awi\u0119ta. Jest to przygotowanie Parafii do Uroczysto\u015bci Odpustowej, kt\u00f3ra b\u0119dzie w \u015brod\u0119. Zatem, wchodzimy w bardzo niezwyk\u0142y czas &#8211; czas duchowej pracy, modlitwy, refleksji&#8230; &nbsp; &nbsp; &nbsp; &nbsp;Marek za\u015b ze swoj\u0105 M\u0142odzie\u017c\u0105 dzisiaj [&hellip;]<\/p>\n","protected":false},"author":1,"featured_media":0,"comment_status":"open","ping_status":"open","sticky":false,"template":"","format":"standard","meta":{"jetpack_post_was_ever_published":false,"_jetpack_newsletter_access":"","_jetpack_dont_email_post_to_subs":false,"_jetpack_newsletter_tier_id":0,"_jetpack_memberships_contains_paywalled_content":false,"_jetpack_memberships_contains_paid_content":false,"footnotes":""},"categories":[1],"tags":[],"class_list":["post-9399","post","type-post","status-publish","format-standard","hentry","category-bez-kategorii"],"yoast_head":"<!-- This site is optimized with the Yoast SEO plugin v25.1 - https:\/\/yoast.com\/wordpress\/plugins\/seo\/ -->\n<title>O sygna\u0142ach Bo\u017cej chwa\u0142y.... - Gaudium Et Spes<\/title>\n<meta name=\"robots\" content=\"index, follow, max-snippet:-1, max-image-preview:large, max-video-preview:-1\" \/>\n<link rel=\"canonical\" href=\"https:\/\/gaudiumetspes-blog.pl\/index.php\/2012\/08\/13\/o-sygnaach-bozej-chway\/\" \/>\n<meta property=\"og:locale\" content=\"pl_PL\" \/>\n<meta property=\"og:type\" content=\"article\" \/>\n<meta property=\"og:title\" content=\"O sygna\u0142ach Bo\u017cej chwa\u0142y.... - Gaudium Et Spes\" \/>\n<meta property=\"og:description\" content=\"Szcz\u0119\u015b\u0107 Bo\u017ce! Moi Drodzy, dzisiaj i jutro w Celestynowie b\u0119dzie trwa\u0142o nabo\u017ce\u0144stwo czterdziestogodzinne, po\u0142\u0105czone z ca\u0142odniowym wystawieniem Naj\u015bwi\u0119tszego Sakramentu. B\u0119dzie r\u00f3wnie\u017c Spowied\u017a \u015awi\u0119ta. Jest to przygotowanie Parafii do Uroczysto\u015bci Odpustowej, kt\u00f3ra b\u0119dzie w \u015brod\u0119. Zatem, wchodzimy w bardzo niezwyk\u0142y czas &#8211; czas duchowej pracy, modlitwy, refleksji&#8230; &nbsp; &nbsp; &nbsp; &nbsp;Marek za\u015b ze swoj\u0105 M\u0142odzie\u017c\u0105 dzisiaj [&hellip;]\" \/>\n<meta property=\"og:url\" content=\"https:\/\/gaudiumetspes-blog.pl\/index.php\/2012\/08\/13\/o-sygnaach-bozej-chway\/\" \/>\n<meta property=\"og:site_name\" content=\"Gaudium Et Spes\" \/>\n<meta property=\"article:published_time\" content=\"2012-08-13T02:57:00+00:00\" \/>\n<meta property=\"article:modified_time\" content=\"2019-07-31T10:53:28+00:00\" \/>\n<meta name=\"author\" content=\"Ks. Jacek\" \/>\n<meta name=\"twitter:card\" content=\"summary_large_image\" \/>\n<meta name=\"twitter:label1\" content=\"Napisane przez\" \/>\n\t<meta name=\"twitter:data1\" content=\"Ks. Jacek\" \/>\n\t<meta name=\"twitter:label2\" content=\"Szacowany czas czytania\" \/>\n\t<meta name=\"twitter:data2\" content=\"6 minut\" \/>\n<script type=\"application\/ld+json\" class=\"yoast-schema-graph\">{\"@context\":\"https:\/\/schema.org\",\"@graph\":[{\"@type\":\"WebPage\",\"@id\":\"https:\/\/gaudiumetspes-blog.pl\/index.php\/2012\/08\/13\/o-sygnaach-bozej-chway\/\",\"url\":\"https:\/\/gaudiumetspes-blog.pl\/index.php\/2012\/08\/13\/o-sygnaach-bozej-chway\/\",\"name\":\"O sygna\u0142ach Bo\u017cej chwa\u0142y.... - Gaudium Et Spes\",\"isPartOf\":{\"@id\":\"https:\/\/gaudiumetspes-blog.pl\/#website\"},\"datePublished\":\"2012-08-13T02:57:00+00:00\",\"dateModified\":\"2019-07-31T10:53:28+00:00\",\"author\":{\"@id\":\"https:\/\/gaudiumetspes-blog.pl\/#\/schema\/person\/1661982992b752dea8dff0d4ed845a65\"},\"breadcrumb\":{\"@id\":\"https:\/\/gaudiumetspes-blog.pl\/index.php\/2012\/08\/13\/o-sygnaach-bozej-chway\/#breadcrumb\"},\"inLanguage\":\"pl-PL\",\"potentialAction\":[{\"@type\":\"ReadAction\",\"target\":[\"https:\/\/gaudiumetspes-blog.pl\/index.php\/2012\/08\/13\/o-sygnaach-bozej-chway\/\"]}]},{\"@type\":\"BreadcrumbList\",\"@id\":\"https:\/\/gaudiumetspes-blog.pl\/index.php\/2012\/08\/13\/o-sygnaach-bozej-chway\/#breadcrumb\",\"itemListElement\":[{\"@type\":\"ListItem\",\"position\":1,\"name\":\"Strona g\u0142\u00f3wna\",\"item\":\"https:\/\/gaudiumetspes-blog.pl\/\"},{\"@type\":\"ListItem\",\"position\":2,\"name\":\"O&nbsp;sygna\u0142ach Bo\u017cej chwa\u0142y&#8230;.\"}]},{\"@type\":\"WebSite\",\"@id\":\"https:\/\/gaudiumetspes-blog.pl\/#website\",\"url\":\"https:\/\/gaudiumetspes-blog.pl\/\",\"name\":\"Gaudium Et Spes\",\"description\":\"Blog Ks. Jacka Ja\u015bkowskiego\",\"potentialAction\":[{\"@type\":\"SearchAction\",\"target\":{\"@type\":\"EntryPoint\",\"urlTemplate\":\"https:\/\/gaudiumetspes-blog.pl\/?s={search_term_string}\"},\"query-input\":{\"@type\":\"PropertyValueSpecification\",\"valueRequired\":true,\"valueName\":\"search_term_string\"}}],\"inLanguage\":\"pl-PL\"},{\"@type\":\"Person\",\"@id\":\"https:\/\/gaudiumetspes-blog.pl\/#\/schema\/person\/1661982992b752dea8dff0d4ed845a65\",\"name\":\"Ks. Jacek\",\"image\":{\"@type\":\"ImageObject\",\"inLanguage\":\"pl-PL\",\"@id\":\"https:\/\/gaudiumetspes-blog.pl\/#\/schema\/person\/image\/\",\"url\":\"https:\/\/gaudiumetspes-blog.pl\/wp-content\/uploads\/2019\/07\/avatar-JJ-150x150.jpg\",\"contentUrl\":\"https:\/\/gaudiumetspes-blog.pl\/wp-content\/uploads\/2019\/07\/avatar-JJ-150x150.jpg\",\"caption\":\"Ks. Jacek\"},\"description\":\"Witam serdecznie! K\u0142ania si\u0119 Ks. Jacek Ja\u015bkowski. Nie jestem ani kim\u015b wa\u017cnym, ani kim\u015b znanym. Jestem ksi\u0119dzem, kt\u00f3ry po prostu chce rozmawia\u0107. Codzienna kap\u0142a\u0144ska pos\u0142uga pokazuje mi, \u017ce temat\u00f3w do rozm\u00f3w z ksi\u0119dzem jest coraz wi\u0119cej i dzisiaj \u017caden ksi\u0105dz nie mo\u017ce od nich ucieka\u0107, ale - wprost przeciwnie - podejmowa\u0107 nowe wyzwania. To przekonanie sk\u0142oni\u0142o mnie do pr\u00f3by otwarcia tego\u017c bloga, chocia\u017c okazji do rozm\u00f3w na co dzie\u0144 - w konfesjonale i poza nim - na szcz\u0119\u015bcie nie brakuje. My\u015bl\u0119 jednak, \u017ce ten blog b\u0119dzie jeszcze jednym sposobem i przestrzeni\u0105 nawi\u0105zania kontaktu z lud\u017ami dobrej woli, otwartymi na dialog.\",\"url\":\"https:\/\/gaudiumetspes-blog.pl\/index.php\/author\/ks-jacek\/\"}]}<\/script>\n<!-- \/ Yoast SEO plugin. -->","yoast_head_json":{"title":"O sygna\u0142ach Bo\u017cej chwa\u0142y.... - Gaudium Et Spes","robots":{"index":"index","follow":"follow","max-snippet":"max-snippet:-1","max-image-preview":"max-image-preview:large","max-video-preview":"max-video-preview:-1"},"canonical":"https:\/\/gaudiumetspes-blog.pl\/index.php\/2012\/08\/13\/o-sygnaach-bozej-chway\/","og_locale":"pl_PL","og_type":"article","og_title":"O sygna\u0142ach Bo\u017cej chwa\u0142y.... - Gaudium Et Spes","og_description":"Szcz\u0119\u015b\u0107 Bo\u017ce! Moi Drodzy, dzisiaj i jutro w Celestynowie b\u0119dzie trwa\u0142o nabo\u017ce\u0144stwo czterdziestogodzinne, po\u0142\u0105czone z ca\u0142odniowym wystawieniem Naj\u015bwi\u0119tszego Sakramentu. B\u0119dzie r\u00f3wnie\u017c Spowied\u017a \u015awi\u0119ta. Jest to przygotowanie Parafii do Uroczysto\u015bci Odpustowej, kt\u00f3ra b\u0119dzie w \u015brod\u0119. Zatem, wchodzimy w bardzo niezwyk\u0142y czas &#8211; czas duchowej pracy, modlitwy, refleksji&#8230; &nbsp; &nbsp; &nbsp; &nbsp;Marek za\u015b ze swoj\u0105 M\u0142odzie\u017c\u0105 dzisiaj [&hellip;]","og_url":"https:\/\/gaudiumetspes-blog.pl\/index.php\/2012\/08\/13\/o-sygnaach-bozej-chway\/","og_site_name":"Gaudium Et Spes","article_published_time":"2012-08-13T02:57:00+00:00","article_modified_time":"2019-07-31T10:53:28+00:00","author":"Ks. Jacek","twitter_card":"summary_large_image","twitter_misc":{"Napisane przez":"Ks. Jacek","Szacowany czas czytania":"6 minut"},"schema":{"@context":"https:\/\/schema.org","@graph":[{"@type":"WebPage","@id":"https:\/\/gaudiumetspes-blog.pl\/index.php\/2012\/08\/13\/o-sygnaach-bozej-chway\/","url":"https:\/\/gaudiumetspes-blog.pl\/index.php\/2012\/08\/13\/o-sygnaach-bozej-chway\/","name":"O sygna\u0142ach Bo\u017cej chwa\u0142y.... - Gaudium Et Spes","isPartOf":{"@id":"https:\/\/gaudiumetspes-blog.pl\/#website"},"datePublished":"2012-08-13T02:57:00+00:00","dateModified":"2019-07-31T10:53:28+00:00","author":{"@id":"https:\/\/gaudiumetspes-blog.pl\/#\/schema\/person\/1661982992b752dea8dff0d4ed845a65"},"breadcrumb":{"@id":"https:\/\/gaudiumetspes-blog.pl\/index.php\/2012\/08\/13\/o-sygnaach-bozej-chway\/#breadcrumb"},"inLanguage":"pl-PL","potentialAction":[{"@type":"ReadAction","target":["https:\/\/gaudiumetspes-blog.pl\/index.php\/2012\/08\/13\/o-sygnaach-bozej-chway\/"]}]},{"@type":"BreadcrumbList","@id":"https:\/\/gaudiumetspes-blog.pl\/index.php\/2012\/08\/13\/o-sygnaach-bozej-chway\/#breadcrumb","itemListElement":[{"@type":"ListItem","position":1,"name":"Strona g\u0142\u00f3wna","item":"https:\/\/gaudiumetspes-blog.pl\/"},{"@type":"ListItem","position":2,"name":"O&nbsp;sygna\u0142ach Bo\u017cej chwa\u0142y&#8230;."}]},{"@type":"WebSite","@id":"https:\/\/gaudiumetspes-blog.pl\/#website","url":"https:\/\/gaudiumetspes-blog.pl\/","name":"Gaudium Et Spes","description":"Blog Ks. Jacka Ja\u015bkowskiego","potentialAction":[{"@type":"SearchAction","target":{"@type":"EntryPoint","urlTemplate":"https:\/\/gaudiumetspes-blog.pl\/?s={search_term_string}"},"query-input":{"@type":"PropertyValueSpecification","valueRequired":true,"valueName":"search_term_string"}}],"inLanguage":"pl-PL"},{"@type":"Person","@id":"https:\/\/gaudiumetspes-blog.pl\/#\/schema\/person\/1661982992b752dea8dff0d4ed845a65","name":"Ks. Jacek","image":{"@type":"ImageObject","inLanguage":"pl-PL","@id":"https:\/\/gaudiumetspes-blog.pl\/#\/schema\/person\/image\/","url":"https:\/\/gaudiumetspes-blog.pl\/wp-content\/uploads\/2019\/07\/avatar-JJ-150x150.jpg","contentUrl":"https:\/\/gaudiumetspes-blog.pl\/wp-content\/uploads\/2019\/07\/avatar-JJ-150x150.jpg","caption":"Ks. Jacek"},"description":"Witam serdecznie! K\u0142ania si\u0119 Ks. Jacek Ja\u015bkowski. Nie jestem ani kim\u015b wa\u017cnym, ani kim\u015b znanym. Jestem ksi\u0119dzem, kt\u00f3ry po prostu chce rozmawia\u0107. Codzienna kap\u0142a\u0144ska pos\u0142uga pokazuje mi, \u017ce temat\u00f3w do rozm\u00f3w z ksi\u0119dzem jest coraz wi\u0119cej i dzisiaj \u017caden ksi\u0105dz nie mo\u017ce od nich ucieka\u0107, ale - wprost przeciwnie - podejmowa\u0107 nowe wyzwania. To przekonanie sk\u0142oni\u0142o mnie do pr\u00f3by otwarcia tego\u017c bloga, chocia\u017c okazji do rozm\u00f3w na co dzie\u0144 - w konfesjonale i poza nim - na szcz\u0119\u015bcie nie brakuje. My\u015bl\u0119 jednak, \u017ce ten blog b\u0119dzie jeszcze jednym sposobem i przestrzeni\u0105 nawi\u0105zania kontaktu z lud\u017ami dobrej woli, otwartymi na dialog.","url":"https:\/\/gaudiumetspes-blog.pl\/index.php\/author\/ks-jacek\/"}]}},"jetpack_featured_media_url":"","jetpack_sharing_enabled":true,"_links":{"self":[{"href":"https:\/\/gaudiumetspes-blog.pl\/index.php\/wp-json\/wp\/v2\/posts\/9399","targetHints":{"allow":["GET"]}}],"collection":[{"href":"https:\/\/gaudiumetspes-blog.pl\/index.php\/wp-json\/wp\/v2\/posts"}],"about":[{"href":"https:\/\/gaudiumetspes-blog.pl\/index.php\/wp-json\/wp\/v2\/types\/post"}],"author":[{"embeddable":true,"href":"https:\/\/gaudiumetspes-blog.pl\/index.php\/wp-json\/wp\/v2\/users\/1"}],"replies":[{"embeddable":true,"href":"https:\/\/gaudiumetspes-blog.pl\/index.php\/wp-json\/wp\/v2\/comments?post=9399"}],"version-history":[{"count":1,"href":"https:\/\/gaudiumetspes-blog.pl\/index.php\/wp-json\/wp\/v2\/posts\/9399\/revisions"}],"predecessor-version":[{"id":10684,"href":"https:\/\/gaudiumetspes-blog.pl\/index.php\/wp-json\/wp\/v2\/posts\/9399\/revisions\/10684"}],"wp:attachment":[{"href":"https:\/\/gaudiumetspes-blog.pl\/index.php\/wp-json\/wp\/v2\/media?parent=9399"}],"wp:term":[{"taxonomy":"category","embeddable":true,"href":"https:\/\/gaudiumetspes-blog.pl\/index.php\/wp-json\/wp\/v2\/categories?post=9399"},{"taxonomy":"post_tag","embeddable":true,"href":"https:\/\/gaudiumetspes-blog.pl\/index.php\/wp-json\/wp\/v2\/tags?post=9399"}],"curies":[{"name":"wp","href":"https:\/\/api.w.org\/{rel}","templated":true}]}}