{"id":9412,"date":"2012-07-31T10:49:00","date_gmt":"2012-07-31T08:49:00","guid":{"rendered":"https:\/\/gaudiumetspes-blog.pl\/index.php\/2012\/07\/31\/o-patronie-rekolekcjonistow-i\/"},"modified":"2019-07-31T12:53:25","modified_gmt":"2019-07-31T10:53:25","slug":"o-patronie-rekolekcjonistow-i","status":"publish","type":"post","link":"https:\/\/gaudiumetspes-blog.pl\/index.php\/2012\/07\/31\/o-patronie-rekolekcjonistow-i\/","title":{"rendered":"O Patronie rekolekcjonist\u00f3w i rekolektant\u00f3w&#8230;"},"content":{"rendered":"<p><\/p>\n<div class=\"MsoNormal\" style=\"text-align: justify;\">\nSzcz\u0119\u015b\u0107 Bo\u017ce! Przepraszam za op\u00f3\u017anienie, ale dzisiaj od rana musia\u0142em par\u0119 godzin sp\u0119dzi\u0107 za kierownic\u0105. Swoj\u0105 drog\u0105 &#8211; dobry czas na modlitw\u0119&#8230; Ale ju\u017c spiesz\u0119 z zamieszczeniem dzisiejszego wpisu. A dotyczy on niezwyk\u0142ego \u015awi\u0119tego, kt\u00f3ry ma dla nas, zap\u0119dzonych ludzi, bardzo ciekaw\u0105 propozycj\u0119&#8230; Do przemy\u015blenia w czasie urlopowym&#8230;<\/div>\n<div class=\"MsoNormal\" style=\"text-align: justify;\">\n&nbsp; &nbsp; &nbsp; &nbsp; &nbsp; &nbsp;Gaudium et spes! &nbsp;Ks. Jacek<\/div>\n<div class=\"MsoNormal\" style=\"text-align: justify;\">\n<b><br \/><\/b><\/div>\n<div class=\"MsoNormal\" style=\"text-align: justify;\">\n<b>Wspomnienie<br \/>\n\u015aw. Ignacego Loyoli,<\/b><\/div>\n<div class=\"MsoNormal\" style=\"text-align: justify;\">\n<b>do<br \/>\nczyta\u0144:&nbsp; Jr 14,17\u201322;&nbsp; Mt 13,36\u201343<\/b><\/div>\n<div class=\"MsoNormal\" style=\"text-align: justify;\">\n<\/div>\n<div class=\"MsoNormal\">\n<b>CZYTANIE Z<br \/>\nKSI\u0118GI PROROKA JEREMIASZA:&nbsp;<\/b><\/div>\n<div class=\"MsoNormal\" style=\"text-align: justify; text-indent: 35.4pt;\">\n<b>Oczy<br \/>\nmoje wylewaj\u0105 \u0142zy dzie\u0144 i noc bez przerwy, bo wielki upadek dotknie Dziewic\u0119,<br \/>\nC\u00f3r\u0119 mojego ludu, kl\u0119ska bardzo wielka. Gdy wyjd\u0119 na pole &#8211; oto pobici mieczem.<br \/>\nJe\u015bli p\u00f3jd\u0119 do miasta \u2013 od m\u0119ki g\u0142odu. Nawet prorok i kap\u0142an b\u0142\u0105dz\u0105 po kraju<br \/>\nnic nie rozumiej\u0105c.<\/b><b><\/b><\/div>\n<div class=\"MsoNormal\" style=\"text-align: justify; text-indent: 35.4pt;\">\n<b>Czy<br \/>\nnieodwo\u0142alnie odrzuci\u0142e\u015b Jud\u0119, albo czy odczuwasz wstr\u0119t do Syjonu? Dlaczego nas<br \/>\ndotkn\u0105\u0142e\u015b kl\u0119sk\u0105 bez mo\u017cliwo\u015bci uleczenia nas? Spodziewali\u015bmy si\u0119 pokoju, ale<br \/>\nnie ma nic dobrego; czasu uleczenia, a tu przera\u017cenie.&nbsp;<\/b><\/div>\n<div class=\"MsoNormal\" style=\"text-align: justify; text-indent: 35.4pt;\">\n<b>Uznajemy,<br \/>\nPanie, nasz\u0105 niegodziwo\u015b\u0107, przewrotno\u015b\u0107 naszych przodk\u00f3w, bo zgrzeszyli\u015bmy<br \/>\nprzeciw Tobie. Nie odrzucaj nas przez wzgl\u0105d na Twoje imi\u0119, od czci nie<br \/>\nods\u0105dzaj tronu Twojej chwa\u0142y. Pami\u0119taj, nie zrywaj swego Przymierza z nami.&nbsp;<\/b><\/div>\n<div class=\"MsoNormal\" style=\"text-align: justify; text-indent: 35.4pt;\">\n<b>Czy<br \/>\ns\u0105 w\u015br\u00f3d bo\u017ck\u00f3w poga\u0144skich tacy, kt\u00f3rzy by zes\u0142ali deszcz? Czy mo\u017ce niebo zsy\u0142a<br \/>\nkrople deszczu? Czy nie raczej Ty, Panie, nasz Bo\u017ce? W Tobie pok\u0142adamy<br \/>\nnadziej\u0119, bo Ty uczyni\u0142e\u015b to wszystko.<\/b><\/div>\n<div class=\"MsoNormal\" style=\"text-align: justify;\">\n<\/div>\n<div class=\"MsoNormal\">\n<b>S\u0141OWA<br \/>\nEWANGELII WED\u0141UG \u015aWI\u0118TEGO MATEUSZA:<\/b><\/div>\n<div class=\"MsoNormal\" style=\"text-align: justify; text-indent: 35.4pt;\">\n<b>Jezus<br \/>\nodprawi\u0142 t\u0142umy i wr\u00f3ci\u0142 do domu. Tam przyst\u0105pili do Niego uczniowie i prosili<br \/>\nGo: \u201eWyja\u015bnij nam przypowie\u015b\u0107 o chwa\u015bcie\u201d. On odpowiedzia\u0142:<\/b><b><\/b><\/div>\n<div class=\"MsoNormal\" style=\"text-align: justify;\">\n<b>\u201eTym, kt\u00f3ry sieje dobre<br \/>\nnasienie, jest Syn Cz\u0142owieczy. Rol\u0105 jest \u015bwiat, dobrym nasieniem s\u0105 synowie<br \/>\nkr\u00f3lestwa, chwastem za\u015b synowie Z\u0142ego. Nieprzyjacielem, kt\u00f3ry posia\u0142 chwast,<br \/>\njest diabe\u0142; \u017cniwem jest koniec \u015bwiata, a \u017ce\u0144cami s\u0105 anio\u0142owie. Jak wi\u0119c zbiera<br \/>\nsi\u0119 chwast i spala ogniem, tak b\u0119dzie przy ko\u0144cu \u015bwiata. Syn Cz\u0142owieczy po\u015ble<br \/>\nanio\u0142\u00f3w swoich: ci zbior\u0105 z Jego kr\u00f3lestwa wszystkie zgorszenia i tych, kt\u00f3rzy<br \/>\ndopuszczaj\u0105 si\u0119 nieprawo\u015bci, i wrzuc\u0105 ich w piec rozpalony; tam b\u0119dzie p\u0142acz i<br \/>\nzgrzytanie z\u0119b\u00f3w. Wtedy sprawiedliwi ja\u015bnie\u0107 b\u0119d\u0105 jak s\u0142o\u0144ce w kr\u00f3lestwie Ojca<br \/>\nswego. Kto ma uszy, niechaj s\u0142ucha\u201d.<\/b><\/div>\n<div class=\"MsoNormal\" style=\"text-align: justify;\">\n<\/div>\n<div class=\"MsoNormal\" style=\"text-align: justify; text-indent: 35.4pt;\">\nPatron dnia dzisiejszego, znany jako <b>\u015awi\u0119ty Ignacy, a wcze\u015bniej: Inigo Lopez, urodzi\u0142 si\u0119 w roku 1491 na<br \/>\nzamku w Loyola w kraju Bask\u00f3w, w Hiszpanii, <\/b>jako trzynaste dziecko w<br \/>\nzamo\u017cnym rycerskim rodzie. O jego wczesnej m\u0142odo\u015bci ma\u0142o wiemy. Na pewno <b>otrzyma\u0142 staranne wychowanie.<\/b> S\u0142u\u017cy\u0142<br \/>\njako oficer w wojsku wicekr\u00f3la Nawarry. <\/div>\n<div class=\"MsoNormal\" style=\"text-align: justify; text-indent: 35.4pt;\">\nWiadomo te\u017c, \u017ce nosi\u0142 d\u0142ugie w\u0142osy, spadaj\u0105ce mu a\u017c do ramion,<br \/>\nr\u00f3\u017cnobarwne spodnie i kolorow\u0105 czapk\u0119. Publicznie najch\u0119tniej pojawia\u0142 si\u0119 <b>w pancerzu rycerza, nosz\u0105c miecz, sztylet i<br \/>\nor\u0119\u017c wszelkiego rodzaju.<\/b> Kiedy po latach opowiada\u0142 wsp\u00f3\u0142braciom o swoim \u017cyciu,<br \/>\nwyzna\u0142, \u017ce <b>do trzydziestego roku \u017cycia<br \/>\noddawa\u0142 si\u0119 marno\u015bciom \u015bwiata,<\/b> \u017ce najwi\u0119ksz\u0105 jego rozkosz\u0105 by\u0142y \u0107wiczenia<br \/>\nrycerskie z pr\u00f3\u017cnej \u017c\u0105dzy s\u0142awy. W czasie walk hiszpa\u0144sko \u2013 francuskich znalaz\u0142<br \/>\nsi\u0119 w obl\u0119\u017conej Pampelunie. <b>Zraniony<br \/>\npowa\u017cnie przez kul\u0119 armatni\u0105 w praw\u0105 nog\u0119, zosta\u0142 przewieziony do rodzinnego<br \/>\nzamku. By\u0142o to w roku 1521.<\/b> D\u0142ugie miesi\u0105ce rekonwalescencji by\u0142y dla niego<br \/>\n<b>okresem \u0142aski i gruntownej przemiany.<\/b>\n<\/div>\n<div class=\"MsoNormal\" style=\"text-align: justify; text-indent: 35.4pt;\">\nDla zaj\u0119cia czym\u015b d\u0142ugiego czasu bezczynno\u015bci, poprosi\u0142 o jak\u0105\u015b<br \/>\nlektur\u0119, najlepiej \u2013 powie\u015bci rycerskie. Jednak na zamku ich nie by\u0142o. <b>Podano mu wi\u0119c ksi\u0105\u017ck\u0119:&nbsp;\u201e\u017bycie Jezusa\u201d.<\/b> Gdy tylko wyzdrowia\u0142 \u2013 chocia\u017c na nog\u0119 kula\u0142<br \/>\nca\u0142e \u017cycie \u2013 opu\u015bci\u0142 rodzinny zamek i uda\u0142 si\u0119 do pobliskiego sanktuarium<br \/>\nmaryjnego, Montserratu. <b>Zdumionemu \u017cebrakowi<br \/>\nodda\u0142 sw\u00f3j kosztowny str\u00f3j rycerski. Przed cudownym wizerunkiem Maryi z\u0142o\u017cy\u0142<br \/>\nswoj\u0105 bro\u0144.<\/b> <\/div>\n<div class=\"MsoNormal\" style=\"text-align: justify; text-indent: 35.4pt;\">\nSt\u0105d uda\u0142 si\u0119 do Manrezy, gdzie zamieszka\u0142 w celi, u\u017cyczonej mu<br \/>\nprzez dominikan\u00f3w. I tu jednak wydawa\u0142o mu si\u0119, \u017ce ma za wiele wyg\u00f3d. Dlatego<br \/>\nzamieszka\u0142 w jednej z licznych tam grot. Aby <b>zd\u0142awi\u0107 w sobie starego, pr\u00f3\u017cnego, ambitnego cz\u0142owieka,<\/b> nie goli\u0142<br \/>\nsi\u0119 ani nie strzyg\u0142, po\u015bci\u0142 codziennie i biczowa\u0142 si\u0119. Codziennie bywa\u0142 u<br \/>\ndominikan\u00f3w na Mszy \u015awi\u0119tej. <b>Oddawa\u0142 si\u0119<br \/>\nmodlitwie i rozwa\u017caniu M\u0119ki Pa\u0144skiej.<\/b> Szatan dr\u0119czy\u0142 go gwa\u0142townymi<br \/>\npokusami a\u017c do my\u015bli o samob\u00f3jstwie. <\/div>\n<div class=\"MsoNormal\" style=\"text-align: justify; text-indent: 35.4pt;\">\nW takich zmaganiach powsta\u0142 szkic jego <b>najwa\u017cniejszego dzie\u0142a, jakim s\u0105&nbsp;\u201e\u0106wiczenia duchowne\u201d<i>.<\/i><\/b>&nbsp;Form\u0119 ostateczn\u0105 otrzyma\u0142y one dopiero<br \/>\nw 1540 roku. By\u0142y wi\u0119c <b>owocem dziewi\u0119tnastu<br \/>\nlat przemy\u015ble\u0144 i kontemplacji.<\/b> Pragn\u0105c nawiedzenia Ziemi \u015awi\u0119tej i<br \/>\nm\u0119cze\u0144stwa na niej z r\u0105k Turk\u00f3w, Ignacy zupe\u0142nie wyczerpany z si\u0142, przez Rzym i<br \/>\nWenecj\u0119 uda\u0142 si\u0119 w pielgrzymk\u0119. \u017by\u0142 z u\u017cebranych pieni\u0119dzy i czynionych po drodze<br \/>\nprzys\u0142ug. <b>W 1523 roku, dotar\u0142<br \/>\nszcz\u0119\u015bliwie do celu. Chcia\u0142 tam pozosta\u0107 do ko\u0144ca \u017cycia,<\/b> dopiero w wyniku<br \/>\nnalega\u0144 tamtejszego legata papieskiego wr\u00f3ci\u0142 do kraju. W drodze by\u0142 dwukrotnie<br \/>\nwi\u0119ziony pod zarzutem szpiegostwa. <\/div>\n<div class=\"MsoNormal\" style=\"text-align: justify; text-indent: 35.4pt;\">\nPo d\u0142ugiej podr\u00f3\u017cy powr\u00f3ci\u0142 do Barcelony, gdzie <b>przez dwa lata uczy\u0142 si\u0119 j\u0119zyka \u0142aci\u0144skiego.<\/b><br \/>\nNie wstydzi\u0142 si\u0119 zasiada\u0107 w \u0142awie szkolnej z dzie\u0107mi, chocia\u017c mia\u0142 ju\u017c w\u00f3wczas<br \/>\ntrzydzie\u015bci cztery lata. Potem uda\u0142 si\u0119 do Alkala, by na tamtejszym<br \/>\nuniwersytecie studiowa\u0107 filozofi\u0119. Wolny czas po\u015bwi\u0119ca\u0142 <b>nauczaniu prawd wiary prostych ludzi. Mieszka\u0142 w szpitalu i utrzymywa\u0142<br \/>\nsi\u0119 za pos\u0142ug\u0119 oddawan\u0105 chorym.<\/b> Jego \u017cebraczy str\u00f3j i niezwyk\u0142y tryb \u017cycia<br \/>\nwzbudzi\u0142y u niekt\u00f3rych podejrzenie, <b>czy<br \/>\nprzypadkiem nie nale\u017cy on do sekty&nbsp;\u201ealumbrado\u201d,<\/b>&nbsp;kt\u00f3ra w tym czasie niepokoi\u0142a w<br \/>\nHiszpanii w\u0142adze ko\u015bcielne. Zosta\u0142 nawet na jaki\u015b czas uwi\u0119ziony przez \u015awi\u0119t\u0105<br \/>\nInkwizycj\u0119, co potem jeszcze kilka razy si\u0119 powt\u00f3rzy\u0142o. Wszystkie te przykro\u015bci<br \/>\nznosi\u0142 jednak z rado\u015bci\u0105 \u2013 dla Jezusa. <\/div>\n<div class=\"MsoNormal\" style=\"text-align: justify; text-indent: 35.4pt;\">\n<b>W roku 1528 uda\u0142 si\u0119 do<br \/>\nPary\u017ca,<\/b> gdzie na tamtejszym uniwersytecie<br \/>\nzapozna\u0142 si\u0119 i zaprzyja\u017ani\u0142 z B\u0142ogos\u0142awionym Piotrem Favrem i ze \u015awi\u0119tym<br \/>\nFranciszkiem Ksawerym. Do ich tr\u00f3jki do\u0142\u0105czy\u0142o niebawem jeszcze kilku m\u0119\u017cczyzn.<br \/>\nI to w\u0142a\u015bnie wszyscy oni <b>zebrali si\u0119<br \/>\nrankiem 15 sierpnia 1534 roku w kapliczce na zboczu wzg\u00f3rza Montmartre <\/b>i<br \/>\ntam w czasie Mszy \u015awi\u0119tej, odprawionej przez Piotra Favre&#8217;a, kt\u00f3ry przed miesi\u0105cem<br \/>\notrzyma\u0142 \u015bwi\u0119cenia kap\u0142a\u0144skie, <b>z\u0142o\u017cyli<br \/>\n\u015bluby ub\u00f3stwa, czysto\u015bci oraz wierno\u015bci Ko\u015bcio\u0142owi, a zw\u0142aszcza Ojcu \u015awi\u0119temu.<br \/>\nW ten spos\u00f3b powsta\u0142 nowy zakon, zwany Towarzystwem Jezusowym, potocznie zwanym<br \/>\njezuitami.<\/b> <\/div>\n<div class=\"MsoNormal\" style=\"text-align: justify; text-indent: 35.4pt;\">\nJego cz\u0142onkowie, zaraz po zawi\u0105zaniu nowej wsp\u00f3lnoty, <b>chcieli uda\u0107 si\u0119 do Ziemi \u015awi\u0119tej,<\/b> aby nawraca\u0107<br \/>\nniewiernych i z ich r\u0119ki ponie\u015b\u0107 \u015bmier\u0107 m\u0119cze\u0144sk\u0105. Do pielgrzymki jednak nie dosz\u0142o.<br \/>\nW\u00f3wczas udali si\u0119 do Rzymu, aby <b>przedstawi\u0107<br \/>\nsi\u0119 Papie\u017cowi i odda\u0107 si\u0119 do jego dyspozycji. <\/b>Papie\u017c Pawe\u0142 III przyj\u0105\u0142 ich<br \/>\nuprzejmie i zach\u0119ci\u0142, by wszyscy przyj\u0119li \u015bwi\u0119cenia kap\u0142a\u0144skie. Sta\u0142o si\u0119 to rzeczywi\u015bcie<br \/>\nw 1536 roku. Potem oddali si\u0119 pos\u0142udze chorych po szpitalach i nauczaniu prawd<br \/>\nwiary w\u015br\u00f3d dzieci. <\/div>\n<div class=\"MsoNormal\" style=\"text-align: justify; text-indent: 35.4pt;\">\nNa polecenie Papie\u017ca, Ignacy opracowa\u0142 <b>Konstytucje swego Zakonu. <\/b>Po wielu przeszkodach Rzym zatwierdzi\u0142 je<br \/>\nw 1540 roku. w tym czasie liczba cz\u0142onk\u00f3w Towarzystwa Jezusowego bardzo szybko<br \/>\nros\u0142a \u2013 i to w r\u00f3\u017cnych krajach! <b>W roku<br \/>\n1541 zebra\u0142a si\u0119 pierwsza kapitu\u0142a generalna. Prze\u0142o\u017conym generalnym jednog\u0142o\u015bnie<br \/>\nzosta\u0142 wybrany Ignacy. <\/b>I tak ju\u017c do ko\u0144ca \u017cycia, przez ostatnich szesna\u015bcie<br \/>\nlat, by\u0142 on \u2013 je\u015bli tak mo\u017cna powiedzie\u0107 \u2013 <b>przykuty<br \/>\ndo swojego biurka i rzadko opuszcza\u0142 progi domu generalnego swego zakonu, by<br \/>\nby\u0107 zawsze do dyspozycji duchowych syn\u00f3w.<\/b> Owocem jego pracy jest<br \/>\nzachowanych oko\u0142o siedmiu tysi\u0119cy list\u00f3w.<\/div>\n<div class=\"MsoNormal\" style=\"text-align: justify; text-indent: 35.4pt;\">\nN\u0119kany r\u00f3\u017cnymi chorobami i dolegliwo\u015bciami, <b>zmar\u0142 na r\u0119kach swoich wsp\u00f3\u0142braci w dniu 31 lipca 1556 roku.<\/b> Pozostawi\u0142<br \/>\nwiele m\u0105drych i g\u0142\u0119bokich dzie\u0142, zawieraj\u0105cych niezwykle cenne pouczenia duchowe.<br \/>\nZach\u0119ca\u0142 w nich do praktykowania codziennej modlitwy my\u015blnej, wkazywa\u0142 tak\u017ce na<br \/>\nliturgi\u0119 jako na \u017ar\u00f3d\u0142o \u017cycia duchowego. <b>\u015awi\u0119tego<br \/>\nIgnacego z Loyoli kanonizowa\u0142 w 1623 roku Papie\u017c Grzegorz XV.<\/b> Jego relikwie<br \/>\nspoczywaj\u0105 w rzymskim ko\u015bciele&nbsp;<i>di<br \/>\nGesu.<\/i> <\/div>\n<div class=\"MsoNormal\" style=\"text-align: justify;\">\n&nbsp;&nbsp;&nbsp;&nbsp;&nbsp;&nbsp;&nbsp;&nbsp;&nbsp;&nbsp;&nbsp; A oto fragment historii \u017cycia<br \/>\nnaszego dzisiejszego Patrona, spisanej na podstawie jego w\u0142asnych opowiada\u0144<br \/>\nprzez Ludwika Consalvo:<br \/>\n\u201eIgnacy <b>rozczytywa\u0142<br \/>\nsi\u0119 w pr\u00f3\u017cnych i zmy\u015blonych dzie\u0142ach,<\/b> kt\u00f3re opowiada\u0142y o niezwyk\u0142ych czynach<br \/>\ns\u0142awnych ludzi. Skoro wi\u0119c poczu\u0142 si\u0119 lepiej, prosi\u0142, aby dla zaj\u0119cia czasu<br \/>\nprzyniesiono mu par\u0119 takich ksi\u0105\u017cek. Ale w tym domu takich w\u0142a\u015bnie nie by\u0142o. <b>Podano mu zatem \u201e\u017bycie Jezusa\u201d oraz \u201e\u017bywoty<br \/>\n\u015awi\u0119tych\u201d,<\/b> obydwie w j\u0119zyku ojczystym.&nbsp;<\/div>\n<div class=\"MsoNormal\" style=\"text-align: justify; text-indent: 25.0pt;\">\nCzyta\u0142 je cz\u0119sto i <b>wkr\u00f3tce<br \/>\nzacz\u0119\u0142o go poci\u0105ga\u0107 to, co w nich odnajdywa\u0142.<\/b> Nieraz te\u017c podczas czytania<br \/>\nbieg\u0142 my\u015bl\u0105 do tego, co czyta\u0142 dawniej, do marze\u0144, kt\u00f3rymi zajmowa\u0142 si\u0119<br \/>\nuprzednio, i do wielu podobnych spraw, jak si\u0119 mu kolejno narzuca\u0142y.&nbsp;<\/div>\n<div class=\"MsoNormal\" style=\"text-align: justify; text-indent: 35.4pt;\">\nZarazem i <b>mi\u0142osierdzie Bo\u017ce<br \/>\nprzychodzi\u0142o z pomoc\u0105, zast\u0119puj\u0105c tamte my\u015bli innymi, pochodz\u0105cymi z najnowszego<br \/>\nczytania.<\/b> Kiedy wi\u0119c czyta\u0142 o \u017cyciu Chrystusa Pana i \u015awi\u0119tych, zastanawia\u0142<br \/>\nsi\u0119 i pyta\u0142 samego siebie: <b>A gdybym tak<br \/>\nja zacz\u0105\u0142 post\u0119powa\u0107 jak \u015awi\u0119ty Franciszek albo \u015awi\u0119ty Dominik?<\/b> Wiele nad<br \/>\ntym rozmy\u015bla\u0142. Te my\u015bli pozostawa\u0142y w nim do\u015b\u0107 d\u0142ugo, a nast\u0119pnie wskutek<br \/>\nzaistnia\u0142ej jakiej\u015b okoliczno\u015bci zast\u0119powa\u0142y je pr\u00f3\u017cne marzenia \u015bwiatowe. One<br \/>\ntak\u017ce zatrzymywa\u0142y si\u0119 na d\u0142u\u017cszy czas. <b>Taka<br \/>\nzmienno\u015b\u0107 my\u015bli trwa\u0142a w nim do\u015b\u0107 d\u0142ugo.&nbsp;<\/b><\/div>\n<div class=\"MsoNormal\" style=\"text-align: justify; text-indent: 35.4pt;\">\nPomi\u0119dzy owymi dwoma rodzajami my\u015bli istnia\u0142a jednak pewna<br \/>\nr\u00f3\u017cnica. Gdy si\u0119 bowiem zajmowa\u0142 <b>sprawami<br \/>\n\u015bwiatowymi, odczuwa\u0142 wielk\u0105 przyjemno\u015b\u0107, kiedy znu\u017cony zaprzestawa\u0142, prze\u017cywa\u0142<br \/>\nsmutek i pustk\u0119.<\/b> Kiedy natomiast rozmy\u015bla\u0142 o na\u015bladowaniu wielkich dzie\u0142<br \/>\npokuty, dokonywanych przez \u015bwi\u0119tych m\u0119\u017c\u00f3w, wtedy <b>odczuwa\u0142 przyjemno\u015b\u0107 nie tylko rozmy\u015blaj\u0105c, ale tak\u017ce po zaprzestaniu<br \/>\nrozmy\u015blania.<\/b> Przez pewien czas nie dostrzega\u0142 tej r\u00f3\u017cnicy ani nie przywi\u0105zywa\u0142<br \/>\ndo niej wagi, a\u017c pewnego dnia otwar\u0142y si\u0119 oczy jego duszy i zacz\u0105\u0142 si\u0119 zastanawia\u0107,<br \/>\nwidz\u0105c najwyra\u017aniej, i\u017c <b>jeden rodzaj<br \/>\nrozmy\u015blania napawa go smutkiem, drugi rado\u015bci\u0105.&nbsp;<\/b>Taka by\u0142a jego pierwsza medytacja<br \/>\no sprawach Bo\u017cych.\u201d Tyle z dzie\u0142a opisuj\u0105cego \u017cyciow\u0105 drog\u0105 \u015awi\u0119tego Ignacego.<\/div>\n<div class=\"MsoNormal\" style=\"text-align: justify; text-indent: 35.4pt;\">\nA my, s\u0142uchaj\u0105c S\u0142owa Bo\u017cego, przeznaczonego na dzie\u0144 dzisiejszy w<br \/>\nliturgii Ko\u015bcio\u0142a, odnajdujemy w nim <b>obraz<br \/>\nkl\u0119ski, jaka spotka cz\u0142owieka zawsze, ilekro\u0107 odwr\u00f3ci si\u0119 od swego Boga.<\/b><br \/>\nSt\u0105d niejako spontanicznie, z serca cz\u0142owieka, do\u015bwiadczonego z\u0142em,<br \/>\nspowodowanym przez w\u0142asn\u0105 nieprawo\u015b\u0107, rodzi si\u0119 <b>wo\u0142anie o ratunek i ocalenie <\/b>\u2013 jak to s\u0142yszymy w pierwszym<br \/>\nczytaniu. Jezus za\u015b, wyja\u015bniaj\u0105c przypowie\u015b\u0107 o chwa\u015bcie, zapowiada <b>ostateczne pe\u0142ne zwyci\u0119stwo dobra i<br \/>\nostateczn\u0105 totaln\u0105 przegran\u0105 z\u0142a. <\/b><\/div>\n<div class=\"MsoNormal\" style=\"text-align: justify; text-indent: 35.4pt;\">\nTaki w\u0142a\u015bnie proces \u2013 <b>proces<br \/>\ndog\u0142\u0119bnej przemiany i ca\u0142kowitej przebudowy \u017cycia<\/b> \u2013 dokona\u0142 si\u0119 w historii<br \/>\nnaszego dzisiejszego Patrona. \u015awi\u0119ty Ignacy z Loyoli doszed\u0142 do tego <b>drog\u0105 r\u00f3\u017cnych \u017cyciowych do\u015bwiadcze\u0144, w tym:<br \/>\ndo\u015bwiadczenia kalectwa, ale chyba jeszcze bardziej \u2013 poprzez dobr\u0105 lektur\u0119 i<br \/>\nmedytacj\u0119.<\/b><\/div>\n<div class=\"MsoNormal\" style=\"text-align: justify; text-indent: 35.4pt;\">\nNiech i nam nigdy nie zabraknie czasu na <b>zatrzymanie, zastanowienie, przemy\u015blenie wielu swoich spraw od podstaw.<\/b><br \/>\nPomoc\u0105 za\u015b w tej refleksji niech b\u0119dzie Pismo \u015awi\u0119te i dobra lektura katolicka,<br \/>\nw tym tak\u017ce prasa, po kt\u00f3re cz\u0119sto i ch\u0119tnie b\u0119dziemy si\u0119gali. <\/div>\n<div class=\"MsoNormal\" style=\"text-align: justify; text-indent: 35.4pt;\">\nI w\u0142a\u015bnie bior\u0105c to wszystko pod uwag\u0119, odpowiedzmy sami sobie: <\/div>\n<div class=\"MsoNormal\" style=\"margin-left: 36.0pt; mso-list: l0 level1 lfo1; tab-stops: list 36.0pt; text-align: justify; text-indent: -18.0pt;\">\n\u00b7&nbsp;&nbsp;&nbsp;&nbsp;&nbsp;&nbsp;&nbsp;<br \/>\nJak cz\u0119sto w ciszy serca zastanawiam<br \/>\nsi\u0119 nad tym, co mog\u0119 i powinienem zmieni\u0107 w swoim \u017cyciu?<\/div>\n<div class=\"MsoNormal\" style=\"margin-left: 36.0pt; mso-list: l0 level1 lfo1; tab-stops: list 36.0pt; text-align: justify; text-indent: -18.0pt;\">\n\u00b7&nbsp;&nbsp;&nbsp;&nbsp;&nbsp;&nbsp;&nbsp;<br \/>\nCzy ja przypadkiem nie boj\u0119 si\u0119 ciszy,<br \/>\nczy przed ni\u0105 nie uciekam?<\/div>\n<div class=\"MsoNormal\" style=\"margin-left: 36.0pt; mso-list: l0 level1 lfo1; tab-stops: list 36.0pt; text-align: justify; text-indent: -18.0pt;\">\n\u00b7&nbsp;&nbsp;&nbsp;&nbsp;&nbsp;&nbsp;&nbsp;<br \/>\nCo ostatnio przeczyta\u0142em \u2013 lub czytam<br \/>\n\u2013 z literatury duchowej?<\/div>\n<div class=\"MsoNormal\" style=\"text-align: justify;\">\n<\/div>\n<div class=\"MsoNormal\" style=\"text-align: justify;\">\n<b><i>Uznajemy, Panie, nasz\u0105 niegodziwo\u015b\u0107,<br \/>\nprzewrotno\u015b\u0107 naszych przodk\u00f3w, bo zgrzeszyli\u015bmy przeciw Tobie. Nie odrzucaj nas<br \/>\nprzez wzgl\u0105d na Twoje imi\u0119, od czci nie ods\u0105dzaj tronu Twojej chwa\u0142y. Pami\u0119taj,<br \/>\nnie zrywaj swego Przymierza z nami.<\/i><\/b><b><\/b><\/div>\n","protected":false},"excerpt":{"rendered":"<p>Szcz\u0119\u015b\u0107 Bo\u017ce! Przepraszam za op\u00f3\u017anienie, ale dzisiaj od rana musia\u0142em par\u0119 godzin sp\u0119dzi\u0107 za kierownic\u0105. Swoj\u0105 drog\u0105 &#8211; dobry czas na modlitw\u0119&#8230; Ale ju\u017c spiesz\u0119 z zamieszczeniem dzisiejszego wpisu. A dotyczy on niezwyk\u0142ego \u015awi\u0119tego, kt\u00f3ry ma dla nas, zap\u0119dzonych ludzi, bardzo ciekaw\u0105 propozycj\u0119&#8230; Do przemy\u015blenia w czasie urlopowym&#8230; &nbsp; &nbsp; &nbsp; &nbsp; &nbsp; &nbsp;Gaudium et [&hellip;]<\/p>\n","protected":false},"author":1,"featured_media":0,"comment_status":"open","ping_status":"open","sticky":false,"template":"","format":"standard","meta":{"jetpack_post_was_ever_published":false,"_jetpack_newsletter_access":"","_jetpack_dont_email_post_to_subs":false,"_jetpack_newsletter_tier_id":0,"_jetpack_memberships_contains_paywalled_content":false,"_jetpack_memberships_contains_paid_content":false,"footnotes":""},"categories":[1],"tags":[],"class_list":["post-9412","post","type-post","status-publish","format-standard","hentry","category-bez-kategorii"],"yoast_head":"<!-- This site is optimized with the Yoast SEO plugin v25.1 - https:\/\/yoast.com\/wordpress\/plugins\/seo\/ -->\n<title>O Patronie rekolekcjonist\u00f3w i rekolektant\u00f3w... - Gaudium Et Spes<\/title>\n<meta name=\"robots\" content=\"index, follow, max-snippet:-1, max-image-preview:large, max-video-preview:-1\" \/>\n<link rel=\"canonical\" href=\"https:\/\/gaudiumetspes-blog.pl\/index.php\/2012\/07\/31\/o-patronie-rekolekcjonistow-i\/\" \/>\n<meta property=\"og:locale\" content=\"pl_PL\" \/>\n<meta property=\"og:type\" content=\"article\" \/>\n<meta property=\"og:title\" content=\"O Patronie rekolekcjonist\u00f3w i rekolektant\u00f3w... - Gaudium Et Spes\" \/>\n<meta property=\"og:description\" content=\"Szcz\u0119\u015b\u0107 Bo\u017ce! Przepraszam za op\u00f3\u017anienie, ale dzisiaj od rana musia\u0142em par\u0119 godzin sp\u0119dzi\u0107 za kierownic\u0105. Swoj\u0105 drog\u0105 &#8211; dobry czas na modlitw\u0119&#8230; Ale ju\u017c spiesz\u0119 z zamieszczeniem dzisiejszego wpisu. A dotyczy on niezwyk\u0142ego \u015awi\u0119tego, kt\u00f3ry ma dla nas, zap\u0119dzonych ludzi, bardzo ciekaw\u0105 propozycj\u0119&#8230; Do przemy\u015blenia w czasie urlopowym&#8230; &nbsp; &nbsp; &nbsp; &nbsp; &nbsp; &nbsp;Gaudium et [&hellip;]\" \/>\n<meta property=\"og:url\" content=\"https:\/\/gaudiumetspes-blog.pl\/index.php\/2012\/07\/31\/o-patronie-rekolekcjonistow-i\/\" \/>\n<meta property=\"og:site_name\" content=\"Gaudium Et Spes\" \/>\n<meta property=\"article:published_time\" content=\"2012-07-31T08:49:00+00:00\" \/>\n<meta property=\"article:modified_time\" content=\"2019-07-31T10:53:25+00:00\" \/>\n<meta name=\"author\" content=\"Ks. Jacek\" \/>\n<meta name=\"twitter:card\" content=\"summary_large_image\" \/>\n<meta name=\"twitter:label1\" content=\"Napisane przez\" \/>\n\t<meta name=\"twitter:data1\" content=\"Ks. Jacek\" \/>\n\t<meta name=\"twitter:label2\" content=\"Szacowany czas czytania\" \/>\n\t<meta name=\"twitter:data2\" content=\"10 minut\" \/>\n<script type=\"application\/ld+json\" class=\"yoast-schema-graph\">{\"@context\":\"https:\/\/schema.org\",\"@graph\":[{\"@type\":\"WebPage\",\"@id\":\"https:\/\/gaudiumetspes-blog.pl\/index.php\/2012\/07\/31\/o-patronie-rekolekcjonistow-i\/\",\"url\":\"https:\/\/gaudiumetspes-blog.pl\/index.php\/2012\/07\/31\/o-patronie-rekolekcjonistow-i\/\",\"name\":\"O Patronie rekolekcjonist\u00f3w i rekolektant\u00f3w... - Gaudium Et Spes\",\"isPartOf\":{\"@id\":\"https:\/\/gaudiumetspes-blog.pl\/#website\"},\"datePublished\":\"2012-07-31T08:49:00+00:00\",\"dateModified\":\"2019-07-31T10:53:25+00:00\",\"author\":{\"@id\":\"https:\/\/gaudiumetspes-blog.pl\/#\/schema\/person\/1661982992b752dea8dff0d4ed845a65\"},\"breadcrumb\":{\"@id\":\"https:\/\/gaudiumetspes-blog.pl\/index.php\/2012\/07\/31\/o-patronie-rekolekcjonistow-i\/#breadcrumb\"},\"inLanguage\":\"pl-PL\",\"potentialAction\":[{\"@type\":\"ReadAction\",\"target\":[\"https:\/\/gaudiumetspes-blog.pl\/index.php\/2012\/07\/31\/o-patronie-rekolekcjonistow-i\/\"]}]},{\"@type\":\"BreadcrumbList\",\"@id\":\"https:\/\/gaudiumetspes-blog.pl\/index.php\/2012\/07\/31\/o-patronie-rekolekcjonistow-i\/#breadcrumb\",\"itemListElement\":[{\"@type\":\"ListItem\",\"position\":1,\"name\":\"Strona g\u0142\u00f3wna\",\"item\":\"https:\/\/gaudiumetspes-blog.pl\/\"},{\"@type\":\"ListItem\",\"position\":2,\"name\":\"O&nbsp;Patronie rekolekcjonist\u00f3w i&nbsp;rekolektant\u00f3w&#8230;\"}]},{\"@type\":\"WebSite\",\"@id\":\"https:\/\/gaudiumetspes-blog.pl\/#website\",\"url\":\"https:\/\/gaudiumetspes-blog.pl\/\",\"name\":\"Gaudium Et Spes\",\"description\":\"Blog Ks. Jacka Ja\u015bkowskiego\",\"potentialAction\":[{\"@type\":\"SearchAction\",\"target\":{\"@type\":\"EntryPoint\",\"urlTemplate\":\"https:\/\/gaudiumetspes-blog.pl\/?s={search_term_string}\"},\"query-input\":{\"@type\":\"PropertyValueSpecification\",\"valueRequired\":true,\"valueName\":\"search_term_string\"}}],\"inLanguage\":\"pl-PL\"},{\"@type\":\"Person\",\"@id\":\"https:\/\/gaudiumetspes-blog.pl\/#\/schema\/person\/1661982992b752dea8dff0d4ed845a65\",\"name\":\"Ks. Jacek\",\"image\":{\"@type\":\"ImageObject\",\"inLanguage\":\"pl-PL\",\"@id\":\"https:\/\/gaudiumetspes-blog.pl\/#\/schema\/person\/image\/\",\"url\":\"https:\/\/gaudiumetspes-blog.pl\/wp-content\/uploads\/2019\/07\/avatar-JJ-150x150.jpg\",\"contentUrl\":\"https:\/\/gaudiumetspes-blog.pl\/wp-content\/uploads\/2019\/07\/avatar-JJ-150x150.jpg\",\"caption\":\"Ks. Jacek\"},\"description\":\"Witam serdecznie! K\u0142ania si\u0119 Ks. Jacek Ja\u015bkowski. Nie jestem ani kim\u015b wa\u017cnym, ani kim\u015b znanym. Jestem ksi\u0119dzem, kt\u00f3ry po prostu chce rozmawia\u0107. Codzienna kap\u0142a\u0144ska pos\u0142uga pokazuje mi, \u017ce temat\u00f3w do rozm\u00f3w z ksi\u0119dzem jest coraz wi\u0119cej i dzisiaj \u017caden ksi\u0105dz nie mo\u017ce od nich ucieka\u0107, ale - wprost przeciwnie - podejmowa\u0107 nowe wyzwania. To przekonanie sk\u0142oni\u0142o mnie do pr\u00f3by otwarcia tego\u017c bloga, chocia\u017c okazji do rozm\u00f3w na co dzie\u0144 - w konfesjonale i poza nim - na szcz\u0119\u015bcie nie brakuje. My\u015bl\u0119 jednak, \u017ce ten blog b\u0119dzie jeszcze jednym sposobem i przestrzeni\u0105 nawi\u0105zania kontaktu z lud\u017ami dobrej woli, otwartymi na dialog.\",\"url\":\"https:\/\/gaudiumetspes-blog.pl\/index.php\/author\/ks-jacek\/\"}]}<\/script>\n<!-- \/ Yoast SEO plugin. -->","yoast_head_json":{"title":"O Patronie rekolekcjonist\u00f3w i rekolektant\u00f3w... - Gaudium Et Spes","robots":{"index":"index","follow":"follow","max-snippet":"max-snippet:-1","max-image-preview":"max-image-preview:large","max-video-preview":"max-video-preview:-1"},"canonical":"https:\/\/gaudiumetspes-blog.pl\/index.php\/2012\/07\/31\/o-patronie-rekolekcjonistow-i\/","og_locale":"pl_PL","og_type":"article","og_title":"O Patronie rekolekcjonist\u00f3w i rekolektant\u00f3w... - Gaudium Et Spes","og_description":"Szcz\u0119\u015b\u0107 Bo\u017ce! Przepraszam za op\u00f3\u017anienie, ale dzisiaj od rana musia\u0142em par\u0119 godzin sp\u0119dzi\u0107 za kierownic\u0105. Swoj\u0105 drog\u0105 &#8211; dobry czas na modlitw\u0119&#8230; Ale ju\u017c spiesz\u0119 z zamieszczeniem dzisiejszego wpisu. A dotyczy on niezwyk\u0142ego \u015awi\u0119tego, kt\u00f3ry ma dla nas, zap\u0119dzonych ludzi, bardzo ciekaw\u0105 propozycj\u0119&#8230; Do przemy\u015blenia w czasie urlopowym&#8230; &nbsp; &nbsp; &nbsp; &nbsp; &nbsp; &nbsp;Gaudium et [&hellip;]","og_url":"https:\/\/gaudiumetspes-blog.pl\/index.php\/2012\/07\/31\/o-patronie-rekolekcjonistow-i\/","og_site_name":"Gaudium Et Spes","article_published_time":"2012-07-31T08:49:00+00:00","article_modified_time":"2019-07-31T10:53:25+00:00","author":"Ks. Jacek","twitter_card":"summary_large_image","twitter_misc":{"Napisane przez":"Ks. Jacek","Szacowany czas czytania":"10 minut"},"schema":{"@context":"https:\/\/schema.org","@graph":[{"@type":"WebPage","@id":"https:\/\/gaudiumetspes-blog.pl\/index.php\/2012\/07\/31\/o-patronie-rekolekcjonistow-i\/","url":"https:\/\/gaudiumetspes-blog.pl\/index.php\/2012\/07\/31\/o-patronie-rekolekcjonistow-i\/","name":"O Patronie rekolekcjonist\u00f3w i rekolektant\u00f3w... - Gaudium Et Spes","isPartOf":{"@id":"https:\/\/gaudiumetspes-blog.pl\/#website"},"datePublished":"2012-07-31T08:49:00+00:00","dateModified":"2019-07-31T10:53:25+00:00","author":{"@id":"https:\/\/gaudiumetspes-blog.pl\/#\/schema\/person\/1661982992b752dea8dff0d4ed845a65"},"breadcrumb":{"@id":"https:\/\/gaudiumetspes-blog.pl\/index.php\/2012\/07\/31\/o-patronie-rekolekcjonistow-i\/#breadcrumb"},"inLanguage":"pl-PL","potentialAction":[{"@type":"ReadAction","target":["https:\/\/gaudiumetspes-blog.pl\/index.php\/2012\/07\/31\/o-patronie-rekolekcjonistow-i\/"]}]},{"@type":"BreadcrumbList","@id":"https:\/\/gaudiumetspes-blog.pl\/index.php\/2012\/07\/31\/o-patronie-rekolekcjonistow-i\/#breadcrumb","itemListElement":[{"@type":"ListItem","position":1,"name":"Strona g\u0142\u00f3wna","item":"https:\/\/gaudiumetspes-blog.pl\/"},{"@type":"ListItem","position":2,"name":"O&nbsp;Patronie rekolekcjonist\u00f3w i&nbsp;rekolektant\u00f3w&#8230;"}]},{"@type":"WebSite","@id":"https:\/\/gaudiumetspes-blog.pl\/#website","url":"https:\/\/gaudiumetspes-blog.pl\/","name":"Gaudium Et Spes","description":"Blog Ks. Jacka Ja\u015bkowskiego","potentialAction":[{"@type":"SearchAction","target":{"@type":"EntryPoint","urlTemplate":"https:\/\/gaudiumetspes-blog.pl\/?s={search_term_string}"},"query-input":{"@type":"PropertyValueSpecification","valueRequired":true,"valueName":"search_term_string"}}],"inLanguage":"pl-PL"},{"@type":"Person","@id":"https:\/\/gaudiumetspes-blog.pl\/#\/schema\/person\/1661982992b752dea8dff0d4ed845a65","name":"Ks. Jacek","image":{"@type":"ImageObject","inLanguage":"pl-PL","@id":"https:\/\/gaudiumetspes-blog.pl\/#\/schema\/person\/image\/","url":"https:\/\/gaudiumetspes-blog.pl\/wp-content\/uploads\/2019\/07\/avatar-JJ-150x150.jpg","contentUrl":"https:\/\/gaudiumetspes-blog.pl\/wp-content\/uploads\/2019\/07\/avatar-JJ-150x150.jpg","caption":"Ks. Jacek"},"description":"Witam serdecznie! K\u0142ania si\u0119 Ks. Jacek Ja\u015bkowski. Nie jestem ani kim\u015b wa\u017cnym, ani kim\u015b znanym. Jestem ksi\u0119dzem, kt\u00f3ry po prostu chce rozmawia\u0107. Codzienna kap\u0142a\u0144ska pos\u0142uga pokazuje mi, \u017ce temat\u00f3w do rozm\u00f3w z ksi\u0119dzem jest coraz wi\u0119cej i dzisiaj \u017caden ksi\u0105dz nie mo\u017ce od nich ucieka\u0107, ale - wprost przeciwnie - podejmowa\u0107 nowe wyzwania. To przekonanie sk\u0142oni\u0142o mnie do pr\u00f3by otwarcia tego\u017c bloga, chocia\u017c okazji do rozm\u00f3w na co dzie\u0144 - w konfesjonale i poza nim - na szcz\u0119\u015bcie nie brakuje. My\u015bl\u0119 jednak, \u017ce ten blog b\u0119dzie jeszcze jednym sposobem i przestrzeni\u0105 nawi\u0105zania kontaktu z lud\u017ami dobrej woli, otwartymi na dialog.","url":"https:\/\/gaudiumetspes-blog.pl\/index.php\/author\/ks-jacek\/"}]}},"jetpack_featured_media_url":"","jetpack_sharing_enabled":true,"_links":{"self":[{"href":"https:\/\/gaudiumetspes-blog.pl\/index.php\/wp-json\/wp\/v2\/posts\/9412","targetHints":{"allow":["GET"]}}],"collection":[{"href":"https:\/\/gaudiumetspes-blog.pl\/index.php\/wp-json\/wp\/v2\/posts"}],"about":[{"href":"https:\/\/gaudiumetspes-blog.pl\/index.php\/wp-json\/wp\/v2\/types\/post"}],"author":[{"embeddable":true,"href":"https:\/\/gaudiumetspes-blog.pl\/index.php\/wp-json\/wp\/v2\/users\/1"}],"replies":[{"embeddable":true,"href":"https:\/\/gaudiumetspes-blog.pl\/index.php\/wp-json\/wp\/v2\/comments?post=9412"}],"version-history":[{"count":1,"href":"https:\/\/gaudiumetspes-blog.pl\/index.php\/wp-json\/wp\/v2\/posts\/9412\/revisions"}],"predecessor-version":[{"id":10671,"href":"https:\/\/gaudiumetspes-blog.pl\/index.php\/wp-json\/wp\/v2\/posts\/9412\/revisions\/10671"}],"wp:attachment":[{"href":"https:\/\/gaudiumetspes-blog.pl\/index.php\/wp-json\/wp\/v2\/media?parent=9412"}],"wp:term":[{"taxonomy":"category","embeddable":true,"href":"https:\/\/gaudiumetspes-blog.pl\/index.php\/wp-json\/wp\/v2\/categories?post=9412"},{"taxonomy":"post_tag","embeddable":true,"href":"https:\/\/gaudiumetspes-blog.pl\/index.php\/wp-json\/wp\/v2\/tags?post=9412"}],"curies":[{"name":"wp","href":"https:\/\/api.w.org\/{rel}","templated":true}]}}