{"id":9413,"date":"2012-07-30T05:45:00","date_gmt":"2012-07-30T03:45:00","guid":{"rendered":"https:\/\/gaudiumetspes-blog.pl\/index.php\/2012\/07\/30\/czy-bog-takze-dzisiaj-do-nas-mowi\/"},"modified":"2019-07-31T12:53:25","modified_gmt":"2019-07-31T10:53:25","slug":"czy-bog-takze-dzisiaj-do-nas-mowi","status":"publish","type":"post","link":"https:\/\/gaudiumetspes-blog.pl\/index.php\/2012\/07\/30\/czy-bog-takze-dzisiaj-do-nas-mowi\/","title":{"rendered":"Czy B\u00f3g tak\u017ce dzisiaj do nas m\u00f3wi?&#8230;"},"content":{"rendered":"<p><\/p>\n<div class=\"MsoNormal\" style=\"text-align: justify;\">\nSzcz\u0119\u015b\u0107 Bo\u017ce! Pozdrawiam ju\u017c z Celestynowa. Po ponad o\u015bmiu godzinach podr\u00f3\u017cy, dotarli\u015bmy szcz\u0119\u015bliwie tu\u017c po p\u00f3\u0142nocy. Bogu niech b\u0119d\u0105 dzi\u0119ki za ten wspania\u0142y czas promieniowania Jego \u0142aski! Naprawd\u0119, bardzo udany wyjazd &#8211; od tej strony zewn\u0119trznej patrz\u0105c. Bo to, co si\u0119 dokona w sercach, to si\u0119 dopiero oka\u017ce, ale to ka\u017cdy b\u0119dzie musia\u0142 sam oceni\u0107 i stwierdzi\u0107.&nbsp;<\/div>\n<div class=\"MsoNormal\" style=\"text-align: justify;\">\n&nbsp; &nbsp; &nbsp;Wczorajsza moja zach\u0119ta do zachowania abstynencji w sierpniu wywo\u0142a\u0142a kilka komentarzy. Bardzo za nie dzi\u0119kuj\u0119, w ci\u0105gu dnia wczytam si\u0119 w nie uwa\u017cnie, ale zgadzam si\u0119 z tym, \u017ce problem jest wci\u0105\u017c aktualny &#8211; i wcale si\u0119 nie zmniejsza, a chyba coraz bardziej si\u0119 zwi\u0119ksza. Dlatego my, kt\u00f3rzy go rozumiemy, musimy reagowa\u0107! Jak? Dobrze wiemy!<\/div>\n<div class=\"MsoNormal\" style=\"text-align: justify;\">\n&nbsp; &nbsp; &nbsp;A dzisiaj &#8211; kilka s\u0142\u00f3w o sposobach Bo\u017cego m\u00f3wienia do nas&#8230;<\/div>\n<div class=\"MsoNormal\" style=\"text-align: justify;\">\n&nbsp; &nbsp; &nbsp; &nbsp; &nbsp; &nbsp; &nbsp; &nbsp; Gaudium et spes! &nbsp;Ks. Jacek<\/div>\n<div class=\"MsoNormal\" style=\"text-align: justify;\">\n<b><br \/><\/b><\/div>\n<div class=\"MsoNormal\" style=\"text-align: justify;\">\n<b>Poniedzia\u0142ek<br \/>\n17 tygodnia zwyk\u0142ego, rok II,<\/b><\/div>\n<div class=\"MsoNormal\" style=\"text-align: justify;\">\n<b>do<br \/>\nczyta\u0144:&nbsp; Jr 13,1\u201311;&nbsp; Mt 13,31\u201335<\/b><\/div>\n<div class=\"MsoNormal\" style=\"text-align: justify;\">\n<\/div>\n<div class=\"MsoNormal\" style=\"text-align: justify;\">\n<b>CZYTANIE Z KSI\u0118GI PROROKA JEREMIASZA:&nbsp;<\/b><\/div>\n<div class=\"MsoNormal\" style=\"text-align: justify; text-indent: 35.4pt;\">\n<b>To<br \/>\npowiedzia\u0142 mi Pan: \u201eId\u017a i kup sobie pas lniany, i w\u0142\u00f3\u017c go sobie na biodra, ale<br \/>\nnie k\u0142ad\u017a go do wody\u201d. I kupi\u0142em pas zgodnie z rozkazem Pana, i w\u0142o\u017cy\u0142em go<br \/>\nsobie na biodra.<\/b><b><\/b><\/div>\n<div class=\"MsoNormal\" style=\"text-align: justify; text-indent: 35.4pt;\">\n<b>Po<br \/>\nraz drugi otrzyma\u0142em polecenie Pana: \u201eWe\u017a pas, kt\u00f3ry kupi\u0142e\u015b, a kt\u00f3ry nosisz na<br \/>\nswych biodrach, wsta\u0144 i id\u017a nad Eufrat, i schowaj go tam w rozpadlinie ska\u0142y\u201d.<br \/>\nPoszed\u0142em i ukry\u0142em go nad Eufratem, jak mi rozkaza\u0142 Pan.&nbsp;<\/b><\/div>\n<div class=\"MsoNormal\" style=\"text-align: justify; text-indent: 35.4pt;\">\n<b>Po<br \/>\nup\u0142ywie wielu dni rzek\u0142 do mnie Pan: \u201eWsta\u0144 i id\u017a nad Eufrat, i zabierz stamt\u0105d<br \/>\npas, kt\u00f3ry ci kaza\u0142em ukry\u0107\u201d. I poszed\u0142em nad Eufrat, odszuka\u0142em i wyci\u0105gn\u0105\u0142em<br \/>\npas z miejsca, w kt\u00f3rym go ukry\u0142em, a oto pas zbutwia\u0142 i nie nadawa\u0142 si\u0119 do niczego.&nbsp;<\/b><\/div>\n<div class=\"MsoNormal\" style=\"text-align: justify; text-indent: 35.4pt;\">\n<b>I<br \/>\nskierowa\u0142 Pan do mnie nast\u0119puj\u0105ce s\u0142owo: \u201eTo m\u00f3wi Pan: \u00abTak oto zniszcz\u0119 pych\u0119<br \/>\nJudy i bezgraniczn\u0105 pych\u0119 Jerozolimy. Przewrotny ten nar\u00f3d odmawia<br \/>\npos\u0142usze\u0144stwa moim s\u0142owom, post\u0119puj\u0105c wed\u0142ug swego zatwardzia\u0142ego serca; ugania<br \/>\nsi\u0119 za obcymi bogami, by im s\u0142u\u017cy\u0107 i oddawa\u0107 cze\u015b\u0107, niech wi\u0119c si\u0119 stanie jak<br \/>\nten pas, kt\u00f3ry nie nadaje si\u0119 do niczego. Albowiem jak przylega pas do bioder<br \/>\nm\u0119\u017cczyzny, tak przygarn\u0105\u0142em do siebie ca\u0142y dom Izraela i ca\u0142y dom Judy, m\u00f3wi<br \/>\nPan, by by\u0142y dla Mnie narodem, moj\u0105 s\u0142aw\u0105, moim zaszczytem i moj\u0105 dum\u0105\u00bb\u201d.<\/b><\/div>\n<div class=\"MsoNormal\" style=\"text-align: justify;\">\n<\/div>\n<div class=\"MsoNormal\" style=\"text-align: justify;\">\n<b>S\u0141OWA EWANGELII WED\u0141UG \u015aWI\u0118TEGO MATEUSZA:<\/b><\/div>\n<div class=\"MsoNormal\" style=\"text-align: justify; text-indent: 35.4pt;\">\n<b>Jezus<br \/>\nopowiedzia\u0142 t\u0142umom t\u0119 przypowie\u015b\u0107: \u201eKr\u00f3lestwo niebieskie podobne jest do<br \/>\nziarnka gorczycy, kt\u00f3re kto\u015b wzi\u0105\u0142 i posia\u0142 na swej roli. Jest ono najmniejsze<br \/>\nze wszystkich nasion, lecz gdy wyro\u015bnie, jest wi\u0119ksze od innych jarzyn i staje<br \/>\nsi\u0119 drzewem, tak \u017ce ptaki przylatuj\u0105 z powietrza i gnie\u017cd\u017c\u0105 si\u0119 na jego ga\u0142\u0119ziach\u201d.<\/b><b><\/b><\/div>\n<div class=\"MsoNormal\" style=\"text-align: justify; text-indent: 35.4pt;\">\n<b>Powiedzia\u0142<br \/>\nim inn\u0105 przypowie\u015b\u0107: \u201eKr\u00f3lestwo niebieskie podobne jest do zaczynu, kt\u00f3ry pewna<br \/>\nkobieta wzi\u0119\u0142a i w\u0142o\u017cy\u0142a w trzy miary m\u0105ki, a\u017c si\u0119 wszystko zakwasi\u0142o\u201d.&nbsp;<\/b><\/div>\n<div class=\"MsoNormal\" style=\"text-align: justify;\">\n<b>To wszystko m\u00f3wi\u0142 Jezus<br \/>\nt\u0142umom w przypowie\u015bciach, a bez przypowie\u015bci nic im nie m\u00f3wi\u0142. Tak mia\u0142o si\u0119<br \/>\nspe\u0142ni\u0107 s\u0142owo Proroka: \u201eOtworz\u0119 usta w przypowie\u015bciach, wypowiem rzeczy ukryte<br \/>\nod za\u0142o\u017cenia \u015bwiata\u201d.<\/b><\/div>\n<div class=\"MsoNormal\" style=\"text-align: justify;\">\n<\/div>\n<div class=\"MsoNormal\" style=\"text-align: justify; text-indent: 35.4pt;\">\nJakich <b>obraz\u00f3w, por\u00f3wna\u0144 i symboli u\u017cywa B\u00f3g,<\/b> \u017ceby pom\u00f3c cz\u0142owiekowi<br \/>\nzrozumie\u0107 swoje pos\u0142anie! W pierwszym czytaniu s\u0142yszymy, jak <b>Prorok Jeremiasz otrzymuje polecenie<br \/>\nza\u0142o\u017cenia lnianego pasa,<\/b> a nast\u0119pnie z\u0142o\u017cenia go do rozpadliny skalnej, we<br \/>\nwskazanym miejscu nad Eufratem. Pas tam z\u0142o\u017cony, <b>po jakim\u015b czasie zbutwia\u0142,<\/b> a to by\u0142o potrzebne Bogu, aby w ten<br \/>\nspos\u00f3b zapowiedzie\u0107 kar\u0119 za pych\u0119 Judy i Jerozolimy\u2026 <\/div>\n<div class=\"MsoNormal\" style=\"text-align: justify; text-indent: 35.4pt;\">\nZnaczenie ca\u0142ego tego<br \/>\nsymbolu zostaje jasno i konkretnie wyja\u015bnione w tych oto Bo\u017cych s\u0142owach: <b><i>Tak oto zniszcz\u0119 pych\u0119 Judy i bezgraniczn\u0105 pych\u0119 Jerozolimy.<br \/>\nPrzewrotny ten nar\u00f3d odmawia pos\u0142usze\u0144stwa moim s\u0142owom, post\u0119puj\u0105c wed\u0142ug swego<br \/>\nzatwardzia\u0142ego serca; ugania si\u0119 za obcymi bogami, by im s\u0142u\u017cy\u0107 i oddawa\u0107<br \/>\ncze\u015b\u0107, niech wi\u0119c si\u0119 stanie jak ten pas, kt\u00f3ry nie nadaje si\u0119 do niczego.<br \/>\nAlbowiem jak przylega pas do bioder m\u0119\u017cczyzny, tak przygarn\u0105\u0142em do siebie ca\u0142y<br \/>\ndom Izraela i ca\u0142y dom Judy, m\u00f3wi Pan, by by\u0142y dla Mnie narodem, moj\u0105 s\u0142aw\u0105,<br \/>\nmoim zaszczytem i moj\u0105 dum\u0105<\/i>\u2026 <\/b><\/div>\n<div class=\"MsoNormal\" style=\"text-align: justify; text-indent: 35.4pt;\">\nTak samo w<br \/>\nEwangelii s\u0142yszymy <b>dwie przypowie\u015bci,<\/b><br \/>\nm\u00f3wi\u0105ce w obrazowy spos\u00f3b o bardzo konkretnej rzeczywisto\u015bci Kr\u00f3lestwa<br \/>\nniebieskiego. A w podsumowaniu tego Jezusowego pouczenia Ewangelista stwierdza:<br \/>\n<b><i>To<br \/>\nwszystko m\u00f3wi\u0142 Jezus t\u0142umom w przypowie\u015bciach, a bez przypowie\u015bci nic im nie<br \/>\nm\u00f3wi\u0142. Tak mia\u0142o si\u0119 spe\u0142ni\u0107 s\u0142owo Proroka<\/i>: \u201e<i>Otworz\u0119 usta w przypowie\u015bciach, wypowiem rzeczy ukryte od za\u0142o\u017cenia<br \/>\n\u015bwiata<\/i>\u201d. <\/b><\/div>\n<div class=\"MsoNormal\" style=\"text-align: justify; text-indent: 35.4pt;\">\nTak, Kochani,<br \/>\nB\u00f3g szuka r\u00f3\u017cnych sposob\u00f3w, <b>aby cz\u0142owiek<br \/>\nuwierzy\u0142, aby cz\u0142owiek zrozumia\u0142, aby cz\u0142owiek przyj\u0105\u0142 prawd\u0119,<\/b> z kt\u00f3r\u0105 On<br \/>\nsam si\u0119 do niego zwraca. <b>W Starym<br \/>\nTestamencie \u2013 by\u0142y to r\u00f3\u017cne znaki i symbole. <\/b>Obok tego dzisiaj opisanego,<br \/>\nwiele jeszcze innych tego typu znak\u00f3w B\u00f3g dokona\u0142, kt\u00f3rych znaczenie zwykle<br \/>\ntak\u017ce wyja\u015bnia\u0142. <\/div>\n<div class=\"MsoNormal\" style=\"text-align: justify; text-indent: 35.4pt;\">\n<b>W Nowym Testamencie tak\u017ce dawane by\u0142y znaki,<\/b> z kt\u00f3rych<br \/>\nnajbardziej znacz\u0105cym by\u0142a <b>misja Jezusa<br \/>\nChrystusa,<\/b> a najwi\u0119kszym \u2013 <b>Jego<br \/>\nZmartwychwstanie.<\/b> To by\u0142 najmocniejszy i najbardziej wymowny znak, dany<br \/>\nprzez Boga w Osobie Jezusa Chrystusa. W nauczaniu za\u015b samego Jezusa <b>istotn\u0105 i specyficzn\u0105 rol\u0119 spe\u0142nia\u0142y przypowie\u015bci,<\/b><br \/>\njako znaki s\u0142u\u017c\u0105ce g\u0142\u0119bszemu zrozumieniu Prawdy Objawionej. <\/div>\n<div class=\"MsoNormal\" style=\"text-align: justify; text-indent: 35.4pt;\">\nI dzisiaj<br \/>\ntak\u017ce, moi Drodzy, B\u00f3g szuka sposobu dotarcia do serc i umys\u0142\u00f3w naszych, <b>by\u015bmy lepiej zrozumieli \u2013 by\u015bmy w og\u00f3le<br \/>\nzrozumieli \u2013 Jego mi\u0142o\u015b\u0107, Jego przes\u0142anie, Jego wol\u0119<\/b>\u2026 Tym sposobem, tym<br \/>\nznakiem, staj\u0105 si\u0119 <b>przer\u00f3\u017cne sytuacje<br \/>\nrodzinne i s\u0105siedzkie,<\/b> jakie maj\u0105 miejsce w naszej codzienno\u015bci. Tak cz\u0119sto<br \/>\nich nie rozumiemy, a przynajmniej \u2013 nie do ko\u0144ca rozumiemy\u2026 Mo\u017ce wi\u0119c warto<br \/>\nspojrze\u0107 na nie z perspektywy Bo\u017cej i zapyta\u0107: <b>co B\u00f3g chce mi przez nie powiedzie\u0107? <\/b><\/div>\n<div class=\"MsoNormal\" style=\"text-align: justify; text-indent: 35.4pt;\">\nA co B\u00f3g chce<br \/>\nmi powiedzie\u0107 <b>przez znaki, dokonuj\u0105ce<br \/>\nsi\u0119 w przyrodzie? <\/b>Czy to naprawd\u0119 s\u0105 tylko takie przypadkowe zjawiska<br \/>\natmosferyczne, kt\u00f3re zawsze by\u0142y, s\u0105 i b\u0119d\u0105 \u2013 jak uspokajaj\u0105co twierdz\u0105<br \/>\nniekt\u00f3rzy m\u0119drcy tego \u015bwiata? <b>Czy to<br \/>\nnaprawd\u0119 nie s\u0105 jakie\u015b Bo\u017ce ostrze\u017cenia i przypomnienia?<\/b> <\/div>\n<div class=\"MsoNormal\" style=\"text-align: justify; text-indent: 35.4pt;\">\nA czy\u017c takim<br \/>\nznakiem nie jest <b>Pontyfikat B\u0142ogos\u0142awionego<br \/>\nJana Paw\u0142a II i wiele innych wydarze\u0144, dziej\u0105cych si\u0119 w Ko\u015bciele?<\/b> A jak<br \/>\nodbieramy <b>wydarzenie z Sok\u00f3\u0142ki,<\/b><br \/>\nkt\u00f3re co prawda jeszcze nie zosta\u0142o oficjalnie potwierdzone autorytetem<br \/>\nKo\u015bcio\u0142a, ale kt\u00f3re na pewno ju\u017c teraz powoduje, \u017ce z wi\u0119kszym szacunkiem<br \/>\nzginamy kolana przed Jezusem Eucharystycznym?\u2026 <b>A co nam m\u00f3wi\u0105 konkretne znaki dobra, dokonuj\u0105cego si\u0119 w naszej Parafii<\/b><br \/>\n\u2013 na p\u0142aszczy\u017anie duchowej i duszpasterskiej?\u2026 Tak\u017ce \u2013 na p\u0142aszczy\u017anie<br \/>\nzdrowotnej?\u2026 <\/div>\n<div class=\"MsoNormal\" style=\"text-align: justify; text-indent: 35.4pt;\">\nI jeszcze d\u0142ugo<br \/>\nmo\u017cna by m\u00f3wi\u0107 i d\u0142ugo wymienia\u0107, a to wszystko musi nas doprowadzi\u0107 do<br \/>\nprzekonania, \u017ce <b>B\u00f3g naprawd\u0119 przemawia!<br \/>\nTu i teraz, dzisiaj, w naszej codzienno\u015bci \u2013 B\u00f3g przemawia! <\/b>Przez nadzwyczajne<br \/>\nznaki, ale o wiele cz\u0119\u015bciej \u2013 przez te najbardziej zwyczajne. B\u00f3g przemawia.<br \/>\nTylko \u2013 <b>czy my to dostrzegamy? Czy my to<br \/>\ns\u0142yszymy? I czy rozumiemy? Czy przynajmniej \u2013 staramy si\u0119 zrozumie\u0107?<\/b>\u2026<\/div>\n","protected":false},"excerpt":{"rendered":"<p>Szcz\u0119\u015b\u0107 Bo\u017ce! Pozdrawiam ju\u017c z Celestynowa. Po ponad o\u015bmiu godzinach podr\u00f3\u017cy, dotarli\u015bmy szcz\u0119\u015bliwie tu\u017c po p\u00f3\u0142nocy. Bogu niech b\u0119d\u0105 dzi\u0119ki za ten wspania\u0142y czas promieniowania Jego \u0142aski! Naprawd\u0119, bardzo udany wyjazd &#8211; od tej strony zewn\u0119trznej patrz\u0105c. Bo to, co si\u0119 dokona w sercach, to si\u0119 dopiero oka\u017ce, ale to ka\u017cdy b\u0119dzie musia\u0142 sam oceni\u0107 [&hellip;]<\/p>\n","protected":false},"author":1,"featured_media":0,"comment_status":"open","ping_status":"open","sticky":false,"template":"","format":"standard","meta":{"jetpack_post_was_ever_published":false,"_jetpack_newsletter_access":"","_jetpack_dont_email_post_to_subs":false,"_jetpack_newsletter_tier_id":0,"_jetpack_memberships_contains_paywalled_content":false,"_jetpack_memberships_contains_paid_content":false,"footnotes":""},"categories":[1],"tags":[],"class_list":["post-9413","post","type-post","status-publish","format-standard","hentry","category-bez-kategorii"],"yoast_head":"<!-- This site is optimized with the Yoast SEO plugin v25.1 - https:\/\/yoast.com\/wordpress\/plugins\/seo\/ -->\n<title>Czy B\u00f3g tak\u017ce dzisiaj do nas m\u00f3wi?... - Gaudium Et Spes<\/title>\n<meta name=\"robots\" content=\"index, follow, max-snippet:-1, max-image-preview:large, max-video-preview:-1\" \/>\n<link rel=\"canonical\" href=\"https:\/\/gaudiumetspes-blog.pl\/index.php\/2012\/07\/30\/czy-bog-takze-dzisiaj-do-nas-mowi\/\" \/>\n<meta property=\"og:locale\" content=\"pl_PL\" \/>\n<meta property=\"og:type\" content=\"article\" \/>\n<meta property=\"og:title\" content=\"Czy B\u00f3g tak\u017ce dzisiaj do nas m\u00f3wi?... - Gaudium Et Spes\" \/>\n<meta property=\"og:description\" content=\"Szcz\u0119\u015b\u0107 Bo\u017ce! Pozdrawiam ju\u017c z Celestynowa. Po ponad o\u015bmiu godzinach podr\u00f3\u017cy, dotarli\u015bmy szcz\u0119\u015bliwie tu\u017c po p\u00f3\u0142nocy. Bogu niech b\u0119d\u0105 dzi\u0119ki za ten wspania\u0142y czas promieniowania Jego \u0142aski! Naprawd\u0119, bardzo udany wyjazd &#8211; od tej strony zewn\u0119trznej patrz\u0105c. Bo to, co si\u0119 dokona w sercach, to si\u0119 dopiero oka\u017ce, ale to ka\u017cdy b\u0119dzie musia\u0142 sam oceni\u0107 [&hellip;]\" \/>\n<meta property=\"og:url\" content=\"https:\/\/gaudiumetspes-blog.pl\/index.php\/2012\/07\/30\/czy-bog-takze-dzisiaj-do-nas-mowi\/\" \/>\n<meta property=\"og:site_name\" content=\"Gaudium Et Spes\" \/>\n<meta property=\"article:published_time\" content=\"2012-07-30T03:45:00+00:00\" \/>\n<meta property=\"article:modified_time\" content=\"2019-07-31T10:53:25+00:00\" \/>\n<meta name=\"author\" content=\"Ks. Jacek\" \/>\n<meta name=\"twitter:card\" content=\"summary_large_image\" \/>\n<meta name=\"twitter:label1\" content=\"Napisane przez\" \/>\n\t<meta name=\"twitter:data1\" content=\"Ks. Jacek\" \/>\n\t<meta name=\"twitter:label2\" content=\"Szacowany czas czytania\" \/>\n\t<meta name=\"twitter:data2\" content=\"6 minut\" \/>\n<script type=\"application\/ld+json\" class=\"yoast-schema-graph\">{\"@context\":\"https:\/\/schema.org\",\"@graph\":[{\"@type\":\"WebPage\",\"@id\":\"https:\/\/gaudiumetspes-blog.pl\/index.php\/2012\/07\/30\/czy-bog-takze-dzisiaj-do-nas-mowi\/\",\"url\":\"https:\/\/gaudiumetspes-blog.pl\/index.php\/2012\/07\/30\/czy-bog-takze-dzisiaj-do-nas-mowi\/\",\"name\":\"Czy B\u00f3g tak\u017ce dzisiaj do nas m\u00f3wi?... - Gaudium Et Spes\",\"isPartOf\":{\"@id\":\"https:\/\/gaudiumetspes-blog.pl\/#website\"},\"datePublished\":\"2012-07-30T03:45:00+00:00\",\"dateModified\":\"2019-07-31T10:53:25+00:00\",\"author\":{\"@id\":\"https:\/\/gaudiumetspes-blog.pl\/#\/schema\/person\/1661982992b752dea8dff0d4ed845a65\"},\"breadcrumb\":{\"@id\":\"https:\/\/gaudiumetspes-blog.pl\/index.php\/2012\/07\/30\/czy-bog-takze-dzisiaj-do-nas-mowi\/#breadcrumb\"},\"inLanguage\":\"pl-PL\",\"potentialAction\":[{\"@type\":\"ReadAction\",\"target\":[\"https:\/\/gaudiumetspes-blog.pl\/index.php\/2012\/07\/30\/czy-bog-takze-dzisiaj-do-nas-mowi\/\"]}]},{\"@type\":\"BreadcrumbList\",\"@id\":\"https:\/\/gaudiumetspes-blog.pl\/index.php\/2012\/07\/30\/czy-bog-takze-dzisiaj-do-nas-mowi\/#breadcrumb\",\"itemListElement\":[{\"@type\":\"ListItem\",\"position\":1,\"name\":\"Strona g\u0142\u00f3wna\",\"item\":\"https:\/\/gaudiumetspes-blog.pl\/\"},{\"@type\":\"ListItem\",\"position\":2,\"name\":\"Czy&nbsp;B\u00f3g tak\u017ce dzisiaj do&nbsp;nas m\u00f3wi?&#8230;\"}]},{\"@type\":\"WebSite\",\"@id\":\"https:\/\/gaudiumetspes-blog.pl\/#website\",\"url\":\"https:\/\/gaudiumetspes-blog.pl\/\",\"name\":\"Gaudium Et Spes\",\"description\":\"Blog Ks. Jacka Ja\u015bkowskiego\",\"potentialAction\":[{\"@type\":\"SearchAction\",\"target\":{\"@type\":\"EntryPoint\",\"urlTemplate\":\"https:\/\/gaudiumetspes-blog.pl\/?s={search_term_string}\"},\"query-input\":{\"@type\":\"PropertyValueSpecification\",\"valueRequired\":true,\"valueName\":\"search_term_string\"}}],\"inLanguage\":\"pl-PL\"},{\"@type\":\"Person\",\"@id\":\"https:\/\/gaudiumetspes-blog.pl\/#\/schema\/person\/1661982992b752dea8dff0d4ed845a65\",\"name\":\"Ks. Jacek\",\"image\":{\"@type\":\"ImageObject\",\"inLanguage\":\"pl-PL\",\"@id\":\"https:\/\/gaudiumetspes-blog.pl\/#\/schema\/person\/image\/\",\"url\":\"https:\/\/gaudiumetspes-blog.pl\/wp-content\/uploads\/2019\/07\/avatar-JJ-150x150.jpg\",\"contentUrl\":\"https:\/\/gaudiumetspes-blog.pl\/wp-content\/uploads\/2019\/07\/avatar-JJ-150x150.jpg\",\"caption\":\"Ks. Jacek\"},\"description\":\"Witam serdecznie! K\u0142ania si\u0119 Ks. Jacek Ja\u015bkowski. Nie jestem ani kim\u015b wa\u017cnym, ani kim\u015b znanym. Jestem ksi\u0119dzem, kt\u00f3ry po prostu chce rozmawia\u0107. Codzienna kap\u0142a\u0144ska pos\u0142uga pokazuje mi, \u017ce temat\u00f3w do rozm\u00f3w z ksi\u0119dzem jest coraz wi\u0119cej i dzisiaj \u017caden ksi\u0105dz nie mo\u017ce od nich ucieka\u0107, ale - wprost przeciwnie - podejmowa\u0107 nowe wyzwania. To przekonanie sk\u0142oni\u0142o mnie do pr\u00f3by otwarcia tego\u017c bloga, chocia\u017c okazji do rozm\u00f3w na co dzie\u0144 - w konfesjonale i poza nim - na szcz\u0119\u015bcie nie brakuje. My\u015bl\u0119 jednak, \u017ce ten blog b\u0119dzie jeszcze jednym sposobem i przestrzeni\u0105 nawi\u0105zania kontaktu z lud\u017ami dobrej woli, otwartymi na dialog.\",\"url\":\"https:\/\/gaudiumetspes-blog.pl\/index.php\/author\/ks-jacek\/\"}]}<\/script>\n<!-- \/ Yoast SEO plugin. -->","yoast_head_json":{"title":"Czy B\u00f3g tak\u017ce dzisiaj do nas m\u00f3wi?... - Gaudium Et Spes","robots":{"index":"index","follow":"follow","max-snippet":"max-snippet:-1","max-image-preview":"max-image-preview:large","max-video-preview":"max-video-preview:-1"},"canonical":"https:\/\/gaudiumetspes-blog.pl\/index.php\/2012\/07\/30\/czy-bog-takze-dzisiaj-do-nas-mowi\/","og_locale":"pl_PL","og_type":"article","og_title":"Czy B\u00f3g tak\u017ce dzisiaj do nas m\u00f3wi?... - Gaudium Et Spes","og_description":"Szcz\u0119\u015b\u0107 Bo\u017ce! Pozdrawiam ju\u017c z Celestynowa. Po ponad o\u015bmiu godzinach podr\u00f3\u017cy, dotarli\u015bmy szcz\u0119\u015bliwie tu\u017c po p\u00f3\u0142nocy. Bogu niech b\u0119d\u0105 dzi\u0119ki za ten wspania\u0142y czas promieniowania Jego \u0142aski! Naprawd\u0119, bardzo udany wyjazd &#8211; od tej strony zewn\u0119trznej patrz\u0105c. Bo to, co si\u0119 dokona w sercach, to si\u0119 dopiero oka\u017ce, ale to ka\u017cdy b\u0119dzie musia\u0142 sam oceni\u0107 [&hellip;]","og_url":"https:\/\/gaudiumetspes-blog.pl\/index.php\/2012\/07\/30\/czy-bog-takze-dzisiaj-do-nas-mowi\/","og_site_name":"Gaudium Et Spes","article_published_time":"2012-07-30T03:45:00+00:00","article_modified_time":"2019-07-31T10:53:25+00:00","author":"Ks. Jacek","twitter_card":"summary_large_image","twitter_misc":{"Napisane przez":"Ks. Jacek","Szacowany czas czytania":"6 minut"},"schema":{"@context":"https:\/\/schema.org","@graph":[{"@type":"WebPage","@id":"https:\/\/gaudiumetspes-blog.pl\/index.php\/2012\/07\/30\/czy-bog-takze-dzisiaj-do-nas-mowi\/","url":"https:\/\/gaudiumetspes-blog.pl\/index.php\/2012\/07\/30\/czy-bog-takze-dzisiaj-do-nas-mowi\/","name":"Czy B\u00f3g tak\u017ce dzisiaj do nas m\u00f3wi?... - Gaudium Et Spes","isPartOf":{"@id":"https:\/\/gaudiumetspes-blog.pl\/#website"},"datePublished":"2012-07-30T03:45:00+00:00","dateModified":"2019-07-31T10:53:25+00:00","author":{"@id":"https:\/\/gaudiumetspes-blog.pl\/#\/schema\/person\/1661982992b752dea8dff0d4ed845a65"},"breadcrumb":{"@id":"https:\/\/gaudiumetspes-blog.pl\/index.php\/2012\/07\/30\/czy-bog-takze-dzisiaj-do-nas-mowi\/#breadcrumb"},"inLanguage":"pl-PL","potentialAction":[{"@type":"ReadAction","target":["https:\/\/gaudiumetspes-blog.pl\/index.php\/2012\/07\/30\/czy-bog-takze-dzisiaj-do-nas-mowi\/"]}]},{"@type":"BreadcrumbList","@id":"https:\/\/gaudiumetspes-blog.pl\/index.php\/2012\/07\/30\/czy-bog-takze-dzisiaj-do-nas-mowi\/#breadcrumb","itemListElement":[{"@type":"ListItem","position":1,"name":"Strona g\u0142\u00f3wna","item":"https:\/\/gaudiumetspes-blog.pl\/"},{"@type":"ListItem","position":2,"name":"Czy&nbsp;B\u00f3g tak\u017ce dzisiaj do&nbsp;nas m\u00f3wi?&#8230;"}]},{"@type":"WebSite","@id":"https:\/\/gaudiumetspes-blog.pl\/#website","url":"https:\/\/gaudiumetspes-blog.pl\/","name":"Gaudium Et Spes","description":"Blog Ks. Jacka Ja\u015bkowskiego","potentialAction":[{"@type":"SearchAction","target":{"@type":"EntryPoint","urlTemplate":"https:\/\/gaudiumetspes-blog.pl\/?s={search_term_string}"},"query-input":{"@type":"PropertyValueSpecification","valueRequired":true,"valueName":"search_term_string"}}],"inLanguage":"pl-PL"},{"@type":"Person","@id":"https:\/\/gaudiumetspes-blog.pl\/#\/schema\/person\/1661982992b752dea8dff0d4ed845a65","name":"Ks. Jacek","image":{"@type":"ImageObject","inLanguage":"pl-PL","@id":"https:\/\/gaudiumetspes-blog.pl\/#\/schema\/person\/image\/","url":"https:\/\/gaudiumetspes-blog.pl\/wp-content\/uploads\/2019\/07\/avatar-JJ-150x150.jpg","contentUrl":"https:\/\/gaudiumetspes-blog.pl\/wp-content\/uploads\/2019\/07\/avatar-JJ-150x150.jpg","caption":"Ks. Jacek"},"description":"Witam serdecznie! K\u0142ania si\u0119 Ks. Jacek Ja\u015bkowski. Nie jestem ani kim\u015b wa\u017cnym, ani kim\u015b znanym. Jestem ksi\u0119dzem, kt\u00f3ry po prostu chce rozmawia\u0107. Codzienna kap\u0142a\u0144ska pos\u0142uga pokazuje mi, \u017ce temat\u00f3w do rozm\u00f3w z ksi\u0119dzem jest coraz wi\u0119cej i dzisiaj \u017caden ksi\u0105dz nie mo\u017ce od nich ucieka\u0107, ale - wprost przeciwnie - podejmowa\u0107 nowe wyzwania. To przekonanie sk\u0142oni\u0142o mnie do pr\u00f3by otwarcia tego\u017c bloga, chocia\u017c okazji do rozm\u00f3w na co dzie\u0144 - w konfesjonale i poza nim - na szcz\u0119\u015bcie nie brakuje. My\u015bl\u0119 jednak, \u017ce ten blog b\u0119dzie jeszcze jednym sposobem i przestrzeni\u0105 nawi\u0105zania kontaktu z lud\u017ami dobrej woli, otwartymi na dialog.","url":"https:\/\/gaudiumetspes-blog.pl\/index.php\/author\/ks-jacek\/"}]}},"jetpack_featured_media_url":"","jetpack_sharing_enabled":true,"_links":{"self":[{"href":"https:\/\/gaudiumetspes-blog.pl\/index.php\/wp-json\/wp\/v2\/posts\/9413","targetHints":{"allow":["GET"]}}],"collection":[{"href":"https:\/\/gaudiumetspes-blog.pl\/index.php\/wp-json\/wp\/v2\/posts"}],"about":[{"href":"https:\/\/gaudiumetspes-blog.pl\/index.php\/wp-json\/wp\/v2\/types\/post"}],"author":[{"embeddable":true,"href":"https:\/\/gaudiumetspes-blog.pl\/index.php\/wp-json\/wp\/v2\/users\/1"}],"replies":[{"embeddable":true,"href":"https:\/\/gaudiumetspes-blog.pl\/index.php\/wp-json\/wp\/v2\/comments?post=9413"}],"version-history":[{"count":1,"href":"https:\/\/gaudiumetspes-blog.pl\/index.php\/wp-json\/wp\/v2\/posts\/9413\/revisions"}],"predecessor-version":[{"id":10670,"href":"https:\/\/gaudiumetspes-blog.pl\/index.php\/wp-json\/wp\/v2\/posts\/9413\/revisions\/10670"}],"wp:attachment":[{"href":"https:\/\/gaudiumetspes-blog.pl\/index.php\/wp-json\/wp\/v2\/media?parent=9413"}],"wp:term":[{"taxonomy":"category","embeddable":true,"href":"https:\/\/gaudiumetspes-blog.pl\/index.php\/wp-json\/wp\/v2\/categories?post=9413"},{"taxonomy":"post_tag","embeddable":true,"href":"https:\/\/gaudiumetspes-blog.pl\/index.php\/wp-json\/wp\/v2\/tags?post=9413"}],"curies":[{"name":"wp","href":"https:\/\/api.w.org\/{rel}","templated":true}]}}