{"id":9432,"date":"2012-07-11T09:57:00","date_gmt":"2012-07-11T07:57:00","guid":{"rendered":"https:\/\/gaudiumetspes-blog.pl\/index.php\/2012\/07\/11\/jak-stosowac-swiety-umiar-i-zdrowy\/"},"modified":"2019-07-31T12:53:22","modified_gmt":"2019-07-31T10:53:22","slug":"jak-stosowac-swiety-umiar-i-zdrowy","status":"publish","type":"post","link":"https:\/\/gaudiumetspes-blog.pl\/index.php\/2012\/07\/11\/jak-stosowac-swiety-umiar-i-zdrowy\/","title":{"rendered":"Jak stosowa\u0107 \u015bwi\u0119ty umiar i zdrowy rozs\u0105dek?&#8230;"},"content":{"rendered":"<p><\/p>\n<div class=\"MsoNormal\" style=\"text-align: justify;\">\nSzcz\u0119\u015b\u0107 Bo\u017ce! Kochani, przepraszam za op\u00f3\u017anienie, ale tyle mniej wi\u0119cej czasu zaj\u0119\u0142o przekazywanie kluczy do Parafii &#8211; czyli w\u0142adzy proboszczowskiej. Bo Szef ju\u017c na szcz\u0119\u015bcie wr\u00f3ci\u0142. Odnowiony i uduchowiony! I wszystko wraca do normy.<\/div>\n<div class=\"MsoNormal\" style=\"text-align: justify;\">\n&nbsp; &nbsp; &nbsp; \u017bycz\u0105c udaj\u0105cym si\u0119 na wakacje i urlopy b\u0142ogos\u0142awionego odpoczynku &#8211; zach\u0119cam do stosowania tak\u017ce na urlopach zasady, g\u0142oszonej przez dzisiejszego Patrona: M\u00f3dl si\u0119 i pracuj!&nbsp;<\/div>\n<div class=\"MsoNormal\" style=\"text-align: justify;\">\n&nbsp; &nbsp; &nbsp; &nbsp; &nbsp; Gaudium et spes! &nbsp;Ks. Jacek<\/div>\n<div class=\"MsoNormal\" style=\"text-align: justify;\">\n<b><br \/><\/b><\/div>\n<div class=\"MsoNormal\" style=\"text-align: justify;\">\n<b>\u015awi\u0119to \u015aw.<br \/>\nBenedykta, Opata, Patrona Europy,<\/b><\/div>\n<div class=\"MsoNormal\" style=\"text-align: justify;\">\n<b>do czyta\u0144 z<br \/>\nt. VI Lekcjonarza:&nbsp; Dz 4,32\u201335;&nbsp; Mt 19,27\u201329<\/b><\/div>\n<div class=\"MsoNormal\" style=\"text-align: justify;\">\n<\/div>\n<div class=\"MsoNormal\" style=\"text-align: justify;\">\n<b>CZYTANIE Z DZIEJ\u00d3W APOSTOLSKICH:&nbsp;<\/b><\/div>\n<div class=\"MsoNormal\" style=\"text-align: justify; text-indent: 35.4pt;\">\n<b>Jeden<br \/>\nduch i jedno serce o\u017cywia\u0142y wszystkich wierz\u0105cych. \u017baden nie nazywa\u0142 swoim<br \/>\ntego, co posiada\u0142, ale wszystko mieli wsp\u00f3lne. Aposto\u0142owie z wielk\u0105 moc\u0105<br \/>\n\u015bwiadczyli o zmartwychwstaniu Pana Jezusa, a wszyscy oni mieli wielk\u0105 \u0142ask\u0119.<br \/>\nNikt z nich nie cierpia\u0142 niedostatku, bo w\u0142a\u015bciciele p\u00f3l albo dom\u00f3w sprzedawali<br \/>\nje i przynosili pieni\u0105dze uzyskane ze sprzeda\u017cy, i sk\u0142adali je u st\u00f3p<br \/>\nAposto\u0142\u00f3w. Ka\u017cdemu te\u017c rozdzielano wed\u0142ug potrzeby.<\/b><\/div>\n<div class=\"MsoNormal\" style=\"text-align: justify;\">\n<\/div>\n<div class=\"MsoNormal\" style=\"text-align: justify;\">\n<b>S\u0141OWA EWANGELII WED\u0141UG \u015aWI\u0118TEGO MATEUSZA:&nbsp;<\/b><\/div>\n<div class=\"MsoNormal\" style=\"text-align: justify; text-indent: 35.4pt;\">\n<b>Piotr<br \/>\npowiedzia\u0142 do Jezusa: \u201eOto my opu\u015bcili\u015bmy wszystko i poszli\u015bmy za Tob\u0105, c\u00f3\u017c<br \/>\nwi\u0119c otrzymali\u015bmy?\u201d Jezus za\u015b rzek\u0142 do nich: \u201eZaprawd\u0119, powiadam wam: Przy<br \/>\nodrodzeniu, gdy Syn Cz\u0142owieczy zasi\u0105dzie na swym tronie chwa\u0142y, wy, kt\u00f3rzy<br \/>\nposzli\u015bcie za Mn\u0105, zasi\u0105dziecie r\u00f3wnie\u017c na dwunastu tronach i b\u0119dziecie s\u0105dzi\u0107<br \/>\ndwana\u015bcie pokole\u0144 Izraela. I ka\u017cdy, kto dla mego imienia opu\u015bci dom, braci lub<br \/>\nsiostry, ojca lub matk\u0119, dzieci lub pole, stokro\u0107 tyle otrzyma i \u017cycie wieczne<br \/>\nodziedziczy\u201d.<\/b><b><\/b><\/div>\n<div class=\"MsoNormal\" style=\"text-align: justify;\">\n<\/div>\n<div class=\"MsoNormal\" style=\"text-align: justify; text-indent: 35.4pt;\">\nPatron dnia dzisiejszego, <b>Benedykt z Nursji<\/b>, nale\u017cy do najznamienitszych<br \/>\npostaci w Ko\u015bciele \u0142aci\u0144skim. <b>Ws\u0142awi\u0142<br \/>\nsi\u0119 niezwykle m\u0105dr\u0105 i wywa\u017con\u0105 \u201eRegu\u0142\u0105\u201d, <\/b>kt\u00f3ra sta\u0142a si\u0119 podstaw\u0105 do tworzenia<br \/>\nbardzo wielu p\u00f3\u017aniejszych rodzin zakonnych na Zachodzie. Przez za\u0142o\u017cony przez<br \/>\nsiebie <b>zakon Benedykt przyczyni\u0142 si\u0119 nie<br \/>\ntylko do pog\u0142\u0119bienia \u017cycia religijnego w Ko\u015bciele,<\/b> ale i szeroko rozumianej<br \/>\nkultury. Jego synowie duchowi zas\u0142u\u017cyli si\u0119 najwi\u0119cej dla pozyskania<br \/>\nChrystusowi lud\u00f3w germa\u0144skich. <\/div>\n<div class=\"MsoNormal\" style=\"text-align: justify; text-indent: 35.4pt;\">\nWszystkie te racje sk\u0142oni\u0142y<br \/>\nPapie\u017ca Paw\u0142a VI do tego, by w 1964 roku wyr\u00f3\u017cni\u0107 \u015awi\u0119tego Benedykta<br \/>\nzaszczytnym <b>tytu\u0142em g\u0142\u00f3wnego Patrona<br \/>\nEuropy.<\/b> Jednak\u017ce, chocia\u017c Benedykt zajmuje w dziejach Ko\u015bcio\u0142a Katolickiego<br \/>\npoczesne miejsce, to <b>udokumentowane<br \/>\nwiadomo\u015bci o nim s\u0105 nik\u0142e.<\/b> Podstawowym \u017ar\u00f3d\u0142em, z jakiego dowiadujemy si\u0119 o<br \/>\n\u017cyciu i dzia\u0142alno\u015bci naszego Patrona, jest <b>dzie\u0142o<br \/>\n\u015awi\u0119tego Papie\u017ca Grzegorza I Wielkiego, zatytu\u0142owane \u201eDialogi\u201d.<\/b> Grzegorz,<br \/>\nzanim zosta\u0142 Papie\u017cem, by\u0142 mnichem benedykty\u0144skim, \u017cyj\u0105cym w czasach bliskich<br \/>\nczasom Benedykta, dlatego jego dzie\u0142o warto zauwa\u017cy\u0107. Niestety, pisz\u0105c je, <b>nie wzi\u0105\u0142 sobie Grzegorz za cel podanie<br \/>\nbiografii, ile raczej opisu \u017cycia Benedykta.<\/b> St\u0105d w&nbsp; \u201eDialogach\u201d ma\u0142o jest danych historycznych, a<br \/>\nwiele w\u0105tk\u00f3w wr\u0119cz legendarnych. <\/div>\n<div class=\"MsoNormal\" style=\"text-align: justify; text-indent: 35.4pt;\">\nZ tego, co wiemy, <b>Benedykt urodzi\u0142 si\u0119 oko\u0142o roku 480, wraz<br \/>\nze swoj\u0105 bli\u017aniacz\u0105 siostr\u0105, \u015awi\u0119t\u0105 Scholastyk\u0105.<\/b> Pierwsze nauki pobiera\u0142 w<br \/>\nrodzinnym miasteczku. Na dalsze studia uda\u0142 si\u0119 do Rzymu, w kt\u00f3rym jednak nie<br \/>\npozosta\u0142 d\u0142ugo. Opu\u015bci\u0142 wieczne miasto, gdy\u017c <b>chcia\u0142 odda\u0107 si\u0119 Panu Bogu na wy\u0142\u0105czn\u0105 s\u0142u\u017cb\u0119 jako asceta.<\/b><br \/>\nPrzeni\u00f3s\u0142 si\u0119 wi\u0119c do Subiaco, gdzie znalaz\u0142 nie tylko cisz\u0119, ale r\u00f3wnie\u017c grot\u0119,<br \/>\nw kt\u00f3rej <b>zamieszka\u0142 i odda\u0142 si\u0119<br \/>\nwy\u0142\u0105cznie kontemplacji.<\/b> Z r\u0105k jakiego\u015b mnicha przyj\u0105\u0142 te\u017c habit. <\/div>\n<div class=\"MsoNormal\" style=\"text-align: justify; text-indent: 35.4pt;\">\nObrana przez niego grota <b>zapewnia\u0142a mu zupe\u0142ny spok\u00f3j.<\/b> Przebywa\u0142<br \/>\ntam trzy lata. Miejscowi g\u00f3rale, wypasaj\u0105cy kozy, zaopatrywali go w konieczn\u0105<br \/>\n\u017cywno\u015b\u0107. Z czasem te\u017c zacz\u0119li przy\u0142\u0105cza\u0107 si\u0119 do Benedykta uczniowie. <b>Pod jego kierunkiem utworzono dwana\u015bcie<br \/>\nma\u0142ych klasztork\u00f3w, po dwunastu uczni\u00f3w ka\u017cdy.<\/b> Na czele ka\u017cdego z nich<br \/>\npostawi\u0142 Benedykt <b>prze\u0142o\u017conych, od<br \/>\nsiebie bezpo\u015brednio zale\u017cnych.<\/b> Z czasem jednak opu\u015bci\u0142 i to miejsce. Nie wiemy,<br \/>\ndlaczego to uczyni\u0142. \u015awi\u0119ty Grzegorz wymienia \u2013 jako przyczyn\u0119 \u2013 <b>niech\u0119\u0107 miejscowego duchowie\u0144stwa.<\/b> <\/div>\n<div class=\"MsoNormal\" style=\"text-align: justify; text-indent: 35.4pt;\">\nBenedykt zabra\u0142 ze sob\u0105<br \/>\nnajgorliwszych i najbardziej oddanych uczni\u00f3w <b>i przeni\u00f3s\u0142 si\u0119 z nimi na Monte Cassino<\/b>, do ruin dawnej fortecy<br \/>\nrzymskiej. Budow\u0119 nowego klasztoru <b>rozpocz\u0105\u0142<br \/>\nod wyburzenia poga\u0144skiej \u015bwi\u0105tyni Jowisza i Apollina.<\/b> Kiedy stan\u0105\u0142 ju\u017c<br \/>\nko\u015bci\u00f3\u0142 i klasztor, kt\u00f3rego mury zacz\u0119\u0142y si\u0119 zape\u0142nia\u0107 kandydatami na mnich\u00f3w, <b>Benedykt postanowi\u0142 u\u0142o\u017cy\u0107 regu\u0142\u0119.<\/b> Mia\u0142<br \/>\nju\u017c sporo do\u015bwiadczenia, a d\u0142ugie lata rz\u0105d\u00f3w na Monte Cassino pozwoli\u0142y w<br \/>\npraktyce wypr\u00f3bowa\u0107 nowe przepisy. <b>Roztropny<br \/>\nPrawodawca zmienia\u0142 je i stale doskonali\u0142.<\/b> Regu\u0142a benedykty\u0144ska przesz\u0142a zatem<br \/>\nokres d\u0142ugiej pr\u00f3by i do\u015bwiadcze\u0144. Wprawdzie jej orygina\u0142 zagin\u0105\u0142, jednak\u017ce zachowa\u0142o<br \/>\nsi\u0119 wiele odpis\u00f3w. <\/div>\n<div class=\"MsoNormal\" style=\"text-align: justify; text-indent: 35.4pt;\">\nNie by\u0142a to regu\u0142a surowa \u2013<br \/>\njak inne \u00f3wczesne regu\u0142y zakonne. <b>Zasadnicz\u0105<br \/>\njej cech\u0105 sta\u0142 si\u0119 umiar.<\/b> Zar\u00f3wno w modlitwie, jak i uczynkach pokutnych;<br \/>\ntak w pracy, jak i w spoczynku, czy te\u017c w posi\u0142ku \u2013 we wszystkim <b>zaleca\u0142a ona tak zwany \u201ez\u0142oty \u015brodek\u201d.<\/b><\/div>\n<div class=\"MsoNormal\" style=\"text-align: justify; text-indent: 35.4pt;\">\nCelem zasadniczym, jaki<br \/>\nZa\u0142o\u017cyciel wytyczy\u0142 swoim synom duchowym, <b>sta\u0142a<br \/>\nsi\u0119 natomiast s\u0142u\u017cba Bo\u017ca.<\/b> Ca\u0142e \u017cycie mnicha, jego wszystkie chwile i<br \/>\nczynno\u015bci, winny zmierza\u0107 do tego, by <b>pomna\u017ca\u0142y<br \/>\nchwa\u0142\u0119 Stworzyciela.<\/b> Jako swoj\u0105 dewiz\u0119 przyj\u0105\u0142 nasz Patron s\u0142owa: <b>\u201eOra<br \/>\net labora!\u201d \u2013 \u201eM\u00f3dl si\u0119 i pracuj!\u201d<\/b> <\/div>\n<div class=\"MsoNormal\" style=\"text-align: justify; text-indent: 35.4pt;\">\nZe szczeg\u00f3ln\u0105<br \/>\npieczo\u0142owito\u015bci\u0105 <b>strzeg\u0142 te\u017c kultu liturgicznego,<\/b><br \/>\nco pozosta\u0142o do dni obecnych pi\u0119knym dziedzictwem jego zakonu. Powa\u017cn\u0105 cz\u0119\u015b\u0107<br \/>\ndnia swoich zakonnik\u00f3w <b>przeznaczy\u0142 na \u201electio divina\u201d<\/b> \u2013 a wi\u0119c czytanie<br \/>\nPisma \u015awi\u0119tego i osobist\u0105 refleksj\u0119 nad Nim. Ponadto, \u015awi\u0119ty wprowadzi\u0142 do<br \/>\nzakonu <b>profesj\u0119, czyli zagwarantowan\u0105<br \/>\nprawem przynale\u017cno\u015b\u0107 do klasztoru;<\/b> a tak\u017ce \u2013 tak zwan\u0105 <b>stabilno\u015b\u0107 miejsca,<\/b> czyli zobowi\u0105zanie mnich\u00f3w do pozostawania w jednym<br \/>\nklasztorze a\u017c do \u015bmierci. <\/div>\n<div class=\"MsoNormal\" style=\"text-align: justify; text-indent: 35.4pt;\">\nRegu\u0142a \u015awi\u0119tego Benedykta<br \/>\nsta\u0142a si\u0119 podstaw\u0105 dla wielu innych, a s\u0142awa jej Autora rozchodzi\u0142a si\u0119<br \/>\nszeroko. Powi\u0119ksza\u0107 j\u0105 jeszcze mia\u0142y cuda, o kt\u00f3rych wspomina \u015awi\u0119ty Grzegorz. <b>\u015awi\u0119ty Benedykt zmar\u0142 21 marca 547 roku,<\/b><br \/>\nw kilka dni po \u015bmierci swojej siostry, \u015awi\u0119tej Scholastyki, za\u0142o\u017cycielki \u017ce\u0144skiej<br \/>\nga\u0142\u0119zi benedyktyn\u00f3w. Pochowano ich razem we wsp\u00f3lnym grobie na Monte Cassino. I<br \/>\njakkolwiek na skutek r\u00f3\u017cnych gro\u017anych najazd\u00f3w wrog\u00f3w trzeba by\u0142o przenie\u015b\u0107<br \/>\njedne i drugie relikwie do Francji, co dokona\u0142o si\u0119 <b>11 lipca 673 roku<\/b>, to jednak z czasem znaczna cz\u0119\u015b\u0107 jednych i<br \/>\ndrugich relikwii powr\u00f3ci\u0142a na Monte Cassino. <b>I w\u0142a\u015bnie ten dzie\u0144 przeniesienia relikwii, 11 lipca, Papie\u017c Pawe\u0142 VI<br \/>\nustanowi\u0142 dorocznym \u015bwi\u0119tem naszego Patrona.<\/b><\/div>\n<div class=\"MsoNormal\" style=\"text-align: justify; text-indent: 35.4pt;\">\nPocz\u0105wszy od dnia \u015bmierci<br \/>\n\u015awi\u0119ty Benedykt odbiera\u0142 od swoich duchowych syn\u00f3w wielk\u0105 cze\u015b\u0107. Do jego grobu<br \/>\nnap\u0142ywali liczni pielgrzymi. <b>Rych\u0142o te\u017c<br \/>\njego kult sta\u0142 si\u0119 w\u0142asno\u015bci\u0105 ca\u0142ego Ko\u015bcio\u0142a.<\/b> Ku czci Patriarchy u\u0142o\u017cono<br \/>\nmn\u00f3stwo hymn\u00f3w, sekwencji i modlitw. Jego <b>\u201eRegu\u0142a\u201d<br \/>\nwywar\u0142a powa\u017cny wp\u0142yw na ca\u0142e \u017cycie Europy Zachodniej.<\/b> I w og\u00f3le \u2013 mo\u017cna<br \/>\nstwierdzi\u0107, \u017ce dzie\u0142o Benedykta jest imponuj\u0105ce i niepowtarzalne. Benedyktyni przez<br \/>\nd\u0142ugie wieki byli <b>najpot\u0119\u017cniejsz\u0105<br \/>\nrodzin\u0105 zakonn\u0105 na \u015bwiecie.<\/b> W Polsce najbardziej znanym opactwem benedykty\u0144skim<br \/>\njest opactwo w Ty\u0144cu.<\/div>\n<div class=\"MsoNormal\" style=\"text-align: justify;\">\n&nbsp;&nbsp;&nbsp;&nbsp;&nbsp;&nbsp;&nbsp;&nbsp;&nbsp;&nbsp;&nbsp; We<br \/>\nwspominanej dzi\u015b ju\u017c kilkakrotnie \u201eRegule\u201d, \u015awi\u0119ty Benedykt tak zapisa\u0142: \u201ePrzede<br \/>\nwszystkim, gdy co\u015b dobrego zamierzasz uczyni\u0107, <b>m\u00f3dl si\u0119 najpierw gor\u0105co, aby B\u00f3g sam to do ko\u0144ca doprowadzi\u0142. <\/b>Skoro<br \/>\nraczy\u0142 nas ju\u017c zaliczy\u0107 do grona swoich syn\u00f3w, oby nie musia\u0142 kiedy\u015b si\u0119 smuci\u0107<br \/>\nnaszymi z\u0142ymi post\u0119pkami. Pos\u0142uguj\u0105c si\u0119 dobrem, jakie w nas z\u0142o\u017cy\u0142, <b>powinni\u015bmy zatem zawsze by\u0107 Mu pos\u0142uszni,<\/b><br \/>\nbo w przeciwnym razie m\u00f3g\u0142by nas nie tylko wydziedziczy\u0107, jak rozgniewany Ojciec<br \/>\nswoich syn\u00f3w, lecz tak\u017ce jak gro\u017any Pan, obra\u017cony nasz\u0105 nikczemno\u015bci\u0105, wyda\u0107 na<br \/>\nwieczn\u0105 kar\u0119 s\u0142ugi niegodne, gdy\u017c nie chcieli\u015bmy i\u015b\u0107 za Nim do chwa\u0142y. [\u2026]<\/div>\n<div class=\"MsoNormal\" style=\"text-align: justify; text-indent: 35.4pt;\">\nPrzepasawszy wi\u0119c biodra<br \/>\nwiar\u0105 i pe\u0142nieniem dobrych uczynk\u00f3w, <b>pod\u0105\u017cajmy<br \/>\n\u015bcie\u017ckami Pana za przewodem Ewangelii,<\/b> aby\u015bmy zas\u0142u\u017cyli na ogl\u0105danie Tego,<br \/>\nkt\u00f3ry nas wezwa\u0142 do swego kr\u00f3lestwa. Je\u015bli za\u015b pragniemy zamieszka\u0107 w tym<br \/>\nkr\u00f3lestwie i w Przybytku Pa\u0144skim, musimy <b>biec<br \/>\ndrog\u0105 dobrych uczynk\u00f3w, gdy\u017c inn\u0105 tam si\u0119 nie dochodzi. <\/b><\/div>\n<div class=\"MsoNormal\" style=\"text-align: justify; text-indent: 35.4pt;\">\nPodobnie jak istnieje zawzi\u0119to\u015b\u0107<br \/>\nz\u0142a i gorzka, kt\u00f3ra oddala od Boga i prowadzi do piek\u0142a, tak <b>jest i gorliwo\u015b\u0107 dobra, kt\u00f3ra oddala od<br \/>\ngrzech\u00f3w, a prowadzi do Boga i do \u017cycia wiecznego.<\/b> Ta wi\u0119c w\u0142a\u015bnie<br \/>\ngorliwo\u015b\u0107 niechaj wyr\u00f3\u017cnia mnich\u00f3w w ich \u017cyciu \u017carliwej mi\u0142o\u015bci tak, aby <b>w okazywaniu czci jedni drugich<br \/>\nwyprzedzali.<\/b> Niech s\u0142abo\u015bci swoje duchowe i cielesne znosz\u0105 cierpliwie.<br \/>\nNiech prze\u015bcigaj\u0105 si\u0119 nawzajem w pos\u0142usze\u0144stwie. <\/div>\n<div class=\"MsoNormal\" style=\"text-align: justify; text-indent: 35.4pt;\">\n<b>Niechaj nikt nie stara si\u0119 o to, co uwa\u017ca za po\u017cyteczne dla<br \/>\nsiebie, lecz raczej o to, co po\u017cyteczne dla drugiego.<\/b> Niech darz\u0105 si\u0119 wzajemnie<br \/>\nczyst\u0105 mi\u0142o\u015bci\u0105 bratersk\u0105. Niech Boga si\u0119 boj\u0105 dlatego, \u017ce Go mi\u0142uj\u0105. Opata<br \/>\nswego niech kochaj\u0105 mi\u0142o\u015bci\u0105 szczer\u0105 i pokorn\u0105. <b>Niechaj nic nigdy nie b\u0119dzie dla nich wa\u017cniejsze od Chrystusa,<\/b><br \/>\nkt\u00f3ry oby nas razem raczy\u0142 doprowadzi\u0107 do \u017cycia wiecznego.\u201d Tyle \u015awi\u0119ty<br \/>\nBenedykt w swojej \u201eRegule\u201d.<\/div>\n<div class=\"MsoNormal\" style=\"text-align: justify;\">\n&nbsp;&nbsp;&nbsp;&nbsp;&nbsp;&nbsp;&nbsp;&nbsp;&nbsp;&nbsp;&nbsp; A<br \/>\nmy, s\u0142uchaj\u0105c Bo\u017cego S\u0142owa, przeznaczonego w liturgii Ko\u015bcio\u0142a dok\u0142adnie na<br \/>\ndzisiejszy dzie\u0144, odnajdujemy w czytaniu z Ksi\u0119gi Dziej\u00f3w Apostolskich obraz<br \/>\nmi\u0142o\u015bci i jedno\u015bci, panuj\u0105cej w m\u0142odym Ko\u015bciele: <b><i>Jeden duch i jedno serce o\u017cywia\u0142y<br \/>\nwszystkich wierz\u0105cych. \u017baden nie nazywa\u0142 swoim tego, co posiada\u0142, ale wszystko<br \/>\nmieli wsp\u00f3lne<\/i>. [\u2026] <i>Nikt z nich nie<br \/>\ncierpia\u0142 niedostatku<\/i><\/b>\u2026 Mo\u017cna by powiedzie\u0107, \u017ce \u015awi\u0119ty Benedykt chcia\u0142<br \/>\nw\u0142a\u015bnie ten obraz niejako odnowi\u0107, przenie\u015b\u0107 w czasy sobie wsp\u00f3\u0142czesne \u2013<br \/>\nprzynajmniej na przestrzeni za\u0142o\u017conego przez siebie zakonu. <\/div>\n<div class=\"MsoNormal\" style=\"text-align: justify;\">\n&nbsp;&nbsp;&nbsp;&nbsp;&nbsp;&nbsp;&nbsp;&nbsp;&nbsp;&nbsp;&nbsp; Oto<br \/>\nbowiem ka\u017cdy z jego duchowych syn\u00f3w m\u00f3g\u0142by powt\u00f3rzy\u0107 za \u015awi\u0119tym Piotrem wypowiedziane<br \/>\nprzeze\u0144 s\u0142owa, zapisane w dzisiejszej Ewangelii, a skierowane do Jezusa: <b><i>Oto<br \/>\nmy opu\u015bcili\u015bmy wszystko i poszli\u015bmy za Tob\u0105, c\u00f3\u017c wi\u0119c otrzymamy<\/i>?<\/b> Co<br \/>\nJezus odpowiedzia\u0142 Piotrowi \u2013 to my dobrze wiemy. A duchowym synom \u015awi\u0119tego<br \/>\nBenedykta Pan odpowiada\u0142 przez wszystkie lata istnienia i \u017cywotnej dzia\u0142alno\u015bci<br \/>\nzakonu, <b>pomna\u017caj\u0105c zar\u00f3wno duchowe dobro,<br \/>\njak i to dobro kulturowe, a wreszcie tak\u017ce materialne.<\/b> Tak, r\u00f3wnie\u017c materialne,<br \/>\njakkolwiek bowiem mnisi nie mogli posiada\u0107 prywatnej w\u0142asno\u015bci, to jednak <b>\u015bwiatowe dziedzictwo kultury<\/b> sta\u0142o si\u0119<br \/>\nbogatsze o wiele pomnik\u00f3w dzia\u0142alno\u015bci benedyktyn\u00f3w. <\/div>\n<div class=\"MsoNormal\" style=\"text-align: justify;\">\n&nbsp;&nbsp;&nbsp;&nbsp;&nbsp;&nbsp;&nbsp;&nbsp;&nbsp;&nbsp;&nbsp; Najwa\u017cniejsze<br \/>\njednak wydaje si\u0119 by\u0107 w tym wszystkim <b>dziedzictwo<br \/>\nduchowe. <\/b>Oto bowiem Benedykt nauczy\u0142 swoich zakonnik\u00f3w, a jednocze\u015bnie<br \/>\ntak\u017ce nas wszystkich, <b>wielkiej sztuki<br \/>\numiaru, sztuki rozs\u0105dnego gospodarowania czasem, si\u0142ami i talentami <\/b>\u2013 tak,<br \/>\nby <b>z po\u0142\u0105czenia pracy i modlitwy<\/b><br \/>\nmog\u0142o wynikn\u0105\u0107 wielkie dobro i trwa\u0142e owoce zar\u00f3wno w doczesno\u015bci, jak i w<br \/>\nwieczno\u015bci. <\/div>\n<div class=\"MsoNormal\" style=\"text-align: justify;\">\n&nbsp;&nbsp;&nbsp;&nbsp;&nbsp;&nbsp;&nbsp;&nbsp;&nbsp;&nbsp;&nbsp; Oby\u015bmy<br \/>\nnigdy nie zapomnieli tej nauki, oby\u015bmy kierowali si\u0119 ni\u0105 w \u017cyciu. Oby\u015bmy <b>umiej\u0119tnie \u0142\u0105cz\u0105c modlitw\u0119 i prac\u0119,<\/b> wykonywali<br \/>\nje w duchu spokoju i umiaru, stosuj\u0105c tak\u017ce t\u0119 zasad\u0119 do <b>w\u0142a\u015bciwie rozumianego odpoczynku.<\/b><\/div>\n<div class=\"MsoNormal\" style=\"text-align: justify;\">\n&nbsp;&nbsp;&nbsp;&nbsp;&nbsp;&nbsp;&nbsp;&nbsp;&nbsp;&nbsp;&nbsp; W<br \/>\n\u017cyciu ju\u017c tak jest, \u017ce zapewne nie zabraknie nam r\u00f3\u017cnych wstrz\u0105s\u00f3w i porusze\u0144,<br \/>\nnerw\u00f3w i niepokoj\u00f3w. Wa\u017cnym jest jednak, aby\u015bmy <b>sami z siebie takich sytuacji nie powodowali,<\/b> ale gdzie si\u0119 tylko<br \/>\nda \u2013 dzia\u0142ali rozwa\u017cnie i spokojnie, wzywaj\u0105c pomocy Bo\u017cej i jak najwi\u0119cej<br \/>\nucz\u0105c si\u0119 z przyk\u0142adu i postawy \u015awi\u0119tego Benedykta.<\/div>\n<div class=\"MsoNormal\" style=\"text-align: justify;\">\n&nbsp;&nbsp;&nbsp;&nbsp;&nbsp;&nbsp;&nbsp;&nbsp;&nbsp;&nbsp;&nbsp; W<br \/>\ntym kontek\u015bcie pomy\u015blmy:<\/div>\n<div class=\"MsoNormal\" style=\"margin-left: 36.0pt; mso-list: l0 level1 lfo1; tab-stops: list 36.0pt; text-align: justify; text-indent: -18.0pt;\">\n\u00b7&nbsp;&nbsp;&nbsp;&nbsp;&nbsp;&nbsp;&nbsp;<br \/>\nJak<br \/>\ncz\u0119sto swoje codzienne prace \u0142\u0105cz\u0119 z modlitw\u0105 \u2013 chocia\u017cby poprzez akty<br \/>\nstrzeliste?<\/div>\n<div class=\"MsoNormal\" style=\"margin-left: 36.0pt; mso-list: l0 level1 lfo1; tab-stops: list 36.0pt; text-align: justify; text-indent: -18.0pt;\">\n\u00b7&nbsp;&nbsp;&nbsp;&nbsp;&nbsp;&nbsp;&nbsp;<br \/>\nCzy<br \/>\npotrafi\u0119 wycofa\u0107 si\u0119 z b\u0142\u0119dnego stanowiska i niew\u0142a\u015bciwego dzia\u0142ania?<\/div>\n<div class=\"MsoNormal\" style=\"margin-left: 36.0pt; mso-list: l0 level1 lfo1; tab-stops: list 36.0pt; text-align: justify; text-indent: -18.0pt;\">\n\u00b7&nbsp;&nbsp;&nbsp;&nbsp;&nbsp;&nbsp;&nbsp;<br \/>\nCzy<br \/>\nstaram si\u0119 zachowywa\u0107 na co dzie\u0144 spok\u00f3j i rozwag\u0119?<\/div>\n<div class=\"MsoNormal\" style=\"text-align: justify;\">\n<\/div>\n<div class=\"MsoNormal\" style=\"text-align: justify;\">\n<b><i>Aposto\u0142owie z wielk\u0105 moc\u0105 \u015bwiadczyli o<br \/>\nzmartwychwstaniu Pana Jezusa, a wszyscy oni mieli wielk\u0105 \u0142ask\u0119<\/i><\/b>.<\/div>\n","protected":false},"excerpt":{"rendered":"<p>Szcz\u0119\u015b\u0107 Bo\u017ce! Kochani, przepraszam za op\u00f3\u017anienie, ale tyle mniej wi\u0119cej czasu zaj\u0119\u0142o przekazywanie kluczy do Parafii &#8211; czyli w\u0142adzy proboszczowskiej. Bo Szef ju\u017c na szcz\u0119\u015bcie wr\u00f3ci\u0142. Odnowiony i uduchowiony! I wszystko wraca do normy. &nbsp; &nbsp; &nbsp; \u017bycz\u0105c udaj\u0105cym si\u0119 na wakacje i urlopy b\u0142ogos\u0142awionego odpoczynku &#8211; zach\u0119cam do stosowania tak\u017ce na urlopach zasady, g\u0142oszonej [&hellip;]<\/p>\n","protected":false},"author":1,"featured_media":0,"comment_status":"open","ping_status":"open","sticky":false,"template":"","format":"standard","meta":{"jetpack_post_was_ever_published":false,"_jetpack_newsletter_access":"","_jetpack_dont_email_post_to_subs":false,"_jetpack_newsletter_tier_id":0,"_jetpack_memberships_contains_paywalled_content":false,"_jetpack_memberships_contains_paid_content":false,"footnotes":""},"categories":[1],"tags":[],"class_list":["post-9432","post","type-post","status-publish","format-standard","hentry","category-bez-kategorii"],"yoast_head":"<!-- This site is optimized with the Yoast SEO plugin v25.1 - https:\/\/yoast.com\/wordpress\/plugins\/seo\/ -->\n<title>Jak stosowa\u0107 \u015bwi\u0119ty umiar i zdrowy rozs\u0105dek?... - Gaudium Et Spes<\/title>\n<meta name=\"robots\" content=\"index, follow, max-snippet:-1, max-image-preview:large, max-video-preview:-1\" \/>\n<link rel=\"canonical\" href=\"https:\/\/gaudiumetspes-blog.pl\/index.php\/2012\/07\/11\/jak-stosowac-swiety-umiar-i-zdrowy\/\" \/>\n<meta property=\"og:locale\" content=\"pl_PL\" \/>\n<meta property=\"og:type\" content=\"article\" \/>\n<meta property=\"og:title\" content=\"Jak stosowa\u0107 \u015bwi\u0119ty umiar i zdrowy rozs\u0105dek?... - Gaudium Et Spes\" \/>\n<meta property=\"og:description\" content=\"Szcz\u0119\u015b\u0107 Bo\u017ce! Kochani, przepraszam za op\u00f3\u017anienie, ale tyle mniej wi\u0119cej czasu zaj\u0119\u0142o przekazywanie kluczy do Parafii &#8211; czyli w\u0142adzy proboszczowskiej. Bo Szef ju\u017c na szcz\u0119\u015bcie wr\u00f3ci\u0142. Odnowiony i uduchowiony! I wszystko wraca do normy. &nbsp; &nbsp; &nbsp; \u017bycz\u0105c udaj\u0105cym si\u0119 na wakacje i urlopy b\u0142ogos\u0142awionego odpoczynku &#8211; zach\u0119cam do stosowania tak\u017ce na urlopach zasady, g\u0142oszonej [&hellip;]\" \/>\n<meta property=\"og:url\" content=\"https:\/\/gaudiumetspes-blog.pl\/index.php\/2012\/07\/11\/jak-stosowac-swiety-umiar-i-zdrowy\/\" \/>\n<meta property=\"og:site_name\" content=\"Gaudium Et Spes\" \/>\n<meta property=\"article:published_time\" content=\"2012-07-11T07:57:00+00:00\" \/>\n<meta property=\"article:modified_time\" content=\"2019-07-31T10:53:22+00:00\" \/>\n<meta name=\"author\" content=\"Ks. Jacek\" \/>\n<meta name=\"twitter:card\" content=\"summary_large_image\" \/>\n<meta name=\"twitter:label1\" content=\"Napisane przez\" \/>\n\t<meta name=\"twitter:data1\" content=\"Ks. Jacek\" \/>\n\t<meta name=\"twitter:label2\" content=\"Szacowany czas czytania\" \/>\n\t<meta name=\"twitter:data2\" content=\"11 minut\" \/>\n<script type=\"application\/ld+json\" class=\"yoast-schema-graph\">{\"@context\":\"https:\/\/schema.org\",\"@graph\":[{\"@type\":\"WebPage\",\"@id\":\"https:\/\/gaudiumetspes-blog.pl\/index.php\/2012\/07\/11\/jak-stosowac-swiety-umiar-i-zdrowy\/\",\"url\":\"https:\/\/gaudiumetspes-blog.pl\/index.php\/2012\/07\/11\/jak-stosowac-swiety-umiar-i-zdrowy\/\",\"name\":\"Jak stosowa\u0107 \u015bwi\u0119ty umiar i zdrowy rozs\u0105dek?... - Gaudium Et Spes\",\"isPartOf\":{\"@id\":\"https:\/\/gaudiumetspes-blog.pl\/#website\"},\"datePublished\":\"2012-07-11T07:57:00+00:00\",\"dateModified\":\"2019-07-31T10:53:22+00:00\",\"author\":{\"@id\":\"https:\/\/gaudiumetspes-blog.pl\/#\/schema\/person\/1661982992b752dea8dff0d4ed845a65\"},\"breadcrumb\":{\"@id\":\"https:\/\/gaudiumetspes-blog.pl\/index.php\/2012\/07\/11\/jak-stosowac-swiety-umiar-i-zdrowy\/#breadcrumb\"},\"inLanguage\":\"pl-PL\",\"potentialAction\":[{\"@type\":\"ReadAction\",\"target\":[\"https:\/\/gaudiumetspes-blog.pl\/index.php\/2012\/07\/11\/jak-stosowac-swiety-umiar-i-zdrowy\/\"]}]},{\"@type\":\"BreadcrumbList\",\"@id\":\"https:\/\/gaudiumetspes-blog.pl\/index.php\/2012\/07\/11\/jak-stosowac-swiety-umiar-i-zdrowy\/#breadcrumb\",\"itemListElement\":[{\"@type\":\"ListItem\",\"position\":1,\"name\":\"Strona g\u0142\u00f3wna\",\"item\":\"https:\/\/gaudiumetspes-blog.pl\/\"},{\"@type\":\"ListItem\",\"position\":2,\"name\":\"Jak stosowa\u0107 \u015bwi\u0119ty umiar i&nbsp;zdrowy rozs\u0105dek?&#8230;\"}]},{\"@type\":\"WebSite\",\"@id\":\"https:\/\/gaudiumetspes-blog.pl\/#website\",\"url\":\"https:\/\/gaudiumetspes-blog.pl\/\",\"name\":\"Gaudium Et Spes\",\"description\":\"Blog Ks. Jacka Ja\u015bkowskiego\",\"potentialAction\":[{\"@type\":\"SearchAction\",\"target\":{\"@type\":\"EntryPoint\",\"urlTemplate\":\"https:\/\/gaudiumetspes-blog.pl\/?s={search_term_string}\"},\"query-input\":{\"@type\":\"PropertyValueSpecification\",\"valueRequired\":true,\"valueName\":\"search_term_string\"}}],\"inLanguage\":\"pl-PL\"},{\"@type\":\"Person\",\"@id\":\"https:\/\/gaudiumetspes-blog.pl\/#\/schema\/person\/1661982992b752dea8dff0d4ed845a65\",\"name\":\"Ks. Jacek\",\"image\":{\"@type\":\"ImageObject\",\"inLanguage\":\"pl-PL\",\"@id\":\"https:\/\/gaudiumetspes-blog.pl\/#\/schema\/person\/image\/\",\"url\":\"https:\/\/gaudiumetspes-blog.pl\/wp-content\/uploads\/2019\/07\/avatar-JJ-150x150.jpg\",\"contentUrl\":\"https:\/\/gaudiumetspes-blog.pl\/wp-content\/uploads\/2019\/07\/avatar-JJ-150x150.jpg\",\"caption\":\"Ks. Jacek\"},\"description\":\"Witam serdecznie! K\u0142ania si\u0119 Ks. Jacek Ja\u015bkowski. Nie jestem ani kim\u015b wa\u017cnym, ani kim\u015b znanym. Jestem ksi\u0119dzem, kt\u00f3ry po prostu chce rozmawia\u0107. Codzienna kap\u0142a\u0144ska pos\u0142uga pokazuje mi, \u017ce temat\u00f3w do rozm\u00f3w z ksi\u0119dzem jest coraz wi\u0119cej i dzisiaj \u017caden ksi\u0105dz nie mo\u017ce od nich ucieka\u0107, ale - wprost przeciwnie - podejmowa\u0107 nowe wyzwania. To przekonanie sk\u0142oni\u0142o mnie do pr\u00f3by otwarcia tego\u017c bloga, chocia\u017c okazji do rozm\u00f3w na co dzie\u0144 - w konfesjonale i poza nim - na szcz\u0119\u015bcie nie brakuje. My\u015bl\u0119 jednak, \u017ce ten blog b\u0119dzie jeszcze jednym sposobem i przestrzeni\u0105 nawi\u0105zania kontaktu z lud\u017ami dobrej woli, otwartymi na dialog.\",\"url\":\"https:\/\/gaudiumetspes-blog.pl\/index.php\/author\/ks-jacek\/\"}]}<\/script>\n<!-- \/ Yoast SEO plugin. -->","yoast_head_json":{"title":"Jak stosowa\u0107 \u015bwi\u0119ty umiar i zdrowy rozs\u0105dek?... - Gaudium Et Spes","robots":{"index":"index","follow":"follow","max-snippet":"max-snippet:-1","max-image-preview":"max-image-preview:large","max-video-preview":"max-video-preview:-1"},"canonical":"https:\/\/gaudiumetspes-blog.pl\/index.php\/2012\/07\/11\/jak-stosowac-swiety-umiar-i-zdrowy\/","og_locale":"pl_PL","og_type":"article","og_title":"Jak stosowa\u0107 \u015bwi\u0119ty umiar i zdrowy rozs\u0105dek?... - Gaudium Et Spes","og_description":"Szcz\u0119\u015b\u0107 Bo\u017ce! Kochani, przepraszam za op\u00f3\u017anienie, ale tyle mniej wi\u0119cej czasu zaj\u0119\u0142o przekazywanie kluczy do Parafii &#8211; czyli w\u0142adzy proboszczowskiej. Bo Szef ju\u017c na szcz\u0119\u015bcie wr\u00f3ci\u0142. Odnowiony i uduchowiony! I wszystko wraca do normy. &nbsp; &nbsp; &nbsp; \u017bycz\u0105c udaj\u0105cym si\u0119 na wakacje i urlopy b\u0142ogos\u0142awionego odpoczynku &#8211; zach\u0119cam do stosowania tak\u017ce na urlopach zasady, g\u0142oszonej [&hellip;]","og_url":"https:\/\/gaudiumetspes-blog.pl\/index.php\/2012\/07\/11\/jak-stosowac-swiety-umiar-i-zdrowy\/","og_site_name":"Gaudium Et Spes","article_published_time":"2012-07-11T07:57:00+00:00","article_modified_time":"2019-07-31T10:53:22+00:00","author":"Ks. Jacek","twitter_card":"summary_large_image","twitter_misc":{"Napisane przez":"Ks. Jacek","Szacowany czas czytania":"11 minut"},"schema":{"@context":"https:\/\/schema.org","@graph":[{"@type":"WebPage","@id":"https:\/\/gaudiumetspes-blog.pl\/index.php\/2012\/07\/11\/jak-stosowac-swiety-umiar-i-zdrowy\/","url":"https:\/\/gaudiumetspes-blog.pl\/index.php\/2012\/07\/11\/jak-stosowac-swiety-umiar-i-zdrowy\/","name":"Jak stosowa\u0107 \u015bwi\u0119ty umiar i zdrowy rozs\u0105dek?... - Gaudium Et Spes","isPartOf":{"@id":"https:\/\/gaudiumetspes-blog.pl\/#website"},"datePublished":"2012-07-11T07:57:00+00:00","dateModified":"2019-07-31T10:53:22+00:00","author":{"@id":"https:\/\/gaudiumetspes-blog.pl\/#\/schema\/person\/1661982992b752dea8dff0d4ed845a65"},"breadcrumb":{"@id":"https:\/\/gaudiumetspes-blog.pl\/index.php\/2012\/07\/11\/jak-stosowac-swiety-umiar-i-zdrowy\/#breadcrumb"},"inLanguage":"pl-PL","potentialAction":[{"@type":"ReadAction","target":["https:\/\/gaudiumetspes-blog.pl\/index.php\/2012\/07\/11\/jak-stosowac-swiety-umiar-i-zdrowy\/"]}]},{"@type":"BreadcrumbList","@id":"https:\/\/gaudiumetspes-blog.pl\/index.php\/2012\/07\/11\/jak-stosowac-swiety-umiar-i-zdrowy\/#breadcrumb","itemListElement":[{"@type":"ListItem","position":1,"name":"Strona g\u0142\u00f3wna","item":"https:\/\/gaudiumetspes-blog.pl\/"},{"@type":"ListItem","position":2,"name":"Jak stosowa\u0107 \u015bwi\u0119ty umiar i&nbsp;zdrowy rozs\u0105dek?&#8230;"}]},{"@type":"WebSite","@id":"https:\/\/gaudiumetspes-blog.pl\/#website","url":"https:\/\/gaudiumetspes-blog.pl\/","name":"Gaudium Et Spes","description":"Blog Ks. Jacka Ja\u015bkowskiego","potentialAction":[{"@type":"SearchAction","target":{"@type":"EntryPoint","urlTemplate":"https:\/\/gaudiumetspes-blog.pl\/?s={search_term_string}"},"query-input":{"@type":"PropertyValueSpecification","valueRequired":true,"valueName":"search_term_string"}}],"inLanguage":"pl-PL"},{"@type":"Person","@id":"https:\/\/gaudiumetspes-blog.pl\/#\/schema\/person\/1661982992b752dea8dff0d4ed845a65","name":"Ks. Jacek","image":{"@type":"ImageObject","inLanguage":"pl-PL","@id":"https:\/\/gaudiumetspes-blog.pl\/#\/schema\/person\/image\/","url":"https:\/\/gaudiumetspes-blog.pl\/wp-content\/uploads\/2019\/07\/avatar-JJ-150x150.jpg","contentUrl":"https:\/\/gaudiumetspes-blog.pl\/wp-content\/uploads\/2019\/07\/avatar-JJ-150x150.jpg","caption":"Ks. Jacek"},"description":"Witam serdecznie! K\u0142ania si\u0119 Ks. Jacek Ja\u015bkowski. Nie jestem ani kim\u015b wa\u017cnym, ani kim\u015b znanym. Jestem ksi\u0119dzem, kt\u00f3ry po prostu chce rozmawia\u0107. Codzienna kap\u0142a\u0144ska pos\u0142uga pokazuje mi, \u017ce temat\u00f3w do rozm\u00f3w z ksi\u0119dzem jest coraz wi\u0119cej i dzisiaj \u017caden ksi\u0105dz nie mo\u017ce od nich ucieka\u0107, ale - wprost przeciwnie - podejmowa\u0107 nowe wyzwania. To przekonanie sk\u0142oni\u0142o mnie do pr\u00f3by otwarcia tego\u017c bloga, chocia\u017c okazji do rozm\u00f3w na co dzie\u0144 - w konfesjonale i poza nim - na szcz\u0119\u015bcie nie brakuje. My\u015bl\u0119 jednak, \u017ce ten blog b\u0119dzie jeszcze jednym sposobem i przestrzeni\u0105 nawi\u0105zania kontaktu z lud\u017ami dobrej woli, otwartymi na dialog.","url":"https:\/\/gaudiumetspes-blog.pl\/index.php\/author\/ks-jacek\/"}]}},"jetpack_featured_media_url":"","jetpack_sharing_enabled":true,"_links":{"self":[{"href":"https:\/\/gaudiumetspes-blog.pl\/index.php\/wp-json\/wp\/v2\/posts\/9432","targetHints":{"allow":["GET"]}}],"collection":[{"href":"https:\/\/gaudiumetspes-blog.pl\/index.php\/wp-json\/wp\/v2\/posts"}],"about":[{"href":"https:\/\/gaudiumetspes-blog.pl\/index.php\/wp-json\/wp\/v2\/types\/post"}],"author":[{"embeddable":true,"href":"https:\/\/gaudiumetspes-blog.pl\/index.php\/wp-json\/wp\/v2\/users\/1"}],"replies":[{"embeddable":true,"href":"https:\/\/gaudiumetspes-blog.pl\/index.php\/wp-json\/wp\/v2\/comments?post=9432"}],"version-history":[{"count":1,"href":"https:\/\/gaudiumetspes-blog.pl\/index.php\/wp-json\/wp\/v2\/posts\/9432\/revisions"}],"predecessor-version":[{"id":10651,"href":"https:\/\/gaudiumetspes-blog.pl\/index.php\/wp-json\/wp\/v2\/posts\/9432\/revisions\/10651"}],"wp:attachment":[{"href":"https:\/\/gaudiumetspes-blog.pl\/index.php\/wp-json\/wp\/v2\/media?parent=9432"}],"wp:term":[{"taxonomy":"category","embeddable":true,"href":"https:\/\/gaudiumetspes-blog.pl\/index.php\/wp-json\/wp\/v2\/categories?post=9432"},{"taxonomy":"post_tag","embeddable":true,"href":"https:\/\/gaudiumetspes-blog.pl\/index.php\/wp-json\/wp\/v2\/tags?post=9432"}],"curies":[{"name":"wp","href":"https:\/\/api.w.org\/{rel}","templated":true}]}}