{"id":9433,"date":"2012-07-10T07:05:00","date_gmt":"2012-07-10T05:05:00","guid":{"rendered":"https:\/\/gaudiumetspes-blog.pl\/index.php\/2012\/07\/10\/kto-sieje-wiatr-ten-zbiera-burze\/"},"modified":"2019-07-31T12:53:22","modified_gmt":"2019-07-31T10:53:22","slug":"kto-sieje-wiatr-ten-zbiera-burze","status":"publish","type":"post","link":"https:\/\/gaudiumetspes-blog.pl\/index.php\/2012\/07\/10\/kto-sieje-wiatr-ten-zbiera-burze\/","title":{"rendered":"Kto sieje wiatr &#8211; ten zbiera burz\u0119!"},"content":{"rendered":"<p><\/p>\n<div class=\"MsoNormal\" style=\"text-align: justify;\">\nNo to, Kochani, dzisiaj wraca Szef z rekolekcji! Na szcz\u0119\u015bcie! Ta ma\u0142a pr\u00f3bka proboszczowska &#8211; p\u00f3ki co &#8211; wystarczy mi na jaki\u015b czas. Jeszcze dzisiaj wspania\u0142a Msza \u015awi\u0119ta o 20.00, jak\u0105 w ka\u017cdy drugi wtorek wieczorem sprawujemy w intencji i w intencjach Parafialnych Wsp\u00f3lnot. Jest to pod patronatem naszej Odnowy w Duchu \u015awi\u0119tym, ale przychodz\u0105 cz\u0142onkowie innych Wsp\u00f3lnot. Uczestnicy liturgii pisz\u0105 swoje intencje na kartkach &#8211; i to wed\u0142ug tych intencji sprawowana jest Msza \u015awi\u0119ta. A po Mszy \u015awi\u0119tej &#8211; indywidualna modlitwa wstawiennicza kap\u0142ana nad wszystkimi, prosz\u0105cymi o to&#8230; Co\u015b wspania\u0142ego!&nbsp;<\/div>\n<div class=\"MsoNormal\" style=\"text-align: justify;\">\n&nbsp; &nbsp; &nbsp;W nasze modlitwy w\u0142\u0105czamy dzi\u015b intencje, wskazane przez Walentyn\u0119, ale tak\u017ce prosz\u0119 o modlitw\u0119 za Mam\u0119 Ksi\u0119dza Wojtka, mojego Kolegi. W\u0142a\u015bnie teraz, o 9.00, rozpoczyna si\u0119 jej operacja serca&#8230;<\/div>\n<div class=\"MsoNormal\" style=\"text-align: justify;\">\n&nbsp; &nbsp; &nbsp; &nbsp; &nbsp; &nbsp; &nbsp;Gaudium et spes! &nbsp;Ks. Jacek<\/div>\n<div class=\"MsoNormal\" style=\"text-align: justify;\">\n<\/div>\n<div class=\"MsoNormal\" style=\"text-align: justify;\">\n<b>Wtorek 14<br \/>\ntygodnia zwyk\u0142ego, rok II,<\/b><\/div>\n<div class=\"MsoNormal\" style=\"text-align: justify;\">\n<b>do<br \/>\nczyta\u0144:&nbsp; Oz 8,4\u20137.11\u201313;&nbsp; Mt 9,32\u201337<\/b><\/div>\n<div class=\"MsoNormal\" style=\"text-align: justify;\">\n<\/div>\n<div class=\"MsoNormal\" style=\"text-align: justify;\">\n<b>CZYTANIE Z KSI\u0118GI PROROKA OZEASZA:&nbsp;<\/b><\/div>\n<div class=\"MsoNormal\" style=\"text-align: justify; text-indent: 25.0pt;\">\n<b>To<br \/>\nm\u00f3wi Pan: \u201eSynowie Izraela czynili sobie kr\u00f3l\u00f3w, lecz wbrew mojej woli, ksi\u0105\u017c\u0105t<br \/>\nmianowali, te\u017c bez mojej wiedzy: Czynili pos\u0105gi ze srebra swego i z\u0142ota, na<br \/>\nw\u0142asn\u0105 zag\u0142ad\u0119. Odrzucam cielca twojego, Samario, gniew m\u00f3j si\u0119 przeciw niemu<br \/>\nzapala; jak d\u0142ugo jeszcze nie b\u0119d\u0105 mogli by\u0107 uniewinnieni synowie Izraela?<br \/>\nWykona\u0142 go rzemie\u015blnik, lecz nie jest on bogiem; w kawa\u0142ki si\u0119 rozleci cielec<br \/>\nsamaryjski. Oni wiatr siej\u0105, zbiera\u0107 b\u0119d\u0105 burz\u0119. Zbo\u017ce bez k\u0142os\u00f3w nie dostarczy<br \/>\nm\u0105ki; je\u015bliby nawet da\u0142o, zabierze j\u0105 obcy.<\/b><b><\/b><\/div>\n<div class=\"MsoNormal\" style=\"text-align: justify; text-indent: 25.0pt;\">\n<b>Wiele<br \/>\no\u0142tarzy Efraim zbudowa\u0142, ale mu s\u0142u\u017c\u0105 jedynie do grzechu. Wypisa\u0142em im moje<br \/>\nliczne prawa, lecz je przyj\u0119li jako co\u015b obcego. Lubi\u0105 ofiary krwawe i ch\u0119tnie<br \/>\nsk\u0142adaj\u0105, lubi\u0105 te\u017c mi\u0119so, kt\u00f3re w\u00f3wczas jedz\u0105, lecz Pan nie ma w tym<br \/>\nupodobania. Wspominam wtedy na ich przewinienia i karz\u0119 ich za grzechy, niech<br \/>\nwr\u00f3c\u0105 zn\u00f3w do Egiptu\u201d.<\/b><\/div>\n<div class=\"MsoNormal\" style=\"text-align: justify;\">\n<\/div>\n<div class=\"MsoNormal\" style=\"text-align: justify;\">\n<b>S\u0141OWA EWANGELII WED\u0141UG \u015aWI\u0118TEGO MATEUSZA:&nbsp;<\/b><\/div>\n<div class=\"MsoNormal\" style=\"text-align: justify; text-indent: 25.0pt;\">\n<b>Przyprowadzono<br \/>\ndo Jezusa niemow\u0119 op\u0119tanego. Po wyrzuceniu z\u0142ego ducha niemy odzyska\u0142 mow\u0119, a<br \/>\nt\u0142umy pe\u0142ne podziwu wo\u0142a\u0142y: \u201eJeszcze si\u0119 nigdy nic podobnego nie pojawi\u0142o w<br \/>\nIzraelu\u201d.<\/b><b><\/b><\/div>\n<div class=\"MsoNormal\" style=\"text-align: justify; text-indent: 25.0pt;\">\n<b>Lecz<br \/>\nfaryzeusze m\u00f3wili: \u201eWyrzuca z\u0142e duchy moc\u0105 ich przyw\u00f3dcy\u201d.&nbsp;<\/b><\/div>\n<div class=\"MsoNormal\" style=\"text-align: justify; text-indent: 25.0pt;\">\n<b>Tak<br \/>\nJezus obchodzi\u0142 wszystkie miasta i wioski. Naucza\u0142 w tamtejszych synagogach,<br \/>\ng\u0142osi\u0142 Ewangeli\u0119 kr\u00f3lestwa i leczy\u0142 wszystkie choroby i wszystkie s\u0142abo\u015bci. A<br \/>\nwidz\u0105c t\u0142umy ludzi, litowa\u0142 si\u0119 nad nimi, bo byli zn\u0119kani i porzuceni, jak owce<br \/>\nnie maj\u0105ce pasterza.&nbsp;<\/b><\/div>\n<div class=\"MsoNormal\" style=\"text-align: justify; text-indent: 25.0pt;\">\n<b>Wtedy<br \/>\nrzek\u0142 do swych uczni\u00f3w: \u201e\u017bniwo wprawdzie wielkie, ale robotnik\u00f3w ma\u0142o. Pro\u015bcie<br \/>\nwi\u0119c Pana \u017cniwa, \u017ceby wyprawi\u0142 robotnik\u00f3w na swoje \u017cniwo\u201d.<\/b><\/div>\n<div class=\"MsoNormal\" style=\"text-align: justify;\">\n<\/div>\n<div class=\"MsoNormal\" style=\"text-align: justify; text-indent: 35.4pt;\">\nSynowie Izraela czynili<br \/>\nsobie kr\u00f3l\u00f3w \u2013 <b>ale wbrew Bogu.<\/b> Mianowali<br \/>\nsobie ksi\u0105\u017c\u0105t \u2013 <b>ale<\/b> <b>Pan o tym mia\u0142 nie wiedzie\u0107.<\/b> Czynili sobie<br \/>\npos\u0105gi b\u00f3stw \u2013 <b>obcych b\u00f3stw, na w\u0142asn\u0105<br \/>\nzag\u0142ad\u0119.<\/b> Dlatego taki \u201eb\u00f3g\u201d, kt\u00f3rego wykona\u0142 rzemie\u015blnik, rozpadnie si\u0119 w<br \/>\nkawa\u0142ki, <b>jak ca\u0142e \u017cycie ludzi<\/b> <b>odwracaj\u0105cych si\u0119 od prawdziwego Boga.<\/b><br \/>\nRozpadnie si\u0119 to wszystko z hukiem, bo wiele o\u0142tarzy zbudowa\u0142 Efraim, ale<br \/>\nwszystkie one s\u0142u\u017c\u0105 mu <b><i>jedynie do grzechu<\/i><\/b>. B\u00f3g da\u0142 swemu ludowi<br \/>\nliczne prawa, ale wszystkie one zosta\u0142y zlekcewa\u017cone i odrzucone. <\/div>\n<div class=\"MsoNormal\" style=\"text-align: justify; text-indent: 35.4pt;\">\nDlatego nie mo\u017cemy si\u0119<br \/>\ndziwi\u0107, \u017ce podsumowaniem ca\u0142ej tej skargi Boga na sw\u00f3j nar\u00f3d oraz swoistym<br \/>\nstreszczeniem, najkr\u00f3tszym opisem owych dziwnych \u201edokona\u0144\u201d Izraela, mog\u0142y by\u0107<br \/>\ntylko te s\u0142owa Pana: <b><i>Oni wiatr siej\u0105 \u2013 zbiera\u0107 b\u0119d\u0105 burz\u0119. Zbo\u017ce<br \/>\nbez k\u0142os\u00f3w nie dostarczy m\u0105ki. Je\u015bliby nawet da\u0142o, zabierze j\u0105 obcy<\/i><\/b>. W\u0142a\u015bnie,<br \/>\ntak jest zawsze, kiedy cz\u0142owiek sam sobie stworzy \u201eboga\u201d, albo nawet <b>uznaje tego jedynego i prawdziwego,<\/b> ale<br \/>\nma sw\u00f3j prywatny, zmodyfikowany Jego obraz, nie do ko\u0144ca zgodny z tym prawdziwym\u2026\n<\/div>\n<div class=\"MsoNormal\" style=\"text-align: justify; text-indent: 35.4pt;\">\nWtedy zaczynaj\u0105 si\u0119<br \/>\ndramaty, nieszcz\u0119\u015bcia, b\u0142\u0119dy i grzechy, bo rzeczywisto\u015b\u0107 rozmija si\u0119 z ludzkimi<br \/>\noczekiwaniami, <b>a prawda si\u0142\u0105 rzeczy<br \/>\nust\u0119puje miejsca k\u0142amstwu,<\/b> <b>obrazowi<br \/>\nfa\u0142szywemu, zupe\u0142nie odwr\u00f3conemu. <\/b>Z tak\u0105 sytuacj\u0105 mamy do czynienia w dzisiejszej<br \/>\nEwangelii: Bosk\u0105 moc i dzia\u0142alno\u015b\u0107 Jezusa oraz podziw t\u0142um\u00f3w dla Niego faryzeusze<br \/>\nkomentuj\u0105 w spos\u00f3b szokuj\u0105cy: <b><i>Wyrzuca z\u0142e duchy moc\u0105 ich przyw\u00f3dcy. <\/i><\/b>Naprawd\u0119,<br \/>\n<b>tylko oni mogli co\u015b takiego wymy\u015bli\u0107!<\/b><br \/>\nTylko oni \u2013 i tacy, kt\u00f3rzy my\u015bl\u0105 tak, jak oni, czyli tacy, kt\u00f3rzy nie znaj\u0105 obrazu<br \/>\nprawdziwego Boga. <\/div>\n<div class=\"MsoNormal\" style=\"text-align: justify; text-indent: 35.4pt;\">\nKochani, to dzisiejsze<br \/>\nS\u0142owo to bardzo mocne ostrze\u017cenie przed wszystkim, co mo\u017ce w naszych umys\u0142ach i<br \/>\nsercach <b>fa\u0142szowa\u0107 obraz Boga.<\/b> My<br \/>\nmamy ca\u0142ymi swoimi si\u0142ami d\u0105\u017cy\u0107 do tego, aby <b>pozna\u0107 prawdziwy obraz Boga i Jego majestatu.<\/b> My mamy d\u0105\u017cy\u0107 do<br \/>\ntego, aby <b>zg\u0142\u0119bi\u0107 Jego nauk\u0119 i pozna\u0107 Jego<br \/>\nwol\u0119!<\/b> I t\u0119 wol\u0119 realizowa\u0107\u2026 My mamy w pe\u0142ni u\u015bwiadomi\u0107 sobie, \u017ce <b>obraz Boga, w kt\u00f3rego wierzymy, jest bardzo<br \/>\nostry i konkretny. <\/b><\/div>\n<div class=\"MsoNormal\" style=\"text-align: justify; text-indent: 35.4pt;\">\nTo nie jest <b>rozmyty obraz<\/b> jakiej\u015b \u201eSi\u0142y wy\u017cszej\u201d,<br \/>\njakiego\u015b \u201eDemiurga\u201d, jakiego\u015b \u201eWielkiego Architekta\u201d, jakiego\u015b nieokre\u015blonego<br \/>\n\u201eNajwy\u017cszego\u201d, jakiego\u015b \u201eGuru\u201d, \u201eSzamana\u201d, kt\u00f3ry gdzie\u015b wysoko w chmurach<br \/>\nsiedzi sobie i <b>wedle w\u0142asnego kaprysu rozstawia<br \/>\nsobie ludzi jak pionki na szachownicy,<\/b> albo \u2013 odwrotnie \u2013 w og\u00f3le <b>losami ludzkimi si\u0119 nie interesuje.<\/b> My<br \/>\nnie w takiego Boga wierzymy! <\/div>\n<div class=\"MsoNormal\" style=\"text-align: justify; text-indent: 35.4pt;\">\nI nie w takiego, kt\u00f3ry <b>na wszystko pozwala, na wszystko si\u0119<br \/>\nzgadza, <\/b>wszystko akceptuje, niczego nie zakazuje, kt\u00f3ry wszystkich kocha,<br \/>\npo g\u0142\u00f3wce g\u0142aszcze, do wszystkich si\u0119 u\u015bmiecha\u2026 To bardzo \u2013 sk\u0105din\u0105d \u2013<br \/>\nsympatyczny obraz Boga <b>i taki na<br \/>\ndzisiejsze czasy.<\/b> Dzisiaj ludziom odpowiada\u0142by taki B\u00f3g, kt\u00f3ry by grzecznie<br \/>\nrespektowa\u0142 ich prawa, dogadza\u0142 ich zachciankom, za wszystko chwali\u0142 \u2013 <b>tylko niczego nie wymaga\u0142! <\/b><\/div>\n<div class=\"MsoNormal\" style=\"text-align: justify; text-indent: 35.4pt;\">\nO, taki B\u00f3g to mo\u017ce by\u0107 <b>i w takiego Boga to mo\u017cna by nawet wierzy\u0107.<\/b><br \/>\nBo to nic nie kosztuje, bo taki obraz Boga do wszystkiego pasuje, wsz\u0119dzie taki<br \/>\nobraz Boga mo\u017cna umie\u015bci\u0107, w ka\u017cde ramki oprawi\u0107 i na ka\u017cdej \u015bcianie powiesi\u0107, <b>bo nikogo taki obraz Boga nie b\u0119dzie k\u0142u\u0142 w<br \/>\noczy i nikogo nie b\u0119dzie razi\u0142.<\/b> <\/div>\n<div class=\"MsoNormal\" style=\"text-align: justify; text-indent: 35.4pt;\">\nNo tak, tylko jest jeden<br \/>\nma\u0142y problem: to co\u015b, o czym tu sobie m\u00f3wimy, <b>to nie jest obraz Boga.<\/b> Ta rozmyta, nieostra, mglista figura \u2013 <b>to nie jest B\u00f3g Starego i Nowego Testamentu,<br \/>\nto nie jest B\u00f3g Izraela i B\u00f3g Ludu Nowego Przymierza, to nie jest B\u00f3g chrze\u015bcijan!<\/b><br \/>\nTo jest jaki\u015b dziwny tw\u00f3r, <b>wykre\u015blony na<br \/>\nmod\u0142\u0119 dzisiejszych oczekiwa\u0144,<\/b> taki pos\u0105g uczyniony ze srebra lub z\u0142ota, to<br \/>\nznaczy: <b>ulepiony z ludzkich zachcianek,<br \/>\npretensji, \u017c\u0105da\u0144, wyklejony z ludzkiej pychy i wygodnictwa,<\/b> spe\u0142niaj\u0105cy<br \/>\nka\u017cde oczekiwanie, akceptuj\u0105cy zawsze i wszystkich. <\/div>\n<div class=\"MsoNormal\" style=\"text-align: justify; text-indent: 35.4pt;\">\nTaki \u201eb\u00f3g\u201d b\u0119dzie<br \/>\nakceptowa\u0142 wszystkich i zawsze, bo to pos\u0105g, to tw\u00f3r ludzkiej wyobra\u017ani, <b>a wi\u0119c rzeczywisto\u015b\u0107 milcz\u0105ca i tak<br \/>\nnaprawd\u0119 nieobecna!<\/b> <\/div>\n<div class=\"MsoNormal\" style=\"text-align: justify; text-indent: 35.4pt;\">\nB\u00f3g, kt\u00f3ry nam si\u0119 objawia,<br \/>\njest <b>bardzo jednoznaczny i konkretny, <\/b>a<br \/>\nJego obraz jest <b>ostry i zarysowany<br \/>\nwyra\u017anie. <\/b>To B\u00f3g, kt\u00f3ry bezgranicznie kocha swoje dzieci, ale w imi\u0119 tej mi\u0142o\u015bci<br \/>\nstawia im r\u00f3wnie\u017c jasne wymagania. To B\u00f3g, kt\u00f3ry wyra\u017anie <b>nakazuje, jak nale\u017cy post\u0119powa\u0107,<\/b> ale te\u017c bardzo wyra\u017anie i mocno <b>zabrania postaw niew\u0142a\u015bciwych.<\/b> Pod tym<br \/>\npoj\u0119ciem Boga nie da si\u0119 podpisa\u0107 wszystkich ludzkich postaw i zachowa\u0144, wszystkich<br \/>\nludzkich s\u0142\u00f3w i my\u015bli \u2013 nie da si\u0119, bo <b>wiele<br \/>\nz nich B\u00f3g po prostu odrzuca, nie akceptuje ich.<\/b> I tu zaczyna si\u0119 problem! <\/div>\n<div class=\"MsoNormal\" style=\"text-align: justify; text-indent: 35.4pt;\">\nDzisiejszy rozkapryszony i<br \/>\nzapatrzony w swoje prawa cz\u0142owiek; cz\u0142owiek, kt\u00f3remu nic nie mo\u017cna powiedzie\u0107 i<br \/>\nod kt\u00f3rego nie za wiele mo\u017cna oczekiwa\u0107, a ju\u017c na pewno nie wolno go za nic<br \/>\nupomnie\u0107 \u2013 <b>taki cz\u0142owiek odrzuca takiego<br \/>\nw\u0142a\u015bnie Boga! <\/b>Ale wtedy przekonuje si\u0119, \u017ce <b>sieje wiatr, a zbiera burz\u0119! <\/b><\/div>\n<div class=\"MsoNormal\" style=\"text-align: justify; text-indent: 35.4pt;\">\nW tym kontek\u015bcie, Kochani, <b>bardzo wa\u017cna jest nasza postawa i to, jaki<br \/>\nmy mamy obraz Boga<\/b>\u2026 <b>W jakiego Boga<br \/>\nwierzymy i za jakim Bogiem idziemy przez \u017cycie<\/b>\u2026 Wa\u017cne, aby\u015bmy si\u0119 nagle nie<br \/>\nzorientowali, \u017ce jeste\u015bmy w gronie owych tw\u00f3rc\u00f3w fa\u0142szywego obrazu Boga, przed<br \/>\njakimi ostrzega dzisiejsze S\u0142owo, ale by\u015bmy byli tymi, kt\u00f3rzy <b>sami odkryj\u0105 ten obraz prawdziwy, ostry,<br \/>\nkonkretny<\/b>\u2026 Odkryj\u0105, a w razie potrzeby \u2013 <b>odkurz\u0105 go<\/b> z ludzkich nalecia\u0142o\u015bci i zafa\u0142szowa\u0144. <\/div>\n<div class=\"MsoNormal\" style=\"text-align: justify; text-indent: 35.4pt;\">\n<b>I taki w\u0142a\u015bnie prawdziwy, ostry, jasny, konkretny, przejrzysty<br \/>\nobraz Boga swoj\u0105 postaw\u0105, swoim \u015bwiadectwem \u2013 ukazywa\u0107 b\u0119d\u0105 innym!<\/b><\/div>\n<div class=\"MsoNormal\" style=\"text-align: justify; text-indent: 35.4pt;\">\nW tym kontek\u015bcie zastan\u00f3wmy<br \/>\nsi\u0119:<\/div>\n<div class=\"MsoNormal\" style=\"margin-left: 36.0pt; mso-list: l0 level1 lfo1; tab-stops: list 36.0pt; text-align: justify; text-indent: -18.0pt;\">\n\u00b7&nbsp;&nbsp;&nbsp;&nbsp;&nbsp;&nbsp;&nbsp;<br \/>\nCzy<br \/>\ndopasowuj\u0119 swoj\u0105 postaw\u0119 do oczekiwa\u0144 Boga, czy te\u017c obraz Boga naginam do<br \/>\nswoich oczekiwa\u0144?<\/div>\n<div class=\"MsoNormal\" style=\"margin-left: 36.0pt; mso-list: l0 level1 lfo1; tab-stops: list 36.0pt; text-align: justify; text-indent: -18.0pt;\">\n\u00b7&nbsp;&nbsp;&nbsp;&nbsp;&nbsp;&nbsp;&nbsp;<br \/>\nCo<br \/>\nrobi\u0119, aby pozna\u0107 prawdziwy obraz Boga?<\/div>\n<div class=\"MsoNormal\" style=\"margin-left: 36.0pt; mso-list: l0 level1 lfo1; tab-stops: list 36.0pt; text-align: justify; text-indent: -18.0pt;\">\n\u00b7&nbsp;&nbsp;&nbsp;&nbsp;&nbsp;&nbsp;&nbsp;<br \/>\nJakie<br \/>\n\u015bwiadectwo o Bogu daj\u0119 wobec innych?<\/div>\n<div class=\"MsoNormal\" style=\"text-align: justify;\">\n<\/div>\n<div class=\"MsoNormal\" style=\"text-align: justify;\">\n<b><i>Odrzucam cielca twojego, Samario, gniew m\u00f3j si\u0119<br \/>\nprzeciw niemu zapala<\/i><\/b>.<\/div>\n","protected":false},"excerpt":{"rendered":"<p>No to, Kochani, dzisiaj wraca Szef z rekolekcji! Na szcz\u0119\u015bcie! Ta ma\u0142a pr\u00f3bka proboszczowska &#8211; p\u00f3ki co &#8211; wystarczy mi na jaki\u015b czas. Jeszcze dzisiaj wspania\u0142a Msza \u015awi\u0119ta o 20.00, jak\u0105 w ka\u017cdy drugi wtorek wieczorem sprawujemy w intencji i w intencjach Parafialnych Wsp\u00f3lnot. Jest to pod patronatem naszej Odnowy w Duchu \u015awi\u0119tym, ale przychodz\u0105 [&hellip;]<\/p>\n","protected":false},"author":1,"featured_media":0,"comment_status":"open","ping_status":"open","sticky":false,"template":"","format":"standard","meta":{"jetpack_post_was_ever_published":false,"_jetpack_newsletter_access":"","_jetpack_dont_email_post_to_subs":false,"_jetpack_newsletter_tier_id":0,"_jetpack_memberships_contains_paywalled_content":false,"_jetpack_memberships_contains_paid_content":false,"footnotes":""},"categories":[1],"tags":[],"class_list":["post-9433","post","type-post","status-publish","format-standard","hentry","category-bez-kategorii"],"yoast_head":"<!-- This site is optimized with the Yoast SEO plugin v25.1 - https:\/\/yoast.com\/wordpress\/plugins\/seo\/ -->\n<title>Kto sieje wiatr - ten zbiera burz\u0119! - Gaudium Et Spes<\/title>\n<meta name=\"robots\" content=\"index, follow, max-snippet:-1, max-image-preview:large, max-video-preview:-1\" \/>\n<link rel=\"canonical\" href=\"https:\/\/gaudiumetspes-blog.pl\/index.php\/2012\/07\/10\/kto-sieje-wiatr-ten-zbiera-burze\/\" \/>\n<meta property=\"og:locale\" content=\"pl_PL\" \/>\n<meta property=\"og:type\" content=\"article\" \/>\n<meta property=\"og:title\" content=\"Kto sieje wiatr - ten zbiera burz\u0119! - Gaudium Et Spes\" \/>\n<meta property=\"og:description\" content=\"No to, Kochani, dzisiaj wraca Szef z rekolekcji! Na szcz\u0119\u015bcie! Ta ma\u0142a pr\u00f3bka proboszczowska &#8211; p\u00f3ki co &#8211; wystarczy mi na jaki\u015b czas. Jeszcze dzisiaj wspania\u0142a Msza \u015awi\u0119ta o 20.00, jak\u0105 w ka\u017cdy drugi wtorek wieczorem sprawujemy w intencji i w intencjach Parafialnych Wsp\u00f3lnot. Jest to pod patronatem naszej Odnowy w Duchu \u015awi\u0119tym, ale przychodz\u0105 [&hellip;]\" \/>\n<meta property=\"og:url\" content=\"https:\/\/gaudiumetspes-blog.pl\/index.php\/2012\/07\/10\/kto-sieje-wiatr-ten-zbiera-burze\/\" \/>\n<meta property=\"og:site_name\" content=\"Gaudium Et Spes\" \/>\n<meta property=\"article:published_time\" content=\"2012-07-10T05:05:00+00:00\" \/>\n<meta property=\"article:modified_time\" content=\"2019-07-31T10:53:22+00:00\" \/>\n<meta name=\"author\" content=\"Ks. Jacek\" \/>\n<meta name=\"twitter:card\" content=\"summary_large_image\" \/>\n<meta name=\"twitter:label1\" content=\"Napisane przez\" \/>\n\t<meta name=\"twitter:data1\" content=\"Ks. Jacek\" \/>\n\t<meta name=\"twitter:label2\" content=\"Szacowany czas czytania\" \/>\n\t<meta name=\"twitter:data2\" content=\"8 minut\" \/>\n<script type=\"application\/ld+json\" class=\"yoast-schema-graph\">{\"@context\":\"https:\/\/schema.org\",\"@graph\":[{\"@type\":\"WebPage\",\"@id\":\"https:\/\/gaudiumetspes-blog.pl\/index.php\/2012\/07\/10\/kto-sieje-wiatr-ten-zbiera-burze\/\",\"url\":\"https:\/\/gaudiumetspes-blog.pl\/index.php\/2012\/07\/10\/kto-sieje-wiatr-ten-zbiera-burze\/\",\"name\":\"Kto sieje wiatr - ten zbiera burz\u0119! - Gaudium Et Spes\",\"isPartOf\":{\"@id\":\"https:\/\/gaudiumetspes-blog.pl\/#website\"},\"datePublished\":\"2012-07-10T05:05:00+00:00\",\"dateModified\":\"2019-07-31T10:53:22+00:00\",\"author\":{\"@id\":\"https:\/\/gaudiumetspes-blog.pl\/#\/schema\/person\/1661982992b752dea8dff0d4ed845a65\"},\"breadcrumb\":{\"@id\":\"https:\/\/gaudiumetspes-blog.pl\/index.php\/2012\/07\/10\/kto-sieje-wiatr-ten-zbiera-burze\/#breadcrumb\"},\"inLanguage\":\"pl-PL\",\"potentialAction\":[{\"@type\":\"ReadAction\",\"target\":[\"https:\/\/gaudiumetspes-blog.pl\/index.php\/2012\/07\/10\/kto-sieje-wiatr-ten-zbiera-burze\/\"]}]},{\"@type\":\"BreadcrumbList\",\"@id\":\"https:\/\/gaudiumetspes-blog.pl\/index.php\/2012\/07\/10\/kto-sieje-wiatr-ten-zbiera-burze\/#breadcrumb\",\"itemListElement\":[{\"@type\":\"ListItem\",\"position\":1,\"name\":\"Strona g\u0142\u00f3wna\",\"item\":\"https:\/\/gaudiumetspes-blog.pl\/\"},{\"@type\":\"ListItem\",\"position\":2,\"name\":\"Kto sieje wiatr &#8211; ten zbiera burz\u0119!\"}]},{\"@type\":\"WebSite\",\"@id\":\"https:\/\/gaudiumetspes-blog.pl\/#website\",\"url\":\"https:\/\/gaudiumetspes-blog.pl\/\",\"name\":\"Gaudium Et Spes\",\"description\":\"Blog Ks. Jacka Ja\u015bkowskiego\",\"potentialAction\":[{\"@type\":\"SearchAction\",\"target\":{\"@type\":\"EntryPoint\",\"urlTemplate\":\"https:\/\/gaudiumetspes-blog.pl\/?s={search_term_string}\"},\"query-input\":{\"@type\":\"PropertyValueSpecification\",\"valueRequired\":true,\"valueName\":\"search_term_string\"}}],\"inLanguage\":\"pl-PL\"},{\"@type\":\"Person\",\"@id\":\"https:\/\/gaudiumetspes-blog.pl\/#\/schema\/person\/1661982992b752dea8dff0d4ed845a65\",\"name\":\"Ks. Jacek\",\"image\":{\"@type\":\"ImageObject\",\"inLanguage\":\"pl-PL\",\"@id\":\"https:\/\/gaudiumetspes-blog.pl\/#\/schema\/person\/image\/\",\"url\":\"https:\/\/gaudiumetspes-blog.pl\/wp-content\/uploads\/2019\/07\/avatar-JJ-150x150.jpg\",\"contentUrl\":\"https:\/\/gaudiumetspes-blog.pl\/wp-content\/uploads\/2019\/07\/avatar-JJ-150x150.jpg\",\"caption\":\"Ks. Jacek\"},\"description\":\"Witam serdecznie! K\u0142ania si\u0119 Ks. Jacek Ja\u015bkowski. Nie jestem ani kim\u015b wa\u017cnym, ani kim\u015b znanym. Jestem ksi\u0119dzem, kt\u00f3ry po prostu chce rozmawia\u0107. Codzienna kap\u0142a\u0144ska pos\u0142uga pokazuje mi, \u017ce temat\u00f3w do rozm\u00f3w z ksi\u0119dzem jest coraz wi\u0119cej i dzisiaj \u017caden ksi\u0105dz nie mo\u017ce od nich ucieka\u0107, ale - wprost przeciwnie - podejmowa\u0107 nowe wyzwania. To przekonanie sk\u0142oni\u0142o mnie do pr\u00f3by otwarcia tego\u017c bloga, chocia\u017c okazji do rozm\u00f3w na co dzie\u0144 - w konfesjonale i poza nim - na szcz\u0119\u015bcie nie brakuje. My\u015bl\u0119 jednak, \u017ce ten blog b\u0119dzie jeszcze jednym sposobem i przestrzeni\u0105 nawi\u0105zania kontaktu z lud\u017ami dobrej woli, otwartymi na dialog.\",\"url\":\"https:\/\/gaudiumetspes-blog.pl\/index.php\/author\/ks-jacek\/\"}]}<\/script>\n<!-- \/ Yoast SEO plugin. -->","yoast_head_json":{"title":"Kto sieje wiatr - ten zbiera burz\u0119! - Gaudium Et Spes","robots":{"index":"index","follow":"follow","max-snippet":"max-snippet:-1","max-image-preview":"max-image-preview:large","max-video-preview":"max-video-preview:-1"},"canonical":"https:\/\/gaudiumetspes-blog.pl\/index.php\/2012\/07\/10\/kto-sieje-wiatr-ten-zbiera-burze\/","og_locale":"pl_PL","og_type":"article","og_title":"Kto sieje wiatr - ten zbiera burz\u0119! - Gaudium Et Spes","og_description":"No to, Kochani, dzisiaj wraca Szef z rekolekcji! Na szcz\u0119\u015bcie! Ta ma\u0142a pr\u00f3bka proboszczowska &#8211; p\u00f3ki co &#8211; wystarczy mi na jaki\u015b czas. Jeszcze dzisiaj wspania\u0142a Msza \u015awi\u0119ta o 20.00, jak\u0105 w ka\u017cdy drugi wtorek wieczorem sprawujemy w intencji i w intencjach Parafialnych Wsp\u00f3lnot. Jest to pod patronatem naszej Odnowy w Duchu \u015awi\u0119tym, ale przychodz\u0105 [&hellip;]","og_url":"https:\/\/gaudiumetspes-blog.pl\/index.php\/2012\/07\/10\/kto-sieje-wiatr-ten-zbiera-burze\/","og_site_name":"Gaudium Et Spes","article_published_time":"2012-07-10T05:05:00+00:00","article_modified_time":"2019-07-31T10:53:22+00:00","author":"Ks. Jacek","twitter_card":"summary_large_image","twitter_misc":{"Napisane przez":"Ks. Jacek","Szacowany czas czytania":"8 minut"},"schema":{"@context":"https:\/\/schema.org","@graph":[{"@type":"WebPage","@id":"https:\/\/gaudiumetspes-blog.pl\/index.php\/2012\/07\/10\/kto-sieje-wiatr-ten-zbiera-burze\/","url":"https:\/\/gaudiumetspes-blog.pl\/index.php\/2012\/07\/10\/kto-sieje-wiatr-ten-zbiera-burze\/","name":"Kto sieje wiatr - ten zbiera burz\u0119! - Gaudium Et Spes","isPartOf":{"@id":"https:\/\/gaudiumetspes-blog.pl\/#website"},"datePublished":"2012-07-10T05:05:00+00:00","dateModified":"2019-07-31T10:53:22+00:00","author":{"@id":"https:\/\/gaudiumetspes-blog.pl\/#\/schema\/person\/1661982992b752dea8dff0d4ed845a65"},"breadcrumb":{"@id":"https:\/\/gaudiumetspes-blog.pl\/index.php\/2012\/07\/10\/kto-sieje-wiatr-ten-zbiera-burze\/#breadcrumb"},"inLanguage":"pl-PL","potentialAction":[{"@type":"ReadAction","target":["https:\/\/gaudiumetspes-blog.pl\/index.php\/2012\/07\/10\/kto-sieje-wiatr-ten-zbiera-burze\/"]}]},{"@type":"BreadcrumbList","@id":"https:\/\/gaudiumetspes-blog.pl\/index.php\/2012\/07\/10\/kto-sieje-wiatr-ten-zbiera-burze\/#breadcrumb","itemListElement":[{"@type":"ListItem","position":1,"name":"Strona g\u0142\u00f3wna","item":"https:\/\/gaudiumetspes-blog.pl\/"},{"@type":"ListItem","position":2,"name":"Kto sieje wiatr &#8211; ten zbiera burz\u0119!"}]},{"@type":"WebSite","@id":"https:\/\/gaudiumetspes-blog.pl\/#website","url":"https:\/\/gaudiumetspes-blog.pl\/","name":"Gaudium Et Spes","description":"Blog Ks. Jacka Ja\u015bkowskiego","potentialAction":[{"@type":"SearchAction","target":{"@type":"EntryPoint","urlTemplate":"https:\/\/gaudiumetspes-blog.pl\/?s={search_term_string}"},"query-input":{"@type":"PropertyValueSpecification","valueRequired":true,"valueName":"search_term_string"}}],"inLanguage":"pl-PL"},{"@type":"Person","@id":"https:\/\/gaudiumetspes-blog.pl\/#\/schema\/person\/1661982992b752dea8dff0d4ed845a65","name":"Ks. Jacek","image":{"@type":"ImageObject","inLanguage":"pl-PL","@id":"https:\/\/gaudiumetspes-blog.pl\/#\/schema\/person\/image\/","url":"https:\/\/gaudiumetspes-blog.pl\/wp-content\/uploads\/2019\/07\/avatar-JJ-150x150.jpg","contentUrl":"https:\/\/gaudiumetspes-blog.pl\/wp-content\/uploads\/2019\/07\/avatar-JJ-150x150.jpg","caption":"Ks. Jacek"},"description":"Witam serdecznie! K\u0142ania si\u0119 Ks. Jacek Ja\u015bkowski. Nie jestem ani kim\u015b wa\u017cnym, ani kim\u015b znanym. Jestem ksi\u0119dzem, kt\u00f3ry po prostu chce rozmawia\u0107. Codzienna kap\u0142a\u0144ska pos\u0142uga pokazuje mi, \u017ce temat\u00f3w do rozm\u00f3w z ksi\u0119dzem jest coraz wi\u0119cej i dzisiaj \u017caden ksi\u0105dz nie mo\u017ce od nich ucieka\u0107, ale - wprost przeciwnie - podejmowa\u0107 nowe wyzwania. To przekonanie sk\u0142oni\u0142o mnie do pr\u00f3by otwarcia tego\u017c bloga, chocia\u017c okazji do rozm\u00f3w na co dzie\u0144 - w konfesjonale i poza nim - na szcz\u0119\u015bcie nie brakuje. My\u015bl\u0119 jednak, \u017ce ten blog b\u0119dzie jeszcze jednym sposobem i przestrzeni\u0105 nawi\u0105zania kontaktu z lud\u017ami dobrej woli, otwartymi na dialog.","url":"https:\/\/gaudiumetspes-blog.pl\/index.php\/author\/ks-jacek\/"}]}},"jetpack_featured_media_url":"","jetpack_sharing_enabled":true,"_links":{"self":[{"href":"https:\/\/gaudiumetspes-blog.pl\/index.php\/wp-json\/wp\/v2\/posts\/9433","targetHints":{"allow":["GET"]}}],"collection":[{"href":"https:\/\/gaudiumetspes-blog.pl\/index.php\/wp-json\/wp\/v2\/posts"}],"about":[{"href":"https:\/\/gaudiumetspes-blog.pl\/index.php\/wp-json\/wp\/v2\/types\/post"}],"author":[{"embeddable":true,"href":"https:\/\/gaudiumetspes-blog.pl\/index.php\/wp-json\/wp\/v2\/users\/1"}],"replies":[{"embeddable":true,"href":"https:\/\/gaudiumetspes-blog.pl\/index.php\/wp-json\/wp\/v2\/comments?post=9433"}],"version-history":[{"count":1,"href":"https:\/\/gaudiumetspes-blog.pl\/index.php\/wp-json\/wp\/v2\/posts\/9433\/revisions"}],"predecessor-version":[{"id":10650,"href":"https:\/\/gaudiumetspes-blog.pl\/index.php\/wp-json\/wp\/v2\/posts\/9433\/revisions\/10650"}],"wp:attachment":[{"href":"https:\/\/gaudiumetspes-blog.pl\/index.php\/wp-json\/wp\/v2\/media?parent=9433"}],"wp:term":[{"taxonomy":"category","embeddable":true,"href":"https:\/\/gaudiumetspes-blog.pl\/index.php\/wp-json\/wp\/v2\/categories?post=9433"},{"taxonomy":"post_tag","embeddable":true,"href":"https:\/\/gaudiumetspes-blog.pl\/index.php\/wp-json\/wp\/v2\/tags?post=9433"}],"curies":[{"name":"wp","href":"https:\/\/api.w.org\/{rel}","templated":true}]}}