{"id":9434,"date":"2012-07-09T06:33:00","date_gmt":"2012-07-09T04:33:00","guid":{"rendered":"https:\/\/gaudiumetspes-blog.pl\/index.php\/2012\/07\/09\/bog-mi-chce-pomoc-bog-mi-musi-pomoc\/"},"modified":"2019-07-31T12:53:22","modified_gmt":"2019-07-31T10:53:22","slug":"bog-mi-chce-pomoc-bog-mi-musi-pomoc","status":"publish","type":"post","link":"https:\/\/gaudiumetspes-blog.pl\/index.php\/2012\/07\/09\/bog-mi-chce-pomoc-bog-mi-musi-pomoc\/","title":{"rendered":"B\u00f3g mi chce pom\u00f3c &#8211; B\u00f3g mi musi pom\u00f3c!"},"content":{"rendered":"<p><\/p>\n<div class=\"MsoNormal\" style=\"text-align: justify;\">\nSzcz\u0119\u015b\u0107 Bo\u017ce! Witam u pocz\u0105tku nowego tygodnia &#8211; dla jednych b\u0119dzie to czas odpoczynku, ale dla wielu czasem pracy. Niech wszystkich Pan ma w swej opiece i daje natchnienia potrzebne do tego, co aktualnie b\u0119d\u0105 robi\u0107. Niech urlop i wakacje nie b\u0119dzie czasem wakacji od Boga!<\/div>\n<div class=\"MsoNormal\" style=\"text-align: justify;\">\n&nbsp; &nbsp; &nbsp; &nbsp; &nbsp; &nbsp; &nbsp; &nbsp;Gaudium et spes! Ks. Jacek<\/div>\n<div class=\"MsoNormal\" style=\"text-align: justify;\">\n<b><br \/><\/b><\/div>\n<div class=\"MsoNormal\" style=\"text-align: justify;\">\n<b>Poniedzia\u0142ek<br \/>\n14 tygodnia zwyk\u0142ego, rok II,<\/b><\/div>\n<div class=\"MsoNormal\" style=\"text-align: justify;\">\n<b>do<br \/>\nczyta\u0144:&nbsp; Oz 2,16.17b\u201318.21\u201322;&nbsp; Mt 9,18\u201326<\/b><\/div>\n<div class=\"MsoNormal\" style=\"text-align: justify;\">\n<\/div>\n<div class=\"MsoNormal\" style=\"text-align: justify;\">\n<b>CZYTANIE Z KSI\u0118GI PROROKA OZEASZA:&nbsp;<\/b><\/div>\n<div class=\"MsoNormal\" style=\"text-align: justify; text-indent: 25.0pt;\">\n<b>To<br \/>\nm\u00f3wi Pan: \u201eChc\u0119 przyn\u0119ci\u0107 niewiern\u0105 oblubienic\u0119, na pustyni\u0119 j\u0105 wyprowadzi\u0107 i<br \/>\nm\u00f3wi\u0107 do jej serca, i b\u0119dzie mi tam uleg\u0142a jak za dni swej m\u0142odo\u015bci, gdy<br \/>\nwychodzi\u0142a z egipskiego kraju.<\/b><b><\/b><\/div>\n<div class=\"MsoNormal\" style=\"text-align: justify; text-indent: 25.0pt;\">\n<b>I<br \/>\nstanie si\u0119 w owym dniu, \u017ce nazwie Mnie: \u00abM\u0105\u017c m\u00f3j\u00bb, a ju\u017c nie powie: \u00abM\u00f3j Baal\u00bb.&nbsp;<\/b><\/div>\n<div class=\"MsoNormal\" style=\"text-align: justify; text-indent: 25.0pt;\">\n<b>I<br \/>\npo\u015blubi\u0119 ci\u0119 sobie znowu na wieki, po\u015blubi\u0119 przez sprawiedliwo\u015b\u0107 i prawo, przez<br \/>\nmi\u0142o\u015b\u0107 i mi\u0142osierdzie. Po\u015blubi\u0119 ci\u0119 sobie przez wierno\u015b\u0107, a poznasz Pana\u201d.<\/b><\/div>\n<div class=\"MsoNormal\" style=\"text-align: justify;\">\n<\/div>\n<div class=\"MsoNormal\" style=\"text-align: justify;\">\n<b>S\u0141OWA EWANGELII WED\u0141UG \u015aWI\u0118TEGO MATEUSZA:&nbsp;<\/b><\/div>\n<div class=\"MsoNormal\" style=\"text-align: justify; text-indent: 25.0pt;\">\n<b>Gdy<br \/>\nJezus m\u00f3wi\u0142, pewien zwierzchnik synagogi przyszed\u0142 do Niego i oddaj\u0105c pok\u0142on,<br \/>\nprosi\u0142: \u201ePanie, moja c\u00f3rka dopiero co skona\u0142a, lecz przyjd\u017a i w\u0142\u00f3\u017c na ni\u0105 r\u0119k\u0119,<br \/>\na \u017cy\u0107 b\u0119dzie\u201d. Jezus wsta\u0142 i wraz z uczniami poszed\u0142 za nim.<\/b><b><\/b><\/div>\n<div class=\"MsoNormal\" style=\"text-align: justify; text-indent: 25.0pt;\">\n<b>Wtem<br \/>\njaka\u015b kobieta, kt\u00f3ra dwana\u015bcie lat cierpia\u0142a na krwotok, podesz\u0142a z ty\u0142u i dotkn\u0119\u0142a<br \/>\nsi\u0119 fr\u0119dzli Jego p\u0142aszcza. Bo sobie m\u00f3wi\u0142a: \u201e\u017bebym si\u0119 cho\u0107 Jego p\u0142aszcza<br \/>\ndotkn\u0119\u0142a, a b\u0119d\u0119 zdrowa\u201d. Jezus obr\u00f3ci\u0142 si\u0119 i widz\u0105c j\u0105, rzek\u0142: \u201eUfaj c\u00f3rko;<br \/>\ntwoja wiara ci\u0119 ocali\u0142a\u201d. I od tej chwili kobieta by\u0142a zdrowa.&nbsp;<\/b><\/div>\n<div class=\"MsoNormal\" style=\"text-align: justify; text-indent: 25.0pt;\">\n<b>Gdy<br \/>\nJezus przyszed\u0142 do domu zwierzchnika i zobaczy\u0142 fletnist\u00f3w oraz t\u0142um zgie\u0142kliwy,<br \/>\nrzek\u0142: \u201eUsu\u0144cie si\u0119, bo dziewczynka nie umar\u0142a, tylko \u015bpi\u201d. A oni wy\u015bmiewali<br \/>\nGo. Skoro jednak usuni\u0119to t\u0142um, wszed\u0142 i uj\u0105\u0142 j\u0105 za r\u0119k\u0119, a dziewczynka wsta\u0142a.<br \/>\nWie\u015b\u0107 o tym rozesz\u0142a si\u0119 po ca\u0142ej tamtejszej okolicy.<\/b><\/div>\n<div class=\"MsoNormal\" style=\"text-align: justify;\">\n<\/div>\n<div class=\"MsoNormal\" style=\"text-align: justify; text-indent: 35.4pt;\">\n<b>Nar\u00f3d wybrany jest oblubienic\u0105 Boga.<\/b> Tak mo\u017cna by jednym zdaniem<br \/>\nstre\u015bci\u0107 pierwsze czytanie. Nar\u00f3d wybrany jest oblubienic\u0105 Boga. <b>Trudn\u0105 oblubienic\u0105<\/b> \u2013 dodajmy od razu.<br \/>\nSam B\u00f3g nazywa j\u0105 <b>niewiern\u0105<\/b>. Ale<br \/>\nteraz B\u00f3g b\u0119dzie m\u00f3wi\u0142 do niej na pustyni, a ona b\u0119dzie uleg\u0142a. I dlatego z ust<br \/>\nBo\u017cych mog\u0105 pa\u015b\u0107 takie oto s\u0142owa: <b><i>Po\u015blubi\u0119 ci\u0119 sobie znowu na wieki, po\u015blubi\u0119<br \/>\nprzez sprawiedliwo\u015b\u0107 i prawo, przez mi\u0142o\u015b\u0107 i mi\u0142osierdzie. Po\u015blubi\u0119 ci\u0119 sobie<br \/>\nprzez wierno\u015b\u0107, a poznasz Pana<\/i><\/b>. <\/div>\n<div class=\"MsoNormal\" style=\"text-align: justify; text-indent: 35.4pt;\">\nPi\u0119kna zapowied\u017a. I wielki<br \/>\noptymizm Boga. A my wiemy, \u017ce to wszystko wcale nie by\u0142o takie proste i \u0142atwe,<br \/>\nbo ten umi\u0142owany nar\u00f3d, wybrany nar\u00f3d \u2013 <b>ci\u0105gle<br \/>\nsi\u0119 swemu Bogu sprzeniewierza\u0142 i ci\u0105gle Mu robi\u0142 jakie\u015b dziwne niespodzianki.<\/b><br \/>\nJednak B\u00f3g jest wierny w swej mi\u0142o\u015bci. <b>On<br \/>\nsi\u0119 nie zmienia, On nie rezygnuje z cz\u0142owieka. On ratuje i uzdrawia<\/b> \u2013 nawet<br \/>\nwtedy, gdy kto\u015b dwana\u015bcie lat cierpi na krwotok, a nawet wtedy, gdy kto\u015b ju\u017c<br \/>\numar\u0142. Opis takich w\u0142a\u015bnie uzdrowie\u0144 przekaza\u0142a nam dzisiejsza Ewangelia. Bo <b>B\u00f3g jest zawsze nastawiony na cz\u0142owieka<\/b><br \/>\n\u2013 i zawsze pragnie jego dobra. <\/div>\n<div class=\"MsoNormal\" style=\"text-align: justify; text-indent: 35.4pt;\">\nKochani, my musimy uwierzy\u0107<br \/>\nw t\u0119 <b>dobr\u0105 wol\u0119 Boga i w Jego<br \/>\nnieograniczon\u0105 moc! <\/b>Nie wiem, czy to jako\u015b tak specjalnie w naszych czasach<br \/>\nB\u00f3g chce t\u0119 moc okaza\u0107 ludziom trac\u0105cym coraz bardziej wiar\u0119, <b>czy mo\u017ce tak by\u0142o zawsze, tylko ja tego nie<br \/>\ndostrzega\u0142em, albo nie dociera\u0142y do mnie takie wiadomo\u015bci.<\/b> W ka\u017cdym razie,<br \/>\nostatnio otrzyma\u0142em kilka informacji, kilka \u015bwiadectw \u2013 z r\u00f3\u017cnych miejsc<br \/>\nnaszego kraju, od r\u00f3\u017cnych moich znajomych \u2013 <b>o nadzwyczajnych interwencjach Bo\u017cych:<\/b> o uzdrowieniach, o nag\u0142ej<br \/>\nzmianie na lepsze z\u0142ych wynik\u00f3w bada\u0144, o zmianie na lepsze sytuacji, kt\u00f3ra<br \/>\nwydawa\u0142a si\u0119 by\u0107 sytuacj\u0105 tragiczn\u0105 i bez wyj\u015bcia. <\/div>\n<div class=\"MsoNormal\" style=\"text-align: justify; text-indent: 35.4pt;\">\nW tych kilku przypadkach,<br \/>\nkt\u00f3re mam teraz na my\u015bli, <b>interwencja<br \/>\nBo\u017ca by\u0142a ewidentna i dla nikogo spo\u015br\u00f3d tych, kt\u00f3rych sprawa dotyczy\u0142a, nie<br \/>\nby\u0142o w\u0105tpliwo\u015bci, \u017ce to B\u00f3g osobi\u015bcie wkroczy\u0142 do akcji.<\/b> Wszystko bowiem<br \/>\nby\u0142o poprzedzone modlitw\u0105, ale tak\u0105 modlitw\u0105, kt\u00f3ra naprawd\u0119 g\u00f3ry mog\u0142a<br \/>\nprzenosi\u0107: <b>modlitw\u0105 z ogromn\u0105 wiar\u0105 i z<br \/>\nwielk\u0105 nadziej\u0105, a wr\u0119cz pewno\u015bci\u0105 \u2013 \u017ce B\u00f3g mo\u017ce pom\u00f3c, \u017ce B\u00f3g wr\u0119cz musi<br \/>\npom\u00f3c!<\/b> I B\u00f3g pom\u00f3g\u0142. <\/div>\n<div class=\"MsoNormal\" style=\"text-align: justify; text-indent: 35.4pt;\">\nKochani, zastan\u00f3wmy si\u0119,<br \/>\nczy my w naszym nierzadko trudnym po\u0142o\u017ceniu <b>nie za s\u0142abo wierzymy w moc Bo\u017c\u0105? I nie za ma\u0142o doceniamy moc modlitwy?<\/b><br \/>\nMy\u015bl\u0119 tu chocia\u017cby o kilku sytuacjach z naszej Parafii \u2013 sytuacjach, o kt\u00f3rych<br \/>\nwiem, \u017ce ludzie chc\u0105 odmiany swego losu, <b>ale<br \/>\nniewiele w tym kierunku robi\u0105.<\/b> Oni si\u0119 co prawda modl\u0105 \u2013 tak m\u00f3wi\u0105 \u2013 ale to<br \/>\njest w\u0142a\u015bnie taka modlitwa na zasadzie: \u201eno, w sumie to si\u0119 modl\u0119\u2026\u201d, \u201ejako\u015b tam<br \/>\nsi\u0119 modl\u0119\u2026\u201d, \u201eno dobrze, pomodl\u0119 si\u0119\u2026\u201d. A to nie tak! <\/div>\n<div class=\"MsoNormal\" style=\"text-align: justify; text-indent: 35.4pt;\">\nZ takim nastawieniem trudno<br \/>\nliczy\u0107 na pomoc Bo\u017c\u0105, bo <b>takie<br \/>\nnastawienie pokazuje bardzo s\u0142ab\u0105 wiar\u0119 \u2013 o ile nie brak wiary.<\/b> Ja si\u0119<br \/>\nbardzo dziwi\u0119, m\u00f3wi\u0105c szczerze, \u017ce <b>tych<br \/>\nw\u0142a\u015bnie os\u00f3b nie widz\u0119 na adoracji czwartkowej, na \u015brodowej nowennie, na nabo\u017ce\u0144stwie<br \/>\nfatimskim \u2013 i w og\u00f3le nie za cz\u0119sto je widz\u0119 w ko\u015bciele.<\/b> <\/div>\n<div class=\"MsoNormal\" style=\"text-align: justify; text-indent: 35.4pt;\">\nTak, tak, ja wiem \u2013 zaraz<br \/>\nmi tu kto\u015b powie, \u017ce <b>Ksi\u0105dz nie musi<br \/>\nwszystkich widzie\u0107,<\/b> \u017ce oni sami si\u0119 modl\u0105, \u017ce maj\u0105 sw\u00f3j osobisty kontakt z<br \/>\nBogiem. Bo przecie\u017c nie modl\u0105 si\u0119 dla ludzkiego oka. Tak, to wszystko prawda!<br \/>\nAle ja jednak zostan\u0119 przy swoim i pozwol\u0119 sobie my\u015ble\u0107 to, co my\u015bl\u0119. Je\u017celi<br \/>\nmamy tyle problem\u00f3w, tyle napi\u0119\u0107 i k\u0142\u00f3tni, tyle trudnych spraw, to my<br \/>\npowinni\u015bmy <b>szturmowa\u0107 Niebo, zam\u0119cza\u0107<br \/>\nPana Boga, dobija\u0107 si\u0119 o pomoc Bo\u017c\u0105<\/b> \u2013 tak, jak zwierzchnik synagogi i jak<br \/>\nkobieta z dzisiejszej Ewangelii.<\/div>\n<div class=\"MsoNormal\" style=\"text-align: justify; text-indent: 35.4pt;\">\nNaprawd\u0119, B\u00f3g jest nastawiony<br \/>\nna cz\u0142owieka, na ka\u017cd\u0105 i ka\u017cdego z nas, dlatego chce okazywa\u0107 nam swoj\u0105 wielk\u0105<br \/>\ni nieograniczon\u0105 moc! <b>Tylko \u2013 czy my chcemy?<\/b>\u2026<\/div>\n","protected":false},"excerpt":{"rendered":"<p>Szcz\u0119\u015b\u0107 Bo\u017ce! Witam u pocz\u0105tku nowego tygodnia &#8211; dla jednych b\u0119dzie to czas odpoczynku, ale dla wielu czasem pracy. Niech wszystkich Pan ma w swej opiece i daje natchnienia potrzebne do tego, co aktualnie b\u0119d\u0105 robi\u0107. Niech urlop i wakacje nie b\u0119dzie czasem wakacji od Boga! &nbsp; &nbsp; &nbsp; &nbsp; &nbsp; &nbsp; &nbsp; &nbsp;Gaudium et [&hellip;]<\/p>\n","protected":false},"author":1,"featured_media":0,"comment_status":"open","ping_status":"open","sticky":false,"template":"","format":"standard","meta":{"jetpack_post_was_ever_published":false,"_jetpack_newsletter_access":"","_jetpack_dont_email_post_to_subs":false,"_jetpack_newsletter_tier_id":0,"_jetpack_memberships_contains_paywalled_content":false,"_jetpack_memberships_contains_paid_content":false,"footnotes":""},"categories":[1],"tags":[],"class_list":["post-9434","post","type-post","status-publish","format-standard","hentry","category-bez-kategorii"],"yoast_head":"<!-- This site is optimized with the Yoast SEO plugin v25.1 - https:\/\/yoast.com\/wordpress\/plugins\/seo\/ -->\n<title>B\u00f3g mi chce pom\u00f3c - B\u00f3g mi musi pom\u00f3c! - Gaudium Et Spes<\/title>\n<meta name=\"robots\" content=\"index, follow, max-snippet:-1, max-image-preview:large, max-video-preview:-1\" \/>\n<link rel=\"canonical\" href=\"https:\/\/gaudiumetspes-blog.pl\/index.php\/2012\/07\/09\/bog-mi-chce-pomoc-bog-mi-musi-pomoc\/\" \/>\n<meta property=\"og:locale\" content=\"pl_PL\" \/>\n<meta property=\"og:type\" content=\"article\" \/>\n<meta property=\"og:title\" content=\"B\u00f3g mi chce pom\u00f3c - B\u00f3g mi musi pom\u00f3c! - Gaudium Et Spes\" \/>\n<meta property=\"og:description\" content=\"Szcz\u0119\u015b\u0107 Bo\u017ce! Witam u pocz\u0105tku nowego tygodnia &#8211; dla jednych b\u0119dzie to czas odpoczynku, ale dla wielu czasem pracy. Niech wszystkich Pan ma w swej opiece i daje natchnienia potrzebne do tego, co aktualnie b\u0119d\u0105 robi\u0107. Niech urlop i wakacje nie b\u0119dzie czasem wakacji od Boga! &nbsp; &nbsp; &nbsp; &nbsp; &nbsp; &nbsp; &nbsp; &nbsp;Gaudium et [&hellip;]\" \/>\n<meta property=\"og:url\" content=\"https:\/\/gaudiumetspes-blog.pl\/index.php\/2012\/07\/09\/bog-mi-chce-pomoc-bog-mi-musi-pomoc\/\" \/>\n<meta property=\"og:site_name\" content=\"Gaudium Et Spes\" \/>\n<meta property=\"article:published_time\" content=\"2012-07-09T04:33:00+00:00\" \/>\n<meta property=\"article:modified_time\" content=\"2019-07-31T10:53:22+00:00\" \/>\n<meta name=\"author\" content=\"Ks. Jacek\" \/>\n<meta name=\"twitter:card\" content=\"summary_large_image\" \/>\n<meta name=\"twitter:label1\" content=\"Napisane przez\" \/>\n\t<meta name=\"twitter:data1\" content=\"Ks. Jacek\" \/>\n\t<meta name=\"twitter:label2\" content=\"Szacowany czas czytania\" \/>\n\t<meta name=\"twitter:data2\" content=\"5 minut\" \/>\n<script type=\"application\/ld+json\" class=\"yoast-schema-graph\">{\"@context\":\"https:\/\/schema.org\",\"@graph\":[{\"@type\":\"WebPage\",\"@id\":\"https:\/\/gaudiumetspes-blog.pl\/index.php\/2012\/07\/09\/bog-mi-chce-pomoc-bog-mi-musi-pomoc\/\",\"url\":\"https:\/\/gaudiumetspes-blog.pl\/index.php\/2012\/07\/09\/bog-mi-chce-pomoc-bog-mi-musi-pomoc\/\",\"name\":\"B\u00f3g mi chce pom\u00f3c - B\u00f3g mi musi pom\u00f3c! - Gaudium Et Spes\",\"isPartOf\":{\"@id\":\"https:\/\/gaudiumetspes-blog.pl\/#website\"},\"datePublished\":\"2012-07-09T04:33:00+00:00\",\"dateModified\":\"2019-07-31T10:53:22+00:00\",\"author\":{\"@id\":\"https:\/\/gaudiumetspes-blog.pl\/#\/schema\/person\/1661982992b752dea8dff0d4ed845a65\"},\"breadcrumb\":{\"@id\":\"https:\/\/gaudiumetspes-blog.pl\/index.php\/2012\/07\/09\/bog-mi-chce-pomoc-bog-mi-musi-pomoc\/#breadcrumb\"},\"inLanguage\":\"pl-PL\",\"potentialAction\":[{\"@type\":\"ReadAction\",\"target\":[\"https:\/\/gaudiumetspes-blog.pl\/index.php\/2012\/07\/09\/bog-mi-chce-pomoc-bog-mi-musi-pomoc\/\"]}]},{\"@type\":\"BreadcrumbList\",\"@id\":\"https:\/\/gaudiumetspes-blog.pl\/index.php\/2012\/07\/09\/bog-mi-chce-pomoc-bog-mi-musi-pomoc\/#breadcrumb\",\"itemListElement\":[{\"@type\":\"ListItem\",\"position\":1,\"name\":\"Strona g\u0142\u00f3wna\",\"item\":\"https:\/\/gaudiumetspes-blog.pl\/\"},{\"@type\":\"ListItem\",\"position\":2,\"name\":\"B\u00f3g mi chce pom\u00f3c &#8211; B\u00f3g mi musi pom\u00f3c!\"}]},{\"@type\":\"WebSite\",\"@id\":\"https:\/\/gaudiumetspes-blog.pl\/#website\",\"url\":\"https:\/\/gaudiumetspes-blog.pl\/\",\"name\":\"Gaudium Et Spes\",\"description\":\"Blog Ks. Jacka Ja\u015bkowskiego\",\"potentialAction\":[{\"@type\":\"SearchAction\",\"target\":{\"@type\":\"EntryPoint\",\"urlTemplate\":\"https:\/\/gaudiumetspes-blog.pl\/?s={search_term_string}\"},\"query-input\":{\"@type\":\"PropertyValueSpecification\",\"valueRequired\":true,\"valueName\":\"search_term_string\"}}],\"inLanguage\":\"pl-PL\"},{\"@type\":\"Person\",\"@id\":\"https:\/\/gaudiumetspes-blog.pl\/#\/schema\/person\/1661982992b752dea8dff0d4ed845a65\",\"name\":\"Ks. Jacek\",\"image\":{\"@type\":\"ImageObject\",\"inLanguage\":\"pl-PL\",\"@id\":\"https:\/\/gaudiumetspes-blog.pl\/#\/schema\/person\/image\/\",\"url\":\"https:\/\/gaudiumetspes-blog.pl\/wp-content\/uploads\/2019\/07\/avatar-JJ-150x150.jpg\",\"contentUrl\":\"https:\/\/gaudiumetspes-blog.pl\/wp-content\/uploads\/2019\/07\/avatar-JJ-150x150.jpg\",\"caption\":\"Ks. Jacek\"},\"description\":\"Witam serdecznie! K\u0142ania si\u0119 Ks. Jacek Ja\u015bkowski. Nie jestem ani kim\u015b wa\u017cnym, ani kim\u015b znanym. Jestem ksi\u0119dzem, kt\u00f3ry po prostu chce rozmawia\u0107. Codzienna kap\u0142a\u0144ska pos\u0142uga pokazuje mi, \u017ce temat\u00f3w do rozm\u00f3w z ksi\u0119dzem jest coraz wi\u0119cej i dzisiaj \u017caden ksi\u0105dz nie mo\u017ce od nich ucieka\u0107, ale - wprost przeciwnie - podejmowa\u0107 nowe wyzwania. To przekonanie sk\u0142oni\u0142o mnie do pr\u00f3by otwarcia tego\u017c bloga, chocia\u017c okazji do rozm\u00f3w na co dzie\u0144 - w konfesjonale i poza nim - na szcz\u0119\u015bcie nie brakuje. My\u015bl\u0119 jednak, \u017ce ten blog b\u0119dzie jeszcze jednym sposobem i przestrzeni\u0105 nawi\u0105zania kontaktu z lud\u017ami dobrej woli, otwartymi na dialog.\",\"url\":\"https:\/\/gaudiumetspes-blog.pl\/index.php\/author\/ks-jacek\/\"}]}<\/script>\n<!-- \/ Yoast SEO plugin. -->","yoast_head_json":{"title":"B\u00f3g mi chce pom\u00f3c - B\u00f3g mi musi pom\u00f3c! - Gaudium Et Spes","robots":{"index":"index","follow":"follow","max-snippet":"max-snippet:-1","max-image-preview":"max-image-preview:large","max-video-preview":"max-video-preview:-1"},"canonical":"https:\/\/gaudiumetspes-blog.pl\/index.php\/2012\/07\/09\/bog-mi-chce-pomoc-bog-mi-musi-pomoc\/","og_locale":"pl_PL","og_type":"article","og_title":"B\u00f3g mi chce pom\u00f3c - B\u00f3g mi musi pom\u00f3c! - Gaudium Et Spes","og_description":"Szcz\u0119\u015b\u0107 Bo\u017ce! Witam u pocz\u0105tku nowego tygodnia &#8211; dla jednych b\u0119dzie to czas odpoczynku, ale dla wielu czasem pracy. Niech wszystkich Pan ma w swej opiece i daje natchnienia potrzebne do tego, co aktualnie b\u0119d\u0105 robi\u0107. Niech urlop i wakacje nie b\u0119dzie czasem wakacji od Boga! &nbsp; &nbsp; &nbsp; &nbsp; &nbsp; &nbsp; &nbsp; &nbsp;Gaudium et [&hellip;]","og_url":"https:\/\/gaudiumetspes-blog.pl\/index.php\/2012\/07\/09\/bog-mi-chce-pomoc-bog-mi-musi-pomoc\/","og_site_name":"Gaudium Et Spes","article_published_time":"2012-07-09T04:33:00+00:00","article_modified_time":"2019-07-31T10:53:22+00:00","author":"Ks. Jacek","twitter_card":"summary_large_image","twitter_misc":{"Napisane przez":"Ks. Jacek","Szacowany czas czytania":"5 minut"},"schema":{"@context":"https:\/\/schema.org","@graph":[{"@type":"WebPage","@id":"https:\/\/gaudiumetspes-blog.pl\/index.php\/2012\/07\/09\/bog-mi-chce-pomoc-bog-mi-musi-pomoc\/","url":"https:\/\/gaudiumetspes-blog.pl\/index.php\/2012\/07\/09\/bog-mi-chce-pomoc-bog-mi-musi-pomoc\/","name":"B\u00f3g mi chce pom\u00f3c - B\u00f3g mi musi pom\u00f3c! - Gaudium Et Spes","isPartOf":{"@id":"https:\/\/gaudiumetspes-blog.pl\/#website"},"datePublished":"2012-07-09T04:33:00+00:00","dateModified":"2019-07-31T10:53:22+00:00","author":{"@id":"https:\/\/gaudiumetspes-blog.pl\/#\/schema\/person\/1661982992b752dea8dff0d4ed845a65"},"breadcrumb":{"@id":"https:\/\/gaudiumetspes-blog.pl\/index.php\/2012\/07\/09\/bog-mi-chce-pomoc-bog-mi-musi-pomoc\/#breadcrumb"},"inLanguage":"pl-PL","potentialAction":[{"@type":"ReadAction","target":["https:\/\/gaudiumetspes-blog.pl\/index.php\/2012\/07\/09\/bog-mi-chce-pomoc-bog-mi-musi-pomoc\/"]}]},{"@type":"BreadcrumbList","@id":"https:\/\/gaudiumetspes-blog.pl\/index.php\/2012\/07\/09\/bog-mi-chce-pomoc-bog-mi-musi-pomoc\/#breadcrumb","itemListElement":[{"@type":"ListItem","position":1,"name":"Strona g\u0142\u00f3wna","item":"https:\/\/gaudiumetspes-blog.pl\/"},{"@type":"ListItem","position":2,"name":"B\u00f3g mi chce pom\u00f3c &#8211; B\u00f3g mi musi pom\u00f3c!"}]},{"@type":"WebSite","@id":"https:\/\/gaudiumetspes-blog.pl\/#website","url":"https:\/\/gaudiumetspes-blog.pl\/","name":"Gaudium Et Spes","description":"Blog Ks. Jacka Ja\u015bkowskiego","potentialAction":[{"@type":"SearchAction","target":{"@type":"EntryPoint","urlTemplate":"https:\/\/gaudiumetspes-blog.pl\/?s={search_term_string}"},"query-input":{"@type":"PropertyValueSpecification","valueRequired":true,"valueName":"search_term_string"}}],"inLanguage":"pl-PL"},{"@type":"Person","@id":"https:\/\/gaudiumetspes-blog.pl\/#\/schema\/person\/1661982992b752dea8dff0d4ed845a65","name":"Ks. Jacek","image":{"@type":"ImageObject","inLanguage":"pl-PL","@id":"https:\/\/gaudiumetspes-blog.pl\/#\/schema\/person\/image\/","url":"https:\/\/gaudiumetspes-blog.pl\/wp-content\/uploads\/2019\/07\/avatar-JJ-150x150.jpg","contentUrl":"https:\/\/gaudiumetspes-blog.pl\/wp-content\/uploads\/2019\/07\/avatar-JJ-150x150.jpg","caption":"Ks. Jacek"},"description":"Witam serdecznie! K\u0142ania si\u0119 Ks. Jacek Ja\u015bkowski. Nie jestem ani kim\u015b wa\u017cnym, ani kim\u015b znanym. Jestem ksi\u0119dzem, kt\u00f3ry po prostu chce rozmawia\u0107. Codzienna kap\u0142a\u0144ska pos\u0142uga pokazuje mi, \u017ce temat\u00f3w do rozm\u00f3w z ksi\u0119dzem jest coraz wi\u0119cej i dzisiaj \u017caden ksi\u0105dz nie mo\u017ce od nich ucieka\u0107, ale - wprost przeciwnie - podejmowa\u0107 nowe wyzwania. To przekonanie sk\u0142oni\u0142o mnie do pr\u00f3by otwarcia tego\u017c bloga, chocia\u017c okazji do rozm\u00f3w na co dzie\u0144 - w konfesjonale i poza nim - na szcz\u0119\u015bcie nie brakuje. My\u015bl\u0119 jednak, \u017ce ten blog b\u0119dzie jeszcze jednym sposobem i przestrzeni\u0105 nawi\u0105zania kontaktu z lud\u017ami dobrej woli, otwartymi na dialog.","url":"https:\/\/gaudiumetspes-blog.pl\/index.php\/author\/ks-jacek\/"}]}},"jetpack_featured_media_url":"","jetpack_sharing_enabled":true,"_links":{"self":[{"href":"https:\/\/gaudiumetspes-blog.pl\/index.php\/wp-json\/wp\/v2\/posts\/9434","targetHints":{"allow":["GET"]}}],"collection":[{"href":"https:\/\/gaudiumetspes-blog.pl\/index.php\/wp-json\/wp\/v2\/posts"}],"about":[{"href":"https:\/\/gaudiumetspes-blog.pl\/index.php\/wp-json\/wp\/v2\/types\/post"}],"author":[{"embeddable":true,"href":"https:\/\/gaudiumetspes-blog.pl\/index.php\/wp-json\/wp\/v2\/users\/1"}],"replies":[{"embeddable":true,"href":"https:\/\/gaudiumetspes-blog.pl\/index.php\/wp-json\/wp\/v2\/comments?post=9434"}],"version-history":[{"count":1,"href":"https:\/\/gaudiumetspes-blog.pl\/index.php\/wp-json\/wp\/v2\/posts\/9434\/revisions"}],"predecessor-version":[{"id":10649,"href":"https:\/\/gaudiumetspes-blog.pl\/index.php\/wp-json\/wp\/v2\/posts\/9434\/revisions\/10649"}],"wp:attachment":[{"href":"https:\/\/gaudiumetspes-blog.pl\/index.php\/wp-json\/wp\/v2\/media?parent=9434"}],"wp:term":[{"taxonomy":"category","embeddable":true,"href":"https:\/\/gaudiumetspes-blog.pl\/index.php\/wp-json\/wp\/v2\/categories?post=9434"},{"taxonomy":"post_tag","embeddable":true,"href":"https:\/\/gaudiumetspes-blog.pl\/index.php\/wp-json\/wp\/v2\/tags?post=9434"}],"curies":[{"name":"wp","href":"https:\/\/api.w.org\/{rel}","templated":true}]}}