{"id":9437,"date":"2012-07-06T04:06:00","date_gmt":"2012-07-06T02:06:00","guid":{"rendered":"https:\/\/gaudiumetspes-blog.pl\/index.php\/2012\/07\/06\/jak-byc-prawdziwym-misjonarze\/"},"modified":"2019-07-31T12:53:22","modified_gmt":"2019-07-31T10:53:22","slug":"jak-byc-prawdziwym-misjonarze","status":"publish","type":"post","link":"https:\/\/gaudiumetspes-blog.pl\/index.php\/2012\/07\/06\/jak-byc-prawdziwym-misjonarze\/","title":{"rendered":"Jak by\u0107 prawdziwym misjonarzem?"},"content":{"rendered":"<p><\/p>\n<div class=\"MsoNormal\" style=\"text-align: justify;\">\nSzcz\u0119\u015b\u0107 Bo\u017ce! Witam w pierwszy pi\u0105tek miesi\u0105ca. Kochani, dzisiaj u nas dzie\u0144 na wyj\u0105tkowo wysokich obrotach: spowied\u017a pierwszopi\u0105tkowa, odwiedziny Chorych, wyjazd po Lektor\u00f3w, ko\u0144cz\u0105cych swe rekolekcje w gmachu Seminarium, a wieczorem &#8211; rozmowy z Narzeczonymi, kt\u00f3rzy jutro b\u0119d\u0105 zawierali ma\u0142\u017ce\u0144stwo. Wszystkie te sprawy b\u0119d\u0119 ogarnia\u0142 wraz z Ksi\u0119dzem Waldemarem Grzeszczukiem, Wyk\u0142adowc\u0105 Szko\u0142y im. Ja\u0144skiego w Warszawie, a jednocze\u015bnie &#8211; naszym Wsp\u00f3\u0142pracownikiem w ka\u017cd\u0105 niedziel\u0119 i \u015bwi\u0119ta. To w\u0142a\u015bnie Ksi\u0105dz Waldemar, kt\u00f3rego zwykli\u015bmy nazywa\u0107 Profesorem, b\u0119dzie w tych dniach zast\u0119powa\u0142 Ksi\u0119dza Proboszcza, prze\u017cywaj\u0105cego &#8211; przypomn\u0119 to &#8211; rekolekcje ignacja\u0144skie. Przy okazji, przypominam o modlitwie za Ksi\u0119dza Proboszcza &#8211; o owoce tego \u015bwi\u0119tego czasu! Polecam Waszym modlitwom tak\u017ce naszych Chorych i wszystkich Chorych, kt\u00f3rzy sw\u00f3j krzy\u017c \u0142\u0105cz\u0105 z Krzy\u017cem Chrystusa.&nbsp;<\/div>\n<div class=\"MsoNormal\" style=\"text-align: justify;\">\n&nbsp; &nbsp; &nbsp;A tak swoj\u0105 drog\u0105 &#8211; mo\u017ce ten pierwszy pi\u0105tek b\u0119dzie okazj\u0105 dla Was do porz\u0105dnej Spowiedzi i refleksji nad swoim \u017cyciem?&#8230; Tak\u017ce nad tym zagadnieniem, o kt\u00f3rym mowa w dzisiejszym rozwa\u017caniu?&#8230;<\/div>\n<div class=\"MsoNormal\" style=\"text-align: justify;\">\n&nbsp; &nbsp; &nbsp; &nbsp; &nbsp; &nbsp; Gaudium et spes! &nbsp;Ks. Jacek<\/div>\n<div class=\"MsoNormal\" style=\"text-align: justify;\">\n<b><br \/><\/b><\/div>\n<div class=\"MsoNormal\" style=\"text-align: justify;\">\n<b>Wspomnienie<br \/>\nB\u0142. Marii Teresy Led\u00f3chowskiej,<\/b><\/div>\n<div class=\"MsoNormal\" style=\"text-align: justify;\">\n<b>do<br \/>\nczyta\u0144:&nbsp; Am 8,4\u20136.9\u201312;&nbsp; Mt 9,9\u201313<\/b><\/div>\n<div class=\"MsoNormal\" style=\"text-align: justify;\">\n<\/div>\n<div class=\"MsoNormal\" style=\"text-align: justify;\">\n<b>CZYTANIE Z KSI\u0118GI PROROKA AMOSA:&nbsp;<\/b><\/div>\n<div class=\"MsoNormal\" style=\"text-align: justify; text-indent: 25.0pt;\">\n<b>S\u0142uchajcie<br \/>\ntego wy, kt\u00f3rzy gn\u0119bicie ubogiego i bezrolnego pozostawiacie bez pracy, kt\u00f3rzy<br \/>\nm\u00f3wicie: \u201eKiedy\u017c minie n\u00f3w ksi\u0119\u017cyca, by\u015bmy mogli sprzedawa\u0107 zbo\u017ce? Kiedy\u017c<br \/>\nszabat, by\u015bmy mogli otworzy\u0107 spichlerz? A b\u0119dziemy zmniejsza\u0107 ef\u0119, powi\u0119ksza\u0107<br \/>\nsykl i wag\u0119 podst\u0119pnie fa\u0142szowa\u0107. B\u0119dziemy kupowa\u0107 biednego za srebro, a<br \/>\nubogiego za par\u0119 sanda\u0142\u00f3w, i plewy pszeniczne b\u0119dziemy sprzedawa\u0107\u201d.<\/b><b><\/b><\/div>\n<div class=\"MsoNormal\" style=\"text-align: justify; text-indent: 25.0pt;\">\n<b>\u201eOwego<br \/>\ndnia, m\u00f3wi Pan B\u00f3g, zajdzie s\u0142o\u0144ce w po\u0142udnie i w dzie\u0144 \u015bwietlany zaciemni\u0119<br \/>\nziemi\u0119. Zamieni\u0119 \u015bwi\u0119ta wasze w \u017ca\u0142ob\u0119, a wszystkie wasze pie\u015bni w lamentacje;<br \/>\nna\u0142o\u017c\u0119 na wszystkie biodra wory, a na wszystkie g\u0142owy sprowadz\u0119 \u0142ysin\u0119 i uczyni\u0119<br \/>\n\u017ca\u0142ob\u0119 jak po jedynaku, a dni ostatnie jakby dzie\u0144 goryczy.&nbsp;<\/b><\/div>\n<div class=\"MsoNormal\" style=\"text-align: justify; text-indent: 25.0pt;\">\n<b>Oto<br \/>\nnadejd\u0105 dni, m\u00f3wi Pan B\u00f3g, \u017ce ze\u015bl\u0119 g\u0142\u00f3d na ziemi\u0119, nie g\u0142\u00f3d chleba ani<br \/>\npragnienie wody, lecz g\u0142\u00f3d s\u0142uchania s\u0142\u00f3w Pana. Wtedy b\u0142\u0105ka\u0107 si\u0119 b\u0119d\u0105 od morza<br \/>\ndo morza, z p\u00f3\u0142nocy na wsch\u00f3d b\u0119d\u0105 kr\u0105\u017cyli, by znale\u017a\u0107 s\u0142owo Pana, lecz go nie<br \/>\nznajd\u0105\u201d.<\/b><\/div>\n<div class=\"MsoNormal\" style=\"text-align: justify;\">\n<\/div>\n<div class=\"MsoNormal\" style=\"text-align: justify;\">\n<b>S\u0141OWA EWANGELII WED\u0141UG \u015aWI\u0118TEGO MATEUSZA:<\/b><\/div>\n<div class=\"MsoNormal\" style=\"text-align: justify; text-indent: 25.0pt;\">\n<b>Odchodz\u0105c<br \/>\nz Kafarnaum Jezus ujrza\u0142 cz\u0142owieka siedz\u0105cego w komorze celnej, imieniem<br \/>\nMateusz, i rzek\u0142 do niego: \u201eP\u00f3jd\u017a za Mn\u0105\u201d. On wsta\u0142 i poszed\u0142 za Nim.<\/b><b><\/b><\/div>\n<div class=\"MsoNormal\" style=\"text-align: justify;\">\n<b>Gdy Jezus siedzia\u0142 w domu za<br \/>\nsto\u0142em, przysz\u0142o wielu celnik\u00f3w i grzesznik\u00f3w i siedzieli wraz z Jezusem i Jego<br \/>\nuczniami. Widz\u0105c to faryzeusze, m\u00f3wili do Jego uczni\u00f3w: \u201eDlaczego wasz Nauczyciel<br \/>\njada wsp\u00f3lnie z celnikami i grzesznikami?\u201d On, us\u0142yszawszy to, rzek\u0142: \u201eNie<br \/>\npotrzebuj\u0105 lekarza zdrowi, lecz ci, kt\u00f3rzy si\u0119 \u017ale maj\u0105. Id\u017acie i starajcie si\u0119<br \/>\nzrozumie\u0107, co znaczy: \u00abChc\u0119 raczej mi\u0142osierdzia ni\u017c ofiary\u00bb. Bo nie przyszed\u0142em<br \/>\npowo\u0142a\u0107 sprawiedliwych, ale grzesznik\u00f3w\u201d.<\/b><\/div>\n<div class=\"MsoNormal\" style=\"text-align: justify;\">\n<\/div>\n<div class=\"MsoNormal\" style=\"text-align: justify; text-indent: 35.4pt;\">\nDzie\u0144 dzisiejszy <b>\u0142\u0105czy w sobie dwa liturgiczne wymiary<\/b>:<br \/>\njest to pierwszy pi\u0105tek miesi\u0105ca, a jednocze\u015bnie kalendarz liturgiczny wyznacza<br \/>\nnam wspomnienie B\u0142ogos\u0142awionej Marii Teresy Led\u00f3chowskiej. Kim by\u0142a i kiedy<br \/>\n\u017cy\u0142a ta nasza Patronka?<\/div>\n<div class=\"MsoNormal\" style=\"text-align: justify; text-indent: 35.4pt;\">\n<b>Maria Teresa<\/b> urodzi\u0142a si\u0119 w czasie powstania styczniowego, w<br \/>\ndniu <b>29 kwietnia 1863 roku, w Loosdorf w<br \/>\nAustrii,<\/b> dok\u0105d jej rodzina wyemigrowa\u0142a po powstaniu listopadowym. 12 maja<br \/>\n1874 roku przyj\u0119\u0142a Pierwsz\u0105 Komuni\u0119 \u015awi\u0119t\u0105, a &nbsp;15 lipca 1878 roku \u2013 Sakrament Bierzmowania. <\/div>\n<div class=\"MsoNormal\" style=\"text-align: justify; text-indent: 35.4pt;\">\n<b>Od najm\u0142odszych lat wykazywa\u0142a wybitne uzdolnienia literackie,<br \/>\nmuzyczne i aktorskie.<\/b><br \/>\nMaj\u0105c pi\u0119\u0107 lat, napisa\u0142a ma\u0142y utw\u00f3r dla domownik\u00f3w, a jako dziewi\u0119cioletnia<br \/>\ndziewczynka <b>uk\u0142ada\u0142a wiersze.<\/b><br \/>\nRodzina ka\u017cdy dzie\u0144 ko\u0144czy\u0142a wsp\u00f3lnym pacierzem, a <b>w niedziel\u0119 uczestniczy\u0142a we Mszy \u015awi\u0119tej. <\/b>Matka naszej Patronki, jako<br \/>\nosoba niezwykle czu\u0142a na niedol\u0119 bli\u017anich, a do tego bardzo towarzyska i pogodna,<br \/>\n<b>umia\u0142a wychowa\u0107 dzieci w karno\u015bci i sumienno\u015bci.<br \/>\n<\/b>Ojciec pog\u0142\u0119bia\u0142 wiedz\u0119 dzieci, zapoznaj\u0105c je z <b>histori\u0105 malarstwa i sztuki, z histori\u0105 Polski i ojczyst\u0105 mow\u0105. <\/b><\/div>\n<div class=\"MsoNormal\" style=\"text-align: justify; text-indent: 35.4pt;\">\nW roku 1873 rodzice <b>stracili po raz drugi maj\u0105tek<\/b> na skutek<br \/>\nbankructwa instytucji, kt\u00f3rej akcje wykupili \u2013 bo pierwszy raz dziadek straci\u0142<br \/>\nwszystko za udzia\u0142 w powstaniu listopadowym. W tej sytuacji ojciec Marii Teresy<br \/>\n<b>sprzeda\u0142 maj\u0105tek w Loosdorf<\/b> i wynaj\u0105\u0142<br \/>\nma\u0142e mieszkanie w okolicy. Dzieci wtedy ucz\u0119szcza\u0142y do szko\u0142y. Dokumentem z<br \/>\ntych lat jest <b>\u015bwiadectwo szkolne Marii<br \/>\nTeresy Led\u00f3chowskiej, wystawione w 1875 roku, <\/b>na kt\u00f3rym widniej\u0105 same oceny<br \/>\nbardzo dobre. Mia\u0142a w\u00f3wczas dwana\u015bcie lat.<\/div>\n<div class=\"MsoNormal\" style=\"text-align: justify; text-indent: 35.4pt;\">\n<b>W 1883 roku, Led\u00f3chowscy przenie\u015bli si\u0119 na sta\u0142e z Austrii do<br \/>\nPolski,<\/b> a<br \/>\nkonkretnie \u2013 do Lipnicy Murowanej ko\u0142o Bochni, gdzie ojciec wykupi\u0142 mocno<br \/>\nzaniedbany maj\u0105tek. Powita\u0142 ich burmistrz miasta i ludno\u015b\u0107 w strojach<br \/>\nkrakowskich \u2013 chlebem i sol\u0105. <b>Maria<br \/>\nucieszy\u0142a si\u0119 z powrotu do Polski.<\/b> A mia\u0142a wtedy dwadzie\u015bcia lat. Rych\u0142o<br \/>\njednak zazna\u0142a, jakie s\u0105 k\u0142opoty w prowadzeniu gospodarstwa. W porze zimowej <b>ch\u0119tnie zwiedza\u0142a pobliski Krak\u00f3w i bra\u0142a<br \/>\nudzia\u0142 w towarzyskich zebraniach i zabawach.<\/b> Wyr\u00f3\u017cnia\u0142a si\u0119 urod\u0105 i inteligencj\u0105,<br \/>\ndlatego szybko zdoby\u0142a sobie wzi\u0119cie. <\/div>\n<div class=\"MsoNormal\" style=\"text-align: justify; text-indent: 35.4pt;\">\nW zimie 1885 roku <b>zachorowa\u0142a na osp\u0119 i przez wiele tygodni<br \/>\nle\u017ca\u0142a, walcz\u0105c o \u017cycie.<\/b> Choroba zostawi\u0142a \u015blady na jej twarzy. Organizm<br \/>\nby\u0142 os\u0142abiony, bowiem sze\u015b\u0107 lat wcze\u015bniej przeby\u0142a ci\u0119\u017cki tyfus. <b>I to w\u0142a\u015bnie ta choroba uczyni\u0142a j\u0105 dojrza\u0142\u0105<br \/>\nduchowo.<\/b> Pozna\u0142a marno\u015b\u0107 tego \u017cycia i rozkoszy \u015bwiata. Zrodzi\u0142o si\u0119 w niej <b>postanowienie oddania si\u0119 na s\u0142u\u017cb\u0119 Panu<br \/>\nBogu, je\u015bli tylko dojdzie do zdrowia.<\/b> Na osp\u0119 zachorowa\u0142 tak\u017ce jej ojciec,<br \/>\nwskutek czego \u2013 opatrzony \u015awi\u0119tymi Sakramentami \u2013 wkr\u00f3tce zmar\u0142. Pochowany<br \/>\nzosta\u0142 w Lipnicy. Maria Teresa, sama os\u0142abiona po ci\u0119\u017ckiej chorobie, <b>nie by\u0142a zdolna do prowadzenia maj\u0105tku. <\/b><\/div>\n<div class=\"MsoNormal\" style=\"text-align: justify; text-indent: 35.4pt;\">\nW wyniku stara\u0144 rodziny,<br \/>\ncesarz Franciszek J\u00f3zef I mianowa\u0142 j\u0105 <b>dam\u0105<br \/>\ndworu wielkich ksi\u0105\u017c\u0105t toska\u0144skich w Salzburgu.<\/b> Mimo \u017cycia na dworze, Maria<br \/>\nTeresa prowadzi\u0142a <b>\u017cycie przepe\u0142nione<br \/>\nwewn\u0119trznym skupieniem.<\/b> W 1886 roku po raz pierwszy <b>zetkn\u0119\u0142a si\u0119 z zakonnicami, kt\u00f3re przyby\u0142y na dw\u00f3r arcyksi\u0119\u017cnej po<br \/>\ndatki na misje. <\/b>Wtedy te\u017c po raz pierwszy spotka\u0142a si\u0119 <b>z ide\u0105 misyjn\u0105 Ko\u015bcio\u0142a.<\/b> <\/div>\n<div class=\"MsoNormal\" style=\"text-align: justify; text-indent: 35.4pt;\">\nA w tym w\u0142a\u015bnie czasie<br \/>\nkardyna\u0142 Karol Marcial Lavigerie, arcybiskup Algieru, <b>rozwija\u0142 o\u017cywion\u0105 akcj\u0119 na rzecz Afryki.<\/b> Pewnego dnia Maria Teresa<br \/>\ndosta\u0142a do r\u0119ki broszur\u0119 kardyna\u0142a, gdzie przeczyta\u0142a s\u0142owa: <b>\u201eKomu B\u00f3g da\u0142 talent pisarski, niechaj go<br \/>\nu\u017cyje na korzy\u015b\u0107 tej sprawy, ponad kt\u00f3r\u0105 nie ma \u015bwi\u0119tszej!\u201d<\/b> To by\u0142o dla<br \/>\nniej \u015bwiat\u0142em z nieba. <b>Znalaz\u0142a cel<br \/>\nswojego \u017cycia!<\/b> Postanowi\u0142a sko\u0144czy\u0107 z pisaniem dramat\u00f3w dworskich, <b>a wszystkie swoje si\u0142y obr\u00f3ci\u0107 dla misji<br \/>\nafryka\u0144skiej. <\/b>W tej sprawie napisa\u0142a te\u017c do stryja, kardyna\u0142a Led\u00f3chowskiego,<br \/>\nkt\u00f3ry pochwali\u0142 jej postanowienie. <\/div>\n<div class=\"MsoNormal\" style=\"text-align: justify; text-indent: 35.4pt;\">\nJej pierwszym krokiem by\u0142 <b>dramat \u201eZaida Murzynka\u201d,<\/b> wystawiony w teatrze salzburskim i w innych<br \/>\nmiastach. Poniewa\u017c obowi\u0105zki damy dworu zabiera\u0142y jej zbyt wiele cennego czasu,<br \/>\nzwolni\u0142a si\u0119 z nich. <b>Stan\u0119\u0142a na czele<br \/>\nkomitet\u00f3w antyniewolniczych.<\/b> Te jednak rych\u0142o j\u0105 zwolni\u0142y, gdy\u017c <b>chcia\u0142a, aby by\u0142y to komitety katolickie, <\/b>a<br \/>\nnie mi\u0119dzywyznaniowe. <\/div>\n<div class=\"MsoNormal\" style=\"text-align: justify; text-indent: 35.4pt;\">\nW 1890 roku, Maria<br \/>\nzamieszka\u0142a w pokoiku przy domu starc\u00f3w u si\u00f3str szarytek. Zerwa\u0142a stosunki<br \/>\ntowarzyskie <b>i odda\u0142a si\u0119 wy\u0142\u0105cznie<br \/>\nsprawie Afryki. W tym\u017ce samym 1890 roku, na w\u0142asn\u0105 r\u0119k\u0119, zacz\u0119\u0142a wydawa\u0107 \u201eEcho z Afryki\u201d.<\/b> Nawi\u0105za\u0142a kontakt<br \/>\nkorespondencyjny z misjonarzami. Wkr\u00f3tce korespondencja rozros\u0142a tak bardzo, \u017ce<br \/>\nmusia\u0142a <b>zaanga\u017cowa\u0107 sekretark\u0119 i<br \/>\nekspedientk\u0119.<\/b> Jednak widz\u0105c, \u017ce dzie\u0142o dalej si\u0119 rozbudowuje, w jednym z<br \/>\nnumer\u00f3w \u201eEcha\u201d z roku 1893 zamie\u015bci\u0142a apel o pomoc. <\/div>\n<div class=\"MsoNormal\" style=\"text-align: justify; text-indent: 35.4pt;\">\nZ pomoc\u0105 jednego z ojc\u00f3w<br \/>\njezuit\u00f3w, opracowa\u0142a <b>statut Sodalicji<br \/>\n\u015awi\u0119tego Piotra Klawera. <\/b>W dniu<b> <\/b>29<br \/>\nkwietnia 1894 roku, w swoje trzydzieste pierwsze urodziny, <b>przedstawi\u0142a go na prywatnej audiencji Papie\u017cowi Leonowi XIII do zatwierdzenia.<\/b><br \/>\nPapie\u017c dzie\u0142o pochwali\u0142 i udzieli\u0142 mu swojego b\u0142ogos\u0142awie\u0144stwa. Siedzib\u0105 Sodalicji<br \/>\nby\u0142y pocz\u0105tkowo dwa pokoje przy ko\u015bciele \u015awi\u0119tej Tr\u00f3jcy w Salzburgu. Tam te\u017c<br \/>\nza\u0142o\u017cy\u0142a muzeum afryka\u0144skie.<\/div>\n<div class=\"MsoNormal\" style=\"text-align: justify; text-indent: 35.4pt;\">\n<b>Od roku 1892 \u201eEcho z<br \/>\nAfryki\u201d wychodzi\u0142o tak\u017ce w j\u0119zyku polskim.<\/b> Administracj\u0119 pisma Maria<br \/>\nTeresa umie\u015bci\u0142a przy klasztorze si\u00f3str urszulanek, gdzie zakonnic\u0105 by\u0142a wtedy<br \/>\njej m\u0142odsza siostra, Urszula. W 1894 roku, Maria Teresa mia\u0142a ju\u017c w\u0142asn\u0105 drukarni\u0119.<br \/>\nOd 1911 roku \u201eEcho\u201d zacz\u0119\u0142o wychodzi\u0107 w dwunastu j\u0119zykach. Ponadto, <b>drukowano broszury misyjne, kalendarze,<br \/>\nodezwy, a potem katechizmy i ksi\u0105\u017ceczki religijne w j\u0119zykach Afryki.<\/b> <\/div>\n<div class=\"MsoNormal\" style=\"text-align: justify; text-indent: 35.4pt;\">\nW dniu 9 wrze\u015bnia 1896<br \/>\nroku, <b>Maria Teresa z\u0142o\u017cy\u0142a \u015bluby zakonne<br \/>\nna r\u0119ce kardyna\u0142a Hellera, biskupa Salzburga.<\/b> W 1897 roku kardyna\u0142<br \/>\nzatwierdzi\u0142 konstytucj\u0119 przez ni\u0105 u\u0142o\u017con\u0105 dla tego\u017c zgromadzenia zakonnego. W<br \/>\ntym te\u017c samym roku Maria Teresa za\u0142o\u017cy\u0142a w Salzburgu drukarni\u0119 misyjn\u0105. W roku<br \/>\n1899 <b>\u015awi\u0119ta Kongregacja Rozkrzewiania<br \/>\nWiary,<\/b> na kt\u00f3rej czele sta\u0142 kardyna\u0142 Led\u00f3chowski, jej stryj, wyda\u0142a pismo pochwalne,<br \/>\n<b>a w roku 1899 ta sama Kongregacja<br \/>\nprzyj\u0119\u0142a Sodalicj\u0119 pod swoj\u0105 bezpo\u015bredni\u0105 jurysdykcj\u0119.<\/b> 10 czerwca 1904 roku,<br \/>\n\u015awi\u0119ty Papie\u017c Pius X, osobnym dokumentem<br \/>\npochwali\u0142 dzie\u0142o, <b>a w roku 1910 Stolica<br \/>\nApostolska udzieli\u0142a mu definitywnej aprobaty.<\/b> <\/div>\n<div class=\"MsoNormal\" style=\"text-align: justify; text-indent: 35.4pt;\">\nW roku 1904 Maria<br \/>\nLed\u00f3chowska <b>przenios\u0142a swoj\u0105 sta\u0142\u0105 siedzib\u0119<br \/>\ndo Rzymu.<\/b> W cztery lata potem uda\u0142a si\u0119 osobi\u015bcie do Polski, aby szerzy\u0107<br \/>\ntam ide\u0119 misyjn\u0105. Na wiadomo\u015b\u0107 o powstaniu Polski niepodleg\u0142ej w roku 1918, <b>Maria Teresa poleci\u0142a zatkn\u0105\u0107 polskie<br \/>\nsztandary na domach swego zgromadzenia.<\/b> W roku 1920 wys\u0142a\u0142a zapomog\u0119 do<br \/>\nPolski. Pod koniec jej \u017cycia, <b>\u201eEcho z Afryki\u201d mia\u0142o ju\u017c oko\u0142o stu<br \/>\ntysi\u0119cy egzemplarzy nak\u0142adu.<\/b> W roku 1901 Maria Teresa za\u0142o\u017cy\u0142a przy domu<br \/>\ng\u0142\u00f3wnym Sodalicji w Rzymie <b>mi\u0119dzynarodowy<br \/>\nnowicjat.<\/b> Tak\u017ce i biura Sodalicji by\u0142y rozsiane niemal po wszystkich krajach<br \/>\nEuropy. Przy ka\u017cdej filii za\u0142o\u017cono muzeum Afryki. Nadto, nasza Patronka<br \/>\nwyje\u017cd\u017ca\u0142a do wielu r\u00f3\u017cnych miejsc z wyk\u0142adami i odczytami o misjach w Afryce. <\/div>\n<div class=\"MsoNormal\" style=\"text-align: justify; text-indent: 35.4pt;\">\n<b>Maria Teresa Led\u00f3chowska zmar\u0142a 6 lipca 1922 roku<\/b> w obecno\u015bci swoich<br \/>\nduchowych c\u00f3rek. 10 lipca z\u0142o\u017cono jej cia\u0142o na g\u0142\u00f3wnym cmentarzu rzymskim przy<br \/>\nBazylice \u015awi\u0119tego Wawrzy\u0144ca. Proces beatyfikacyjny rozpocz\u0119to w roku 1945. <b>Papie\u017c Pawe\u0142 VI, w \u015bwi\u0119tym roku<br \/>\njubileuszowym, w niedziel\u0119 misyjn\u0105, dnia 19 pa\u017adziernika 1975, wyni\u00f3s\u0142 j\u0105 do<br \/>\nchwa\u0142y o\u0142tarzy.<\/b> Cia\u0142o B\u0142ogos\u0142awionej, od roku 1934, znajduje si\u0119 w domu<br \/>\ngeneralnym Sodalicji. W czasie Soboru Watyka\u0144skiego II, <b>biskupi Afryki licznie nawiedzali gr\u00f3b<\/b> tej, kt\u00f3ra ca\u0142e swoje \u017cycie<br \/>\ni wszystkie swoje si\u0142y po\u015bwi\u0119ci\u0142a dla ich ojczystej ziemi. W nagrod\u0119 za<br \/>\nbezgraniczne oddanie si\u0119 sprawom Afryki Maria Teresa zdoby\u0142a zaszczytny <b>przydomek Matki Afryki. Jest patronk\u0105 dzie\u0142<br \/>\nmisyjnych w Polsce.<\/b><\/div>\n<div class=\"MsoNormal\" style=\"text-align: justify;\">\n&nbsp;&nbsp;&nbsp;&nbsp;&nbsp;&nbsp;&nbsp;&nbsp;&nbsp;&nbsp;&nbsp; W<br \/>\nswoim apostolskim pi\u015bmie Papie\u017c Pawe\u0142 VI tak pisa\u0142 o B\u0142ogos\u0142awionej Marii<br \/>\nTeresie: \u201eApostolskie zadania, wyznaczone przez Chrystusa, sta\u0142o si\u0119 <b>natchnieniem ca\u0142ego \u017cycia czcigodnej Marii<br \/>\nTeresy Led\u00f3chowskiej,<\/b> tak \u017ce da\u0142a wspania\u0142y przyk\u0142ad wsp\u00f3\u0142dzia\u0142ania kobiet<br \/>\nw misyjnym dziele Ko\u015bcio\u0142a. Chrystus wzbudzi\u0142 w niej pragnienie s\u0142u\u017cenia Mu<br \/>\nsercem niepodzielnym. On odkupi\u0142 i u\u015bwi\u0119ci\u0142 ludzi przez swoje pos\u0142usze\u0144stwo<br \/>\nposuni\u0119te a\u017c do \u015bmierci krzy\u017cowej. On powo\u0142a\u0142 Mari\u0119 Teres\u0119, aby z mi\u0142o\u015bci ku Niemu<br \/>\n<b>s\u0142u\u017cy\u0142a Mu w Jego braciach, zw\u0142aszcza<br \/>\ntych najbardziej opuszczonych i nieszcz\u0119\u015bliwych \u2013 niewolnikach z Afryki.<\/b><br \/>\nMaria Teresa us\u0142ysza\u0142a Bo\u017ce wezwanie i ca\u0142kowicie pos\u0142uszna woli Boga, porwana<br \/>\nmi\u0142o\u015bci\u0105 ku Niemu, <b>wielkodusznie i<br \/>\nwytrwale posz\u0142a za tym powo\u0142aniem. <\/b><\/div>\n<div class=\"MsoNormal\" style=\"text-align: justify; text-indent: 35.4pt;\">\nMaria Teresa <b>wyprzedzi\u0142a czasy, w kt\u00f3rych \u017cy\u0142a, tak<br \/>\nbardzo nie sprzyjaj\u0105ce apostolstwu kobiet.<\/b> Musia\u0142a przezwyci\u0119\u017cy\u0107 wiele<br \/>\nprzeszk\u00f3d i uprzedze\u0144, aby m\u00f3c si\u0119 odda\u0107 apostolstwu i pracy redaktorskiej i<br \/>\nwydawniczej. <b>Przew\u0119drowa\u0142a ca\u0142\u0105 Europ\u0119,<br \/>\nszerz\u0105c wsz\u0119dzie apostolstwo misyjne, wydaj\u0105c r\u00f3\u017cnoj\u0119zyczne czasopisma,<br \/>\nzak\u0142adaj\u0105c wydawnictwa.<\/b> B\u00f3g b\u0142ogos\u0142awi\u0142 dzie\u0142u, kt\u00f3re rozrasta\u0142o si\u0119 i<br \/>\numacnia\u0142o: za\u0142o\u017con\u0105 przez siebie <b>Sodalicj\u0105<br \/>\n\u015awi\u0119tego Piotra Klawera kierowa\u0142a roztropnie i z wielk\u0105 mi\u0142o\u015bci\u0105,<\/b> dzi\u0119ki<br \/>\nkt\u00f3rej odczuwa\u0142o si\u0119 tym bardziej Bo\u017c\u0105 blisko\u015b\u0107. <\/div>\n<div class=\"MsoNormal\" style=\"text-align: justify; text-indent: 35.4pt;\">\nTajemnica mi\u0142o\u015bci dope\u0142ni\u0142a<br \/>\nsi\u0119 w \u015bmierci Marii Teresy [\u2026]. <b>Katolicy<br \/>\nz Afryki op\u0142akiwali odej\u015bcie swej matki<\/b> \u2013 jak j\u0105 nazywali \u2013 ale przez<br \/>\ndzia\u0142alno\u015b\u0107 za\u0142o\u017conego przez ni\u0105 Instytutu, \u017cyj\u0105cego jej duchem, <b>nie przestaj\u0105 i dzisiaj do\u015bwiadcza\u0107<br \/>\nwielko\u015bci i si\u0142y tej mi\u0142o\u015bci, kt\u00f3ra ni\u0105 ow\u0142adn\u0119\u0142a.<\/b> Ale nie tylko ludy<br \/>\nAfryki pami\u0119taj\u0105 i podziwiaj\u0105 Mari\u0119 Teres\u0119, lecz i ca\u0142y Ko\u015bci\u00f3\u0142, bo znamienny<br \/>\nprzyk\u0142ad jej \u017cycia jest dobrem nie tylko jednego kontynentu. W jej \u017cyciu B\u00f3g ukaza\u0142<br \/>\nKo\u015bcio\u0142owi, a tak\u017ce wszystkim ludziom dobrej woli, <b>czego mo\u017ce dokona\u0107 mi\u0142o\u015b\u0107 jednego cz\u0142owieka, kt\u00f3ry ca\u0142kowicie odda\u0142 si\u0119<br \/>\nBogu,<\/b> a przez Niego i ca\u0142ej cierpi\u0105cej ludzko\u015bci.\u201d Tyle Papie\u017c Pawe\u0142 VI.<\/div>\n<div class=\"MsoNormal\" style=\"text-align: justify;\">\n&nbsp;&nbsp;&nbsp;&nbsp;&nbsp;&nbsp;&nbsp;&nbsp;&nbsp;&nbsp;&nbsp; A<br \/>\nmy, s\u0142uchaj\u0105c Bo\u017cego S\u0142owa, przeznaczonego na dzie\u0144 dzisiejszy w Liturgii<br \/>\nKo\u015bcio\u0142a, odnajdujemy w pierwszym czytaniu z Ksi\u0119gi Amosa daj\u0105ce do my\u015blenia<br \/>\ns\u0142owa: <b><i>Oto nadejd\u0105 dni, m\u00f3wi Pan B\u00f3g, \u017ce ze\u015bl\u0119 g\u0142\u00f3d na ziemi\u0119. Nie g\u0142\u00f3d chleba<br \/>\nani pragnienie wody, lecz g\u0142\u00f3d s\u0142uchania s\u0142\u00f3w Pana. Wtedy b\u0142\u0105ka\u0107 si\u0119 b\u0119d\u0105 od<br \/>\nmorza do morza, z p\u00f3\u0142nocy na wsch\u00f3d b\u0119d\u0105 kr\u0105\u017cyli, by znale\u017a\u0107 s\u0142owo Pana, lecz<br \/>\ngo nie znajd\u0105.<\/i><\/b> Niezwyk\u0142a zapowied\u017a \u2013 niezwykle dramatyczna\u2026 <\/div>\n<div class=\"MsoNormal\" style=\"text-align: justify; text-indent: 35.4pt;\">\nI w\u0142a\u015bnie zaspokajaniu<br \/>\ntego\u017c g\u0142odu Bo\u017cego S\u0142owa po\u015bwi\u0119ci\u0142a swe \u017cycie nasza dzisiejsza Patronka.<br \/>\nPowo\u0142ana zosta\u0142a do tego zadania \u2013 zauwa\u017cmy to! \u2013 <b>z cesarskiego dworu!<\/b> Dla Jezusa jednak nie czyni r\u00f3\u017cnicy: czy<br \/>\npowo\u0142a\u0107 cz\u0142owieka z cesarskiego dworu, <b>czy<br \/>\nz komory celnej \u2013 jak Mateusza, bohatera dzisiejszej Ewangelii.<\/b> Jezus<br \/>\npowo\u0142uje r\u00f3\u017cnych ludzi do tego wspania\u0142ego misyjnego zadania, a podejmuj\u0105 je<br \/>\nostatecznie ci, kt\u00f3rzy chc\u0105 si\u0119 go podj\u0105\u0107. Bo Jezus powo\u0142uj\u0105c \u2013 zaprasza\u2026 <b>Zaprasza \u2013 nie zmusza<\/b>\u2026 <\/div>\n<div class=\"MsoNormal\" style=\"text-align: justify; text-indent: 35.4pt;\">\nMaria Teresa Led\u00f3chowska<br \/>\nodpowiedzia\u0142a ochotnym sercem, a dokona\u0142a w swym \u017cyciu tak wiele i tak niezwyk\u0142ych<br \/>\nrzeczy, \u017ce chocia\u017c <b>nigdy w \u017cyciu nie<br \/>\nby\u0142a w Afryce, zyska\u0142a zaszczytny tytu\u0142 Matki tego kontynentu i og\u0142oszona<br \/>\nzosta\u0142a Patronk\u0105 misji afryka\u0144skich!<\/b> Przekonujemy si\u0119 zatem, \u017ce to nie<br \/>\ngeograficzna odleg\u0142o\u015b\u0107 stanowi pomoc lub przeszkod\u0119 w realizacji powo\u0142ania misyjnego,<br \/>\nale <b>aktywno\u015b\u0107, wynikaj\u0105ca z potrzeby<br \/>\nserca.<\/b> A serce rozpalone mi\u0142o\u015bci\u0105 i zapa\u0142em pokona ka\u017cd\u0105 odleg\u0142o\u015b\u0107 i ka\u017cd\u0105<br \/>\nprzeszkod\u0119.<\/div>\n<div class=\"MsoNormal\" style=\"text-align: justify; text-indent: 35.4pt;\">\nDzisiejszy pierwszy pi\u0105tek<br \/>\nmiesi\u0105ca, kt\u00f3ry prze\u017cywamy w blaskach \u015bwi\u0119to\u015bci Marii Teresy Led\u00f3chowskiej, niech<br \/>\nwi\u0119c b\u0119dzie okazj\u0105 do udzielenia takiej bardzo uczciwej odpowiedzi na pytanie: <b>Jakim ja jestem misjonarzem?<\/b> I czy<br \/>\ndzi\u0119ki mojej postawie, czy dzi\u0119ki mojemu przyk\u0142adowi \u2013 <b>Jezus Chrystus chocia\u017c troch\u0119 sta\u0142 si\u0119 bli\u017cszy chocia\u017c jednemu cz\u0142owiekowi?<\/b>\u2026<br \/>\nCzy moja postawa nikogo od Jezusa nie oddali\u0142a, a bardziej do Niego przekona\u0142a?\n<\/div>\n<div class=\"MsoNormal\" style=\"text-align: justify; text-indent: 35.4pt;\">\n<b>Bo misjonarzem \u2013 szczeg\u00f3lnie dzisiaj \u2013 musi by\u0107 ka\u017cda i ka\u017cdy z<br \/>\nnas!<\/b><br \/>\nMusimy sobie bardzo uczciwie powiedzie\u0107, \u017ce nasz kraj, Polska, <b>coraz bardziej staje si\u0119 terenem misyjnym!<br \/>\nNaprawd\u0119!<\/b> Zobaczmy, w jak wielu przypadkach trzeba <b>wraca\u0107 do nauczania wiary dos\u0142ownie od podstaw!<\/b> A w tym dziele, w<br \/>\ntym nauczaniu, najmocniejszym i najbardziej przekonuj\u0105cym argumentem zawsze<br \/>\njest <b>w\u0142asny dobry przyk\u0142ad!<\/b> <\/div>\n<div class=\"MsoNormal\" style=\"text-align: justify; text-indent: 35.4pt;\">\nI w tym sensie winni\u015bmy si\u0119<br \/>\n<b>uwa\u017ca\u0107 za misjonarzy. Tu i teraz!<\/b> A<br \/>\npierwszy pi\u0105tek miesi\u0105ca mo\u017cemy potraktowa\u0107 jako dobr\u0105 okazj\u0119 do postawienia<br \/>\nsobie pytania, jak si\u0119 z tego zadania wywi\u0105zujemy\u2026<\/div>\n<div class=\"MsoNormal\" style=\"text-align: justify; text-indent: 35.4pt;\">\nW tym kontek\u015bcie wi\u0119c zapytajmy<br \/>\nsamych siebie:<\/div>\n<div class=\"MsoNormal\" style=\"margin-left: 36.0pt; mso-list: l0 level1 lfo1; tab-stops: list 36.0pt; text-align: justify; text-indent: -18.0pt;\">\n\u00b7&nbsp;&nbsp;&nbsp;&nbsp;&nbsp;&nbsp;&nbsp;<br \/>\nJak<br \/>\ncz\u0119sto wspieram misje modlitw\u0105 i ofiarami?<\/div>\n<div class=\"MsoNormal\" style=\"margin-left: 36.0pt; mso-list: l0 level1 lfo1; tab-stops: list 36.0pt; text-align: justify; text-indent: -18.0pt;\">\n\u00b7&nbsp;&nbsp;&nbsp;&nbsp;&nbsp;&nbsp;&nbsp;<br \/>\nJakim<br \/>\nmisjonarzem jestem dla swoich domownik\u00f3w i ca\u0142ego swego otoczenia?<\/div>\n<div class=\"MsoNormal\" style=\"margin-left: 36.0pt; mso-list: l0 level1 lfo1; tab-stops: list 36.0pt; text-align: justify; text-indent: -18.0pt;\">\n\u00b7&nbsp;&nbsp;&nbsp;&nbsp;&nbsp;&nbsp;&nbsp;<br \/>\nCzy<br \/>\nswoj\u0105 postaw\u0105 nikogo od Jezusa nie oddalam?<\/div>\n<div class=\"MsoNormal\" style=\"text-align: justify;\">\n<\/div>\n<div class=\"MsoNormal\" style=\"text-align: justify;\">\n<b><i>P\u00f3jd\u017a za Mn\u0105<\/i><\/b><b>! \u2013 <i>On wsta\u0142 i poszed\u0142 za Nim<\/i><\/b>\u2026<\/div>\n","protected":false},"excerpt":{"rendered":"<p>Szcz\u0119\u015b\u0107 Bo\u017ce! Witam w pierwszy pi\u0105tek miesi\u0105ca. Kochani, dzisiaj u nas dzie\u0144 na wyj\u0105tkowo wysokich obrotach: spowied\u017a pierwszopi\u0105tkowa, odwiedziny Chorych, wyjazd po Lektor\u00f3w, ko\u0144cz\u0105cych swe rekolekcje w gmachu Seminarium, a wieczorem &#8211; rozmowy z Narzeczonymi, kt\u00f3rzy jutro b\u0119d\u0105 zawierali ma\u0142\u017ce\u0144stwo. Wszystkie te sprawy b\u0119d\u0119 ogarnia\u0142 wraz z Ksi\u0119dzem Waldemarem Grzeszczukiem, Wyk\u0142adowc\u0105 Szko\u0142y im. Ja\u0144skiego w [&hellip;]<\/p>\n","protected":false},"author":1,"featured_media":0,"comment_status":"open","ping_status":"open","sticky":false,"template":"","format":"standard","meta":{"jetpack_post_was_ever_published":false,"_jetpack_newsletter_access":"","_jetpack_dont_email_post_to_subs":false,"_jetpack_newsletter_tier_id":0,"_jetpack_memberships_contains_paywalled_content":false,"_jetpack_memberships_contains_paid_content":false,"footnotes":""},"categories":[1],"tags":[],"class_list":["post-9437","post","type-post","status-publish","format-standard","hentry","category-bez-kategorii"],"yoast_head":"<!-- This site is optimized with the Yoast SEO plugin v25.1 - https:\/\/yoast.com\/wordpress\/plugins\/seo\/ -->\n<title>Jak by\u0107 prawdziwym misjonarzem? - Gaudium Et Spes<\/title>\n<meta name=\"robots\" content=\"index, follow, max-snippet:-1, max-image-preview:large, max-video-preview:-1\" \/>\n<link rel=\"canonical\" href=\"https:\/\/gaudiumetspes-blog.pl\/index.php\/2012\/07\/06\/jak-byc-prawdziwym-misjonarze\/\" \/>\n<meta property=\"og:locale\" content=\"pl_PL\" \/>\n<meta property=\"og:type\" content=\"article\" \/>\n<meta property=\"og:title\" content=\"Jak by\u0107 prawdziwym misjonarzem? - Gaudium Et Spes\" \/>\n<meta property=\"og:description\" content=\"Szcz\u0119\u015b\u0107 Bo\u017ce! Witam w pierwszy pi\u0105tek miesi\u0105ca. Kochani, dzisiaj u nas dzie\u0144 na wyj\u0105tkowo wysokich obrotach: spowied\u017a pierwszopi\u0105tkowa, odwiedziny Chorych, wyjazd po Lektor\u00f3w, ko\u0144cz\u0105cych swe rekolekcje w gmachu Seminarium, a wieczorem &#8211; rozmowy z Narzeczonymi, kt\u00f3rzy jutro b\u0119d\u0105 zawierali ma\u0142\u017ce\u0144stwo. Wszystkie te sprawy b\u0119d\u0119 ogarnia\u0142 wraz z Ksi\u0119dzem Waldemarem Grzeszczukiem, Wyk\u0142adowc\u0105 Szko\u0142y im. Ja\u0144skiego w [&hellip;]\" \/>\n<meta property=\"og:url\" content=\"https:\/\/gaudiumetspes-blog.pl\/index.php\/2012\/07\/06\/jak-byc-prawdziwym-misjonarze\/\" \/>\n<meta property=\"og:site_name\" content=\"Gaudium Et Spes\" \/>\n<meta property=\"article:published_time\" content=\"2012-07-06T02:06:00+00:00\" \/>\n<meta property=\"article:modified_time\" content=\"2019-07-31T10:53:22+00:00\" \/>\n<meta name=\"author\" content=\"Ks. Jacek\" \/>\n<meta name=\"twitter:card\" content=\"summary_large_image\" \/>\n<meta name=\"twitter:label1\" content=\"Napisane przez\" \/>\n\t<meta name=\"twitter:data1\" content=\"Ks. Jacek\" \/>\n\t<meta name=\"twitter:label2\" content=\"Szacowany czas czytania\" \/>\n\t<meta name=\"twitter:data2\" content=\"14 minut\" \/>\n<script type=\"application\/ld+json\" class=\"yoast-schema-graph\">{\"@context\":\"https:\/\/schema.org\",\"@graph\":[{\"@type\":\"WebPage\",\"@id\":\"https:\/\/gaudiumetspes-blog.pl\/index.php\/2012\/07\/06\/jak-byc-prawdziwym-misjonarze\/\",\"url\":\"https:\/\/gaudiumetspes-blog.pl\/index.php\/2012\/07\/06\/jak-byc-prawdziwym-misjonarze\/\",\"name\":\"Jak by\u0107 prawdziwym misjonarzem? - Gaudium Et Spes\",\"isPartOf\":{\"@id\":\"https:\/\/gaudiumetspes-blog.pl\/#website\"},\"datePublished\":\"2012-07-06T02:06:00+00:00\",\"dateModified\":\"2019-07-31T10:53:22+00:00\",\"author\":{\"@id\":\"https:\/\/gaudiumetspes-blog.pl\/#\/schema\/person\/1661982992b752dea8dff0d4ed845a65\"},\"breadcrumb\":{\"@id\":\"https:\/\/gaudiumetspes-blog.pl\/index.php\/2012\/07\/06\/jak-byc-prawdziwym-misjonarze\/#breadcrumb\"},\"inLanguage\":\"pl-PL\",\"potentialAction\":[{\"@type\":\"ReadAction\",\"target\":[\"https:\/\/gaudiumetspes-blog.pl\/index.php\/2012\/07\/06\/jak-byc-prawdziwym-misjonarze\/\"]}]},{\"@type\":\"BreadcrumbList\",\"@id\":\"https:\/\/gaudiumetspes-blog.pl\/index.php\/2012\/07\/06\/jak-byc-prawdziwym-misjonarze\/#breadcrumb\",\"itemListElement\":[{\"@type\":\"ListItem\",\"position\":1,\"name\":\"Strona g\u0142\u00f3wna\",\"item\":\"https:\/\/gaudiumetspes-blog.pl\/\"},{\"@type\":\"ListItem\",\"position\":2,\"name\":\"Jak by\u0107 prawdziwym misjonarzem?\"}]},{\"@type\":\"WebSite\",\"@id\":\"https:\/\/gaudiumetspes-blog.pl\/#website\",\"url\":\"https:\/\/gaudiumetspes-blog.pl\/\",\"name\":\"Gaudium Et Spes\",\"description\":\"Blog Ks. Jacka Ja\u015bkowskiego\",\"potentialAction\":[{\"@type\":\"SearchAction\",\"target\":{\"@type\":\"EntryPoint\",\"urlTemplate\":\"https:\/\/gaudiumetspes-blog.pl\/?s={search_term_string}\"},\"query-input\":{\"@type\":\"PropertyValueSpecification\",\"valueRequired\":true,\"valueName\":\"search_term_string\"}}],\"inLanguage\":\"pl-PL\"},{\"@type\":\"Person\",\"@id\":\"https:\/\/gaudiumetspes-blog.pl\/#\/schema\/person\/1661982992b752dea8dff0d4ed845a65\",\"name\":\"Ks. Jacek\",\"image\":{\"@type\":\"ImageObject\",\"inLanguage\":\"pl-PL\",\"@id\":\"https:\/\/gaudiumetspes-blog.pl\/#\/schema\/person\/image\/\",\"url\":\"https:\/\/gaudiumetspes-blog.pl\/wp-content\/uploads\/2019\/07\/avatar-JJ-150x150.jpg\",\"contentUrl\":\"https:\/\/gaudiumetspes-blog.pl\/wp-content\/uploads\/2019\/07\/avatar-JJ-150x150.jpg\",\"caption\":\"Ks. Jacek\"},\"description\":\"Witam serdecznie! K\u0142ania si\u0119 Ks. Jacek Ja\u015bkowski. Nie jestem ani kim\u015b wa\u017cnym, ani kim\u015b znanym. Jestem ksi\u0119dzem, kt\u00f3ry po prostu chce rozmawia\u0107. Codzienna kap\u0142a\u0144ska pos\u0142uga pokazuje mi, \u017ce temat\u00f3w do rozm\u00f3w z ksi\u0119dzem jest coraz wi\u0119cej i dzisiaj \u017caden ksi\u0105dz nie mo\u017ce od nich ucieka\u0107, ale - wprost przeciwnie - podejmowa\u0107 nowe wyzwania. To przekonanie sk\u0142oni\u0142o mnie do pr\u00f3by otwarcia tego\u017c bloga, chocia\u017c okazji do rozm\u00f3w na co dzie\u0144 - w konfesjonale i poza nim - na szcz\u0119\u015bcie nie brakuje. My\u015bl\u0119 jednak, \u017ce ten blog b\u0119dzie jeszcze jednym sposobem i przestrzeni\u0105 nawi\u0105zania kontaktu z lud\u017ami dobrej woli, otwartymi na dialog.\",\"url\":\"https:\/\/gaudiumetspes-blog.pl\/index.php\/author\/ks-jacek\/\"}]}<\/script>\n<!-- \/ Yoast SEO plugin. -->","yoast_head_json":{"title":"Jak by\u0107 prawdziwym misjonarzem? - Gaudium Et Spes","robots":{"index":"index","follow":"follow","max-snippet":"max-snippet:-1","max-image-preview":"max-image-preview:large","max-video-preview":"max-video-preview:-1"},"canonical":"https:\/\/gaudiumetspes-blog.pl\/index.php\/2012\/07\/06\/jak-byc-prawdziwym-misjonarze\/","og_locale":"pl_PL","og_type":"article","og_title":"Jak by\u0107 prawdziwym misjonarzem? - Gaudium Et Spes","og_description":"Szcz\u0119\u015b\u0107 Bo\u017ce! Witam w pierwszy pi\u0105tek miesi\u0105ca. Kochani, dzisiaj u nas dzie\u0144 na wyj\u0105tkowo wysokich obrotach: spowied\u017a pierwszopi\u0105tkowa, odwiedziny Chorych, wyjazd po Lektor\u00f3w, ko\u0144cz\u0105cych swe rekolekcje w gmachu Seminarium, a wieczorem &#8211; rozmowy z Narzeczonymi, kt\u00f3rzy jutro b\u0119d\u0105 zawierali ma\u0142\u017ce\u0144stwo. Wszystkie te sprawy b\u0119d\u0119 ogarnia\u0142 wraz z Ksi\u0119dzem Waldemarem Grzeszczukiem, Wyk\u0142adowc\u0105 Szko\u0142y im. Ja\u0144skiego w [&hellip;]","og_url":"https:\/\/gaudiumetspes-blog.pl\/index.php\/2012\/07\/06\/jak-byc-prawdziwym-misjonarze\/","og_site_name":"Gaudium Et Spes","article_published_time":"2012-07-06T02:06:00+00:00","article_modified_time":"2019-07-31T10:53:22+00:00","author":"Ks. Jacek","twitter_card":"summary_large_image","twitter_misc":{"Napisane przez":"Ks. Jacek","Szacowany czas czytania":"14 minut"},"schema":{"@context":"https:\/\/schema.org","@graph":[{"@type":"WebPage","@id":"https:\/\/gaudiumetspes-blog.pl\/index.php\/2012\/07\/06\/jak-byc-prawdziwym-misjonarze\/","url":"https:\/\/gaudiumetspes-blog.pl\/index.php\/2012\/07\/06\/jak-byc-prawdziwym-misjonarze\/","name":"Jak by\u0107 prawdziwym misjonarzem? - Gaudium Et Spes","isPartOf":{"@id":"https:\/\/gaudiumetspes-blog.pl\/#website"},"datePublished":"2012-07-06T02:06:00+00:00","dateModified":"2019-07-31T10:53:22+00:00","author":{"@id":"https:\/\/gaudiumetspes-blog.pl\/#\/schema\/person\/1661982992b752dea8dff0d4ed845a65"},"breadcrumb":{"@id":"https:\/\/gaudiumetspes-blog.pl\/index.php\/2012\/07\/06\/jak-byc-prawdziwym-misjonarze\/#breadcrumb"},"inLanguage":"pl-PL","potentialAction":[{"@type":"ReadAction","target":["https:\/\/gaudiumetspes-blog.pl\/index.php\/2012\/07\/06\/jak-byc-prawdziwym-misjonarze\/"]}]},{"@type":"BreadcrumbList","@id":"https:\/\/gaudiumetspes-blog.pl\/index.php\/2012\/07\/06\/jak-byc-prawdziwym-misjonarze\/#breadcrumb","itemListElement":[{"@type":"ListItem","position":1,"name":"Strona g\u0142\u00f3wna","item":"https:\/\/gaudiumetspes-blog.pl\/"},{"@type":"ListItem","position":2,"name":"Jak by\u0107 prawdziwym misjonarzem?"}]},{"@type":"WebSite","@id":"https:\/\/gaudiumetspes-blog.pl\/#website","url":"https:\/\/gaudiumetspes-blog.pl\/","name":"Gaudium Et Spes","description":"Blog Ks. Jacka Ja\u015bkowskiego","potentialAction":[{"@type":"SearchAction","target":{"@type":"EntryPoint","urlTemplate":"https:\/\/gaudiumetspes-blog.pl\/?s={search_term_string}"},"query-input":{"@type":"PropertyValueSpecification","valueRequired":true,"valueName":"search_term_string"}}],"inLanguage":"pl-PL"},{"@type":"Person","@id":"https:\/\/gaudiumetspes-blog.pl\/#\/schema\/person\/1661982992b752dea8dff0d4ed845a65","name":"Ks. Jacek","image":{"@type":"ImageObject","inLanguage":"pl-PL","@id":"https:\/\/gaudiumetspes-blog.pl\/#\/schema\/person\/image\/","url":"https:\/\/gaudiumetspes-blog.pl\/wp-content\/uploads\/2019\/07\/avatar-JJ-150x150.jpg","contentUrl":"https:\/\/gaudiumetspes-blog.pl\/wp-content\/uploads\/2019\/07\/avatar-JJ-150x150.jpg","caption":"Ks. Jacek"},"description":"Witam serdecznie! K\u0142ania si\u0119 Ks. Jacek Ja\u015bkowski. Nie jestem ani kim\u015b wa\u017cnym, ani kim\u015b znanym. Jestem ksi\u0119dzem, kt\u00f3ry po prostu chce rozmawia\u0107. Codzienna kap\u0142a\u0144ska pos\u0142uga pokazuje mi, \u017ce temat\u00f3w do rozm\u00f3w z ksi\u0119dzem jest coraz wi\u0119cej i dzisiaj \u017caden ksi\u0105dz nie mo\u017ce od nich ucieka\u0107, ale - wprost przeciwnie - podejmowa\u0107 nowe wyzwania. To przekonanie sk\u0142oni\u0142o mnie do pr\u00f3by otwarcia tego\u017c bloga, chocia\u017c okazji do rozm\u00f3w na co dzie\u0144 - w konfesjonale i poza nim - na szcz\u0119\u015bcie nie brakuje. My\u015bl\u0119 jednak, \u017ce ten blog b\u0119dzie jeszcze jednym sposobem i przestrzeni\u0105 nawi\u0105zania kontaktu z lud\u017ami dobrej woli, otwartymi na dialog.","url":"https:\/\/gaudiumetspes-blog.pl\/index.php\/author\/ks-jacek\/"}]}},"jetpack_featured_media_url":"","jetpack_sharing_enabled":true,"_links":{"self":[{"href":"https:\/\/gaudiumetspes-blog.pl\/index.php\/wp-json\/wp\/v2\/posts\/9437","targetHints":{"allow":["GET"]}}],"collection":[{"href":"https:\/\/gaudiumetspes-blog.pl\/index.php\/wp-json\/wp\/v2\/posts"}],"about":[{"href":"https:\/\/gaudiumetspes-blog.pl\/index.php\/wp-json\/wp\/v2\/types\/post"}],"author":[{"embeddable":true,"href":"https:\/\/gaudiumetspes-blog.pl\/index.php\/wp-json\/wp\/v2\/users\/1"}],"replies":[{"embeddable":true,"href":"https:\/\/gaudiumetspes-blog.pl\/index.php\/wp-json\/wp\/v2\/comments?post=9437"}],"version-history":[{"count":1,"href":"https:\/\/gaudiumetspes-blog.pl\/index.php\/wp-json\/wp\/v2\/posts\/9437\/revisions"}],"predecessor-version":[{"id":10646,"href":"https:\/\/gaudiumetspes-blog.pl\/index.php\/wp-json\/wp\/v2\/posts\/9437\/revisions\/10646"}],"wp:attachment":[{"href":"https:\/\/gaudiumetspes-blog.pl\/index.php\/wp-json\/wp\/v2\/media?parent=9437"}],"wp:term":[{"taxonomy":"category","embeddable":true,"href":"https:\/\/gaudiumetspes-blog.pl\/index.php\/wp-json\/wp\/v2\/categories?post=9437"},{"taxonomy":"post_tag","embeddable":true,"href":"https:\/\/gaudiumetspes-blog.pl\/index.php\/wp-json\/wp\/v2\/tags?post=9437"}],"curies":[{"name":"wp","href":"https:\/\/api.w.org\/{rel}","templated":true}]}}