{"id":9450,"date":"2012-06-23T05:02:00","date_gmt":"2012-06-23T03:02:00","guid":{"rendered":"https:\/\/gaudiumetspes-blog.pl\/index.php\/2012\/06\/23\/jezeli-nie-ufac-bogu-to-komu\/"},"modified":"2019-07-31T12:53:20","modified_gmt":"2019-07-31T10:53:20","slug":"jezeli-nie-ufac-bogu-to-komu","status":"publish","type":"post","link":"https:\/\/gaudiumetspes-blog.pl\/index.php\/2012\/06\/23\/jezeli-nie-ufac-bogu-to-komu\/","title":{"rendered":"Je\u017celi nie ufa\u0107 Bogu &#8211; to komu?&#8230;"},"content":{"rendered":"<p><\/p>\n<div class=\"MsoNormal\" style=\"text-align: justify;\">\nSzcz\u0119\u015b\u0107 Bo\u017ce! Dzisiaj przede mn\u0105 do\u015b\u0107 pracowity dzie\u0144. Zreszt\u0105 &#8211; jak wiele poprzednich od jakiego\u015b czasu. Dwa \u015bluby, kilka spotka\u0144 i og\u00f3lne czuwanie nad Parafi\u0105, bo Ksi\u0105dz Proboszcz pielgrzymuje do Sanktuari\u00f3w Podlasia: Kodnia, Pratulina i Kostom\u0142ot\u00f3w &#8211; z dzie\u0107mi komunijnymi. Niech Pan przymno\u017cy swych \u0142ask, aby to pielgrzymowanie przyczyni\u0142o si\u0119 do odnowy ducha w Parafii Celestyn\u00f3w.&nbsp;<\/div>\n<div class=\"MsoNormal\" style=\"text-align: justify;\">\n&nbsp; &nbsp; &nbsp; &nbsp;\u017bycz\u0119 wszystkim dobrego dnia! I odwagi &#8211; w ca\u0142kowitym zaufaniu Bogu!<\/div>\n<div class=\"MsoNormal\" style=\"text-align: justify;\">\n&nbsp; &nbsp; &nbsp; &nbsp; &nbsp; &nbsp; &nbsp; &nbsp; &nbsp; &nbsp; &nbsp;Gaudium et spes! &nbsp;Ks. Jacek<\/div>\n<div class=\"MsoNormal\" style=\"text-align: justify;\">\n<b><br \/><\/b><\/div>\n<div class=\"MsoNormal\" style=\"text-align: justify;\">\n<b>Sobota 11<br \/>\ntygodnia zwyk\u0142ego, rok II,<\/b><\/div>\n<div class=\"MsoNormal\" style=\"text-align: justify;\">\n<b>do<br \/>\nczyta\u0144:&nbsp; 2 Krn 24,17\u201325;&nbsp; Mt 6,24\u201334<\/b><\/div>\n<div class=\"MsoNormal\" style=\"text-align: justify;\">\n<\/div>\n<div class=\"MsoNormal\">\n<b>CZYTANE Z<br \/>\nDRUGIEJ KSI\u0118GI KRONIK:&nbsp;<\/b><\/div>\n<div class=\"MsoNormal\" style=\"text-align: justify; text-indent: 24.75pt;\">\n<b>Po<br \/>\n\u015bmierci Jojady przybyli naczelnicy judzcy i oddali pok\u0142on kr\u00f3lowi. Kr\u00f3l ich wtedy<br \/>\nus\u0142ucha\u0142. Opu\u015bcili wi\u0119c \u015bwi\u0105tyni\u0119 Pana, Boga swego, i zacz\u0119li czci\u0107 aszery oraz<br \/>\npos\u0105gi. Wskutek ich winy zap\u0142on\u0105\u0142 gniew Bo\u017cy nad Jud\u0105 i nad Jerozolim\u0105. Posy\u0142a\u0142<br \/>\nwi\u0119c Pan do nich prorok\u00f3w, aby ich nawr\u00f3cili do Pana i napominali, oni jednak<br \/>\nich nie s\u0142uchali.<\/b><b><\/b><\/div>\n<div class=\"MsoNormal\" style=\"text-align: justify; text-indent: 24.75pt;\">\n<b>Wtedy<br \/>\nduch Bo\u017cy zst\u0105pi\u0142 na Zachariasza, syna kap\u0142ana Jojady, kt\u00f3ry stan\u0105\u0142 przed ludem<br \/>\ni rzek\u0142: \u201eTak m\u00f3wi B\u00f3g: Dlaczego przekraczacie przykazania Pana? Dlatego si\u0119<br \/>\nwam nie szcz\u0119\u015bci. Poniewa\u017c opu\u015bcili\u015bcie Pana i On was opu\u015bci\u201d.&nbsp;<\/b><\/div>\n<div class=\"MsoNormal\" style=\"text-align: justify; text-indent: 24.75pt;\">\n<b>Lecz<br \/>\noni sprzysi\u0119gli si\u0119 przeciw niemu i ukamienowali go z rozkazu kr\u00f3la na<br \/>\ndziedzi\u0144cu \u015bwi\u0105tyni Pana. Kr\u00f3l Joasz zapomnia\u0142 ju\u017c o dobrodziejstwie, jakie<br \/>\nwy\u015bwiadczy\u0142 mu ojciec Zachariasza, Jojada, i zabi\u0142 syna. Kiedy za\u015b ten umiera\u0142,<br \/>\nzawo\u0142a\u0142: \u201eOby Pan to widzia\u0142 i pom\u015bci\u0142, i za to za\u017c\u0105da\u0142 sprawy!\u201d&nbsp;<\/b><\/div>\n<div class=\"MsoNormal\" style=\"text-align: justify; text-indent: 24.75pt;\">\n<b>I<br \/>\noto jeszcze w ci\u0105gu tego roku wyruszy\u0142o przeciw niemu wojsko Syryjczyk\u00f3w.<br \/>\nWkroczywszy do Judy i do Jerozolimy, wyniszczyli z ludu wszystkich jego<br \/>\nnaczelnik\u00f3w, a ca\u0142\u0105 sw\u0105 zdobycz wys\u0142ali do kr\u00f3la Damaszku.&nbsp;<\/b><\/div>\n<div class=\"MsoNormal\" style=\"text-align: justify; text-indent: 24.75pt;\">\n<b>Cho\u0107<br \/>\nwojsko syryjskie wesz\u0142o z ma\u0142\u0105 liczb\u0105 \u017co\u0142nierzy, Pan jednak odda\u0142 mu w r\u0119ce<br \/>\nwielkie mn\u00f3stwo wojska, poniewa\u017c mieszka\u0144cy Judy opu\u015bcili Pana Boga swych<br \/>\nojc\u00f3w. I tak wykona\u0142o ono wyrok na Joaszu.&nbsp;<\/b><\/div>\n<div class=\"MsoNormal\" style=\"text-align: justify; text-indent: 24.75pt;\">\n<b>Kiedy<br \/>\nsi\u0119 od niego oddalili, pozostawiaj\u0105c go ci\u0119\u017cko chorym, s\u0142udzy jego uknuli<br \/>\nspisek przeciw niemu, aby pom\u015bci\u0107 krew syna kap\u0142ana Jojady. I zabili go na jego<br \/>\n\u0142\u00f3\u017cku. Zmar\u0142 i zosta\u0142 pochowany w Mie\u015bcie Dawidowym, ale nie z\u0142o\u017cono go w<br \/>\ngrobach kr\u00f3lewskich.<\/b><\/div>\n<div class=\"MsoNormal\" style=\"text-align: justify;\">\n<\/div>\n<div class=\"MsoNormal\">\n<b>S\u0141OWA<br \/>\nEWANGELII WED\u0141UG \u015aW. MATEUSZA:&nbsp;<\/b><\/div>\n<div class=\"MsoNormal\" style=\"text-align: justify; text-indent: 24.75pt;\">\n<b>Jezus<br \/>\npowiedzia\u0142 do swoich uczni\u00f3w: \u201eNikt nie mo\u017ce dwom panom s\u0142u\u017cy\u0107. Bo albo jednego<br \/>\nb\u0119dzie nienawidzi\u0142, a drugiego b\u0119dzie mi\u0142owa\u0142; albo z jednym b\u0119dzie trzyma\u0142, a<br \/>\ndrugim wzgardzi. Nie mo\u017cecie s\u0142u\u017cy\u0107 Bogu i Mamonie.<\/b><b><\/b><\/div>\n<div class=\"MsoNormal\" style=\"text-align: justify; text-indent: 24.75pt;\">\n<b>Dlatego<br \/>\npowiadam wam: Nie troszczcie si\u0119 zbytnio o swoje \u017cycie, o to, co macie je\u015b\u0107 i<br \/>\npi\u0107, ani o swoje cia\u0142o, czym si\u0119 macie przyodzia\u0107. Czy\u017c \u017cycie nie znaczy wi\u0119cej<br \/>\nni\u017c pokarm, a cia\u0142o wi\u0119cej ni\u017c odzienie? Przypatrzcie si\u0119 ptakom w powietrzu:<br \/>\nnie siej\u0105 ani \u017cn\u0105 i nie zbieraj\u0105 do spichrz\u00f3w, a Ojciec wasz niebieski je \u017cywi.<br \/>\nCzy\u017c wy nie jeste\u015bcie wa\u017cniejsi ni\u017c one?&nbsp;<\/b><\/div>\n<div class=\"MsoNormal\" style=\"text-align: justify; text-indent: 24.75pt;\">\n<b>Kto<br \/>\nz was przy ca\u0142ej swej trosce mo\u017ce cho\u0107by jedn\u0105 chwil\u0119 do\u0142o\u017cy\u0107 do wieku swego<br \/>\n\u017cycia?&nbsp;<\/b><\/div>\n<div class=\"MsoNormal\" style=\"text-align: justify; text-indent: 24.75pt;\">\n<b>A<br \/>\no odzienie czemu si\u0119 zbytnio troszczycie? Przypatrzcie si\u0119 liliom na polu, jak<br \/>\nrosn\u0105: nie pracuj\u0105 ani prz\u0119d\u0105. A powiadam wam: nawet Salomon w ca\u0142ym swoim<br \/>\nprzepychu nie by\u0142 tak ubrany jak jedna z nich. Je\u015bli wi\u0119c ziele na polu, kt\u00f3re<br \/>\ndzi\u015b jest, a jutro do pieca b\u0119dzie wrzucone, B\u00f3g tak przyodziewa, to czy\u017c nie o<br \/>\nwiele pewniej was, ma\u0142ej wiary?&nbsp;<\/b><\/div>\n<div class=\"MsoNormal\" style=\"text-align: justify; text-indent: 24.75pt;\">\n<b>Nie<br \/>\ntroszczcie si\u0119 wi\u0119c zbytnio i nie m\u00f3wcie: co b\u0119dziemy je\u015b\u0107? co b\u0119dziemy pi\u0107?<br \/>\nczym b\u0119dziemy si\u0119 przyodziewa\u0107? Bo o to wszystko poganie zabiegaj\u0105. Przecie\u017c<br \/>\nOjciec wasz niebieski wie, \u017ce tego wszystkiego potrzebujecie. Starajcie si\u0119<br \/>\nnaprz\u00f3d o kr\u00f3lestwo Boga i o Jego sprawiedliwo\u015b\u0107, a to wszystko b\u0119dzie wam dodane.<br \/>\nNie troszczcie si\u0119 wi\u0119c zbytnio o jutro, bo jutrzejszy dzie\u0144 sam o siebie<br \/>\ntroszczy\u0107 si\u0119 b\u0119dzie. Dosy\u0107 ma dzie\u0144 swojej biedy\u201d.<\/b><\/div>\n<div class=\"MsoNormal\" style=\"text-align: justify;\">\n<\/div>\n<div class=\"MsoNormal\" style=\"text-align: justify; text-indent: 35.4pt;\">\nKr\u00f3l Joasz, kt\u00f3remu B\u00f3g<br \/>\nokaza\u0142 tak wielkie mi\u0142osierdzie, i\u017c ocali\u0142 go z pogromu i uczyni\u0142 kr\u00f3lem \u2013<br \/>\nw\u0142a\u015bnie ten Joasz <b>odwr\u00f3ci\u0142 si\u0119 od Boga,<\/b><br \/>\npozwoli\u0142 na ponowne rozprzestrzenienie si\u0119 kult\u00f3w poga\u0144skich, a na domiar<br \/>\nwszystkiego <b>zabi\u0142 Zachariasza, syna kap\u0142ana<br \/>\nJojady<\/b> \u2013 tego w\u0142a\u015bnie kap\u0142ana, kt\u00f3ry w imieniu Boga niegdy\u015b czuwa\u0142 nad nim,<br \/>\naby go ocali\u0107 od \u015bmierci, a nast\u0119pnie nama\u015bci\u0142 na kr\u00f3la. Oto teraz <b>kr\u00f3l Joasz syna Jojady skazuje na ukamienowanie.<\/b><\/div>\n<div class=\"MsoNormal\" style=\"text-align: justify; text-indent: 35.4pt;\">\nNic zatem dziwnego, \u017ce Pan<br \/>\ndopuszcza na kr\u00f3la kar\u0119 w postaci <b>najazdu<br \/>\nwojsk nieprzyjacielskich<\/b> \u2013 wcale zreszt\u0105 nie tak licznych, ale bardzo<br \/>\nskutecznych w niszczeniu \u2013 a nast\u0119pnie <b>odbiera<br \/>\n\u017cycie kr\u00f3lowi. <\/b>Tak zatem ten, kt\u00f3remu B\u00f3g da\u0142 tak wiele, kt\u00f3rego \u017cycie<br \/>\nocali\u0142, powo\u0142a\u0142 na kr\u00f3la, obdarzy\u0142 swoim zmi\u0142owaniem \u2013 <b>okaza\u0142 wobec Boga tak straszn\u0105 niewdzi\u0119czno\u015bci\u0105.<\/b> <b>Oto tajemnica ludzkiej nieprawo\u015bci! <\/b><\/div>\n<div class=\"MsoNormal\" style=\"text-align: justify; text-indent: 35.4pt;\">\nMo\u017cna si\u0119 wr\u0119cz zastanowi\u0107<br \/>\n\u2013 jak to jest, \u017ce <b>a\u017c tak cz\u0142owiek mo\u017ce<br \/>\nzlekcewa\u017cy\u0107 mi\u0142osierdzie swego Boga?!<\/b> Ile\u017c musi by\u0107 w nim cynizmu, pychy,<br \/>\nale te\u017c \u2013 jakiego\u015b zagubienia?\u2026 Bo je\u017celi odwraca si\u0119 od Boga, to w kim chce<br \/>\npok\u0142ada\u0107 swoj\u0105 ufno\u015b\u0107? Je\u017celi odwa\u017ca si\u0119 \u2013 m\u00f3wi\u0105c kolokwialnie \u2013 <b>\u201ezadrze\u0107\u201d z Bogiem, to kogo ma pot\u0119\u017cniejszego<br \/>\nod Boga, aby go ratowa\u0142 i prowadzi\u0142?<\/b>\u2026 <\/div>\n<div class=\"MsoNormal\" style=\"text-align: justify; text-indent: 35.4pt;\">\nDlatego mo\u017ce jednak warto<br \/>\nws\u0142ucha\u0107 si\u0119 w s\u0142owa Jezusa, zapisane w dzisiejszej Ewangelii \u2013 <b>i powierzy\u0107 Bogu samych siebie i ca\u0142ych<br \/>\nsiebie bez reszty?<\/b> Zaprawd\u0119 bowiem, nie mo\u017cna s\u0142u\u017cy\u0107 dwom panom: <b>Bogu i Mamonie \u2013 a wi\u0119c Bogu i bo\u017ckom<br \/>\nmaterialnym, przyziemnym, tymczasowym.<\/b> Nie mo\u017cna <b>troch\u0119 ufa\u0107 Bogu, a troch\u0119 komu\u015b lub czemu\u015b innemu!<\/b> <\/div>\n<div class=\"MsoNormal\" style=\"text-align: justify; text-indent: 35.4pt;\">\nOto Jezus wzywa: <b><i>Nie<br \/>\ntroszczcie si\u0119 zbytnio o swoje \u017cycie, o to, co macie je\u015b\u0107 i pi\u0107, ani o swoje<br \/>\ncia\u0142o, czym si\u0119 macie przyodzia\u0107.<\/i><\/b> Czy\u017cby to znaczy\u0142o, \u017ce w og\u00f3le nie<br \/>\nmamy si\u0119 troszczy\u0107 o swoje utrzymanie, o swoje wy\u017cywienie, bo nam ono samo<br \/>\nspadnie z nieba? Nie, tak Jezus nie powiedzia\u0142. Ale powiedzia\u0142: <b><i>Czy\u017c<br \/>\n\u017cycie nie znaczy wi\u0119cej, ni\u017c pokarm, a cia\u0142o wi\u0119cej, ni\u017c odzienie<\/i>?<\/b> No<br \/>\nniestety, wszyscy zapewne znamy wielu takich, dla kt\u00f3rych <b>\u017cycie nie znaczy wi\u0119cej, ni\u017c pokarm<\/b> i to, co maj\u0105 w kieszeni lub na<br \/>\nkoncie, a <b>cia\u0142o nie znaczy wi\u0119cej, ni\u017c<br \/>\nodzienie,<\/b> rozrywka i inne tego typu atrakcje\u2026 <\/div>\n<div class=\"MsoNormal\" style=\"text-align: justify; text-indent: 35.4pt;\">\nZnamy takich i w\u0142a\u015bnie przed<br \/>\ntak\u0105 postaw\u0105 Jezus ostrzega, zadaj\u0105c retoryczne pytanie: <b><i>Kto z was przy ca\u0142ej swej trosce<br \/>\nmo\u017ce cho\u0107by jedn\u0105 chwil\u0119 do\u0142o\u017cy\u0107 do wieku swego \u017cycia<\/i>?<\/b> Ot\u00f3\u017c w\u0142a\u015bnie \u2013 <b>cho\u0107by jedn\u0105 chwil\u0119!<\/b> Dlatego to Jezus<br \/>\nju\u017c tak wprost zach\u0119ca: <b><i>Nie troszczcie si\u0119 zbytnio i nie m\u00f3wcie: co<br \/>\nb\u0119dziemy je\u015b\u0107<\/i>? <i>Co b\u0119dziemy pi\u0107<\/i>? <i>Czym b\u0119dziemy si\u0119 przyodziewa\u0107<\/i>? <i>Bo o to wszystko poganie zabiegaj\u0105. Przecie\u017c<br \/>\nOjciec wasz niebieski wie, \u017ce tego wszystkiego potrzebujecie. Starajcie si\u0119<br \/>\nnaprz\u00f3d o Kr\u00f3lestwo Boga i Jego sprawiedliwo\u015b\u0107, a to wszystko b\u0119dzie wam dodane<\/i>.<br \/>\n<\/b><\/div>\n<div class=\"MsoNormal\" style=\"text-align: justify; text-indent: 35.4pt;\">\nKochani, to jest wezwanie<br \/>\ndo ustawienia w \u017cyciu <b>w\u0142a\u015bciwej<br \/>\nhierarchii warto\u015bci:<\/b> najpierw sprawy duchowe, a nast\u0119pnie \u2013 sprawy<br \/>\nmaterialne, ale w stopniu w\u0142a\u015bciwym i w odpowiedniej kolejno\u015bci! <b>Wszystko jest wa\u017cne i o wszystko trzeba<br \/>\nzadba\u0107,<\/b> <b>ale nie o wszystko z takim<br \/>\nsamym nat\u0119\u017ceniem.<\/b> Naprawd\u0119, trzeba okre\u015bli\u0107 pewien porz\u0105dek, pewn\u0105 kolejno\u015b\u0107,<br \/>\nw kt\u00f3rej <b>pierwsze miejsce zawsze powinno<br \/>\nprzypa\u015b\u0107 Bogu. <\/b><\/div>\n<div class=\"MsoNormal\" style=\"text-align: justify; text-indent: 35.4pt;\">\nOczywi\u015bcie, taka postawa<br \/>\nwymaga <b>wiary i odwagi,<\/b> bo serce<br \/>\ncz\u0142owieka a\u017c wyrywa si\u0119 do tego, aby sobie samemu ze wszystkim poradzi\u0107, gdy\u017c<br \/>\nobawia si\u0119 czego\u015b straci\u0107, czego\u015b wa\u017cnego zaniedba\u0107, z czym\u015b nie zd\u0105\u017cy\u0107\u2026 <b>A jednak, warto zaufa\u0107 Bogu \u2013 i tylko Jemu!<br \/>\nBo je\u017celi nie Jemu \u2013 to komu?<\/b>\u2026<\/div>\n","protected":false},"excerpt":{"rendered":"<p>Szcz\u0119\u015b\u0107 Bo\u017ce! Dzisiaj przede mn\u0105 do\u015b\u0107 pracowity dzie\u0144. Zreszt\u0105 &#8211; jak wiele poprzednich od jakiego\u015b czasu. Dwa \u015bluby, kilka spotka\u0144 i og\u00f3lne czuwanie nad Parafi\u0105, bo Ksi\u0105dz Proboszcz pielgrzymuje do Sanktuari\u00f3w Podlasia: Kodnia, Pratulina i Kostom\u0142ot\u00f3w &#8211; z dzie\u0107mi komunijnymi. Niech Pan przymno\u017cy swych \u0142ask, aby to pielgrzymowanie przyczyni\u0142o si\u0119 do odnowy ducha w Parafii [&hellip;]<\/p>\n","protected":false},"author":1,"featured_media":0,"comment_status":"open","ping_status":"open","sticky":false,"template":"","format":"standard","meta":{"jetpack_post_was_ever_published":false,"_jetpack_newsletter_access":"","_jetpack_dont_email_post_to_subs":false,"_jetpack_newsletter_tier_id":0,"_jetpack_memberships_contains_paywalled_content":false,"_jetpack_memberships_contains_paid_content":false,"footnotes":""},"categories":[1],"tags":[],"class_list":["post-9450","post","type-post","status-publish","format-standard","hentry","category-bez-kategorii"],"yoast_head":"<!-- This site is optimized with the Yoast SEO plugin v25.1 - https:\/\/yoast.com\/wordpress\/plugins\/seo\/ -->\n<title>Je\u017celi nie ufa\u0107 Bogu - to komu?... - Gaudium Et Spes<\/title>\n<meta name=\"robots\" content=\"index, follow, max-snippet:-1, max-image-preview:large, max-video-preview:-1\" \/>\n<link rel=\"canonical\" href=\"https:\/\/gaudiumetspes-blog.pl\/index.php\/2012\/06\/23\/jezeli-nie-ufac-bogu-to-komu\/\" \/>\n<meta property=\"og:locale\" content=\"pl_PL\" \/>\n<meta property=\"og:type\" content=\"article\" \/>\n<meta property=\"og:title\" content=\"Je\u017celi nie ufa\u0107 Bogu - to komu?... - Gaudium Et Spes\" \/>\n<meta property=\"og:description\" content=\"Szcz\u0119\u015b\u0107 Bo\u017ce! Dzisiaj przede mn\u0105 do\u015b\u0107 pracowity dzie\u0144. Zreszt\u0105 &#8211; jak wiele poprzednich od jakiego\u015b czasu. Dwa \u015bluby, kilka spotka\u0144 i og\u00f3lne czuwanie nad Parafi\u0105, bo Ksi\u0105dz Proboszcz pielgrzymuje do Sanktuari\u00f3w Podlasia: Kodnia, Pratulina i Kostom\u0142ot\u00f3w &#8211; z dzie\u0107mi komunijnymi. Niech Pan przymno\u017cy swych \u0142ask, aby to pielgrzymowanie przyczyni\u0142o si\u0119 do odnowy ducha w Parafii [&hellip;]\" \/>\n<meta property=\"og:url\" content=\"https:\/\/gaudiumetspes-blog.pl\/index.php\/2012\/06\/23\/jezeli-nie-ufac-bogu-to-komu\/\" \/>\n<meta property=\"og:site_name\" content=\"Gaudium Et Spes\" \/>\n<meta property=\"article:published_time\" content=\"2012-06-23T03:02:00+00:00\" \/>\n<meta property=\"article:modified_time\" content=\"2019-07-31T10:53:20+00:00\" \/>\n<meta name=\"author\" content=\"Ks. Jacek\" \/>\n<meta name=\"twitter:card\" content=\"summary_large_image\" \/>\n<meta name=\"twitter:label1\" content=\"Napisane przez\" \/>\n\t<meta name=\"twitter:data1\" content=\"Ks. Jacek\" \/>\n\t<meta name=\"twitter:label2\" content=\"Szacowany czas czytania\" \/>\n\t<meta name=\"twitter:data2\" content=\"7 minut\" \/>\n<script type=\"application\/ld+json\" class=\"yoast-schema-graph\">{\"@context\":\"https:\/\/schema.org\",\"@graph\":[{\"@type\":\"WebPage\",\"@id\":\"https:\/\/gaudiumetspes-blog.pl\/index.php\/2012\/06\/23\/jezeli-nie-ufac-bogu-to-komu\/\",\"url\":\"https:\/\/gaudiumetspes-blog.pl\/index.php\/2012\/06\/23\/jezeli-nie-ufac-bogu-to-komu\/\",\"name\":\"Je\u017celi nie ufa\u0107 Bogu - to komu?... - Gaudium Et Spes\",\"isPartOf\":{\"@id\":\"https:\/\/gaudiumetspes-blog.pl\/#website\"},\"datePublished\":\"2012-06-23T03:02:00+00:00\",\"dateModified\":\"2019-07-31T10:53:20+00:00\",\"author\":{\"@id\":\"https:\/\/gaudiumetspes-blog.pl\/#\/schema\/person\/1661982992b752dea8dff0d4ed845a65\"},\"breadcrumb\":{\"@id\":\"https:\/\/gaudiumetspes-blog.pl\/index.php\/2012\/06\/23\/jezeli-nie-ufac-bogu-to-komu\/#breadcrumb\"},\"inLanguage\":\"pl-PL\",\"potentialAction\":[{\"@type\":\"ReadAction\",\"target\":[\"https:\/\/gaudiumetspes-blog.pl\/index.php\/2012\/06\/23\/jezeli-nie-ufac-bogu-to-komu\/\"]}]},{\"@type\":\"BreadcrumbList\",\"@id\":\"https:\/\/gaudiumetspes-blog.pl\/index.php\/2012\/06\/23\/jezeli-nie-ufac-bogu-to-komu\/#breadcrumb\",\"itemListElement\":[{\"@type\":\"ListItem\",\"position\":1,\"name\":\"Strona g\u0142\u00f3wna\",\"item\":\"https:\/\/gaudiumetspes-blog.pl\/\"},{\"@type\":\"ListItem\",\"position\":2,\"name\":\"Je\u017celi nie&nbsp;ufa\u0107 Bogu &#8211; to&nbsp;komu?&#8230;\"}]},{\"@type\":\"WebSite\",\"@id\":\"https:\/\/gaudiumetspes-blog.pl\/#website\",\"url\":\"https:\/\/gaudiumetspes-blog.pl\/\",\"name\":\"Gaudium Et Spes\",\"description\":\"Blog Ks. Jacka Ja\u015bkowskiego\",\"potentialAction\":[{\"@type\":\"SearchAction\",\"target\":{\"@type\":\"EntryPoint\",\"urlTemplate\":\"https:\/\/gaudiumetspes-blog.pl\/?s={search_term_string}\"},\"query-input\":{\"@type\":\"PropertyValueSpecification\",\"valueRequired\":true,\"valueName\":\"search_term_string\"}}],\"inLanguage\":\"pl-PL\"},{\"@type\":\"Person\",\"@id\":\"https:\/\/gaudiumetspes-blog.pl\/#\/schema\/person\/1661982992b752dea8dff0d4ed845a65\",\"name\":\"Ks. Jacek\",\"image\":{\"@type\":\"ImageObject\",\"inLanguage\":\"pl-PL\",\"@id\":\"https:\/\/gaudiumetspes-blog.pl\/#\/schema\/person\/image\/\",\"url\":\"https:\/\/gaudiumetspes-blog.pl\/wp-content\/uploads\/2019\/07\/avatar-JJ-150x150.jpg\",\"contentUrl\":\"https:\/\/gaudiumetspes-blog.pl\/wp-content\/uploads\/2019\/07\/avatar-JJ-150x150.jpg\",\"caption\":\"Ks. Jacek\"},\"description\":\"Witam serdecznie! K\u0142ania si\u0119 Ks. Jacek Ja\u015bkowski. Nie jestem ani kim\u015b wa\u017cnym, ani kim\u015b znanym. Jestem ksi\u0119dzem, kt\u00f3ry po prostu chce rozmawia\u0107. Codzienna kap\u0142a\u0144ska pos\u0142uga pokazuje mi, \u017ce temat\u00f3w do rozm\u00f3w z ksi\u0119dzem jest coraz wi\u0119cej i dzisiaj \u017caden ksi\u0105dz nie mo\u017ce od nich ucieka\u0107, ale - wprost przeciwnie - podejmowa\u0107 nowe wyzwania. To przekonanie sk\u0142oni\u0142o mnie do pr\u00f3by otwarcia tego\u017c bloga, chocia\u017c okazji do rozm\u00f3w na co dzie\u0144 - w konfesjonale i poza nim - na szcz\u0119\u015bcie nie brakuje. My\u015bl\u0119 jednak, \u017ce ten blog b\u0119dzie jeszcze jednym sposobem i przestrzeni\u0105 nawi\u0105zania kontaktu z lud\u017ami dobrej woli, otwartymi na dialog.\",\"url\":\"https:\/\/gaudiumetspes-blog.pl\/index.php\/author\/ks-jacek\/\"}]}<\/script>\n<!-- \/ Yoast SEO plugin. -->","yoast_head_json":{"title":"Je\u017celi nie ufa\u0107 Bogu - to komu?... - Gaudium Et Spes","robots":{"index":"index","follow":"follow","max-snippet":"max-snippet:-1","max-image-preview":"max-image-preview:large","max-video-preview":"max-video-preview:-1"},"canonical":"https:\/\/gaudiumetspes-blog.pl\/index.php\/2012\/06\/23\/jezeli-nie-ufac-bogu-to-komu\/","og_locale":"pl_PL","og_type":"article","og_title":"Je\u017celi nie ufa\u0107 Bogu - to komu?... - Gaudium Et Spes","og_description":"Szcz\u0119\u015b\u0107 Bo\u017ce! Dzisiaj przede mn\u0105 do\u015b\u0107 pracowity dzie\u0144. Zreszt\u0105 &#8211; jak wiele poprzednich od jakiego\u015b czasu. Dwa \u015bluby, kilka spotka\u0144 i og\u00f3lne czuwanie nad Parafi\u0105, bo Ksi\u0105dz Proboszcz pielgrzymuje do Sanktuari\u00f3w Podlasia: Kodnia, Pratulina i Kostom\u0142ot\u00f3w &#8211; z dzie\u0107mi komunijnymi. Niech Pan przymno\u017cy swych \u0142ask, aby to pielgrzymowanie przyczyni\u0142o si\u0119 do odnowy ducha w Parafii [&hellip;]","og_url":"https:\/\/gaudiumetspes-blog.pl\/index.php\/2012\/06\/23\/jezeli-nie-ufac-bogu-to-komu\/","og_site_name":"Gaudium Et Spes","article_published_time":"2012-06-23T03:02:00+00:00","article_modified_time":"2019-07-31T10:53:20+00:00","author":"Ks. Jacek","twitter_card":"summary_large_image","twitter_misc":{"Napisane przez":"Ks. Jacek","Szacowany czas czytania":"7 minut"},"schema":{"@context":"https:\/\/schema.org","@graph":[{"@type":"WebPage","@id":"https:\/\/gaudiumetspes-blog.pl\/index.php\/2012\/06\/23\/jezeli-nie-ufac-bogu-to-komu\/","url":"https:\/\/gaudiumetspes-blog.pl\/index.php\/2012\/06\/23\/jezeli-nie-ufac-bogu-to-komu\/","name":"Je\u017celi nie ufa\u0107 Bogu - to komu?... - Gaudium Et Spes","isPartOf":{"@id":"https:\/\/gaudiumetspes-blog.pl\/#website"},"datePublished":"2012-06-23T03:02:00+00:00","dateModified":"2019-07-31T10:53:20+00:00","author":{"@id":"https:\/\/gaudiumetspes-blog.pl\/#\/schema\/person\/1661982992b752dea8dff0d4ed845a65"},"breadcrumb":{"@id":"https:\/\/gaudiumetspes-blog.pl\/index.php\/2012\/06\/23\/jezeli-nie-ufac-bogu-to-komu\/#breadcrumb"},"inLanguage":"pl-PL","potentialAction":[{"@type":"ReadAction","target":["https:\/\/gaudiumetspes-blog.pl\/index.php\/2012\/06\/23\/jezeli-nie-ufac-bogu-to-komu\/"]}]},{"@type":"BreadcrumbList","@id":"https:\/\/gaudiumetspes-blog.pl\/index.php\/2012\/06\/23\/jezeli-nie-ufac-bogu-to-komu\/#breadcrumb","itemListElement":[{"@type":"ListItem","position":1,"name":"Strona g\u0142\u00f3wna","item":"https:\/\/gaudiumetspes-blog.pl\/"},{"@type":"ListItem","position":2,"name":"Je\u017celi nie&nbsp;ufa\u0107 Bogu &#8211; to&nbsp;komu?&#8230;"}]},{"@type":"WebSite","@id":"https:\/\/gaudiumetspes-blog.pl\/#website","url":"https:\/\/gaudiumetspes-blog.pl\/","name":"Gaudium Et Spes","description":"Blog Ks. Jacka Ja\u015bkowskiego","potentialAction":[{"@type":"SearchAction","target":{"@type":"EntryPoint","urlTemplate":"https:\/\/gaudiumetspes-blog.pl\/?s={search_term_string}"},"query-input":{"@type":"PropertyValueSpecification","valueRequired":true,"valueName":"search_term_string"}}],"inLanguage":"pl-PL"},{"@type":"Person","@id":"https:\/\/gaudiumetspes-blog.pl\/#\/schema\/person\/1661982992b752dea8dff0d4ed845a65","name":"Ks. Jacek","image":{"@type":"ImageObject","inLanguage":"pl-PL","@id":"https:\/\/gaudiumetspes-blog.pl\/#\/schema\/person\/image\/","url":"https:\/\/gaudiumetspes-blog.pl\/wp-content\/uploads\/2019\/07\/avatar-JJ-150x150.jpg","contentUrl":"https:\/\/gaudiumetspes-blog.pl\/wp-content\/uploads\/2019\/07\/avatar-JJ-150x150.jpg","caption":"Ks. Jacek"},"description":"Witam serdecznie! K\u0142ania si\u0119 Ks. Jacek Ja\u015bkowski. Nie jestem ani kim\u015b wa\u017cnym, ani kim\u015b znanym. Jestem ksi\u0119dzem, kt\u00f3ry po prostu chce rozmawia\u0107. Codzienna kap\u0142a\u0144ska pos\u0142uga pokazuje mi, \u017ce temat\u00f3w do rozm\u00f3w z ksi\u0119dzem jest coraz wi\u0119cej i dzisiaj \u017caden ksi\u0105dz nie mo\u017ce od nich ucieka\u0107, ale - wprost przeciwnie - podejmowa\u0107 nowe wyzwania. To przekonanie sk\u0142oni\u0142o mnie do pr\u00f3by otwarcia tego\u017c bloga, chocia\u017c okazji do rozm\u00f3w na co dzie\u0144 - w konfesjonale i poza nim - na szcz\u0119\u015bcie nie brakuje. My\u015bl\u0119 jednak, \u017ce ten blog b\u0119dzie jeszcze jednym sposobem i przestrzeni\u0105 nawi\u0105zania kontaktu z lud\u017ami dobrej woli, otwartymi na dialog.","url":"https:\/\/gaudiumetspes-blog.pl\/index.php\/author\/ks-jacek\/"}]}},"jetpack_featured_media_url":"","jetpack_sharing_enabled":true,"_links":{"self":[{"href":"https:\/\/gaudiumetspes-blog.pl\/index.php\/wp-json\/wp\/v2\/posts\/9450","targetHints":{"allow":["GET"]}}],"collection":[{"href":"https:\/\/gaudiumetspes-blog.pl\/index.php\/wp-json\/wp\/v2\/posts"}],"about":[{"href":"https:\/\/gaudiumetspes-blog.pl\/index.php\/wp-json\/wp\/v2\/types\/post"}],"author":[{"embeddable":true,"href":"https:\/\/gaudiumetspes-blog.pl\/index.php\/wp-json\/wp\/v2\/users\/1"}],"replies":[{"embeddable":true,"href":"https:\/\/gaudiumetspes-blog.pl\/index.php\/wp-json\/wp\/v2\/comments?post=9450"}],"version-history":[{"count":1,"href":"https:\/\/gaudiumetspes-blog.pl\/index.php\/wp-json\/wp\/v2\/posts\/9450\/revisions"}],"predecessor-version":[{"id":10633,"href":"https:\/\/gaudiumetspes-blog.pl\/index.php\/wp-json\/wp\/v2\/posts\/9450\/revisions\/10633"}],"wp:attachment":[{"href":"https:\/\/gaudiumetspes-blog.pl\/index.php\/wp-json\/wp\/v2\/media?parent=9450"}],"wp:term":[{"taxonomy":"category","embeddable":true,"href":"https:\/\/gaudiumetspes-blog.pl\/index.php\/wp-json\/wp\/v2\/categories?post=9450"},{"taxonomy":"post_tag","embeddable":true,"href":"https:\/\/gaudiumetspes-blog.pl\/index.php\/wp-json\/wp\/v2\/tags?post=9450"}],"curies":[{"name":"wp","href":"https:\/\/api.w.org\/{rel}","templated":true}]}}