{"id":9523,"date":"2012-04-11T06:33:00","date_gmt":"2012-04-11T04:33:00","guid":{"rendered":"https:\/\/gaudiumetspes-blog.pl\/index.php\/2012\/04\/11\/miejmy-czas-osobiscie-spotkac\/"},"modified":"2019-07-31T12:53:09","modified_gmt":"2019-07-31T10:53:09","slug":"miejmy-czas-osobiscie-spotkac","status":"publish","type":"post","link":"https:\/\/gaudiumetspes-blog.pl\/index.php\/2012\/04\/11\/miejmy-czas-osobiscie-spotkac\/","title":{"rendered":"Miejmy czas osobi\u015bcie spotka\u0107 Zmartwychwsta\u0142ego!"},"content":{"rendered":"<p><\/p>\n<div class=\"MsoNormal\" style=\"text-align: justify;\">\nSzcz\u0119\u015b\u0107 Bo\u017ce! Moi Drodzy, polecam s\u0142\u00f3wko z Syberii, zapraszaj\u0105c jednocze\u015bnie do g\u0142\u0119bokiego zastanowienia si\u0119 nad tym, co Ksi\u0105dz Marek dzisiaj nam napisa\u0142. Rzeczywi\u015bcie, kilka bardzo mocnych i na sw\u00f3j spos\u00f3b odkrywczych stwierdze\u0144.&nbsp;<\/div>\n<div class=\"MsoNormal\" style=\"text-align: justify;\">\n&nbsp; &nbsp; &nbsp;A przy okazji &#8211; dzi\u0119kuj\u0119 za Wasze pisanie przez ca\u0142y Wielki Tydzie\u0144 i Triduum. Dopiero wczoraj mia\u0142em czas, aby wszystko spokojnie &nbsp;przeczyta\u0107, przemy\u015ble\u0107 i co\u015b odpisa\u0107. Znalaz\u0142em tyle bardzo ciekawych tre\u015bci!<\/div>\n<div class=\"MsoNormal\" style=\"text-align: justify;\">\n&nbsp; &nbsp; &nbsp; &nbsp;Zapraszam wci\u0105\u017c do zagl\u0105dania do Wielkiej Ksi\u0119gi Intencji. Wczoraj dopisa\u0142em tam now\u0105. Otaczajmy sta\u0142\u0105 modlitw\u0105 te osoby i sprawy, kt\u00f3re tam s\u0105 wymienione!<\/div>\n<div class=\"MsoNormal\" style=\"text-align: justify;\">\n&nbsp; &nbsp; &nbsp; &nbsp; &nbsp;Gaudium et spes! &nbsp;Ks. Jacek<\/div>\n<div class=\"MsoNormal\" style=\"text-align: justify;\">\n<\/div>\n<div class=\"MsoNormal\" style=\"text-align: justify;\">\n\u0425\u0440\u0438\u0441\u0442\u043e\u0441 \u0412\u043e\u0441\u043a\u0440\u0435\u0441!<\/div>\n<div class=\"MsoNormal\" style=\"text-align: justify;\">\nKilka dni mnie ju\u017c tu nie by\u0142o.<br \/>\nDzi\u0119kuj\u0119 za wielkoczwartkow\u0105 modlitw\u0119 i \u017cyczliwo\u015b\u0107 i \u015bwi\u0105teczn\u0105 pami\u0119\u0107.<br \/>\nWszystkim te\u017c \u017cycz\u0119 obfito\u015bci \u0142ask od Zmartwychwsta\u0142ego. <\/div>\n<div class=\"MsoNormal\" style=\"text-align: justify;\">\nCo tam dzi\u015b w s\u0142owie\u2026<\/div>\n<div class=\"MsoNormal\" style=\"text-align: justify;\">\nPrzepi\u0119kny opis, ja przynajmniej<br \/>\nbardzo go lubi\u0119 \u2013 droga do Emaus.<\/div>\n<div class=\"MsoNormal\" style=\"text-align: justify;\">\nNajpi\u0119kniejszy komentarz, jaki<br \/>\nczyta\u0142em do tego fragmentu Ewangelii, kt\u00f3ry bardzo polecam i zach\u0119cam do jego<br \/>\nlektury, nawet dzi\u015b, to List Apostolski Jana Paw\u0142a II na Rok Eucharystii \u2013 Mane<br \/>\nNobiscum Domine (Zosta\u0144 z nami Panie).<\/div>\n<div class=\"MsoNormal\" style=\"text-align: justify;\">\nA p\u00f3ki co m\u00f3j komentarz.<\/div>\n<div class=\"MsoNormal\" style=\"text-align: justify;\">\nTen fragment jest bardzo bogaty,<br \/>\nnie tylko w wydarzenia, ale i w symbolik\u0119. Sp\u00f3jrzmy na kilka spraw tam<br \/>\nukrytych. Uczniowie id\u0105 do Emaus. Sk\u0105d id\u0105? Id\u0105 z Jerozolimy. Co to znaczy?<br \/>\nWierz\u0105cy cz\u0142owiek, zawsze pielgrzymowa\u0142 do Jerozolimy. Sp\u00f3jrzmy np. na psalm 54<br \/>\n\u2013 \u201eJak\u017ce mo\u017cemy \u015bpiewa\u0107 pie\u015b\u0144 Pa\u0144sk\u0105 w obcej krainie? Jeruzalem, je\u015bli zapomn\u0119<br \/>\no tobie, niech uschnie moja prawica\u201d.<\/div>\n<div class=\"MsoNormal\" style=\"text-align: justify;\">\nOni szli z Jerozolimy, to znak<br \/>\nsmutku, utraconej nadziei, co wyra\u017c\u0105 w drodze s\u0142owami \u2013 a my\u015bmy si\u0119<br \/>\nspodziewali\u2026 <\/div>\n<div class=\"MsoNormal\" style=\"text-align: justify;\">\nOczy pe\u0142ne \u0142ez, bezsensu, nie<br \/>\nrozpoznaj\u0105 Jezusa. Jaki\u015b W\u0119drowiec si\u0119 do\u0142\u0105czy\u0142\u2026 Jak mogli nie pozna\u0107 Mistrza?<br \/>\nMogli. Oni przede wszystkim si\u0119 Go nie spodziewali. To tak jakbym ja<br \/>\nprzechadza\u0142 si\u0119 po Tomsku i zobaczy\u0142 kogo\u015b z Was, zw\u0142aszcza kto si\u0119 troch\u0119<br \/>\nzmieni\u0142, ale w \u017cyciu, ja si\u0119 go tu nie spodziewam, jego nie mo\u017ce tutaj, teraz<br \/>\nby\u0107. Nawet jak zobacz\u0119, pomy\u015bl\u0119: o, jaki podobny cz\u0142owiek do\u2026 <\/div>\n<div class=\"MsoNormal\" style=\"text-align: justify;\">\nOni Go nie poznali, ale Go<br \/>\ns\u0142uchali, rozmawiali z Nim, i serce ich pa\u0142a\u0142o. Oni s\u0142uchali s\u0142\u00f3w Jezusa, oni<br \/>\ns\u0142uchali s\u0142owa Bo\u017cego. To im dawa\u0142o coraz wi\u0119cej nadziei, sensu \u017cycia, tak<br \/>\ndzia\u0142a s\u0142owo Bo\u017ce.<\/div>\n<div class=\"MsoNormal\" style=\"text-align: justify;\">\n\u201eA my\u015bmy si\u0119 spodziewali, \u017ce w\u0142a\u015bnie<br \/>\nOn mia\u0142 wybawi\u0107 Izraela\u201d. &nbsp;Wci\u0105\u017c w nich<br \/>\npokutowa\u0142o to nieprawid\u0142owe postrzeganie Mesjasza, jako \u015bwieckiego, militarnego<br \/>\nwyzwoliciela, wybawc\u0119. Oni wci\u0105\u017c nie mog\u0105 wej\u015b\u0107 na poziom ducha.<\/div>\n<div class=\"MsoNormal\" style=\"text-align: justify;\">\nWreszcie zatrzymuj\u0105 zm\u0119czonego<br \/>\nW\u0119drowca. On chce i\u015b\u0107 dalej, ale mu nie pozwalaj\u0105, poniewa\u017c jest p\u00f3\u017ano \u201eZosta\u0144<br \/>\nz nami, gdy\u017c ma si\u0119 ku wieczorowi i dzie\u0144 si\u0119 nachyli\u0142\u201d. By\u0142o p\u00f3\u017ano, by\u0142o<br \/>\nniebezpiecznie, szkoda im si\u0119 zrobi\u0142o, tego w\u0119drowca\u2026 Ju\u017c si\u0119 z Nim zapoznali,<br \/>\nwzbudza\u0142 zaufanie, zatrzymali si\u0119, zaprosili Go na noc. <\/div>\n<div class=\"MsoNormal\" style=\"text-align: justify;\">\nSiadaj\u0105 za sto\u0142em\u2026 wzi\u0105\u0142 chleb,<br \/>\nodm\u00f3wi\u0142 b\u0142ogos\u0142awie\u0144stwo, po\u0142ama\u0142 go i dawa\u0142 im. Sk\u0105d my znamy te s\u0142owa? On<br \/>\nzrobi\u0142 to, co zrobi\u0142 w Wielki Czwartek w Wieczerniku, wzi\u0105\u0142 chleb, odm\u00f3wi\u0142<br \/>\nb\u0142ogos\u0142awie\u0144stwo, po\u0142ama\u0142 go i dawa\u0142 im. <\/div>\n<div class=\"MsoNormal\" style=\"text-align: justify;\">\nI wtedy Go poznali, poznali Go po<br \/>\n\u0142amaniu chleba, a On znikn\u0105\u0142 im z oczu \u2013 zostawi\u0142 ich z chlebem. Zostawi\u0142 im<br \/>\nchleb, a sam znikn\u0105\u0142. I tak jest do dzi\u015b. Jezusa rozpoznajemy po \u0142amaniu<br \/>\nchleba, przy \u0142amaniu Chleba. Jego nie widzimy, On znikn\u0105\u0142 nam z oczu, ale zostawi\u0142<br \/>\nchleb, po kt\u00f3rym i w kt\u00f3rym Go poznajemy. <\/div>\n<div class=\"MsoNormal\" style=\"text-align: justify;\">\nI co si\u0119 dzieje potem? Oni w tej<br \/>\nsamej godzinie wybrali si\u0119 i wr\u00f3cili do Jerozolimy.<\/div>\n<div class=\"MsoNormal\" style=\"text-align: justify;\">\nSp\u00f3jrzmy, najpierw m\u00f3wili Jemu:<br \/>\n\u201eZosta\u0144 z nami, gdy\u017c ma si\u0119 ku wieczorowi i dzie\u0144 si\u0119 nachyli\u0142\u201d, a teraz,<br \/>\njeszcze p\u00f3\u017aniej, to wszystko te\u017c troch\u0119 trwa\u0142o \u2013 w tej samej godzinie wybrali<br \/>\nsi\u0119 i wr\u00f3cili do Jerozolimy. Niewa\u017cna by\u0142a pora.<\/div>\n<div class=\"MsoNormal\" style=\"text-align: justify;\">\nWtedy w bezsensie i beznadziei<br \/>\nwychodzili ze \u015bwi\u0119tego miasta, teraz w rado\u015bci wracaj\u0105 do niego. Znale\u017ali nowy<br \/>\nsens, nowe si\u0142y, nowy entuzjazm. Wr\u00f3cili tak\u017ce do wsp\u00f3lnoty, mo\u017cemy powiedzie\u0107<br \/>\ndo Ko\u015bcio\u0142a. <\/div>\n<div class=\"MsoNormal\" style=\"text-align: justify;\">\nI jeszcze jedno. Proponuj\u0119<br \/>\npopatrze\u0107 na wczorajsz\u0105 Ewangeli\u0119, ale w Pi\u015bmie \u015awi\u0119tym nie w Oremusie, czy Lekcjonarzu.<br \/>\nTam wczorajsza Ewangelia zaczyna si\u0119 od s\u0142\u00f3w \u2013 \u201eMaria Magdalena sta\u0142a przed<br \/>\ngrobem p\u0142acz\u0105c\u201d. A je\u015bli przeczytamy to co by\u0142o wcze\u015bniej \u2013 Ewangelia z<br \/>\nniedzieli, jak Piotr i Jan biegn\u0105 do grobu i 10 werset, o kt\u00f3rym wszyscy<br \/>\nzapomnieli \u2013 \u201eUczniowie wr\u00f3cili znowu do siebie\u201d. I 11 werset w Biblii \u2013 \u201eMaria<br \/>\nMagdalena natomiast sta\u0142a przed grobem p\u0142acz\u0105c\u201d. Oni \u2013 Aposto\u0142owie, nawet i<br \/>\nuwierzyli, ale wr\u00f3cili. Ona sta\u0142a i adorowa\u0142a ten pusty gr\u00f3b, ona si\u0119<br \/>\nzatrzyma\u0142a, ona zagl\u0105da\u0142a do grobu, mia\u0142a czas. I ona spotka\u0142a Jezusa,<br \/>\nrozmawia\u0142a z Nim, rozpozna\u0142a go. Uczniowie uwierzyli, przynajmniej Jan o sobie<br \/>\ntak pisze (ujrza\u0142 i uwierzy\u0142), ale nie spotkali, wr\u00f3cili do siebie. <\/div>\n<div class=\"MsoNormal\" style=\"text-align: justify;\">\nDzisiejsi uczniowie, dop\u00f3ki byli w<br \/>\ndrodze, zaj\u0119ci swoj\u0105 drog\u0105, w ruchu, w biegu, nie rozpoznali Jezusa, cho\u0107 Jezus<br \/>\nby\u0142 tak blisko, by\u0142 z nimi. Jak si\u0119 zatrzymali, siedli z Nim za st\u00f3\u0142,<br \/>\npopatrzyli w oczy, uspokoili si\u0119, wtedy Go rozpoznali, wtedy naprawd\u0119 si\u0119 z Nim<br \/>\nspotkali. <\/div>\n<div class=\"MsoNormal\" style=\"text-align: justify;\">\nKochani, by\u0142y adoracje, w Triduum,<br \/>\nu nas w Tomsku nawet 40 godzinna adoracja, od czwartku wieczorem do Wigilii<br \/>\nPaschalnej. Dwie noce ludzie przychodzili, byli, adorowali. A kiedy Jezus<br \/>\nzmartwychwsta\u0142\u2026 Oczywi\u015bcie to pi\u0119kne i wa\u017cne, \u017ceby w Triduum adorowa\u0107, ale nam<br \/>\njeszcze bardziej trzeba adorowa\u0107 Zmartwychwstanie i \u017bycie, a nie tylko \u015bmier\u0107.<br \/>\nNam trzeba spotka\u0107 Zmartwychwsta\u0142ego. <\/div>\n<div class=\"MsoNormal\" style=\"text-align: justify;\">\nMaria Magdalena p\u0142aka\u0142a, ca\u0142a by\u0142a<br \/>\nzalana \u0142zami, smutna, rozgoryczona, kiedy spotka\u0142a Jezusa, kiedy On<br \/>\nwypowiedzia\u0142 jej imi\u0119, ona z rado\u015bci\u0105 i entuzjazmem pobieg\u0142a do uczni\u00f3w. Ona<br \/>\notrzyma\u0142a nowe \u017cycie, now\u0105 nadziej\u0119. Aposto\u0142owie, kt\u00f3rzy szli do Emaus,<br \/>\npogr\u0105\u017ceni w smutku, zm\u0119czeni drog\u0105, po spotkaniu z Jezusem zmartwychwsta\u0142ym i<br \/>\n\u017cyj\u0105cym, otrzymali nowe si\u0142y, now\u0105 nadziej\u0119, nowe \u017cycie. <\/div>\n<div class=\"MsoNormal\" style=\"text-align: justify;\">\nMiejmy czas, tak osobi\u015bcie, na<br \/>\nspokojnie, spotka\u0107 Zmartwychwsta\u0142ego, a wtedy i my\u2026<\/div>\n","protected":false},"excerpt":{"rendered":"<p>Szcz\u0119\u015b\u0107 Bo\u017ce! Moi Drodzy, polecam s\u0142\u00f3wko z Syberii, zapraszaj\u0105c jednocze\u015bnie do g\u0142\u0119bokiego zastanowienia si\u0119 nad tym, co Ksi\u0105dz Marek dzisiaj nam napisa\u0142. Rzeczywi\u015bcie, kilka bardzo mocnych i na sw\u00f3j spos\u00f3b odkrywczych stwierdze\u0144.&nbsp; &nbsp; &nbsp; &nbsp;A przy okazji &#8211; dzi\u0119kuj\u0119 za Wasze pisanie przez ca\u0142y Wielki Tydzie\u0144 i Triduum. Dopiero wczoraj mia\u0142em czas, aby wszystko spokojnie [&hellip;]<\/p>\n","protected":false},"author":1,"featured_media":0,"comment_status":"open","ping_status":"open","sticky":false,"template":"","format":"standard","meta":{"jetpack_post_was_ever_published":false,"_jetpack_newsletter_access":"","_jetpack_dont_email_post_to_subs":false,"_jetpack_newsletter_tier_id":0,"_jetpack_memberships_contains_paywalled_content":false,"_jetpack_memberships_contains_paid_content":false,"footnotes":""},"categories":[1],"tags":[],"class_list":["post-9523","post","type-post","status-publish","format-standard","hentry","category-bez-kategorii"],"yoast_head":"<!-- This site is optimized with the Yoast SEO plugin v25.1 - https:\/\/yoast.com\/wordpress\/plugins\/seo\/ -->\n<title>Miejmy czas osobi\u015bcie spotka\u0107 Zmartwychwsta\u0142ego! - Gaudium Et Spes<\/title>\n<meta name=\"robots\" content=\"index, follow, max-snippet:-1, max-image-preview:large, max-video-preview:-1\" \/>\n<link rel=\"canonical\" href=\"https:\/\/gaudiumetspes-blog.pl\/index.php\/2012\/04\/11\/miejmy-czas-osobiscie-spotkac\/\" \/>\n<meta property=\"og:locale\" content=\"pl_PL\" \/>\n<meta property=\"og:type\" content=\"article\" \/>\n<meta property=\"og:title\" content=\"Miejmy czas osobi\u015bcie spotka\u0107 Zmartwychwsta\u0142ego! - Gaudium Et Spes\" \/>\n<meta property=\"og:description\" content=\"Szcz\u0119\u015b\u0107 Bo\u017ce! Moi Drodzy, polecam s\u0142\u00f3wko z Syberii, zapraszaj\u0105c jednocze\u015bnie do g\u0142\u0119bokiego zastanowienia si\u0119 nad tym, co Ksi\u0105dz Marek dzisiaj nam napisa\u0142. Rzeczywi\u015bcie, kilka bardzo mocnych i na sw\u00f3j spos\u00f3b odkrywczych stwierdze\u0144.&nbsp; &nbsp; &nbsp; &nbsp;A przy okazji &#8211; dzi\u0119kuj\u0119 za Wasze pisanie przez ca\u0142y Wielki Tydzie\u0144 i Triduum. Dopiero wczoraj mia\u0142em czas, aby wszystko spokojnie [&hellip;]\" \/>\n<meta property=\"og:url\" content=\"https:\/\/gaudiumetspes-blog.pl\/index.php\/2012\/04\/11\/miejmy-czas-osobiscie-spotkac\/\" \/>\n<meta property=\"og:site_name\" content=\"Gaudium Et Spes\" \/>\n<meta property=\"article:published_time\" content=\"2012-04-11T04:33:00+00:00\" \/>\n<meta property=\"article:modified_time\" content=\"2019-07-31T10:53:09+00:00\" \/>\n<meta name=\"author\" content=\"Ks. Jacek\" \/>\n<meta name=\"twitter:card\" content=\"summary_large_image\" \/>\n<meta name=\"twitter:label1\" content=\"Napisane przez\" \/>\n\t<meta name=\"twitter:data1\" content=\"Ks. Jacek\" \/>\n\t<meta name=\"twitter:label2\" content=\"Szacowany czas czytania\" \/>\n\t<meta name=\"twitter:data2\" content=\"5 minut\" \/>\n<script type=\"application\/ld+json\" class=\"yoast-schema-graph\">{\"@context\":\"https:\/\/schema.org\",\"@graph\":[{\"@type\":\"WebPage\",\"@id\":\"https:\/\/gaudiumetspes-blog.pl\/index.php\/2012\/04\/11\/miejmy-czas-osobiscie-spotkac\/\",\"url\":\"https:\/\/gaudiumetspes-blog.pl\/index.php\/2012\/04\/11\/miejmy-czas-osobiscie-spotkac\/\",\"name\":\"Miejmy czas osobi\u015bcie spotka\u0107 Zmartwychwsta\u0142ego! - Gaudium Et Spes\",\"isPartOf\":{\"@id\":\"https:\/\/gaudiumetspes-blog.pl\/#website\"},\"datePublished\":\"2012-04-11T04:33:00+00:00\",\"dateModified\":\"2019-07-31T10:53:09+00:00\",\"author\":{\"@id\":\"https:\/\/gaudiumetspes-blog.pl\/#\/schema\/person\/1661982992b752dea8dff0d4ed845a65\"},\"breadcrumb\":{\"@id\":\"https:\/\/gaudiumetspes-blog.pl\/index.php\/2012\/04\/11\/miejmy-czas-osobiscie-spotkac\/#breadcrumb\"},\"inLanguage\":\"pl-PL\",\"potentialAction\":[{\"@type\":\"ReadAction\",\"target\":[\"https:\/\/gaudiumetspes-blog.pl\/index.php\/2012\/04\/11\/miejmy-czas-osobiscie-spotkac\/\"]}]},{\"@type\":\"BreadcrumbList\",\"@id\":\"https:\/\/gaudiumetspes-blog.pl\/index.php\/2012\/04\/11\/miejmy-czas-osobiscie-spotkac\/#breadcrumb\",\"itemListElement\":[{\"@type\":\"ListItem\",\"position\":1,\"name\":\"Strona g\u0142\u00f3wna\",\"item\":\"https:\/\/gaudiumetspes-blog.pl\/\"},{\"@type\":\"ListItem\",\"position\":2,\"name\":\"Miejmy czas osobi\u015bcie spotka\u0107 Zmartwychwsta\u0142ego!\"}]},{\"@type\":\"WebSite\",\"@id\":\"https:\/\/gaudiumetspes-blog.pl\/#website\",\"url\":\"https:\/\/gaudiumetspes-blog.pl\/\",\"name\":\"Gaudium Et Spes\",\"description\":\"Blog Ks. Jacka Ja\u015bkowskiego\",\"potentialAction\":[{\"@type\":\"SearchAction\",\"target\":{\"@type\":\"EntryPoint\",\"urlTemplate\":\"https:\/\/gaudiumetspes-blog.pl\/?s={search_term_string}\"},\"query-input\":{\"@type\":\"PropertyValueSpecification\",\"valueRequired\":true,\"valueName\":\"search_term_string\"}}],\"inLanguage\":\"pl-PL\"},{\"@type\":\"Person\",\"@id\":\"https:\/\/gaudiumetspes-blog.pl\/#\/schema\/person\/1661982992b752dea8dff0d4ed845a65\",\"name\":\"Ks. Jacek\",\"image\":{\"@type\":\"ImageObject\",\"inLanguage\":\"pl-PL\",\"@id\":\"https:\/\/gaudiumetspes-blog.pl\/#\/schema\/person\/image\/\",\"url\":\"https:\/\/gaudiumetspes-blog.pl\/wp-content\/uploads\/2019\/07\/avatar-JJ-150x150.jpg\",\"contentUrl\":\"https:\/\/gaudiumetspes-blog.pl\/wp-content\/uploads\/2019\/07\/avatar-JJ-150x150.jpg\",\"caption\":\"Ks. Jacek\"},\"description\":\"Witam serdecznie! K\u0142ania si\u0119 Ks. Jacek Ja\u015bkowski. Nie jestem ani kim\u015b wa\u017cnym, ani kim\u015b znanym. Jestem ksi\u0119dzem, kt\u00f3ry po prostu chce rozmawia\u0107. Codzienna kap\u0142a\u0144ska pos\u0142uga pokazuje mi, \u017ce temat\u00f3w do rozm\u00f3w z ksi\u0119dzem jest coraz wi\u0119cej i dzisiaj \u017caden ksi\u0105dz nie mo\u017ce od nich ucieka\u0107, ale - wprost przeciwnie - podejmowa\u0107 nowe wyzwania. To przekonanie sk\u0142oni\u0142o mnie do pr\u00f3by otwarcia tego\u017c bloga, chocia\u017c okazji do rozm\u00f3w na co dzie\u0144 - w konfesjonale i poza nim - na szcz\u0119\u015bcie nie brakuje. My\u015bl\u0119 jednak, \u017ce ten blog b\u0119dzie jeszcze jednym sposobem i przestrzeni\u0105 nawi\u0105zania kontaktu z lud\u017ami dobrej woli, otwartymi na dialog.\",\"url\":\"https:\/\/gaudiumetspes-blog.pl\/index.php\/author\/ks-jacek\/\"}]}<\/script>\n<!-- \/ Yoast SEO plugin. -->","yoast_head_json":{"title":"Miejmy czas osobi\u015bcie spotka\u0107 Zmartwychwsta\u0142ego! - Gaudium Et Spes","robots":{"index":"index","follow":"follow","max-snippet":"max-snippet:-1","max-image-preview":"max-image-preview:large","max-video-preview":"max-video-preview:-1"},"canonical":"https:\/\/gaudiumetspes-blog.pl\/index.php\/2012\/04\/11\/miejmy-czas-osobiscie-spotkac\/","og_locale":"pl_PL","og_type":"article","og_title":"Miejmy czas osobi\u015bcie spotka\u0107 Zmartwychwsta\u0142ego! - Gaudium Et Spes","og_description":"Szcz\u0119\u015b\u0107 Bo\u017ce! Moi Drodzy, polecam s\u0142\u00f3wko z Syberii, zapraszaj\u0105c jednocze\u015bnie do g\u0142\u0119bokiego zastanowienia si\u0119 nad tym, co Ksi\u0105dz Marek dzisiaj nam napisa\u0142. Rzeczywi\u015bcie, kilka bardzo mocnych i na sw\u00f3j spos\u00f3b odkrywczych stwierdze\u0144.&nbsp; &nbsp; &nbsp; &nbsp;A przy okazji &#8211; dzi\u0119kuj\u0119 za Wasze pisanie przez ca\u0142y Wielki Tydzie\u0144 i Triduum. Dopiero wczoraj mia\u0142em czas, aby wszystko spokojnie [&hellip;]","og_url":"https:\/\/gaudiumetspes-blog.pl\/index.php\/2012\/04\/11\/miejmy-czas-osobiscie-spotkac\/","og_site_name":"Gaudium Et Spes","article_published_time":"2012-04-11T04:33:00+00:00","article_modified_time":"2019-07-31T10:53:09+00:00","author":"Ks. Jacek","twitter_card":"summary_large_image","twitter_misc":{"Napisane przez":"Ks. Jacek","Szacowany czas czytania":"5 minut"},"schema":{"@context":"https:\/\/schema.org","@graph":[{"@type":"WebPage","@id":"https:\/\/gaudiumetspes-blog.pl\/index.php\/2012\/04\/11\/miejmy-czas-osobiscie-spotkac\/","url":"https:\/\/gaudiumetspes-blog.pl\/index.php\/2012\/04\/11\/miejmy-czas-osobiscie-spotkac\/","name":"Miejmy czas osobi\u015bcie spotka\u0107 Zmartwychwsta\u0142ego! - Gaudium Et Spes","isPartOf":{"@id":"https:\/\/gaudiumetspes-blog.pl\/#website"},"datePublished":"2012-04-11T04:33:00+00:00","dateModified":"2019-07-31T10:53:09+00:00","author":{"@id":"https:\/\/gaudiumetspes-blog.pl\/#\/schema\/person\/1661982992b752dea8dff0d4ed845a65"},"breadcrumb":{"@id":"https:\/\/gaudiumetspes-blog.pl\/index.php\/2012\/04\/11\/miejmy-czas-osobiscie-spotkac\/#breadcrumb"},"inLanguage":"pl-PL","potentialAction":[{"@type":"ReadAction","target":["https:\/\/gaudiumetspes-blog.pl\/index.php\/2012\/04\/11\/miejmy-czas-osobiscie-spotkac\/"]}]},{"@type":"BreadcrumbList","@id":"https:\/\/gaudiumetspes-blog.pl\/index.php\/2012\/04\/11\/miejmy-czas-osobiscie-spotkac\/#breadcrumb","itemListElement":[{"@type":"ListItem","position":1,"name":"Strona g\u0142\u00f3wna","item":"https:\/\/gaudiumetspes-blog.pl\/"},{"@type":"ListItem","position":2,"name":"Miejmy czas osobi\u015bcie spotka\u0107 Zmartwychwsta\u0142ego!"}]},{"@type":"WebSite","@id":"https:\/\/gaudiumetspes-blog.pl\/#website","url":"https:\/\/gaudiumetspes-blog.pl\/","name":"Gaudium Et Spes","description":"Blog Ks. Jacka Ja\u015bkowskiego","potentialAction":[{"@type":"SearchAction","target":{"@type":"EntryPoint","urlTemplate":"https:\/\/gaudiumetspes-blog.pl\/?s={search_term_string}"},"query-input":{"@type":"PropertyValueSpecification","valueRequired":true,"valueName":"search_term_string"}}],"inLanguage":"pl-PL"},{"@type":"Person","@id":"https:\/\/gaudiumetspes-blog.pl\/#\/schema\/person\/1661982992b752dea8dff0d4ed845a65","name":"Ks. Jacek","image":{"@type":"ImageObject","inLanguage":"pl-PL","@id":"https:\/\/gaudiumetspes-blog.pl\/#\/schema\/person\/image\/","url":"https:\/\/gaudiumetspes-blog.pl\/wp-content\/uploads\/2019\/07\/avatar-JJ-150x150.jpg","contentUrl":"https:\/\/gaudiumetspes-blog.pl\/wp-content\/uploads\/2019\/07\/avatar-JJ-150x150.jpg","caption":"Ks. Jacek"},"description":"Witam serdecznie! K\u0142ania si\u0119 Ks. Jacek Ja\u015bkowski. Nie jestem ani kim\u015b wa\u017cnym, ani kim\u015b znanym. Jestem ksi\u0119dzem, kt\u00f3ry po prostu chce rozmawia\u0107. Codzienna kap\u0142a\u0144ska pos\u0142uga pokazuje mi, \u017ce temat\u00f3w do rozm\u00f3w z ksi\u0119dzem jest coraz wi\u0119cej i dzisiaj \u017caden ksi\u0105dz nie mo\u017ce od nich ucieka\u0107, ale - wprost przeciwnie - podejmowa\u0107 nowe wyzwania. To przekonanie sk\u0142oni\u0142o mnie do pr\u00f3by otwarcia tego\u017c bloga, chocia\u017c okazji do rozm\u00f3w na co dzie\u0144 - w konfesjonale i poza nim - na szcz\u0119\u015bcie nie brakuje. My\u015bl\u0119 jednak, \u017ce ten blog b\u0119dzie jeszcze jednym sposobem i przestrzeni\u0105 nawi\u0105zania kontaktu z lud\u017ami dobrej woli, otwartymi na dialog.","url":"https:\/\/gaudiumetspes-blog.pl\/index.php\/author\/ks-jacek\/"}]}},"jetpack_featured_media_url":"","jetpack_sharing_enabled":true,"_links":{"self":[{"href":"https:\/\/gaudiumetspes-blog.pl\/index.php\/wp-json\/wp\/v2\/posts\/9523","targetHints":{"allow":["GET"]}}],"collection":[{"href":"https:\/\/gaudiumetspes-blog.pl\/index.php\/wp-json\/wp\/v2\/posts"}],"about":[{"href":"https:\/\/gaudiumetspes-blog.pl\/index.php\/wp-json\/wp\/v2\/types\/post"}],"author":[{"embeddable":true,"href":"https:\/\/gaudiumetspes-blog.pl\/index.php\/wp-json\/wp\/v2\/users\/1"}],"replies":[{"embeddable":true,"href":"https:\/\/gaudiumetspes-blog.pl\/index.php\/wp-json\/wp\/v2\/comments?post=9523"}],"version-history":[{"count":1,"href":"https:\/\/gaudiumetspes-blog.pl\/index.php\/wp-json\/wp\/v2\/posts\/9523\/revisions"}],"predecessor-version":[{"id":10560,"href":"https:\/\/gaudiumetspes-blog.pl\/index.php\/wp-json\/wp\/v2\/posts\/9523\/revisions\/10560"}],"wp:attachment":[{"href":"https:\/\/gaudiumetspes-blog.pl\/index.php\/wp-json\/wp\/v2\/media?parent=9523"}],"wp:term":[{"taxonomy":"category","embeddable":true,"href":"https:\/\/gaudiumetspes-blog.pl\/index.php\/wp-json\/wp\/v2\/categories?post=9523"},{"taxonomy":"post_tag","embeddable":true,"href":"https:\/\/gaudiumetspes-blog.pl\/index.php\/wp-json\/wp\/v2\/tags?post=9523"}],"curies":[{"name":"wp","href":"https:\/\/api.w.org\/{rel}","templated":true}]}}