{"id":9532,"date":"2012-04-02T05:33:00","date_gmt":"2012-04-02T03:33:00","guid":{"rendered":"https:\/\/gaudiumetspes-blog.pl\/index.php\/2012\/04\/02\/czy-jezus-nie-dba-o-ubogic\/"},"modified":"2019-07-31T12:53:07","modified_gmt":"2019-07-31T10:53:07","slug":"czy-jezus-nie-dba-o-ubogic","status":"publish","type":"post","link":"https:\/\/gaudiumetspes-blog.pl\/index.php\/2012\/04\/02\/czy-jezus-nie-dba-o-ubogic\/","title":{"rendered":"Czy Jezus nie dba o ubogich?&#8230;"},"content":{"rendered":"<p><\/p>\n<div class=\"MsoNormal\">\nSzcz\u0119\u015b\u0107 Bo\u017ce! Kochani, raz jeszcze polecam wczorajszy &#8222;poradnik triduumowy&#8221; (ale wymy\u015bli\u0142em, co?), aby\u015bmy jak najpe\u0142niej prze\u017cyli najwa\u017cniejsze \u015awi\u0119to w ci\u0105gu roku. Ponawiam te\u017c pytanie, jakie zamie\u015bci\u0142em w odpowiedzi na wczorajsze Wasze wpisy: Jak prze\u017cywacie ten czas? Napiszcie!<\/div>\n<div class=\"MsoNormal\">\n&nbsp; &nbsp; &nbsp; &nbsp; &nbsp;Ci\u0105gle zapraszam do Wielkiej Ksi\u0119gi Intencji!<\/div>\n<div class=\"MsoNormal\">\nDzisiaj blokada internetu na Syberii, dlatego zamieszczam moje s\u0142\u00f3wko. I zach\u0119cam do duchowego wej\u015bcia w Wielki Tydzie\u0144.<\/div>\n<div class=\"MsoNormal\">\n&nbsp; &nbsp; &nbsp; &nbsp; &nbsp; &nbsp; Gaudium et spes!&nbsp;<\/div>\n<div class=\"MsoNormal\">\n<b><br \/><\/b><\/div>\n<div class=\"MsoNormal\">\n<b>Wielki Poniedzia\u0142ek,<\/b><\/div>\n<div class=\"MsoNormal\">\n<b>do czyta\u0144:&nbsp; Iz 42,1\u20137;&nbsp;<br \/>\nJ 12,1\u201311<\/b><\/div>\n<div class=\"MsoNormal\">\n<\/div>\n<div class=\"MsoNormal\" style=\"text-align: justify; text-indent: 35.4pt;\">\n<b>Wielki Poniedzia\u0142ek.<\/b> Ostatnie dni przed najwa\u017cniejszymi wydarzeniami w<br \/>\nhistorii ludzko\u015bci! Ewangelista Jan przenosi nas <b>dok\u0142adnie w ten czas, kiedy to na sze\u015b\u0107 dni przed Pasch\u0105,<\/b> czyli<br \/>\nniejako w tym dniu, kt\u00f3ry dzi\u015b prze\u017cywamy, Jezus uczestniczy w uczcie w domu<br \/>\n\u0141azarza i jego si\u00f3str. I oto Maria, jedna z nich, dokonuje niezwyk\u0142ego czynu. <b>Bardzo drogim olejkiem nardowym namaszcza<br \/>\nstopy Jezusa i wyciera swymi w\u0142osami.<\/b> <\/div>\n<div class=\"MsoNormal\" style=\"text-align: justify; text-indent: 35.4pt;\">\nWarto doda\u0107 w tym miejscu,<br \/>\n\u017ce olejek nardowy wytwarzano z korzenia ro\u015bliny, wyst\u0119puj\u0105cej w Himalajach i<br \/>\nprzechowywano w alabastrowych pojemnikach. <b>Z<br \/>\nracji bardzo wysokiej ceny, u\u017cywano go tylko przy wyj\u0105tkowych okazjach.<\/b><br \/>\nDlatego \u2013 tak po ludzku \u2013 mo\u017ce i nie dziwi nas reakcja Judasza. Co prawda,<br \/>\nEwangelista t\u0142umaczy nam <b>motywy jego<br \/>\nbuntu<\/b> \u2013 zapewne tak\u017ce przygotowuj\u0105c nas w ten spos\u00f3b na to, \u017ce ucze\u0144 ten<br \/>\nju\u017c nied\u0142ugo zdradzi swego Mistrza \u2013 ale gdyby tak pomin\u0105\u0107 ca\u0142y kontekst<br \/>\npostawy Judasza, to my\u015bl\u0119, \u017ce <b>wiele os\u00f3b<br \/>\nzareagowa\u0142oby podobnie.<\/b> <\/div>\n<div class=\"MsoNormal\" style=\"text-align: justify;\">\n&nbsp;&nbsp;&nbsp;&nbsp;&nbsp;&nbsp;&nbsp;&nbsp;&nbsp;&nbsp;&nbsp; Tymczasem<br \/>\nMaria nie mia\u0142a w\u0105tpliwo\u015bci, \u017ce tak powinna post\u0105pi\u0107. <b>I Jezus tak\u017ce nie mia\u0142 w\u0105tpliwo\u015bci.<\/b> Tak, w\u0142a\u015bnie On sam, kt\u00f3ry tyle<br \/>\nrazy u\u017cala\u0142 si\u0119 nad biednymi <b>i pomaga\u0142<br \/>\nbiednym,<\/b> On sam dzisiaj stwierdza, \u017ce Maria nie wydaj\u0105c tych pieni\u0119dzy dla<br \/>\nbiednych, a wydaj\u0105c go na bardzo drogi olejek i namaszczaj\u0105c Jego stopy \u2013 <b>dobrze uczyni\u0142a!<\/b> <\/div>\n<div class=\"MsoNormal\" style=\"text-align: justify; text-indent: 35.4pt;\">\nKochani, od razu nasuwa si\u0119<br \/>\nskojarzenie z wypowiedziami tych \u201em\u0119drc\u00f3w \u015bwiata\u201d, kt\u00f3rzy <b>b\u0119d\u0105c gdzie\u015b daleko od Ko\u015bcio\u0142a<\/b> i nie przejmuj\u0105c si\u0119 jego<br \/>\nnauczaniem, <b>zawsze jednak maj\u0105 dla niego<br \/>\njakie\u015b swoje dobre rady<\/b> i zajmuj\u0105 stanowisko \u201eostatecznej wyroczni\u201d,<br \/>\nwskazuj\u0105c Ko\u015bcio\u0142owi \u2013 a zw\u0142aszcza jego pasterzom \u2013 <b>co powinni, a czego nie powinni.<\/b> I w\u0142a\u015bnie oni \u2013 owi \u201em\u0119drcy \u015bwiata\u201d<br \/>\n\u2013 w\u015br\u00f3d swoich wielu \u201edobrych\u201d rad maj\u0105 i t\u0119, \u017ce <b>Ko\u015bci\u00f3\u0142 powinien zajmowa\u0107 si\u0119 tylko dzia\u0142alno\u015bci\u0105 charytatywn\u0105, nie powinien<br \/>\nnatomiast zabiera\u0107 g\u0142osu w sprawach spo\u0142ecznych, a na pewno \u2013 politycznych.<\/b>\n<\/div>\n<div class=\"MsoNormal\" style=\"text-align: justify; text-indent: 35.4pt;\">\nJu\u017c pomijaj\u0105c fakt, \u017ce<br \/>\ntakie stanowisko pokazuje, i\u017c nie rozumiej\u0105 oni poj\u0119cia \u201eKo\u015bci\u00f3\u0142\u201d i poj\u0119cia \u201epolityka\u201d,<br \/>\nuwa\u017caj\u0105c, \u017ce <b>Ko\u015bci\u00f3\u0142 to tylko ksi\u0119\u017ca, a<br \/>\npolityka to tylko te brudne i niegodziwe rozgrywki, kt\u00f3re widzimy w telewizji<\/b><br \/>\n\u2013 pomijaj\u0105c zatem nawet ten b\u0142\u0105d, to i tak musimy stwierdzi\u0107, \u017ce z pewno\u015bci\u0105<br \/>\ntacy ludzie <b>w og\u00f3le zapominaj\u0105, kto jest<br \/>\nw Ko\u015bciele najwa\u017cniejszy.<\/b> <\/div>\n<div class=\"MsoNormal\" style=\"text-align: justify; text-indent: 35.4pt;\">\nA czy my to wiemy i<br \/>\npami\u0119tamy? <\/div>\n<div class=\"MsoNormal\" style=\"text-align: justify; text-indent: 35.4pt;\">\nTak, <b>to Jezus Chrystus jest G\u0142ow\u0105 Ko\u015bcio\u0142a!<\/b> <b>I On jest jego Sercem! <\/b>Bez Jezusa nie by\u0142oby Ko\u015bcio\u0142a. I nie by\u0142oby<br \/>\ntej wielkiej mocy duchowej, jaka p\u0142ynie z Bo\u017cego S\u0142owa, z Eucharystii i z Sakrament\u00f3w,<br \/>\n<b>gdyby nie Wydarzenia Paschalne: M\u0119ka,<br \/>\n\u015amier\u0107 i chwalebne Zmartwychwstanie.<\/b> I nie by\u0142oby \u017cadnego dobra w sercu<br \/>\ncz\u0142owieka, a co za tym idzie \u2013 <b>nie by\u0142oby<br \/>\n\u017cadnej dobroczynnej dzia\u0142alno\u015bci Ko\u015bcio\u0142a, gdyby nie Jezus i Jego dobro\u0107 wobec<br \/>\nnas.<\/b> Gdyby nie Jego postawa cierpi\u0105cego S\u0142ugi, pos\u0142usznego Bogu \u2013 postawa tak<br \/>\npi\u0119knie wyra\u017cona w pierwszym czytaniu przez Izajasza Proroka: tego Proroka, kt\u00f3ry<br \/>\nna wiele wiek\u00f3w przed Jezusem tak dok\u0142adnie zapowiedzia\u0142 w\u0142a\u015bnie Jego samego i<br \/>\nJego cierpienia. <\/div>\n<div class=\"MsoNormal\" style=\"text-align: justify; text-indent: 35.4pt;\">\nKochani, <b>gdyby nie Jezus, gdyby nie Jego cierpienie,<br \/>\ngdyby nie Jego \u015amier\u0107, gdyby nie Jego Zmartwychwstanie<\/b>\u2026 Strach pomy\u015ble\u0107, co<br \/>\nby w\u00f3wczas by\u0142o i jakie by by\u0142o nasze \u017cycie\u2026 <b>Nic nie warte \u2013 bez sensu i bez celu<\/b>\u2026 <\/div>\n<div class=\"MsoNormal\" style=\"text-align: justify; text-indent: 35.4pt;\">\nDwa tysi\u0105ce lat temu<br \/>\nzrozumia\u0142a to prosta dziewczyna i na znak tego nama\u015bci\u0142a nogi Zbawiciela drogocennym<br \/>\nolejkiem. W naszych czasach <b>dobrze zrozumia\u0142<br \/>\nto B\u0142ogos\u0142awiony Jan Pawe\u0142 II, dlatego na Jezusa wskazywa\u0142 i do Niego prowadzi\u0142<br \/>\nca\u0142y Ko\u015bci\u00f3\u0142<\/b> zar\u00f3wno swoim nauczaniem i pos\u0142ugiwaniem, jak i swoim cierpieniem.<br \/>\n<b>On nigdy Jezusa sob\u0105 nie przes\u0142ania\u0142, On<br \/>\nzawsze rol\u0119 Jezusa i Jego centralne miejsce w Ko\u015bciele i sercach ludzkich podkre\u015bla\u0142.<\/b><br \/>\nOto dzisiaj obchodzimy si\u00f3dm\u0105 rocznic\u0119 przej\u015bcia Jana Paw\u0142a II do Domu Ojca.<br \/>\nTen wielki Papie\u017c naprawd\u0119 <b>tak wiele rozumia\u0142<\/b><br \/>\ni tak wiele nas chcia\u0142 nauczy\u0107 \u2013 i chyba nauczy\u0142. <\/div>\n<div class=\"MsoNormal\" style=\"text-align: justify; text-indent: 35.4pt;\">\nNiestety, dzisiejsza<br \/>\nEwangelia pokazuje nam tak\u017ce Judasza, kt\u00f3ry <b>nic nie zrozumia\u0142 z tego, czego w\u0142asnymi r\u0119kami dotyka\u0142.<\/b> Jego serce<br \/>\npozosta\u0142o tragicznie zamkni\u0119te na Tajemnic\u0119, w kt\u00f3rej przez trzy lata uczestniczy\u0142<br \/>\ni kt\u00f3ra by\u0142a mu objawiania\u2026 <b>On nic nie<br \/>\nzrozumia\u0142,<\/b> a za nim \u2013 niestety \u2013 przez dwa tysi\u0105ce lat pod\u0105\u017ca przez dzieje<br \/>\nKo\u015bcio\u0142a <b>ca\u0142y korow\u00f3d takich w\u0142a\u015bnie,<\/b><br \/>\nkt\u00f3rzy dotykaj\u0105c naj\u015bwi\u0119tszych tajemnic i b\u0119d\u0105c tak blisko Jezusa \u2013 <b>nic nie rozumiej\u0105<\/b>\u2026 Tragedia. Dramat. <\/div>\n<div class=\"MsoNormal\" style=\"text-align: justify; text-indent: 35.4pt;\">\nDzisiaj, w Poniedzia\u0142ek<br \/>\nWielkiego Tygodnia, maj\u0105c w bezpo\u015bredniej perspektywie zbli\u017caj\u0105ce si\u0119 prze\u017cycia<br \/>\n\u015awi\u0119tego Trdiuum Paschalnego, chcemy zastanowi\u0107 si\u0119, <b>ile my rozumiemy z tego, co prze\u017cywamy i jakie miejsce w naszym \u017cyciu \u2013<br \/>\nale tak szczerze i autentycznie \u2013 zajmuje Jezus Chrystus?<\/b>\u2026<\/div>\n<div class=\"MsoNormal\" style=\"text-align: justify; text-indent: 35.4pt;\">\nW tym kontek\u015bcie zastan\u00f3wmy<br \/>\nsi\u0119:<\/div>\n<div class=\"MsoNormal\" style=\"margin-left: 36.0pt; mso-list: l0 level1 lfo1; tab-stops: list 36.0pt; text-align: justify; text-indent: -18.0pt;\">\n\u00b7&nbsp;&nbsp;&nbsp;&nbsp;&nbsp;&nbsp;&nbsp;<br \/>\nJak<br \/>\nwygl\u0105da moje duchowe przygotowanie do \u015awi\u0105t Paschalnych: czy ju\u017c jestem po<br \/>\nporz\u0105dnej Spowiedzi, czy zrealizowa\u0142em wielkopostne postanowienie?<\/div>\n<div class=\"MsoNormal\" style=\"margin-left: 36.0pt; mso-list: l0 level1 lfo1; tab-stops: list 36.0pt; text-align: justify; text-indent: -18.0pt;\">\n\u00b7&nbsp;&nbsp;&nbsp;&nbsp;&nbsp;&nbsp;&nbsp;<br \/>\nCzy<br \/>\nzaplanowa\u0142em udzia\u0142 we wszystkich liturgiach \u015awi\u0119tego Triduum Paschalnego i<br \/>\nczas na osobist\u0105 adoracj\u0119 Pana Jezusa?<\/div>\n<div class=\"MsoNormal\" style=\"margin-left: 36.0pt; mso-list: l0 level1 lfo1; tab-stops: list 36.0pt; text-align: justify; text-indent: -18.0pt;\">\n\u00b7&nbsp;&nbsp;&nbsp;&nbsp;&nbsp;&nbsp;&nbsp;<br \/>\nCzy<br \/>\nw tych \u015bwi\u0119tych dniach znajd\u0119 czas na lektur\u0119 Pisma \u015awi\u0119tego, cho\u0107by na<br \/>\nodczytanie opis\u00f3w M\u0119ki Pa\u0144skiej we wszystkich czterech Ewangeliach?<\/div>\n<div class=\"MsoNormal\" style=\"text-align: justify;\">\n<\/div>\n<div class=\"MsoNormal\" style=\"text-align: justify;\">\n<b><i>Oto m\u00f3j S\u0142uga, kt\u00f3rego podtrzymuj\u0119, wybrany m\u00f3j, w<br \/>\nkt\u00f3rym mam upodobanie<\/i><\/b>.<\/div>\n","protected":false},"excerpt":{"rendered":"<p>Szcz\u0119\u015b\u0107 Bo\u017ce! Kochani, raz jeszcze polecam wczorajszy &#8222;poradnik triduumowy&#8221; (ale wymy\u015bli\u0142em, co?), aby\u015bmy jak najpe\u0142niej prze\u017cyli najwa\u017cniejsze \u015awi\u0119to w ci\u0105gu roku. Ponawiam te\u017c pytanie, jakie zamie\u015bci\u0142em w odpowiedzi na wczorajsze Wasze wpisy: Jak prze\u017cywacie ten czas? Napiszcie! &nbsp; &nbsp; &nbsp; &nbsp; &nbsp;Ci\u0105gle zapraszam do Wielkiej Ksi\u0119gi Intencji! Dzisiaj blokada internetu na Syberii, dlatego zamieszczam moje [&hellip;]<\/p>\n","protected":false},"author":1,"featured_media":0,"comment_status":"open","ping_status":"open","sticky":false,"template":"","format":"standard","meta":{"jetpack_post_was_ever_published":false,"_jetpack_newsletter_access":"","_jetpack_dont_email_post_to_subs":false,"_jetpack_newsletter_tier_id":0,"_jetpack_memberships_contains_paywalled_content":false,"_jetpack_memberships_contains_paid_content":false,"footnotes":""},"categories":[1],"tags":[],"class_list":["post-9532","post","type-post","status-publish","format-standard","hentry","category-bez-kategorii"],"yoast_head":"<!-- This site is optimized with the Yoast SEO plugin v25.1 - https:\/\/yoast.com\/wordpress\/plugins\/seo\/ -->\n<title>Czy Jezus nie dba o ubogich?... - Gaudium Et Spes<\/title>\n<meta name=\"robots\" content=\"index, follow, max-snippet:-1, max-image-preview:large, max-video-preview:-1\" \/>\n<link rel=\"canonical\" href=\"https:\/\/gaudiumetspes-blog.pl\/index.php\/2012\/04\/02\/czy-jezus-nie-dba-o-ubogic\/\" \/>\n<meta property=\"og:locale\" content=\"pl_PL\" \/>\n<meta property=\"og:type\" content=\"article\" \/>\n<meta property=\"og:title\" content=\"Czy Jezus nie dba o ubogich?... - Gaudium Et Spes\" \/>\n<meta property=\"og:description\" content=\"Szcz\u0119\u015b\u0107 Bo\u017ce! Kochani, raz jeszcze polecam wczorajszy &#8222;poradnik triduumowy&#8221; (ale wymy\u015bli\u0142em, co?), aby\u015bmy jak najpe\u0142niej prze\u017cyli najwa\u017cniejsze \u015awi\u0119to w ci\u0105gu roku. Ponawiam te\u017c pytanie, jakie zamie\u015bci\u0142em w odpowiedzi na wczorajsze Wasze wpisy: Jak prze\u017cywacie ten czas? Napiszcie! &nbsp; &nbsp; &nbsp; &nbsp; &nbsp;Ci\u0105gle zapraszam do Wielkiej Ksi\u0119gi Intencji! Dzisiaj blokada internetu na Syberii, dlatego zamieszczam moje [&hellip;]\" \/>\n<meta property=\"og:url\" content=\"https:\/\/gaudiumetspes-blog.pl\/index.php\/2012\/04\/02\/czy-jezus-nie-dba-o-ubogic\/\" \/>\n<meta property=\"og:site_name\" content=\"Gaudium Et Spes\" \/>\n<meta property=\"article:published_time\" content=\"2012-04-02T03:33:00+00:00\" \/>\n<meta property=\"article:modified_time\" content=\"2019-07-31T10:53:07+00:00\" \/>\n<meta name=\"author\" content=\"Ks. Jacek\" \/>\n<meta name=\"twitter:card\" content=\"summary_large_image\" \/>\n<meta name=\"twitter:label1\" content=\"Napisane przez\" \/>\n\t<meta name=\"twitter:data1\" content=\"Ks. Jacek\" \/>\n\t<meta name=\"twitter:label2\" content=\"Szacowany czas czytania\" \/>\n\t<meta name=\"twitter:data2\" content=\"5 minut\" \/>\n<script type=\"application\/ld+json\" class=\"yoast-schema-graph\">{\"@context\":\"https:\/\/schema.org\",\"@graph\":[{\"@type\":\"WebPage\",\"@id\":\"https:\/\/gaudiumetspes-blog.pl\/index.php\/2012\/04\/02\/czy-jezus-nie-dba-o-ubogic\/\",\"url\":\"https:\/\/gaudiumetspes-blog.pl\/index.php\/2012\/04\/02\/czy-jezus-nie-dba-o-ubogic\/\",\"name\":\"Czy Jezus nie dba o ubogich?... - Gaudium Et Spes\",\"isPartOf\":{\"@id\":\"https:\/\/gaudiumetspes-blog.pl\/#website\"},\"datePublished\":\"2012-04-02T03:33:00+00:00\",\"dateModified\":\"2019-07-31T10:53:07+00:00\",\"author\":{\"@id\":\"https:\/\/gaudiumetspes-blog.pl\/#\/schema\/person\/1661982992b752dea8dff0d4ed845a65\"},\"breadcrumb\":{\"@id\":\"https:\/\/gaudiumetspes-blog.pl\/index.php\/2012\/04\/02\/czy-jezus-nie-dba-o-ubogic\/#breadcrumb\"},\"inLanguage\":\"pl-PL\",\"potentialAction\":[{\"@type\":\"ReadAction\",\"target\":[\"https:\/\/gaudiumetspes-blog.pl\/index.php\/2012\/04\/02\/czy-jezus-nie-dba-o-ubogic\/\"]}]},{\"@type\":\"BreadcrumbList\",\"@id\":\"https:\/\/gaudiumetspes-blog.pl\/index.php\/2012\/04\/02\/czy-jezus-nie-dba-o-ubogic\/#breadcrumb\",\"itemListElement\":[{\"@type\":\"ListItem\",\"position\":1,\"name\":\"Strona g\u0142\u00f3wna\",\"item\":\"https:\/\/gaudiumetspes-blog.pl\/\"},{\"@type\":\"ListItem\",\"position\":2,\"name\":\"Czy&nbsp;Jezus nie&nbsp;dba o&nbsp;ubogich?&#8230;\"}]},{\"@type\":\"WebSite\",\"@id\":\"https:\/\/gaudiumetspes-blog.pl\/#website\",\"url\":\"https:\/\/gaudiumetspes-blog.pl\/\",\"name\":\"Gaudium Et Spes\",\"description\":\"Blog Ks. Jacka Ja\u015bkowskiego\",\"potentialAction\":[{\"@type\":\"SearchAction\",\"target\":{\"@type\":\"EntryPoint\",\"urlTemplate\":\"https:\/\/gaudiumetspes-blog.pl\/?s={search_term_string}\"},\"query-input\":{\"@type\":\"PropertyValueSpecification\",\"valueRequired\":true,\"valueName\":\"search_term_string\"}}],\"inLanguage\":\"pl-PL\"},{\"@type\":\"Person\",\"@id\":\"https:\/\/gaudiumetspes-blog.pl\/#\/schema\/person\/1661982992b752dea8dff0d4ed845a65\",\"name\":\"Ks. Jacek\",\"image\":{\"@type\":\"ImageObject\",\"inLanguage\":\"pl-PL\",\"@id\":\"https:\/\/gaudiumetspes-blog.pl\/#\/schema\/person\/image\/\",\"url\":\"https:\/\/gaudiumetspes-blog.pl\/wp-content\/uploads\/2019\/07\/avatar-JJ-150x150.jpg\",\"contentUrl\":\"https:\/\/gaudiumetspes-blog.pl\/wp-content\/uploads\/2019\/07\/avatar-JJ-150x150.jpg\",\"caption\":\"Ks. Jacek\"},\"description\":\"Witam serdecznie! K\u0142ania si\u0119 Ks. Jacek Ja\u015bkowski. Nie jestem ani kim\u015b wa\u017cnym, ani kim\u015b znanym. Jestem ksi\u0119dzem, kt\u00f3ry po prostu chce rozmawia\u0107. Codzienna kap\u0142a\u0144ska pos\u0142uga pokazuje mi, \u017ce temat\u00f3w do rozm\u00f3w z ksi\u0119dzem jest coraz wi\u0119cej i dzisiaj \u017caden ksi\u0105dz nie mo\u017ce od nich ucieka\u0107, ale - wprost przeciwnie - podejmowa\u0107 nowe wyzwania. To przekonanie sk\u0142oni\u0142o mnie do pr\u00f3by otwarcia tego\u017c bloga, chocia\u017c okazji do rozm\u00f3w na co dzie\u0144 - w konfesjonale i poza nim - na szcz\u0119\u015bcie nie brakuje. My\u015bl\u0119 jednak, \u017ce ten blog b\u0119dzie jeszcze jednym sposobem i przestrzeni\u0105 nawi\u0105zania kontaktu z lud\u017ami dobrej woli, otwartymi na dialog.\",\"url\":\"https:\/\/gaudiumetspes-blog.pl\/index.php\/author\/ks-jacek\/\"}]}<\/script>\n<!-- \/ Yoast SEO plugin. -->","yoast_head_json":{"title":"Czy Jezus nie dba o ubogich?... - Gaudium Et Spes","robots":{"index":"index","follow":"follow","max-snippet":"max-snippet:-1","max-image-preview":"max-image-preview:large","max-video-preview":"max-video-preview:-1"},"canonical":"https:\/\/gaudiumetspes-blog.pl\/index.php\/2012\/04\/02\/czy-jezus-nie-dba-o-ubogic\/","og_locale":"pl_PL","og_type":"article","og_title":"Czy Jezus nie dba o ubogich?... - Gaudium Et Spes","og_description":"Szcz\u0119\u015b\u0107 Bo\u017ce! Kochani, raz jeszcze polecam wczorajszy &#8222;poradnik triduumowy&#8221; (ale wymy\u015bli\u0142em, co?), aby\u015bmy jak najpe\u0142niej prze\u017cyli najwa\u017cniejsze \u015awi\u0119to w ci\u0105gu roku. Ponawiam te\u017c pytanie, jakie zamie\u015bci\u0142em w odpowiedzi na wczorajsze Wasze wpisy: Jak prze\u017cywacie ten czas? Napiszcie! &nbsp; &nbsp; &nbsp; &nbsp; &nbsp;Ci\u0105gle zapraszam do Wielkiej Ksi\u0119gi Intencji! Dzisiaj blokada internetu na Syberii, dlatego zamieszczam moje [&hellip;]","og_url":"https:\/\/gaudiumetspes-blog.pl\/index.php\/2012\/04\/02\/czy-jezus-nie-dba-o-ubogic\/","og_site_name":"Gaudium Et Spes","article_published_time":"2012-04-02T03:33:00+00:00","article_modified_time":"2019-07-31T10:53:07+00:00","author":"Ks. Jacek","twitter_card":"summary_large_image","twitter_misc":{"Napisane przez":"Ks. Jacek","Szacowany czas czytania":"5 minut"},"schema":{"@context":"https:\/\/schema.org","@graph":[{"@type":"WebPage","@id":"https:\/\/gaudiumetspes-blog.pl\/index.php\/2012\/04\/02\/czy-jezus-nie-dba-o-ubogic\/","url":"https:\/\/gaudiumetspes-blog.pl\/index.php\/2012\/04\/02\/czy-jezus-nie-dba-o-ubogic\/","name":"Czy Jezus nie dba o ubogich?... - Gaudium Et Spes","isPartOf":{"@id":"https:\/\/gaudiumetspes-blog.pl\/#website"},"datePublished":"2012-04-02T03:33:00+00:00","dateModified":"2019-07-31T10:53:07+00:00","author":{"@id":"https:\/\/gaudiumetspes-blog.pl\/#\/schema\/person\/1661982992b752dea8dff0d4ed845a65"},"breadcrumb":{"@id":"https:\/\/gaudiumetspes-blog.pl\/index.php\/2012\/04\/02\/czy-jezus-nie-dba-o-ubogic\/#breadcrumb"},"inLanguage":"pl-PL","potentialAction":[{"@type":"ReadAction","target":["https:\/\/gaudiumetspes-blog.pl\/index.php\/2012\/04\/02\/czy-jezus-nie-dba-o-ubogic\/"]}]},{"@type":"BreadcrumbList","@id":"https:\/\/gaudiumetspes-blog.pl\/index.php\/2012\/04\/02\/czy-jezus-nie-dba-o-ubogic\/#breadcrumb","itemListElement":[{"@type":"ListItem","position":1,"name":"Strona g\u0142\u00f3wna","item":"https:\/\/gaudiumetspes-blog.pl\/"},{"@type":"ListItem","position":2,"name":"Czy&nbsp;Jezus nie&nbsp;dba o&nbsp;ubogich?&#8230;"}]},{"@type":"WebSite","@id":"https:\/\/gaudiumetspes-blog.pl\/#website","url":"https:\/\/gaudiumetspes-blog.pl\/","name":"Gaudium Et Spes","description":"Blog Ks. Jacka Ja\u015bkowskiego","potentialAction":[{"@type":"SearchAction","target":{"@type":"EntryPoint","urlTemplate":"https:\/\/gaudiumetspes-blog.pl\/?s={search_term_string}"},"query-input":{"@type":"PropertyValueSpecification","valueRequired":true,"valueName":"search_term_string"}}],"inLanguage":"pl-PL"},{"@type":"Person","@id":"https:\/\/gaudiumetspes-blog.pl\/#\/schema\/person\/1661982992b752dea8dff0d4ed845a65","name":"Ks. Jacek","image":{"@type":"ImageObject","inLanguage":"pl-PL","@id":"https:\/\/gaudiumetspes-blog.pl\/#\/schema\/person\/image\/","url":"https:\/\/gaudiumetspes-blog.pl\/wp-content\/uploads\/2019\/07\/avatar-JJ-150x150.jpg","contentUrl":"https:\/\/gaudiumetspes-blog.pl\/wp-content\/uploads\/2019\/07\/avatar-JJ-150x150.jpg","caption":"Ks. Jacek"},"description":"Witam serdecznie! K\u0142ania si\u0119 Ks. Jacek Ja\u015bkowski. Nie jestem ani kim\u015b wa\u017cnym, ani kim\u015b znanym. Jestem ksi\u0119dzem, kt\u00f3ry po prostu chce rozmawia\u0107. Codzienna kap\u0142a\u0144ska pos\u0142uga pokazuje mi, \u017ce temat\u00f3w do rozm\u00f3w z ksi\u0119dzem jest coraz wi\u0119cej i dzisiaj \u017caden ksi\u0105dz nie mo\u017ce od nich ucieka\u0107, ale - wprost przeciwnie - podejmowa\u0107 nowe wyzwania. To przekonanie sk\u0142oni\u0142o mnie do pr\u00f3by otwarcia tego\u017c bloga, chocia\u017c okazji do rozm\u00f3w na co dzie\u0144 - w konfesjonale i poza nim - na szcz\u0119\u015bcie nie brakuje. My\u015bl\u0119 jednak, \u017ce ten blog b\u0119dzie jeszcze jednym sposobem i przestrzeni\u0105 nawi\u0105zania kontaktu z lud\u017ami dobrej woli, otwartymi na dialog.","url":"https:\/\/gaudiumetspes-blog.pl\/index.php\/author\/ks-jacek\/"}]}},"jetpack_featured_media_url":"","jetpack_sharing_enabled":true,"_links":{"self":[{"href":"https:\/\/gaudiumetspes-blog.pl\/index.php\/wp-json\/wp\/v2\/posts\/9532","targetHints":{"allow":["GET"]}}],"collection":[{"href":"https:\/\/gaudiumetspes-blog.pl\/index.php\/wp-json\/wp\/v2\/posts"}],"about":[{"href":"https:\/\/gaudiumetspes-blog.pl\/index.php\/wp-json\/wp\/v2\/types\/post"}],"author":[{"embeddable":true,"href":"https:\/\/gaudiumetspes-blog.pl\/index.php\/wp-json\/wp\/v2\/users\/1"}],"replies":[{"embeddable":true,"href":"https:\/\/gaudiumetspes-blog.pl\/index.php\/wp-json\/wp\/v2\/comments?post=9532"}],"version-history":[{"count":1,"href":"https:\/\/gaudiumetspes-blog.pl\/index.php\/wp-json\/wp\/v2\/posts\/9532\/revisions"}],"predecessor-version":[{"id":10551,"href":"https:\/\/gaudiumetspes-blog.pl\/index.php\/wp-json\/wp\/v2\/posts\/9532\/revisions\/10551"}],"wp:attachment":[{"href":"https:\/\/gaudiumetspes-blog.pl\/index.php\/wp-json\/wp\/v2\/media?parent=9532"}],"wp:term":[{"taxonomy":"category","embeddable":true,"href":"https:\/\/gaudiumetspes-blog.pl\/index.php\/wp-json\/wp\/v2\/categories?post=9532"},{"taxonomy":"post_tag","embeddable":true,"href":"https:\/\/gaudiumetspes-blog.pl\/index.php\/wp-json\/wp\/v2\/tags?post=9532"}],"curies":[{"name":"wp","href":"https:\/\/api.w.org\/{rel}","templated":true}]}}