{"id":9533,"date":"2012-04-01T06:41:00","date_gmt":"2012-04-01T04:41:00","guid":{"rendered":"https:\/\/gaudiumetspes-blog.pl\/index.php\/2012\/04\/01\/rozpoczynamy-wielki-tydzien\/"},"modified":"2019-07-31T12:53:07","modified_gmt":"2019-07-31T10:53:07","slug":"rozpoczynamy-wielki-tydzien","status":"publish","type":"post","link":"https:\/\/gaudiumetspes-blog.pl\/index.php\/2012\/04\/01\/rozpoczynamy-wielki-tydzien\/","title":{"rendered":"Rozpoczynamy Wielki Tydzie\u0144!"},"content":{"rendered":"<p><\/p>\n<div class=\"MsoNormal\" style=\"text-align: justify;\">\nNiech b\u0119dzie pochwalony Jezus Chrystus! Zgodnie z obietnic\u0105, przypominam charakterystyk\u0119 \u015awi\u0119tego Triduum Paschalnego, wraz ze wzmiank\u0105 o tym, co po nim. Prosz\u0119, zechciejcie si\u0119 tym zainteresowa\u0107 i tak\u017ce innych uczuli\u0107 na w\u0142a\u015bciwe prze\u017cywanie tego najwa\u017cniejszego w skali ca\u0142ego roku czasu.<\/div>\n<div class=\"MsoNormal\" style=\"text-align: justify;\">\n&nbsp; &nbsp; A na prze\u017cywanie Niedzieli Palmowej przesy\u0142am moje kap\u0142a\u0144skie b\u0142ogos\u0142awie\u0144stwo: <b>Niech Was b\u0142ogos\u0142awi B\u00f3g Wszechmog\u0105cy: Ojciec + i Syn, i Duch \u015awi\u0119ty. Amen<\/b><\/div>\n<div class=\"MsoNormal\" style=\"text-align: justify;\">\n<b>&nbsp; &nbsp; &nbsp; &nbsp; &nbsp; &nbsp; &nbsp; &nbsp; &nbsp;<\/b>Gaudium et spes! &nbsp;Ks. Jacek<\/div>\n<div align=\"center\" class=\"MsoNormal\" style=\"text-align: center;\">\n<b><u><br \/><\/u><\/b><\/div>\n<div align=\"center\" class=\"MsoNormal\" style=\"text-align: center;\">\n<b><u>\u015aWI\u0118TE<br \/>\nTRIDUUM PASCHALNE<\/u><\/b><\/div>\n<div class=\"MsoNormal\" style=\"text-align: justify; text-indent: 35.4pt;\">\n<b>S\u0142owo: \u201epascha\u201d oznacza: \u201eprzej\u015bcie\u201d.<\/b> Stary Testament pos\u0142uguje<br \/>\nsi\u0119 tym s\u0142owem na oznaczenie <b>przej\u015bcia<br \/>\nIzraelit\u00f3w ze stanu niewoli w Egipcie, do stanu wolno\u015bci i szcz\u0119\u015bcia w Ziemi<br \/>\nObiecanej.<\/b> W t\u0119 pami\u0119tn\u0105 noc wyj\u015bcia z Egiptu, Nar\u00f3d Wybrany spo\u017cywa\u0142 <b>Uczt\u0119, zwan\u0105 Uczt\u0105 Paschaln\u0105<\/b> \u2013 spo\u017cywa\u0142<br \/>\npospiesznie, sposobi\u0105c si\u0119 do drogi. Na pami\u0105tk\u0119 tamtej nocy, Uczta Paschalna<br \/>\nspo\u017cywana by\u0142a w Narodzie \u017bydowskim co roku. Ca\u0142a ta historia powtarza si\u0119 w<br \/>\nNowym Testamencie. <b>Jezus Chrystus, w noc<br \/>\nwyzwolenia swego Ludu, swego Ko\u015bcio\u0142a, z niewoli grzechu, spo\u017cywa ze swymi<br \/>\nuczniami Now\u0105 Uczt\u0119 Paschaln\u0105 \u2013 tak zwan\u0105 Ostatni\u0105 Wieczerz\u0119,<\/b> kt\u00f3r\u0105 uwa\u017camy<br \/>\nza <b>pierwsz\u0105 Msz\u0119 \u015awi\u0119t\u0105.<\/b> Po niej<br \/>\ndokonuje dzie\u0142a zbawienia cz\u0142owieka poprzez z\u0142o\u017cenie Ofiary Krzy\u017ca.<\/div>\n<div class=\"MsoNormal\" style=\"text-align: justify; text-indent: 35.4pt;\">\n<b>\u015awi\u0119te Triduum Paschalne<\/b> \u2013 to trwaj\u0105ce trzy dni: od Mszy \u015awi\u0119tej Wieczerzy<br \/>\nPa\u0144skiej w Wielki Czwartek wieczorem a\u017c do wieczoru Niedzieli Zmartwychwstania<br \/>\n\u2013 <b>jedno wielkie \u015awi\u0119to, b\u0119d\u0105ce centrum<br \/>\nca\u0142ego roku liturgicznego.<\/b> Czym w ci\u0105gu tygodnia jest niedziela, tym w<br \/>\nci\u0105gu ca\u0142ego roku liturgicznego jest w\u0142a\u015bnie \u015awi\u0119te Triduum Paschalne. <b>Wszystkie te wyj\u0105tkowe dni stanowi\u0105 nieroz\u0142\u0105czn\u0105<br \/>\nca\u0142o\u015b\u0107<\/b> i prowadz\u0105 nas \u2013 razem z Jezusem \u2013 szlakiem Jego M\u0119ki, \u015amierci i<br \/>\nZmartwychwstania: od tajemnicy Wieczernika, poprzez ogr\u00f3d Getsemani, pretorium,<br \/>\npa\u0142ac Heroda, Kalwari\u0119 \u2013 a\u017c do pustego Grobu. <b>W tych dniach Ko\u015bci\u00f3\u0142 uroczy\u015bcie prze\u017cywa najwi\u0119ksze tajemnice zbawienia.<\/b>\n<\/div>\n<div class=\"MsoNormal\" style=\"text-align: justify; text-indent: 35.4pt;\">\nMsz\u0105 \u015awi\u0119t\u0105 Wieczerzy Pa\u0144skiej<br \/>\nko\u0144czy si\u0119 Wielki Post. <b>Prze\u017cywanie<br \/>\nsamej Niedzieli Zmartwychwstania, w oderwaniu od wszystkich poprzedzaj\u0105cych dni<br \/>\n\u015awi\u0119tego Triduum \u2013 nie ma sensu i jest niekonsekwencj\u0105. Dlatego powinno si\u0119<br \/>\nprze\u017cywa\u0107 je w ca\u0142o\u015bci,<\/b> pomimo tego, \u017ce wiele os\u00f3b musi jeszcze w tych<br \/>\ndniach pracowa\u0107. Nale\u017cy natomiast stara\u0107 si\u0119 o to, aby stopniowo ogranicza\u0107 ilo\u015b\u0107<br \/>\nzaj\u0119\u0107 porz\u0105dkowych w domu, a wi\u0119ksz\u0105 ilo\u015b\u0107 czasu po\u015bwi\u0119ci\u0107 na modlitw\u0119 i<br \/>\nadoracj\u0119. <\/div>\n<div class=\"MsoNormal\" style=\"text-align: justify;\">\n<\/div>\n<div align=\"center\" class=\"MsoNormal\" style=\"text-align: center;\">\n<b><u>WIELKI<br \/>\nCZWARTEK<\/u><\/b><\/div>\n<div class=\"MsoNormal\" style=\"text-align: justify;\">\nW parafiach nie ma Mszy \u015awi\u0119tych porannych.<b> W godzinach przedpo\u0142udniowych wszyscy<br \/>\nkap\u0142ani odprawiaj\u0105 w katedrze Msz\u0119 \u015awi\u0119t\u0105 Krzy\u017cma.<\/b> Tej Mszy \u015awi\u0119tej przewodniczy<br \/>\nBiskup, kt\u00f3ry po\u015bwi\u0119ca oleje: chorych i krzy\u017cma. B\u0119d\u0105 one u\u017cywane do sprawowania<br \/>\nSakrament\u00f3w przez najbli\u017cszy rok w ca\u0142ej diecezji. Dlatego ksi\u0119\u017ca proboszczowie<br \/>\npobior\u0105 po\u015bwi\u0119cone oleje do swoich parafii. <b>W czasie tej Mszy \u015awi\u0119tej wszyscy kap\u0142ani odnawiaj\u0105 swoje przyrzeczenia,<br \/>\nkt\u00f3re sk\u0142adali w dniu \u015bwi\u0119ce\u0144.<\/b><\/div>\n<div class=\"MsoNormal\" style=\"text-align: justify;\">\n&nbsp;&nbsp;&nbsp;&nbsp;&nbsp;&nbsp;&nbsp;&nbsp;&nbsp;&nbsp;&nbsp; Natomiast<br \/>\nwieczorem na Mszy \u015awi\u0119tej Wieczerzy Pa\u0144skiej spotykamy si\u0119 z Chrystusem w Wieczerniku,<br \/>\naby wspomina\u0107 <b>Ostatni\u0105 Wieczerz\u0119, w<br \/>\nczasie kt\u00f3rej ustanowi\u0142 On Sakrament Eucharystii oraz Sakrament Kap\u0142a\u0144stwa.<\/b><br \/>\nDzi\u0119kujemy Panu za naszych kap\u0142an\u00f3w oraz za dar Mszy \u015awi\u0119tej i Komunii \u015awi\u0119tej.\n<\/div>\n<div class=\"MsoNormal\" style=\"text-align: justify; text-indent: 35.4pt;\">\nPo hymnie <i>Chwa\u0142a na wysoko\u015bci Bogu<\/i>\u2026 milkn\u0105 organy<br \/>\ni dzwonki. W dalszym ci\u0105gu liturgii odbywa si\u0119 obrz\u0119d obmycia n\u00f3g wybranym<br \/>\nm\u0119\u017cczyznom. <b>Na zako\u0144czenie Mszy \u015awi\u0119tej<br \/>\nprzenosi si\u0119 Naj\u015bwi\u0119tszy Sakrament do tabernakulum w bocznym o\u0142tarzu<\/b> \u2013 tak<br \/>\nzwanej \u00abCiemnicy\u00bb \u2013 <b>na pami\u0105tk\u0119 modlitwy<br \/>\nw Ogr\u00f3jcu, pojmania, uwi\u0119zienia i os\u0105dzenia Jezusa.<\/b> W czasie przeniesienie<br \/>\nNaj\u015bwi\u0119tszego Sakramentu \u015bpiewa si\u0119 hymn <i>Przed<br \/>\ntak wielkim Sakramentem<\/i>, <b>za<br \/>\nod\u015bpiewanie kt\u00f3rego mo\u017cna zyska\u0107 odpust zupe\u0142ny.<\/b> <\/div>\n<div class=\"MsoNormal\" style=\"text-align: justify; text-indent: 35.4pt;\">\nPo zako\u0144czeniu liturgii<br \/>\nzdejmuje si\u0119 obrusy z o\u0142tarza \u2013 bez odmawiania modlitw. Usuwa si\u0119 te\u017c zawarto\u015b\u0107<br \/>\nkropielnic, by nape\u0142ni\u0107 je wod\u0105 pob\u0142ogos\u0142awion\u0105 w czasie Wigilii Paschalnej. <b>Do p\u00f3\u017anych godzin wieczornych mo\u017cna w ciszy<br \/>\nadorowa\u0107 Naj\u015bwi\u0119tszy Sakrament w \u00abCiemnicy\u00bb.<\/b><\/div>\n<div class=\"MsoNormal\" style=\"text-align: justify;\">\n<\/div>\n<div align=\"center\" class=\"MsoNormal\" style=\"text-align: center;\">\n<b><u>WIELKI<br \/>\nPI\u0104TEK<\/u><\/b><\/div>\n<div class=\"MsoNormal\" style=\"text-align: justify;\">\n<b>Wielki Pi\u0105tek<br \/>\nto dzie\u0144 szczeg\u00f3lnie uroczystej adoracji Krzy\u017ca, <i>na kt\u00f3rym zawis\u0142o Zbawienie \u015bwiata.<\/i><\/b> Krzy\u017c jest w centrum<br \/>\nLiturgii. Przez ca\u0142y dzie\u0144 nie sprawuje si\u0119 Mszy \u015awi\u0119tej \u2013 <b>Niekrwawej Ofiary Chrystusa,<\/b> gdy\u017c prze\u017cywamy historyczne wydarzenie<br \/>\nM\u0119ki naszego Pana, <b>czyli Ofiary Krwawej,<\/b><br \/>\nz\u0142o\u017conej z wielkiej mi\u0142o\u015bci Boga do cz\u0142owieka. <b>Komunii udziela si\u0119 tylko w czasie Liturgii M\u0119ki Pa\u0144skiej.<\/b> Chorym<br \/>\nmo\u017cna zanie\u015b\u0107 Cia\u0142o Pa\u0144skie o ka\u017cdej porze. <b>Zakazuje si\u0119 sprawowania Sakrament\u00f3w,<\/b> poza Namaszczeniem Chorych i<br \/>\nSpowiedzi\u0105. <\/div>\n<div class=\"MsoNormal\" style=\"text-align: justify; text-indent: 35.4pt;\">\nLiturgia M\u0119ki Pa\u0144skiej<br \/>\nwinna si\u0119 zacz\u0105\u0107 nie wcze\u015bniej, jak o 1500 i nie p\u00f3\u017aniej, jak o 2100.<br \/>\n<b>Na jej przebieg sk\u0142adaj\u0105 si\u0119: Liturgia<br \/>\nS\u0142owa, Adoracja Krzy\u017ca, Obrz\u0119d Komunii \u015awi\u0119tej oraz Przeniesienie Naj\u015bwi\u0119tszego<br \/>\nSakramentu do Grobu Pa\u0144skiego.<\/b> <\/div>\n<div class=\"MsoNormal\" style=\"text-align: justify; text-indent: 35.4pt;\">\nNa pocz\u0105tku Celebrans z<br \/>\nasyst\u0105 zbli\u017ca si\u0119 do O\u0142tarza. Procesja wej\u015bcia odbywa si\u0119 w milczeniu, bez \u015bpiewu.<br \/>\nKap\u0142an oddaje cze\u015b\u0107 Chrystusowi Zbawicielowi \u2013 le\u017c\u0105c krzy\u017cem. Wierni w tym<br \/>\nczasie, kl\u0119cz\u0105c, w milczeniu uwielbiaj\u0105 Pana za Jego mi\u0142o\u015b\u0107 i przepraszaj\u0105 za swoje<br \/>\ngrzechy. Nast\u0119pnie odczytuje si\u0119 opis M\u0119ki Pa\u0144skiej z Ewangelii \u015awi\u0119tego Jana.<br \/>\nPotem <b>uroczy\u015bcie ods\u0142ania si\u0119 Krzy\u017c.<\/b><br \/>\nW czasie tej czynno\u015bci kap\u0142an trzykrotnie \u015bpiewa: <b><i>Oto drzewo krzy\u017ca, na kt\u00f3rym<br \/>\nzawis\u0142o Zbawienie \u015bwiata<\/i><\/b>, na co ludzie odpowiadaj\u0105: <b><i>P\u00f3jd\u017amy<br \/>\nz pok\u0142onem<\/i><\/b>. Nast\u0119pnie wszyscy wierni mog\u0105 podej\u015b\u0107 i uca\u0142owa\u0107 ods\u0142oni\u0119ty<br \/>\nKrzy\u017c \u2013 <b>za pobo\u017cne spe\u0142nienie tej czynno\u015bci<br \/>\nmo\u017cna uzyska\u0107 odpust zupe\u0142ny.<\/b> Do adoracji nale\u017cy u\u017cy\u0107 tylko jednego Krzy\u017ca.<br \/>\nPo adoracji Krzy\u017ca udzielana jest Komunia \u015awi\u0119ta, z Hostii konsekrowanych w<br \/>\ndniu poprzednim. <\/div>\n<div class=\"MsoNormal\" style=\"text-align: justify; text-indent: 35.4pt;\">\nNa zako\u0144czenie Nabo\u017ce\u0144stwa <b>przenosi si\u0119 Naj\u015bwi\u0119tszy Sakrament do<br \/>\nbocznego o\u0142tarza \u2013 Grobu Pa\u0144skiego,<\/b> w monstrancji okrytej przezroczystym<br \/>\nwelonem, na pami\u0105tk\u0119 okrycia Cia\u0142a Pa\u0144skiego ca\u0142unem. Procesja odbywa si\u0119 przy<br \/>\n\u015bpiewie<b><i> Odszed\u0142 Pasterz nasz, co ukocha\u0142 lud<\/i><\/b>\u2026 <\/div>\n<div class=\"MsoNormal\" style=\"text-align: justify; text-indent: 35.4pt;\">\nPo liturgii znowu odkrywa<br \/>\nsi\u0119 o\u0142tarz, pozostawia si\u0119 natomiast Krzy\u017c z czterema \u015bwiecami. Ods\u0142ania si\u0119<br \/>\nte\u017c inne Krzy\u017ce. Od zako\u0144czenia Liturgii M\u0119ki Pa\u0144skiej a\u017c do Wigilii Paschalnej<br \/>\n\u2013 <b>przed Krzy\u017cem nale\u017cy kl\u0119ka\u0107! <\/b>Adoracja<br \/>\nNaj\u015bwi\u0119tszego Sakramentu w Grobie Pa\u0144skim trwa do p\u00f3\u017anych godzin wieczornych. <\/div>\n<div class=\"MsoNormal\" style=\"text-align: justify; text-indent: 35.4pt;\">\nPrzez ca\u0142y dzie\u0144 nale\u017cy<br \/>\nzachowywa\u0107 <b>post ilo\u015bciowy i wstrzemi\u0119\u017aliwo\u015b\u0107<br \/>\nod pokarm\u00f3w mi\u0119snych.<\/b> Ofiary zbierane w tym dniu na tac\u0119 przeznaczone s\u0105 na<br \/>\nutrzymanie Grobu Pa\u0144skiego w Jerozolimie.<\/div>\n<div class=\"MsoNormal\" style=\"text-align: justify;\">\n<\/div>\n<div align=\"center\" class=\"MsoNormal\" style=\"text-align: center;\">\n<b><u>WIELKA<br \/>\nSOBOTA<\/u><\/b><\/div>\n<div class=\"MsoNormal\" style=\"text-align: justify;\">\n<b>Nie ma Mszy<br \/>\n\u015awi\u0119tej z formularza Wielkiej Soboty.<\/b> Zaleca si\u0119 zachowanie postu, a przynajmniej<br \/>\nwstrzemi\u0119\u017aliwo\u015bci od pokarm\u00f3w mi\u0119snych przez ca\u0142y dzie\u0144 \u2013 do Wigilii<br \/>\nPaschalnej. <b>Od rana trwa adoracja Naj\u015bwi\u0119tszego<br \/>\nSakramentu w Grobie Pa\u0144skim.<\/b> Przez ca\u0142y dzie\u0144 odbywa si\u0119 tak\u017ce po\u015bwi\u0119cenie<br \/>\npokarm\u00f3w na st\u00f3\u0142 wielkanocny, jednak nie mo\u017ce ono zak\u0142\u00f3ca\u0107 adoracji i atmosfery<br \/>\nskupienia po \u015bmierci Jezusa. Jest to bowiem dzie\u0144 wielkiej ciszy i modlitwy\u2026<\/div>\n<div class=\"MsoNormal\" style=\"text-align: justify;\">\n<\/div>\n<div align=\"center\" class=\"MsoNormal\" style=\"text-align: center;\">\n<b><u>NIEDZIELA<br \/>\nZMARTWYCHWSTANIA<\/u><\/b><\/div>\n<div class=\"MsoNormal\" style=\"text-align: justify;\">\n<b>Jej obch\u00f3d<br \/>\nrozpoczyna si\u0119 Liturgi\u0105 Wigilii Paschalnej, w sobot\u0119, w p\u00f3\u017aniejszych godzinach<br \/>\nwieczornych.<\/b><br \/>\n<b>Nie wolno rozpocz\u0105\u0107 jej przed<br \/>\nzapadni\u0119ciem nocy!<\/b> Innej godziny nie mo\u017cna t\u0142umaczy\u0107 nawet wzgl\u0119dami bezpiecze\u0144stwa.<br \/>\nLiturgii tej <b>nie nale\u017cy rozumie\u0107 jako<br \/>\nmomentu zako\u0144czenia Wielkiej Soboty, ale jako liturgi\u0119 sprawowan\u0105 w Noc<br \/>\nZmartwychwstania.<\/b> Przed jej rozpocz\u0119ciem ko\u0144czy si\u0119 adoracj\u0119 w Grobie. <b>Na przebieg Wigilii Paschalnej sk\u0142ada<\/b> <b>si\u0119: Liturgia \u015awiat\u0142a, Liturgia S\u0142owa,<br \/>\nLiturgia Chrzcielna i Liturgia Eucharystyczna.<\/b> <b><u>Jest to najwa\u017cniejsza Msza \u015awi\u0119ta w ci\u0105gu ca\u0142ego roku!<\/u><\/b><br \/>\nNiedzielna poranna Rezurekcja \u2013 to ju\u017c druga Msza \u015awi\u0119ta o Zmartwychwstaniu Jezusa.\n<\/div>\n<div class=\"MsoNormal\" style=\"text-align: justify; text-indent: 35.4pt;\">\nLiturgi\u0119 Wigilii Paschalnej<br \/>\nrozpoczyna si\u0119 przed drzwiami ko\u015bcio\u0142a, gdzie Celebrans <b>po\u015bwi\u0119ca ogie\u0144, nast\u0119pnie od niego zapala Pascha\u0142,<\/b> \u015bwiec\u0119 b\u0119d\u0105c\u0105<br \/>\nsymbolem Chrystusa Zmartwychwsta\u0142ego. \u015awieca Paschalna ma by\u0107 odlana z wosku,<br \/>\ncorocznie nowa, jedna, zwyczajnej wielko\u015bci \u2013 nigdy sztuczna! Potem <b>Celebrans wnosi zapalony Pascha\u0142 do ko\u015bcio\u0142a,<\/b><br \/>\ntrzykrotnie \u015bpiewaj\u0105c: <i>\u015awiat\u0142o Chrystusa,<\/i><br \/>\nna co wierni odpowiadaj\u0105 za ka\u017cdym razem: <i>Bogu<br \/>\nniech b\u0119d\u0105 dzi\u0119ki <\/i>i zapalaj\u0105 od Pascha\u0142u swoje \u015bwiece, przekazuj\u0105c \u015bwiat\u0142o<br \/>\nsobie nawzajem. <\/div>\n<div class=\"MsoNormal\" style=\"text-align: justify; text-indent: 35.4pt;\">\nW Liturgii S\u0142owa nale\u017cy<br \/>\nprzeczyta\u0107 przynajmniej trzy czytania ze Starego Testamentu, po czym nast\u0119puje<br \/>\nhymn: <i>Chwa\u0142a na wysoko\u015bci Bogu<\/i>\u2026 <b>Wtedy ponownie rozbrzmiewaj\u0105 dzwony i<br \/>\norgany. Radosne \u201eAlleluja\u201d zwiastuje nowin\u0119 o Zmartwychwstaniu Chrystusa. <\/b><\/div>\n<div class=\"MsoNormal\" style=\"text-align: justify; text-indent: 35.4pt;\">\nW czasie liturgii<br \/>\nchrzcielnej po\u015bwi\u0119ca si\u0119 wod\u0119, kt\u00f3r\u0105 b\u0119dzie si\u0119 dokonywa\u0142o Chrzt\u00f3w przez ca\u0142y<br \/>\nrok. Je\u017celi s\u0105 kandydaci do Chrztu, udziela si\u0119 tego Sakramentu. <b>Wszyscy obecni odnawiaj\u0105 przyrzeczenia<br \/>\nchrzcielne, za co mog\u0105 zyska\u0107 odpust zupe\u0142ny.<\/b> Wszystkie teksty mszalne i<br \/>\n\u015bpiewy dotycz\u0105 ju\u017c tajemnicy Zmartwychwstania. <\/div>\n<div class=\"MsoNormal\" style=\"text-align: justify; text-indent: 35.4pt;\">\nEwentualna nocna adoracja<br \/>\nNaj\u015bwi\u0119tszego Sakramentu w Grobie <b>nie<br \/>\nmo\u017ce mie\u0107 charakteru wielkopostnego, ale charakter dzi\u0119kczynienia i uwielbienia.<br \/>\n<\/b><\/div>\n<div class=\"MsoNormal\" style=\"text-align: justify;\">\n&nbsp;&nbsp;&nbsp;&nbsp;&nbsp;&nbsp;&nbsp;&nbsp;&nbsp;&nbsp;&nbsp; W<br \/>\nsam dzie\u0144 Niedzieli Zmartwychwstania Pa\u0144skiego odbywaj\u0105 si\u0119 uroczyste Msze<br \/>\n\u015awi\u0119te, wed\u0142ug tekst\u00f3w dotycz\u0105cych tej tajemnicy. <b>Msza \u015awi\u0119ta wieczorna w Niedziel\u0119 Zmartwychwstania ko\u0144czy \u015awi\u0119te Triduum<br \/>\nPaschalne.<\/b> Przez ca\u0142y dzie\u0144 jako akt pokutny dobrze jest zastosowa\u0107 pokropienie<br \/>\nwod\u0105 pob\u0142ogos\u0142awion\u0105 w Wigili\u0119. T\u0105 sam\u0105 wod\u0105 wype\u0142nia si\u0119 te\u017c kropielnic\u0119 przy<br \/>\nwej\u015bciu do ko\u015bcio\u0142a. Przed <i>Alleluja <\/i>\u015bpiewa<br \/>\nsi\u0119 sekwencj\u0119: <i>Niech w \u015bwi\u0119to radosne<br \/>\npaschalnej Ofiary<\/i> \u2013 w czasie tego \u015bpiewu wszyscy stoj\u0105. Mo\u017cna j\u0105 wykonywa\u0107<br \/>\nwe wszystkie dni Oktawy Wielkanocnej. <\/div>\n<div class=\"MsoNormal\" style=\"text-align: justify;\">\n<\/div>\n<div align=\"center\" class=\"MsoNormal\" style=\"text-align: center;\">\n<b><u>OKTAWA WIELKANOCNA<\/u><\/b><\/div>\n<div class=\"MsoNormal\" style=\"text-align: justify;\">\nPoniedzia\u0142ek Wielkanocny, kt\u00f3ry w naszej polskiej<br \/>\ntradycji jest drugim dniem \u015awi\u0105t, w sensie liturgicznym ma tak\u0105 sam\u0105 rang\u0119, jak<br \/>\nwszystkie <b>kolejne dni Oktawy, czyli<br \/>\no\u015bmiu uroczystych dni<\/b> od Zmartwychwstania Pa\u0144skiego. <b>Wszystkie te dni stanowi\u0105 ci\u0105g dalszy rado\u015bci Ko\u015bcio\u0142a z faktu, \u017ce<br \/>\nJezus \u017cyje.<\/b> <\/div>\n<div class=\"MsoNormal\" style=\"text-align: justify;\">\n<\/div>\n<div align=\"center\" class=\"MsoNormal\" style=\"text-align: center;\">\n<b><u>OKRES<br \/>\nWIELKANOCNY<\/u><\/b><\/div>\n<div class=\"MsoNormal\" style=\"text-align: justify;\">\n<b>Pi\u0119\u0107dziesi\u0105t<br \/>\ndni od Niedzieli Zmartwychwstania \u2013 do Niedzieli Zes\u0142ania Ducha \u015awi\u0119tego obchodzi<br \/>\nsi\u0119 Okres Wielkanocny.<\/b> W tym czasie Pascha\u0142 stoi przy o\u0142tarzu i winien by\u0107 zapalany<br \/>\nprzynajmniej we wszystkich uroczystych celebracjach liturgicznych. <b><u><\/u><\/b><\/div>\n<div class=\"MsoNormal\" style=\"text-align: justify;\">\n<\/div>\n","protected":false},"excerpt":{"rendered":"<p>Niech b\u0119dzie pochwalony Jezus Chrystus! Zgodnie z obietnic\u0105, przypominam charakterystyk\u0119 \u015awi\u0119tego Triduum Paschalnego, wraz ze wzmiank\u0105 o tym, co po nim. Prosz\u0119, zechciejcie si\u0119 tym zainteresowa\u0107 i tak\u017ce innych uczuli\u0107 na w\u0142a\u015bciwe prze\u017cywanie tego najwa\u017cniejszego w skali ca\u0142ego roku czasu. &nbsp; &nbsp; A na prze\u017cywanie Niedzieli Palmowej przesy\u0142am moje kap\u0142a\u0144skie b\u0142ogos\u0142awie\u0144stwo: Niech Was b\u0142ogos\u0142awi B\u00f3g [&hellip;]<\/p>\n","protected":false},"author":1,"featured_media":0,"comment_status":"open","ping_status":"open","sticky":false,"template":"","format":"standard","meta":{"jetpack_post_was_ever_published":false,"_jetpack_newsletter_access":"","_jetpack_dont_email_post_to_subs":false,"_jetpack_newsletter_tier_id":0,"_jetpack_memberships_contains_paywalled_content":false,"_jetpack_memberships_contains_paid_content":false,"footnotes":""},"categories":[1],"tags":[],"class_list":["post-9533","post","type-post","status-publish","format-standard","hentry","category-bez-kategorii"],"yoast_head":"<!-- This site is optimized with the Yoast SEO plugin v25.1 - https:\/\/yoast.com\/wordpress\/plugins\/seo\/ -->\n<title>Rozpoczynamy Wielki Tydzie\u0144! - Gaudium Et Spes<\/title>\n<meta name=\"robots\" content=\"index, follow, max-snippet:-1, max-image-preview:large, max-video-preview:-1\" \/>\n<link rel=\"canonical\" href=\"https:\/\/gaudiumetspes-blog.pl\/index.php\/2012\/04\/01\/rozpoczynamy-wielki-tydzien\/\" \/>\n<meta property=\"og:locale\" content=\"pl_PL\" \/>\n<meta property=\"og:type\" content=\"article\" \/>\n<meta property=\"og:title\" content=\"Rozpoczynamy Wielki Tydzie\u0144! - Gaudium Et Spes\" \/>\n<meta property=\"og:description\" content=\"Niech b\u0119dzie pochwalony Jezus Chrystus! Zgodnie z obietnic\u0105, przypominam charakterystyk\u0119 \u015awi\u0119tego Triduum Paschalnego, wraz ze wzmiank\u0105 o tym, co po nim. Prosz\u0119, zechciejcie si\u0119 tym zainteresowa\u0107 i tak\u017ce innych uczuli\u0107 na w\u0142a\u015bciwe prze\u017cywanie tego najwa\u017cniejszego w skali ca\u0142ego roku czasu. &nbsp; &nbsp; A na prze\u017cywanie Niedzieli Palmowej przesy\u0142am moje kap\u0142a\u0144skie b\u0142ogos\u0142awie\u0144stwo: Niech Was b\u0142ogos\u0142awi B\u00f3g [&hellip;]\" \/>\n<meta property=\"og:url\" content=\"https:\/\/gaudiumetspes-blog.pl\/index.php\/2012\/04\/01\/rozpoczynamy-wielki-tydzien\/\" \/>\n<meta property=\"og:site_name\" content=\"Gaudium Et Spes\" \/>\n<meta property=\"article:published_time\" content=\"2012-04-01T04:41:00+00:00\" \/>\n<meta property=\"article:modified_time\" content=\"2019-07-31T10:53:07+00:00\" \/>\n<meta name=\"author\" content=\"Ks. Jacek\" \/>\n<meta name=\"twitter:card\" content=\"summary_large_image\" \/>\n<meta name=\"twitter:label1\" content=\"Napisane przez\" \/>\n\t<meta name=\"twitter:data1\" content=\"Ks. Jacek\" \/>\n\t<meta name=\"twitter:label2\" content=\"Szacowany czas czytania\" \/>\n\t<meta name=\"twitter:data2\" content=\"9 minut\" \/>\n<script type=\"application\/ld+json\" class=\"yoast-schema-graph\">{\"@context\":\"https:\/\/schema.org\",\"@graph\":[{\"@type\":\"WebPage\",\"@id\":\"https:\/\/gaudiumetspes-blog.pl\/index.php\/2012\/04\/01\/rozpoczynamy-wielki-tydzien\/\",\"url\":\"https:\/\/gaudiumetspes-blog.pl\/index.php\/2012\/04\/01\/rozpoczynamy-wielki-tydzien\/\",\"name\":\"Rozpoczynamy Wielki Tydzie\u0144! - Gaudium Et Spes\",\"isPartOf\":{\"@id\":\"https:\/\/gaudiumetspes-blog.pl\/#website\"},\"datePublished\":\"2012-04-01T04:41:00+00:00\",\"dateModified\":\"2019-07-31T10:53:07+00:00\",\"author\":{\"@id\":\"https:\/\/gaudiumetspes-blog.pl\/#\/schema\/person\/1661982992b752dea8dff0d4ed845a65\"},\"breadcrumb\":{\"@id\":\"https:\/\/gaudiumetspes-blog.pl\/index.php\/2012\/04\/01\/rozpoczynamy-wielki-tydzien\/#breadcrumb\"},\"inLanguage\":\"pl-PL\",\"potentialAction\":[{\"@type\":\"ReadAction\",\"target\":[\"https:\/\/gaudiumetspes-blog.pl\/index.php\/2012\/04\/01\/rozpoczynamy-wielki-tydzien\/\"]}]},{\"@type\":\"BreadcrumbList\",\"@id\":\"https:\/\/gaudiumetspes-blog.pl\/index.php\/2012\/04\/01\/rozpoczynamy-wielki-tydzien\/#breadcrumb\",\"itemListElement\":[{\"@type\":\"ListItem\",\"position\":1,\"name\":\"Strona g\u0142\u00f3wna\",\"item\":\"https:\/\/gaudiumetspes-blog.pl\/\"},{\"@type\":\"ListItem\",\"position\":2,\"name\":\"Rozpoczynamy Wielki Tydzie\u0144!\"}]},{\"@type\":\"WebSite\",\"@id\":\"https:\/\/gaudiumetspes-blog.pl\/#website\",\"url\":\"https:\/\/gaudiumetspes-blog.pl\/\",\"name\":\"Gaudium Et Spes\",\"description\":\"Blog Ks. Jacka Ja\u015bkowskiego\",\"potentialAction\":[{\"@type\":\"SearchAction\",\"target\":{\"@type\":\"EntryPoint\",\"urlTemplate\":\"https:\/\/gaudiumetspes-blog.pl\/?s={search_term_string}\"},\"query-input\":{\"@type\":\"PropertyValueSpecification\",\"valueRequired\":true,\"valueName\":\"search_term_string\"}}],\"inLanguage\":\"pl-PL\"},{\"@type\":\"Person\",\"@id\":\"https:\/\/gaudiumetspes-blog.pl\/#\/schema\/person\/1661982992b752dea8dff0d4ed845a65\",\"name\":\"Ks. Jacek\",\"image\":{\"@type\":\"ImageObject\",\"inLanguage\":\"pl-PL\",\"@id\":\"https:\/\/gaudiumetspes-blog.pl\/#\/schema\/person\/image\/\",\"url\":\"https:\/\/gaudiumetspes-blog.pl\/wp-content\/uploads\/2019\/07\/avatar-JJ-150x150.jpg\",\"contentUrl\":\"https:\/\/gaudiumetspes-blog.pl\/wp-content\/uploads\/2019\/07\/avatar-JJ-150x150.jpg\",\"caption\":\"Ks. Jacek\"},\"description\":\"Witam serdecznie! K\u0142ania si\u0119 Ks. Jacek Ja\u015bkowski. Nie jestem ani kim\u015b wa\u017cnym, ani kim\u015b znanym. Jestem ksi\u0119dzem, kt\u00f3ry po prostu chce rozmawia\u0107. Codzienna kap\u0142a\u0144ska pos\u0142uga pokazuje mi, \u017ce temat\u00f3w do rozm\u00f3w z ksi\u0119dzem jest coraz wi\u0119cej i dzisiaj \u017caden ksi\u0105dz nie mo\u017ce od nich ucieka\u0107, ale - wprost przeciwnie - podejmowa\u0107 nowe wyzwania. To przekonanie sk\u0142oni\u0142o mnie do pr\u00f3by otwarcia tego\u017c bloga, chocia\u017c okazji do rozm\u00f3w na co dzie\u0144 - w konfesjonale i poza nim - na szcz\u0119\u015bcie nie brakuje. My\u015bl\u0119 jednak, \u017ce ten blog b\u0119dzie jeszcze jednym sposobem i przestrzeni\u0105 nawi\u0105zania kontaktu z lud\u017ami dobrej woli, otwartymi na dialog.\",\"url\":\"https:\/\/gaudiumetspes-blog.pl\/index.php\/author\/ks-jacek\/\"}]}<\/script>\n<!-- \/ Yoast SEO plugin. -->","yoast_head_json":{"title":"Rozpoczynamy Wielki Tydzie\u0144! - Gaudium Et Spes","robots":{"index":"index","follow":"follow","max-snippet":"max-snippet:-1","max-image-preview":"max-image-preview:large","max-video-preview":"max-video-preview:-1"},"canonical":"https:\/\/gaudiumetspes-blog.pl\/index.php\/2012\/04\/01\/rozpoczynamy-wielki-tydzien\/","og_locale":"pl_PL","og_type":"article","og_title":"Rozpoczynamy Wielki Tydzie\u0144! - Gaudium Et Spes","og_description":"Niech b\u0119dzie pochwalony Jezus Chrystus! Zgodnie z obietnic\u0105, przypominam charakterystyk\u0119 \u015awi\u0119tego Triduum Paschalnego, wraz ze wzmiank\u0105 o tym, co po nim. Prosz\u0119, zechciejcie si\u0119 tym zainteresowa\u0107 i tak\u017ce innych uczuli\u0107 na w\u0142a\u015bciwe prze\u017cywanie tego najwa\u017cniejszego w skali ca\u0142ego roku czasu. &nbsp; &nbsp; A na prze\u017cywanie Niedzieli Palmowej przesy\u0142am moje kap\u0142a\u0144skie b\u0142ogos\u0142awie\u0144stwo: Niech Was b\u0142ogos\u0142awi B\u00f3g [&hellip;]","og_url":"https:\/\/gaudiumetspes-blog.pl\/index.php\/2012\/04\/01\/rozpoczynamy-wielki-tydzien\/","og_site_name":"Gaudium Et Spes","article_published_time":"2012-04-01T04:41:00+00:00","article_modified_time":"2019-07-31T10:53:07+00:00","author":"Ks. Jacek","twitter_card":"summary_large_image","twitter_misc":{"Napisane przez":"Ks. Jacek","Szacowany czas czytania":"9 minut"},"schema":{"@context":"https:\/\/schema.org","@graph":[{"@type":"WebPage","@id":"https:\/\/gaudiumetspes-blog.pl\/index.php\/2012\/04\/01\/rozpoczynamy-wielki-tydzien\/","url":"https:\/\/gaudiumetspes-blog.pl\/index.php\/2012\/04\/01\/rozpoczynamy-wielki-tydzien\/","name":"Rozpoczynamy Wielki Tydzie\u0144! - Gaudium Et Spes","isPartOf":{"@id":"https:\/\/gaudiumetspes-blog.pl\/#website"},"datePublished":"2012-04-01T04:41:00+00:00","dateModified":"2019-07-31T10:53:07+00:00","author":{"@id":"https:\/\/gaudiumetspes-blog.pl\/#\/schema\/person\/1661982992b752dea8dff0d4ed845a65"},"breadcrumb":{"@id":"https:\/\/gaudiumetspes-blog.pl\/index.php\/2012\/04\/01\/rozpoczynamy-wielki-tydzien\/#breadcrumb"},"inLanguage":"pl-PL","potentialAction":[{"@type":"ReadAction","target":["https:\/\/gaudiumetspes-blog.pl\/index.php\/2012\/04\/01\/rozpoczynamy-wielki-tydzien\/"]}]},{"@type":"BreadcrumbList","@id":"https:\/\/gaudiumetspes-blog.pl\/index.php\/2012\/04\/01\/rozpoczynamy-wielki-tydzien\/#breadcrumb","itemListElement":[{"@type":"ListItem","position":1,"name":"Strona g\u0142\u00f3wna","item":"https:\/\/gaudiumetspes-blog.pl\/"},{"@type":"ListItem","position":2,"name":"Rozpoczynamy Wielki Tydzie\u0144!"}]},{"@type":"WebSite","@id":"https:\/\/gaudiumetspes-blog.pl\/#website","url":"https:\/\/gaudiumetspes-blog.pl\/","name":"Gaudium Et Spes","description":"Blog Ks. Jacka Ja\u015bkowskiego","potentialAction":[{"@type":"SearchAction","target":{"@type":"EntryPoint","urlTemplate":"https:\/\/gaudiumetspes-blog.pl\/?s={search_term_string}"},"query-input":{"@type":"PropertyValueSpecification","valueRequired":true,"valueName":"search_term_string"}}],"inLanguage":"pl-PL"},{"@type":"Person","@id":"https:\/\/gaudiumetspes-blog.pl\/#\/schema\/person\/1661982992b752dea8dff0d4ed845a65","name":"Ks. Jacek","image":{"@type":"ImageObject","inLanguage":"pl-PL","@id":"https:\/\/gaudiumetspes-blog.pl\/#\/schema\/person\/image\/","url":"https:\/\/gaudiumetspes-blog.pl\/wp-content\/uploads\/2019\/07\/avatar-JJ-150x150.jpg","contentUrl":"https:\/\/gaudiumetspes-blog.pl\/wp-content\/uploads\/2019\/07\/avatar-JJ-150x150.jpg","caption":"Ks. Jacek"},"description":"Witam serdecznie! K\u0142ania si\u0119 Ks. Jacek Ja\u015bkowski. Nie jestem ani kim\u015b wa\u017cnym, ani kim\u015b znanym. Jestem ksi\u0119dzem, kt\u00f3ry po prostu chce rozmawia\u0107. Codzienna kap\u0142a\u0144ska pos\u0142uga pokazuje mi, \u017ce temat\u00f3w do rozm\u00f3w z ksi\u0119dzem jest coraz wi\u0119cej i dzisiaj \u017caden ksi\u0105dz nie mo\u017ce od nich ucieka\u0107, ale - wprost przeciwnie - podejmowa\u0107 nowe wyzwania. To przekonanie sk\u0142oni\u0142o mnie do pr\u00f3by otwarcia tego\u017c bloga, chocia\u017c okazji do rozm\u00f3w na co dzie\u0144 - w konfesjonale i poza nim - na szcz\u0119\u015bcie nie brakuje. My\u015bl\u0119 jednak, \u017ce ten blog b\u0119dzie jeszcze jednym sposobem i przestrzeni\u0105 nawi\u0105zania kontaktu z lud\u017ami dobrej woli, otwartymi na dialog.","url":"https:\/\/gaudiumetspes-blog.pl\/index.php\/author\/ks-jacek\/"}]}},"jetpack_featured_media_url":"","jetpack_sharing_enabled":true,"_links":{"self":[{"href":"https:\/\/gaudiumetspes-blog.pl\/index.php\/wp-json\/wp\/v2\/posts\/9533","targetHints":{"allow":["GET"]}}],"collection":[{"href":"https:\/\/gaudiumetspes-blog.pl\/index.php\/wp-json\/wp\/v2\/posts"}],"about":[{"href":"https:\/\/gaudiumetspes-blog.pl\/index.php\/wp-json\/wp\/v2\/types\/post"}],"author":[{"embeddable":true,"href":"https:\/\/gaudiumetspes-blog.pl\/index.php\/wp-json\/wp\/v2\/users\/1"}],"replies":[{"embeddable":true,"href":"https:\/\/gaudiumetspes-blog.pl\/index.php\/wp-json\/wp\/v2\/comments?post=9533"}],"version-history":[{"count":1,"href":"https:\/\/gaudiumetspes-blog.pl\/index.php\/wp-json\/wp\/v2\/posts\/9533\/revisions"}],"predecessor-version":[{"id":10550,"href":"https:\/\/gaudiumetspes-blog.pl\/index.php\/wp-json\/wp\/v2\/posts\/9533\/revisions\/10550"}],"wp:attachment":[{"href":"https:\/\/gaudiumetspes-blog.pl\/index.php\/wp-json\/wp\/v2\/media?parent=9533"}],"wp:term":[{"taxonomy":"category","embeddable":true,"href":"https:\/\/gaudiumetspes-blog.pl\/index.php\/wp-json\/wp\/v2\/categories?post=9533"},{"taxonomy":"post_tag","embeddable":true,"href":"https:\/\/gaudiumetspes-blog.pl\/index.php\/wp-json\/wp\/v2\/tags?post=9533"}],"curies":[{"name":"wp","href":"https:\/\/api.w.org\/{rel}","templated":true}]}}