{"id":9544,"date":"2012-03-21T10:02:00","date_gmt":"2012-03-21T09:02:00","guid":{"rendered":"https:\/\/gaudiumetspes-blog.pl\/index.php\/2012\/03\/21\/o-milczeniu-boga-i-milczeniu-czowieka\/"},"modified":"2019-07-31T12:53:06","modified_gmt":"2019-07-31T10:53:06","slug":"o-milczeniu-boga-i-milczeniu-czowieka","status":"publish","type":"post","link":"https:\/\/gaudiumetspes-blog.pl\/index.php\/2012\/03\/21\/o-milczeniu-boga-i-milczeniu-czowieka\/","title":{"rendered":"O milczeniu Boga &#8211; i milczeniu cz\u0142owieka&#8230;"},"content":{"rendered":"<p><\/p>\n<div class=\"MsoNormal\" style=\"text-align: justify;\">\nSzcz\u0119\u015b\u0107 Bo\u017ce! Dzisiaj ostatni dzie\u0144 Rekolekcji w Celestynowie. Ca\u0142y czas &#8211; w zwi\u0105zku z tym &#8211; \u017cyj\u0119 w ostrym tempie. Ale mo\u017ce jutro b\u0119dzie spokojniej?&#8230;<\/div>\n<div class=\"MsoNormal\" style=\"text-align: justify;\">\n&nbsp; &nbsp; &nbsp;Dzisiaj s\u0142\u00f3wko z Syberii &#8211; o milczeniu Boga. I milczeniu cz\u0142owieka&#8230; Po przeczytaniu tego, co Marek napisa\u0142, u\u015bwiadomi\u0142em sobie, \u017ce chyba ten temat na blogu, w rozwa\u017caniach, za rzadko si\u0119 pojawia\u0142&#8230; Dobrze, \u017ce dzisiaj go podejmujemy.<\/div>\n<div class=\"MsoNormal\" style=\"text-align: justify;\">\n&nbsp; &nbsp; &nbsp; &nbsp;Postaram si\u0119 dzisiaj, w wolnej chwili, nieco poodpisywa\u0107 na ostatnie Wasze wypowiedzi. Dzi\u0119kuj\u0119 za to, \u017ce kiedy ja &#8222;nie wyrabiam si\u0119 na zakr\u0119tach&#8221;, to Wy jeste\u015bcie i duchowo ubogacacie ten blog.&nbsp;<\/div>\n<div class=\"MsoNormal\" style=\"text-align: justify;\">\n&nbsp; &nbsp; &nbsp; &nbsp; &nbsp; Gaudium et spes! &nbsp;Ks. Jacek<\/div>\n<div class=\"MsoNormal\" style=\"text-align: justify;\">\n<\/div>\n<div class=\"MsoNormal\" style=\"text-align: justify;\">\nDepresja, samotno\u015b\u0107, opuszczenie,<br \/>\nto cz\u0119sty stan cz\u0142owieka dzisiejszych czas\u00f3w. Mo\u017cna to nawet nazwa\u0107 chorob\u0105<br \/>\nnaszej cywilizacji. Mo\u017cna d\u0142ugo wylicza\u0107 przyczyny takiego stanu rzeczy, ale z<br \/>\ndrugiej strony, jest to jaka\u015b wielka tajemnica.<\/div>\n<div class=\"MsoNormal\" style=\"text-align: justify;\">\nTa samotno\u015b\u0107, opuszczenie prowadzi<br \/>\nte\u017c cz\u0142owieka to powa\u017cnych w\u0105tpliwo\u015bci wiary, \u017ce albo cz\u0142owiek zaczyna w\u0105tpi\u0107 w<br \/>\nistnienie Boga, albo ma pretensje do Pana Boga, \u017ce mu nie pomaga, \u017ce milczy.<\/div>\n<div class=\"MsoNormal\" style=\"text-align: justify;\">\nNa ten temat pi\u0119knie, g\u0142\u0119boko<br \/>\nwypowiedzia\u0142 si\u0119 papie\u017c, Benedykt XVI, w swojej \u015brodowej audiencji (07.03.), na<br \/>\nkt\u00f3rej mia\u0142em szcz\u0119\u015bcie by\u0107. <\/div>\n<div class=\"MsoNormal\" style=\"text-align: justify;\">\nPapie\u017c m\u00f3wi w niej o roli<br \/>\nmilczenia w naszej modlitwie. W og\u00f3le o potrzebie milczenia. W jednym miejscu<br \/>\npowiedzia\u0142: \u201eJest jednak tak\u017ce druga wa\u017cna relacja milczenia i modlitwy. Istnieje bowiem<br \/>\nnie tylko nasza cisza, przygotowuj\u0105ca nas na s\u0142uchanie S\u0142owa Bo\u017cego; cz\u0119sto w<br \/>\nnaszej modlitwie mamy do czynienia z milczeniem Boga, do\u015bwiadczamy niemal poczucia<br \/>\nopuszczenia, wydaje si\u0119 nam, \u017ce B\u00f3g nas nie s\u0142ucha i nie odpowiada. Ale ta<br \/>\ncisza, jak mia\u0142o to miejsce w przypadku Jezusa nie oznacza Jego nieobecno\u015bci.<br \/>\nChrze\u015bcijanin wie dobrze, \u017ce B\u00f3g jest obecny i s\u0142ucha, nawet w ciemno\u015bci b\u00f3lu,<br \/>\nodrzucenia i samotno\u015bci. Jezus zapewnia uczni\u00f3w i ka\u017cdego z nas, \u017ce B\u00f3g zna<br \/>\ndobrze nasze potrzeby w ka\u017cdym momencie naszego \u017cycia\u201d.<\/div>\n<div class=\"MsoNormal\" style=\"text-align: justify;\">\nPotem papie\u017c wskazuje na przyk\u0142ad<br \/>\nHioba: \u201eB\u00f3g zna nas<br \/>\nod wewn\u0105trz, bardziej ni\u017c my samych siebie i nas mi\u0142uje: to powinno wystarcza\u0107.<br \/>\nPod tym wzgl\u0119dem szczeg\u00f3lnie istotne jest w Biblii do\u015bwiadczenie Hioba.<br \/>\nCz\u0142owiek ten w kr\u00f3tkim okresie traci wszystko: rodzin\u0119, maj\u0105tek, przyjaci\u00f3\u0142,<br \/>\nzdrowie: wydaje si\u0119 w\u0142a\u015bnie, \u017ce postawa Boga wobec niego jest postaw\u0105<br \/>\nporzucenia, ca\u0142kowitego milczenia. A jednak Hiob w swojej relacji z Bogiem, rozmawia<br \/>\nz Bogiem, wo\u0142a do Niego w swojej modlitwie, mimo wszystko zachowuje nienaruszon\u0105<br \/>\nwiar\u0119 i na ko\u0144cu odkrywa warto\u015b\u0107 swojego do\u015bwiadczenia oraz milczenia Boga. W<br \/>\nten spos\u00f3b pod koniec, zwracaj\u0105c si\u0119 do Stw\u00f3rcy, mo\u017ce zako\u0144czy\u0107: \u201eDot\u0105d Ci\u0119<br \/>\nzna\u0142em ze s\u0142yszenia, obecnie ujrza\u0142em Ci\u0119 wzrokiem\u201d (Hi 42,5)\u201d.<\/div>\n<div class=\"MsoNormal\" style=\"text-align: justify;\">\nTak\u017ce wielu \u015bwi\u0119tych w swoim<br \/>\n\u017cyciu, duchowo\u015bci, w swojej drodze \u015bwi\u0119to\u015bci do\u015bwiadczy\u0142o takiego milczenia<br \/>\nBoga.<\/div>\n<div class=\"MsoNormal\" style=\"text-align: justify;\">\nMilczenie Boga, to Jego cicha obecno\u015b\u0107, to tak\u017ce znak<br \/>\nJego mi\u0142o\u015bci. On sam dzi\u015b o tym nas zapewnia. Na ko\u0144cu I czytania, czytamy: \u201eZabrzmijcie<br \/>\nweselem, niebiosa! Raduj si\u0119, ziemio! G\u00f3ry, wybuchnijcie radosnym okrzykiem!<br \/>\nAlbowiem Pan pocieszy\u0142 sw\u00f3j lud, zlitowa\u0142 si\u0119 nad jego biednymi. M\u00f3wi\u0142 Syjon:<br \/>\nPan mnie opu\u015bci\u0142, Pan o mnie zapomnia\u0142. Czy\u017c mo\u017ce niewiasta zapomnie\u0107 o swym<br \/>\nniemowl\u0119ciu, ta, kt\u00f3ra kocha syna swego \u0142ona? A nawet, gdyby ona zapomnia\u0142a, Ja<br \/>\nnie zapomn\u0119 o tobie\u201d.<\/div>\n<div class=\"MsoNormal\" style=\"text-align: justify;\">\nTo jest \u015bwiadectwo wielkiej mi\u0142o\u015bci Boga. Pocz\u0105tek i<br \/>\n\u017ar\u00f3d\u0142o tej mi\u0142o\u015bci mo\u017cemy znale\u017a\u0107 w relacji Tr\u00f3jcy \u015awi\u0119tej, relacji Ojca i<br \/>\nSyna, o czym s\u0142yszymy dzi\u015b w Ewangelii: \u201eOjciec bowiem mi\u0142uje Syna i<br \/>\nukazuje Mu to wszystko, co On sam czyni, i jeszcze wi\u0119ksze dzie\u0142a uka\u017ce Mu,<br \/>\naby\u015bcie si\u0119 dziwili\u201d.<\/div>\n<div class=\"MsoNormal\" style=\"text-align: justify;\">\nMi\u0142o\u015b\u0107 Boga, to wieczna, niesko\u0144czona mi\u0142o\u015b\u0107, dla<br \/>\nkt\u00f3rej nie istniej\u0105 granice, nawet granica \u015bmierci: \u201eJak Ojciec<br \/>\nwskrzesza umar\u0142ych i o\u017cywia, tak r\u00f3wnie\u017c i Syn o\u017cywia tych, kt\u00f3rych chce.<br \/>\nZaprawd\u0119, zaprawd\u0119, powiadam wam: Kto s\u0142ucha s\u0142owa mego i wierzy w Tego, kt\u00f3ry<br \/>\nMnie pos\u0142a\u0142, ma \u017cycie wieczne i nie idzie na s\u0105d, lecz ze \u015bmierci przeszed\u0142 do<br \/>\n\u017cycia. Zaprawd\u0119, zaprawd\u0119, powiadam wam, \u017ce nadchodzi godzina, nawet ju\u017c jest,<br \/>\nkiedy to umarli us\u0142ysz\u0105 g\u0142os Syna Bo\u017cego, i ci, kt\u00f3rzy us\u0142ysz\u0105, \u017cy\u0107 b\u0119d\u0105\u201d.<\/div>\n<div class=\"MsoNormal\" style=\"text-align: justify;\">\nNasza wielkopostna cisza \u2013 medytacja, adoracja,<br \/>\nkontemplacja Jezusa, Jego cierpienia, mo\u017ce nas doprowadzi\u0107 do nowego,<br \/>\ng\u0142\u0119bokiego odkrycia i zrozumienia tej wielkiej Bo\u017cej mi\u0142o\u015bci, kt\u00f3ra jest, nawet<br \/>\nje\u015bli niczego nie m\u00f3wi. <\/div>\n<div class=\"MsoNormal\" style=\"text-align: justify;\">\nTo te\u017c przyk\u0142ad dla nas. S\u0105 czasem takie sytuacje, \u017ce<br \/>\nnie wiemy co powiedzie\u0107 cz\u0142owiekowi \u2013 on cierpi, choruje, umiera, albo umar\u0142 mu<br \/>\nkto\u015b bliski\u2026 Nie wiemy co powiedzie\u0107, wszystkie s\u0142owa wydaj\u0105 si\u0119 ma\u0142e. Wtedy<br \/>\ncz\u0119sto uciekamy, nie wiemy jak si\u0119 zachowa\u0107, co powiedzie\u0107, dlatego raczej<br \/>\nunikamy spotka\u0144 z takim cz\u0142owiekiem, przez co on czuje si\u0119 jeszcze bardziej<br \/>\nopuszczonym w swoim problemie. B\u00f3g uczy nas, \u017ce mo\u017cna milcze\u0107, ale trzeba by\u0107.<br \/>\nW takiej chwili o wiele wa\u017cniejsza jest obecno\u015b\u0107 ni\u017c jakiekolwiek s\u0142owo.<\/div>\n<div class=\"MsoNormal\" style=\"text-align: justify;\">\nTa obecno\u015b\u0107, milcz\u0105ca obecno\u015b\u0107 i blisko\u015b\u0107 jest znakiem<br \/>\ni przejawem mi\u0142o\u015bci.<\/div>\n","protected":false},"excerpt":{"rendered":"<p>Szcz\u0119\u015b\u0107 Bo\u017ce! Dzisiaj ostatni dzie\u0144 Rekolekcji w Celestynowie. Ca\u0142y czas &#8211; w zwi\u0105zku z tym &#8211; \u017cyj\u0119 w ostrym tempie. Ale mo\u017ce jutro b\u0119dzie spokojniej?&#8230; &nbsp; &nbsp; &nbsp;Dzisiaj s\u0142\u00f3wko z Syberii &#8211; o milczeniu Boga. I milczeniu cz\u0142owieka&#8230; Po przeczytaniu tego, co Marek napisa\u0142, u\u015bwiadomi\u0142em sobie, \u017ce chyba ten temat na blogu, w rozwa\u017caniach, za [&hellip;]<\/p>\n","protected":false},"author":1,"featured_media":0,"comment_status":"open","ping_status":"open","sticky":false,"template":"","format":"standard","meta":{"jetpack_post_was_ever_published":false,"_jetpack_newsletter_access":"","_jetpack_dont_email_post_to_subs":false,"_jetpack_newsletter_tier_id":0,"_jetpack_memberships_contains_paywalled_content":false,"_jetpack_memberships_contains_paid_content":false,"footnotes":""},"categories":[1],"tags":[],"class_list":["post-9544","post","type-post","status-publish","format-standard","hentry","category-bez-kategorii"],"yoast_head":"<!-- This site is optimized with the Yoast SEO plugin v25.1 - https:\/\/yoast.com\/wordpress\/plugins\/seo\/ -->\n<title>O milczeniu Boga - i milczeniu cz\u0142owieka... - Gaudium Et Spes<\/title>\n<meta name=\"robots\" content=\"index, follow, max-snippet:-1, max-image-preview:large, max-video-preview:-1\" \/>\n<link rel=\"canonical\" href=\"https:\/\/gaudiumetspes-blog.pl\/index.php\/2012\/03\/21\/o-milczeniu-boga-i-milczeniu-czowieka\/\" \/>\n<meta property=\"og:locale\" content=\"pl_PL\" \/>\n<meta property=\"og:type\" content=\"article\" \/>\n<meta property=\"og:title\" content=\"O milczeniu Boga - i milczeniu cz\u0142owieka... - Gaudium Et Spes\" \/>\n<meta property=\"og:description\" content=\"Szcz\u0119\u015b\u0107 Bo\u017ce! Dzisiaj ostatni dzie\u0144 Rekolekcji w Celestynowie. Ca\u0142y czas &#8211; w zwi\u0105zku z tym &#8211; \u017cyj\u0119 w ostrym tempie. Ale mo\u017ce jutro b\u0119dzie spokojniej?&#8230; &nbsp; &nbsp; &nbsp;Dzisiaj s\u0142\u00f3wko z Syberii &#8211; o milczeniu Boga. I milczeniu cz\u0142owieka&#8230; Po przeczytaniu tego, co Marek napisa\u0142, u\u015bwiadomi\u0142em sobie, \u017ce chyba ten temat na blogu, w rozwa\u017caniach, za [&hellip;]\" \/>\n<meta property=\"og:url\" content=\"https:\/\/gaudiumetspes-blog.pl\/index.php\/2012\/03\/21\/o-milczeniu-boga-i-milczeniu-czowieka\/\" \/>\n<meta property=\"og:site_name\" content=\"Gaudium Et Spes\" \/>\n<meta property=\"article:published_time\" content=\"2012-03-21T09:02:00+00:00\" \/>\n<meta property=\"article:modified_time\" content=\"2019-07-31T10:53:06+00:00\" \/>\n<meta name=\"author\" content=\"Ks. Jacek\" \/>\n<meta name=\"twitter:card\" content=\"summary_large_image\" \/>\n<meta name=\"twitter:label1\" content=\"Napisane przez\" \/>\n\t<meta name=\"twitter:data1\" content=\"Ks. Jacek\" \/>\n\t<meta name=\"twitter:label2\" content=\"Szacowany czas czytania\" \/>\n\t<meta name=\"twitter:data2\" content=\"5 minut\" \/>\n<script type=\"application\/ld+json\" class=\"yoast-schema-graph\">{\"@context\":\"https:\/\/schema.org\",\"@graph\":[{\"@type\":\"WebPage\",\"@id\":\"https:\/\/gaudiumetspes-blog.pl\/index.php\/2012\/03\/21\/o-milczeniu-boga-i-milczeniu-czowieka\/\",\"url\":\"https:\/\/gaudiumetspes-blog.pl\/index.php\/2012\/03\/21\/o-milczeniu-boga-i-milczeniu-czowieka\/\",\"name\":\"O milczeniu Boga - i milczeniu cz\u0142owieka... - Gaudium Et Spes\",\"isPartOf\":{\"@id\":\"https:\/\/gaudiumetspes-blog.pl\/#website\"},\"datePublished\":\"2012-03-21T09:02:00+00:00\",\"dateModified\":\"2019-07-31T10:53:06+00:00\",\"author\":{\"@id\":\"https:\/\/gaudiumetspes-blog.pl\/#\/schema\/person\/1661982992b752dea8dff0d4ed845a65\"},\"breadcrumb\":{\"@id\":\"https:\/\/gaudiumetspes-blog.pl\/index.php\/2012\/03\/21\/o-milczeniu-boga-i-milczeniu-czowieka\/#breadcrumb\"},\"inLanguage\":\"pl-PL\",\"potentialAction\":[{\"@type\":\"ReadAction\",\"target\":[\"https:\/\/gaudiumetspes-blog.pl\/index.php\/2012\/03\/21\/o-milczeniu-boga-i-milczeniu-czowieka\/\"]}]},{\"@type\":\"BreadcrumbList\",\"@id\":\"https:\/\/gaudiumetspes-blog.pl\/index.php\/2012\/03\/21\/o-milczeniu-boga-i-milczeniu-czowieka\/#breadcrumb\",\"itemListElement\":[{\"@type\":\"ListItem\",\"position\":1,\"name\":\"Strona g\u0142\u00f3wna\",\"item\":\"https:\/\/gaudiumetspes-blog.pl\/\"},{\"@type\":\"ListItem\",\"position\":2,\"name\":\"O&nbsp;milczeniu Boga &#8211; i&nbsp;milczeniu cz\u0142owieka&#8230;\"}]},{\"@type\":\"WebSite\",\"@id\":\"https:\/\/gaudiumetspes-blog.pl\/#website\",\"url\":\"https:\/\/gaudiumetspes-blog.pl\/\",\"name\":\"Gaudium Et Spes\",\"description\":\"Blog Ks. Jacka Ja\u015bkowskiego\",\"potentialAction\":[{\"@type\":\"SearchAction\",\"target\":{\"@type\":\"EntryPoint\",\"urlTemplate\":\"https:\/\/gaudiumetspes-blog.pl\/?s={search_term_string}\"},\"query-input\":{\"@type\":\"PropertyValueSpecification\",\"valueRequired\":true,\"valueName\":\"search_term_string\"}}],\"inLanguage\":\"pl-PL\"},{\"@type\":\"Person\",\"@id\":\"https:\/\/gaudiumetspes-blog.pl\/#\/schema\/person\/1661982992b752dea8dff0d4ed845a65\",\"name\":\"Ks. Jacek\",\"image\":{\"@type\":\"ImageObject\",\"inLanguage\":\"pl-PL\",\"@id\":\"https:\/\/gaudiumetspes-blog.pl\/#\/schema\/person\/image\/\",\"url\":\"https:\/\/gaudiumetspes-blog.pl\/wp-content\/uploads\/2019\/07\/avatar-JJ-150x150.jpg\",\"contentUrl\":\"https:\/\/gaudiumetspes-blog.pl\/wp-content\/uploads\/2019\/07\/avatar-JJ-150x150.jpg\",\"caption\":\"Ks. Jacek\"},\"description\":\"Witam serdecznie! K\u0142ania si\u0119 Ks. Jacek Ja\u015bkowski. Nie jestem ani kim\u015b wa\u017cnym, ani kim\u015b znanym. Jestem ksi\u0119dzem, kt\u00f3ry po prostu chce rozmawia\u0107. Codzienna kap\u0142a\u0144ska pos\u0142uga pokazuje mi, \u017ce temat\u00f3w do rozm\u00f3w z ksi\u0119dzem jest coraz wi\u0119cej i dzisiaj \u017caden ksi\u0105dz nie mo\u017ce od nich ucieka\u0107, ale - wprost przeciwnie - podejmowa\u0107 nowe wyzwania. To przekonanie sk\u0142oni\u0142o mnie do pr\u00f3by otwarcia tego\u017c bloga, chocia\u017c okazji do rozm\u00f3w na co dzie\u0144 - w konfesjonale i poza nim - na szcz\u0119\u015bcie nie brakuje. My\u015bl\u0119 jednak, \u017ce ten blog b\u0119dzie jeszcze jednym sposobem i przestrzeni\u0105 nawi\u0105zania kontaktu z lud\u017ami dobrej woli, otwartymi na dialog.\",\"url\":\"https:\/\/gaudiumetspes-blog.pl\/index.php\/author\/ks-jacek\/\"}]}<\/script>\n<!-- \/ Yoast SEO plugin. -->","yoast_head_json":{"title":"O milczeniu Boga - i milczeniu cz\u0142owieka... - Gaudium Et Spes","robots":{"index":"index","follow":"follow","max-snippet":"max-snippet:-1","max-image-preview":"max-image-preview:large","max-video-preview":"max-video-preview:-1"},"canonical":"https:\/\/gaudiumetspes-blog.pl\/index.php\/2012\/03\/21\/o-milczeniu-boga-i-milczeniu-czowieka\/","og_locale":"pl_PL","og_type":"article","og_title":"O milczeniu Boga - i milczeniu cz\u0142owieka... - Gaudium Et Spes","og_description":"Szcz\u0119\u015b\u0107 Bo\u017ce! Dzisiaj ostatni dzie\u0144 Rekolekcji w Celestynowie. Ca\u0142y czas &#8211; w zwi\u0105zku z tym &#8211; \u017cyj\u0119 w ostrym tempie. Ale mo\u017ce jutro b\u0119dzie spokojniej?&#8230; &nbsp; &nbsp; &nbsp;Dzisiaj s\u0142\u00f3wko z Syberii &#8211; o milczeniu Boga. I milczeniu cz\u0142owieka&#8230; Po przeczytaniu tego, co Marek napisa\u0142, u\u015bwiadomi\u0142em sobie, \u017ce chyba ten temat na blogu, w rozwa\u017caniach, za [&hellip;]","og_url":"https:\/\/gaudiumetspes-blog.pl\/index.php\/2012\/03\/21\/o-milczeniu-boga-i-milczeniu-czowieka\/","og_site_name":"Gaudium Et Spes","article_published_time":"2012-03-21T09:02:00+00:00","article_modified_time":"2019-07-31T10:53:06+00:00","author":"Ks. Jacek","twitter_card":"summary_large_image","twitter_misc":{"Napisane przez":"Ks. Jacek","Szacowany czas czytania":"5 minut"},"schema":{"@context":"https:\/\/schema.org","@graph":[{"@type":"WebPage","@id":"https:\/\/gaudiumetspes-blog.pl\/index.php\/2012\/03\/21\/o-milczeniu-boga-i-milczeniu-czowieka\/","url":"https:\/\/gaudiumetspes-blog.pl\/index.php\/2012\/03\/21\/o-milczeniu-boga-i-milczeniu-czowieka\/","name":"O milczeniu Boga - i milczeniu cz\u0142owieka... - Gaudium Et Spes","isPartOf":{"@id":"https:\/\/gaudiumetspes-blog.pl\/#website"},"datePublished":"2012-03-21T09:02:00+00:00","dateModified":"2019-07-31T10:53:06+00:00","author":{"@id":"https:\/\/gaudiumetspes-blog.pl\/#\/schema\/person\/1661982992b752dea8dff0d4ed845a65"},"breadcrumb":{"@id":"https:\/\/gaudiumetspes-blog.pl\/index.php\/2012\/03\/21\/o-milczeniu-boga-i-milczeniu-czowieka\/#breadcrumb"},"inLanguage":"pl-PL","potentialAction":[{"@type":"ReadAction","target":["https:\/\/gaudiumetspes-blog.pl\/index.php\/2012\/03\/21\/o-milczeniu-boga-i-milczeniu-czowieka\/"]}]},{"@type":"BreadcrumbList","@id":"https:\/\/gaudiumetspes-blog.pl\/index.php\/2012\/03\/21\/o-milczeniu-boga-i-milczeniu-czowieka\/#breadcrumb","itemListElement":[{"@type":"ListItem","position":1,"name":"Strona g\u0142\u00f3wna","item":"https:\/\/gaudiumetspes-blog.pl\/"},{"@type":"ListItem","position":2,"name":"O&nbsp;milczeniu Boga &#8211; i&nbsp;milczeniu cz\u0142owieka&#8230;"}]},{"@type":"WebSite","@id":"https:\/\/gaudiumetspes-blog.pl\/#website","url":"https:\/\/gaudiumetspes-blog.pl\/","name":"Gaudium Et Spes","description":"Blog Ks. Jacka Ja\u015bkowskiego","potentialAction":[{"@type":"SearchAction","target":{"@type":"EntryPoint","urlTemplate":"https:\/\/gaudiumetspes-blog.pl\/?s={search_term_string}"},"query-input":{"@type":"PropertyValueSpecification","valueRequired":true,"valueName":"search_term_string"}}],"inLanguage":"pl-PL"},{"@type":"Person","@id":"https:\/\/gaudiumetspes-blog.pl\/#\/schema\/person\/1661982992b752dea8dff0d4ed845a65","name":"Ks. Jacek","image":{"@type":"ImageObject","inLanguage":"pl-PL","@id":"https:\/\/gaudiumetspes-blog.pl\/#\/schema\/person\/image\/","url":"https:\/\/gaudiumetspes-blog.pl\/wp-content\/uploads\/2019\/07\/avatar-JJ-150x150.jpg","contentUrl":"https:\/\/gaudiumetspes-blog.pl\/wp-content\/uploads\/2019\/07\/avatar-JJ-150x150.jpg","caption":"Ks. Jacek"},"description":"Witam serdecznie! K\u0142ania si\u0119 Ks. Jacek Ja\u015bkowski. Nie jestem ani kim\u015b wa\u017cnym, ani kim\u015b znanym. Jestem ksi\u0119dzem, kt\u00f3ry po prostu chce rozmawia\u0107. Codzienna kap\u0142a\u0144ska pos\u0142uga pokazuje mi, \u017ce temat\u00f3w do rozm\u00f3w z ksi\u0119dzem jest coraz wi\u0119cej i dzisiaj \u017caden ksi\u0105dz nie mo\u017ce od nich ucieka\u0107, ale - wprost przeciwnie - podejmowa\u0107 nowe wyzwania. To przekonanie sk\u0142oni\u0142o mnie do pr\u00f3by otwarcia tego\u017c bloga, chocia\u017c okazji do rozm\u00f3w na co dzie\u0144 - w konfesjonale i poza nim - na szcz\u0119\u015bcie nie brakuje. My\u015bl\u0119 jednak, \u017ce ten blog b\u0119dzie jeszcze jednym sposobem i przestrzeni\u0105 nawi\u0105zania kontaktu z lud\u017ami dobrej woli, otwartymi na dialog.","url":"https:\/\/gaudiumetspes-blog.pl\/index.php\/author\/ks-jacek\/"}]}},"jetpack_featured_media_url":"","jetpack_sharing_enabled":true,"_links":{"self":[{"href":"https:\/\/gaudiumetspes-blog.pl\/index.php\/wp-json\/wp\/v2\/posts\/9544","targetHints":{"allow":["GET"]}}],"collection":[{"href":"https:\/\/gaudiumetspes-blog.pl\/index.php\/wp-json\/wp\/v2\/posts"}],"about":[{"href":"https:\/\/gaudiumetspes-blog.pl\/index.php\/wp-json\/wp\/v2\/types\/post"}],"author":[{"embeddable":true,"href":"https:\/\/gaudiumetspes-blog.pl\/index.php\/wp-json\/wp\/v2\/users\/1"}],"replies":[{"embeddable":true,"href":"https:\/\/gaudiumetspes-blog.pl\/index.php\/wp-json\/wp\/v2\/comments?post=9544"}],"version-history":[{"count":1,"href":"https:\/\/gaudiumetspes-blog.pl\/index.php\/wp-json\/wp\/v2\/posts\/9544\/revisions"}],"predecessor-version":[{"id":10539,"href":"https:\/\/gaudiumetspes-blog.pl\/index.php\/wp-json\/wp\/v2\/posts\/9544\/revisions\/10539"}],"wp:attachment":[{"href":"https:\/\/gaudiumetspes-blog.pl\/index.php\/wp-json\/wp\/v2\/media?parent=9544"}],"wp:term":[{"taxonomy":"category","embeddable":true,"href":"https:\/\/gaudiumetspes-blog.pl\/index.php\/wp-json\/wp\/v2\/categories?post=9544"},{"taxonomy":"post_tag","embeddable":true,"href":"https:\/\/gaudiumetspes-blog.pl\/index.php\/wp-json\/wp\/v2\/tags?post=9544"}],"curies":[{"name":"wp","href":"https:\/\/api.w.org\/{rel}","templated":true}]}}