{"id":9545,"date":"2012-03-20T10:21:00","date_gmt":"2012-03-20T09:21:00","guid":{"rendered":"https:\/\/gaudiumetspes-blog.pl\/index.php\/2012\/03\/20\/do-czego-ma-prawo-pan-bog\/"},"modified":"2019-07-31T12:53:06","modified_gmt":"2019-07-31T10:53:06","slug":"do-czego-ma-prawo-pan-bog","status":"publish","type":"post","link":"https:\/\/gaudiumetspes-blog.pl\/index.php\/2012\/03\/20\/do-czego-ma-prawo-pan-bog\/","title":{"rendered":"Do czego ma prawo Pan B\u00f3g?&#8230;"},"content":{"rendered":"<p><\/p>\n<div class=\"MsoNormal\" style=\"text-align: justify;\">\nSzcz\u0119\u015b\u0107 Bo\u017ce! Dzisiaj troch\u0119 p\u00f3\u017aniej, ni\u017c zwykle &#8211; przepraszam. Rekolekcje w Parafii jednak absorbuj\u0105 i stawiaj\u0105 wiele zada\u0144 do wykonania, dlatego wyszukuj\u0119 wolnych chwil, aby cho\u0107 na chwil\u0119 si\u0119 wyciszy\u0107 i skupi\u0107. Na szcz\u0119\u015bcie &#8211; uda\u0142o si\u0119. \u017bycz\u0119 wszystkim dobrego dnia, przypominaj\u0105c o Rekolekcjach, o Spowiedzi, o Drodze Krzy\u017cowej i Gorzkich \u017balach, o realizacji postanowie\u0144 wielkopostnych&#8230;<\/div>\n<div class=\"MsoNormal\" style=\"text-align: justify;\">\n&nbsp; &nbsp; &nbsp; &nbsp; &nbsp;I ci\u0105gle zach\u0119cam do tego, by zagl\u0105da\u0107 do Wielkiej Ksi\u0119gi Intencji. Tam ci\u0105gle przybywa pr\u00f3\u015bb o modlitw\u0119. M\u00f3dlmy si\u0119 w tych wszystkich sprawach!<\/div>\n<div class=\"MsoNormal\" style=\"text-align: justify;\">\n&nbsp; &nbsp; &nbsp; &nbsp; &nbsp; &nbsp; &nbsp; &nbsp;Gaudium et spes! &nbsp;Ks. Jacek<\/div>\n<div class=\"MsoNormal\" style=\"text-align: justify;\">\n<b><br \/><\/b><\/div>\n<div class=\"MsoNormal\" style=\"text-align: justify;\">\n<b>Wtorek 4<br \/>\ntygodnia Wielkiego Postu,<\/b><\/div>\n<div class=\"MsoNormal\" style=\"text-align: justify;\">\n<b>do<br \/>\nczyta\u0144:&nbsp; Ez 47,1\u20139.12;&nbsp; J 5,1\u20133a.5\u201316<\/b><\/div>\n<div class=\"MsoNormal\" style=\"text-align: justify;\">\n<\/div>\n<div class=\"MsoNormal\" style=\"text-align: justify; text-indent: 35.4pt;\">\n<b>Poruszenie wody powodowa\u0142o uzdrowienie.<\/b> Ciekawe, jak to tak<br \/>\nnaprawd\u0119 postrzegali i rozumieli ludzie, kt\u00f3rzy le\u017celi obok sadzawki Betesda?\u2026<br \/>\nBo chyba nikt trze\u017awo my\u015bl\u0105cy nie powinien przypuszcza\u0107, \u017ce to <b>woda \u2013 sama z siebie \u2013 powoduje jakie\u015b uzdrowienie.<br \/>\n<\/b>Chwila takiej zdroworozs\u0105dkowej refleksji powinna od razu nasun\u0105\u0107 <b>skojarzenie z Bogiem.<\/b> <\/div>\n<div class=\"MsoNormal\" style=\"text-align: justify; text-indent: 35.4pt;\">\nWydaje si\u0119 jednak \u2013 je\u015bli<br \/>\nmo\u017cna pr\u00f3bowa\u0107 jako\u015b wyobrazi\u0107 sobie, wyczyta\u0107 mi\u0119dzy wersami <b>atmosfer\u0119 panuj\u0105c\u0105 w\u015br\u00f3d owych oczekuj\u0105cych<br \/>\nludzi<\/b> \u2013 wydaje si\u0119, \u017ce oni <b>nie za<br \/>\nbardzo my\u015bleli o sile sprawczej Boga<\/b>\u2026 Raczej ka\u017cdy zaj\u0119ty swoim<br \/>\ncierpieniem, swoj\u0105 chorob\u0105, wypatrywa\u0142 tylko, <b>kiedy woda si\u0119 poruszy, nawet nie zastanawiaj\u0105c si\u0119, sk\u0105d to i dlaczego.<\/b><br \/>\nKa\u017cdemu chodzi\u0142o tylko o to, \u017ceby do tej wody w\u0142a\u015bnie w takiej chwili si\u0119 dosta\u0107.<br \/>\nMo\u017cna zatem powiedzie\u0107, \u017ce <b>znak<br \/>\nzewn\u0119trzny \u2013 a wi\u0119c poruszenie wody \u2013 w jakim\u015b sensie przy\u0107mi\u0142 Tego, kto go<br \/>\nsprawia, czyli Boga.<\/b> Forma przys\u0142oni\u0142a tre\u015b\u0107. <\/div>\n<div class=\"MsoNormal\" style=\"text-align: justify; text-indent: 35.4pt;\">\nI dlatego Jezus pojawi\u0142 si\u0119<br \/>\nnad t\u0105 sadzawk\u0105 osobi\u015bcie i dokona\u0142 uzdrowienia <b>niejako niezale\u017cnie od wody i jej poruszenia.<\/b> Bo \u2013 jak s\u0142yszeli\u015bmy<br \/>\n\u2013 nie kaza\u0142 on owemu choremu cz\u0142owiekowi do wody wchodzi\u0107, ani sam go do niej<br \/>\nnie prowadzi\u0142, ani nawet go nie obmy\u0142, ani nawet nie kaza\u0142 mu na wod\u0119 spojrze\u0107.<br \/>\nOn mu po prostu powiedzia\u0142: <b><i>Wsta\u0144, we\u017a swoje \u0142o\u017ce i chod\u017a<\/i><\/b>. Tylko<br \/>\ntyle. A w\u0142a\u015bciwie \u2013 a\u017c tyle. <\/div>\n<div class=\"MsoNormal\" style=\"text-align: justify; text-indent: 35.4pt;\">\nCzyli to nie woda uzdrawia,<br \/>\nale moc Boga, kt\u00f3ry dzia\u0142a na r\u00f3\u017cny spos\u00f3b w r\u00f3\u017cnym czasie.<b> I On mo\u017ce pos\u0142u\u017cy\u0107 si\u0119 wszystkimi mo\u017cliwymi \u015brodkami, aby dokona\u0107<br \/>\ndzie\u0142a zbawienia, dzie\u0142a uzdrowienia<\/b>\u2026 Bardzo cz\u0119sto tym \u015brodkiem jest<br \/>\nw\u0142a\u015bnie woda. <\/div>\n<div class=\"MsoNormal\" style=\"text-align: justify; text-indent: 35.4pt;\">\nW przepi\u0119knej wizji,<br \/>\nzapisanej w Proroctwie Ezechiela, widzimy <b>wod\u0119<br \/>\nwyp\u0142ywaj\u0105c\u0105 spod progu \u015bwi\u0105tyni,<\/b> kt\u00f3rej wartki potok nawadnia\u0142 ca\u0142\u0105<br \/>\nokolic\u0119, przynosz\u0105c \u017cyzny plon i rozkwit wielu ro\u015blin. Wiemy jednak doskonale,<br \/>\n\u017ce woda ta <b>nie sama z siebie, ale dzi\u0119ki<br \/>\n\u0142askawo\u015bci Bo\u017cej dokonuje takich cudownych przeobra\u017ce\u0144.<\/b> Tak samo jest <b>z wod\u0105 Chrztu \u015awi\u0119tego, tak samo jest z<br \/>\nwod\u0105 \u015bwi\u0119con\u0105,<\/b> kt\u00f3r\u0105 dokonujemy pokropienia os\u00f3b i rzeczy\u2026 I tak samo jest<br \/>\nz ka\u017cdym innym \u015brodkiem i sposobem dzia\u0142ania Boga. To B\u00f3g dzia\u0142a, a nie woda,<br \/>\nolej\u2026 <b>To On dzia\u0142a w Sakramentach, dzia\u0142a<br \/>\nw Ko\u015bciele, dzia\u0142a przez drugiego cz\u0142owieka. To On dzia\u0142a! <\/b><\/div>\n<div class=\"MsoNormal\" style=\"text-align: justify; text-indent: 35.4pt;\">\nKochani, nigdy nie mo\u017cna<br \/>\nnam o tym zapomnie\u0107. Nigdy zatem nie mo\u017cna nam <b>tak bardzo zatrzyma\u0107 uwagi na jakim\u015b znaku czy dzia\u0142aniu, \u017ce przy tym<br \/>\nzapomnimy o Bogu.<\/b> I jakkolwiek Msza \u015awi\u0119ta, modlitwa i Sakramenty s\u0105 normaln\u0105<br \/>\ndrog\u0105 do osi\u0105gni\u0119cia zbawienia i wszyscy powinni\u015bmy z tej drogi skorzysta\u0107, to<br \/>\njednak <b>mog\u0105 by\u0107 takie sytuacje, kiedy<br \/>\nB\u00f3g kogo\u015b poprowadzi inn\u0105 drog\u0105.<\/b><\/div>\n<div class=\"MsoNormal\" style=\"text-align: justify; text-indent: 35.4pt;\">\nDlatego na przyk\u0142ad Ko\u015bci\u00f3\u0142<br \/>\nw swoim prawie nie dopuszcza do Chrztu dziecka, kt\u00f3rego rodzice nie \u017cyj\u0105 zgodnie<br \/>\nz wiar\u0105 i nie daj\u0105 gwarancji wychowania katolickiego. Prawo w takiej sytuacji<br \/>\nstanowi, \u017ce <b>dziecko, po osi\u0105gni\u0119ciu<br \/>\nwieku dojrza\u0142ego, samo o ten Sakrament poprosi.<\/b> Wiele os\u00f3b jednak w tej<br \/>\nsytuacji pyta: <b>A co b\u0119dzie, je\u015bli<br \/>\ndziecko umrze? Z pewno\u015bci\u0105 B\u00f3g nie da mu uczyni\u0107 krzywdy i doprowadzi go do<br \/>\nzbawienia<\/b> \u2013 je\u017celi oczywi\u015bcie umrze w stanie niewinno\u015bci. <\/div>\n<div class=\"MsoNormal\" style=\"text-align: justify; text-indent: 35.4pt;\">\nNa podobnych zasadach,<br \/>\nSob\u00f3r Watyka\u0144ski II orzeka, \u017ce ci, kt\u00f3rzy <b>nie<br \/>\nze swojej winy nie poznali Boga, ale \u017cyj\u0105 zgodnie z g\u0142osem sumienia<\/b> <b>i czyni\u0105 dobro, kt\u00f3re maj\u0105<\/b> <b>zapisane w spos\u00f3b naturalny w swoich<br \/>\nsercach, mog\u0105 by\u0107 zbawieni.<\/b> Kto\u015b zapyta: A dlaczego? Przecie\u017c nie chodzili<br \/>\ndo ko\u015bcio\u0142a, nie spowiadali si\u0119\u2026 Ba, nawet nie byli ochrzczeni! Tak, to prawda!<br \/>\n<b>Ale to B\u00f3g ich doprowadzi do pe\u0142ni<br \/>\nzbawienia \u2013 swoimi drogami i na sw\u00f3j spos\u00f3b.<\/b> <\/div>\n<div class=\"MsoNormal\" style=\"text-align: justify; text-indent: 35.4pt;\">\nBo to w ko\u0144cu On jest<br \/>\nBogiem, On jest Panem Nieba i ziemi, On jest dawc\u0105 zbawienia. I do niego nale\u017cy<br \/>\nspos\u00f3b, w jaki tego dokona. <b>My mamy<br \/>\nwytyczon\u0105 drog\u0119,<\/b> kt\u00f3r\u0105 mamy i\u015b\u0107. I powinni\u015bmy ni\u0105 p\u00f3j\u015b\u0107. <b>Nie wolno jednak nam si\u0119 gorszy\u0107, je\u017celi<br \/>\nkogo\u015b B\u00f3g poprowadzi inn\u0105 drog\u0105. Ma do tego prawo!<\/b><\/div>\n","protected":false},"excerpt":{"rendered":"<p>Szcz\u0119\u015b\u0107 Bo\u017ce! Dzisiaj troch\u0119 p\u00f3\u017aniej, ni\u017c zwykle &#8211; przepraszam. Rekolekcje w Parafii jednak absorbuj\u0105 i stawiaj\u0105 wiele zada\u0144 do wykonania, dlatego wyszukuj\u0119 wolnych chwil, aby cho\u0107 na chwil\u0119 si\u0119 wyciszy\u0107 i skupi\u0107. Na szcz\u0119\u015bcie &#8211; uda\u0142o si\u0119. \u017bycz\u0119 wszystkim dobrego dnia, przypominaj\u0105c o Rekolekcjach, o Spowiedzi, o Drodze Krzy\u017cowej i Gorzkich \u017balach, o realizacji postanowie\u0144 [&hellip;]<\/p>\n","protected":false},"author":1,"featured_media":0,"comment_status":"open","ping_status":"open","sticky":false,"template":"","format":"standard","meta":{"jetpack_post_was_ever_published":false,"_jetpack_newsletter_access":"","_jetpack_dont_email_post_to_subs":false,"_jetpack_newsletter_tier_id":0,"_jetpack_memberships_contains_paywalled_content":false,"_jetpack_memberships_contains_paid_content":false,"footnotes":""},"categories":[1],"tags":[],"class_list":["post-9545","post","type-post","status-publish","format-standard","hentry","category-bez-kategorii"],"yoast_head":"<!-- This site is optimized with the Yoast SEO plugin v25.1 - https:\/\/yoast.com\/wordpress\/plugins\/seo\/ -->\n<title>Do czego ma prawo Pan B\u00f3g?... - Gaudium Et Spes<\/title>\n<meta name=\"robots\" content=\"index, follow, max-snippet:-1, max-image-preview:large, max-video-preview:-1\" \/>\n<link rel=\"canonical\" href=\"https:\/\/gaudiumetspes-blog.pl\/index.php\/2012\/03\/20\/do-czego-ma-prawo-pan-bog\/\" \/>\n<meta property=\"og:locale\" content=\"pl_PL\" \/>\n<meta property=\"og:type\" content=\"article\" \/>\n<meta property=\"og:title\" content=\"Do czego ma prawo Pan B\u00f3g?... - Gaudium Et Spes\" \/>\n<meta property=\"og:description\" content=\"Szcz\u0119\u015b\u0107 Bo\u017ce! Dzisiaj troch\u0119 p\u00f3\u017aniej, ni\u017c zwykle &#8211; przepraszam. Rekolekcje w Parafii jednak absorbuj\u0105 i stawiaj\u0105 wiele zada\u0144 do wykonania, dlatego wyszukuj\u0119 wolnych chwil, aby cho\u0107 na chwil\u0119 si\u0119 wyciszy\u0107 i skupi\u0107. Na szcz\u0119\u015bcie &#8211; uda\u0142o si\u0119. \u017bycz\u0119 wszystkim dobrego dnia, przypominaj\u0105c o Rekolekcjach, o Spowiedzi, o Drodze Krzy\u017cowej i Gorzkich \u017balach, o realizacji postanowie\u0144 [&hellip;]\" \/>\n<meta property=\"og:url\" content=\"https:\/\/gaudiumetspes-blog.pl\/index.php\/2012\/03\/20\/do-czego-ma-prawo-pan-bog\/\" \/>\n<meta property=\"og:site_name\" content=\"Gaudium Et Spes\" \/>\n<meta property=\"article:published_time\" content=\"2012-03-20T09:21:00+00:00\" \/>\n<meta property=\"article:modified_time\" content=\"2019-07-31T10:53:06+00:00\" \/>\n<meta name=\"author\" content=\"Ks. Jacek\" \/>\n<meta name=\"twitter:card\" content=\"summary_large_image\" \/>\n<meta name=\"twitter:label1\" content=\"Napisane przez\" \/>\n\t<meta name=\"twitter:data1\" content=\"Ks. Jacek\" \/>\n\t<meta name=\"twitter:label2\" content=\"Szacowany czas czytania\" \/>\n\t<meta name=\"twitter:data2\" content=\"4 minuty\" \/>\n<script type=\"application\/ld+json\" class=\"yoast-schema-graph\">{\"@context\":\"https:\/\/schema.org\",\"@graph\":[{\"@type\":\"WebPage\",\"@id\":\"https:\/\/gaudiumetspes-blog.pl\/index.php\/2012\/03\/20\/do-czego-ma-prawo-pan-bog\/\",\"url\":\"https:\/\/gaudiumetspes-blog.pl\/index.php\/2012\/03\/20\/do-czego-ma-prawo-pan-bog\/\",\"name\":\"Do czego ma prawo Pan B\u00f3g?... - Gaudium Et Spes\",\"isPartOf\":{\"@id\":\"https:\/\/gaudiumetspes-blog.pl\/#website\"},\"datePublished\":\"2012-03-20T09:21:00+00:00\",\"dateModified\":\"2019-07-31T10:53:06+00:00\",\"author\":{\"@id\":\"https:\/\/gaudiumetspes-blog.pl\/#\/schema\/person\/1661982992b752dea8dff0d4ed845a65\"},\"breadcrumb\":{\"@id\":\"https:\/\/gaudiumetspes-blog.pl\/index.php\/2012\/03\/20\/do-czego-ma-prawo-pan-bog\/#breadcrumb\"},\"inLanguage\":\"pl-PL\",\"potentialAction\":[{\"@type\":\"ReadAction\",\"target\":[\"https:\/\/gaudiumetspes-blog.pl\/index.php\/2012\/03\/20\/do-czego-ma-prawo-pan-bog\/\"]}]},{\"@type\":\"BreadcrumbList\",\"@id\":\"https:\/\/gaudiumetspes-blog.pl\/index.php\/2012\/03\/20\/do-czego-ma-prawo-pan-bog\/#breadcrumb\",\"itemListElement\":[{\"@type\":\"ListItem\",\"position\":1,\"name\":\"Strona g\u0142\u00f3wna\",\"item\":\"https:\/\/gaudiumetspes-blog.pl\/\"},{\"@type\":\"ListItem\",\"position\":2,\"name\":\"Do&nbsp;czego ma prawo Pan B\u00f3g?&#8230;\"}]},{\"@type\":\"WebSite\",\"@id\":\"https:\/\/gaudiumetspes-blog.pl\/#website\",\"url\":\"https:\/\/gaudiumetspes-blog.pl\/\",\"name\":\"Gaudium Et Spes\",\"description\":\"Blog Ks. Jacka Ja\u015bkowskiego\",\"potentialAction\":[{\"@type\":\"SearchAction\",\"target\":{\"@type\":\"EntryPoint\",\"urlTemplate\":\"https:\/\/gaudiumetspes-blog.pl\/?s={search_term_string}\"},\"query-input\":{\"@type\":\"PropertyValueSpecification\",\"valueRequired\":true,\"valueName\":\"search_term_string\"}}],\"inLanguage\":\"pl-PL\"},{\"@type\":\"Person\",\"@id\":\"https:\/\/gaudiumetspes-blog.pl\/#\/schema\/person\/1661982992b752dea8dff0d4ed845a65\",\"name\":\"Ks. Jacek\",\"image\":{\"@type\":\"ImageObject\",\"inLanguage\":\"pl-PL\",\"@id\":\"https:\/\/gaudiumetspes-blog.pl\/#\/schema\/person\/image\/\",\"url\":\"https:\/\/gaudiumetspes-blog.pl\/wp-content\/uploads\/2019\/07\/avatar-JJ-150x150.jpg\",\"contentUrl\":\"https:\/\/gaudiumetspes-blog.pl\/wp-content\/uploads\/2019\/07\/avatar-JJ-150x150.jpg\",\"caption\":\"Ks. Jacek\"},\"description\":\"Witam serdecznie! K\u0142ania si\u0119 Ks. Jacek Ja\u015bkowski. Nie jestem ani kim\u015b wa\u017cnym, ani kim\u015b znanym. Jestem ksi\u0119dzem, kt\u00f3ry po prostu chce rozmawia\u0107. Codzienna kap\u0142a\u0144ska pos\u0142uga pokazuje mi, \u017ce temat\u00f3w do rozm\u00f3w z ksi\u0119dzem jest coraz wi\u0119cej i dzisiaj \u017caden ksi\u0105dz nie mo\u017ce od nich ucieka\u0107, ale - wprost przeciwnie - podejmowa\u0107 nowe wyzwania. To przekonanie sk\u0142oni\u0142o mnie do pr\u00f3by otwarcia tego\u017c bloga, chocia\u017c okazji do rozm\u00f3w na co dzie\u0144 - w konfesjonale i poza nim - na szcz\u0119\u015bcie nie brakuje. My\u015bl\u0119 jednak, \u017ce ten blog b\u0119dzie jeszcze jednym sposobem i przestrzeni\u0105 nawi\u0105zania kontaktu z lud\u017ami dobrej woli, otwartymi na dialog.\",\"url\":\"https:\/\/gaudiumetspes-blog.pl\/index.php\/author\/ks-jacek\/\"}]}<\/script>\n<!-- \/ Yoast SEO plugin. -->","yoast_head_json":{"title":"Do czego ma prawo Pan B\u00f3g?... - Gaudium Et Spes","robots":{"index":"index","follow":"follow","max-snippet":"max-snippet:-1","max-image-preview":"max-image-preview:large","max-video-preview":"max-video-preview:-1"},"canonical":"https:\/\/gaudiumetspes-blog.pl\/index.php\/2012\/03\/20\/do-czego-ma-prawo-pan-bog\/","og_locale":"pl_PL","og_type":"article","og_title":"Do czego ma prawo Pan B\u00f3g?... - Gaudium Et Spes","og_description":"Szcz\u0119\u015b\u0107 Bo\u017ce! Dzisiaj troch\u0119 p\u00f3\u017aniej, ni\u017c zwykle &#8211; przepraszam. Rekolekcje w Parafii jednak absorbuj\u0105 i stawiaj\u0105 wiele zada\u0144 do wykonania, dlatego wyszukuj\u0119 wolnych chwil, aby cho\u0107 na chwil\u0119 si\u0119 wyciszy\u0107 i skupi\u0107. Na szcz\u0119\u015bcie &#8211; uda\u0142o si\u0119. \u017bycz\u0119 wszystkim dobrego dnia, przypominaj\u0105c o Rekolekcjach, o Spowiedzi, o Drodze Krzy\u017cowej i Gorzkich \u017balach, o realizacji postanowie\u0144 [&hellip;]","og_url":"https:\/\/gaudiumetspes-blog.pl\/index.php\/2012\/03\/20\/do-czego-ma-prawo-pan-bog\/","og_site_name":"Gaudium Et Spes","article_published_time":"2012-03-20T09:21:00+00:00","article_modified_time":"2019-07-31T10:53:06+00:00","author":"Ks. Jacek","twitter_card":"summary_large_image","twitter_misc":{"Napisane przez":"Ks. Jacek","Szacowany czas czytania":"4 minuty"},"schema":{"@context":"https:\/\/schema.org","@graph":[{"@type":"WebPage","@id":"https:\/\/gaudiumetspes-blog.pl\/index.php\/2012\/03\/20\/do-czego-ma-prawo-pan-bog\/","url":"https:\/\/gaudiumetspes-blog.pl\/index.php\/2012\/03\/20\/do-czego-ma-prawo-pan-bog\/","name":"Do czego ma prawo Pan B\u00f3g?... - Gaudium Et Spes","isPartOf":{"@id":"https:\/\/gaudiumetspes-blog.pl\/#website"},"datePublished":"2012-03-20T09:21:00+00:00","dateModified":"2019-07-31T10:53:06+00:00","author":{"@id":"https:\/\/gaudiumetspes-blog.pl\/#\/schema\/person\/1661982992b752dea8dff0d4ed845a65"},"breadcrumb":{"@id":"https:\/\/gaudiumetspes-blog.pl\/index.php\/2012\/03\/20\/do-czego-ma-prawo-pan-bog\/#breadcrumb"},"inLanguage":"pl-PL","potentialAction":[{"@type":"ReadAction","target":["https:\/\/gaudiumetspes-blog.pl\/index.php\/2012\/03\/20\/do-czego-ma-prawo-pan-bog\/"]}]},{"@type":"BreadcrumbList","@id":"https:\/\/gaudiumetspes-blog.pl\/index.php\/2012\/03\/20\/do-czego-ma-prawo-pan-bog\/#breadcrumb","itemListElement":[{"@type":"ListItem","position":1,"name":"Strona g\u0142\u00f3wna","item":"https:\/\/gaudiumetspes-blog.pl\/"},{"@type":"ListItem","position":2,"name":"Do&nbsp;czego ma prawo Pan B\u00f3g?&#8230;"}]},{"@type":"WebSite","@id":"https:\/\/gaudiumetspes-blog.pl\/#website","url":"https:\/\/gaudiumetspes-blog.pl\/","name":"Gaudium Et Spes","description":"Blog Ks. Jacka Ja\u015bkowskiego","potentialAction":[{"@type":"SearchAction","target":{"@type":"EntryPoint","urlTemplate":"https:\/\/gaudiumetspes-blog.pl\/?s={search_term_string}"},"query-input":{"@type":"PropertyValueSpecification","valueRequired":true,"valueName":"search_term_string"}}],"inLanguage":"pl-PL"},{"@type":"Person","@id":"https:\/\/gaudiumetspes-blog.pl\/#\/schema\/person\/1661982992b752dea8dff0d4ed845a65","name":"Ks. Jacek","image":{"@type":"ImageObject","inLanguage":"pl-PL","@id":"https:\/\/gaudiumetspes-blog.pl\/#\/schema\/person\/image\/","url":"https:\/\/gaudiumetspes-blog.pl\/wp-content\/uploads\/2019\/07\/avatar-JJ-150x150.jpg","contentUrl":"https:\/\/gaudiumetspes-blog.pl\/wp-content\/uploads\/2019\/07\/avatar-JJ-150x150.jpg","caption":"Ks. Jacek"},"description":"Witam serdecznie! K\u0142ania si\u0119 Ks. Jacek Ja\u015bkowski. Nie jestem ani kim\u015b wa\u017cnym, ani kim\u015b znanym. Jestem ksi\u0119dzem, kt\u00f3ry po prostu chce rozmawia\u0107. Codzienna kap\u0142a\u0144ska pos\u0142uga pokazuje mi, \u017ce temat\u00f3w do rozm\u00f3w z ksi\u0119dzem jest coraz wi\u0119cej i dzisiaj \u017caden ksi\u0105dz nie mo\u017ce od nich ucieka\u0107, ale - wprost przeciwnie - podejmowa\u0107 nowe wyzwania. To przekonanie sk\u0142oni\u0142o mnie do pr\u00f3by otwarcia tego\u017c bloga, chocia\u017c okazji do rozm\u00f3w na co dzie\u0144 - w konfesjonale i poza nim - na szcz\u0119\u015bcie nie brakuje. My\u015bl\u0119 jednak, \u017ce ten blog b\u0119dzie jeszcze jednym sposobem i przestrzeni\u0105 nawi\u0105zania kontaktu z lud\u017ami dobrej woli, otwartymi na dialog.","url":"https:\/\/gaudiumetspes-blog.pl\/index.php\/author\/ks-jacek\/"}]}},"jetpack_featured_media_url":"","jetpack_sharing_enabled":true,"_links":{"self":[{"href":"https:\/\/gaudiumetspes-blog.pl\/index.php\/wp-json\/wp\/v2\/posts\/9545","targetHints":{"allow":["GET"]}}],"collection":[{"href":"https:\/\/gaudiumetspes-blog.pl\/index.php\/wp-json\/wp\/v2\/posts"}],"about":[{"href":"https:\/\/gaudiumetspes-blog.pl\/index.php\/wp-json\/wp\/v2\/types\/post"}],"author":[{"embeddable":true,"href":"https:\/\/gaudiumetspes-blog.pl\/index.php\/wp-json\/wp\/v2\/users\/1"}],"replies":[{"embeddable":true,"href":"https:\/\/gaudiumetspes-blog.pl\/index.php\/wp-json\/wp\/v2\/comments?post=9545"}],"version-history":[{"count":1,"href":"https:\/\/gaudiumetspes-blog.pl\/index.php\/wp-json\/wp\/v2\/posts\/9545\/revisions"}],"predecessor-version":[{"id":10538,"href":"https:\/\/gaudiumetspes-blog.pl\/index.php\/wp-json\/wp\/v2\/posts\/9545\/revisions\/10538"}],"wp:attachment":[{"href":"https:\/\/gaudiumetspes-blog.pl\/index.php\/wp-json\/wp\/v2\/media?parent=9545"}],"wp:term":[{"taxonomy":"category","embeddable":true,"href":"https:\/\/gaudiumetspes-blog.pl\/index.php\/wp-json\/wp\/v2\/categories?post=9545"},{"taxonomy":"post_tag","embeddable":true,"href":"https:\/\/gaudiumetspes-blog.pl\/index.php\/wp-json\/wp\/v2\/tags?post=9545"}],"curies":[{"name":"wp","href":"https:\/\/api.w.org\/{rel}","templated":true}]}}