{"id":9546,"date":"2012-03-19T08:23:00","date_gmt":"2012-03-19T07:23:00","guid":{"rendered":"https:\/\/gaudiumetspes-blog.pl\/index.php\/2012\/03\/19\/jakim-czowiekiem-jest-swiety-jozef\/"},"modified":"2019-07-31T12:53:06","modified_gmt":"2019-07-31T10:53:06","slug":"jakim-czowiekiem-jest-swiety-jozef","status":"publish","type":"post","link":"https:\/\/gaudiumetspes-blog.pl\/index.php\/2012\/03\/19\/jakim-czowiekiem-jest-swiety-jozef\/","title":{"rendered":"Jakim cz\u0142owiekiem jest \u015awi\u0119ty J\u00f3zef?"},"content":{"rendered":"<p><\/p>\n<div class=\"MsoNormal\" style=\"text-align: justify;\">\nSzcz\u0119\u015b\u0107 Bo\u017ce! Dzisiaj s\u0142\u00f3wko z Syberii o \u015awi\u0119tym J\u00f3zefie. Przeczytajcie, a przekonacie si\u0119, jak dzia\u0142a On na Syberii w\u0142a\u015bnie. A jak dzia\u0142a w naszym \u017cyciu?<\/div>\n<div class=\"MsoNormal\" style=\"text-align: justify;\">\n&nbsp; &nbsp;Dzisiaj w Celestynowie drugi dzie\u0144 Rekolekcji. We wczorajszych wpisach zaznaczyli\u015bcie, \u017ce w Waszych Parafiach te\u017c si\u0119 one odbywaj\u0105. A w wielu jeszcze b\u0119d\u0105. Bardzo zach\u0119cam Was wszystkich do udzia\u0142u w ca\u0142ych Rekolekcjach &#8211; niekoniecznie nawet w swojej Parafii, je\u017celi czas nie pasuje. Mog\u0105 by\u0107 wsz\u0119dzie indziej, oby prze\u017cyte w ca\u0142o\u015bci. To naprawd\u0119 bardzo wa\u017cne!&nbsp;<\/div>\n<div class=\"MsoNormal\" style=\"text-align: justify;\">\n&nbsp; &nbsp; &nbsp; &nbsp; &nbsp; &nbsp; &nbsp; &nbsp; &nbsp;Gaudium et spes! &nbsp;Ks. Jacek<\/div>\n<div class=\"MsoNormal\" style=\"text-align: justify;\">\n<\/div>\n<div class=\"MsoNormal\" style=\"text-align: justify;\">\nNiesamowity cz\u0142owiek \u2013 patron<br \/>\ndzisiejszego dnia.<\/div>\n<div class=\"MsoNormal\" style=\"text-align: justify;\">\n\u015aw. J\u00f3zef<\/div>\n<div class=\"MsoNormal\" style=\"text-align: justify;\">\nPoza spotkaniami ma\u0142\u017ce\u0144stw, na ich<br \/>\n\u017cyczenie spotykamy si\u0119 tak\u017ce oddzielnie z m\u0119\u017cczyznami i kobietami z tych<br \/>\nma\u0142\u017ce\u0144stw. Takie spotkania odbywaj\u0105 si\u0119 co miesi\u0105c. Kilka miesi\u0119cy temu na<br \/>\nspotkaniu m\u0119\u017cczyzn, owi m\u0119\u017cowie i ojcowie, m\u0142odzi, powa\u017cni, inteligentni m\u0119\u017cczy\u017ani,<br \/>\nsami zaproponowali \u2013 chod\u017acie, b\u0119dziemy zaczyna\u0107 nasze spotkanie litani\u0105 do \u015bw.<br \/>\nJ\u00f3zefa, a ko\u0144czy\u0107 tajemnic\u0105 r\u00f3\u017ca\u0144ca i modlitw\u0105 do \u015bw. J\u00f3zefa. I tak robimy. <\/div>\n<div class=\"MsoNormal\" style=\"text-align: justify;\">\nCi m\u0119\u017cczy\u017ani, czuj\u0105 wielko\u015b\u0107 tego<br \/>\npatrona i jego przyk\u0142ad, szczeg\u00f3lnie dla m\u0119\u017cczyzny, ale nie tylko. <\/div>\n<div class=\"MsoNormal\" style=\"text-align: justify;\">\nCo takiego niesamowitego mo\u017cemy<br \/>\nzobaczy\u0107 w \u017cyciu, postawie, \u015bw. J\u00f3zefa?<\/div>\n<div class=\"MsoNormal\" style=\"text-align: justify;\">\nJaki to by\u0142, jest cz\u0142owiek?<\/div>\n<div class=\"MsoNormal\" style=\"text-align: justify;\">\nCz\u0142owiek milcz\u0105cy, ma\u0142om\u00f3wny \u2013<br \/>\nEwangelia nie przekazuje nam ani jednego jego s\u0142owa. My\u015bl\u0119, \u017ce gdyby m\u00f3wi\u0142<br \/>\ndu\u017co, jakie\u015b s\u0142owo by zosta\u0142o w pami\u0119ci ewangelist\u00f3w. Przynajmniej w<br \/>\newangelicznych przekazach jest to cz\u0142owiek ma\u0142om\u00f3wny, co ju\u017c mo\u017ce by\u0107 dla wielu<br \/>\nz nas przyk\u0142adem.<\/div>\n<div class=\"MsoNormal\" style=\"text-align: justify;\">\nCz\u0142owiek s\u0142uchaj\u0105cy i rozmy\u015blaj\u0105cy<br \/>\n\u2013 Pan B\u00f3g m\u00f3wi\u0142 do niego we \u015bnie, i on wiedzia\u0142 co ma robi\u0107. Jak dok\u0142adnie<br \/>\nm\u00f3wi\u0142 do niego Pan B\u00f3g, nie wiemy, na pewno on jasno wiedzia\u0142 co ma robi\u0107 \u2013<br \/>\nmusia\u0142 uwa\u017cnie s\u0142ucha\u0107 s\u0142owa Bo\u017cego.<\/div>\n<div class=\"MsoNormal\" style=\"text-align: justify;\">\nCz\u0142owiek wierz\u0105cy \u2013 on wierzy\u0142<br \/>\nBo\u017cym s\u0142owom. M\u00f3g\u0142 powiedzie\u0107: \u201ea, to tylko sen, mo\u017ce to nieprawda, mo\u017ce to mi<br \/>\nsi\u0119 \u015bni\u0142o, a tak naprawd\u0119 to nie wiadomo, czego ten Pan B\u00f3g chce\u2026\u201d Nie, on<br \/>\nwierzy\u0142 s\u0142owu Boga, cho\u0107 z ludzkiej strony to tak jasne nie by\u0142o. <\/div>\n<div class=\"MsoNormal\" style=\"text-align: justify;\">\nCz\u0142owiek konkretnie dzia\u0142aj\u0105cy \u2013<br \/>\nma\u0142o m\u00f3wi\u0142, ale du\u017co robi\u0142. W Ewangelii dzi\u015b czytamy \u2013 Zbudziwszy si\u0119 ze snu,<br \/>\nJ\u00f3zef uczyni\u0142 tak, jak mu poleci\u0142 anio\u0142 Pa\u0144ski. On uczyni\u0142 \u2013 nie marzy\u0142, nie<br \/>\nplanowa\u0142, nie przygotowywa\u0142 si\u0119 \u2013 on uczyni\u0142. I tak by\u0142o nie jeden raz w Ewangelii.<\/div>\n<div class=\"MsoNormal\" style=\"text-align: justify;\">\nCz\u0142owiek wra\u017cliwy i nieos\u0105dzaj\u0105cy<br \/>\n\u2013 sytuacja w jakiej si\u0119 znalaz\u0142 przed \u015blubem, by\u0142a dla niego wielk\u0105 pr\u00f3b\u0105. M\u00f3g\u0142<br \/>\nzostawi\u0107 Maryj\u0119, a nawet pos\u0105dzi\u0107 j\u0105 o zdrad\u0119. On jednak przyj\u0105\u0142 win\u0119 na<br \/>\nsiebie, nie chc\u0105c, \u017ceby Maryja ucierpia\u0142a. W tej sytuacji mo\u017cna jeszcze<br \/>\nokre\u015bli\u0107 go \u2013 cz\u0142owiek autentycznie do ko\u0144ca kochaj\u0105cy, cz\u0142owiek nie obra\u017caj\u0105cy<br \/>\nsi\u0119, cierpliwy, bohaterski.<\/div>\n<div class=\"MsoNormal\" style=\"text-align: justify;\">\nCz\u0142owiek zaradny \u2013 gdy w Betlejem<br \/>\nszuka\u0142 miejsca na narodzenie, w trudnych warunkach potrafi\u0142 sobie poradzi\u0107. <\/div>\n<div class=\"MsoNormal\" style=\"text-align: justify;\">\nCz\u0142owiek odpowiedzialny \u2013 walczy\u0142<br \/>\ndo ko\u0144ca o miejsce w Betlejem, opiekowa\u0142 si\u0119 Maryj\u0105 i Jezusem, by\u0142<br \/>\nodpowiedzialny za swoj\u0105 rodzin\u0119, nie porzuci\u0142 jej przy powa\u017cnych problemach. <\/div>\n<div class=\"MsoNormal\" style=\"text-align: justify;\">\nCz\u0142owiek rodzinny \u2013 rodzina,<br \/>\npowo\u0142anie by\u0142y u niego na I miejscu, dla rodziny mia\u0142 czas, za rodzin\u0119 bra\u0142<br \/>\nodpowiedzialno\u015b\u0107, rodziny broni\u0142, opiekowa\u0142 si\u0119 rodzin\u0105, widzia\u0142 rol\u0119 rodziny,<br \/>\ndobrze wype\u0142ni\u0142 swoje \u017cyciowe powo\u0142anie \u2013 powo\u0142anie m\u0119\u017ca i \u201eojca\u201d. <\/div>\n<div class=\"MsoNormal\" style=\"text-align: justify;\">\nDzi\u015b chc\u0119 z\u0142o\u017cy\u0107 najserdeczniejsze<br \/>\n\u017cyczenia \u2013 ma\u0142\u017conkom, a zw\u0142aszcza m\u0119\u017com, ojcom, m\u0119\u017cczyznom, czego \u017cyczy\u0107?<br \/>\n\u017beby\u015bcie, \u017ceby\u015bmy byli takimi lud\u017ami jak \u015bw. J\u00f3zef. \u017beby\u015bmy byli takimi<br \/>\n\u201eCz\u0142owiekami\u201d z du\u017cej litery. <\/div>\n<div class=\"MsoNormal\" style=\"text-align: justify;\">\n\u015aw. J\u00f3zefie \u2013 m\u00f3dl si\u0119 za nami.&nbsp;<\/div>\n","protected":false},"excerpt":{"rendered":"<p>Szcz\u0119\u015b\u0107 Bo\u017ce! Dzisiaj s\u0142\u00f3wko z Syberii o \u015awi\u0119tym J\u00f3zefie. Przeczytajcie, a przekonacie si\u0119, jak dzia\u0142a On na Syberii w\u0142a\u015bnie. A jak dzia\u0142a w naszym \u017cyciu? &nbsp; &nbsp;Dzisiaj w Celestynowie drugi dzie\u0144 Rekolekcji. We wczorajszych wpisach zaznaczyli\u015bcie, \u017ce w Waszych Parafiach te\u017c si\u0119 one odbywaj\u0105. A w wielu jeszcze b\u0119d\u0105. Bardzo zach\u0119cam Was wszystkich do udzia\u0142u [&hellip;]<\/p>\n","protected":false},"author":1,"featured_media":0,"comment_status":"open","ping_status":"open","sticky":false,"template":"","format":"standard","meta":{"jetpack_post_was_ever_published":false,"_jetpack_newsletter_access":"","_jetpack_dont_email_post_to_subs":false,"_jetpack_newsletter_tier_id":0,"_jetpack_memberships_contains_paywalled_content":false,"_jetpack_memberships_contains_paid_content":false,"footnotes":""},"categories":[1],"tags":[],"class_list":["post-9546","post","type-post","status-publish","format-standard","hentry","category-bez-kategorii"],"yoast_head":"<!-- This site is optimized with the Yoast SEO plugin v25.1 - https:\/\/yoast.com\/wordpress\/plugins\/seo\/ -->\n<title>Jakim cz\u0142owiekiem jest \u015awi\u0119ty J\u00f3zef? - Gaudium Et Spes<\/title>\n<meta name=\"robots\" content=\"index, follow, max-snippet:-1, max-image-preview:large, max-video-preview:-1\" \/>\n<link rel=\"canonical\" href=\"https:\/\/gaudiumetspes-blog.pl\/index.php\/2012\/03\/19\/jakim-czowiekiem-jest-swiety-jozef\/\" \/>\n<meta property=\"og:locale\" content=\"pl_PL\" \/>\n<meta property=\"og:type\" content=\"article\" \/>\n<meta property=\"og:title\" content=\"Jakim cz\u0142owiekiem jest \u015awi\u0119ty J\u00f3zef? - Gaudium Et Spes\" \/>\n<meta property=\"og:description\" content=\"Szcz\u0119\u015b\u0107 Bo\u017ce! Dzisiaj s\u0142\u00f3wko z Syberii o \u015awi\u0119tym J\u00f3zefie. Przeczytajcie, a przekonacie si\u0119, jak dzia\u0142a On na Syberii w\u0142a\u015bnie. A jak dzia\u0142a w naszym \u017cyciu? &nbsp; &nbsp;Dzisiaj w Celestynowie drugi dzie\u0144 Rekolekcji. We wczorajszych wpisach zaznaczyli\u015bcie, \u017ce w Waszych Parafiach te\u017c si\u0119 one odbywaj\u0105. A w wielu jeszcze b\u0119d\u0105. Bardzo zach\u0119cam Was wszystkich do udzia\u0142u [&hellip;]\" \/>\n<meta property=\"og:url\" content=\"https:\/\/gaudiumetspes-blog.pl\/index.php\/2012\/03\/19\/jakim-czowiekiem-jest-swiety-jozef\/\" \/>\n<meta property=\"og:site_name\" content=\"Gaudium Et Spes\" \/>\n<meta property=\"article:published_time\" content=\"2012-03-19T07:23:00+00:00\" \/>\n<meta property=\"article:modified_time\" content=\"2019-07-31T10:53:06+00:00\" \/>\n<meta name=\"author\" content=\"Ks. Jacek\" \/>\n<meta name=\"twitter:card\" content=\"summary_large_image\" \/>\n<meta name=\"twitter:label1\" content=\"Napisane przez\" \/>\n\t<meta name=\"twitter:data1\" content=\"Ks. Jacek\" \/>\n\t<meta name=\"twitter:label2\" content=\"Szacowany czas czytania\" \/>\n\t<meta name=\"twitter:data2\" content=\"3 minuty\" \/>\n<script type=\"application\/ld+json\" class=\"yoast-schema-graph\">{\"@context\":\"https:\/\/schema.org\",\"@graph\":[{\"@type\":\"WebPage\",\"@id\":\"https:\/\/gaudiumetspes-blog.pl\/index.php\/2012\/03\/19\/jakim-czowiekiem-jest-swiety-jozef\/\",\"url\":\"https:\/\/gaudiumetspes-blog.pl\/index.php\/2012\/03\/19\/jakim-czowiekiem-jest-swiety-jozef\/\",\"name\":\"Jakim cz\u0142owiekiem jest \u015awi\u0119ty J\u00f3zef? - Gaudium Et Spes\",\"isPartOf\":{\"@id\":\"https:\/\/gaudiumetspes-blog.pl\/#website\"},\"datePublished\":\"2012-03-19T07:23:00+00:00\",\"dateModified\":\"2019-07-31T10:53:06+00:00\",\"author\":{\"@id\":\"https:\/\/gaudiumetspes-blog.pl\/#\/schema\/person\/1661982992b752dea8dff0d4ed845a65\"},\"breadcrumb\":{\"@id\":\"https:\/\/gaudiumetspes-blog.pl\/index.php\/2012\/03\/19\/jakim-czowiekiem-jest-swiety-jozef\/#breadcrumb\"},\"inLanguage\":\"pl-PL\",\"potentialAction\":[{\"@type\":\"ReadAction\",\"target\":[\"https:\/\/gaudiumetspes-blog.pl\/index.php\/2012\/03\/19\/jakim-czowiekiem-jest-swiety-jozef\/\"]}]},{\"@type\":\"BreadcrumbList\",\"@id\":\"https:\/\/gaudiumetspes-blog.pl\/index.php\/2012\/03\/19\/jakim-czowiekiem-jest-swiety-jozef\/#breadcrumb\",\"itemListElement\":[{\"@type\":\"ListItem\",\"position\":1,\"name\":\"Strona g\u0142\u00f3wna\",\"item\":\"https:\/\/gaudiumetspes-blog.pl\/\"},{\"@type\":\"ListItem\",\"position\":2,\"name\":\"Jakim cz\u0142owiekiem jest \u015awi\u0119ty J\u00f3zef?\"}]},{\"@type\":\"WebSite\",\"@id\":\"https:\/\/gaudiumetspes-blog.pl\/#website\",\"url\":\"https:\/\/gaudiumetspes-blog.pl\/\",\"name\":\"Gaudium Et Spes\",\"description\":\"Blog Ks. Jacka Ja\u015bkowskiego\",\"potentialAction\":[{\"@type\":\"SearchAction\",\"target\":{\"@type\":\"EntryPoint\",\"urlTemplate\":\"https:\/\/gaudiumetspes-blog.pl\/?s={search_term_string}\"},\"query-input\":{\"@type\":\"PropertyValueSpecification\",\"valueRequired\":true,\"valueName\":\"search_term_string\"}}],\"inLanguage\":\"pl-PL\"},{\"@type\":\"Person\",\"@id\":\"https:\/\/gaudiumetspes-blog.pl\/#\/schema\/person\/1661982992b752dea8dff0d4ed845a65\",\"name\":\"Ks. Jacek\",\"image\":{\"@type\":\"ImageObject\",\"inLanguage\":\"pl-PL\",\"@id\":\"https:\/\/gaudiumetspes-blog.pl\/#\/schema\/person\/image\/\",\"url\":\"https:\/\/gaudiumetspes-blog.pl\/wp-content\/uploads\/2019\/07\/avatar-JJ-150x150.jpg\",\"contentUrl\":\"https:\/\/gaudiumetspes-blog.pl\/wp-content\/uploads\/2019\/07\/avatar-JJ-150x150.jpg\",\"caption\":\"Ks. Jacek\"},\"description\":\"Witam serdecznie! K\u0142ania si\u0119 Ks. Jacek Ja\u015bkowski. Nie jestem ani kim\u015b wa\u017cnym, ani kim\u015b znanym. Jestem ksi\u0119dzem, kt\u00f3ry po prostu chce rozmawia\u0107. Codzienna kap\u0142a\u0144ska pos\u0142uga pokazuje mi, \u017ce temat\u00f3w do rozm\u00f3w z ksi\u0119dzem jest coraz wi\u0119cej i dzisiaj \u017caden ksi\u0105dz nie mo\u017ce od nich ucieka\u0107, ale - wprost przeciwnie - podejmowa\u0107 nowe wyzwania. To przekonanie sk\u0142oni\u0142o mnie do pr\u00f3by otwarcia tego\u017c bloga, chocia\u017c okazji do rozm\u00f3w na co dzie\u0144 - w konfesjonale i poza nim - na szcz\u0119\u015bcie nie brakuje. My\u015bl\u0119 jednak, \u017ce ten blog b\u0119dzie jeszcze jednym sposobem i przestrzeni\u0105 nawi\u0105zania kontaktu z lud\u017ami dobrej woli, otwartymi na dialog.\",\"url\":\"https:\/\/gaudiumetspes-blog.pl\/index.php\/author\/ks-jacek\/\"}]}<\/script>\n<!-- \/ Yoast SEO plugin. -->","yoast_head_json":{"title":"Jakim cz\u0142owiekiem jest \u015awi\u0119ty J\u00f3zef? - Gaudium Et Spes","robots":{"index":"index","follow":"follow","max-snippet":"max-snippet:-1","max-image-preview":"max-image-preview:large","max-video-preview":"max-video-preview:-1"},"canonical":"https:\/\/gaudiumetspes-blog.pl\/index.php\/2012\/03\/19\/jakim-czowiekiem-jest-swiety-jozef\/","og_locale":"pl_PL","og_type":"article","og_title":"Jakim cz\u0142owiekiem jest \u015awi\u0119ty J\u00f3zef? - Gaudium Et Spes","og_description":"Szcz\u0119\u015b\u0107 Bo\u017ce! Dzisiaj s\u0142\u00f3wko z Syberii o \u015awi\u0119tym J\u00f3zefie. Przeczytajcie, a przekonacie si\u0119, jak dzia\u0142a On na Syberii w\u0142a\u015bnie. A jak dzia\u0142a w naszym \u017cyciu? &nbsp; &nbsp;Dzisiaj w Celestynowie drugi dzie\u0144 Rekolekcji. We wczorajszych wpisach zaznaczyli\u015bcie, \u017ce w Waszych Parafiach te\u017c si\u0119 one odbywaj\u0105. A w wielu jeszcze b\u0119d\u0105. Bardzo zach\u0119cam Was wszystkich do udzia\u0142u [&hellip;]","og_url":"https:\/\/gaudiumetspes-blog.pl\/index.php\/2012\/03\/19\/jakim-czowiekiem-jest-swiety-jozef\/","og_site_name":"Gaudium Et Spes","article_published_time":"2012-03-19T07:23:00+00:00","article_modified_time":"2019-07-31T10:53:06+00:00","author":"Ks. Jacek","twitter_card":"summary_large_image","twitter_misc":{"Napisane przez":"Ks. Jacek","Szacowany czas czytania":"3 minuty"},"schema":{"@context":"https:\/\/schema.org","@graph":[{"@type":"WebPage","@id":"https:\/\/gaudiumetspes-blog.pl\/index.php\/2012\/03\/19\/jakim-czowiekiem-jest-swiety-jozef\/","url":"https:\/\/gaudiumetspes-blog.pl\/index.php\/2012\/03\/19\/jakim-czowiekiem-jest-swiety-jozef\/","name":"Jakim cz\u0142owiekiem jest \u015awi\u0119ty J\u00f3zef? - Gaudium Et Spes","isPartOf":{"@id":"https:\/\/gaudiumetspes-blog.pl\/#website"},"datePublished":"2012-03-19T07:23:00+00:00","dateModified":"2019-07-31T10:53:06+00:00","author":{"@id":"https:\/\/gaudiumetspes-blog.pl\/#\/schema\/person\/1661982992b752dea8dff0d4ed845a65"},"breadcrumb":{"@id":"https:\/\/gaudiumetspes-blog.pl\/index.php\/2012\/03\/19\/jakim-czowiekiem-jest-swiety-jozef\/#breadcrumb"},"inLanguage":"pl-PL","potentialAction":[{"@type":"ReadAction","target":["https:\/\/gaudiumetspes-blog.pl\/index.php\/2012\/03\/19\/jakim-czowiekiem-jest-swiety-jozef\/"]}]},{"@type":"BreadcrumbList","@id":"https:\/\/gaudiumetspes-blog.pl\/index.php\/2012\/03\/19\/jakim-czowiekiem-jest-swiety-jozef\/#breadcrumb","itemListElement":[{"@type":"ListItem","position":1,"name":"Strona g\u0142\u00f3wna","item":"https:\/\/gaudiumetspes-blog.pl\/"},{"@type":"ListItem","position":2,"name":"Jakim cz\u0142owiekiem jest \u015awi\u0119ty J\u00f3zef?"}]},{"@type":"WebSite","@id":"https:\/\/gaudiumetspes-blog.pl\/#website","url":"https:\/\/gaudiumetspes-blog.pl\/","name":"Gaudium Et Spes","description":"Blog Ks. Jacka Ja\u015bkowskiego","potentialAction":[{"@type":"SearchAction","target":{"@type":"EntryPoint","urlTemplate":"https:\/\/gaudiumetspes-blog.pl\/?s={search_term_string}"},"query-input":{"@type":"PropertyValueSpecification","valueRequired":true,"valueName":"search_term_string"}}],"inLanguage":"pl-PL"},{"@type":"Person","@id":"https:\/\/gaudiumetspes-blog.pl\/#\/schema\/person\/1661982992b752dea8dff0d4ed845a65","name":"Ks. Jacek","image":{"@type":"ImageObject","inLanguage":"pl-PL","@id":"https:\/\/gaudiumetspes-blog.pl\/#\/schema\/person\/image\/","url":"https:\/\/gaudiumetspes-blog.pl\/wp-content\/uploads\/2019\/07\/avatar-JJ-150x150.jpg","contentUrl":"https:\/\/gaudiumetspes-blog.pl\/wp-content\/uploads\/2019\/07\/avatar-JJ-150x150.jpg","caption":"Ks. Jacek"},"description":"Witam serdecznie! K\u0142ania si\u0119 Ks. Jacek Ja\u015bkowski. Nie jestem ani kim\u015b wa\u017cnym, ani kim\u015b znanym. Jestem ksi\u0119dzem, kt\u00f3ry po prostu chce rozmawia\u0107. Codzienna kap\u0142a\u0144ska pos\u0142uga pokazuje mi, \u017ce temat\u00f3w do rozm\u00f3w z ksi\u0119dzem jest coraz wi\u0119cej i dzisiaj \u017caden ksi\u0105dz nie mo\u017ce od nich ucieka\u0107, ale - wprost przeciwnie - podejmowa\u0107 nowe wyzwania. To przekonanie sk\u0142oni\u0142o mnie do pr\u00f3by otwarcia tego\u017c bloga, chocia\u017c okazji do rozm\u00f3w na co dzie\u0144 - w konfesjonale i poza nim - na szcz\u0119\u015bcie nie brakuje. My\u015bl\u0119 jednak, \u017ce ten blog b\u0119dzie jeszcze jednym sposobem i przestrzeni\u0105 nawi\u0105zania kontaktu z lud\u017ami dobrej woli, otwartymi na dialog.","url":"https:\/\/gaudiumetspes-blog.pl\/index.php\/author\/ks-jacek\/"}]}},"jetpack_featured_media_url":"","jetpack_sharing_enabled":true,"_links":{"self":[{"href":"https:\/\/gaudiumetspes-blog.pl\/index.php\/wp-json\/wp\/v2\/posts\/9546","targetHints":{"allow":["GET"]}}],"collection":[{"href":"https:\/\/gaudiumetspes-blog.pl\/index.php\/wp-json\/wp\/v2\/posts"}],"about":[{"href":"https:\/\/gaudiumetspes-blog.pl\/index.php\/wp-json\/wp\/v2\/types\/post"}],"author":[{"embeddable":true,"href":"https:\/\/gaudiumetspes-blog.pl\/index.php\/wp-json\/wp\/v2\/users\/1"}],"replies":[{"embeddable":true,"href":"https:\/\/gaudiumetspes-blog.pl\/index.php\/wp-json\/wp\/v2\/comments?post=9546"}],"version-history":[{"count":1,"href":"https:\/\/gaudiumetspes-blog.pl\/index.php\/wp-json\/wp\/v2\/posts\/9546\/revisions"}],"predecessor-version":[{"id":10537,"href":"https:\/\/gaudiumetspes-blog.pl\/index.php\/wp-json\/wp\/v2\/posts\/9546\/revisions\/10537"}],"wp:attachment":[{"href":"https:\/\/gaudiumetspes-blog.pl\/index.php\/wp-json\/wp\/v2\/media?parent=9546"}],"wp:term":[{"taxonomy":"category","embeddable":true,"href":"https:\/\/gaudiumetspes-blog.pl\/index.php\/wp-json\/wp\/v2\/categories?post=9546"},{"taxonomy":"post_tag","embeddable":true,"href":"https:\/\/gaudiumetspes-blog.pl\/index.php\/wp-json\/wp\/v2\/tags?post=9546"}],"curies":[{"name":"wp","href":"https:\/\/api.w.org\/{rel}","templated":true}]}}