{"id":9547,"date":"2012-03-18T10:05:00","date_gmt":"2012-03-18T09:05:00","guid":{"rendered":"https:\/\/gaudiumetspes-blog.pl\/index.php\/2012\/03\/18\/czy-ja-mysle-samodzielnie\/"},"modified":"2019-07-31T12:53:06","modified_gmt":"2019-07-31T10:53:06","slug":"czy-ja-mysle-samodzielnie","status":"publish","type":"post","link":"https:\/\/gaudiumetspes-blog.pl\/index.php\/2012\/03\/18\/czy-ja-mysle-samodzielnie\/","title":{"rendered":"Czy ja my\u015bl\u0119 samodzielnie?&#8230;"},"content":{"rendered":"<p><\/p>\n<div class=\"MsoNormal\" style=\"text-align: justify;\">\nNiech b\u0119dzie pochwalony Jezus Chrystus! Kochani, dzi\u015b w Parafii w Celestynowie rozpoczynaj\u0105 si\u0119 Rekolekcje wielkopostne. Prowadzi je Ks. Ryszard Winiarski z Pu\u0142aw. &nbsp;Przy okazji przypominam Wam wszystkim o tym, \u017ce powinni\u015bmy prze\u017cy\u0107 Rekolekcje wielkopostne &#8211; w czasie i miejscu, kt\u00f3re nam odpowiadaj\u0105. Ale &#8211; prze\u017cy\u0107 w ca\u0142o\u015bci jakie\u015b jedne Rekolekcje. To niezb\u0119dne dla rozwoju ducha.<\/div>\n<div class=\"MsoNormal\" style=\"text-align: justify;\">\n&nbsp; &nbsp; &nbsp;A dzisiaj &#8211; s\u0142\u00f3wko z Syberii. Wa\u017cne &#8211; jak zawsze. Zach\u0119cam do refleksji. A na g\u0142\u0119bokie prze\u017cywanie Dnia Pa\u0144skiego przesy\u0142am b\u0142ogos\u0142awie\u0144stwo: <b>Niech Was b\u0142ogos\u0142awi B\u00f3g Wszechmog\u0105cy: Ojciec + i Syn, i Duch \u015awi\u0119ty. Amen<\/b><\/div>\n<div class=\"MsoNormal\" style=\"text-align: justify;\">\n&nbsp; &nbsp; &nbsp; &nbsp; &nbsp; &nbsp; &nbsp; Gaudium et spes! &nbsp;Ks. Jacek<\/div>\n<div class=\"MsoNormal\" style=\"text-align: justify;\">\n<\/div>\n<div class=\"MsoNormal\" style=\"text-align: justify;\">\nDzisiejsza ewangelia rozpoczyna<br \/>\nsi\u0119 od s\u0142\u00f3w \u2013 Jezus powiedzia\u0142 do Nikodema\u2026<\/div>\n<div class=\"MsoNormal\" style=\"text-align: justify;\">\nMo\u017cliwe, \u017ce s\u0142uchaj\u0105c, czytaj\u0105c t\u0119<br \/>\nEwangelie, nawet nie zwr\u00f3cili\u015bmy na to uwagi. Jezus cz\u0119sto komu\u015b co\u015b m\u00f3wi. Ale<br \/>\nwarto zatrzyma\u0107 si\u0119 i przyjrze\u0107 si\u0119 g\u0142\u0119biej tej rozmowie, temu spotkaniu. <\/div>\n<div class=\"MsoNormal\" style=\"text-align: justify;\">\nKim by\u0142 Nikodem? To \u201edostojnik<br \/>\n\u017cydowski\u201d, jeden z faryzeuszy, cz\u0142owiek inteligentny, wa\u017cny, powiedzia\u0142bym te\u017c<br \/>\n\u2013 autentycznie m\u0105dry cz\u0142owiek. <\/div>\n<div class=\"MsoNormal\" style=\"text-align: justify;\">\nStronnictwo faryzeusz\u00f3w, do<br \/>\nkt\u00f3rego on nale\u017ca\u0142, by\u0142o nastrojone przeciw Jezusowi. Oni jako duchowi przyw\u00f3dcy,<br \/>\nmistrzowie, nauczyciele, znawcy \u017cycia religijnego, patrzyli na Jezusa, jak na<br \/>\nkonkurenta. Widzieli, ilu ludzi sz\u0142o za Nim, czuli si\u0142\u0119 Jego s\u0142\u00f3w, si\u0142\u0119 Jego<br \/>\ndzia\u0142alno\u015bci, dlatego ich to denerwowa\u0142o. Byli zbyt pyszni, \u017ceby przyzna\u0107 Mu,<br \/>\n\u017ce On ma racj\u0119, \u017ce jest m\u0105dry, \u017ceby Go s\u0142ucha\u0107. Dlatego byli przeciwni, Jemu,<br \/>\nJego nauczaniu, nawet chcieli Go zabi\u0107. <\/div>\n<div class=\"MsoNormal\" style=\"text-align: justify;\">\nAle jeden z nich, Nikodem, ma<br \/>\nczelno\u015b\u0107 my\u015ble\u0107 samodzielnie, on czuje, \u017ce co\u015b tu nie pasuje. Oni m\u00f3wi\u0105 jedno,<br \/>\na on w g\u0142\u0119bi serca, patrz\u0105c na Jezusa, widzi co\u015b innego,&nbsp; czuje co\u015b zupe\u0142nie przeciwnego. <\/div>\n<div class=\"MsoNormal\" style=\"text-align: justify;\">\nJako m\u0105dry cz\u0142owiek, zdecydowa\u0142 si\u0119<br \/>\nsamemu sprawdzi\u0107. Postanowi\u0142 porozmawia\u0107 bezpo\u015brednio z Jezusem. <\/div>\n<div class=\"MsoNormal\" style=\"text-align: justify;\">\nBa\u0142 si\u0119, bo przecie\u017c by\u0142<br \/>\nfaryzeuszem, takie spotkanie nie mie\u015bci\u0142o si\u0119 w schematach dobrego tonu,<br \/>\npoprawnego faryzeusza, g\u0142\u00f3wnym celem kt\u00f3rego, jak si\u0119 wydaje, by\u0142o \u015bwieci\u0107<br \/>\nprzyk\u0142adem. Dlatego Nikodem idzie do Jezusa noc\u0105, \u017ceby nikt nie widzia\u0142 i nie<br \/>\nwiedzia\u0142. Jezus przyj\u0105\u0142 go noc\u0105, poniewa\u017c widzia\u0142 jego szczero\u015b\u0107, szczere<br \/>\nintencje. <\/div>\n<div class=\"MsoNormal\" style=\"text-align: justify;\">\nI w takim kontek\u015bcie mo\u017cemy spojrze\u0107<br \/>\nna te s\u0142owa, kt\u00f3re dzi\u015b s\u0142yszymy w Ewangelii. <\/div>\n<div class=\"MsoNormal\" style=\"text-align: justify;\">\nAle jeszcze zanim przejd\u0119 do tych<br \/>\ns\u0142\u00f3w, chc\u0119 si\u0119 chwil\u0119 zatrzyma\u0107 nad postaw\u0105 Nikodema. Ten cz\u0142owiek pojawia si\u0119<br \/>\ngdzie\u015b przy Jezusie jeszcze kilka razy, mo\u017cna nawet powiedzie\u0107, jest przy Nim<br \/>\ndo ko\u0144ca. Pojawia si\u0119 na s\u0105dzie, przed ukrzy\u017cowaniem, gdzie stara si\u0119 broni\u0107<br \/>\nJezusa, broni\u0107 sprawiedliwo\u015bci, potem uczestniczy w pogrzebie Jezusa. <\/div>\n<div class=\"MsoNormal\" style=\"text-align: justify;\">\nOn zwraca si\u0119 do Jezusa: Rabbi \u2013<br \/>\nnauczycielu, co znaczy, \u017ce uznaje Jezusa jako nauczyciela, uznaje Jego m\u0105dro\u015b\u0107.\n<\/div>\n<div class=\"MsoNormal\" style=\"text-align: justify;\">\nNikodem, to cz\u0142owiek, kt\u00f3ry<br \/>\nzdecydowa\u0142 si\u0119, &nbsp;cho\u0107 mo\u017ce nie\u015bmia\u0142o, na<br \/>\nbardzo niepopularny krok. Zdecydowa\u0142 si\u0119 na to co by\u0142o bardzo trudnym wtedy i<br \/>\nco jest bardzo trudnym dzi\u015b \u2013 on zacz\u0105\u0142 samodzielnie my\u015ble\u0107. <\/div>\n<div class=\"MsoNormal\" style=\"text-align: justify;\">\nKochani, ja nie chc\u0119 nikogo<br \/>\nobrazi\u0107, ale\u2026 nam cz\u0119sto wydaje si\u0119, \u017ce my samodzielnie my\u015blimy, ale my<br \/>\nniestety cz\u0119sto nie my\u015blimy samodzielnie. <\/div>\n<div class=\"MsoNormal\" style=\"text-align: justify;\">\nMy cz\u0119sto my\u015blimy tak jak nam ka\u017c\u0105<br \/>\nmy\u015ble\u0107, jak nas zmuszaj\u0105 my\u015ble\u0107. Kto? Np. mass media, a raczej ci, kt\u00f3rzy za<br \/>\nnimi stoj\u0105. A oni cz\u0119sto maj\u0105 okre\u015blony cel, maj\u0105 swoje sposoby jak wp\u0142ywa\u0107 na<br \/>\nspo\u0142ecze\u0144stwo. Z mojego obecnego podw\u00f3rka, zwyci\u0119stwo Putina w wyborach \u2013 je\u015bli<br \/>\nto by\u0142y uczciwe wybory, to najwi\u0119kszy przyk\u0142ad jak mo\u017cna manipulowa\u0107 ludzkim<br \/>\nmy\u015bleniem. Przepraszam, w ten temat nie b\u0119d\u0119 wchodzi\u0142. Nie chc\u0119 zatrzymywa\u0107<br \/>\nsi\u0119, porusza\u0107 kwestii politycznych, czy nawet religijnych. Sp\u00f3jrzmy na<br \/>\nmoralno\u015b\u0107. <\/div>\n<div class=\"MsoNormal\" style=\"text-align: justify;\">\nJe\u015bli obejrzymy kilka film\u00f3w, i w<br \/>\n\u017cadnym z nich nie b\u0119dzie przyk\u0142adu normalnej, zdrowej rodziny, wsz\u0119dzie<br \/>\nrozwody, trzeci m\u0105\u017c, czwarta \u017cona, to my po jakim\u015b czasie zaczynamy tak my\u015ble\u0107,<br \/>\n\u017ce to jest normalne, \u017ce wszyscy tak \u017cyj\u0105, \u017ce to w\u0142a\u015bnie jest norma. Znaczy, \u017ce<br \/>\ni w naszym przypadku nie b\u0119dzie to niczym z\u0142ym.<\/div>\n<div class=\"MsoNormal\" style=\"text-align: justify;\">\nW wielu filmach, programach,<br \/>\nch\u0142opak i dziewczyna, mieszkaj\u0105 ze sob\u0105 bez \u015blubu i to wp\u0142ywa na og\u00f3lne<br \/>\nmy\u015blenie, \u017ce to jest normalne. My te\u017c tak zaczynamy my\u015ble\u0107. Mo\u017ce dlatego<br \/>\nw\u0142a\u015bnie Ko\u015bci\u00f3\u0142 tak cz\u0119sto zach\u0119ca, \u017ceby mniej ogl\u0105da\u0107 telewizji w Wielkim<br \/>\nPo\u015bcie. <\/div>\n<div class=\"MsoNormal\" style=\"text-align: justify;\">\nWszyscy dooko\u0142a uwa\u017caj\u0105, \u017ce<br \/>\naborcja to norma (w Polsce ju\u017c nie, Ko\u015bci\u00f3\u0142 i ruchy antyaborcyjne zrobi\u0142y<br \/>\nswoje, chwa\u0142a Bogu, ale w Rosji\u2026) i my zaczynamy tak my\u015ble\u0107. Ludzie dooko\u0142a nas<br \/>\nnie chodz\u0105 do ko\u015bcio\u0142a \u2013 i nam \u0142atwiej to przychodzi. My boimy si\u0119, \u017ce b\u0119d\u0105 si\u0119<br \/>\nz nas \u015bmia\u0107, boimy si\u0119 krytyki, ludzkiej opinii, dlatego ukrywamy si\u0119 z nasz\u0105<br \/>\nwiar\u0105. Lepiej nie pokazywa\u0107 zbyt cz\u0119sto, \u017ce jestem wierz\u0105cy, jestem<br \/>\npraktykuj\u0105cym katolikiem, bo to ju\u017c nawet w Polsce zaczyna by\u0107 niepopularne.<br \/>\nDlaczego?<\/div>\n<div class=\"MsoNormal\" style=\"text-align: justify;\">\nBo my boimy si\u0119&nbsp; my\u015ble\u0107 inaczej. Boimy si\u0119 my\u015ble\u0107 samodzielnie. Cz\u0119sto s\u0142ysz\u0119 jak<br \/>\nkto\u015b m\u00f3wi jako pewnik, totaln\u0105 bzdur\u0119, pytam \u2013 a sk\u0105d ty to wzi\u0105\u0142e\u015b? Jakie<br \/>\nodpowiedzi? \u2013 Jaka\u015b babcia tak powiedzia\u0142a, w telewizji m\u00f3wili, w gazecie<br \/>\nprzeczyta\u0142em. I przyjmujemy to jako fakt, pewnik, nie sprawdzamy, nie pr\u00f3bujemy<br \/>\nmy\u015ble\u0107 samodzielnie. A warto. <\/div>\n<div class=\"MsoNormal\" style=\"text-align: justify;\">\nNikodem zacz\u0105\u0142 samodzielnie<br \/>\nmy\u015ble\u0107, zacz\u0105\u0142 sam sprawdza\u0107, sam rozmy\u015bla\u0107, szuka\u0107, dociera\u0107 do \u017ar\u00f3de\u0142 \u2013<br \/>\nposzed\u0142 porozmawia\u0107 z Jezusem, cho\u0107 wszyscy faryzeusze uwa\u017cali, \u017ce Jezus si\u0119<br \/>\nmyli. M\u0105dry Nikodem uczy nas samodzielnego my\u015blenia. <\/div>\n<div class=\"MsoNormal\" style=\"text-align: justify;\">\nA teraz sp\u00f3jrzmy na dzisiejsze<br \/>\ns\u0142owo. <\/div>\n<div class=\"MsoNormal\" style=\"text-align: justify;\">\nMo\u017cna to nazwa\u0107 pierwsz\u0105 katechez\u0105,<br \/>\na wi\u0119c, trzeba by powiedzie\u0107 to co najwa\u017cniejsze. Nawet je\u015bli cz\u0142owiek nigdy<br \/>\nwi\u0119cej nie przyjdzie, \u017ceby zapami\u0119ta\u0142 najwa\u017cniejsze. Tutaj w Rosji, jak ludzie<br \/>\ndoro\u015bli chc\u0105 przygotowywa\u0107 si\u0119 do chrztu, lub by\u0107 przyj\u0119ci do Ko\u015bcio\u0142a,<br \/>\nnajpierw odsy\u0142amy ich do tzw. grupy ewangelizacji, po niej zaczyna si\u0119<br \/>\nkatechumenat. Pierwszy temat tej ewangelizacji te\u017c jest taki. Od tego tematu<br \/>\nzaczynali g\u0142osi\u0107 s\u0142owo Bo\u017ce Aposto\u0142owie, to jest pierwszy temat kerygmatu. <\/div>\n<div class=\"MsoNormal\" style=\"text-align: justify;\">\nJaki to temat?<\/div>\n<div class=\"MsoNormal\" style=\"text-align: justify;\">\nMi\u0142o\u015b\u0107. Mi\u0142o\u015b\u0107 Bo\u017ca. B\u00f3g jest mi\u0142o\u015bci\u0105. B\u00f3g nas kocha. <\/div>\n<div class=\"MsoNormal\" style=\"text-align: justify;\">\nNic nie rozumie z chrze\u015bcija\u0144stwa,<br \/>\ncz\u0142owiek, kt\u00f3ry nie wie, nie rozumie, nie przyjmuje, nie czuje, \u017ce B\u00f3g nas<br \/>\nkocha. <\/div>\n<div class=\"MsoNormal\" style=\"text-align: justify;\">\nTo jest pierwsze, g\u0142\u00f3wne,<br \/>\npodstawowe, s\u0142owo naszej wiary. M\u00f3wi\u0105c o wierze, o chrze\u015bcija\u0144stwie, pierwsze z<br \/>\nczym si\u0119 ono powinno kojarzy\u0107, to mi\u0142o\u015b\u0107 Boga.<\/div>\n<div class=\"MsoNormal\" style=\"text-align: justify;\">\nS\u0105 takie grupy ewangelizacyjne,<br \/>\nkt\u00f3re prowadz\u0105 ewangelizacj\u0119 uliczn\u0105. Czasem podchodz\u0105 do przypadkowo<br \/>\nspotkanego cz\u0142owieka i m\u00f3wi\u0105 mu \u2013 czy wiesz, \u017ce B\u00f3g ci\u0119 kocha? <\/div>\n<div class=\"MsoNormal\" style=\"text-align: justify;\">\nI opowiadaj\u0105, \u017ce reakcje ludzi s\u0105<br \/>\nczasem zadziwiaj\u0105ce. Np. cz\u0142owiek zaczyna p\u0142aka\u0107. Mo\u017cliwe, \u017ce ten cz\u0142owiek<br \/>\nnigdy od nikogo nie s\u0142ysza\u0142 takich s\u0142\u00f3w, nigdy nie s\u0142ysza\u0142, \u017ce kto\u015b go kocha. I<br \/>\nnagle s\u0142yszy, dociera to do niego, \u017ce B\u00f3g go kocha. <\/div>\n<div class=\"MsoNormal\" style=\"text-align: justify;\">\nTo samo us\u0142ysza\u0142 Nikodem od Jezusa<br \/>\n\u2013 Tak B\u00f3g umi\u0142owa\u0142 \u015bwiat, \u017ce Syna swego Jednorodzonego da\u0142, aby ka\u017cdy, kto w<br \/>\nNiego wierzy, nie zgin\u0105\u0142, ale mia\u0142 \u017cycie wieczne.<\/div>\n<div class=\"MsoNormal\" style=\"text-align: justify;\">\nTak B\u00f3g umi\u0142owa\u0142 \u015bwiat\u2026<\/div>\n<div class=\"MsoNormal\" style=\"text-align: justify;\">\nI Jezus wyja\u015bnia mu przyk\u0142adem<br \/>\nzrozumia\u0142ym dla niego, specjalisty od Starego Testamentu. Ukazuje Moj\u017cesza,<br \/>\nkt\u00f3ry wywy\u017cszy\u0142 w\u0119\u017ca na pustyni. Kiedy Izrael zacz\u0105\u0142 si\u0119 buntowa\u0107, narzeka\u0107, po<br \/>\nco ich wyprowadzili z Egiptu, \u017ceby teraz tu na pustyni umarli. B\u00f3g zes\u0142a\u0142 na<br \/>\nnich kar\u0119, i kiedy si\u0119 opami\u0119tali, zacz\u0119li \u017ca\u0142owa\u0107 za grzechy, B\u00f3g poleci\u0142<br \/>\nMoj\u017ceszowi powiesi\u0107 na palu w\u0119\u017ca miedzianego, \u017ceby ka\u017cdy, kto spojrzy na w\u0119\u017ca,<br \/>\npozostawa\u0142 przy \u017cyciu. <\/div>\n<div class=\"MsoNormal\" style=\"text-align: justify;\">\nTen obraz mo\u017ce by\u0107 niezrozumia\u0142y<br \/>\ndla nas, ale by\u0142 \u015bwietnie zrozumia\u0142y dla Nikodema. Dlatego Jezus m\u00f3wi \u2013 jak<br \/>\nMoj\u017cesz wywy\u017cszy\u0142 w\u0119\u017ca na pustyni, tak potrzeba, by wywy\u017cszono Syna<br \/>\nCz\u0142owieczego, aby ka\u017cdy, kto w Niego wierzy, mia\u0142 \u017cycie wieczne.<\/div>\n<div class=\"MsoNormal\" style=\"text-align: justify;\">\nPozna\u0107 Boga, pozna\u0107 Jego mi\u0142o\u015b\u0107,<br \/>\nby\u0107 przekonanym o tym, \u017ce B\u00f3g nas kocha, to wielka \u0142aska, to nasze zbawienie. <\/div>\n<div class=\"MsoNormal\" style=\"text-align: justify;\">\nMy czasem nie tak patrzymy na<br \/>\nBoga. My cz\u0119sto mamy niew\u0142a\u015bciwy obraz Boga. Czasem patrzymy na Niego jak na strasznego<br \/>\ns\u0119dziego, kt\u00f3ry na obserwuje i tylko czeka, \u017ceby nas przy\u0142apa\u0107 i ukara\u0107. <\/div>\n<div class=\"MsoNormal\" style=\"text-align: justify;\">\nCzasem patrzymy na Niego, jak na<br \/>\nkogo\u015b niezwykle odleg\u0142ego, jakiego\u015b wielkiego kr\u00f3la, kt\u00f3ry osobi\u015bcie nas nie<br \/>\nzna, nie interesuje go nasze \u017cycie, jeste\u015bmy pionkami w jego kr\u00f3lestwie. <\/div>\n<div class=\"MsoNormal\" style=\"text-align: justify;\">\nA czasem przeginamy i w drug\u0105<br \/>\nstron\u0119. M\u00f3wimy, \u017ce On tak nas kocha, \u017ce r\u00f3bta co chceta, hulaj dusza piek\u0142a nie<br \/>\nma. Jaki tam s\u0105d\u2026<\/div>\n<div class=\"MsoNormal\" style=\"text-align: justify;\">\nA o s\u0105dzie i dzi\u015b s\u0142yszymy, w tym<br \/>\ns\u0142owie, kt\u00f3re przekonuje nas o wielkiej mi\u0142o\u015bci Boga. On pokazuje s\u0105d jako<br \/>\n\u015bwiat\u0142o. Cz\u0142owiek nie ukryje si\u0119 przed \u015bwiat\u0142em. Je\u015bli tam jest porz\u0105dek to<br \/>\n\u015bwiat\u0142o tylko poka\u017ce ten porz\u0105dek, pochwali. Je\u015bli tam brud, to \u015bwiat\u0142o<br \/>\npodkre\u015bli, wyjawi ten ba\u0142agan. Dlatego lepiej, \u017ceby to \u015bwiat\u0142o ju\u017c by\u0142o<br \/>\nw\u0142\u0105czone. <\/div>\n<div class=\"MsoNormal\" style=\"text-align: justify;\">\nMale\u0144kie zadanie na dzi\u015b. <\/div>\n<div class=\"MsoNormal\" style=\"text-align: justify;\">\nZauwa\u017cy\u0107 (a mo\u017ce i napisa\u0107),<br \/>\nznaki, \u015bwiadectwa tego, \u017ce B\u00f3g nas kocha. Tak cz\u0119sto widzimy z\u0142o, m\u00f3wimy o<br \/>\nproblemach. A tyle wok\u00f3\u0142 nas znak\u00f3w Bo\u017cej mi\u0142o\u015bci. Zauwa\u017cmy je, napiszmy.<\/div>\n<div class=\"MsoNormal\" style=\"text-align: justify;\">\nI jeszcze jedno. Spr\u00f3bujmy jednemu cz\u0142owiekowi, mo\u017ce nie wprost, ale<br \/>\njakim\u015b sposobem, tak \u017ceby to by\u0142o przekonuj\u0105ce, \u017ceby uwierzy\u0142, powiedzie\u0107, \u017ce<br \/>\nB\u00f3g go kocha. <\/div>\n<div class=\"MsoNormal\" style=\"text-align: justify;\">\nDobrej, b\u0142ogos\u0142awionej niedzieli\u2026<\/div>\n<div class=\"MsoNormal\" style=\"text-align: justify;\">\nI radosnej niedzieli, bo dzi\u015b<br \/>\nniedziela Laetare \u2013 radujcie si\u0119!<\/div>\n<div class=\"MsoNormal\" style=\"text-align: justify;\">\n\u017bycz\u0119 ka\u017cdemu z Was. Pozdrawiam.&nbsp;<\/div>\n","protected":false},"excerpt":{"rendered":"<p>Niech b\u0119dzie pochwalony Jezus Chrystus! Kochani, dzi\u015b w Parafii w Celestynowie rozpoczynaj\u0105 si\u0119 Rekolekcje wielkopostne. Prowadzi je Ks. Ryszard Winiarski z Pu\u0142aw. &nbsp;Przy okazji przypominam Wam wszystkim o tym, \u017ce powinni\u015bmy prze\u017cy\u0107 Rekolekcje wielkopostne &#8211; w czasie i miejscu, kt\u00f3re nam odpowiadaj\u0105. Ale &#8211; prze\u017cy\u0107 w ca\u0142o\u015bci jakie\u015b jedne Rekolekcje. To niezb\u0119dne dla rozwoju ducha. [&hellip;]<\/p>\n","protected":false},"author":1,"featured_media":0,"comment_status":"open","ping_status":"open","sticky":false,"template":"","format":"standard","meta":{"jetpack_post_was_ever_published":false,"_jetpack_newsletter_access":"","_jetpack_dont_email_post_to_subs":false,"_jetpack_newsletter_tier_id":0,"_jetpack_memberships_contains_paywalled_content":false,"_jetpack_memberships_contains_paid_content":false,"footnotes":""},"categories":[1],"tags":[],"class_list":["post-9547","post","type-post","status-publish","format-standard","hentry","category-bez-kategorii"],"yoast_head":"<!-- This site is optimized with the Yoast SEO plugin v25.1 - https:\/\/yoast.com\/wordpress\/plugins\/seo\/ -->\n<title>Czy ja my\u015bl\u0119 samodzielnie?... - Gaudium Et Spes<\/title>\n<meta name=\"robots\" content=\"index, follow, max-snippet:-1, max-image-preview:large, max-video-preview:-1\" \/>\n<link rel=\"canonical\" href=\"https:\/\/gaudiumetspes-blog.pl\/index.php\/2012\/03\/18\/czy-ja-mysle-samodzielnie\/\" \/>\n<meta property=\"og:locale\" content=\"pl_PL\" \/>\n<meta property=\"og:type\" content=\"article\" \/>\n<meta property=\"og:title\" content=\"Czy ja my\u015bl\u0119 samodzielnie?... - Gaudium Et Spes\" \/>\n<meta property=\"og:description\" content=\"Niech b\u0119dzie pochwalony Jezus Chrystus! Kochani, dzi\u015b w Parafii w Celestynowie rozpoczynaj\u0105 si\u0119 Rekolekcje wielkopostne. Prowadzi je Ks. Ryszard Winiarski z Pu\u0142aw. &nbsp;Przy okazji przypominam Wam wszystkim o tym, \u017ce powinni\u015bmy prze\u017cy\u0107 Rekolekcje wielkopostne &#8211; w czasie i miejscu, kt\u00f3re nam odpowiadaj\u0105. Ale &#8211; prze\u017cy\u0107 w ca\u0142o\u015bci jakie\u015b jedne Rekolekcje. To niezb\u0119dne dla rozwoju ducha. [&hellip;]\" \/>\n<meta property=\"og:url\" content=\"https:\/\/gaudiumetspes-blog.pl\/index.php\/2012\/03\/18\/czy-ja-mysle-samodzielnie\/\" \/>\n<meta property=\"og:site_name\" content=\"Gaudium Et Spes\" \/>\n<meta property=\"article:published_time\" content=\"2012-03-18T09:05:00+00:00\" \/>\n<meta property=\"article:modified_time\" content=\"2019-07-31T10:53:06+00:00\" \/>\n<meta name=\"author\" content=\"Ks. Jacek\" \/>\n<meta name=\"twitter:card\" content=\"summary_large_image\" \/>\n<meta name=\"twitter:label1\" content=\"Napisane przez\" \/>\n\t<meta name=\"twitter:data1\" content=\"Ks. Jacek\" \/>\n\t<meta name=\"twitter:label2\" content=\"Szacowany czas czytania\" \/>\n\t<meta name=\"twitter:data2\" content=\"8 minut\" \/>\n<script type=\"application\/ld+json\" class=\"yoast-schema-graph\">{\"@context\":\"https:\/\/schema.org\",\"@graph\":[{\"@type\":\"WebPage\",\"@id\":\"https:\/\/gaudiumetspes-blog.pl\/index.php\/2012\/03\/18\/czy-ja-mysle-samodzielnie\/\",\"url\":\"https:\/\/gaudiumetspes-blog.pl\/index.php\/2012\/03\/18\/czy-ja-mysle-samodzielnie\/\",\"name\":\"Czy ja my\u015bl\u0119 samodzielnie?... - Gaudium Et Spes\",\"isPartOf\":{\"@id\":\"https:\/\/gaudiumetspes-blog.pl\/#website\"},\"datePublished\":\"2012-03-18T09:05:00+00:00\",\"dateModified\":\"2019-07-31T10:53:06+00:00\",\"author\":{\"@id\":\"https:\/\/gaudiumetspes-blog.pl\/#\/schema\/person\/1661982992b752dea8dff0d4ed845a65\"},\"breadcrumb\":{\"@id\":\"https:\/\/gaudiumetspes-blog.pl\/index.php\/2012\/03\/18\/czy-ja-mysle-samodzielnie\/#breadcrumb\"},\"inLanguage\":\"pl-PL\",\"potentialAction\":[{\"@type\":\"ReadAction\",\"target\":[\"https:\/\/gaudiumetspes-blog.pl\/index.php\/2012\/03\/18\/czy-ja-mysle-samodzielnie\/\"]}]},{\"@type\":\"BreadcrumbList\",\"@id\":\"https:\/\/gaudiumetspes-blog.pl\/index.php\/2012\/03\/18\/czy-ja-mysle-samodzielnie\/#breadcrumb\",\"itemListElement\":[{\"@type\":\"ListItem\",\"position\":1,\"name\":\"Strona g\u0142\u00f3wna\",\"item\":\"https:\/\/gaudiumetspes-blog.pl\/\"},{\"@type\":\"ListItem\",\"position\":2,\"name\":\"Czy&nbsp;ja my\u015bl\u0119 samodzielnie?&#8230;\"}]},{\"@type\":\"WebSite\",\"@id\":\"https:\/\/gaudiumetspes-blog.pl\/#website\",\"url\":\"https:\/\/gaudiumetspes-blog.pl\/\",\"name\":\"Gaudium Et Spes\",\"description\":\"Blog Ks. Jacka Ja\u015bkowskiego\",\"potentialAction\":[{\"@type\":\"SearchAction\",\"target\":{\"@type\":\"EntryPoint\",\"urlTemplate\":\"https:\/\/gaudiumetspes-blog.pl\/?s={search_term_string}\"},\"query-input\":{\"@type\":\"PropertyValueSpecification\",\"valueRequired\":true,\"valueName\":\"search_term_string\"}}],\"inLanguage\":\"pl-PL\"},{\"@type\":\"Person\",\"@id\":\"https:\/\/gaudiumetspes-blog.pl\/#\/schema\/person\/1661982992b752dea8dff0d4ed845a65\",\"name\":\"Ks. Jacek\",\"image\":{\"@type\":\"ImageObject\",\"inLanguage\":\"pl-PL\",\"@id\":\"https:\/\/gaudiumetspes-blog.pl\/#\/schema\/person\/image\/\",\"url\":\"https:\/\/gaudiumetspes-blog.pl\/wp-content\/uploads\/2019\/07\/avatar-JJ-150x150.jpg\",\"contentUrl\":\"https:\/\/gaudiumetspes-blog.pl\/wp-content\/uploads\/2019\/07\/avatar-JJ-150x150.jpg\",\"caption\":\"Ks. Jacek\"},\"description\":\"Witam serdecznie! K\u0142ania si\u0119 Ks. Jacek Ja\u015bkowski. Nie jestem ani kim\u015b wa\u017cnym, ani kim\u015b znanym. Jestem ksi\u0119dzem, kt\u00f3ry po prostu chce rozmawia\u0107. Codzienna kap\u0142a\u0144ska pos\u0142uga pokazuje mi, \u017ce temat\u00f3w do rozm\u00f3w z ksi\u0119dzem jest coraz wi\u0119cej i dzisiaj \u017caden ksi\u0105dz nie mo\u017ce od nich ucieka\u0107, ale - wprost przeciwnie - podejmowa\u0107 nowe wyzwania. To przekonanie sk\u0142oni\u0142o mnie do pr\u00f3by otwarcia tego\u017c bloga, chocia\u017c okazji do rozm\u00f3w na co dzie\u0144 - w konfesjonale i poza nim - na szcz\u0119\u015bcie nie brakuje. My\u015bl\u0119 jednak, \u017ce ten blog b\u0119dzie jeszcze jednym sposobem i przestrzeni\u0105 nawi\u0105zania kontaktu z lud\u017ami dobrej woli, otwartymi na dialog.\",\"url\":\"https:\/\/gaudiumetspes-blog.pl\/index.php\/author\/ks-jacek\/\"}]}<\/script>\n<!-- \/ Yoast SEO plugin. -->","yoast_head_json":{"title":"Czy ja my\u015bl\u0119 samodzielnie?... - Gaudium Et Spes","robots":{"index":"index","follow":"follow","max-snippet":"max-snippet:-1","max-image-preview":"max-image-preview:large","max-video-preview":"max-video-preview:-1"},"canonical":"https:\/\/gaudiumetspes-blog.pl\/index.php\/2012\/03\/18\/czy-ja-mysle-samodzielnie\/","og_locale":"pl_PL","og_type":"article","og_title":"Czy ja my\u015bl\u0119 samodzielnie?... - Gaudium Et Spes","og_description":"Niech b\u0119dzie pochwalony Jezus Chrystus! Kochani, dzi\u015b w Parafii w Celestynowie rozpoczynaj\u0105 si\u0119 Rekolekcje wielkopostne. Prowadzi je Ks. Ryszard Winiarski z Pu\u0142aw. &nbsp;Przy okazji przypominam Wam wszystkim o tym, \u017ce powinni\u015bmy prze\u017cy\u0107 Rekolekcje wielkopostne &#8211; w czasie i miejscu, kt\u00f3re nam odpowiadaj\u0105. Ale &#8211; prze\u017cy\u0107 w ca\u0142o\u015bci jakie\u015b jedne Rekolekcje. To niezb\u0119dne dla rozwoju ducha. [&hellip;]","og_url":"https:\/\/gaudiumetspes-blog.pl\/index.php\/2012\/03\/18\/czy-ja-mysle-samodzielnie\/","og_site_name":"Gaudium Et Spes","article_published_time":"2012-03-18T09:05:00+00:00","article_modified_time":"2019-07-31T10:53:06+00:00","author":"Ks. Jacek","twitter_card":"summary_large_image","twitter_misc":{"Napisane przez":"Ks. Jacek","Szacowany czas czytania":"8 minut"},"schema":{"@context":"https:\/\/schema.org","@graph":[{"@type":"WebPage","@id":"https:\/\/gaudiumetspes-blog.pl\/index.php\/2012\/03\/18\/czy-ja-mysle-samodzielnie\/","url":"https:\/\/gaudiumetspes-blog.pl\/index.php\/2012\/03\/18\/czy-ja-mysle-samodzielnie\/","name":"Czy ja my\u015bl\u0119 samodzielnie?... - Gaudium Et Spes","isPartOf":{"@id":"https:\/\/gaudiumetspes-blog.pl\/#website"},"datePublished":"2012-03-18T09:05:00+00:00","dateModified":"2019-07-31T10:53:06+00:00","author":{"@id":"https:\/\/gaudiumetspes-blog.pl\/#\/schema\/person\/1661982992b752dea8dff0d4ed845a65"},"breadcrumb":{"@id":"https:\/\/gaudiumetspes-blog.pl\/index.php\/2012\/03\/18\/czy-ja-mysle-samodzielnie\/#breadcrumb"},"inLanguage":"pl-PL","potentialAction":[{"@type":"ReadAction","target":["https:\/\/gaudiumetspes-blog.pl\/index.php\/2012\/03\/18\/czy-ja-mysle-samodzielnie\/"]}]},{"@type":"BreadcrumbList","@id":"https:\/\/gaudiumetspes-blog.pl\/index.php\/2012\/03\/18\/czy-ja-mysle-samodzielnie\/#breadcrumb","itemListElement":[{"@type":"ListItem","position":1,"name":"Strona g\u0142\u00f3wna","item":"https:\/\/gaudiumetspes-blog.pl\/"},{"@type":"ListItem","position":2,"name":"Czy&nbsp;ja my\u015bl\u0119 samodzielnie?&#8230;"}]},{"@type":"WebSite","@id":"https:\/\/gaudiumetspes-blog.pl\/#website","url":"https:\/\/gaudiumetspes-blog.pl\/","name":"Gaudium Et Spes","description":"Blog Ks. Jacka Ja\u015bkowskiego","potentialAction":[{"@type":"SearchAction","target":{"@type":"EntryPoint","urlTemplate":"https:\/\/gaudiumetspes-blog.pl\/?s={search_term_string}"},"query-input":{"@type":"PropertyValueSpecification","valueRequired":true,"valueName":"search_term_string"}}],"inLanguage":"pl-PL"},{"@type":"Person","@id":"https:\/\/gaudiumetspes-blog.pl\/#\/schema\/person\/1661982992b752dea8dff0d4ed845a65","name":"Ks. Jacek","image":{"@type":"ImageObject","inLanguage":"pl-PL","@id":"https:\/\/gaudiumetspes-blog.pl\/#\/schema\/person\/image\/","url":"https:\/\/gaudiumetspes-blog.pl\/wp-content\/uploads\/2019\/07\/avatar-JJ-150x150.jpg","contentUrl":"https:\/\/gaudiumetspes-blog.pl\/wp-content\/uploads\/2019\/07\/avatar-JJ-150x150.jpg","caption":"Ks. Jacek"},"description":"Witam serdecznie! K\u0142ania si\u0119 Ks. Jacek Ja\u015bkowski. Nie jestem ani kim\u015b wa\u017cnym, ani kim\u015b znanym. Jestem ksi\u0119dzem, kt\u00f3ry po prostu chce rozmawia\u0107. Codzienna kap\u0142a\u0144ska pos\u0142uga pokazuje mi, \u017ce temat\u00f3w do rozm\u00f3w z ksi\u0119dzem jest coraz wi\u0119cej i dzisiaj \u017caden ksi\u0105dz nie mo\u017ce od nich ucieka\u0107, ale - wprost przeciwnie - podejmowa\u0107 nowe wyzwania. To przekonanie sk\u0142oni\u0142o mnie do pr\u00f3by otwarcia tego\u017c bloga, chocia\u017c okazji do rozm\u00f3w na co dzie\u0144 - w konfesjonale i poza nim - na szcz\u0119\u015bcie nie brakuje. My\u015bl\u0119 jednak, \u017ce ten blog b\u0119dzie jeszcze jednym sposobem i przestrzeni\u0105 nawi\u0105zania kontaktu z lud\u017ami dobrej woli, otwartymi na dialog.","url":"https:\/\/gaudiumetspes-blog.pl\/index.php\/author\/ks-jacek\/"}]}},"jetpack_featured_media_url":"","jetpack_sharing_enabled":true,"_links":{"self":[{"href":"https:\/\/gaudiumetspes-blog.pl\/index.php\/wp-json\/wp\/v2\/posts\/9547","targetHints":{"allow":["GET"]}}],"collection":[{"href":"https:\/\/gaudiumetspes-blog.pl\/index.php\/wp-json\/wp\/v2\/posts"}],"about":[{"href":"https:\/\/gaudiumetspes-blog.pl\/index.php\/wp-json\/wp\/v2\/types\/post"}],"author":[{"embeddable":true,"href":"https:\/\/gaudiumetspes-blog.pl\/index.php\/wp-json\/wp\/v2\/users\/1"}],"replies":[{"embeddable":true,"href":"https:\/\/gaudiumetspes-blog.pl\/index.php\/wp-json\/wp\/v2\/comments?post=9547"}],"version-history":[{"count":1,"href":"https:\/\/gaudiumetspes-blog.pl\/index.php\/wp-json\/wp\/v2\/posts\/9547\/revisions"}],"predecessor-version":[{"id":10536,"href":"https:\/\/gaudiumetspes-blog.pl\/index.php\/wp-json\/wp\/v2\/posts\/9547\/revisions\/10536"}],"wp:attachment":[{"href":"https:\/\/gaudiumetspes-blog.pl\/index.php\/wp-json\/wp\/v2\/media?parent=9547"}],"wp:term":[{"taxonomy":"category","embeddable":true,"href":"https:\/\/gaudiumetspes-blog.pl\/index.php\/wp-json\/wp\/v2\/categories?post=9547"},{"taxonomy":"post_tag","embeddable":true,"href":"https:\/\/gaudiumetspes-blog.pl\/index.php\/wp-json\/wp\/v2\/tags?post=9547"}],"curies":[{"name":"wp","href":"https:\/\/api.w.org\/{rel}","templated":true}]}}