{"id":9548,"date":"2012-03-17T06:00:00","date_gmt":"2012-03-17T05:00:00","guid":{"rendered":"https:\/\/gaudiumetspes-blog.pl\/index.php\/2012\/03\/17\/kto-zostanie-usprawiedliwiony\/"},"modified":"2019-07-31T12:53:06","modified_gmt":"2019-07-31T10:53:06","slug":"kto-zostanie-usprawiedliwiony","status":"publish","type":"post","link":"https:\/\/gaudiumetspes-blog.pl\/index.php\/2012\/03\/17\/kto-zostanie-usprawiedliwiony\/","title":{"rendered":"Kto zostanie usprawiedliwiony?&#8230;"},"content":{"rendered":"<p><\/p>\n<div class=\"MsoNormal\" style=\"text-align: justify;\">\nSzcz\u0119\u015b\u0107 Bo\u017ce! Kochani, dzisiaj moje s\u0142\u00f3wko, ale przez najbli\u017csze dni b\u0119dzie troch\u0119 &#8222;s\u0142\u00f3wek&#8221; z Syberii. Bardzo dzi\u0119kuj\u0119 Markowi za ten szczery dar.<\/div>\n<div class=\"MsoNormal\" style=\"text-align: justify;\">\n&nbsp; &nbsp; &nbsp;A Wam dzi\u0119kuj\u0119 za bezcenne komentarze. Tak\u017ce za te, z kt\u00f3rymi si\u0119 nie do ko\u0144ca zgadzam, albo wcale si\u0119 nie zgadzam. Wszystkie stanowi\u0105 wielkie dobro. Wczoraj po po\u0142udniu spokojnie poczyta\u0142em wpisy z ostatnich dni, to i owo napisa\u0142em&#8230; Bardzo licz\u0119 na to, \u017ce J.B. podzieli si\u0119 z nami dowcipem o tym ojcu, kt\u00f3ry s\u0142ucha\u0142 kazania syna&#8230;<\/div>\n<div class=\"MsoNormal\" style=\"text-align: justify;\">\n&nbsp; &nbsp; &nbsp;Dzisiaj za\u015b &#8211; przypowie\u015b\u0107 o faryzeuszu i celniku.&nbsp;<\/div>\n<div class=\"MsoNormal\" style=\"text-align: justify;\">\n&nbsp; &nbsp; &nbsp; &nbsp; &nbsp; &nbsp; Gaudium et spes! &nbsp;Ks. Jacek<\/div>\n<div class=\"MsoNormal\" style=\"text-align: justify;\">\n<b><br \/><\/b><\/div>\n<div class=\"MsoNormal\" style=\"text-align: justify;\">\n<b>Sobota 3<br \/>\ntygodnia Wielkiego Postu,<\/b><\/div>\n<div class=\"MsoNormal\" style=\"text-align: justify;\">\n<b>do<br \/>\nczyta\u0144:&nbsp; Oz 6,1\u20136;&nbsp; \u0141k 18,9\u201314<\/b><\/div>\n<div class=\"MsoNormal\" style=\"text-align: justify;\">\n<\/div>\n<div class=\"MsoNormal\" style=\"text-align: justify;\">\n&nbsp;&nbsp;&nbsp;&nbsp;&nbsp;&nbsp;&nbsp;&nbsp;&nbsp;&nbsp;&nbsp; <b><i>Jezus<br \/>\npowiedzia\u0142 do niekt\u00f3rych, co ufali sobie, \u017ce s\u0105 sprawiedliwi, a innymi<br \/>\ngardzili, t\u0119 przypowie\u015b\u0107: Dw\u00f3ch ludzi przysz\u0142o do \u015bwi\u0105tyni, \u017ceby si\u0119 modli\u0107,<br \/>\njeden faryzeusz, a drugi celnik. Faryzeusz stan\u0105\u0142 i tak w duszy si\u0119 modli\u0142:<br \/>\n\u201eBo\u017ce, dzi\u0119kuj\u0119 Ci, \u017ce nie jestem jak inni ludzie: zdziercy, oszu\u015bci, cudzo\u0142o\u017cnicy,<br \/>\nalbo jak i ten celnik. Zachowuj\u0119 post dwa razy w tygodniu, daj\u0119 dziesi\u0119cin\u0119 ze<br \/>\nwszystkiego, co nabywam\u201d<\/i><\/b>.<\/div>\n<div class=\"MsoNormal\" style=\"text-align: justify; text-indent: 35.4pt;\">\nTak, Bo\u017ce, dzi\u0119kuj\u0119 Ci, \u017ce<br \/>\nnie jestem jak moja synowa, albo jak m\u00f3j zi\u0119\u0107. I dzi\u0119kuj\u0119 Ci za to, \u017ce nie<br \/>\njestem, jak moja s\u0105siadka, albo jak ten m\u00f3j kolega z pracy \u2013 prawdziwy bezbo\u017cnik!<br \/>\n<b>Ja \u2013 to co innego!<\/b> Zachowuj\u0119 post w<br \/>\nka\u017cdy pi\u0105tek, chodz\u0119 do ko\u015bcio\u0142a co niedziel\u0119, a nawet i w tygodniu. Daj\u0119 na tac\u0119,<br \/>\nsk\u0142adam&nbsp; ofiary na r\u00f3\u017cne zbi\u00f3rki. <\/div>\n<div class=\"MsoNormal\" style=\"text-align: justify; text-indent: 35.4pt;\">\nJa jestem spokojnym<br \/>\ncz\u0142owiekiem. <b>Ja nikogo nie zostawi\u0119 w<br \/>\npotrzebie. Ja wszystkim pomagam. Ja si\u0119 nie potrafi\u0119 na nikogo pogniewa\u0107.<\/b><br \/>\nJa jestem taki cz\u0142owiek, \u017ce z ka\u017cdym porozmawiam, dla ka\u017cdego znajd\u0119 czas. Ja<br \/>\ntam si\u0119 z nikim nie k\u0142\u00f3c\u0119. To najwy\u017cej synowa \u2013 <b>o ta, to dopiero zaka\u0142a! A z jakiej ona rodziny?! Ach, co to za<br \/>\nrodzina!<\/b> Ja to syna dobrze wychowa\u0142am, on zawsze do ko\u015bcio\u0142a chodzi\u0142. To<br \/>\nprzy niej tak si\u0119 popsu\u0142. Ale ja tam si\u0119 nie wtr\u0105cam, mo\u017ce \u201ez czasu\u201d co\u015b powiem,<br \/>\nale ja tam nic nie m\u00f3wi\u0119, bo ja nikomu \u017ale nie \u017cycz\u0119. <\/div>\n<div class=\"MsoNormal\" style=\"text-align: justify; text-indent: 35.4pt;\">\nNo i <b>ja grzech\u00f3w to nie mam, bo co ja mog\u0119 mie\u0107 za grzechy, jak ja ca\u0142ymi<br \/>\ndniami z Radiem Maryja si\u0119 modl\u0119 i cztery R\u00f3\u017ca\u0144ce dziennie odmawiam.<\/b> A co w<br \/>\ntej polityce si\u0119 dzieje? No, ja si\u0119 mo\u017ce czasem zdenerwuj\u0119, ale to na tych polityk\u00f3w.<br \/>\nAle tak \u2013 to grzech\u00f3w nie mam, bo ja si\u0119 ca\u0142y dzie\u0144 z Radiem Maryja modl\u0119\u2026 <\/div>\n<div class=\"MsoNormal\" style=\"text-align: justify; text-indent: 35.4pt;\">\n<b><i>Natomiast celnik sta\u0142 z<br \/>\ndaleka i nie \u015bmia\u0142 nawet oczu wznie\u015b\u0107 ku niebu, lecz bi\u0142 si\u0119 w piersi i m\u00f3wi\u0142:<br \/>\n\u201eBo\u017ce, miej lito\u015b\u0107 dla mnie, grzesznika\u201d.<\/i><\/b> <\/div>\n<div class=\"MsoNormal\" style=\"text-align: justify; text-indent: 35.4pt;\">\nBo\u017ce, ja naprawd\u0119 sobie nie<br \/>\nradz\u0119 ze swoim \u017cyciem. Tyle ju\u017c postanawia\u0142em, a tu ci\u0105gle to samo. <b>Ja ju\u017c nie mam si\u0142y<\/b>\u2026 Bo\u017ce, pom\u00f3\u017c mi,<br \/>\ndaj jakie\u015b natchnienie\u2026 I daj troch\u0119 wi\u0119cej cierpliwo\u015bci. Bo ja naprawd\u0119 bardzo<br \/>\nchc\u0119 si\u0119 zmieni\u0107, ale nie potrafi\u0119\u2026 Nie potrafi\u0119\u2026 Bo\u017ce, ja ju\u017c nie mam si\u0142y.<br \/>\nTyle razy Ci\u0119 zawiod\u0142em\u2026 <b>Nie \u015bmiem nawet<br \/>\noczu wznie\u015b\u0107 ku Tobie, ani spojrze\u0107 w oczy ludziom.<\/b> Bo\u017ce, tak mi wstyd\u2026 Tak<br \/>\nmi wstyd\u2026<\/div>\n<div class=\"MsoNormal\" style=\"text-align: justify; text-indent: 35.4pt;\">\n<b><i>Powiadam wam: Ten odszed\u0142<br \/>\ndo domu usprawiedliwiony, nie tamten. Ka\u017cdy bowiem, kto si\u0119 wywy\u017csza, b\u0119dzie poni\u017cony,<br \/>\na kto si\u0119 uni\u017ca, b\u0119dzie wywy\u017cszony<\/i><\/b>.<\/div>\n","protected":false},"excerpt":{"rendered":"<p>Szcz\u0119\u015b\u0107 Bo\u017ce! Kochani, dzisiaj moje s\u0142\u00f3wko, ale przez najbli\u017csze dni b\u0119dzie troch\u0119 &#8222;s\u0142\u00f3wek&#8221; z Syberii. Bardzo dzi\u0119kuj\u0119 Markowi za ten szczery dar. &nbsp; &nbsp; &nbsp;A Wam dzi\u0119kuj\u0119 za bezcenne komentarze. Tak\u017ce za te, z kt\u00f3rymi si\u0119 nie do ko\u0144ca zgadzam, albo wcale si\u0119 nie zgadzam. Wszystkie stanowi\u0105 wielkie dobro. Wczoraj po po\u0142udniu spokojnie poczyta\u0142em wpisy [&hellip;]<\/p>\n","protected":false},"author":1,"featured_media":0,"comment_status":"open","ping_status":"open","sticky":false,"template":"","format":"standard","meta":{"jetpack_post_was_ever_published":false,"_jetpack_newsletter_access":"","_jetpack_dont_email_post_to_subs":false,"_jetpack_newsletter_tier_id":0,"_jetpack_memberships_contains_paywalled_content":false,"_jetpack_memberships_contains_paid_content":false,"footnotes":""},"categories":[1],"tags":[],"class_list":["post-9548","post","type-post","status-publish","format-standard","hentry","category-bez-kategorii"],"yoast_head":"<!-- This site is optimized with the Yoast SEO plugin v25.1 - https:\/\/yoast.com\/wordpress\/plugins\/seo\/ -->\n<title>Kto zostanie usprawiedliwiony?... - Gaudium Et Spes<\/title>\n<meta name=\"robots\" content=\"index, follow, max-snippet:-1, max-image-preview:large, max-video-preview:-1\" \/>\n<link rel=\"canonical\" href=\"https:\/\/gaudiumetspes-blog.pl\/index.php\/2012\/03\/17\/kto-zostanie-usprawiedliwiony\/\" \/>\n<meta property=\"og:locale\" content=\"pl_PL\" \/>\n<meta property=\"og:type\" content=\"article\" \/>\n<meta property=\"og:title\" content=\"Kto zostanie usprawiedliwiony?... - Gaudium Et Spes\" \/>\n<meta property=\"og:description\" content=\"Szcz\u0119\u015b\u0107 Bo\u017ce! Kochani, dzisiaj moje s\u0142\u00f3wko, ale przez najbli\u017csze dni b\u0119dzie troch\u0119 &#8222;s\u0142\u00f3wek&#8221; z Syberii. Bardzo dzi\u0119kuj\u0119 Markowi za ten szczery dar. &nbsp; &nbsp; &nbsp;A Wam dzi\u0119kuj\u0119 za bezcenne komentarze. Tak\u017ce za te, z kt\u00f3rymi si\u0119 nie do ko\u0144ca zgadzam, albo wcale si\u0119 nie zgadzam. Wszystkie stanowi\u0105 wielkie dobro. Wczoraj po po\u0142udniu spokojnie poczyta\u0142em wpisy [&hellip;]\" \/>\n<meta property=\"og:url\" content=\"https:\/\/gaudiumetspes-blog.pl\/index.php\/2012\/03\/17\/kto-zostanie-usprawiedliwiony\/\" \/>\n<meta property=\"og:site_name\" content=\"Gaudium Et Spes\" \/>\n<meta property=\"article:published_time\" content=\"2012-03-17T05:00:00+00:00\" \/>\n<meta property=\"article:modified_time\" content=\"2019-07-31T10:53:06+00:00\" \/>\n<meta name=\"author\" content=\"Ks. Jacek\" \/>\n<meta name=\"twitter:card\" content=\"summary_large_image\" \/>\n<meta name=\"twitter:label1\" content=\"Napisane przez\" \/>\n\t<meta name=\"twitter:data1\" content=\"Ks. Jacek\" \/>\n\t<meta name=\"twitter:label2\" content=\"Szacowany czas czytania\" \/>\n\t<meta name=\"twitter:data2\" content=\"3 minuty\" \/>\n<script type=\"application\/ld+json\" class=\"yoast-schema-graph\">{\"@context\":\"https:\/\/schema.org\",\"@graph\":[{\"@type\":\"WebPage\",\"@id\":\"https:\/\/gaudiumetspes-blog.pl\/index.php\/2012\/03\/17\/kto-zostanie-usprawiedliwiony\/\",\"url\":\"https:\/\/gaudiumetspes-blog.pl\/index.php\/2012\/03\/17\/kto-zostanie-usprawiedliwiony\/\",\"name\":\"Kto zostanie usprawiedliwiony?... - Gaudium Et Spes\",\"isPartOf\":{\"@id\":\"https:\/\/gaudiumetspes-blog.pl\/#website\"},\"datePublished\":\"2012-03-17T05:00:00+00:00\",\"dateModified\":\"2019-07-31T10:53:06+00:00\",\"author\":{\"@id\":\"https:\/\/gaudiumetspes-blog.pl\/#\/schema\/person\/1661982992b752dea8dff0d4ed845a65\"},\"breadcrumb\":{\"@id\":\"https:\/\/gaudiumetspes-blog.pl\/index.php\/2012\/03\/17\/kto-zostanie-usprawiedliwiony\/#breadcrumb\"},\"inLanguage\":\"pl-PL\",\"potentialAction\":[{\"@type\":\"ReadAction\",\"target\":[\"https:\/\/gaudiumetspes-blog.pl\/index.php\/2012\/03\/17\/kto-zostanie-usprawiedliwiony\/\"]}]},{\"@type\":\"BreadcrumbList\",\"@id\":\"https:\/\/gaudiumetspes-blog.pl\/index.php\/2012\/03\/17\/kto-zostanie-usprawiedliwiony\/#breadcrumb\",\"itemListElement\":[{\"@type\":\"ListItem\",\"position\":1,\"name\":\"Strona g\u0142\u00f3wna\",\"item\":\"https:\/\/gaudiumetspes-blog.pl\/\"},{\"@type\":\"ListItem\",\"position\":2,\"name\":\"Kto zostanie usprawiedliwiony?&#8230;\"}]},{\"@type\":\"WebSite\",\"@id\":\"https:\/\/gaudiumetspes-blog.pl\/#website\",\"url\":\"https:\/\/gaudiumetspes-blog.pl\/\",\"name\":\"Gaudium Et Spes\",\"description\":\"Blog Ks. Jacka Ja\u015bkowskiego\",\"potentialAction\":[{\"@type\":\"SearchAction\",\"target\":{\"@type\":\"EntryPoint\",\"urlTemplate\":\"https:\/\/gaudiumetspes-blog.pl\/?s={search_term_string}\"},\"query-input\":{\"@type\":\"PropertyValueSpecification\",\"valueRequired\":true,\"valueName\":\"search_term_string\"}}],\"inLanguage\":\"pl-PL\"},{\"@type\":\"Person\",\"@id\":\"https:\/\/gaudiumetspes-blog.pl\/#\/schema\/person\/1661982992b752dea8dff0d4ed845a65\",\"name\":\"Ks. Jacek\",\"image\":{\"@type\":\"ImageObject\",\"inLanguage\":\"pl-PL\",\"@id\":\"https:\/\/gaudiumetspes-blog.pl\/#\/schema\/person\/image\/\",\"url\":\"https:\/\/gaudiumetspes-blog.pl\/wp-content\/uploads\/2019\/07\/avatar-JJ-150x150.jpg\",\"contentUrl\":\"https:\/\/gaudiumetspes-blog.pl\/wp-content\/uploads\/2019\/07\/avatar-JJ-150x150.jpg\",\"caption\":\"Ks. Jacek\"},\"description\":\"Witam serdecznie! K\u0142ania si\u0119 Ks. Jacek Ja\u015bkowski. Nie jestem ani kim\u015b wa\u017cnym, ani kim\u015b znanym. Jestem ksi\u0119dzem, kt\u00f3ry po prostu chce rozmawia\u0107. Codzienna kap\u0142a\u0144ska pos\u0142uga pokazuje mi, \u017ce temat\u00f3w do rozm\u00f3w z ksi\u0119dzem jest coraz wi\u0119cej i dzisiaj \u017caden ksi\u0105dz nie mo\u017ce od nich ucieka\u0107, ale - wprost przeciwnie - podejmowa\u0107 nowe wyzwania. To przekonanie sk\u0142oni\u0142o mnie do pr\u00f3by otwarcia tego\u017c bloga, chocia\u017c okazji do rozm\u00f3w na co dzie\u0144 - w konfesjonale i poza nim - na szcz\u0119\u015bcie nie brakuje. My\u015bl\u0119 jednak, \u017ce ten blog b\u0119dzie jeszcze jednym sposobem i przestrzeni\u0105 nawi\u0105zania kontaktu z lud\u017ami dobrej woli, otwartymi na dialog.\",\"url\":\"https:\/\/gaudiumetspes-blog.pl\/index.php\/author\/ks-jacek\/\"}]}<\/script>\n<!-- \/ Yoast SEO plugin. -->","yoast_head_json":{"title":"Kto zostanie usprawiedliwiony?... - Gaudium Et Spes","robots":{"index":"index","follow":"follow","max-snippet":"max-snippet:-1","max-image-preview":"max-image-preview:large","max-video-preview":"max-video-preview:-1"},"canonical":"https:\/\/gaudiumetspes-blog.pl\/index.php\/2012\/03\/17\/kto-zostanie-usprawiedliwiony\/","og_locale":"pl_PL","og_type":"article","og_title":"Kto zostanie usprawiedliwiony?... - Gaudium Et Spes","og_description":"Szcz\u0119\u015b\u0107 Bo\u017ce! Kochani, dzisiaj moje s\u0142\u00f3wko, ale przez najbli\u017csze dni b\u0119dzie troch\u0119 &#8222;s\u0142\u00f3wek&#8221; z Syberii. Bardzo dzi\u0119kuj\u0119 Markowi za ten szczery dar. &nbsp; &nbsp; &nbsp;A Wam dzi\u0119kuj\u0119 za bezcenne komentarze. Tak\u017ce za te, z kt\u00f3rymi si\u0119 nie do ko\u0144ca zgadzam, albo wcale si\u0119 nie zgadzam. Wszystkie stanowi\u0105 wielkie dobro. Wczoraj po po\u0142udniu spokojnie poczyta\u0142em wpisy [&hellip;]","og_url":"https:\/\/gaudiumetspes-blog.pl\/index.php\/2012\/03\/17\/kto-zostanie-usprawiedliwiony\/","og_site_name":"Gaudium Et Spes","article_published_time":"2012-03-17T05:00:00+00:00","article_modified_time":"2019-07-31T10:53:06+00:00","author":"Ks. Jacek","twitter_card":"summary_large_image","twitter_misc":{"Napisane przez":"Ks. Jacek","Szacowany czas czytania":"3 minuty"},"schema":{"@context":"https:\/\/schema.org","@graph":[{"@type":"WebPage","@id":"https:\/\/gaudiumetspes-blog.pl\/index.php\/2012\/03\/17\/kto-zostanie-usprawiedliwiony\/","url":"https:\/\/gaudiumetspes-blog.pl\/index.php\/2012\/03\/17\/kto-zostanie-usprawiedliwiony\/","name":"Kto zostanie usprawiedliwiony?... - Gaudium Et Spes","isPartOf":{"@id":"https:\/\/gaudiumetspes-blog.pl\/#website"},"datePublished":"2012-03-17T05:00:00+00:00","dateModified":"2019-07-31T10:53:06+00:00","author":{"@id":"https:\/\/gaudiumetspes-blog.pl\/#\/schema\/person\/1661982992b752dea8dff0d4ed845a65"},"breadcrumb":{"@id":"https:\/\/gaudiumetspes-blog.pl\/index.php\/2012\/03\/17\/kto-zostanie-usprawiedliwiony\/#breadcrumb"},"inLanguage":"pl-PL","potentialAction":[{"@type":"ReadAction","target":["https:\/\/gaudiumetspes-blog.pl\/index.php\/2012\/03\/17\/kto-zostanie-usprawiedliwiony\/"]}]},{"@type":"BreadcrumbList","@id":"https:\/\/gaudiumetspes-blog.pl\/index.php\/2012\/03\/17\/kto-zostanie-usprawiedliwiony\/#breadcrumb","itemListElement":[{"@type":"ListItem","position":1,"name":"Strona g\u0142\u00f3wna","item":"https:\/\/gaudiumetspes-blog.pl\/"},{"@type":"ListItem","position":2,"name":"Kto zostanie usprawiedliwiony?&#8230;"}]},{"@type":"WebSite","@id":"https:\/\/gaudiumetspes-blog.pl\/#website","url":"https:\/\/gaudiumetspes-blog.pl\/","name":"Gaudium Et Spes","description":"Blog Ks. Jacka Ja\u015bkowskiego","potentialAction":[{"@type":"SearchAction","target":{"@type":"EntryPoint","urlTemplate":"https:\/\/gaudiumetspes-blog.pl\/?s={search_term_string}"},"query-input":{"@type":"PropertyValueSpecification","valueRequired":true,"valueName":"search_term_string"}}],"inLanguage":"pl-PL"},{"@type":"Person","@id":"https:\/\/gaudiumetspes-blog.pl\/#\/schema\/person\/1661982992b752dea8dff0d4ed845a65","name":"Ks. Jacek","image":{"@type":"ImageObject","inLanguage":"pl-PL","@id":"https:\/\/gaudiumetspes-blog.pl\/#\/schema\/person\/image\/","url":"https:\/\/gaudiumetspes-blog.pl\/wp-content\/uploads\/2019\/07\/avatar-JJ-150x150.jpg","contentUrl":"https:\/\/gaudiumetspes-blog.pl\/wp-content\/uploads\/2019\/07\/avatar-JJ-150x150.jpg","caption":"Ks. Jacek"},"description":"Witam serdecznie! K\u0142ania si\u0119 Ks. Jacek Ja\u015bkowski. Nie jestem ani kim\u015b wa\u017cnym, ani kim\u015b znanym. Jestem ksi\u0119dzem, kt\u00f3ry po prostu chce rozmawia\u0107. Codzienna kap\u0142a\u0144ska pos\u0142uga pokazuje mi, \u017ce temat\u00f3w do rozm\u00f3w z ksi\u0119dzem jest coraz wi\u0119cej i dzisiaj \u017caden ksi\u0105dz nie mo\u017ce od nich ucieka\u0107, ale - wprost przeciwnie - podejmowa\u0107 nowe wyzwania. To przekonanie sk\u0142oni\u0142o mnie do pr\u00f3by otwarcia tego\u017c bloga, chocia\u017c okazji do rozm\u00f3w na co dzie\u0144 - w konfesjonale i poza nim - na szcz\u0119\u015bcie nie brakuje. My\u015bl\u0119 jednak, \u017ce ten blog b\u0119dzie jeszcze jednym sposobem i przestrzeni\u0105 nawi\u0105zania kontaktu z lud\u017ami dobrej woli, otwartymi na dialog.","url":"https:\/\/gaudiumetspes-blog.pl\/index.php\/author\/ks-jacek\/"}]}},"jetpack_featured_media_url":"","jetpack_sharing_enabled":true,"_links":{"self":[{"href":"https:\/\/gaudiumetspes-blog.pl\/index.php\/wp-json\/wp\/v2\/posts\/9548","targetHints":{"allow":["GET"]}}],"collection":[{"href":"https:\/\/gaudiumetspes-blog.pl\/index.php\/wp-json\/wp\/v2\/posts"}],"about":[{"href":"https:\/\/gaudiumetspes-blog.pl\/index.php\/wp-json\/wp\/v2\/types\/post"}],"author":[{"embeddable":true,"href":"https:\/\/gaudiumetspes-blog.pl\/index.php\/wp-json\/wp\/v2\/users\/1"}],"replies":[{"embeddable":true,"href":"https:\/\/gaudiumetspes-blog.pl\/index.php\/wp-json\/wp\/v2\/comments?post=9548"}],"version-history":[{"count":1,"href":"https:\/\/gaudiumetspes-blog.pl\/index.php\/wp-json\/wp\/v2\/posts\/9548\/revisions"}],"predecessor-version":[{"id":10535,"href":"https:\/\/gaudiumetspes-blog.pl\/index.php\/wp-json\/wp\/v2\/posts\/9548\/revisions\/10535"}],"wp:attachment":[{"href":"https:\/\/gaudiumetspes-blog.pl\/index.php\/wp-json\/wp\/v2\/media?parent=9548"}],"wp:term":[{"taxonomy":"category","embeddable":true,"href":"https:\/\/gaudiumetspes-blog.pl\/index.php\/wp-json\/wp\/v2\/categories?post=9548"},{"taxonomy":"post_tag","embeddable":true,"href":"https:\/\/gaudiumetspes-blog.pl\/index.php\/wp-json\/wp\/v2\/tags?post=9548"}],"curies":[{"name":"wp","href":"https:\/\/api.w.org\/{rel}","templated":true}]}}