{"id":9549,"date":"2012-03-16T08:08:00","date_gmt":"2012-03-16T07:08:00","guid":{"rendered":"https:\/\/gaudiumetspes-blog.pl\/index.php\/2012\/03\/16\/o-patrzeniu-na-jezusa-przez-filtry-i\/"},"modified":"2019-07-31T12:53:06","modified_gmt":"2019-07-31T10:53:06","slug":"o-patrzeniu-na-jezusa-przez-filtry-i","status":"publish","type":"post","link":"https:\/\/gaudiumetspes-blog.pl\/index.php\/2012\/03\/16\/o-patrzeniu-na-jezusa-przez-filtry-i\/","title":{"rendered":"O patrzeniu na Jezusa &#8211; przez filtry i aparaty&#8230;"},"content":{"rendered":"<p><\/p>\n<div class=\"MsoNormal\" style=\"text-align: justify;\">\nSzcz\u0119\u015b\u0107 Bo\u017ce! Kochani, z rado\u015bci\u0105 zapraszam do refleksji nad s\u0142\u00f3wkiem z Syberii. Wreszcie! Nasz Drogi Podr\u00f3\u017cnik wr\u00f3ci\u0142 na swoje w\u0142o\u015bci i co\u015b nam przys\u0142a\u0142. Obieca\u0142 nawet przez kilka dni pisa\u0107, bo w drugiej po\u0142owie przysz\u0142ego tygodnia znowu gdzie\u015b b\u0119dzie prowadzi\u0142 Rekolekcje. No, c\u00f3\u017c&#8230; tacy ludzie ju\u017c tak maj\u0105&#8230;<\/div>\n<div class=\"MsoNormal\" style=\"text-align: justify;\">\n&nbsp; &nbsp; &nbsp;Bardzo dzi\u0119kuj\u0119 za wczorajsze wypowiedzi. Odnios\u0119 si\u0119 do nich szczeg\u00f3\u0142owo, tutaj tylko wspomn\u0119, \u017ce nie jest moim celem dzielenie ludzko\u015bci na s\u0142usznie i nies\u0142usznie g\u0142osuj\u0105cych. <b>Jednak daleki jestem od przekonania, \u017ce chrze\u015bcija\u0144stwo to takie godzenie si\u0119 ze wszystkimi na si\u0142\u0119. Trzeba dawa\u0107 \u015bwiadectwo prawdzie, nazywa\u0107 rzeczy po imieniu i jasno odr\u00f3\u017cnia\u0107 dobro od z\u0142a. Tak pojmuj\u0119 swoj\u0105 misj\u0119 kap\u0142a\u0144sk\u0105 i w tym duchu pisa\u0142em wczorajsze s\u0142owo wst\u0119pne, jak i wiele poprzednich jemu podobnych, jak i opini\u0119 o WO\u015aP. I deklaruj\u0119, \u017ce dalej b\u0119d\u0119 si\u0119 tak wypowiada\u0142 &#8211; bez wzgl\u0119du na oceny i odczucia.<\/b><\/div>\n<div class=\"MsoNormal\" style=\"text-align: justify;\">\n&nbsp; &nbsp; &nbsp; &nbsp; &nbsp; Gaudium et spes! &nbsp;Ks. Jacek<\/div>\n<div class=\"MsoNormal\" style=\"text-align: justify;\">\n<\/div>\n<div class=\"MsoNormal\" style=\"text-align: justify;\">\nA oto s\u0142owo Ksi\u0119dza Marka:<\/div>\n<div class=\"MsoNormal\" style=\"text-align: justify;\">\n<\/div>\n<div class=\"MsoNormal\" style=\"text-align: justify;\">\nWitam serdecznie, zn\u00f3w z Tomska.<br \/>\nTak czytam Wasze wpisy i my\u015bl\u0119 sobie: jak jestem daleko\u2026 Ma\u0142o wiem, co si\u0119 w<br \/>\nOjczy\u017anie dzieje. Ju\u017c bardziej si\u0119 orientuj\u0119 w problemach Rosji ni\u017c Polski.<br \/>\nKiedy\u015b &nbsp;systematycznie ogl\u0105da\u0142em r\u00f3\u017cne<br \/>\nwiadomo\u015bci TVP przez internet, potem pozbawiono mnie tego szcz\u0119\u015bcia, pisz\u0105c, \u017ce<br \/>\nw kraju w kt\u00f3rym przebywasz nie mo\u017cesz ich ogl\u0105da\u0107. Widz\u0119 dzi\u015b, \u017ce wiele nie<br \/>\nstraci\u0142em. Nawet napisa\u0142em do TVP maila, \u017ce im dzi\u0119kuj\u0119, bo dzi\u0119ki temu, \u017ce nie<br \/>\nmog\u0119 ich ogl\u0105da\u0107 na Syberii, odkry\u0142em TV Trwam, kt\u00f3r\u0105 mo\u017cna ogl\u0105da\u0107 przez<br \/>\ninternet zawsze i wsz\u0119dzie. Nikt oczywi\u015bcie nie odpowiedzia\u0142, ale my\u015bl\u0119 sobie,<br \/>\n\u017ce je\u015bli takie maile otrzymuj\u0105, to trudno si\u0119 dziwi\u0107, \u017ce wpadaj\u0105 w furi\u0119 i gotowi<br \/>\ns\u0105 zrobi\u0107 wszystko, \u017ceby si\u0119 takiego konkurenta pozby\u0107. <\/div>\n<div class=\"MsoNormal\" style=\"text-align: justify;\">\nMy\u015bl\u0119, \u017ce tu nie chodzi o<br \/>\npieni\u0105dze, to jest wielka duchowa walka. Widz\u0119 to i w Polsce i tu, w Rosji.<br \/>\nJest jaka\u015b przedziwna walka, w\u0142a\u015bnie z Ko\u015bcio\u0142em Katolickim. Jako\u015b inne wyznania<br \/>\ntak nie ra\u017c\u0105. Czemu? Armaty wytacza si\u0119 przeciw powa\u017cnemu przeciwnikowi, walczy<br \/>\nsi\u0119 z siln\u0105 flot\u0105 a nie z jakim\u015b pojedynczym p\u0142etwonurkiem. <\/div>\n<div class=\"MsoNormal\" style=\"text-align: justify;\">\nDlatego nie b\u00f3jmy si\u0119. Pan B\u00f3g<br \/>\nsobie poradzi. Trzeba si\u0119 tylko modli\u0107 i obserwowa\u0107, jak Pan B\u00f3g b\u0119dzie ich<br \/>\nrozbraja\u0142. GAUDIUM ET SPES! <\/div>\n<div class=\"MsoNormal\" style=\"text-align: justify;\">\nA dzi\u015b\u2026<\/div>\n<div class=\"MsoNormal\" style=\"text-align: justify;\">\nKolejny pi\u0105tek Wielkiego Postu.<br \/>\nDroga Krzy\u017cowa.<\/div>\n<div class=\"MsoNormal\" style=\"text-align: justify;\">\nTydzie\u0144 temu uczestniczy\u0142em w<br \/>\nDrodze Krzy\u017cowej w Circus Maximus w Rzymie. Jest to niezwykle wa\u017cne miejsce,<br \/>\ncho\u0107 dzi\u015b, to po prostu plac, ro\u015bnie trawa. Ale tam zgin\u0119\u0142o najwi\u0119cej<br \/>\nchrze\u015bcijan w pierwszych wiekach. Nawet nie w Koloseum, kt\u00f3re jest niedaleko,<br \/>\nale w\u0142a\u015bnie w Circus Maximus. Szli\u015bmy przez \u015brodek tego placu, by\u0142a pi\u0119kna<br \/>\npogoda, ponad 20 stopni na plusie, obok spacerowali ludzie, jaka\u015b para si\u0119<br \/>\nca\u0142owa\u0142a, a my id\u0105c rozmy\u015blali\u015bmy nad cierpieniem Jezusa, nad cierpieniem<br \/>\npierwszych naszych braci i si\u00f3str chrze\u015bcijan, i nad swoim \u017cyciem. <\/div>\n<div class=\"MsoNormal\" style=\"text-align: justify;\">\nTa Droga Krzy\u017cowa, zrobi\u0142a na mnie<br \/>\nwielkie wra\u017cenie, a jeszcze wi\u0119ksze to, jak potem komentowali to uczestnicy<br \/>\npielgrzymki, zw\u0142aszcza mieszkaj\u0105cy w p\u00f3\u0142nocnej cz\u0119\u015bci naszej diecezji, tam,<br \/>\ngdzie niedawno by\u0142em na rekolekcjach. Tam nie ma jeszcze ko\u015bcio\u0142\u00f3w, rzadko<br \/>\nprzyje\u017cd\u017ca ksi\u0105dz. I kilka os\u00f3b w\u0142a\u015bnie tam, na Circus Maximus, po raz pierwszy<br \/>\nw \u017cyciu, uczestniczy\u0142o w Drodze Krzy\u017cowej, kilka os\u00f3b w\u0142a\u015bnie tam dowiedzia\u0142o<br \/>\nsi\u0119, \u017ce jest taka modlitwa, takie nabo\u017ce\u0144stwo. <\/div>\n<div class=\"MsoNormal\" style=\"text-align: justify;\">\nMy wiemy od dawna, nie tak trudno<br \/>\nuczestniczy\u0107, owszem trzeba znale\u017a\u0107 czas. Warto.<\/div>\n<div class=\"MsoNormal\" style=\"text-align: justify;\">\nA dzi\u015b pi\u0119kne czytania. Pierwsze z<br \/>\nKsi\u0119gi proroka Ozeasza, o wielkiej mi\u0142o\u015bci Pana Boga do nas. I Ewangelia, o<br \/>\npotrzebie mi\u0142o\u015bci naszej do Pana Boga \u2013 B\u0119dziesz mi\u0142owa\u0142 ca\u0142ym sercem\u2026 <\/div>\n<div class=\"MsoNormal\" style=\"text-align: justify;\">\nA gdzie\u015b w tych czytaniach jest<br \/>\nmy\u015bl, kt\u00f3ra si\u0119 powtarza \u2013 B\u00f3g jest jedyny!<\/div>\n<div class=\"MsoNormal\" style=\"text-align: justify;\">\n<i>Asyria<br \/>\nnie mo\u017ce nas zbawi\u0107 &#8211; nie chcemy ju\u017c wsiada\u0107 na konie ani te\u017c m\u00f3wi\u0107 &#8222;nasz<br \/>\nBo\u017ce&#8221; do dzie\u0142a r\u0105k naszych<\/i>.<\/div>\n<div class=\"MsoNormal\" style=\"text-align: justify;\">\nIle\u017c takiej Asyrii w naszej g\u0142owie<br \/>\ni w sercu, nadziei pok\u0142adanej w jakim\u015b kraju, systemie, grupie, nadziei<br \/>\npok\u0142adanej w kim\u015b lub w czym\u015b, a potem zdaje si\u0119, \u017ce nikomu i niczemu nie mo\u017cna<br \/>\nzaufa\u0107. I to jest b\u0142ogos\u0142awione odczucie, nawet je\u015bli bolesne odczucie samotno\u015bci<br \/>\ni opuszczenia \u2013 Asyria nie mo\u017ce nas zbawi\u0107. Jest jeden, jedyny B\u00f3g, tylko On<br \/>\nmo\u017ce nas zbawi\u0107. Jego kochaj ca\u0142ym sercem, ca\u0142\u0105 dusz\u0105, ca\u0142ym umys\u0142em, ze<br \/>\nwszystkich si\u0142. <\/div>\n<div class=\"MsoNormal\" style=\"text-align: justify;\">\nDzi\u015b rano rozmy\u015blaj\u0105c nad tym<br \/>\ns\u0142owem, z\u0142apa\u0142em si\u0119 na my\u015bli, \u017ce my\u015bl\u0119 o tym co napisa\u0107 w tym rozwa\u017caniu. I<br \/>\nmy\u015bl\u0119 sobie, \u017ce diabe\u0142 nawet takie dobre dzie\u0142o mo\u017ce wykorzysta\u0107. A przecie\u017c to<br \/>\nmoja modlitwa, ja mam my\u015ble\u0107 nad tym co do mnie Pan B\u00f3g m\u00f3wi, a nie co ja mam<br \/>\nnapisa\u0107. <\/div>\n<div class=\"MsoNormal\" style=\"text-align: justify;\">\nIle\u017c na modlitwie, takich my\u015bli,<br \/>\nnawet pi\u0119knych, kt\u00f3re jednak nie s\u0105 modlitw\u0105, kt\u00f3re staj\u0105 na miejsce jedynego<br \/>\nBoga. <\/div>\n<div class=\"MsoNormal\" style=\"text-align: justify;\">\nNa \u015brodowej audiencji z papie\u017cem,<br \/>\nludzie bardzo si\u0119 ciesz\u0105 kiedy papie\u017c przeje\u017cd\u017ca obok. Tylko, \u017ce w dzisiejszych<br \/>\nczasach wszyscy maj\u0105 aparaty, i ka\u017cdy chce sfotografowa\u0107 i wychodzi na to, \u017ce<br \/>\nka\u017cdy patrzy na papie\u017ca przez obiektyw aparat\u00f3w i kamer, a papie\u017c zamiast<br \/>\nu\u015bmiech\u00f3w i twarzy ludzi widzi i pozdrawia aparaty fotograficzne i niewiadomo<br \/>\nkogo za nimi. A przecie\u017c te zdj\u0119cia i tak b\u0119d\u0105 gorszej jako\u015bci ni\u017c dowolna<br \/>\nwidok\u00f3wka z papie\u017cem. <\/div>\n<div class=\"MsoNormal\" style=\"text-align: justify;\">\nTak jest i z Panem Bogiem, my<br \/>\ncz\u0119sto na modlitwie zamiast spotka\u0107 si\u0119 z Panem Bogiem bezpo\u015brednio, to<br \/>\nwystawiamy nasze aparaty, patrzymy na Niego przez filtry naszych spraw,<br \/>\nproblem\u00f3w, jakiego\u015b prze\u017cywania. To nam utrudnia bezpo\u015bredni kontakt. <\/div>\n<div class=\"MsoNormal\" style=\"text-align: justify;\">\nA przecie\u017c B\u00f3g jest jedyny.<br \/>\nB\u0119dziesz mi\u0142owa\u0142 Go ca\u0142ym sercem\u2026<\/div>\n<div class=\"MsoNormal\" style=\"text-align: justify;\">\nCo to znaczy \u2013 mi\u0142owa\u0107 Pana, Boga<br \/>\nswego, ca\u0142ym swoim sercem, ca\u0142\u0105 swoj\u0105 dusz\u0105, ca\u0142ym swoim umys\u0142em i ca\u0142\u0105 swoj\u0105<br \/>\nmoc\u0105?<\/div>\n<div class=\"MsoNormal\" style=\"text-align: justify;\">\nKiedy odprawiali\u015bmy Drog\u0119 Krzy\u017cow\u0105<br \/>\nw Circus Maximus, rozmy\u015blaj\u0105c nad m\u0119cze\u0144stwem chrze\u015bcijan pierwszych wiek\u00f3w,<br \/>\ns\u0142ysz\u0105c o liczbach, ilu ich tam wtedy gin\u0119\u0142o, przysz\u0142a mi my\u015bl, kt\u00f3ra te\u017c<br \/>\nwybrzmiewa\u0142a tam, na tej Drodze Krzy\u017cowej: Za tymi liczbami, chrze\u015bcijanami<br \/>\npierwszych wiek\u00f3w, odwa\u017cnymi m\u0119czennikami, kryj\u0105 si\u0119 konkretni ludzie, bardzo<br \/>\ncz\u0119sto m\u0142odzi. Kryje si\u0119 konkretny cz\u0142owiek, kt\u00f3ry cieszy\u0142 si\u0119 \u017cyciem i chcia\u0142<br \/>\ncieszy\u0107 si\u0119 \u017cyciem, jak np. Perpetua i Felicyta, kt\u00f3re w tych dniach<br \/>\nwspominali\u015bmy \u2013 m\u0142ode dwudziesto-paro letnie matki. Konkretny m\u0142ody cz\u0142owiek,<br \/>\nkt\u00f3ry zapewne ba\u0142 si\u0119 \u015bmierci, nie chcia\u0142 umiera\u0107, przed nim \u017cycie. I doskonale<br \/>\nwiedzia\u0142, \u017ce chrze\u015bcija\u0144stwo grozi \u015bmierci\u0105. I ten m\u0142ody cz\u0142owiek, wystarczy\u0142oby,<br \/>\n\u017ceby podsypa\u0142 odrobin\u0119 kadzid\u0142a na o\u0142tarz innego Boga, nawet bez wewn\u0119trznego<br \/>\nprzekonania, i by \u017cy\u0142. On jednak tego nie zrobi\u0142. Umar\u0142. Zgin\u0105\u0142, w okrutnych m\u0119kach.<br \/>\nDlaczego? Bo mi\u0142owa\u0142 Pana, Boga swego, ca\u0142ym swoim sercem, ca\u0142\u0105 swoj\u0105 dusz\u0105,<br \/>\nca\u0142ym swoim umys\u0142em i ca\u0142\u0105 swoj\u0105 moc\u0105. Czy ja bym tak umia\u0142?&nbsp;<\/div>\n","protected":false},"excerpt":{"rendered":"<p>Szcz\u0119\u015b\u0107 Bo\u017ce! Kochani, z rado\u015bci\u0105 zapraszam do refleksji nad s\u0142\u00f3wkiem z Syberii. Wreszcie! Nasz Drogi Podr\u00f3\u017cnik wr\u00f3ci\u0142 na swoje w\u0142o\u015bci i co\u015b nam przys\u0142a\u0142. Obieca\u0142 nawet przez kilka dni pisa\u0107, bo w drugiej po\u0142owie przysz\u0142ego tygodnia znowu gdzie\u015b b\u0119dzie prowadzi\u0142 Rekolekcje. No, c\u00f3\u017c&#8230; tacy ludzie ju\u017c tak maj\u0105&#8230; &nbsp; &nbsp; &nbsp;Bardzo dzi\u0119kuj\u0119 za wczorajsze wypowiedzi. [&hellip;]<\/p>\n","protected":false},"author":1,"featured_media":0,"comment_status":"open","ping_status":"open","sticky":false,"template":"","format":"standard","meta":{"jetpack_post_was_ever_published":false,"_jetpack_newsletter_access":"","_jetpack_dont_email_post_to_subs":false,"_jetpack_newsletter_tier_id":0,"_jetpack_memberships_contains_paywalled_content":false,"_jetpack_memberships_contains_paid_content":false,"footnotes":""},"categories":[1],"tags":[],"class_list":["post-9549","post","type-post","status-publish","format-standard","hentry","category-bez-kategorii"],"yoast_head":"<!-- This site is optimized with the Yoast SEO plugin v25.1 - https:\/\/yoast.com\/wordpress\/plugins\/seo\/ -->\n<title>O patrzeniu na Jezusa - przez filtry i aparaty... - Gaudium Et Spes<\/title>\n<meta name=\"robots\" content=\"index, follow, max-snippet:-1, max-image-preview:large, max-video-preview:-1\" \/>\n<link rel=\"canonical\" href=\"https:\/\/gaudiumetspes-blog.pl\/index.php\/2012\/03\/16\/o-patrzeniu-na-jezusa-przez-filtry-i\/\" \/>\n<meta property=\"og:locale\" content=\"pl_PL\" \/>\n<meta property=\"og:type\" content=\"article\" \/>\n<meta property=\"og:title\" content=\"O patrzeniu na Jezusa - przez filtry i aparaty... - Gaudium Et Spes\" \/>\n<meta property=\"og:description\" content=\"Szcz\u0119\u015b\u0107 Bo\u017ce! Kochani, z rado\u015bci\u0105 zapraszam do refleksji nad s\u0142\u00f3wkiem z Syberii. Wreszcie! Nasz Drogi Podr\u00f3\u017cnik wr\u00f3ci\u0142 na swoje w\u0142o\u015bci i co\u015b nam przys\u0142a\u0142. Obieca\u0142 nawet przez kilka dni pisa\u0107, bo w drugiej po\u0142owie przysz\u0142ego tygodnia znowu gdzie\u015b b\u0119dzie prowadzi\u0142 Rekolekcje. No, c\u00f3\u017c&#8230; tacy ludzie ju\u017c tak maj\u0105&#8230; &nbsp; &nbsp; &nbsp;Bardzo dzi\u0119kuj\u0119 za wczorajsze wypowiedzi. [&hellip;]\" \/>\n<meta property=\"og:url\" content=\"https:\/\/gaudiumetspes-blog.pl\/index.php\/2012\/03\/16\/o-patrzeniu-na-jezusa-przez-filtry-i\/\" \/>\n<meta property=\"og:site_name\" content=\"Gaudium Et Spes\" \/>\n<meta property=\"article:published_time\" content=\"2012-03-16T07:08:00+00:00\" \/>\n<meta property=\"article:modified_time\" content=\"2019-07-31T10:53:06+00:00\" \/>\n<meta name=\"author\" content=\"Ks. Jacek\" \/>\n<meta name=\"twitter:card\" content=\"summary_large_image\" \/>\n<meta name=\"twitter:label1\" content=\"Napisane przez\" \/>\n\t<meta name=\"twitter:data1\" content=\"Ks. Jacek\" \/>\n\t<meta name=\"twitter:label2\" content=\"Szacowany czas czytania\" \/>\n\t<meta name=\"twitter:data2\" content=\"6 minut\" \/>\n<script type=\"application\/ld+json\" class=\"yoast-schema-graph\">{\"@context\":\"https:\/\/schema.org\",\"@graph\":[{\"@type\":\"WebPage\",\"@id\":\"https:\/\/gaudiumetspes-blog.pl\/index.php\/2012\/03\/16\/o-patrzeniu-na-jezusa-przez-filtry-i\/\",\"url\":\"https:\/\/gaudiumetspes-blog.pl\/index.php\/2012\/03\/16\/o-patrzeniu-na-jezusa-przez-filtry-i\/\",\"name\":\"O patrzeniu na Jezusa - przez filtry i aparaty... - Gaudium Et Spes\",\"isPartOf\":{\"@id\":\"https:\/\/gaudiumetspes-blog.pl\/#website\"},\"datePublished\":\"2012-03-16T07:08:00+00:00\",\"dateModified\":\"2019-07-31T10:53:06+00:00\",\"author\":{\"@id\":\"https:\/\/gaudiumetspes-blog.pl\/#\/schema\/person\/1661982992b752dea8dff0d4ed845a65\"},\"breadcrumb\":{\"@id\":\"https:\/\/gaudiumetspes-blog.pl\/index.php\/2012\/03\/16\/o-patrzeniu-na-jezusa-przez-filtry-i\/#breadcrumb\"},\"inLanguage\":\"pl-PL\",\"potentialAction\":[{\"@type\":\"ReadAction\",\"target\":[\"https:\/\/gaudiumetspes-blog.pl\/index.php\/2012\/03\/16\/o-patrzeniu-na-jezusa-przez-filtry-i\/\"]}]},{\"@type\":\"BreadcrumbList\",\"@id\":\"https:\/\/gaudiumetspes-blog.pl\/index.php\/2012\/03\/16\/o-patrzeniu-na-jezusa-przez-filtry-i\/#breadcrumb\",\"itemListElement\":[{\"@type\":\"ListItem\",\"position\":1,\"name\":\"Strona g\u0142\u00f3wna\",\"item\":\"https:\/\/gaudiumetspes-blog.pl\/\"},{\"@type\":\"ListItem\",\"position\":2,\"name\":\"O&nbsp;patrzeniu na&nbsp;Jezusa &#8211; przez&nbsp;filtry i&nbsp;aparaty&#8230;\"}]},{\"@type\":\"WebSite\",\"@id\":\"https:\/\/gaudiumetspes-blog.pl\/#website\",\"url\":\"https:\/\/gaudiumetspes-blog.pl\/\",\"name\":\"Gaudium Et Spes\",\"description\":\"Blog Ks. Jacka Ja\u015bkowskiego\",\"potentialAction\":[{\"@type\":\"SearchAction\",\"target\":{\"@type\":\"EntryPoint\",\"urlTemplate\":\"https:\/\/gaudiumetspes-blog.pl\/?s={search_term_string}\"},\"query-input\":{\"@type\":\"PropertyValueSpecification\",\"valueRequired\":true,\"valueName\":\"search_term_string\"}}],\"inLanguage\":\"pl-PL\"},{\"@type\":\"Person\",\"@id\":\"https:\/\/gaudiumetspes-blog.pl\/#\/schema\/person\/1661982992b752dea8dff0d4ed845a65\",\"name\":\"Ks. Jacek\",\"image\":{\"@type\":\"ImageObject\",\"inLanguage\":\"pl-PL\",\"@id\":\"https:\/\/gaudiumetspes-blog.pl\/#\/schema\/person\/image\/\",\"url\":\"https:\/\/gaudiumetspes-blog.pl\/wp-content\/uploads\/2019\/07\/avatar-JJ-150x150.jpg\",\"contentUrl\":\"https:\/\/gaudiumetspes-blog.pl\/wp-content\/uploads\/2019\/07\/avatar-JJ-150x150.jpg\",\"caption\":\"Ks. Jacek\"},\"description\":\"Witam serdecznie! K\u0142ania si\u0119 Ks. Jacek Ja\u015bkowski. Nie jestem ani kim\u015b wa\u017cnym, ani kim\u015b znanym. Jestem ksi\u0119dzem, kt\u00f3ry po prostu chce rozmawia\u0107. Codzienna kap\u0142a\u0144ska pos\u0142uga pokazuje mi, \u017ce temat\u00f3w do rozm\u00f3w z ksi\u0119dzem jest coraz wi\u0119cej i dzisiaj \u017caden ksi\u0105dz nie mo\u017ce od nich ucieka\u0107, ale - wprost przeciwnie - podejmowa\u0107 nowe wyzwania. To przekonanie sk\u0142oni\u0142o mnie do pr\u00f3by otwarcia tego\u017c bloga, chocia\u017c okazji do rozm\u00f3w na co dzie\u0144 - w konfesjonale i poza nim - na szcz\u0119\u015bcie nie brakuje. My\u015bl\u0119 jednak, \u017ce ten blog b\u0119dzie jeszcze jednym sposobem i przestrzeni\u0105 nawi\u0105zania kontaktu z lud\u017ami dobrej woli, otwartymi na dialog.\",\"url\":\"https:\/\/gaudiumetspes-blog.pl\/index.php\/author\/ks-jacek\/\"}]}<\/script>\n<!-- \/ Yoast SEO plugin. -->","yoast_head_json":{"title":"O patrzeniu na Jezusa - przez filtry i aparaty... - Gaudium Et Spes","robots":{"index":"index","follow":"follow","max-snippet":"max-snippet:-1","max-image-preview":"max-image-preview:large","max-video-preview":"max-video-preview:-1"},"canonical":"https:\/\/gaudiumetspes-blog.pl\/index.php\/2012\/03\/16\/o-patrzeniu-na-jezusa-przez-filtry-i\/","og_locale":"pl_PL","og_type":"article","og_title":"O patrzeniu na Jezusa - przez filtry i aparaty... - Gaudium Et Spes","og_description":"Szcz\u0119\u015b\u0107 Bo\u017ce! Kochani, z rado\u015bci\u0105 zapraszam do refleksji nad s\u0142\u00f3wkiem z Syberii. Wreszcie! Nasz Drogi Podr\u00f3\u017cnik wr\u00f3ci\u0142 na swoje w\u0142o\u015bci i co\u015b nam przys\u0142a\u0142. Obieca\u0142 nawet przez kilka dni pisa\u0107, bo w drugiej po\u0142owie przysz\u0142ego tygodnia znowu gdzie\u015b b\u0119dzie prowadzi\u0142 Rekolekcje. No, c\u00f3\u017c&#8230; tacy ludzie ju\u017c tak maj\u0105&#8230; &nbsp; &nbsp; &nbsp;Bardzo dzi\u0119kuj\u0119 za wczorajsze wypowiedzi. [&hellip;]","og_url":"https:\/\/gaudiumetspes-blog.pl\/index.php\/2012\/03\/16\/o-patrzeniu-na-jezusa-przez-filtry-i\/","og_site_name":"Gaudium Et Spes","article_published_time":"2012-03-16T07:08:00+00:00","article_modified_time":"2019-07-31T10:53:06+00:00","author":"Ks. Jacek","twitter_card":"summary_large_image","twitter_misc":{"Napisane przez":"Ks. Jacek","Szacowany czas czytania":"6 minut"},"schema":{"@context":"https:\/\/schema.org","@graph":[{"@type":"WebPage","@id":"https:\/\/gaudiumetspes-blog.pl\/index.php\/2012\/03\/16\/o-patrzeniu-na-jezusa-przez-filtry-i\/","url":"https:\/\/gaudiumetspes-blog.pl\/index.php\/2012\/03\/16\/o-patrzeniu-na-jezusa-przez-filtry-i\/","name":"O patrzeniu na Jezusa - przez filtry i aparaty... - Gaudium Et Spes","isPartOf":{"@id":"https:\/\/gaudiumetspes-blog.pl\/#website"},"datePublished":"2012-03-16T07:08:00+00:00","dateModified":"2019-07-31T10:53:06+00:00","author":{"@id":"https:\/\/gaudiumetspes-blog.pl\/#\/schema\/person\/1661982992b752dea8dff0d4ed845a65"},"breadcrumb":{"@id":"https:\/\/gaudiumetspes-blog.pl\/index.php\/2012\/03\/16\/o-patrzeniu-na-jezusa-przez-filtry-i\/#breadcrumb"},"inLanguage":"pl-PL","potentialAction":[{"@type":"ReadAction","target":["https:\/\/gaudiumetspes-blog.pl\/index.php\/2012\/03\/16\/o-patrzeniu-na-jezusa-przez-filtry-i\/"]}]},{"@type":"BreadcrumbList","@id":"https:\/\/gaudiumetspes-blog.pl\/index.php\/2012\/03\/16\/o-patrzeniu-na-jezusa-przez-filtry-i\/#breadcrumb","itemListElement":[{"@type":"ListItem","position":1,"name":"Strona g\u0142\u00f3wna","item":"https:\/\/gaudiumetspes-blog.pl\/"},{"@type":"ListItem","position":2,"name":"O&nbsp;patrzeniu na&nbsp;Jezusa &#8211; przez&nbsp;filtry i&nbsp;aparaty&#8230;"}]},{"@type":"WebSite","@id":"https:\/\/gaudiumetspes-blog.pl\/#website","url":"https:\/\/gaudiumetspes-blog.pl\/","name":"Gaudium Et Spes","description":"Blog Ks. Jacka Ja\u015bkowskiego","potentialAction":[{"@type":"SearchAction","target":{"@type":"EntryPoint","urlTemplate":"https:\/\/gaudiumetspes-blog.pl\/?s={search_term_string}"},"query-input":{"@type":"PropertyValueSpecification","valueRequired":true,"valueName":"search_term_string"}}],"inLanguage":"pl-PL"},{"@type":"Person","@id":"https:\/\/gaudiumetspes-blog.pl\/#\/schema\/person\/1661982992b752dea8dff0d4ed845a65","name":"Ks. Jacek","image":{"@type":"ImageObject","inLanguage":"pl-PL","@id":"https:\/\/gaudiumetspes-blog.pl\/#\/schema\/person\/image\/","url":"https:\/\/gaudiumetspes-blog.pl\/wp-content\/uploads\/2019\/07\/avatar-JJ-150x150.jpg","contentUrl":"https:\/\/gaudiumetspes-blog.pl\/wp-content\/uploads\/2019\/07\/avatar-JJ-150x150.jpg","caption":"Ks. Jacek"},"description":"Witam serdecznie! K\u0142ania si\u0119 Ks. Jacek Ja\u015bkowski. Nie jestem ani kim\u015b wa\u017cnym, ani kim\u015b znanym. Jestem ksi\u0119dzem, kt\u00f3ry po prostu chce rozmawia\u0107. Codzienna kap\u0142a\u0144ska pos\u0142uga pokazuje mi, \u017ce temat\u00f3w do rozm\u00f3w z ksi\u0119dzem jest coraz wi\u0119cej i dzisiaj \u017caden ksi\u0105dz nie mo\u017ce od nich ucieka\u0107, ale - wprost przeciwnie - podejmowa\u0107 nowe wyzwania. To przekonanie sk\u0142oni\u0142o mnie do pr\u00f3by otwarcia tego\u017c bloga, chocia\u017c okazji do rozm\u00f3w na co dzie\u0144 - w konfesjonale i poza nim - na szcz\u0119\u015bcie nie brakuje. My\u015bl\u0119 jednak, \u017ce ten blog b\u0119dzie jeszcze jednym sposobem i przestrzeni\u0105 nawi\u0105zania kontaktu z lud\u017ami dobrej woli, otwartymi na dialog.","url":"https:\/\/gaudiumetspes-blog.pl\/index.php\/author\/ks-jacek\/"}]}},"jetpack_featured_media_url":"","jetpack_sharing_enabled":true,"_links":{"self":[{"href":"https:\/\/gaudiumetspes-blog.pl\/index.php\/wp-json\/wp\/v2\/posts\/9549","targetHints":{"allow":["GET"]}}],"collection":[{"href":"https:\/\/gaudiumetspes-blog.pl\/index.php\/wp-json\/wp\/v2\/posts"}],"about":[{"href":"https:\/\/gaudiumetspes-blog.pl\/index.php\/wp-json\/wp\/v2\/types\/post"}],"author":[{"embeddable":true,"href":"https:\/\/gaudiumetspes-blog.pl\/index.php\/wp-json\/wp\/v2\/users\/1"}],"replies":[{"embeddable":true,"href":"https:\/\/gaudiumetspes-blog.pl\/index.php\/wp-json\/wp\/v2\/comments?post=9549"}],"version-history":[{"count":1,"href":"https:\/\/gaudiumetspes-blog.pl\/index.php\/wp-json\/wp\/v2\/posts\/9549\/revisions"}],"predecessor-version":[{"id":10534,"href":"https:\/\/gaudiumetspes-blog.pl\/index.php\/wp-json\/wp\/v2\/posts\/9549\/revisions\/10534"}],"wp:attachment":[{"href":"https:\/\/gaudiumetspes-blog.pl\/index.php\/wp-json\/wp\/v2\/media?parent=9549"}],"wp:term":[{"taxonomy":"category","embeddable":true,"href":"https:\/\/gaudiumetspes-blog.pl\/index.php\/wp-json\/wp\/v2\/categories?post=9549"},{"taxonomy":"post_tag","embeddable":true,"href":"https:\/\/gaudiumetspes-blog.pl\/index.php\/wp-json\/wp\/v2\/tags?post=9549"}],"curies":[{"name":"wp","href":"https:\/\/api.w.org\/{rel}","templated":true}]}}