{"id":9551,"date":"2012-03-14T05:50:00","date_gmt":"2012-03-14T04:50:00","guid":{"rendered":"https:\/\/gaudiumetspes-blog.pl\/index.php\/2012\/03\/14\/nie-przyszedem-zniesc-prawa-ale-wypenic\/"},"modified":"2019-07-31T12:53:06","modified_gmt":"2019-07-31T10:53:06","slug":"nie-przyszedem-zniesc-prawa-ale-wypenic","status":"publish","type":"post","link":"https:\/\/gaudiumetspes-blog.pl\/index.php\/2012\/03\/14\/nie-przyszedem-zniesc-prawa-ale-wypenic\/","title":{"rendered":"Nie przyszed\u0142em znie\u015b\u0107 Prawa, ale &#8211; wype\u0142ni\u0107!"},"content":{"rendered":"<p><\/p>\n<div class=\"MsoNormal\" style=\"text-align: justify;\">\nSzcz\u0119\u015b\u0107 Bo\u017ce! Obecny czas to dla nas, ksi\u0119\u017cy, do\u015b\u0107 du\u017ce wyzwanie &#8222;konfesjona\u0142owe&#8221;! Wczoraj kilka godzin spowiadania&#8230; Ale serce si\u0119 raduje, \u017ce ludzie przychodz\u0105 jednak do Spowiedzi, a nie tak, jak na Zachodzie, gdzie jest z tym coraz wi\u0119kszy problem. Nawet, je\u017celi nasi wierni przyst\u0119puj\u0105 za rzadko, to takie spotkanie przy konfesjonale daje okazj\u0119 do porozmawiania chocia\u017c przez chwil\u0119 i poradzenia tego i owego&#8230; Prosz\u0119, Kochani, aby\u015bcie szczeg\u00f3lnie w tych dniach wspierali nas &#8211; spowiednik\u00f3w &#8211; modlitw\u0105. I sami pami\u0119tajcie o przyst\u0105pieniu do Spowiedzi \u015awi\u0119tej!<\/div>\n<div class=\"MsoNormal\" style=\"text-align: justify;\">\n&nbsp; &nbsp; &nbsp; &nbsp; &nbsp; &nbsp; &nbsp; Gaudium et spes! &nbsp;Ks. Jacek<\/div>\n<div class=\"MsoNormal\" style=\"text-align: justify;\">\n<b><br \/><\/b><\/div>\n<div class=\"MsoNormal\" style=\"text-align: justify;\">\n<b>\u015aroda 3<br \/>\ntygodnia Wielkiego Postu,<\/b><\/div>\n<div class=\"MsoNormal\" style=\"text-align: justify;\">\n<b>do czyta\u0144:&nbsp; Pwt 4,1.5\u20139;&nbsp;<br \/>\nMt 5,17\u201319<\/b><\/div>\n<div class=\"MsoNormal\" style=\"text-align: justify;\">\n<\/div>\n<div class=\"MsoNormal\" style=\"text-align: justify; text-indent: 35.4pt;\">\nIzraelici odnosili si\u0119 z<br \/>\nwielkim szacunkiem do Prawa Moj\u017ceszowego. Jezus tak\u017ce. Wskazywa\u0142 przy tym na <b>pochodzenie tego\u017c Prawa od Boga,<\/b> traktowa\u0142<br \/>\nje wi\u0119c jako niezmienne i wiecznie aktualne. I dlatego w\u0142a\u015bnie m\u00f3wi dzi\u015b, \u017ce<br \/>\nprzyszed\u0142, <b>aby Prawo to wype\u0142ni\u0142.<\/b> <\/div>\n<div class=\"MsoNormal\" style=\"text-align: justify; text-indent: 35.4pt;\">\nOwo poj\u0119cie <b>\u201ewype\u0142ni\u0107\u201d<\/b> ma tu trzy znaczenia. Po<br \/>\npierwsze \u2013 <b>w Jezusie wype\u0142ni\u0142y si\u0119<br \/>\nwszystkie obietnice Starego Prawa,<\/b> wszystkie zapowiedzi prorockie. Jezus po<br \/>\nprostu jest zapowiadanym Mesjaszem. Po drugie \u2013 Jezus przyszed\u0142 po to, <b>aby zrealizowa\u0107 wol\u0119 Bo\u017c\u0105,<\/b> zawart\u0105 w<br \/>\nprzykazaniach. I wreszcie, po trzecie \u2013 s\u0142owo to oznacza <b>tyle, co \u201euzupe\u0142ni\u0107\u201d, \u201eudoskonali\u0107\u201d, \u201edoprowadzi\u0107 do pe\u0142ni\u201d.<\/b> B\u00f3g<br \/>\nbowiem stopniowo objawia\u0142 si\u0119 cz\u0142owiekowi i prowadzi\u0142 go do siebie przez ca\u0142y<br \/>\nokres Starego Testamentu. I w\u0142a\u015bnie Jezus <b>dope\u0142ni\u0142<br \/>\ntego procesu swoistego wychowywania ludzi, ukazuj\u0105c najja\u015bniej prawd\u0119 o Bogu i<br \/>\ncz\u0142owieku.<\/b><\/div>\n<div class=\"MsoNormal\" style=\"text-align: justify; text-indent: 35.4pt;\">\nW konsekwencji Jezus<br \/>\npostawi\u0142 swym uczniom <b>wy\u017csze wymagania,<\/b><br \/>\nbo nakaza\u0142 przestrzega\u0107 owego <b>\u201edope\u0142nionego\u201d<br \/>\nPrawa.<\/b> Nie liter\u0119 wi\u0119c, <b>a ducha<br \/>\nkaza\u0142 dostrzec w tym, co B\u00f3g ustanowi\u0142.<\/b> <\/div>\n<div class=\"MsoNormal\" style=\"text-align: justify; text-indent: 35.4pt;\">\nI tak\u017ce my, Kochani, jeste\u015bmy<br \/>\nwezwani przez Jezusa do takiej postawy! <b>Naszym<br \/>\n\u017cyciem mamy wype\u0142nia\u0107 Bo\u017ce Prawo \u2013 i jeszcze innych tego uczy\u0107.<\/b> A jak jest<br \/>\nto wa\u017cne i potrzebne wskazanie, pokazuje nasze \u017cyciowe do\u015bwiadczenie, a chocia\u017cby<br \/>\ntaka przyk\u0142adowa, jak\u017ce cz\u0119sta sytuacja, kiedy to <b>matka przez ca\u0142\u0105 niedziel\u0119 nie by\u0142a na Mszy \u015awi\u0119tej, bo zaplanowa\u0142a<br \/>\np\u00f3j\u015b\u0107 wieczorem. <\/b>Ale oto przyjecha\u0142 syn z rodzin\u0105. I co robi\u0107? Oczywi\u015bcie,<br \/>\nju\u017c na Msz\u0119 \u015awi\u0119t\u0105 taka matka nie idzie, <b>bo<br \/>\nto jako\u015b nie wypada, bo go\u015bcie w domu. <\/b><\/div>\n<div class=\"MsoNormal\" style=\"text-align: justify; text-indent: 35.4pt;\">\nA przecie\u017c to jest jej syn \u2013<br \/>\njej syn, <b>kt\u00f3rego jako osoba wierz\u0105ca wychowywa\u0142a<br \/>\nw duchu wiary.<\/b> Dlaczego si\u0119 zatem wstydzi powiedzie\u0107 jemu i jego rodzinie,<br \/>\n\u017ceby poczekali, posiedzieli w domu, a ona p\u00f3jdzie na Msz\u0119 \u015awi\u0119t\u0105, bo jeszcze<br \/>\ndzi\u015b nie by\u0142a? <b>Czy\u017c taka sytuacja nie da\u0142aby<br \/>\nim do my\u015blenia? Czy\u017c nie by\u0142aby pi\u0119knym \u015bwiadectwem? <\/b>A mo\u017ce oni te\u017c nie<br \/>\nbyli, to wybraliby si\u0119 razem?\u2026 Przecie\u017c taka postawa matki by\u0142aby <b>o wiele mocniejszym \u015bwiadectwem<\/b> i przypomnieniem<br \/>\no pewnych wa\u017cnych sprawach, <b>ani\u017celi<br \/>\ndziesi\u0119\u0107 kaza\u0144 z ambony,<\/b> bo ta jej konkretna postawa sta\u0142aby si\u0119 <b>przyk\u0142adem konkretnej realizacji Prawa<br \/>\nBo\u017cego \u2013 i to przez osob\u0119 blisk\u0105.<\/b> A to jest zawsze bardzo silny argument. <\/div>\n<div class=\"MsoNormal\" style=\"text-align: justify; text-indent: 35.4pt;\">\nPodobnie jak bardzo silnym,<br \/>\nnajsilniejszym argumentem dla dziecka jest <b>nie<br \/>\nto, \u017ce matka posy\u0142a je do ko\u015bcio\u0142a, ale \u017ce je prowadzi,<\/b> sama daj\u0105c mu<br \/>\nprzyk\u0142ad modlitwy, przyst\u0119powania do Spowiedzi \u015awi\u0119tej, do Komunii \u015awi\u0119tej\u2026 Za<br \/>\nkilka czy kilkana\u015bcie lat <b>nie b\u0119dzie<br \/>\nmusia\u0142a si\u0119 denerwowa\u0107 i nagania\u0107 syna czy c\u00f3rki, bo oni sami z przekonaniem<br \/>\np\u00f3jd\u0105 na Msz\u0119 \u015awi\u0119t\u0105.<\/b> <\/div>\n<div class=\"MsoNormal\" style=\"text-align: justify; text-indent: 35.4pt;\">\nKochani, dzisiejsze<br \/>\npouczenie Jezusa, jest wezwaniem do tego, aby\u015bmy nigdy <b>przykaza\u0144, zawieraj\u0105cych Prawo Bo\u017ce, nie traktowali literalnie, co do<br \/>\nlinijki, spe\u0142niaj\u0105c je tylko w zakresie tego, co konieczne,<\/b> \u017ceby mie\u0107 \u2013<br \/>\nprzepraszam za to wyra\u017cenie \u2013 \u201espok\u00f3j z Panem Bogiem\u201d. My mamy to Bo\u017ce Prawo <b>wype\u0142nia\u0107 swoim \u017cyciem,<\/b> m\u00f3wi\u0105c tak<br \/>\nobrazowo: my mamy <b>swoje \u017cycie wpisywa\u0107 w<br \/>\nkolejne wersety Prawa Bo\u017cego.<\/b> My mamy temu Prawu <b>nadawa\u0107 konkretny kszta\u0142t naszej codzienno\u015bci.<\/b> To Prawo, zapisane<br \/>\nna kartach Pisma \u015awi\u0119tego, ma w naszym \u017cyciu <b>nabra\u0107 kszta\u0142t\u00f3w i barw, ma sta\u0107 si\u0119 bardzo konkretn\u0105 postaw\u0105: konkretnymi<br \/>\ns\u0142owami lub czynami. <\/b><\/div>\n<div class=\"MsoNormal\" style=\"text-align: justify; text-indent: 35.4pt;\">\nA je\u017celi tak b\u0119dziemy do<br \/>\ntego podchodzili, to b\u0119dzie w nas wielkie pragnienie <b>dawania wi\u0119cej, przekraczania owego zakl\u0119tego \u201eminimum\u201d, a wype\u0142niania<br \/>\nPrawa z mi\u0142o\u015bci\u0105.<\/b> Do takiej w\u0142a\u015bnie postawy zach\u0119ca\u0142 Izraelit\u00f3w Moj\u017cesz,<br \/>\ngdy \u2013 jak s\u0142yszeli\u015bmy w pierwszym czytaniu \u2013 m\u00f3wi\u0142: <b><i>A teraz, Izraelu, s\u0142uchaj praw i<br \/>\nnakaz\u00f3w, kt\u00f3re ucz\u0119 was wype\u0142nia\u0107, aby\u015bcie \u017cyli<\/i>. [\u2026] <i>Strze\u017ccie ich i wype\u0142niajcie je, bo one s\u0105 wasz\u0105 m\u0105dro\u015bci\u0105 i umiej\u0119tno\u015bci\u0105<br \/>\nw oczach narod\u00f3w, kt\u00f3re us\u0142yszawszy o tych prawach powiedz\u0105: \u201eZ pewno\u015bci\u0105 ten<br \/>\nwielki nar\u00f3d to lud m\u0105dry i rozumny\u201d.<\/i><\/b> Oby i o nas mo\u017cna by\u0142o tak powiedzie\u0107!<\/div>\n<div class=\"MsoNormal\" style=\"text-align: justify; text-indent: 35.4pt;\">\nW tym duchu pomy\u015blmy:<\/div>\n<div class=\"MsoNormal\" style=\"margin-left: 36.0pt; mso-list: l0 level1 lfo1; tab-stops: list 36.0pt; text-align: justify; text-indent: -18.0pt;\">\n\u00b7&nbsp;&nbsp;&nbsp;&nbsp;&nbsp;&nbsp;&nbsp;<br \/>\nCzy<br \/>\nwype\u0142niania przykaza\u0144 Bo\u017cych nie traktuj\u0119 jako obowi\u0105zku, wr\u0119cz z\u0142a<br \/>\nkoniecznego?<\/div>\n<div class=\"MsoNormal\" style=\"margin-left: 36.0pt; mso-list: l0 level1 lfo1; tab-stops: list 36.0pt; text-align: justify; text-indent: -18.0pt;\">\n\u00b7&nbsp;&nbsp;&nbsp;&nbsp;&nbsp;&nbsp;&nbsp;<br \/>\nCzy<br \/>\nnie wype\u0142niam ich tylko na tyle, na ile musz\u0119 \u2013 czy staram si\u0119 dawa\u0107 z siebie wi\u0119cej?<\/div>\n<div class=\"MsoNormal\" style=\"margin-left: 36.0pt; mso-list: l0 level1 lfo1; tab-stops: list 36.0pt; text-align: justify; text-indent: -18.0pt;\">\n\u00b7&nbsp;&nbsp;&nbsp;&nbsp;&nbsp;&nbsp;&nbsp;<br \/>\nJak<br \/>\nwygl\u0105da realizacja mojego wielkopostnego postanowienia?<\/div>\n<div class=\"MsoNormal\" style=\"text-align: justify;\">\n<\/div>\n<div class=\"MsoNormal\" style=\"text-align: justify;\">\n<b><i>A kto je wype\u0142nia i uczy wype\u0142nia\u0107, ten b\u0119dzie<br \/>\nwielki w Kr\u00f3lestwie niebieskim<\/i><\/b>.<\/div>\n","protected":false},"excerpt":{"rendered":"<p>Szcz\u0119\u015b\u0107 Bo\u017ce! Obecny czas to dla nas, ksi\u0119\u017cy, do\u015b\u0107 du\u017ce wyzwanie &#8222;konfesjona\u0142owe&#8221;! Wczoraj kilka godzin spowiadania&#8230; Ale serce si\u0119 raduje, \u017ce ludzie przychodz\u0105 jednak do Spowiedzi, a nie tak, jak na Zachodzie, gdzie jest z tym coraz wi\u0119kszy problem. Nawet, je\u017celi nasi wierni przyst\u0119puj\u0105 za rzadko, to takie spotkanie przy konfesjonale daje okazj\u0119 do porozmawiania [&hellip;]<\/p>\n","protected":false},"author":1,"featured_media":0,"comment_status":"open","ping_status":"open","sticky":false,"template":"","format":"standard","meta":{"jetpack_post_was_ever_published":false,"_jetpack_newsletter_access":"","_jetpack_dont_email_post_to_subs":false,"_jetpack_newsletter_tier_id":0,"_jetpack_memberships_contains_paywalled_content":false,"_jetpack_memberships_contains_paid_content":false,"footnotes":""},"categories":[1],"tags":[],"class_list":["post-9551","post","type-post","status-publish","format-standard","hentry","category-bez-kategorii"],"yoast_head":"<!-- This site is optimized with the Yoast SEO plugin v25.1 - https:\/\/yoast.com\/wordpress\/plugins\/seo\/ -->\n<title>Nie przyszed\u0142em znie\u015b\u0107 Prawa, ale - wype\u0142ni\u0107! - Gaudium Et Spes<\/title>\n<meta name=\"robots\" content=\"index, follow, max-snippet:-1, max-image-preview:large, max-video-preview:-1\" \/>\n<link rel=\"canonical\" href=\"https:\/\/gaudiumetspes-blog.pl\/index.php\/2012\/03\/14\/nie-przyszedem-zniesc-prawa-ale-wypenic\/\" \/>\n<meta property=\"og:locale\" content=\"pl_PL\" \/>\n<meta property=\"og:type\" content=\"article\" \/>\n<meta property=\"og:title\" content=\"Nie przyszed\u0142em znie\u015b\u0107 Prawa, ale - wype\u0142ni\u0107! - Gaudium Et Spes\" \/>\n<meta property=\"og:description\" content=\"Szcz\u0119\u015b\u0107 Bo\u017ce! Obecny czas to dla nas, ksi\u0119\u017cy, do\u015b\u0107 du\u017ce wyzwanie &#8222;konfesjona\u0142owe&#8221;! Wczoraj kilka godzin spowiadania&#8230; Ale serce si\u0119 raduje, \u017ce ludzie przychodz\u0105 jednak do Spowiedzi, a nie tak, jak na Zachodzie, gdzie jest z tym coraz wi\u0119kszy problem. Nawet, je\u017celi nasi wierni przyst\u0119puj\u0105 za rzadko, to takie spotkanie przy konfesjonale daje okazj\u0119 do porozmawiania [&hellip;]\" \/>\n<meta property=\"og:url\" content=\"https:\/\/gaudiumetspes-blog.pl\/index.php\/2012\/03\/14\/nie-przyszedem-zniesc-prawa-ale-wypenic\/\" \/>\n<meta property=\"og:site_name\" content=\"Gaudium Et Spes\" \/>\n<meta property=\"article:published_time\" content=\"2012-03-14T04:50:00+00:00\" \/>\n<meta property=\"article:modified_time\" content=\"2019-07-31T10:53:06+00:00\" \/>\n<meta name=\"author\" content=\"Ks. Jacek\" \/>\n<meta name=\"twitter:card\" content=\"summary_large_image\" \/>\n<meta name=\"twitter:label1\" content=\"Napisane przez\" \/>\n\t<meta name=\"twitter:data1\" content=\"Ks. Jacek\" \/>\n\t<meta name=\"twitter:label2\" content=\"Szacowany czas czytania\" \/>\n\t<meta name=\"twitter:data2\" content=\"5 minut\" \/>\n<script type=\"application\/ld+json\" class=\"yoast-schema-graph\">{\"@context\":\"https:\/\/schema.org\",\"@graph\":[{\"@type\":\"WebPage\",\"@id\":\"https:\/\/gaudiumetspes-blog.pl\/index.php\/2012\/03\/14\/nie-przyszedem-zniesc-prawa-ale-wypenic\/\",\"url\":\"https:\/\/gaudiumetspes-blog.pl\/index.php\/2012\/03\/14\/nie-przyszedem-zniesc-prawa-ale-wypenic\/\",\"name\":\"Nie przyszed\u0142em znie\u015b\u0107 Prawa, ale - wype\u0142ni\u0107! - Gaudium Et Spes\",\"isPartOf\":{\"@id\":\"https:\/\/gaudiumetspes-blog.pl\/#website\"},\"datePublished\":\"2012-03-14T04:50:00+00:00\",\"dateModified\":\"2019-07-31T10:53:06+00:00\",\"author\":{\"@id\":\"https:\/\/gaudiumetspes-blog.pl\/#\/schema\/person\/1661982992b752dea8dff0d4ed845a65\"},\"breadcrumb\":{\"@id\":\"https:\/\/gaudiumetspes-blog.pl\/index.php\/2012\/03\/14\/nie-przyszedem-zniesc-prawa-ale-wypenic\/#breadcrumb\"},\"inLanguage\":\"pl-PL\",\"potentialAction\":[{\"@type\":\"ReadAction\",\"target\":[\"https:\/\/gaudiumetspes-blog.pl\/index.php\/2012\/03\/14\/nie-przyszedem-zniesc-prawa-ale-wypenic\/\"]}]},{\"@type\":\"BreadcrumbList\",\"@id\":\"https:\/\/gaudiumetspes-blog.pl\/index.php\/2012\/03\/14\/nie-przyszedem-zniesc-prawa-ale-wypenic\/#breadcrumb\",\"itemListElement\":[{\"@type\":\"ListItem\",\"position\":1,\"name\":\"Strona g\u0142\u00f3wna\",\"item\":\"https:\/\/gaudiumetspes-blog.pl\/\"},{\"@type\":\"ListItem\",\"position\":2,\"name\":\"Nie&nbsp;przyszed\u0142em znie\u015b\u0107 Prawa, ale&nbsp;&#8211; wype\u0142ni\u0107!\"}]},{\"@type\":\"WebSite\",\"@id\":\"https:\/\/gaudiumetspes-blog.pl\/#website\",\"url\":\"https:\/\/gaudiumetspes-blog.pl\/\",\"name\":\"Gaudium Et Spes\",\"description\":\"Blog Ks. Jacka Ja\u015bkowskiego\",\"potentialAction\":[{\"@type\":\"SearchAction\",\"target\":{\"@type\":\"EntryPoint\",\"urlTemplate\":\"https:\/\/gaudiumetspes-blog.pl\/?s={search_term_string}\"},\"query-input\":{\"@type\":\"PropertyValueSpecification\",\"valueRequired\":true,\"valueName\":\"search_term_string\"}}],\"inLanguage\":\"pl-PL\"},{\"@type\":\"Person\",\"@id\":\"https:\/\/gaudiumetspes-blog.pl\/#\/schema\/person\/1661982992b752dea8dff0d4ed845a65\",\"name\":\"Ks. Jacek\",\"image\":{\"@type\":\"ImageObject\",\"inLanguage\":\"pl-PL\",\"@id\":\"https:\/\/gaudiumetspes-blog.pl\/#\/schema\/person\/image\/\",\"url\":\"https:\/\/gaudiumetspes-blog.pl\/wp-content\/uploads\/2019\/07\/avatar-JJ-150x150.jpg\",\"contentUrl\":\"https:\/\/gaudiumetspes-blog.pl\/wp-content\/uploads\/2019\/07\/avatar-JJ-150x150.jpg\",\"caption\":\"Ks. Jacek\"},\"description\":\"Witam serdecznie! K\u0142ania si\u0119 Ks. Jacek Ja\u015bkowski. Nie jestem ani kim\u015b wa\u017cnym, ani kim\u015b znanym. Jestem ksi\u0119dzem, kt\u00f3ry po prostu chce rozmawia\u0107. Codzienna kap\u0142a\u0144ska pos\u0142uga pokazuje mi, \u017ce temat\u00f3w do rozm\u00f3w z ksi\u0119dzem jest coraz wi\u0119cej i dzisiaj \u017caden ksi\u0105dz nie mo\u017ce od nich ucieka\u0107, ale - wprost przeciwnie - podejmowa\u0107 nowe wyzwania. To przekonanie sk\u0142oni\u0142o mnie do pr\u00f3by otwarcia tego\u017c bloga, chocia\u017c okazji do rozm\u00f3w na co dzie\u0144 - w konfesjonale i poza nim - na szcz\u0119\u015bcie nie brakuje. My\u015bl\u0119 jednak, \u017ce ten blog b\u0119dzie jeszcze jednym sposobem i przestrzeni\u0105 nawi\u0105zania kontaktu z lud\u017ami dobrej woli, otwartymi na dialog.\",\"url\":\"https:\/\/gaudiumetspes-blog.pl\/index.php\/author\/ks-jacek\/\"}]}<\/script>\n<!-- \/ Yoast SEO plugin. -->","yoast_head_json":{"title":"Nie przyszed\u0142em znie\u015b\u0107 Prawa, ale - wype\u0142ni\u0107! - Gaudium Et Spes","robots":{"index":"index","follow":"follow","max-snippet":"max-snippet:-1","max-image-preview":"max-image-preview:large","max-video-preview":"max-video-preview:-1"},"canonical":"https:\/\/gaudiumetspes-blog.pl\/index.php\/2012\/03\/14\/nie-przyszedem-zniesc-prawa-ale-wypenic\/","og_locale":"pl_PL","og_type":"article","og_title":"Nie przyszed\u0142em znie\u015b\u0107 Prawa, ale - wype\u0142ni\u0107! - Gaudium Et Spes","og_description":"Szcz\u0119\u015b\u0107 Bo\u017ce! Obecny czas to dla nas, ksi\u0119\u017cy, do\u015b\u0107 du\u017ce wyzwanie &#8222;konfesjona\u0142owe&#8221;! Wczoraj kilka godzin spowiadania&#8230; Ale serce si\u0119 raduje, \u017ce ludzie przychodz\u0105 jednak do Spowiedzi, a nie tak, jak na Zachodzie, gdzie jest z tym coraz wi\u0119kszy problem. Nawet, je\u017celi nasi wierni przyst\u0119puj\u0105 za rzadko, to takie spotkanie przy konfesjonale daje okazj\u0119 do porozmawiania [&hellip;]","og_url":"https:\/\/gaudiumetspes-blog.pl\/index.php\/2012\/03\/14\/nie-przyszedem-zniesc-prawa-ale-wypenic\/","og_site_name":"Gaudium Et Spes","article_published_time":"2012-03-14T04:50:00+00:00","article_modified_time":"2019-07-31T10:53:06+00:00","author":"Ks. Jacek","twitter_card":"summary_large_image","twitter_misc":{"Napisane przez":"Ks. Jacek","Szacowany czas czytania":"5 minut"},"schema":{"@context":"https:\/\/schema.org","@graph":[{"@type":"WebPage","@id":"https:\/\/gaudiumetspes-blog.pl\/index.php\/2012\/03\/14\/nie-przyszedem-zniesc-prawa-ale-wypenic\/","url":"https:\/\/gaudiumetspes-blog.pl\/index.php\/2012\/03\/14\/nie-przyszedem-zniesc-prawa-ale-wypenic\/","name":"Nie przyszed\u0142em znie\u015b\u0107 Prawa, ale - wype\u0142ni\u0107! - Gaudium Et Spes","isPartOf":{"@id":"https:\/\/gaudiumetspes-blog.pl\/#website"},"datePublished":"2012-03-14T04:50:00+00:00","dateModified":"2019-07-31T10:53:06+00:00","author":{"@id":"https:\/\/gaudiumetspes-blog.pl\/#\/schema\/person\/1661982992b752dea8dff0d4ed845a65"},"breadcrumb":{"@id":"https:\/\/gaudiumetspes-blog.pl\/index.php\/2012\/03\/14\/nie-przyszedem-zniesc-prawa-ale-wypenic\/#breadcrumb"},"inLanguage":"pl-PL","potentialAction":[{"@type":"ReadAction","target":["https:\/\/gaudiumetspes-blog.pl\/index.php\/2012\/03\/14\/nie-przyszedem-zniesc-prawa-ale-wypenic\/"]}]},{"@type":"BreadcrumbList","@id":"https:\/\/gaudiumetspes-blog.pl\/index.php\/2012\/03\/14\/nie-przyszedem-zniesc-prawa-ale-wypenic\/#breadcrumb","itemListElement":[{"@type":"ListItem","position":1,"name":"Strona g\u0142\u00f3wna","item":"https:\/\/gaudiumetspes-blog.pl\/"},{"@type":"ListItem","position":2,"name":"Nie&nbsp;przyszed\u0142em znie\u015b\u0107 Prawa, ale&nbsp;&#8211; wype\u0142ni\u0107!"}]},{"@type":"WebSite","@id":"https:\/\/gaudiumetspes-blog.pl\/#website","url":"https:\/\/gaudiumetspes-blog.pl\/","name":"Gaudium Et Spes","description":"Blog Ks. Jacka Ja\u015bkowskiego","potentialAction":[{"@type":"SearchAction","target":{"@type":"EntryPoint","urlTemplate":"https:\/\/gaudiumetspes-blog.pl\/?s={search_term_string}"},"query-input":{"@type":"PropertyValueSpecification","valueRequired":true,"valueName":"search_term_string"}}],"inLanguage":"pl-PL"},{"@type":"Person","@id":"https:\/\/gaudiumetspes-blog.pl\/#\/schema\/person\/1661982992b752dea8dff0d4ed845a65","name":"Ks. Jacek","image":{"@type":"ImageObject","inLanguage":"pl-PL","@id":"https:\/\/gaudiumetspes-blog.pl\/#\/schema\/person\/image\/","url":"https:\/\/gaudiumetspes-blog.pl\/wp-content\/uploads\/2019\/07\/avatar-JJ-150x150.jpg","contentUrl":"https:\/\/gaudiumetspes-blog.pl\/wp-content\/uploads\/2019\/07\/avatar-JJ-150x150.jpg","caption":"Ks. Jacek"},"description":"Witam serdecznie! K\u0142ania si\u0119 Ks. Jacek Ja\u015bkowski. Nie jestem ani kim\u015b wa\u017cnym, ani kim\u015b znanym. Jestem ksi\u0119dzem, kt\u00f3ry po prostu chce rozmawia\u0107. Codzienna kap\u0142a\u0144ska pos\u0142uga pokazuje mi, \u017ce temat\u00f3w do rozm\u00f3w z ksi\u0119dzem jest coraz wi\u0119cej i dzisiaj \u017caden ksi\u0105dz nie mo\u017ce od nich ucieka\u0107, ale - wprost przeciwnie - podejmowa\u0107 nowe wyzwania. To przekonanie sk\u0142oni\u0142o mnie do pr\u00f3by otwarcia tego\u017c bloga, chocia\u017c okazji do rozm\u00f3w na co dzie\u0144 - w konfesjonale i poza nim - na szcz\u0119\u015bcie nie brakuje. My\u015bl\u0119 jednak, \u017ce ten blog b\u0119dzie jeszcze jednym sposobem i przestrzeni\u0105 nawi\u0105zania kontaktu z lud\u017ami dobrej woli, otwartymi na dialog.","url":"https:\/\/gaudiumetspes-blog.pl\/index.php\/author\/ks-jacek\/"}]}},"jetpack_featured_media_url":"","jetpack_sharing_enabled":true,"_links":{"self":[{"href":"https:\/\/gaudiumetspes-blog.pl\/index.php\/wp-json\/wp\/v2\/posts\/9551","targetHints":{"allow":["GET"]}}],"collection":[{"href":"https:\/\/gaudiumetspes-blog.pl\/index.php\/wp-json\/wp\/v2\/posts"}],"about":[{"href":"https:\/\/gaudiumetspes-blog.pl\/index.php\/wp-json\/wp\/v2\/types\/post"}],"author":[{"embeddable":true,"href":"https:\/\/gaudiumetspes-blog.pl\/index.php\/wp-json\/wp\/v2\/users\/1"}],"replies":[{"embeddable":true,"href":"https:\/\/gaudiumetspes-blog.pl\/index.php\/wp-json\/wp\/v2\/comments?post=9551"}],"version-history":[{"count":1,"href":"https:\/\/gaudiumetspes-blog.pl\/index.php\/wp-json\/wp\/v2\/posts\/9551\/revisions"}],"predecessor-version":[{"id":10532,"href":"https:\/\/gaudiumetspes-blog.pl\/index.php\/wp-json\/wp\/v2\/posts\/9551\/revisions\/10532"}],"wp:attachment":[{"href":"https:\/\/gaudiumetspes-blog.pl\/index.php\/wp-json\/wp\/v2\/media?parent=9551"}],"wp:term":[{"taxonomy":"category","embeddable":true,"href":"https:\/\/gaudiumetspes-blog.pl\/index.php\/wp-json\/wp\/v2\/categories?post=9551"},{"taxonomy":"post_tag","embeddable":true,"href":"https:\/\/gaudiumetspes-blog.pl\/index.php\/wp-json\/wp\/v2\/tags?post=9551"}],"curies":[{"name":"wp","href":"https:\/\/api.w.org\/{rel}","templated":true}]}}