{"id":9558,"date":"2012-03-07T05:41:00","date_gmt":"2012-03-07T04:41:00","guid":{"rendered":"https:\/\/gaudiumetspes-blog.pl\/index.php\/2012\/03\/07\/nie-przyszed-aby-mu-suzono-lecz-aby\/"},"modified":"2019-07-31T12:53:04","modified_gmt":"2019-07-31T10:53:04","slug":"nie-przyszed-aby-mu-suzono-lecz-aby","status":"publish","type":"post","link":"https:\/\/gaudiumetspes-blog.pl\/index.php\/2012\/03\/07\/nie-przyszed-aby-mu-suzono-lecz-aby\/","title":{"rendered":"Nie przyszed\u0142, aby Mu s\u0142u\u017cono, lecz &#8211; aby s\u0142u\u017cy\u0107&#8230;"},"content":{"rendered":"<p><\/p>\n<div class=\"MsoNormal\" style=\"text-align: justify;\">\nSzcz\u0119\u015b\u0107 Bo\u017ce! Kochani, blog \u017cyje! \u017byje i t\u0119tni! Ilo\u015b\u0107 i tre\u015b\u0107 komentarzy robi wra\u017cenie i zmusza do my\u015blenia. Potrzebuj\u0119 troch\u0119 spokojniejszego czasu &#8211; dzisiaj po po\u0142udniu &#8211; \u017ceby poczyta\u0107 je i co\u015b odpisa\u0107. Bo kiedy Robert pisz\u0119, \u017ce nie daj\u0119 spokoju Waszym sumieniom, to ja bym powiedzia\u0142, \u017ce jest dok\u0142adnie odwrotnie &#8211; to Wy mi nie dajecie osi\u0105\u015b\u0107 na laurach. Bardzo za to dzi\u0119kuj\u0119, bo to nas wszystkich zmusza do refleksji i pracy. A o to chyba chodzi.<\/div>\n<div class=\"MsoNormal\" style=\"text-align: justify;\">\n&nbsp; &nbsp; &nbsp; Wczoraj by\u0142em &#8211; mi\u0119dzy innymi &#8211; w Kodniu i we Mszy \u015awi\u0119tej przed Matk\u0105 Bo\u017c\u0105 poleca\u0142em Was wszystkich, Kochani, i Wasze sprawy. Ca\u0142\u0105 nasz\u0105 Blogow\u0105 Rodzink\u0119.&nbsp;<\/div>\n<div class=\"MsoNormal\" style=\"text-align: justify;\">\n&nbsp; &nbsp; Prosz\u0105c o dalsz\u0105 tw\u00f3rcz\u0105 obecno\u015b\u0107 na blogu, zapraszam do dzisiejszej refleksji.<\/div>\n<div class=\"MsoNormal\" style=\"text-align: justify;\">\n&nbsp; &nbsp; &nbsp; &nbsp; &nbsp; &nbsp; &nbsp;Gaudium et spes! &nbsp;Ks. Jacek<\/div>\n<div class=\"MsoNormal\" style=\"text-align: justify;\">\n<b><br \/><\/b><\/div>\n<div class=\"MsoNormal\" style=\"text-align: justify;\">\n<b>\u015aroda 2<br \/>\ntygodnia Wielkiego Postu,<\/b><\/div>\n<div class=\"MsoNormal\" style=\"text-align: justify;\">\n<b>do czyta\u0144:&nbsp; Jr 18,18\u201320;&nbsp;<br \/>\nMt 20,17\u201328<\/b><\/div>\n<div class=\"MsoNormal\" style=\"text-align: justify;\">\n<\/div>\n<div class=\"MsoNormal\" style=\"text-align: justify; text-indent: 35.4pt;\">\nDzisiejsze Bo\u017ce S\u0142owo<br \/>\nzawiera w sobie <b>kilka ciekawych zestawie\u0144.<\/b><br \/>\nOto Jezus m\u00f3wi <b>o swojej m\u0119ce i \u015bmierci,<\/b><br \/>\nkt\u00f3re ju\u017c wkr\u00f3tce maj\u0105 nast\u0105pi\u0107, a matka syn\u00f3w Zebedeusza dopomina si\u0119 \u2013 na pewno<br \/>\nnie sama z siebie \u2013 o to, <b>by jej synowie<br \/>\nb\u0142yszczeli w Kr\u00f3lestwie Niebieskim, zasiadaj\u0105c na zaszczytnych miejscach.<\/b> A<br \/>\nna domiar wszystkiego, jeszcze pozostali Aposto\u0142owie oburzyli si\u0119 na nich, ale<br \/>\nnie dlatego, \u017ce tamci \u2013 wraz ze sw\u0105 matk\u0105 \u2013 nic nie zrozumieli z tego, co Jezus<br \/>\nm\u00f3wi\u0142, ale dlatego, \u017ce ci dwaj chcieli zaj\u0105\u0107 owe zaszczytne miejsca, <b>a przecie\u017c to ka\u017cdy z nich, z pozosta\u0142ych dziesi\u0119ciu,<br \/>\nwidzia\u0142 si\u0119 na tych miejscach.<\/b> A zatem, zestawienie dramatycznego<br \/>\nprzes\u0142ania Jezusa i ludzkiej pychy, wynios\u0142o\u015bci, ch\u0119ci panowania\u2026 <\/div>\n<div class=\"MsoNormal\" style=\"text-align: justify; text-indent: 35.4pt;\">\nI z podobnym zestawieniem<br \/>\nmamy do czynienia w pierwszym czytaniu, w kt\u00f3rym s\u0142yszymy skarg\u0119 Jeremiasza <b>na niegodziwych, czyhaj\u0105cych na niego<\/b> i<br \/>\nd\u0105\u017c\u0105cych za wszelk\u0105 cen\u0119 do tego, by go skrzywdzi\u0107, kiedy on tymczasem <b>tyle razy czyni\u0142 im dobro i nawet stawa\u0142 w<br \/>\nich sprawie przed Bogiem,<\/b> aby ich ratowa\u0107 od zas\u0142u\u017conej kary\u2026 Mamy wi\u0119c<br \/>\nzestawienie mi\u0142o\u015bci i troski o drugiego cz\u0142owieka \u2013 <b>z niewdzi\u0119czno\u015bci\u0105, zawzi\u0119to\u015bci\u0105, wrogo\u015bci\u0105<\/b>\u2026 W ka\u017cdym razie \u2013 <b>z jak\u0105\u015b ogromn\u0105 pych\u0105,<\/b> kt\u00f3ra sprzeciwia<br \/>\nsi\u0119 dobroci Proroka. <\/div>\n<div class=\"MsoNormal\" style=\"text-align: justify; text-indent: 35.4pt;\">\nMy\u015bl\u0119, Kochani, \u017ce oba te<br \/>\nzestawienia mo\u017cna by co do s\u0142owa i co do szczeg\u00f3\u0142u <b>przenie\u015b\u0107 na nasze realia i w nasze czasy.<\/b> Bo dzisiaj tak\u017ce jasne i<br \/>\njednoznaczne przes\u0142anie Ewangelii spotyka si\u0119 <b>albo z buntem, niewdzi\u0119czno\u015bci\u0105 i wrogo\u015bci\u0105, albo z niezrozumieniem.<\/b><br \/>\nTak, czy owak, prowadzi to <b>do odrzucenia<br \/>\ntego\u017c przes\u0142ania.<\/b><\/div>\n<div class=\"MsoNormal\" style=\"text-align: justify; text-indent: 35.4pt;\">\nKiedy bowiem Jezus m\u00f3wi o<br \/>\nuni\u017ceniu, s\u0142u\u017cbie, ofierze ze swego \u017cycia, po\u015bwi\u0119ceniu, wzajemnej mi\u0142o\u015bci i<br \/>\nprzebaczeniu, zewsz\u0105d s\u0142yszymy i widzimy <b>przejawy<br \/>\nzawi\u015bci, zazdro\u015bci, ch\u0119ci panowania jednych nad drugimi, niewdzi\u0119czno\u015bci,<br \/>\nniezrozumienia<\/b>\u2026 Bardzo cz\u0119sto przes\u0142anie Jezusa traktowane jest jako <b>mowa z innej epoki! <\/b><\/div>\n<div class=\"MsoNormal\" style=\"text-align: justify; text-indent: 35.4pt;\">\nBo jak tu m\u00f3wi\u0107 chocia\u017cby <b>o czysto\u015bci przedma\u0142\u017ce\u0144skiej<\/b> i o tym,<br \/>\n\u017ce narzeczeni nie mog\u0105 przed \u015blubem mieszka\u0107 razem, kiedy to takie modne<br \/>\nteraz?\u2026 A jak tu m\u00f3wi\u0107 <b>o niew\u0142a\u015bciwo\u015bci<br \/>\nkorupcji,<\/b> kiedy dzisiaj wszyscy wszystkim daj\u0105, \u017ceby cokolwiek za\u0142atwi\u0107, a<br \/>\njedyn\u0105, kt\u00f3ra \u201enie bierze\u201d \u2013 m\u00f3wi\u0105c \u017cartobliwie \u2013 jest ryba po zarzuceniu w\u0119dki?\u2026<br \/>\n<b>I jak tu m\u00f3wi\u0107 o przebaczeniu,<\/b> kiedy<br \/>\ntrzeba temu drugiemu wymierzy\u0107 sprawiedliwo\u015b\u0107 \u201eco do joty\u201d, a nawet nie zaszkodzi\u0142oby<br \/>\ntroch\u0119 jeszcze do\u0142o\u017cy\u0107, \u017ceby lepiej popami\u0119ta\u0142?\u2026 <\/div>\n<div class=\"MsoNormal\" style=\"text-align: justify; text-indent: 35.4pt;\">\nI jak tu w ko\u0144cu m\u00f3wi\u0107 <b>o po\u015bwi\u0119ceniu, o ofierze,<\/b> o jakich m\u00f3wi\u0142<br \/>\nJezus, skoro dzisiaj to s\u0142owo zupe\u0142nie nie pasuje do ca\u0142o\u015bci, bo ten, kto innych<br \/>\nchce s\u0142u\u017cy\u0107 za cen\u0119 rezygnacji z siebie, ze swojej pozycji czy wygody, <b>jest po prostu g\u0142upi i naiwny! W najlepszym<br \/>\nrazie \u2013 niezaradny \u017cyciowo.<\/b> <\/div>\n<div class=\"MsoNormal\" style=\"text-align: justify; text-indent: 35.4pt;\">\nZobaczmy, Kochani, czy\u017c te<br \/>\nradykalne zestawienia \u2013 zestawienia pewnych przeciwie\u0144stw \u2013 <b>nie maj\u0105 miejsca w naszych czasach? Oczywi\u015bcie,<br \/>\n\u017ce maj\u0105.<\/b> Dlatego naszym zadaniem jest ich zmniejszanie i likwidowanie. Na<br \/>\nswoim w\u0142asnym odcinku, w swoim w\u0142asnym \u017cyciu \u2013 likwidowanie przepa\u015bci pomi\u0119dzy<br \/>\npostaw\u0105 Jezusa a nasz\u0105 postaw\u0105, pomi\u0119dzy nauczaniem Jezusa a naszymi osobistymi<br \/>\nprzekonaniami. Wreszcie \u2013 <b>pomi\u0119dzy Jego<br \/>\nmi\u0142o\u015bci\u0105, a naszym egoizmem; pomi\u0119dzy Jego uni\u017ceniem, a nasz\u0105 wynios\u0142o\u015bci\u0105;<br \/>\npomi\u0119dzy Jego s\u0142u\u017cb\u0105, a nasz\u0105 ch\u0119ci\u0105 panowania<\/b>\u2026 Im bardziej uda nam si\u0119<br \/>\nzmniejszy\u0107, a mo\u017ce nawet zlikwidowa\u0107 przepa\u015b\u0107 pomi\u0119dzy postaw\u0105 Jezusa a nasz\u0105 \u2013<br \/>\n<b>tym bli\u017cej Niego b\u0119dziemy i tym skuteczniej<br \/>\nzmienia\u0107 si\u0119 b\u0119dzie nasze \u017cycie<\/b>\u2026 <\/div>\n<div class=\"MsoNormal\" style=\"text-align: justify; text-indent: 35.4pt;\">\nNiech ten Wielki Post b\u0119dzie<br \/>\nczasem codziennego uzgadniania mojego \u017cycia <b>z \u017cyciem i oczekiwaniami Jezusa!<\/b><\/div>\n<div class=\"MsoNormal\" style=\"text-align: justify; text-indent: 35.4pt;\">\nW tym kontek\u015bcie pomy\u015blmy:<\/div>\n<div class=\"MsoNormal\" style=\"margin-left: 36.0pt; mso-list: l0 level1 lfo1; tab-stops: list 36.0pt; text-align: justify; text-indent: -18.0pt;\">\n\u00b7&nbsp;&nbsp;&nbsp;&nbsp;&nbsp;&nbsp;&nbsp;<br \/>\nJak<br \/>\nograniczam ch\u0119\u0107 panowania nad innymi?<\/div>\n<div class=\"MsoNormal\" style=\"margin-left: 36.0pt; mso-list: l0 level1 lfo1; tab-stops: list 36.0pt; text-align: justify; text-indent: -18.0pt;\">\n\u00b7&nbsp;&nbsp;&nbsp;&nbsp;&nbsp;&nbsp;&nbsp;<br \/>\nCzy<br \/>\nnie narzucam innym swego zdania jako jedynie s\u0142usznego?<\/div>\n<div class=\"MsoNormal\" style=\"margin-left: 36.0pt; mso-list: l0 level1 lfo1; tab-stops: list 36.0pt; text-align: justify; text-indent: -18.0pt;\">\n\u00b7&nbsp;&nbsp;&nbsp;&nbsp;&nbsp;&nbsp;&nbsp;<br \/>\nCo<br \/>\nostatnio uczyni\u0142em komu\u015b bezinteresownie?<\/div>\n<div class=\"MsoNormal\" style=\"text-align: justify;\">\n<\/div>\n<div class=\"MsoNormal\" style=\"text-align: justify;\">\n<b><i>Na wz\u00f3r Syna Cz\u0142owieczego, kt\u00f3ry nie przyszed\u0142, aby<br \/>\nMu s\u0142u\u017cono, lecz aby s\u0142u\u017cy\u0107 i da\u0107 swoje \u017cycie na okup za wielu<\/i><\/b>\u2026<\/div>\n","protected":false},"excerpt":{"rendered":"<p>Szcz\u0119\u015b\u0107 Bo\u017ce! Kochani, blog \u017cyje! \u017byje i t\u0119tni! Ilo\u015b\u0107 i tre\u015b\u0107 komentarzy robi wra\u017cenie i zmusza do my\u015blenia. Potrzebuj\u0119 troch\u0119 spokojniejszego czasu &#8211; dzisiaj po po\u0142udniu &#8211; \u017ceby poczyta\u0107 je i co\u015b odpisa\u0107. Bo kiedy Robert pisz\u0119, \u017ce nie daj\u0119 spokoju Waszym sumieniom, to ja bym powiedzia\u0142, \u017ce jest dok\u0142adnie odwrotnie &#8211; to Wy mi [&hellip;]<\/p>\n","protected":false},"author":1,"featured_media":0,"comment_status":"open","ping_status":"open","sticky":false,"template":"","format":"standard","meta":{"jetpack_post_was_ever_published":false,"_jetpack_newsletter_access":"","_jetpack_dont_email_post_to_subs":false,"_jetpack_newsletter_tier_id":0,"_jetpack_memberships_contains_paywalled_content":false,"_jetpack_memberships_contains_paid_content":false,"footnotes":""},"categories":[1],"tags":[],"class_list":["post-9558","post","type-post","status-publish","format-standard","hentry","category-bez-kategorii"],"yoast_head":"<!-- This site is optimized with the Yoast SEO plugin v25.1 - https:\/\/yoast.com\/wordpress\/plugins\/seo\/ -->\n<title>Nie przyszed\u0142, aby Mu s\u0142u\u017cono, lecz - aby s\u0142u\u017cy\u0107... - Gaudium Et Spes<\/title>\n<meta name=\"robots\" content=\"index, follow, max-snippet:-1, max-image-preview:large, max-video-preview:-1\" \/>\n<link rel=\"canonical\" href=\"https:\/\/gaudiumetspes-blog.pl\/index.php\/2012\/03\/07\/nie-przyszed-aby-mu-suzono-lecz-aby\/\" \/>\n<meta property=\"og:locale\" content=\"pl_PL\" \/>\n<meta property=\"og:type\" content=\"article\" \/>\n<meta property=\"og:title\" content=\"Nie przyszed\u0142, aby Mu s\u0142u\u017cono, lecz - aby s\u0142u\u017cy\u0107... - Gaudium Et Spes\" \/>\n<meta property=\"og:description\" content=\"Szcz\u0119\u015b\u0107 Bo\u017ce! Kochani, blog \u017cyje! \u017byje i t\u0119tni! Ilo\u015b\u0107 i tre\u015b\u0107 komentarzy robi wra\u017cenie i zmusza do my\u015blenia. Potrzebuj\u0119 troch\u0119 spokojniejszego czasu &#8211; dzisiaj po po\u0142udniu &#8211; \u017ceby poczyta\u0107 je i co\u015b odpisa\u0107. Bo kiedy Robert pisz\u0119, \u017ce nie daj\u0119 spokoju Waszym sumieniom, to ja bym powiedzia\u0142, \u017ce jest dok\u0142adnie odwrotnie &#8211; to Wy mi [&hellip;]\" \/>\n<meta property=\"og:url\" content=\"https:\/\/gaudiumetspes-blog.pl\/index.php\/2012\/03\/07\/nie-przyszed-aby-mu-suzono-lecz-aby\/\" \/>\n<meta property=\"og:site_name\" content=\"Gaudium Et Spes\" \/>\n<meta property=\"article:published_time\" content=\"2012-03-07T04:41:00+00:00\" \/>\n<meta property=\"article:modified_time\" content=\"2019-07-31T10:53:04+00:00\" \/>\n<meta name=\"author\" content=\"Ks. Jacek\" \/>\n<meta name=\"twitter:card\" content=\"summary_large_image\" \/>\n<meta name=\"twitter:label1\" content=\"Napisane przez\" \/>\n\t<meta name=\"twitter:data1\" content=\"Ks. Jacek\" \/>\n\t<meta name=\"twitter:label2\" content=\"Szacowany czas czytania\" \/>\n\t<meta name=\"twitter:data2\" content=\"4 minuty\" \/>\n<script type=\"application\/ld+json\" class=\"yoast-schema-graph\">{\"@context\":\"https:\/\/schema.org\",\"@graph\":[{\"@type\":\"WebPage\",\"@id\":\"https:\/\/gaudiumetspes-blog.pl\/index.php\/2012\/03\/07\/nie-przyszed-aby-mu-suzono-lecz-aby\/\",\"url\":\"https:\/\/gaudiumetspes-blog.pl\/index.php\/2012\/03\/07\/nie-przyszed-aby-mu-suzono-lecz-aby\/\",\"name\":\"Nie przyszed\u0142, aby Mu s\u0142u\u017cono, lecz - aby s\u0142u\u017cy\u0107... - Gaudium Et Spes\",\"isPartOf\":{\"@id\":\"https:\/\/gaudiumetspes-blog.pl\/#website\"},\"datePublished\":\"2012-03-07T04:41:00+00:00\",\"dateModified\":\"2019-07-31T10:53:04+00:00\",\"author\":{\"@id\":\"https:\/\/gaudiumetspes-blog.pl\/#\/schema\/person\/1661982992b752dea8dff0d4ed845a65\"},\"breadcrumb\":{\"@id\":\"https:\/\/gaudiumetspes-blog.pl\/index.php\/2012\/03\/07\/nie-przyszed-aby-mu-suzono-lecz-aby\/#breadcrumb\"},\"inLanguage\":\"pl-PL\",\"potentialAction\":[{\"@type\":\"ReadAction\",\"target\":[\"https:\/\/gaudiumetspes-blog.pl\/index.php\/2012\/03\/07\/nie-przyszed-aby-mu-suzono-lecz-aby\/\"]}]},{\"@type\":\"BreadcrumbList\",\"@id\":\"https:\/\/gaudiumetspes-blog.pl\/index.php\/2012\/03\/07\/nie-przyszed-aby-mu-suzono-lecz-aby\/#breadcrumb\",\"itemListElement\":[{\"@type\":\"ListItem\",\"position\":1,\"name\":\"Strona g\u0142\u00f3wna\",\"item\":\"https:\/\/gaudiumetspes-blog.pl\/\"},{\"@type\":\"ListItem\",\"position\":2,\"name\":\"Nie&nbsp;przyszed\u0142, aby Mu s\u0142u\u017cono, lecz&nbsp;&#8211; aby s\u0142u\u017cy\u0107&#8230;\"}]},{\"@type\":\"WebSite\",\"@id\":\"https:\/\/gaudiumetspes-blog.pl\/#website\",\"url\":\"https:\/\/gaudiumetspes-blog.pl\/\",\"name\":\"Gaudium Et Spes\",\"description\":\"Blog Ks. Jacka Ja\u015bkowskiego\",\"potentialAction\":[{\"@type\":\"SearchAction\",\"target\":{\"@type\":\"EntryPoint\",\"urlTemplate\":\"https:\/\/gaudiumetspes-blog.pl\/?s={search_term_string}\"},\"query-input\":{\"@type\":\"PropertyValueSpecification\",\"valueRequired\":true,\"valueName\":\"search_term_string\"}}],\"inLanguage\":\"pl-PL\"},{\"@type\":\"Person\",\"@id\":\"https:\/\/gaudiumetspes-blog.pl\/#\/schema\/person\/1661982992b752dea8dff0d4ed845a65\",\"name\":\"Ks. Jacek\",\"image\":{\"@type\":\"ImageObject\",\"inLanguage\":\"pl-PL\",\"@id\":\"https:\/\/gaudiumetspes-blog.pl\/#\/schema\/person\/image\/\",\"url\":\"https:\/\/gaudiumetspes-blog.pl\/wp-content\/uploads\/2019\/07\/avatar-JJ-150x150.jpg\",\"contentUrl\":\"https:\/\/gaudiumetspes-blog.pl\/wp-content\/uploads\/2019\/07\/avatar-JJ-150x150.jpg\",\"caption\":\"Ks. Jacek\"},\"description\":\"Witam serdecznie! K\u0142ania si\u0119 Ks. Jacek Ja\u015bkowski. Nie jestem ani kim\u015b wa\u017cnym, ani kim\u015b znanym. Jestem ksi\u0119dzem, kt\u00f3ry po prostu chce rozmawia\u0107. Codzienna kap\u0142a\u0144ska pos\u0142uga pokazuje mi, \u017ce temat\u00f3w do rozm\u00f3w z ksi\u0119dzem jest coraz wi\u0119cej i dzisiaj \u017caden ksi\u0105dz nie mo\u017ce od nich ucieka\u0107, ale - wprost przeciwnie - podejmowa\u0107 nowe wyzwania. To przekonanie sk\u0142oni\u0142o mnie do pr\u00f3by otwarcia tego\u017c bloga, chocia\u017c okazji do rozm\u00f3w na co dzie\u0144 - w konfesjonale i poza nim - na szcz\u0119\u015bcie nie brakuje. My\u015bl\u0119 jednak, \u017ce ten blog b\u0119dzie jeszcze jednym sposobem i przestrzeni\u0105 nawi\u0105zania kontaktu z lud\u017ami dobrej woli, otwartymi na dialog.\",\"url\":\"https:\/\/gaudiumetspes-blog.pl\/index.php\/author\/ks-jacek\/\"}]}<\/script>\n<!-- \/ Yoast SEO plugin. -->","yoast_head_json":{"title":"Nie przyszed\u0142, aby Mu s\u0142u\u017cono, lecz - aby s\u0142u\u017cy\u0107... - Gaudium Et Spes","robots":{"index":"index","follow":"follow","max-snippet":"max-snippet:-1","max-image-preview":"max-image-preview:large","max-video-preview":"max-video-preview:-1"},"canonical":"https:\/\/gaudiumetspes-blog.pl\/index.php\/2012\/03\/07\/nie-przyszed-aby-mu-suzono-lecz-aby\/","og_locale":"pl_PL","og_type":"article","og_title":"Nie przyszed\u0142, aby Mu s\u0142u\u017cono, lecz - aby s\u0142u\u017cy\u0107... - Gaudium Et Spes","og_description":"Szcz\u0119\u015b\u0107 Bo\u017ce! Kochani, blog \u017cyje! \u017byje i t\u0119tni! Ilo\u015b\u0107 i tre\u015b\u0107 komentarzy robi wra\u017cenie i zmusza do my\u015blenia. Potrzebuj\u0119 troch\u0119 spokojniejszego czasu &#8211; dzisiaj po po\u0142udniu &#8211; \u017ceby poczyta\u0107 je i co\u015b odpisa\u0107. Bo kiedy Robert pisz\u0119, \u017ce nie daj\u0119 spokoju Waszym sumieniom, to ja bym powiedzia\u0142, \u017ce jest dok\u0142adnie odwrotnie &#8211; to Wy mi [&hellip;]","og_url":"https:\/\/gaudiumetspes-blog.pl\/index.php\/2012\/03\/07\/nie-przyszed-aby-mu-suzono-lecz-aby\/","og_site_name":"Gaudium Et Spes","article_published_time":"2012-03-07T04:41:00+00:00","article_modified_time":"2019-07-31T10:53:04+00:00","author":"Ks. Jacek","twitter_card":"summary_large_image","twitter_misc":{"Napisane przez":"Ks. Jacek","Szacowany czas czytania":"4 minuty"},"schema":{"@context":"https:\/\/schema.org","@graph":[{"@type":"WebPage","@id":"https:\/\/gaudiumetspes-blog.pl\/index.php\/2012\/03\/07\/nie-przyszed-aby-mu-suzono-lecz-aby\/","url":"https:\/\/gaudiumetspes-blog.pl\/index.php\/2012\/03\/07\/nie-przyszed-aby-mu-suzono-lecz-aby\/","name":"Nie przyszed\u0142, aby Mu s\u0142u\u017cono, lecz - aby s\u0142u\u017cy\u0107... - Gaudium Et Spes","isPartOf":{"@id":"https:\/\/gaudiumetspes-blog.pl\/#website"},"datePublished":"2012-03-07T04:41:00+00:00","dateModified":"2019-07-31T10:53:04+00:00","author":{"@id":"https:\/\/gaudiumetspes-blog.pl\/#\/schema\/person\/1661982992b752dea8dff0d4ed845a65"},"breadcrumb":{"@id":"https:\/\/gaudiumetspes-blog.pl\/index.php\/2012\/03\/07\/nie-przyszed-aby-mu-suzono-lecz-aby\/#breadcrumb"},"inLanguage":"pl-PL","potentialAction":[{"@type":"ReadAction","target":["https:\/\/gaudiumetspes-blog.pl\/index.php\/2012\/03\/07\/nie-przyszed-aby-mu-suzono-lecz-aby\/"]}]},{"@type":"BreadcrumbList","@id":"https:\/\/gaudiumetspes-blog.pl\/index.php\/2012\/03\/07\/nie-przyszed-aby-mu-suzono-lecz-aby\/#breadcrumb","itemListElement":[{"@type":"ListItem","position":1,"name":"Strona g\u0142\u00f3wna","item":"https:\/\/gaudiumetspes-blog.pl\/"},{"@type":"ListItem","position":2,"name":"Nie&nbsp;przyszed\u0142, aby Mu s\u0142u\u017cono, lecz&nbsp;&#8211; aby s\u0142u\u017cy\u0107&#8230;"}]},{"@type":"WebSite","@id":"https:\/\/gaudiumetspes-blog.pl\/#website","url":"https:\/\/gaudiumetspes-blog.pl\/","name":"Gaudium Et Spes","description":"Blog Ks. Jacka Ja\u015bkowskiego","potentialAction":[{"@type":"SearchAction","target":{"@type":"EntryPoint","urlTemplate":"https:\/\/gaudiumetspes-blog.pl\/?s={search_term_string}"},"query-input":{"@type":"PropertyValueSpecification","valueRequired":true,"valueName":"search_term_string"}}],"inLanguage":"pl-PL"},{"@type":"Person","@id":"https:\/\/gaudiumetspes-blog.pl\/#\/schema\/person\/1661982992b752dea8dff0d4ed845a65","name":"Ks. Jacek","image":{"@type":"ImageObject","inLanguage":"pl-PL","@id":"https:\/\/gaudiumetspes-blog.pl\/#\/schema\/person\/image\/","url":"https:\/\/gaudiumetspes-blog.pl\/wp-content\/uploads\/2019\/07\/avatar-JJ-150x150.jpg","contentUrl":"https:\/\/gaudiumetspes-blog.pl\/wp-content\/uploads\/2019\/07\/avatar-JJ-150x150.jpg","caption":"Ks. Jacek"},"description":"Witam serdecznie! K\u0142ania si\u0119 Ks. Jacek Ja\u015bkowski. Nie jestem ani kim\u015b wa\u017cnym, ani kim\u015b znanym. Jestem ksi\u0119dzem, kt\u00f3ry po prostu chce rozmawia\u0107. Codzienna kap\u0142a\u0144ska pos\u0142uga pokazuje mi, \u017ce temat\u00f3w do rozm\u00f3w z ksi\u0119dzem jest coraz wi\u0119cej i dzisiaj \u017caden ksi\u0105dz nie mo\u017ce od nich ucieka\u0107, ale - wprost przeciwnie - podejmowa\u0107 nowe wyzwania. To przekonanie sk\u0142oni\u0142o mnie do pr\u00f3by otwarcia tego\u017c bloga, chocia\u017c okazji do rozm\u00f3w na co dzie\u0144 - w konfesjonale i poza nim - na szcz\u0119\u015bcie nie brakuje. My\u015bl\u0119 jednak, \u017ce ten blog b\u0119dzie jeszcze jednym sposobem i przestrzeni\u0105 nawi\u0105zania kontaktu z lud\u017ami dobrej woli, otwartymi na dialog.","url":"https:\/\/gaudiumetspes-blog.pl\/index.php\/author\/ks-jacek\/"}]}},"jetpack_featured_media_url":"","jetpack_sharing_enabled":true,"_links":{"self":[{"href":"https:\/\/gaudiumetspes-blog.pl\/index.php\/wp-json\/wp\/v2\/posts\/9558","targetHints":{"allow":["GET"]}}],"collection":[{"href":"https:\/\/gaudiumetspes-blog.pl\/index.php\/wp-json\/wp\/v2\/posts"}],"about":[{"href":"https:\/\/gaudiumetspes-blog.pl\/index.php\/wp-json\/wp\/v2\/types\/post"}],"author":[{"embeddable":true,"href":"https:\/\/gaudiumetspes-blog.pl\/index.php\/wp-json\/wp\/v2\/users\/1"}],"replies":[{"embeddable":true,"href":"https:\/\/gaudiumetspes-blog.pl\/index.php\/wp-json\/wp\/v2\/comments?post=9558"}],"version-history":[{"count":1,"href":"https:\/\/gaudiumetspes-blog.pl\/index.php\/wp-json\/wp\/v2\/posts\/9558\/revisions"}],"predecessor-version":[{"id":10525,"href":"https:\/\/gaudiumetspes-blog.pl\/index.php\/wp-json\/wp\/v2\/posts\/9558\/revisions\/10525"}],"wp:attachment":[{"href":"https:\/\/gaudiumetspes-blog.pl\/index.php\/wp-json\/wp\/v2\/media?parent=9558"}],"wp:term":[{"taxonomy":"category","embeddable":true,"href":"https:\/\/gaudiumetspes-blog.pl\/index.php\/wp-json\/wp\/v2\/categories?post=9558"},{"taxonomy":"post_tag","embeddable":true,"href":"https:\/\/gaudiumetspes-blog.pl\/index.php\/wp-json\/wp\/v2\/tags?post=9558"}],"curies":[{"name":"wp","href":"https:\/\/api.w.org\/{rel}","templated":true}]}}