{"id":9563,"date":"2012-03-02T08:27:00","date_gmt":"2012-03-02T07:27:00","guid":{"rendered":"https:\/\/gaudiumetspes-blog.pl\/index.php\/2012\/03\/02\/rozwoj-albo-regres\/"},"modified":"2019-07-31T12:53:02","modified_gmt":"2019-07-31T10:53:02","slug":"rozwoj-albo-regres","status":"publish","type":"post","link":"https:\/\/gaudiumetspes-blog.pl\/index.php\/2012\/03\/02\/rozwoj-albo-regres\/","title":{"rendered":"Rozw\u00f3j &#8211; albo regres!"},"content":{"rendered":"<p><\/p>\n<div class=\"MsoNormal\" style=\"text-align: justify;\">\nSzcz\u0119\u015b\u0107 Bo\u017ce! Dzisiaj we wpisie Ksi\u0119dza Marka kr\u00f3tki poradnik duchowej pracy nad sob\u0105. Bardzo polecam.<\/div>\n<div class=\"MsoNormal\" style=\"text-align: justify;\">\n&nbsp; &nbsp;A ja &#8211; p\u0119dz\u0119 ju\u017c do Chorych. Oko\u0142o trzydzie\u015bci os\u00f3b. Wam za\u015b, Kochani &#8211; id\u0105c za g\u0142osem Marka &#8211; przypominam: dzi\u015b pierwszy pi\u0105tek miesi\u0105ca. I Wielki Post&#8230; I Droga Krzy\u017cowa&#8230;<\/div>\n<div class=\"MsoNormal\" style=\"text-align: justify;\">\n&nbsp; &nbsp; &nbsp; &nbsp; &nbsp; Gaudium et spes! &nbsp;Ks. Jacek<\/div>\n<div class=\"MsoNormal\" style=\"text-align: justify;\">\n<\/div>\n<div class=\"MsoNormal\" style=\"text-align: justify;\">\nNiech b\u0119dzie pochwalony Jezus<br \/>\nChrystus!<\/div>\n<div class=\"MsoNormal\" style=\"text-align: justify;\">\nDzi\u015b ju\u017c drugi pi\u0105tek Wielkiego<br \/>\nPostu, a pierwszy pi\u0105tek miesi\u0105ca. To szczeg\u00f3lny dzie\u0144. Chcia\u0142bym przypomnie\u0107,<br \/>\n\u017ce dzi\u015b Droga Krzy\u017cowa i zach\u0119cam do wzi\u0119cia w niej udzia\u0142u. Je\u015bli kto\u015b z<br \/>\nr\u00f3\u017cnych przyczyn nie mo\u017ce to zach\u0119cam do osobistego odprawienia tego nabo\u017ce\u0144stwa,<br \/>\nosobistego rozmy\u015blania nad m\u0119k\u0105 Jezusa. A w zwi\u0105zku z pierwszym pi\u0105tkiem nic<br \/>\ndoda\u0107 nic uj\u0105\u0107. <\/div>\n<div class=\"MsoNormal\" style=\"text-align: justify;\">\nCo tam dzi\u015b w s\u0142owie\u2026<\/div>\n<div class=\"MsoNormal\" style=\"text-align: justify;\">\nZaczn\u0119 od cytatu z Or\u0119dzia<br \/>\nBenedykta XVI na Wielki Post: \u201eMistrzowie duchowo\u015bci przypominaj\u0105, \u017ce w \u017cyciu wiary<br \/>\nten, kto nie czyni post\u0119p\u00f3w, cofa si\u0119. Drodzy bracia i siostry, we\u017amy sobie do<br \/>\nserca wci\u0105\u017c aktualne wezwanie, by d\u0105\u017cy\u0107 do \u00abwysokiej miary \u017cycia chrze\u015bcija\u0144skiego\u00bb<br \/>\n(Novo millennio ineunte, 31)\u201d.<\/div>\n<div class=\"MsoNormal\" style=\"text-align: justify;\">\nW \u017cyciu wiary ten, kto nie czyni post\u0119p\u00f3w, cofa si\u0119.<\/div>\n<div class=\"MsoNormal\" style=\"text-align: justify;\">\nPodobn\u0105 my\u015bl mo\u017cemy dzi\u015b odnale\u017a\u0107<br \/>\nw liturgii s\u0142owa \u2013 <i>A je\u015bliby wyst\u0119pny<br \/>\nporzuci\u0142 wszystkie swoje grzechy, kt\u00f3re pope\u0142nia\u0142, a strzeg\u0142 wszystkich moich<br \/>\nustaw i post\u0119powa\u0142by wed\u0142ug prawa i sprawiedliwo\u015bci, \u017cy\u0107 b\u0119dzie, a nie<br \/>\numrze\u2026&nbsp; Gdyby sprawiedliwy odst\u0105pi\u0142 od<br \/>\nswej sprawiedliwo\u015bci i pope\u0142nia\u0142 z\u0142o, na\u015bladuj\u0105c wszystkie obrzydliwo\u015bci,<br \/>\nkt\u00f3rym si\u0119 oddaje wyst\u0119pny, czy taki b\u0119dzie \u017cy\u0142?<\/i><\/div>\n<div class=\"MsoNormal\" style=\"text-align: justify;\">\nWida\u0107 tu wyra\u017anie pewien proces,<br \/>\nalbo odst\u0119pujemy od grzech\u00f3w, nawracamy si\u0119, zmieniamy na lepsze nasze<br \/>\npost\u0119powanie, albo odwrotnie. Wiara, nawr\u00f3cenie to proces. I mo\u017ce to by\u0107<br \/>\nrozw\u00f3j, a mo\u017ce to by\u0107 cofanie si\u0119, ale nigdy nie stoimy na jednym miejscu.<br \/>\nDlatego potrzeba nam wysi\u0142ku, trudu w pracy nad sob\u0105. <\/div>\n<div class=\"MsoNormal\" style=\"text-align: justify;\">\nW dzisiejszej Ewangelii te\u017c mo\u017cemy<br \/>\nzauwa\u017cy\u0107 taki proces. Jezus m\u00f3wi: <i>Je\u015bli<br \/>\nwasza sprawiedliwo\u015b\u0107 nie b\u0119dzie wi\u0119ksza ni\u017c uczonych w Pi\u015bmie i faryzeusz\u00f3w,<br \/>\nnie wejdziecie do kr\u00f3lestwa niebieskiego.<\/i><\/div>\n<div class=\"MsoNormal\" style=\"text-align: justify;\">\nProponuj\u0119 zatrzyma\u0107 si\u0119 na s\u0142owie<br \/>\nwi\u0119ksza. <i>Je\u015bli wasza sprawiedliwo\u015b\u0107 nie<br \/>\nb\u0119dzie wi\u0119ksza<\/i>.<\/div>\n<div class=\"MsoNormal\" style=\"text-align: justify;\">\nTo s\u0142owo <i>wi\u0119ksza<\/i>, te\u017c oznacza jaki\u015b proces, jaki\u015b rozw\u00f3j. Nie wystarczy,<br \/>\n\u017ceby by\u0142o jak w przypadku faryzeuszy, nie wystarczy, \u017ceby by\u0142o jak dawniej. Ona<br \/>\nma by\u0107 wi\u0119ksza. <\/div>\n<div class=\"MsoNormal\" style=\"text-align: justify;\">\nNawet i sam Jezus pokazuje my\u015bl<br \/>\nBo\u017c\u0105, \u017ce ona si\u0119 rozwija. Oczywi\u015bcie, Bo\u017ca my\u015bl nie mo\u017ce si\u0119 rozwija\u0107, ona<br \/>\nzawsze jest doskona\u0142a. Mo\u017ce si\u0119 jednak rozwija\u0107 stopie\u0144 poznania tej my\u015bli,<br \/>\nstopie\u0144 otwarcia cz\u0142owieka na t\u0119 my\u015bl, stopie\u0144 kultury ludzko\u015bci, zdolno\u015bci,<br \/>\n\u017ceby t\u0119 my\u015bl przyj\u0105\u0107. Jezus wyra\u017ca to w s\u0142owach: <i>S\u0142yszeli\u015bcie, \u017ce powiedziano przodkom: Nie zabijaj; a kto by si\u0119 dopu\u015bci\u0142<br \/>\nzab\u00f3jstwa, podlega s\u0105dowi. A Ja wam powiadam: Ka\u017cdy, kto si\u0119 gniewa na swego<br \/>\nbrata, podlega s\u0105dowi.<\/i><\/div>\n<div class=\"MsoNormal\" style=\"text-align: justify;\">\nPrzodkom powiedziano tak, a Ja wam<br \/>\nm\u00f3wi\u0119\u2026 <\/div>\n<div class=\"MsoNormal\" style=\"text-align: justify;\">\nW naszej wierze, \u017cyciu wiary, te\u017c<br \/>\nnieustannie co\u015b si\u0119 rozwija albo cofa. I warto dzi\u015b i w ci\u0105gu tego Wielkiego<br \/>\nPostu pomy\u015ble\u0107 \u2013 jak? W kt\u00f3r\u0105 stron\u0119?<\/div>\n<div class=\"MsoNormal\" style=\"text-align: justify;\">\nMo\u017ce mamy jakie\u015b duchowe<br \/>\ndzienniczki, jakie\u015b notatki sprzed paru lat, mo\u017ce chocia\u017c mamy w pami\u0119ci sw\u00f3j<br \/>\npoziom \u017cycia duchowego kilka lat temu. Jak widz\u0119 to dzi\u015b? Jak na to patrz\u0119, jak to odbieram? Czytam to, przypominam sobie i my\u015bl\u0119, jaki ja by\u0142em<br \/>\nwtedy g\u0142upi, ma\u0142o rozwini\u0119ty, jak naiwnie my\u015bla\u0142em. \u015amiejemy si\u0119 sami nad sob\u0105.<br \/>\nA mo\u017ce odwrotnie, my\u015blimy sobie jaki ja wtedy by\u0142em pobo\u017cny, jak si\u0119 stara\u0142em,<br \/>\nteraz by tak trzeba by\u0142o.<\/div>\n<div class=\"MsoNormal\" style=\"text-align: justify;\">\nNa pewno znamy piesze pielgrzymki,<br \/>\nwielu z nas bra\u0142o w nich udzia\u0142. A przecie\u017c mo\u017cna by by\u0142o na Jasn\u0105 G\u00f3r\u0119<br \/>\npojecha\u0107 samochodem, poci\u0105giem i by\u0142oby szybciej, l\u017cej. A my chodzimy pieszo.<br \/>\nSens ma nie tylko cel, ale i sama droga, a po drodze modlitwa, konferencje, rozmy\u015blania,<br \/>\ni sam trud drogi, umartwienie. <\/div>\n<div class=\"MsoNormal\" style=\"text-align: justify;\">\nNasza wiara, \u017cycie duchowe, to te\u017c<br \/>\ntaka pielgrzymka, w kt\u00f3rej liczy si\u0119 sama droga, albo id\u0119 do celu, albo si\u0119<br \/>\npogubi\u0142em i id\u0119 w drug\u0105 stron\u0119, w innym kierunku. <\/div>\n<div class=\"MsoNormal\" style=\"text-align: justify;\">\nMo\u017ce i dlatego Post trwa 40 dni, a<br \/>\nnie np. 3 dni, \u017ceby nasza wielkopostna praca nad sob\u0105 mog\u0142a by\u0107 takim procesem,<br \/>\ndrog\u0105. Dzi\u015b mo\u017cemy pomy\u015ble\u0107 \u2013 co osi\u0105gn\u0119li\u015bmy przez te p\u00f3\u0142tora tygodnia? Ale<br \/>\nnawet je\u015bli jeszcze niewiele, to jeszcze jest czas. Tylko trzeba okre\u015bli\u0107 postanowienie,<br \/>\nplan na ten Wielki Post \u2013 jak chc\u0119, planuj\u0119 go prze\u017cy\u0107. <\/div>\n<div class=\"MsoNormal\" style=\"text-align: justify;\">\nI wa\u017cne, \u017ceby nie traci\u0107 nadziei.<br \/>\nNawet je\u015bli zauwa\u017casz, \u017ce w wierze, w \u017cyciu duchowym si\u0119 cofasz, nawet je\u015bli<br \/>\nwidzisz, \u017ce ten pierwszy tydzie\u0144 Wielkiego Postu zawali\u0142e\u015b, i ten czas nie<br \/>\nr\u00f3\u017cni\u0142 si\u0119 w og\u00f3le od czasu przed Postem, to B\u00f3g pokazuje nam to, nie \u017ceby\u015bmy<br \/>\nrezygnowali, tracili nadzieje, rozpaczali \u2013 ja nic nie umiem, mi nic nie<br \/>\nwychodzi, itd\u2026<\/div>\n<div class=\"MsoNormal\" style=\"text-align: justify;\">\nB\u00f3g pokazuje nam to, \u017ceby\u015bmy zn\u00f3w<br \/>\nzacz\u0119li, \u017ceby\u015bmy jak Jezus wstali z upadku i szli w stron\u0119 Zmartwychwstania. <\/div>\n<div class=\"MsoNormal\" style=\"text-align: justify;\">\nI jeszcze jedno. My cz\u0119sto si\u0119 por\u00f3wnujemy \u2013 a, wszyscy tak robi\u0105 to<br \/>\ni ja mog\u0119. A Jezus m\u00f3wi: Je\u015bli wasza sprawiedliwo\u015b\u0107 nie b\u0119dzie wi\u0119ksza ni\u017c<br \/>\nuczonych w Pi\u015bmie i faryzeusz\u00f3w, nie wejdziecie do kr\u00f3lestwa niebieskiego.<\/div>\n<div class=\"MsoNormal\" style=\"text-align: justify;\">\nCzyj\u015b b\u0142\u0105d, grzech, problem, nas<br \/>\nnie usprawiedliwia. My nie mamy by\u0107 jak inni, my mamy by\u0107 lepsi \u2013 my mamy d\u0105\u017cy\u0107 do \u00abwysokiej miary \u017cycia<br \/>\nchrze\u015bcija\u0144skiego\u00bb.<\/div>\n<div class=\"MsoNormal\" style=\"text-align: justify;\">\nB\u00f3g wymaga od nas wi\u0119cej, i my od siebie powinni\u015bmy<br \/>\nwymaga\u0107 wi\u0119cej. Jak m\u00f3wi\u0142 b\u0142. Jan Pawe\u0142 II \u2013 Musicie od siebie wymaga\u0107, nawet<br \/>\ngdyby inni od was nie wymagali.<\/div>\n<div class=\"MsoNormal\" style=\"text-align: justify;\">\nDobrego, g\u0142\u0119boko prze\u017cytego dnia \u017cycz\u0119.<\/div>\n","protected":false},"excerpt":{"rendered":"<p>Szcz\u0119\u015b\u0107 Bo\u017ce! Dzisiaj we wpisie Ksi\u0119dza Marka kr\u00f3tki poradnik duchowej pracy nad sob\u0105. Bardzo polecam. &nbsp; &nbsp;A ja &#8211; p\u0119dz\u0119 ju\u017c do Chorych. Oko\u0142o trzydzie\u015bci os\u00f3b. Wam za\u015b, Kochani &#8211; id\u0105c za g\u0142osem Marka &#8211; przypominam: dzi\u015b pierwszy pi\u0105tek miesi\u0105ca. I Wielki Post&#8230; I Droga Krzy\u017cowa&#8230; &nbsp; &nbsp; &nbsp; &nbsp; &nbsp; Gaudium et spes! &nbsp;Ks. [&hellip;]<\/p>\n","protected":false},"author":1,"featured_media":0,"comment_status":"open","ping_status":"open","sticky":false,"template":"","format":"standard","meta":{"jetpack_post_was_ever_published":false,"_jetpack_newsletter_access":"","_jetpack_dont_email_post_to_subs":false,"_jetpack_newsletter_tier_id":0,"_jetpack_memberships_contains_paywalled_content":false,"_jetpack_memberships_contains_paid_content":false,"footnotes":""},"categories":[1],"tags":[],"class_list":["post-9563","post","type-post","status-publish","format-standard","hentry","category-bez-kategorii"],"yoast_head":"<!-- This site is optimized with the Yoast SEO plugin v25.1 - https:\/\/yoast.com\/wordpress\/plugins\/seo\/ -->\n<title>Rozw\u00f3j - albo regres! - Gaudium Et Spes<\/title>\n<meta name=\"robots\" content=\"index, follow, max-snippet:-1, max-image-preview:large, max-video-preview:-1\" \/>\n<link rel=\"canonical\" href=\"https:\/\/gaudiumetspes-blog.pl\/index.php\/2012\/03\/02\/rozwoj-albo-regres\/\" \/>\n<meta property=\"og:locale\" content=\"pl_PL\" \/>\n<meta property=\"og:type\" content=\"article\" \/>\n<meta property=\"og:title\" content=\"Rozw\u00f3j - albo regres! - Gaudium Et Spes\" \/>\n<meta property=\"og:description\" content=\"Szcz\u0119\u015b\u0107 Bo\u017ce! Dzisiaj we wpisie Ksi\u0119dza Marka kr\u00f3tki poradnik duchowej pracy nad sob\u0105. Bardzo polecam. &nbsp; &nbsp;A ja &#8211; p\u0119dz\u0119 ju\u017c do Chorych. Oko\u0142o trzydzie\u015bci os\u00f3b. Wam za\u015b, Kochani &#8211; id\u0105c za g\u0142osem Marka &#8211; przypominam: dzi\u015b pierwszy pi\u0105tek miesi\u0105ca. I Wielki Post&#8230; I Droga Krzy\u017cowa&#8230; &nbsp; &nbsp; &nbsp; &nbsp; &nbsp; Gaudium et spes! &nbsp;Ks. [&hellip;]\" \/>\n<meta property=\"og:url\" content=\"https:\/\/gaudiumetspes-blog.pl\/index.php\/2012\/03\/02\/rozwoj-albo-regres\/\" \/>\n<meta property=\"og:site_name\" content=\"Gaudium Et Spes\" \/>\n<meta property=\"article:published_time\" content=\"2012-03-02T07:27:00+00:00\" \/>\n<meta property=\"article:modified_time\" content=\"2019-07-31T10:53:02+00:00\" \/>\n<meta name=\"author\" content=\"Ks. Jacek\" \/>\n<meta name=\"twitter:card\" content=\"summary_large_image\" \/>\n<meta name=\"twitter:label1\" content=\"Napisane przez\" \/>\n\t<meta name=\"twitter:data1\" content=\"Ks. Jacek\" \/>\n\t<meta name=\"twitter:label2\" content=\"Szacowany czas czytania\" \/>\n\t<meta name=\"twitter:data2\" content=\"5 minut\" \/>\n<script type=\"application\/ld+json\" class=\"yoast-schema-graph\">{\"@context\":\"https:\/\/schema.org\",\"@graph\":[{\"@type\":\"WebPage\",\"@id\":\"https:\/\/gaudiumetspes-blog.pl\/index.php\/2012\/03\/02\/rozwoj-albo-regres\/\",\"url\":\"https:\/\/gaudiumetspes-blog.pl\/index.php\/2012\/03\/02\/rozwoj-albo-regres\/\",\"name\":\"Rozw\u00f3j - albo regres! - Gaudium Et Spes\",\"isPartOf\":{\"@id\":\"https:\/\/gaudiumetspes-blog.pl\/#website\"},\"datePublished\":\"2012-03-02T07:27:00+00:00\",\"dateModified\":\"2019-07-31T10:53:02+00:00\",\"author\":{\"@id\":\"https:\/\/gaudiumetspes-blog.pl\/#\/schema\/person\/1661982992b752dea8dff0d4ed845a65\"},\"breadcrumb\":{\"@id\":\"https:\/\/gaudiumetspes-blog.pl\/index.php\/2012\/03\/02\/rozwoj-albo-regres\/#breadcrumb\"},\"inLanguage\":\"pl-PL\",\"potentialAction\":[{\"@type\":\"ReadAction\",\"target\":[\"https:\/\/gaudiumetspes-blog.pl\/index.php\/2012\/03\/02\/rozwoj-albo-regres\/\"]}]},{\"@type\":\"BreadcrumbList\",\"@id\":\"https:\/\/gaudiumetspes-blog.pl\/index.php\/2012\/03\/02\/rozwoj-albo-regres\/#breadcrumb\",\"itemListElement\":[{\"@type\":\"ListItem\",\"position\":1,\"name\":\"Strona g\u0142\u00f3wna\",\"item\":\"https:\/\/gaudiumetspes-blog.pl\/\"},{\"@type\":\"ListItem\",\"position\":2,\"name\":\"Rozw\u00f3j &#8211; albo&nbsp;regres!\"}]},{\"@type\":\"WebSite\",\"@id\":\"https:\/\/gaudiumetspes-blog.pl\/#website\",\"url\":\"https:\/\/gaudiumetspes-blog.pl\/\",\"name\":\"Gaudium Et Spes\",\"description\":\"Blog Ks. Jacka Ja\u015bkowskiego\",\"potentialAction\":[{\"@type\":\"SearchAction\",\"target\":{\"@type\":\"EntryPoint\",\"urlTemplate\":\"https:\/\/gaudiumetspes-blog.pl\/?s={search_term_string}\"},\"query-input\":{\"@type\":\"PropertyValueSpecification\",\"valueRequired\":true,\"valueName\":\"search_term_string\"}}],\"inLanguage\":\"pl-PL\"},{\"@type\":\"Person\",\"@id\":\"https:\/\/gaudiumetspes-blog.pl\/#\/schema\/person\/1661982992b752dea8dff0d4ed845a65\",\"name\":\"Ks. Jacek\",\"image\":{\"@type\":\"ImageObject\",\"inLanguage\":\"pl-PL\",\"@id\":\"https:\/\/gaudiumetspes-blog.pl\/#\/schema\/person\/image\/\",\"url\":\"https:\/\/gaudiumetspes-blog.pl\/wp-content\/uploads\/2019\/07\/avatar-JJ-150x150.jpg\",\"contentUrl\":\"https:\/\/gaudiumetspes-blog.pl\/wp-content\/uploads\/2019\/07\/avatar-JJ-150x150.jpg\",\"caption\":\"Ks. Jacek\"},\"description\":\"Witam serdecznie! K\u0142ania si\u0119 Ks. Jacek Ja\u015bkowski. Nie jestem ani kim\u015b wa\u017cnym, ani kim\u015b znanym. Jestem ksi\u0119dzem, kt\u00f3ry po prostu chce rozmawia\u0107. Codzienna kap\u0142a\u0144ska pos\u0142uga pokazuje mi, \u017ce temat\u00f3w do rozm\u00f3w z ksi\u0119dzem jest coraz wi\u0119cej i dzisiaj \u017caden ksi\u0105dz nie mo\u017ce od nich ucieka\u0107, ale - wprost przeciwnie - podejmowa\u0107 nowe wyzwania. To przekonanie sk\u0142oni\u0142o mnie do pr\u00f3by otwarcia tego\u017c bloga, chocia\u017c okazji do rozm\u00f3w na co dzie\u0144 - w konfesjonale i poza nim - na szcz\u0119\u015bcie nie brakuje. My\u015bl\u0119 jednak, \u017ce ten blog b\u0119dzie jeszcze jednym sposobem i przestrzeni\u0105 nawi\u0105zania kontaktu z lud\u017ami dobrej woli, otwartymi na dialog.\",\"url\":\"https:\/\/gaudiumetspes-blog.pl\/index.php\/author\/ks-jacek\/\"}]}<\/script>\n<!-- \/ Yoast SEO plugin. -->","yoast_head_json":{"title":"Rozw\u00f3j - albo regres! - Gaudium Et Spes","robots":{"index":"index","follow":"follow","max-snippet":"max-snippet:-1","max-image-preview":"max-image-preview:large","max-video-preview":"max-video-preview:-1"},"canonical":"https:\/\/gaudiumetspes-blog.pl\/index.php\/2012\/03\/02\/rozwoj-albo-regres\/","og_locale":"pl_PL","og_type":"article","og_title":"Rozw\u00f3j - albo regres! - Gaudium Et Spes","og_description":"Szcz\u0119\u015b\u0107 Bo\u017ce! Dzisiaj we wpisie Ksi\u0119dza Marka kr\u00f3tki poradnik duchowej pracy nad sob\u0105. Bardzo polecam. &nbsp; &nbsp;A ja &#8211; p\u0119dz\u0119 ju\u017c do Chorych. Oko\u0142o trzydzie\u015bci os\u00f3b. Wam za\u015b, Kochani &#8211; id\u0105c za g\u0142osem Marka &#8211; przypominam: dzi\u015b pierwszy pi\u0105tek miesi\u0105ca. I Wielki Post&#8230; I Droga Krzy\u017cowa&#8230; &nbsp; &nbsp; &nbsp; &nbsp; &nbsp; Gaudium et spes! &nbsp;Ks. [&hellip;]","og_url":"https:\/\/gaudiumetspes-blog.pl\/index.php\/2012\/03\/02\/rozwoj-albo-regres\/","og_site_name":"Gaudium Et Spes","article_published_time":"2012-03-02T07:27:00+00:00","article_modified_time":"2019-07-31T10:53:02+00:00","author":"Ks. Jacek","twitter_card":"summary_large_image","twitter_misc":{"Napisane przez":"Ks. Jacek","Szacowany czas czytania":"5 minut"},"schema":{"@context":"https:\/\/schema.org","@graph":[{"@type":"WebPage","@id":"https:\/\/gaudiumetspes-blog.pl\/index.php\/2012\/03\/02\/rozwoj-albo-regres\/","url":"https:\/\/gaudiumetspes-blog.pl\/index.php\/2012\/03\/02\/rozwoj-albo-regres\/","name":"Rozw\u00f3j - albo regres! - Gaudium Et Spes","isPartOf":{"@id":"https:\/\/gaudiumetspes-blog.pl\/#website"},"datePublished":"2012-03-02T07:27:00+00:00","dateModified":"2019-07-31T10:53:02+00:00","author":{"@id":"https:\/\/gaudiumetspes-blog.pl\/#\/schema\/person\/1661982992b752dea8dff0d4ed845a65"},"breadcrumb":{"@id":"https:\/\/gaudiumetspes-blog.pl\/index.php\/2012\/03\/02\/rozwoj-albo-regres\/#breadcrumb"},"inLanguage":"pl-PL","potentialAction":[{"@type":"ReadAction","target":["https:\/\/gaudiumetspes-blog.pl\/index.php\/2012\/03\/02\/rozwoj-albo-regres\/"]}]},{"@type":"BreadcrumbList","@id":"https:\/\/gaudiumetspes-blog.pl\/index.php\/2012\/03\/02\/rozwoj-albo-regres\/#breadcrumb","itemListElement":[{"@type":"ListItem","position":1,"name":"Strona g\u0142\u00f3wna","item":"https:\/\/gaudiumetspes-blog.pl\/"},{"@type":"ListItem","position":2,"name":"Rozw\u00f3j &#8211; albo&nbsp;regres!"}]},{"@type":"WebSite","@id":"https:\/\/gaudiumetspes-blog.pl\/#website","url":"https:\/\/gaudiumetspes-blog.pl\/","name":"Gaudium Et Spes","description":"Blog Ks. Jacka Ja\u015bkowskiego","potentialAction":[{"@type":"SearchAction","target":{"@type":"EntryPoint","urlTemplate":"https:\/\/gaudiumetspes-blog.pl\/?s={search_term_string}"},"query-input":{"@type":"PropertyValueSpecification","valueRequired":true,"valueName":"search_term_string"}}],"inLanguage":"pl-PL"},{"@type":"Person","@id":"https:\/\/gaudiumetspes-blog.pl\/#\/schema\/person\/1661982992b752dea8dff0d4ed845a65","name":"Ks. Jacek","image":{"@type":"ImageObject","inLanguage":"pl-PL","@id":"https:\/\/gaudiumetspes-blog.pl\/#\/schema\/person\/image\/","url":"https:\/\/gaudiumetspes-blog.pl\/wp-content\/uploads\/2019\/07\/avatar-JJ-150x150.jpg","contentUrl":"https:\/\/gaudiumetspes-blog.pl\/wp-content\/uploads\/2019\/07\/avatar-JJ-150x150.jpg","caption":"Ks. Jacek"},"description":"Witam serdecznie! K\u0142ania si\u0119 Ks. Jacek Ja\u015bkowski. Nie jestem ani kim\u015b wa\u017cnym, ani kim\u015b znanym. Jestem ksi\u0119dzem, kt\u00f3ry po prostu chce rozmawia\u0107. Codzienna kap\u0142a\u0144ska pos\u0142uga pokazuje mi, \u017ce temat\u00f3w do rozm\u00f3w z ksi\u0119dzem jest coraz wi\u0119cej i dzisiaj \u017caden ksi\u0105dz nie mo\u017ce od nich ucieka\u0107, ale - wprost przeciwnie - podejmowa\u0107 nowe wyzwania. To przekonanie sk\u0142oni\u0142o mnie do pr\u00f3by otwarcia tego\u017c bloga, chocia\u017c okazji do rozm\u00f3w na co dzie\u0144 - w konfesjonale i poza nim - na szcz\u0119\u015bcie nie brakuje. My\u015bl\u0119 jednak, \u017ce ten blog b\u0119dzie jeszcze jednym sposobem i przestrzeni\u0105 nawi\u0105zania kontaktu z lud\u017ami dobrej woli, otwartymi na dialog.","url":"https:\/\/gaudiumetspes-blog.pl\/index.php\/author\/ks-jacek\/"}]}},"jetpack_featured_media_url":"","jetpack_sharing_enabled":true,"_links":{"self":[{"href":"https:\/\/gaudiumetspes-blog.pl\/index.php\/wp-json\/wp\/v2\/posts\/9563","targetHints":{"allow":["GET"]}}],"collection":[{"href":"https:\/\/gaudiumetspes-blog.pl\/index.php\/wp-json\/wp\/v2\/posts"}],"about":[{"href":"https:\/\/gaudiumetspes-blog.pl\/index.php\/wp-json\/wp\/v2\/types\/post"}],"author":[{"embeddable":true,"href":"https:\/\/gaudiumetspes-blog.pl\/index.php\/wp-json\/wp\/v2\/users\/1"}],"replies":[{"embeddable":true,"href":"https:\/\/gaudiumetspes-blog.pl\/index.php\/wp-json\/wp\/v2\/comments?post=9563"}],"version-history":[{"count":1,"href":"https:\/\/gaudiumetspes-blog.pl\/index.php\/wp-json\/wp\/v2\/posts\/9563\/revisions"}],"predecessor-version":[{"id":10520,"href":"https:\/\/gaudiumetspes-blog.pl\/index.php\/wp-json\/wp\/v2\/posts\/9563\/revisions\/10520"}],"wp:attachment":[{"href":"https:\/\/gaudiumetspes-blog.pl\/index.php\/wp-json\/wp\/v2\/media?parent=9563"}],"wp:term":[{"taxonomy":"category","embeddable":true,"href":"https:\/\/gaudiumetspes-blog.pl\/index.php\/wp-json\/wp\/v2\/categories?post=9563"},{"taxonomy":"post_tag","embeddable":true,"href":"https:\/\/gaudiumetspes-blog.pl\/index.php\/wp-json\/wp\/v2\/tags?post=9563"}],"curies":[{"name":"wp","href":"https:\/\/api.w.org\/{rel}","templated":true}]}}