{"id":9567,"date":"2012-02-27T05:55:00","date_gmt":"2012-02-27T04:55:00","guid":{"rendered":"https:\/\/gaudiumetspes-blog.pl\/index.php\/2012\/02\/27\/badzcie-swietymi-bo-ja-jestem-swiety-2\/"},"modified":"2019-07-31T12:53:02","modified_gmt":"2019-07-31T10:53:02","slug":"badzcie-swietymi-bo-ja-jestem-swiety-2","status":"publish","type":"post","link":"https:\/\/gaudiumetspes-blog.pl\/index.php\/2012\/02\/27\/badzcie-swietymi-bo-ja-jestem-swiety-2\/","title":{"rendered":"B\u0105d\u017acie \u015bwi\u0119tymi &#8211; bo Ja jestem \u015bwi\u0119ty!"},"content":{"rendered":"<p><\/p>\n<div class=\"MsoNormal\" style=\"text-align: justify;\">\nSzcz\u0119\u015b\u0107 Bo\u017ce! Bardzo dzi\u0119kuj\u0119 za wczorajsze wypowiedzi na temat Wielkiego Postu. Na razie, tylko tyle. Potem napisz\u0119 wi\u0119cej. Teraz za\u015b dorzucam jeszcze jeden klocek do uk\u0142adanki zatytu\u0142owanej &#8222;Wielki Post&#8221;, a jest to refleksja wynikaj\u0105ca z dzisiejszego S\u0142owa&#8230;&nbsp;<\/div>\n<div class=\"MsoNormal\" style=\"text-align: justify;\">\n&nbsp; &nbsp; Umowa z Syberi\u0105 b\u0119dzie reaktywowana w dniach nast\u0119pnych, a teraz prosz\u0119, aby\u015bmy towarzyszyli Ksi\u0119dzu Markowi w jego podr\u00f3\u017cy powrotnej do Tomska.<\/div>\n<div class=\"MsoNormal\" style=\"text-align: justify;\">\n&nbsp; &nbsp;Przypominam o Wielkiej Ksi\u0119dze Intencji. Zagl\u0105dajmy tam, m\u00f3dlmy si\u0119 &#8211; i zg\u0142aszajmy nowe intencje!<\/div>\n<div class=\"MsoNormal\" style=\"text-align: justify;\">\n&nbsp; &nbsp; &nbsp; &nbsp; &nbsp;Gaudium et spes! &nbsp;Ks. Jacek<\/div>\n<div class=\"MsoNormal\" style=\"text-align: justify;\">\n<b><br \/><\/b><\/div>\n<div class=\"MsoNormal\" style=\"text-align: justify;\">\n<b>Poniedzia\u0142ek<br \/>\n1 tygodnia Wielkiego Postu,<\/b><\/div>\n<div class=\"MsoNormal\" style=\"text-align: justify;\">\n<b>do<br \/>\nczyta\u0144:&nbsp; Kp\u0142 19,1\u20132.11\u201318;&nbsp; Mt 25,31\u201346<\/b><\/div>\n<div class=\"MsoNormal\" style=\"text-align: justify;\">\n<\/div>\n<div class=\"MsoNormal\" style=\"text-align: justify; text-indent: 35.4pt;\">\nGdyby chcie\u0107 stre\u015bci\u0107<br \/>\ndzisiejsz\u0105 Liturgi\u0119 S\u0142owa jakim\u015b jednym zdaniem, wskazuj\u0105c jednocze\u015bnie na<br \/>\ng\u0142\u00f3wn\u0105 ich my\u015bl, to zapewne mo\u017cna by si\u0119 pos\u0142u\u017cy\u0107 zdaniem, zapisanym na<br \/>\npocz\u0105tku pierwszego czytania: <b><i>B\u0105d\u017acie \u015bwi\u0119tymi, bo Ja jestem \u015bwi\u0119ty, Pan,<br \/>\nB\u00f3g wasz.<\/i><\/b> Ot\u00f3\u017c, w\u0142a\u015bnie! <b>B\u0105d\u017acie<br \/>\n\u015bwi\u0119tymi<\/b> \u2013 nie dla innego powodu, jak w\u0142a\u015bnie tego, \u017ce <b>to B\u00f3g jest \u015bwi\u0119ty i daje wam wz\u00f3r, a wy macie do Niego r\u00f3wna\u0107.<\/b> Do<br \/>\nNiego, a nie do kogo\u015b innego\u2026 <\/div>\n<div class=\"MsoNormal\" style=\"text-align: justify; text-indent: 35.4pt;\">\nKochani, nam nieraz jest<br \/>\n\u0142atwiej \u2013 m\u00f3wi\u0105c kolokwialnie \u2013 <b>r\u00f3wna\u0107 w<br \/>\nd\u00f3\u0142\u2026 A tu trzeba do g\u00f3ry!<\/b> <\/div>\n<div class=\"MsoNormal\" style=\"text-align: justify; text-indent: 35.4pt;\">\n<b><i>B\u0105d\u017acie \u015bwi\u0119tymi, bo Ja<br \/>\njestem \u015bwi\u0119ty, Pan, B\u00f3g wasz.<\/i><\/b> Jak jednak mamy t\u0119 \u015bwi\u0119to\u015b\u0107 osi\u0105ga\u0107? Jak mamy r\u00f3wna\u0107<br \/>\ndo poziomu Boga? A, tutaj zaskoczenie\u2026 Okazuje si\u0119 bowiem, \u017ce <b>poprzez zwyczajne uczynki w zwyczajnej<br \/>\ncodzienno\u015bci.<\/b> I wynika to zar\u00f3wno z pierwszego, jak i drugiego czytania. <\/div>\n<div class=\"MsoNormal\" style=\"text-align: justify; text-indent: 35.4pt;\">\nW pierwszym, z Ksi\u0119gi Kap\u0142a\u0144skiej,<br \/>\nodnajdujemy katalog <b>bardzo konkretnych zakaz\u00f3w<br \/>\ni nakaz\u00f3w,<\/b> dotycz\u0105cych relacji mi\u0119dzyludzkich, a wi\u0119c zakaz k\u0142amstwa,<br \/>\nkrzywoprzysi\u0119stwa, wyzysku i lichwy, niesprawiedliwo\u015bci i nienawi\u015bci, czy te\u017c<br \/>\nnakaz boja\u017ani Bo\u017cej oraz sprawiedliwo\u015bci w s\u0105dzeniu\u2026 <b>Jak\u017ce to bardzo jasne i konkretne pouczenie! <\/b><\/div>\n<div class=\"MsoNormal\" style=\"text-align: justify; text-indent: 35.4pt;\">\nA w Ewangelii jeszcze<br \/>\ndobitniej jest to podkre\u015blone poprzez ukazanie znanej nam wszystkim bardzo<br \/>\ndobrze <b>sceny S\u0105du Ostatecznego,<\/b> w<br \/>\nczasie kt\u00f3rego ma si\u0119 dokona\u0107 oddzielenie owiec od koz\u0142\u00f3w. A s\u0142owa, jakie w<br \/>\njego trakcie padn\u0105, b\u0119d\u0105 wr\u0119cz pora\u017caj\u0105ce: <b><i>by\u0142em g\u0142odny, a dali\u015bcie Mi je\u015b\u0107<\/i><\/b>\u2026 <b><i>By\u0142em<br \/>\nspragniony, a nie dali\u015bcie mi pi\u0107<\/i><\/b>\u2026 Dali\u015bcie \u2013 nie dali\u015bcie \u2013 <b>Mi<\/b>\u2026 <b>Mi \u2013 Jezusowi!<\/b> Nie \u017conie, m\u0119\u017cowi, dziecku, bratu, siostrze,<br \/>\ns\u0105siadowi, kole\u017cance z pracy, przygodnie spotkanemu cz\u0142owiekowi, ale <b>Mi \u2013 Jezusowi<\/b>\u2026 <\/div>\n<div class=\"MsoNormal\" style=\"text-align: justify; text-indent: 35.4pt;\">\nJezus bowiem uto\u017csamia si\u0119<br \/>\nz ka\u017cdym cz\u0142owiekiem i poprzez drugiego cz\u0142owieka sam staje si\u0119 <b>Adresatem naszych dobrych, ale i tych<br \/>\nniedobrych uczynk\u00f3w.<\/b> Przeto recepta na \u015bwi\u0119to\u015b\u0107, a jednocze\u015bnie spos\u00f3b na<br \/>\nzrealizowanie wezwania Bo\u017cego z dzisiejszego pierwszego czytania, wydaje si\u0119<br \/>\njasny i prosty: <b>dobre uczynki,<\/b> <b>czynione w codzienno\u015bci, ze wzgl\u0119du na<br \/>\nJezusa!<\/b> Jasne i proste. Nic doda\u0107, nic uj\u0105\u0107. <\/div>\n<div class=\"MsoNormal\" style=\"text-align: justify; text-indent: 35.4pt;\">\nTylko \u017ceby jeszcze <b>w \u017cyciu by\u0142o to tak prosto wykona\u0107, jak<br \/>\nprosto jest to powiedzie\u0107<\/b>\u2026 \u017beby tak \u0142atwiej by\u0142o wykonywa\u0107 te dobre<br \/>\nuczynki, nie trac\u0105c zbyt szybko cierpliwo\u015bci\u2026 I \u017ceby tak \u0142atwiej by\u0142o<br \/>\ndostrzega\u0107 oblicze Jezusa w drugim cz\u0142owieku, zw\u0142aszcza w tym trudnym,<br \/>\nuci\u0105\u017cliwym\u2026 <b>Jak\u017ce to wszystko jednak nie<br \/>\njest takie proste<\/b>\u2026 <\/div>\n<div class=\"MsoNormal\" style=\"text-align: justify; text-indent: 35.4pt;\">\nNo, c\u00f3\u017c! <b>Mamy zatem nad czym pracowa\u0107 w czasie tego<br \/>\nWielkiego Postu<\/b>\u2026<\/div>\n<div class=\"MsoNormal\" style=\"text-align: justify; text-indent: 35.4pt;\">\nPomy\u015blmy w tym kontek\u015bcie:<\/div>\n<div class=\"MsoNormal\" style=\"margin-left: 36.0pt; mso-list: l0 level1 lfo1; tab-stops: list 36.0pt; text-align: justify; text-indent: -18.0pt;\">\n\u00b7&nbsp;&nbsp;&nbsp;&nbsp;&nbsp;&nbsp;&nbsp;<br \/>\nJak<br \/>\nja rozumiem \u015bwi\u0119to\u015b\u0107?<\/div>\n<div class=\"MsoNormal\" style=\"margin-left: 36.0pt; mso-list: l0 level1 lfo1; tab-stops: list 36.0pt; text-align: justify; text-indent: -18.0pt;\">\n\u00b7&nbsp;&nbsp;&nbsp;&nbsp;&nbsp;&nbsp;&nbsp;<br \/>\nCzy<br \/>\nja naprawd\u0119 chc\u0119 by\u0107 \u015bwi\u0119tym?<\/div>\n<div class=\"MsoNormal\" style=\"margin-left: 36.0pt; mso-list: l0 level1 lfo1; tab-stops: list 36.0pt; text-align: justify; text-indent: -18.0pt;\">\n\u00b7&nbsp;&nbsp;&nbsp;&nbsp;&nbsp;&nbsp;&nbsp;<br \/>\nJak<br \/>\nkonkretnie staram si\u0119 to na co dzie\u0144 osi\u0105ga\u0107?<\/div>\n<div class=\"MsoNormal\" style=\"text-align: justify;\">\n<\/div>\n<div class=\"MsoNormal\" style=\"text-align: justify;\">\n<b><i>B\u0105d\u017acie \u015bwi\u0119tymi, bo Ja jestem \u015bwi\u0119ty, Pan, B\u00f3g<br \/>\nwasz<\/i><\/b>\u2026<\/div>\n","protected":false},"excerpt":{"rendered":"<p>Szcz\u0119\u015b\u0107 Bo\u017ce! Bardzo dzi\u0119kuj\u0119 za wczorajsze wypowiedzi na temat Wielkiego Postu. Na razie, tylko tyle. Potem napisz\u0119 wi\u0119cej. Teraz za\u015b dorzucam jeszcze jeden klocek do uk\u0142adanki zatytu\u0142owanej &#8222;Wielki Post&#8221;, a jest to refleksja wynikaj\u0105ca z dzisiejszego S\u0142owa&#8230;&nbsp; &nbsp; &nbsp; Umowa z Syberi\u0105 b\u0119dzie reaktywowana w dniach nast\u0119pnych, a teraz prosz\u0119, aby\u015bmy towarzyszyli Ksi\u0119dzu Markowi w [&hellip;]<\/p>\n","protected":false},"author":1,"featured_media":0,"comment_status":"open","ping_status":"open","sticky":false,"template":"","format":"standard","meta":{"jetpack_post_was_ever_published":false,"_jetpack_newsletter_access":"","_jetpack_dont_email_post_to_subs":false,"_jetpack_newsletter_tier_id":0,"_jetpack_memberships_contains_paywalled_content":false,"_jetpack_memberships_contains_paid_content":false,"footnotes":""},"categories":[1],"tags":[],"class_list":["post-9567","post","type-post","status-publish","format-standard","hentry","category-bez-kategorii"],"yoast_head":"<!-- This site is optimized with the Yoast SEO plugin v25.1 - https:\/\/yoast.com\/wordpress\/plugins\/seo\/ -->\n<title>B\u0105d\u017acie \u015bwi\u0119tymi - bo Ja jestem \u015bwi\u0119ty! - Gaudium Et Spes<\/title>\n<meta name=\"robots\" content=\"index, follow, max-snippet:-1, max-image-preview:large, max-video-preview:-1\" \/>\n<link rel=\"canonical\" href=\"https:\/\/gaudiumetspes-blog.pl\/index.php\/2012\/02\/27\/badzcie-swietymi-bo-ja-jestem-swiety-2\/\" \/>\n<meta property=\"og:locale\" content=\"pl_PL\" \/>\n<meta property=\"og:type\" content=\"article\" \/>\n<meta property=\"og:title\" content=\"B\u0105d\u017acie \u015bwi\u0119tymi - bo Ja jestem \u015bwi\u0119ty! - Gaudium Et Spes\" \/>\n<meta property=\"og:description\" content=\"Szcz\u0119\u015b\u0107 Bo\u017ce! Bardzo dzi\u0119kuj\u0119 za wczorajsze wypowiedzi na temat Wielkiego Postu. Na razie, tylko tyle. Potem napisz\u0119 wi\u0119cej. Teraz za\u015b dorzucam jeszcze jeden klocek do uk\u0142adanki zatytu\u0142owanej &#8222;Wielki Post&#8221;, a jest to refleksja wynikaj\u0105ca z dzisiejszego S\u0142owa&#8230;&nbsp; &nbsp; &nbsp; Umowa z Syberi\u0105 b\u0119dzie reaktywowana w dniach nast\u0119pnych, a teraz prosz\u0119, aby\u015bmy towarzyszyli Ksi\u0119dzu Markowi w [&hellip;]\" \/>\n<meta property=\"og:url\" content=\"https:\/\/gaudiumetspes-blog.pl\/index.php\/2012\/02\/27\/badzcie-swietymi-bo-ja-jestem-swiety-2\/\" \/>\n<meta property=\"og:site_name\" content=\"Gaudium Et Spes\" \/>\n<meta property=\"article:published_time\" content=\"2012-02-27T04:55:00+00:00\" \/>\n<meta property=\"article:modified_time\" content=\"2019-07-31T10:53:02+00:00\" \/>\n<meta name=\"author\" content=\"Ks. Jacek\" \/>\n<meta name=\"twitter:card\" content=\"summary_large_image\" \/>\n<meta name=\"twitter:label1\" content=\"Napisane przez\" \/>\n\t<meta name=\"twitter:data1\" content=\"Ks. Jacek\" \/>\n\t<meta name=\"twitter:label2\" content=\"Szacowany czas czytania\" \/>\n\t<meta name=\"twitter:data2\" content=\"3 minuty\" \/>\n<script type=\"application\/ld+json\" class=\"yoast-schema-graph\">{\"@context\":\"https:\/\/schema.org\",\"@graph\":[{\"@type\":\"WebPage\",\"@id\":\"https:\/\/gaudiumetspes-blog.pl\/index.php\/2012\/02\/27\/badzcie-swietymi-bo-ja-jestem-swiety-2\/\",\"url\":\"https:\/\/gaudiumetspes-blog.pl\/index.php\/2012\/02\/27\/badzcie-swietymi-bo-ja-jestem-swiety-2\/\",\"name\":\"B\u0105d\u017acie \u015bwi\u0119tymi - bo Ja jestem \u015bwi\u0119ty! - Gaudium Et Spes\",\"isPartOf\":{\"@id\":\"https:\/\/gaudiumetspes-blog.pl\/#website\"},\"datePublished\":\"2012-02-27T04:55:00+00:00\",\"dateModified\":\"2019-07-31T10:53:02+00:00\",\"author\":{\"@id\":\"https:\/\/gaudiumetspes-blog.pl\/#\/schema\/person\/1661982992b752dea8dff0d4ed845a65\"},\"breadcrumb\":{\"@id\":\"https:\/\/gaudiumetspes-blog.pl\/index.php\/2012\/02\/27\/badzcie-swietymi-bo-ja-jestem-swiety-2\/#breadcrumb\"},\"inLanguage\":\"pl-PL\",\"potentialAction\":[{\"@type\":\"ReadAction\",\"target\":[\"https:\/\/gaudiumetspes-blog.pl\/index.php\/2012\/02\/27\/badzcie-swietymi-bo-ja-jestem-swiety-2\/\"]}]},{\"@type\":\"BreadcrumbList\",\"@id\":\"https:\/\/gaudiumetspes-blog.pl\/index.php\/2012\/02\/27\/badzcie-swietymi-bo-ja-jestem-swiety-2\/#breadcrumb\",\"itemListElement\":[{\"@type\":\"ListItem\",\"position\":1,\"name\":\"Strona g\u0142\u00f3wna\",\"item\":\"https:\/\/gaudiumetspes-blog.pl\/\"},{\"@type\":\"ListItem\",\"position\":2,\"name\":\"B\u0105d\u017acie \u015bwi\u0119tymi &#8211; bo Ja jestem \u015bwi\u0119ty!\"}]},{\"@type\":\"WebSite\",\"@id\":\"https:\/\/gaudiumetspes-blog.pl\/#website\",\"url\":\"https:\/\/gaudiumetspes-blog.pl\/\",\"name\":\"Gaudium Et Spes\",\"description\":\"Blog Ks. Jacka Ja\u015bkowskiego\",\"potentialAction\":[{\"@type\":\"SearchAction\",\"target\":{\"@type\":\"EntryPoint\",\"urlTemplate\":\"https:\/\/gaudiumetspes-blog.pl\/?s={search_term_string}\"},\"query-input\":{\"@type\":\"PropertyValueSpecification\",\"valueRequired\":true,\"valueName\":\"search_term_string\"}}],\"inLanguage\":\"pl-PL\"},{\"@type\":\"Person\",\"@id\":\"https:\/\/gaudiumetspes-blog.pl\/#\/schema\/person\/1661982992b752dea8dff0d4ed845a65\",\"name\":\"Ks. Jacek\",\"image\":{\"@type\":\"ImageObject\",\"inLanguage\":\"pl-PL\",\"@id\":\"https:\/\/gaudiumetspes-blog.pl\/#\/schema\/person\/image\/\",\"url\":\"https:\/\/gaudiumetspes-blog.pl\/wp-content\/uploads\/2019\/07\/avatar-JJ-150x150.jpg\",\"contentUrl\":\"https:\/\/gaudiumetspes-blog.pl\/wp-content\/uploads\/2019\/07\/avatar-JJ-150x150.jpg\",\"caption\":\"Ks. Jacek\"},\"description\":\"Witam serdecznie! K\u0142ania si\u0119 Ks. Jacek Ja\u015bkowski. Nie jestem ani kim\u015b wa\u017cnym, ani kim\u015b znanym. Jestem ksi\u0119dzem, kt\u00f3ry po prostu chce rozmawia\u0107. Codzienna kap\u0142a\u0144ska pos\u0142uga pokazuje mi, \u017ce temat\u00f3w do rozm\u00f3w z ksi\u0119dzem jest coraz wi\u0119cej i dzisiaj \u017caden ksi\u0105dz nie mo\u017ce od nich ucieka\u0107, ale - wprost przeciwnie - podejmowa\u0107 nowe wyzwania. To przekonanie sk\u0142oni\u0142o mnie do pr\u00f3by otwarcia tego\u017c bloga, chocia\u017c okazji do rozm\u00f3w na co dzie\u0144 - w konfesjonale i poza nim - na szcz\u0119\u015bcie nie brakuje. My\u015bl\u0119 jednak, \u017ce ten blog b\u0119dzie jeszcze jednym sposobem i przestrzeni\u0105 nawi\u0105zania kontaktu z lud\u017ami dobrej woli, otwartymi na dialog.\",\"url\":\"https:\/\/gaudiumetspes-blog.pl\/index.php\/author\/ks-jacek\/\"}]}<\/script>\n<!-- \/ Yoast SEO plugin. -->","yoast_head_json":{"title":"B\u0105d\u017acie \u015bwi\u0119tymi - bo Ja jestem \u015bwi\u0119ty! - Gaudium Et Spes","robots":{"index":"index","follow":"follow","max-snippet":"max-snippet:-1","max-image-preview":"max-image-preview:large","max-video-preview":"max-video-preview:-1"},"canonical":"https:\/\/gaudiumetspes-blog.pl\/index.php\/2012\/02\/27\/badzcie-swietymi-bo-ja-jestem-swiety-2\/","og_locale":"pl_PL","og_type":"article","og_title":"B\u0105d\u017acie \u015bwi\u0119tymi - bo Ja jestem \u015bwi\u0119ty! - Gaudium Et Spes","og_description":"Szcz\u0119\u015b\u0107 Bo\u017ce! Bardzo dzi\u0119kuj\u0119 za wczorajsze wypowiedzi na temat Wielkiego Postu. Na razie, tylko tyle. Potem napisz\u0119 wi\u0119cej. Teraz za\u015b dorzucam jeszcze jeden klocek do uk\u0142adanki zatytu\u0142owanej &#8222;Wielki Post&#8221;, a jest to refleksja wynikaj\u0105ca z dzisiejszego S\u0142owa&#8230;&nbsp; &nbsp; &nbsp; Umowa z Syberi\u0105 b\u0119dzie reaktywowana w dniach nast\u0119pnych, a teraz prosz\u0119, aby\u015bmy towarzyszyli Ksi\u0119dzu Markowi w [&hellip;]","og_url":"https:\/\/gaudiumetspes-blog.pl\/index.php\/2012\/02\/27\/badzcie-swietymi-bo-ja-jestem-swiety-2\/","og_site_name":"Gaudium Et Spes","article_published_time":"2012-02-27T04:55:00+00:00","article_modified_time":"2019-07-31T10:53:02+00:00","author":"Ks. Jacek","twitter_card":"summary_large_image","twitter_misc":{"Napisane przez":"Ks. Jacek","Szacowany czas czytania":"3 minuty"},"schema":{"@context":"https:\/\/schema.org","@graph":[{"@type":"WebPage","@id":"https:\/\/gaudiumetspes-blog.pl\/index.php\/2012\/02\/27\/badzcie-swietymi-bo-ja-jestem-swiety-2\/","url":"https:\/\/gaudiumetspes-blog.pl\/index.php\/2012\/02\/27\/badzcie-swietymi-bo-ja-jestem-swiety-2\/","name":"B\u0105d\u017acie \u015bwi\u0119tymi - bo Ja jestem \u015bwi\u0119ty! - Gaudium Et Spes","isPartOf":{"@id":"https:\/\/gaudiumetspes-blog.pl\/#website"},"datePublished":"2012-02-27T04:55:00+00:00","dateModified":"2019-07-31T10:53:02+00:00","author":{"@id":"https:\/\/gaudiumetspes-blog.pl\/#\/schema\/person\/1661982992b752dea8dff0d4ed845a65"},"breadcrumb":{"@id":"https:\/\/gaudiumetspes-blog.pl\/index.php\/2012\/02\/27\/badzcie-swietymi-bo-ja-jestem-swiety-2\/#breadcrumb"},"inLanguage":"pl-PL","potentialAction":[{"@type":"ReadAction","target":["https:\/\/gaudiumetspes-blog.pl\/index.php\/2012\/02\/27\/badzcie-swietymi-bo-ja-jestem-swiety-2\/"]}]},{"@type":"BreadcrumbList","@id":"https:\/\/gaudiumetspes-blog.pl\/index.php\/2012\/02\/27\/badzcie-swietymi-bo-ja-jestem-swiety-2\/#breadcrumb","itemListElement":[{"@type":"ListItem","position":1,"name":"Strona g\u0142\u00f3wna","item":"https:\/\/gaudiumetspes-blog.pl\/"},{"@type":"ListItem","position":2,"name":"B\u0105d\u017acie \u015bwi\u0119tymi &#8211; bo Ja jestem \u015bwi\u0119ty!"}]},{"@type":"WebSite","@id":"https:\/\/gaudiumetspes-blog.pl\/#website","url":"https:\/\/gaudiumetspes-blog.pl\/","name":"Gaudium Et Spes","description":"Blog Ks. Jacka Ja\u015bkowskiego","potentialAction":[{"@type":"SearchAction","target":{"@type":"EntryPoint","urlTemplate":"https:\/\/gaudiumetspes-blog.pl\/?s={search_term_string}"},"query-input":{"@type":"PropertyValueSpecification","valueRequired":true,"valueName":"search_term_string"}}],"inLanguage":"pl-PL"},{"@type":"Person","@id":"https:\/\/gaudiumetspes-blog.pl\/#\/schema\/person\/1661982992b752dea8dff0d4ed845a65","name":"Ks. Jacek","image":{"@type":"ImageObject","inLanguage":"pl-PL","@id":"https:\/\/gaudiumetspes-blog.pl\/#\/schema\/person\/image\/","url":"https:\/\/gaudiumetspes-blog.pl\/wp-content\/uploads\/2019\/07\/avatar-JJ-150x150.jpg","contentUrl":"https:\/\/gaudiumetspes-blog.pl\/wp-content\/uploads\/2019\/07\/avatar-JJ-150x150.jpg","caption":"Ks. Jacek"},"description":"Witam serdecznie! K\u0142ania si\u0119 Ks. Jacek Ja\u015bkowski. Nie jestem ani kim\u015b wa\u017cnym, ani kim\u015b znanym. Jestem ksi\u0119dzem, kt\u00f3ry po prostu chce rozmawia\u0107. Codzienna kap\u0142a\u0144ska pos\u0142uga pokazuje mi, \u017ce temat\u00f3w do rozm\u00f3w z ksi\u0119dzem jest coraz wi\u0119cej i dzisiaj \u017caden ksi\u0105dz nie mo\u017ce od nich ucieka\u0107, ale - wprost przeciwnie - podejmowa\u0107 nowe wyzwania. To przekonanie sk\u0142oni\u0142o mnie do pr\u00f3by otwarcia tego\u017c bloga, chocia\u017c okazji do rozm\u00f3w na co dzie\u0144 - w konfesjonale i poza nim - na szcz\u0119\u015bcie nie brakuje. My\u015bl\u0119 jednak, \u017ce ten blog b\u0119dzie jeszcze jednym sposobem i przestrzeni\u0105 nawi\u0105zania kontaktu z lud\u017ami dobrej woli, otwartymi na dialog.","url":"https:\/\/gaudiumetspes-blog.pl\/index.php\/author\/ks-jacek\/"}]}},"jetpack_featured_media_url":"","jetpack_sharing_enabled":true,"_links":{"self":[{"href":"https:\/\/gaudiumetspes-blog.pl\/index.php\/wp-json\/wp\/v2\/posts\/9567","targetHints":{"allow":["GET"]}}],"collection":[{"href":"https:\/\/gaudiumetspes-blog.pl\/index.php\/wp-json\/wp\/v2\/posts"}],"about":[{"href":"https:\/\/gaudiumetspes-blog.pl\/index.php\/wp-json\/wp\/v2\/types\/post"}],"author":[{"embeddable":true,"href":"https:\/\/gaudiumetspes-blog.pl\/index.php\/wp-json\/wp\/v2\/users\/1"}],"replies":[{"embeddable":true,"href":"https:\/\/gaudiumetspes-blog.pl\/index.php\/wp-json\/wp\/v2\/comments?post=9567"}],"version-history":[{"count":1,"href":"https:\/\/gaudiumetspes-blog.pl\/index.php\/wp-json\/wp\/v2\/posts\/9567\/revisions"}],"predecessor-version":[{"id":10516,"href":"https:\/\/gaudiumetspes-blog.pl\/index.php\/wp-json\/wp\/v2\/posts\/9567\/revisions\/10516"}],"wp:attachment":[{"href":"https:\/\/gaudiumetspes-blog.pl\/index.php\/wp-json\/wp\/v2\/media?parent=9567"}],"wp:term":[{"taxonomy":"category","embeddable":true,"href":"https:\/\/gaudiumetspes-blog.pl\/index.php\/wp-json\/wp\/v2\/categories?post=9567"},{"taxonomy":"post_tag","embeddable":true,"href":"https:\/\/gaudiumetspes-blog.pl\/index.php\/wp-json\/wp\/v2\/tags?post=9567"}],"curies":[{"name":"wp","href":"https:\/\/api.w.org\/{rel}","templated":true}]}}