{"id":9580,"date":"2012-02-14T07:32:00","date_gmt":"2012-02-14T06:32:00","guid":{"rendered":"https:\/\/gaudiumetspes-blog.pl\/index.php\/2012\/02\/14\/jakimi-apostoami-jezusa-jestesmy\/"},"modified":"2019-07-31T12:53:01","modified_gmt":"2019-07-31T10:53:01","slug":"jakimi-apostoami-jezusa-jestesmy","status":"publish","type":"post","link":"https:\/\/gaudiumetspes-blog.pl\/index.php\/2012\/02\/14\/jakimi-apostoami-jezusa-jestesmy\/","title":{"rendered":"Jakimi aposto\u0142ami Jezusa jeste\u015bmy?&#8230;"},"content":{"rendered":"<p><\/p>\n<div class=\"MsoNormal\" style=\"text-align: justify;\">\nSzcz\u0119\u015b\u0107 Bo\u017ce! Dzisiaj znowu mam rado\u015b\u0107 i zaszczyt zaprosi\u0107 do rozwa\u017cenia &#8222;s\u0142\u00f3wka&#8221; z Syberii. Szczeg\u00f3lnie prosz\u0119 i zach\u0119cam, aby\u015bcie zechcieli odpowiedzie\u0107 na pytania, kt\u00f3re znajdziecie na ko\u0144cu&#8230; I prosz\u0119 te\u017c o modlitw\u0119 we wskazanej przez Ksi\u0119dza Marka intencji&#8230;<\/div>\n<div class=\"MsoNormal\" style=\"text-align: justify;\">\n&nbsp; &nbsp; &nbsp; &nbsp; &nbsp;Gaudium et spes! &nbsp;Ks. Jacek<\/div>\n<div class=\"MsoNormal\" style=\"text-align: justify;\">\n<\/div>\n<div class=\"MsoNormal\" style=\"text-align: justify;\">\nDzi\u015b, 14 lutego, je\u015bli w\u0142a\u015bciwie<br \/>\nspojrza\u0142em w kalendarz. Ten dzie\u0144 r\u00f3\u017cnym ludziom r\u00f3\u017cnie si\u0119 kojarzy.<br \/>\nNajbardziej popularne skojarzenie to tzw. <i>walentynki,<br \/>\n<\/i>pochodz\u0105ce rzekomo od \u015bw. Walentego. Potrudzi\u0142em si\u0119 wczoraj, \u017ceby poszuka\u0107<br \/>\no nim jakich\u015b informacji i\u2026 wygl\u0105da to dosy\u0107 ciekawie. Nawet na katolickich<br \/>\nportalach, w artyku\u0142ach pisanych przez ksi\u0119\u017cy i siostry zakonne mo\u017cemy<br \/>\nprzeczyta\u0107 \u2013 w jednym artykule, \u017ce jest to jeden \u015bwi\u0119ty, a w innym, \u017ce a\u017c<br \/>\ntrzech. Male\u0144ka r\u00f3\u017cnica. Bardzo ma\u0142o jest danych o nim (lub o nich). Tym<br \/>\nstwierdzeniem nie chc\u0119 odbiera\u0107 czci i chwa\u0142y temu \u015bwi\u0119temu, chc\u0119 tylko<br \/>\nbardziej po chrze\u015bcija\u0144sku spojrze\u0107 na <i>walentynki<\/i>.<br \/>\nTutaj w Rosji te\u017c to jest, nawet pani z telewizji przychodzi\u0142a czy nie b\u0119dziemy<br \/>\nczego\u015b organizowa\u0107 w tym dniu dla zakochanych, bo chcia\u0142aby zrobi\u0107 ciekawy<br \/>\nmateria\u0142. Je\u015bli by\u015bmy chcieli zrobi\u0107 sobie tani\u0105 reklam\u0119, to by\u015bmy mogli, ale<br \/>\nprzecie\u017c nie o to chodzi. <\/div>\n<div class=\"MsoNormal\" style=\"text-align: justify;\">\nTrzeba podkre\u015bli\u0107, \u017ce \u015bw. Walenty<br \/>\nto, przede wszystkim, patron ludzi chorych psychicznie, szczeg\u00f3lnie choruj\u0105cych<br \/>\nna r\u00f3\u017cnego rodzaju nerwice i epilepsj\u0119. Tych ludzi w zwi\u0105zku z tym wspomnieniem<br \/>\notaczamy trosk\u0105 modlitw\u0105 i szczerym szacunkiem. To bardzo ci\u0119\u017ckie choroby. <\/div>\n<div class=\"MsoNormal\" style=\"text-align: justify;\">\nJe\u015bli kto\u015b jednak upiera si\u0119 przy<br \/>\n\u015bwi\u0119cie zakochanych, to pragn\u0119 pozdrowi\u0107 z tej okazji wszystkich ma\u0142\u017conk\u00f3w. Co<br \/>\nto jest zakochanie?<\/div>\n<div class=\"MsoNormal\" style=\"text-align: justify;\">\nPami\u0119tam w Bia\u0142ej Podlaskiej, w<br \/>\nnaszej rodzinnej parafii, wyst\u0119powa\u0142 wraz z naszym parafialnym ch\u00f3rem, ch\u00f3r<br \/>\nPozna\u0144skie S\u0142owiki. Po koncercie, czy jeszcze w trakcie (nie pami\u0119tam) wyst\u0105pi\u0142<br \/>\ndyrygent \u2013 prof. Stefan Stuligrosz. By\u0142y to bodaj\u017ce jego 80 urodziny (mo\u017cliwe,<br \/>\n\u017ce co\u015b w tych szczeg\u00f3\u0142ach pl\u0105cz\u0119). Dobrze pami\u0119tam jedno, cho\u0107 by\u0142o to dobre<br \/>\nkilka lat temu \u2013 m\u00f3wi\u0142 on o swojej niedawno zmar\u0142ej \u017conie. M\u00f3wi\u0142, \u017ce prze\u017cyli<br \/>\nwiele lat w ma\u0142\u017ce\u0144stwie, \u017ce w ostatnich latach by\u0142a ju\u017c jak wrak cz\u0142owieka,<br \/>\nzmarszczki, choroba, cierpienie\u2026 I niesamowite by\u0142o to co on powiedzia\u0142 potem: Ale<br \/>\ndla mnie ona do ko\u0144ca by\u0142a najpi\u0119kniejsz\u0105 kobiet\u0105 na \u015bwiecie. \u2013 To jest<br \/>\nzakochanie!<\/div>\n<div class=\"MsoNormal\" style=\"text-align: justify;\">\nA dzi\u015b w kalendarzu liturgicznych<br \/>\nobchodzimy \u015bwi\u0119to innych zakochanych. Zakochanych nie w sobie, bo byli bra\u0107mi,<br \/>\nale zakochanych w Ko\u015bciele \u2013 Oblubienicy Chrystusa.<\/div>\n<div class=\"MsoNormal\" style=\"text-align: justify;\">\nSwoj\u0105 drog\u0105 to Ko\u015bci\u00f3\u0142 w polskim<br \/>\nj\u0119zyku troch\u0119 \u017ale si\u0119 nazywa. Po \u0142acinie to Ecclesia, po rosyjsku Cerkow, te<br \/>\nnazwy s\u0105 w rodzaju \u017ce\u0144skim, co bardziej ukazuje na Ko\u015bci\u00f3\u0142 jako na Oblubienic\u0119<br \/>\nChrystusa, ale to taki drobiazg. <\/div>\n<div class=\"MsoNormal\" style=\"text-align: justify;\">\nOczywi\u015bcie to patronowie Europy,<br \/>\nwraz ze \u015bw. Benedyktem \u2013 Cyryl i Metody. Ciekawe kto z Was czyta\u0142 kiedy\u015b<br \/>\nEncyklik\u0119 Jana Paw\u0142a II \u2013 Slavorum Apostoli. Ja sam nie wiem, czy j\u0105 kiedy\u015b<br \/>\nczyta\u0142em, ale chyba nie, nie pami\u0119tam. Przeczyta\u0142em j\u0105 wczoraj\/dzisiaj, i<br \/>\nbardzo j\u0105 polecam, niesamowite bogactwo tre\u015bci, pokazuj\u0105ce g\u0142\u0119bi\u0119 ich<br \/>\npos\u0142annictwa. <\/div>\n<div class=\"MsoNormal\" style=\"text-align: justify;\">\nZw\u0142aszcza bardzo mocno brzmi ta<br \/>\nencyklika, tutaj, w Rosji, gdzie bardzo mocno i bole\u015bnie odczuwa si\u0119 podzia\u0142<br \/>\nKo\u015bcio\u0142a. Oto fragmenty 13 punktu: <\/div>\n<div class=\"MsoNormal\" style=\"text-align: justify;\">\n\u201e(\u2026) Godny podziwu jest fakt, \u017ce<br \/>\n\u015bwi\u0119ci Bracia, dzia\u0142aj\u0105c w tak z\u0142o\u017conych i niepewnych warunkach, nie usi\u0142owali<br \/>\nnarzuci\u0107 ludom, kt\u00f3rym g\u0142osili Ewangeli\u0119, ani niew\u0105tpliwej wy\u017cszo\u015bci j\u0119zyka<br \/>\ngreckiego i kultury bizantyjskiej, ani zwyczaj\u00f3w czy sposobu post\u0119powania<br \/>\nspo\u0142ecze\u0144stwa bardziej rozwini\u0119tego, w kt\u00f3rym wzro\u015bli, i kt\u00f3re si\u0142\u0105 rzeczy<br \/>\nmusia\u0142y by\u0107 im bliskie i drogie. Kierowani idea\u0142em zjednoczenia w Chrystusie<br \/>\nnowych wierz\u0105cych dali j\u0119zykowi s\u0142owia\u0144skiemu bogate, pi\u0119kne teksty liturgii<br \/>\nbizantyjskiej oraz dostosowali do umys\u0142owo\u015bci i obyczaj\u00f3w nowych lud\u00f3w subtelne<br \/>\ni z\u0142o\u017cone przepisy prawa grecko- rzymskiego. Wype\u0142niaj\u0105c ten program jedno\u015bci i<br \/>\npokoju, zawsze szanowali zobowi\u0105zania swego pos\u0142annictwa, licz\u0105c si\u0119 z tradycyjnymi<br \/>\nuprawnieniami oraz prawami ko\u015bcielnymi ustalonymi przez kanony soborowe, i<br \/>\nchocia\u017c przynale\u017celi do Cesarstwa Wschodniego, a jako wierni podlegali<br \/>\nPatriarchatowi Konstantynopola, to jednak <b>nie<br \/>\nwahali si\u0119 zdawa\u0107 spraw\u0119 Papie\u017cowi<\/b> ze swojej misjonarskiej dzia\u0142alno\u015bci<br \/>\noraz przedk\u0142ada\u0107 jego os\u0105dowi i aprobacie wyznawanej i g\u0142oszonej przez nich<br \/>\nnauki, a tak\u017ce ksi\u0105g liturgicznych w j\u0119zyku s\u0142owia\u0144skim i metod, jakie<br \/>\nstosowali w ewangelizacji tych lud\u00f3w. <b>Podejmuj\u0105c<br \/>\nsw\u0105 misj\u0119 z polecenia Konstantynopola, szukali w pewnym sensie jej<br \/>\npotwierdzenia, zwracaj\u0105c si\u0119 do Stolicy Apostolskiej w Rzymie jako do<br \/>\nwidzialnego o\u015brodka jedno\u015bci Ko\u015bcio\u0142a<\/b><a href=\"\" name=\"p16\"><\/a>. <b>Budowali w ten spos\u00f3b Ko\u015bci\u00f3\u0142 w poczuciu jego uniwersalno\u015bci, jako<br \/>\njeden, \u015bwi\u0119ty, powszechny i apostolski<\/b>. (\u2026) Przekonanie \u015bwi\u0119tych Braci<br \/>\nSo\u0142u\u0144skich, \u017ce ka\u017cdy Ko\u015bci\u00f3\u0142 lokalny jest powo\u0142any do ubogacenia w\u0142asnymi<br \/>\ndarami katolickiej pleroma, pozostawa\u0142o w doskona\u0142ej harmonii z ich<br \/>\newangeliczn\u0105 intuicj\u0105, \u017ce r\u00f3\u017cne warunki \u017cycia poszczeg\u00f3lnych Ko\u015bcio\u0142\u00f3w chrze\u015bcija\u0144skich<br \/>\nnie mog\u0105 nigdy usprawiedliwia\u0107 rozd\u017awi\u0119k\u00f3w, niezgody czy rozdarcia w wyznawaniu<br \/>\njednej wiary i w praktykowaniu mi\u0142o\u015bci\u201d. <\/div>\n<div class=\"MsoNormal\" style=\"text-align: justify;\">\nNiesamowite wyczucie Ko\u015bcio\u0142a,<br \/>\nszerokie spojrzenie, pragnienie ewangelizacji, \u017ceby i inni mogli zna\u0107, rozumie\u0107<br \/>\nswoj\u0105 wiar\u0119, to co\u015b co w nich fascynuje, co porywa. <\/div>\n<div class=\"MsoNormal\" style=\"text-align: justify;\">\n<i>\u017bniwo<br \/>\nwprawdzie wielkie, ale robotnik\u00f3w ma\u0142o, pro\u015bcie wiec Pana \u017cniwa, \u017ceby wyprawi\u0142<br \/>\nrobotnik\u00f3w na swoje \u017cniwo<\/i>. Oto prawdziwi robotnicy, oni rzeczywi\u015bcie<br \/>\nsi\u0119 trudzili, pracowali, bronili jedno\u015bci Ko\u015bcio\u0142a. Pomagali innym pozna\u0107 Boga,<br \/>\nstworzyli nie tylko nowy j\u0119zyk w liturgii, ale i now\u0105 kultur\u0119 i now\u0105 jako\u015b\u0107<br \/>\nwiary. <\/div>\n<div class=\"MsoNormal\" style=\"text-align: justify;\">\nPro\u015bba, \u017ceby B\u00f3g <i>wyprawi\u0142 robotnik\u00f3w<\/i>, to pro\u015bba przede<br \/>\nwszystkim o nowe powo\u0142ania kap\u0142a\u0144skie, zakonne i misyjne, to pro\u015bba o gorliwo\u015b\u0107<br \/>\napostolsk\u0105 dla tych ju\u017c powo\u0142anych, \u017ceby byli nie tylko kap\u0142anami, ale<br \/>\nrobotnikami, jak zauwa\u017ca\u0142 to \u015bw. Grzegorz Wielki \u2013 papie\u017c. <\/div>\n<div class=\"MsoNormal\" style=\"text-align: justify;\">\nPro\u015bba \u2013 \u017ceby wyprawi\u0142 robotnik\u00f3w<br \/>\nna swoje \u017cniwo \u2013 to tak\u017ce pytanie o apostolstwo ka\u017cdego z nas. Na mocy chrztu i<br \/>\nbierzmowania, wszyscy jeste\u015bmy wezwani do bycia aposto\u0142ami Chrystusa, do bycia<br \/>\nrobotnikami na Bo\u017cym \u017cniwie. Ilu ludzi nie przychodzi do ko\u015bcio\u0142a, nie s\u0142ucha<br \/>\nkaza\u0144, ani nawet nie czyta Biblii, nie czyta rozwa\u017ca\u0144 na blogu, nie spotyka si\u0119<br \/>\nz ksi\u0119dzem, nie ufa ksi\u0119\u017com. Ci ludzie, to apostolskie pole, rola Bo\u017ca, Bo\u017ce<br \/>\n\u017cniwo dla \u015bwieckich. <\/div>\n<div class=\"MsoNormal\" style=\"text-align: justify;\">\nTutaj, w Rosji, wielu ludzi<br \/>\nprzychodzi do Ko\u015bcio\u0142a jako doro\u015bli, cz\u0119sto jako jedyni ze swojej rodziny,<br \/>\ncz\u0119sto przy stanowczym sprzeciwie swoich rodzin. Lubi\u0119 ich potem pyta\u0107 \u2013 jak ty<br \/>\nnas znalaz\u0142e\u015b? Jak trafi\u0142e\u015b do Ko\u015bcio\u0142a? I najcz\u0119\u015bciej, w tych opowiadaniach, u<br \/>\npocz\u0105tku stoi jeden skromny, cichy cz\u0142owiek, \u015bwiecki cz\u0142owiek, kt\u00f3ry swoim<br \/>\n\u015bwiadectwem, dobrym skromnym s\u0142owem, a zapewne i modlitw\u0105, przyprowadzi\u0142 go do<br \/>\nKo\u015bcio\u0142a. <\/div>\n<div class=\"MsoNormal\" style=\"text-align: justify;\">\nZa chwil\u0119 jad\u0119 do wioski \u2013 Malinowka<br \/>\n(za przeproszeniem dziura, trudno tam dojecha\u0107, wszystko si\u0119 tam rozwala, zdaje<br \/>\nsi\u0119, \u017ce wszyscy tam pij\u0105, tam wida\u0107 pot\u0119g\u0119 \u015bwiatowego mocarstwa \u2013 Rosji) jakie\u015b<br \/>\n200 km.<br \/>\nod Tomska. Chyba ju\u017c Wam o tym opowiada\u0142em. Tam spotyka si\u0119 ostatnio najwi\u0119ksza<br \/>\nchyba wsp\u00f3lnota ze wszystkich w Tomskiej Ob\u0142a\u015bci. Du\u017co ludzi, dzieci, m\u0142odzie\u017cy<br \/>\ni doros\u0142ych, zacz\u0119\u0142o przychodzi\u0107 dzi\u0119ki entuzjazmowi jednej kobiety, kt\u00f3ra zbiera<br \/>\nludzi, zaprasza, udost\u0119pnia pomieszczenie, i cieszy si\u0119, \u017ce tak mo\u017ce s\u0142u\u017cy\u0107<br \/>\nBogu i Ko\u015bcio\u0142owi. Jeden \u015bwiecki cz\u0142owiek, robotnik na Bo\u017cym \u017cniwie. <\/div>\n<div class=\"MsoNormal\" style=\"text-align: justify;\">\nCz\u0119sto ci, kt\u00f3rzy sami tylko co<br \/>\nodkryli Ko\u015bci\u00f3\u0142, spotkali Boga, maj\u0105 w sobie ten entuzjazm wiary, Bo\u017c\u0105 iskr\u0119,<br \/>\nzapa\u0142. Ciekawe co si\u0119 z tym entuzjazmem dzieje p\u00f3\u017aniej? <\/div>\n<div class=\"MsoNormal\" style=\"text-align: justify;\">\nA jak Wam si\u0119 udaje by\u0107 aposto\u0142ami<br \/>\nJezusa? <\/div>\n<div class=\"MsoNormal\" style=\"text-align: justify;\">\nPozdrawiam bardzo serdecznie. Jad\u0119<br \/>\ndo Malinowki, jutro niedalekie od niej Kriwaszejno. Pom\u00f3dlcie si\u0119 za nas i za<br \/>\ntych ludzi z kt\u00f3rymi dzi\u015b i jutro b\u0119dziemy si\u0119 spotyka\u0107. Z Bogiem.<\/div>\n","protected":false},"excerpt":{"rendered":"<p>Szcz\u0119\u015b\u0107 Bo\u017ce! Dzisiaj znowu mam rado\u015b\u0107 i zaszczyt zaprosi\u0107 do rozwa\u017cenia &#8222;s\u0142\u00f3wka&#8221; z Syberii. Szczeg\u00f3lnie prosz\u0119 i zach\u0119cam, aby\u015bcie zechcieli odpowiedzie\u0107 na pytania, kt\u00f3re znajdziecie na ko\u0144cu&#8230; I prosz\u0119 te\u017c o modlitw\u0119 we wskazanej przez Ksi\u0119dza Marka intencji&#8230; &nbsp; &nbsp; &nbsp; &nbsp; &nbsp;Gaudium et spes! &nbsp;Ks. Jacek Dzi\u015b, 14 lutego, je\u015bli w\u0142a\u015bciwie spojrza\u0142em w kalendarz. [&hellip;]<\/p>\n","protected":false},"author":1,"featured_media":0,"comment_status":"open","ping_status":"open","sticky":false,"template":"","format":"standard","meta":{"jetpack_post_was_ever_published":false,"_jetpack_newsletter_access":"","_jetpack_dont_email_post_to_subs":false,"_jetpack_newsletter_tier_id":0,"_jetpack_memberships_contains_paywalled_content":false,"_jetpack_memberships_contains_paid_content":false,"footnotes":""},"categories":[1],"tags":[],"class_list":["post-9580","post","type-post","status-publish","format-standard","hentry","category-bez-kategorii"],"yoast_head":"<!-- This site is optimized with the Yoast SEO plugin v25.1 - https:\/\/yoast.com\/wordpress\/plugins\/seo\/ -->\n<title>Jakimi aposto\u0142ami Jezusa jeste\u015bmy?... - Gaudium Et Spes<\/title>\n<meta name=\"robots\" content=\"index, follow, max-snippet:-1, max-image-preview:large, max-video-preview:-1\" \/>\n<link rel=\"canonical\" href=\"https:\/\/gaudiumetspes-blog.pl\/index.php\/2012\/02\/14\/jakimi-apostoami-jezusa-jestesmy\/\" \/>\n<meta property=\"og:locale\" content=\"pl_PL\" \/>\n<meta property=\"og:type\" content=\"article\" \/>\n<meta property=\"og:title\" content=\"Jakimi aposto\u0142ami Jezusa jeste\u015bmy?... - Gaudium Et Spes\" \/>\n<meta property=\"og:description\" content=\"Szcz\u0119\u015b\u0107 Bo\u017ce! Dzisiaj znowu mam rado\u015b\u0107 i zaszczyt zaprosi\u0107 do rozwa\u017cenia &#8222;s\u0142\u00f3wka&#8221; z Syberii. Szczeg\u00f3lnie prosz\u0119 i zach\u0119cam, aby\u015bcie zechcieli odpowiedzie\u0107 na pytania, kt\u00f3re znajdziecie na ko\u0144cu&#8230; I prosz\u0119 te\u017c o modlitw\u0119 we wskazanej przez Ksi\u0119dza Marka intencji&#8230; &nbsp; &nbsp; &nbsp; &nbsp; &nbsp;Gaudium et spes! &nbsp;Ks. Jacek Dzi\u015b, 14 lutego, je\u015bli w\u0142a\u015bciwie spojrza\u0142em w kalendarz. [&hellip;]\" \/>\n<meta property=\"og:url\" content=\"https:\/\/gaudiumetspes-blog.pl\/index.php\/2012\/02\/14\/jakimi-apostoami-jezusa-jestesmy\/\" \/>\n<meta property=\"og:site_name\" content=\"Gaudium Et Spes\" \/>\n<meta property=\"article:published_time\" content=\"2012-02-14T06:32:00+00:00\" \/>\n<meta property=\"article:modified_time\" content=\"2019-07-31T10:53:01+00:00\" \/>\n<meta name=\"author\" content=\"Ks. Jacek\" \/>\n<meta name=\"twitter:card\" content=\"summary_large_image\" \/>\n<meta name=\"twitter:label1\" content=\"Napisane przez\" \/>\n\t<meta name=\"twitter:data1\" content=\"Ks. Jacek\" \/>\n\t<meta name=\"twitter:label2\" content=\"Szacowany czas czytania\" \/>\n\t<meta name=\"twitter:data2\" content=\"7 minut\" \/>\n<script type=\"application\/ld+json\" class=\"yoast-schema-graph\">{\"@context\":\"https:\/\/schema.org\",\"@graph\":[{\"@type\":\"WebPage\",\"@id\":\"https:\/\/gaudiumetspes-blog.pl\/index.php\/2012\/02\/14\/jakimi-apostoami-jezusa-jestesmy\/\",\"url\":\"https:\/\/gaudiumetspes-blog.pl\/index.php\/2012\/02\/14\/jakimi-apostoami-jezusa-jestesmy\/\",\"name\":\"Jakimi aposto\u0142ami Jezusa jeste\u015bmy?... - Gaudium Et Spes\",\"isPartOf\":{\"@id\":\"https:\/\/gaudiumetspes-blog.pl\/#website\"},\"datePublished\":\"2012-02-14T06:32:00+00:00\",\"dateModified\":\"2019-07-31T10:53:01+00:00\",\"author\":{\"@id\":\"https:\/\/gaudiumetspes-blog.pl\/#\/schema\/person\/1661982992b752dea8dff0d4ed845a65\"},\"breadcrumb\":{\"@id\":\"https:\/\/gaudiumetspes-blog.pl\/index.php\/2012\/02\/14\/jakimi-apostoami-jezusa-jestesmy\/#breadcrumb\"},\"inLanguage\":\"pl-PL\",\"potentialAction\":[{\"@type\":\"ReadAction\",\"target\":[\"https:\/\/gaudiumetspes-blog.pl\/index.php\/2012\/02\/14\/jakimi-apostoami-jezusa-jestesmy\/\"]}]},{\"@type\":\"BreadcrumbList\",\"@id\":\"https:\/\/gaudiumetspes-blog.pl\/index.php\/2012\/02\/14\/jakimi-apostoami-jezusa-jestesmy\/#breadcrumb\",\"itemListElement\":[{\"@type\":\"ListItem\",\"position\":1,\"name\":\"Strona g\u0142\u00f3wna\",\"item\":\"https:\/\/gaudiumetspes-blog.pl\/\"},{\"@type\":\"ListItem\",\"position\":2,\"name\":\"Jakimi aposto\u0142ami Jezusa jeste\u015bmy?&#8230;\"}]},{\"@type\":\"WebSite\",\"@id\":\"https:\/\/gaudiumetspes-blog.pl\/#website\",\"url\":\"https:\/\/gaudiumetspes-blog.pl\/\",\"name\":\"Gaudium Et Spes\",\"description\":\"Blog Ks. Jacka Ja\u015bkowskiego\",\"potentialAction\":[{\"@type\":\"SearchAction\",\"target\":{\"@type\":\"EntryPoint\",\"urlTemplate\":\"https:\/\/gaudiumetspes-blog.pl\/?s={search_term_string}\"},\"query-input\":{\"@type\":\"PropertyValueSpecification\",\"valueRequired\":true,\"valueName\":\"search_term_string\"}}],\"inLanguage\":\"pl-PL\"},{\"@type\":\"Person\",\"@id\":\"https:\/\/gaudiumetspes-blog.pl\/#\/schema\/person\/1661982992b752dea8dff0d4ed845a65\",\"name\":\"Ks. Jacek\",\"image\":{\"@type\":\"ImageObject\",\"inLanguage\":\"pl-PL\",\"@id\":\"https:\/\/gaudiumetspes-blog.pl\/#\/schema\/person\/image\/\",\"url\":\"https:\/\/gaudiumetspes-blog.pl\/wp-content\/uploads\/2019\/07\/avatar-JJ-150x150.jpg\",\"contentUrl\":\"https:\/\/gaudiumetspes-blog.pl\/wp-content\/uploads\/2019\/07\/avatar-JJ-150x150.jpg\",\"caption\":\"Ks. Jacek\"},\"description\":\"Witam serdecznie! K\u0142ania si\u0119 Ks. Jacek Ja\u015bkowski. Nie jestem ani kim\u015b wa\u017cnym, ani kim\u015b znanym. Jestem ksi\u0119dzem, kt\u00f3ry po prostu chce rozmawia\u0107. Codzienna kap\u0142a\u0144ska pos\u0142uga pokazuje mi, \u017ce temat\u00f3w do rozm\u00f3w z ksi\u0119dzem jest coraz wi\u0119cej i dzisiaj \u017caden ksi\u0105dz nie mo\u017ce od nich ucieka\u0107, ale - wprost przeciwnie - podejmowa\u0107 nowe wyzwania. To przekonanie sk\u0142oni\u0142o mnie do pr\u00f3by otwarcia tego\u017c bloga, chocia\u017c okazji do rozm\u00f3w na co dzie\u0144 - w konfesjonale i poza nim - na szcz\u0119\u015bcie nie brakuje. My\u015bl\u0119 jednak, \u017ce ten blog b\u0119dzie jeszcze jednym sposobem i przestrzeni\u0105 nawi\u0105zania kontaktu z lud\u017ami dobrej woli, otwartymi na dialog.\",\"url\":\"https:\/\/gaudiumetspes-blog.pl\/index.php\/author\/ks-jacek\/\"}]}<\/script>\n<!-- \/ Yoast SEO plugin. -->","yoast_head_json":{"title":"Jakimi aposto\u0142ami Jezusa jeste\u015bmy?... - Gaudium Et Spes","robots":{"index":"index","follow":"follow","max-snippet":"max-snippet:-1","max-image-preview":"max-image-preview:large","max-video-preview":"max-video-preview:-1"},"canonical":"https:\/\/gaudiumetspes-blog.pl\/index.php\/2012\/02\/14\/jakimi-apostoami-jezusa-jestesmy\/","og_locale":"pl_PL","og_type":"article","og_title":"Jakimi aposto\u0142ami Jezusa jeste\u015bmy?... - Gaudium Et Spes","og_description":"Szcz\u0119\u015b\u0107 Bo\u017ce! Dzisiaj znowu mam rado\u015b\u0107 i zaszczyt zaprosi\u0107 do rozwa\u017cenia &#8222;s\u0142\u00f3wka&#8221; z Syberii. Szczeg\u00f3lnie prosz\u0119 i zach\u0119cam, aby\u015bcie zechcieli odpowiedzie\u0107 na pytania, kt\u00f3re znajdziecie na ko\u0144cu&#8230; I prosz\u0119 te\u017c o modlitw\u0119 we wskazanej przez Ksi\u0119dza Marka intencji&#8230; &nbsp; &nbsp; &nbsp; &nbsp; &nbsp;Gaudium et spes! &nbsp;Ks. Jacek Dzi\u015b, 14 lutego, je\u015bli w\u0142a\u015bciwie spojrza\u0142em w kalendarz. [&hellip;]","og_url":"https:\/\/gaudiumetspes-blog.pl\/index.php\/2012\/02\/14\/jakimi-apostoami-jezusa-jestesmy\/","og_site_name":"Gaudium Et Spes","article_published_time":"2012-02-14T06:32:00+00:00","article_modified_time":"2019-07-31T10:53:01+00:00","author":"Ks. Jacek","twitter_card":"summary_large_image","twitter_misc":{"Napisane przez":"Ks. Jacek","Szacowany czas czytania":"7 minut"},"schema":{"@context":"https:\/\/schema.org","@graph":[{"@type":"WebPage","@id":"https:\/\/gaudiumetspes-blog.pl\/index.php\/2012\/02\/14\/jakimi-apostoami-jezusa-jestesmy\/","url":"https:\/\/gaudiumetspes-blog.pl\/index.php\/2012\/02\/14\/jakimi-apostoami-jezusa-jestesmy\/","name":"Jakimi aposto\u0142ami Jezusa jeste\u015bmy?... - Gaudium Et Spes","isPartOf":{"@id":"https:\/\/gaudiumetspes-blog.pl\/#website"},"datePublished":"2012-02-14T06:32:00+00:00","dateModified":"2019-07-31T10:53:01+00:00","author":{"@id":"https:\/\/gaudiumetspes-blog.pl\/#\/schema\/person\/1661982992b752dea8dff0d4ed845a65"},"breadcrumb":{"@id":"https:\/\/gaudiumetspes-blog.pl\/index.php\/2012\/02\/14\/jakimi-apostoami-jezusa-jestesmy\/#breadcrumb"},"inLanguage":"pl-PL","potentialAction":[{"@type":"ReadAction","target":["https:\/\/gaudiumetspes-blog.pl\/index.php\/2012\/02\/14\/jakimi-apostoami-jezusa-jestesmy\/"]}]},{"@type":"BreadcrumbList","@id":"https:\/\/gaudiumetspes-blog.pl\/index.php\/2012\/02\/14\/jakimi-apostoami-jezusa-jestesmy\/#breadcrumb","itemListElement":[{"@type":"ListItem","position":1,"name":"Strona g\u0142\u00f3wna","item":"https:\/\/gaudiumetspes-blog.pl\/"},{"@type":"ListItem","position":2,"name":"Jakimi aposto\u0142ami Jezusa jeste\u015bmy?&#8230;"}]},{"@type":"WebSite","@id":"https:\/\/gaudiumetspes-blog.pl\/#website","url":"https:\/\/gaudiumetspes-blog.pl\/","name":"Gaudium Et Spes","description":"Blog Ks. Jacka Ja\u015bkowskiego","potentialAction":[{"@type":"SearchAction","target":{"@type":"EntryPoint","urlTemplate":"https:\/\/gaudiumetspes-blog.pl\/?s={search_term_string}"},"query-input":{"@type":"PropertyValueSpecification","valueRequired":true,"valueName":"search_term_string"}}],"inLanguage":"pl-PL"},{"@type":"Person","@id":"https:\/\/gaudiumetspes-blog.pl\/#\/schema\/person\/1661982992b752dea8dff0d4ed845a65","name":"Ks. Jacek","image":{"@type":"ImageObject","inLanguage":"pl-PL","@id":"https:\/\/gaudiumetspes-blog.pl\/#\/schema\/person\/image\/","url":"https:\/\/gaudiumetspes-blog.pl\/wp-content\/uploads\/2019\/07\/avatar-JJ-150x150.jpg","contentUrl":"https:\/\/gaudiumetspes-blog.pl\/wp-content\/uploads\/2019\/07\/avatar-JJ-150x150.jpg","caption":"Ks. Jacek"},"description":"Witam serdecznie! K\u0142ania si\u0119 Ks. Jacek Ja\u015bkowski. Nie jestem ani kim\u015b wa\u017cnym, ani kim\u015b znanym. Jestem ksi\u0119dzem, kt\u00f3ry po prostu chce rozmawia\u0107. Codzienna kap\u0142a\u0144ska pos\u0142uga pokazuje mi, \u017ce temat\u00f3w do rozm\u00f3w z ksi\u0119dzem jest coraz wi\u0119cej i dzisiaj \u017caden ksi\u0105dz nie mo\u017ce od nich ucieka\u0107, ale - wprost przeciwnie - podejmowa\u0107 nowe wyzwania. To przekonanie sk\u0142oni\u0142o mnie do pr\u00f3by otwarcia tego\u017c bloga, chocia\u017c okazji do rozm\u00f3w na co dzie\u0144 - w konfesjonale i poza nim - na szcz\u0119\u015bcie nie brakuje. My\u015bl\u0119 jednak, \u017ce ten blog b\u0119dzie jeszcze jednym sposobem i przestrzeni\u0105 nawi\u0105zania kontaktu z lud\u017ami dobrej woli, otwartymi na dialog.","url":"https:\/\/gaudiumetspes-blog.pl\/index.php\/author\/ks-jacek\/"}]}},"jetpack_featured_media_url":"","jetpack_sharing_enabled":true,"_links":{"self":[{"href":"https:\/\/gaudiumetspes-blog.pl\/index.php\/wp-json\/wp\/v2\/posts\/9580","targetHints":{"allow":["GET"]}}],"collection":[{"href":"https:\/\/gaudiumetspes-blog.pl\/index.php\/wp-json\/wp\/v2\/posts"}],"about":[{"href":"https:\/\/gaudiumetspes-blog.pl\/index.php\/wp-json\/wp\/v2\/types\/post"}],"author":[{"embeddable":true,"href":"https:\/\/gaudiumetspes-blog.pl\/index.php\/wp-json\/wp\/v2\/users\/1"}],"replies":[{"embeddable":true,"href":"https:\/\/gaudiumetspes-blog.pl\/index.php\/wp-json\/wp\/v2\/comments?post=9580"}],"version-history":[{"count":1,"href":"https:\/\/gaudiumetspes-blog.pl\/index.php\/wp-json\/wp\/v2\/posts\/9580\/revisions"}],"predecessor-version":[{"id":10503,"href":"https:\/\/gaudiumetspes-blog.pl\/index.php\/wp-json\/wp\/v2\/posts\/9580\/revisions\/10503"}],"wp:attachment":[{"href":"https:\/\/gaudiumetspes-blog.pl\/index.php\/wp-json\/wp\/v2\/media?parent=9580"}],"wp:term":[{"taxonomy":"category","embeddable":true,"href":"https:\/\/gaudiumetspes-blog.pl\/index.php\/wp-json\/wp\/v2\/categories?post=9580"},{"taxonomy":"post_tag","embeddable":true,"href":"https:\/\/gaudiumetspes-blog.pl\/index.php\/wp-json\/wp\/v2\/tags?post=9580"}],"curies":[{"name":"wp","href":"https:\/\/api.w.org\/{rel}","templated":true}]}}