{"id":9581,"date":"2012-02-13T07:41:00","date_gmt":"2012-02-13T06:41:00","guid":{"rendered":"https:\/\/gaudiumetspes-blog.pl\/index.php\/2012\/02\/13\/jeszcze-raz-o-wierze-pytkiej-i-gebokiej\/"},"modified":"2019-07-31T12:53:01","modified_gmt":"2019-07-31T10:53:01","slug":"jeszcze-raz-o-wierze-pytkiej-i-gebokiej","status":"publish","type":"post","link":"https:\/\/gaudiumetspes-blog.pl\/index.php\/2012\/02\/13\/jeszcze-raz-o-wierze-pytkiej-i-gebokiej\/","title":{"rendered":"Jeszcze raz o wierze p\u0142ytkiej i g\u0142\u0119bokiej&#8230;"},"content":{"rendered":"<p><\/p>\n<div class=\"MsoNormal\" style=\"text-align: justify;\">\nSzcz\u0119\u015b\u0107 Bo\u017ce! Moi Drodzy, bardzo dzi\u0119kuj\u0119 za wczorajsze wpisy! Robertowi dzi\u0119kuj\u0119 za podzielenie si\u0119 refleksjami w zwi\u0105zku z prze\u015bladowaniami chrze\u015bcijan. Rzeczywi\u015bcie, to pora\u017caj\u0105ce &#8211; ale czy a\u017c takie dziwne i niewiarygodne? Niestety&#8230; Mo\u017ce warto argumentami, przytoczonymi przez Roberta, pos\u0142ugiwa\u0107 si\u0119 w rozmowach z tymi, kt\u00f3rzy wieszcz\u0105 zagro\u017cenie ze strony &#8222;pot\u0119\u017cnego&#8221; i rzekomo narzucaj\u0105cego sw\u0105 wol\u0119 Ko\u015bcio\u0142a&#8230;<\/div>\n<div class=\"MsoNormal\" style=\"text-align: justify;\">\n&nbsp; &nbsp; &nbsp; A dzisiaj &#8211; znowu mo\u017cemy do\u015bwiadczy\u0107 powszechno\u015bci Ko\u015bcio\u0142a, czytaj\u0105c rozwa\u017canie Ksi\u0119dza Marka. Bardzo Mu za nie dzi\u0119kuj\u0119! Jak zawsze, pierwszy akapit prosz\u0119 wzi\u0105\u0107 z du\u017cym dystansem, natomiast przekonanie, zawarte w jednym z ostatnich akapit\u00f3w, jakoby to w Polsce du\u017co si\u0119 czyta\u0142o encyklik i innych ksi\u0105\u017cek religijnych &#8211; chyba musimy potraktowa\u0107 bardziej w formie \u017cyczenia&#8230; Natomiast ca\u0142o\u015b\u0107, jak zawsze, konkretna, z du\u017c\u0105 dawk\u0105 j\u0119zyka rosyjskiego. Znowu si\u0119 troch\u0119 w nim &#8222;podci\u0105gniemy&#8221;. \u017bycz\u0119 Wam wszystkim, Kochani, g\u0142\u0119bokich refleksji i dobrego dnia!<\/div>\n<div class=\"MsoNormal\" style=\"text-align: justify;\">\n&nbsp; &nbsp; &nbsp; &nbsp; &nbsp; &nbsp; &nbsp;Gaudium et spes! &nbsp;Ks. Jacek<\/div>\n<div class=\"MsoNormal\" style=\"text-align: justify;\">\n<\/div>\n<div class=\"MsoNormal\" style=\"text-align: justify;\">\nTroch\u0119 \u017ce\u015bcie ode mnie odpocz\u0119li,<br \/>\nale w duchu s\u0142\u00f3w z dzisiejszego I czytania \u2013 <i>Za pe\u0142n\u0105 rado\u015b\u0107 poczytujcie to sobie, bracia moi, ilekro\u0107 spadaj\u0105 na<br \/>\nwas r\u00f3\u017cne do\u015bwiadczenia<\/i> \u2013 postanowi\u0142em wi\u0119c Was do\u015bwiadczy\u0107 zn\u00f3w swoimi<br \/>\nprzemy\u015bleniami, \u017ceby\u015bcie mieli wi\u0119cej rado\u015bci.<\/div>\n<div class=\"MsoNormal\" style=\"text-align: justify;\">\nKa\u017cdego dnia, minionego tygodnia<br \/>\nczyta\u0142em rozwa\u017cania i komentarze na blogu i jestem, jak to m\u00f3wi\u0105 tutaj \u2013 w<br \/>\nkursie dzie\u0142a (zorientowany w temacie).<\/div>\n<div class=\"MsoNormal\" style=\"text-align: justify;\">\nStaram si\u0119 te\u017c w swoje modlitwy<br \/>\nw\u0142\u0105cza\u0107 wszystkich, kt\u00f3rzy o t\u0119 modlitw\u0119 prosz\u0105. <\/div>\n<div class=\"MsoNormal\" style=\"text-align: justify;\">\nNasza m\u0142odzie\u017c w sobot\u0119 wieczorem<br \/>\nprzygotowa\u0142a adoracj\u0119, w ramach zwyk\u0142ego spotkania, ciesz\u0119 si\u0119 z tego,<br \/>\nprzygotowali sami rozwa\u017cania, pie\u015bni, modlitwy, nawet sporo ludzi na to<br \/>\nprzysz\u0142o. Tematem adoracji, rozwa\u017ca\u0144 by\u0142o \u2013 zaufanie w codziennym \u017cyciu. Wszyscy,<br \/>\nrazem z m\u0142odzie\u017c\u0105, jeste\u015bmy zdania, \u017ce takie modlitewne spotkania, adoracje,<br \/>\ntrzeba robi\u0107 cz\u0119\u015bciej, najlepiej raz w miesi\u0105cu. Pisz\u0119 to dziel\u0105c si\u0119 rado\u015bci\u0105<br \/>\ni tym co u nas w ostatnim czasie proizasz\u0142o (si\u0119 dzia\u0142o).<\/div>\n<div class=\"MsoNormal\" style=\"text-align: justify;\">\nA co tam dzi\u015b w s\u0142owie Bo\u017cym? <\/div>\n<div class=\"MsoNormal\" style=\"text-align: justify;\">\nPierwsze czytanie, o kt\u00f3rym ju\u017c<br \/>\nwspomnia\u0142em, to pocz\u0105tek Listu \u015bw. Jakuba. Bardzo prosty i konkretny list. I na<br \/>\npocz\u0105tek ta my\u015bl, kt\u00f3r\u0105 ju\u017c pisa\u0142em: <i>Za<br \/>\npe\u0142n\u0105 rado\u015b\u0107 poczytujcie to sobie, bracia moi, ilekro\u0107 spadaj\u0105 na was r\u00f3\u017cne<br \/>\ndo\u015bwiadczenia. <\/i><\/div>\n<div class=\"MsoNormal\" style=\"text-align: justify;\">\nCiekawe, \u017ce do\u015bwiadczenia, kt\u00f3re<br \/>\nspadaj\u0105 na cz\u0142owieka maj\u0105 by\u0107 przyczyn\u0105 rado\u015bci. Zazwyczaj, to problem, to co\u015b<br \/>\nco jest trudne, a tu \u2013 <i>za pe\u0142n\u0105 rado\u015b\u0107<br \/>\npoczytujcie to sobie<\/i>\u2026<\/div>\n<div class=\"MsoNormal\" style=\"text-align: justify;\">\nA czemu? \u2013 Bo to <i>rodzi wytrwa\u0142o\u015b\u0107<\/i>. Oto Bo\u017ca,<br \/>\nchrze\u015bcija\u0144ska m\u0105dro\u015b\u0107. Cieszy\u0107 si\u0119 trzeba nie z tego, albo nie tylko z tego,<br \/>\nalbo nie przede wszystkim z tego, co zwykle daje nam rado\u015b\u0107, jakie\u015b sukcesy,<br \/>\nhumory, dobre s\u0142owa, gdy si\u0119 co\u015b uda\u0142o, a w\u0142a\u015bnie z do\u015bwiadczenia, z sytuacji,<br \/>\nkt\u00f3re nas do\u015bwiadczaj\u0105, wystawiaj\u0105 na pr\u00f3b\u0119, bo to <i>rodzi wytrwa\u0142o\u015b\u0107<\/i>. A <i>wytrwa\u0142o\u015b\u0107<br \/>\nwinna by\u0107 dzie\u0142em doskona\u0142ym<\/i>. <\/div>\n<div class=\"MsoNormal\" style=\"text-align: justify;\">\nI to jest wielka Bo\u017ca m\u0105dro\u015b\u0107,<br \/>\nkt\u00f3r\u0105 ci\u0119\u017cko poj\u0105\u0107, je\u015bli nie my\u015bli si\u0119 kategoriami wiary. O tym pisze Aposto\u0142<br \/>\nJakub w nast\u0119pnym zdaniu \u2013 <i>Je\u015bli za\u015b<br \/>\nkomu\u015b z was brakuje m\u0105dro\u015bci, niech prosi o ni\u0105 Boga, kt\u00f3ry daje wszystkim<br \/>\nch\u0119tnie i nie wymawiaj\u0105c; a na pewno j\u0105 otrzyma<\/i>.<\/div>\n<div class=\"MsoNormal\" style=\"text-align: justify;\">\nProsi\u0107 o m\u0105dro\u015b\u0107 \u2013 tak, o m\u0105dro\u015b\u0107<br \/>\ntrzeba prosi\u0107\u2026<\/div>\n<div class=\"MsoNormal\" style=\"text-align: justify;\">\nI prosz\u0105c o m\u0105dro\u015b\u0107, i w og\u00f3le<br \/>\nprosz\u0105c, trzeba prosi\u0107 z wiar\u0105! <i>Niech za\u015b<br \/>\nprosi z wiar\u0105, a nie w\u0105tpi o niczym. Kto bowiem \u017cywi w\u0105tpliwo\u015bci, podobny jest<br \/>\ndo fali morskiej wzbudzonej wiatrem i miotanej to tu, to tam. Cz\u0142owiek ten<br \/>\nniech nie my\u015bli, \u017ce otrzyma cokolwiek od Pana, bo jest m\u0119\u017cem chwiejnym,<br \/>\nniesta\u0142ym we wszystkich swych drogach<\/i>.<\/div>\n<div class=\"MsoNormal\" style=\"text-align: justify;\">\nBardzo mi si\u0119 podoba j\u0119zyk \u015bw.<br \/>\nJakuba, taki konkretny, jasny, nie rozczula si\u0119 za bardzo nad s\u0142uchaczami.<br \/>\nModli\u0107 si\u0119 trzeba z wiar\u0105 i nie w\u0105tpi\u0107, a jak kto\u015b w\u0105tpi niech nie my\u015bli, \u017ce<br \/>\ncokolwiek otrzyma. <\/div>\n<div class=\"MsoNormal\" style=\"text-align: justify;\">\nMy to si\u0119 zazwyczaj staramy, \u017ceby<br \/>\nnie urazi\u0107 s\u0142uchacza, w kazaniach, rozmowach, z wielk\u0105 kultur\u0105 i taktem, i z<br \/>\nwra\u017cliwo\u015bci\u0105, zach\u0119ca\u0107 do wiary\u2026 A \u015bw. Jakub nie bawi si\u0119 w konwenanse, jasno i<br \/>\nprosto \u2013 modli\u0107 si\u0119 trzeba z wiar\u0105 i nie w\u0105tpi\u0107 \u2013 w\u0105tpisz to nawet nie my\u015bl, \u017ce<br \/>\ncokolwiek otrzymasz \u2013 wot i wsio. <\/div>\n<div class=\"MsoNormal\" style=\"text-align: justify;\">\nA Ewangelia\u2026 Ewangelia t\u0142umaczy<br \/>\nsama siebie, obja\u015bnia sama siebie, dlatego proponuj\u0119 spojrze\u0107 na dzisiejsze<br \/>\ndomaganie si\u0119 znaku w kontek\u015bcie wczorajszej Ewangelii. <\/div>\n<div class=\"MsoNormal\" style=\"text-align: justify;\">\nJezus uzdrowi\u0142 tr\u0119dowatego i<br \/>\nzabroni\u0142 mu komukolwiek o tym m\u00f3wi\u0107\u2026 Czemu zabroni\u0142? Jak wczoraj czytali\u015bmy \u2013<br \/>\nDuc in altum! <\/div>\n<div class=\"MsoNormal\" style=\"text-align: justify;\">\nJezus chce nas pog\u0142\u0119bia\u0107, nie,<br \/>\n\u017ceby cuda i znaki by\u0142y jak sensacja, ale jako rozw\u00f3j i pog\u0142\u0119bienie naszej wiary<br \/>\n\u2013 widzimy znak, wi\u0119c bardziej wierzymy. Faryzeusze jak czytamy dzi\u015b, chcieli<br \/>\nwystawi\u0107 Go na pr\u00f3b\u0119, chcieli pobawi\u0107 si\u0119, zobaczy\u0107 co\u015b nadzwyczajnego, tam nie<br \/>\nby\u0142o motywacji wiary, pragnienia pog\u0142\u0119bienia wiary. <\/div>\n<div class=\"MsoNormal\" style=\"text-align: justify;\">\nTutaj, w rosyjskiej telewizji,<br \/>\njest czasem taki program \u2013 <i>Udziwi mienia<\/i>.<br \/>\n(to chyba jest zrozumia\u0142e \u2013 czasem si\u0119 gubi\u0119 kt\u00f3re s\u0142owo jest po rosyjsku, a<br \/>\nkt\u00f3re po polsku) \u2013 zadziw mnie (chyba to tak b\u0119dzie po polsku). <\/div>\n<div class=\"MsoNormal\" style=\"text-align: justify;\">\nW tym programie pokazuj\u0105 r\u00f3\u017cnych<br \/>\nmagik\u00f3w, r\u00f3\u017cne sztuczki, triki, (po rosyjsku \u2013 fokusy), swoj\u0105 drog\u0105 ciekawy<br \/>\nprogram. I jury wybiera, kto najbardziej zadziwi\u0142, kt\u00f3ra sztuczka by\u0142a<br \/>\nnajbardziej niezwyk\u0142a, zadziwiaj\u0105ca. <\/div>\n<div class=\"MsoNormal\" style=\"text-align: justify;\">\nI ci faryzeusze, to takie jakby jury<br \/>\ntakiego programu \u2013 Jezu, udziwi nas, zadziw nas swoimi fokusami, poka\u017c nam co\u015b<br \/>\nciekawego. <\/div>\n<div class=\"MsoNormal\" style=\"text-align: justify;\">\nJe\u015bli tak spojrzymy, to nic<br \/>\ndziwnego, \u017ce Jezus, kt\u00f3ry \u2013 jak wczoraj s\u0142yszeli\u015bmy uzdrawia\u0142, dokonywa\u0142 cud\u00f3w,<br \/>\ndzi\u015b nie chce da\u0107 \u017cadnego znaku, i wczoraj nie chcia\u0142, \u017ceby uzdrowiony o Nim<br \/>\nm\u00f3wi\u0142, rozpowiada\u0142. On nie przyszed\u0142 na ziemi\u0119, \u017ceby by\u0107 magikiem, zadziwia\u0107<br \/>\nludzi, ale nas zbawi\u0107. On dokonuje cud\u00f3w, \u017ceby pog\u0142\u0119bia\u0107 wiar\u0119, a nie<br \/>\nzadziwia\u0107, nie budzi\u0107 sensacje. <\/div>\n<div class=\"MsoNormal\" style=\"text-align: justify;\">\nCo daje sensacyjne podej\u015bcie do<br \/>\nwiary, pokazuje Droga Krzy\u017cowa. Ludzie, kt\u00f3rzy widzieli &nbsp;cuda, mo\u017ce nawet sami ich do\u015bwiadczali na<br \/>\nsobie, potem krzycz\u0105: na krzy\u017c, na krzy\u017c z Nim!<\/div>\n<div class=\"MsoNormal\" style=\"text-align: justify;\">\nP\u0142ytka wiara, to bardzo<br \/>\nniebezpieczne zjawisko, znieczulaj\u0105ce cz\u0142owieka. Cz\u0142owiek czuje si\u0119 wierz\u0105cym,<br \/>\na b\u0142\u0105dzi, \u017ale pojmuje Boga, zbawienie. <\/div>\n<div class=\"MsoNormal\" style=\"text-align: justify;\">\nNiedawno rozmawia\u0142em z jedn\u0105<br \/>\nkobiet\u0105, nasz\u0105 parafiank\u0105 od wielu lat b\u0119d\u0105c\u0105 w Ko\u015bciele i za g\u0142ow\u0119 si\u0119<br \/>\n\u0142apa\u0142em, jakie g\u0142upoty opowiada\u0142a \u2013 \u017ce piek\u0142a to nie ma, bo to sprzeciwia si\u0119<br \/>\nBo\u017cemu mi\u0142osierdziu, a Ko\u015bci\u00f3\u0142 to te\u017c si\u0119 myli wi\u0119c nie trzeba go s\u0142ucha\u0107, bo w<br \/>\nhistorii by\u0142a \u201erekwizycja\u201d \u2013 tak nazwa\u0142a inkwizycj\u0119 \u2013 nie wiedzia\u0142a jak to si\u0119<br \/>\nnazywa, ale o tym m\u00f3wi\u0142a, nie przyjmowa\u0142a \u017cadnych argument\u00f3w, bo sk\u0105d ja niby<br \/>\nto wszystko wiem. Ona wie lepiej, bo tak czuje i jedn\u0105 ksi\u0105\u017ck\u0119 ostatnio<br \/>\nprzeczyta\u0142a z zakresu literatury pi\u0119knej i to by\u0142o podstaw\u0105 tych przemy\u015ble\u0144. <\/div>\n<div class=\"MsoNormal\" style=\"text-align: justify;\">\nTo w\u0142a\u015bnie przyk\u0142ad p\u0142ytkiej<br \/>\nwiary, formowanej uczuciami a nie rozumem. <\/div>\n<div class=\"MsoNormal\" style=\"text-align: justify;\">\nMo\u017ce w Polsce takich problem\u00f3w nie<br \/>\nma, tam ludzie bardziej s\u0105 uformowani, wi\u0119cej czytaj\u0105 encyklik papieskich,<br \/>\nkatechizmu, przechodz\u0105 nieustannie katechizacj\u0119\u2026 Tu jeszcze trzeba nad tym<br \/>\npopracowa\u0107. Tutaj ludzie s\u0105 bardzo emocjonalni, cz\u0119sto du\u017co bardziej i wi\u0119cej<br \/>\nprzyjmuj\u0105 co\u015b przez uczucia ni\u017c przez rozum. To jednak nie stanowi trwa\u0142ego fundamentu<br \/>\nwiary.<\/div>\n<div class=\"MsoNormal\" style=\"text-align: justify;\">\nHwatit! Rozpisa\u0142em si\u0119. Nie wiem<br \/>\njak to zako\u0144czy\u0107, jakie wnioski wyci\u0105gn\u0105\u0107, jak to odnie\u015b\u0107 do \u017cycia, jakie<br \/>\npostanowienie na dzi\u015b zaproponowa\u0107. Mo\u017ce Wy co\u015b zaproponujecie? Prosz\u0119.<\/div>\n<div class=\"MsoNormal\" style=\"text-align: justify;\">\nPozdrawiam serdecznie i \u017cycz\u0119<br \/>\nBo\u017cego b\u0142ogos\u0142awie\u0144stwa w nowym tygodniu pracy. Z Bogiem.<\/div>\n","protected":false},"excerpt":{"rendered":"<p>Szcz\u0119\u015b\u0107 Bo\u017ce! Moi Drodzy, bardzo dzi\u0119kuj\u0119 za wczorajsze wpisy! Robertowi dzi\u0119kuj\u0119 za podzielenie si\u0119 refleksjami w zwi\u0105zku z prze\u015bladowaniami chrze\u015bcijan. Rzeczywi\u015bcie, to pora\u017caj\u0105ce &#8211; ale czy a\u017c takie dziwne i niewiarygodne? Niestety&#8230; Mo\u017ce warto argumentami, przytoczonymi przez Roberta, pos\u0142ugiwa\u0107 si\u0119 w rozmowach z tymi, kt\u00f3rzy wieszcz\u0105 zagro\u017cenie ze strony &#8222;pot\u0119\u017cnego&#8221; i rzekomo narzucaj\u0105cego sw\u0105 wol\u0119 [&hellip;]<\/p>\n","protected":false},"author":1,"featured_media":0,"comment_status":"open","ping_status":"open","sticky":false,"template":"","format":"standard","meta":{"jetpack_post_was_ever_published":false,"_jetpack_newsletter_access":"","_jetpack_dont_email_post_to_subs":false,"_jetpack_newsletter_tier_id":0,"_jetpack_memberships_contains_paywalled_content":false,"_jetpack_memberships_contains_paid_content":false,"footnotes":""},"categories":[1],"tags":[],"class_list":["post-9581","post","type-post","status-publish","format-standard","hentry","category-bez-kategorii"],"yoast_head":"<!-- This site is optimized with the Yoast SEO plugin v25.1 - https:\/\/yoast.com\/wordpress\/plugins\/seo\/ -->\n<title>Jeszcze raz o wierze p\u0142ytkiej i g\u0142\u0119bokiej... - Gaudium Et Spes<\/title>\n<meta name=\"robots\" content=\"index, follow, max-snippet:-1, max-image-preview:large, max-video-preview:-1\" \/>\n<link rel=\"canonical\" href=\"https:\/\/gaudiumetspes-blog.pl\/index.php\/2012\/02\/13\/jeszcze-raz-o-wierze-pytkiej-i-gebokiej\/\" \/>\n<meta property=\"og:locale\" content=\"pl_PL\" \/>\n<meta property=\"og:type\" content=\"article\" \/>\n<meta property=\"og:title\" content=\"Jeszcze raz o wierze p\u0142ytkiej i g\u0142\u0119bokiej... - Gaudium Et Spes\" \/>\n<meta property=\"og:description\" content=\"Szcz\u0119\u015b\u0107 Bo\u017ce! Moi Drodzy, bardzo dzi\u0119kuj\u0119 za wczorajsze wpisy! Robertowi dzi\u0119kuj\u0119 za podzielenie si\u0119 refleksjami w zwi\u0105zku z prze\u015bladowaniami chrze\u015bcijan. Rzeczywi\u015bcie, to pora\u017caj\u0105ce &#8211; ale czy a\u017c takie dziwne i niewiarygodne? Niestety&#8230; Mo\u017ce warto argumentami, przytoczonymi przez Roberta, pos\u0142ugiwa\u0107 si\u0119 w rozmowach z tymi, kt\u00f3rzy wieszcz\u0105 zagro\u017cenie ze strony &#8222;pot\u0119\u017cnego&#8221; i rzekomo narzucaj\u0105cego sw\u0105 wol\u0119 [&hellip;]\" \/>\n<meta property=\"og:url\" content=\"https:\/\/gaudiumetspes-blog.pl\/index.php\/2012\/02\/13\/jeszcze-raz-o-wierze-pytkiej-i-gebokiej\/\" \/>\n<meta property=\"og:site_name\" content=\"Gaudium Et Spes\" \/>\n<meta property=\"article:published_time\" content=\"2012-02-13T06:41:00+00:00\" \/>\n<meta property=\"article:modified_time\" content=\"2019-07-31T10:53:01+00:00\" \/>\n<meta name=\"author\" content=\"Ks. Jacek\" \/>\n<meta name=\"twitter:card\" content=\"summary_large_image\" \/>\n<meta name=\"twitter:label1\" content=\"Napisane przez\" \/>\n\t<meta name=\"twitter:data1\" content=\"Ks. Jacek\" \/>\n\t<meta name=\"twitter:label2\" content=\"Szacowany czas czytania\" \/>\n\t<meta name=\"twitter:data2\" content=\"7 minut\" \/>\n<script type=\"application\/ld+json\" class=\"yoast-schema-graph\">{\"@context\":\"https:\/\/schema.org\",\"@graph\":[{\"@type\":\"WebPage\",\"@id\":\"https:\/\/gaudiumetspes-blog.pl\/index.php\/2012\/02\/13\/jeszcze-raz-o-wierze-pytkiej-i-gebokiej\/\",\"url\":\"https:\/\/gaudiumetspes-blog.pl\/index.php\/2012\/02\/13\/jeszcze-raz-o-wierze-pytkiej-i-gebokiej\/\",\"name\":\"Jeszcze raz o wierze p\u0142ytkiej i g\u0142\u0119bokiej... - Gaudium Et Spes\",\"isPartOf\":{\"@id\":\"https:\/\/gaudiumetspes-blog.pl\/#website\"},\"datePublished\":\"2012-02-13T06:41:00+00:00\",\"dateModified\":\"2019-07-31T10:53:01+00:00\",\"author\":{\"@id\":\"https:\/\/gaudiumetspes-blog.pl\/#\/schema\/person\/1661982992b752dea8dff0d4ed845a65\"},\"breadcrumb\":{\"@id\":\"https:\/\/gaudiumetspes-blog.pl\/index.php\/2012\/02\/13\/jeszcze-raz-o-wierze-pytkiej-i-gebokiej\/#breadcrumb\"},\"inLanguage\":\"pl-PL\",\"potentialAction\":[{\"@type\":\"ReadAction\",\"target\":[\"https:\/\/gaudiumetspes-blog.pl\/index.php\/2012\/02\/13\/jeszcze-raz-o-wierze-pytkiej-i-gebokiej\/\"]}]},{\"@type\":\"BreadcrumbList\",\"@id\":\"https:\/\/gaudiumetspes-blog.pl\/index.php\/2012\/02\/13\/jeszcze-raz-o-wierze-pytkiej-i-gebokiej\/#breadcrumb\",\"itemListElement\":[{\"@type\":\"ListItem\",\"position\":1,\"name\":\"Strona g\u0142\u00f3wna\",\"item\":\"https:\/\/gaudiumetspes-blog.pl\/\"},{\"@type\":\"ListItem\",\"position\":2,\"name\":\"Jeszcze raz o&nbsp;wierze p\u0142ytkiej i&nbsp;g\u0142\u0119bokiej&#8230;\"}]},{\"@type\":\"WebSite\",\"@id\":\"https:\/\/gaudiumetspes-blog.pl\/#website\",\"url\":\"https:\/\/gaudiumetspes-blog.pl\/\",\"name\":\"Gaudium Et Spes\",\"description\":\"Blog Ks. Jacka Ja\u015bkowskiego\",\"potentialAction\":[{\"@type\":\"SearchAction\",\"target\":{\"@type\":\"EntryPoint\",\"urlTemplate\":\"https:\/\/gaudiumetspes-blog.pl\/?s={search_term_string}\"},\"query-input\":{\"@type\":\"PropertyValueSpecification\",\"valueRequired\":true,\"valueName\":\"search_term_string\"}}],\"inLanguage\":\"pl-PL\"},{\"@type\":\"Person\",\"@id\":\"https:\/\/gaudiumetspes-blog.pl\/#\/schema\/person\/1661982992b752dea8dff0d4ed845a65\",\"name\":\"Ks. Jacek\",\"image\":{\"@type\":\"ImageObject\",\"inLanguage\":\"pl-PL\",\"@id\":\"https:\/\/gaudiumetspes-blog.pl\/#\/schema\/person\/image\/\",\"url\":\"https:\/\/gaudiumetspes-blog.pl\/wp-content\/uploads\/2019\/07\/avatar-JJ-150x150.jpg\",\"contentUrl\":\"https:\/\/gaudiumetspes-blog.pl\/wp-content\/uploads\/2019\/07\/avatar-JJ-150x150.jpg\",\"caption\":\"Ks. Jacek\"},\"description\":\"Witam serdecznie! K\u0142ania si\u0119 Ks. Jacek Ja\u015bkowski. Nie jestem ani kim\u015b wa\u017cnym, ani kim\u015b znanym. Jestem ksi\u0119dzem, kt\u00f3ry po prostu chce rozmawia\u0107. Codzienna kap\u0142a\u0144ska pos\u0142uga pokazuje mi, \u017ce temat\u00f3w do rozm\u00f3w z ksi\u0119dzem jest coraz wi\u0119cej i dzisiaj \u017caden ksi\u0105dz nie mo\u017ce od nich ucieka\u0107, ale - wprost przeciwnie - podejmowa\u0107 nowe wyzwania. To przekonanie sk\u0142oni\u0142o mnie do pr\u00f3by otwarcia tego\u017c bloga, chocia\u017c okazji do rozm\u00f3w na co dzie\u0144 - w konfesjonale i poza nim - na szcz\u0119\u015bcie nie brakuje. My\u015bl\u0119 jednak, \u017ce ten blog b\u0119dzie jeszcze jednym sposobem i przestrzeni\u0105 nawi\u0105zania kontaktu z lud\u017ami dobrej woli, otwartymi na dialog.\",\"url\":\"https:\/\/gaudiumetspes-blog.pl\/index.php\/author\/ks-jacek\/\"}]}<\/script>\n<!-- \/ Yoast SEO plugin. -->","yoast_head_json":{"title":"Jeszcze raz o wierze p\u0142ytkiej i g\u0142\u0119bokiej... - Gaudium Et Spes","robots":{"index":"index","follow":"follow","max-snippet":"max-snippet:-1","max-image-preview":"max-image-preview:large","max-video-preview":"max-video-preview:-1"},"canonical":"https:\/\/gaudiumetspes-blog.pl\/index.php\/2012\/02\/13\/jeszcze-raz-o-wierze-pytkiej-i-gebokiej\/","og_locale":"pl_PL","og_type":"article","og_title":"Jeszcze raz o wierze p\u0142ytkiej i g\u0142\u0119bokiej... - Gaudium Et Spes","og_description":"Szcz\u0119\u015b\u0107 Bo\u017ce! Moi Drodzy, bardzo dzi\u0119kuj\u0119 za wczorajsze wpisy! Robertowi dzi\u0119kuj\u0119 za podzielenie si\u0119 refleksjami w zwi\u0105zku z prze\u015bladowaniami chrze\u015bcijan. Rzeczywi\u015bcie, to pora\u017caj\u0105ce &#8211; ale czy a\u017c takie dziwne i niewiarygodne? Niestety&#8230; Mo\u017ce warto argumentami, przytoczonymi przez Roberta, pos\u0142ugiwa\u0107 si\u0119 w rozmowach z tymi, kt\u00f3rzy wieszcz\u0105 zagro\u017cenie ze strony &#8222;pot\u0119\u017cnego&#8221; i rzekomo narzucaj\u0105cego sw\u0105 wol\u0119 [&hellip;]","og_url":"https:\/\/gaudiumetspes-blog.pl\/index.php\/2012\/02\/13\/jeszcze-raz-o-wierze-pytkiej-i-gebokiej\/","og_site_name":"Gaudium Et Spes","article_published_time":"2012-02-13T06:41:00+00:00","article_modified_time":"2019-07-31T10:53:01+00:00","author":"Ks. Jacek","twitter_card":"summary_large_image","twitter_misc":{"Napisane przez":"Ks. Jacek","Szacowany czas czytania":"7 minut"},"schema":{"@context":"https:\/\/schema.org","@graph":[{"@type":"WebPage","@id":"https:\/\/gaudiumetspes-blog.pl\/index.php\/2012\/02\/13\/jeszcze-raz-o-wierze-pytkiej-i-gebokiej\/","url":"https:\/\/gaudiumetspes-blog.pl\/index.php\/2012\/02\/13\/jeszcze-raz-o-wierze-pytkiej-i-gebokiej\/","name":"Jeszcze raz o wierze p\u0142ytkiej i g\u0142\u0119bokiej... - Gaudium Et Spes","isPartOf":{"@id":"https:\/\/gaudiumetspes-blog.pl\/#website"},"datePublished":"2012-02-13T06:41:00+00:00","dateModified":"2019-07-31T10:53:01+00:00","author":{"@id":"https:\/\/gaudiumetspes-blog.pl\/#\/schema\/person\/1661982992b752dea8dff0d4ed845a65"},"breadcrumb":{"@id":"https:\/\/gaudiumetspes-blog.pl\/index.php\/2012\/02\/13\/jeszcze-raz-o-wierze-pytkiej-i-gebokiej\/#breadcrumb"},"inLanguage":"pl-PL","potentialAction":[{"@type":"ReadAction","target":["https:\/\/gaudiumetspes-blog.pl\/index.php\/2012\/02\/13\/jeszcze-raz-o-wierze-pytkiej-i-gebokiej\/"]}]},{"@type":"BreadcrumbList","@id":"https:\/\/gaudiumetspes-blog.pl\/index.php\/2012\/02\/13\/jeszcze-raz-o-wierze-pytkiej-i-gebokiej\/#breadcrumb","itemListElement":[{"@type":"ListItem","position":1,"name":"Strona g\u0142\u00f3wna","item":"https:\/\/gaudiumetspes-blog.pl\/"},{"@type":"ListItem","position":2,"name":"Jeszcze raz o&nbsp;wierze p\u0142ytkiej i&nbsp;g\u0142\u0119bokiej&#8230;"}]},{"@type":"WebSite","@id":"https:\/\/gaudiumetspes-blog.pl\/#website","url":"https:\/\/gaudiumetspes-blog.pl\/","name":"Gaudium Et Spes","description":"Blog Ks. Jacka Ja\u015bkowskiego","potentialAction":[{"@type":"SearchAction","target":{"@type":"EntryPoint","urlTemplate":"https:\/\/gaudiumetspes-blog.pl\/?s={search_term_string}"},"query-input":{"@type":"PropertyValueSpecification","valueRequired":true,"valueName":"search_term_string"}}],"inLanguage":"pl-PL"},{"@type":"Person","@id":"https:\/\/gaudiumetspes-blog.pl\/#\/schema\/person\/1661982992b752dea8dff0d4ed845a65","name":"Ks. Jacek","image":{"@type":"ImageObject","inLanguage":"pl-PL","@id":"https:\/\/gaudiumetspes-blog.pl\/#\/schema\/person\/image\/","url":"https:\/\/gaudiumetspes-blog.pl\/wp-content\/uploads\/2019\/07\/avatar-JJ-150x150.jpg","contentUrl":"https:\/\/gaudiumetspes-blog.pl\/wp-content\/uploads\/2019\/07\/avatar-JJ-150x150.jpg","caption":"Ks. Jacek"},"description":"Witam serdecznie! K\u0142ania si\u0119 Ks. Jacek Ja\u015bkowski. Nie jestem ani kim\u015b wa\u017cnym, ani kim\u015b znanym. Jestem ksi\u0119dzem, kt\u00f3ry po prostu chce rozmawia\u0107. Codzienna kap\u0142a\u0144ska pos\u0142uga pokazuje mi, \u017ce temat\u00f3w do rozm\u00f3w z ksi\u0119dzem jest coraz wi\u0119cej i dzisiaj \u017caden ksi\u0105dz nie mo\u017ce od nich ucieka\u0107, ale - wprost przeciwnie - podejmowa\u0107 nowe wyzwania. To przekonanie sk\u0142oni\u0142o mnie do pr\u00f3by otwarcia tego\u017c bloga, chocia\u017c okazji do rozm\u00f3w na co dzie\u0144 - w konfesjonale i poza nim - na szcz\u0119\u015bcie nie brakuje. My\u015bl\u0119 jednak, \u017ce ten blog b\u0119dzie jeszcze jednym sposobem i przestrzeni\u0105 nawi\u0105zania kontaktu z lud\u017ami dobrej woli, otwartymi na dialog.","url":"https:\/\/gaudiumetspes-blog.pl\/index.php\/author\/ks-jacek\/"}]}},"jetpack_featured_media_url":"","jetpack_sharing_enabled":true,"_links":{"self":[{"href":"https:\/\/gaudiumetspes-blog.pl\/index.php\/wp-json\/wp\/v2\/posts\/9581","targetHints":{"allow":["GET"]}}],"collection":[{"href":"https:\/\/gaudiumetspes-blog.pl\/index.php\/wp-json\/wp\/v2\/posts"}],"about":[{"href":"https:\/\/gaudiumetspes-blog.pl\/index.php\/wp-json\/wp\/v2\/types\/post"}],"author":[{"embeddable":true,"href":"https:\/\/gaudiumetspes-blog.pl\/index.php\/wp-json\/wp\/v2\/users\/1"}],"replies":[{"embeddable":true,"href":"https:\/\/gaudiumetspes-blog.pl\/index.php\/wp-json\/wp\/v2\/comments?post=9581"}],"version-history":[{"count":1,"href":"https:\/\/gaudiumetspes-blog.pl\/index.php\/wp-json\/wp\/v2\/posts\/9581\/revisions"}],"predecessor-version":[{"id":10502,"href":"https:\/\/gaudiumetspes-blog.pl\/index.php\/wp-json\/wp\/v2\/posts\/9581\/revisions\/10502"}],"wp:attachment":[{"href":"https:\/\/gaudiumetspes-blog.pl\/index.php\/wp-json\/wp\/v2\/media?parent=9581"}],"wp:term":[{"taxonomy":"category","embeddable":true,"href":"https:\/\/gaudiumetspes-blog.pl\/index.php\/wp-json\/wp\/v2\/categories?post=9581"},{"taxonomy":"post_tag","embeddable":true,"href":"https:\/\/gaudiumetspes-blog.pl\/index.php\/wp-json\/wp\/v2\/tags?post=9581"}],"curies":[{"name":"wp","href":"https:\/\/api.w.org\/{rel}","templated":true}]}}