{"id":9583,"date":"2012-02-11T07:26:00","date_gmt":"2012-02-11T06:26:00","guid":{"rendered":"https:\/\/gaudiumetspes-blog.pl\/index.php\/2012\/02\/11\/maryjo-uzdrowienie-chorych-modl-sie-za\/"},"modified":"2019-07-31T12:52:59","modified_gmt":"2019-07-31T10:52:59","slug":"maryjo-uzdrowienie-chorych-modl-sie-za","status":"publish","type":"post","link":"https:\/\/gaudiumetspes-blog.pl\/index.php\/2012\/02\/11\/maryjo-uzdrowienie-chorych-modl-sie-za\/","title":{"rendered":"Maryjo, uzdrowienie chorych &#8211; m\u00f3dl si\u0119 za nami!"},"content":{"rendered":"<p><\/p>\n<div class=\"MsoNormal\" style=\"text-align: justify;\">\nSzcz\u0119\u015b\u0107 Bo\u017ce! Moi Drodzy, dzisiaj znowu moje rozwa\u017canie. Zdecydowa\u0142em si\u0119 na &nbsp;uwzgl\u0119dnienie nieobowi\u0105zkowego wspomnienia Matki Bo\u017cej z Lourdes, a to ze wzgl\u0119du na to, i\u017c dotyczy ono Chorych, kt\u00f3rym w ten spos\u00f3b mo\u017cemy okaza\u0107 raz jeszcze modlitewne wsparcie i duchow\u0105 solidarno\u015b\u0107. A po drugie &#8211; by\u0142em tam dwa razy i bardzo prze\u017cy\u0142em wewn\u0119trznie modlitw\u0119 w tym miejscu.&nbsp;<\/div>\n<div class=\"MsoNormal\" style=\"text-align: justify;\">\n&nbsp; &nbsp; Kochani, pozdr\u00f3wcie wszystkich Chorych, Starszych, Niepe\u0142nosprawnych, przebywaj\u0105cych w Waszych domach i wszystkich, bliskich Waszym sercom! Zadzwo\u0144cie do nich, napiszcie smsa&#8230; A na pewno &#8211; pom\u00f3dlcie si\u0119 za Nich&#8230;<\/div>\n<div class=\"MsoNormal\" style=\"text-align: justify;\">\n&nbsp; &nbsp; &nbsp; &nbsp; &nbsp; Gaudium et spes! &nbsp;Ks. Jacek<\/div>\n<div class=\"MsoNormal\" style=\"text-align: justify;\">\n<b><br \/><\/b><\/div>\n<div class=\"MsoNormal\" style=\"text-align: justify;\">\n<b>Wspomnienie<br \/>\nN. M. P. z Lourdes,<\/b><\/div>\n<div class=\"MsoNormal\" style=\"text-align: justify;\">\n<b>do<br \/>\nczyta\u0144:&nbsp; 1 Krl 12,26\u201332;13,33\u201334;&nbsp; Mk 8,1\u201310<\/b><\/div>\n<div class=\"MsoNormal\" style=\"text-align: justify;\">\n<\/div>\n<div class=\"MsoNormal\" style=\"text-align: justify; text-indent: 35.4pt;\">\n<b>W 1858 roku, w cztery<br \/>\nlata po og\u0142oszeniu przez Piusa IX dogmatu o Niepokalanym Pocz\u0119ciu,<\/b> Matka Bo\u017ca zjawi\u0142a si\u0119 ubogiej pasterce, \u015awi\u0119tej Bernadecie<br \/>\nSoubirous, w Grocie Massabielskiej w Lourdes. W ten spos\u00f3b \u2013 je\u015bli tak mo\u017cna powiedzie\u0107<br \/>\n\u2013 <b>Niebo potwierdzi\u0142o prawd\u0119, kt\u00f3r\u0105<br \/>\nKo\u015bci\u00f3\u0142 odkry\u0142 i og\u0142osi\u0142 pod natchnieniem Ducha \u015awi\u0119tego.<\/b> Podczas osiemnastu<br \/>\nzjawie\u0144, dokonuj\u0105cych si\u0119 w okresie <b>od 11<br \/>\nlutego do 16 lipca 1858 roku,<\/b> Maryja wzywa\u0142a do modlitwy i pokuty. <\/div>\n<div class=\"MsoNormal\" style=\"text-align: justify; text-indent: 35.4pt;\">\n11 lutego, Bernadetta Soubirous wraz z siostr\u0105 i przyjaci\u00f3\u0142k\u0105<br \/>\nuda\u0142a si\u0119 w pobli\u017ce Starej Ska\u0142y \u2013 Massabielle \u2013 na poszukiwanie suchych<br \/>\nga\u0142\u0119zi, aby rozpali\u0107 ogie\u0144 w domu. Gdy zosta\u0142a sama, <b>us\u0142ysza\u0142a dziwny d\u017awi\u0119k, podobny do szumu wiatru i zobaczy\u0142a \u015bwiat\u0142o\u015b\u0107,<br \/>\nz kt\u00f3rej wy\u0142oni\u0142a si\u0119 posta\u0107 \u201ePi\u0119knej Pani\u201d z r\u00f3\u017ca\u0144cem w r\u0119ku.<\/b> Odt\u0105d objawienia<br \/>\npowtarza\u0142y si\u0119. <\/div>\n<div class=\"MsoNormal\" style=\"text-align: justify; text-indent: 35.4pt;\">\nBernadetta opowiedzia\u0142a o tym wydarzeniu kole\u017cankom, te rozpowiedzia\u0142y<br \/>\no tym s\u0105siadom. Rodzice skrzyczeli Bernadett\u0119, \u017ce rozpowiada plotki i zakazali<br \/>\njej chodzi\u0107 do groty, w kt\u00f3rej mia\u0142a jej si\u0119 ukaza\u0107 Matka Bo\u017ca. <b>Cofn\u0119li jednak zakaz, gdy zobaczyli, \u017ce<br \/>\ndziecko ga\u015bnie im dos\u0142ownie w oczach z powodu jakiej\u015b wewn\u0119trznej udr\u0119ki.<\/b> <\/div>\n<div class=\"MsoNormal\" style=\"text-align: justify; text-indent: 35.4pt;\">\nDnia 14 lutego dziewcz\u0119ta uda\u0142y si\u0119 najpierw do ko\u015bcio\u0142a i wzi\u0119\u0142y<br \/>\nze sob\u0105 wod\u0119 \u015bwi\u0119con\u0105. Gdy przyby\u0142y do groty, by\u0142o ju\u017c po po\u0142udniu. Kiedy w<br \/>\nczasie odmawiania R\u00f3\u017ca\u0144ca ponownie ukaza\u0142a si\u0119 Matka Bo\u017ca, Bernadetta \u2013 id\u0105c za<br \/>\nporad\u0105 towarzyszek \u2013 <b>pokropi\u0142a J\u0105<\/b> i<br \/>\nwypowiedzia\u0142a s\u0142owa: \u201eJe\u015bli przychodzisz od Boga, zbli\u017c si\u0119! Je\u015bli od szatana,<br \/>\nid\u017a precz!\u201d. Pani, u\u015bmiechaj\u0105c si\u0119, zbli\u017cy\u0142a si\u0119 a\u017c do wylotu groty \u2013 <b>i odmawia\u0142a R\u00f3\u017caniec.<\/b> <\/div>\n<div class=\"MsoNormal\" style=\"text-align: justify; text-indent: 35.4pt;\">\n18 lutego Bernadetta uda\u0142a si\u0119 w pobli\u017ce groty z dwiema znajomymi<br \/>\nrodziny Soubirous. Te przekonane, <b>\u017ce<br \/>\nmo\u017ce to jest jaka dusza czy\u015b\u0107cowa, <\/b>poradzi\u0142y Bernadecie, aby poprosi\u0142a Zjaw\u0119<br \/>\no napisanie \u017cyczenia na kartce papieru, kt\u00f3r\u0105 ze sob\u0105 przynios\u0142y. Pani<br \/>\nodpowiedzia\u0142a: <b>\u201ePisanie tego, co ci chc\u0119<br \/>\npowiedzie\u0107, jest niepotrzebne\u201d<\/b>. Matka Bo\u017ca poleci\u0142a dziewczynce, aby<br \/>\nprzychodzi\u0142a przez kolejnych pi\u0119tna\u015bcie dni. <\/div>\n<div class=\"MsoNormal\" style=\"text-align: justify; text-indent: 35.4pt;\">\nWiadomo\u015b\u0107 rozesz\u0142a si\u0119 lotem b\u0142yskawicy po ca\u0142ym miasteczku. 21<br \/>\nlutego, w niedziel\u0119, zjawi\u0142o si\u0119 przy grocie ska\u0142 massabielskich kilka tysi\u0119cy<br \/>\nludzi. <b>Pe\u0142na smutku Matka Bo\u017ca zach\u0119ca\u0142a<br \/>\nBernadett\u0119, aby modli\u0142a si\u0119 za grzesznik\u00f3w.<\/b> Tego\u017c dnia, gdy Bernadetta<br \/>\nwychodzi\u0142a po po\u0142udniu z ko\u015bcio\u0142a z Nieszpor\u00f3w, zosta\u0142a <b>zatrzymana przez komendanta miejscowej policji i poddana \u015bledztwu.<\/b><br \/>\nKiedy dnia nast\u0119pnego uda\u0142a si\u0119 do szko\u0142y, ucz\u0105ce j\u0105 siostry zacz\u0119\u0142y j\u0105 karci\u0107,<br \/>\n\u017ce <b>wprowadzi\u0142a tyle zamieszania swoimi<br \/>\nprzywidzeniami.<\/b> <\/div>\n<div class=\"MsoNormal\" style=\"text-align: justify; text-indent: 35.4pt;\">\n23 lutego Matka Bo\u017ca ukaza\u0142a si\u0119 Bernadecie ponownie i poleci\u0142a<br \/>\njej, aby uda\u0142a si\u0119 do miejscowego proboszcza <b>z pro\u015bb\u0105, by w miejscu objawie\u0144 wystawiono ku Jej czci kaplic\u0119.<\/b><br \/>\nRoztropny proboszcz, a r\u00f3wnocze\u015bnie tak\u017ce dziekan, po pilnym przeegzaminowaniu<br \/>\nczternastoletniej dziewczynki, rzek\u0142 do niej: <b>\u201eM\u00f3wi\u0142a\u015b mi, \u017ce u st\u00f3p tej Pani w miejscu, gdzie zwyk\u0142a stawa\u0107, jest<br \/>\nkrzak dzikiej r\u00f3\u017cy. Popro\u015b J\u0105, aby kaza\u0142a tej ga\u0142\u0119zi rozkwitn\u0105\u0107\u201d<\/b>. Przy<br \/>\nnajbli\u017cszym zjawieniu si\u0119 Matki Bo\u017cej Bernadetta powt\u00f3rzy\u0142a s\u0142owa proboszcza.<br \/>\nPani odpowiedzia\u0142a u\u015bmiechem, a potem ze smutkiem wypowiedzia\u0142a s\u0142owa: \u201ePokuty\u2026<br \/>\npokuty\u2026 pokuty\u2026\u201d.<\/div>\n<div class=\"MsoNormal\" style=\"text-align: justify; text-indent: 35.4pt;\">\n25 lutego, w czasie ekstazy, Bernadetta s\u0142yszy polecenie: <b>\u201eA teraz id\u017a do \u017ar\u00f3d\u0142a, napij si\u0119 z niego i<br \/>\nobmyj si\u0119 w nim\u201d.<\/b> Dziewczynka skierowa\u0142a swoje kroki do pobliskiej rzeki,<br \/>\nale us\u0142ysza\u0142a g\u0142os: \u201eNie w t\u0119 stron\u0119! Nie m\u00f3wi\u0142am ci przecie\u017c, aby\u015b pi\u0142a wod\u0119 z<br \/>\nrzeki, <b>ale ze \u017ar\u00f3d\u0142a. Ono jest tu\u201d.<\/b><br \/>\nBernadetta na kolanach pod\u0105\u017cy\u0142a ku wskazanemu w pobli\u017cu groty miejscu. Gdy<br \/>\nzacz\u0119\u0142a grzeba\u0107, pokaza\u0142a si\u0119 woda. <b>Na<br \/>\noczach t\u0142umu \u015bledz\u0105cego wszystko uwa\u017cnie ukaza\u0142o si\u0119 \u017ar\u00f3d\u0142o, kt\u00f3rego dot\u0105d nie<br \/>\nby\u0142o. Woda bi\u0142a z niego coraz obficiej i szerokim strumieniem p\u0142yn\u0119\u0142a do rzeki.<\/b>\n<\/div>\n<div class=\"MsoNormal\" style=\"text-align: justify; text-indent: 35.4pt;\">\nOkaza\u0142o si\u0119 rych\u0142o, \u017ce woda ta <b>ma moc lecznicz\u0105.<\/b> Nast\u0119pnego bowiem dnia pos\u0142a\u0142 do \u017ar\u00f3d\u0142a po wod\u0119<br \/>\nswoj\u0105 c\u00f3rk\u0119 miejscowy kamieniarz, rze\u017abiarz nagrobk\u00f3w. Straci\u0142 prawe oko przy<br \/>\nrozsadzaniu dynamitem blok\u00f3w kamiennych. Tak\u017ce na lewe oko widzia\u0142 coraz<br \/>\ns\u0142abiej. <b>Po gor\u0105cej modlitwie pocz\u0105\u0142<br \/>\nprzemywa\u0107 sobie ow\u0105 wod\u0105 oczy i natychmiast odzyska\u0142 wzrok.<\/b> Cud ten<br \/>\nzapocz\u0105tkowa\u0142 ca\u0142y szereg innych znak\u00f3w i cud\u00f3w. <\/div>\n<div class=\"MsoNormal\" style=\"text-align: justify; text-indent: 35.4pt;\">\n27 lutego Matka Bo\u017ca <b>ponowi\u0142a<br \/>\n\u017cyczenie, aby na tym miejscu powsta\u0142a kaplica. <\/b>1 marca 1858 roku poleci\u0142a<br \/>\nBernadecie, aby modli\u0142a si\u0119 nadal na r\u00f3\u017ca\u0144cu. 2 marca z kolei, Matka Bo\u017ca<br \/>\npoprosi\u0142a, <b>aby do groty urz\u0105dzano<br \/>\nprocesje.<\/b> Zawiadomiony o tym proboszcz odpowiedzia\u0142, \u017ce b\u0119dzie to m\u00f3g\u0142<br \/>\nuczyni\u0107 <b>dopiero za pozwoleniem swojego<br \/>\nbiskupa.<\/b> <\/div>\n<div class=\"MsoNormal\" style=\"text-align: justify; text-indent: 35.4pt;\">\nTymczasem, 4 marca, na oczach oko\u0142o dwudziestu tysi\u0119cy ludzi <b>zosta\u0142 cudownie uleczony przy \u017ar\u00f3dle<br \/>\nmiejscowy restaurator.<\/b> Mia\u0142 on na wierzchu d\u0142oni wielk\u0105 naro\u015bl. Lekarze<br \/>\norzekli, \u017ce jest to z\u0142o\u015bliwy rak i trzeba r\u0119k\u0119 amputowa\u0107. <b>Kiedy modli\u0142 si\u0119 gor\u0105co i poleca\u0142 wstawiennictwu Bernadetty, zanurzy\u0142<br \/>\nr\u0119k\u0119 i wyci\u0105gn\u0105\u0142 j\u0105 zupe\u0142nie zdrow\u0105, bez ropiej\u0105cej naro\u015bli.<\/b> A poprzedniego<br \/>\ndnia, pewna matka dozna\u0142a \u0142aski nag\u0142ego uzdrowienia swojego dziecka, zanurzaj\u0105c<br \/>\nje ca\u0142e w zimnej wodzie \u017ar\u00f3d\u0142a \u2013 <b>i to w<br \/>\nsytuacji, w kt\u00f3rej lekarze orzekli, \u017ce dni dziecka s\u0105 ju\u017c policzone.<\/b> <\/div>\n<div class=\"MsoNormal\" style=\"text-align: justify; text-indent: 35.4pt;\">\nWtedy te\u017c nast\u0105pi\u0142a d\u0142u\u017csza przerwa w objawieniach. Dopiero <b>25 marca, w uroczysto\u015b\u0107 Zwiastowania,<br \/>\nBernadetta ponownie zobaczy\u0142a Matk\u0119 Bo\u017c\u0105.<\/b> Kiedy J\u0105 zapyta\u0142a o imi\u0119,<br \/>\notrzyma\u0142a odpowied\u017a: <b>\u201eJam jest<br \/>\nNiepokalane Pocz\u0119cie\u201d.<\/b> By\u0142y to bardzo wa\u017cne s\u0142owa, poniewa\u017c mija\u0142y zaledwie<br \/>\ncztery lata od og\u0142oszenia przez Papie\u017ca Piusa IX dogmatu o Niepokalanym<br \/>\nPocz\u0119ciu Maryi, a przecie\u017c w\u00f3wczas \u015brodki komunikacji spo\u0142ecznej nie by\u0142y tak<br \/>\nrozwini\u0119te jak dzisiaj, dlatego <b>informacje<br \/>\nnie rozchodzi\u0142y si\u0119 po \u015bwiecie zbyt szybko i nie dociera\u0142y tak sprawnie, jak<br \/>\nobecnie, do \u015bwiadomo\u015bci ludzi<\/b> \u2013 szczeg\u00f3lnie <b>tak prostych, jak Bernadetta.<\/b> Dlatego ten dzie\u0144 mo\u017cna okre\u015bli\u0107 jako<br \/>\n<b>swoisty prze\u0142om<\/b> w uwiarygodnianiu<br \/>\ninformacji o objawianiu si\u0119 Matki Bo\u017cej. <\/div>\n<div class=\"MsoNormal\" style=\"text-align: justify; text-indent: 35.4pt;\">\nPo kolejnej d\u0142u\u017cszej przerwie, 7 kwietnia, w \u015brod\u0119 po Wielkanocy,<br \/>\nponownie Matka Bo\u017ca objawi\u0142a si\u0119 Bernadecie. Po rozej\u015bciu si\u0119 t\u0142um\u00f3w policja<br \/>\npod pozorem bezpiecze\u0144stwa publicznego i konieczno\u015bci przeprowadzenia bada\u0144<br \/>\nwody, <b>zamkn\u0119\u0142a dost\u0119p do \u017ar\u00f3d\u0142a i groty.<\/b><br \/>\nZabrano tak\u017ce do komisariatu liczne ju\u017c z\u0142o\u017cone wota. Jednak Bernadetta<br \/>\nucz\u0119szcza\u0142a tam nadal i kl\u0119kaj\u0105c opodal, modli\u0142a si\u0119. <\/div>\n<div class=\"MsoNormal\" style=\"text-align: justify; text-indent: 35.4pt;\">\n16 lipca, w uroczysto\u015b\u0107 Matki Bo\u017cej Szkaplerznej, Matka Bo\u017ca<br \/>\npojawi\u0142a si\u0119 po raz ostatni. 18 stycznia 1862 roku, komisja powo\u0142ana przez<br \/>\nmiejscowego biskupa \u2013 po wielu badaniach \u2013 og\u0142osi\u0142a dekret, \u017ce <b>\u201emo\u017cna da\u0107 wiar\u0119\u201d zjawiskom, jakie si\u0119<br \/>\nprzydarzy\u0142y w Lourdes.<\/b> W roku 1875 arcybiskup Pary\u017ca po\u015bwi\u0119ci\u0142 uroczy\u015bcie<br \/>\n\u015bwi\u0105tyni\u0119, wybudowan\u0105 na miejscu objawie\u0144. W uroczysto\u015bci tej wzi\u0119\u0142o udzia\u0142<br \/>\ntrzydziestu pi\u0119ciu arcybiskup\u00f3w i biskup\u00f3w, trzy tysi\u0105ce kap\u0142an\u00f3w i sto tysi\u0119cy<br \/>\nwiernych. W roku 1891, Leon XIII ustanowi\u0142 \u015bwi\u0119to Objawienia si\u0119 Matki Bo\u017cej w<br \/>\nLourdes, kt\u00f3re <b>\u015awi\u0119ty Pius X w 1907 roku<br \/>\nrozci\u0105gn\u0105\u0142 na ca\u0142y Ko\u015bci\u00f3\u0142.<\/b> W roku 1933 Bernadetta Soubirous zosta\u0142a kanonizowana.<\/div>\n<div class=\"MsoNormal\" style=\"text-align: justify; text-indent: 35.4pt;\">\nA oto jak ona sama opisa\u0142a, w roku 1861 \u2013 w jednym z list\u00f3w \u2013<br \/>\nwydarzenia, w kt\u00f3rych uczestniczy\u0142a: \u201ePewnego dnia, kiedy wraz z dwiema<br \/>\ndziewczynkami uda\u0142am si\u0119 nad rzek\u0119 Gave, aby nazbiera\u0107 chrustu, us\u0142ysza\u0142am<br \/>\njakby szelest wiatru. Obr\u00f3ci\u0142am si\u0119 ku \u0142\u0105ce, ale zobaczy\u0142am, i\u017c ga\u0142\u0105zki drzew<br \/>\nnie poruszaj\u0105 si\u0119 wcale. Unios\u0142am wtedy g\u0142ow\u0119 i spojrza\u0142am w kierunku groty. <b>Zobaczy\u0142am Pani\u0105 odzian\u0105 w bia\u0142e szaty.<br \/>\nMia\u0142a na sobie bia\u0142\u0105 sukni\u0119, przepasana by\u0142a niebiesk\u0105 wst\u0119g\u0105, na ka\u017cdej z Jej<br \/>\nst\u00f3p spoczywa\u0142a z\u0142ocista r\u00f3\u017ca.<\/b> Taki sam kolor mia\u0142y ziarenka Jej r\u00f3\u017ca\u0144ca.&nbsp;<\/div>\n<div class=\"MsoNormal\" style=\"text-align: justify; text-indent: 25.0pt;\">\nKiedy J\u0105 zobaczy\u0142am, przetar\u0142am oczy s\u0105dz\u0105c, i\u017c mi si\u0119 przywidzia\u0142o.<br \/>\nZaraz te\u017c w\u0142o\u017cy\u0142am r\u0119k\u0119 do kieszonki i znalaz\u0142am sw\u00f3j r\u00f3\u017caniec. <b>Chcia\u0142am prze\u017cegna\u0107 si\u0119, ale nie mog\u0142am<br \/>\nunie\u015b\u0107 opadaj\u0105cej r\u0119ki. Dopiero kiedy Pani uczyni\u0142a znak krzy\u017ca, wtedy i ja<br \/>\ndr\u017c\u0105c\u0105 r\u0119k\u0105 spr\u00f3bowa\u0142am, i uda\u0142o si\u0119.<\/b> R\u00f3wnocze\u015bnie zacz\u0119\u0142am odmawia\u0107 R\u00f3\u017caniec.<br \/>\nTak\u017ce Pani przesuwa\u0142a ziarenka r\u00f3\u017ca\u0144ca, ale nie porusza\u0142a wargami. Kiedy<br \/>\nsko\u0144czy\u0142am odmawianie, widzenie usta\u0142o natychmiast.&nbsp;<\/div>\n<div class=\"MsoNormal\" style=\"text-align: justify; text-indent: 25.0pt;\">\nZapyta\u0142am wi\u0119c obydwie dziewczynki, czy czego\u015b nie widzia\u0142y.<br \/>\nOdpowiedzia\u0142y, \u017ce nie. Spyta\u0142y natomiast, co takiego mam im do opowiedzenia.<br \/>\nWtedy oznajmi\u0142am im, \u017ce <b>widzia\u0142am Pani\u0105<br \/>\nw bieli i \u017ce nie wiem, kim Ona mog\u0142aby by\u0107.<\/b> Upomnia\u0142am je jednak, aby nie<br \/>\nm\u00f3wi\u0142y o tym nikomu. One znowu namawia\u0142y mnie, \u017cebym nie wraca\u0142a na to miejsce,<br \/>\nale ja si\u0119 na to nie zgodzi\u0142am. <b>Wr\u00f3ci\u0142am<br \/>\nwi\u0119c na to samo miejsce w niedziel\u0119, czuj\u0105c wewn\u0119trznie, \u017ce co\u015b mnie tam wo\u0142a.&nbsp;<\/b><\/div>\n<div class=\"MsoNormal\" style=\"text-align: justify; text-indent: 35.4pt;\">\nPani przem\u00f3wi\u0142a do mnie dopiero za trzecim razem. Zapyta\u0142a, czy<br \/>\nnie zechcia\u0142abym przychodzi\u0107 tu do Niej przez dni pi\u0119tna\u015bcie. Odpowiedzia\u0142am,<br \/>\n\u017ce chc\u0119. Pani powiedzia\u0142a jeszcze, \u017ce <b>mam<br \/>\npowiedzie\u0107 kap\u0142anom, aby postarali si\u0119 o wybudowanie na tym miejscu kaplicy.<\/b><br \/>\nNast\u0119pnie poleci\u0142a mi napi\u0107 si\u0119 wody ze \u017ar\u00f3d\u0142a. Poniewa\u017c nie widzia\u0142am tam \u017cadnego<br \/>\n\u017ar\u00f3d\u0142a, zwr\u00f3ci\u0142am si\u0119 w stron\u0119 rzeki Gave. Ale Pani da\u0142a mi znak, \u017ce nie tam, i<br \/>\npalcem pokaza\u0142a na \u017ar\u00f3d\u0142o. Kiedy podesz\u0142am bli\u017cej, znalaz\u0142am zaledwie <b>odrobin\u0119 b\u0142otnistej wody.<\/b> Nadstawi\u0142am<br \/>\nd\u0142o\u0144, ale nic nie mog\u0142am pochwyci\u0107. Zacz\u0119\u0142am wi\u0119c dr\u0105\u017cy\u0107 ziemi\u0119 w tym miejscu <b>i dopiero w\u00f3wczas mog\u0142am zaczerpn\u0105\u0107 nieco<br \/>\nwody. Odrzuci\u0142am trzy razy, za czwartym razem wypi\u0142am.<\/b> Widzenie znik\u0142o, a<br \/>\nja powr\u00f3ci\u0142am do domu.&nbsp;<\/div>\n<div class=\"MsoNormal\" style=\"text-align: justify; text-indent: 35.4pt;\">\nPrzez pi\u0119tna\u015bcie dni powraca\u0142am na to miejsce, <b>a Pani ukazywa\u0142a mi si\u0119 za ka\u017cdym razem, z<br \/>\nwyj\u0105tkiem jednego wtorku i pi\u0105tku.<\/b> Poleca\u0142a na nowo, abym zach\u0119ci\u0142a<br \/>\nkap\u0142an\u00f3w do wybudowania kaplicy, zach\u0119ci\u0142a tak\u017ce, abym si\u0119 obmy\u0142a w \u017ar\u00f3dle <b>i abym si\u0119 modli\u0142a o nawr\u00f3cenie<br \/>\ngrzesznik\u00f3w.<\/b> Wielokrotnie zapytywa\u0142am, kim jest, ale Ona u\u015bmiecha\u0142a si\u0119<br \/>\ntylko \u0142agodnie. W ko\u0144cu, trzymaj\u0105c r\u0119ce uniesione i kieruj\u0105c wzrok ku niebu <b>powiedzia\u0142a, \u017ce jest Niepokalanym<br \/>\nPocz\u0119ciem.\u201d <\/b>Tyle ze wspomnie\u0144 samej Bernadetty.<\/div>\n<div class=\"MsoNormal\" style=\"text-align: justify; text-indent: 35.4pt;\">\nA my, przyjmuj\u0105c dar S\u0142owa Bo\u017cego,<br \/>\nprzeznaczonego na dzisiejszy dzie\u0144, s\u0142yszymy histori\u0119 rozmno\u017cenia chleba i ryb<br \/>\n\u2013 i nakarmienia kilku tysi\u0119cy ludzi. <b>Czy\u017c<br \/>\nte t\u0142umy, kt\u00f3re otacza\u0142y Jezusa, nie przypominaj\u0105 nam owych t\u0142um\u00f3w, kt\u00f3re otacza\u0142y<br \/>\nGrot\u0119 Massabielsk\u0105 w Lourdes?<\/b> I jedni, i drudzy, przybyli, aby do\u015bwiadczy\u0107<br \/>\npomocy ze strony Boga. Owszem, by\u0107 mo\u017ce niekt\u00f3rych przywiod\u0142a tam na pocz\u0105tku<br \/>\njaka\u015b wie\u015b\u0107 sensacyjna i tajemnicza, ale <b>z<br \/>\nczasem przekonali si\u0119 o niezwyk\u0142ym dzia\u0142aniu Bo\u017cym \u2013 i tego dzia\u0142ania na sobie<br \/>\ndo\u015bwiadczyli.<\/b> Tak jedni, jak i drudzy. <\/div>\n<div class=\"MsoNormal\" style=\"text-align: justify; text-indent: 35.4pt;\">\nA to tylko potwierdza, jak bardzo B\u00f3g<br \/>\nczuwa nad nami <b>i jak bardzo nas kocha,<br \/>\nskoro nie szcz\u0119dzi znak\u00f3w swojej opieki,<\/b> tak\u017ce \u2013 a mo\u017ce szczeg\u00f3lnie \u2013 <b>w obliczu dziej\u0105cego si\u0119 na \u015bwiecie z\u0142a i odst\u0119pstwwa,<\/b><br \/>\ntak jaskrawo wyra\u017conego dzi\u015b w pierwszym czytaniu w postawie Jeroboama. B\u00f3g<br \/>\ndaje nam szans\u0119, <b>sam wychodzi z propozycj\u0105<br \/>\npomocy i ratunku.<\/b> I z pragnieniem zaradzenia tak\u017ce tym <b>podstawowym potrzebom cz\u0142owieka,<\/b> jak potrzeba pokarmu \u2013 i zdrowia. <\/div>\n<div class=\"MsoNormal\" style=\"text-align: justify; text-indent: 35.4pt;\">\nLourdes bowiem sta\u0142o si\u0119 <b>\u015bwiatowym sanktuarium chorych.<\/b> By\u0142em<br \/>\ntam dwa razy i mog\u0119 powiedzie\u0107, \u017ce za ka\u017cdym razem doznawa\u0142em jakiego\u015b <b>szczeg\u00f3lnego umocnienia swojej wiary,<\/b><br \/>\ngdy widzia\u0142em, jak na twarzach ca\u0142ej tej biedoty, przyby\u0142ej tam z r\u00f3\u017cnych<br \/>\nzak\u0105tk\u00f3w \u015bwiata, <b>maluje si\u0119 autentyczna<br \/>\nrado\u015b\u0107 i pok\u00f3j. Pomimo cierpienia! <\/b>Wida\u0107 to szczeg\u00f3lnie w trakcie procesji<br \/>\neucharystycznej, kiedy to wszystkich chorych prowadzi si\u0119 w w\u00f3zkach za<br \/>\nNaj\u015bwi\u0119tszym Sakramentem. <b>Jaki\u017c to<br \/>\nwspania\u0142y znam zjednoczenia ludzkiego cierpienia z ofiar\u0105 Jezusa Chrystusa!<\/b><\/div>\n<div class=\"MsoNormal\" style=\"text-align: justify; text-indent: 35.4pt;\">\nNiech do\u015bwiadczenie dobroci Boga<br \/>\nnauczy nas wszystkich, Kochani, prawdziwego wsp\u00f3\u0142czucia, jakie ze szczerego<br \/>\nserca okazywa\u0107 b\u0119dziemy wszystkim potrzebuj\u0105cym, szczeg\u00f3lnie chorym \u2013 <b>wsp\u00f3\u0142czucia wyra\u017conego nie tyle s\u0142owami, co<br \/>\nkonkretnymi czynami, wspartymi modlitw\u0105<\/b>\u2026<\/div>\n","protected":false},"excerpt":{"rendered":"<p>Szcz\u0119\u015b\u0107 Bo\u017ce! Moi Drodzy, dzisiaj znowu moje rozwa\u017canie. Zdecydowa\u0142em si\u0119 na &nbsp;uwzgl\u0119dnienie nieobowi\u0105zkowego wspomnienia Matki Bo\u017cej z Lourdes, a to ze wzgl\u0119du na to, i\u017c dotyczy ono Chorych, kt\u00f3rym w ten spos\u00f3b mo\u017cemy okaza\u0107 raz jeszcze modlitewne wsparcie i duchow\u0105 solidarno\u015b\u0107. A po drugie &#8211; by\u0142em tam dwa razy i bardzo prze\u017cy\u0142em wewn\u0119trznie modlitw\u0119 w [&hellip;]<\/p>\n","protected":false},"author":1,"featured_media":0,"comment_status":"open","ping_status":"open","sticky":false,"template":"","format":"standard","meta":{"jetpack_post_was_ever_published":false,"_jetpack_newsletter_access":"","_jetpack_dont_email_post_to_subs":false,"_jetpack_newsletter_tier_id":0,"_jetpack_memberships_contains_paywalled_content":false,"_jetpack_memberships_contains_paid_content":false,"footnotes":""},"categories":[1],"tags":[],"class_list":["post-9583","post","type-post","status-publish","format-standard","hentry","category-bez-kategorii"],"yoast_head":"<!-- This site is optimized with the Yoast SEO plugin v25.1 - https:\/\/yoast.com\/wordpress\/plugins\/seo\/ -->\n<title>Maryjo, uzdrowienie chorych - m\u00f3dl si\u0119 za nami! - Gaudium Et Spes<\/title>\n<meta name=\"robots\" content=\"index, follow, max-snippet:-1, max-image-preview:large, max-video-preview:-1\" \/>\n<link rel=\"canonical\" href=\"https:\/\/gaudiumetspes-blog.pl\/index.php\/2012\/02\/11\/maryjo-uzdrowienie-chorych-modl-sie-za\/\" \/>\n<meta property=\"og:locale\" content=\"pl_PL\" \/>\n<meta property=\"og:type\" content=\"article\" \/>\n<meta property=\"og:title\" content=\"Maryjo, uzdrowienie chorych - m\u00f3dl si\u0119 za nami! - Gaudium Et Spes\" \/>\n<meta property=\"og:description\" content=\"Szcz\u0119\u015b\u0107 Bo\u017ce! Moi Drodzy, dzisiaj znowu moje rozwa\u017canie. Zdecydowa\u0142em si\u0119 na &nbsp;uwzgl\u0119dnienie nieobowi\u0105zkowego wspomnienia Matki Bo\u017cej z Lourdes, a to ze wzgl\u0119du na to, i\u017c dotyczy ono Chorych, kt\u00f3rym w ten spos\u00f3b mo\u017cemy okaza\u0107 raz jeszcze modlitewne wsparcie i duchow\u0105 solidarno\u015b\u0107. A po drugie &#8211; by\u0142em tam dwa razy i bardzo prze\u017cy\u0142em wewn\u0119trznie modlitw\u0119 w [&hellip;]\" \/>\n<meta property=\"og:url\" content=\"https:\/\/gaudiumetspes-blog.pl\/index.php\/2012\/02\/11\/maryjo-uzdrowienie-chorych-modl-sie-za\/\" \/>\n<meta property=\"og:site_name\" content=\"Gaudium Et Spes\" \/>\n<meta property=\"article:published_time\" content=\"2012-02-11T06:26:00+00:00\" \/>\n<meta property=\"article:modified_time\" content=\"2019-07-31T10:52:59+00:00\" \/>\n<meta name=\"author\" content=\"Ks. Jacek\" \/>\n<meta name=\"twitter:card\" content=\"summary_large_image\" \/>\n<meta name=\"twitter:label1\" content=\"Napisane przez\" \/>\n\t<meta name=\"twitter:data1\" content=\"Ks. Jacek\" \/>\n\t<meta name=\"twitter:label2\" content=\"Szacowany czas czytania\" \/>\n\t<meta name=\"twitter:data2\" content=\"11 minut\" \/>\n<script type=\"application\/ld+json\" class=\"yoast-schema-graph\">{\"@context\":\"https:\/\/schema.org\",\"@graph\":[{\"@type\":\"WebPage\",\"@id\":\"https:\/\/gaudiumetspes-blog.pl\/index.php\/2012\/02\/11\/maryjo-uzdrowienie-chorych-modl-sie-za\/\",\"url\":\"https:\/\/gaudiumetspes-blog.pl\/index.php\/2012\/02\/11\/maryjo-uzdrowienie-chorych-modl-sie-za\/\",\"name\":\"Maryjo, uzdrowienie chorych - m\u00f3dl si\u0119 za nami! - Gaudium Et Spes\",\"isPartOf\":{\"@id\":\"https:\/\/gaudiumetspes-blog.pl\/#website\"},\"datePublished\":\"2012-02-11T06:26:00+00:00\",\"dateModified\":\"2019-07-31T10:52:59+00:00\",\"author\":{\"@id\":\"https:\/\/gaudiumetspes-blog.pl\/#\/schema\/person\/1661982992b752dea8dff0d4ed845a65\"},\"breadcrumb\":{\"@id\":\"https:\/\/gaudiumetspes-blog.pl\/index.php\/2012\/02\/11\/maryjo-uzdrowienie-chorych-modl-sie-za\/#breadcrumb\"},\"inLanguage\":\"pl-PL\",\"potentialAction\":[{\"@type\":\"ReadAction\",\"target\":[\"https:\/\/gaudiumetspes-blog.pl\/index.php\/2012\/02\/11\/maryjo-uzdrowienie-chorych-modl-sie-za\/\"]}]},{\"@type\":\"BreadcrumbList\",\"@id\":\"https:\/\/gaudiumetspes-blog.pl\/index.php\/2012\/02\/11\/maryjo-uzdrowienie-chorych-modl-sie-za\/#breadcrumb\",\"itemListElement\":[{\"@type\":\"ListItem\",\"position\":1,\"name\":\"Strona g\u0142\u00f3wna\",\"item\":\"https:\/\/gaudiumetspes-blog.pl\/\"},{\"@type\":\"ListItem\",\"position\":2,\"name\":\"Maryjo, uzdrowienie chorych &#8211; m\u00f3dl si\u0119 za&nbsp;nami!\"}]},{\"@type\":\"WebSite\",\"@id\":\"https:\/\/gaudiumetspes-blog.pl\/#website\",\"url\":\"https:\/\/gaudiumetspes-blog.pl\/\",\"name\":\"Gaudium Et Spes\",\"description\":\"Blog Ks. Jacka Ja\u015bkowskiego\",\"potentialAction\":[{\"@type\":\"SearchAction\",\"target\":{\"@type\":\"EntryPoint\",\"urlTemplate\":\"https:\/\/gaudiumetspes-blog.pl\/?s={search_term_string}\"},\"query-input\":{\"@type\":\"PropertyValueSpecification\",\"valueRequired\":true,\"valueName\":\"search_term_string\"}}],\"inLanguage\":\"pl-PL\"},{\"@type\":\"Person\",\"@id\":\"https:\/\/gaudiumetspes-blog.pl\/#\/schema\/person\/1661982992b752dea8dff0d4ed845a65\",\"name\":\"Ks. Jacek\",\"image\":{\"@type\":\"ImageObject\",\"inLanguage\":\"pl-PL\",\"@id\":\"https:\/\/gaudiumetspes-blog.pl\/#\/schema\/person\/image\/\",\"url\":\"https:\/\/gaudiumetspes-blog.pl\/wp-content\/uploads\/2019\/07\/avatar-JJ-150x150.jpg\",\"contentUrl\":\"https:\/\/gaudiumetspes-blog.pl\/wp-content\/uploads\/2019\/07\/avatar-JJ-150x150.jpg\",\"caption\":\"Ks. Jacek\"},\"description\":\"Witam serdecznie! K\u0142ania si\u0119 Ks. Jacek Ja\u015bkowski. Nie jestem ani kim\u015b wa\u017cnym, ani kim\u015b znanym. Jestem ksi\u0119dzem, kt\u00f3ry po prostu chce rozmawia\u0107. Codzienna kap\u0142a\u0144ska pos\u0142uga pokazuje mi, \u017ce temat\u00f3w do rozm\u00f3w z ksi\u0119dzem jest coraz wi\u0119cej i dzisiaj \u017caden ksi\u0105dz nie mo\u017ce od nich ucieka\u0107, ale - wprost przeciwnie - podejmowa\u0107 nowe wyzwania. To przekonanie sk\u0142oni\u0142o mnie do pr\u00f3by otwarcia tego\u017c bloga, chocia\u017c okazji do rozm\u00f3w na co dzie\u0144 - w konfesjonale i poza nim - na szcz\u0119\u015bcie nie brakuje. My\u015bl\u0119 jednak, \u017ce ten blog b\u0119dzie jeszcze jednym sposobem i przestrzeni\u0105 nawi\u0105zania kontaktu z lud\u017ami dobrej woli, otwartymi na dialog.\",\"url\":\"https:\/\/gaudiumetspes-blog.pl\/index.php\/author\/ks-jacek\/\"}]}<\/script>\n<!-- \/ Yoast SEO plugin. -->","yoast_head_json":{"title":"Maryjo, uzdrowienie chorych - m\u00f3dl si\u0119 za nami! - Gaudium Et Spes","robots":{"index":"index","follow":"follow","max-snippet":"max-snippet:-1","max-image-preview":"max-image-preview:large","max-video-preview":"max-video-preview:-1"},"canonical":"https:\/\/gaudiumetspes-blog.pl\/index.php\/2012\/02\/11\/maryjo-uzdrowienie-chorych-modl-sie-za\/","og_locale":"pl_PL","og_type":"article","og_title":"Maryjo, uzdrowienie chorych - m\u00f3dl si\u0119 za nami! - Gaudium Et Spes","og_description":"Szcz\u0119\u015b\u0107 Bo\u017ce! Moi Drodzy, dzisiaj znowu moje rozwa\u017canie. Zdecydowa\u0142em si\u0119 na &nbsp;uwzgl\u0119dnienie nieobowi\u0105zkowego wspomnienia Matki Bo\u017cej z Lourdes, a to ze wzgl\u0119du na to, i\u017c dotyczy ono Chorych, kt\u00f3rym w ten spos\u00f3b mo\u017cemy okaza\u0107 raz jeszcze modlitewne wsparcie i duchow\u0105 solidarno\u015b\u0107. A po drugie &#8211; by\u0142em tam dwa razy i bardzo prze\u017cy\u0142em wewn\u0119trznie modlitw\u0119 w [&hellip;]","og_url":"https:\/\/gaudiumetspes-blog.pl\/index.php\/2012\/02\/11\/maryjo-uzdrowienie-chorych-modl-sie-za\/","og_site_name":"Gaudium Et Spes","article_published_time":"2012-02-11T06:26:00+00:00","article_modified_time":"2019-07-31T10:52:59+00:00","author":"Ks. Jacek","twitter_card":"summary_large_image","twitter_misc":{"Napisane przez":"Ks. Jacek","Szacowany czas czytania":"11 minut"},"schema":{"@context":"https:\/\/schema.org","@graph":[{"@type":"WebPage","@id":"https:\/\/gaudiumetspes-blog.pl\/index.php\/2012\/02\/11\/maryjo-uzdrowienie-chorych-modl-sie-za\/","url":"https:\/\/gaudiumetspes-blog.pl\/index.php\/2012\/02\/11\/maryjo-uzdrowienie-chorych-modl-sie-za\/","name":"Maryjo, uzdrowienie chorych - m\u00f3dl si\u0119 za nami! - Gaudium Et Spes","isPartOf":{"@id":"https:\/\/gaudiumetspes-blog.pl\/#website"},"datePublished":"2012-02-11T06:26:00+00:00","dateModified":"2019-07-31T10:52:59+00:00","author":{"@id":"https:\/\/gaudiumetspes-blog.pl\/#\/schema\/person\/1661982992b752dea8dff0d4ed845a65"},"breadcrumb":{"@id":"https:\/\/gaudiumetspes-blog.pl\/index.php\/2012\/02\/11\/maryjo-uzdrowienie-chorych-modl-sie-za\/#breadcrumb"},"inLanguage":"pl-PL","potentialAction":[{"@type":"ReadAction","target":["https:\/\/gaudiumetspes-blog.pl\/index.php\/2012\/02\/11\/maryjo-uzdrowienie-chorych-modl-sie-za\/"]}]},{"@type":"BreadcrumbList","@id":"https:\/\/gaudiumetspes-blog.pl\/index.php\/2012\/02\/11\/maryjo-uzdrowienie-chorych-modl-sie-za\/#breadcrumb","itemListElement":[{"@type":"ListItem","position":1,"name":"Strona g\u0142\u00f3wna","item":"https:\/\/gaudiumetspes-blog.pl\/"},{"@type":"ListItem","position":2,"name":"Maryjo, uzdrowienie chorych &#8211; m\u00f3dl si\u0119 za&nbsp;nami!"}]},{"@type":"WebSite","@id":"https:\/\/gaudiumetspes-blog.pl\/#website","url":"https:\/\/gaudiumetspes-blog.pl\/","name":"Gaudium Et Spes","description":"Blog Ks. Jacka Ja\u015bkowskiego","potentialAction":[{"@type":"SearchAction","target":{"@type":"EntryPoint","urlTemplate":"https:\/\/gaudiumetspes-blog.pl\/?s={search_term_string}"},"query-input":{"@type":"PropertyValueSpecification","valueRequired":true,"valueName":"search_term_string"}}],"inLanguage":"pl-PL"},{"@type":"Person","@id":"https:\/\/gaudiumetspes-blog.pl\/#\/schema\/person\/1661982992b752dea8dff0d4ed845a65","name":"Ks. Jacek","image":{"@type":"ImageObject","inLanguage":"pl-PL","@id":"https:\/\/gaudiumetspes-blog.pl\/#\/schema\/person\/image\/","url":"https:\/\/gaudiumetspes-blog.pl\/wp-content\/uploads\/2019\/07\/avatar-JJ-150x150.jpg","contentUrl":"https:\/\/gaudiumetspes-blog.pl\/wp-content\/uploads\/2019\/07\/avatar-JJ-150x150.jpg","caption":"Ks. Jacek"},"description":"Witam serdecznie! K\u0142ania si\u0119 Ks. Jacek Ja\u015bkowski. Nie jestem ani kim\u015b wa\u017cnym, ani kim\u015b znanym. Jestem ksi\u0119dzem, kt\u00f3ry po prostu chce rozmawia\u0107. Codzienna kap\u0142a\u0144ska pos\u0142uga pokazuje mi, \u017ce temat\u00f3w do rozm\u00f3w z ksi\u0119dzem jest coraz wi\u0119cej i dzisiaj \u017caden ksi\u0105dz nie mo\u017ce od nich ucieka\u0107, ale - wprost przeciwnie - podejmowa\u0107 nowe wyzwania. To przekonanie sk\u0142oni\u0142o mnie do pr\u00f3by otwarcia tego\u017c bloga, chocia\u017c okazji do rozm\u00f3w na co dzie\u0144 - w konfesjonale i poza nim - na szcz\u0119\u015bcie nie brakuje. My\u015bl\u0119 jednak, \u017ce ten blog b\u0119dzie jeszcze jednym sposobem i przestrzeni\u0105 nawi\u0105zania kontaktu z lud\u017ami dobrej woli, otwartymi na dialog.","url":"https:\/\/gaudiumetspes-blog.pl\/index.php\/author\/ks-jacek\/"}]}},"jetpack_featured_media_url":"","jetpack_sharing_enabled":true,"_links":{"self":[{"href":"https:\/\/gaudiumetspes-blog.pl\/index.php\/wp-json\/wp\/v2\/posts\/9583","targetHints":{"allow":["GET"]}}],"collection":[{"href":"https:\/\/gaudiumetspes-blog.pl\/index.php\/wp-json\/wp\/v2\/posts"}],"about":[{"href":"https:\/\/gaudiumetspes-blog.pl\/index.php\/wp-json\/wp\/v2\/types\/post"}],"author":[{"embeddable":true,"href":"https:\/\/gaudiumetspes-blog.pl\/index.php\/wp-json\/wp\/v2\/users\/1"}],"replies":[{"embeddable":true,"href":"https:\/\/gaudiumetspes-blog.pl\/index.php\/wp-json\/wp\/v2\/comments?post=9583"}],"version-history":[{"count":1,"href":"https:\/\/gaudiumetspes-blog.pl\/index.php\/wp-json\/wp\/v2\/posts\/9583\/revisions"}],"predecessor-version":[{"id":10500,"href":"https:\/\/gaudiumetspes-blog.pl\/index.php\/wp-json\/wp\/v2\/posts\/9583\/revisions\/10500"}],"wp:attachment":[{"href":"https:\/\/gaudiumetspes-blog.pl\/index.php\/wp-json\/wp\/v2\/media?parent=9583"}],"wp:term":[{"taxonomy":"category","embeddable":true,"href":"https:\/\/gaudiumetspes-blog.pl\/index.php\/wp-json\/wp\/v2\/categories?post=9583"},{"taxonomy":"post_tag","embeddable":true,"href":"https:\/\/gaudiumetspes-blog.pl\/index.php\/wp-json\/wp\/v2\/tags?post=9583"}],"curies":[{"name":"wp","href":"https:\/\/api.w.org\/{rel}","templated":true}]}}