{"id":9584,"date":"2012-02-10T08:14:00","date_gmt":"2012-02-10T07:14:00","guid":{"rendered":"https:\/\/gaudiumetspes-blog.pl\/index.php\/2012\/02\/10\/o-swietych-rozmowach-czcigodnego\/"},"modified":"2019-07-31T12:52:59","modified_gmt":"2019-07-31T10:52:59","slug":"o-swietych-rozmowach-czcigodnego","status":"publish","type":"post","link":"https:\/\/gaudiumetspes-blog.pl\/index.php\/2012\/02\/10\/o-swietych-rozmowach-czcigodnego\/","title":{"rendered":"O &#8222;\u015bwi\u0119tych rozmowach&#8221; czcigodnego Rodze\u0144stwa&#8230;"},"content":{"rendered":"<p><\/p>\n<div class=\"MsoNormal\" style=\"text-align: justify;\">\nSzcz\u0119\u015b\u0107 Bo\u017ce! Kochani, dzi\u0119kuj\u0119 za wczorajsze wpisy. Ale prosz\u0119 &#8211; nie szukajmy na si\u0142\u0119 &#8222;dziury w ca\u0142ym&#8221;! Przecie\u017c nikt nikogo nie zmusza do rozpisywania si\u0119 o swoich osobistych problemach! Propozycja, zawarta w rozwa\u017caniu Marka, pod kt\u00f3r\u0105 i ja si\u0119 podpisuj\u0119, dotyczy\u0142aby raczej powierzania swoich intencji modlitwie nas wszystkich &#8211; w spos\u00f3b og\u00f3lny! Je\u017celi kto\u015b chce, to mo\u017ce napisa\u0107 wi\u0119cej, ale nikt niczego nie musi i nie ma potrzeby jakiego\u015b &#8222;tworzenia&#8221; sobie problem\u00f3w, \u017ceby o nich pisa\u0107! Natomiast blog jako forum modlitewnego wsparcia &#8211; to propozycja godna rozwa\u017cenia. Tak wi\u0119c, prosz\u0119 jeszcze raz: nie czujmy si\u0119 atakowani w swojej prywatno\u015bci, nikt nie ma takiego zamiaru! Przynajmniej ze strony Autor\u00f3w.<\/div>\n<div class=\"MsoNormal\" style=\"text-align: justify;\">\n&nbsp; &nbsp; &nbsp;A dzisiaj chcia\u0142bym ze swej strony powierzy\u0107 modlitwie nas wszystkich spraw\u0119 Ojczyzny. Mijaj\u0105 dwadzie\u015bcia dwa miesi\u0105ce od Zamachu Smole\u0144skiego. Coraz wi\u0119cej prawdy wychodzi na jaw. A w\u0142a\u015bciwie &#8211; coraz wi\u0119cej w\u0105tpliwo\u015bci, sprawiaj\u0105cych, \u017ce okoliczno\u015bci staj\u0105 si\u0119 coraz bardziej tajemnicze, a wersja oficjalnie promowana &#8211; jest coraz wyra\u017aniej fa\u0142szywa. Temu wszystkiemu towarzyszy stopniowy upadek pa\u0144stwa we wszystkich chyba jego wymiarach: ACTA, refundacja lek\u00f3w, dro\u017cyzna na stacjach benzynowych, wiek emerytalny, rozkradanie maj\u0105tku narodowego, dyskryminacja niezale\u017cnych medi\u00f3w i dziennikarzy, ze spraw\u0105 telewizji TRWAM na czele&#8230; Czy mam jeszcze wymienia\u0107? Prosz\u0119 o modlitw\u0119!<\/div>\n<div class=\"MsoNormal\" style=\"text-align: justify;\">\n&nbsp; &nbsp; &nbsp;Zapraszam do refleksji nad \u015bwi\u0119to\u015bci\u0105 Scholastyki i jej Brata &#8211; Benedykta. Dzisiaj moje s\u0142\u00f3wko&#8230;<\/div>\n<div class=\"MsoNormal\" style=\"text-align: justify;\">\n&nbsp; &nbsp; &nbsp; &nbsp; &nbsp; &nbsp;Gaudium et spes! &nbsp;Ks. Jacek<\/div>\n<div class=\"MsoNormal\" style=\"text-align: justify;\">\n<b><br \/><\/b><\/div>\n<div class=\"MsoNormal\" style=\"text-align: justify;\">\n<b>Wspomnienie<br \/>\n\u015aw. Scholastyki, Dziewicy,<\/b><\/div>\n<div class=\"MsoNormal\" style=\"text-align: justify;\">\n<b>do<br \/>\nczyta\u0144:&nbsp; 1 Krl 11,29\u201332;12,19;&nbsp; Mk 7,31\u201337<\/b><\/div>\n<div class=\"MsoNormal\" style=\"text-align: justify;\">\n<\/div>\n<div class=\"MsoNormal\" style=\"text-align: justify;\">\n&nbsp;&nbsp;&nbsp;&nbsp;&nbsp;&nbsp;&nbsp;&nbsp;&nbsp;&nbsp;&nbsp; Patronka<br \/>\ndnia dzisiejszego <b>pochodzi\u0142a z Nursji,<br \/>\ngdzie urodzi\u0142a si\u0119 w roku 480.<\/b> By\u0142a bli\u017aniacz\u0105 siostr\u0105 \u015awi\u0119tego Benedykta \u2013<br \/>\ni to nie tylko gdy idzie o fakt urodzenia, ale tak\u017ce w tym wymiarze duchowym,<br \/>\nbo <b>na\u015bladowa\u0142a go w jego pobo\u017cno\u015bci i w<br \/>\njego aktywno\u015bci duchowej<\/b> tak, \u017ce kiedy Benedykt tworzy\u0142 sw\u00f3j zakon, ona w<br \/>\npobli\u017cu tworzy\u0142a podobny \u017ce\u0144ski. <\/div>\n<div class=\"MsoNormal\" style=\"text-align: justify; text-indent: 35.4pt;\">\nRodze\u0144stwo stale wspiera\u0142o<br \/>\nsi\u0119 nawzajem w \u017cyciu i w tej zbo\u017cnej pracy, a jak to wygl\u0105da\u0142o w praktyce, to<br \/>\nopisuje nam \u015awi\u0119ty Papie\u017c Grzegorz Wielki w swoich \u201eDialogach\u201d. Czytaj\u0105c ten<br \/>\ntekst lub go s\u0142uchaj\u0105c, warto zwr\u00f3ci\u0107 uwag\u0119 na <b>dostoje\u0144stwo i swoist\u0105 egzaltacj\u0119 \u015bredniowiecznej hagiografii, wed\u0142ug<br \/>\nkt\u00f3rej wszystko by\u0142o dostojne i \u015bwi\u0119te.<\/b> Dlatego dzisiaj us\u0142yszymy, \u017ce czcigodny<br \/>\nBrat ze swoj\u0105 r\u00f3wnie czcigodn\u0105 Siostr\u0105 prowadzili <b>\u201e\u015bwi\u0119te rozmowy\u201d. <\/b><\/div>\n<div class=\"MsoNormal\" style=\"text-align: justify; text-indent: 35.4pt;\">\nA ju\u017c trudno si\u0119 nie<br \/>\nu\u015bmiechn\u0105\u0107, kiedy us\u0142yszymy o tym, jak Scholastyka, chc\u0105c zatrzyma\u0107 Brata na<br \/>\nowych \u201e\u015bwi\u0119tych rozmowach\u201d, <b>sprowadzi\u0142a<br \/>\nswoj\u0105 modlitw\u0105 tak\u0105 ulew\u0119,<\/b> \u017ce Benedykt \u017cadn\u0105 miar\u0105 nie m\u00f3g\u0142 wyj\u015b\u0107 i wraca\u0107<br \/>\ndo domu, co on sam skwitowa\u0142 stwierdzeniem: <b>\u201eNiech B\u00f3g wybaczy ci tw\u00f3j czyn, Siostro!\u201d.<\/b> To tak, jakby sprowadzenie<br \/>\nulewy na ziemi\u0119 by\u0142o czym\u015b podobnym do przestawienia talerza z jednego ko\u0144ca<br \/>\nsto\u0142u na drugi. Ale tak w\u0142a\u015bnie ujmuje to \u015bredniowieczna hagiografia, czemu te\u017c<br \/>\n\u2013 z drugiej strony \u2013 <b>nie mo\u017cna odm\u00f3wi\u0107<br \/>\npewnego pi\u0119kna i duchowej harmonii.<\/b> <\/div>\n<div class=\"MsoNormal\" style=\"text-align: justify; text-indent: 35.4pt;\">\nWs\u0142uchajmy si\u0119 zatem w<br \/>\ns\u0142owa, kt\u00f3rym Grzegorz Wielki opisuje ostatnie spotkanie \u015awi\u0119tego Rodze\u0144stwa: \u201eScholastyka,<br \/>\nsiostra \u015awi\u0119tego Benedykta, od samego dzieci\u0144stwa po\u015bwi\u0119cona wszechmog\u0105cemu<br \/>\nBogu, <b>mia\u0142a zwyczaj raz w roku odwiedza\u0107<br \/>\nswojego Brata.<\/b> M\u0105\u017c Bo\u017cy przyjmowa\u0142 j\u0105 niedaleko poza bram\u0105, w pomieszczeniu<br \/>\nnale\u017c\u0105cym do klasztoru. Pewnego dnia przyby\u0142a wed\u0142ug zwyczaju, a czcigodny Brat<br \/>\nwyszed\u0142 ku niej ze swymi uczniami. <b>Ca\u0142y<br \/>\ndzie\u0144 sp\u0119dzili na modlitwie i \u015bwi\u0119tych rozmowach, a kiedy zapad\u0142 zmrok, spo\u017cyli<br \/>\nwsp\u00f3lnie posi\u0142ek.<\/b> <\/div>\n<div class=\"MsoNormal\" style=\"text-align: justify; text-indent: 35.4pt;\">\nPoniewa\u017c do p\u00f3\u017anych godzin<br \/>\nprzeci\u0105gn\u0119\u0142y si\u0119 ich \u015bwi\u0119te rozmowy, Scholastyka zwr\u00f3ci\u0142a si\u0119 do Brata ze<br \/>\ns\u0142owami: \u201eProsz\u0119 ci\u0119, nie odchod\u017a ode mnie tej nocy. A\u017c do \u015bwitu rozmawiajmy o<br \/>\nrado\u015bciach nieba\u201d. On jednak odpar\u0142: \u201eSiostro, o czym ty m\u00f3wisz? \u017badn\u0105 miar\u0105<br \/>\nnie mog\u0119 przebywa\u0107 poza klasztorem\u201d. \u015awi\u0105tobliwa Niewiasta, skoro us\u0142ysza\u0142a<br \/>\nodmow\u0119 Brata, <b>opar\u0142a na stole z\u0142o\u017cone<br \/>\nr\u0119ce i modl\u0105c si\u0119 do wszechmog\u0105cego Boga, pochyli\u0142a g\u0142ow\u0119.<\/b> Kiedy za\u015b<br \/>\nunios\u0142a j\u0105 znad sto\u0142u, <b>rozszala\u0142a si\u0119<br \/>\ntak wielka burza z grzmotami i b\u0142yskawicami, zerwa\u0142a si\u0119 tak gwa\u0142towna ulewa,<\/b><br \/>\ni\u017c ani Benedykt, ani towarzysz\u0105cy mu bracia nawet na krok nie mogli odej\u015b\u0107 z<br \/>\nmiejsca, w kt\u00f3rym przebywali. <\/div>\n<div class=\"MsoNormal\" style=\"text-align: justify; text-indent: 35.4pt;\">\nWtedy to zmartwiony M\u0105\u017c<br \/>\nBo\u017cy zacz\u0105\u0142 narzeka\u0107: \u201eNiech B\u00f3g wszechmog\u0105cy wybaczy Ci Tw\u00f3j czyn, Siostro!\u201d.<br \/>\nLecz ona odpowiedzia\u0142a: <b>\u201eOto prosi\u0142am Ci\u0119,<br \/>\na nie chcia\u0142e\u015b mnie wys\u0142ucha\u0107. Poprosi\u0142am wi\u0119c Boga mego, i zosta\u0142am<br \/>\nwys\u0142uchana. Teraz wi\u0119c odejd\u017a, je\u015bli zdo\u0142asz.<\/b> Pozostaw mnie i wracaj do<br \/>\nklasztoru\u201d. Tak wi\u0119c ten, kt\u00f3ry nie chcia\u0142 pozosta\u0107 dobrowolnie, pozosta\u0142 wbrew<br \/>\nswojej woli. Ca\u0142y czas czuwali przeto razem, <b>znajduj\u0105c pokrzepienie we wzajemnej wymianie \u015bwi\u0119tych my\u015bli.<\/b> <\/div>\n<div class=\"MsoNormal\" style=\"text-align: justify; text-indent: 35.4pt;\">\nA nic w tym dziwnego, i\u017c<br \/>\nowej godziny Scholastyka przemog\u0142a brata. Albowiem zgodnie ze s\u0142owami \u015awi\u0119tego<br \/>\nJana: <i>B\u00f3g jest mi\u0142o\u015bci\u0105<\/i>, by\u0142o rzecz\u0105<br \/>\nzupe\u0142nie s\u0142uszn\u0105, aby <b>wi\u0119cej potrafi\u0142a<br \/>\nta, kt\u00f3ra wi\u0119cej umi\u0142owa\u0142a.<\/b> <\/div>\n<div class=\"MsoNormal\" style=\"text-align: justify; text-indent: 35.4pt;\">\nA kiedy w trzy dni p\u00f3\u017aniej<br \/>\nM\u0105\u017c Bo\u017cy, znajduj\u0105c si\u0119 w swojej celi, podni\u00f3s\u0142 oczy ku niebu, <b>zobaczy\u0142, jak dusza jego Siostry, opu\u015bciwszy<br \/>\ncia\u0142o, ulatuje pod postaci\u0105 go\u0142\u0119bicy ku wy\u017cynom nieba.<\/b> Ciesz\u0105c si\u0119 tak<br \/>\nwielk\u0105 jej chwa\u0142\u0105, z\u0142o\u017cy\u0142 Bogu dzi\u0119ki hymnami i modlitwami. Pos\u0142a\u0142 te\u017c braci,<br \/>\naby przynie\u015bli jej cia\u0142o do klasztoru i z\u0142o\u017cyli w grobie, kt\u00f3ry przygotowa\u0142 dla<br \/>\nsiebie. Tak si\u0119 sta\u0142o, i\u017c nawet gr\u00f3b nie rozdzieli\u0142 tych, kt\u00f3rych umys\u0142y zawsze<br \/>\nby\u0142y zjednoczone w Bogu.\u201d Tyle z tekstu Papie\u017ca Grzegorza. Opisany przez niego<br \/>\nfakt \u015bmierci Scholastyki mia\u0142 miejsce <b>najprawdopodobniej<br \/>\n10 lutego 547 roku. <\/b>Nie jest to jednak data stuprocentowo pewna.<\/div>\n<div class=\"MsoNormal\" style=\"text-align: justify; text-indent: 35.4pt;\">\nS\u0142uchaj\u0105c tego opisu i<br \/>\ns\u0142uchaj\u0105c dzisiejszego Bo\u017cego S\u0142owa, zauwa\u017camy, \u017ce owe \u201e\u015bwi\u0119te rozmowy\u201d<br \/>\nBenedykta ze Scholastyk\u0105, dokonuj\u0105ce si\u0119 <b>na<br \/>\nuboczu aktywnego \u017cycia wsp\u00f3\u0142czesnych im ludzi<\/b> \u2013 i ca\u0142a ich dzia\u0142alno\u015b\u0107,<br \/>\nkt\u00f3r\u0105 prowadzili w atmosferze <b>swoistego<br \/>\nwyciszenia i skupienia,<\/b> jest <b>odwzorowaniem<br \/>\nstylu samego Jezusa,<\/b> kt\u00f3ry wielkich rzeczy dokonuj\u0105c, tak\u017ce usuwa\u0142 si\u0119 na<br \/>\nbok, dokonywa\u0142 ich w ciszy, zabrania\u0142 o tym rozpowiada\u0107\u2026 Dzisiaj tak\u017ce wzi\u0105\u0142<br \/>\ng\u0142uchoniemego na bok, z dala od wszystkich, <b>nie chc\u0105c dawa\u0107 nikomu po\u017cywki dla taniej sensacji,<\/b> a jednocze\u015bnie \u2013<br \/>\n<b>chc\u0105c stworzy\u0107 odpowiedni\u0105 atmosfer\u0119, w<br \/>\nkt\u00f3rej dzie\u0142a Bo\u017ce mog\u0142yby si\u0119 dokonywa\u0107<\/b>\u2026 <\/div>\n<div class=\"MsoNormal\" style=\"text-align: justify; text-indent: 35.4pt;\">\nOto bowiem zewn\u0119trzny splendor<br \/>\ni rozg\u0142os \u0142atwo mog\u0105 cz\u0142owieka doprowadzi\u0107 <b>do<br \/>\npychy i do zgubnego przekonania o w\u0142asnej samowystarczalno\u015bci,<\/b> kt\u00f3rej to<br \/>\npokusie uleg\u0142 \u2013 jak s\u0142yszymy od kilku dni w pierwszych czytaniach \u2013 nawet tak<br \/>\nm\u0105dry kr\u00f3l, jak Salomon. Dlatego Jezus uczy nas ciszy i skupienia, a \u015awi\u0119ta<br \/>\nScholastyka wraz ze swym Bratem bli\u017aniakiem, \u015awi\u0119tym Benedyktem, nauk\u0119 t\u0119 wyra\u017caj\u0105<br \/>\nw pi\u0119knej zasadzie: <b>\u201eora et labora\u201d \u2013 \u201em\u00f3dl<br \/>\nsi\u0119 i pracuj\u201d,<\/b> z czego najwa\u017cniejsz\u0105 cz\u0119\u015bci\u0105 mia\u0142oby by\u0107 owo <b>\u201eet\u201d \u2013 owo \u201ei\u201d,<\/b> a wi\u0119c po\u0142\u0105czenie<br \/>\njednego i drugiego. Tak przynajmniej uwa\u017caj\u0105 dzisiaj cz\u0142onkowie i cz\u0142onkinie<br \/>\nzakon\u00f3w benedykty\u0144skich.<\/div>\n<div class=\"MsoNormal\" style=\"text-align: justify; text-indent: 35.4pt;\">\nMo\u017ce to rzeczywi\u015bcie,<br \/>\nKochani, jaka\u015b propozycja dla nas, aby\u015bmy nie dla zewn\u0119trznego splendoru i nie<br \/>\ndla ludzkich pochwa\u0142, ale <b>na chwa\u0142\u0119 Bo\u017c\u0105<br \/>\npodejmowali swoje codzienne obowi\u0105zki i zadania \u2013 tak te wielkie, jak i te<br \/>\nma\u0142e, codzienne<\/b>\u2026 Aby\u015bmy wype\u0142niali je w atmosferze pewnego skupienia i<br \/>\nwyciszenia, stale wspieraj\u0105c modlitw\u0105. Dzie\u0142a w ten spos\u00f3b stworzone s\u0105 z pewno\u015bci\u0105<br \/>\n<b>o wiele trwalsze i wi\u0119cej po\u017cytku<br \/>\nprzynosz\u0105, ani\u017celi te tworzone na pokaz, dla pochwa\u0142y, czy ze wzgl\u0119du na jakie\u015b<br \/>\nludzkie korzy\u015bci.<\/b> <\/div>\n<div class=\"MsoNormal\" style=\"text-align: justify; text-indent: 35.4pt;\">\nNie b\u00f3jmy si\u0119 zatem, \u017ce<br \/>\nludzie nie zawsze doceni\u0105 czy odwdzi\u0119cz\u0105 si\u0119 za to, co robimy. Oby to B\u00f3g<br \/>\nzobaczy\u0142 \u2013 a z pewno\u015bci\u0105 to odwdzi\u0119czy. Na sw\u00f3j spos\u00f3b. Potrzeba jednak <b>odniesienia w\u0142a\u015bnie do Niego w ka\u017cdej<br \/>\nsytuacji i w ka\u017cdej okoliczno\u015bci naszego codziennego \u017cycia i pracy.<\/b><\/div>\n<div class=\"MsoNormal\" style=\"text-align: justify; text-indent: 35.4pt;\">\nW tym kontek\u015bcie pomy\u015blmy:<\/div>\n<div class=\"MsoNormal\" style=\"margin-left: 36.0pt; mso-list: l0 level1 lfo1; tab-stops: list 36.0pt; text-align: justify; text-indent: -18.0pt;\">\n\u00b7&nbsp;&nbsp;&nbsp;&nbsp;&nbsp;&nbsp;&nbsp;<br \/>\nZ<br \/>\njak\u0105 motywacj\u0105 codziennie rano wstaj\u0119, by podj\u0105\u0107 obowi\u0105zki kolejnego dnia?<\/div>\n<div class=\"MsoNormal\" style=\"margin-left: 36.0pt; mso-list: l0 level1 lfo1; tab-stops: list 36.0pt; text-align: justify; text-indent: -18.0pt;\">\n\u00b7&nbsp;&nbsp;&nbsp;&nbsp;&nbsp;&nbsp;&nbsp;<br \/>\nCzy<br \/>\nwdzi\u0119czno\u015b\u0107 ludzka i uznanie ze strony ludzi nie jest jedynym motywem, dla<br \/>\nkt\u00f3rego czyni\u0119 dobro?<\/div>\n<div class=\"MsoNormal\" style=\"margin-left: 36.0pt; mso-list: l0 level1 lfo1; tab-stops: list 36.0pt; text-align: justify; text-indent: -18.0pt;\">\n\u00b7&nbsp;&nbsp;&nbsp;&nbsp;&nbsp;&nbsp;&nbsp;<br \/>\nIle<br \/>\njest ciszy w ci\u0105gu mojego dnia?<\/div>\n<div class=\"MsoNormal\" style=\"text-align: justify;\">\n<\/div>\n<div class=\"MsoNormal\" style=\"text-align: justify;\">\n<b><i>Jezus przykaza\u0142 im, \u017ceby nikomu nie m\u00f3wili. Lecz im<br \/>\nbardziej przykazywa\u0142, tym gorliwiej to rozg\u0142aszali<\/i><\/b>.<\/div>\n","protected":false},"excerpt":{"rendered":"<p>Szcz\u0119\u015b\u0107 Bo\u017ce! Kochani, dzi\u0119kuj\u0119 za wczorajsze wpisy. Ale prosz\u0119 &#8211; nie szukajmy na si\u0142\u0119 &#8222;dziury w ca\u0142ym&#8221;! Przecie\u017c nikt nikogo nie zmusza do rozpisywania si\u0119 o swoich osobistych problemach! Propozycja, zawarta w rozwa\u017caniu Marka, pod kt\u00f3r\u0105 i ja si\u0119 podpisuj\u0119, dotyczy\u0142aby raczej powierzania swoich intencji modlitwie nas wszystkich &#8211; w spos\u00f3b og\u00f3lny! Je\u017celi kto\u015b chce, [&hellip;]<\/p>\n","protected":false},"author":1,"featured_media":0,"comment_status":"open","ping_status":"open","sticky":false,"template":"","format":"standard","meta":{"jetpack_post_was_ever_published":false,"_jetpack_newsletter_access":"","_jetpack_dont_email_post_to_subs":false,"_jetpack_newsletter_tier_id":0,"_jetpack_memberships_contains_paywalled_content":false,"_jetpack_memberships_contains_paid_content":false,"footnotes":""},"categories":[1],"tags":[],"class_list":["post-9584","post","type-post","status-publish","format-standard","hentry","category-bez-kategorii"],"yoast_head":"<!-- This site is optimized with the Yoast SEO plugin v25.1 - https:\/\/yoast.com\/wordpress\/plugins\/seo\/ -->\n<title>O &quot;\u015bwi\u0119tych rozmowach&quot; czcigodnego Rodze\u0144stwa... - Gaudium Et Spes<\/title>\n<meta name=\"robots\" content=\"index, follow, max-snippet:-1, max-image-preview:large, max-video-preview:-1\" \/>\n<link rel=\"canonical\" href=\"https:\/\/gaudiumetspes-blog.pl\/index.php\/2012\/02\/10\/o-swietych-rozmowach-czcigodnego\/\" \/>\n<meta property=\"og:locale\" content=\"pl_PL\" \/>\n<meta property=\"og:type\" content=\"article\" \/>\n<meta property=\"og:title\" content=\"O &quot;\u015bwi\u0119tych rozmowach&quot; czcigodnego Rodze\u0144stwa... - Gaudium Et Spes\" \/>\n<meta property=\"og:description\" content=\"Szcz\u0119\u015b\u0107 Bo\u017ce! Kochani, dzi\u0119kuj\u0119 za wczorajsze wpisy. Ale prosz\u0119 &#8211; nie szukajmy na si\u0142\u0119 &#8222;dziury w ca\u0142ym&#8221;! Przecie\u017c nikt nikogo nie zmusza do rozpisywania si\u0119 o swoich osobistych problemach! Propozycja, zawarta w rozwa\u017caniu Marka, pod kt\u00f3r\u0105 i ja si\u0119 podpisuj\u0119, dotyczy\u0142aby raczej powierzania swoich intencji modlitwie nas wszystkich &#8211; w spos\u00f3b og\u00f3lny! Je\u017celi kto\u015b chce, [&hellip;]\" \/>\n<meta property=\"og:url\" content=\"https:\/\/gaudiumetspes-blog.pl\/index.php\/2012\/02\/10\/o-swietych-rozmowach-czcigodnego\/\" \/>\n<meta property=\"og:site_name\" content=\"Gaudium Et Spes\" \/>\n<meta property=\"article:published_time\" content=\"2012-02-10T07:14:00+00:00\" \/>\n<meta property=\"article:modified_time\" content=\"2019-07-31T10:52:59+00:00\" \/>\n<meta name=\"author\" content=\"Ks. Jacek\" \/>\n<meta name=\"twitter:card\" content=\"summary_large_image\" \/>\n<meta name=\"twitter:label1\" content=\"Napisane przez\" \/>\n\t<meta name=\"twitter:data1\" content=\"Ks. Jacek\" \/>\n\t<meta name=\"twitter:label2\" content=\"Szacowany czas czytania\" \/>\n\t<meta name=\"twitter:data2\" content=\"7 minut\" \/>\n<script type=\"application\/ld+json\" class=\"yoast-schema-graph\">{\"@context\":\"https:\/\/schema.org\",\"@graph\":[{\"@type\":\"WebPage\",\"@id\":\"https:\/\/gaudiumetspes-blog.pl\/index.php\/2012\/02\/10\/o-swietych-rozmowach-czcigodnego\/\",\"url\":\"https:\/\/gaudiumetspes-blog.pl\/index.php\/2012\/02\/10\/o-swietych-rozmowach-czcigodnego\/\",\"name\":\"O \\\"\u015bwi\u0119tych rozmowach\\\" czcigodnego Rodze\u0144stwa... - Gaudium Et Spes\",\"isPartOf\":{\"@id\":\"https:\/\/gaudiumetspes-blog.pl\/#website\"},\"datePublished\":\"2012-02-10T07:14:00+00:00\",\"dateModified\":\"2019-07-31T10:52:59+00:00\",\"author\":{\"@id\":\"https:\/\/gaudiumetspes-blog.pl\/#\/schema\/person\/1661982992b752dea8dff0d4ed845a65\"},\"breadcrumb\":{\"@id\":\"https:\/\/gaudiumetspes-blog.pl\/index.php\/2012\/02\/10\/o-swietych-rozmowach-czcigodnego\/#breadcrumb\"},\"inLanguage\":\"pl-PL\",\"potentialAction\":[{\"@type\":\"ReadAction\",\"target\":[\"https:\/\/gaudiumetspes-blog.pl\/index.php\/2012\/02\/10\/o-swietych-rozmowach-czcigodnego\/\"]}]},{\"@type\":\"BreadcrumbList\",\"@id\":\"https:\/\/gaudiumetspes-blog.pl\/index.php\/2012\/02\/10\/o-swietych-rozmowach-czcigodnego\/#breadcrumb\",\"itemListElement\":[{\"@type\":\"ListItem\",\"position\":1,\"name\":\"Strona g\u0142\u00f3wna\",\"item\":\"https:\/\/gaudiumetspes-blog.pl\/\"},{\"@type\":\"ListItem\",\"position\":2,\"name\":\"O&nbsp;&#8222;\u015bwi\u0119tych rozmowach&#8221; czcigodnego Rodze\u0144stwa&#8230;\"}]},{\"@type\":\"WebSite\",\"@id\":\"https:\/\/gaudiumetspes-blog.pl\/#website\",\"url\":\"https:\/\/gaudiumetspes-blog.pl\/\",\"name\":\"Gaudium Et Spes\",\"description\":\"Blog Ks. Jacka Ja\u015bkowskiego\",\"potentialAction\":[{\"@type\":\"SearchAction\",\"target\":{\"@type\":\"EntryPoint\",\"urlTemplate\":\"https:\/\/gaudiumetspes-blog.pl\/?s={search_term_string}\"},\"query-input\":{\"@type\":\"PropertyValueSpecification\",\"valueRequired\":true,\"valueName\":\"search_term_string\"}}],\"inLanguage\":\"pl-PL\"},{\"@type\":\"Person\",\"@id\":\"https:\/\/gaudiumetspes-blog.pl\/#\/schema\/person\/1661982992b752dea8dff0d4ed845a65\",\"name\":\"Ks. Jacek\",\"image\":{\"@type\":\"ImageObject\",\"inLanguage\":\"pl-PL\",\"@id\":\"https:\/\/gaudiumetspes-blog.pl\/#\/schema\/person\/image\/\",\"url\":\"https:\/\/gaudiumetspes-blog.pl\/wp-content\/uploads\/2019\/07\/avatar-JJ-150x150.jpg\",\"contentUrl\":\"https:\/\/gaudiumetspes-blog.pl\/wp-content\/uploads\/2019\/07\/avatar-JJ-150x150.jpg\",\"caption\":\"Ks. Jacek\"},\"description\":\"Witam serdecznie! K\u0142ania si\u0119 Ks. Jacek Ja\u015bkowski. Nie jestem ani kim\u015b wa\u017cnym, ani kim\u015b znanym. Jestem ksi\u0119dzem, kt\u00f3ry po prostu chce rozmawia\u0107. Codzienna kap\u0142a\u0144ska pos\u0142uga pokazuje mi, \u017ce temat\u00f3w do rozm\u00f3w z ksi\u0119dzem jest coraz wi\u0119cej i dzisiaj \u017caden ksi\u0105dz nie mo\u017ce od nich ucieka\u0107, ale - wprost przeciwnie - podejmowa\u0107 nowe wyzwania. To przekonanie sk\u0142oni\u0142o mnie do pr\u00f3by otwarcia tego\u017c bloga, chocia\u017c okazji do rozm\u00f3w na co dzie\u0144 - w konfesjonale i poza nim - na szcz\u0119\u015bcie nie brakuje. My\u015bl\u0119 jednak, \u017ce ten blog b\u0119dzie jeszcze jednym sposobem i przestrzeni\u0105 nawi\u0105zania kontaktu z lud\u017ami dobrej woli, otwartymi na dialog.\",\"url\":\"https:\/\/gaudiumetspes-blog.pl\/index.php\/author\/ks-jacek\/\"}]}<\/script>\n<!-- \/ Yoast SEO plugin. -->","yoast_head_json":{"title":"O \"\u015bwi\u0119tych rozmowach\" czcigodnego Rodze\u0144stwa... - Gaudium Et Spes","robots":{"index":"index","follow":"follow","max-snippet":"max-snippet:-1","max-image-preview":"max-image-preview:large","max-video-preview":"max-video-preview:-1"},"canonical":"https:\/\/gaudiumetspes-blog.pl\/index.php\/2012\/02\/10\/o-swietych-rozmowach-czcigodnego\/","og_locale":"pl_PL","og_type":"article","og_title":"O \"\u015bwi\u0119tych rozmowach\" czcigodnego Rodze\u0144stwa... - Gaudium Et Spes","og_description":"Szcz\u0119\u015b\u0107 Bo\u017ce! Kochani, dzi\u0119kuj\u0119 za wczorajsze wpisy. Ale prosz\u0119 &#8211; nie szukajmy na si\u0142\u0119 &#8222;dziury w ca\u0142ym&#8221;! Przecie\u017c nikt nikogo nie zmusza do rozpisywania si\u0119 o swoich osobistych problemach! Propozycja, zawarta w rozwa\u017caniu Marka, pod kt\u00f3r\u0105 i ja si\u0119 podpisuj\u0119, dotyczy\u0142aby raczej powierzania swoich intencji modlitwie nas wszystkich &#8211; w spos\u00f3b og\u00f3lny! Je\u017celi kto\u015b chce, [&hellip;]","og_url":"https:\/\/gaudiumetspes-blog.pl\/index.php\/2012\/02\/10\/o-swietych-rozmowach-czcigodnego\/","og_site_name":"Gaudium Et Spes","article_published_time":"2012-02-10T07:14:00+00:00","article_modified_time":"2019-07-31T10:52:59+00:00","author":"Ks. Jacek","twitter_card":"summary_large_image","twitter_misc":{"Napisane przez":"Ks. Jacek","Szacowany czas czytania":"7 minut"},"schema":{"@context":"https:\/\/schema.org","@graph":[{"@type":"WebPage","@id":"https:\/\/gaudiumetspes-blog.pl\/index.php\/2012\/02\/10\/o-swietych-rozmowach-czcigodnego\/","url":"https:\/\/gaudiumetspes-blog.pl\/index.php\/2012\/02\/10\/o-swietych-rozmowach-czcigodnego\/","name":"O \"\u015bwi\u0119tych rozmowach\" czcigodnego Rodze\u0144stwa... - Gaudium Et Spes","isPartOf":{"@id":"https:\/\/gaudiumetspes-blog.pl\/#website"},"datePublished":"2012-02-10T07:14:00+00:00","dateModified":"2019-07-31T10:52:59+00:00","author":{"@id":"https:\/\/gaudiumetspes-blog.pl\/#\/schema\/person\/1661982992b752dea8dff0d4ed845a65"},"breadcrumb":{"@id":"https:\/\/gaudiumetspes-blog.pl\/index.php\/2012\/02\/10\/o-swietych-rozmowach-czcigodnego\/#breadcrumb"},"inLanguage":"pl-PL","potentialAction":[{"@type":"ReadAction","target":["https:\/\/gaudiumetspes-blog.pl\/index.php\/2012\/02\/10\/o-swietych-rozmowach-czcigodnego\/"]}]},{"@type":"BreadcrumbList","@id":"https:\/\/gaudiumetspes-blog.pl\/index.php\/2012\/02\/10\/o-swietych-rozmowach-czcigodnego\/#breadcrumb","itemListElement":[{"@type":"ListItem","position":1,"name":"Strona g\u0142\u00f3wna","item":"https:\/\/gaudiumetspes-blog.pl\/"},{"@type":"ListItem","position":2,"name":"O&nbsp;&#8222;\u015bwi\u0119tych rozmowach&#8221; czcigodnego Rodze\u0144stwa&#8230;"}]},{"@type":"WebSite","@id":"https:\/\/gaudiumetspes-blog.pl\/#website","url":"https:\/\/gaudiumetspes-blog.pl\/","name":"Gaudium Et Spes","description":"Blog Ks. Jacka Ja\u015bkowskiego","potentialAction":[{"@type":"SearchAction","target":{"@type":"EntryPoint","urlTemplate":"https:\/\/gaudiumetspes-blog.pl\/?s={search_term_string}"},"query-input":{"@type":"PropertyValueSpecification","valueRequired":true,"valueName":"search_term_string"}}],"inLanguage":"pl-PL"},{"@type":"Person","@id":"https:\/\/gaudiumetspes-blog.pl\/#\/schema\/person\/1661982992b752dea8dff0d4ed845a65","name":"Ks. Jacek","image":{"@type":"ImageObject","inLanguage":"pl-PL","@id":"https:\/\/gaudiumetspes-blog.pl\/#\/schema\/person\/image\/","url":"https:\/\/gaudiumetspes-blog.pl\/wp-content\/uploads\/2019\/07\/avatar-JJ-150x150.jpg","contentUrl":"https:\/\/gaudiumetspes-blog.pl\/wp-content\/uploads\/2019\/07\/avatar-JJ-150x150.jpg","caption":"Ks. Jacek"},"description":"Witam serdecznie! K\u0142ania si\u0119 Ks. Jacek Ja\u015bkowski. Nie jestem ani kim\u015b wa\u017cnym, ani kim\u015b znanym. Jestem ksi\u0119dzem, kt\u00f3ry po prostu chce rozmawia\u0107. Codzienna kap\u0142a\u0144ska pos\u0142uga pokazuje mi, \u017ce temat\u00f3w do rozm\u00f3w z ksi\u0119dzem jest coraz wi\u0119cej i dzisiaj \u017caden ksi\u0105dz nie mo\u017ce od nich ucieka\u0107, ale - wprost przeciwnie - podejmowa\u0107 nowe wyzwania. To przekonanie sk\u0142oni\u0142o mnie do pr\u00f3by otwarcia tego\u017c bloga, chocia\u017c okazji do rozm\u00f3w na co dzie\u0144 - w konfesjonale i poza nim - na szcz\u0119\u015bcie nie brakuje. My\u015bl\u0119 jednak, \u017ce ten blog b\u0119dzie jeszcze jednym sposobem i przestrzeni\u0105 nawi\u0105zania kontaktu z lud\u017ami dobrej woli, otwartymi na dialog.","url":"https:\/\/gaudiumetspes-blog.pl\/index.php\/author\/ks-jacek\/"}]}},"jetpack_featured_media_url":"","jetpack_sharing_enabled":true,"_links":{"self":[{"href":"https:\/\/gaudiumetspes-blog.pl\/index.php\/wp-json\/wp\/v2\/posts\/9584","targetHints":{"allow":["GET"]}}],"collection":[{"href":"https:\/\/gaudiumetspes-blog.pl\/index.php\/wp-json\/wp\/v2\/posts"}],"about":[{"href":"https:\/\/gaudiumetspes-blog.pl\/index.php\/wp-json\/wp\/v2\/types\/post"}],"author":[{"embeddable":true,"href":"https:\/\/gaudiumetspes-blog.pl\/index.php\/wp-json\/wp\/v2\/users\/1"}],"replies":[{"embeddable":true,"href":"https:\/\/gaudiumetspes-blog.pl\/index.php\/wp-json\/wp\/v2\/comments?post=9584"}],"version-history":[{"count":1,"href":"https:\/\/gaudiumetspes-blog.pl\/index.php\/wp-json\/wp\/v2\/posts\/9584\/revisions"}],"predecessor-version":[{"id":10499,"href":"https:\/\/gaudiumetspes-blog.pl\/index.php\/wp-json\/wp\/v2\/posts\/9584\/revisions\/10499"}],"wp:attachment":[{"href":"https:\/\/gaudiumetspes-blog.pl\/index.php\/wp-json\/wp\/v2\/media?parent=9584"}],"wp:term":[{"taxonomy":"category","embeddable":true,"href":"https:\/\/gaudiumetspes-blog.pl\/index.php\/wp-json\/wp\/v2\/categories?post=9584"},{"taxonomy":"post_tag","embeddable":true,"href":"https:\/\/gaudiumetspes-blog.pl\/index.php\/wp-json\/wp\/v2\/tags?post=9584"}],"curies":[{"name":"wp","href":"https:\/\/api.w.org\/{rel}","templated":true}]}}