{"id":9585,"date":"2012-02-09T08:22:00","date_gmt":"2012-02-09T07:22:00","guid":{"rendered":"https:\/\/gaudiumetspes-blog.pl\/index.php\/2012\/02\/09\/jeszcze-o-cudach-o-wierze-i-o-zmuszaniu\/"},"modified":"2019-07-31T12:52:59","modified_gmt":"2019-07-31T10:52:59","slug":"jeszcze-o-cudach-o-wierze-i-o-zmuszaniu","status":"publish","type":"post","link":"https:\/\/gaudiumetspes-blog.pl\/index.php\/2012\/02\/09\/jeszcze-o-cudach-o-wierze-i-o-zmuszaniu\/","title":{"rendered":"Jeszcze o cudach, o wierze &#8211; i o &#8222;zmuszaniu&#8221; Boga&#8230;"},"content":{"rendered":"<p><\/p>\n<div class=\"MsoNormal\" style=\"text-align: justify;\">\nSzcz\u0119\u015b\u0107 Bo\u017ce! Kochani, jak poczyta\u0142em we wczorajszych Waszych wypowiedziach o tym moim zerkaniu ze zdj\u0119cia, to poczu\u0142em si\u0119 bardzo &#8222;monumentalnie&#8221;. Zapewniam jednak o sta\u0142ej pami\u0119ci w modlitwie i &#8211; oczywi\u015bcie &#8211; stale czuwam nad blogiem. Nie tylko ze zdj\u0119cia! Natomiast bardzo mnie ciesz\u0105 Wasze opinie na temat pisania rozwa\u017ca\u0144 przez Marka. Bo co jakie\u015b dwa dni musz\u0119 Go przekonywa\u0107, \u017ce naprawd\u0119 nie pisze zbyt cz\u0119sto &#8211; jak Mu si\u0119 wydaje. Dzi\u0119kuj\u0119 za wszystkie Jego rozwa\u017cania, naznaczone do\u015bwiadczeniem Ko\u015bcio\u0142a w innej cz\u0119\u015bci \u015bwiata. Znajdziemy to tak\u017ce w dzisiejszym rozwa\u017caniu.<\/div>\n<div class=\"MsoNormal\" style=\"text-align: justify;\">\n&nbsp; &nbsp; &nbsp; A przy okazji &#8211; zapraszam na bloga Micha\u0142a Stefana, mojego Lektora z Celestynowa, Cz\u0142owieka o niezwykle szerokich horyzontach intelektualnych i g\u0142\u0119bi duchowej, z powodu kt\u00f3rej ca\u0142e nasze Grono Duszpastersko &#8211; Lektorskie nazywa Go Eminencj\u0105. On sam o tym swoim forum napisa\u0142 bardzo pokornie, wr\u0119cz dyskredytuj\u0105co, ale prosz\u0119 &#8211; nie zwracajcie na to uwagi. Zajrzyjcie tam!<\/div>\n<div class=\"MsoNormal\" style=\"text-align: justify;\">\n&nbsp; &nbsp;Dzi\u0119kuj\u0119, Kochani, \u017ce wczorajszymi swoim wypowiedziami pog\u0142\u0119bili\u015bcie i poszerzyli\u015bcie spojrzenie na problem, kt\u00f3ry tak wnikliwie rozwa\u017ca\u0142 Marek: odniesienie sfery materialnej, widzialnej &#8211; do duchowej. Wydaje si\u0119, \u017ce o tym nigdy do\u015b\u0107 m\u00f3wi\u0107&#8230;&nbsp;<\/div>\n<div class=\"MsoNormal\" style=\"text-align: justify;\">\n&nbsp; &nbsp; &nbsp;I dzisiaj jeszcze po linii wiary, cudu &#8211; i nalegania na Boga&#8230; Zapraszam do rozwa\u017cenia s\u0142\u00f3wka z mro\u017anej Syberii. A tak swoj\u0105 drog\u0105 &#8211; nie ma informacji, ile jest tam stopni, prawda?&#8230;<\/div>\n<div class=\"MsoNormal\" style=\"text-align: justify;\">\n&nbsp; &nbsp; &nbsp; &nbsp; &nbsp; &nbsp; Gaudium et spes! &nbsp;Ks. Jacek<\/div>\n<div class=\"MsoNormal\" style=\"text-align: justify;\">\n<\/div>\n<div class=\"MsoNormal\" style=\"text-align: justify;\">\nBardzo Wam dzi\u0119kuj\u0119 za Wasze<br \/>\nwpisy, z uwag\u0105 \u015bledz\u0119 co tam nowego si\u0119 pojawia i czytam i my\u015bl\u0119 nad tym i<br \/>\npewnie trzeba by by\u0142o co\u015b odpowiada\u0107, ale si\u0119 z tym nie wyrabiam. Wybaczcie.<br \/>\nJe\u015bli kto\u015b chce konkretnie jakiej\u015b odpowiedzi czy zna\u0107 moje zdanie to prosz\u0119,<br \/>\npiszcie o tym \u015bmia\u0142o i konkretnie.<\/div>\n<div class=\"MsoNormal\" style=\"text-align: justify;\">\nDzi\u015b na pocz\u0105tku rozwa\u017cania chc\u0119<br \/>\nwyrazi\u0107 moj\u0105 rado\u015b\u0107 i wdzi\u0119czno\u015b\u0107 Panu Bogu, \u017ce daje nam, swojemu Ko\u015bcio\u0142owi,<br \/>\ntakich wielkich i wspania\u0142ych papie\u017cy. Najpierw Jan Pawe\u0142 II, teraz Benedykt<br \/>\nXVI. I oto ten obecny wielki papie\u017c, ma niesamowite wyczucie potrzeb Ko\u015bcio\u0142a i<br \/>\ndlatego og\u0142asza rok wiary.<\/div>\n<div class=\"MsoNormal\" style=\"text-align: justify;\">\nTo jest chyba nam wszystkim bardzo<br \/>\npotrzebne, o czym przekonujemy si\u0119 nawet tutaj, na blogu. Jak wa\u017cne jest<br \/>\nzatrzyma\u0107 si\u0119 na temacie wiary. Jak nam wszystkim potrzeba, ten temat podejmowa\u0107<br \/>\ni rozwija\u0107. <\/div>\n<div class=\"MsoNormal\" style=\"text-align: justify;\">\nZaczn\u0119 od wczorajszego spotkania.<br \/>\nJak wspomina\u0142em u nas \u015bwietnie si\u0119 rozwija wsp\u00f3lnota ma\u0142\u017ce\u0144stw. Raz w miesi\u0105cu<br \/>\ns\u0105 spotkania ma\u0142\u017ce\u0144stw, a potem spotkania w grupach \u2013 spotkanie m\u0119\u017cczyzn i<br \/>\nspotkanie kobiet. <\/div>\n<div class=\"MsoNormal\" style=\"text-align: justify;\">\nWczoraj by\u0142o spotkanie kobiet. Na<br \/>\ntym spotkaniu, m\u0142ode \u017cony i mamy zacz\u0119\u0142y dzieli\u0107 si\u0119 swoimi problemami. Kiedy<br \/>\nm\u00f3wili\u015bmy o tym, \u017ce warto si\u0119 spotyka\u0107, opr\u00f3cz oficjalnych spotka\u0144 tak\u017ce<br \/>\nnieoficjalnie, \u017ceby po prostu lepiej si\u0119 nawzajem zna\u0107, tworzy\u0107 wsp\u00f3lnot\u0119, okaza\u0142o<br \/>\nsi\u0119, \u017ce jedna z nich ma powa\u017cny problem ze swoim dzieckiem, to jest co\u015b w rodzaju<br \/>\nnadpobudliwo\u015bci, dziecko mo\u017ce zacz\u0105\u0107 krzycze\u0107, p\u0142aka\u0107, nie mo\u017cna go uspokoi\u0107.<br \/>\nBardzo dobra, wierz\u0105ca, katolicka rodzina, ale maj\u0105 takie chore dziecko. I w<br \/>\nzwi\u0105zku z tym boj\u0105 si\u0119, wstydz\u0105 si\u0119 z tym dzieckiem gdzie\u015b i\u015b\u0107, zaprasza\u0107 do<br \/>\nsiebie go\u015bci, jest to dla nich du\u017cy problem. <\/div>\n<div class=\"MsoNormal\" style=\"text-align: justify;\">\nNa tym spotkaniu owa kobieta<br \/>\nodwa\u017cy\u0142a si\u0119 tym podzieli\u0107, z owymi kilkoma kobietami, kt\u00f3re w wi\u0119kszo\u015bci od<br \/>\ndawna zna. W czasie rozmowy na ten temat, gdzie wiele by\u0142o dobrych s\u0142\u00f3w<br \/>\npodtrzymania jej w tym problemie, my\u015blenia co mo\u017cna zrobi\u0107, w ko\u0144cu zada\u0142em<br \/>\npytanie o modlitw\u0119. Zam\u00f3wili\u015bcie ju\u017c Msz\u0119 \u015bw. za dziecko? Prosili\u015bcie innych o<br \/>\nmodlitw\u0119?<\/div>\n<div class=\"MsoNormal\" style=\"text-align: justify;\">\nI m\u00f3wili\u015bmy o roli wsp\u00f3lnoty, \u017ce<br \/>\nprawdziwa wsp\u00f3lnota, to nie ludzie przed kt\u00f3rymi trzeba dobrze wypa\u015b\u0107, udawa\u0107, tylko<br \/>\nto ludzie przed kt\u00f3rymi mo\u017cna si\u0119 wyp\u0142aka\u0107, na barki kt\u00f3rych mo\u017cna zrzuci\u0107<br \/>\ntroch\u0119 swoich ci\u0119\u017car\u00f3w i problem\u00f3w, kt\u00f3rzy mog\u0105 te\u017c modli\u0107 si\u0119 za was.<\/div>\n<div class=\"MsoNormal\" style=\"text-align: justify;\">\nDo tej pory rozmowa sz\u0142a<br \/>\nnormalnie. A\u017c tu zada\u0142em jej pytanie: &#8211; Czy chcesz, \u017ceby\u015bmy teraz wszyscy razem<br \/>\npomodlili si\u0119, i porosili Boga, \u017ceby On dzi\u015b uzdrowi\u0142 twoje dziecko?<\/div>\n<div class=\"MsoNormal\" style=\"text-align: justify;\">\nReakcja by\u0142a nieoczekiwana \u2013 Co?<br \/>\nDzi\u015b? Mo\u017ce nie. <\/div>\n<div class=\"MsoNormal\" style=\"text-align: justify;\">\nOna przerazi\u0142a si\u0119 tej mo\u017cliwo\u015bci,<br \/>\nm\u00f3wi\u0105c, \u017ce nie jest na to gotowa. Zapyta\u0142em innych, czy wy wierzycie, \u017ce Pan<br \/>\nB\u00f3g mo\u017ce to dziecko uzdrowi\u0107? \u2013 To okaza\u0142o si\u0119 bardzo trudnym pytaniem. <\/div>\n<div class=\"MsoNormal\" style=\"text-align: justify;\">\nPotem ten temat \u017ce\u015bmy<br \/>\nkontynuowali. Kto\u015b jeszcze mia\u0142 sw\u00f3j wielki problem, ale ba\u0142 si\u0119 o nim g\u0142o\u015bno<br \/>\npowiedzie\u0107, poprosi\u0107 innych o modlitw\u0119. Kto\u015b mia\u0142 sw\u00f3j problem, te\u017c chorob\u0119<br \/>\ndziecka i na pytanie o wiar\u0119 w uzdrowienie, by\u0142a odpowied\u017a, \u017ce mo\u017ce B\u00f3g chce<br \/>\ntego cierpienia, tego krzy\u017ca. <\/div>\n<div class=\"MsoNormal\" style=\"text-align: justify;\">\nMy usprawiedliwiamy Pana Boga,<br \/>\nzamiast go konkretnie prosi\u0107. Boimy si\u0119 cudu. Nie jeste\u015bmy gotowi przyj\u0105\u0107<br \/>\nnieoczekiwanego daru, np. uzdrowienia. Niesamowite. <\/div>\n<div class=\"MsoNormal\" style=\"text-align: justify;\">\nMnie to bardzo zastanowi\u0142o, ich,<br \/>\njak widzia\u0142em te\u017c. Dlaczego B\u00f3g dzi\u015b nie daje takich cud\u00f3w, uzdrowie\u0144, jak<br \/>\ndawniej? Bo my si\u0119 ich boimy, nie chcemy, nie wierzymy. Wi\u0119c on nie b\u0119dzie nas<br \/>\nm\u0119czy\u0142 swoimi cudami, uzdrowieniami. Nam tak dobrze\u2026<\/div>\n<div class=\"MsoNormal\" style=\"text-align: justify;\">\nPopatrzcie jak prosi ta kobieta z<br \/>\ndzisiejszej Ewangelii \u2013 Jezus jej odmawia, mo\u017cna nawet powiedzie\u0107 \u2013 poni\u017ca j\u0105.<br \/>\nA ona jeszcze raz prosi, z wiar\u0105, z pokor\u0105, uparcie prosi.<\/div>\n<div class=\"MsoNormal\" style=\"text-align: justify;\">\nProsi i wierzy, \u017ce Jezus mo\u017ce, ona<br \/>\njasno formu\u0142uje swoj\u0105 pro\u015bb\u0119, nie usprawiedliwia Jezusa, \u017ce On mo\u017ce tak chce,<br \/>\nmo\u017ce tak lepiej, ale ona prosi, ona domaga si\u0119 tego uzdrowienia, ona wierzy,<br \/>\nona walczy o to uzdrowienie. I Jezus stawia j\u0105 nam jako wz\u00f3r. <\/div>\n<div class=\"MsoNormal\" style=\"text-align: justify;\">\nJaka jest nasza modlitwa pro\u015bby?<\/div>\n<div class=\"MsoNormal\" style=\"text-align: justify;\">\nProste \u0107wiczenie. Byli\u015bmy na Mszy<br \/>\n\u015bw. w niedziel\u0119, mo\u017ce kto\u015b by\u0142 wczoraj, albo nawet dzisiaj. Kto jest w stanie<br \/>\npowiedzie\u0107, napisa\u0107, o co modlili\u015bcie si\u0119 w czasie tej Mszy \u015bw. w modlitwie<br \/>\nwiernych? Jakie by\u0142y wezwania? O co? Za kogo? <\/div>\n<div class=\"MsoNormal\" style=\"text-align: justify;\">\nPrzecie\u017c wszyscy powtarzali\u015bmy \u2013<br \/>\nCiebie prosimy \u2013 wys\u0142uchaj nas Panie. A o co prosimy? My czasem nawet nie<br \/>\ns\u0142uchamy samych siebie o co my prosimy? Czy taka modlitwa jest podobna do<br \/>\nuporu, uni\u017cenia kobiety z dzisiejszej Ewangelii? <\/div>\n<div class=\"MsoNormal\" style=\"text-align: justify;\">\nKilka dni temu prosi\u0142em o intencje<br \/>\nna blogu. I by\u0142a jedna intencja, i jaki pi\u0119kny odzew i g\u0142\u0119boka modlitwa. I<br \/>\nwierz\u0119, \u017ce ta modlitwa albo ju\u017c przynios\u0142a sw\u00f3j owoc, albo nied\u0142ugo przyniesie.<br \/>\nA przecie\u017c my mamy mn\u00f3stwo problem\u00f3w, z kt\u00f3rymi sobie nie radzimy, z kt\u00f3rymi<br \/>\nnam trudno. Czemu kr\u0119pujemy si\u0119 powiedzie\u0107 o tym, czemu wstydzimy si\u0119 innych<br \/>\nprosi\u0107 o modlitw\u0119 za nas? Czemu trudno nam uwierzy\u0107, \u017ce ta modlitwa mo\u017ce nam<br \/>\nrozwi\u0105za\u0107 problem? Czy jeste\u015bmy gotowi na to, \u017ceby B\u00f3g dokona\u0142 cudu w naszym<br \/>\n\u017cyciu? Czy chcemy, \u017ceby On nas wys\u0142ucha\u0142? Czy konkretnie go prosimy?<\/div>\n<div class=\"MsoNormal\" style=\"text-align: justify;\">\nPrzecie\u017c ten blog, m\u00f3g\u0142by te\u017c<br \/>\nfunkcjonowa\u0107, jako grupa modlitewna, w kt\u00f3rym m\u00f3wimy o swoim problemie, je\u015bli<br \/>\non rzeczywi\u015bcie jest wielki i nas przerasta\u2026 Wtedy prosimy o modlitw\u0119 i<br \/>\nrzeczywi\u015bcie si\u0119 w tej intencji wszyscy modlimy.<\/div>\n<div class=\"MsoNormal\" style=\"text-align: justify;\">\nCiekawe, co Wy o tym my\u015blicie\u2026<\/div>\n<div class=\"MsoNormal\" style=\"text-align: justify;\">\nPozdrawiam bardzo gor\u0105co ze zn\u00f3w<br \/>\nmro\u017anej Syberii.<\/div>\n","protected":false},"excerpt":{"rendered":"<p>Szcz\u0119\u015b\u0107 Bo\u017ce! Kochani, jak poczyta\u0142em we wczorajszych Waszych wypowiedziach o tym moim zerkaniu ze zdj\u0119cia, to poczu\u0142em si\u0119 bardzo &#8222;monumentalnie&#8221;. Zapewniam jednak o sta\u0142ej pami\u0119ci w modlitwie i &#8211; oczywi\u015bcie &#8211; stale czuwam nad blogiem. Nie tylko ze zdj\u0119cia! Natomiast bardzo mnie ciesz\u0105 Wasze opinie na temat pisania rozwa\u017ca\u0144 przez Marka. Bo co jakie\u015b dwa [&hellip;]<\/p>\n","protected":false},"author":1,"featured_media":0,"comment_status":"open","ping_status":"open","sticky":false,"template":"","format":"standard","meta":{"jetpack_post_was_ever_published":false,"_jetpack_newsletter_access":"","_jetpack_dont_email_post_to_subs":false,"_jetpack_newsletter_tier_id":0,"_jetpack_memberships_contains_paywalled_content":false,"_jetpack_memberships_contains_paid_content":false,"footnotes":""},"categories":[1],"tags":[],"class_list":["post-9585","post","type-post","status-publish","format-standard","hentry","category-bez-kategorii"],"yoast_head":"<!-- This site is optimized with the Yoast SEO plugin v25.1 - https:\/\/yoast.com\/wordpress\/plugins\/seo\/ -->\n<title>Jeszcze o cudach, o wierze - i o &quot;zmuszaniu&quot; Boga... - Gaudium Et Spes<\/title>\n<meta name=\"robots\" content=\"index, follow, max-snippet:-1, max-image-preview:large, max-video-preview:-1\" \/>\n<link rel=\"canonical\" href=\"https:\/\/gaudiumetspes-blog.pl\/index.php\/2012\/02\/09\/jeszcze-o-cudach-o-wierze-i-o-zmuszaniu\/\" \/>\n<meta property=\"og:locale\" content=\"pl_PL\" \/>\n<meta property=\"og:type\" content=\"article\" \/>\n<meta property=\"og:title\" content=\"Jeszcze o cudach, o wierze - i o &quot;zmuszaniu&quot; Boga... - Gaudium Et Spes\" \/>\n<meta property=\"og:description\" content=\"Szcz\u0119\u015b\u0107 Bo\u017ce! Kochani, jak poczyta\u0142em we wczorajszych Waszych wypowiedziach o tym moim zerkaniu ze zdj\u0119cia, to poczu\u0142em si\u0119 bardzo &#8222;monumentalnie&#8221;. Zapewniam jednak o sta\u0142ej pami\u0119ci w modlitwie i &#8211; oczywi\u015bcie &#8211; stale czuwam nad blogiem. Nie tylko ze zdj\u0119cia! Natomiast bardzo mnie ciesz\u0105 Wasze opinie na temat pisania rozwa\u017ca\u0144 przez Marka. Bo co jakie\u015b dwa [&hellip;]\" \/>\n<meta property=\"og:url\" content=\"https:\/\/gaudiumetspes-blog.pl\/index.php\/2012\/02\/09\/jeszcze-o-cudach-o-wierze-i-o-zmuszaniu\/\" \/>\n<meta property=\"og:site_name\" content=\"Gaudium Et Spes\" \/>\n<meta property=\"article:published_time\" content=\"2012-02-09T07:22:00+00:00\" \/>\n<meta property=\"article:modified_time\" content=\"2019-07-31T10:52:59+00:00\" \/>\n<meta name=\"author\" content=\"Ks. Jacek\" \/>\n<meta name=\"twitter:card\" content=\"summary_large_image\" \/>\n<meta name=\"twitter:label1\" content=\"Napisane przez\" \/>\n\t<meta name=\"twitter:data1\" content=\"Ks. Jacek\" \/>\n\t<meta name=\"twitter:label2\" content=\"Szacowany czas czytania\" \/>\n\t<meta name=\"twitter:data2\" content=\"6 minut\" \/>\n<script type=\"application\/ld+json\" class=\"yoast-schema-graph\">{\"@context\":\"https:\/\/schema.org\",\"@graph\":[{\"@type\":\"WebPage\",\"@id\":\"https:\/\/gaudiumetspes-blog.pl\/index.php\/2012\/02\/09\/jeszcze-o-cudach-o-wierze-i-o-zmuszaniu\/\",\"url\":\"https:\/\/gaudiumetspes-blog.pl\/index.php\/2012\/02\/09\/jeszcze-o-cudach-o-wierze-i-o-zmuszaniu\/\",\"name\":\"Jeszcze o cudach, o wierze - i o \\\"zmuszaniu\\\" Boga... - Gaudium Et Spes\",\"isPartOf\":{\"@id\":\"https:\/\/gaudiumetspes-blog.pl\/#website\"},\"datePublished\":\"2012-02-09T07:22:00+00:00\",\"dateModified\":\"2019-07-31T10:52:59+00:00\",\"author\":{\"@id\":\"https:\/\/gaudiumetspes-blog.pl\/#\/schema\/person\/1661982992b752dea8dff0d4ed845a65\"},\"breadcrumb\":{\"@id\":\"https:\/\/gaudiumetspes-blog.pl\/index.php\/2012\/02\/09\/jeszcze-o-cudach-o-wierze-i-o-zmuszaniu\/#breadcrumb\"},\"inLanguage\":\"pl-PL\",\"potentialAction\":[{\"@type\":\"ReadAction\",\"target\":[\"https:\/\/gaudiumetspes-blog.pl\/index.php\/2012\/02\/09\/jeszcze-o-cudach-o-wierze-i-o-zmuszaniu\/\"]}]},{\"@type\":\"BreadcrumbList\",\"@id\":\"https:\/\/gaudiumetspes-blog.pl\/index.php\/2012\/02\/09\/jeszcze-o-cudach-o-wierze-i-o-zmuszaniu\/#breadcrumb\",\"itemListElement\":[{\"@type\":\"ListItem\",\"position\":1,\"name\":\"Strona g\u0142\u00f3wna\",\"item\":\"https:\/\/gaudiumetspes-blog.pl\/\"},{\"@type\":\"ListItem\",\"position\":2,\"name\":\"Jeszcze o&nbsp;cudach, o&nbsp;wierze &#8211; i&nbsp;o&nbsp;&#8222;zmuszaniu&#8221; Boga&#8230;\"}]},{\"@type\":\"WebSite\",\"@id\":\"https:\/\/gaudiumetspes-blog.pl\/#website\",\"url\":\"https:\/\/gaudiumetspes-blog.pl\/\",\"name\":\"Gaudium Et Spes\",\"description\":\"Blog Ks. Jacka Ja\u015bkowskiego\",\"potentialAction\":[{\"@type\":\"SearchAction\",\"target\":{\"@type\":\"EntryPoint\",\"urlTemplate\":\"https:\/\/gaudiumetspes-blog.pl\/?s={search_term_string}\"},\"query-input\":{\"@type\":\"PropertyValueSpecification\",\"valueRequired\":true,\"valueName\":\"search_term_string\"}}],\"inLanguage\":\"pl-PL\"},{\"@type\":\"Person\",\"@id\":\"https:\/\/gaudiumetspes-blog.pl\/#\/schema\/person\/1661982992b752dea8dff0d4ed845a65\",\"name\":\"Ks. Jacek\",\"image\":{\"@type\":\"ImageObject\",\"inLanguage\":\"pl-PL\",\"@id\":\"https:\/\/gaudiumetspes-blog.pl\/#\/schema\/person\/image\/\",\"url\":\"https:\/\/gaudiumetspes-blog.pl\/wp-content\/uploads\/2019\/07\/avatar-JJ-150x150.jpg\",\"contentUrl\":\"https:\/\/gaudiumetspes-blog.pl\/wp-content\/uploads\/2019\/07\/avatar-JJ-150x150.jpg\",\"caption\":\"Ks. Jacek\"},\"description\":\"Witam serdecznie! K\u0142ania si\u0119 Ks. Jacek Ja\u015bkowski. Nie jestem ani kim\u015b wa\u017cnym, ani kim\u015b znanym. Jestem ksi\u0119dzem, kt\u00f3ry po prostu chce rozmawia\u0107. Codzienna kap\u0142a\u0144ska pos\u0142uga pokazuje mi, \u017ce temat\u00f3w do rozm\u00f3w z ksi\u0119dzem jest coraz wi\u0119cej i dzisiaj \u017caden ksi\u0105dz nie mo\u017ce od nich ucieka\u0107, ale - wprost przeciwnie - podejmowa\u0107 nowe wyzwania. To przekonanie sk\u0142oni\u0142o mnie do pr\u00f3by otwarcia tego\u017c bloga, chocia\u017c okazji do rozm\u00f3w na co dzie\u0144 - w konfesjonale i poza nim - na szcz\u0119\u015bcie nie brakuje. My\u015bl\u0119 jednak, \u017ce ten blog b\u0119dzie jeszcze jednym sposobem i przestrzeni\u0105 nawi\u0105zania kontaktu z lud\u017ami dobrej woli, otwartymi na dialog.\",\"url\":\"https:\/\/gaudiumetspes-blog.pl\/index.php\/author\/ks-jacek\/\"}]}<\/script>\n<!-- \/ Yoast SEO plugin. -->","yoast_head_json":{"title":"Jeszcze o cudach, o wierze - i o \"zmuszaniu\" Boga... - Gaudium Et Spes","robots":{"index":"index","follow":"follow","max-snippet":"max-snippet:-1","max-image-preview":"max-image-preview:large","max-video-preview":"max-video-preview:-1"},"canonical":"https:\/\/gaudiumetspes-blog.pl\/index.php\/2012\/02\/09\/jeszcze-o-cudach-o-wierze-i-o-zmuszaniu\/","og_locale":"pl_PL","og_type":"article","og_title":"Jeszcze o cudach, o wierze - i o \"zmuszaniu\" Boga... - Gaudium Et Spes","og_description":"Szcz\u0119\u015b\u0107 Bo\u017ce! Kochani, jak poczyta\u0142em we wczorajszych Waszych wypowiedziach o tym moim zerkaniu ze zdj\u0119cia, to poczu\u0142em si\u0119 bardzo &#8222;monumentalnie&#8221;. Zapewniam jednak o sta\u0142ej pami\u0119ci w modlitwie i &#8211; oczywi\u015bcie &#8211; stale czuwam nad blogiem. Nie tylko ze zdj\u0119cia! Natomiast bardzo mnie ciesz\u0105 Wasze opinie na temat pisania rozwa\u017ca\u0144 przez Marka. Bo co jakie\u015b dwa [&hellip;]","og_url":"https:\/\/gaudiumetspes-blog.pl\/index.php\/2012\/02\/09\/jeszcze-o-cudach-o-wierze-i-o-zmuszaniu\/","og_site_name":"Gaudium Et Spes","article_published_time":"2012-02-09T07:22:00+00:00","article_modified_time":"2019-07-31T10:52:59+00:00","author":"Ks. Jacek","twitter_card":"summary_large_image","twitter_misc":{"Napisane przez":"Ks. Jacek","Szacowany czas czytania":"6 minut"},"schema":{"@context":"https:\/\/schema.org","@graph":[{"@type":"WebPage","@id":"https:\/\/gaudiumetspes-blog.pl\/index.php\/2012\/02\/09\/jeszcze-o-cudach-o-wierze-i-o-zmuszaniu\/","url":"https:\/\/gaudiumetspes-blog.pl\/index.php\/2012\/02\/09\/jeszcze-o-cudach-o-wierze-i-o-zmuszaniu\/","name":"Jeszcze o cudach, o wierze - i o \"zmuszaniu\" Boga... - Gaudium Et Spes","isPartOf":{"@id":"https:\/\/gaudiumetspes-blog.pl\/#website"},"datePublished":"2012-02-09T07:22:00+00:00","dateModified":"2019-07-31T10:52:59+00:00","author":{"@id":"https:\/\/gaudiumetspes-blog.pl\/#\/schema\/person\/1661982992b752dea8dff0d4ed845a65"},"breadcrumb":{"@id":"https:\/\/gaudiumetspes-blog.pl\/index.php\/2012\/02\/09\/jeszcze-o-cudach-o-wierze-i-o-zmuszaniu\/#breadcrumb"},"inLanguage":"pl-PL","potentialAction":[{"@type":"ReadAction","target":["https:\/\/gaudiumetspes-blog.pl\/index.php\/2012\/02\/09\/jeszcze-o-cudach-o-wierze-i-o-zmuszaniu\/"]}]},{"@type":"BreadcrumbList","@id":"https:\/\/gaudiumetspes-blog.pl\/index.php\/2012\/02\/09\/jeszcze-o-cudach-o-wierze-i-o-zmuszaniu\/#breadcrumb","itemListElement":[{"@type":"ListItem","position":1,"name":"Strona g\u0142\u00f3wna","item":"https:\/\/gaudiumetspes-blog.pl\/"},{"@type":"ListItem","position":2,"name":"Jeszcze o&nbsp;cudach, o&nbsp;wierze &#8211; i&nbsp;o&nbsp;&#8222;zmuszaniu&#8221; Boga&#8230;"}]},{"@type":"WebSite","@id":"https:\/\/gaudiumetspes-blog.pl\/#website","url":"https:\/\/gaudiumetspes-blog.pl\/","name":"Gaudium Et Spes","description":"Blog Ks. Jacka Ja\u015bkowskiego","potentialAction":[{"@type":"SearchAction","target":{"@type":"EntryPoint","urlTemplate":"https:\/\/gaudiumetspes-blog.pl\/?s={search_term_string}"},"query-input":{"@type":"PropertyValueSpecification","valueRequired":true,"valueName":"search_term_string"}}],"inLanguage":"pl-PL"},{"@type":"Person","@id":"https:\/\/gaudiumetspes-blog.pl\/#\/schema\/person\/1661982992b752dea8dff0d4ed845a65","name":"Ks. Jacek","image":{"@type":"ImageObject","inLanguage":"pl-PL","@id":"https:\/\/gaudiumetspes-blog.pl\/#\/schema\/person\/image\/","url":"https:\/\/gaudiumetspes-blog.pl\/wp-content\/uploads\/2019\/07\/avatar-JJ-150x150.jpg","contentUrl":"https:\/\/gaudiumetspes-blog.pl\/wp-content\/uploads\/2019\/07\/avatar-JJ-150x150.jpg","caption":"Ks. Jacek"},"description":"Witam serdecznie! K\u0142ania si\u0119 Ks. Jacek Ja\u015bkowski. Nie jestem ani kim\u015b wa\u017cnym, ani kim\u015b znanym. Jestem ksi\u0119dzem, kt\u00f3ry po prostu chce rozmawia\u0107. Codzienna kap\u0142a\u0144ska pos\u0142uga pokazuje mi, \u017ce temat\u00f3w do rozm\u00f3w z ksi\u0119dzem jest coraz wi\u0119cej i dzisiaj \u017caden ksi\u0105dz nie mo\u017ce od nich ucieka\u0107, ale - wprost przeciwnie - podejmowa\u0107 nowe wyzwania. To przekonanie sk\u0142oni\u0142o mnie do pr\u00f3by otwarcia tego\u017c bloga, chocia\u017c okazji do rozm\u00f3w na co dzie\u0144 - w konfesjonale i poza nim - na szcz\u0119\u015bcie nie brakuje. My\u015bl\u0119 jednak, \u017ce ten blog b\u0119dzie jeszcze jednym sposobem i przestrzeni\u0105 nawi\u0105zania kontaktu z lud\u017ami dobrej woli, otwartymi na dialog.","url":"https:\/\/gaudiumetspes-blog.pl\/index.php\/author\/ks-jacek\/"}]}},"jetpack_featured_media_url":"","jetpack_sharing_enabled":true,"_links":{"self":[{"href":"https:\/\/gaudiumetspes-blog.pl\/index.php\/wp-json\/wp\/v2\/posts\/9585","targetHints":{"allow":["GET"]}}],"collection":[{"href":"https:\/\/gaudiumetspes-blog.pl\/index.php\/wp-json\/wp\/v2\/posts"}],"about":[{"href":"https:\/\/gaudiumetspes-blog.pl\/index.php\/wp-json\/wp\/v2\/types\/post"}],"author":[{"embeddable":true,"href":"https:\/\/gaudiumetspes-blog.pl\/index.php\/wp-json\/wp\/v2\/users\/1"}],"replies":[{"embeddable":true,"href":"https:\/\/gaudiumetspes-blog.pl\/index.php\/wp-json\/wp\/v2\/comments?post=9585"}],"version-history":[{"count":1,"href":"https:\/\/gaudiumetspes-blog.pl\/index.php\/wp-json\/wp\/v2\/posts\/9585\/revisions"}],"predecessor-version":[{"id":10498,"href":"https:\/\/gaudiumetspes-blog.pl\/index.php\/wp-json\/wp\/v2\/posts\/9585\/revisions\/10498"}],"wp:attachment":[{"href":"https:\/\/gaudiumetspes-blog.pl\/index.php\/wp-json\/wp\/v2\/media?parent=9585"}],"wp:term":[{"taxonomy":"category","embeddable":true,"href":"https:\/\/gaudiumetspes-blog.pl\/index.php\/wp-json\/wp\/v2\/categories?post=9585"},{"taxonomy":"post_tag","embeddable":true,"href":"https:\/\/gaudiumetspes-blog.pl\/index.php\/wp-json\/wp\/v2\/tags?post=9585"}],"curies":[{"name":"wp","href":"https:\/\/api.w.org\/{rel}","templated":true}]}}