{"id":9588,"date":"2012-02-06T08:04:00","date_gmt":"2012-02-06T07:04:00","guid":{"rendered":"https:\/\/gaudiumetspes-blog.pl\/index.php\/2012\/02\/06\/jak-mozna-gosic-chwae-boza\/"},"modified":"2019-07-31T12:52:59","modified_gmt":"2019-07-31T10:52:59","slug":"jak-mozna-gosic-chwae-boza","status":"publish","type":"post","link":"https:\/\/gaudiumetspes-blog.pl\/index.php\/2012\/02\/06\/jak-mozna-gosic-chwae-boza\/","title":{"rendered":"Jak mo\u017cna g\u0142osi\u0107 chwa\u0142\u0119 Bo\u017c\u0105?"},"content":{"rendered":"<p><\/p>\n<div class=\"MsoNormal\" style=\"text-align: justify;\">\n<b>Szcz\u0119\u015b\u0107 Bo\u017ce! Kochani, bardzo dzi\u0119kuj\u0119 za wczorajsze g\u0142\u0119bokie &#8211; i szerokie! &#8211; wypowiedzi. Musz\u0119 si\u0119 w nie jeszcze raz wczyta\u0107 i przemy\u015ble\u0107. Ale to, co w tej chwili chc\u0119 powiedzie\u0107 (to znaczy: napisa\u0107) &#8211; abstrahuj\u0105c mo\u017ce nawet od samej tre\u015bci wpis\u00f3w &#8211; to moja wielka i wr\u0119cz wzrastaj\u0105ca wdzi\u0119czno\u015b\u0107 Bogu i Wam za wielkie dobro, jakie si\u0119 na tym blogu dokonuje! Sta\u0142ym Komentatorom i wszystkim Czytelnikom, a tak szczeg\u00f3lnie &#8211; mojemu Bratu Markowi, kt\u00f3rego mog\u0119 nazwa\u0107 Wsp\u00f3\u0142autorem bloga, oraz Krzysiowi Fabisiakowi, Moderatorowi &#8211; z ca\u0142ego serca dzi\u0119kuj\u0119 i Bogu wszystkich powierzam! O 20.00 &#8211; i nie tylko! Bo to, co si\u0119 tu dzieje, ju\u017c dawno przeros\u0142o moje naj\u015bmielsze oczekiwania! Dzi\u0119ki!<\/b><\/div>\n<div class=\"MsoNormal\" style=\"text-align: justify;\">\n<b>&nbsp; &nbsp; <\/b>A dzisiaj, poniewa\u017c na Syberii du\u017co pracy, wi\u0119c zamieszczam moje rozwa\u017canie i zapraszam do refleksji nad tym, jak mo\u017cemy wszyscy pomna\u017ca\u0107 chwa\u0142\u0119 Bo\u017c\u0105 w swoim \u017cyciu!<\/div>\n<div class=\"MsoNormal\" style=\"text-align: justify;\">\n<b>&nbsp; &nbsp; &nbsp; &nbsp; &nbsp; &nbsp; &nbsp; &nbsp;<\/b>Gaudium et spes! &nbsp;Ks. Jacek<\/div>\n<div class=\"MsoNormal\" style=\"text-align: justify;\">\n<b><br \/><\/b><\/div>\n<div class=\"MsoNormal\" style=\"text-align: justify;\">\n<b>Wspomnienie<br \/>\n\u015awi\u0119tych M\u0119czennik\u00f3w Paw\u0142a Miki i Towarzyszy,<\/b><\/div>\n<div class=\"MsoNormal\" style=\"text-align: justify;\">\n<b>do<br \/>\nczyta\u0144:&nbsp; 1 Krl 8,1\u20137.9\u201313;&nbsp; Mk 6,53\u201356<\/b><\/div>\n<div class=\"MsoNormal\" style=\"text-align: justify;\">\n<\/div>\n<div class=\"MsoNormal\" style=\"text-align: justify; text-indent: 35.4pt;\">\nRozwa\u017caj\u0105c m\u0119cze\u0144stwo<br \/>\n\u015awi\u0119tych Paw\u0142a Miki i Towarzyszy, trzeba zacz\u0105\u0107 od tego, i\u017c <b>w<\/b> <b>po\u0142owie<br \/>\nXVI wieku chrze\u015bcija\u0144stwo w Japonii rozwija\u0142o si\u0119 bardzo dynamicznie.<\/b> Pierwszym<br \/>\nmisjonarzem w tym kraju by\u0142 \u015awi\u0119ty Franciszek Ksawery. Niestety, pi\u0119knie zapowiadaj\u0105ce<br \/>\nsi\u0119 dzie\u0142o zosta\u0142o <b>pr\u0119dko zatrzymane<br \/>\nprzez fanatyzm w\u0142adc\u00f3w. Wybuch\u0142o nag\u0142e, bardzo krwawe prze\u015bladowanie<\/b>. <\/div>\n<div class=\"MsoNormal\" style=\"text-align: justify; text-indent: 35.4pt;\">\nI to w\u0142a\u015bnie na te czasy<br \/>\nprzypada bohaterska \u015bmier\u0107 \u015awi\u0119tego Paw\u0142a Miki i jego dwudziestu pi\u0119ciu Towarzyszy.<br \/>\nSam <b>Pawe\u0142 Miki urodzi\u0142 si\u0119 ko\u0142o Kioto, w<br \/>\nzamo\u017cnej rodzinie, w roku 1565.<\/b> Mia\u0142 zaledwie pi\u0119\u0107 lat, kiedy otrzyma\u0142<br \/>\nchrzest. A trzeba zauwa\u017cy\u0107, i\u017c w Japonii w XVI wieku zdarza\u0142o si\u0119 to niezwykle<br \/>\nrzadko. Kszta\u0142ci\u0142 si\u0119 <b>u jezuit\u00f3w, do kt\u00f3rych<br \/>\nwst\u0105pi\u0142 w wieku dwudziestu dw\u00f3ch lat. <\/b>B\u0119d\u0105c klerykiem, pomaga\u0142 misjonarzom<br \/>\njako katechista. <\/div>\n<div class=\"MsoNormal\" style=\"text-align: justify; text-indent: 35.4pt;\">\nPo nowicjacie i studiach<br \/>\nprzemierzy\u0142 <b>niemal ca\u0142\u0105 Japoni\u0119, g\u0142osz\u0105c<br \/>\nnauk\u0119 Chrystusa.<\/b> Kiedy mia\u0142 ju\u017c otrzyma\u0107 \u015bwi\u0119cenia kap\u0142a\u0144skie, <b>w 1597 roku wybuch\u0142o prze\u015bladowanie.<\/b><br \/>\nAresztowano go i poddano torturom, aby wyrzek\u0142 si\u0119 wiary. <b>W wi\u0119zieniu spotka\u0142 si\u0119 z dwudziestu trzema Towarzyszami. <\/b>Po dotkliwych<br \/>\ntorturach obwo\u017cono ich po mie\u015bcie z wypisanym wyrokiem \u015bmierci. <b>Pawe\u0142 wykorzysta\u0142 t\u0119 okazj\u0119, by zebranym<br \/>\nt\u0142umom g\u0142osi\u0107 Chrystusa. <\/b><\/div>\n<div class=\"MsoNormal\" style=\"text-align: justify; text-indent: 35.4pt;\">\nWi\u0119\u017ani\u00f3w umieszczono w wi\u0119zieniu<br \/>\nw pobli\u017cu miasta Nagasaki. Do\u0142\u0105czono do nich jeszcze dw\u00f3ch chrze\u015bcijan, kt\u00f3rych<br \/>\naresztowano za to, \u017ce usi\u0142owali nie\u015b\u0107 pomoc wi\u0119\u017aniom. Na naleganie prowincja\u0142a <b>w\u0142adze zgodzi\u0142y si\u0119 dopu\u015bci\u0107 do skazanych<br \/>\nkap\u0142ana z sakramentami.<\/b> T\u0119 okazj\u0119 wykorzystali dwaj nowicjusze, by na jego<br \/>\nr\u0119ce z\u0142o\u017cy\u0107 \u015bluby zakonne. <\/div>\n<div class=\"MsoNormal\" style=\"text-align: justify; text-indent: 35.4pt;\">\nPoza miastem ustawiono <b>dwadzie\u015bcia sze\u015b\u0107 krzy\u017cy, na kt\u00f3rych zawieszono<br \/>\naresztowanych chrze\u015bcijan.<\/b> Pawe\u0142 Miki jeszcze z krzy\u017ca g\u0142osi\u0142 zebranym<br \/>\npoganom Chrystusa, daj\u0105c <b>wyraz swojej<br \/>\nrado\u015bci z tego, \u017ce ginie tak zaszczytn\u0105 dla siebie \u015bmierci\u0105.<\/b> Zach\u0119ca\u0142 do wytrwania<br \/>\ntak\u017ce swoich Towarzyszy. M\u0119czennicy przeszyci lancami \u017co\u0142nierzy <b>dope\u0142nili ofiary z \u017cycia dnia 5 lutego 1597<br \/>\nroku.<\/b> S\u0105 to pierwsi m\u0119czennicy Dalekiego Wschodu. <b>W 1862 roku kanonizowa\u0142 ich Papie\u017c Pius IX,<\/b> kt\u00f3ry p\u00f3\u017aniej jeszcze<br \/>\nbeatyfikowa\u0142 dwustu pi\u0119ciu innych M\u0119czennik\u00f3w japo\u0144skich, zabitych w wieku<br \/>\nXVII. <\/div>\n<div class=\"MsoNormal\" style=\"text-align: justify; text-indent: 35.4pt;\">\nA oto jak m\u0119cze\u0144stwo dzisiejszych<br \/>\nnaszych Patron\u00f3w relacjonuje wsp\u00f3\u0142czesnym im Autor: <b>\u201eKiedy ustawiono krzy\u017ce, wszyscy okazali podziwu godne m\u0119stwo,<\/b> do<br \/>\nkt\u00f3rego wzywali zar\u00f3wno ojciec Pazjusz, jak i ojciec Rodriguez. Ojciec Komisarz<br \/>\ntrwa\u0142 nieporuszony z oczyma zwr\u00f3conymi ku niebu. Brat Marcin dzi\u0119kuj\u0105c Bogu za<br \/>\ndobro\u0107 \u015bpiewa\u0142 psalmy, do kt\u00f3rych dodawa\u0142 s\u0142owa: <b>\u201eW r\u0119ce Twoje, Panie\u201d. <\/b>Brat Franciszek r\u00f3wnie\u017c g\u0142o\u015bno dzi\u0119kowa\u0142 Bogu.<br \/>\nBrat Gonzalez podniesionym g\u0142osem odmawia\u0142 Modlitw\u0119 Pa\u0144sk\u0105 i Pozdrowienie<br \/>\nAnielskie. <\/div>\n<div class=\"MsoNormal\" style=\"text-align: justify; text-indent: 35.4pt;\">\nNasz brat, Pawe\u0142 Miki,<br \/>\nskoro zobaczy\u0142, \u017ce <b>zajmuje miejsce najzaszczytniejsze<br \/>\nze wszystkich, na jakie kiedykolwiek wst\u0119powa\u0142,<\/b> o\u015bwiadczy\u0142 najpierw<br \/>\nzebranym, i\u017c jest Japo\u0144czykiem nale\u017c\u0105cym do Towarzystwa Jezusowego, \u017ce <b>umiera z powodu g\u0142oszenia Ewangelii i \u017ce<br \/>\ndzi\u0119kuje Bogu za tak wspania\u0142e Jego dobrodziejstwo.<\/b> Nast\u0119pnie doda\u0142 takie<br \/>\ns\u0142owa: \u201eMy\u015bl\u0119, \u017ce skoro doszed\u0142em do tej chwili, <b>nikt z was nie b\u0119dzie mnie podejrzewa\u0142 o ch\u0119\u0107 przemilczenia prawdy.<\/b><br \/>\nDlatego o\u015bwiadczam wam, \u017ce <b>nie ma innej<br \/>\ndrogi zbawienia poza t\u0105, kt\u00f3r\u0105 pod\u0105\u017caj\u0105 chrze\u015bcijanie. <\/b>Poniewa\u017c ona uczy<br \/>\nmnie wybacza\u0107 wrogom oraz wszystkim, co mnie skrzywdzili, dlatego <b>z serca przebaczam kr\u00f3lowi, a tak\u017ce wszystkim,<br \/>\nkt\u00f3rzy zadali mi \u015bmier\u0107, i prosz\u0119 ich, aby zechcieli przyj\u0105\u0107 Chrzest\u201d.<\/b> <\/div>\n<div class=\"MsoNormal\" style=\"text-align: justify; text-indent: 35.4pt;\">\nPotem si\u0119 zwr\u00f3ci\u0142 ku swoim Towarzyszom,<br \/>\ntocz\u0105cym ostatni b\u00f3j, <b>aby im doda\u0107<br \/>\notuchy.<\/b> Na twarzach wszystkich ja\u015bnia\u0142a rado\u015b\u0107, zw\u0142aszcza na twarzy Ludwika.<br \/>\nKiedy pewien chrze\u015bcijanin zawo\u0142a\u0142 do niego, i\u017c wkr\u00f3tce b\u0119dzie w raju, <b>on radosn\u0105 postaw\u0105 ca\u0142ego cia\u0142a zwr\u00f3ci\u0142 na<br \/>\nsiebie oczy wszystkich patrz\u0105cych.<\/b> Antoni, kt\u00f3ry zajmowa\u0142 miejsce obok Ludwika,<br \/>\npodni\u00f3s\u0142szy oczy ku niebu i wezwawszy naj\u015bwi\u0119tsze imiona Jezusa i Maryi, zaintonowa\u0142<br \/>\npsalm: <b>\u201eChwalcie, s\u0142udzy Pa\u0144scy\u201d,<\/b> kt\u00f3rego<br \/>\nnauczy\u0142 si\u0119 na katechezie w Nagasaki. Wiele tam bowiem dok\u0142adano stara\u0144, aby wyuczy\u0107<br \/>\ndzieci na pami\u0119\u0107 niekt\u00f3rych psalm\u00f3w. Inni z radosnym obliczem powtarzali: \u201eJezus,<br \/>\nMaryja\u201d. Niekt\u00f3rzy zach\u0119cali obecnych do prowadzenia \u017cycia godnego chrze\u015bcijan.<br \/>\nW ten czy inny spos\u00f3b okazywali gotowo\u015b\u0107 umierania. <\/div>\n<div class=\"MsoNormal\" style=\"text-align: justify; text-indent: 35.4pt;\">\nW pewnym momencie czterech<br \/>\nkat\u00f3w wyci\u0105gn\u0119\u0142o miecze u\u017cywane w Japonii <b>i<br \/>\nna ten straszny widok zebrani tam wierni wykrzykn\u0119li: \u201eJezus, Maryja!\u201d,<\/b> <b>a przejmuj\u0105ce to wo\u0142anie podnios\u0142o si\u0119 a\u017c<br \/>\nku niebiosom.<\/b> Kaci za\u015b jednym lub dwoma ciosami odebrali im \u017cycie.\u201d Tyle z<br \/>\nhistorii bohaterskiego m\u0119cze\u0144stwa Paw\u0142a Miki i jego Towarzyszy.<\/div>\n<div class=\"MsoNormal\" style=\"text-align: justify; text-indent: 35.4pt;\">\nA my, s\u0142uchaj\u0105c Bo\u017cego<br \/>\nS\u0142owa, przeznaczonego na dzie\u0144 dzisiejszy w liturgii Ko\u015bcio\u0142a, jeste\u015bmy \u015bwiadkami<br \/>\n<b>objawiania si\u0119 wielkiej chwa\u0142y Bo\u017cej<br \/>\nw\u015br\u00f3d ludzi.<\/b> W pierwszym czytaniu s\u0142yszymy histori\u0119 <b>przeniesienia Arki Przymierza do \u015bwi\u0105tyni,<\/b> zbudowanej przez<br \/>\nSalomona, w kt\u00f3rej to \u015bwi\u0105tyni B\u00f3g upodoba\u0142 sobie i \u2013 w spos\u00f3b widoczny dla<br \/>\nludzi \u2013 zamieszka\u0142. To miejsce mia\u0142o si\u0119 sta\u0107 od tego czasu miejscem szczeg\u00f3lnego<br \/>\nukazywania si\u0119 Bo\u017cej chwa\u0142y i tak\u017ce spotykania si\u0119 Boga z cz\u0142owiekiem. <\/div>\n<div class=\"MsoNormal\" style=\"text-align: justify; text-indent: 35.4pt;\">\nEwangelia ukazuje nam <b>blask chwa\u0142y Bo\u017cej, jak\u0105 Jezus Chrystus,<br \/>\nBo\u017cy Syn, objawia poprzez licznie dokonywane uzdrowienia.<\/b> Mo\u017cna nawet<br \/>\npowiedzie\u0107, \u017ce by\u0142o to <b>objawienie poprzez<br \/>\ndzia\u0142anie.<\/b> <\/div>\n<div class=\"MsoNormal\" style=\"text-align: justify; text-indent: 35.4pt;\">\nA nasi dzisiejsi Patronowie<br \/>\n<b>objawili Bo\u017c\u0105 chwa\u0142\u0119 poprzez swoje<br \/>\nm\u0119cze\u0144stwo. <\/b>Nie ma bowiem w\u0105tpliwo\u015bci, \u017ce \u015bwiadectwo, dawane swej wierze z<br \/>\nkrzy\u017ca \u2013 mia\u0142o <b>wymiar bardzo szczeg\u00f3lny<br \/>\ni przekonuj\u0105cy. <\/b>Tak, przekonuj\u0105cy, bo \u017cycia nie oddaje si\u0119 za byle co i na<br \/>\nkrzy\u017c nie wst\u0119puje si\u0119 w imi\u0119 jakiej\u015b mglistej mrzonki, ale w imi\u0119 prawdy, co<br \/>\ndo kt\u00f3rej jest si\u0119 najbardziej i najmocniej przekonanym. <\/div>\n<div class=\"MsoNormal\" style=\"text-align: justify; text-indent: 35.4pt;\">\nTrzeba nam zatem u\u015bwiadomi\u0107<br \/>\nsobie, Kochani, \u017ce i my tak\u017ce winni\u015bmy <b>poprzez<br \/>\nto wszystko, co prze\u017cywamy czy te\u017c czynimy \u2013 poprzez wszystko winni\u015bmy ukazywa\u0107<br \/>\nblask chwa\u0142y Bo\u017cej, ja\u015bniej\u0105cej w nas.<\/b> Zatem, czy to <b>\u015bwi\u0119tujemy<\/b>, jak lud Izraela pod wodz\u0105 Salomona; czy te\u017c <b>podejmujemy swoj\u0105 codzienn\u0105 krz\u0105tanin\u0119<\/b><br \/>\ni wype\u0142nianie obowi\u0105zk\u00f3w, jak to czyni\u0142 dzi\u015b Jezus; czy te\u017c realizuj\u0105c <b>bardzo trudne dzie\u0142o znoszenia cierpie\u0144,<\/b><br \/>\n\u017cyciowych trudno\u015bci i do\u015bwiadcze\u0144 \u2013 poprzez to wszystko winni\u015bmy <b>dawa\u0107 \u015bwiadectwo swojej wiary i ukazywa\u0107<br \/>\nblask chwa\u0142y Chrystusa.<\/b> <\/div>\n<div class=\"MsoNormal\" style=\"text-align: justify; text-indent: 35.4pt;\">\n<b>\u017badna sfera naszego \u017cycia nie mo\u017ce by\u0107 z tego wy\u0142\u0105czona,<\/b> gdy\u017c chrze\u015bcija\u0144stwo to<br \/>\nnie jest tylko niedzielna \u201emszyczka\u201d i poranny \u201epaciorek\u201d, ale to ca\u0142e nasze<br \/>\n\u017cycie, przenikni\u0119te we wszystkich jego wymiarach Bo\u017c\u0105 obecno\u015bci\u0105 i Bo\u017cym<br \/>\nwejrzeniem. <b>Ca\u0142e nasze \u017cycie \u2013 we wszystkich<br \/>\nwymiarach!<\/b> Tak\u017ce tych najtrudniejszych. <\/div>\n<div class=\"MsoNormal\" style=\"text-align: justify; text-indent: 35.4pt;\">\n<b>Niech postawa \u015awi\u0119tego Paw\u0142a Miki i jego Towarzyszy, M\u0119czennik\u00f3w<br \/>\njapo\u0144skich, b\u0119dzie dla nas przyk\u0142adem i wsparciem.<\/b><\/div>\n<div class=\"MsoNormal\" style=\"text-align: justify; text-indent: 35.4pt;\">\nI w tym w\u0142a\u015bnie kontek\u015bcie<br \/>\nzastan\u00f3wmy si\u0119:<\/div>\n<div class=\"MsoNormal\" style=\"margin-left: 36.0pt; mso-list: l0 level1 lfo1; tab-stops: list 36.0pt; text-align: justify; text-indent: -18.0pt;\">\n\u00b7&nbsp;&nbsp;&nbsp;&nbsp;&nbsp;&nbsp;&nbsp;<br \/>\nCzy<br \/>\nnie ma w moim \u017cyciu takiej sfery, kt\u00f3r\u0105 wstydliwie usi\u0142uj\u0119 ukry\u0107 przed Bogiem?<\/div>\n<div class=\"MsoNormal\" style=\"margin-left: 36.0pt; mso-list: l0 level1 lfo1; tab-stops: list 36.0pt; text-align: justify; text-indent: -18.0pt;\">\n\u00b7&nbsp;&nbsp;&nbsp;&nbsp;&nbsp;&nbsp;&nbsp;<br \/>\nCzy<br \/>\nwszystko, co robi\u0119, przynosi Bogu rado\u015b\u0107?<\/div>\n<div class=\"MsoNormal\" style=\"margin-left: 36.0pt; mso-list: l0 level1 lfo1; tab-stops: list 36.0pt; text-align: justify; text-indent: -18.0pt;\">\n\u00b7&nbsp;&nbsp;&nbsp;&nbsp;&nbsp;&nbsp;&nbsp;<br \/>\nCzy<br \/>\nmoja postawa dla innych jest zawsze dobrym przyk\u0142adem, czy te\u017c czasami jest<br \/>\nzgorszeniem?<\/div>\n<div class=\"MsoNormal\" style=\"text-align: justify;\">\n<\/div>\n<div class=\"MsoNormal\" style=\"text-align: justify;\">\n<b><i>A wszyscy, kt\u00f3rzy si\u0119 Go dotkn\u0119li, odzyskiwali<br \/>\nzdrowie<\/i><\/b>\u2026<\/div>\n","protected":false},"excerpt":{"rendered":"<p>Szcz\u0119\u015b\u0107 Bo\u017ce! Kochani, bardzo dzi\u0119kuj\u0119 za wczorajsze g\u0142\u0119bokie &#8211; i szerokie! &#8211; wypowiedzi. Musz\u0119 si\u0119 w nie jeszcze raz wczyta\u0107 i przemy\u015ble\u0107. Ale to, co w tej chwili chc\u0119 powiedzie\u0107 (to znaczy: napisa\u0107) &#8211; abstrahuj\u0105c mo\u017ce nawet od samej tre\u015bci wpis\u00f3w &#8211; to moja wielka i wr\u0119cz wzrastaj\u0105ca wdzi\u0119czno\u015b\u0107 Bogu i Wam za wielkie dobro, [&hellip;]<\/p>\n","protected":false},"author":1,"featured_media":0,"comment_status":"open","ping_status":"open","sticky":false,"template":"","format":"standard","meta":{"jetpack_post_was_ever_published":false,"_jetpack_newsletter_access":"","_jetpack_dont_email_post_to_subs":false,"_jetpack_newsletter_tier_id":0,"_jetpack_memberships_contains_paywalled_content":false,"_jetpack_memberships_contains_paid_content":false,"footnotes":""},"categories":[1],"tags":[],"class_list":["post-9588","post","type-post","status-publish","format-standard","hentry","category-bez-kategorii"],"yoast_head":"<!-- This site is optimized with the Yoast SEO plugin v25.1 - https:\/\/yoast.com\/wordpress\/plugins\/seo\/ -->\n<title>Jak mo\u017cna g\u0142osi\u0107 chwa\u0142\u0119 Bo\u017c\u0105? - Gaudium Et Spes<\/title>\n<meta name=\"robots\" content=\"index, follow, max-snippet:-1, max-image-preview:large, max-video-preview:-1\" \/>\n<link rel=\"canonical\" href=\"https:\/\/gaudiumetspes-blog.pl\/index.php\/2012\/02\/06\/jak-mozna-gosic-chwae-boza\/\" \/>\n<meta property=\"og:locale\" content=\"pl_PL\" \/>\n<meta property=\"og:type\" content=\"article\" \/>\n<meta property=\"og:title\" content=\"Jak mo\u017cna g\u0142osi\u0107 chwa\u0142\u0119 Bo\u017c\u0105? - Gaudium Et Spes\" \/>\n<meta property=\"og:description\" content=\"Szcz\u0119\u015b\u0107 Bo\u017ce! Kochani, bardzo dzi\u0119kuj\u0119 za wczorajsze g\u0142\u0119bokie &#8211; i szerokie! &#8211; wypowiedzi. Musz\u0119 si\u0119 w nie jeszcze raz wczyta\u0107 i przemy\u015ble\u0107. Ale to, co w tej chwili chc\u0119 powiedzie\u0107 (to znaczy: napisa\u0107) &#8211; abstrahuj\u0105c mo\u017ce nawet od samej tre\u015bci wpis\u00f3w &#8211; to moja wielka i wr\u0119cz wzrastaj\u0105ca wdzi\u0119czno\u015b\u0107 Bogu i Wam za wielkie dobro, [&hellip;]\" \/>\n<meta property=\"og:url\" content=\"https:\/\/gaudiumetspes-blog.pl\/index.php\/2012\/02\/06\/jak-mozna-gosic-chwae-boza\/\" \/>\n<meta property=\"og:site_name\" content=\"Gaudium Et Spes\" \/>\n<meta property=\"article:published_time\" content=\"2012-02-06T07:04:00+00:00\" \/>\n<meta property=\"article:modified_time\" content=\"2019-07-31T10:52:59+00:00\" \/>\n<meta name=\"author\" content=\"Ks. Jacek\" \/>\n<meta name=\"twitter:card\" content=\"summary_large_image\" \/>\n<meta name=\"twitter:label1\" content=\"Napisane przez\" \/>\n\t<meta name=\"twitter:data1\" content=\"Ks. Jacek\" \/>\n\t<meta name=\"twitter:label2\" content=\"Szacowany czas czytania\" \/>\n\t<meta name=\"twitter:data2\" content=\"7 minut\" \/>\n<script type=\"application\/ld+json\" class=\"yoast-schema-graph\">{\"@context\":\"https:\/\/schema.org\",\"@graph\":[{\"@type\":\"WebPage\",\"@id\":\"https:\/\/gaudiumetspes-blog.pl\/index.php\/2012\/02\/06\/jak-mozna-gosic-chwae-boza\/\",\"url\":\"https:\/\/gaudiumetspes-blog.pl\/index.php\/2012\/02\/06\/jak-mozna-gosic-chwae-boza\/\",\"name\":\"Jak mo\u017cna g\u0142osi\u0107 chwa\u0142\u0119 Bo\u017c\u0105? - Gaudium Et Spes\",\"isPartOf\":{\"@id\":\"https:\/\/gaudiumetspes-blog.pl\/#website\"},\"datePublished\":\"2012-02-06T07:04:00+00:00\",\"dateModified\":\"2019-07-31T10:52:59+00:00\",\"author\":{\"@id\":\"https:\/\/gaudiumetspes-blog.pl\/#\/schema\/person\/1661982992b752dea8dff0d4ed845a65\"},\"breadcrumb\":{\"@id\":\"https:\/\/gaudiumetspes-blog.pl\/index.php\/2012\/02\/06\/jak-mozna-gosic-chwae-boza\/#breadcrumb\"},\"inLanguage\":\"pl-PL\",\"potentialAction\":[{\"@type\":\"ReadAction\",\"target\":[\"https:\/\/gaudiumetspes-blog.pl\/index.php\/2012\/02\/06\/jak-mozna-gosic-chwae-boza\/\"]}]},{\"@type\":\"BreadcrumbList\",\"@id\":\"https:\/\/gaudiumetspes-blog.pl\/index.php\/2012\/02\/06\/jak-mozna-gosic-chwae-boza\/#breadcrumb\",\"itemListElement\":[{\"@type\":\"ListItem\",\"position\":1,\"name\":\"Strona g\u0142\u00f3wna\",\"item\":\"https:\/\/gaudiumetspes-blog.pl\/\"},{\"@type\":\"ListItem\",\"position\":2,\"name\":\"Jak mo\u017cna g\u0142osi\u0107 chwa\u0142\u0119 Bo\u017c\u0105?\"}]},{\"@type\":\"WebSite\",\"@id\":\"https:\/\/gaudiumetspes-blog.pl\/#website\",\"url\":\"https:\/\/gaudiumetspes-blog.pl\/\",\"name\":\"Gaudium Et Spes\",\"description\":\"Blog Ks. Jacka Ja\u015bkowskiego\",\"potentialAction\":[{\"@type\":\"SearchAction\",\"target\":{\"@type\":\"EntryPoint\",\"urlTemplate\":\"https:\/\/gaudiumetspes-blog.pl\/?s={search_term_string}\"},\"query-input\":{\"@type\":\"PropertyValueSpecification\",\"valueRequired\":true,\"valueName\":\"search_term_string\"}}],\"inLanguage\":\"pl-PL\"},{\"@type\":\"Person\",\"@id\":\"https:\/\/gaudiumetspes-blog.pl\/#\/schema\/person\/1661982992b752dea8dff0d4ed845a65\",\"name\":\"Ks. Jacek\",\"image\":{\"@type\":\"ImageObject\",\"inLanguage\":\"pl-PL\",\"@id\":\"https:\/\/gaudiumetspes-blog.pl\/#\/schema\/person\/image\/\",\"url\":\"https:\/\/gaudiumetspes-blog.pl\/wp-content\/uploads\/2019\/07\/avatar-JJ-150x150.jpg\",\"contentUrl\":\"https:\/\/gaudiumetspes-blog.pl\/wp-content\/uploads\/2019\/07\/avatar-JJ-150x150.jpg\",\"caption\":\"Ks. Jacek\"},\"description\":\"Witam serdecznie! K\u0142ania si\u0119 Ks. Jacek Ja\u015bkowski. Nie jestem ani kim\u015b wa\u017cnym, ani kim\u015b znanym. Jestem ksi\u0119dzem, kt\u00f3ry po prostu chce rozmawia\u0107. Codzienna kap\u0142a\u0144ska pos\u0142uga pokazuje mi, \u017ce temat\u00f3w do rozm\u00f3w z ksi\u0119dzem jest coraz wi\u0119cej i dzisiaj \u017caden ksi\u0105dz nie mo\u017ce od nich ucieka\u0107, ale - wprost przeciwnie - podejmowa\u0107 nowe wyzwania. To przekonanie sk\u0142oni\u0142o mnie do pr\u00f3by otwarcia tego\u017c bloga, chocia\u017c okazji do rozm\u00f3w na co dzie\u0144 - w konfesjonale i poza nim - na szcz\u0119\u015bcie nie brakuje. My\u015bl\u0119 jednak, \u017ce ten blog b\u0119dzie jeszcze jednym sposobem i przestrzeni\u0105 nawi\u0105zania kontaktu z lud\u017ami dobrej woli, otwartymi na dialog.\",\"url\":\"https:\/\/gaudiumetspes-blog.pl\/index.php\/author\/ks-jacek\/\"}]}<\/script>\n<!-- \/ Yoast SEO plugin. -->","yoast_head_json":{"title":"Jak mo\u017cna g\u0142osi\u0107 chwa\u0142\u0119 Bo\u017c\u0105? - Gaudium Et Spes","robots":{"index":"index","follow":"follow","max-snippet":"max-snippet:-1","max-image-preview":"max-image-preview:large","max-video-preview":"max-video-preview:-1"},"canonical":"https:\/\/gaudiumetspes-blog.pl\/index.php\/2012\/02\/06\/jak-mozna-gosic-chwae-boza\/","og_locale":"pl_PL","og_type":"article","og_title":"Jak mo\u017cna g\u0142osi\u0107 chwa\u0142\u0119 Bo\u017c\u0105? - Gaudium Et Spes","og_description":"Szcz\u0119\u015b\u0107 Bo\u017ce! Kochani, bardzo dzi\u0119kuj\u0119 za wczorajsze g\u0142\u0119bokie &#8211; i szerokie! &#8211; wypowiedzi. Musz\u0119 si\u0119 w nie jeszcze raz wczyta\u0107 i przemy\u015ble\u0107. Ale to, co w tej chwili chc\u0119 powiedzie\u0107 (to znaczy: napisa\u0107) &#8211; abstrahuj\u0105c mo\u017ce nawet od samej tre\u015bci wpis\u00f3w &#8211; to moja wielka i wr\u0119cz wzrastaj\u0105ca wdzi\u0119czno\u015b\u0107 Bogu i Wam za wielkie dobro, [&hellip;]","og_url":"https:\/\/gaudiumetspes-blog.pl\/index.php\/2012\/02\/06\/jak-mozna-gosic-chwae-boza\/","og_site_name":"Gaudium Et Spes","article_published_time":"2012-02-06T07:04:00+00:00","article_modified_time":"2019-07-31T10:52:59+00:00","author":"Ks. Jacek","twitter_card":"summary_large_image","twitter_misc":{"Napisane przez":"Ks. Jacek","Szacowany czas czytania":"7 minut"},"schema":{"@context":"https:\/\/schema.org","@graph":[{"@type":"WebPage","@id":"https:\/\/gaudiumetspes-blog.pl\/index.php\/2012\/02\/06\/jak-mozna-gosic-chwae-boza\/","url":"https:\/\/gaudiumetspes-blog.pl\/index.php\/2012\/02\/06\/jak-mozna-gosic-chwae-boza\/","name":"Jak mo\u017cna g\u0142osi\u0107 chwa\u0142\u0119 Bo\u017c\u0105? - Gaudium Et Spes","isPartOf":{"@id":"https:\/\/gaudiumetspes-blog.pl\/#website"},"datePublished":"2012-02-06T07:04:00+00:00","dateModified":"2019-07-31T10:52:59+00:00","author":{"@id":"https:\/\/gaudiumetspes-blog.pl\/#\/schema\/person\/1661982992b752dea8dff0d4ed845a65"},"breadcrumb":{"@id":"https:\/\/gaudiumetspes-blog.pl\/index.php\/2012\/02\/06\/jak-mozna-gosic-chwae-boza\/#breadcrumb"},"inLanguage":"pl-PL","potentialAction":[{"@type":"ReadAction","target":["https:\/\/gaudiumetspes-blog.pl\/index.php\/2012\/02\/06\/jak-mozna-gosic-chwae-boza\/"]}]},{"@type":"BreadcrumbList","@id":"https:\/\/gaudiumetspes-blog.pl\/index.php\/2012\/02\/06\/jak-mozna-gosic-chwae-boza\/#breadcrumb","itemListElement":[{"@type":"ListItem","position":1,"name":"Strona g\u0142\u00f3wna","item":"https:\/\/gaudiumetspes-blog.pl\/"},{"@type":"ListItem","position":2,"name":"Jak mo\u017cna g\u0142osi\u0107 chwa\u0142\u0119 Bo\u017c\u0105?"}]},{"@type":"WebSite","@id":"https:\/\/gaudiumetspes-blog.pl\/#website","url":"https:\/\/gaudiumetspes-blog.pl\/","name":"Gaudium Et Spes","description":"Blog Ks. Jacka Ja\u015bkowskiego","potentialAction":[{"@type":"SearchAction","target":{"@type":"EntryPoint","urlTemplate":"https:\/\/gaudiumetspes-blog.pl\/?s={search_term_string}"},"query-input":{"@type":"PropertyValueSpecification","valueRequired":true,"valueName":"search_term_string"}}],"inLanguage":"pl-PL"},{"@type":"Person","@id":"https:\/\/gaudiumetspes-blog.pl\/#\/schema\/person\/1661982992b752dea8dff0d4ed845a65","name":"Ks. Jacek","image":{"@type":"ImageObject","inLanguage":"pl-PL","@id":"https:\/\/gaudiumetspes-blog.pl\/#\/schema\/person\/image\/","url":"https:\/\/gaudiumetspes-blog.pl\/wp-content\/uploads\/2019\/07\/avatar-JJ-150x150.jpg","contentUrl":"https:\/\/gaudiumetspes-blog.pl\/wp-content\/uploads\/2019\/07\/avatar-JJ-150x150.jpg","caption":"Ks. Jacek"},"description":"Witam serdecznie! K\u0142ania si\u0119 Ks. Jacek Ja\u015bkowski. Nie jestem ani kim\u015b wa\u017cnym, ani kim\u015b znanym. Jestem ksi\u0119dzem, kt\u00f3ry po prostu chce rozmawia\u0107. Codzienna kap\u0142a\u0144ska pos\u0142uga pokazuje mi, \u017ce temat\u00f3w do rozm\u00f3w z ksi\u0119dzem jest coraz wi\u0119cej i dzisiaj \u017caden ksi\u0105dz nie mo\u017ce od nich ucieka\u0107, ale - wprost przeciwnie - podejmowa\u0107 nowe wyzwania. To przekonanie sk\u0142oni\u0142o mnie do pr\u00f3by otwarcia tego\u017c bloga, chocia\u017c okazji do rozm\u00f3w na co dzie\u0144 - w konfesjonale i poza nim - na szcz\u0119\u015bcie nie brakuje. My\u015bl\u0119 jednak, \u017ce ten blog b\u0119dzie jeszcze jednym sposobem i przestrzeni\u0105 nawi\u0105zania kontaktu z lud\u017ami dobrej woli, otwartymi na dialog.","url":"https:\/\/gaudiumetspes-blog.pl\/index.php\/author\/ks-jacek\/"}]}},"jetpack_featured_media_url":"","jetpack_sharing_enabled":true,"_links":{"self":[{"href":"https:\/\/gaudiumetspes-blog.pl\/index.php\/wp-json\/wp\/v2\/posts\/9588","targetHints":{"allow":["GET"]}}],"collection":[{"href":"https:\/\/gaudiumetspes-blog.pl\/index.php\/wp-json\/wp\/v2\/posts"}],"about":[{"href":"https:\/\/gaudiumetspes-blog.pl\/index.php\/wp-json\/wp\/v2\/types\/post"}],"author":[{"embeddable":true,"href":"https:\/\/gaudiumetspes-blog.pl\/index.php\/wp-json\/wp\/v2\/users\/1"}],"replies":[{"embeddable":true,"href":"https:\/\/gaudiumetspes-blog.pl\/index.php\/wp-json\/wp\/v2\/comments?post=9588"}],"version-history":[{"count":1,"href":"https:\/\/gaudiumetspes-blog.pl\/index.php\/wp-json\/wp\/v2\/posts\/9588\/revisions"}],"predecessor-version":[{"id":10495,"href":"https:\/\/gaudiumetspes-blog.pl\/index.php\/wp-json\/wp\/v2\/posts\/9588\/revisions\/10495"}],"wp:attachment":[{"href":"https:\/\/gaudiumetspes-blog.pl\/index.php\/wp-json\/wp\/v2\/media?parent=9588"}],"wp:term":[{"taxonomy":"category","embeddable":true,"href":"https:\/\/gaudiumetspes-blog.pl\/index.php\/wp-json\/wp\/v2\/categories?post=9588"},{"taxonomy":"post_tag","embeddable":true,"href":"https:\/\/gaudiumetspes-blog.pl\/index.php\/wp-json\/wp\/v2\/tags?post=9588"}],"curies":[{"name":"wp","href":"https:\/\/api.w.org\/{rel}","templated":true}]}}