{"id":9616,"date":"2012-01-09T05:06:00","date_gmt":"2012-01-09T04:06:00","guid":{"rendered":"https:\/\/gaudiumetspes-blog.pl\/index.php\/2012\/01\/09\/u-poczatku-okresu-zwykego\/"},"modified":"2019-07-31T12:52:55","modified_gmt":"2019-07-31T10:52:55","slug":"u-poczatku-okresu-zwykego","status":"publish","type":"post","link":"https:\/\/gaudiumetspes-blog.pl\/index.php\/2012\/01\/09\/u-poczatku-okresu-zwykego\/","title":{"rendered":"U pocz\u0105tku Okresu zwyk\u0142ego&#8230;"},"content":{"rendered":"<p><\/p>\n<div class=\"MsoNormal\" style=\"text-align: justify;\">Bardzo ciekawa dyskusja w sprawie Owsiaka. Jutro w s\u0142owie wst\u0119pnym odnios\u0119 si\u0119 do konkretnych stwierdze\u0144. Natomiast zastanawia mnie &#8211; \u017ce powt\u00f3rz\u0119 to raz jeszcze &#8211; i\u017c ci, kt\u00f3rzy si\u0119 ze mn\u0105 nie zgadzaj\u0105, nie podpisuj\u0105 si\u0119 pod swoimi wypowiedziami, a moje spostrze\u017cenie na ten temat uwa\u017caj\u0105 za niestosowno\u015b\u0107. <b>Dlaczego? Gdzie Wasza cywilna odwaga?! To niby kto si\u0119 na mnie tak strasznie oburza?! Nie chowajcie g\u0142owy w piasek! <\/b>A ci, kt\u00f3rzy zarzucaj\u0105 mi nienawi\u015b\u0107, niech raz jeszcze przeczytaj\u0105 sobie na spokojnie swoje w\u0142asne wpisy i pomy\u015bl\u0105, w jakim tonie je napisali.&nbsp;<\/div>\n<div class=\"MsoNormal\" style=\"text-align: justify;\">&nbsp;&nbsp;&nbsp; I jeszcze jedno: <b>to, \u017ce jeste\u015bcie oburzeni, to bardzo dobrze! To znaczy, \u017ce sumienie jednak dzia\u0142a! Bogu niech b\u0119d\u0105 dzi\u0119ki!<\/b><\/div>\n<div class=\"MsoNormal\" style=\"text-align: justify;\">&nbsp;&nbsp;&nbsp;&nbsp;&nbsp;&nbsp;&nbsp;&nbsp;&nbsp;&nbsp;&nbsp;&nbsp;&nbsp; Gaudium et spes!&nbsp; Ks. Jacek<\/div>\n<div class=\"MsoNormal\" style=\"text-align: justify;\">\n<\/div>\n<div class=\"MsoNormal\" style=\"text-align: justify;\"><b>Poniedzia\u0142ek 1 tygodnia zwyk\u0142ego, rok II,<\/b><\/div>\n<p><b>  <\/b>  <\/p>\n<div class=\"MsoNormal\" style=\"text-align: justify;\"><b>do czyta\u0144:&nbsp; 1 Sm 1, 1 \u2013 8;&nbsp; Mk 1, 14 \u2013 20<\/b><\/div>\n<div class=\"MsoNormal\" style=\"text-align: justify;\">\n<\/div>\n<div class=\"MsoNormal\" style=\"text-align: justify; text-indent: 35.4pt;\">Znakiem wielkiej m\u0105dro\u015bci Ko\u015bcio\u0142a jest to w\u0142a\u015bnie, \u017ce w pierwszym dniu Okresu zwyk\u0142ego roku liturgicznego daje nam do odczytania <b style=\"mso-bidi-font-weight: normal;\">fragment Ewangelii, \u0142\u0105cz\u0105cy w sobie dwa przes\u0142ania, z kt\u00f3rych dla nas wynikaj\u0105 konkretne zobowi\u0105zania.<\/b> Po prze\u017cyciach <b style=\"mso-bidi-font-weight: normal;\">Adwentu<\/b>, a wi\u0119c czasu wyciszenia i przygotowania, czasu rozpalania w sobie pragnienia spotkania Pana, oczekiwania na Jego przyj\u015bcie; a nast\u0119pnie: po liturgicznym prze\u017cyciu Jego przyj\u015bcia w <b style=\"mso-bidi-font-weight: normal;\">Uroczysto\u015b\u0107 Narodzenia Pa\u0144skiego i ca\u0142ego Okresu Bo\u017cego Narodzenia,<\/b> otrzymujemy w pierwszym dniu nowego czasu <b style=\"mso-bidi-font-weight: normal;\">wezwanie do nawr\u00f3cenia i wezwanie do apostolstwa.<\/b> <\/div>\n<div class=\"MsoNormal\" style=\"text-align: justify; text-indent: 35.4pt;\">Jako rzekli\u015bmy \u2013 to bardzo szczeg\u00f3lne po\u0142\u0105czenie. G\u0142\u0119bokie prze\u017cycie minionych ju\u017c \u015awi\u0105t <b style=\"mso-bidi-font-weight: normal;\">ma nas sk\u0142oni\u0107 do nawr\u00f3cenia<\/b> \u2013 oczywi\u015bcie rozumianego w naszym przypadku <b style=\"mso-bidi-font-weight: normal;\">nie jako totalny, zupe\u0142ny powr\u00f3t z niewiary do wiary,<\/b> ale jako ci\u0105g\u0142e odwracanie si\u0119 od swoich grzech\u00f3w i wad oraz pog\u0142\u0119bianie wiary. Logiczn\u0105 za\u015b konsekwencj\u0105 tak rozumianego nawr\u00f3cenia jest <b style=\"mso-bidi-font-weight: normal;\">wezwanie do apostolstwa.<\/b> <\/div>\n<div class=\"MsoNormal\" style=\"text-align: justify; text-indent: 35.4pt;\">Bo wiary nie mo\u017cna mie\u0107 tylko dla siebie. Wiara nie jest spraw\u0105 prywatn\u0105. <b style=\"mso-bidi-font-weight: normal;\">Wiara jest rzeczywisto\u015bci\u0105 na tyle wa\u017cn\u0105 i istotn\u0105, \u017ce powinna przenika\u0107 ca\u0142e \u017cycie cz\u0142owieka, ca\u0142\u0105 jego postaw\u0119, wszystkie jego dzia\u0142ania i zamiary.<\/b> A \u2013 jak nam to u\u015bwiadamia pierwsze czytanie \u2013 sytuacje w \u017cyciu mog\u0105 by\u0107 r\u00f3\u017cne. <\/div>\n<div class=\"MsoNormal\" style=\"text-align: justify; text-indent: 35.4pt;\">Oto Anna, jedna z \u017con Elkany, pozostawa\u0142a bezp\u0142odn\u0105. By\u0142o to <b style=\"mso-bidi-font-weight: normal;\">znakiem szczeg\u00f3lnej ha\u0144by<\/b> w przekonaniu ludzi tamtych czas\u00f3w i tamtej kultury, w jakiej \u017cy\u0142o wspomniane ma\u0142\u017ce\u0144stwo. Druga \u017cona, Peninna, skrz\u0119tnie wykorzysta\u0142a ten fakt do czynienia Annie <b style=\"mso-bidi-font-weight: normal;\">wszelkiego rodzaju przykro\u015bci i do zdobycia wzgl\u0119d\u00f3w w oczach m\u0119\u017ca.<\/b> <\/div>\n<div class=\"MsoNormal\" style=\"text-align: justify; text-indent: 35.4pt;\">Na marginesie mo\u017cna doda\u0107, \u017ce jakkolwiek w tamtym czasie i tamtej kulturze wielo\u017ce\u0144stwo mia\u0142o miejsce i by\u0142o praktykowane, to ju\u017c nawet to, o czym tu sobie m\u00f3wimy, <b style=\"mso-bidi-font-weight: normal;\">dobitnie przemawia przeciwko niemu.<\/b> Owa rywalizacja, kt\u00f3rej znakiem by\u0142a z\u0142o\u015bliwo\u015b\u0107 Paninny, sprawia\u0142a wielk\u0105 przykro\u015b\u0107 Annie. Jednak\u017ce <b style=\"mso-bidi-font-weight: normal;\">m\u0105\u017c obydwu, Elkana, bardzo kochaj\u0105cy Ann\u0119, pociesza\u0142 j\u0105 w tym utrapieniu.<\/b> Anna chodzi\u0142a do \u015bwi\u0105tyni, aby prosi\u0107 Pana o odmian\u0119 swej sytuacji, co poskutkowa\u0142o Bo\u017cym zmi\u0142owaniem. O tym jednak nie s\u0142yszymy dzisiaj. <\/div>\n<div class=\"MsoNormal\" style=\"text-align: justify; text-indent: 35.4pt;\">Dzisiaj s\u0142yszymy natomiast bardzo szczeg\u00f3lne s\u0142owa m\u0119\u017ca, kt\u00f3ry pocieszy\u0142 \u017con\u0119 w ten oto spos\u00f3b: <b style=\"mso-bidi-font-weight: normal;\"><i style=\"mso-bidi-font-style: normal;\">Anno, czemu p\u0142aczesz<\/i>? <i style=\"mso-bidi-font-style: normal;\">Dlaczego nie jesz<\/i>? <i style=\"mso-bidi-font-style: normal;\">Czemu si\u0119 smuci twoje serce<\/i>? <i style=\"mso-bidi-font-style: normal;\">Czy ja nie znacz\u0119 dla ciebie wi\u0119cej, ni\u017c dziesi\u0119ciu syn\u00f3w<\/i>?<\/b> Sk\u0105din\u0105d wiadomo, \u017ce tym w\u0142a\u015bnie tekstem pos\u0142uguj\u0105 si\u0119 ci, kt\u00f3rym przychodzi rozmawia\u0107 z ma\u0142\u017ce\u0144stwami d\u0142ugo oczekuj\u0105cymi na potomstwo. W\u0142a\u015bnie <b style=\"mso-bidi-font-weight: normal;\">takim ma\u0142\u017conkom ukazuje si\u0119 wielkie znaczenie i rol\u0119, jak\u0105 ma samo ma\u0142\u017ce\u0144stwo i dar drugiego wsp\u00f3\u0142ma\u0142\u017conka.<\/b> Tego daru nie mo\u017cna pomija\u0107. <\/div>\n<div class=\"MsoNormal\" style=\"text-align: justify; text-indent: 35.4pt;\">W atmosferze <b style=\"mso-bidi-font-weight: normal;\">wzajemnej szczerej mi\u0142o\u015bci ma\u0142\u017conk\u00f3w<\/b> \u0142atwiej znie\u015b\u0107 tak\u017ce to trudne do\u015bwiadczenie, jakim zawsze dla rodzic\u00f3w jest d\u0142ugie bezskuteczne oczekiwanie na potomstwo. <b style=\"mso-bidi-font-weight: normal;\">Ale w atmosferze wiary zar\u00f3wno te, jak i inne \u017cyciowe do\u015bwiadczenia da si\u0119 prze\u017cy\u0107,<\/b> bez za\u0142amywania si\u0119 i poczucia bezsensu i rezygnacji. Dlatego pog\u0142\u0119biaj\u0105c wiar\u0119 i \u015bwiadcz\u0105c o niej, chcemy <b style=\"mso-bidi-font-weight: normal;\">przenika\u0107 ni\u0105 wszystkie aspekty naszej codzienno\u015bci, a jej moc\u0105 rozwi\u0105zywa\u0107 wszystkie swoje problemy. Wszystkie!<\/b> <\/div>\n<div class=\"MsoNormal\" style=\"text-align: justify; text-indent: 35.4pt;\">I przez jej pryzmat widzie\u0107 wszystko to, co w naszym \u017cyciu si\u0119 dzieje\u2026 I tak\u017ce to wszystko, co dzieje si\u0119 na \u015bwiecie, w naszej Ojczy\u017anie, w naszej Parafii, w naszej miejscowo\u015bci, a wreszcie: w naszej rodzinie \u2013 to wszystko <b style=\"mso-bidi-font-weight: normal;\">w duchu i przez pryzmat wiary powinni\u015bmy ocenia\u0107<\/b> jako dobre, lub jako szkodliwe dla naszego zbawienia. <\/div>\n<div class=\"MsoNormal\" style=\"text-align: justify;\">&nbsp;&nbsp;&nbsp;&nbsp;&nbsp;&nbsp;&nbsp;&nbsp;&nbsp;&nbsp;&nbsp; W tym kontek\u015bcie pomy\u015blmy:<\/div>\n<div class=\"MsoNormal\" style=\"margin-left: 36.0pt; mso-list: l0 level1 lfo1; tab-stops: list 36.0pt; text-align: justify; text-indent: -18.0pt;\">\u00b7&nbsp;&nbsp;&nbsp;&nbsp;&nbsp;&nbsp;&nbsp; Czy chc\u0119 s\u0142ucha\u0107 tego, co m\u00f3wi do mnie Jezus przez sw\u00f3j Ko\u015bci\u00f3\u0142, czy w pewnych sprawach mam swoje zdanie i nie pozwol\u0119 go zmieni\u0107?<\/div>\n<div class=\"MsoNormal\" style=\"margin-left: 36.0pt; mso-list: l0 level1 lfo1; tab-stops: list 36.0pt; text-align: justify; text-indent: -18.0pt;\">\u00b7&nbsp;&nbsp;&nbsp;&nbsp;&nbsp;&nbsp;&nbsp; Czy trudne do\u015bwiadczenia nie s\u0105 dla mnie powodem do natychmiastowej rezygnacji i za\u0142amania?<\/div>\n<div class=\"MsoNormal\" style=\"margin-left: 36.0pt; mso-list: l0 level1 lfo1; tab-stops: list 36.0pt; text-align: justify; text-indent: -18.0pt;\">\u00b7&nbsp;&nbsp;&nbsp;&nbsp;&nbsp;&nbsp;&nbsp; Czy moja rodzina jest prawdziwym \u015brodowiskiem wiary?<\/div>\n<div class=\"MsoNormal\" style=\"margin-left: 18.0pt; text-align: justify;\">\n<\/div>\n<div class=\"MsoNormal\" style=\"text-align: justify;\"><b style=\"mso-bidi-font-weight: normal;\"><i style=\"mso-bidi-font-style: normal;\">Zaraz ich powo\u0142a\u0142, a oni<\/i><\/b><b style=\"mso-bidi-font-weight: normal;\"> [\u2026] <i style=\"mso-bidi-font-style: normal;\">poszli za Nim<\/i>. <\/b><\/div>\n","protected":false},"excerpt":{"rendered":"<p>Bardzo ciekawa dyskusja w sprawie Owsiaka. Jutro w s\u0142owie wst\u0119pnym odnios\u0119 si\u0119 do konkretnych stwierdze\u0144. Natomiast zastanawia mnie &#8211; \u017ce powt\u00f3rz\u0119 to raz jeszcze &#8211; i\u017c ci, kt\u00f3rzy si\u0119 ze mn\u0105 nie zgadzaj\u0105, nie podpisuj\u0105 si\u0119 pod swoimi wypowiedziami, a moje spostrze\u017cenie na ten temat uwa\u017caj\u0105 za niestosowno\u015b\u0107. Dlaczego? Gdzie Wasza cywilna odwaga?! To niby [&hellip;]<\/p>\n","protected":false},"author":1,"featured_media":0,"comment_status":"open","ping_status":"open","sticky":false,"template":"","format":"standard","meta":{"jetpack_post_was_ever_published":false,"_jetpack_newsletter_access":"","_jetpack_dont_email_post_to_subs":false,"_jetpack_newsletter_tier_id":0,"_jetpack_memberships_contains_paywalled_content":false,"_jetpack_memberships_contains_paid_content":false,"footnotes":""},"categories":[1],"tags":[],"class_list":["post-9616","post","type-post","status-publish","format-standard","hentry","category-bez-kategorii"],"yoast_head":"<!-- This site is optimized with the Yoast SEO plugin v25.1 - https:\/\/yoast.com\/wordpress\/plugins\/seo\/ -->\n<title>U pocz\u0105tku Okresu zwyk\u0142ego... - Gaudium Et Spes<\/title>\n<meta name=\"robots\" content=\"index, follow, max-snippet:-1, max-image-preview:large, max-video-preview:-1\" \/>\n<link rel=\"canonical\" href=\"https:\/\/gaudiumetspes-blog.pl\/index.php\/2012\/01\/09\/u-poczatku-okresu-zwykego\/\" \/>\n<meta property=\"og:locale\" content=\"pl_PL\" \/>\n<meta property=\"og:type\" content=\"article\" \/>\n<meta property=\"og:title\" content=\"U pocz\u0105tku Okresu zwyk\u0142ego... - Gaudium Et Spes\" \/>\n<meta property=\"og:description\" content=\"Bardzo ciekawa dyskusja w sprawie Owsiaka. Jutro w s\u0142owie wst\u0119pnym odnios\u0119 si\u0119 do konkretnych stwierdze\u0144. Natomiast zastanawia mnie &#8211; \u017ce powt\u00f3rz\u0119 to raz jeszcze &#8211; i\u017c ci, kt\u00f3rzy si\u0119 ze mn\u0105 nie zgadzaj\u0105, nie podpisuj\u0105 si\u0119 pod swoimi wypowiedziami, a moje spostrze\u017cenie na ten temat uwa\u017caj\u0105 za niestosowno\u015b\u0107. Dlaczego? Gdzie Wasza cywilna odwaga?! To niby [&hellip;]\" \/>\n<meta property=\"og:url\" content=\"https:\/\/gaudiumetspes-blog.pl\/index.php\/2012\/01\/09\/u-poczatku-okresu-zwykego\/\" \/>\n<meta property=\"og:site_name\" content=\"Gaudium Et Spes\" \/>\n<meta property=\"article:published_time\" content=\"2012-01-09T04:06:00+00:00\" \/>\n<meta property=\"article:modified_time\" content=\"2019-07-31T10:52:55+00:00\" \/>\n<meta name=\"author\" content=\"Ks. Jacek\" \/>\n<meta name=\"twitter:card\" content=\"summary_large_image\" \/>\n<meta name=\"twitter:label1\" content=\"Napisane przez\" \/>\n\t<meta name=\"twitter:data1\" content=\"Ks. Jacek\" \/>\n\t<meta name=\"twitter:label2\" content=\"Szacowany czas czytania\" \/>\n\t<meta name=\"twitter:data2\" content=\"4 minuty\" \/>\n<script type=\"application\/ld+json\" class=\"yoast-schema-graph\">{\"@context\":\"https:\/\/schema.org\",\"@graph\":[{\"@type\":\"WebPage\",\"@id\":\"https:\/\/gaudiumetspes-blog.pl\/index.php\/2012\/01\/09\/u-poczatku-okresu-zwykego\/\",\"url\":\"https:\/\/gaudiumetspes-blog.pl\/index.php\/2012\/01\/09\/u-poczatku-okresu-zwykego\/\",\"name\":\"U pocz\u0105tku Okresu zwyk\u0142ego... - Gaudium Et Spes\",\"isPartOf\":{\"@id\":\"https:\/\/gaudiumetspes-blog.pl\/#website\"},\"datePublished\":\"2012-01-09T04:06:00+00:00\",\"dateModified\":\"2019-07-31T10:52:55+00:00\",\"author\":{\"@id\":\"https:\/\/gaudiumetspes-blog.pl\/#\/schema\/person\/1661982992b752dea8dff0d4ed845a65\"},\"breadcrumb\":{\"@id\":\"https:\/\/gaudiumetspes-blog.pl\/index.php\/2012\/01\/09\/u-poczatku-okresu-zwykego\/#breadcrumb\"},\"inLanguage\":\"pl-PL\",\"potentialAction\":[{\"@type\":\"ReadAction\",\"target\":[\"https:\/\/gaudiumetspes-blog.pl\/index.php\/2012\/01\/09\/u-poczatku-okresu-zwykego\/\"]}]},{\"@type\":\"BreadcrumbList\",\"@id\":\"https:\/\/gaudiumetspes-blog.pl\/index.php\/2012\/01\/09\/u-poczatku-okresu-zwykego\/#breadcrumb\",\"itemListElement\":[{\"@type\":\"ListItem\",\"position\":1,\"name\":\"Strona g\u0142\u00f3wna\",\"item\":\"https:\/\/gaudiumetspes-blog.pl\/\"},{\"@type\":\"ListItem\",\"position\":2,\"name\":\"U&nbsp;pocz\u0105tku Okresu zwyk\u0142ego&#8230;\"}]},{\"@type\":\"WebSite\",\"@id\":\"https:\/\/gaudiumetspes-blog.pl\/#website\",\"url\":\"https:\/\/gaudiumetspes-blog.pl\/\",\"name\":\"Gaudium Et Spes\",\"description\":\"Blog Ks. Jacka Ja\u015bkowskiego\",\"potentialAction\":[{\"@type\":\"SearchAction\",\"target\":{\"@type\":\"EntryPoint\",\"urlTemplate\":\"https:\/\/gaudiumetspes-blog.pl\/?s={search_term_string}\"},\"query-input\":{\"@type\":\"PropertyValueSpecification\",\"valueRequired\":true,\"valueName\":\"search_term_string\"}}],\"inLanguage\":\"pl-PL\"},{\"@type\":\"Person\",\"@id\":\"https:\/\/gaudiumetspes-blog.pl\/#\/schema\/person\/1661982992b752dea8dff0d4ed845a65\",\"name\":\"Ks. Jacek\",\"image\":{\"@type\":\"ImageObject\",\"inLanguage\":\"pl-PL\",\"@id\":\"https:\/\/gaudiumetspes-blog.pl\/#\/schema\/person\/image\/\",\"url\":\"https:\/\/gaudiumetspes-blog.pl\/wp-content\/uploads\/2019\/07\/avatar-JJ-150x150.jpg\",\"contentUrl\":\"https:\/\/gaudiumetspes-blog.pl\/wp-content\/uploads\/2019\/07\/avatar-JJ-150x150.jpg\",\"caption\":\"Ks. Jacek\"},\"description\":\"Witam serdecznie! K\u0142ania si\u0119 Ks. Jacek Ja\u015bkowski. Nie jestem ani kim\u015b wa\u017cnym, ani kim\u015b znanym. Jestem ksi\u0119dzem, kt\u00f3ry po prostu chce rozmawia\u0107. Codzienna kap\u0142a\u0144ska pos\u0142uga pokazuje mi, \u017ce temat\u00f3w do rozm\u00f3w z ksi\u0119dzem jest coraz wi\u0119cej i dzisiaj \u017caden ksi\u0105dz nie mo\u017ce od nich ucieka\u0107, ale - wprost przeciwnie - podejmowa\u0107 nowe wyzwania. To przekonanie sk\u0142oni\u0142o mnie do pr\u00f3by otwarcia tego\u017c bloga, chocia\u017c okazji do rozm\u00f3w na co dzie\u0144 - w konfesjonale i poza nim - na szcz\u0119\u015bcie nie brakuje. My\u015bl\u0119 jednak, \u017ce ten blog b\u0119dzie jeszcze jednym sposobem i przestrzeni\u0105 nawi\u0105zania kontaktu z lud\u017ami dobrej woli, otwartymi na dialog.\",\"url\":\"https:\/\/gaudiumetspes-blog.pl\/index.php\/author\/ks-jacek\/\"}]}<\/script>\n<!-- \/ Yoast SEO plugin. -->","yoast_head_json":{"title":"U pocz\u0105tku Okresu zwyk\u0142ego... - Gaudium Et Spes","robots":{"index":"index","follow":"follow","max-snippet":"max-snippet:-1","max-image-preview":"max-image-preview:large","max-video-preview":"max-video-preview:-1"},"canonical":"https:\/\/gaudiumetspes-blog.pl\/index.php\/2012\/01\/09\/u-poczatku-okresu-zwykego\/","og_locale":"pl_PL","og_type":"article","og_title":"U pocz\u0105tku Okresu zwyk\u0142ego... - Gaudium Et Spes","og_description":"Bardzo ciekawa dyskusja w sprawie Owsiaka. Jutro w s\u0142owie wst\u0119pnym odnios\u0119 si\u0119 do konkretnych stwierdze\u0144. Natomiast zastanawia mnie &#8211; \u017ce powt\u00f3rz\u0119 to raz jeszcze &#8211; i\u017c ci, kt\u00f3rzy si\u0119 ze mn\u0105 nie zgadzaj\u0105, nie podpisuj\u0105 si\u0119 pod swoimi wypowiedziami, a moje spostrze\u017cenie na ten temat uwa\u017caj\u0105 za niestosowno\u015b\u0107. Dlaczego? Gdzie Wasza cywilna odwaga?! To niby [&hellip;]","og_url":"https:\/\/gaudiumetspes-blog.pl\/index.php\/2012\/01\/09\/u-poczatku-okresu-zwykego\/","og_site_name":"Gaudium Et Spes","article_published_time":"2012-01-09T04:06:00+00:00","article_modified_time":"2019-07-31T10:52:55+00:00","author":"Ks. Jacek","twitter_card":"summary_large_image","twitter_misc":{"Napisane przez":"Ks. Jacek","Szacowany czas czytania":"4 minuty"},"schema":{"@context":"https:\/\/schema.org","@graph":[{"@type":"WebPage","@id":"https:\/\/gaudiumetspes-blog.pl\/index.php\/2012\/01\/09\/u-poczatku-okresu-zwykego\/","url":"https:\/\/gaudiumetspes-blog.pl\/index.php\/2012\/01\/09\/u-poczatku-okresu-zwykego\/","name":"U pocz\u0105tku Okresu zwyk\u0142ego... - Gaudium Et Spes","isPartOf":{"@id":"https:\/\/gaudiumetspes-blog.pl\/#website"},"datePublished":"2012-01-09T04:06:00+00:00","dateModified":"2019-07-31T10:52:55+00:00","author":{"@id":"https:\/\/gaudiumetspes-blog.pl\/#\/schema\/person\/1661982992b752dea8dff0d4ed845a65"},"breadcrumb":{"@id":"https:\/\/gaudiumetspes-blog.pl\/index.php\/2012\/01\/09\/u-poczatku-okresu-zwykego\/#breadcrumb"},"inLanguage":"pl-PL","potentialAction":[{"@type":"ReadAction","target":["https:\/\/gaudiumetspes-blog.pl\/index.php\/2012\/01\/09\/u-poczatku-okresu-zwykego\/"]}]},{"@type":"BreadcrumbList","@id":"https:\/\/gaudiumetspes-blog.pl\/index.php\/2012\/01\/09\/u-poczatku-okresu-zwykego\/#breadcrumb","itemListElement":[{"@type":"ListItem","position":1,"name":"Strona g\u0142\u00f3wna","item":"https:\/\/gaudiumetspes-blog.pl\/"},{"@type":"ListItem","position":2,"name":"U&nbsp;pocz\u0105tku Okresu zwyk\u0142ego&#8230;"}]},{"@type":"WebSite","@id":"https:\/\/gaudiumetspes-blog.pl\/#website","url":"https:\/\/gaudiumetspes-blog.pl\/","name":"Gaudium Et Spes","description":"Blog Ks. Jacka Ja\u015bkowskiego","potentialAction":[{"@type":"SearchAction","target":{"@type":"EntryPoint","urlTemplate":"https:\/\/gaudiumetspes-blog.pl\/?s={search_term_string}"},"query-input":{"@type":"PropertyValueSpecification","valueRequired":true,"valueName":"search_term_string"}}],"inLanguage":"pl-PL"},{"@type":"Person","@id":"https:\/\/gaudiumetspes-blog.pl\/#\/schema\/person\/1661982992b752dea8dff0d4ed845a65","name":"Ks. Jacek","image":{"@type":"ImageObject","inLanguage":"pl-PL","@id":"https:\/\/gaudiumetspes-blog.pl\/#\/schema\/person\/image\/","url":"https:\/\/gaudiumetspes-blog.pl\/wp-content\/uploads\/2019\/07\/avatar-JJ-150x150.jpg","contentUrl":"https:\/\/gaudiumetspes-blog.pl\/wp-content\/uploads\/2019\/07\/avatar-JJ-150x150.jpg","caption":"Ks. Jacek"},"description":"Witam serdecznie! K\u0142ania si\u0119 Ks. Jacek Ja\u015bkowski. Nie jestem ani kim\u015b wa\u017cnym, ani kim\u015b znanym. Jestem ksi\u0119dzem, kt\u00f3ry po prostu chce rozmawia\u0107. Codzienna kap\u0142a\u0144ska pos\u0142uga pokazuje mi, \u017ce temat\u00f3w do rozm\u00f3w z ksi\u0119dzem jest coraz wi\u0119cej i dzisiaj \u017caden ksi\u0105dz nie mo\u017ce od nich ucieka\u0107, ale - wprost przeciwnie - podejmowa\u0107 nowe wyzwania. To przekonanie sk\u0142oni\u0142o mnie do pr\u00f3by otwarcia tego\u017c bloga, chocia\u017c okazji do rozm\u00f3w na co dzie\u0144 - w konfesjonale i poza nim - na szcz\u0119\u015bcie nie brakuje. My\u015bl\u0119 jednak, \u017ce ten blog b\u0119dzie jeszcze jednym sposobem i przestrzeni\u0105 nawi\u0105zania kontaktu z lud\u017ami dobrej woli, otwartymi na dialog.","url":"https:\/\/gaudiumetspes-blog.pl\/index.php\/author\/ks-jacek\/"}]}},"jetpack_featured_media_url":"","jetpack_sharing_enabled":true,"_links":{"self":[{"href":"https:\/\/gaudiumetspes-blog.pl\/index.php\/wp-json\/wp\/v2\/posts\/9616","targetHints":{"allow":["GET"]}}],"collection":[{"href":"https:\/\/gaudiumetspes-blog.pl\/index.php\/wp-json\/wp\/v2\/posts"}],"about":[{"href":"https:\/\/gaudiumetspes-blog.pl\/index.php\/wp-json\/wp\/v2\/types\/post"}],"author":[{"embeddable":true,"href":"https:\/\/gaudiumetspes-blog.pl\/index.php\/wp-json\/wp\/v2\/users\/1"}],"replies":[{"embeddable":true,"href":"https:\/\/gaudiumetspes-blog.pl\/index.php\/wp-json\/wp\/v2\/comments?post=9616"}],"version-history":[{"count":1,"href":"https:\/\/gaudiumetspes-blog.pl\/index.php\/wp-json\/wp\/v2\/posts\/9616\/revisions"}],"predecessor-version":[{"id":10467,"href":"https:\/\/gaudiumetspes-blog.pl\/index.php\/wp-json\/wp\/v2\/posts\/9616\/revisions\/10467"}],"wp:attachment":[{"href":"https:\/\/gaudiumetspes-blog.pl\/index.php\/wp-json\/wp\/v2\/media?parent=9616"}],"wp:term":[{"taxonomy":"category","embeddable":true,"href":"https:\/\/gaudiumetspes-blog.pl\/index.php\/wp-json\/wp\/v2\/categories?post=9616"},{"taxonomy":"post_tag","embeddable":true,"href":"https:\/\/gaudiumetspes-blog.pl\/index.php\/wp-json\/wp\/v2\/tags?post=9616"}],"curies":[{"name":"wp","href":"https:\/\/api.w.org\/{rel}","templated":true}]}}