{"id":9618,"date":"2012-01-07T05:48:00","date_gmt":"2012-01-07T04:48:00","guid":{"rendered":"https:\/\/gaudiumetspes-blog.pl\/index.php\/2012\/01\/07\/nie-grajmy-w-faszywej-orkiestrze\/"},"modified":"2019-07-31T12:52:55","modified_gmt":"2019-07-31T10:52:55","slug":"nie-grajmy-w-faszywej-orkiestrze","status":"publish","type":"post","link":"https:\/\/gaudiumetspes-blog.pl\/index.php\/2012\/01\/07\/nie-grajmy-w-faszywej-orkiestrze\/","title":{"rendered":"NIE GRAJMY W FA\u0141SZYWEJ ORKIESTRZE!"},"content":{"rendered":"<p><\/p>\n<div class=\"MsoNormal\" style=\"text-align: justify;\">  <\/div>\n<div style=\"text-align: justify;\">Kochani, pisa\u0142em ju\u017c o tym rok temu. Chcia\u0142bym jednak raz jeszcze nawi\u0105za\u0107 do sprawy, kt\u00f3ra musi budzi\u0107 nasz niepok\u00f3j. Przywo\u0142uj\u0119 zatem tekst, kt\u00f3ry rok temu zamie\u015bci\u0142em na blogu, lekko go tylko modyfikuj\u0105c. Przedstawiam kilka <b style=\"mso-bidi-font-weight: normal;\">s\u0142\u00f3w o Wielkiej Orkiestrze \u015awi\u0105tecznej Pomocy, <\/b>zapraszaj\u0105c do osobistej refleksji. Od razu zaznaczam, \u017ce s\u0105 to moje bardzo lu\u017ane refleksje. Nie s\u0105 one oparte na \u017cadnych analizach prawnych, czy socjologicznych, chocia\u017c \u2013 jak s\u0105dz\u0119 \u2013 warto by\u0142oby takie analizy podj\u0105\u0107, pod warunkiem jednak, \u017ce uczyni\u0105 to o\u015brodki niezale\u017cne. Ja za\u015b teraz przedstawiam <b style=\"mso-bidi-font-weight: normal;\">moj\u0105 osobist\u0105 bardzo krytyczn\u0105 opini\u0119<\/b> o ca\u0142ym tym przedsi\u0119wzi\u0119ciu! Dlaczego krytyczn\u0105? Z kilku powod\u00f3w:  <\/div>\n<div class=\"MsoNormal\" style=\"text-align: justify;\"><b style=\"mso-bidi-font-weight: normal;\">1.&nbsp;&nbsp;&nbsp;&nbsp;&nbsp;&nbsp;&nbsp;&nbsp; Szum medialny wok\u00f3\u0142 jedynie s\u0142usznej akcji<\/b> musi dra\u017cni\u0107, o ile nie denerwowa\u0107 cz\u0142owieka trze\u017awo my\u015bl\u0105cego. Przecie\u017c wiadomym jest, \u017ce bardzo wielu ludzi wcale nie popiera Orkiestry, podzielaj\u0105c pogl\u0105dy, kt\u00f3re ja tu prezentuj\u0119. Dlaczego ich pogl\u0105dy nie s\u0105 w og\u00f3le prezentowane w mediach publicznych?! To nawet Papie\u017ca Jana Paw\u0142a II krytykowano pod koniec Jego Pontyfikatu, z\u0142o\u015bliwie komentowano Jego homilie, po Jego \u015bmierci pieczo\u0142owicie pokazywano m\u0142odych ludzi, ubranych w koszulki z napisem: \u201eNie p\u0142acz\u0119 po papie\u017cu\u201d, a o akcji Owsiaka nie s\u0142ysz\u0119 w mediach \u2013 podkre\u015blam: publicznych \u2013 ani jednego s\u0142owa krytycznego! Po prostu \u2013 wszyscy musimy kocha\u0107 Jurka i popiera\u0107 jego (o ile rzeczywi\u015bcie jego) akcj\u0119! Widz\u0105c i s\u0142ysz\u0105c to nastawienie medi\u00f3w, granicz\u0105ce ju\u017c momentami z jak\u0105\u015b histeri\u0105, wydaje si\u0119, \u017ce je\u017celi kto\u015b \u201emrukn\u0105\u0142by pod nosem\u201d co\u015b krytycznego, z pewno\u015bci\u0105 by\u0142by na szablach rozniesiony! Ludzie, nie dajmy si\u0119 zwariowa\u0107! Dla mnie osobi\u015bcie ju\u017c ten argument wystarczy\u0142by, \u017ceby podejrzliwie patrze\u0107 na ca\u0142e to zamieszanie! Powtarzam: spos\u00f3b relacjonowania tego w mediach publicznych ur\u0105ga mojej inteligencji i pomija to, \u017ce te\u017c jestem obywatelem tego kraju i mam prawo prezentowa\u0107 publicznie pogl\u0105d przeciwny do jedynie poprawnego!<\/div>\n<div class=\"MsoNormal\" style=\"text-align: justify;\"><b style=\"mso-bidi-font-weight: normal;\">2.&nbsp;&nbsp;&nbsp;&nbsp;&nbsp;&nbsp;&nbsp;&nbsp; Osoba Dyrygenta budzi najwi\u0119kszy sprzeciw.<\/b> Dla mnie, jako cz\u0142owieka wierz\u0105cego, miarodajne s\u0105 s\u0142owa Jezusa, \u017ce tylko On jest dobry i nic poza Nim nie mo\u017ce by\u0107 trwale dobrego. Jerzy Owsiak publicznie prezentuje swoje pogl\u0105dy, wyra\u017anie sprzeciwiaj\u0105ce si\u0119 nauce Ko\u015bcio\u0142a chyba we wszystkich kwestiach, dlatego ja nie wierz\u0119, \u017ce jest on w stanie zrobi\u0107 co\u015b trwale dobrego i przewiduj\u0119 \u2013 chocia\u017c naprawd\u0119 bardzo chcia\u0142bym si\u0119 myli\u0107 \u2013 \u017ce za kilka lat b\u0119dziemy wyja\u015bnia\u0107 spore afery, zwi\u0105zane z Orkiestr\u0105, kiedy kto\u015b wreszcie prze\u015bwietli obiektywnie, na co id\u0105 zbierane pieni\u0105dze i jakie zamieszanie tak naprawd\u0119 temu towarzyszy. A tak w og\u00f3le \u2013 kim jest ten cz\u0142owiek? Sk\u0105d on si\u0119 wzi\u0105\u0142? I co sprawia \u2013 poza medialnym \u201enakr\u0119caniem\u201d \u2013 \u017ce cz\u0142owiek niewiele sob\u0105 prezentuj\u0105cy, sta\u0142 si\u0119 nagle \u201eojcem narodu\u201d, kt\u00f3rego otaczaj\u0105 wielcy tego kraju i w jego r\u0119ce sk\u0142adaj\u0105 swoje najcenniejsze trofea sportowe czy inne rzeczy. \u017benuj\u0105ce! O ile nie bardzo wr\u0119cz szkodliwe! Owsiak jednego roku na dwa dni przed Wielkim Fina\u0142em powiedzia\u0142 przed kamerami, \u017ce on i jego wolontariusze \u201enie chodz\u0105 po domach i nie zmuszaj\u0105 ludzi do dawania pieni\u0119dzy\u201d. Jak my\u015blicie, kogo mia\u0142 na my\u015bli, zwa\u017cywszy, \u017ce teraz odbywa si\u0119 wizyta duszpasterska w naszych domach? Tylko je\u017celi tak, to dlaczego wolontariusze za ka\u017cdym razem nachalnie staj\u0105 pod drzwiami ko\u015bcio\u0142\u00f3w i nie pytaj\u0105c o zgod\u0119 proboszcz\u00f3w \u2013 prowadz\u0105 zbi\u00f3rki na placach ko\u015bcielnych?! Skandal i ob\u0142uda!<\/div>\n<div class=\"MsoNormal\" style=\"text-align: justify;\"><b style=\"mso-bidi-font-weight: normal;\">3.&nbsp;&nbsp;&nbsp;&nbsp;&nbsp;&nbsp;&nbsp;&nbsp; Wolontariusze Orkiestry<\/b> to m\u0142odzi ludzie, zwykle niepe\u0142noletni. Pytam, czy w tym wieku mo\u017cna uczestniczy\u0107 w tego typu kwe\u015bcie? Pytam, bo \u2013 jak wspomnia\u0142em \u2013 nie prowadzi\u0142em analiz prawnych tego problemu. Do niedawna jeszcze na pewno nie mo\u017cna by\u0142o, tylko dla Orkiestry robiono wyj\u0105tek. Pytanie \u2013 dlaczego? Jak jest teraz \u2013 nie wiem, ale na pewno budzi wiele zastrze\u017ce\u0144 postawa niema\u0142ej liczby wolontariuszy. Media \u201eprzeb\u0105kuj\u0105\u201d co\u015b o jakich\u015b incydentach, podkre\u015blaj\u0105c szybko i pieczo\u0142owicie, \u017ce to jest \u201eca\u0142e nic\u201d przy tak wielkiej akcji. Tylko \u017ce ja sam wiem o wydarzeniach z mojego rodzinnego miasta, relacjonowanych mi przez przyjaci\u00f3\u0142, o wolontariuszach, kt\u00f3rzy ju\u017c po zako\u0144czeniu zbi\u00f3rki dalej chodzili i zbierali pieni\u0105dze, a niczego nie podejrzewaj\u0105cy ludzie im je dawali. Z kolei, od ksi\u0119\u017cy z r\u00f3\u017cnych miejsc kraju s\u0142ysza\u0142em o zdemolowanych lokalach, w kt\u00f3rych mia\u0142y swoje siedziby sztaby Orkiestry. W mediach jednak o tym nic nie s\u0142ysza\u0142em! Dziwne, prawda? Ale jak mo\u017ce by\u0107 inaczej, je\u017celi akcja ma taki zasi\u0119g, prowadzi j\u0105 cz\u0142owiek o w\u0105tpliwym obliczu moralnym, a wielu Wolontariuszy traktuje to tylko jako dobr\u0105 rozrywk\u0119! Kto mo\u017ce mie\u0107 nad tym wszystkim kontrol\u0119? Oczywi\u015bcie \u2013 powinno to by\u0107 sumienie, ale w takiej sytuacji to chyba nie ma o czym m\u00f3wi\u0107!<\/div>\n<div class=\"MsoNormal\" style=\"text-align: justify;\"><b style=\"mso-bidi-font-weight: normal;\">4.&nbsp;&nbsp;&nbsp;&nbsp;&nbsp;&nbsp;&nbsp;&nbsp; Na co id\u0105 zbierane pieni\u0105dze?<\/b> Koszt organizacji ca\u0142ej akcji jest ogromny. Czyta\u0142em w jednym z artyku\u0142\u00f3w w \u201eNiedzieli\u201d (mam go u siebie), \u017ce przewy\u017csza on korzy\u015bci z tej akcji. Ale nawet tylko patrz\u0105c na ca\u0142y rozmach, musimy zapyta\u0107, ile kosztuje tyle godzin transmisji telewizyjnej, latanie Jurka samolotami, \u015bwiate\u0142ko do nieba, czy innych mn\u00f3stwo atrakcji? Na pewno, du\u017cy w tym udzia\u0142 sponsor\u00f3w. Ale czy nie lepiej by\u0142oby, gdyby przeznaczyli te pieni\u0105dze na pomoc. A \u017cerowanie na funduszach publicznych \u2013 to zmuszanie ludzi przeciwnych akcji, aby dok\u0142adali si\u0119 do niej (na przyk\u0142ad \u2013 przez abonament telewizyjny). To bardzo niesprawiedliwe i nieuczciwe. Ponadto \u2013 wiadomo, \u017ce spora cz\u0119\u015b\u0107 zebranych pieni\u0119dzy, poza organizacj\u0105 akcji, idzie na \u201ecele statutowe fundacji\u201d, a s\u0105 to niema\u0142e kwoty, a tak\u017ce \u2013 co najbardziej oburza \u2013 na tak zwany Przystanek Woodstock, b\u0119d\u0105cy seansem powszechnego zgorszenia i upodlenia m\u0142odych ludzi. W 2009 roku \u2013 jak podaje tygodnik \u201eIdziemy\u201d z 8 stycznia 2012. \u2013 wydano na sam\u0105 tylko organizacj\u0119 tej imprezy 2 miliony 661 tysi\u0119cy z\u0142otych! Temu wszystkiemu, co si\u0119 tam dzieje, staraj\u0105 si\u0119 przeciwdzia\u0142a\u0107 uczestnicy akcji Przystanek Jezus, kt\u00f3r\u0105 to akcj\u0119 Owsiak stara si\u0119 \u2013 jak mo\u017ce \u2013 maksymalnie zdyskredytowa\u0107. I w\u0142a\u015bnie od Ksi\u0119dza Rafa\u0142a, mojego Przyjaciela, od lat w\u0142\u0105czaj\u0105cego si\u0119 w ratowanie m\u0142odzie\u017cy tam przyje\u017cd\u017caj\u0105cej, wiem, jak tam na miejscu zachowuje si\u0119 sam Owsiak (po kilku godzinach zwyczajnie pijany), jak i m\u0142odzie\u017c \u2013 doci\u0105gaj\u0105ca do poziomu swego w\u0105tpliwego przewodnika. Pijani m\u0142odzi ludzie, tarzaj\u0105cy si\u0119 w b\u0142ocie, przer\u00f3\u017cne seksualne orgie \u2013 to tylko ma\u0142y wycinek strasznej rzeczywisto\u015bci tej \u201eradosnej\u201d imprezy stanowi\u0105cej \u2013 jak to uj\u0119to w mediach \u2013 podzi\u0119kowanie wolontariuszom za ich zaanga\u017cowanie. Czy my nie b\u0119dziemy jeszcze kiedy\u015b tego wszystkiego naprawd\u0119 bardzo \u017ca\u0142owa\u0107?<\/div>\n<div class=\"MsoNormal\" style=\"text-align: justify;\"><b style=\"mso-bidi-font-weight: normal;\">5.&nbsp;&nbsp;&nbsp;&nbsp;&nbsp;&nbsp;&nbsp;&nbsp; Motywy ca\u0142ej akcji<\/b> mog\u0105 wydawa\u0107 si\u0119 najs\u0142abszym argumentem przeciwnym, ale ja uwa\u017cam, \u017ce przynajmniej dyrygent, ale i wielu wolontariuszy podchodzi do tego nie na zasadzie troski o konkretnego cz\u0142owieka, ale traktuj\u0105c to jako dobr\u0105 zabaw\u0119, rozrywk\u0119 (czasami \u2013 jak wspomnia\u0142em \u2013 do\u015b\u0107 w\u0105tpliwej jako\u015bci!), a przy okazji \u2013 jak\u0105\u015b tam pomoc. A poza tym \u2013 ja przynajmniej nie widz\u0119 jakiej\u015b logicznej \u0142\u0105czno\u015bci mi\u0119dzy rzekom\u0105 ch\u0119ci\u0105 ratowania chorych dzieci z promowaniem tak zwanej aborcji, czy metody in vitro. Trzeba si\u0119 bowiem w ko\u0144cu zdecydowa\u0107: ratuj\u0119 \u017cycie \u2013 czy niszcz\u0119 \u017cycie? Kt\u00f3ra postawa jest t\u0105 prawdziw\u0105? Bo nie mog\u0105 by\u0107 dwie naraz, skoro s\u0105 sobie przeciwstawne! W tygodniku \u201eIdziemy\u201d Ks. Henryk Zieli\u0144ski, Redaktor Naczelny, informuje, \u017ce Komitet Ustawodawczy \u201eStop aborcji\u201d zwr\u00f3ci\u0142 si\u0119 do Owsiaka z pro\u015bb\u0105 o poparcie ich inicjatywy ratowania \u017cycia chorych dzieci przed urodzeniem, czyli przed zabijaniem dzieci, u kt\u00f3rych przed urodzeniem zdiagnozowano zesp\u00f3\u0142 Downa. Jak my\u015blicie: Owsiak popar\u0142 t\u0119 inicjatyw\u0119?\u2026 A przecie\u017c organizuje akcj\u0119 w celu ratowania \u017cycia dzieci\u2026 <\/div>\n<div class=\"MsoNormal\" style=\"text-align: justify;\"><b style=\"mso-bidi-font-weight: normal;\">6.&nbsp;&nbsp;&nbsp;&nbsp;&nbsp;&nbsp;&nbsp;&nbsp; Ocena moralna udzia\u0142u w tej\u017ce akcji mo\u017ce by\u0107 trudna.<\/b> Bo z pewno\u015bci\u0105 wiele os\u00f3b wrzuca swoje pieni\u0105dze do puszek ze szczer\u0105 intencj\u0105 ratowania dzieci. Dlatego jestem pewien, \u017ce je\u017celi kto\u015b czyni to w\u0142a\u015bnie z takim nastawieniem i nie wie nic o skutkach ubocznych akcji \u2013 albo lepiej: nie wie o tym, \u017ce pomoc jest tylko skutkiem ubocznym ca\u0142ej akcji \u2013 taki kto\u015b ma zas\u0142ug\u0119 przed Bogiem. Pytanie tylko, czy dzisiaj, w dobie takiego przep\u0142ywu informacji, mo\u017cna m\u00f3wi\u0107 o tym, \u017ce kto\u015b nic nie wie i nie rozumie. Mo\u017ce tylko ludzie starsi, kt\u00f3rzy nie s\u0105 tak bardzo \u201ez\u017cyci\u201d z Internetem, jak m\u0142odzie\u017c. Ale wiem, \u017ce ludzie generalnie wiedz\u0105, \u017ce \u201eco\u015b jest na rzeczy\u201d \u2013 nawet pomimo ca\u0142ej medialnej jednostronno\u015bci w promowaniu tej\u017ce akcji. Dlatego dawanie pieni\u0119dzy do puszek Orkiestry jest w naj\u0142agodniejszej ocenie powa\u017cn\u0105 naiwno\u015bci\u0105, a widz\u0105c problem w ca\u0142ej rozci\u0105g\u0142o\u015bci nale\u017cy powiedzie\u0107 o popieraniu demoralizacji m\u0142odzie\u017cy i tego wszystkiego, czym Jurek Owsiak i jego ludzie zajmuj\u0105 si\u0119 w\u00f3wczas, kiedy nie bawi\u0105 si\u0119 na Wielkim Finale. Ja wiem, \u017ce te moje t\u0142umaczenia na pewno od razu odrzuci matka, kt\u00f3rej dziecko zosta\u0142o uratowane dzi\u0119ki sprz\u0119towi z naklejonym serduszkiem Wielkiej Orkiestry. Ale my\u015bl\u0119, \u017ce tak\u0105 sam\u0105 pomoc \u2013 przy o wiele mniejszych kosztach organizacji \u2013 \u015bwiadczy Caritas Polska i inne organizacje, b\u0119d\u0105ce jej odpowiedniki w innych Ko\u015bcio\u0142ach. Wi\u0119c mo\u017ce ca\u0142\u0105 t\u0119 promocj\u0119 warto na nie skierowa\u0107! Tym bardziej, \u017ce pomagaj\u0105 one systematycznie, po cichu, skutecznie i w o wiele wi\u0119kszym wymiarze. I jest to pomoc moralnie jednoznaczna \u2013 w przeciwie\u0144stwie do tej, kt\u00f3r\u0105 w jakim\u015b tak wycinku \u015bwiadczy Orkiestra. I jest to pomoc skierowana do konkretnego cz\u0142owieka, w duchu mi\u0142o\u015bci do cz\u0142owieka, a nie jako uboczny efekt zabawy. <\/div>\n<div class=\"MsoNormal\" style=\"text-align: justify;\">&nbsp;&nbsp;&nbsp;&nbsp;&nbsp;&nbsp;&nbsp;&nbsp;&nbsp; To wszystko, co napisa\u0142em, prowadzi mnie do <b style=\"mso-bidi-font-weight: normal;\">JEDNOZNACZNIE KRYTYCZNEJ OCENY WIELKIEJ ORKIESTRY TAK ZWANEJ \u015aWI\u0104TECZNEJ POMOCY<\/b> i traktowania jej jako akcji m\u0119tnej, sztucznie nadmuchanej i celowo \u201enakr\u0119conej\u201d medialnie w celu zrobienia konkurencji dzia\u0142alno\u015bci Ko\u015bcio\u0142a i zdyskredytowania jego nauczania. To jest moja osobista ocena tego wszystkiego, co si\u0119 dzieje ka\u017cdego roku w pierwszej po\u0142owie stycznia.&nbsp;<\/div>\n<div class=\"MsoNormal\" style=\"text-align: justify;\">&nbsp;&nbsp;&nbsp;&nbsp; I w\u0142a\u015bnie bior\u0105c pod uwag\u0119 to wszystko, jak i to, co napisa\u0142em dzi\u015b w rozwa\u017caniu, wzywam: OTW\u00d3RZMY WRESZCIE OCZY! I PRZESTA\u0143MY UDAWA\u0106, \u017bE NIC NIE WIEMY I NIE ROZUMIEJMY. <b>NIE GRAJMY JU\u017b W TEJ FA\u0141SZYWEJ ORKIESTRZE!<\/b><\/div>\n<div class=\"MsoNormal\" style=\"text-align: justify;\">&nbsp;&nbsp;&nbsp;&nbsp;&nbsp;&nbsp;&nbsp;&nbsp;&nbsp;&nbsp;&nbsp;&nbsp;&nbsp;&nbsp; Gaudium et spes! Ks. Jacek<\/div>\n<div align=\"right\" class=\"MsoNormal\" style=\"text-align: right;\"> <\/div>\n<div class=\"MsoNormal\" style=\"text-align: justify;\">\n<\/div>\n<div class=\"MsoNormal\" style=\"text-align: justify;\"><b>&nbsp;7 stycznia 2012., <\/b><\/div>\n<div class=\"MsoNormal\" style=\"text-align: justify;\"><b style=\"mso-bidi-font-weight: normal;\">do czyta\u0144:&nbsp; 1 J 3,22\u20134,6;&nbsp; Mt 4,12\u201317.23\u201325<\/b><\/div>\n<div class=\"MsoNormal\" style=\"text-align: justify;\">\n<\/div>\n<div class=\"MsoNormal\" style=\"text-align: justify; text-indent: 35.4pt;\">Jak\u017ce bardzo <b style=\"mso-bidi-font-weight: normal;\">mocno i jednoznacznie brzmi\u0105 s\u0142owa \u015awi\u0119tego Jana Aposto\u0142a,<\/b> zapisane przeze\u0144 w Pierwszym Li\u015bcie, skierowanym do Wsp\u00f3lnoty Ko\u015bcio\u0142a, kt\u00f3rego to Listu \u2013 we fragmencie oczywi\u015bcie \u2013 wys\u0142uchali\u015bmy w przed chwil\u0105 czytaniu. S\u0142owa konkretne i rzucaj\u0105ce mocne \u015bwiat\u0142o <b style=\"mso-bidi-font-weight: normal;\">tak\u017ce na to wszystko, co dzieje si\u0119 w naszych czasach i w naszej Ojczy\u017anie.<\/b> <\/div>\n<div class=\"MsoNormal\" style=\"text-align: justify; text-indent: 35.4pt;\">Oto bowiem jutro znowu, jak od kilkunastu lat, media publiczne zarzuc\u0105 nas <b style=\"mso-bidi-font-weight: normal;\">a\u017c do przesycenia \u2013 \u017ceby nie powiedzie\u0107: do obrzydzenia!<\/b> \u2013 informacjami o niezwyk\u0142ym powodzeniu <b style=\"mso-bidi-font-weight: normal;\">jedynie s\u0142usznej akcji jakiej\u015b tam rzekomo wielkiej \u015bwi\u0105tecznej pomocy.<\/b> A tymczasem w\u015br\u00f3d wielu argument\u00f3w, kt\u00f3re ka\u017c\u0105 patrze\u0107 na ca\u0142\u0105 akcj\u0119 <b style=\"mso-bidi-font-weight: normal;\">co najmniej podejrzliwie,<\/b> na pierwszy plan wysuwa si\u0119 to, co dzisiaj powiedzia\u0142 do nas Jan Aposto\u0142. <\/div>\n<div class=\"MsoNormal\" style=\"text-align: justify; text-indent: 35.4pt;\">Kochani, zechciejmy teraz \u2013 maj\u0105c <b style=\"mso-bidi-font-weight: normal;\">w \u015bwiadomo\u015bci to, co b\u0119dzie si\u0119 w naszym kraju, tak\u017ce na naszych ulicach, dzia\u0142o jutro<\/b> \u2013 us\u0142ysze\u0107 i przyj\u0105\u0107 jeszcze raz z wielkim skupieniem s\u0142owa Jana. A pisa\u0142 on tak: <i style=\"mso-bidi-font-style: normal;\">Umi\u0142owani, <b style=\"mso-bidi-font-weight: normal;\">nie dowierzajcie ka\u017cdemu duchowi, ale badajcie duchy, czy s\u0105 z Boga, gdy\u017c wielu fa\u0142szywych prorok\u00f3w pojawi\u0142o si\u0119 na \u015bwiecie.<\/b> Po tym poznajecie Ducha Bo\u017cego: <b style=\"mso-bidi-font-weight: normal;\">ka\u017cdy duch, kt\u00f3ry uznaje, \u017ce Jezus Chrystus przyszed\u0142 w ciele, jest z Boga.<\/b> Ka\u017cdy za\u015b duch, kt\u00f3ry <b style=\"mso-bidi-font-weight: normal;\">nie uznaje Jezusa, nie jest z Boga. I to jest duch Antychrysta,<\/b> kt\u00f3ry \u2013 jak s\u0142yszeli\u015bcie \u2013 nadchodzi i ju\u017c teraz przebywa na \u015bwiecie. <\/i><\/div>\n<div class=\"MsoNormal\" style=\"text-align: justify; text-indent: 35.4pt;\"><i style=\"mso-bidi-font-style: normal;\">Wy, dzieci, jeste\u015bcie z Boga i zwyci\u0119\u017cyli\u015bcie ich, poniewa\u017c wi\u0119kszy jest Ten, kt\u00f3ry w was jest, od tego, kt\u00f3ry jest na \u015bwiecie. <b style=\"mso-bidi-font-weight: normal;\">Oni s\u0105 ze \u015bwiata, dlatego m\u00f3wi\u0105 tak, jak m\u00f3wi \u015bwiat, a \u015bwiat ich s\u0142ucha. My jeste\u015bmy z Boga. Ten, kt\u00f3ry zna Boga, s\u0142ucha nas. Kto nie jest z Boga, nas nie s\u0142ucha.<\/b> W ten spos\u00f3b poznajemy <b style=\"mso-bidi-font-weight: normal;\">ducha prawdy i ducha fa\u0142szu<\/b><\/i><b style=\"mso-bidi-font-weight: normal;\">.<\/b> <\/div>\n<div class=\"MsoNormal\" style=\"text-align: justify; text-indent: 35.4pt;\">Moi Drodzy, celowo przytoczy\u0142em a\u017c tak d\u0142ugi fragment, bo ka\u017cde zawarte tam s\u0142owo, ka\u017cde stwierdzenie, jest <b style=\"mso-bidi-font-weight: normal;\">bardzo mocnym i jasnym promykiem prawdy, kt\u00f3r\u0105 musimy \u2013 podkre\u015blam: musimy! \u2013 przej\u0105\u0107 si\u0119 do g\u0142\u0119bi!<\/b> My naprawd\u0119 <b style=\"mso-bidi-font-weight: normal;\">nie mo\u017cemy wierzy\u0107 naiwnie we wszystko, co nam powiedz\u0105 ze szklanego ekranu!<\/b> My naprawd\u0119 nie mo\u017cemy <b style=\"mso-bidi-font-weight: normal;\">naiwnie uznawa\u0107 za dobro tego, co tylko przyjmuje poz\u00f3r dobra,<\/b> a w rzeczywisto\u015bci jest bardzo sprytnie zakamuflowanym z\u0142em. My naprawd\u0119 musimy wreszcie <b style=\"mso-bidi-font-weight: normal;\">przetrze\u0107 oczy i zrozumie\u0107,<\/b> \u017ce nasze ci\u0119\u017cko zapracowane z\u0142ot\u00f3wki, kt\u00f3re jutro wrzucimy do puszek, <b style=\"mso-bidi-font-weight: normal;\">w wi\u0119kszo\u015bci p\u00f3jd\u0105 na gorszenie i psucie naszej m\u0142odzie\u017cy \u2013 i na czyj\u0105\u015b dobr\u0105 zabaw\u0119!<\/b> <\/div>\n<div class=\"MsoNormal\" style=\"text-align: justify; text-indent: 35.4pt;\">My naprawd\u0119 musimy przesta\u0107 udawa\u0107, \u017ce <b style=\"mso-bidi-font-weight: normal;\">nic nie wiemy i nic nie rozumiemy, a chcemy pomaga\u0107 biednym dzieciom.<\/b> Je\u017celi tak, to wspierajmy Caritas Polsk\u0105 i inne organizacje, kt\u00f3re nie budz\u0105 tylu moralnych w\u0105tpliwo\u015bci! Bo prawdziwe dobro \u2013 jak wskaza\u0142 dzi\u015b Jezus w Ewangelii \u2013 <b style=\"mso-bidi-font-weight: normal;\">poznaje si\u0119 po owocach.<\/b> On sam wzywa\u0142 do nawr\u00f3cenia i dokonywa\u0142 wielu cudownych znak\u00f3w. <b style=\"mso-bidi-font-weight: normal;\">\u0141\u0105czy\u0142 w ten spos\u00f3b sfer\u0119 duchow\u0105, zewn\u0119trzn\u0105 \u2013 z t\u0105 wewn\u0119trzn\u0105.<\/b> <\/div>\n<div class=\"MsoNormal\" style=\"text-align: justify; text-indent: 35.4pt;\">Je\u017celi kto\u015b natomiast tylko na zewn\u0105trz czyni jakie\u015b rzeczy \u2013 nawet pozornie dobre \u2013 ale wszystkie one nie maj\u0105 podbudowy duchowej, nie s\u0105 wznoszone za fundamencie Bo\u017cym, a ten, kto je czyni, publicznie od\u017cegnuje si\u0119 od Boga i kpi sobie z zasad i woli Bo\u017cej, <b style=\"mso-bidi-font-weight: normal;\">ten<\/b> <b style=\"mso-bidi-font-weight: normal;\">nie jest duchem z Boga i nic trwale dobrego nie jest w stanie uczyni\u0107.<\/b> A wyjdzie to na jaw wcze\u015bniej, czy p\u00f3\u017aniej. I to raczej wcze\u015bniej, ni\u017c p\u00f3\u017aniej. <\/div>\n<div class=\"MsoNormal\" style=\"text-align: justify; text-indent: 35.4pt;\"><b style=\"mso-bidi-font-weight: normal;\">Dlatego nie dajmy si\u0119 zwodzi\u0107. I badajmy wszystkie duchy i wszystkie dzia\u0142ania \u2013 czy aby na pewno s\u0105 z Boga<\/b>\u2026<\/div>\n","protected":false},"excerpt":{"rendered":"<p>Kochani, pisa\u0142em ju\u017c o tym rok temu. Chcia\u0142bym jednak raz jeszcze nawi\u0105za\u0107 do sprawy, kt\u00f3ra musi budzi\u0107 nasz niepok\u00f3j. Przywo\u0142uj\u0119 zatem tekst, kt\u00f3ry rok temu zamie\u015bci\u0142em na blogu, lekko go tylko modyfikuj\u0105c. Przedstawiam kilka s\u0142\u00f3w o Wielkiej Orkiestrze \u015awi\u0105tecznej Pomocy, zapraszaj\u0105c do osobistej refleksji. Od razu zaznaczam, \u017ce s\u0105 to moje bardzo lu\u017ane refleksje. Nie [&hellip;]<\/p>\n","protected":false},"author":1,"featured_media":0,"comment_status":"open","ping_status":"open","sticky":false,"template":"","format":"standard","meta":{"jetpack_post_was_ever_published":false,"_jetpack_newsletter_access":"","_jetpack_dont_email_post_to_subs":false,"_jetpack_newsletter_tier_id":0,"_jetpack_memberships_contains_paywalled_content":false,"_jetpack_memberships_contains_paid_content":false,"footnotes":""},"categories":[1],"tags":[],"class_list":["post-9618","post","type-post","status-publish","format-standard","hentry","category-bez-kategorii"],"yoast_head":"<!-- This site is optimized with the Yoast SEO plugin v25.1 - https:\/\/yoast.com\/wordpress\/plugins\/seo\/ -->\n<title>NIE GRAJMY W FA\u0141SZYWEJ ORKIESTRZE! - Gaudium Et Spes<\/title>\n<meta name=\"robots\" content=\"index, follow, max-snippet:-1, max-image-preview:large, max-video-preview:-1\" \/>\n<link rel=\"canonical\" href=\"https:\/\/gaudiumetspes-blog.pl\/index.php\/2012\/01\/07\/nie-grajmy-w-faszywej-orkiestrze\/\" \/>\n<meta property=\"og:locale\" content=\"pl_PL\" \/>\n<meta property=\"og:type\" content=\"article\" \/>\n<meta property=\"og:title\" content=\"NIE GRAJMY W FA\u0141SZYWEJ ORKIESTRZE! - Gaudium Et Spes\" \/>\n<meta property=\"og:description\" content=\"Kochani, pisa\u0142em ju\u017c o tym rok temu. Chcia\u0142bym jednak raz jeszcze nawi\u0105za\u0107 do sprawy, kt\u00f3ra musi budzi\u0107 nasz niepok\u00f3j. Przywo\u0142uj\u0119 zatem tekst, kt\u00f3ry rok temu zamie\u015bci\u0142em na blogu, lekko go tylko modyfikuj\u0105c. Przedstawiam kilka s\u0142\u00f3w o Wielkiej Orkiestrze \u015awi\u0105tecznej Pomocy, zapraszaj\u0105c do osobistej refleksji. Od razu zaznaczam, \u017ce s\u0105 to moje bardzo lu\u017ane refleksje. Nie [&hellip;]\" \/>\n<meta property=\"og:url\" content=\"https:\/\/gaudiumetspes-blog.pl\/index.php\/2012\/01\/07\/nie-grajmy-w-faszywej-orkiestrze\/\" \/>\n<meta property=\"og:site_name\" content=\"Gaudium Et Spes\" \/>\n<meta property=\"article:published_time\" content=\"2012-01-07T04:48:00+00:00\" \/>\n<meta property=\"article:modified_time\" content=\"2019-07-31T10:52:55+00:00\" \/>\n<meta name=\"author\" content=\"Ks. Jacek\" \/>\n<meta name=\"twitter:card\" content=\"summary_large_image\" \/>\n<meta name=\"twitter:label1\" content=\"Napisane przez\" \/>\n\t<meta name=\"twitter:data1\" content=\"Ks. Jacek\" \/>\n\t<meta name=\"twitter:label2\" content=\"Szacowany czas czytania\" \/>\n\t<meta name=\"twitter:data2\" content=\"12 minut\" \/>\n<script type=\"application\/ld+json\" class=\"yoast-schema-graph\">{\"@context\":\"https:\/\/schema.org\",\"@graph\":[{\"@type\":\"WebPage\",\"@id\":\"https:\/\/gaudiumetspes-blog.pl\/index.php\/2012\/01\/07\/nie-grajmy-w-faszywej-orkiestrze\/\",\"url\":\"https:\/\/gaudiumetspes-blog.pl\/index.php\/2012\/01\/07\/nie-grajmy-w-faszywej-orkiestrze\/\",\"name\":\"NIE GRAJMY W FA\u0141SZYWEJ ORKIESTRZE! - Gaudium Et Spes\",\"isPartOf\":{\"@id\":\"https:\/\/gaudiumetspes-blog.pl\/#website\"},\"datePublished\":\"2012-01-07T04:48:00+00:00\",\"dateModified\":\"2019-07-31T10:52:55+00:00\",\"author\":{\"@id\":\"https:\/\/gaudiumetspes-blog.pl\/#\/schema\/person\/1661982992b752dea8dff0d4ed845a65\"},\"breadcrumb\":{\"@id\":\"https:\/\/gaudiumetspes-blog.pl\/index.php\/2012\/01\/07\/nie-grajmy-w-faszywej-orkiestrze\/#breadcrumb\"},\"inLanguage\":\"pl-PL\",\"potentialAction\":[{\"@type\":\"ReadAction\",\"target\":[\"https:\/\/gaudiumetspes-blog.pl\/index.php\/2012\/01\/07\/nie-grajmy-w-faszywej-orkiestrze\/\"]}]},{\"@type\":\"BreadcrumbList\",\"@id\":\"https:\/\/gaudiumetspes-blog.pl\/index.php\/2012\/01\/07\/nie-grajmy-w-faszywej-orkiestrze\/#breadcrumb\",\"itemListElement\":[{\"@type\":\"ListItem\",\"position\":1,\"name\":\"Strona g\u0142\u00f3wna\",\"item\":\"https:\/\/gaudiumetspes-blog.pl\/\"},{\"@type\":\"ListItem\",\"position\":2,\"name\":\"NIE&nbsp;GRAJMY W&nbsp;FA\u0141SZYWEJ ORKIESTRZE!\"}]},{\"@type\":\"WebSite\",\"@id\":\"https:\/\/gaudiumetspes-blog.pl\/#website\",\"url\":\"https:\/\/gaudiumetspes-blog.pl\/\",\"name\":\"Gaudium Et Spes\",\"description\":\"Blog Ks. Jacka Ja\u015bkowskiego\",\"potentialAction\":[{\"@type\":\"SearchAction\",\"target\":{\"@type\":\"EntryPoint\",\"urlTemplate\":\"https:\/\/gaudiumetspes-blog.pl\/?s={search_term_string}\"},\"query-input\":{\"@type\":\"PropertyValueSpecification\",\"valueRequired\":true,\"valueName\":\"search_term_string\"}}],\"inLanguage\":\"pl-PL\"},{\"@type\":\"Person\",\"@id\":\"https:\/\/gaudiumetspes-blog.pl\/#\/schema\/person\/1661982992b752dea8dff0d4ed845a65\",\"name\":\"Ks. Jacek\",\"image\":{\"@type\":\"ImageObject\",\"inLanguage\":\"pl-PL\",\"@id\":\"https:\/\/gaudiumetspes-blog.pl\/#\/schema\/person\/image\/\",\"url\":\"https:\/\/gaudiumetspes-blog.pl\/wp-content\/uploads\/2019\/07\/avatar-JJ-150x150.jpg\",\"contentUrl\":\"https:\/\/gaudiumetspes-blog.pl\/wp-content\/uploads\/2019\/07\/avatar-JJ-150x150.jpg\",\"caption\":\"Ks. Jacek\"},\"description\":\"Witam serdecznie! K\u0142ania si\u0119 Ks. Jacek Ja\u015bkowski. Nie jestem ani kim\u015b wa\u017cnym, ani kim\u015b znanym. Jestem ksi\u0119dzem, kt\u00f3ry po prostu chce rozmawia\u0107. Codzienna kap\u0142a\u0144ska pos\u0142uga pokazuje mi, \u017ce temat\u00f3w do rozm\u00f3w z ksi\u0119dzem jest coraz wi\u0119cej i dzisiaj \u017caden ksi\u0105dz nie mo\u017ce od nich ucieka\u0107, ale - wprost przeciwnie - podejmowa\u0107 nowe wyzwania. To przekonanie sk\u0142oni\u0142o mnie do pr\u00f3by otwarcia tego\u017c bloga, chocia\u017c okazji do rozm\u00f3w na co dzie\u0144 - w konfesjonale i poza nim - na szcz\u0119\u015bcie nie brakuje. My\u015bl\u0119 jednak, \u017ce ten blog b\u0119dzie jeszcze jednym sposobem i przestrzeni\u0105 nawi\u0105zania kontaktu z lud\u017ami dobrej woli, otwartymi na dialog.\",\"url\":\"https:\/\/gaudiumetspes-blog.pl\/index.php\/author\/ks-jacek\/\"}]}<\/script>\n<!-- \/ Yoast SEO plugin. -->","yoast_head_json":{"title":"NIE GRAJMY W FA\u0141SZYWEJ ORKIESTRZE! - Gaudium Et Spes","robots":{"index":"index","follow":"follow","max-snippet":"max-snippet:-1","max-image-preview":"max-image-preview:large","max-video-preview":"max-video-preview:-1"},"canonical":"https:\/\/gaudiumetspes-blog.pl\/index.php\/2012\/01\/07\/nie-grajmy-w-faszywej-orkiestrze\/","og_locale":"pl_PL","og_type":"article","og_title":"NIE GRAJMY W FA\u0141SZYWEJ ORKIESTRZE! - Gaudium Et Spes","og_description":"Kochani, pisa\u0142em ju\u017c o tym rok temu. Chcia\u0142bym jednak raz jeszcze nawi\u0105za\u0107 do sprawy, kt\u00f3ra musi budzi\u0107 nasz niepok\u00f3j. Przywo\u0142uj\u0119 zatem tekst, kt\u00f3ry rok temu zamie\u015bci\u0142em na blogu, lekko go tylko modyfikuj\u0105c. Przedstawiam kilka s\u0142\u00f3w o Wielkiej Orkiestrze \u015awi\u0105tecznej Pomocy, zapraszaj\u0105c do osobistej refleksji. Od razu zaznaczam, \u017ce s\u0105 to moje bardzo lu\u017ane refleksje. Nie [&hellip;]","og_url":"https:\/\/gaudiumetspes-blog.pl\/index.php\/2012\/01\/07\/nie-grajmy-w-faszywej-orkiestrze\/","og_site_name":"Gaudium Et Spes","article_published_time":"2012-01-07T04:48:00+00:00","article_modified_time":"2019-07-31T10:52:55+00:00","author":"Ks. Jacek","twitter_card":"summary_large_image","twitter_misc":{"Napisane przez":"Ks. Jacek","Szacowany czas czytania":"12 minut"},"schema":{"@context":"https:\/\/schema.org","@graph":[{"@type":"WebPage","@id":"https:\/\/gaudiumetspes-blog.pl\/index.php\/2012\/01\/07\/nie-grajmy-w-faszywej-orkiestrze\/","url":"https:\/\/gaudiumetspes-blog.pl\/index.php\/2012\/01\/07\/nie-grajmy-w-faszywej-orkiestrze\/","name":"NIE GRAJMY W FA\u0141SZYWEJ ORKIESTRZE! - Gaudium Et Spes","isPartOf":{"@id":"https:\/\/gaudiumetspes-blog.pl\/#website"},"datePublished":"2012-01-07T04:48:00+00:00","dateModified":"2019-07-31T10:52:55+00:00","author":{"@id":"https:\/\/gaudiumetspes-blog.pl\/#\/schema\/person\/1661982992b752dea8dff0d4ed845a65"},"breadcrumb":{"@id":"https:\/\/gaudiumetspes-blog.pl\/index.php\/2012\/01\/07\/nie-grajmy-w-faszywej-orkiestrze\/#breadcrumb"},"inLanguage":"pl-PL","potentialAction":[{"@type":"ReadAction","target":["https:\/\/gaudiumetspes-blog.pl\/index.php\/2012\/01\/07\/nie-grajmy-w-faszywej-orkiestrze\/"]}]},{"@type":"BreadcrumbList","@id":"https:\/\/gaudiumetspes-blog.pl\/index.php\/2012\/01\/07\/nie-grajmy-w-faszywej-orkiestrze\/#breadcrumb","itemListElement":[{"@type":"ListItem","position":1,"name":"Strona g\u0142\u00f3wna","item":"https:\/\/gaudiumetspes-blog.pl\/"},{"@type":"ListItem","position":2,"name":"NIE&nbsp;GRAJMY W&nbsp;FA\u0141SZYWEJ ORKIESTRZE!"}]},{"@type":"WebSite","@id":"https:\/\/gaudiumetspes-blog.pl\/#website","url":"https:\/\/gaudiumetspes-blog.pl\/","name":"Gaudium Et Spes","description":"Blog Ks. Jacka Ja\u015bkowskiego","potentialAction":[{"@type":"SearchAction","target":{"@type":"EntryPoint","urlTemplate":"https:\/\/gaudiumetspes-blog.pl\/?s={search_term_string}"},"query-input":{"@type":"PropertyValueSpecification","valueRequired":true,"valueName":"search_term_string"}}],"inLanguage":"pl-PL"},{"@type":"Person","@id":"https:\/\/gaudiumetspes-blog.pl\/#\/schema\/person\/1661982992b752dea8dff0d4ed845a65","name":"Ks. Jacek","image":{"@type":"ImageObject","inLanguage":"pl-PL","@id":"https:\/\/gaudiumetspes-blog.pl\/#\/schema\/person\/image\/","url":"https:\/\/gaudiumetspes-blog.pl\/wp-content\/uploads\/2019\/07\/avatar-JJ-150x150.jpg","contentUrl":"https:\/\/gaudiumetspes-blog.pl\/wp-content\/uploads\/2019\/07\/avatar-JJ-150x150.jpg","caption":"Ks. Jacek"},"description":"Witam serdecznie! K\u0142ania si\u0119 Ks. Jacek Ja\u015bkowski. Nie jestem ani kim\u015b wa\u017cnym, ani kim\u015b znanym. Jestem ksi\u0119dzem, kt\u00f3ry po prostu chce rozmawia\u0107. Codzienna kap\u0142a\u0144ska pos\u0142uga pokazuje mi, \u017ce temat\u00f3w do rozm\u00f3w z ksi\u0119dzem jest coraz wi\u0119cej i dzisiaj \u017caden ksi\u0105dz nie mo\u017ce od nich ucieka\u0107, ale - wprost przeciwnie - podejmowa\u0107 nowe wyzwania. To przekonanie sk\u0142oni\u0142o mnie do pr\u00f3by otwarcia tego\u017c bloga, chocia\u017c okazji do rozm\u00f3w na co dzie\u0144 - w konfesjonale i poza nim - na szcz\u0119\u015bcie nie brakuje. My\u015bl\u0119 jednak, \u017ce ten blog b\u0119dzie jeszcze jednym sposobem i przestrzeni\u0105 nawi\u0105zania kontaktu z lud\u017ami dobrej woli, otwartymi na dialog.","url":"https:\/\/gaudiumetspes-blog.pl\/index.php\/author\/ks-jacek\/"}]}},"jetpack_featured_media_url":"","jetpack_sharing_enabled":true,"_links":{"self":[{"href":"https:\/\/gaudiumetspes-blog.pl\/index.php\/wp-json\/wp\/v2\/posts\/9618","targetHints":{"allow":["GET"]}}],"collection":[{"href":"https:\/\/gaudiumetspes-blog.pl\/index.php\/wp-json\/wp\/v2\/posts"}],"about":[{"href":"https:\/\/gaudiumetspes-blog.pl\/index.php\/wp-json\/wp\/v2\/types\/post"}],"author":[{"embeddable":true,"href":"https:\/\/gaudiumetspes-blog.pl\/index.php\/wp-json\/wp\/v2\/users\/1"}],"replies":[{"embeddable":true,"href":"https:\/\/gaudiumetspes-blog.pl\/index.php\/wp-json\/wp\/v2\/comments?post=9618"}],"version-history":[{"count":1,"href":"https:\/\/gaudiumetspes-blog.pl\/index.php\/wp-json\/wp\/v2\/posts\/9618\/revisions"}],"predecessor-version":[{"id":10465,"href":"https:\/\/gaudiumetspes-blog.pl\/index.php\/wp-json\/wp\/v2\/posts\/9618\/revisions\/10465"}],"wp:attachment":[{"href":"https:\/\/gaudiumetspes-blog.pl\/index.php\/wp-json\/wp\/v2\/media?parent=9618"}],"wp:term":[{"taxonomy":"category","embeddable":true,"href":"https:\/\/gaudiumetspes-blog.pl\/index.php\/wp-json\/wp\/v2\/categories?post=9618"},{"taxonomy":"post_tag","embeddable":true,"href":"https:\/\/gaudiumetspes-blog.pl\/index.php\/wp-json\/wp\/v2\/tags?post=9618"}],"curies":[{"name":"wp","href":"https:\/\/api.w.org\/{rel}","templated":true}]}}