{"id":9619,"date":"2012-01-06T07:51:00","date_gmt":"2012-01-06T06:51:00","guid":{"rendered":"https:\/\/gaudiumetspes-blog.pl\/index.php\/2012\/01\/06\/o-blasku-i-o-ciemnosciac\/"},"modified":"2019-07-31T12:52:55","modified_gmt":"2019-07-31T10:52:55","slug":"o-blasku-i-o-ciemnosciac","status":"publish","type":"post","link":"https:\/\/gaudiumetspes-blog.pl\/index.php\/2012\/01\/06\/o-blasku-i-o-ciemnosciac\/","title":{"rendered":"O blasku &#8211; i o ciemno\u015bciach&#8230;"},"content":{"rendered":"<p><\/p>\n<div class=\"MsoNormal\" style=\"text-align: justify;\">Niech b\u0119dzie pochwalony Jezus Chrystus! \u017bycz\u0119 wszystkim Wam, Kochani, na ca\u0142y dzie\u0144 dzisiejszy i na ca\u0142e \u017cycie &#8211; wielkiego blasku tego \u015bwiat\u0142a, jakie niesie ze sob\u0105 Jezus! Na g\u0142\u0119bokie i religijne prze\u017cywanie dzisiejszej Uroczysto\u015bci przesy\u0142am kap\u0142a\u0144skie b\u0142ogos\u0142awie\u0144stwo: <b>Niech Was b\u0142ogos\u0142awi B\u00f3g Wszechmog\u0105cy: Ojciec + i Syn, i Duch \u015awi\u0119ty. Amen<\/b><\/div>\n<div class=\"MsoNormal\" style=\"text-align: justify;\">&nbsp;&nbsp;&nbsp;&nbsp;&nbsp;&nbsp;&nbsp;&nbsp;&nbsp;&nbsp;&nbsp;&nbsp;&nbsp;&nbsp; Gaudium et spes!&nbsp; Ks. Jacek<b><br \/>\n<\/b><\/div>\n<div class=\"MsoNormal\" style=\"text-align: justify;\">\n<\/div>\n<div class=\"MsoNormal\" style=\"text-align: justify;\"><b>Uroczysto\u015b\u0107 Objawienia Pa\u0144skiego,<\/b><\/div>\n<div class=\"MsoNormal\" style=\"text-align: justify;\"><b style=\"mso-bidi-font-weight: normal;\">do czyta\u0144: &nbsp;Iz 60,1\u20136;&nbsp; Ef 3,2\u20133a.5\u20136;&nbsp; Mt 2,1\u201312<\/b><\/div>\n<div class=\"MsoNormal\" style=\"text-align: justify;\">\n<\/div>\n<div class=\"MsoNormal\" style=\"text-align: justify; text-indent: 35.4pt;\">Czy zauwa\u017cyli\u015bmy, s\u0142uchaj\u0105c dzisiejszego S\u0142owa Bo\u017cego, <b>jak wiele jest tam \u015bwiat\u0142a,<\/b> jak wiele blasku bije z kolejnych wers\u00f3w czyta\u0144 mszalnych dzisiejszej liturgii. Prorok Izajasz, w pierwszym czytaniu, og\u0142asza podnio\u015ble i uroczy\u015bcie: <i>Powsta\u0144, \u015bwie\u0107, Jeruzalem, bo przysz\u0142o twe <b>\u015bwiat\u0142o<\/b> i chwa\u0142a Pana <b>rozb\u0142yska<\/b> nad tob\u0105. Bo oto ciemno\u015b\u0107 okrywa ziemi\u0119 i g\u0119sty mrok spowija ludy, a ponad tob\u0105 <b>ja\u015bnieje Pan<\/b> i Jego chwa\u0142a jawi si\u0119 nad tob\u0105. I p\u00f3jd\u0105 narody do twojego \u015bwiat\u0142a, kr\u00f3lowie do <b>blasku twojego wschodu.<\/b><\/i> <b style=\"mso-bidi-font-weight: normal;\">\u015awiat\u0142o, chwa\u0142a, kt\u00f3ra rozb\u0142yska, Pan, kt\u00f3ry ja\u015bnieje, blask wschodu<\/b> \u2013 oto przepi\u0119kne obrazy, zarysowane przez Autora natchnionego; obrazy, kt\u00f3re wyra\u017caj\u0105 pochodzenie od Boga wielkiego blasku i \u015bwiat\u0142a, kt\u00f3re nie zga\u015bnie. <\/div>\n<div class=\"MsoNormal\" style=\"text-align: justify; text-indent: 35.4pt;\"><b style=\"mso-bidi-font-weight: normal;\">Jeruzalem, miasto \u015bwi\u0119te, miasto szczeg\u00f3lne<\/b> \u2013 szczeg\u00f3lne Bo\u017c\u0105 obecno\u015bci\u0105, Bo\u017cym umi\u0142owaniem\u2026 Miasto wybrane, pe\u0142ne chwa\u0142y Bo\u017cej. A jeszcze bardziej i jeszcze szczeg\u00f3lniej umi\u0142owane sta\u0142o si\u0119 ono, gdy Jezus, Dawca wszelkiego \u015bwiat\u0142a, <b>zaja\u015bnia\u0142 na krzy\u017cu, a potem \u2013 w blasku swego Zmartwychwstania.<\/b> Wcze\u015bniej za\u015b, bo ju\u017c w Starym Testamencie, miasto to by\u0142o przecie\u017c miejscem, w kt\u00f3rym znajdowa\u0142a si\u0119 <b>przes\u0142awna \u015awi\u0105tynia,<\/b> cel corocznych pielgrzymek wszystkich wyznawc\u00f3w Boga Jahwe.<\/div>\n<div class=\"MsoNormal\" style=\"text-align: justify; text-indent: 35.4pt;\">W obliczu ciemno\u015bci, kt\u00f3re okrywaj\u0105 ziemi\u0119 \u2013 jak pi\u0119knie pisze Izajasz \u2013 w obliczu g\u0119stego mroku, kt\u00f3ry spowija ludy, tym wyra\u017aniej wida\u0107 <b>\u015bwiat\u0142o\u015b\u0107, kt\u00f3r\u0105 przynosi na ziemi\u0119 przychodz\u0105cy B\u00f3g<\/b>. Nape\u0142niona tym \u015bwiat\u0142em Jerozolima ma si\u0119 sta\u0107 miastem wielkim i pot\u0119\u017cnym, miastem znacz\u0105cym. Obraz bogactw, kt\u00f3rymi ma by\u0107 obdarowana jest <b style=\"mso-bidi-font-weight: normal;\">znakiem pot\u0119gi i wielko\u015bci miasta<\/b>. W ka\u017cdym razie, przed oczami uwa\u017cnego s\u0142uchacza Bo\u017cego S\u0142owa rysuje si\u0119 obraz miasta, kt\u00f3re roztacza wok\u00f3\u0142 sw\u00f3j blask i kt\u00f3re zachwyca swoim bogactwem, swoj\u0105 pot\u0119g\u0105. <b>A \u017ar\u00f3d\u0142em wszystkiego jest chwa\u0142a Bo\u017ca. <\/b><\/div>\n<div class=\"MsoNormal\" style=\"text-align: justify; text-indent: 35.4pt;\">Znakiem tej\u017ce chwa\u0142y okaza\u0142o si\u0119 r\u00f3wnie\u017c inne \u015bwiat\u0142o, a mianowicie to, kt\u00f3re ol\u015bni\u0142o oczy <b style=\"mso-bidi-font-weight: normal;\">M\u0119drc\u00f3w ze Wschodu<\/b> \u2013 \u015bwiat\u0142o bij\u0105ce od gwiazdy, wskazuj\u0105cej im drog\u0119 do <b>nowo narodzonego Kr\u00f3la \u017bydowskiego<\/b>. <\/div>\n<div class=\"MsoNormal\" style=\"text-align: justify; text-indent: 35.4pt;\">Na temat tej gwiazdy powiedziano ju\u017c i napisano wiele, bowiem niekt\u00f3rzy \u2013 i to chyba nawet wi\u0119kszo\u015b\u0107 \u2013 uwa\u017ca, \u017ce by\u0142 to <b style=\"mso-bidi-font-weight: normal;\">jaki\u015b znak<\/b> od Boga, jakie\u015b \u015bwiat\u0142o, niekoniecznie w wymiarach zewn\u0119trznych, w wymiarach fizycznych: mog\u0142o to by\u0107 \u015bwiat\u0142o jakiego\u015b <b>natchnienia wewn\u0119trznego<\/b>, \u015bwiat\u0142o rozja\u015bniaj\u0105ce serca M\u0119drc\u00f3w. Jednak nie brakuje i takich, kt\u00f3rzy uwa\u017caj\u0105, i\u017c B\u00f3g da\u0142 wyra\u017any znak <b>tak\u017ce w tych wymiarach fizycznych<\/b>: mog\u0142o to by\u0107 \u015bwiat\u0142o, bij\u0105ce w taki spos\u00f3b, \u017ce by\u0142o dostrzegalne go\u0142ym okiem, a zatem mog\u0142o to by\u0107 <b style=\"mso-bidi-font-weight: normal;\">zjawisko przyrodnicze<\/b>, w jaki\u015b spos\u00f3b nadprzyrodzone, poprzez kt\u00f3re B\u00f3g chcia\u0142 pokaza\u0107 miejsce przebywania swego Syna i do tego miejsca chcia\u0142 doprowadzi\u0107 ludzi. <\/div>\n<div class=\"MsoNormal\" style=\"text-align: justify; text-indent: 35.4pt;\">Tak czy owak, nie wchodz\u0105c w bardzo szczeg\u00f3\u0142owe rozwa\u017cania, mo\u017cemy przyj\u0105\u0107 jako pewnik<b>, i\u017c B\u00f3g da\u0142 znak,<\/b> rozja\u015bni\u0142 serca M\u0119drc\u00f3w do tego stopnia, i\u017c nie mieli oni w\u0105tpliwo\u015bci, dok\u0105d maj\u0105 zmierza\u0107. Co wi\u0119cej, musimy i to zauwa\u017cy\u0107, \u017ce owo Bo\u017ce ol\u015bnienie mia\u0142o miejsce dwa razy. <b>Raz \u2013 to w\u00f3wczas, kiedy nale\u017ca\u0142o doj\u015b\u0107 do Betlejemskiej Groty:<\/b> mo\u017cna by je nazwa\u0107 ol\u015bnieniem wielkim, widocznym go\u0142ym okiem. Ale \u2013 zapewne i to zauwa\u017cyli\u015bmy, chocia\u017c mo\u017ce nie od razu \u2013 <b>by\u0142o ol\u015bnienie drugie, a mianowicie by\u0142a to my\u015bl, aby inn\u0105 drog\u0105 powraca\u0107 do domu<\/b>, aby tym samym szczeg\u00f3\u0142owo nie informowa\u0107 Heroda o miejscu narodzenia si\u0119 Jezusa. B\u00f3g wi\u0119c dzia\u0142a i to dzia\u0142a w spos\u00f3b na tyle widoczny, \u017ce a\u017c od tej Bo\u017cej obecno\u015bci, od Bo\u017cego dzia\u0142ania, bije prawdziwy blask. <\/div>\n<div class=\"MsoNormal\" style=\"text-align: justify; text-indent: 35.4pt;\">Ten blask zachwyca wielkiego Piewc\u0119 chwa\u0142y Bo\u017cej Starego Testamentu, a wi\u0119c Proroka Izajasza, ten blask zachwyca i poci\u0105ga wielkich Piewc\u00f3w chwa\u0142y nowo narodzonego Jezusa, a wi\u0119c trzech M\u0119drc\u00f3w, ju\u017c nie m\u00f3wi\u0105c o tym, <b>i\u017c blask ten z pewno\u015bci\u0105 zachwyci\u0142 Maryj\u0119 i J\u00f3zefa.<\/b> Ale \u2013 niestety \u2013 nie wszystkich blask ten zachwyci\u0142 i ol\u015bni\u0142. Niestety, byli i tacy, <b>kt\u00f3rych blask ten o\u015blepi\u0142<\/b>, a do takich z pewno\u015bci\u0105 zalicza si\u0119 kr\u00f3l Herod. <\/div>\n<div class=\"MsoNormal\" style=\"text-align: justify; text-indent: 35.4pt;\">W blasku tego \u015bwiat\u0142a okaza\u0142a si\u0119 bowiem ca\u0142a ma\u0142o\u015b\u0107 Heroda, okaza\u0142a si\u0119 skwapliwie ukrywana przed \u015bwiatem jego <b>ma\u0142ostkowo\u015b\u0107 i pod\u0142o\u015b\u0107,<\/b> w blasku bij\u0105cym od Jezusa nie odnalaz\u0142 on szansy do tego, aby spojrze\u0107 na siebie i wyci\u0105gn\u0105\u0107 wnioski. W blasku bij\u0105cym od Jezusa <b style=\"mso-bidi-font-weight: normal;\">Herod zobaczy\u0142 zagro\u017cenie<\/b>, konkurencj\u0119 dla swojego marnego, zupe\u0142nie bladego blasku, bij\u0105cego z bogactwa jego kr\u00f3lewskiego pa\u0142acu \u2013 <b>blasku tak samo przemijaj\u0105cego, jak i samo bogactwo. <\/b>Dlatego postanowi\u0142 on rozpaczliwie ratowa\u0107 swoj\u0105 sytuacj\u0119 przed jakim\u015b <b style=\"mso-bidi-font-weight: normal;\">wymy\u015blonym przez siebie zagro\u017ceniem<\/b>. Wymy\u015blonym, bo czy\u017c m\u00f3g\u0142 przypuszcza\u0107, \u017ce male\u0144kie dziecko zagrozi mu w jaki\u015b spos\u00f3b? A jednak tak przypuszcza\u0142, skoro nic nie mog\u0105c uczyni\u0107 Jezusowi, <b style=\"mso-bidi-font-weight: normal;\">wymordowa\u0142 wszystkich ch\u0142opc\u00f3w do lat dw\u00f3ch.<\/b> Tak wi\u0119c okaza\u0142o si\u0119 dowodnie, z jednej strony, jak bardzo blask ten rozja\u015bnia wszystkie ciemne sprawki Heroda, ale z drugiej strony \u2013 jak bardzo go o\u015blepia, <b>jak nie mo\u017ce on znie\u015b\u0107 tego blasku<\/b>. <\/div>\n<div class=\"MsoNormal\" style=\"text-align: justify; text-indent: 35.4pt;\">My dzisiaj, zas\u0142uchani w Bo\u017ce S\u0142owo, a jednocze\u015bnie \u2013 zapatrzeni w blask bij\u0105cy od Jezusa, b\u0119dziemy \u015bwi\u0119cili kred\u0119 i kadzid\u0142o. Kred\u0105 napiszemy na naszych drzwiach symbole trzech kr\u00f3l\u00f3w, aby w ten spos\u00f3b zaznaczy\u0107, <b>i\u017c w tym domu mieszkaj\u0105 przyjaciele Chrystusa<\/b>, \u017ce w tym domu panuje jasno\u015b\u0107. I\u017c tak, jak kr\u00f3lowie \u2013 my tak\u017ce chcemy pod\u0105\u017ca\u0107 za Jego blaskiem, <b style=\"mso-bidi-font-weight: normal;\">chcemy si\u0119 da\u0107 poprowadzi\u0107 \u015bwiat\u0142u<\/b>. W ten spos\u00f3b to \u015bwiat\u0142o zaja\u015bnieje w naszych domach, zaja\u015bnieje w naszych sercach. <\/div>\n<div class=\"MsoNormal\" style=\"text-align: justify; text-indent: 35.4pt;\">Oto bowiem, Kochani, nie m\u00f3wimy w tym momencie <b>o \u015bwietle bij\u0105cym z naszych bogactw doczesnych<\/b>. Ja sam si\u0119 bowiem przekona\u0142em, chodz\u0105c po kol\u0119dzie w poprzednich Parafiach, \u017ce s\u0105 domy, w kt\u00f3rych od blasku \u015bwiat\u0142a, odbitego od r\u00f3\u017cnych bogatych element\u00f3w wystroju domu \u2013 <b style=\"mso-bidi-font-weight: normal;\">a\u017c razi w oczy!<\/b> I wydawa\u0142oby si\u0119, \u017ce tym ludziom niczego nie potrzeba, \u017ce w tym domu panuje \u015bwiat\u0142o i rado\u015b\u0107, \u017ce s\u0105 szcz\u0119\u015bliwi. W rozmowie jednak okazywa\u0142o si\u0119<b>, i\u017c nie s\u0105 oni szcz\u0119\u015bliwi, \u017ce im ci\u0105gle czego\u015b za ma\u0142o, ci\u0105gle maj\u0105 jakie\u015b pretensje i nie spe\u0142nione ambicje<\/b>. A zatem \u2013 jak to jest z tym blaskiem, skoro w ich sercach panuje taka ciemno\u015b\u0107? <\/div>\n<div class=\"MsoNormal\" style=\"text-align: justify; text-indent: 35.4pt;\">I by\u0142em w domach, gdzie przys\u0142owiowa \u201ebieda a\u017c piszczy\u201d, ale z rozmowy z tymi lud\u017ami dowiadywa\u0142em si\u0119, <b>\u017ce s\u0105 oni naprawd\u0119 szcz\u0119\u015bliwi<\/b>, \u017ce w ich sercach panuje prawdziwa jasno\u015b\u0107 pomimo, i\u017c w domu, na pierwszy rzut oka, wcale sytuacja nie przedstawia si\u0119 \u201er\u00f3\u017cowo\u201d i nie bardzo, a przynajmniej \u2013 nie od razu \u2013 nastraja do optymizmu. <\/div>\n<div class=\"MsoNormal\" style=\"text-align: justify; text-indent: 35.4pt;\">Zatem \u2013 wa\u017cniejszym i to o wiele \u2013 wydaje si\u0119 by\u015b owo \u015bwiat\u0142o wewn\u0119trzne, <b>\u015bwiat\u0142o rozja\u015bniaj\u0105ce nasze serca.<\/b> Je\u017celi bowiem nasze serca pe\u0142ne b\u0119d\u0105 tego \u015bwiat\u0142a, to z pewno\u015bci\u0105 \u0142atwo b\u0119dzie ono dostrzegalne r\u00f3wnie\u017c i na zewn\u0105trz. Ale je\u017celi jest to tylko \u015bwiat\u0142o zewn\u0119trzne, \u015bwiat\u0142o bij\u0105ce <b>z doczesnych bogactw i tylko ludzkich, p\u0142ytkich, chwilowych rado\u015bci<\/b>, to takie \u015bwiat\u0142o nie jest w stanie o\u015bwieci\u0107 serca, rozpali\u0107 wn\u0119trza.<\/div>\n<div class=\"MsoNormal\" style=\"text-align: justify; text-indent: 35.4pt;\">Bo takie zewn\u0119trzne ma\u0142e \u015bwiate\u0142ko, to jak \u015bwiate\u0142ko odblaskowe na naszych rowerach \u2013 ono daje jaki\u015b ma\u0142y blask, ale nie jest w stanie zapewni\u0107 trwa\u0142ego, mocnego \u015bwiat\u0142a. <b>A my dzisiaj m\u00f3wimy w\u0142a\u015bnie o takim trwa\u0142ym, mocnym \u015bwietle dla naszych serc<\/b>. Je\u017celi rozpalimy serca takim \u015bwiat\u0142em, to jego blask rozja\u015bni nasze domy, a z pewno\u015bci\u0105 b\u0119dzie si\u0119 on rozchodzi\u0142 r\u00f3wnie\u017c po okolicy. Ludzie bowiem dobrze dooko\u0142a wiedz\u0105, <b style=\"mso-bidi-font-weight: normal;\">kto mieszka w danym domu, jaka tam panuje atmosfera<\/b>. I czy mo\u017cna do takiego domu wej\u015b\u0107 bez obawy, wiedz\u0105c, \u017ce b\u0119dzie si\u0119 powitanym dobrym s\u0142owem, szczerym u\u015bmiechem, \u017ce b\u0119dzie si\u0119 chcia\u0142o w tym domu poby\u0107 kilka minut \u2013 <b style=\"mso-bidi-font-weight: normal;\">chocia\u017c<\/b> kilka minut, aby zaczerpn\u0105\u0107 tej dobrej atmosfery? <\/div>\n<div class=\"MsoNormal\" style=\"text-align: justify; text-indent: 35.4pt;\">Ale wiedz\u0105 te\u017c o takich domach, gdzie panuje <b style=\"mso-bidi-font-weight: normal;\">atmosfera z\u0142a, atmosfera k\u0142\u00f3tni, pogoni za zyskiem, zazdro\u015bci, zawi\u015bci<\/b>. Taki dom lepiej omija\u0107 z daleka, bo wchodz\u0105c tam mo\u017cna ju\u017c na wst\u0119pie us\u0142ysze\u0107 ma\u0142o zach\u0119caj\u0105ce s\u0142owo, albo w trakcie rozmowy przekona\u0107 si\u0119, \u017ce si\u0119 jest niechcianym go\u015bciem. <\/div>\n<div class=\"MsoNormal\" style=\"text-align: justify; text-indent: 35.4pt;\">A wszystko to wyp\u0142ywa <b style=\"mso-bidi-font-weight: normal;\">wprost z serc<\/b> mieszka\u0144c\u00f3w jednego i drugiego domu. Bo to nie mury stanowi\u0105 o atmosferze domu. To nie mury, i nie najlepsze centralne ogrzewanie zapewni dobr\u0105 atmosfer\u0119 w domu. <b style=\"mso-bidi-font-weight: normal;\">To serca ludzi w nim mieszkaj\u0105cych ogrzewaj\u0105 b\u0105d\u017a skutecznie och\u0142adzaj\u0105 dany dom<\/b>. I mo\u017ce si\u0119 zdarzy\u0107, \u017ce po wyprowadzeniu si\u0119 jednych, a po wprowadzeniu drugich, <b style=\"mso-bidi-font-weight: normal;\">na ten sam dom patrzymy inaczej<\/b>, z czym innym si\u0119 nam on kojarzy, inne odczucia wywo\u0142uje. Kiedy bowiem wcze\u015bniej wywo\u0142ywa\u0142 skojarzenia dobre, <b style=\"mso-bidi-font-weight: normal;\">teraz napawa niech\u0119ci\u0105 i strachem. I odwrotnie!<\/b><\/div>\n<div class=\"MsoNormal\" style=\"text-align: justify; text-indent: 35.4pt;\">Kochani, gdyby nam si\u0119 uda\u0142o w my\u015blach <b style=\"mso-bidi-font-weight: normal;\">przenie\u015b\u0107 na sekund\u0119 przed nasze domy, stan\u0105\u0107 przed nimi, popatrze\u0107 na nie i pomy\u015ble\u0107 \u2013 jaka atmosfera panuje w naszych domach?<\/b> Co mo\u017ce my\u015ble\u0107 cz\u0142owiek, kt\u00f3ry podchodzi do drzwi naszego domu i chce do nich zapuka\u0107? Spr\u00f3bujmy si\u0119 wczu\u0107 w prze\u017cycia takiego cz\u0142owieka \u2013 <b style=\"mso-bidi-font-weight: normal;\">co on w tej chwili my\u015bli?<\/b> Z jakim nastawieniem podchodzi do naszego domu? Czego si\u0119 tam mo\u017ce spodziewa\u0107? Dobrego serdecznego powitania? A mo\u017ce podchodzi z obaw\u0105? <\/div>\n<div class=\"MsoNormal\" style=\"text-align: justify; text-indent: 35.4pt;\">M\u00f3wi\u0105c kr\u00f3tko \u2013 czy nasz dom o\u015bwietla <b style=\"mso-bidi-font-weight: normal;\">taki sam blask, jaki o\u015bwieca\u0142 Betlejemsk\u0105 Grot\u0119;<\/b> blask, kt\u00f3ry wskazywa\u0142 drog\u0119, kt\u00f3ry zaprasza\u0142 do wej\u015bcia, kt\u00f3ry zapewnia\u0142 serdeczne i dobre przyj\u0119cie? A mo\u017ce nad naszym domem rozlega si\u0119 taka <b style=\"mso-bidi-font-weight: normal;\">niewidzialna czarna \u0142una, kt\u00f3ra ka\u017ce ten nasz dom omija\u0107 z daleka?<\/b> Czy blask naszych serc jest na tyle silny, aby zach\u0119ca\u0142 ludzi do wej\u015bcia, do rozmowy? <\/div>\n<div class=\"MsoNormal\" style=\"text-align: justify; text-indent: 35.4pt;\">Zobaczmy, blask Betlejemskiej Groty przyprowadzi\u0142 do Jezusa \u2013 w osobach trzech M\u0119drc\u00f3w \u2013 przedstawicieli narod\u00f3w poga\u0144skich. \u015awi\u0119ty Pawe\u0142 <b style=\"mso-bidi-font-weight: normal;\">w drugim czytaniu z Listu do Efezjan<\/b> tak\u017ce z rado\u015bci\u0105 m\u00f3wi, \u017ce poganie s\u0105 uczestnikami zbawienia, \u017ce mog\u0105 go dost\u0105pi\u0107, \u017ce maj\u0105 t\u0119 szans\u0119. Ale m\u00f3g\u0142 to powiedzie\u0107 z ca\u0142\u0105 pewno\u015bci\u0105, m\u00f3g\u0142 to powiedzie\u0107 bez obaw, bo wiedzia\u0142, \u017ce <b style=\"mso-bidi-font-weight: normal;\">wyznawcy Chrystusa swoj\u0105 postaw\u0105 poci\u0105gn\u0105 w\u0142a\u015bnie do Chrystusa tych, kt\u00f3rzy go jeszcze nie znaj\u0105.<\/b> Czy blask bij\u0105cy z naszych serc jest w stanie poci\u0105gn\u0105\u0107 do Chrystusa tych, kt\u00f3rzy Go nie znaj\u0105? <b style=\"mso-bidi-font-weight: normal;\">Czy inni wchodz\u0105c do naszego domu wchodz\u0105 do przedsionka nieba, czy do przedsionka piek\u0142a?<\/b> Czy my\u015bl o atmosferze w naszej rodzinie kieruje uwag\u0119 innych na Chrystusa, w kt\u00f3rego przecie\u017c wszyscy wierzymy, czy te\u017c od Niego oddala, <b style=\"mso-bidi-font-weight: normal;\">bo je\u017celi wierz\u0105cy w Niego tak a tak \u017cyj\u0105, to nie warto w Niego wierzy\u0107?\u2026<\/b><\/div>\n<div class=\"MsoNormal\" style=\"text-align: justify; text-indent: 35.4pt;\">Dlatego dzisiaj, Kochani, zaznaczaj\u0105c na drzwiach naszych dom\u00f3w <b style=\"mso-bidi-font-weight: normal;\">symbole trzech M\u0119drc\u00f3w<\/b>, uczy\u0144my bardziej jeszcze wyra\u017any znak w naszych sercach, aby ja\u015bnia\u0142y one Bo\u017cym blaskiem i aby nape\u0142nia\u0142y nasze domy. Aby w tym blasku wszyscy przychodz\u0105cy do naszego domu <b style=\"mso-bidi-font-weight: normal;\">czuli si\u0119 otoczeni \u015bwiat\u0142em i ciep\u0142em.<\/b> A je\u017celi ten blask Bo\u017cego \u015bwiat\u0142a, ta dobra atmosfera panuj\u0105ca w naszym domu b\u0119dzie dla kogo\u015b przychodz\u0105cego okazj\u0105 do wyci\u0105gni\u0119cia wniosk\u00f3w, okazj\u0105 do podj\u0119cia <b style=\"mso-bidi-font-weight: normal;\">konkretnego rachunku sumienia<\/b>, je\u017celi nawet spowoduje jakie\u015b wyrzuty, tak jak w przypadku Heroda, <b style=\"mso-bidi-font-weight: normal;\">to r\u00f3wnie\u017c bardzo dobrze!<\/b> <\/div>\n<div class=\"MsoNormal\" style=\"text-align: justify; text-indent: 35.4pt;\">Bo \u015bwiat\u0142o Chrystusa, rozja\u015bniaj\u0105ce nasze serca ma by\u0107 zach\u0119t\u0105, <b style=\"mso-bidi-font-weight: normal;\">ale jednocze\u015bnie wyrzutem \u2013 je\u015bli jest taka potrzeba.<\/b> Nie b\u00f3jmy si\u0119 tego odwa\u017cnego \u015bwiadectwa, nie wstyd\u017amy si\u0119 przed innymi <b style=\"mso-bidi-font-weight: normal;\">religijnej i Bo\u017cej atmosfery w naszym domu:<\/b> wsp\u00f3lnej modlitwy, znaku krzy\u017ca przed wsp\u00f3lnym posi\u0142kiem, imprezy imieninowej bez pija\u0144stwa, krzy\u017ca wisz\u0105cego na widocznym miejscu, o\u0142tarzyka ustawionego w pokoju, czy tego, \u017ce s\u0142uchamy Radia Maryja. Nie wstyd\u017amy si\u0119 tego, bo to stanowi o \u015bwietle, panuj\u0105cym w naszych sercach. Blask tego \u015bwiat\u0142a ma poci\u0105ga\u0107 innych do Chrystusa. <\/div>\n<div class=\"MsoNormal\" style=\"text-align: justify; text-indent: 35.4pt;\">Niech zatem <b>spe\u0142ni\u0105 si\u0119 s\u0142owa<\/b>, zapisane przez Izajasza w dzisiejszym pierwszym czytaniu, kt\u00f3re s\u0142yszeli\u015bmy, a kt\u00f3re przecie\u017c odnosz\u0105 si\u0119 do ka\u017cdego z nas. A skoro odnosz\u0105 si\u0119 do nas, to zachciejmy je tak odnie\u015b\u0107, aby zach\u0119ta wypowiedziana przez Izajasza, skierowana do \u015bwi\u0119tego miasta Jeruzalem, mog\u0142a dotyczy\u0107 w\u0142a\u015bnie nas: <b><i>\u201ePowsta\u0144, \u015bwie\u0107, Jeruzalem, (powsta\u0144, \u015bwie\u0107, o chrze\u015bcijaninie), bo przysz\u0142o twe \u015bwiat\u0142o i chwa\u0142a Pana rozb\u0142yska nad Tob\u0105\u201d.<\/i><\/b><\/div>\n","protected":false},"excerpt":{"rendered":"<p>Niech b\u0119dzie pochwalony Jezus Chrystus! \u017bycz\u0119 wszystkim Wam, Kochani, na ca\u0142y dzie\u0144 dzisiejszy i na ca\u0142e \u017cycie &#8211; wielkiego blasku tego \u015bwiat\u0142a, jakie niesie ze sob\u0105 Jezus! Na g\u0142\u0119bokie i religijne prze\u017cywanie dzisiejszej Uroczysto\u015bci przesy\u0142am kap\u0142a\u0144skie b\u0142ogos\u0142awie\u0144stwo: Niech Was b\u0142ogos\u0142awi B\u00f3g Wszechmog\u0105cy: Ojciec + i Syn, i Duch \u015awi\u0119ty. Amen &nbsp;&nbsp;&nbsp;&nbsp;&nbsp;&nbsp;&nbsp;&nbsp;&nbsp;&nbsp;&nbsp;&nbsp;&nbsp;&nbsp; Gaudium et spes!&nbsp; Ks. [&hellip;]<\/p>\n","protected":false},"author":1,"featured_media":0,"comment_status":"open","ping_status":"open","sticky":false,"template":"","format":"standard","meta":{"jetpack_post_was_ever_published":false,"_jetpack_newsletter_access":"","_jetpack_dont_email_post_to_subs":false,"_jetpack_newsletter_tier_id":0,"_jetpack_memberships_contains_paywalled_content":false,"_jetpack_memberships_contains_paid_content":false,"footnotes":""},"categories":[1],"tags":[],"class_list":["post-9619","post","type-post","status-publish","format-standard","hentry","category-bez-kategorii"],"yoast_head":"<!-- This site is optimized with the Yoast SEO plugin v25.1 - https:\/\/yoast.com\/wordpress\/plugins\/seo\/ -->\n<title>O blasku - i o ciemno\u015bciach... - Gaudium Et Spes<\/title>\n<meta name=\"robots\" content=\"index, follow, max-snippet:-1, max-image-preview:large, max-video-preview:-1\" \/>\n<link rel=\"canonical\" href=\"https:\/\/gaudiumetspes-blog.pl\/index.php\/2012\/01\/06\/o-blasku-i-o-ciemnosciac\/\" \/>\n<meta property=\"og:locale\" content=\"pl_PL\" \/>\n<meta property=\"og:type\" content=\"article\" \/>\n<meta property=\"og:title\" content=\"O blasku - i o ciemno\u015bciach... - Gaudium Et Spes\" \/>\n<meta property=\"og:description\" content=\"Niech b\u0119dzie pochwalony Jezus Chrystus! \u017bycz\u0119 wszystkim Wam, Kochani, na ca\u0142y dzie\u0144 dzisiejszy i na ca\u0142e \u017cycie &#8211; wielkiego blasku tego \u015bwiat\u0142a, jakie niesie ze sob\u0105 Jezus! Na g\u0142\u0119bokie i religijne prze\u017cywanie dzisiejszej Uroczysto\u015bci przesy\u0142am kap\u0142a\u0144skie b\u0142ogos\u0142awie\u0144stwo: Niech Was b\u0142ogos\u0142awi B\u00f3g Wszechmog\u0105cy: Ojciec + i Syn, i Duch \u015awi\u0119ty. Amen &nbsp;&nbsp;&nbsp;&nbsp;&nbsp;&nbsp;&nbsp;&nbsp;&nbsp;&nbsp;&nbsp;&nbsp;&nbsp;&nbsp; Gaudium et spes!&nbsp; Ks. [&hellip;]\" \/>\n<meta property=\"og:url\" content=\"https:\/\/gaudiumetspes-blog.pl\/index.php\/2012\/01\/06\/o-blasku-i-o-ciemnosciac\/\" \/>\n<meta property=\"og:site_name\" content=\"Gaudium Et Spes\" \/>\n<meta property=\"article:published_time\" content=\"2012-01-06T06:51:00+00:00\" \/>\n<meta property=\"article:modified_time\" content=\"2019-07-31T10:52:55+00:00\" \/>\n<meta name=\"author\" content=\"Ks. Jacek\" \/>\n<meta name=\"twitter:card\" content=\"summary_large_image\" \/>\n<meta name=\"twitter:label1\" content=\"Napisane przez\" \/>\n\t<meta name=\"twitter:data1\" content=\"Ks. Jacek\" \/>\n\t<meta name=\"twitter:label2\" content=\"Szacowany czas czytania\" \/>\n\t<meta name=\"twitter:data2\" content=\"12 minut\" \/>\n<script type=\"application\/ld+json\" class=\"yoast-schema-graph\">{\"@context\":\"https:\/\/schema.org\",\"@graph\":[{\"@type\":\"WebPage\",\"@id\":\"https:\/\/gaudiumetspes-blog.pl\/index.php\/2012\/01\/06\/o-blasku-i-o-ciemnosciac\/\",\"url\":\"https:\/\/gaudiumetspes-blog.pl\/index.php\/2012\/01\/06\/o-blasku-i-o-ciemnosciac\/\",\"name\":\"O blasku - i o ciemno\u015bciach... - Gaudium Et Spes\",\"isPartOf\":{\"@id\":\"https:\/\/gaudiumetspes-blog.pl\/#website\"},\"datePublished\":\"2012-01-06T06:51:00+00:00\",\"dateModified\":\"2019-07-31T10:52:55+00:00\",\"author\":{\"@id\":\"https:\/\/gaudiumetspes-blog.pl\/#\/schema\/person\/1661982992b752dea8dff0d4ed845a65\"},\"breadcrumb\":{\"@id\":\"https:\/\/gaudiumetspes-blog.pl\/index.php\/2012\/01\/06\/o-blasku-i-o-ciemnosciac\/#breadcrumb\"},\"inLanguage\":\"pl-PL\",\"potentialAction\":[{\"@type\":\"ReadAction\",\"target\":[\"https:\/\/gaudiumetspes-blog.pl\/index.php\/2012\/01\/06\/o-blasku-i-o-ciemnosciac\/\"]}]},{\"@type\":\"BreadcrumbList\",\"@id\":\"https:\/\/gaudiumetspes-blog.pl\/index.php\/2012\/01\/06\/o-blasku-i-o-ciemnosciac\/#breadcrumb\",\"itemListElement\":[{\"@type\":\"ListItem\",\"position\":1,\"name\":\"Strona g\u0142\u00f3wna\",\"item\":\"https:\/\/gaudiumetspes-blog.pl\/\"},{\"@type\":\"ListItem\",\"position\":2,\"name\":\"O&nbsp;blasku &#8211; i&nbsp;o&nbsp;ciemno\u015bciach&#8230;\"}]},{\"@type\":\"WebSite\",\"@id\":\"https:\/\/gaudiumetspes-blog.pl\/#website\",\"url\":\"https:\/\/gaudiumetspes-blog.pl\/\",\"name\":\"Gaudium Et Spes\",\"description\":\"Blog Ks. Jacka Ja\u015bkowskiego\",\"potentialAction\":[{\"@type\":\"SearchAction\",\"target\":{\"@type\":\"EntryPoint\",\"urlTemplate\":\"https:\/\/gaudiumetspes-blog.pl\/?s={search_term_string}\"},\"query-input\":{\"@type\":\"PropertyValueSpecification\",\"valueRequired\":true,\"valueName\":\"search_term_string\"}}],\"inLanguage\":\"pl-PL\"},{\"@type\":\"Person\",\"@id\":\"https:\/\/gaudiumetspes-blog.pl\/#\/schema\/person\/1661982992b752dea8dff0d4ed845a65\",\"name\":\"Ks. Jacek\",\"image\":{\"@type\":\"ImageObject\",\"inLanguage\":\"pl-PL\",\"@id\":\"https:\/\/gaudiumetspes-blog.pl\/#\/schema\/person\/image\/\",\"url\":\"https:\/\/gaudiumetspes-blog.pl\/wp-content\/uploads\/2019\/07\/avatar-JJ-150x150.jpg\",\"contentUrl\":\"https:\/\/gaudiumetspes-blog.pl\/wp-content\/uploads\/2019\/07\/avatar-JJ-150x150.jpg\",\"caption\":\"Ks. Jacek\"},\"description\":\"Witam serdecznie! K\u0142ania si\u0119 Ks. Jacek Ja\u015bkowski. Nie jestem ani kim\u015b wa\u017cnym, ani kim\u015b znanym. Jestem ksi\u0119dzem, kt\u00f3ry po prostu chce rozmawia\u0107. Codzienna kap\u0142a\u0144ska pos\u0142uga pokazuje mi, \u017ce temat\u00f3w do rozm\u00f3w z ksi\u0119dzem jest coraz wi\u0119cej i dzisiaj \u017caden ksi\u0105dz nie mo\u017ce od nich ucieka\u0107, ale - wprost przeciwnie - podejmowa\u0107 nowe wyzwania. To przekonanie sk\u0142oni\u0142o mnie do pr\u00f3by otwarcia tego\u017c bloga, chocia\u017c okazji do rozm\u00f3w na co dzie\u0144 - w konfesjonale i poza nim - na szcz\u0119\u015bcie nie brakuje. My\u015bl\u0119 jednak, \u017ce ten blog b\u0119dzie jeszcze jednym sposobem i przestrzeni\u0105 nawi\u0105zania kontaktu z lud\u017ami dobrej woli, otwartymi na dialog.\",\"url\":\"https:\/\/gaudiumetspes-blog.pl\/index.php\/author\/ks-jacek\/\"}]}<\/script>\n<!-- \/ Yoast SEO plugin. -->","yoast_head_json":{"title":"O blasku - i o ciemno\u015bciach... - Gaudium Et Spes","robots":{"index":"index","follow":"follow","max-snippet":"max-snippet:-1","max-image-preview":"max-image-preview:large","max-video-preview":"max-video-preview:-1"},"canonical":"https:\/\/gaudiumetspes-blog.pl\/index.php\/2012\/01\/06\/o-blasku-i-o-ciemnosciac\/","og_locale":"pl_PL","og_type":"article","og_title":"O blasku - i o ciemno\u015bciach... - Gaudium Et Spes","og_description":"Niech b\u0119dzie pochwalony Jezus Chrystus! \u017bycz\u0119 wszystkim Wam, Kochani, na ca\u0142y dzie\u0144 dzisiejszy i na ca\u0142e \u017cycie &#8211; wielkiego blasku tego \u015bwiat\u0142a, jakie niesie ze sob\u0105 Jezus! Na g\u0142\u0119bokie i religijne prze\u017cywanie dzisiejszej Uroczysto\u015bci przesy\u0142am kap\u0142a\u0144skie b\u0142ogos\u0142awie\u0144stwo: Niech Was b\u0142ogos\u0142awi B\u00f3g Wszechmog\u0105cy: Ojciec + i Syn, i Duch \u015awi\u0119ty. Amen &nbsp;&nbsp;&nbsp;&nbsp;&nbsp;&nbsp;&nbsp;&nbsp;&nbsp;&nbsp;&nbsp;&nbsp;&nbsp;&nbsp; Gaudium et spes!&nbsp; Ks. [&hellip;]","og_url":"https:\/\/gaudiumetspes-blog.pl\/index.php\/2012\/01\/06\/o-blasku-i-o-ciemnosciac\/","og_site_name":"Gaudium Et Spes","article_published_time":"2012-01-06T06:51:00+00:00","article_modified_time":"2019-07-31T10:52:55+00:00","author":"Ks. Jacek","twitter_card":"summary_large_image","twitter_misc":{"Napisane przez":"Ks. Jacek","Szacowany czas czytania":"12 minut"},"schema":{"@context":"https:\/\/schema.org","@graph":[{"@type":"WebPage","@id":"https:\/\/gaudiumetspes-blog.pl\/index.php\/2012\/01\/06\/o-blasku-i-o-ciemnosciac\/","url":"https:\/\/gaudiumetspes-blog.pl\/index.php\/2012\/01\/06\/o-blasku-i-o-ciemnosciac\/","name":"O blasku - i o ciemno\u015bciach... - Gaudium Et Spes","isPartOf":{"@id":"https:\/\/gaudiumetspes-blog.pl\/#website"},"datePublished":"2012-01-06T06:51:00+00:00","dateModified":"2019-07-31T10:52:55+00:00","author":{"@id":"https:\/\/gaudiumetspes-blog.pl\/#\/schema\/person\/1661982992b752dea8dff0d4ed845a65"},"breadcrumb":{"@id":"https:\/\/gaudiumetspes-blog.pl\/index.php\/2012\/01\/06\/o-blasku-i-o-ciemnosciac\/#breadcrumb"},"inLanguage":"pl-PL","potentialAction":[{"@type":"ReadAction","target":["https:\/\/gaudiumetspes-blog.pl\/index.php\/2012\/01\/06\/o-blasku-i-o-ciemnosciac\/"]}]},{"@type":"BreadcrumbList","@id":"https:\/\/gaudiumetspes-blog.pl\/index.php\/2012\/01\/06\/o-blasku-i-o-ciemnosciac\/#breadcrumb","itemListElement":[{"@type":"ListItem","position":1,"name":"Strona g\u0142\u00f3wna","item":"https:\/\/gaudiumetspes-blog.pl\/"},{"@type":"ListItem","position":2,"name":"O&nbsp;blasku &#8211; i&nbsp;o&nbsp;ciemno\u015bciach&#8230;"}]},{"@type":"WebSite","@id":"https:\/\/gaudiumetspes-blog.pl\/#website","url":"https:\/\/gaudiumetspes-blog.pl\/","name":"Gaudium Et Spes","description":"Blog Ks. Jacka Ja\u015bkowskiego","potentialAction":[{"@type":"SearchAction","target":{"@type":"EntryPoint","urlTemplate":"https:\/\/gaudiumetspes-blog.pl\/?s={search_term_string}"},"query-input":{"@type":"PropertyValueSpecification","valueRequired":true,"valueName":"search_term_string"}}],"inLanguage":"pl-PL"},{"@type":"Person","@id":"https:\/\/gaudiumetspes-blog.pl\/#\/schema\/person\/1661982992b752dea8dff0d4ed845a65","name":"Ks. Jacek","image":{"@type":"ImageObject","inLanguage":"pl-PL","@id":"https:\/\/gaudiumetspes-blog.pl\/#\/schema\/person\/image\/","url":"https:\/\/gaudiumetspes-blog.pl\/wp-content\/uploads\/2019\/07\/avatar-JJ-150x150.jpg","contentUrl":"https:\/\/gaudiumetspes-blog.pl\/wp-content\/uploads\/2019\/07\/avatar-JJ-150x150.jpg","caption":"Ks. Jacek"},"description":"Witam serdecznie! K\u0142ania si\u0119 Ks. Jacek Ja\u015bkowski. Nie jestem ani kim\u015b wa\u017cnym, ani kim\u015b znanym. Jestem ksi\u0119dzem, kt\u00f3ry po prostu chce rozmawia\u0107. Codzienna kap\u0142a\u0144ska pos\u0142uga pokazuje mi, \u017ce temat\u00f3w do rozm\u00f3w z ksi\u0119dzem jest coraz wi\u0119cej i dzisiaj \u017caden ksi\u0105dz nie mo\u017ce od nich ucieka\u0107, ale - wprost przeciwnie - podejmowa\u0107 nowe wyzwania. To przekonanie sk\u0142oni\u0142o mnie do pr\u00f3by otwarcia tego\u017c bloga, chocia\u017c okazji do rozm\u00f3w na co dzie\u0144 - w konfesjonale i poza nim - na szcz\u0119\u015bcie nie brakuje. My\u015bl\u0119 jednak, \u017ce ten blog b\u0119dzie jeszcze jednym sposobem i przestrzeni\u0105 nawi\u0105zania kontaktu z lud\u017ami dobrej woli, otwartymi na dialog.","url":"https:\/\/gaudiumetspes-blog.pl\/index.php\/author\/ks-jacek\/"}]}},"jetpack_featured_media_url":"","jetpack_sharing_enabled":true,"_links":{"self":[{"href":"https:\/\/gaudiumetspes-blog.pl\/index.php\/wp-json\/wp\/v2\/posts\/9619","targetHints":{"allow":["GET"]}}],"collection":[{"href":"https:\/\/gaudiumetspes-blog.pl\/index.php\/wp-json\/wp\/v2\/posts"}],"about":[{"href":"https:\/\/gaudiumetspes-blog.pl\/index.php\/wp-json\/wp\/v2\/types\/post"}],"author":[{"embeddable":true,"href":"https:\/\/gaudiumetspes-blog.pl\/index.php\/wp-json\/wp\/v2\/users\/1"}],"replies":[{"embeddable":true,"href":"https:\/\/gaudiumetspes-blog.pl\/index.php\/wp-json\/wp\/v2\/comments?post=9619"}],"version-history":[{"count":1,"href":"https:\/\/gaudiumetspes-blog.pl\/index.php\/wp-json\/wp\/v2\/posts\/9619\/revisions"}],"predecessor-version":[{"id":10464,"href":"https:\/\/gaudiumetspes-blog.pl\/index.php\/wp-json\/wp\/v2\/posts\/9619\/revisions\/10464"}],"wp:attachment":[{"href":"https:\/\/gaudiumetspes-blog.pl\/index.php\/wp-json\/wp\/v2\/media?parent=9619"}],"wp:term":[{"taxonomy":"category","embeddable":true,"href":"https:\/\/gaudiumetspes-blog.pl\/index.php\/wp-json\/wp\/v2\/categories?post=9619"},{"taxonomy":"post_tag","embeddable":true,"href":"https:\/\/gaudiumetspes-blog.pl\/index.php\/wp-json\/wp\/v2\/tags?post=9619"}],"curies":[{"name":"wp","href":"https:\/\/api.w.org\/{rel}","templated":true}]}}