{"id":9620,"date":"2012-01-05T05:52:00","date_gmt":"2012-01-05T04:52:00","guid":{"rendered":"https:\/\/gaudiumetspes-blog.pl\/index.php\/2012\/01\/05\/nie-miujmy-sowem-i-jezykie\/"},"modified":"2019-07-31T12:52:55","modified_gmt":"2019-07-31T10:52:55","slug":"nie-miujmy-sowem-i-jezykie","status":"publish","type":"post","link":"https:\/\/gaudiumetspes-blog.pl\/index.php\/2012\/01\/05\/nie-miujmy-sowem-i-jezykie\/","title":{"rendered":"Nie mi\u0142ujmy s\u0142owem i j\u0119zykiem&#8230;"},"content":{"rendered":"<p><\/p>\n<div class=\"MsoNormal\" style=\"text-align: justify;\">Szcz\u0119\u015b\u0107 Bo\u017ce! Ale\u017c mocna dyskusja pod wczorajszym rozwa\u017caniem! Przeczyta\u0142em wszystkie wpisy, troch\u0119 z nimi &#8222;pochodz\u0119&#8221; i po po\u0142udniu w\u0142\u0105cz\u0119 si\u0119 do tej dyskusji, Teraz troch\u0119 czas mnie goni, wi\u0119c w\u0142\u0105czam s\u0142\u00f3wko na dzisiaj i biegn\u0119. Prosz\u0119 tylko o jedno &#8211; na co zreszt\u0105 niekt\u00f3rzy zwracali uwag\u0119 &#8211; aby\u015bmy patrzyli na ka\u017cde zdanie Pisma \u015awi\u0119tego w kontek\u015bcie ca\u0142o\u015bci, nigdy &#8211; w oderwaniu od niej&#8230; W tym kontek\u015bcie b\u0119d\u0119 troch\u0119 broni\u0142 Jana przed stwierdzeniami o jego surowo\u015bci&#8230; Dobrego dnia!<\/div>\n<div class=\"MsoNormal\" style=\"text-align: justify;\">&nbsp;&nbsp;&nbsp;&nbsp;&nbsp;&nbsp;&nbsp;&nbsp;&nbsp;&nbsp;&nbsp; Gaudium et spes!&nbsp; Ks. Jacek<b><br \/>\n<\/b><\/div>\n<div class=\"MsoNormal\" style=\"text-align: justify;\">\n<\/div>\n<div class=\"MsoNormal\" style=\"text-align: justify;\"><b>5 stycznia 2012., <\/b><\/div>\n<div class=\"MsoNormal\" style=\"text-align: justify;\"><b style=\"mso-bidi-font-weight: normal;\">do czyta\u0144: &nbsp;1 J 3,11\u201321;&nbsp; J 1,43\u201351<\/b><\/div>\n<div class=\"MsoNormal\" style=\"text-align: justify;\">\n<\/div>\n<div class=\"MsoNormal\" style=\"text-align: justify; text-indent: 35.4pt;\">Kapitalne zdanie, wypowiedziane dzisiaj przez Jana Aposto\u0142a, zawiera w sobie streszczenie tego wszystkiego, co m\u00f3wi on do nas w tych dniach. A oto wspomniane zdanie: <b style=\"mso-bidi-font-weight: normal;\"><i style=\"mso-bidi-font-style: normal;\">Dzieci, nie mi\u0142ujmy s\u0142owem i j\u0119zykiem, ale czynem i prawd\u0105.<\/i><\/b> Tak, dok\u0142adnie o to chodzi w ca\u0142ym nauczaniu Aposto\u0142a, zawartym w jego Pierwszym Li\u015bcie. <\/div>\n<div class=\"MsoNormal\" style=\"text-align: justify; text-indent: 35.4pt;\">Tak\u017ce dzisiaj w czytaniu us\u0142yszeli\u015bmy rozr\u00f3\u017cnienie <b style=\"mso-bidi-font-weight: normal;\">na tych, kt\u00f3rzy post\u0119puj\u0105 w\u0142a\u015bciwie <\/b>i na tych, kt\u00f3rzy post\u0119puj\u0105 niew\u0142a\u015bciwie; <b style=\"mso-bidi-font-weight: normal;\">na tych, kt\u00f3rzy \u017cyj\u0105 i czyni\u0105 dobrze<\/b> \u2013 oraz na tych, kt\u00f3rzy czyni\u0105 \u017ale. Czynienie dobra polega na okazywaniu mi\u0142o\u015bci ludziom, bo kto tej mi\u0142o\u015bci nie okazuje, trwa w \u015bmierci. A nawet jeszcze mocniej stwierdza Aposto\u0142 w kolejnych wersach: <b style=\"mso-bidi-font-weight: normal;\"><i style=\"mso-bidi-font-style: normal;\">Ka\u017cdy, kto nienawidzi swego brata, jest zab\u00f3jc\u0105, a wiecie, \u017ce \u017caden zab\u00f3jca nie nosi w sobie \u017cycia wiecznego.<\/i><\/b> <\/div>\n<div class=\"MsoNormal\" style=\"text-align: justify; text-indent: 35.4pt;\">Kochani, chyba nas te s\u0142owa a\u017c tak bardzo nie szokuj\u0105, bo i Jezus dok\u0142adnie tak sprawy stawia\u0142: <b style=\"mso-bidi-font-weight: normal;\">kto nienawidzi \u2013 ten nosi w sobie odpowiedzialno\u015b\u0107 wr\u0119cz za \u017cycie cz\u0142owieka,<\/b> bo w jakim\u015b sensie t\u0105 swoj\u0105 nienawi\u015bci\u0105 go zabija. \u015awi\u0119ty Jan takie uj\u0119cie sprawy uzasadnia poprzez <b style=\"mso-bidi-font-weight: normal;\">ukazanie przyk\u0142adu Kaina i Abla, udowadniaj\u0105c jednoznacznie, do czego mo\u017ce nienawi\u015b\u0107 doprowadzi\u0107!<\/b> A z kolei wielka mi\u0142o\u015b\u0107 Jezusa do nas ludzi doprowadzi\u0142a do tego, \u017ce <b style=\"mso-bidi-font-weight: normal;\">On swoje \u017cycie odda\u0142 za nas.<\/b> <\/div>\n<div class=\"MsoNormal\" style=\"text-align: justify; text-indent: 35.4pt;\"><b style=\"mso-bidi-font-weight: normal;\"><i style=\"mso-bidi-font-style: normal;\">My tak\u017ce winni\u015bmy odda\u0107 \u017cycie za braci<\/i><\/b> \u2013 stwierdza dzi\u015b Aposto\u0142. To rzeczywi\u015bcie wysoko umieszczona poprzeczka wymaga\u0144. <b style=\"mso-bidi-font-weight: normal;\">Ale to jest w\u0142a\u015bnie chrze\u015bcija\u0144stwo!<\/b> Jakkolwiek w wi\u0119kszo\u015bci sytuacji nie b\u0119dzie chodzi\u0142o o fizyczne z\u0142o\u017cenie \u017cycia i poniesienie \u015bmierci, to jednak i tak\u0105 ewentualno\u015b\u0107 by\u0107 mo\u017ce trzeba wzi\u0105\u0107 pod uwag\u0119. Cz\u0119\u015bciej natomiast b\u0119dzie chodzi\u0142o o to, o czym ca\u0142y czas Jan pisze: <b style=\"mso-bidi-font-weight: normal;\">o mi\u0142o\u015bci konkretnie realizowanej i okazywanej sobie nawzajem.<\/b> W niekt\u00f3rych sytuacjach b\u0119dzie to prawdziwe sk\u0142adanie \u017cycia w ofierze. <\/div>\n<div class=\"MsoNormal\" style=\"text-align: justify; text-indent: 35.4pt;\">Ale przyk\u0142ad i wsparcie mamy <b style=\"mso-bidi-font-weight: normal;\">w Osobie i Ofierze samego Jezusa.<\/b> On dzisiaj wzywaj\u0105c kolejnych Aposto\u0142\u00f3w, aby za Nim poszli, jednocze\u015bnie jasno udowadnia, \u017ce <b style=\"mso-bidi-font-weight: normal;\">ich zna i kocha. Wie o nich wszystko,<\/b> czym nieco chyba zaskoczy\u0142 Natanaela, przypominaj\u0105c mu jaki\u015b fakt z jego \u017cycia, zwi\u0105zany z drzewem figowym. <\/div>\n<div class=\"MsoNormal\" style=\"text-align: justify; text-indent: 35.4pt;\">W ten spos\u00f3b przekonujemy si\u0119, Kochani, \u017ce do mi\u0142o\u015bci wzywa nas <b style=\"mso-bidi-font-weight: normal;\">Ten, kt\u00f3ry nas pierwszy umi\u0142owa\u0142.<\/b> I do poznania siebie jako Zbawiciela wzywa nas <b style=\"mso-bidi-font-weight: normal;\">Ten, kt\u00f3ry zna nas od zawsze i wie o nas wszystko.<\/b> I do p\u00f3j\u015bcia za sob\u0105 wzywa nas <b style=\"mso-bidi-font-weight: normal;\">Ten, kt\u00f3ry pierwszy do nas wyszed\u0142 z propozycj\u0105 zbawienia.<\/b> I do uczynk\u00f3w mi\u0142o\u015bci wzywa nas <b style=\"mso-bidi-font-weight: normal;\">Ten, kt\u00f3ry pierwszy uczyni\u0142 wobec nas tak wiele konkretnego dobra,<\/b> \u017ce a\u017c trudno je zliczy\u0107. <\/div>\n<div class=\"MsoNormal\" style=\"text-align: justify; text-indent: 35.4pt;\">Tak zatem, <b style=\"mso-bidi-font-weight: normal;\">Jezus nie oczekuje od nas niczego, czego sam nie uczyni\u0142by pierwszy \u2013 i nie uczyni\u0142 w stopniu najwy\u017cszym! <\/b>Warto zatem uczyni\u0107 wszystko, aby nie zawie\u015b\u0107 Jezusa i Jego oczekiwa\u0144. <b style=\"mso-bidi-font-weight: normal;\">A jednocze\u015bnie nigdy nie wymaga\u0107 od innych tego, czego przynajmniej w takim samym stopniu \u2013 o ile nie wy\u017cszym \u2013 nie wymagamy od samych siebie!<\/b><\/div>\n<div class=\"MsoNormal\" style=\"text-align: justify; text-indent: 35.4pt;\">W tym kontek\u015bcie pomy\u015blmy:<\/div>\n<div class=\"MsoNormal\" style=\"margin-left: 36.0pt; mso-list: l0 level1 lfo1; tab-stops: list 36.0pt; text-align: justify; text-indent: -18.0pt;\">\u00b7&nbsp;&nbsp;&nbsp;&nbsp;&nbsp;&nbsp;&nbsp; Czy nie wymagam od innych wi\u0119cej, ni\u017c od siebie?<\/div>\n<div class=\"MsoNormal\" style=\"margin-left: 36.0pt; mso-list: l0 level1 lfo1; tab-stops: list 36.0pt; text-align: justify; text-indent: -18.0pt;\">\u00b7&nbsp;&nbsp;&nbsp;&nbsp;&nbsp;&nbsp;&nbsp; Czy zawsze pami\u0119tam, \u017ce Jezus wie o mnie wszystko, dlatego nic przed Nim nie powinienem ukrywa\u0107?<\/div>\n<div class=\"MsoNormal\" style=\"margin-left: 36.0pt; mso-list: l0 level1 lfo1; tab-stops: list 36.0pt; text-align: justify; text-indent: -18.0pt;\">\u00b7&nbsp;&nbsp;&nbsp;&nbsp;&nbsp;&nbsp;&nbsp; Czy mi\u0142uj\u0119 czynem i prawd\u0105, czy jednak tylko s\u0142owem i j\u0119zykiem?<\/div>\n<div class=\"MsoNormal\" style=\"text-align: justify;\">\n<\/div>\n<div class=\"MsoNormal\" style=\"text-align: justify;\"><b style=\"mso-bidi-font-weight: normal;\"><i style=\"mso-bidi-font-style: normal;\">Po tym poznali\u015bmy mi\u0142o\u015b\u0107, \u017c On odda\u0142 za nas \u017cycie swoje<\/i><\/b>. <\/div>\n","protected":false},"excerpt":{"rendered":"<p>Szcz\u0119\u015b\u0107 Bo\u017ce! Ale\u017c mocna dyskusja pod wczorajszym rozwa\u017caniem! Przeczyta\u0142em wszystkie wpisy, troch\u0119 z nimi &#8222;pochodz\u0119&#8221; i po po\u0142udniu w\u0142\u0105cz\u0119 si\u0119 do tej dyskusji, Teraz troch\u0119 czas mnie goni, wi\u0119c w\u0142\u0105czam s\u0142\u00f3wko na dzisiaj i biegn\u0119. Prosz\u0119 tylko o jedno &#8211; na co zreszt\u0105 niekt\u00f3rzy zwracali uwag\u0119 &#8211; aby\u015bmy patrzyli na ka\u017cde zdanie Pisma \u015awi\u0119tego w [&hellip;]<\/p>\n","protected":false},"author":1,"featured_media":0,"comment_status":"open","ping_status":"open","sticky":false,"template":"","format":"standard","meta":{"jetpack_post_was_ever_published":false,"_jetpack_newsletter_access":"","_jetpack_dont_email_post_to_subs":false,"_jetpack_newsletter_tier_id":0,"_jetpack_memberships_contains_paywalled_content":false,"_jetpack_memberships_contains_paid_content":false,"footnotes":""},"categories":[1],"tags":[],"class_list":["post-9620","post","type-post","status-publish","format-standard","hentry","category-bez-kategorii"],"yoast_head":"<!-- This site is optimized with the Yoast SEO plugin v25.1 - https:\/\/yoast.com\/wordpress\/plugins\/seo\/ -->\n<title>Nie mi\u0142ujmy s\u0142owem i j\u0119zykiem... - Gaudium Et Spes<\/title>\n<meta name=\"robots\" content=\"index, follow, max-snippet:-1, max-image-preview:large, max-video-preview:-1\" \/>\n<link rel=\"canonical\" href=\"https:\/\/gaudiumetspes-blog.pl\/index.php\/2012\/01\/05\/nie-miujmy-sowem-i-jezykie\/\" \/>\n<meta property=\"og:locale\" content=\"pl_PL\" \/>\n<meta property=\"og:type\" content=\"article\" \/>\n<meta property=\"og:title\" content=\"Nie mi\u0142ujmy s\u0142owem i j\u0119zykiem... - Gaudium Et Spes\" \/>\n<meta property=\"og:description\" content=\"Szcz\u0119\u015b\u0107 Bo\u017ce! Ale\u017c mocna dyskusja pod wczorajszym rozwa\u017caniem! Przeczyta\u0142em wszystkie wpisy, troch\u0119 z nimi &#8222;pochodz\u0119&#8221; i po po\u0142udniu w\u0142\u0105cz\u0119 si\u0119 do tej dyskusji, Teraz troch\u0119 czas mnie goni, wi\u0119c w\u0142\u0105czam s\u0142\u00f3wko na dzisiaj i biegn\u0119. Prosz\u0119 tylko o jedno &#8211; na co zreszt\u0105 niekt\u00f3rzy zwracali uwag\u0119 &#8211; aby\u015bmy patrzyli na ka\u017cde zdanie Pisma \u015awi\u0119tego w [&hellip;]\" \/>\n<meta property=\"og:url\" content=\"https:\/\/gaudiumetspes-blog.pl\/index.php\/2012\/01\/05\/nie-miujmy-sowem-i-jezykie\/\" \/>\n<meta property=\"og:site_name\" content=\"Gaudium Et Spes\" \/>\n<meta property=\"article:published_time\" content=\"2012-01-05T04:52:00+00:00\" \/>\n<meta property=\"article:modified_time\" content=\"2019-07-31T10:52:55+00:00\" \/>\n<meta name=\"author\" content=\"Ks. Jacek\" \/>\n<meta name=\"twitter:card\" content=\"summary_large_image\" \/>\n<meta name=\"twitter:label1\" content=\"Napisane przez\" \/>\n\t<meta name=\"twitter:data1\" content=\"Ks. Jacek\" \/>\n\t<meta name=\"twitter:label2\" content=\"Szacowany czas czytania\" \/>\n\t<meta name=\"twitter:data2\" content=\"4 minuty\" \/>\n<script type=\"application\/ld+json\" class=\"yoast-schema-graph\">{\"@context\":\"https:\/\/schema.org\",\"@graph\":[{\"@type\":\"WebPage\",\"@id\":\"https:\/\/gaudiumetspes-blog.pl\/index.php\/2012\/01\/05\/nie-miujmy-sowem-i-jezykie\/\",\"url\":\"https:\/\/gaudiumetspes-blog.pl\/index.php\/2012\/01\/05\/nie-miujmy-sowem-i-jezykie\/\",\"name\":\"Nie mi\u0142ujmy s\u0142owem i j\u0119zykiem... - Gaudium Et Spes\",\"isPartOf\":{\"@id\":\"https:\/\/gaudiumetspes-blog.pl\/#website\"},\"datePublished\":\"2012-01-05T04:52:00+00:00\",\"dateModified\":\"2019-07-31T10:52:55+00:00\",\"author\":{\"@id\":\"https:\/\/gaudiumetspes-blog.pl\/#\/schema\/person\/1661982992b752dea8dff0d4ed845a65\"},\"breadcrumb\":{\"@id\":\"https:\/\/gaudiumetspes-blog.pl\/index.php\/2012\/01\/05\/nie-miujmy-sowem-i-jezykie\/#breadcrumb\"},\"inLanguage\":\"pl-PL\",\"potentialAction\":[{\"@type\":\"ReadAction\",\"target\":[\"https:\/\/gaudiumetspes-blog.pl\/index.php\/2012\/01\/05\/nie-miujmy-sowem-i-jezykie\/\"]}]},{\"@type\":\"BreadcrumbList\",\"@id\":\"https:\/\/gaudiumetspes-blog.pl\/index.php\/2012\/01\/05\/nie-miujmy-sowem-i-jezykie\/#breadcrumb\",\"itemListElement\":[{\"@type\":\"ListItem\",\"position\":1,\"name\":\"Strona g\u0142\u00f3wna\",\"item\":\"https:\/\/gaudiumetspes-blog.pl\/\"},{\"@type\":\"ListItem\",\"position\":2,\"name\":\"Nie&nbsp;mi\u0142ujmy s\u0142owem i&nbsp;j\u0119zykiem&#8230;\"}]},{\"@type\":\"WebSite\",\"@id\":\"https:\/\/gaudiumetspes-blog.pl\/#website\",\"url\":\"https:\/\/gaudiumetspes-blog.pl\/\",\"name\":\"Gaudium Et Spes\",\"description\":\"Blog Ks. Jacka Ja\u015bkowskiego\",\"potentialAction\":[{\"@type\":\"SearchAction\",\"target\":{\"@type\":\"EntryPoint\",\"urlTemplate\":\"https:\/\/gaudiumetspes-blog.pl\/?s={search_term_string}\"},\"query-input\":{\"@type\":\"PropertyValueSpecification\",\"valueRequired\":true,\"valueName\":\"search_term_string\"}}],\"inLanguage\":\"pl-PL\"},{\"@type\":\"Person\",\"@id\":\"https:\/\/gaudiumetspes-blog.pl\/#\/schema\/person\/1661982992b752dea8dff0d4ed845a65\",\"name\":\"Ks. Jacek\",\"image\":{\"@type\":\"ImageObject\",\"inLanguage\":\"pl-PL\",\"@id\":\"https:\/\/gaudiumetspes-blog.pl\/#\/schema\/person\/image\/\",\"url\":\"https:\/\/gaudiumetspes-blog.pl\/wp-content\/uploads\/2019\/07\/avatar-JJ-150x150.jpg\",\"contentUrl\":\"https:\/\/gaudiumetspes-blog.pl\/wp-content\/uploads\/2019\/07\/avatar-JJ-150x150.jpg\",\"caption\":\"Ks. Jacek\"},\"description\":\"Witam serdecznie! K\u0142ania si\u0119 Ks. Jacek Ja\u015bkowski. Nie jestem ani kim\u015b wa\u017cnym, ani kim\u015b znanym. Jestem ksi\u0119dzem, kt\u00f3ry po prostu chce rozmawia\u0107. Codzienna kap\u0142a\u0144ska pos\u0142uga pokazuje mi, \u017ce temat\u00f3w do rozm\u00f3w z ksi\u0119dzem jest coraz wi\u0119cej i dzisiaj \u017caden ksi\u0105dz nie mo\u017ce od nich ucieka\u0107, ale - wprost przeciwnie - podejmowa\u0107 nowe wyzwania. To przekonanie sk\u0142oni\u0142o mnie do pr\u00f3by otwarcia tego\u017c bloga, chocia\u017c okazji do rozm\u00f3w na co dzie\u0144 - w konfesjonale i poza nim - na szcz\u0119\u015bcie nie brakuje. My\u015bl\u0119 jednak, \u017ce ten blog b\u0119dzie jeszcze jednym sposobem i przestrzeni\u0105 nawi\u0105zania kontaktu z lud\u017ami dobrej woli, otwartymi na dialog.\",\"url\":\"https:\/\/gaudiumetspes-blog.pl\/index.php\/author\/ks-jacek\/\"}]}<\/script>\n<!-- \/ Yoast SEO plugin. -->","yoast_head_json":{"title":"Nie mi\u0142ujmy s\u0142owem i j\u0119zykiem... - Gaudium Et Spes","robots":{"index":"index","follow":"follow","max-snippet":"max-snippet:-1","max-image-preview":"max-image-preview:large","max-video-preview":"max-video-preview:-1"},"canonical":"https:\/\/gaudiumetspes-blog.pl\/index.php\/2012\/01\/05\/nie-miujmy-sowem-i-jezykie\/","og_locale":"pl_PL","og_type":"article","og_title":"Nie mi\u0142ujmy s\u0142owem i j\u0119zykiem... - Gaudium Et Spes","og_description":"Szcz\u0119\u015b\u0107 Bo\u017ce! Ale\u017c mocna dyskusja pod wczorajszym rozwa\u017caniem! Przeczyta\u0142em wszystkie wpisy, troch\u0119 z nimi &#8222;pochodz\u0119&#8221; i po po\u0142udniu w\u0142\u0105cz\u0119 si\u0119 do tej dyskusji, Teraz troch\u0119 czas mnie goni, wi\u0119c w\u0142\u0105czam s\u0142\u00f3wko na dzisiaj i biegn\u0119. Prosz\u0119 tylko o jedno &#8211; na co zreszt\u0105 niekt\u00f3rzy zwracali uwag\u0119 &#8211; aby\u015bmy patrzyli na ka\u017cde zdanie Pisma \u015awi\u0119tego w [&hellip;]","og_url":"https:\/\/gaudiumetspes-blog.pl\/index.php\/2012\/01\/05\/nie-miujmy-sowem-i-jezykie\/","og_site_name":"Gaudium Et Spes","article_published_time":"2012-01-05T04:52:00+00:00","article_modified_time":"2019-07-31T10:52:55+00:00","author":"Ks. Jacek","twitter_card":"summary_large_image","twitter_misc":{"Napisane przez":"Ks. Jacek","Szacowany czas czytania":"4 minuty"},"schema":{"@context":"https:\/\/schema.org","@graph":[{"@type":"WebPage","@id":"https:\/\/gaudiumetspes-blog.pl\/index.php\/2012\/01\/05\/nie-miujmy-sowem-i-jezykie\/","url":"https:\/\/gaudiumetspes-blog.pl\/index.php\/2012\/01\/05\/nie-miujmy-sowem-i-jezykie\/","name":"Nie mi\u0142ujmy s\u0142owem i j\u0119zykiem... - Gaudium Et Spes","isPartOf":{"@id":"https:\/\/gaudiumetspes-blog.pl\/#website"},"datePublished":"2012-01-05T04:52:00+00:00","dateModified":"2019-07-31T10:52:55+00:00","author":{"@id":"https:\/\/gaudiumetspes-blog.pl\/#\/schema\/person\/1661982992b752dea8dff0d4ed845a65"},"breadcrumb":{"@id":"https:\/\/gaudiumetspes-blog.pl\/index.php\/2012\/01\/05\/nie-miujmy-sowem-i-jezykie\/#breadcrumb"},"inLanguage":"pl-PL","potentialAction":[{"@type":"ReadAction","target":["https:\/\/gaudiumetspes-blog.pl\/index.php\/2012\/01\/05\/nie-miujmy-sowem-i-jezykie\/"]}]},{"@type":"BreadcrumbList","@id":"https:\/\/gaudiumetspes-blog.pl\/index.php\/2012\/01\/05\/nie-miujmy-sowem-i-jezykie\/#breadcrumb","itemListElement":[{"@type":"ListItem","position":1,"name":"Strona g\u0142\u00f3wna","item":"https:\/\/gaudiumetspes-blog.pl\/"},{"@type":"ListItem","position":2,"name":"Nie&nbsp;mi\u0142ujmy s\u0142owem i&nbsp;j\u0119zykiem&#8230;"}]},{"@type":"WebSite","@id":"https:\/\/gaudiumetspes-blog.pl\/#website","url":"https:\/\/gaudiumetspes-blog.pl\/","name":"Gaudium Et Spes","description":"Blog Ks. Jacka Ja\u015bkowskiego","potentialAction":[{"@type":"SearchAction","target":{"@type":"EntryPoint","urlTemplate":"https:\/\/gaudiumetspes-blog.pl\/?s={search_term_string}"},"query-input":{"@type":"PropertyValueSpecification","valueRequired":true,"valueName":"search_term_string"}}],"inLanguage":"pl-PL"},{"@type":"Person","@id":"https:\/\/gaudiumetspes-blog.pl\/#\/schema\/person\/1661982992b752dea8dff0d4ed845a65","name":"Ks. Jacek","image":{"@type":"ImageObject","inLanguage":"pl-PL","@id":"https:\/\/gaudiumetspes-blog.pl\/#\/schema\/person\/image\/","url":"https:\/\/gaudiumetspes-blog.pl\/wp-content\/uploads\/2019\/07\/avatar-JJ-150x150.jpg","contentUrl":"https:\/\/gaudiumetspes-blog.pl\/wp-content\/uploads\/2019\/07\/avatar-JJ-150x150.jpg","caption":"Ks. Jacek"},"description":"Witam serdecznie! K\u0142ania si\u0119 Ks. Jacek Ja\u015bkowski. Nie jestem ani kim\u015b wa\u017cnym, ani kim\u015b znanym. Jestem ksi\u0119dzem, kt\u00f3ry po prostu chce rozmawia\u0107. Codzienna kap\u0142a\u0144ska pos\u0142uga pokazuje mi, \u017ce temat\u00f3w do rozm\u00f3w z ksi\u0119dzem jest coraz wi\u0119cej i dzisiaj \u017caden ksi\u0105dz nie mo\u017ce od nich ucieka\u0107, ale - wprost przeciwnie - podejmowa\u0107 nowe wyzwania. To przekonanie sk\u0142oni\u0142o mnie do pr\u00f3by otwarcia tego\u017c bloga, chocia\u017c okazji do rozm\u00f3w na co dzie\u0144 - w konfesjonale i poza nim - na szcz\u0119\u015bcie nie brakuje. My\u015bl\u0119 jednak, \u017ce ten blog b\u0119dzie jeszcze jednym sposobem i przestrzeni\u0105 nawi\u0105zania kontaktu z lud\u017ami dobrej woli, otwartymi na dialog.","url":"https:\/\/gaudiumetspes-blog.pl\/index.php\/author\/ks-jacek\/"}]}},"jetpack_featured_media_url":"","jetpack_sharing_enabled":true,"_links":{"self":[{"href":"https:\/\/gaudiumetspes-blog.pl\/index.php\/wp-json\/wp\/v2\/posts\/9620","targetHints":{"allow":["GET"]}}],"collection":[{"href":"https:\/\/gaudiumetspes-blog.pl\/index.php\/wp-json\/wp\/v2\/posts"}],"about":[{"href":"https:\/\/gaudiumetspes-blog.pl\/index.php\/wp-json\/wp\/v2\/types\/post"}],"author":[{"embeddable":true,"href":"https:\/\/gaudiumetspes-blog.pl\/index.php\/wp-json\/wp\/v2\/users\/1"}],"replies":[{"embeddable":true,"href":"https:\/\/gaudiumetspes-blog.pl\/index.php\/wp-json\/wp\/v2\/comments?post=9620"}],"version-history":[{"count":1,"href":"https:\/\/gaudiumetspes-blog.pl\/index.php\/wp-json\/wp\/v2\/posts\/9620\/revisions"}],"predecessor-version":[{"id":10463,"href":"https:\/\/gaudiumetspes-blog.pl\/index.php\/wp-json\/wp\/v2\/posts\/9620\/revisions\/10463"}],"wp:attachment":[{"href":"https:\/\/gaudiumetspes-blog.pl\/index.php\/wp-json\/wp\/v2\/media?parent=9620"}],"wp:term":[{"taxonomy":"category","embeddable":true,"href":"https:\/\/gaudiumetspes-blog.pl\/index.php\/wp-json\/wp\/v2\/categories?post=9620"},{"taxonomy":"post_tag","embeddable":true,"href":"https:\/\/gaudiumetspes-blog.pl\/index.php\/wp-json\/wp\/v2\/tags?post=9620"}],"curies":[{"name":"wp","href":"https:\/\/api.w.org\/{rel}","templated":true}]}}