{"id":9625,"date":"2011-12-31T05:52:00","date_gmt":"2011-12-31T04:52:00","guid":{"rendered":"https:\/\/gaudiumetspes-blog.pl\/index.php\/2011\/12\/31\/jest-juz-ostatnia-godzina\/"},"modified":"2019-07-31T12:52:54","modified_gmt":"2019-07-31T10:52:54","slug":"jest-juz-ostatnia-godzina","status":"publish","type":"post","link":"https:\/\/gaudiumetspes-blog.pl\/index.php\/2011\/12\/31\/jest-juz-ostatnia-godzina\/","title":{"rendered":"Jest ju\u017c ostatnia godzina!"},"content":{"rendered":"<p><\/p>\n<div class=\"MsoNormal\" style=\"text-align: justify;\">Szcz\u0119\u015b\u0107 Bo\u017ce! Jest ju\u017c ostatnia godzina &#8211; tego roku! Ale ona przywodzi nam na my\u015bl ostatni\u0105 godzin\u0119 naszego \u017cycia. I dlatego u\u015bwiadamia nam potrzeb\u0119 pe\u0142nego prze\u017cycia tego czasu, kt\u00f3ry jest nam aktualnie dany&#8230; Zapraszam do refleksji nad tymi zagadnieniami &#8211; niech dzisiejszy dzie\u0144 nie b\u0119dzie tylko czasem huku i fajerwerk\u00f3w, ale niech znajdzie si\u0119 chocia\u017c chwila na tak wa\u017cn\u0105 i potrzebn\u0105 refleksj\u0119&#8230;<\/div>\n<div class=\"MsoNormal\" style=\"text-align: justify;\">&nbsp;&nbsp;&nbsp;&nbsp;&nbsp;&nbsp;&nbsp;&nbsp;&nbsp;&nbsp;&nbsp;&nbsp;&nbsp;&nbsp;&nbsp;&nbsp; Gaudium et spes!&nbsp; Ks. Jacek<b><br \/>\n<\/b><\/div>\n<div class=\"MsoNormal\" style=\"text-align: justify;\">\n<\/div>\n<div class=\"MsoNormal\" style=\"text-align: justify;\"><b>7 dzie\u0144 Oktawy Narodzenia Pa\u0144skiego,<\/b><\/div>\n<div class=\"MsoNormal\" style=\"text-align: justify;\"><b style=\"mso-bidi-font-weight: normal;\">do czyta\u0144:&nbsp; 1 J 2,18\u201321;&nbsp; J 1,1\u201318<\/b><\/div>\n<div class=\"MsoNormal\" style=\"text-align: justify;\">\n<\/div>\n<div class=\"MsoNormal\" style=\"text-align: justify; text-indent: 35.4pt;\"><b style=\"mso-bidi-font-weight: normal;\">Na granicy czasu,<\/b> jak\u0105 niew\u0105tpliwie jest dzisiejszy dzie\u0144, ko\u0144cz\u0105cy pewien czas, kolejny rok (a swoj\u0105 drog\u0105: nie tak dawno go zaczynali\u015bmy\u2026); zatem \u2013 <b style=\"mso-bidi-font-weight: normal;\">na granicy starego i nowego czasu otrzymujemy od Pana w darze s\u0142owo, kt\u00f3re wprost dotyka tego tematu.<\/b><\/div>\n<div class=\"MsoNormal\" style=\"text-align: justify; text-indent: 35.4pt;\">Oto w pierwszym czytaniu Jan Aposto\u0142 zapowiada: <b style=\"mso-bidi-font-weight: normal;\"><i style=\"mso-bidi-font-style: normal;\">Dzieci, jest ju\u017c ostatnia godzina.<\/i><\/b> Sk\u0105d to wiemy? <b style=\"mso-bidi-font-weight: normal;\">Z dzia\u0142ania Antychrysta, przeciwnika Chrystusa, <\/b>kt\u00f3rego aktywno\u015b\u0107 zdaje si\u0119 wzrasta\u0107 i nasila\u0107. To ona ma symbolizowa\u0107 nadej\u015bcie ostatniej godziny. <\/div>\n<div class=\"MsoNormal\" style=\"text-align: justify; text-indent: 35.4pt;\">Z kolei, w Ewangelii ten\u017ce sam Jan Aposto\u0142 i Ewangelista, w przepi\u0119knym i przes\u0142awnym Prologu do swojej Ewangelii, stwierdza, \u017ce <b style=\"mso-bidi-font-weight: normal;\"><i style=\"mso-bidi-font-style: normal;\">S\u0142owo sta\u0142o si\u0119 cia\u0142em<\/i><\/b> \u2013 w jakim\u015b okre\u015blonym czasie \u2013 <b style=\"mso-bidi-font-weight: normal;\">ale to S\u0142owo by\u0142o odwieczne, przedwieczne, a wi\u0119c nie mia\u0142o pocz\u0105tku i tak\u017ce ko\u0144ca mie\u0107 nie b\u0119dzie. <\/b>A skoro to S\u0142owo przysz\u0142o na \u015bwiat, to znaczy, \u017ce jest to <b style=\"mso-bidi-font-weight: normal;\">jaki\u015b czas szczeg\u00f3lny,<\/b> bo S\u0142owo, kt\u00f3re nie jest ograniczone \u017cadnymi ramami czasowymi \u2013 <b style=\"mso-bidi-font-weight: normal;\">zechcia\u0142o wej\u015b\u0107 w takie ramy, zechcia\u0142o wybra\u0107 sobie jaki\u015b czas i w tym czasie zaistnie\u0107 na ziemi<\/b>\u2026 <\/div>\n<div class=\"MsoNormal\" style=\"text-align: justify; text-indent: 35.4pt;\">Kochani, trzeba nam wi\u0119c u\u015bwiadomi\u0107 sobie, \u017ce <b style=\"mso-bidi-font-weight: normal;\">czas w poj\u0119ciu biblijnym troch\u0119 inaczej okre\u015blamy,<\/b> ni\u017c w tym rozumieniu potocznym. Dla nas bowiem <b style=\"mso-bidi-font-weight: normal;\">czas obecny<\/b> to ta chwila, kt\u00f3r\u0105 aktualnie prze\u017cywamy; <b style=\"mso-bidi-font-weight: normal;\">czas przesz\u0142y<\/b> z kolei to ten, kt\u00f3ry ju\u017c jest za nami, <b style=\"mso-bidi-font-weight: normal;\">czas przysz\u0142y<\/b> obejmuje wszystko to, co nas czeka \u2013 i trudno tu o jak\u0105\u015b wi\u0119ksz\u0105 filozofi\u0119. Tymczasem w znaczeniu biblijnym stwierdzenie, \u017ce <b style=\"mso-bidi-font-weight: normal;\"><i style=\"mso-bidi-font-style: normal;\">jest ju\u017c ostatnia godzina<\/i><\/b> nie oznacza dos\u0142ownie tego, \u017ce dzisiaj, albo pojutrze nast\u0105pi ca\u0142kowity koniec \u015bwiata. On nast\u0105pi \u2013 to wiemy na pewno. Ale nie wiemy \u2013 kiedy\u2026 <\/div>\n<div class=\"MsoNormal\" style=\"text-align: justify; text-indent: 35.4pt;\">Natomiast owa <b style=\"mso-bidi-font-weight: normal;\"><i style=\"mso-bidi-font-style: normal;\">ostatnia godzina<\/i><\/b> to czas wype\u0142nienia si\u0119 Bo\u017cych obietnic; to czas, w kt\u00f3rym <b style=\"mso-bidi-font-weight: normal;\"><i style=\"mso-bidi-font-style: normal;\">S\u0142owo sta\u0142o si\u0119 cia\u0142em i zamieszka\u0142o mi\u0119dzy nami.<\/i><\/b> Jest to zatem czas <b style=\"mso-bidi-font-weight: normal;\">w jaki\u015b spos\u00f3b przez Boga u\u015bwi\u0119cony, czas w jaki\u015b spos\u00f3b przez Boga naznaczony Jego obecno\u015bci\u0105; czas wybrany<\/b>\u2026 <b style=\"mso-bidi-font-weight: normal;\">Czas szczeg\u00f3lny<\/b>\u2026 W tym czasie B\u00f3g dzia\u0142a, ale te\u017c dzia\u0142a Jego przeciwnik, nazwany przez Jana Antychrystem. Nie ma on \u017cadnej mocy wobec Boga, <b style=\"mso-bidi-font-weight: normal;\">ale mo\u017ce mie\u0107 wielk\u0105 i zgubn\u0105 moc wobec cz\u0142owieka, o ile ten pozwoli mu na takie z\u0142e dzia\u0142anie w swoim \u017cyciu.<\/b> <\/div>\n<div class=\"MsoNormal\" style=\"text-align: justify; text-indent: 35.4pt;\">Jest zatem dzie\u0144 dzisiejszy doskona\u0142\u0105 okazj\u0105 <b style=\"mso-bidi-font-weight: normal;\">do podsumowania czasu, kt\u00f3ry za nami<\/b> \u2013 i do postawienia sobie kilku bardzo zasadniczych pyta\u0144 o to, czy w moim \u017cyciu ten ko\u0144cz\u0105cy si\u0119 czas <b style=\"mso-bidi-font-weight: normal;\">by\u0142 czasem Bo\u017cym;<\/b> czasem, kiedy to <b style=\"mso-bidi-font-weight: normal;\">S\u0142owo cia\u0142em si\u0119 stawa\u0142o i \u017cy\u0142o we mnie \u2013<\/b> czy jednak by\u0142 to czas swobodnego dzia\u0142ania Antychrysta? <\/div>\n<div class=\"MsoNormal\" style=\"text-align: justify; text-indent: 35.4pt;\"><b style=\"mso-bidi-font-weight: normal;\">Czy by\u0142 to czas dobrze wykorzystany<\/b> \u2013 czy czas w wi\u0119kszo\u015bci zmarnowany? <b style=\"mso-bidi-font-weight: normal;\">Czy by\u0142 to czas mojego ubogacania si\u0119 duchowego<\/b> \u2013 czy czas totalnych strat? Czy by\u0142 to <b style=\"mso-bidi-font-weight: normal;\">czas, kt\u00f3ry uczyni\u0142 mnie lepszym i doskonalszym<\/b> \u2013 czy taki, w kt\u00f3rym jeszcze bardziej zabrn\u0105\u0142em w swoje na\u0142ogi i z\u0142e nawyki? <b style=\"mso-bidi-font-weight: normal;\">Czy by\u0142 to czas zbli\u017cenia do Boga w modlitwie i Sakramentach<\/b> \u2013 czy czas och\u0142odzenia relacji z Bogiem? <\/div>\n<div class=\"MsoNormal\" style=\"text-align: justify; text-indent: 35.4pt;\"><b style=\"mso-bidi-font-weight: normal;\">Czy by\u0142 to czas zbli\u017cenia si\u0119 do ludzi<\/b> \u2013 czy oddalenia od nich? <b style=\"mso-bidi-font-weight: normal;\">Czy by\u0142 to czas burzenia mur\u00f3w pomi\u0119dzy nami<\/b> \u2013 czy w\u0142a\u015bnie ich budowania i okopywania si\u0119 w swoich fortecach? <b style=\"mso-bidi-font-weight: normal;\">Czy ludziom w tym minionym czasie \u017cy\u0142o si\u0119 ze mn\u0105 dobrze<\/b> \u2013 czy koszmarnie? <b style=\"mso-bidi-font-weight: normal;\">Czy by\u0142 to czas rozwijania moich talent\u00f3w<\/b> \u2013 czy czas ich g\u0142\u0119bokiego zakopywania? <\/div>\n<div class=\"MsoNormal\" style=\"text-align: justify; text-indent: 35.4pt;\">I wiele, wiele tym podobnych pyta\u0144 mo\u017cna by postawi\u0107, a udzielaj\u0105c na nie odpowiedzi, dzi\u0119kowa\u0107 Bogu za to, co by\u0142o w naszym \u017cyciu <b style=\"mso-bidi-font-weight: normal;\">Jego czasem,<\/b> przeprasza\u0107 za\u015b za to, co by\u0142o <b style=\"mso-bidi-font-weight: normal;\">czasem Antychrysta<\/b>\u2026 Oby motyw\u00f3w dzi\u0119kczynienia by\u0142o jak najwi\u0119cej! <\/div>\n<div class=\"MsoNormal\" style=\"text-align: justify; text-indent: 35.4pt;\">Warto zatem dzisiaj znale\u017a\u0107 chocia\u017c kilka spokojnych chwil, aby w g\u0142\u0119bi serca zastanowi\u0107 si\u0119, jasno sobie u\u015bwiadomi\u0107 i pomy\u015ble\u0107 \u2013 <b style=\"mso-bidi-font-weight: normal;\">jaki to by\u0142 czas?<\/b>\u2026<\/div>\n","protected":false},"excerpt":{"rendered":"<p>Szcz\u0119\u015b\u0107 Bo\u017ce! Jest ju\u017c ostatnia godzina &#8211; tego roku! Ale ona przywodzi nam na my\u015bl ostatni\u0105 godzin\u0119 naszego \u017cycia. I dlatego u\u015bwiadamia nam potrzeb\u0119 pe\u0142nego prze\u017cycia tego czasu, kt\u00f3ry jest nam aktualnie dany&#8230; Zapraszam do refleksji nad tymi zagadnieniami &#8211; niech dzisiejszy dzie\u0144 nie b\u0119dzie tylko czasem huku i fajerwerk\u00f3w, ale niech znajdzie si\u0119 chocia\u017c [&hellip;]<\/p>\n","protected":false},"author":1,"featured_media":0,"comment_status":"open","ping_status":"open","sticky":false,"template":"","format":"standard","meta":{"jetpack_post_was_ever_published":false,"_jetpack_newsletter_access":"","_jetpack_dont_email_post_to_subs":false,"_jetpack_newsletter_tier_id":0,"_jetpack_memberships_contains_paywalled_content":false,"_jetpack_memberships_contains_paid_content":false,"footnotes":""},"categories":[1],"tags":[],"class_list":["post-9625","post","type-post","status-publish","format-standard","hentry","category-bez-kategorii"],"yoast_head":"<!-- This site is optimized with the Yoast SEO plugin v25.1 - https:\/\/yoast.com\/wordpress\/plugins\/seo\/ -->\n<title>Jest ju\u017c ostatnia godzina! - Gaudium Et Spes<\/title>\n<meta name=\"robots\" content=\"index, follow, max-snippet:-1, max-image-preview:large, max-video-preview:-1\" \/>\n<link rel=\"canonical\" href=\"https:\/\/gaudiumetspes-blog.pl\/index.php\/2011\/12\/31\/jest-juz-ostatnia-godzina\/\" \/>\n<meta property=\"og:locale\" content=\"pl_PL\" \/>\n<meta property=\"og:type\" content=\"article\" \/>\n<meta property=\"og:title\" content=\"Jest ju\u017c ostatnia godzina! - Gaudium Et Spes\" \/>\n<meta property=\"og:description\" content=\"Szcz\u0119\u015b\u0107 Bo\u017ce! Jest ju\u017c ostatnia godzina &#8211; tego roku! Ale ona przywodzi nam na my\u015bl ostatni\u0105 godzin\u0119 naszego \u017cycia. I dlatego u\u015bwiadamia nam potrzeb\u0119 pe\u0142nego prze\u017cycia tego czasu, kt\u00f3ry jest nam aktualnie dany&#8230; Zapraszam do refleksji nad tymi zagadnieniami &#8211; niech dzisiejszy dzie\u0144 nie b\u0119dzie tylko czasem huku i fajerwerk\u00f3w, ale niech znajdzie si\u0119 chocia\u017c [&hellip;]\" \/>\n<meta property=\"og:url\" content=\"https:\/\/gaudiumetspes-blog.pl\/index.php\/2011\/12\/31\/jest-juz-ostatnia-godzina\/\" \/>\n<meta property=\"og:site_name\" content=\"Gaudium Et Spes\" \/>\n<meta property=\"article:published_time\" content=\"2011-12-31T04:52:00+00:00\" \/>\n<meta property=\"article:modified_time\" content=\"2019-07-31T10:52:54+00:00\" \/>\n<meta name=\"author\" content=\"Ks. Jacek\" \/>\n<meta name=\"twitter:card\" content=\"summary_large_image\" \/>\n<meta name=\"twitter:label1\" content=\"Napisane przez\" \/>\n\t<meta name=\"twitter:data1\" content=\"Ks. Jacek\" \/>\n\t<meta name=\"twitter:label2\" content=\"Szacowany czas czytania\" \/>\n\t<meta name=\"twitter:data2\" content=\"4 minuty\" \/>\n<script type=\"application\/ld+json\" class=\"yoast-schema-graph\">{\"@context\":\"https:\/\/schema.org\",\"@graph\":[{\"@type\":\"WebPage\",\"@id\":\"https:\/\/gaudiumetspes-blog.pl\/index.php\/2011\/12\/31\/jest-juz-ostatnia-godzina\/\",\"url\":\"https:\/\/gaudiumetspes-blog.pl\/index.php\/2011\/12\/31\/jest-juz-ostatnia-godzina\/\",\"name\":\"Jest ju\u017c ostatnia godzina! - Gaudium Et Spes\",\"isPartOf\":{\"@id\":\"https:\/\/gaudiumetspes-blog.pl\/#website\"},\"datePublished\":\"2011-12-31T04:52:00+00:00\",\"dateModified\":\"2019-07-31T10:52:54+00:00\",\"author\":{\"@id\":\"https:\/\/gaudiumetspes-blog.pl\/#\/schema\/person\/1661982992b752dea8dff0d4ed845a65\"},\"breadcrumb\":{\"@id\":\"https:\/\/gaudiumetspes-blog.pl\/index.php\/2011\/12\/31\/jest-juz-ostatnia-godzina\/#breadcrumb\"},\"inLanguage\":\"pl-PL\",\"potentialAction\":[{\"@type\":\"ReadAction\",\"target\":[\"https:\/\/gaudiumetspes-blog.pl\/index.php\/2011\/12\/31\/jest-juz-ostatnia-godzina\/\"]}]},{\"@type\":\"BreadcrumbList\",\"@id\":\"https:\/\/gaudiumetspes-blog.pl\/index.php\/2011\/12\/31\/jest-juz-ostatnia-godzina\/#breadcrumb\",\"itemListElement\":[{\"@type\":\"ListItem\",\"position\":1,\"name\":\"Strona g\u0142\u00f3wna\",\"item\":\"https:\/\/gaudiumetspes-blog.pl\/\"},{\"@type\":\"ListItem\",\"position\":2,\"name\":\"Jest ju\u017c ostatnia godzina!\"}]},{\"@type\":\"WebSite\",\"@id\":\"https:\/\/gaudiumetspes-blog.pl\/#website\",\"url\":\"https:\/\/gaudiumetspes-blog.pl\/\",\"name\":\"Gaudium Et Spes\",\"description\":\"Blog Ks. Jacka Ja\u015bkowskiego\",\"potentialAction\":[{\"@type\":\"SearchAction\",\"target\":{\"@type\":\"EntryPoint\",\"urlTemplate\":\"https:\/\/gaudiumetspes-blog.pl\/?s={search_term_string}\"},\"query-input\":{\"@type\":\"PropertyValueSpecification\",\"valueRequired\":true,\"valueName\":\"search_term_string\"}}],\"inLanguage\":\"pl-PL\"},{\"@type\":\"Person\",\"@id\":\"https:\/\/gaudiumetspes-blog.pl\/#\/schema\/person\/1661982992b752dea8dff0d4ed845a65\",\"name\":\"Ks. Jacek\",\"image\":{\"@type\":\"ImageObject\",\"inLanguage\":\"pl-PL\",\"@id\":\"https:\/\/gaudiumetspes-blog.pl\/#\/schema\/person\/image\/\",\"url\":\"https:\/\/gaudiumetspes-blog.pl\/wp-content\/uploads\/2019\/07\/avatar-JJ-150x150.jpg\",\"contentUrl\":\"https:\/\/gaudiumetspes-blog.pl\/wp-content\/uploads\/2019\/07\/avatar-JJ-150x150.jpg\",\"caption\":\"Ks. Jacek\"},\"description\":\"Witam serdecznie! K\u0142ania si\u0119 Ks. Jacek Ja\u015bkowski. Nie jestem ani kim\u015b wa\u017cnym, ani kim\u015b znanym. Jestem ksi\u0119dzem, kt\u00f3ry po prostu chce rozmawia\u0107. Codzienna kap\u0142a\u0144ska pos\u0142uga pokazuje mi, \u017ce temat\u00f3w do rozm\u00f3w z ksi\u0119dzem jest coraz wi\u0119cej i dzisiaj \u017caden ksi\u0105dz nie mo\u017ce od nich ucieka\u0107, ale - wprost przeciwnie - podejmowa\u0107 nowe wyzwania. To przekonanie sk\u0142oni\u0142o mnie do pr\u00f3by otwarcia tego\u017c bloga, chocia\u017c okazji do rozm\u00f3w na co dzie\u0144 - w konfesjonale i poza nim - na szcz\u0119\u015bcie nie brakuje. My\u015bl\u0119 jednak, \u017ce ten blog b\u0119dzie jeszcze jednym sposobem i przestrzeni\u0105 nawi\u0105zania kontaktu z lud\u017ami dobrej woli, otwartymi na dialog.\",\"url\":\"https:\/\/gaudiumetspes-blog.pl\/index.php\/author\/ks-jacek\/\"}]}<\/script>\n<!-- \/ Yoast SEO plugin. -->","yoast_head_json":{"title":"Jest ju\u017c ostatnia godzina! - Gaudium Et Spes","robots":{"index":"index","follow":"follow","max-snippet":"max-snippet:-1","max-image-preview":"max-image-preview:large","max-video-preview":"max-video-preview:-1"},"canonical":"https:\/\/gaudiumetspes-blog.pl\/index.php\/2011\/12\/31\/jest-juz-ostatnia-godzina\/","og_locale":"pl_PL","og_type":"article","og_title":"Jest ju\u017c ostatnia godzina! - Gaudium Et Spes","og_description":"Szcz\u0119\u015b\u0107 Bo\u017ce! Jest ju\u017c ostatnia godzina &#8211; tego roku! Ale ona przywodzi nam na my\u015bl ostatni\u0105 godzin\u0119 naszego \u017cycia. I dlatego u\u015bwiadamia nam potrzeb\u0119 pe\u0142nego prze\u017cycia tego czasu, kt\u00f3ry jest nam aktualnie dany&#8230; Zapraszam do refleksji nad tymi zagadnieniami &#8211; niech dzisiejszy dzie\u0144 nie b\u0119dzie tylko czasem huku i fajerwerk\u00f3w, ale niech znajdzie si\u0119 chocia\u017c [&hellip;]","og_url":"https:\/\/gaudiumetspes-blog.pl\/index.php\/2011\/12\/31\/jest-juz-ostatnia-godzina\/","og_site_name":"Gaudium Et Spes","article_published_time":"2011-12-31T04:52:00+00:00","article_modified_time":"2019-07-31T10:52:54+00:00","author":"Ks. Jacek","twitter_card":"summary_large_image","twitter_misc":{"Napisane przez":"Ks. Jacek","Szacowany czas czytania":"4 minuty"},"schema":{"@context":"https:\/\/schema.org","@graph":[{"@type":"WebPage","@id":"https:\/\/gaudiumetspes-blog.pl\/index.php\/2011\/12\/31\/jest-juz-ostatnia-godzina\/","url":"https:\/\/gaudiumetspes-blog.pl\/index.php\/2011\/12\/31\/jest-juz-ostatnia-godzina\/","name":"Jest ju\u017c ostatnia godzina! - Gaudium Et Spes","isPartOf":{"@id":"https:\/\/gaudiumetspes-blog.pl\/#website"},"datePublished":"2011-12-31T04:52:00+00:00","dateModified":"2019-07-31T10:52:54+00:00","author":{"@id":"https:\/\/gaudiumetspes-blog.pl\/#\/schema\/person\/1661982992b752dea8dff0d4ed845a65"},"breadcrumb":{"@id":"https:\/\/gaudiumetspes-blog.pl\/index.php\/2011\/12\/31\/jest-juz-ostatnia-godzina\/#breadcrumb"},"inLanguage":"pl-PL","potentialAction":[{"@type":"ReadAction","target":["https:\/\/gaudiumetspes-blog.pl\/index.php\/2011\/12\/31\/jest-juz-ostatnia-godzina\/"]}]},{"@type":"BreadcrumbList","@id":"https:\/\/gaudiumetspes-blog.pl\/index.php\/2011\/12\/31\/jest-juz-ostatnia-godzina\/#breadcrumb","itemListElement":[{"@type":"ListItem","position":1,"name":"Strona g\u0142\u00f3wna","item":"https:\/\/gaudiumetspes-blog.pl\/"},{"@type":"ListItem","position":2,"name":"Jest ju\u017c ostatnia godzina!"}]},{"@type":"WebSite","@id":"https:\/\/gaudiumetspes-blog.pl\/#website","url":"https:\/\/gaudiumetspes-blog.pl\/","name":"Gaudium Et Spes","description":"Blog Ks. Jacka Ja\u015bkowskiego","potentialAction":[{"@type":"SearchAction","target":{"@type":"EntryPoint","urlTemplate":"https:\/\/gaudiumetspes-blog.pl\/?s={search_term_string}"},"query-input":{"@type":"PropertyValueSpecification","valueRequired":true,"valueName":"search_term_string"}}],"inLanguage":"pl-PL"},{"@type":"Person","@id":"https:\/\/gaudiumetspes-blog.pl\/#\/schema\/person\/1661982992b752dea8dff0d4ed845a65","name":"Ks. Jacek","image":{"@type":"ImageObject","inLanguage":"pl-PL","@id":"https:\/\/gaudiumetspes-blog.pl\/#\/schema\/person\/image\/","url":"https:\/\/gaudiumetspes-blog.pl\/wp-content\/uploads\/2019\/07\/avatar-JJ-150x150.jpg","contentUrl":"https:\/\/gaudiumetspes-blog.pl\/wp-content\/uploads\/2019\/07\/avatar-JJ-150x150.jpg","caption":"Ks. Jacek"},"description":"Witam serdecznie! K\u0142ania si\u0119 Ks. Jacek Ja\u015bkowski. Nie jestem ani kim\u015b wa\u017cnym, ani kim\u015b znanym. Jestem ksi\u0119dzem, kt\u00f3ry po prostu chce rozmawia\u0107. Codzienna kap\u0142a\u0144ska pos\u0142uga pokazuje mi, \u017ce temat\u00f3w do rozm\u00f3w z ksi\u0119dzem jest coraz wi\u0119cej i dzisiaj \u017caden ksi\u0105dz nie mo\u017ce od nich ucieka\u0107, ale - wprost przeciwnie - podejmowa\u0107 nowe wyzwania. To przekonanie sk\u0142oni\u0142o mnie do pr\u00f3by otwarcia tego\u017c bloga, chocia\u017c okazji do rozm\u00f3w na co dzie\u0144 - w konfesjonale i poza nim - na szcz\u0119\u015bcie nie brakuje. My\u015bl\u0119 jednak, \u017ce ten blog b\u0119dzie jeszcze jednym sposobem i przestrzeni\u0105 nawi\u0105zania kontaktu z lud\u017ami dobrej woli, otwartymi na dialog.","url":"https:\/\/gaudiumetspes-blog.pl\/index.php\/author\/ks-jacek\/"}]}},"jetpack_featured_media_url":"","jetpack_sharing_enabled":true,"_links":{"self":[{"href":"https:\/\/gaudiumetspes-blog.pl\/index.php\/wp-json\/wp\/v2\/posts\/9625","targetHints":{"allow":["GET"]}}],"collection":[{"href":"https:\/\/gaudiumetspes-blog.pl\/index.php\/wp-json\/wp\/v2\/posts"}],"about":[{"href":"https:\/\/gaudiumetspes-blog.pl\/index.php\/wp-json\/wp\/v2\/types\/post"}],"author":[{"embeddable":true,"href":"https:\/\/gaudiumetspes-blog.pl\/index.php\/wp-json\/wp\/v2\/users\/1"}],"replies":[{"embeddable":true,"href":"https:\/\/gaudiumetspes-blog.pl\/index.php\/wp-json\/wp\/v2\/comments?post=9625"}],"version-history":[{"count":1,"href":"https:\/\/gaudiumetspes-blog.pl\/index.php\/wp-json\/wp\/v2\/posts\/9625\/revisions"}],"predecessor-version":[{"id":10458,"href":"https:\/\/gaudiumetspes-blog.pl\/index.php\/wp-json\/wp\/v2\/posts\/9625\/revisions\/10458"}],"wp:attachment":[{"href":"https:\/\/gaudiumetspes-blog.pl\/index.php\/wp-json\/wp\/v2\/media?parent=9625"}],"wp:term":[{"taxonomy":"category","embeddable":true,"href":"https:\/\/gaudiumetspes-blog.pl\/index.php\/wp-json\/wp\/v2\/categories?post=9625"},{"taxonomy":"post_tag","embeddable":true,"href":"https:\/\/gaudiumetspes-blog.pl\/index.php\/wp-json\/wp\/v2\/tags?post=9625"}],"curies":[{"name":"wp","href":"https:\/\/api.w.org\/{rel}","templated":true}]}}