{"id":9626,"date":"2011-12-30T08:45:00","date_gmt":"2011-12-30T07:45:00","guid":{"rendered":"https:\/\/gaudiumetspes-blog.pl\/index.php\/2011\/12\/30\/czy-moja-rodzina-to-swieta-rodzina\/"},"modified":"2019-07-31T12:52:54","modified_gmt":"2019-07-31T10:52:54","slug":"czy-moja-rodzina-to-swieta-rodzina","status":"publish","type":"post","link":"https:\/\/gaudiumetspes-blog.pl\/index.php\/2011\/12\/30\/czy-moja-rodzina-to-swieta-rodzina\/","title":{"rendered":"Czy moja rodzina &#8211; to \u015bwi\u0119ta rodzina?"},"content":{"rendered":"<div style=\"text-align: justify;\">Szcz\u0119\u015b\u0107 Bo\u017ce! Kochani, nie dlatego, \u017ce id\u0119 na \u0142atwizn\u0119, ale dlatego, \u017ce bardzo przem\u00f3wi\u0142o do mnie rozwa\u017canie Benedykta XVI z ostatniej \u015brody, pozwoli\u0142em sobie skorzysta\u0107 z tych pi\u0119knych i m\u0105drych s\u0142\u00f3w &#8211; i uczyni\u0107 je rozwa\u017caniem na dzisiejsze \u015awi\u0119to. Naturalnie, wskazuj\u0119 na Autora, niczego nie przypisuj\u0119 sobie. Natomiast uwa\u017cam, \u017ce cz\u0119\u015bciej powinni\u015bmy ws\u0142uchiwa\u0107 si\u0119 uwa\u017cnie w aktualne nauczanie naszego Papie\u017ca. Niech dzisiejszy dzie\u0144 b\u0119dzie ku temu okazj\u0105!<\/div>\n<div class=\"MsoNormal\" style=\"text-align: justify;\">&nbsp;&nbsp;&nbsp;&nbsp;&nbsp;&nbsp;&nbsp;&nbsp;&nbsp;&nbsp;&nbsp;&nbsp;&nbsp;&nbsp; Gaudium et spes!&nbsp; Ks. Jacek<b><br \/>\n<\/b><\/div>\n<div class=\"MsoNormal\" style=\"text-align: justify;\">\n<\/div>\n<div class=\"MsoNormal\" style=\"text-align: justify;\"><b>\u015awi\u0119to \u015awi\u0119tej Rodziny Jezusa, Maryi i J\u00f3zefa,<\/b><\/div>\n<div class=\"MsoNormal\" style=\"text-align: justify;\"><b style=\"mso-bidi-font-weight: normal;\">do czyta\u0144:&nbsp; Syr 3,2\u20136.12\u201314;&nbsp; Kol 3,12\u201321;&nbsp; \u0141k 2,22\u201340<\/b><\/div>\n<div class=\"MsoNormal\" style=\"text-align: justify;\">\n<\/div>\n<div class=\"MsoNormal\" style=\"text-align: justify; text-indent: 35.4pt;\">Po uwa\u017cnym wys\u0142uchaniu czyta\u0144 Liturgii S\u0142owa prze\u017cywanego dzi\u015b \u015awi\u0119ta \u015awi\u0119tej Rodziny z Nazaretu, zapraszam Was, Kochani, do wys\u0142uchania <b style=\"mso-bidi-font-weight: normal;\">refleksji, jak\u0105 w zwi\u0105zku z tym w\u0142a\u015bnie \u015awi\u0119tem podzieli\u0142 si\u0119 z nami Ojciec \u015awi\u0119ty Benedykt XVI zaledwie dwa dni temu, &nbsp;w \u015brod\u0119, 28 grudnia,<\/b> w czasie Audiencji Generalnej, w Auli Paw\u0142a VI na Watykanie. M\u00f3wi\u0142 wtedy tak: <\/div>\n<div class=\"MsoNormal\" style=\"text-align: justify; text-indent: 35.4pt;\">\u201eDzisiejsze spotkanie odbywa si\u0119 w \u015bwi\u0105tecznej atmosferze Bo\u017cego Narodzenia, pe\u0142nej g\u0142\u0119bokiej rado\u015bci z narodzin Zbawiciela. <b style=\"mso-bidi-font-weight: normal;\">Dopiero co celebrowali\u015bmy misterium, kt\u00f3rego echo rozbrzmiewa w liturgii tych dni.<\/b> Jest to tajemnica \u015bwiat\u0142a, kt\u00f3r\u0105 ludzie w ka\u017cdym czasie mog\u0105 prze\u017cywa\u0107 na nowo w wierze i modlitwie. <b style=\"mso-bidi-font-weight: normal;\">W\u0142a\u015bnie przez modlitw\u0119 stajemy si\u0119 zdolni zbli\u017cy\u0107 si\u0119 do Boga g\u0142\u0119boko i wewn\u0119trznie.<\/b> Dlatego, maj\u0105c na uwadze temat modlitwy, kt\u00f3ry rozwijam w tym okresie w katechezach, dzisiaj chcia\u0142bym zaprosi\u0107 Was do zastanowienia si\u0119, <b style=\"mso-bidi-font-weight: normal;\">w jaki spos\u00f3b modlitwa stanowi cz\u0119\u015b\u0107 \u017cycia \u015awi\u0119tej Rodziny z Nazaretu.<\/b> <\/div>\n<div class=\"MsoNormal\" style=\"text-align: justify; text-indent: 35.4pt;\">Dom w Nazarecie \u2013 w rzeczywisto\u015bci \u2013 jest szko\u0142\u0105 modlitwy, gdzie uczymy si\u0119 s\u0142ucha\u0107, rozwa\u017ca\u0107, wnika\u0107 w g\u0142\u0119bokie znaczenie objawienia si\u0119 Syna Bo\u017cego, bior\u0105c przyk\u0142ad z Maryi, J\u00f3zefa i Jezusa. Zawsze godnym przypomnienia jest przem\u00f3wienie S\u0142ugi Bo\u017cego Paw\u0142a VI podczas jego wizyty w Nazarecie, w dniu 5 stycznia 1964 roku. Powiedzia\u0142 on w\u00f3wczas, \u017ce w szkole \u015awi\u0119tej Rodziny my \u201emo\u017cemy zrozumie\u0107, <b style=\"mso-bidi-font-weight: normal;\">dlaczego niezb\u0119dne jest zachowanie dyscypliny duchowej, je\u015bli chcemy i\u015b\u0107 za nauk\u0105 Ewangelii i sta\u0107 si\u0119 uczniami Chrystusa\u201d.<\/b> I doda\u0142: <b style=\"mso-bidi-font-weight: normal;\">\u201ePrzede wszystkim, Nazaret uczy nas milczenia.<\/b> O, gdyby\u015bmy mieli szacunek do milczenia, kt\u00f3re jest wspania\u0142ym klimatem, niezb\u0119dnym dla ducha: kiedy jeste\u015bmy zm\u0119czeni wieloma d\u017awi\u0119kami, ha\u0142asami i g\u0142osami burzliwego \u017cycia naszych czas\u00f3w. <b style=\"mso-bidi-font-weight: normal;\">O, milczenie Nazaretu, naucz nas by\u0107 wytrwa\u0142ymi w dobrej my\u015bli,<\/b> <b style=\"mso-bidi-font-weight: normal;\">by\u0107 skierowanymi na \u017cycie wewn\u0119trzne,<\/b> gotowymi do us\u0142yszenia tajemnych Bo\u017cych natchnie\u0144 i nawo\u0142ywa\u0144 prawdziwych nauczycieli\u201d. Tyle Pawe\u0142 VI.<\/div>\n<div class=\"MsoNormal\" style=\"text-align: justify; text-indent: 35.4pt;\">Mo\u017cemy czerpa\u0107 wiedz\u0119 na temat modlitwy, na temat relacji z Bogiem, w\u0142a\u015bnie od \u015awi\u0119tej Rodziny, wczytuj\u0105c si\u0119 w opisy ewangeliczne dzieci\u0144stwa Jezusa. Mo\u017cemy rozpocz\u0105\u0107 od przedstawienia Jezusa w \u015bwi\u0105tyni. \u015awi\u0119ty \u0141ukasz m\u00f3wi nam, \u017ce Maryja i J\u00f3zef <b style=\"mso-bidi-font-weight: normal;\"><i style=\"mso-bidi-font-style: normal;\">kiedy up\u0142yn\u0119\u0142y dni ich oczyszczenia wed\u0142ug Prawa Moj\u017ceszowego, przynie\u015bli Dzieci\u0119 do Jerozolimy, aby przedstawi\u0107 Je Panu<\/i>.<\/b> Jak ka\u017cda rodzina \u017cydowska zachowuj\u0105ca Prawo, Rodzice Jezusa udali si\u0119 do \u015bwi\u0105tyni, <b style=\"mso-bidi-font-weight: normal;\">aby ofiarowa\u0107 Bogu pierworodnego i by z\u0142o\u017cy\u0107 ofiar\u0119.<\/b> Kierowani wierno\u015bci\u0105 przepisom Prawa, wyruszyli z Betlejem, aby uda\u0107 si\u0119 do Jerozolimy <b style=\"mso-bidi-font-weight: normal;\">z Jezusem, kt\u00f3ry ma tylko czterdzie\u015bci dni.<\/b> Zamiast jednorocznego jagni\u0119cia, sk\u0142adaj\u0105 ofiar\u0119 ludzi ubogich, czyli dwa go\u0142\u0119bie. <\/div>\n<div class=\"MsoNormal\" style=\"text-align: justify; text-indent: 35.4pt;\">Pielgrzymka \u015awi\u0119tej Rodziny jest <b style=\"mso-bidi-font-weight: normal;\">pielgrzymk\u0105 wiary, z\u0142o\u017cenia daru, symbolem modlitwy i spotkania z Panem,<\/b> kt\u00f3rego Maryja i J\u00f3zef <b style=\"mso-bidi-font-weight: normal;\">zobaczyli w swym Synu \u2013 Jezusie.<\/b> Kontemplacja Chrystusa ma w Maryi sw\u00f3j niezr\u00f3wnany wz\u00f3r. Oblicze Syna przynale\u017cy do Niej z tej szczeg\u00f3lnej racji, \u017ce to <b style=\"mso-bidi-font-weight: normal;\">w Jej \u0142onie zosta\u0142 On ukszta\u0142towany, <\/b>bior\u0105c z Niej r\u00f3wnie\u017c ludzkie podobie\u0144stwo.<b style=\"mso-bidi-font-weight: normal;\"> Nikt nie oddawa\u0142 si\u0119 kontemplacji Jezusa tak wytrwale, jak Matka Bo\u017ca.<\/b> Spojrzenie Jej serca koncentruje si\u0119 na Nim ju\u017c w chwili Zwiastowania, kiedy pocz\u0119\u0142a Go przez Ducha \u015awi\u0119tego. W nast\u0119pnych miesi\u0105cach zauwa\u017ca stopniowo Jego obecno\u015b\u0107, <b style=\"mso-bidi-font-weight: normal;\">a\u017c do dnia porodu, kiedy to Jej spojrzenie mo\u017ce z macierzy\u0144sk\u0105 czu\u0142o\u015bci\u0105 spocz\u0105\u0107 na obliczu Syna,<\/b> gdy owija Go w pieluszki i k\u0142adzie w \u017c\u0142obie. <\/div>\n<div class=\"MsoNormal\" style=\"text-align: justify; text-indent: 35.4pt;\">Wspomnienia o Jezusie, zachowane w Jej pami\u0119ci i w sercu, naznaczy\u0142y ka\u017cd\u0105 chwil\u0119 \u017cycia Maryi. \u017byje ona z oczyma utkwionymi w Chrystusie i jak skarb zachowuje ka\u017cde Jego s\u0142owo. <b style=\"mso-bidi-font-weight: normal;\"><i style=\"mso-bidi-font-style: normal;\">Ona za\u015b zachowywa\u0142a wszystkie te sprawy i rozwa\u017ca\u0142a je w swoim sercu<\/i><\/b> \u2013 tak \u015awi\u0119ty \u0141ukasz przedstawia postaw\u0119 Maryi wobec tajemnicy Wcielenia; postaw\u0119, kt\u00f3ra obejmuje ca\u0142e Jej istnienie. \u0141ukasz jest Ewangelist\u0105, kt\u00f3ry <b style=\"mso-bidi-font-weight: normal;\">pozwala nam poznawa\u0107 serce Maryi, Jej wiar\u0119, Jej nadziej\u0119 i pos\u0142usze\u0144stwo, Jej wewn\u0119trzne \u017cycie i modlitw\u0119, Jej dobrowolne przylgni\u0119cie do Chrystusa.<\/b> A wszystko to pochodzi z daru Ducha \u015awi\u0119tego, zst\u0119puj\u0105cego na Ni\u0105, tak jak zst\u0105pi na Aposto\u0142\u00f3w, zgodnie z obietnic\u0105 Chrystusa. <b style=\"mso-bidi-font-weight: normal;\">Ten obraz Maryi przedstawia on jako wz\u00f3r ka\u017cdego wierz\u0105cego,<\/b> kt\u00f3ry zachowuje s\u0142owa i czyny Jezusa, i konfrontuje si\u0119 z nimi, co wi\u0105\u017ce si\u0119 ze wzrastaniem w poznawaniu Go. <\/div>\n<div class=\"MsoNormal\" style=\"text-align: justify; text-indent: 35.4pt;\">Zgodnie z my\u015bl\u0105 B\u0142ogos\u0142awionego Jana Paw\u0142a II mo\u017cemy powiedzie\u0107, \u017ce <b style=\"mso-bidi-font-weight: normal;\">modlitwa r\u00f3\u017ca\u0144cowa czerpie wz\u00f3r z Maryi, poniewa\u017c polega na kontemplacji tajemnic Chrystusa w duchowej jedno\u015bci z Ni\u0105.<\/b> Zdolno\u015b\u0107 Maryi do \u017cycia spojrzeniem Boga jest \u2013 mo\u017cna powiedzie\u0107 \u2013 <b style=\"mso-bidi-font-weight: normal;\">zara\u017aliwa<\/b>. Pierwszym, kt\u00f3ry tego do\u015bwiadcza\u0142, by\u0142 \u015awi\u0119ty J\u00f3zef. Jego pokorna i szczera mi\u0142o\u015b\u0107 do Narzeczonej oraz decyzja, by z\u0142\u0105czy\u0107 swoje \u017cycie z \u017cyciem Maryi, kt\u00f3ra fascynowa\u0142a go jako \u201ecz\u0142owieka sprawiedliwego\u201d, <b style=\"mso-bidi-font-weight: normal;\">wprowadzi\u0142a go w szczeg\u00f3ln\u0105 za\u017cy\u0142o\u015b\u0107 z Bogiem.<\/b> W istocie, z Maryj\u0105, a nast\u0119pnie \u2013 przede wszystkim \u2013 <b style=\"mso-bidi-font-weight: normal;\">z Jezusem,<\/b> zaczyna si\u0119 dla niego nowy spos\u00f3b budowania relacji z Bogiem, przyjmowania Go w swoim \u017cyciu i wchodzenia w Jego plan zbawienia, wype\u0142niania Jego woli. <\/div>\n<div class=\"MsoNormal\" style=\"text-align: justify; text-indent: 35.4pt;\">Po wype\u0142nieniu z ufno\u015bci\u0105 wskaza\u0144 Anio\u0142a: <b style=\"mso-bidi-font-weight: normal;\"><i style=\"mso-bidi-font-style: normal;\">Nie b\u00f3j si\u0119 wzi\u0105\u0107 do siebie Maryi, twej Ma\u0142\u017conki<\/i>,<\/b> wzi\u0105\u0142 on ze sob\u0105 Maryj\u0119 i dzieli\u0142 z Ni\u0105 swoje \u017cycie. <b style=\"mso-bidi-font-weight: normal;\">Naprawd\u0119, odda\u0142 si\u0119 ca\u0142y Maryi i Jezusowi<\/b> \u2013 i to doprowadzi\u0142o do doskona\u0142ej odpowiedzi na otrzymane powo\u0142anie. <b style=\"mso-bidi-font-weight: normal;\">Ewangelia, jak wiemy, nie zachowa\u0142a \u017cadnego s\u0142owa J\u00f3zefa: jego obecno\u015b\u0107 jest cicha, ale wierna, sta\u0142a, dzia\u0142aj\u0105ca.<\/b> Mo\u017cemy sobie wyobrazi\u0107, \u017ce tak\u017ce on, podobnie jak jego Oblubienica \u2013 i w za\u017cy\u0142ej harmonii z Ni\u0105 \u2013 <b style=\"mso-bidi-font-weight: normal;\">prze\u017cywa\u0142 lata dzieci\u0144stwa i dorastania Jezusa,<\/b> smakuj\u0105c jakby Jego obecno\u015b\u0107 w ich Rodzinie. <\/div>\n<div class=\"MsoNormal\" style=\"text-align: justify; text-indent: 35.4pt;\">J\u00f3zef w pe\u0142ni, pod ka\u017cdym wzgl\u0119dem, <b style=\"mso-bidi-font-weight: normal;\">zrealizowa\u0142 swoj\u0105 rol\u0119 ojca. Z pewno\u015bci\u0105 wychowa\u0142 Jezusa do modlitwy, wraz z Maryj\u0105.<\/b> To szczeg\u00f3lnie on prowadzi\u0142 Jezusa do synagogi, na obrz\u0119dy szabatu, jak r\u00f3wnie\u017c do Jerozolimy, na wielkie \u015bwi\u0119ta ludu Izraela. J\u00f3zef, zgodnie z tradycj\u0105 \u017cydowsk\u0105, <b style=\"mso-bidi-font-weight: normal;\">prowadzi\u0142 modlitw\u0119 domow\u0105:<\/b> zar\u00f3wno codzienn\u0105, porann\u0105 i wieczorn\u0105, przy posi\u0142kach, czy te\u017c podczas g\u0142\u00f3wnych wydarze\u0144 religijnych. <b style=\"mso-bidi-font-weight: normal;\">I tak w rytmie powszedniego dnia, prze\u017cywanego w Nazarecie,<\/b> pomi\u0119dzy prostym domem i warsztatem J\u00f3zefa, Jezus nauczy\u0142 si\u0119 <b style=\"mso-bidi-font-weight: normal;\">przeplata\u0107 modlitw\u0119 i prac\u0119 \u2013 i ofiarowa\u0107 Bogu tak\u017ce trud zdobywania chleba na utrzymanie Rodziny.<\/b> <\/div>\n<div class=\"MsoNormal\" style=\"text-align: justify; text-indent: 35.4pt;\">Jest jeszcze inne wydarzenie, podczas kt\u00f3rego widzimy \u015awi\u0119t\u0105 Rodzin\u0119 z Nazaretu, zgromadzon\u0105 razem na modlitwie. Kiedy Jezus ma dwana\u015bcie lat, udaje si\u0119 wraz z Rodzicami do \u015bwi\u0105tyni w Jerozolimie. Ca\u0142e to wydarzenie odbywa si\u0119 podczas pielgrzymki \u2013 jak nam to podkre\u015bla \u015awi\u0119ty \u0141ukasz: <b style=\"mso-bidi-font-weight: normal;\"><i style=\"mso-bidi-font-style: normal;\">Rodzice Jego chodzili co roku do Jerozolimy na \u015awi\u0119to Paschy. Gdy mia\u0142 lat dwana\u015bcie, udali si\u0119 tam zwyczajem \u015bwi\u0105tecznym<\/i>.<\/b> Pielgrzymka stanowi sama w sobie wydarzenie <b style=\"mso-bidi-font-weight: normal;\">o wymiarze religijnym,<\/b> kt\u00f3re przepe\u0142nione jest modlitw\u0105 i \u2013 w tym samym czasie \u2013 t\u0119 modlitw\u0119 o\u017cywia. Tutaj chodzi o pielgrzymk\u0119 zwi\u0105zan\u0105 z Pasch\u0105. <\/div>\n<div class=\"MsoNormal\" style=\"text-align: justify; text-indent: 35.4pt;\">Ewangelista pozwala nam zauwa\u017cy\u0107, \u017ce <b style=\"mso-bidi-font-weight: normal;\">Rodzina Jezusa czyni\u0142a to ka\u017cdego roku, <\/b>aby prze\u017cywa\u0107 celebracje w \u015awi\u0119tym Mie\u015bcie. Rodzina hebrajska, tak jak chrze\u015bcija\u0144ska, modli si\u0119 w zaciszu domu, <b style=\"mso-bidi-font-weight: normal;\">ale modli si\u0119 tak\u017ce razem ze wsp\u00f3lnot\u0105, uznaj\u0105c tym samym, \u017ce jest cz\u0119\u015bci\u0105 Ludu Bo\u017cego w drodze.<\/b> Pascha stanowi centrum i szczyt tego wszystkiego, i wi\u0105\u017ce w sobie zar\u00f3wno wymiar rodzinny, jak i ten liturgiczny, i ten spo\u0142eczny. W tym wydarzeniu, prze\u017cytym przez dwunastoletniego Jezusa, <b style=\"mso-bidi-font-weight: normal;\">s\u0142yszymy tak\u017ce Jego pierwsze s\u0142owa: <i style=\"mso-bidi-font-style: normal;\">Czemu\u015bcie Mnie szukali<\/i>? <i style=\"mso-bidi-font-style: normal;\">Czy nie wiedzieli\u015bcie, \u017ce powinienem by\u0107 w tym, co nale\u017cy do mego Ojca<\/i>?<\/b> Po trzydniowym poszukiwaniu, Jego Rodzice znajduj\u0105 Go w \u015bwi\u0105tyni, siedz\u0105cego pomi\u0119dzy uczonymi, s\u0142uchaj\u0105cego i zadaj\u0105cego pytania. Na pytanie Rodzic\u00f3w odpowiada: <b style=\"mso-bidi-font-weight: normal;\"><i style=\"mso-bidi-font-style: normal;\">Czy nie wiedzieli\u015bcie, \u017ce powinienem by\u0107 w tym, co nale\u017cy do mego Ojca<\/i>?<\/b> <\/div>\n<div class=\"MsoNormal\" style=\"text-align: justify; text-indent: 35.4pt;\">S\u0142owo \u201eOjciec\u201d stanowi klucz dost\u0119pu do tajemnicy chrze\u015bcija\u0144skiej modlitwy i Jezus pewnego dnia nuczy jej swoich uczni\u00f3w, m\u00f3wi\u0105c do nich: <i style=\"mso-bidi-font-style: normal;\">Kiedy si\u0119 modlicie, m\u00f3wcie: Ojcze<\/i>&#8230;. Ale tutaj, kiedy Jezus jest wci\u0105\u017c zanurzony w \u017cycie Rodziny z Nazaretu, trzeba zauwa\u017cy\u0107, <b style=\"mso-bidi-font-weight: normal;\">jaki odd\u017awi\u0119k mog\u0142o wywo\u0142a\u0107 w sercach Maryi i J\u00f3zefa, wypowiedziane przez usta Jezusa s\u0142owo \u201eOjciec\u201d<\/b> \u2013 i po\u0142\u0105czy\u0107 je z postaci\u0105 Pierworodnego Syna, kt\u00f3ry w\u0142a\u015bnie dlatego chcia\u0142 pozosta\u0107 przez trzy dni w \u015bwi\u0105tyni, kt\u00f3ra jest \u201edomem Ojca\u201d. <\/div>\n<div class=\"MsoNormal\" style=\"text-align: justify; text-indent: 35.4pt;\">Od tamtej chwili, <b style=\"mso-bidi-font-weight: normal;\">\u017cycie \u015awi\u0119tej Rodziny jeszcze bardziej przepe\u0142nione by\u0142o modlitw\u0105,<\/b> gdy\u017c w sercu Jezusa dziecka \u2013 a potem m\u0142odzie\u0144ca i doros\u0142ego m\u0119\u017cczyzny \u2013 nigdy nie przestanie rozprzestrzenia\u0107 si\u0119, pobudzaj\u0105c do refleksji serce Maryi i J\u00f3zefa, <b style=\"mso-bidi-font-weight: normal;\">owo g\u0142\u0119bokie poczucie \u0142\u0105czno\u015bci z Bogiem Ojcem.<\/b> Rodzina z Nazaretu stanowi <b style=\"mso-bidi-font-weight: normal;\">najlepszy przyk\u0142ad Ko\u015bcio\u0142a,<\/b> w kt\u00f3rym, poprzez obecno\u015b\u0107 Jezusa i poprzez Jego po\u015brednictwo, <b style=\"mso-bidi-font-weight: normal;\">wszyscy prze\u017cywaj\u0105 synowsk\u0105 \u0142\u0105czno\u015b\u0107 z Bogiem,<\/b> kt\u00f3ra z kolei zmienia tak\u017ce relacje mi\u0119dzyludzkie. <\/div>\n<div class=\"MsoNormal\" style=\"text-align: justify; text-indent: 35.4pt;\">Drodzy Przyjaciele, to dzi\u0119ki tym r\u00f3\u017cnym wymiarom, na kt\u00f3re \u2013 w \u015bwietle Ewangelii \u2013 pokr\u00f3tce wskaza\u0142em, <b style=\"mso-bidi-font-weight: normal;\">\u015awi\u0119ta Rodzina jest ikon\u0105 Ko\u015bcio\u0142a domowego, powo\u0142anego do wsp\u00f3lnej modlitwy. Rodzina jest pierwsz\u0105 szko\u0142\u0105 modlitwy.<\/b> To w niej dzieci, od najm\u0142odszych lat, mog\u0105 uczy\u0107 si\u0119 tego szczeg\u00f3lnego odczuwania Boga, poprzez przyk\u0142ad rodzic\u00f3w. <b style=\"mso-bidi-font-weight: normal;\">Wychowanie autentycznie chrze\u015bcija\u0144skie nie mo\u017ce pomija\u0107 do\u015bwiadczenia modlitwy.<\/b> Je\u015bli nie nauczymy si\u0119 modli\u0107 w rodzinie, to <b style=\"mso-bidi-font-weight: normal;\">owa pustka b\u0119dzie trudna do wype\u0142nienia. <\/b>Dlatego te\u017c chcia\u0142bym skierowa\u0107 zaproszenie, aby <b style=\"mso-bidi-font-weight: normal;\">odkrywa\u0107 na nowo pi\u0119kno wsp\u00f3lnej modlitwy w rodzinie<\/b> \u2013 w szkole \u015awi\u0119tej Rodziny z Nazaretu.\u201d<\/div>\n<div class=\"MsoNormal\" style=\"text-align: justify; text-indent: 35.4pt;\">Kochani, takimi to refleksjami podzieli\u0142 si\u0119 z nami dwa dni temu Ojciec \u015awi\u0119ty Benedykt XVI. Bior\u0105c pod uwag\u0119 us\u0142yszane s\u0142owa, w ich kontek\u015bcie zastan\u00f3wmy si\u0119:<\/div>\n<div class=\"MsoNormal\" style=\"margin-left: 36.0pt; mso-list: l0 level1 lfo1; tab-stops: list 36.0pt; text-align: justify; text-indent: -18.0pt;\">\u00b7&nbsp;&nbsp;&nbsp;&nbsp;&nbsp;&nbsp;&nbsp; Czy w moim domu jest praktykowana wsp\u00f3lna modlitwa, a je\u017celi nie, to co zrobi\u0107, aby by\u0142a?<\/div>\n<div class=\"MsoNormal\" style=\"margin-left: 36.0pt; mso-list: l0 level1 lfo1; tab-stops: list 36.0pt; text-align: justify; text-indent: -18.0pt;\">\u00b7&nbsp;&nbsp;&nbsp;&nbsp;&nbsp;&nbsp;&nbsp; Jak\u0105 atmosfer\u0119 ja tworz\u0119 w swojej rodzinie?<\/div>\n<div class=\"MsoNormal\" style=\"margin-left: 36.0pt; mso-list: l0 level1 lfo1; tab-stops: list 36.0pt; text-align: justify; text-indent: -18.0pt;\">\u00b7&nbsp;&nbsp;&nbsp;&nbsp;&nbsp;&nbsp;&nbsp; Czy B\u00f3g ma swoje miejsce w mojej rodzinie codziennie, czy tylko od wielkiego \u015bwi\u0119ta?<\/div>\n<div class=\"MsoNormal\" style=\"text-align: justify;\">\n<\/div>\n<div class=\"MsoNormal\" style=\"text-align: justify;\"><b style=\"mso-bidi-font-weight: normal;\"><i style=\"mso-bidi-font-style: normal;\">Pan uczci\u0142 ojca przez dzieci, a prawa matki nad synami utwierdzi\u0142<\/i><\/b>.<\/div>\n","protected":false},"excerpt":{"rendered":"<p>Szcz\u0119\u015b\u0107 Bo\u017ce! Kochani, nie dlatego, \u017ce id\u0119 na \u0142atwizn\u0119, ale dlatego, \u017ce bardzo przem\u00f3wi\u0142o do mnie rozwa\u017canie Benedykta XVI z ostatniej \u015brody, pozwoli\u0142em sobie skorzysta\u0107 z tych pi\u0119knych i m\u0105drych s\u0142\u00f3w &#8211; i uczyni\u0107 je rozwa\u017caniem na dzisiejsze \u015awi\u0119to. Naturalnie, wskazuj\u0119 na Autora, niczego nie przypisuj\u0119 sobie. Natomiast uwa\u017cam, \u017ce cz\u0119\u015bciej powinni\u015bmy ws\u0142uchiwa\u0107 si\u0119 uwa\u017cnie [&hellip;]<\/p>\n","protected":false},"author":1,"featured_media":0,"comment_status":"open","ping_status":"open","sticky":false,"template":"","format":"standard","meta":{"jetpack_post_was_ever_published":false,"_jetpack_newsletter_access":"","_jetpack_dont_email_post_to_subs":false,"_jetpack_newsletter_tier_id":0,"_jetpack_memberships_contains_paywalled_content":false,"_jetpack_memberships_contains_paid_content":false,"footnotes":""},"categories":[1],"tags":[],"class_list":["post-9626","post","type-post","status-publish","format-standard","hentry","category-bez-kategorii"],"yoast_head":"<!-- This site is optimized with the Yoast SEO plugin v25.1 - https:\/\/yoast.com\/wordpress\/plugins\/seo\/ -->\n<title>Czy moja rodzina - to \u015bwi\u0119ta rodzina? - Gaudium Et Spes<\/title>\n<meta name=\"robots\" content=\"index, follow, max-snippet:-1, max-image-preview:large, max-video-preview:-1\" \/>\n<link rel=\"canonical\" href=\"https:\/\/gaudiumetspes-blog.pl\/index.php\/2011\/12\/30\/czy-moja-rodzina-to-swieta-rodzina\/\" \/>\n<meta property=\"og:locale\" content=\"pl_PL\" \/>\n<meta property=\"og:type\" content=\"article\" \/>\n<meta property=\"og:title\" content=\"Czy moja rodzina - to \u015bwi\u0119ta rodzina? - Gaudium Et Spes\" \/>\n<meta property=\"og:description\" content=\"Szcz\u0119\u015b\u0107 Bo\u017ce! Kochani, nie dlatego, \u017ce id\u0119 na \u0142atwizn\u0119, ale dlatego, \u017ce bardzo przem\u00f3wi\u0142o do mnie rozwa\u017canie Benedykta XVI z ostatniej \u015brody, pozwoli\u0142em sobie skorzysta\u0107 z tych pi\u0119knych i m\u0105drych s\u0142\u00f3w &#8211; i uczyni\u0107 je rozwa\u017caniem na dzisiejsze \u015awi\u0119to. Naturalnie, wskazuj\u0119 na Autora, niczego nie przypisuj\u0119 sobie. Natomiast uwa\u017cam, \u017ce cz\u0119\u015bciej powinni\u015bmy ws\u0142uchiwa\u0107 si\u0119 uwa\u017cnie [&hellip;]\" \/>\n<meta property=\"og:url\" content=\"https:\/\/gaudiumetspes-blog.pl\/index.php\/2011\/12\/30\/czy-moja-rodzina-to-swieta-rodzina\/\" \/>\n<meta property=\"og:site_name\" content=\"Gaudium Et Spes\" \/>\n<meta property=\"article:published_time\" content=\"2011-12-30T07:45:00+00:00\" \/>\n<meta property=\"article:modified_time\" content=\"2019-07-31T10:52:54+00:00\" \/>\n<meta name=\"author\" content=\"Ks. Jacek\" \/>\n<meta name=\"twitter:card\" content=\"summary_large_image\" \/>\n<meta name=\"twitter:label1\" content=\"Napisane przez\" \/>\n\t<meta name=\"twitter:data1\" content=\"Ks. Jacek\" \/>\n\t<meta name=\"twitter:label2\" content=\"Szacowany czas czytania\" \/>\n\t<meta name=\"twitter:data2\" content=\"10 minut\" \/>\n<script type=\"application\/ld+json\" class=\"yoast-schema-graph\">{\"@context\":\"https:\/\/schema.org\",\"@graph\":[{\"@type\":\"WebPage\",\"@id\":\"https:\/\/gaudiumetspes-blog.pl\/index.php\/2011\/12\/30\/czy-moja-rodzina-to-swieta-rodzina\/\",\"url\":\"https:\/\/gaudiumetspes-blog.pl\/index.php\/2011\/12\/30\/czy-moja-rodzina-to-swieta-rodzina\/\",\"name\":\"Czy moja rodzina - to \u015bwi\u0119ta rodzina? - Gaudium Et Spes\",\"isPartOf\":{\"@id\":\"https:\/\/gaudiumetspes-blog.pl\/#website\"},\"datePublished\":\"2011-12-30T07:45:00+00:00\",\"dateModified\":\"2019-07-31T10:52:54+00:00\",\"author\":{\"@id\":\"https:\/\/gaudiumetspes-blog.pl\/#\/schema\/person\/1661982992b752dea8dff0d4ed845a65\"},\"breadcrumb\":{\"@id\":\"https:\/\/gaudiumetspes-blog.pl\/index.php\/2011\/12\/30\/czy-moja-rodzina-to-swieta-rodzina\/#breadcrumb\"},\"inLanguage\":\"pl-PL\",\"potentialAction\":[{\"@type\":\"ReadAction\",\"target\":[\"https:\/\/gaudiumetspes-blog.pl\/index.php\/2011\/12\/30\/czy-moja-rodzina-to-swieta-rodzina\/\"]}]},{\"@type\":\"BreadcrumbList\",\"@id\":\"https:\/\/gaudiumetspes-blog.pl\/index.php\/2011\/12\/30\/czy-moja-rodzina-to-swieta-rodzina\/#breadcrumb\",\"itemListElement\":[{\"@type\":\"ListItem\",\"position\":1,\"name\":\"Strona g\u0142\u00f3wna\",\"item\":\"https:\/\/gaudiumetspes-blog.pl\/\"},{\"@type\":\"ListItem\",\"position\":2,\"name\":\"Czy&nbsp;moja rodzina &#8211; to&nbsp;\u015bwi\u0119ta rodzina?\"}]},{\"@type\":\"WebSite\",\"@id\":\"https:\/\/gaudiumetspes-blog.pl\/#website\",\"url\":\"https:\/\/gaudiumetspes-blog.pl\/\",\"name\":\"Gaudium Et Spes\",\"description\":\"Blog Ks. Jacka Ja\u015bkowskiego\",\"potentialAction\":[{\"@type\":\"SearchAction\",\"target\":{\"@type\":\"EntryPoint\",\"urlTemplate\":\"https:\/\/gaudiumetspes-blog.pl\/?s={search_term_string}\"},\"query-input\":{\"@type\":\"PropertyValueSpecification\",\"valueRequired\":true,\"valueName\":\"search_term_string\"}}],\"inLanguage\":\"pl-PL\"},{\"@type\":\"Person\",\"@id\":\"https:\/\/gaudiumetspes-blog.pl\/#\/schema\/person\/1661982992b752dea8dff0d4ed845a65\",\"name\":\"Ks. Jacek\",\"image\":{\"@type\":\"ImageObject\",\"inLanguage\":\"pl-PL\",\"@id\":\"https:\/\/gaudiumetspes-blog.pl\/#\/schema\/person\/image\/\",\"url\":\"https:\/\/gaudiumetspes-blog.pl\/wp-content\/uploads\/2019\/07\/avatar-JJ-150x150.jpg\",\"contentUrl\":\"https:\/\/gaudiumetspes-blog.pl\/wp-content\/uploads\/2019\/07\/avatar-JJ-150x150.jpg\",\"caption\":\"Ks. Jacek\"},\"description\":\"Witam serdecznie! K\u0142ania si\u0119 Ks. Jacek Ja\u015bkowski. Nie jestem ani kim\u015b wa\u017cnym, ani kim\u015b znanym. Jestem ksi\u0119dzem, kt\u00f3ry po prostu chce rozmawia\u0107. Codzienna kap\u0142a\u0144ska pos\u0142uga pokazuje mi, \u017ce temat\u00f3w do rozm\u00f3w z ksi\u0119dzem jest coraz wi\u0119cej i dzisiaj \u017caden ksi\u0105dz nie mo\u017ce od nich ucieka\u0107, ale - wprost przeciwnie - podejmowa\u0107 nowe wyzwania. To przekonanie sk\u0142oni\u0142o mnie do pr\u00f3by otwarcia tego\u017c bloga, chocia\u017c okazji do rozm\u00f3w na co dzie\u0144 - w konfesjonale i poza nim - na szcz\u0119\u015bcie nie brakuje. My\u015bl\u0119 jednak, \u017ce ten blog b\u0119dzie jeszcze jednym sposobem i przestrzeni\u0105 nawi\u0105zania kontaktu z lud\u017ami dobrej woli, otwartymi na dialog.\",\"url\":\"https:\/\/gaudiumetspes-blog.pl\/index.php\/author\/ks-jacek\/\"}]}<\/script>\n<!-- \/ Yoast SEO plugin. -->","yoast_head_json":{"title":"Czy moja rodzina - to \u015bwi\u0119ta rodzina? - Gaudium Et Spes","robots":{"index":"index","follow":"follow","max-snippet":"max-snippet:-1","max-image-preview":"max-image-preview:large","max-video-preview":"max-video-preview:-1"},"canonical":"https:\/\/gaudiumetspes-blog.pl\/index.php\/2011\/12\/30\/czy-moja-rodzina-to-swieta-rodzina\/","og_locale":"pl_PL","og_type":"article","og_title":"Czy moja rodzina - to \u015bwi\u0119ta rodzina? - Gaudium Et Spes","og_description":"Szcz\u0119\u015b\u0107 Bo\u017ce! Kochani, nie dlatego, \u017ce id\u0119 na \u0142atwizn\u0119, ale dlatego, \u017ce bardzo przem\u00f3wi\u0142o do mnie rozwa\u017canie Benedykta XVI z ostatniej \u015brody, pozwoli\u0142em sobie skorzysta\u0107 z tych pi\u0119knych i m\u0105drych s\u0142\u00f3w &#8211; i uczyni\u0107 je rozwa\u017caniem na dzisiejsze \u015awi\u0119to. Naturalnie, wskazuj\u0119 na Autora, niczego nie przypisuj\u0119 sobie. Natomiast uwa\u017cam, \u017ce cz\u0119\u015bciej powinni\u015bmy ws\u0142uchiwa\u0107 si\u0119 uwa\u017cnie [&hellip;]","og_url":"https:\/\/gaudiumetspes-blog.pl\/index.php\/2011\/12\/30\/czy-moja-rodzina-to-swieta-rodzina\/","og_site_name":"Gaudium Et Spes","article_published_time":"2011-12-30T07:45:00+00:00","article_modified_time":"2019-07-31T10:52:54+00:00","author":"Ks. Jacek","twitter_card":"summary_large_image","twitter_misc":{"Napisane przez":"Ks. Jacek","Szacowany czas czytania":"10 minut"},"schema":{"@context":"https:\/\/schema.org","@graph":[{"@type":"WebPage","@id":"https:\/\/gaudiumetspes-blog.pl\/index.php\/2011\/12\/30\/czy-moja-rodzina-to-swieta-rodzina\/","url":"https:\/\/gaudiumetspes-blog.pl\/index.php\/2011\/12\/30\/czy-moja-rodzina-to-swieta-rodzina\/","name":"Czy moja rodzina - to \u015bwi\u0119ta rodzina? - Gaudium Et Spes","isPartOf":{"@id":"https:\/\/gaudiumetspes-blog.pl\/#website"},"datePublished":"2011-12-30T07:45:00+00:00","dateModified":"2019-07-31T10:52:54+00:00","author":{"@id":"https:\/\/gaudiumetspes-blog.pl\/#\/schema\/person\/1661982992b752dea8dff0d4ed845a65"},"breadcrumb":{"@id":"https:\/\/gaudiumetspes-blog.pl\/index.php\/2011\/12\/30\/czy-moja-rodzina-to-swieta-rodzina\/#breadcrumb"},"inLanguage":"pl-PL","potentialAction":[{"@type":"ReadAction","target":["https:\/\/gaudiumetspes-blog.pl\/index.php\/2011\/12\/30\/czy-moja-rodzina-to-swieta-rodzina\/"]}]},{"@type":"BreadcrumbList","@id":"https:\/\/gaudiumetspes-blog.pl\/index.php\/2011\/12\/30\/czy-moja-rodzina-to-swieta-rodzina\/#breadcrumb","itemListElement":[{"@type":"ListItem","position":1,"name":"Strona g\u0142\u00f3wna","item":"https:\/\/gaudiumetspes-blog.pl\/"},{"@type":"ListItem","position":2,"name":"Czy&nbsp;moja rodzina &#8211; to&nbsp;\u015bwi\u0119ta rodzina?"}]},{"@type":"WebSite","@id":"https:\/\/gaudiumetspes-blog.pl\/#website","url":"https:\/\/gaudiumetspes-blog.pl\/","name":"Gaudium Et Spes","description":"Blog Ks. Jacka Ja\u015bkowskiego","potentialAction":[{"@type":"SearchAction","target":{"@type":"EntryPoint","urlTemplate":"https:\/\/gaudiumetspes-blog.pl\/?s={search_term_string}"},"query-input":{"@type":"PropertyValueSpecification","valueRequired":true,"valueName":"search_term_string"}}],"inLanguage":"pl-PL"},{"@type":"Person","@id":"https:\/\/gaudiumetspes-blog.pl\/#\/schema\/person\/1661982992b752dea8dff0d4ed845a65","name":"Ks. Jacek","image":{"@type":"ImageObject","inLanguage":"pl-PL","@id":"https:\/\/gaudiumetspes-blog.pl\/#\/schema\/person\/image\/","url":"https:\/\/gaudiumetspes-blog.pl\/wp-content\/uploads\/2019\/07\/avatar-JJ-150x150.jpg","contentUrl":"https:\/\/gaudiumetspes-blog.pl\/wp-content\/uploads\/2019\/07\/avatar-JJ-150x150.jpg","caption":"Ks. Jacek"},"description":"Witam serdecznie! K\u0142ania si\u0119 Ks. Jacek Ja\u015bkowski. Nie jestem ani kim\u015b wa\u017cnym, ani kim\u015b znanym. Jestem ksi\u0119dzem, kt\u00f3ry po prostu chce rozmawia\u0107. Codzienna kap\u0142a\u0144ska pos\u0142uga pokazuje mi, \u017ce temat\u00f3w do rozm\u00f3w z ksi\u0119dzem jest coraz wi\u0119cej i dzisiaj \u017caden ksi\u0105dz nie mo\u017ce od nich ucieka\u0107, ale - wprost przeciwnie - podejmowa\u0107 nowe wyzwania. To przekonanie sk\u0142oni\u0142o mnie do pr\u00f3by otwarcia tego\u017c bloga, chocia\u017c okazji do rozm\u00f3w na co dzie\u0144 - w konfesjonale i poza nim - na szcz\u0119\u015bcie nie brakuje. My\u015bl\u0119 jednak, \u017ce ten blog b\u0119dzie jeszcze jednym sposobem i przestrzeni\u0105 nawi\u0105zania kontaktu z lud\u017ami dobrej woli, otwartymi na dialog.","url":"https:\/\/gaudiumetspes-blog.pl\/index.php\/author\/ks-jacek\/"}]}},"jetpack_featured_media_url":"","jetpack_sharing_enabled":true,"_links":{"self":[{"href":"https:\/\/gaudiumetspes-blog.pl\/index.php\/wp-json\/wp\/v2\/posts\/9626","targetHints":{"allow":["GET"]}}],"collection":[{"href":"https:\/\/gaudiumetspes-blog.pl\/index.php\/wp-json\/wp\/v2\/posts"}],"about":[{"href":"https:\/\/gaudiumetspes-blog.pl\/index.php\/wp-json\/wp\/v2\/types\/post"}],"author":[{"embeddable":true,"href":"https:\/\/gaudiumetspes-blog.pl\/index.php\/wp-json\/wp\/v2\/users\/1"}],"replies":[{"embeddable":true,"href":"https:\/\/gaudiumetspes-blog.pl\/index.php\/wp-json\/wp\/v2\/comments?post=9626"}],"version-history":[{"count":1,"href":"https:\/\/gaudiumetspes-blog.pl\/index.php\/wp-json\/wp\/v2\/posts\/9626\/revisions"}],"predecessor-version":[{"id":10457,"href":"https:\/\/gaudiumetspes-blog.pl\/index.php\/wp-json\/wp\/v2\/posts\/9626\/revisions\/10457"}],"wp:attachment":[{"href":"https:\/\/gaudiumetspes-blog.pl\/index.php\/wp-json\/wp\/v2\/media?parent=9626"}],"wp:term":[{"taxonomy":"category","embeddable":true,"href":"https:\/\/gaudiumetspes-blog.pl\/index.php\/wp-json\/wp\/v2\/categories?post=9626"},{"taxonomy":"post_tag","embeddable":true,"href":"https:\/\/gaudiumetspes-blog.pl\/index.php\/wp-json\/wp\/v2\/tags?post=9626"}],"curies":[{"name":"wp","href":"https:\/\/api.w.org\/{rel}","templated":true}]}}