{"id":9628,"date":"2011-12-28T07:55:00","date_gmt":"2011-12-28T06:55:00","guid":{"rendered":"https:\/\/gaudiumetspes-blog.pl\/index.php\/2011\/12\/28\/kto-jest-winny-cierpienia-niewinnyc\/"},"modified":"2019-07-31T12:52:54","modified_gmt":"2019-07-31T10:52:54","slug":"kto-jest-winny-cierpienia-niewinnyc","status":"publish","type":"post","link":"https:\/\/gaudiumetspes-blog.pl\/index.php\/2011\/12\/28\/kto-jest-winny-cierpienia-niewinnyc\/","title":{"rendered":"Kto jest winny cierpienia niewinnych?&#8230;"},"content":{"rendered":"<p><\/p>\n<div class=\"MsoNormal\" style=\"text-align: justify;\">Szcz\u0119\u015b\u0107 Bo\u017ce! Dzisiaj znowu dotykamy tematu cierpienia &#8211; tego znoszonego, ale i tego&#8230; zadawanego. Zapraszam do refleksji! S\u0105 to bowiem sprawy, kt\u00f3re nas wszystkich w jakim\u015b wymiarze dotycz\u0105&#8230;&nbsp;<\/div>\n<div class=\"MsoNormal\" style=\"text-align: justify;\">&nbsp;&nbsp;&nbsp;&nbsp;&nbsp;&nbsp;&nbsp;&nbsp;&nbsp;&nbsp;&nbsp;&nbsp;&nbsp;&nbsp;&nbsp;&nbsp; Gaudium et spes!&nbsp; Ks. Jacek<b><br \/>\n<\/b><\/div>\n<div class=\"MsoNormal\" style=\"text-align: justify;\">\n<\/div>\n<div class=\"MsoNormal\" style=\"text-align: justify;\"><b>\u015awi\u0119to \u015awi\u0119tych M\u0142odziank\u00f3w, M\u0119czennik\u00f3w,<\/b><\/div>\n<div class=\"MsoNormal\" style=\"text-align: justify;\"><b style=\"mso-bidi-font-weight: normal;\">do czyta\u0144:&nbsp; 1 J 1,5\u20132,2;&nbsp; Mt 2,12\u201318<\/b><\/div>\n<div class=\"MsoNormal\" style=\"text-align: justify;\">\n<\/div>\n<div class=\"MsoNormal\" style=\"text-align: justify; text-indent: 35.4pt;\">Kiedy czytamy w Ewangelii opis dramatycznego wydarzenia, jakie dzi\u015b wspominamy w liturgii, mo\u017ce <b style=\"mso-bidi-font-weight: normal;\">zastanawiamy si\u0119, dlaczego B\u00f3g za\u017c\u0105da\u0142 takiej ofiary? Dlaczego ucierpia\u0142y niewinne dzieci? Jaki sens przy\u015bwieca takiej ofierze? <\/b><\/div>\n<div class=\"MsoNormal\" style=\"text-align: justify; text-indent: 35.4pt;\">To s\u0105 pytania z pewno\u015bci\u0105 bardzo trudne i bolesne, ale one zawsze pojawiaj\u0105 si\u0119 w tego typu sytuacjach, kiedy <b style=\"mso-bidi-font-weight: normal;\">cz\u0142owiek swego cierpienia nie rozumie, <\/b>kiedy go nie jest w stanie ud\u017awign\u0105\u0107, kiedy ono go zaskoczy\u0142o i tak po ludzku \u2013 przeros\u0142o\u2026 Wtedy kieruje pytanie do Boga: <b style=\"mso-bidi-font-weight: normal;\">Bo\u017ce, dlaczego?<\/b>\u2026 Dlaczego dopu\u015bci\u0142e\u015b do takiej sytuacji? <b style=\"mso-bidi-font-weight: normal;\">Dlaczego mnie przed tym z\u0142em nie ochroni\u0142e\u015b?<\/b> <\/div>\n<div class=\"MsoNormal\" style=\"text-align: justify; text-indent: 35.4pt;\">I kiedy tak si\u0119 nad tym zastanawiamy, kiedy pr\u00f3bujemy sobie te rzeczy ustawi\u0107 i uporz\u0105dkowa\u0107 w sercach i umys\u0142ach, z pomoc\u0105 przychodzi nam \u015awi\u0119ty Jan, kt\u00f3ry dzisiaj, w pierwszym czytaniu, tak stwierdza: <b style=\"mso-bidi-font-weight: normal;\"><i style=\"mso-bidi-font-style: normal;\">Nowina, kt\u00f3r\u0105 us\u0142yszeli\u015bmy od Jezusa Chrystusa i kt\u00f3r\u0105 wam g\u0142osimy, jest taka: B\u00f3g jest \u015bwiat\u0142o\u015bci\u0105, a nie ma w Nim \u017cadnej ciemno\u015bci. Je\u017celi m\u00f3wimy, \u017ce mamy z Nim wsp\u00f3\u0142uczestnictwo, a chodzimy w ciemno\u015bci, k\u0142amiemy i nie post\u0119pujemy zgodnie z prawd\u0105<\/i><\/b>. I dalej: <b style=\"mso-bidi-font-weight: normal;\"><i style=\"mso-bidi-font-style: normal;\">Je\u017celi m\u00f3wimy, \u017ce nie mamy grzechu, to samych siebie oszukujemy i nie ma w nas prawdy<\/i><\/b>. <\/div>\n<div class=\"MsoNormal\" style=\"text-align: justify; text-indent: 35.4pt;\">W\u0142a\u015bnie, Kochani! <b style=\"mso-bidi-font-weight: normal;\">To nie B\u00f3g chce z\u0142a!<\/b> To nie B\u00f3g zabi\u0142 Dzieci Betlejemskie, podobnie jak <b style=\"mso-bidi-font-weight: normal;\">nie B\u00f3g zabija dzisiaj dzieci nienarodzone,<\/b> i nie B\u00f3g trzyma w r\u0119ku rewolwer, kiedy ludzie na wszystkich szeroko\u015bciach geograficznych strzelaj\u0105 do siebie i nawzajem si\u0119 zabijaj\u0105 w niezliczonych konfliktach. <b style=\"mso-bidi-font-weight: normal;\">To nie B\u00f3g powoduje zderzenie si\u0119 z drzewem czy z drugim samochodem pojazdu, za kierownic\u0105 kt\u00f3rego siedzi pijany kierowca.<\/b> To nie B\u00f3g powoduje atmosfer\u0119 nienawi\u015bci w rodzinie lub s\u0105siedztwie, w kt\u00f3rym ludzie przez lata si\u0119 do siebie nie odzywaj\u0105 i nawet na Wigili\u0119 nie s\u0105 w stanie m\u00f3wi\u0107 ludzkim g\u0142osem, ale potem, w czasie wizyty duszpasterskiej <b style=\"mso-bidi-font-weight: normal;\">uskar\u017caj\u0105 si\u0119 na Boga i na Wszystkich \u015awi\u0119tych<\/b> za to, co si\u0119 w ich domach dzieje. Ale to ani B\u00f3g, ani Wszyscy \u015awi\u0119ci, nie ka\u017c\u0105 nikomu \u2013 w imi\u0119 egoizmu doprowadzonego do szczyt\u00f3w i <b style=\"mso-bidi-font-weight: normal;\">w<\/b> <b style=\"mso-bidi-font-weight: normal;\">imi\u0119 czyjego\u015b \u201enaj\u015bwi\u0119tszego widzimisi\u0119\u201d zatruwa\u0107 \u017cycie innym i czyni\u0107 je koszmarem od rana do nocy.<\/b> A nawet w nocy! To nie B\u00f3g powoduje to wszystko! <\/div>\n<div class=\"MsoNormal\" style=\"text-align: justify; text-indent: 35.4pt;\"><b style=\"mso-bidi-font-weight: normal;\">B\u00f3g da\u0142 cz\u0142owiekowi wolno\u015b\u0107 \u2013 z mi\u0142o\u015bci do niego.<\/b> I czasami musi bezradnie patrze\u0107, jak cz\u0142owiek t\u0119 wolno\u015b\u0107 wykorzystuje. Jak \u2013 w imi\u0119 tej wolno\u015bci \u2013 <b style=\"mso-bidi-font-weight: normal;\">od Niego, czyli od swego Boga, po prostu si\u0119 odwraca. <\/b>A wtedy \u2013 to ju\u017c tylko krok do szkodzenia innym i niszczenia innych. Tak, jak zabija\u0142 i niszczy\u0142 niewinne Dzieci satrapa Herod. <\/div>\n<div class=\"MsoNormal\" style=\"text-align: justify; text-indent: 35.4pt;\">Kiedy zatem przyjdzie mi my\u015bl, aby oskar\u017ca\u0107 Boga o cierpienie niewinne, niezas\u0142u\u017cone, niesprawiedliwe \u2013 mo\u017ce warto, bym dok\u0142adnie wszystko przemy\u015bla\u0142 i zastanowi\u0142 si\u0119, <b style=\"mso-bidi-font-weight: normal;\">czy nie by\u0142o w tym mojej winy, lub winy kogo\u015b z moich bliskich.<\/b> B\u00f3g z pewno\u015bci\u0105 wynagrodzi \u2013 je\u017celi nie w tym \u017cyciu, to w przysz\u0142ym \u2013 ka\u017cde niewinne cierpienie. Ludzie jednak powinni bardzo powa\u017cnie wejrze\u0107 w swoje sumienia i zastanowi\u0107 si\u0119, <b style=\"mso-bidi-font-weight: normal;\">czy nie chodz\u0105 przypadkiem w ciemno\u015bciach. W ciemno\u015bciach grzechu!<\/b> I czy swoim \u2013 tak, powiedzmy to wyra\u017anie: <b style=\"mso-bidi-font-weight: normal;\">swoim w\u0142asnym post\u0119powaniem<\/b> nie powoduj\u0105 wok\u00f3\u0142 siebie cierpienia niewinnych ludzi? <\/div>\n<div class=\"MsoNormal\" style=\"text-align: justify;\">&nbsp;&nbsp;&nbsp;&nbsp;&nbsp;&nbsp;&nbsp;&nbsp;&nbsp;&nbsp;&nbsp; Kochani, takie refleksje podejmujemy w kolejnym dniu Oktawy Narodzenia Pa\u0144skiego. To czas radosny, a my \u2013 pocz\u0105wszy od \u015awi\u0119ta \u015awi\u0119tego Szczepana \u2013 <b style=\"mso-bidi-font-weight: normal;\">co raz wracamy do tematu cierpienia, tematu m\u0119cze\u0144stwa,<\/b> raz m\u00f3wi\u0105c o tych, kt\u00f3rzy je znosz\u0105, raz o tych, kt\u00f3rzy je zadaj\u0105. Jezus przyszed\u0142 na \u015bwiat nie po to, aby przynie\u015b\u0107 ludziom cierpienie, ale \u2013 dok\u0142adnie odwrotnie \u2013 <b style=\"mso-bidi-font-weight: normal;\">samemu przyjmuj\u0105c cierpienie, wys\u0142u\u017cy\u0107 ludziom prawdziwe szcz\u0119\u015bcie.<\/b><\/div>\n<div class=\"MsoNormal\" style=\"text-align: justify; text-indent: 35.4pt;\">Dop\u00f3ki jednak ludzie tego nie zrozumiej\u0105 i \u2013 pozbywszy si\u0119 grzechu \u2013 <b style=\"mso-bidi-font-weight: normal;\">nie zaczn\u0105 \u017cy\u0107 w \u015bwiat\u0142o\u015bci, a z upodobaniem brn\u0105\u0107 b\u0119d\u0105 w grzechy,<\/b> dot\u0105d Narodzenie Jezusa pozostanie pi\u0119kn\u0105 bajeczk\u0105 dla grzecznych dzieci i urokliw\u0105 szopeczk\u0105 ze s\u0142odkimi figurkami, a \u017cycie ludzi na ziemi <b style=\"mso-bidi-font-weight: normal;\">jak koszmarem by\u0142o, tak koszmarem pozostanie!<\/b> Oby do tego nigdy nie dosz\u0142o! <\/div>\n<div class=\"MsoNormal\" style=\"text-align: justify; text-indent: 35.4pt;\">Dlatego od dzisiaj zacznijmy \u017cy\u0107 w prawdziwej \u015bwiat\u0142o\u015bci, pozb\u0105d\u017amy si\u0119 cho\u0107by cienia grzechu. I przemy\u015blmy swoje odniesienie do ludzi, w\u015br\u00f3d kt\u00f3rych \u017cyjemy: <b style=\"mso-bidi-font-weight: normal;\">co oni z nami maj\u0105? Przedsionek Nieba \u2013 czy koszmar piek\u0142a?<\/b><\/div>\n","protected":false},"excerpt":{"rendered":"<p>Szcz\u0119\u015b\u0107 Bo\u017ce! Dzisiaj znowu dotykamy tematu cierpienia &#8211; tego znoszonego, ale i tego&#8230; zadawanego. Zapraszam do refleksji! S\u0105 to bowiem sprawy, kt\u00f3re nas wszystkich w jakim\u015b wymiarze dotycz\u0105&#8230;&nbsp; &nbsp;&nbsp;&nbsp;&nbsp;&nbsp;&nbsp;&nbsp;&nbsp;&nbsp;&nbsp;&nbsp;&nbsp;&nbsp;&nbsp;&nbsp;&nbsp; Gaudium et spes!&nbsp; Ks. Jacek \u015awi\u0119to \u015awi\u0119tych M\u0142odziank\u00f3w, M\u0119czennik\u00f3w, do czyta\u0144:&nbsp; 1 J 1,5\u20132,2;&nbsp; Mt 2,12\u201318 Kiedy czytamy w Ewangelii opis dramatycznego wydarzenia, jakie dzi\u015b wspominamy [&hellip;]<\/p>\n","protected":false},"author":1,"featured_media":0,"comment_status":"open","ping_status":"open","sticky":false,"template":"","format":"standard","meta":{"jetpack_post_was_ever_published":false,"_jetpack_newsletter_access":"","_jetpack_dont_email_post_to_subs":false,"_jetpack_newsletter_tier_id":0,"_jetpack_memberships_contains_paywalled_content":false,"_jetpack_memberships_contains_paid_content":false,"footnotes":""},"categories":[1],"tags":[],"class_list":["post-9628","post","type-post","status-publish","format-standard","hentry","category-bez-kategorii"],"yoast_head":"<!-- This site is optimized with the Yoast SEO plugin v25.1 - https:\/\/yoast.com\/wordpress\/plugins\/seo\/ -->\n<title>Kto jest winny cierpienia niewinnych?... - Gaudium Et Spes<\/title>\n<meta name=\"robots\" content=\"index, follow, max-snippet:-1, max-image-preview:large, max-video-preview:-1\" \/>\n<link rel=\"canonical\" href=\"https:\/\/gaudiumetspes-blog.pl\/index.php\/2011\/12\/28\/kto-jest-winny-cierpienia-niewinnyc\/\" \/>\n<meta property=\"og:locale\" content=\"pl_PL\" \/>\n<meta property=\"og:type\" content=\"article\" \/>\n<meta property=\"og:title\" content=\"Kto jest winny cierpienia niewinnych?... - Gaudium Et Spes\" \/>\n<meta property=\"og:description\" content=\"Szcz\u0119\u015b\u0107 Bo\u017ce! Dzisiaj znowu dotykamy tematu cierpienia &#8211; tego znoszonego, ale i tego&#8230; zadawanego. Zapraszam do refleksji! S\u0105 to bowiem sprawy, kt\u00f3re nas wszystkich w jakim\u015b wymiarze dotycz\u0105&#8230;&nbsp; &nbsp;&nbsp;&nbsp;&nbsp;&nbsp;&nbsp;&nbsp;&nbsp;&nbsp;&nbsp;&nbsp;&nbsp;&nbsp;&nbsp;&nbsp;&nbsp; Gaudium et spes!&nbsp; Ks. Jacek \u015awi\u0119to \u015awi\u0119tych M\u0142odziank\u00f3w, M\u0119czennik\u00f3w, do czyta\u0144:&nbsp; 1 J 1,5\u20132,2;&nbsp; Mt 2,12\u201318 Kiedy czytamy w Ewangelii opis dramatycznego wydarzenia, jakie dzi\u015b wspominamy [&hellip;]\" \/>\n<meta property=\"og:url\" content=\"https:\/\/gaudiumetspes-blog.pl\/index.php\/2011\/12\/28\/kto-jest-winny-cierpienia-niewinnyc\/\" \/>\n<meta property=\"og:site_name\" content=\"Gaudium Et Spes\" \/>\n<meta property=\"article:published_time\" content=\"2011-12-28T06:55:00+00:00\" \/>\n<meta property=\"article:modified_time\" content=\"2019-07-31T10:52:54+00:00\" \/>\n<meta name=\"author\" content=\"Ks. Jacek\" \/>\n<meta name=\"twitter:card\" content=\"summary_large_image\" \/>\n<meta name=\"twitter:label1\" content=\"Napisane przez\" \/>\n\t<meta name=\"twitter:data1\" content=\"Ks. Jacek\" \/>\n\t<meta name=\"twitter:label2\" content=\"Szacowany czas czytania\" \/>\n\t<meta name=\"twitter:data2\" content=\"4 minuty\" \/>\n<script type=\"application\/ld+json\" class=\"yoast-schema-graph\">{\"@context\":\"https:\/\/schema.org\",\"@graph\":[{\"@type\":\"WebPage\",\"@id\":\"https:\/\/gaudiumetspes-blog.pl\/index.php\/2011\/12\/28\/kto-jest-winny-cierpienia-niewinnyc\/\",\"url\":\"https:\/\/gaudiumetspes-blog.pl\/index.php\/2011\/12\/28\/kto-jest-winny-cierpienia-niewinnyc\/\",\"name\":\"Kto jest winny cierpienia niewinnych?... - Gaudium Et Spes\",\"isPartOf\":{\"@id\":\"https:\/\/gaudiumetspes-blog.pl\/#website\"},\"datePublished\":\"2011-12-28T06:55:00+00:00\",\"dateModified\":\"2019-07-31T10:52:54+00:00\",\"author\":{\"@id\":\"https:\/\/gaudiumetspes-blog.pl\/#\/schema\/person\/1661982992b752dea8dff0d4ed845a65\"},\"breadcrumb\":{\"@id\":\"https:\/\/gaudiumetspes-blog.pl\/index.php\/2011\/12\/28\/kto-jest-winny-cierpienia-niewinnyc\/#breadcrumb\"},\"inLanguage\":\"pl-PL\",\"potentialAction\":[{\"@type\":\"ReadAction\",\"target\":[\"https:\/\/gaudiumetspes-blog.pl\/index.php\/2011\/12\/28\/kto-jest-winny-cierpienia-niewinnyc\/\"]}]},{\"@type\":\"BreadcrumbList\",\"@id\":\"https:\/\/gaudiumetspes-blog.pl\/index.php\/2011\/12\/28\/kto-jest-winny-cierpienia-niewinnyc\/#breadcrumb\",\"itemListElement\":[{\"@type\":\"ListItem\",\"position\":1,\"name\":\"Strona g\u0142\u00f3wna\",\"item\":\"https:\/\/gaudiumetspes-blog.pl\/\"},{\"@type\":\"ListItem\",\"position\":2,\"name\":\"Kto jest winny cierpienia niewinnych?&#8230;\"}]},{\"@type\":\"WebSite\",\"@id\":\"https:\/\/gaudiumetspes-blog.pl\/#website\",\"url\":\"https:\/\/gaudiumetspes-blog.pl\/\",\"name\":\"Gaudium Et Spes\",\"description\":\"Blog Ks. Jacka Ja\u015bkowskiego\",\"potentialAction\":[{\"@type\":\"SearchAction\",\"target\":{\"@type\":\"EntryPoint\",\"urlTemplate\":\"https:\/\/gaudiumetspes-blog.pl\/?s={search_term_string}\"},\"query-input\":{\"@type\":\"PropertyValueSpecification\",\"valueRequired\":true,\"valueName\":\"search_term_string\"}}],\"inLanguage\":\"pl-PL\"},{\"@type\":\"Person\",\"@id\":\"https:\/\/gaudiumetspes-blog.pl\/#\/schema\/person\/1661982992b752dea8dff0d4ed845a65\",\"name\":\"Ks. Jacek\",\"image\":{\"@type\":\"ImageObject\",\"inLanguage\":\"pl-PL\",\"@id\":\"https:\/\/gaudiumetspes-blog.pl\/#\/schema\/person\/image\/\",\"url\":\"https:\/\/gaudiumetspes-blog.pl\/wp-content\/uploads\/2019\/07\/avatar-JJ-150x150.jpg\",\"contentUrl\":\"https:\/\/gaudiumetspes-blog.pl\/wp-content\/uploads\/2019\/07\/avatar-JJ-150x150.jpg\",\"caption\":\"Ks. Jacek\"},\"description\":\"Witam serdecznie! K\u0142ania si\u0119 Ks. Jacek Ja\u015bkowski. Nie jestem ani kim\u015b wa\u017cnym, ani kim\u015b znanym. Jestem ksi\u0119dzem, kt\u00f3ry po prostu chce rozmawia\u0107. Codzienna kap\u0142a\u0144ska pos\u0142uga pokazuje mi, \u017ce temat\u00f3w do rozm\u00f3w z ksi\u0119dzem jest coraz wi\u0119cej i dzisiaj \u017caden ksi\u0105dz nie mo\u017ce od nich ucieka\u0107, ale - wprost przeciwnie - podejmowa\u0107 nowe wyzwania. To przekonanie sk\u0142oni\u0142o mnie do pr\u00f3by otwarcia tego\u017c bloga, chocia\u017c okazji do rozm\u00f3w na co dzie\u0144 - w konfesjonale i poza nim - na szcz\u0119\u015bcie nie brakuje. My\u015bl\u0119 jednak, \u017ce ten blog b\u0119dzie jeszcze jednym sposobem i przestrzeni\u0105 nawi\u0105zania kontaktu z lud\u017ami dobrej woli, otwartymi na dialog.\",\"url\":\"https:\/\/gaudiumetspes-blog.pl\/index.php\/author\/ks-jacek\/\"}]}<\/script>\n<!-- \/ Yoast SEO plugin. -->","yoast_head_json":{"title":"Kto jest winny cierpienia niewinnych?... - Gaudium Et Spes","robots":{"index":"index","follow":"follow","max-snippet":"max-snippet:-1","max-image-preview":"max-image-preview:large","max-video-preview":"max-video-preview:-1"},"canonical":"https:\/\/gaudiumetspes-blog.pl\/index.php\/2011\/12\/28\/kto-jest-winny-cierpienia-niewinnyc\/","og_locale":"pl_PL","og_type":"article","og_title":"Kto jest winny cierpienia niewinnych?... - Gaudium Et Spes","og_description":"Szcz\u0119\u015b\u0107 Bo\u017ce! Dzisiaj znowu dotykamy tematu cierpienia &#8211; tego znoszonego, ale i tego&#8230; zadawanego. Zapraszam do refleksji! S\u0105 to bowiem sprawy, kt\u00f3re nas wszystkich w jakim\u015b wymiarze dotycz\u0105&#8230;&nbsp; &nbsp;&nbsp;&nbsp;&nbsp;&nbsp;&nbsp;&nbsp;&nbsp;&nbsp;&nbsp;&nbsp;&nbsp;&nbsp;&nbsp;&nbsp;&nbsp; Gaudium et spes!&nbsp; Ks. Jacek \u015awi\u0119to \u015awi\u0119tych M\u0142odziank\u00f3w, M\u0119czennik\u00f3w, do czyta\u0144:&nbsp; 1 J 1,5\u20132,2;&nbsp; Mt 2,12\u201318 Kiedy czytamy w Ewangelii opis dramatycznego wydarzenia, jakie dzi\u015b wspominamy [&hellip;]","og_url":"https:\/\/gaudiumetspes-blog.pl\/index.php\/2011\/12\/28\/kto-jest-winny-cierpienia-niewinnyc\/","og_site_name":"Gaudium Et Spes","article_published_time":"2011-12-28T06:55:00+00:00","article_modified_time":"2019-07-31T10:52:54+00:00","author":"Ks. Jacek","twitter_card":"summary_large_image","twitter_misc":{"Napisane przez":"Ks. Jacek","Szacowany czas czytania":"4 minuty"},"schema":{"@context":"https:\/\/schema.org","@graph":[{"@type":"WebPage","@id":"https:\/\/gaudiumetspes-blog.pl\/index.php\/2011\/12\/28\/kto-jest-winny-cierpienia-niewinnyc\/","url":"https:\/\/gaudiumetspes-blog.pl\/index.php\/2011\/12\/28\/kto-jest-winny-cierpienia-niewinnyc\/","name":"Kto jest winny cierpienia niewinnych?... - Gaudium Et Spes","isPartOf":{"@id":"https:\/\/gaudiumetspes-blog.pl\/#website"},"datePublished":"2011-12-28T06:55:00+00:00","dateModified":"2019-07-31T10:52:54+00:00","author":{"@id":"https:\/\/gaudiumetspes-blog.pl\/#\/schema\/person\/1661982992b752dea8dff0d4ed845a65"},"breadcrumb":{"@id":"https:\/\/gaudiumetspes-blog.pl\/index.php\/2011\/12\/28\/kto-jest-winny-cierpienia-niewinnyc\/#breadcrumb"},"inLanguage":"pl-PL","potentialAction":[{"@type":"ReadAction","target":["https:\/\/gaudiumetspes-blog.pl\/index.php\/2011\/12\/28\/kto-jest-winny-cierpienia-niewinnyc\/"]}]},{"@type":"BreadcrumbList","@id":"https:\/\/gaudiumetspes-blog.pl\/index.php\/2011\/12\/28\/kto-jest-winny-cierpienia-niewinnyc\/#breadcrumb","itemListElement":[{"@type":"ListItem","position":1,"name":"Strona g\u0142\u00f3wna","item":"https:\/\/gaudiumetspes-blog.pl\/"},{"@type":"ListItem","position":2,"name":"Kto jest winny cierpienia niewinnych?&#8230;"}]},{"@type":"WebSite","@id":"https:\/\/gaudiumetspes-blog.pl\/#website","url":"https:\/\/gaudiumetspes-blog.pl\/","name":"Gaudium Et Spes","description":"Blog Ks. Jacka Ja\u015bkowskiego","potentialAction":[{"@type":"SearchAction","target":{"@type":"EntryPoint","urlTemplate":"https:\/\/gaudiumetspes-blog.pl\/?s={search_term_string}"},"query-input":{"@type":"PropertyValueSpecification","valueRequired":true,"valueName":"search_term_string"}}],"inLanguage":"pl-PL"},{"@type":"Person","@id":"https:\/\/gaudiumetspes-blog.pl\/#\/schema\/person\/1661982992b752dea8dff0d4ed845a65","name":"Ks. Jacek","image":{"@type":"ImageObject","inLanguage":"pl-PL","@id":"https:\/\/gaudiumetspes-blog.pl\/#\/schema\/person\/image\/","url":"https:\/\/gaudiumetspes-blog.pl\/wp-content\/uploads\/2019\/07\/avatar-JJ-150x150.jpg","contentUrl":"https:\/\/gaudiumetspes-blog.pl\/wp-content\/uploads\/2019\/07\/avatar-JJ-150x150.jpg","caption":"Ks. Jacek"},"description":"Witam serdecznie! K\u0142ania si\u0119 Ks. Jacek Ja\u015bkowski. Nie jestem ani kim\u015b wa\u017cnym, ani kim\u015b znanym. Jestem ksi\u0119dzem, kt\u00f3ry po prostu chce rozmawia\u0107. Codzienna kap\u0142a\u0144ska pos\u0142uga pokazuje mi, \u017ce temat\u00f3w do rozm\u00f3w z ksi\u0119dzem jest coraz wi\u0119cej i dzisiaj \u017caden ksi\u0105dz nie mo\u017ce od nich ucieka\u0107, ale - wprost przeciwnie - podejmowa\u0107 nowe wyzwania. To przekonanie sk\u0142oni\u0142o mnie do pr\u00f3by otwarcia tego\u017c bloga, chocia\u017c okazji do rozm\u00f3w na co dzie\u0144 - w konfesjonale i poza nim - na szcz\u0119\u015bcie nie brakuje. My\u015bl\u0119 jednak, \u017ce ten blog b\u0119dzie jeszcze jednym sposobem i przestrzeni\u0105 nawi\u0105zania kontaktu z lud\u017ami dobrej woli, otwartymi na dialog.","url":"https:\/\/gaudiumetspes-blog.pl\/index.php\/author\/ks-jacek\/"}]}},"jetpack_featured_media_url":"","jetpack_sharing_enabled":true,"_links":{"self":[{"href":"https:\/\/gaudiumetspes-blog.pl\/index.php\/wp-json\/wp\/v2\/posts\/9628","targetHints":{"allow":["GET"]}}],"collection":[{"href":"https:\/\/gaudiumetspes-blog.pl\/index.php\/wp-json\/wp\/v2\/posts"}],"about":[{"href":"https:\/\/gaudiumetspes-blog.pl\/index.php\/wp-json\/wp\/v2\/types\/post"}],"author":[{"embeddable":true,"href":"https:\/\/gaudiumetspes-blog.pl\/index.php\/wp-json\/wp\/v2\/users\/1"}],"replies":[{"embeddable":true,"href":"https:\/\/gaudiumetspes-blog.pl\/index.php\/wp-json\/wp\/v2\/comments?post=9628"}],"version-history":[{"count":1,"href":"https:\/\/gaudiumetspes-blog.pl\/index.php\/wp-json\/wp\/v2\/posts\/9628\/revisions"}],"predecessor-version":[{"id":10455,"href":"https:\/\/gaudiumetspes-blog.pl\/index.php\/wp-json\/wp\/v2\/posts\/9628\/revisions\/10455"}],"wp:attachment":[{"href":"https:\/\/gaudiumetspes-blog.pl\/index.php\/wp-json\/wp\/v2\/media?parent=9628"}],"wp:term":[{"taxonomy":"category","embeddable":true,"href":"https:\/\/gaudiumetspes-blog.pl\/index.php\/wp-json\/wp\/v2\/categories?post=9628"},{"taxonomy":"post_tag","embeddable":true,"href":"https:\/\/gaudiumetspes-blog.pl\/index.php\/wp-json\/wp\/v2\/tags?post=9628"}],"curies":[{"name":"wp","href":"https:\/\/api.w.org\/{rel}","templated":true}]}}