{"id":9629,"date":"2011-12-27T06:00:00","date_gmt":"2011-12-27T05:00:00","guid":{"rendered":"https:\/\/gaudiumetspes-blog.pl\/index.php\/2011\/12\/27\/o-drodze-wskazanej-przez-swietego-jana\/"},"modified":"2019-07-31T12:52:54","modified_gmt":"2019-07-31T10:52:54","slug":"o-drodze-wskazanej-przez-swietego-jana","status":"publish","type":"post","link":"https:\/\/gaudiumetspes-blog.pl\/index.php\/2011\/12\/27\/o-drodze-wskazanej-przez-swietego-jana\/","title":{"rendered":"O drodze, wskazanej przez \u015awi\u0119tego Jana&#8230;"},"content":{"rendered":"<p><\/p>\n<div class=\"MsoNormal\" style=\"text-align: justify;\">Szcz\u0119\u015b\u0107 Bo\u017ce! Dzisiaj, w kolejnym dniu Oktawy Bo\u017cego Narodzenia, wspominamy \u015awi\u0119tego Jana, Aposto\u0142a i Ewangelist\u0119.&nbsp; Ten dzie\u0144 jest dniem imienin Ksi\u0119dza Kanonika Jana Grochowskiego, mojego pierwszego i wieloletniego Proboszcza, a przy tym Kap\u0142ana, od kt\u00f3rego uczy\u0142em si\u0119 kap\u0142a\u0144stwa i pracy duszpasterskiej.&nbsp;<\/div>\n<div class=\"MsoNormal\" style=\"text-align: justify; text-indent: 35.4pt;\">Dzi\u0119kuj\u0119 dzi\u015b Bogu za przyk\u0142ad jego kap\u0142a\u0144skiego \u017cycia, za jego wierno\u015b\u0107 tym najbardziej tradycyjnym i u\u015bwi\u0119conym zasadom ludzkiej i chrze\u015bcija\u0144skiej kultury, za jego niesamowit\u0105 wierno\u015b\u0107 raz danemu s\u0142owu, za jego bardzo konkretne, zasadnicze i w niewielu s\u0142owach uj\u0119te rozstrzyganie spraw; za to, \u017ce mniej m\u00f3wi, a wi\u0119cej konkretnego dobra czyni, a wreszcie \u2013 a mo\u017ce od tego trzeba by\u0142o zacz\u0105\u0107 \u2013 za ducha wiary, modlitwy, pokory przed Bogiem\u2026 Za to wszystko temu\u017c Bogu dzisiaj sk\u0142adam serdeczne dzi\u0119kczynienie, polecaj\u0105c Jego \u0142askawo\u015bci Osob\u0119 Dostojnego Solenizanta, a jemu samemu \u017cycz\u0105c: <\/div>\n<div class=\"MsoNormal\" style=\"text-align: justify; text-indent: 35.4pt;\"><b style=\"mso-bidi-font-weight: normal;\">Ksi\u0119\u017ce Proboszczu, Drogi Solenizancie: tak trzyma\u0107! Dzi\u0119kuj\u0119 za \u201eju\u017c\u201d i prosz\u0119 o \u201ejeszcze\u201d! Niech Ci\u0119 Pan prowadzi swoimi drogami, a Ty nas wszystkich, swoich uczni\u00f3w i przyjaci\u00f3\u0142, prowad\u017a drog\u0105, wskazan\u0105 dzi\u015b przez Twego Patrona!&nbsp;<\/b><\/div>\n<div class=\"MsoNormal\" style=\"text-align: justify; text-indent: 35.4pt;\">Gaudium et spes!&nbsp; Ks. Jacek <b><br \/>\n<\/b><\/div>\n<div class=\"MsoNormal\" style=\"text-align: justify;\">\n<\/div>\n<div class=\"MsoNormal\" style=\"text-align: justify;\"><b>\u015awi\u0119to \u015aw. Jana, Aposto\u0142a i Ewangelisty,<\/b><\/div>\n<div class=\"MsoNormal\" style=\"text-align: justify;\"><b style=\"mso-bidi-font-weight: normal;\">do czyta\u0144 z t. VI Lekcjonarza: &nbsp;1 J 1,1\u20134;&nbsp; J 20,2\u20138<\/b><\/div>\n<div class=\"MsoNormal\" style=\"text-align: justify;\">\n<\/div>\n<div class=\"MsoNormal\" style=\"text-align: justify; text-indent: 35.4pt;\">Nasz dzisiejszy Patron, \u015awi\u0119ty Jan \u2013 jak wiemy \u2013 by\u0142 <b style=\"mso-bidi-font-weight: normal;\">umi\u0142owanym uczniem Pana Jezusa.<\/b> By\u0142 \u015bwiadkiem przemienienia Pa\u0144skiego i konania w Ogrodzie Oliwnym. Przy Ostatniej Wieczerzy spoczywa\u0142 na piersi Zbawiciela, kt\u00f3ry \u2013 gdy potem umiera\u0142 na krzy\u017cu \u2013 <b style=\"mso-bidi-font-weight: normal;\">odda\u0142 mu w opiek\u0119 swoj\u0105 Matk\u0119.<\/b> Zgodnie z zapowiedzi\u0105 Pana Jezusa, Jan umar\u0142 \u015bmierci\u0105 naturaln\u0105 w p\u00f3\u017anej staro\u015bci.<\/div>\n<div class=\"MsoNormal\" style=\"text-align: justify; text-indent: 35.4pt;\"><b style=\"mso-bidi-font-weight: normal;\">Napisa\u0142 trzy Listy Apostolskie, Apokalips\u0119 i Ewangeli\u0119.<\/b> Jego Ewangelia, uzupe\u0142niaj\u0105ca pozosta\u0142e, zawiera <b style=\"mso-bidi-font-weight: normal;\">najg\u0142\u0119bszy wyk\u0142ad tajemnic Bo\u017cych.<\/b> I to w\u0142a\u015bnie fragment jego Ewangelii, podobnie jak i fragment jego Listu w pierwszym czytaniu \u2013 <b style=\"mso-bidi-font-weight: normal;\">stanowi dzisiejsz\u0105 Liturgi\u0119 S\u0142owa.<\/b> Jest to jedyny w liturgii przypadek, w kt\u00f3rym Patron dnia w ten spos\u00f3b <b style=\"mso-bidi-font-weight: normal;\">sam niejako \u201eobs\u0142uguje\u201d swoje wspomnienie.<\/b> C\u00f3\u017c zatem odnajdujemy w tych\u017ce jego tekstach?<\/div>\n<div class=\"MsoNormal\" style=\"text-align: justify; text-indent: 35.4pt;\">Je\u015bliby tak uwa\u017cnie si\u0119 w nie wczyta\u0107, to mo\u017cna zauwa\u017cy\u0107 rysuj\u0105cy si\u0119 <b style=\"mso-bidi-font-weight: normal;\">do\u015b\u0107 ciekawy ci\u0105g my\u015blowy.<\/b> Ot\u00f3\u017c na pocz\u0105tku Jan dowiaduje si\u0119 o dziwnym znikni\u0119ciu Cia\u0142a Zbawiciela, dopiero co z\u0142o\u017conego w grobie. Kiedy si\u0119 tego dowiaduje \u2013 <b style=\"mso-bidi-font-weight: normal;\">idzie, a w\u0142a\u015bciwie: biegnie na miejsce, aby si\u0119 o tym przekona\u0107.<\/b> Kiedy na miejsce dotar\u0142 \u2013 ujrza\u0142, co si\u0119 dokona\u0142o. <b style=\"mso-bidi-font-weight: normal;\">Kiedy ujrza\u0142 \u2013 uwierzy\u0142.<\/b> A o tym, co ujrza\u0142 w\u0142asnymi oczami, co us\u0142ysza\u0142 <i style=\"mso-bidi-font-style: normal;\">o S\u0142owie \u017cycia<\/i> i czego jego r\u0119ce dotkn\u0119\u0142y \u2013 o tym w\u0142a\u015bnie <b style=\"mso-bidi-font-weight: normal;\">czuje si\u0119 zobowi\u0105zany \u015bwiadczy\u0107 wszystkim wok\u00f3\u0142.<\/b><\/div>\n<div class=\"MsoNormal\" style=\"text-align: justify; text-indent: 35.4pt;\">Oczywi\u015bcie, ten ci\u0105g my\u015blowy mo\u017cna zaobserwowa\u0107 w obu dzisiejszych tekstach, kiedy si\u0119 je <b style=\"mso-bidi-font-weight: normal;\">we\u017amie w ca\u0142o\u015bci i spojrzy z pewnej perspektywy,<\/b> nie wtedy, gdy b\u0119dziemy chcieli go widzie\u0107 czytaj\u0105c teksty w takiej kolejno\u015bci, jak s\u0105 zamieszczone. Bo wtedy akurat na temat <b style=\"mso-bidi-font-weight: normal;\">\u015bwiadczenia o wierze s\u0142yszymy na samym pocz\u0105tku, a s\u0142owa: <i style=\"mso-bidi-font-style: normal;\">Ujrza\u0142 i uwierzy\u0142<\/i> \u2013 s\u0142yszymy na samym ko\u0144cu.<\/b> Ale w\u0142a\u015bnie dlatego staramy si\u0119 dok\u0142adnie i uwa\u017cnie wczytywa\u0107, ws\u0142uchiwa\u0107 w Bo\u017ce S\u0142owo, a nast\u0119pnie \u2013 wzywaj\u0105c pomocy Ducha \u015awi\u0119tego \u2013 staramy si\u0119 o tym <b style=\"mso-bidi-font-weight: normal;\">my\u015ble\u0107, g\u0142\u0119boko si\u0119 nad tym zastanawia\u0107, analizowa\u0107,<\/b> aby wyprowadzi\u0107 dla siebie m\u0105dre wnioski. <\/div>\n<div class=\"MsoNormal\" style=\"text-align: justify; text-indent: 35.4pt;\">I te w\u0142a\u015bnie refleksje, jakie mo\u017cemy wysnu\u0107 z dzisiejszej Liturgii S\u0142owa, uk\u0142adaj\u0105 si\u0119 nam w ten\u017ce wspomniany ju\u017c my\u015blowy ci\u0105g, w pewn\u0105 sekwencj\u0119 dzia\u0142ania, kt\u00f3r\u0105 tworz\u0105 takie oto czynno\u015bci: <b style=\"mso-bidi-font-weight: normal;\">us\u0142ysze\u0107 \u2013 podj\u0105\u0107 wysi\u0142ek w celu zobaczenia \u2013 zobaczy\u0107 \u2013 przekona\u0107 si\u0119 \u2013 uwierzy\u0107 \u2013 \u015bwiadczy\u0107. <\/b><\/div>\n<div class=\"MsoNormal\" style=\"text-align: justify; text-indent: 35.4pt;\">Tak\u0105 kolejno\u015b\u0107 dzia\u0142a\u0144 podj\u0105\u0142 sam \u015awi\u0119ty Jan w ca\u0142ym swoim \u017cyciu, a poniewa\u017c <b style=\"mso-bidi-font-weight: normal;\">by\u0142 w swoim dzia\u0142aniu bardzo konsekwentny, dlatego mamy dzisiaj wz\u00f3r \u015awi\u0119tego Aposto\u0142a i Ewangelisty,<\/b> kt\u00f3ry zar\u00f3wno swoim \u017cyciem, jak i swoimi tekstami \u2013 m\u00f3wi nam o Chrystusie. <b style=\"mso-bidi-font-weight: normal;\">Wskazuje nam tak\u017ce drog\u0119 do Niego,<\/b> aby\u015bmy mogli sami przekona\u0107 si\u0119 o prawdziwo\u015bci tego, co nam m\u00f3wi. Potem daje nam wz\u00f3r, jak mo\u017cna ujrze\u0107 i uwierzy\u0107. A nast\u0119pnie <b style=\"mso-bidi-font-weight: normal;\">uczy nas, jak o Chrystusie mo\u017cna i nale\u017cy \u015bwiadczy\u0107. <\/b><\/div>\n<div class=\"MsoNormal\" style=\"text-align: justify; text-indent: 35.4pt;\">My\u015bl\u0119, Kochani, \u017ce warto wej\u015b\u0107 na t\u0119 drog\u0119, kt\u00f3r\u0105 dzisiaj nam proponuje i wskazuje Jan Aposto\u0142 i Ewangelista: <b style=\"mso-bidi-font-weight: normal;\">us\u0142ysze\u0107 \u2013 podj\u0105\u0107 wysi\u0142ek w celu zobaczenia \u2013 zobaczy\u0107 \u2013 przekona\u0107 si\u0119 \u2013 uwierzy\u0107 \u2013 \u015bwiadczy\u0107.<\/b> Wtedy nasza wiara b\u0119dzie mia\u0142a <b style=\"mso-bidi-font-weight: normal;\">pe\u0142ny wp\u0142yw na \u017cycie,<\/b> a nie b\u0119dzie tylko ogranicza\u0142a si\u0119 do za\u015bwiadczenia z kancelarii parafialnej i <b style=\"mso-bidi-font-weight: normal;\">do Spowiedzi, \u201ezaliczonej\u201d w biegu ostatniego dnia przed \u015awi\u0119tami.<\/b> Je\u017celi skorzystamy z propozycji Jana Ewangelisty, szybko do\u015bwiadczymy pe\u0142nej blisko\u015bci Jezusa, kt\u00f3ry w nas i przez nas \u2013 prawdziwych cud\u00f3w b\u0119dzie dokonywa\u0142.<\/div>\n<div class=\"MsoNormal\" style=\"text-align: justify; text-indent: 35.4pt;\">A zatem, Kochani: <b style=\"mso-bidi-font-weight: normal;\">us\u0142ysze\u0107 \u2013 podj\u0105\u0107 wysi\u0142ek w celu zobaczenia \u2013 zobaczy\u0107 \u2013 przekona\u0107 si\u0119 \u2013 uwierzy\u0107 \u2013 \u015bwiadczy\u0107&#8230;<\/b><\/div>\n","protected":false},"excerpt":{"rendered":"<p>Szcz\u0119\u015b\u0107 Bo\u017ce! Dzisiaj, w kolejnym dniu Oktawy Bo\u017cego Narodzenia, wspominamy \u015awi\u0119tego Jana, Aposto\u0142a i Ewangelist\u0119.&nbsp; Ten dzie\u0144 jest dniem imienin Ksi\u0119dza Kanonika Jana Grochowskiego, mojego pierwszego i wieloletniego Proboszcza, a przy tym Kap\u0142ana, od kt\u00f3rego uczy\u0142em si\u0119 kap\u0142a\u0144stwa i pracy duszpasterskiej.&nbsp; Dzi\u0119kuj\u0119 dzi\u015b Bogu za przyk\u0142ad jego kap\u0142a\u0144skiego \u017cycia, za jego wierno\u015b\u0107 tym najbardziej tradycyjnym [&hellip;]<\/p>\n","protected":false},"author":1,"featured_media":0,"comment_status":"open","ping_status":"open","sticky":false,"template":"","format":"standard","meta":{"jetpack_post_was_ever_published":false,"_jetpack_newsletter_access":"","_jetpack_dont_email_post_to_subs":false,"_jetpack_newsletter_tier_id":0,"_jetpack_memberships_contains_paywalled_content":false,"_jetpack_memberships_contains_paid_content":false,"footnotes":""},"categories":[1],"tags":[],"class_list":["post-9629","post","type-post","status-publish","format-standard","hentry","category-bez-kategorii"],"yoast_head":"<!-- This site is optimized with the Yoast SEO plugin v25.1 - https:\/\/yoast.com\/wordpress\/plugins\/seo\/ -->\n<title>O drodze, wskazanej przez \u015awi\u0119tego Jana... - Gaudium Et Spes<\/title>\n<meta name=\"robots\" content=\"index, follow, max-snippet:-1, max-image-preview:large, max-video-preview:-1\" \/>\n<link rel=\"canonical\" href=\"https:\/\/gaudiumetspes-blog.pl\/index.php\/2011\/12\/27\/o-drodze-wskazanej-przez-swietego-jana\/\" \/>\n<meta property=\"og:locale\" content=\"pl_PL\" \/>\n<meta property=\"og:type\" content=\"article\" \/>\n<meta property=\"og:title\" content=\"O drodze, wskazanej przez \u015awi\u0119tego Jana... - Gaudium Et Spes\" \/>\n<meta property=\"og:description\" content=\"Szcz\u0119\u015b\u0107 Bo\u017ce! Dzisiaj, w kolejnym dniu Oktawy Bo\u017cego Narodzenia, wspominamy \u015awi\u0119tego Jana, Aposto\u0142a i Ewangelist\u0119.&nbsp; Ten dzie\u0144 jest dniem imienin Ksi\u0119dza Kanonika Jana Grochowskiego, mojego pierwszego i wieloletniego Proboszcza, a przy tym Kap\u0142ana, od kt\u00f3rego uczy\u0142em si\u0119 kap\u0142a\u0144stwa i pracy duszpasterskiej.&nbsp; Dzi\u0119kuj\u0119 dzi\u015b Bogu za przyk\u0142ad jego kap\u0142a\u0144skiego \u017cycia, za jego wierno\u015b\u0107 tym najbardziej tradycyjnym [&hellip;]\" \/>\n<meta property=\"og:url\" content=\"https:\/\/gaudiumetspes-blog.pl\/index.php\/2011\/12\/27\/o-drodze-wskazanej-przez-swietego-jana\/\" \/>\n<meta property=\"og:site_name\" content=\"Gaudium Et Spes\" \/>\n<meta property=\"article:published_time\" content=\"2011-12-27T05:00:00+00:00\" \/>\n<meta property=\"article:modified_time\" content=\"2019-07-31T10:52:54+00:00\" \/>\n<meta name=\"author\" content=\"Ks. Jacek\" \/>\n<meta name=\"twitter:card\" content=\"summary_large_image\" \/>\n<meta name=\"twitter:label1\" content=\"Napisane przez\" \/>\n\t<meta name=\"twitter:data1\" content=\"Ks. Jacek\" \/>\n\t<meta name=\"twitter:label2\" content=\"Szacowany czas czytania\" \/>\n\t<meta name=\"twitter:data2\" content=\"4 minuty\" \/>\n<script type=\"application\/ld+json\" class=\"yoast-schema-graph\">{\"@context\":\"https:\/\/schema.org\",\"@graph\":[{\"@type\":\"WebPage\",\"@id\":\"https:\/\/gaudiumetspes-blog.pl\/index.php\/2011\/12\/27\/o-drodze-wskazanej-przez-swietego-jana\/\",\"url\":\"https:\/\/gaudiumetspes-blog.pl\/index.php\/2011\/12\/27\/o-drodze-wskazanej-przez-swietego-jana\/\",\"name\":\"O drodze, wskazanej przez \u015awi\u0119tego Jana... - Gaudium Et Spes\",\"isPartOf\":{\"@id\":\"https:\/\/gaudiumetspes-blog.pl\/#website\"},\"datePublished\":\"2011-12-27T05:00:00+00:00\",\"dateModified\":\"2019-07-31T10:52:54+00:00\",\"author\":{\"@id\":\"https:\/\/gaudiumetspes-blog.pl\/#\/schema\/person\/1661982992b752dea8dff0d4ed845a65\"},\"breadcrumb\":{\"@id\":\"https:\/\/gaudiumetspes-blog.pl\/index.php\/2011\/12\/27\/o-drodze-wskazanej-przez-swietego-jana\/#breadcrumb\"},\"inLanguage\":\"pl-PL\",\"potentialAction\":[{\"@type\":\"ReadAction\",\"target\":[\"https:\/\/gaudiumetspes-blog.pl\/index.php\/2011\/12\/27\/o-drodze-wskazanej-przez-swietego-jana\/\"]}]},{\"@type\":\"BreadcrumbList\",\"@id\":\"https:\/\/gaudiumetspes-blog.pl\/index.php\/2011\/12\/27\/o-drodze-wskazanej-przez-swietego-jana\/#breadcrumb\",\"itemListElement\":[{\"@type\":\"ListItem\",\"position\":1,\"name\":\"Strona g\u0142\u00f3wna\",\"item\":\"https:\/\/gaudiumetspes-blog.pl\/\"},{\"@type\":\"ListItem\",\"position\":2,\"name\":\"O&nbsp;drodze, wskazanej przez&nbsp;\u015awi\u0119tego Jana&#8230;\"}]},{\"@type\":\"WebSite\",\"@id\":\"https:\/\/gaudiumetspes-blog.pl\/#website\",\"url\":\"https:\/\/gaudiumetspes-blog.pl\/\",\"name\":\"Gaudium Et Spes\",\"description\":\"Blog Ks. Jacka Ja\u015bkowskiego\",\"potentialAction\":[{\"@type\":\"SearchAction\",\"target\":{\"@type\":\"EntryPoint\",\"urlTemplate\":\"https:\/\/gaudiumetspes-blog.pl\/?s={search_term_string}\"},\"query-input\":{\"@type\":\"PropertyValueSpecification\",\"valueRequired\":true,\"valueName\":\"search_term_string\"}}],\"inLanguage\":\"pl-PL\"},{\"@type\":\"Person\",\"@id\":\"https:\/\/gaudiumetspes-blog.pl\/#\/schema\/person\/1661982992b752dea8dff0d4ed845a65\",\"name\":\"Ks. Jacek\",\"image\":{\"@type\":\"ImageObject\",\"inLanguage\":\"pl-PL\",\"@id\":\"https:\/\/gaudiumetspes-blog.pl\/#\/schema\/person\/image\/\",\"url\":\"https:\/\/gaudiumetspes-blog.pl\/wp-content\/uploads\/2019\/07\/avatar-JJ-150x150.jpg\",\"contentUrl\":\"https:\/\/gaudiumetspes-blog.pl\/wp-content\/uploads\/2019\/07\/avatar-JJ-150x150.jpg\",\"caption\":\"Ks. Jacek\"},\"description\":\"Witam serdecznie! K\u0142ania si\u0119 Ks. Jacek Ja\u015bkowski. Nie jestem ani kim\u015b wa\u017cnym, ani kim\u015b znanym. Jestem ksi\u0119dzem, kt\u00f3ry po prostu chce rozmawia\u0107. Codzienna kap\u0142a\u0144ska pos\u0142uga pokazuje mi, \u017ce temat\u00f3w do rozm\u00f3w z ksi\u0119dzem jest coraz wi\u0119cej i dzisiaj \u017caden ksi\u0105dz nie mo\u017ce od nich ucieka\u0107, ale - wprost przeciwnie - podejmowa\u0107 nowe wyzwania. To przekonanie sk\u0142oni\u0142o mnie do pr\u00f3by otwarcia tego\u017c bloga, chocia\u017c okazji do rozm\u00f3w na co dzie\u0144 - w konfesjonale i poza nim - na szcz\u0119\u015bcie nie brakuje. My\u015bl\u0119 jednak, \u017ce ten blog b\u0119dzie jeszcze jednym sposobem i przestrzeni\u0105 nawi\u0105zania kontaktu z lud\u017ami dobrej woli, otwartymi na dialog.\",\"url\":\"https:\/\/gaudiumetspes-blog.pl\/index.php\/author\/ks-jacek\/\"}]}<\/script>\n<!-- \/ Yoast SEO plugin. -->","yoast_head_json":{"title":"O drodze, wskazanej przez \u015awi\u0119tego Jana... - Gaudium Et Spes","robots":{"index":"index","follow":"follow","max-snippet":"max-snippet:-1","max-image-preview":"max-image-preview:large","max-video-preview":"max-video-preview:-1"},"canonical":"https:\/\/gaudiumetspes-blog.pl\/index.php\/2011\/12\/27\/o-drodze-wskazanej-przez-swietego-jana\/","og_locale":"pl_PL","og_type":"article","og_title":"O drodze, wskazanej przez \u015awi\u0119tego Jana... - Gaudium Et Spes","og_description":"Szcz\u0119\u015b\u0107 Bo\u017ce! Dzisiaj, w kolejnym dniu Oktawy Bo\u017cego Narodzenia, wspominamy \u015awi\u0119tego Jana, Aposto\u0142a i Ewangelist\u0119.&nbsp; Ten dzie\u0144 jest dniem imienin Ksi\u0119dza Kanonika Jana Grochowskiego, mojego pierwszego i wieloletniego Proboszcza, a przy tym Kap\u0142ana, od kt\u00f3rego uczy\u0142em si\u0119 kap\u0142a\u0144stwa i pracy duszpasterskiej.&nbsp; Dzi\u0119kuj\u0119 dzi\u015b Bogu za przyk\u0142ad jego kap\u0142a\u0144skiego \u017cycia, za jego wierno\u015b\u0107 tym najbardziej tradycyjnym [&hellip;]","og_url":"https:\/\/gaudiumetspes-blog.pl\/index.php\/2011\/12\/27\/o-drodze-wskazanej-przez-swietego-jana\/","og_site_name":"Gaudium Et Spes","article_published_time":"2011-12-27T05:00:00+00:00","article_modified_time":"2019-07-31T10:52:54+00:00","author":"Ks. Jacek","twitter_card":"summary_large_image","twitter_misc":{"Napisane przez":"Ks. Jacek","Szacowany czas czytania":"4 minuty"},"schema":{"@context":"https:\/\/schema.org","@graph":[{"@type":"WebPage","@id":"https:\/\/gaudiumetspes-blog.pl\/index.php\/2011\/12\/27\/o-drodze-wskazanej-przez-swietego-jana\/","url":"https:\/\/gaudiumetspes-blog.pl\/index.php\/2011\/12\/27\/o-drodze-wskazanej-przez-swietego-jana\/","name":"O drodze, wskazanej przez \u015awi\u0119tego Jana... - Gaudium Et Spes","isPartOf":{"@id":"https:\/\/gaudiumetspes-blog.pl\/#website"},"datePublished":"2011-12-27T05:00:00+00:00","dateModified":"2019-07-31T10:52:54+00:00","author":{"@id":"https:\/\/gaudiumetspes-blog.pl\/#\/schema\/person\/1661982992b752dea8dff0d4ed845a65"},"breadcrumb":{"@id":"https:\/\/gaudiumetspes-blog.pl\/index.php\/2011\/12\/27\/o-drodze-wskazanej-przez-swietego-jana\/#breadcrumb"},"inLanguage":"pl-PL","potentialAction":[{"@type":"ReadAction","target":["https:\/\/gaudiumetspes-blog.pl\/index.php\/2011\/12\/27\/o-drodze-wskazanej-przez-swietego-jana\/"]}]},{"@type":"BreadcrumbList","@id":"https:\/\/gaudiumetspes-blog.pl\/index.php\/2011\/12\/27\/o-drodze-wskazanej-przez-swietego-jana\/#breadcrumb","itemListElement":[{"@type":"ListItem","position":1,"name":"Strona g\u0142\u00f3wna","item":"https:\/\/gaudiumetspes-blog.pl\/"},{"@type":"ListItem","position":2,"name":"O&nbsp;drodze, wskazanej przez&nbsp;\u015awi\u0119tego Jana&#8230;"}]},{"@type":"WebSite","@id":"https:\/\/gaudiumetspes-blog.pl\/#website","url":"https:\/\/gaudiumetspes-blog.pl\/","name":"Gaudium Et Spes","description":"Blog Ks. Jacka Ja\u015bkowskiego","potentialAction":[{"@type":"SearchAction","target":{"@type":"EntryPoint","urlTemplate":"https:\/\/gaudiumetspes-blog.pl\/?s={search_term_string}"},"query-input":{"@type":"PropertyValueSpecification","valueRequired":true,"valueName":"search_term_string"}}],"inLanguage":"pl-PL"},{"@type":"Person","@id":"https:\/\/gaudiumetspes-blog.pl\/#\/schema\/person\/1661982992b752dea8dff0d4ed845a65","name":"Ks. Jacek","image":{"@type":"ImageObject","inLanguage":"pl-PL","@id":"https:\/\/gaudiumetspes-blog.pl\/#\/schema\/person\/image\/","url":"https:\/\/gaudiumetspes-blog.pl\/wp-content\/uploads\/2019\/07\/avatar-JJ-150x150.jpg","contentUrl":"https:\/\/gaudiumetspes-blog.pl\/wp-content\/uploads\/2019\/07\/avatar-JJ-150x150.jpg","caption":"Ks. Jacek"},"description":"Witam serdecznie! K\u0142ania si\u0119 Ks. Jacek Ja\u015bkowski. Nie jestem ani kim\u015b wa\u017cnym, ani kim\u015b znanym. Jestem ksi\u0119dzem, kt\u00f3ry po prostu chce rozmawia\u0107. Codzienna kap\u0142a\u0144ska pos\u0142uga pokazuje mi, \u017ce temat\u00f3w do rozm\u00f3w z ksi\u0119dzem jest coraz wi\u0119cej i dzisiaj \u017caden ksi\u0105dz nie mo\u017ce od nich ucieka\u0107, ale - wprost przeciwnie - podejmowa\u0107 nowe wyzwania. To przekonanie sk\u0142oni\u0142o mnie do pr\u00f3by otwarcia tego\u017c bloga, chocia\u017c okazji do rozm\u00f3w na co dzie\u0144 - w konfesjonale i poza nim - na szcz\u0119\u015bcie nie brakuje. My\u015bl\u0119 jednak, \u017ce ten blog b\u0119dzie jeszcze jednym sposobem i przestrzeni\u0105 nawi\u0105zania kontaktu z lud\u017ami dobrej woli, otwartymi na dialog.","url":"https:\/\/gaudiumetspes-blog.pl\/index.php\/author\/ks-jacek\/"}]}},"jetpack_featured_media_url":"","jetpack_sharing_enabled":true,"_links":{"self":[{"href":"https:\/\/gaudiumetspes-blog.pl\/index.php\/wp-json\/wp\/v2\/posts\/9629","targetHints":{"allow":["GET"]}}],"collection":[{"href":"https:\/\/gaudiumetspes-blog.pl\/index.php\/wp-json\/wp\/v2\/posts"}],"about":[{"href":"https:\/\/gaudiumetspes-blog.pl\/index.php\/wp-json\/wp\/v2\/types\/post"}],"author":[{"embeddable":true,"href":"https:\/\/gaudiumetspes-blog.pl\/index.php\/wp-json\/wp\/v2\/users\/1"}],"replies":[{"embeddable":true,"href":"https:\/\/gaudiumetspes-blog.pl\/index.php\/wp-json\/wp\/v2\/comments?post=9629"}],"version-history":[{"count":1,"href":"https:\/\/gaudiumetspes-blog.pl\/index.php\/wp-json\/wp\/v2\/posts\/9629\/revisions"}],"predecessor-version":[{"id":10454,"href":"https:\/\/gaudiumetspes-blog.pl\/index.php\/wp-json\/wp\/v2\/posts\/9629\/revisions\/10454"}],"wp:attachment":[{"href":"https:\/\/gaudiumetspes-blog.pl\/index.php\/wp-json\/wp\/v2\/media?parent=9629"}],"wp:term":[{"taxonomy":"category","embeddable":true,"href":"https:\/\/gaudiumetspes-blog.pl\/index.php\/wp-json\/wp\/v2\/categories?post=9629"},{"taxonomy":"post_tag","embeddable":true,"href":"https:\/\/gaudiumetspes-blog.pl\/index.php\/wp-json\/wp\/v2\/tags?post=9629"}],"curies":[{"name":"wp","href":"https:\/\/api.w.org\/{rel}","templated":true}]}}