{"id":9631,"date":"2011-12-24T23:00:00","date_gmt":"2011-12-24T22:00:00","guid":{"rendered":"https:\/\/gaudiumetspes-blog.pl\/index.php\/2011\/12\/24\/christus-nobis-est-natus-venite\/"},"modified":"2019-07-31T12:52:53","modified_gmt":"2019-07-31T10:52:53","slug":"christus-nobis-est-natus-venite","status":"publish","type":"post","link":"https:\/\/gaudiumetspes-blog.pl\/index.php\/2011\/12\/24\/christus-nobis-est-natus-venite\/","title":{"rendered":"Christus nobis est natus! Venite, adoremus!"},"content":{"rendered":"<div style=\"text-align: justify;\"><b style=\"mso-bidi-font-weight: normal;\">Niech b\u0119dzie pochwalony Jezus Chrystus! Kochani, witamy Jezusa narodzonego dla nas! Bardzo dzi\u0119kuj\u0119 za wszystkie \u017cyczenia, dobre s\u0142owa i wszystkie wyrazy pami\u0119ci, kt\u00f3re ju\u017c dotar\u0142y do mnie r\u00f3\u017cnymi drogami. Ja Wam dedykuj\u0119 dzisiaj rozwa\u017canie z Pasterki. S\u0142owa te b\u0119d\u0119 wypowiada\u0142 do wiernych Parafii w Celestynowie, prosz\u0119 jednak, aby\u015bcie zechcieli odnie\u015b\u0107 je bezpo\u015brednio do siebie &#8211; bez wzgl\u0119du na to, gdzie b\u0119dziecie je czytali.&nbsp;<\/b><\/div>\n<div class=\"MsoNormal\" style=\"text-align: justify;\"><b>&nbsp;&nbsp;&nbsp; Wszystkim Wam, Kochani, \u017cycz\u0119 Bo\u017cego Narodzenia &#8211; w sercach! I na takie religijne, duchowe prze\u017cywanie tego czasu posy\u0142am Wam moje kap\u0142a\u0144skie b\u0142ogos\u0142awie\u0144stwo: Niech Was b\u0142ogos\u0142awi B\u00f3g Wszechmog\u0105cy: Ojciec + i Syn, i Duch \u015awi\u0119ty. Amen<\/b><\/div>\n<div class=\"MsoNormal\" style=\"text-align: justify;\"><b>&nbsp;&nbsp;&nbsp;&nbsp;&nbsp;&nbsp;&nbsp;&nbsp;&nbsp;&nbsp;&nbsp;&nbsp;&nbsp; Gaudium et spes!&nbsp; Ks. Jacek<\/b><\/div>\n<div class=\"MsoNormal\" style=\"text-align: justify;\">\n<\/div>\n<div class=\"MsoNormal\" style=\"text-align: justify;\"><b>Uroczysto\u015b\u0107 Narodzenia Pa\u0144skiego \u2013 Msza w nocy<\/b><\/div>\n<div class=\"MsoNormal\" style=\"text-align: justify;\"><b style=\"mso-bidi-font-weight: normal;\">do czyta\u0144:&nbsp; Iz 9,1\u20133.5\u20136;&nbsp; Tt 2,11\u201314;&nbsp; \u0141k 2,1\u201314<\/b><\/div>\n<div class=\"MsoNormal\" style=\"text-align: justify;\">\n<\/div>\n<div class=\"MsoNormal\" style=\"text-align: justify; text-indent: 35.4pt;\"><b style=\"mso-bidi-font-weight: normal;\"><i style=\"mso-bidi-font-style: normal;\">Nar\u00f3d krocz\u0105cy w ciemno\u015bciach ujrza\u0142 \u015awiat\u0142o\u015b\u0107 wielk\u0105, nad mieszka\u0144cami kraju mrok\u00f3w zab\u0142ys\u0142o \u015bwiat\u0142o. Pomno\u017cy\u0142e\u015b rado\u015b\u0107, zwi\u0119kszy\u0142e\u015b wesele<\/i><\/b><b style=\"mso-bidi-font-weight: normal;\">. [\u2026] <i style=\"mso-bidi-font-style: normal;\">Albowiem Dzieci\u0119 nam si\u0119 narodzi\u0142o, Syn zosta\u0142 nam dany, na Jego barkach spocz\u0119\u0142a w\u0142adza. Nazwano Go imieniem: Przedziwny Doradca, B\u00f3g Mocny, Odwieczny Ojciec, Ksi\u0105\u017c\u0119 Pokoju. Wielkie b\u0119dzie Jego panowanie w pokoju bez granic<\/i>!<\/b><\/div>\n<div align=\"center\" class=\"MsoNormal\" style=\"text-align: center;\"><b style=\"mso-bidi-font-weight: normal;\">Przewielebny Ksi\u0119\u017ce Proboszczu!<\/b><\/div>\n<div align=\"center\" class=\"MsoNormal\" style=\"text-align: center;\"><b style=\"mso-bidi-font-weight: normal;\">Kochani Cz\u0142onkowie Wsp\u00f3lnot modlitewnych i formacyjnych,&nbsp;<\/b><\/div>\n<div align=\"center\" class=\"MsoNormal\" style=\"text-align: center;\"><b>dzia\u0142aj\u0105cych w naszej Parafii!<\/b><\/div>\n<div align=\"center\" class=\"MsoNormal\" style=\"text-align: center;\"><b style=\"mso-bidi-font-weight: normal;\">Najdostojniejsi Go\u015bcie, przybyli na te niezwyk\u0142e \u015awi\u0119ta!<\/b><\/div>\n<div align=\"center\" class=\"MsoNormal\" style=\"text-align: center;\"><b style=\"mso-bidi-font-weight: normal;\">I Wy wszyscy, umi\u0142owani przez Chrystusa, Siostry i Bracia!<\/b><\/div>\n<div class=\"MsoNormal\" style=\"text-align: justify; text-indent: 35.4pt;\">S\u0142owa Proroka Izajasza, us\u0142yszane przez nas przed chwil\u0105 w pierwszym czytaniu, maj\u0105 w sobie jak\u0105\u015b <b style=\"mso-bidi-font-weight: normal;\">moc niezwyk\u0142\u0105 i szczeg\u00f3ln\u0105. <\/b>One si\u0119 jeszcze kilkakrotnie pojawiaj\u0105 w Liturgii Ko\u015bcio\u0142a, ale <b style=\"mso-bidi-font-weight: normal;\">nigdy nie brzmi\u0105 tak niezwykle i tak wyj\u0105tkowo, jak w\u0142a\u015bnie tej nocy.<\/b> Ja sam w swoim sercu nosz\u0119 wspomnienie z lat mojej pos\u0142ugi lektorskiej w rodzinnej Parafii, kiedy to <b style=\"mso-bidi-font-weight: normal;\">czyta\u0142o si\u0119 te w\u0142a\u015bnie s\u0142owa z jakim\u015b nieopisanym poruszeniem serca,<\/b> z jakim\u015b dreszczem, kt\u00f3ry przechodzi\u0142 gdzie\u015b do g\u0142\u0119bi duszy. <\/div>\n<div class=\"MsoNormal\" style=\"text-align: justify; text-indent: 35.4pt;\">Bardzo trudno mi tu dzisiaj nawet scharakteryzowa\u0107, jakie to by\u0142o uczucie, ale to <b style=\"mso-bidi-font-weight: normal;\">co\u015b, co wi\u0105\u017ce si\u0119 z niesamowitym i nadzwyczajnym prze\u017cyciem \u2013 z prze\u017cyciem chwili wielkiej i uroczystej.<\/b> Te s\u0142owa Izajasza Proroka, jakkolwiek same w sobie bardzo proste, to jednak uk\u0142adaj\u0105 si\u0119 w taki wyj\u0105tkowy poemat i przez to staj\u0105 si\u0119 \u2013 w\u0142a\u015bnie tej nocy, w\u0142a\u015bnie w tej chwili \u2013 proklamacj\u0105 niezwyk\u0142ej nowiny: <b style=\"mso-bidi-font-weight: normal;\"><i style=\"mso-bidi-font-style: normal;\">Dzieci\u0119 nam si\u0119 narodzi\u0142o, Syn zosta\u0142 nam dany, na Jego barkach<\/i><\/b> <b style=\"mso-bidi-font-weight: normal;\"><i style=\"mso-bidi-font-style: normal;\">spocz\u0119\u0142a w\u0142adza. Nazwano Go imieniem: Przedziwny Doradca, B\u00f3g Mocny, Odwieczny Ojciec, Ksi\u0105\u017c\u0119 Pokoju.<\/i><\/b> <\/div>\n<div class=\"MsoNormal\" style=\"text-align: justify; text-indent: 35.4pt;\">Wielkie s\u0142owa \u2013 wspania\u0142a nowina. Chocia\u017c sam przebieg ca\u0142ego Wydarzenia wydaje si\u0119 taki <b style=\"mso-bidi-font-weight: normal;\">bardzo zwyczajny i taki prosty<\/b> \u2013 je\u017celi z uwag\u0105 wczyta\u0107 si\u0119 w tre\u015b\u0107 dzisiejszej Ewangelii. Ot, po prostu, spis ludno\u015bci \u2013 trzeba wi\u0119c jecha\u0107. <b style=\"mso-bidi-font-weight: normal;\">I oto por\u00f3d, w sumie chyba nie a\u017c taki niespodziewany. <\/b>Trzeba szybko znale\u017a\u0107 miejsce, a tego jak na z\u0142o\u015b\u0107 \u2013 nie ma. No c\u00f3\u017c, pozosta\u0142o jedyne, jakie si\u0119 w tym momencie trafi\u0142o, <b style=\"mso-bidi-font-weight: normal;\">tym bardziej, \u017ce sytuacja raczej nie sprzyja\u0142a d\u0142ugim poszukiwaniom i czas nagli\u0142.<\/b> <\/div>\n<div class=\"MsoNormal\" style=\"text-align: justify; text-indent: 35.4pt;\">Znalaz\u0142o si\u0119 miejsce w jakiej\u015b oborze, w rzeczywisto\u015bci by\u0142a to raczej grota. <b style=\"mso-bidi-font-weight: normal;\">Co by to nie by\u0142o, to z pewno\u015bci\u0105 nie by\u0142y warunki godne cz\u0142owieka i odpowiednie dla narodzin Boga.<\/b> Dlatego mo\u017cemy zauwa\u017cy\u0107, \u017ce akurat miejsce i okoliczno\u015bci tych\u017ce narodzin <b style=\"mso-bidi-font-weight: normal;\">troch\u0119 nie przystaj\u0105 do uroczystego tonu, jakim Izajasz Prorok wprowadzi\u0142 nas w prze\u017cywanie ca\u0142ego tego wielkiego Wydarzenia.<\/b> <\/div>\n<div class=\"MsoNormal\" style=\"text-align: justify; text-indent: 35.4pt;\">Dopiero Anio\u0142 z nieba, otoczony ca\u0142ym mn\u00f3stwem zast\u0119p\u00f3w anielskich, przyby\u0142ych w blasku chwa\u0142y Bo\u017cej, potwierdzi\u0142, \u017ce <b style=\"mso-bidi-font-weight: normal;\">faktycznie dokona\u0142o si\u0119 tu co\u015b niezwyk\u0142ego. <\/b><i style=\"mso-bidi-font-style: normal;\">Ukaza\u0142a si\u0119 bowiem<\/i> \u2013 jak m\u00f3wi dzisiaj \u015awi\u0119ty Pawe\u0142 w drugim czytaniu \u2013 <b style=\"mso-bidi-font-weight: normal;\"><i style=\"mso-bidi-font-style: normal;\">\u0142aska Boga, kt\u00f3ra niesie zbawienie wszystkim ludziom<\/i><\/b> <i style=\"mso-bidi-font-style: normal;\">i poucza nas, aby\u015bmy wyrzek\u0142szy si\u0119 bezbo\u017cno\u015bci i \u017c\u0105dz \u015bwiatowych, rozumnie i sprawiedliwie, i pobo\u017cnie \u017cyli na tym \u015bwiecie, oczekuj\u0105c b\u0142ogos\u0142awionej nadziei i objawienia si\u0119 chwa\u0142y wielkiego Boga i Zbawiciela naszego, Jezusa Chrystusa<\/i>. <\/div>\n<div class=\"MsoNormal\" style=\"text-align: justify; text-indent: 35.4pt;\">A wi\u0119c jednak \u2013 jest to chwila wyj\u0105tkowa, chwila nadzwyczajna. <b style=\"mso-bidi-font-weight: normal;\">Jest to wielkie \u015bwi\u0119to ca\u0142ej ludzko\u015bci i bardzo niezwyk\u0142a chwila dla ka\u017cdego cz\u0142owieka indywidualnie,<\/b> bo to nie z innego powodu, jak w\u0142a\u015bnie <b style=\"mso-bidi-font-weight: normal;\">z wielkiej mi\u0142o\u015bci do ka\u017cdego indywidualnie cz\u0142owieka Syn Bo\u017cy sta\u0142 si\u0119 cz\u0142owiekiem.<\/b> I dlatego ka\u017cdy cz\u0142owiek mo\u017ce z wi\u0119ksz\u0105 nadziej\u0105 patrze\u0107 na swoje cz\u0142owiecze\u0144stwo i na swoje \u017cycie. <\/div>\n<div class=\"MsoNormal\" style=\"text-align: justify; text-indent: 35.4pt;\">Je\u017celi bowiem <b style=\"mso-bidi-font-weight: normal;\">sam B\u00f3g zechcia\u0142 nas zaszczyci\u0107 udzia\u0142em w naszym cz\u0142owiecze\u0144stwie, <\/b>to znak dla nas, jak bardzo trzeba nam szanowa\u0107 swoj\u0105 i innych ludzk\u0105 godno\u015b\u0107. I jak bardzo <b style=\"mso-bidi-font-weight: normal;\">trzeba nam docenia\u0107 obecno\u015b\u0107 w naszym \u017cyciu tych ludzi, tych os\u00f3b, w\u015br\u00f3d kt\u00f3rych \u017cyjemy.<\/b> Nieraz na nich narzekamy, nieraz nas denerwuj\u0105 z r\u00f3\u017cnych powod\u00f3w. Mamy do nich takie czy inne pretensje i \u017cale. Ale <b style=\"mso-bidi-font-weight: normal;\">jak bardzo boli serce, kiedy ich zabraknie<\/b> i jak wtedy mocno przekonujemy si\u0119, \u017ce <b style=\"mso-bidi-font-weight: normal;\">s\u0105 oni nam drodzy i \u017ce ich brak odczuwamy dotkliwie. <\/b><\/div>\n<div class=\"MsoNormal\" style=\"text-align: justify; text-indent: 35.4pt;\">Z pewno\u015bci\u0105, \u015bwiadczy\u0142y o tym \u0142zy, kt\u00f3re wielu spo\u015br\u00f3d nas ukradkiem \u2013 albo wcale nie ukradkiem \u2013 ociera\u0142o przy wigilijnym stole. Po raz bowiem kolejny przekonujemy si\u0119, <b style=\"mso-bidi-font-weight: normal;\">jak wielkim darem dla cz\u0142owieka jest drugi cz\u0142owiek. <\/b>Nie zast\u0105pi\u0105 go inne dary, jakiekolwiek \u015bwiecide\u0142ka i b\u0142yskotki, nie zast\u0105pi\u0105 tego daru \u017cadne, nawet najbardziej wymy\u015blne i najbardziej kosztowne sprz\u0119ty, samochody czy najwi\u0119ksze nawet sumy pieni\u0119dzy. <b style=\"mso-bidi-font-weight: normal;\">Nie zast\u0105pi\u0105 one daru drugiej osoby, drugiego cz\u0142owieka! <\/b><\/div>\n<div class=\"MsoNormal\" style=\"text-align: justify; text-indent: 35.4pt;\">I dlatego ta dzisiejsza noc i poprzedzaj\u0105cy je wigilijny wiecz\u00f3r to dobra okazja do tego, aby <b style=\"mso-bidi-font-weight: normal;\">dzi\u0119kuj\u0105c Bogu za dar Jego Syna, kt\u00f3ry sta\u0142 si\u0119 Cz\u0142owiekiem, z wielk\u0105 wdzi\u0119czno\u015bci\u0105 spojrze\u0107 na tego cz\u0142owieka, kt\u00f3rego mam obok siebie.<\/b> Aby za niego podzi\u0119kowa\u0107 Bogu. Aby doceni\u0107 to, \u017ce jest\u2026 <b style=\"mso-bidi-font-weight: normal;\">Teraz, nie wtedy, kiedy go zabraknie!<\/b> I niech ta rado\u015b\u0107, ta wdzi\u0119czno\u015b\u0107 przepe\u0142nia ca\u0142e nasze \u015bwi\u0119towanie. <\/div>\n<div class=\"MsoNormal\" style=\"text-align: justify; text-indent: 35.4pt;\">Niech te\u017c ta wdzi\u0119czno\u015b\u0107 przerodzi si\u0119 w modlitw\u0119 \u2013 <b style=\"mso-bidi-font-weight: normal;\">modlitw\u0119 podzi\u0119kowania, ale tak\u017ce najserdeczniejszej pro\u015bby za tych wszystkich, kt\u00f3rych kochamy.<\/b> Niech <b style=\"mso-bidi-font-weight: normal;\">ma\u0142\u017conkowie<\/b> doceni\u0105, jak wielkim darem s\u0105 dla siebie nawzajem i niech si\u0119 pomodl\u0105 o trwanie swojej mi\u0142o\u015bci. <b style=\"mso-bidi-font-weight: normal;\">Niech rodzice raz jeszcze uraduj\u0105 si\u0119 ze swoich dzieci<\/b> i poprosz\u0105 Boga o wszelkie b\u0142ogos\u0142awie\u0144stwo dla nich. <b style=\"mso-bidi-font-weight: normal;\">Niech dzieci doceni\u0105, jakich maj\u0105 rodzic\u00f3w<\/b> i tak\u017ce w modlitwie b\u0142agaj\u0105 Boga o wszelk\u0105 dla nich pomoc. Z takim samym uczuciem wdzi\u0119czno\u015bci i w duchu modlitwy <b style=\"mso-bidi-font-weight: normal;\">pomy\u015blmy o naszych dziadkach,<\/b> <b style=\"mso-bidi-font-weight: normal;\">o swoim rodze\u0144stwie i dalszej rodzinie, o s\u0105siadach, wsp\u00f3\u0142pracownikach, kolegach i kole\u017cankach ze szko\u0142y.<\/b> <\/div>\n<div class=\"MsoNormal\" style=\"text-align: justify; text-indent: 35.4pt;\">Kochani, ta noc \u2013 noc wyj\u0105tkowa i szczeg\u00f3lna \u2013 to taki czas, w kt\u00f3rym <b style=\"mso-bidi-font-weight: normal;\">nikomu w naszych sercach nie mo\u017ce brakowa\u0107 miejsca.<\/b> Je\u015bli tak mo\u017cna powiedzie\u0107, to wszyscy, jak tu jeste\u015bmy, musimy <b style=\"mso-bidi-font-weight: normal;\">\u201enadrobi\u0107\u201d ten brak, jaki mia\u0142 miejsce dwa tysi\u0105ce lat temu,<\/b> kiedy to Bogu \u2013 Cz\u0142owiekowi zabrak\u0142o miejsca nie tylko w takiej, czy innej gospodzie. <b style=\"mso-bidi-font-weight: normal;\">Jemu zabrak\u0142o miejsca w ludzkich sercach!<\/b> <\/div>\n<div class=\"MsoNormal\" style=\"text-align: justify; text-indent: 35.4pt;\">I dlatego trzeba, aby\u015bmy my dzisiaj nasze serca jak najszerzej otwierali, <b style=\"mso-bidi-font-weight: normal;\">aby tamten dramat odrzucenia Bo\u017cego Syna nigdy si\u0119 ju\u017c nie powt\u00f3rzy\u0142.<\/b> Aby dzisiaj, kiedy Bo\u017cy Syn b\u0119dzie przychodzi\u0142 do nas w liturgii Ko\u015bcio\u0142a, w swoim S\u0142owie i w Eucharystii, kiedy ju\u017c mo\u017ce przyszed\u0142, ale te\u017c b\u0119dzie przychodzi\u0142 w drugim cz\u0142owieku \u2013 <b style=\"mso-bidi-font-weight: normal;\">oby czeka\u0142o na Niego otwarte na o\u015bcie\u017c nasze serce.<\/b> Dobrze przygotowane przez Rekolekcje i Spowied\u017a adwentow\u0105. <b style=\"mso-bidi-font-weight: normal;\">Serce gotowe, radosne, pogodne, serce czyste\u2026<\/b> <\/div>\n<div class=\"MsoNormal\" style=\"text-align: justify; text-indent: 35.4pt;\">Musimy, Kochani, <b style=\"mso-bidi-font-weight: normal;\">\u201ezrewan\u017cowa\u0107\u201d si\u0119 niejako Jezusowi za tamte zamkni\u0119te drzwi dom\u00f3w, za tamte zamkni\u0119te drzwi serc.<\/b> I dlatego w wigilijny wiecz\u00f3r podchodzili\u015bmy do siebie nawzajem z op\u0142atkiem i z dobrym s\u0142owem. <b style=\"mso-bidi-font-weight: normal;\">Otwierali\u015bmy przed sob\u0105 swoje serca, \u017cycz\u0105c sobie wszystkiego, co najlepsze!<\/b> G\u0142\u0119boko wierzymy, \u017ce Jezus Chrystus, Bo\u017cy Syn \u2013 Nowonarodzony \u2013 <b style=\"mso-bidi-font-weight: normal;\">uwa\u017cnie s\u0142ucha\u0142 tych \u017cycze\u0144 i zechce potraktowa\u0107 je jako modlitw\u0119\u2026<\/b> Wierzymy, \u017ce spodoba\u0142o Mu si\u0119 to, czego sobie nawzajem \u017cyczyli\u015bmy i \u017ce zechce to spe\u0142ni\u0107 w czasie, kt\u00f3ry jest przed nami. O to modlimy si\u0119 tak\u017ce w czasie tej Mszy \u015awi\u0119tej. <\/div>\n<div class=\"MsoNormal\" style=\"text-align: justify; text-indent: 35.4pt;\">Modlimy si\u0119, aby w naszych rodzinach, w naszych domach zawsze <b style=\"mso-bidi-font-weight: normal;\">panowa\u0142 pok\u00f3j. Prawdziwy pok\u00f3j, nie taki sielankowy, nie jaka\u015b nierealna, bajeczna beztroska. Nie o tym tu mowa!<\/b> Chodzi o prawdziwy pok\u00f3j wewn\u0119trzny, kt\u00f3ry b\u0119dzie kszta\u0142towa\u0142 wzajemne relacje i pomo\u017ce <b style=\"mso-bidi-font-weight: normal;\">znale\u017a\u0107 wyj\u015bcie z najtrudniejszych nawet sytuacji, je\u015bli takie mia\u0142yby kiedykolwiek si\u0119 pojawi\u0107.<\/b> Niech ten Bo\u017cy pok\u00f3j, zwiastowany przez Anio\u0142\u00f3w w chwili narodzenia Pana, <b style=\"mso-bidi-font-weight: normal;\">ogarnie tak naprawd\u0119 nasze rodziny.<\/b> Niech od tych \u015awi\u0105t, niech od tej Wigilii chocia\u017c troch\u0119 lepiej wygl\u0105daj\u0105 nasze relacje i wzajemne odnoszenie si\u0119 do siebie w rodzinach. <b style=\"mso-bidi-font-weight: normal;\">A je\u017celi ju\u017c jest dobrze \u2013 to oby to trwa\u0142o.<\/b> <\/div>\n<div class=\"MsoNormal\" style=\"text-align: justify; text-indent: 35.4pt;\">Niech takie dobre relacje panuj\u0105 w naszych kontaktach s\u0105siedzkich. Ten czas wyj\u0105tkowy to mo\u017ce te\u017c dobra okazja do tego, <b style=\"mso-bidi-font-weight: normal;\">aby zauwa\u017cy\u0107 i doceni\u0107, jak wielk\u0105 warto\u015bci\u0105 jest dla nas nasz s\u0105siad<\/b> \u2013 ile razy pom\u00f3g\u0142, ile razy by\u0142 na miejscu, kiedy by\u0142 potrzebny\u2026 A je\u017celi nie zawsze mi\u0119dzy nami si\u0119 uk\u0142ada\u0142o, to mo\u017ce trzeba spr\u00f3bowa\u0107 jeszcze raz nawi\u0105za\u0107 kontakt. <b style=\"mso-bidi-font-weight: normal;\">W\u0142a\u015bnie teraz, w\u0142a\u015bnie dzisiaj! Aby\u015bmy nie byli na siebie jako s\u0105siedzi \u201eskazani\u201d, ale aby\u015bmy byli dla siebie darem i pomoc\u0105.<\/b> <\/div>\n<div class=\"MsoNormal\" style=\"text-align: justify; text-indent: 35.4pt;\">I aby\u015bmy takie same relacje uk\u0142adali <b style=\"mso-bidi-font-weight: normal;\">we wszystkich miejscach, w kt\u00f3rych przebywamy. <\/b>Niech mi b\u0119dzie wolno, Kochani, w tym momencie z ogromn\u0105 rado\u015bci\u0105 i satysfakcj\u0105 stwierdzi\u0107, \u017ce <b style=\"mso-bidi-font-weight: normal;\">tak\u0105 dobr\u0105, rodzinn\u0105 atmosfer\u0119 odnalaz\u0142em tu, w\u015br\u00f3d Was \u2013 i to od pierwszego dnia, kiedy przyby\u0142em, <\/b>pod koniec sierpnia. <b style=\"mso-bidi-font-weight: normal;\">Ogromna otwarto\u015b\u0107, \u017cyczliwo\u015b\u0107, anielska cierpliwo\u015b\u0107 i bajeczny humor naszego Kochanego Ksi\u0119dza Proboszcza, w po\u0142\u0105czeniu z Wasz\u0105 \u017cyczliwo\u015bci\u0105 i dobroci\u0105,<\/b> kt\u00f3rej codziennie do\u015bwiadczam, a w\u015br\u00f3d kt\u00f3rej chcia\u0142bym jako\u015b tak szczeg\u00f3lnie zaznaczy\u0107 i doceni\u0107 otwarto\u015b\u0107 mojej \u2013 naszej! \u2013 cudownej M\u0142odzie\u017cy, zgromadzonej w S\u0142u\u017cbie Liturgicznej i Oazie \u2013 <b style=\"mso-bidi-font-weight: normal;\">M\u0142odzie\u017cy, z kt\u00f3rej jestem bardzo, bardzo dumny!<\/b> \u2013 w\u0142a\u015bnie to wszystko <b style=\"mso-bidi-font-weight: normal;\">razem wzi\u0119te, Kochani, tworzy atmosfer\u0119 rodziny, do jakiej mnie Pan w\u0142\u0105czy\u0142 i jak\u0105 mnie obdarzy\u0142,<\/b> za co Mu dzisiaj ze swej strony wyra\u017cam najg\u0142\u0119bsz\u0105 wdzi\u0119czno\u015b\u0107!<\/div>\n<div class=\"MsoNormal\" style=\"text-align: justify; text-indent: 35.4pt;\">To wspaniale, Kochani, \u017ce <b style=\"mso-bidi-font-weight: normal;\">tak wiele jest dobra, ch\u0119ci pomocy, \u017cyczliwo\u015bci \u2013 we wzajemnym naszym odnoszeniu si\u0119 do siebie w tych miejscach, w kt\u00f3rych pracujemy, czy uczymy si\u0119.<\/b> To wspaniale, tak powinno by\u0107, <b style=\"mso-bidi-font-weight: normal;\">to jest normalny stan w przypadku ludzi wierz\u0105cych!<\/b> Jakiekolwiek konflikty, zadra\u015bni\u0119cia, nieporozumienia \u2013 je\u015bli si\u0119 pojawiaj\u0105 \u2013 powinny by\u0107 na bie\u017c\u0105co rozwi\u0105zywane. <\/div>\n<div class=\"MsoNormal\" style=\"text-align: justify; text-indent: 35.4pt;\"><b style=\"mso-bidi-font-weight: normal;\">Stanem nienormalnym i niezrozumia\u0142ym w\u015br\u00f3d wierz\u0105cych, w\u015br\u00f3d chrze\u015bcijan, jest stan d\u0142ugotrwa\u0142ego konfliktu, zazdro\u015bci,<\/b> niepokoju, czy \u2013 przed czym niech nas B\u00f3g broni! \u2013 stan nienawi\u015bci. <b style=\"mso-bidi-font-weight: normal;\">To nie jest stan normalny w relacjach mi\u0119dzy lud\u017ami wierz\u0105cymi \u2013 i nie tylko wierz\u0105cymi!<\/b> Je\u017celi B\u00f3g zaszczyci\u0142 nasze cz\u0142owiecze\u0144stwo i nasze ziemskie \u017cycie swoim narodzeniem pomi\u0119dzy nami, to jedyn\u0105 nasz\u0105 odpowiedzi\u0105 na Jego przyj\u015bcie \u2013 jak ju\u017c wspomnieli\u015bmy \u2013 <b style=\"mso-bidi-font-weight: normal;\">winny by\u0107 serca na o\u015bcie\u017c otwarte! <\/b><\/div>\n<div class=\"MsoNormal\" style=\"text-align: justify; text-indent: 35.4pt;\">O takie serca otwarte i \u017cyczliwe <b style=\"mso-bidi-font-weight: normal;\">m\u00f3dlmy si\u0119, Kochani, dla siebie nawzajem! Aby Jezus m\u00f3g\u0142 si\u0119 w nich narodzi\u0107!<\/b> Aby Jezus czu\u0142 si\u0119 w nich dobrze. Je\u017celi b\u0119dzie Mu dobrze w naszych sercach, <b style=\"mso-bidi-font-weight: normal;\">to b\u0119dzie Mu te\u017c dobrze w naszych rodzinach i w naszych domach! I b\u0119dzie Mu te\u017c dobrze w naszej Parafii,<\/b> kt\u00f3ra przecie\u017c tak\u017ce jest rodzin\u0105. Dzisiaj modlimy si\u0119 r\u00f3wnie\u017c o to, aby\u015bmy jako Parafia tak\u0105 rodzin\u0105 naprawd\u0119 byli. <\/div>\n<div class=\"MsoNormal\" style=\"text-align: justify; text-indent: 35.4pt;\">Modlimy si\u0119 za <b style=\"mso-bidi-font-weight: normal;\">naszego Ksi\u0119dza Proboszcza,<\/b> aby wytrwale i z takim zapa\u0142em, po jakim go rozpoznajemy, tworzy\u0142 w\u015br\u00f3d nas trwa\u0142e dobro, <b style=\"mso-bidi-font-weight: normal;\">wynosz\u0105c na wysoki poziom duszpasterstwo i liturgi\u0119 tu sprawowan\u0105, g\u0142osz\u0105c z zapa\u0142em Bo\u017ce S\u0142owo, sprawuj\u0105c Sakramenty,<\/b> ale tak\u017ce dbaj\u0105c o sprawy gospodarcze i materialne. <\/div>\n<div class=\"MsoNormal\" style=\"text-align: justify; text-indent: 35.4pt;\">I modlimy si\u0119 tak\u017ce za <b style=\"mso-bidi-font-weight: normal;\">Ksi\u0119\u017cy: Gerarda, Waldemara, Andrzeja, Mariusza i \u0141ukasza \u2013 nie zapominamy tak\u017ce o Ksi\u0119dzu Tomaszu \u2013 <\/b>polecaj\u0105c Nowonarodzonemu Panu ich wszystkich, ich codzienn\u0105 obecno\u015b\u0107 przy O\u0142tarzu, w konfesjonale, w naszej \u015bwi\u0105tyni, dzi\u0119kuj\u0105c Panu za ich \u015bwietny kontakt z lud\u017ami, szczeg\u00f3lnie m\u0142odymi. <\/div>\n<div class=\"MsoNormal\" style=\"text-align: justify; text-indent: 35.4pt;\">Modlimy si\u0119 za wszystkie <b style=\"mso-bidi-font-weight: normal;\">Osoby bezpo\u015brednio przyczyniaj\u0105ce si\u0119 do sprawnego i rytmicznego funkcjonowania naszej Parafii,<\/b> a tak\u017ce za <b style=\"mso-bidi-font-weight: normal;\">K\u00f3\u0142ka i Wsp\u00f3lnoty modlitewne i formacyjne, <\/b>prosz\u0105c dla nich o si\u0142\u0119 do trwania i do rozwoju, i modl\u0105c si\u0119 tak\u017ce o tw\u00f3rcze zaanga\u017cowanie jak najwi\u0119kszej liczby cz\u0142onk\u00f3w naszej Parafialnej Rodziny w rozmaite formy dobra. <\/div>\n<div class=\"MsoNormal\" style=\"text-align: justify; text-indent: 35.4pt;\">Kochani, szczeg\u00f3ln\u0105 mi\u0142o\u015bci\u0105 i pami\u0119ci\u0105 modlitewn\u0105 otaczamy dzi\u015b \u2013 jako Parafialna Rodzina \u2013 <b style=\"mso-bidi-font-weight: normal;\">wszystkich Chorych, Cierpi\u0105cych, Starszych i Niepe\u0142nosprawnych\u2026<\/b> Wielu z nich odwiedzamy w pierwsze pi\u0105tki miesi\u0105ca. Posy\u0142amy im najserdeczniejsze \u017cyczenia! <\/div>\n<div class=\"MsoNormal\" style=\"text-align: justify; text-indent: 35.4pt;\">Ze s\u0142owami solidarno\u015bci i blisko\u015bci serc przed Panem spieszymy <b style=\"mso-bidi-font-weight: normal;\">do wszystkich Samotnych,<\/b> kt\u00f3rzy mo\u017ce nie mieli z kim prze\u0142ama\u0107 si\u0119 dzi\u015b op\u0142atkiem, tylko ogl\u0105daj\u0105c stare zdj\u0119cia, \u0142ykali \u0142zy w cichym b\u00f3lu i t\u0119sknocie\u2026 Wszyscy, jak tu jeste\u015bmy, <b style=\"mso-bidi-font-weight: normal;\">otaczamy ich \u2013 ka\u017cdego, bez wyj\u0105tku! \u2013 nasz\u0105 modlitw\u0105 i mi\u0142o\u015bci\u0105, <\/b>wyra\u017caj\u0105c gotowo\u015b\u0107 do pomocy, a ich samych prosz\u0105c, <b style=\"mso-bidi-font-weight: normal;\">aby zechcieli skorzysta\u0107 z zaproszenia, jakie cz\u0119sto jest do nich kierowane w Wigili\u0119, czy na \u015awi\u0119ta,<\/b> ale oni nie chc\u0105, bo si\u0119 kr\u0119puj\u0105, bo si\u0119 wstydz\u0105\u2026 Prosimy ich, aby <b style=\"mso-bidi-font-weight: normal;\">nigdy ju\u017c wi\u0119cej nie zostawali sam na sam ze swoim b\u00f3lem i t\u0119sknot\u0105,<\/b> ale aby skorzystali z dobroci serc, kt\u00f3re inni przed nimi otwieraj\u0105. <\/div>\n<div class=\"MsoNormal\" style=\"text-align: justify; text-indent: 35.4pt;\">A gdyby mia\u0142 by\u0107 mi\u0119dzy nami kto\u015b taki, kto pozosta\u0142by sam i nie mia\u0142 \u017cadnego zaproszenia, to <b style=\"mso-bidi-font-weight: normal;\">dzisiaj modlimy si\u0119 o otwarte serca jego najbli\u017cszych i s\u0105siad\u00f3w, aby zauwa\u017cyli obok siebie samotnego cz\u0142owieka.<\/b> <\/div>\n<div class=\"MsoNormal\" style=\"text-align: justify; text-indent: 35.4pt;\">I za tych naszych Bliskich modlimy si\u0119, kt\u00f3rzy <b style=\"mso-bidi-font-weight: normal;\">te \u015awi\u0119ta prze\u017cywa\u0107 b\u0119d\u0105 w szpitalach, bo albo naprawd\u0119 powa\u017cnie chorzy, albo pozostawieni tam przez swoje dzieci,<\/b> wyje\u017cd\u017caj\u0105ce sobie w g\u00f3ry &#8211; szczeg\u00f3lnie bole\u015bnie odczuwaj\u0105 takie momenty, jak w\u0142a\u015bnie Wigilia. Niech wiedz\u0105, \u017ce o nich pami\u0119tamy i ich intencje przynosimy do \u017b\u0142\u00f3bka. <b style=\"mso-bidi-font-weight: normal;\">Nie s\u0105 samotni, bo my, jako Parafialna Rodzina, otaczamy ich nasz\u0105 mi\u0142o\u015bci\u0105 i modlitw\u0105!<\/b> Oby nigdy nikomu z nas nie przysz\u0142o tak prze\u017cywa\u0107 \u015awi\u0105t! <b style=\"mso-bidi-font-weight: normal;\">Oby to nie musia\u0142o kiedy\u015b spotka\u0107 tak\u017ce ich niewdzi\u0119cznych dzieci\u2026<\/b> <\/div>\n<div class=\"MsoNormal\" style=\"text-align: justify; text-indent: 35.4pt;\">Modlimy si\u0119 za tych tak\u017ce, kt\u00f3rzy z r\u00f3\u017cnych wzgl\u0119d\u00f3w prze\u017cywaj\u0105 te \u015awi\u0119ta poza domem, <b style=\"mso-bidi-font-weight: normal;\">nie mog\u0105c \u2013 albo nie chc\u0105c \u2013 zasi\u0105\u015b\u0107 ze swoimi najbli\u017cszymi do wigilijnej wieczerzy.<\/b> Prosimy dla nich o jak najmocniejsz\u0105 wi\u0119\u017a serca, nawi\u0105zan\u0105 z domem rodzinnym.<\/div>\n<div class=\"MsoNormal\" style=\"text-align: justify; text-indent: 35.4pt;\">I wreszcie, modlimy si\u0119 za tych, kt\u00f3rych mi\u0119dzy nami zabrak\u0142o\u2026 <b style=\"mso-bidi-font-weight: normal;\">Rok temu jeszcze byli, a mo\u017ce ju\u017c od wielu lat bole\u015bnie odczuwamy ich brak\u2026<\/b> Patrz\u0105c na puste miejsce przy wigilijnym stole, modlimy si\u0119 dla nich o to, <b style=\"mso-bidi-font-weight: normal;\">aby stali si\u0119 uczestnikami Wiecznej Uczty Zbawionych,<\/b> dla tych za\u015b, kt\u00f3rzy szczeg\u00f3lnie bole\u015bnie odczuwaj\u0105 brak swych najbli\u017cszych \u2013 <b>modlimy si\u0119 o nadziej\u0119. <\/b><\/div>\n<div class=\"MsoNormal\" style=\"text-align: justify; text-indent: 35.4pt;\">I w og\u00f3le, Kochani, wszyscy wszystkim \u015blemy najlepsze \u017cyczenia, kt\u00f3re zamieniamy w modlitw\u0119 o to, aby <b style=\"mso-bidi-font-weight: normal;\">Nowonarodzony przyni\u00f3s\u0142 now\u0105 nadziej\u0119 wszystkim \u2013 we wszystkich szlachetnych poczynaniach!<\/b> W t\u0119 nadzwyczajn\u0105 noc, ja\u015bniej\u0105c\u0105 blaskiem chwa\u0142y narodzonego w Betlejem Zbawiciela \u015bwiata \u2013 w t\u0119 noc rado\u015bci i pokoju, modlimy si\u0119 za siebie nawzajem o to, <b style=\"mso-bidi-font-weight: normal;\">aby\u015bmy zobaczyli, jak du\u017co jest w nas tak naprawd\u0119 dobra i mi\u0142o\u015bci \u2013 i aby\u015bmy je w sobie rozwijaj\u0105c, obficie si\u0119 nimi umieli i chcieli obdarowywa\u0107.<\/b> <\/div>\n<div class=\"MsoNormal\" style=\"text-align: justify; text-indent: 35.4pt;\">A pok\u00f3j Bo\u017cy, zwiastowany przez Anio\u0142\u00f3w, niech przepe\u0142nia nasze serca w ka\u017cdym czasie i w ka\u017cdej sytuacji. <b style=\"mso-bidi-font-weight: normal;\">Chwa\u0142a Bogu na wysoko\u015bciach, a na ziemi pok\u00f3j ludziom dobrej woli! Gloria in excelsis Deo et in terra pax hominibus bonae voluntatis!<\/b><\/div>\n<div align=\"right\" class=\"MsoNormal\" style=\"text-align: right; text-indent: 35.4pt;\"><b style=\"mso-bidi-font-weight: normal;\">&nbsp;&nbsp;&nbsp;&nbsp;&nbsp;&nbsp;&nbsp;&nbsp;&nbsp;&nbsp;&nbsp;&nbsp; Amen <\/b><\/div>\n","protected":false},"excerpt":{"rendered":"<p>Niech b\u0119dzie pochwalony Jezus Chrystus! Kochani, witamy Jezusa narodzonego dla nas! Bardzo dzi\u0119kuj\u0119 za wszystkie \u017cyczenia, dobre s\u0142owa i wszystkie wyrazy pami\u0119ci, kt\u00f3re ju\u017c dotar\u0142y do mnie r\u00f3\u017cnymi drogami. Ja Wam dedykuj\u0119 dzisiaj rozwa\u017canie z Pasterki. S\u0142owa te b\u0119d\u0119 wypowiada\u0142 do wiernych Parafii w Celestynowie, prosz\u0119 jednak, aby\u015bcie zechcieli odnie\u015b\u0107 je bezpo\u015brednio do siebie &#8211; [&hellip;]<\/p>\n","protected":false},"author":1,"featured_media":0,"comment_status":"open","ping_status":"open","sticky":false,"template":"","format":"standard","meta":{"jetpack_post_was_ever_published":false,"_jetpack_newsletter_access":"","_jetpack_dont_email_post_to_subs":false,"_jetpack_newsletter_tier_id":0,"_jetpack_memberships_contains_paywalled_content":false,"_jetpack_memberships_contains_paid_content":false,"footnotes":""},"categories":[1],"tags":[],"class_list":["post-9631","post","type-post","status-publish","format-standard","hentry","category-bez-kategorii"],"yoast_head":"<!-- This site is optimized with the Yoast SEO plugin v25.1 - https:\/\/yoast.com\/wordpress\/plugins\/seo\/ -->\n<title>Christus nobis est natus! Venite, adoremus! - Gaudium Et Spes<\/title>\n<meta name=\"robots\" content=\"index, follow, max-snippet:-1, max-image-preview:large, max-video-preview:-1\" \/>\n<link rel=\"canonical\" href=\"https:\/\/gaudiumetspes-blog.pl\/index.php\/2011\/12\/24\/christus-nobis-est-natus-venite\/\" \/>\n<meta property=\"og:locale\" content=\"pl_PL\" \/>\n<meta property=\"og:type\" content=\"article\" \/>\n<meta property=\"og:title\" content=\"Christus nobis est natus! Venite, adoremus! - Gaudium Et Spes\" \/>\n<meta property=\"og:description\" content=\"Niech b\u0119dzie pochwalony Jezus Chrystus! Kochani, witamy Jezusa narodzonego dla nas! Bardzo dzi\u0119kuj\u0119 za wszystkie \u017cyczenia, dobre s\u0142owa i wszystkie wyrazy pami\u0119ci, kt\u00f3re ju\u017c dotar\u0142y do mnie r\u00f3\u017cnymi drogami. Ja Wam dedykuj\u0119 dzisiaj rozwa\u017canie z Pasterki. S\u0142owa te b\u0119d\u0119 wypowiada\u0142 do wiernych Parafii w Celestynowie, prosz\u0119 jednak, aby\u015bcie zechcieli odnie\u015b\u0107 je bezpo\u015brednio do siebie &#8211; [&hellip;]\" \/>\n<meta property=\"og:url\" content=\"https:\/\/gaudiumetspes-blog.pl\/index.php\/2011\/12\/24\/christus-nobis-est-natus-venite\/\" \/>\n<meta property=\"og:site_name\" content=\"Gaudium Et Spes\" \/>\n<meta property=\"article:published_time\" content=\"2011-12-24T22:00:00+00:00\" \/>\n<meta property=\"article:modified_time\" content=\"2019-07-31T10:52:53+00:00\" \/>\n<meta name=\"author\" content=\"Ks. Jacek\" \/>\n<meta name=\"twitter:card\" content=\"summary_large_image\" \/>\n<meta name=\"twitter:label1\" content=\"Napisane przez\" \/>\n\t<meta name=\"twitter:data1\" content=\"Ks. Jacek\" \/>\n\t<meta name=\"twitter:label2\" content=\"Szacowany czas czytania\" \/>\n\t<meta name=\"twitter:data2\" content=\"14 minut\" \/>\n<script type=\"application\/ld+json\" class=\"yoast-schema-graph\">{\"@context\":\"https:\/\/schema.org\",\"@graph\":[{\"@type\":\"WebPage\",\"@id\":\"https:\/\/gaudiumetspes-blog.pl\/index.php\/2011\/12\/24\/christus-nobis-est-natus-venite\/\",\"url\":\"https:\/\/gaudiumetspes-blog.pl\/index.php\/2011\/12\/24\/christus-nobis-est-natus-venite\/\",\"name\":\"Christus nobis est natus! Venite, adoremus! - Gaudium Et Spes\",\"isPartOf\":{\"@id\":\"https:\/\/gaudiumetspes-blog.pl\/#website\"},\"datePublished\":\"2011-12-24T22:00:00+00:00\",\"dateModified\":\"2019-07-31T10:52:53+00:00\",\"author\":{\"@id\":\"https:\/\/gaudiumetspes-blog.pl\/#\/schema\/person\/1661982992b752dea8dff0d4ed845a65\"},\"breadcrumb\":{\"@id\":\"https:\/\/gaudiumetspes-blog.pl\/index.php\/2011\/12\/24\/christus-nobis-est-natus-venite\/#breadcrumb\"},\"inLanguage\":\"pl-PL\",\"potentialAction\":[{\"@type\":\"ReadAction\",\"target\":[\"https:\/\/gaudiumetspes-blog.pl\/index.php\/2011\/12\/24\/christus-nobis-est-natus-venite\/\"]}]},{\"@type\":\"BreadcrumbList\",\"@id\":\"https:\/\/gaudiumetspes-blog.pl\/index.php\/2011\/12\/24\/christus-nobis-est-natus-venite\/#breadcrumb\",\"itemListElement\":[{\"@type\":\"ListItem\",\"position\":1,\"name\":\"Strona g\u0142\u00f3wna\",\"item\":\"https:\/\/gaudiumetspes-blog.pl\/\"},{\"@type\":\"ListItem\",\"position\":2,\"name\":\"Christus nobis est natus! Venite, adoremus!\"}]},{\"@type\":\"WebSite\",\"@id\":\"https:\/\/gaudiumetspes-blog.pl\/#website\",\"url\":\"https:\/\/gaudiumetspes-blog.pl\/\",\"name\":\"Gaudium Et Spes\",\"description\":\"Blog Ks. Jacka Ja\u015bkowskiego\",\"potentialAction\":[{\"@type\":\"SearchAction\",\"target\":{\"@type\":\"EntryPoint\",\"urlTemplate\":\"https:\/\/gaudiumetspes-blog.pl\/?s={search_term_string}\"},\"query-input\":{\"@type\":\"PropertyValueSpecification\",\"valueRequired\":true,\"valueName\":\"search_term_string\"}}],\"inLanguage\":\"pl-PL\"},{\"@type\":\"Person\",\"@id\":\"https:\/\/gaudiumetspes-blog.pl\/#\/schema\/person\/1661982992b752dea8dff0d4ed845a65\",\"name\":\"Ks. Jacek\",\"image\":{\"@type\":\"ImageObject\",\"inLanguage\":\"pl-PL\",\"@id\":\"https:\/\/gaudiumetspes-blog.pl\/#\/schema\/person\/image\/\",\"url\":\"https:\/\/gaudiumetspes-blog.pl\/wp-content\/uploads\/2019\/07\/avatar-JJ-150x150.jpg\",\"contentUrl\":\"https:\/\/gaudiumetspes-blog.pl\/wp-content\/uploads\/2019\/07\/avatar-JJ-150x150.jpg\",\"caption\":\"Ks. Jacek\"},\"description\":\"Witam serdecznie! K\u0142ania si\u0119 Ks. Jacek Ja\u015bkowski. Nie jestem ani kim\u015b wa\u017cnym, ani kim\u015b znanym. Jestem ksi\u0119dzem, kt\u00f3ry po prostu chce rozmawia\u0107. Codzienna kap\u0142a\u0144ska pos\u0142uga pokazuje mi, \u017ce temat\u00f3w do rozm\u00f3w z ksi\u0119dzem jest coraz wi\u0119cej i dzisiaj \u017caden ksi\u0105dz nie mo\u017ce od nich ucieka\u0107, ale - wprost przeciwnie - podejmowa\u0107 nowe wyzwania. To przekonanie sk\u0142oni\u0142o mnie do pr\u00f3by otwarcia tego\u017c bloga, chocia\u017c okazji do rozm\u00f3w na co dzie\u0144 - w konfesjonale i poza nim - na szcz\u0119\u015bcie nie brakuje. My\u015bl\u0119 jednak, \u017ce ten blog b\u0119dzie jeszcze jednym sposobem i przestrzeni\u0105 nawi\u0105zania kontaktu z lud\u017ami dobrej woli, otwartymi na dialog.\",\"url\":\"https:\/\/gaudiumetspes-blog.pl\/index.php\/author\/ks-jacek\/\"}]}<\/script>\n<!-- \/ Yoast SEO plugin. -->","yoast_head_json":{"title":"Christus nobis est natus! Venite, adoremus! - Gaudium Et Spes","robots":{"index":"index","follow":"follow","max-snippet":"max-snippet:-1","max-image-preview":"max-image-preview:large","max-video-preview":"max-video-preview:-1"},"canonical":"https:\/\/gaudiumetspes-blog.pl\/index.php\/2011\/12\/24\/christus-nobis-est-natus-venite\/","og_locale":"pl_PL","og_type":"article","og_title":"Christus nobis est natus! Venite, adoremus! - Gaudium Et Spes","og_description":"Niech b\u0119dzie pochwalony Jezus Chrystus! Kochani, witamy Jezusa narodzonego dla nas! Bardzo dzi\u0119kuj\u0119 za wszystkie \u017cyczenia, dobre s\u0142owa i wszystkie wyrazy pami\u0119ci, kt\u00f3re ju\u017c dotar\u0142y do mnie r\u00f3\u017cnymi drogami. Ja Wam dedykuj\u0119 dzisiaj rozwa\u017canie z Pasterki. S\u0142owa te b\u0119d\u0119 wypowiada\u0142 do wiernych Parafii w Celestynowie, prosz\u0119 jednak, aby\u015bcie zechcieli odnie\u015b\u0107 je bezpo\u015brednio do siebie &#8211; [&hellip;]","og_url":"https:\/\/gaudiumetspes-blog.pl\/index.php\/2011\/12\/24\/christus-nobis-est-natus-venite\/","og_site_name":"Gaudium Et Spes","article_published_time":"2011-12-24T22:00:00+00:00","article_modified_time":"2019-07-31T10:52:53+00:00","author":"Ks. Jacek","twitter_card":"summary_large_image","twitter_misc":{"Napisane przez":"Ks. Jacek","Szacowany czas czytania":"14 minut"},"schema":{"@context":"https:\/\/schema.org","@graph":[{"@type":"WebPage","@id":"https:\/\/gaudiumetspes-blog.pl\/index.php\/2011\/12\/24\/christus-nobis-est-natus-venite\/","url":"https:\/\/gaudiumetspes-blog.pl\/index.php\/2011\/12\/24\/christus-nobis-est-natus-venite\/","name":"Christus nobis est natus! Venite, adoremus! - Gaudium Et Spes","isPartOf":{"@id":"https:\/\/gaudiumetspes-blog.pl\/#website"},"datePublished":"2011-12-24T22:00:00+00:00","dateModified":"2019-07-31T10:52:53+00:00","author":{"@id":"https:\/\/gaudiumetspes-blog.pl\/#\/schema\/person\/1661982992b752dea8dff0d4ed845a65"},"breadcrumb":{"@id":"https:\/\/gaudiumetspes-blog.pl\/index.php\/2011\/12\/24\/christus-nobis-est-natus-venite\/#breadcrumb"},"inLanguage":"pl-PL","potentialAction":[{"@type":"ReadAction","target":["https:\/\/gaudiumetspes-blog.pl\/index.php\/2011\/12\/24\/christus-nobis-est-natus-venite\/"]}]},{"@type":"BreadcrumbList","@id":"https:\/\/gaudiumetspes-blog.pl\/index.php\/2011\/12\/24\/christus-nobis-est-natus-venite\/#breadcrumb","itemListElement":[{"@type":"ListItem","position":1,"name":"Strona g\u0142\u00f3wna","item":"https:\/\/gaudiumetspes-blog.pl\/"},{"@type":"ListItem","position":2,"name":"Christus nobis est natus! Venite, adoremus!"}]},{"@type":"WebSite","@id":"https:\/\/gaudiumetspes-blog.pl\/#website","url":"https:\/\/gaudiumetspes-blog.pl\/","name":"Gaudium Et Spes","description":"Blog Ks. Jacka Ja\u015bkowskiego","potentialAction":[{"@type":"SearchAction","target":{"@type":"EntryPoint","urlTemplate":"https:\/\/gaudiumetspes-blog.pl\/?s={search_term_string}"},"query-input":{"@type":"PropertyValueSpecification","valueRequired":true,"valueName":"search_term_string"}}],"inLanguage":"pl-PL"},{"@type":"Person","@id":"https:\/\/gaudiumetspes-blog.pl\/#\/schema\/person\/1661982992b752dea8dff0d4ed845a65","name":"Ks. Jacek","image":{"@type":"ImageObject","inLanguage":"pl-PL","@id":"https:\/\/gaudiumetspes-blog.pl\/#\/schema\/person\/image\/","url":"https:\/\/gaudiumetspes-blog.pl\/wp-content\/uploads\/2019\/07\/avatar-JJ-150x150.jpg","contentUrl":"https:\/\/gaudiumetspes-blog.pl\/wp-content\/uploads\/2019\/07\/avatar-JJ-150x150.jpg","caption":"Ks. Jacek"},"description":"Witam serdecznie! K\u0142ania si\u0119 Ks. Jacek Ja\u015bkowski. Nie jestem ani kim\u015b wa\u017cnym, ani kim\u015b znanym. Jestem ksi\u0119dzem, kt\u00f3ry po prostu chce rozmawia\u0107. Codzienna kap\u0142a\u0144ska pos\u0142uga pokazuje mi, \u017ce temat\u00f3w do rozm\u00f3w z ksi\u0119dzem jest coraz wi\u0119cej i dzisiaj \u017caden ksi\u0105dz nie mo\u017ce od nich ucieka\u0107, ale - wprost przeciwnie - podejmowa\u0107 nowe wyzwania. To przekonanie sk\u0142oni\u0142o mnie do pr\u00f3by otwarcia tego\u017c bloga, chocia\u017c okazji do rozm\u00f3w na co dzie\u0144 - w konfesjonale i poza nim - na szcz\u0119\u015bcie nie brakuje. My\u015bl\u0119 jednak, \u017ce ten blog b\u0119dzie jeszcze jednym sposobem i przestrzeni\u0105 nawi\u0105zania kontaktu z lud\u017ami dobrej woli, otwartymi na dialog.","url":"https:\/\/gaudiumetspes-blog.pl\/index.php\/author\/ks-jacek\/"}]}},"jetpack_featured_media_url":"","jetpack_sharing_enabled":true,"_links":{"self":[{"href":"https:\/\/gaudiumetspes-blog.pl\/index.php\/wp-json\/wp\/v2\/posts\/9631","targetHints":{"allow":["GET"]}}],"collection":[{"href":"https:\/\/gaudiumetspes-blog.pl\/index.php\/wp-json\/wp\/v2\/posts"}],"about":[{"href":"https:\/\/gaudiumetspes-blog.pl\/index.php\/wp-json\/wp\/v2\/types\/post"}],"author":[{"embeddable":true,"href":"https:\/\/gaudiumetspes-blog.pl\/index.php\/wp-json\/wp\/v2\/users\/1"}],"replies":[{"embeddable":true,"href":"https:\/\/gaudiumetspes-blog.pl\/index.php\/wp-json\/wp\/v2\/comments?post=9631"}],"version-history":[{"count":1,"href":"https:\/\/gaudiumetspes-blog.pl\/index.php\/wp-json\/wp\/v2\/posts\/9631\/revisions"}],"predecessor-version":[{"id":10452,"href":"https:\/\/gaudiumetspes-blog.pl\/index.php\/wp-json\/wp\/v2\/posts\/9631\/revisions\/10452"}],"wp:attachment":[{"href":"https:\/\/gaudiumetspes-blog.pl\/index.php\/wp-json\/wp\/v2\/media?parent=9631"}],"wp:term":[{"taxonomy":"category","embeddable":true,"href":"https:\/\/gaudiumetspes-blog.pl\/index.php\/wp-json\/wp\/v2\/categories?post=9631"},{"taxonomy":"post_tag","embeddable":true,"href":"https:\/\/gaudiumetspes-blog.pl\/index.php\/wp-json\/wp\/v2\/tags?post=9631"}],"curies":[{"name":"wp","href":"https:\/\/api.w.org\/{rel}","templated":true}]}}