{"id":9632,"date":"2011-12-24T09:29:00","date_gmt":"2011-12-24T08:29:00","guid":{"rendered":"https:\/\/gaudiumetspes-blog.pl\/index.php\/2011\/12\/24\/panie-jezu-zasiadz-z-nami-do-stou\/"},"modified":"2019-07-31T12:52:52","modified_gmt":"2019-07-31T10:52:52","slug":"panie-jezu-zasiadz-z-nami-do-stou","status":"publish","type":"post","link":"https:\/\/gaudiumetspes-blog.pl\/index.php\/2011\/12\/24\/panie-jezu-zasiadz-z-nami-do-stou\/","title":{"rendered":"Panie Jezu, zasi\u0105d\u017a z nami do sto\u0142u&#8230;"},"content":{"rendered":"<p><\/p>\n<div class=\"MsoNormal\" style=\"text-align: justify;\">Kochani, dzisiaj zn\u00f3w od razu odsy\u0142am do rozwa\u017cania. Bo to tam jest to wszystko, o co mi dzisiaj najbardziej chodzi&#8230;&nbsp;<\/div>\n<div class=\"MsoNormal\" style=\"text-align: justify;\">&nbsp;&nbsp;&nbsp;&nbsp;&nbsp;&nbsp;&nbsp;&nbsp; Gaudium et spes!&nbsp; Ks. Jacek<b><br \/>\n<\/b><\/div>\n<div class=\"MsoNormal\" style=\"text-align: justify;\">\n<\/div>\n<div class=\"MsoNormal\" style=\"text-align: justify;\"><b>24 grudnia 2011., sobota,&nbsp; <\/b><\/div>\n<div class=\"MsoNormal\" style=\"text-align: justify;\"><b style=\"mso-bidi-font-weight: normal;\">do czyta\u0144:&nbsp; 2 Sm 7,1\u20135.8b\u201312.14a.16;&nbsp; \u0141k 1,67\u201379<\/b> <\/div>\n<div class=\"MsoNormal\" style=\"text-align: justify;\">\n<\/div>\n<div class=\"MsoNormal\" style=\"text-align: justify; text-indent: 35.4pt;\">Niedawno, bo w ostatni\u0105 niedziel\u0119 rozwa\u017cali\u015bmy s\u0142owa, zapisane w dzisiejszym pierwszym czytaniu. I zwracali\u015bmy sobie uwag\u0119 na to, \u017ce <b style=\"mso-bidi-font-weight: normal;\">nie Dawid Bogu, ale B\u00f3g Dawidowi zbuduje dom.<\/b> Dom rozumiany \u2013 mi\u0119dzy innymi \u2013 jako r\u00f3d, jako wsp\u00f3lnot\u0119 bliskich sobie os\u00f3b. Jako\u015b tak bardzo ch\u0119tnie do samych siebie odnosimy te s\u0142owa, prosz\u0105c Dobrego Boga, aby <b style=\"mso-bidi-font-weight: normal;\">tak\u017ce nam \u2013 zbudowa\u0142 dom!<\/b> <\/div>\n<div class=\"MsoNormal\" style=\"text-align: justify; text-indent: 35.4pt;\"><b style=\"mso-bidi-font-weight: normal;\">Aby zbudowa\u0142 ten nasz dom duchowy, wewn\u0119trzny, wsp\u00f3lnot\u0119 serc zjednoczonych mi\u0142o\u015bci\u0105<\/b>\u2026 Serc rozwi\u0105zuj\u0105cych w duchu mi\u0142o\u015bci rozmaite nabrzmia\u0142e problemy. I w duchu tej mi\u0142o\u015bci wy\u015bpiewuj\u0105cych Bogu pie\u015b\u0144 chwa\u0142y \u2013 tak\u0105 pie\u015b\u0144, jak\u0105 Zachariasz, <i style=\"mso-bidi-font-style: normal;\">ojciec Jana, nape\u0142niony Duchem \u015awi\u0119tym<\/i> wy\u015bpiewa\u0142 dzisiaj w Ewangelii. <\/div>\n<div class=\"MsoNormal\" style=\"text-align: justify; text-indent: 35.4pt;\">Kochani, niech <b style=\"mso-bidi-font-weight: normal;\">nasze domy, ogrzane dzisiaj przede wszystkim ciep\u0142em serc otwartych na siebie nawzajem \u2013 b\u0119d\u0105 miejscem, sk\u0105d taka pie\u015b\u0144 b\u0119dzie si\u0119 wznosi\u0107.<\/b> B\u0119dzie to pie\u015b\u0144 kol\u0119dy, ale bardziej jeszcze chodzi o t\u0119 pie\u015b\u0144, kt\u00f3r\u0105 stanowi\u0107 b\u0119dzie harmonijne i uporz\u0105dkowane \u017cycie ka\u017cdej i ka\u017cdego z nas. <b style=\"mso-bidi-font-weight: normal;\">O to si\u0119 dzisiaj dla siebie b\u0119dziemy modli\u0107 i tego sobie b\u0119dziemy \u017cyczy\u0107.<\/b> W tym duchu prze\u017cywa\u0107 b\u0119dziemy tak\u017ce wigilijne spotkanie przy stole w gronie rodziny. <\/div>\n<div class=\"MsoNormal\" style=\"text-align: justify; text-indent: 35.4pt;\">Kiedy wieczorem, po zapadni\u0119ciu zmroku, a tradycja dopowiada jeszcze, \u017ce po pojawieniu si\u0119 pierwszej gwiazdy, rodzina zgromadzi si\u0119 przy stole, <b style=\"mso-bidi-font-weight: normal;\">wtedy rozpocznie si\u0119 to pi\u0119kne spotkanie.<\/b> Na stole znajdzie si\u0119 op\u0142atek i \u015bwieczka, w tym momencie uroczy\u015bcie zapalona. <b style=\"mso-bidi-font-weight: normal;\">Jedno miejsce i nakrycie pozostanie puste,<\/b> bo mo\u017ce do naszych dom\u00f3w zapuka\u0107 przypadkowy go\u015b\u0107, kt\u00f3ry stanie si\u0119 w ten spos\u00f3b uczestnikiem naszego \u015bwi\u0119towania. Ale to puste nakrycie i miejsce ma nam tak\u017ce <b style=\"mso-bidi-font-weight: normal;\">przypomnie\u0107 o tych, kt\u00f3rzy ju\u017c na pewno nie zapukaj\u0105 do naszych drzwi<\/b> i na pewno nie zasi\u0105d\u0105 w\u015br\u00f3d nas w postaci widzialnej, bo nie ma ju\u017c ich z nami, odeszli do Pana. To puste miejsce b\u0119dzie dla nas <b style=\"mso-bidi-font-weight: normal;\">przypomnieniem o nich i mobilizacj\u0105 do modlitwy,<\/b> aby tam, w Domu Ojca w\u0142a\u015bnie, mogli zasi\u0105\u015b\u0107 do wiecznej uczty zbawionych. <\/div>\n<div class=\"MsoNormal\" style=\"text-align: justify; text-indent: 35.4pt;\">Kiedy zatem wszyscy ju\u017c zgromadz\u0105 si\u0119 przy stole, wtedy <b style=\"mso-bidi-font-weight: normal;\">g\u0142owa rodziny znakiem krzy\u017ca rozpocznie modlitw\u0119.<\/b> Na jej pocz\u0105tku zostanie odczytany <b style=\"mso-bidi-font-weight: normal;\">fragment Ewangelii \u015awi\u0119tego \u0141ukasza o narodzeniu Pana, albo z Ewangelii \u015awi\u0119tego Jana<\/b> \u2013 o tym, \u017ce na <b style=\"mso-bidi-font-weight: normal;\"><i style=\"mso-bidi-font-style: normal;\">pocz\u0105tku by\u0142o S\u0142owo<\/i><\/b> i to <b style=\"mso-bidi-font-weight: normal;\"><i style=\"mso-bidi-font-style: normal;\">S\u0142owo cia\u0142em si\u0119 sta\u0142o<\/i><\/b>. Kiedy ju\u017c fragment Ewangelii zostanie odczytany, wtedy wszyscy odm\u00f3wi\u0105 <b style=\"mso-bidi-font-weight: normal;\">\u201eOjcze nasz\u201d, \u201eZdrowa\u015b Maryjo\u201d, \u201eWierz\u0119 w Boga\u201d i \u201eWieczny odpoczynek\u201d.<\/b> Zostanie te\u017c od\u015bpiewana kol\u0119da: <b style=\"mso-bidi-font-weight: normal;\">\u201eW\u015br\u00f3d nocnej ciszy\u201d,<\/b> a wtedy g\u0142owa rodziny rozpocznie <b style=\"mso-bidi-font-weight: normal;\">dzielenie si\u0119 op\u0142atkiem i sk\u0142adanie sobie gor\u0105cych, z serca p\u0142yn\u0105cych \u017cycze\u0144.<\/b> <\/div>\n<div class=\"MsoNormal\" style=\"text-align: justify; text-indent: 35.4pt;\">Nie b\u0119dziemy \u017ca\u0142owa\u0107 czasu na te \u017cyczenia, bo to mo\u017ce jedyna okazja w ci\u0105gu roku, aby <b style=\"mso-bidi-font-weight: normal;\">powiedzie\u0107 sobie to, co w sercu zawsze si\u0119 nosi, ale jako\u015b tak nie zawsze \u0142atwo to wyrazi\u0107.<\/b> Dzisiaj te\u017c mo\u017ce nie b\u0119dzie \u0142atwo, ale dzisiaj to chyba nawet sam Jezus w\u0142\u0105cza si\u0119 w te nasze \u017cyczenia i On sam otwiera serca. Niech to zatem, Kochani, <b style=\"mso-bidi-font-weight: normal;\">b\u0119d\u0105 s\u0142owa bardzo szczere, mo\u017ce nawet trudne, ale konkretne \u2013 i pe\u0142ne mi\u0142o\u015bci.<\/b> Powiedzmy sobie to, co mo\u017ce ju\u017c dawno powinni\u015bmy sobie powiedzie\u0107. Przebaczmy sobie to, co mo\u017ce ju\u017c dawno powinno by\u0107 wybaczone, ale jeszcze jako\u015b tak ci\u0105gnie si\u0119 za nami, niczym kula u nogi. <\/div>\n<div class=\"MsoNormal\" style=\"text-align: justify; text-indent: 35.4pt;\">Niech to b\u0119d\u0105 <b style=\"mso-bidi-font-weight: normal;\">s\u0142owa g\u0142\u0119bokie, s\u0142owa pe\u0142ne nadziei, niech ca\u0142e nasze serce i ca\u0142a nasza mi\u0142o\u015b\u0107 w nich si\u0119 wyrazi.<\/b> Zechciejmy natomiast zrezygnowa\u0107 ze s\u0142\u00f3w banalnych, pospiesznie powtarzanych corocznie: \u201eWeso\u0142ych \u015awi\u0105t\u201d, czy tym podobnych. Niech te \u017cyczenia i rozmowy przy wigilijnym stole<b style=\"mso-bidi-font-weight: normal;\"> zostan\u0105 te\u017c dope\u0142nione przez wsp\u00f3lne kol\u0119dowanie \u2013 ale bez wspomagania alkoholem i graj\u0105cym telewizorem<\/b>. Zrezygnujmy dzisiaj z tych \u201ewspomagaczy\u201d, a obdarzmy si\u0119 prawdziw\u0105 mi\u0142o\u015bci\u0105, \u017cyczliwo\u015bci\u0105, rado\u015bci\u0105 i nadziej\u0105\u2026 <b style=\"mso-bidi-font-weight: normal;\">Oby ich wystarczy\u0142o na ca\u0142y nast\u0119pny rok!<\/b><\/div>\n","protected":false},"excerpt":{"rendered":"<p>Kochani, dzisiaj zn\u00f3w od razu odsy\u0142am do rozwa\u017cania. Bo to tam jest to wszystko, o co mi dzisiaj najbardziej chodzi&#8230;&nbsp; &nbsp;&nbsp;&nbsp;&nbsp;&nbsp;&nbsp;&nbsp;&nbsp; Gaudium et spes!&nbsp; Ks. Jacek 24 grudnia 2011., sobota,&nbsp; do czyta\u0144:&nbsp; 2 Sm 7,1\u20135.8b\u201312.14a.16;&nbsp; \u0141k 1,67\u201379 Niedawno, bo w ostatni\u0105 niedziel\u0119 rozwa\u017cali\u015bmy s\u0142owa, zapisane w dzisiejszym pierwszym czytaniu. I zwracali\u015bmy sobie uwag\u0119 na to, [&hellip;]<\/p>\n","protected":false},"author":1,"featured_media":0,"comment_status":"open","ping_status":"open","sticky":false,"template":"","format":"standard","meta":{"jetpack_post_was_ever_published":false,"_jetpack_newsletter_access":"","_jetpack_dont_email_post_to_subs":false,"_jetpack_newsletter_tier_id":0,"_jetpack_memberships_contains_paywalled_content":false,"_jetpack_memberships_contains_paid_content":false,"footnotes":""},"categories":[1],"tags":[],"class_list":["post-9632","post","type-post","status-publish","format-standard","hentry","category-bez-kategorii"],"yoast_head":"<!-- This site is optimized with the Yoast SEO plugin v25.1 - https:\/\/yoast.com\/wordpress\/plugins\/seo\/ -->\n<title>Panie Jezu, zasi\u0105d\u017a z nami do sto\u0142u... - Gaudium Et Spes<\/title>\n<meta name=\"robots\" content=\"index, follow, max-snippet:-1, max-image-preview:large, max-video-preview:-1\" \/>\n<link rel=\"canonical\" href=\"https:\/\/gaudiumetspes-blog.pl\/index.php\/2011\/12\/24\/panie-jezu-zasiadz-z-nami-do-stou\/\" \/>\n<meta property=\"og:locale\" content=\"pl_PL\" \/>\n<meta property=\"og:type\" content=\"article\" \/>\n<meta property=\"og:title\" content=\"Panie Jezu, zasi\u0105d\u017a z nami do sto\u0142u... - Gaudium Et Spes\" \/>\n<meta property=\"og:description\" content=\"Kochani, dzisiaj zn\u00f3w od razu odsy\u0142am do rozwa\u017cania. Bo to tam jest to wszystko, o co mi dzisiaj najbardziej chodzi&#8230;&nbsp; &nbsp;&nbsp;&nbsp;&nbsp;&nbsp;&nbsp;&nbsp;&nbsp; Gaudium et spes!&nbsp; Ks. Jacek 24 grudnia 2011., sobota,&nbsp; do czyta\u0144:&nbsp; 2 Sm 7,1\u20135.8b\u201312.14a.16;&nbsp; \u0141k 1,67\u201379 Niedawno, bo w ostatni\u0105 niedziel\u0119 rozwa\u017cali\u015bmy s\u0142owa, zapisane w dzisiejszym pierwszym czytaniu. I zwracali\u015bmy sobie uwag\u0119 na to, [&hellip;]\" \/>\n<meta property=\"og:url\" content=\"https:\/\/gaudiumetspes-blog.pl\/index.php\/2011\/12\/24\/panie-jezu-zasiadz-z-nami-do-stou\/\" \/>\n<meta property=\"og:site_name\" content=\"Gaudium Et Spes\" \/>\n<meta property=\"article:published_time\" content=\"2011-12-24T08:29:00+00:00\" \/>\n<meta property=\"article:modified_time\" content=\"2019-07-31T10:52:52+00:00\" \/>\n<meta name=\"author\" content=\"Ks. Jacek\" \/>\n<meta name=\"twitter:card\" content=\"summary_large_image\" \/>\n<meta name=\"twitter:label1\" content=\"Napisane przez\" \/>\n\t<meta name=\"twitter:data1\" content=\"Ks. Jacek\" \/>\n\t<meta name=\"twitter:label2\" content=\"Szacowany czas czytania\" \/>\n\t<meta name=\"twitter:data2\" content=\"4 minuty\" \/>\n<script type=\"application\/ld+json\" class=\"yoast-schema-graph\">{\"@context\":\"https:\/\/schema.org\",\"@graph\":[{\"@type\":\"WebPage\",\"@id\":\"https:\/\/gaudiumetspes-blog.pl\/index.php\/2011\/12\/24\/panie-jezu-zasiadz-z-nami-do-stou\/\",\"url\":\"https:\/\/gaudiumetspes-blog.pl\/index.php\/2011\/12\/24\/panie-jezu-zasiadz-z-nami-do-stou\/\",\"name\":\"Panie Jezu, zasi\u0105d\u017a z nami do sto\u0142u... - Gaudium Et Spes\",\"isPartOf\":{\"@id\":\"https:\/\/gaudiumetspes-blog.pl\/#website\"},\"datePublished\":\"2011-12-24T08:29:00+00:00\",\"dateModified\":\"2019-07-31T10:52:52+00:00\",\"author\":{\"@id\":\"https:\/\/gaudiumetspes-blog.pl\/#\/schema\/person\/1661982992b752dea8dff0d4ed845a65\"},\"breadcrumb\":{\"@id\":\"https:\/\/gaudiumetspes-blog.pl\/index.php\/2011\/12\/24\/panie-jezu-zasiadz-z-nami-do-stou\/#breadcrumb\"},\"inLanguage\":\"pl-PL\",\"potentialAction\":[{\"@type\":\"ReadAction\",\"target\":[\"https:\/\/gaudiumetspes-blog.pl\/index.php\/2011\/12\/24\/panie-jezu-zasiadz-z-nami-do-stou\/\"]}]},{\"@type\":\"BreadcrumbList\",\"@id\":\"https:\/\/gaudiumetspes-blog.pl\/index.php\/2011\/12\/24\/panie-jezu-zasiadz-z-nami-do-stou\/#breadcrumb\",\"itemListElement\":[{\"@type\":\"ListItem\",\"position\":1,\"name\":\"Strona g\u0142\u00f3wna\",\"item\":\"https:\/\/gaudiumetspes-blog.pl\/\"},{\"@type\":\"ListItem\",\"position\":2,\"name\":\"Panie Jezu, zasi\u0105d\u017a z&nbsp;nami do&nbsp;sto\u0142u&#8230;\"}]},{\"@type\":\"WebSite\",\"@id\":\"https:\/\/gaudiumetspes-blog.pl\/#website\",\"url\":\"https:\/\/gaudiumetspes-blog.pl\/\",\"name\":\"Gaudium Et Spes\",\"description\":\"Blog Ks. Jacka Ja\u015bkowskiego\",\"potentialAction\":[{\"@type\":\"SearchAction\",\"target\":{\"@type\":\"EntryPoint\",\"urlTemplate\":\"https:\/\/gaudiumetspes-blog.pl\/?s={search_term_string}\"},\"query-input\":{\"@type\":\"PropertyValueSpecification\",\"valueRequired\":true,\"valueName\":\"search_term_string\"}}],\"inLanguage\":\"pl-PL\"},{\"@type\":\"Person\",\"@id\":\"https:\/\/gaudiumetspes-blog.pl\/#\/schema\/person\/1661982992b752dea8dff0d4ed845a65\",\"name\":\"Ks. Jacek\",\"image\":{\"@type\":\"ImageObject\",\"inLanguage\":\"pl-PL\",\"@id\":\"https:\/\/gaudiumetspes-blog.pl\/#\/schema\/person\/image\/\",\"url\":\"https:\/\/gaudiumetspes-blog.pl\/wp-content\/uploads\/2019\/07\/avatar-JJ-150x150.jpg\",\"contentUrl\":\"https:\/\/gaudiumetspes-blog.pl\/wp-content\/uploads\/2019\/07\/avatar-JJ-150x150.jpg\",\"caption\":\"Ks. Jacek\"},\"description\":\"Witam serdecznie! K\u0142ania si\u0119 Ks. Jacek Ja\u015bkowski. Nie jestem ani kim\u015b wa\u017cnym, ani kim\u015b znanym. Jestem ksi\u0119dzem, kt\u00f3ry po prostu chce rozmawia\u0107. Codzienna kap\u0142a\u0144ska pos\u0142uga pokazuje mi, \u017ce temat\u00f3w do rozm\u00f3w z ksi\u0119dzem jest coraz wi\u0119cej i dzisiaj \u017caden ksi\u0105dz nie mo\u017ce od nich ucieka\u0107, ale - wprost przeciwnie - podejmowa\u0107 nowe wyzwania. To przekonanie sk\u0142oni\u0142o mnie do pr\u00f3by otwarcia tego\u017c bloga, chocia\u017c okazji do rozm\u00f3w na co dzie\u0144 - w konfesjonale i poza nim - na szcz\u0119\u015bcie nie brakuje. My\u015bl\u0119 jednak, \u017ce ten blog b\u0119dzie jeszcze jednym sposobem i przestrzeni\u0105 nawi\u0105zania kontaktu z lud\u017ami dobrej woli, otwartymi na dialog.\",\"url\":\"https:\/\/gaudiumetspes-blog.pl\/index.php\/author\/ks-jacek\/\"}]}<\/script>\n<!-- \/ Yoast SEO plugin. -->","yoast_head_json":{"title":"Panie Jezu, zasi\u0105d\u017a z nami do sto\u0142u... - Gaudium Et Spes","robots":{"index":"index","follow":"follow","max-snippet":"max-snippet:-1","max-image-preview":"max-image-preview:large","max-video-preview":"max-video-preview:-1"},"canonical":"https:\/\/gaudiumetspes-blog.pl\/index.php\/2011\/12\/24\/panie-jezu-zasiadz-z-nami-do-stou\/","og_locale":"pl_PL","og_type":"article","og_title":"Panie Jezu, zasi\u0105d\u017a z nami do sto\u0142u... - Gaudium Et Spes","og_description":"Kochani, dzisiaj zn\u00f3w od razu odsy\u0142am do rozwa\u017cania. Bo to tam jest to wszystko, o co mi dzisiaj najbardziej chodzi&#8230;&nbsp; &nbsp;&nbsp;&nbsp;&nbsp;&nbsp;&nbsp;&nbsp;&nbsp; Gaudium et spes!&nbsp; Ks. Jacek 24 grudnia 2011., sobota,&nbsp; do czyta\u0144:&nbsp; 2 Sm 7,1\u20135.8b\u201312.14a.16;&nbsp; \u0141k 1,67\u201379 Niedawno, bo w ostatni\u0105 niedziel\u0119 rozwa\u017cali\u015bmy s\u0142owa, zapisane w dzisiejszym pierwszym czytaniu. I zwracali\u015bmy sobie uwag\u0119 na to, [&hellip;]","og_url":"https:\/\/gaudiumetspes-blog.pl\/index.php\/2011\/12\/24\/panie-jezu-zasiadz-z-nami-do-stou\/","og_site_name":"Gaudium Et Spes","article_published_time":"2011-12-24T08:29:00+00:00","article_modified_time":"2019-07-31T10:52:52+00:00","author":"Ks. Jacek","twitter_card":"summary_large_image","twitter_misc":{"Napisane przez":"Ks. Jacek","Szacowany czas czytania":"4 minuty"},"schema":{"@context":"https:\/\/schema.org","@graph":[{"@type":"WebPage","@id":"https:\/\/gaudiumetspes-blog.pl\/index.php\/2011\/12\/24\/panie-jezu-zasiadz-z-nami-do-stou\/","url":"https:\/\/gaudiumetspes-blog.pl\/index.php\/2011\/12\/24\/panie-jezu-zasiadz-z-nami-do-stou\/","name":"Panie Jezu, zasi\u0105d\u017a z nami do sto\u0142u... - Gaudium Et Spes","isPartOf":{"@id":"https:\/\/gaudiumetspes-blog.pl\/#website"},"datePublished":"2011-12-24T08:29:00+00:00","dateModified":"2019-07-31T10:52:52+00:00","author":{"@id":"https:\/\/gaudiumetspes-blog.pl\/#\/schema\/person\/1661982992b752dea8dff0d4ed845a65"},"breadcrumb":{"@id":"https:\/\/gaudiumetspes-blog.pl\/index.php\/2011\/12\/24\/panie-jezu-zasiadz-z-nami-do-stou\/#breadcrumb"},"inLanguage":"pl-PL","potentialAction":[{"@type":"ReadAction","target":["https:\/\/gaudiumetspes-blog.pl\/index.php\/2011\/12\/24\/panie-jezu-zasiadz-z-nami-do-stou\/"]}]},{"@type":"BreadcrumbList","@id":"https:\/\/gaudiumetspes-blog.pl\/index.php\/2011\/12\/24\/panie-jezu-zasiadz-z-nami-do-stou\/#breadcrumb","itemListElement":[{"@type":"ListItem","position":1,"name":"Strona g\u0142\u00f3wna","item":"https:\/\/gaudiumetspes-blog.pl\/"},{"@type":"ListItem","position":2,"name":"Panie Jezu, zasi\u0105d\u017a z&nbsp;nami do&nbsp;sto\u0142u&#8230;"}]},{"@type":"WebSite","@id":"https:\/\/gaudiumetspes-blog.pl\/#website","url":"https:\/\/gaudiumetspes-blog.pl\/","name":"Gaudium Et Spes","description":"Blog Ks. Jacka Ja\u015bkowskiego","potentialAction":[{"@type":"SearchAction","target":{"@type":"EntryPoint","urlTemplate":"https:\/\/gaudiumetspes-blog.pl\/?s={search_term_string}"},"query-input":{"@type":"PropertyValueSpecification","valueRequired":true,"valueName":"search_term_string"}}],"inLanguage":"pl-PL"},{"@type":"Person","@id":"https:\/\/gaudiumetspes-blog.pl\/#\/schema\/person\/1661982992b752dea8dff0d4ed845a65","name":"Ks. Jacek","image":{"@type":"ImageObject","inLanguage":"pl-PL","@id":"https:\/\/gaudiumetspes-blog.pl\/#\/schema\/person\/image\/","url":"https:\/\/gaudiumetspes-blog.pl\/wp-content\/uploads\/2019\/07\/avatar-JJ-150x150.jpg","contentUrl":"https:\/\/gaudiumetspes-blog.pl\/wp-content\/uploads\/2019\/07\/avatar-JJ-150x150.jpg","caption":"Ks. Jacek"},"description":"Witam serdecznie! K\u0142ania si\u0119 Ks. Jacek Ja\u015bkowski. Nie jestem ani kim\u015b wa\u017cnym, ani kim\u015b znanym. Jestem ksi\u0119dzem, kt\u00f3ry po prostu chce rozmawia\u0107. Codzienna kap\u0142a\u0144ska pos\u0142uga pokazuje mi, \u017ce temat\u00f3w do rozm\u00f3w z ksi\u0119dzem jest coraz wi\u0119cej i dzisiaj \u017caden ksi\u0105dz nie mo\u017ce od nich ucieka\u0107, ale - wprost przeciwnie - podejmowa\u0107 nowe wyzwania. To przekonanie sk\u0142oni\u0142o mnie do pr\u00f3by otwarcia tego\u017c bloga, chocia\u017c okazji do rozm\u00f3w na co dzie\u0144 - w konfesjonale i poza nim - na szcz\u0119\u015bcie nie brakuje. My\u015bl\u0119 jednak, \u017ce ten blog b\u0119dzie jeszcze jednym sposobem i przestrzeni\u0105 nawi\u0105zania kontaktu z lud\u017ami dobrej woli, otwartymi na dialog.","url":"https:\/\/gaudiumetspes-blog.pl\/index.php\/author\/ks-jacek\/"}]}},"jetpack_featured_media_url":"","jetpack_sharing_enabled":true,"_links":{"self":[{"href":"https:\/\/gaudiumetspes-blog.pl\/index.php\/wp-json\/wp\/v2\/posts\/9632","targetHints":{"allow":["GET"]}}],"collection":[{"href":"https:\/\/gaudiumetspes-blog.pl\/index.php\/wp-json\/wp\/v2\/posts"}],"about":[{"href":"https:\/\/gaudiumetspes-blog.pl\/index.php\/wp-json\/wp\/v2\/types\/post"}],"author":[{"embeddable":true,"href":"https:\/\/gaudiumetspes-blog.pl\/index.php\/wp-json\/wp\/v2\/users\/1"}],"replies":[{"embeddable":true,"href":"https:\/\/gaudiumetspes-blog.pl\/index.php\/wp-json\/wp\/v2\/comments?post=9632"}],"version-history":[{"count":1,"href":"https:\/\/gaudiumetspes-blog.pl\/index.php\/wp-json\/wp\/v2\/posts\/9632\/revisions"}],"predecessor-version":[{"id":10451,"href":"https:\/\/gaudiumetspes-blog.pl\/index.php\/wp-json\/wp\/v2\/posts\/9632\/revisions\/10451"}],"wp:attachment":[{"href":"https:\/\/gaudiumetspes-blog.pl\/index.php\/wp-json\/wp\/v2\/media?parent=9632"}],"wp:term":[{"taxonomy":"category","embeddable":true,"href":"https:\/\/gaudiumetspes-blog.pl\/index.php\/wp-json\/wp\/v2\/categories?post=9632"},{"taxonomy":"post_tag","embeddable":true,"href":"https:\/\/gaudiumetspes-blog.pl\/index.php\/wp-json\/wp\/v2\/tags?post=9632"}],"curies":[{"name":"wp","href":"https:\/\/api.w.org\/{rel}","templated":true}]}}