{"id":9637,"date":"2011-12-19T08:22:00","date_gmt":"2011-12-19T07:22:00","guid":{"rendered":"https:\/\/gaudiumetspes-blog.pl\/index.php\/2011\/12\/19\/o-zachariaszu-niemowie\/"},"modified":"2019-07-31T12:52:52","modified_gmt":"2019-07-31T10:52:52","slug":"o-zachariaszu-niemowie","status":"publish","type":"post","link":"https:\/\/gaudiumetspes-blog.pl\/index.php\/2011\/12\/19\/o-zachariaszu-niemowie\/","title":{"rendered":"O Zachariaszu &#8211; niemowie&#8230;"},"content":{"rendered":"<p><\/p>\n<div class=\"MsoNormal\" style=\"text-align: justify;\">Szcz\u0119\u015b\u0107 Bo\u017ce! Moi Drodzy, jeste\u015bmy na &#8222;ostatniej prostej&#8221; do \u015awi\u0105t! Jak tam z porz\u0105dkowaniem serc i sumie\u0144? Jak z realizacj\u0105 postanowie\u0144 adwentowych?<\/div>\n<div class=\"MsoNormal\" style=\"text-align: justify;\">&nbsp; &nbsp;&nbsp; Bardzo dzi\u0119kuj\u0119 za wczorajsz\u0105, fascynuj\u0105c\u0105 dyskusj\u0119! Zapraszam te\u017c innych do wypowiadania si\u0119!&nbsp; <\/div>\n<div class=\"MsoNormal\" style=\"text-align: justify;\">&nbsp;&nbsp; A dzisiaj troch\u0119 o powo\u0142ywaniu przez Boga do wa\u017cnych \u017cyciowych zada\u0144. I o Zachariaszu &#8211; niemowie&#8230;<\/div>\n<div class=\"MsoNormal\" style=\"text-align: justify;\">&nbsp;&nbsp;&nbsp;&nbsp;&nbsp;&nbsp;&nbsp;&nbsp;&nbsp;&nbsp;&nbsp; Gaudium et spes! Ks. Jacek<b><br \/>\n<\/b><\/div>\n<div class=\"MsoNormal\" style=\"text-align: justify;\">\n<\/div>\n<div class=\"MsoNormal\" style=\"text-align: justify;\"><b>19 grudnia 2011., poniedzia\u0142ek, <\/b><\/div>\n<div class=\"MsoNormal\" style=\"text-align: justify;\"><b style=\"mso-bidi-font-weight: normal;\">do czyta\u0144:&nbsp; Sdz 13,2\u20137.24\u201325a;&nbsp; \u0141k 1,5\u201325<\/b><\/div>\n<div class=\"MsoNormal\" style=\"text-align: justify;\">\n<\/div>\n<div class=\"MsoNormal\" style=\"text-align: justify; text-indent: 35.4pt;\">&nbsp;]Liturgia S\u0142owa dnia dzisiejszego to <b style=\"mso-bidi-font-weight: normal;\">historie powo\u0142ania dw\u00f3ch ludzi, <\/b>kt\u00f3rym B\u00f3g powierza szczeg\u00f3lne zadanie. A tak dok\u0142adnie \u2013 to s\u0105 zapowiedzi ich narodzenia. <\/div>\n<div class=\"MsoNormal\" style=\"text-align: justify; text-indent: 35.4pt;\">W pierwszym czytaniu s\u0142yszymy <b style=\"mso-bidi-font-weight: normal;\">zapowied\u017a narodzenia Samsona<\/b> \u2013 postaci do\u015b\u0107 tajemniczej. Jakkolwiek bowiem zalicza si\u0119 go s\u0119dzi\u00f3w Izraela, to jednak ten sw\u00f3j urz\u0105d sprawowa\u0142 on zupe\u0142nie inaczej, ani\u017celi pozostali s\u0119dziowie. Mia\u0142 on by\u0107 te\u017c <b style=\"mso-bidi-font-weight: normal;\">Bo\u017cym nazirejczykiem, a wi\u0119c cz\u0142owiekiem ju\u017c od pocz\u0119cia po\u015bwi\u0119conym Bogu. <\/b>Nie dowiadujemy si\u0119 z dzisiejszego czytania, jaka by\u0142a reakcja przysz\u0142ych rodzic\u00f3w na tak niespodziewan\u0105 zapowied\u017a, z dok\u0142adnej jednak lektury Ksi\u0119gi S\u0119dzi\u00f3w mo\u017cemy dowiedzie\u0107 si\u0119, \u017ce <b style=\"mso-bidi-font-weight: normal;\">poprosili oni o powt\u00f3rzenie tej zapowiedzi, bo wyda\u0142a si\u0119 im nazbyt niezwyk\u0142a.<\/b> I rzeczywi\u015bcie, anio\u0142 Pana pojawi\u0142 si\u0119 po raz drugi, aby powt\u00f3rzy\u0107 wol\u0119 Bo\u017c\u0105, kt\u00f3ra nast\u0119pnie si\u0119 spe\u0142ni\u0142a. <\/div>\n<div class=\"MsoNormal\" style=\"text-align: justify; text-indent: 35.4pt;\">Do\u015b\u0107 podobnie rzecz si\u0119 ma, gdy idzie <b style=\"mso-bidi-font-weight: normal;\">o zapowied\u017a narodzenia Jana Chrzciciela.<\/b> Tu te\u017c chodzi o pojawienie si\u0119 cz\u0142owieka pod ka\u017cdym wzgl\u0119dem niezwyk\u0142ego, kt\u00f3remu zosta\u0142o zlecone bardzo okre\u015blone zadanie\u2026 I tu te\u017c przysz\u0142y ojciec, <b style=\"mso-bidi-font-weight: normal;\">Zachariasz, nie m\u00f3g\u0142 uwierzy\u0107 w moc s\u0142owa anio\u0142a,<\/b> przeto musia\u0142 zosta\u0107 dotkni\u0119ty odj\u0119ciem mowy, aby w ca\u0142ej pe\u0142ni \u2013 nawet na nim samym \u2013 potwierdzi\u0142o si\u0119, \u017ce B\u00f3g wype\u0142nia zapowied\u017a, kt\u00f3r\u0105 wcze\u015bniej wyrzek\u0142. B\u00f3g natomiast dokona\u0142 tego, co zamierzy\u0142. <\/div>\n<div class=\"MsoNormal\" style=\"text-align: justify; text-indent: 35.4pt;\">Nas te\u017c wzywa, Kochani, po imieniu, czyni\u0105c nas \u2013 w spos\u00f3b odpowiedni i w\u0142a\u015bciwy \u2013 <b style=\"mso-bidi-font-weight: normal;\">swoimi nazirejczykami,<\/b> a wi\u0119c lud\u017ami <b style=\"mso-bidi-font-weight: normal;\">od pocz\u0105tku \u017cycia Jemu po\u015bwi\u0119conymi. <\/b>Przecie\u017c w\u0142a\u015bciwie my wszyscy, a przynajmniej wi\u0119kszo\u015b\u0107 z nas, jeste\u015bmy <b style=\"mso-bidi-font-weight: normal;\">po\u015bwi\u0119ceni Bogu poprzez Chrzest \u015awi\u0119ty.<\/b> Ka\u017cdy z nas r\u00f3wnie\u017c odkry\u0142 \u2013 lub jeszcze odkrywa! \u2013 <b style=\"mso-bidi-font-weight: normal;\">jakie\u015b swoje konkretne \u017cyciowe powo\u0142anie,<\/b> a wi\u0119c wezwanie przez Boga do pe\u0142nienia okre\u015blonych zada\u0144. <\/div>\n<div class=\"MsoNormal\" style=\"text-align: justify; text-indent: 35.4pt;\">Pan B\u00f3g na r\u00f3\u017cne sposoby i w r\u00f3\u017cnym czasie swoj\u0105 wol\u0119 co do nas objawia\u0142. Z pewno\u015bci\u0105, <b style=\"mso-bidi-font-weight: normal;\">nie by\u0142o to tak spektakularne, jak dzi\u015b s\u0142yszymy,<\/b> i\u017c anio\u0142 z Nieba objawi\u0142 si\u0119 naszym rodzicom i w\u015br\u00f3d grzmotu piorun\u00f3w oznajmi\u0142, \u017ce si\u0119 urodzimy i b\u0119dziemy spe\u0142niali takie to a takie zadanie. Nie tak to si\u0119 odby\u0142o. Ale <b style=\"mso-bidi-font-weight: normal;\">ka\u017cdy z nas zosta\u0142 po imieniu wezwany i powo\u0142any do r\u00f3\u017cnych zada\u0144 i kroczenia r\u00f3\u017cnymi \u017cyciowymi drogami,<\/b> natomiast ka\u017cdy z nas \u2013 bez \u017cadnej r\u00f3\u017cnicy \u2013 <b style=\"mso-bidi-font-weight: normal;\">powo\u0142any zosta\u0142 do \u015bwi\u0119to\u015bci, a na drodze do niej: zosta\u0142 powo\u0142any i wezwany do dawania \u015bwiadectwa swojej wierze.<\/b> <\/div>\n<div class=\"MsoNormal\" style=\"text-align: justify; text-indent: 35.4pt;\">Mo\u017ce czas adwentowej refleksji stanie si\u0119 dobr\u0105 okazj\u0105 do tego, aby i nad tym wymiarem naszego \u017cycia nieco si\u0119 zastanowi\u0107?<\/div>\n<div class=\"MsoNormal\" style=\"text-align: justify; text-indent: 35.4pt;\">W tym kontek\u015bcie pomy\u015blmy:<\/div>\n<div class=\"MsoNormal\" style=\"margin-left: 36.0pt; mso-list: l0 level1 lfo1; tab-stops: list 36.0pt; text-align: justify; text-indent: -18.0pt;\">\u00b7&nbsp;&nbsp;&nbsp;&nbsp;&nbsp;&nbsp;&nbsp; Jak realizuj\u0119 swoje powo\u0142anie do \u015bwi\u0119to\u015bci \u2013 czy nigdy o nim nie zapominam?<\/div>\n<div class=\"MsoNormal\" style=\"margin-left: 36.0pt; mso-list: l0 level1 lfo1; tab-stops: list 36.0pt; text-align: justify; text-indent: -18.0pt;\">\u00b7&nbsp;&nbsp;&nbsp;&nbsp;&nbsp;&nbsp;&nbsp; Jak realizuj\u0119 \u2013 albo: jak odkrywam \u2013 moje powo\u0142anie szczeg\u00f3\u0142owe?<\/div>\n<div class=\"MsoNormal\" style=\"margin-left: 36.0pt; mso-list: l0 level1 lfo1; tab-stops: list 36.0pt; text-align: justify; text-indent: -18.0pt;\">\u00b7&nbsp;&nbsp;&nbsp;&nbsp;&nbsp;&nbsp;&nbsp; Czy nie uciekam od Bo\u017cego wezwania i sam sobie nie wyznaczam zada\u0144, wyra\u017anie sprzecznych z Bo\u017cym zamiarem?<\/div>\n<div class=\"MsoNormal\" style=\"text-align: justify;\">\n<\/div>\n<div class=\"MsoNormal\" style=\"text-align: justify;\"><b style=\"mso-bidi-font-weight: normal;\"><i style=\"mso-bidi-font-style: normal;\">A oto b\u0119dziesz niemy i nie b\u0119dziesz m\u00f3g\u0142 m\u00f3wi\u0107 a\u017c do dnia, w kt\u00f3rym si\u0119 to stanie, bo nie uwierzy\u0142e\u015b moim s\u0142owom, kt\u00f3re si\u0119 spe\u0142ni\u0105 w swoim czasie<\/i><\/b>. <\/div>\n","protected":false},"excerpt":{"rendered":"<p>Szcz\u0119\u015b\u0107 Bo\u017ce! Moi Drodzy, jeste\u015bmy na &#8222;ostatniej prostej&#8221; do \u015awi\u0105t! Jak tam z porz\u0105dkowaniem serc i sumie\u0144? Jak z realizacj\u0105 postanowie\u0144 adwentowych? &nbsp; &nbsp;&nbsp; Bardzo dzi\u0119kuj\u0119 za wczorajsz\u0105, fascynuj\u0105c\u0105 dyskusj\u0119! Zapraszam te\u017c innych do wypowiadania si\u0119!&nbsp; &nbsp;&nbsp; A dzisiaj troch\u0119 o powo\u0142ywaniu przez Boga do wa\u017cnych \u017cyciowych zada\u0144. I o Zachariaszu &#8211; niemowie&#8230; &nbsp;&nbsp;&nbsp;&nbsp;&nbsp;&nbsp;&nbsp;&nbsp;&nbsp;&nbsp;&nbsp; Gaudium [&hellip;]<\/p>\n","protected":false},"author":1,"featured_media":0,"comment_status":"open","ping_status":"open","sticky":false,"template":"","format":"standard","meta":{"jetpack_post_was_ever_published":false,"_jetpack_newsletter_access":"","_jetpack_dont_email_post_to_subs":false,"_jetpack_newsletter_tier_id":0,"_jetpack_memberships_contains_paywalled_content":false,"_jetpack_memberships_contains_paid_content":false,"footnotes":""},"categories":[1],"tags":[],"class_list":["post-9637","post","type-post","status-publish","format-standard","hentry","category-bez-kategorii"],"yoast_head":"<!-- This site is optimized with the Yoast SEO plugin v25.1 - https:\/\/yoast.com\/wordpress\/plugins\/seo\/ -->\n<title>O Zachariaszu - niemowie... - Gaudium Et Spes<\/title>\n<meta name=\"robots\" content=\"index, follow, max-snippet:-1, max-image-preview:large, max-video-preview:-1\" \/>\n<link rel=\"canonical\" href=\"https:\/\/gaudiumetspes-blog.pl\/index.php\/2011\/12\/19\/o-zachariaszu-niemowie\/\" \/>\n<meta property=\"og:locale\" content=\"pl_PL\" \/>\n<meta property=\"og:type\" content=\"article\" \/>\n<meta property=\"og:title\" content=\"O Zachariaszu - niemowie... - Gaudium Et Spes\" \/>\n<meta property=\"og:description\" content=\"Szcz\u0119\u015b\u0107 Bo\u017ce! Moi Drodzy, jeste\u015bmy na &#8222;ostatniej prostej&#8221; do \u015awi\u0105t! Jak tam z porz\u0105dkowaniem serc i sumie\u0144? Jak z realizacj\u0105 postanowie\u0144 adwentowych? &nbsp; &nbsp;&nbsp; Bardzo dzi\u0119kuj\u0119 za wczorajsz\u0105, fascynuj\u0105c\u0105 dyskusj\u0119! Zapraszam te\u017c innych do wypowiadania si\u0119!&nbsp; &nbsp;&nbsp; A dzisiaj troch\u0119 o powo\u0142ywaniu przez Boga do wa\u017cnych \u017cyciowych zada\u0144. I o Zachariaszu &#8211; niemowie&#8230; &nbsp;&nbsp;&nbsp;&nbsp;&nbsp;&nbsp;&nbsp;&nbsp;&nbsp;&nbsp;&nbsp; Gaudium [&hellip;]\" \/>\n<meta property=\"og:url\" content=\"https:\/\/gaudiumetspes-blog.pl\/index.php\/2011\/12\/19\/o-zachariaszu-niemowie\/\" \/>\n<meta property=\"og:site_name\" content=\"Gaudium Et Spes\" \/>\n<meta property=\"article:published_time\" content=\"2011-12-19T07:22:00+00:00\" \/>\n<meta property=\"article:modified_time\" content=\"2019-07-31T10:52:52+00:00\" \/>\n<meta name=\"author\" content=\"Ks. Jacek\" \/>\n<meta name=\"twitter:card\" content=\"summary_large_image\" \/>\n<meta name=\"twitter:label1\" content=\"Napisane przez\" \/>\n\t<meta name=\"twitter:data1\" content=\"Ks. Jacek\" \/>\n\t<meta name=\"twitter:label2\" content=\"Szacowany czas czytania\" \/>\n\t<meta name=\"twitter:data2\" content=\"3 minuty\" \/>\n<script type=\"application\/ld+json\" class=\"yoast-schema-graph\">{\"@context\":\"https:\/\/schema.org\",\"@graph\":[{\"@type\":\"WebPage\",\"@id\":\"https:\/\/gaudiumetspes-blog.pl\/index.php\/2011\/12\/19\/o-zachariaszu-niemowie\/\",\"url\":\"https:\/\/gaudiumetspes-blog.pl\/index.php\/2011\/12\/19\/o-zachariaszu-niemowie\/\",\"name\":\"O Zachariaszu - niemowie... - Gaudium Et Spes\",\"isPartOf\":{\"@id\":\"https:\/\/gaudiumetspes-blog.pl\/#website\"},\"datePublished\":\"2011-12-19T07:22:00+00:00\",\"dateModified\":\"2019-07-31T10:52:52+00:00\",\"author\":{\"@id\":\"https:\/\/gaudiumetspes-blog.pl\/#\/schema\/person\/1661982992b752dea8dff0d4ed845a65\"},\"breadcrumb\":{\"@id\":\"https:\/\/gaudiumetspes-blog.pl\/index.php\/2011\/12\/19\/o-zachariaszu-niemowie\/#breadcrumb\"},\"inLanguage\":\"pl-PL\",\"potentialAction\":[{\"@type\":\"ReadAction\",\"target\":[\"https:\/\/gaudiumetspes-blog.pl\/index.php\/2011\/12\/19\/o-zachariaszu-niemowie\/\"]}]},{\"@type\":\"BreadcrumbList\",\"@id\":\"https:\/\/gaudiumetspes-blog.pl\/index.php\/2011\/12\/19\/o-zachariaszu-niemowie\/#breadcrumb\",\"itemListElement\":[{\"@type\":\"ListItem\",\"position\":1,\"name\":\"Strona g\u0142\u00f3wna\",\"item\":\"https:\/\/gaudiumetspes-blog.pl\/\"},{\"@type\":\"ListItem\",\"position\":2,\"name\":\"O&nbsp;Zachariaszu &#8211; niemowie&#8230;\"}]},{\"@type\":\"WebSite\",\"@id\":\"https:\/\/gaudiumetspes-blog.pl\/#website\",\"url\":\"https:\/\/gaudiumetspes-blog.pl\/\",\"name\":\"Gaudium Et Spes\",\"description\":\"Blog Ks. Jacka Ja\u015bkowskiego\",\"potentialAction\":[{\"@type\":\"SearchAction\",\"target\":{\"@type\":\"EntryPoint\",\"urlTemplate\":\"https:\/\/gaudiumetspes-blog.pl\/?s={search_term_string}\"},\"query-input\":{\"@type\":\"PropertyValueSpecification\",\"valueRequired\":true,\"valueName\":\"search_term_string\"}}],\"inLanguage\":\"pl-PL\"},{\"@type\":\"Person\",\"@id\":\"https:\/\/gaudiumetspes-blog.pl\/#\/schema\/person\/1661982992b752dea8dff0d4ed845a65\",\"name\":\"Ks. Jacek\",\"image\":{\"@type\":\"ImageObject\",\"inLanguage\":\"pl-PL\",\"@id\":\"https:\/\/gaudiumetspes-blog.pl\/#\/schema\/person\/image\/\",\"url\":\"https:\/\/gaudiumetspes-blog.pl\/wp-content\/uploads\/2019\/07\/avatar-JJ-150x150.jpg\",\"contentUrl\":\"https:\/\/gaudiumetspes-blog.pl\/wp-content\/uploads\/2019\/07\/avatar-JJ-150x150.jpg\",\"caption\":\"Ks. Jacek\"},\"description\":\"Witam serdecznie! K\u0142ania si\u0119 Ks. Jacek Ja\u015bkowski. Nie jestem ani kim\u015b wa\u017cnym, ani kim\u015b znanym. Jestem ksi\u0119dzem, kt\u00f3ry po prostu chce rozmawia\u0107. Codzienna kap\u0142a\u0144ska pos\u0142uga pokazuje mi, \u017ce temat\u00f3w do rozm\u00f3w z ksi\u0119dzem jest coraz wi\u0119cej i dzisiaj \u017caden ksi\u0105dz nie mo\u017ce od nich ucieka\u0107, ale - wprost przeciwnie - podejmowa\u0107 nowe wyzwania. To przekonanie sk\u0142oni\u0142o mnie do pr\u00f3by otwarcia tego\u017c bloga, chocia\u017c okazji do rozm\u00f3w na co dzie\u0144 - w konfesjonale i poza nim - na szcz\u0119\u015bcie nie brakuje. My\u015bl\u0119 jednak, \u017ce ten blog b\u0119dzie jeszcze jednym sposobem i przestrzeni\u0105 nawi\u0105zania kontaktu z lud\u017ami dobrej woli, otwartymi na dialog.\",\"url\":\"https:\/\/gaudiumetspes-blog.pl\/index.php\/author\/ks-jacek\/\"}]}<\/script>\n<!-- \/ Yoast SEO plugin. -->","yoast_head_json":{"title":"O Zachariaszu - niemowie... - Gaudium Et Spes","robots":{"index":"index","follow":"follow","max-snippet":"max-snippet:-1","max-image-preview":"max-image-preview:large","max-video-preview":"max-video-preview:-1"},"canonical":"https:\/\/gaudiumetspes-blog.pl\/index.php\/2011\/12\/19\/o-zachariaszu-niemowie\/","og_locale":"pl_PL","og_type":"article","og_title":"O Zachariaszu - niemowie... - Gaudium Et Spes","og_description":"Szcz\u0119\u015b\u0107 Bo\u017ce! Moi Drodzy, jeste\u015bmy na &#8222;ostatniej prostej&#8221; do \u015awi\u0105t! Jak tam z porz\u0105dkowaniem serc i sumie\u0144? Jak z realizacj\u0105 postanowie\u0144 adwentowych? &nbsp; &nbsp;&nbsp; Bardzo dzi\u0119kuj\u0119 za wczorajsz\u0105, fascynuj\u0105c\u0105 dyskusj\u0119! Zapraszam te\u017c innych do wypowiadania si\u0119!&nbsp; &nbsp;&nbsp; A dzisiaj troch\u0119 o powo\u0142ywaniu przez Boga do wa\u017cnych \u017cyciowych zada\u0144. I o Zachariaszu &#8211; niemowie&#8230; &nbsp;&nbsp;&nbsp;&nbsp;&nbsp;&nbsp;&nbsp;&nbsp;&nbsp;&nbsp;&nbsp; Gaudium [&hellip;]","og_url":"https:\/\/gaudiumetspes-blog.pl\/index.php\/2011\/12\/19\/o-zachariaszu-niemowie\/","og_site_name":"Gaudium Et Spes","article_published_time":"2011-12-19T07:22:00+00:00","article_modified_time":"2019-07-31T10:52:52+00:00","author":"Ks. Jacek","twitter_card":"summary_large_image","twitter_misc":{"Napisane przez":"Ks. Jacek","Szacowany czas czytania":"3 minuty"},"schema":{"@context":"https:\/\/schema.org","@graph":[{"@type":"WebPage","@id":"https:\/\/gaudiumetspes-blog.pl\/index.php\/2011\/12\/19\/o-zachariaszu-niemowie\/","url":"https:\/\/gaudiumetspes-blog.pl\/index.php\/2011\/12\/19\/o-zachariaszu-niemowie\/","name":"O Zachariaszu - niemowie... - Gaudium Et Spes","isPartOf":{"@id":"https:\/\/gaudiumetspes-blog.pl\/#website"},"datePublished":"2011-12-19T07:22:00+00:00","dateModified":"2019-07-31T10:52:52+00:00","author":{"@id":"https:\/\/gaudiumetspes-blog.pl\/#\/schema\/person\/1661982992b752dea8dff0d4ed845a65"},"breadcrumb":{"@id":"https:\/\/gaudiumetspes-blog.pl\/index.php\/2011\/12\/19\/o-zachariaszu-niemowie\/#breadcrumb"},"inLanguage":"pl-PL","potentialAction":[{"@type":"ReadAction","target":["https:\/\/gaudiumetspes-blog.pl\/index.php\/2011\/12\/19\/o-zachariaszu-niemowie\/"]}]},{"@type":"BreadcrumbList","@id":"https:\/\/gaudiumetspes-blog.pl\/index.php\/2011\/12\/19\/o-zachariaszu-niemowie\/#breadcrumb","itemListElement":[{"@type":"ListItem","position":1,"name":"Strona g\u0142\u00f3wna","item":"https:\/\/gaudiumetspes-blog.pl\/"},{"@type":"ListItem","position":2,"name":"O&nbsp;Zachariaszu &#8211; niemowie&#8230;"}]},{"@type":"WebSite","@id":"https:\/\/gaudiumetspes-blog.pl\/#website","url":"https:\/\/gaudiumetspes-blog.pl\/","name":"Gaudium Et Spes","description":"Blog Ks. Jacka Ja\u015bkowskiego","potentialAction":[{"@type":"SearchAction","target":{"@type":"EntryPoint","urlTemplate":"https:\/\/gaudiumetspes-blog.pl\/?s={search_term_string}"},"query-input":{"@type":"PropertyValueSpecification","valueRequired":true,"valueName":"search_term_string"}}],"inLanguage":"pl-PL"},{"@type":"Person","@id":"https:\/\/gaudiumetspes-blog.pl\/#\/schema\/person\/1661982992b752dea8dff0d4ed845a65","name":"Ks. Jacek","image":{"@type":"ImageObject","inLanguage":"pl-PL","@id":"https:\/\/gaudiumetspes-blog.pl\/#\/schema\/person\/image\/","url":"https:\/\/gaudiumetspes-blog.pl\/wp-content\/uploads\/2019\/07\/avatar-JJ-150x150.jpg","contentUrl":"https:\/\/gaudiumetspes-blog.pl\/wp-content\/uploads\/2019\/07\/avatar-JJ-150x150.jpg","caption":"Ks. Jacek"},"description":"Witam serdecznie! K\u0142ania si\u0119 Ks. Jacek Ja\u015bkowski. Nie jestem ani kim\u015b wa\u017cnym, ani kim\u015b znanym. Jestem ksi\u0119dzem, kt\u00f3ry po prostu chce rozmawia\u0107. Codzienna kap\u0142a\u0144ska pos\u0142uga pokazuje mi, \u017ce temat\u00f3w do rozm\u00f3w z ksi\u0119dzem jest coraz wi\u0119cej i dzisiaj \u017caden ksi\u0105dz nie mo\u017ce od nich ucieka\u0107, ale - wprost przeciwnie - podejmowa\u0107 nowe wyzwania. To przekonanie sk\u0142oni\u0142o mnie do pr\u00f3by otwarcia tego\u017c bloga, chocia\u017c okazji do rozm\u00f3w na co dzie\u0144 - w konfesjonale i poza nim - na szcz\u0119\u015bcie nie brakuje. My\u015bl\u0119 jednak, \u017ce ten blog b\u0119dzie jeszcze jednym sposobem i przestrzeni\u0105 nawi\u0105zania kontaktu z lud\u017ami dobrej woli, otwartymi na dialog.","url":"https:\/\/gaudiumetspes-blog.pl\/index.php\/author\/ks-jacek\/"}]}},"jetpack_featured_media_url":"","jetpack_sharing_enabled":true,"_links":{"self":[{"href":"https:\/\/gaudiumetspes-blog.pl\/index.php\/wp-json\/wp\/v2\/posts\/9637","targetHints":{"allow":["GET"]}}],"collection":[{"href":"https:\/\/gaudiumetspes-blog.pl\/index.php\/wp-json\/wp\/v2\/posts"}],"about":[{"href":"https:\/\/gaudiumetspes-blog.pl\/index.php\/wp-json\/wp\/v2\/types\/post"}],"author":[{"embeddable":true,"href":"https:\/\/gaudiumetspes-blog.pl\/index.php\/wp-json\/wp\/v2\/users\/1"}],"replies":[{"embeddable":true,"href":"https:\/\/gaudiumetspes-blog.pl\/index.php\/wp-json\/wp\/v2\/comments?post=9637"}],"version-history":[{"count":1,"href":"https:\/\/gaudiumetspes-blog.pl\/index.php\/wp-json\/wp\/v2\/posts\/9637\/revisions"}],"predecessor-version":[{"id":10446,"href":"https:\/\/gaudiumetspes-blog.pl\/index.php\/wp-json\/wp\/v2\/posts\/9637\/revisions\/10446"}],"wp:attachment":[{"href":"https:\/\/gaudiumetspes-blog.pl\/index.php\/wp-json\/wp\/v2\/media?parent=9637"}],"wp:term":[{"taxonomy":"category","embeddable":true,"href":"https:\/\/gaudiumetspes-blog.pl\/index.php\/wp-json\/wp\/v2\/categories?post=9637"},{"taxonomy":"post_tag","embeddable":true,"href":"https:\/\/gaudiumetspes-blog.pl\/index.php\/wp-json\/wp\/v2\/tags?post=9637"}],"curies":[{"name":"wp","href":"https:\/\/api.w.org\/{rel}","templated":true}]}}