{"id":9641,"date":"2011-12-15T09:37:00","date_gmt":"2011-12-15T08:37:00","guid":{"rendered":"https:\/\/gaudiumetspes-blog.pl\/index.php\/2011\/12\/15\/o-tych-co-udaremniaja-zamiary-boze\/"},"modified":"2019-07-31T12:52:52","modified_gmt":"2019-07-31T10:52:52","slug":"o-tych-co-udaremniaja-zamiary-boze","status":"publish","type":"post","link":"https:\/\/gaudiumetspes-blog.pl\/index.php\/2011\/12\/15\/o-tych-co-udaremniaja-zamiary-boze\/","title":{"rendered":"O tych, co udaremniaj\u0105 zamiary Bo\u017ce&#8230;"},"content":{"rendered":"<p><\/p>\n<div class=\"MsoNormal\" style=\"text-align: justify;\">Szcz\u0119\u015b\u0107 Bo\u017ce! Zauwa\u017cam, Kochani, \u017ce poruszenie na blogu spraw zwi\u0105zanych z nasz\u0105 Ojczyzn\u0105 powoduje zwykle mocn\u0105 dyskusj\u0119. Tak by\u0142o po wpisie z 13 grudnia. Ciesz\u0119 si\u0119 bardzo, \u017ce sprawy te le\u017c\u0105 Wam na sercu! Wpisuje si\u0119 to w wartki nurt prawdy, jaki p\u0142ynie z niezale\u017cnych medi\u00f3w, z TV TRWAM i Radiem Maryja na czele. Jak si\u0119 poczyta Wasze wypowiedzi i jak si\u0119 pos\u0142ucha audycji i program\u00f3w tych\u017ce medi\u00f3w, ale te\u017c artyku\u0142\u00f3w z &#8222;Gazety Polskiej&#8221;, &#8222;Uwa\u017cam Rze&#8221;, a z drugiej strony &#8211; jak si\u0119 obejrzy &#8222;Wiadomo\u015bci&#8221; w TVP 1 (chocia\u017cby wczorajsze &#8211; na temat podsumowania &#8222;sukces\u00f3w&#8221; polskiej &#8222;prezydencji&#8221;), to mo\u017cemy m\u00f3wi\u0107 o zgrzycie, o jakim wspominam dzisiaj w rozwa\u017caniu. Tyle, \u017ce na innej p\u0142aszczy\u017anie&#8230;&nbsp;<\/div>\n<div class=\"MsoNormal\" style=\"text-align: justify;\">&nbsp;&nbsp;&nbsp;&nbsp; W ka\u017cdym razie, to od nas zale\u017cy, kogo s\u0142uchamy i w co wierzymy. Tylko od nas! A w tym kontek\u015bcie nie mog\u0105 nadziwi\u0107 si\u0119 tylu naszym Rodakom, kt\u00f3rzy s\u0105 g\u0142usi na ewidentne argumenty i daj\u0105 si\u0119 &#8211; na w\u0142asne \u017cyczenie &#8211; og\u0142upia\u0107 tym, kt\u00f3rzy ju\u017c otwartymi tekstami m\u00f3wi\u0105 tak, jak mog\u0105 m\u00f3wi\u0107 tylko zdrajcy Ojczyzny! Dlaczego ci ostatni w og\u00f3le mog\u0105 publicznie m\u00f3wi\u0107 to, co m\u00f3wi\u0105? Dlaczego oni jeszcze zajmuj\u0105 miejsca w rz\u0105dzie, w sejmie? Bo im kto\u015b na to pozwoli\u0142 &#8211; w wolnych wyborach!<\/div>\n<div class=\"MsoNormal\" style=\"text-align: justify;\">&nbsp;&nbsp;&nbsp;&nbsp; Kochani, czy my, m\u0105dry i tak do\u015bwiadczony Nar\u00f3d &#8211; \u017ceby pos\u0142u\u017cy\u0107 si\u0119 sformu\u0142owaniem z dzisiejszej Ewangelii &#8211; nie udaremniamy zamiar\u00f3w Bo\u017cych co do nas i nie niweczymy jakiej\u015b wielkiej, dziejowej szansy, po\u015bwi\u0119caj\u0105c tak swobodnie narodow\u0105 wolno\u015b\u0107 i suwerenno\u015b\u0107, za kt\u00f3r\u0105 tylu naszych Poprzednik\u00f3w przelewa\u0142o krew?&#8230;<\/div>\n<div class=\"MsoNormal\" style=\"text-align: justify;\">&nbsp;&nbsp;&nbsp;&nbsp;&nbsp;&nbsp;&nbsp;&nbsp;&nbsp;&nbsp;&nbsp;&nbsp;&nbsp;&nbsp;&nbsp;&nbsp; Gaudium et spes!&nbsp; Ks. Jacek<b><br \/>\n<\/b><\/div>\n<div class=\"MsoNormal\" style=\"text-align: justify;\">\n<\/div>\n<div class=\"MsoNormal\" style=\"text-align: justify;\"><b>Czwartek 3 tygodnia Adwentu,<\/b><\/div>\n<div class=\"MsoNormal\" style=\"text-align: justify;\"><b style=\"mso-bidi-font-weight: normal;\">do czyta\u0144:&nbsp; Iz 54,1\u201310;&nbsp; \u0141k 7,24\u201330<\/b><\/div>\n<div class=\"MsoNormal\" style=\"text-align: justify;\">\n<\/div>\n<div class=\"MsoNormal\" style=\"text-align: justify; text-indent: 35.4pt;\">Zwr\u00f3\u0107my, Kochani, uwag\u0119 na zestawienie dw\u00f3ch fragment\u00f3w dzisiejszej Liturgii S\u0142owa. Oto w pierwszym czytaniu s\u0142yszymy: <b style=\"mso-bidi-font-weight: normal;\"><i style=\"mso-bidi-font-style: normal;\">Bo g\u00f3ry mog\u0105 ust\u0105pi\u0107 i pag\u00f3rki si\u0119 zachwia\u0107, ale mi\u0142o\u015b\u0107 moja nie odst\u0105pi od ciebie i nie zachwieje si\u0119 moje przymierze pokoju \u2013 m\u00f3wi Pan, kt\u00f3ry ma lito\u015b\u0107 nad tob\u0105<\/i><\/b>. A w Ewangelii s\u0142yszymy: <b style=\"mso-bidi-font-weight: normal;\"><i style=\"mso-bidi-font-style: normal;\">Faryzeusze za\u015b i uczeni w Prawie udaremnili zamiar Bo\u017cy wzgl\u0119dem siebie, nie przyjmuj\u0105c chrztu od niego<\/i><\/b>. Czy widzimy, moi Drodzy, dramatyzm tego zestawienia? Czy czujemy, do jakiego zgrzytu tu dochodzi? <\/div>\n<div class=\"MsoNormal\" style=\"text-align: justify; text-indent: 35.4pt;\">Oto <b style=\"mso-bidi-font-weight: normal;\">mi\u0142o\u015b\u0107 Bo\u017ca rozlewa si\u0119 szerok\u0105 fal\u0105<\/b> i na podobie\u0144stwo mi\u0142o\u015bci pomi\u0119dzy ma\u0142\u017conkami ogarnia serca ludzkie \u2013 <b style=\"mso-bidi-font-weight: normal;\">a tu op\u00f3r! A tu stanowcze: \u201eNie!\u201d<\/b> <\/div>\n<div class=\"MsoNormal\" style=\"text-align: justify; text-indent: 35.4pt;\">Jak wielk\u0105 w\u0142adz\u0119 ma cz\u0142owiek, skoro mo\u017ce udaremni\u0107 zamiar Pana Boga! <b style=\"mso-bidi-font-weight: normal;\">Jak wielk\u0105 moc ma w sobie cz\u0142owiek, \u017ce mo\u017ce Boga uczyni\u0107 bezsilnym!<\/b> Jest to moc wolno\u015bci \u2013 wolno\u015bci, kt\u00f3ra mo\u017ce by\u0107 wolno\u015bci\u0105 \u017cycia bez Boga\u2026 <b style=\"mso-bidi-font-weight: normal;\">Czy jednak o tak\u0105 wolno\u015b\u0107 chodzi? <\/b><\/div>\n<div class=\"MsoNormal\" style=\"text-align: justify; text-indent: 35.4pt;\"><b style=\"mso-bidi-font-weight: normal;\">Oczywi\u015bcie, \u017ce nie!<\/b> A jednak wiemy i widzimy, \u017ce bardzo cz\u0119sto tak w\u0142a\u015bnie wolno\u015b\u0107 jest traktowana i tak jest u\u017cywana. Cz\u0142owiek mo\u017ce sprzeciwi\u0107 si\u0119 Bogu i udaremni\u0107 zamiary Boga wzgl\u0119dem siebie. Mo\u017ce. <b style=\"mso-bidi-font-weight: normal;\">I z tej mo\u017cliwo\u015bci \u2013 niestety \u2013 korzysta<\/b>\u2026 Znamy takich ludzi i widzimy, na czym polega ich dramat. Na czym ? <\/div>\n<div class=\"MsoNormal\" style=\"text-align: justify; text-indent: 35.4pt;\">Na tym, \u017ce oni my\u015bl\u0105, <b style=\"mso-bidi-font-weight: normal;\">i\u017c s\u0105 w porz\u0105dku, i\u017c s\u0105 tak bardzo blisko Boga, i\u017c s\u0105 najporz\u0105dniejszymi z porz\u0105dnych.<\/b> A tu nagle s\u0142ysz\u0105, \u017ce udaremniaj\u0105 zamiar Boga wzgl\u0119dem siebie\u2026 <\/div>\n<div class=\"MsoNormal\" style=\"text-align: justify; text-indent: 35.4pt;\">Kochani, musimy koniecznie z tej sytuacji wyprowadzi\u0107 wnioski dla siebie! Koniecznie! <b style=\"mso-bidi-font-weight: normal;\">\u017beby\u015bmy nie wpadli w tak\u0105 pu\u0142apk\u0119, w jak\u0105 wpadli faryzeusze, <\/b>kt\u00f3rzy zbyt szybko uwierzyli w swoj\u0105 doskona\u0142o\u015b\u0107 i \u015bwi\u0119to\u015b\u0107. Nigdy nie wolno nam usypia\u0107 czujno\u015bci! Nigdy nie wolno nam uwierzy\u0107, \u017ce jeste\u015bmy ju\u017c na tyle doskonali i zjednoczeni z Bogiem, <b style=\"mso-bidi-font-weight: normal;\">\u017ce mamy patent na zbawienie i gwarancj\u0119 szcz\u0119\u015bcia wiecznego. Nigdy!<\/b> Raczej trzeba wci\u0105\u017c od nowa przyjmowa\u0107 mi\u0142o\u015b\u0107 Boga, kt\u00f3r\u0105 nasze serca s\u0105 wprost zalewane \u2013 przyjmowa\u0107 <b style=\"mso-bidi-font-weight: normal;\">z dzieci\u0119c\u0105 rado\u015bci\u0105 i szczero\u015bci\u0105,<\/b> a nie wmawia\u0107 sobie, \u017ce ja ju\u017c jestem tak z Bogiem z\u017cyty, \u017ce jeste\u015bmy dos\u0142ownie \u201ekumplami\u201d\u2026 <\/div>\n<div class=\"MsoNormal\" style=\"text-align: justify; text-indent: 35.4pt;\">Nie jeste\u015bmy \u201ekumplami\u201d! B\u00f3g jest Bogiem, jest Ojcem, a my \u2013 Jego dzie\u0107mi. Jego kochanymi dzie\u0107mi! <b style=\"mso-bidi-font-weight: normal;\">Kochanymi przez Boga \u2013 ale nie zawsze daj\u0105cymi si\u0119 kocha\u0107<\/b>\u2026 <\/div>\n<div class=\"MsoNormal\" style=\"text-align: justify; text-indent: 35.4pt;\">Czy zatem dzisiejsze S\u0142owo Bo\u017ce nie powinno sta\u0107 si\u0119 takim swoistym <b style=\"mso-bidi-font-weight: normal;\">ostrze\u017ceniem i przypomnieniem dla nas \u2013 i tych wszystkich, kt\u00f3rzy uwa\u017caj\u0105 si\u0119 za \u201eporz\u0105dnych\u201d chrze\u015bcijan?<\/b>\u2026 <\/div>\n","protected":false},"excerpt":{"rendered":"<p>Szcz\u0119\u015b\u0107 Bo\u017ce! Zauwa\u017cam, Kochani, \u017ce poruszenie na blogu spraw zwi\u0105zanych z nasz\u0105 Ojczyzn\u0105 powoduje zwykle mocn\u0105 dyskusj\u0119. Tak by\u0142o po wpisie z 13 grudnia. Ciesz\u0119 si\u0119 bardzo, \u017ce sprawy te le\u017c\u0105 Wam na sercu! Wpisuje si\u0119 to w wartki nurt prawdy, jaki p\u0142ynie z niezale\u017cnych medi\u00f3w, z TV TRWAM i Radiem Maryja na czele. Jak [&hellip;]<\/p>\n","protected":false},"author":1,"featured_media":0,"comment_status":"open","ping_status":"open","sticky":false,"template":"","format":"standard","meta":{"jetpack_post_was_ever_published":false,"_jetpack_newsletter_access":"","_jetpack_dont_email_post_to_subs":false,"_jetpack_newsletter_tier_id":0,"_jetpack_memberships_contains_paywalled_content":false,"_jetpack_memberships_contains_paid_content":false,"footnotes":""},"categories":[1],"tags":[],"class_list":["post-9641","post","type-post","status-publish","format-standard","hentry","category-bez-kategorii"],"yoast_head":"<!-- This site is optimized with the Yoast SEO plugin v25.1 - https:\/\/yoast.com\/wordpress\/plugins\/seo\/ -->\n<title>O tych, co udaremniaj\u0105 zamiary Bo\u017ce... - Gaudium Et Spes<\/title>\n<meta name=\"robots\" content=\"index, follow, max-snippet:-1, max-image-preview:large, max-video-preview:-1\" \/>\n<link rel=\"canonical\" href=\"https:\/\/gaudiumetspes-blog.pl\/index.php\/2011\/12\/15\/o-tych-co-udaremniaja-zamiary-boze\/\" \/>\n<meta property=\"og:locale\" content=\"pl_PL\" \/>\n<meta property=\"og:type\" content=\"article\" \/>\n<meta property=\"og:title\" content=\"O tych, co udaremniaj\u0105 zamiary Bo\u017ce... - Gaudium Et Spes\" \/>\n<meta property=\"og:description\" content=\"Szcz\u0119\u015b\u0107 Bo\u017ce! Zauwa\u017cam, Kochani, \u017ce poruszenie na blogu spraw zwi\u0105zanych z nasz\u0105 Ojczyzn\u0105 powoduje zwykle mocn\u0105 dyskusj\u0119. Tak by\u0142o po wpisie z 13 grudnia. Ciesz\u0119 si\u0119 bardzo, \u017ce sprawy te le\u017c\u0105 Wam na sercu! Wpisuje si\u0119 to w wartki nurt prawdy, jaki p\u0142ynie z niezale\u017cnych medi\u00f3w, z TV TRWAM i Radiem Maryja na czele. Jak [&hellip;]\" \/>\n<meta property=\"og:url\" content=\"https:\/\/gaudiumetspes-blog.pl\/index.php\/2011\/12\/15\/o-tych-co-udaremniaja-zamiary-boze\/\" \/>\n<meta property=\"og:site_name\" content=\"Gaudium Et Spes\" \/>\n<meta property=\"article:published_time\" content=\"2011-12-15T08:37:00+00:00\" \/>\n<meta property=\"article:modified_time\" content=\"2019-07-31T10:52:52+00:00\" \/>\n<meta name=\"author\" content=\"Ks. Jacek\" \/>\n<meta name=\"twitter:card\" content=\"summary_large_image\" \/>\n<meta name=\"twitter:label1\" content=\"Napisane przez\" \/>\n\t<meta name=\"twitter:data1\" content=\"Ks. Jacek\" \/>\n\t<meta name=\"twitter:label2\" content=\"Szacowany czas czytania\" \/>\n\t<meta name=\"twitter:data2\" content=\"4 minuty\" \/>\n<script type=\"application\/ld+json\" class=\"yoast-schema-graph\">{\"@context\":\"https:\/\/schema.org\",\"@graph\":[{\"@type\":\"WebPage\",\"@id\":\"https:\/\/gaudiumetspes-blog.pl\/index.php\/2011\/12\/15\/o-tych-co-udaremniaja-zamiary-boze\/\",\"url\":\"https:\/\/gaudiumetspes-blog.pl\/index.php\/2011\/12\/15\/o-tych-co-udaremniaja-zamiary-boze\/\",\"name\":\"O tych, co udaremniaj\u0105 zamiary Bo\u017ce... - Gaudium Et Spes\",\"isPartOf\":{\"@id\":\"https:\/\/gaudiumetspes-blog.pl\/#website\"},\"datePublished\":\"2011-12-15T08:37:00+00:00\",\"dateModified\":\"2019-07-31T10:52:52+00:00\",\"author\":{\"@id\":\"https:\/\/gaudiumetspes-blog.pl\/#\/schema\/person\/1661982992b752dea8dff0d4ed845a65\"},\"breadcrumb\":{\"@id\":\"https:\/\/gaudiumetspes-blog.pl\/index.php\/2011\/12\/15\/o-tych-co-udaremniaja-zamiary-boze\/#breadcrumb\"},\"inLanguage\":\"pl-PL\",\"potentialAction\":[{\"@type\":\"ReadAction\",\"target\":[\"https:\/\/gaudiumetspes-blog.pl\/index.php\/2011\/12\/15\/o-tych-co-udaremniaja-zamiary-boze\/\"]}]},{\"@type\":\"BreadcrumbList\",\"@id\":\"https:\/\/gaudiumetspes-blog.pl\/index.php\/2011\/12\/15\/o-tych-co-udaremniaja-zamiary-boze\/#breadcrumb\",\"itemListElement\":[{\"@type\":\"ListItem\",\"position\":1,\"name\":\"Strona g\u0142\u00f3wna\",\"item\":\"https:\/\/gaudiumetspes-blog.pl\/\"},{\"@type\":\"ListItem\",\"position\":2,\"name\":\"O&nbsp;tych, co udaremniaj\u0105 zamiary Bo\u017ce&#8230;\"}]},{\"@type\":\"WebSite\",\"@id\":\"https:\/\/gaudiumetspes-blog.pl\/#website\",\"url\":\"https:\/\/gaudiumetspes-blog.pl\/\",\"name\":\"Gaudium Et Spes\",\"description\":\"Blog Ks. Jacka Ja\u015bkowskiego\",\"potentialAction\":[{\"@type\":\"SearchAction\",\"target\":{\"@type\":\"EntryPoint\",\"urlTemplate\":\"https:\/\/gaudiumetspes-blog.pl\/?s={search_term_string}\"},\"query-input\":{\"@type\":\"PropertyValueSpecification\",\"valueRequired\":true,\"valueName\":\"search_term_string\"}}],\"inLanguage\":\"pl-PL\"},{\"@type\":\"Person\",\"@id\":\"https:\/\/gaudiumetspes-blog.pl\/#\/schema\/person\/1661982992b752dea8dff0d4ed845a65\",\"name\":\"Ks. Jacek\",\"image\":{\"@type\":\"ImageObject\",\"inLanguage\":\"pl-PL\",\"@id\":\"https:\/\/gaudiumetspes-blog.pl\/#\/schema\/person\/image\/\",\"url\":\"https:\/\/gaudiumetspes-blog.pl\/wp-content\/uploads\/2019\/07\/avatar-JJ-150x150.jpg\",\"contentUrl\":\"https:\/\/gaudiumetspes-blog.pl\/wp-content\/uploads\/2019\/07\/avatar-JJ-150x150.jpg\",\"caption\":\"Ks. Jacek\"},\"description\":\"Witam serdecznie! K\u0142ania si\u0119 Ks. Jacek Ja\u015bkowski. Nie jestem ani kim\u015b wa\u017cnym, ani kim\u015b znanym. Jestem ksi\u0119dzem, kt\u00f3ry po prostu chce rozmawia\u0107. Codzienna kap\u0142a\u0144ska pos\u0142uga pokazuje mi, \u017ce temat\u00f3w do rozm\u00f3w z ksi\u0119dzem jest coraz wi\u0119cej i dzisiaj \u017caden ksi\u0105dz nie mo\u017ce od nich ucieka\u0107, ale - wprost przeciwnie - podejmowa\u0107 nowe wyzwania. To przekonanie sk\u0142oni\u0142o mnie do pr\u00f3by otwarcia tego\u017c bloga, chocia\u017c okazji do rozm\u00f3w na co dzie\u0144 - w konfesjonale i poza nim - na szcz\u0119\u015bcie nie brakuje. My\u015bl\u0119 jednak, \u017ce ten blog b\u0119dzie jeszcze jednym sposobem i przestrzeni\u0105 nawi\u0105zania kontaktu z lud\u017ami dobrej woli, otwartymi na dialog.\",\"url\":\"https:\/\/gaudiumetspes-blog.pl\/index.php\/author\/ks-jacek\/\"}]}<\/script>\n<!-- \/ Yoast SEO plugin. -->","yoast_head_json":{"title":"O tych, co udaremniaj\u0105 zamiary Bo\u017ce... - Gaudium Et Spes","robots":{"index":"index","follow":"follow","max-snippet":"max-snippet:-1","max-image-preview":"max-image-preview:large","max-video-preview":"max-video-preview:-1"},"canonical":"https:\/\/gaudiumetspes-blog.pl\/index.php\/2011\/12\/15\/o-tych-co-udaremniaja-zamiary-boze\/","og_locale":"pl_PL","og_type":"article","og_title":"O tych, co udaremniaj\u0105 zamiary Bo\u017ce... - Gaudium Et Spes","og_description":"Szcz\u0119\u015b\u0107 Bo\u017ce! Zauwa\u017cam, Kochani, \u017ce poruszenie na blogu spraw zwi\u0105zanych z nasz\u0105 Ojczyzn\u0105 powoduje zwykle mocn\u0105 dyskusj\u0119. Tak by\u0142o po wpisie z 13 grudnia. Ciesz\u0119 si\u0119 bardzo, \u017ce sprawy te le\u017c\u0105 Wam na sercu! Wpisuje si\u0119 to w wartki nurt prawdy, jaki p\u0142ynie z niezale\u017cnych medi\u00f3w, z TV TRWAM i Radiem Maryja na czele. Jak [&hellip;]","og_url":"https:\/\/gaudiumetspes-blog.pl\/index.php\/2011\/12\/15\/o-tych-co-udaremniaja-zamiary-boze\/","og_site_name":"Gaudium Et Spes","article_published_time":"2011-12-15T08:37:00+00:00","article_modified_time":"2019-07-31T10:52:52+00:00","author":"Ks. Jacek","twitter_card":"summary_large_image","twitter_misc":{"Napisane przez":"Ks. Jacek","Szacowany czas czytania":"4 minuty"},"schema":{"@context":"https:\/\/schema.org","@graph":[{"@type":"WebPage","@id":"https:\/\/gaudiumetspes-blog.pl\/index.php\/2011\/12\/15\/o-tych-co-udaremniaja-zamiary-boze\/","url":"https:\/\/gaudiumetspes-blog.pl\/index.php\/2011\/12\/15\/o-tych-co-udaremniaja-zamiary-boze\/","name":"O tych, co udaremniaj\u0105 zamiary Bo\u017ce... - Gaudium Et Spes","isPartOf":{"@id":"https:\/\/gaudiumetspes-blog.pl\/#website"},"datePublished":"2011-12-15T08:37:00+00:00","dateModified":"2019-07-31T10:52:52+00:00","author":{"@id":"https:\/\/gaudiumetspes-blog.pl\/#\/schema\/person\/1661982992b752dea8dff0d4ed845a65"},"breadcrumb":{"@id":"https:\/\/gaudiumetspes-blog.pl\/index.php\/2011\/12\/15\/o-tych-co-udaremniaja-zamiary-boze\/#breadcrumb"},"inLanguage":"pl-PL","potentialAction":[{"@type":"ReadAction","target":["https:\/\/gaudiumetspes-blog.pl\/index.php\/2011\/12\/15\/o-tych-co-udaremniaja-zamiary-boze\/"]}]},{"@type":"BreadcrumbList","@id":"https:\/\/gaudiumetspes-blog.pl\/index.php\/2011\/12\/15\/o-tych-co-udaremniaja-zamiary-boze\/#breadcrumb","itemListElement":[{"@type":"ListItem","position":1,"name":"Strona g\u0142\u00f3wna","item":"https:\/\/gaudiumetspes-blog.pl\/"},{"@type":"ListItem","position":2,"name":"O&nbsp;tych, co udaremniaj\u0105 zamiary Bo\u017ce&#8230;"}]},{"@type":"WebSite","@id":"https:\/\/gaudiumetspes-blog.pl\/#website","url":"https:\/\/gaudiumetspes-blog.pl\/","name":"Gaudium Et Spes","description":"Blog Ks. Jacka Ja\u015bkowskiego","potentialAction":[{"@type":"SearchAction","target":{"@type":"EntryPoint","urlTemplate":"https:\/\/gaudiumetspes-blog.pl\/?s={search_term_string}"},"query-input":{"@type":"PropertyValueSpecification","valueRequired":true,"valueName":"search_term_string"}}],"inLanguage":"pl-PL"},{"@type":"Person","@id":"https:\/\/gaudiumetspes-blog.pl\/#\/schema\/person\/1661982992b752dea8dff0d4ed845a65","name":"Ks. Jacek","image":{"@type":"ImageObject","inLanguage":"pl-PL","@id":"https:\/\/gaudiumetspes-blog.pl\/#\/schema\/person\/image\/","url":"https:\/\/gaudiumetspes-blog.pl\/wp-content\/uploads\/2019\/07\/avatar-JJ-150x150.jpg","contentUrl":"https:\/\/gaudiumetspes-blog.pl\/wp-content\/uploads\/2019\/07\/avatar-JJ-150x150.jpg","caption":"Ks. Jacek"},"description":"Witam serdecznie! K\u0142ania si\u0119 Ks. Jacek Ja\u015bkowski. Nie jestem ani kim\u015b wa\u017cnym, ani kim\u015b znanym. Jestem ksi\u0119dzem, kt\u00f3ry po prostu chce rozmawia\u0107. Codzienna kap\u0142a\u0144ska pos\u0142uga pokazuje mi, \u017ce temat\u00f3w do rozm\u00f3w z ksi\u0119dzem jest coraz wi\u0119cej i dzisiaj \u017caden ksi\u0105dz nie mo\u017ce od nich ucieka\u0107, ale - wprost przeciwnie - podejmowa\u0107 nowe wyzwania. To przekonanie sk\u0142oni\u0142o mnie do pr\u00f3by otwarcia tego\u017c bloga, chocia\u017c okazji do rozm\u00f3w na co dzie\u0144 - w konfesjonale i poza nim - na szcz\u0119\u015bcie nie brakuje. My\u015bl\u0119 jednak, \u017ce ten blog b\u0119dzie jeszcze jednym sposobem i przestrzeni\u0105 nawi\u0105zania kontaktu z lud\u017ami dobrej woli, otwartymi na dialog.","url":"https:\/\/gaudiumetspes-blog.pl\/index.php\/author\/ks-jacek\/"}]}},"jetpack_featured_media_url":"","jetpack_sharing_enabled":true,"_links":{"self":[{"href":"https:\/\/gaudiumetspes-blog.pl\/index.php\/wp-json\/wp\/v2\/posts\/9641","targetHints":{"allow":["GET"]}}],"collection":[{"href":"https:\/\/gaudiumetspes-blog.pl\/index.php\/wp-json\/wp\/v2\/posts"}],"about":[{"href":"https:\/\/gaudiumetspes-blog.pl\/index.php\/wp-json\/wp\/v2\/types\/post"}],"author":[{"embeddable":true,"href":"https:\/\/gaudiumetspes-blog.pl\/index.php\/wp-json\/wp\/v2\/users\/1"}],"replies":[{"embeddable":true,"href":"https:\/\/gaudiumetspes-blog.pl\/index.php\/wp-json\/wp\/v2\/comments?post=9641"}],"version-history":[{"count":1,"href":"https:\/\/gaudiumetspes-blog.pl\/index.php\/wp-json\/wp\/v2\/posts\/9641\/revisions"}],"predecessor-version":[{"id":10442,"href":"https:\/\/gaudiumetspes-blog.pl\/index.php\/wp-json\/wp\/v2\/posts\/9641\/revisions\/10442"}],"wp:attachment":[{"href":"https:\/\/gaudiumetspes-blog.pl\/index.php\/wp-json\/wp\/v2\/media?parent=9641"}],"wp:term":[{"taxonomy":"category","embeddable":true,"href":"https:\/\/gaudiumetspes-blog.pl\/index.php\/wp-json\/wp\/v2\/categories?post=9641"},{"taxonomy":"post_tag","embeddable":true,"href":"https:\/\/gaudiumetspes-blog.pl\/index.php\/wp-json\/wp\/v2\/tags?post=9641"}],"curies":[{"name":"wp","href":"https:\/\/api.w.org\/{rel}","templated":true}]}}