{"id":9642,"date":"2011-12-14T07:57:00","date_gmt":"2011-12-14T06:57:00","guid":{"rendered":"https:\/\/gaudiumetspes-blog.pl\/index.php\/2011\/12\/14\/czy-ty-jestes-tym-ktory-ma-przyjsc\/"},"modified":"2019-07-31T12:52:50","modified_gmt":"2019-07-31T10:52:50","slug":"czy-ty-jestes-tym-ktory-ma-przyjsc","status":"publish","type":"post","link":"https:\/\/gaudiumetspes-blog.pl\/index.php\/2011\/12\/14\/czy-ty-jestes-tym-ktory-ma-przyjsc\/","title":{"rendered":"Czy Ty jeste\u015b Tym, kt\u00f3ry ma przyj\u015b\u0107?&#8230;"},"content":{"rendered":"<p><\/p>\n<div class=\"MsoNormal\" style=\"text-align: justify;\">Szcz\u0119\u015b\u0107 Bo\u017ce! Dzisiaj troch\u0119 o cierpliwo\u015bci w dzia\u0142aniu i&#8230; w czekaniu na owoce!<\/div>\n<div class=\"MsoNormal\" style=\"text-align: justify;\">&nbsp;&nbsp;&nbsp;&nbsp;&nbsp;&nbsp;&nbsp;&nbsp;&nbsp;&nbsp; Gaudium et spes!&nbsp; Ks. Jacek<\/div>\n<div class=\"MsoNormal\" style=\"text-align: justify;\">\n<\/div>\n<div class=\"MsoNormal\" style=\"text-align: justify;\"><b>Wspomnienie \u015aw. Jana od Krzy\u017ca, Kap\u0142ana i Doktora Ko\u015bcio\u0142a,<\/b><\/div>\n<div class=\"MsoNormal\" style=\"text-align: justify;\"><b style=\"mso-bidi-font-weight: normal;\">do czyta\u0144:&nbsp; Iz 45,6b\u20138.18.21b\u201325;&nbsp; \u0141k 7,18b\u201323<\/b><\/div>\n<div class=\"MsoNormal\" style=\"text-align: justify;\">\n<\/div>\n<div class=\"MsoNormal\" style=\"text-align: justify; text-indent: 35.4pt;\">Nasz dzisiejszy Patron, <b style=\"mso-bidi-font-weight: normal;\">\u015awi\u0119ty Jan, urodzi\u0142 si\u0119 oko\u0142o roku 1542 w Fontivera w Hiszpanii.<\/b> Wst\u0105pi\u0142 do zakonu karmelit\u00f3w, a w roku 1568, pod wp\u0142ywem \u015awi\u0119tej Teresy z Avili, sta\u0142 si\u0119 pierwszym zakonnikiem zreformowanego Karmelu. Oddawszy si\u0119 dzie\u0142u tej reformy, <b style=\"mso-bidi-font-weight: normal;\">wiele wycierpia\u0142 trud\u00f3w i przeciwno\u015bci<\/b> \u2013 takich, jak wielomiesi\u0119czne wi\u0119zienie, ch\u0142osty, powszechna wzgarda ze strony wsp\u00f3\u0142braci\u2026 <b style=\"mso-bidi-font-weight: normal;\">Zmar\u0142 w 1591 roku w Ubeda.<\/b> Odznacza\u0142 si\u0119 wielk\u0105 \u015bwi\u0119to\u015bci\u0105 \u017cycia i m\u0105dro\u015bci\u0105, o czym \u015bwiadcz\u0105 jego pisma dotycz\u0105ce \u017cycia duchowego.<\/div>\n<div class=\"MsoNormal\" style=\"text-align: justify; text-indent: 35.4pt;\">Ide\u0105, kt\u00f3ra przenika\u0142a jego serce przez ca\u0142e \u017cycie, by\u0142o <b style=\"mso-bidi-font-weight: normal;\">pragnienie odnowienia swego zakonu w duchu pierwotnej regu\u0142y,<\/b> <b style=\"mso-bidi-font-weight: normal;\">w duchu pierwotnej gorliwo\u015bci<\/b>\u2026 Wspomniane przed chwil\u0105 cierpienia, jakie mu zadawali jego najbli\u017csi \u2013 wsp\u00f3\u0142bracia zakonni \u2013 jasno dowodzi\u0142y, \u017ce <b style=\"mso-bidi-font-weight: normal;\">nie jest to dzie\u0142o \u0142atwe, a wr\u0119cz bardzo trudne i bardzo kosztowne.<\/b> I nie dlatego kosztowne, \u017ce wi\u0105za\u0142o si\u0119 w licznymi wydatkami, potrzebnymi dla wprowadzenia nowych porz\u0105dk\u00f3w, nie! Mo\u017cna by nawet stwierdzi\u0107, \u017ce by\u0142o odwrotnie: wprowadzenie reform Jana <b style=\"mso-bidi-font-weight: normal;\">raczej owocowa\u0142o zmniejszeniem wydatk\u00f3w zakonnych,<\/b> bo przecie\u017c wi\u0105za\u0142o si\u0119 z surowszym, mniej kosztownym stylem \u017cycia. <\/div>\n<div class=\"MsoNormal\" style=\"text-align: justify; text-indent: 35.4pt;\">M\u00f3wimy tu natomiast <b style=\"mso-bidi-font-weight: normal;\">o kosztach duchowych, osobistych, a wi\u0119c o tych ofiarach, kt\u00f3re nasz Patron musia\u0142 znie\u015b\u0107,<\/b> aby jego dzie\u0142o zaowocowa\u0142o. A co jeszcze bardziej dramatyczne, to fakt, \u017ce kiedy ju\u017c po tylu cierpieniach i odrzuceniu uda\u0142o mu si\u0119 pozyska\u0107 dla reformy ca\u0142kiem niema\u0142\u0105 liczb\u0119 braci, to na pierwszej kapitule zreformowanego zakonu <b style=\"mso-bidi-font-weight: normal;\">znowu przewa\u017cy\u0142a opcja \u0142agodzenia regu\u0142y.<\/b> Tak \u2013 \u0142agodzenia tej zreformowanej regu\u0142y, kt\u00f3ra <b style=\"mso-bidi-font-weight: normal;\">w swych za\u0142o\u017ceniach mia\u0142a by\u0107 regu\u0142\u0105 surowsz\u0105,<\/b> bardziej odnosz\u0105c\u0105 si\u0119 do pierwotnej. I kiedy Jan umiera\u0142, to znowu by\u0142o opuszczony, wzgardzony, po ludzku \u2013 przegrany\u2026 <\/div>\n<div class=\"MsoNormal\" style=\"text-align: justify; text-indent: 35.4pt;\">Dzisiaj wiemy, \u017ce nie przegra\u0142, \u017ce <b style=\"mso-bidi-font-weight: normal;\">jego dzie\u0142o przetrwa\u0142o i ci\u0105gle wywiera wp\u0142yw na \u017cycie Ko\u015bcio\u0142a<\/b> \u2013 tak, jak wywar\u0142o wp\u0142yw <b style=\"mso-bidi-font-weight: normal;\">na duchowo\u015b\u0107 Jana Paw\u0142a II,<\/b> kt\u00f3ry w oparciu o dzie\u0142a Jana od Krzy\u017ca przygotowa\u0142 swoj\u0105 rozpraw\u0119 doktorsk\u0105. Niemniej jednak, w tamtym momencie wi\u0105za\u0142o si\u0119 to z bardzo du\u017cym wyrzeczeniem ze strony naszego \u015awi\u0119tego. <\/div>\n<div class=\"MsoNormal\" style=\"text-align: justify; text-indent: 35.4pt;\">Co jednak jest bardzo wa\u017cne i bardzo charakterystyczne, to fakt, i\u017c \u015awi\u0119ty Jan od Krzy\u017ca ani na moment \u2013 pomimo tylu sprzeciw\u00f3w i trudno\u015bci \u2013 <b style=\"mso-bidi-font-weight: normal;\">nie zw\u0105tpi\u0142 w s\u0142uszno\u015b\u0107 swojej drogi.<\/b> Chocia\u017c w ciszy swego serca niejednokrotnie zapewne pyta\u0142 Pana, czy to jest dobra droga? A powtarzaj\u0105c s\u0142owa swego Imiennika z dzisiejszej Ewangelii, zapewne niejednokrotnie zastanawia\u0142 si\u0119, <b style=\"mso-bidi-font-weight: normal;\">czy w tym, co si\u0119 dzieje, rzeczywi\u015bcie jest i dzia\u0142a Jezus, czy jednak nie do ko\u0144ca<\/b>\u2026 <\/div>\n<div class=\"MsoNormal\" style=\"text-align: justify; text-indent: 35.4pt;\">A Jezus udziela odpowiedzi nie wprost, ale <b style=\"mso-bidi-font-weight: normal;\">wskazuje na swoje dzia\u0142ania, na dokonane przez siebie znaki i cuda,<\/b> kt\u00f3re maj\u0105 \u015bwiadczy\u0107 o Jego bosko\u015bci i Jego misji. Podobnie rzecz si\u0119 ma z dzie\u0142em naszego dzisiejszego Patrona \u2013 w\u0142a\u015bnie <b style=\"mso-bidi-font-weight: normal;\">fakt trwa\u0142o\u015bci jego dokona\u0144 \u015bwiadczy o tym, \u017ce by\u0142y one prawdziwie Bo\u017cym dzia\u0142aniem.<\/b><\/div>\n<div class=\"MsoNormal\" style=\"text-align: justify; text-indent: 35.4pt;\">Kochani, my te\u017c <b style=\"mso-bidi-font-weight: normal;\">nieraz musimy poczeka\u0107 na owoce dobra, kt\u00f3re czynimy;<\/b> na wzrost i rozw\u00f3j ziarna, kt\u00f3re wsiewamy w gleb\u0119 serca swojego, czy swoich dzieci, czy swoich bliskich\u2026 My cz\u0119sto <b style=\"mso-bidi-font-weight: normal;\">chcieliby\u015bmy tak od razu,<\/b> a tymczasem \u2013 trzeba poczeka\u0107, a nieraz i ofiar\u0119 niejedn\u0105 ponie\u015b\u0107, i wyrzeczenie, i przykro\u015b\u0107\u2026 I to ze strony tych, kt\u00f3rym okazujemy tyle mi\u0142o\u015bci, tyle dobroci\u2026 <\/div>\n<div class=\"MsoNormal\" style=\"text-align: justify; text-indent: 35.4pt;\">A jednak, <b style=\"mso-bidi-font-weight: normal;\">nie mo\u017cemy zrezygnowa\u0107 z dobra,<\/b> bo dzisiaj w pierwszym czytaniu s\u0142yszymy s\u0142owa samego Boga: <b style=\"mso-bidi-font-weight: normal;\"><i style=\"mso-bidi-font-style: normal;\">Ja jestem Pan \u2013 i nie ma innego<\/i>! <i style=\"mso-bidi-font-style: normal;\">Ja tworz\u0119 \u015bwiat\u0142o i stwarzam ciemno\u015bci, sprawiam pomy\u015blno\u015b\u0107 i stwarzam niedol\u0119. Ja, Pan, czyni\u0119 to wszystko<\/i>. <\/b><\/div>\n<div class=\"MsoNormal\" style=\"text-align: justify;\">&nbsp;&nbsp;&nbsp;&nbsp;&nbsp;&nbsp;&nbsp;&nbsp;&nbsp;&nbsp;&nbsp; Moi Drodzy, wszystko jest w r\u0119ku Boga! To On daje wzrost dobra, to On sam pomna\u017ca owoce ka\u017cdej naszej pracy: i tej duchowej, i tej intelektualnej, i tak\u017ce tej fizycznej. Z naszej strony potrzeba natomiast <b style=\"mso-bidi-font-weight: normal;\">cierpliwo\u015bci i zapa\u0142u, aby ci\u0105gle zaczyna\u0107 od nowa i nie za\u0142amywa\u0107 si\u0119 przy pierwszym, a nawet i kolejnym niepowodzeniu<\/b>\u2026<\/div>\n<div class=\"MsoNormal\" style=\"text-align: justify;\">&nbsp;&nbsp;&nbsp;&nbsp;&nbsp;&nbsp;&nbsp;&nbsp;&nbsp;&nbsp;&nbsp; W tym kontek\u015bcie zastan\u00f3wmy si\u0119:<\/div>\n<div class=\"MsoNormal\" style=\"margin-left: 36.0pt; mso-list: l0 level1 lfo1; tab-stops: list 36.0pt; text-align: justify; text-indent: -18.0pt;\">\u00b7&nbsp;&nbsp;&nbsp;&nbsp;&nbsp;&nbsp;&nbsp; Czy dobro, kt\u00f3re uda\u0142o mi si\u0119 uczyni\u0107, zawsze odnosz\u0119 do Boga, czy przypisuj\u0119 wy\u0142\u0105cznie sobie?<\/div>\n<div class=\"MsoNormal\" style=\"margin-left: 36.0pt; mso-list: l0 level1 lfo1; tab-stops: list 36.0pt; text-align: justify; text-indent: -18.0pt;\">\u00b7&nbsp;&nbsp;&nbsp;&nbsp;&nbsp;&nbsp;&nbsp; Czy na ka\u017cdym kroku \u2013 ku utrapieniu otoczenia \u2013 nie przechwalam si\u0119 swoimi dokonaniami? <\/div>\n<div class=\"MsoNormal\" style=\"margin-left: 36.0pt; mso-list: l0 level1 lfo1; tab-stops: list 36.0pt; text-align: justify; text-indent: -18.0pt;\">\u00b7&nbsp;&nbsp;&nbsp;&nbsp;&nbsp;&nbsp;&nbsp; Czy mam na tyle cierpliwo\u015bci, \u017ceby poczeka\u0107 na owoce podejmowanego dobra?<\/div>\n<div class=\"MsoNormal\" style=\"text-align: justify;\">\n<\/div>\n<div class=\"MsoNormal\" style=\"text-align: justify;\"><b style=\"mso-bidi-font-weight: normal;\"><i style=\"mso-bidi-font-style: normal;\">Niebiosa, wys\u0105czcie z g\u00f3ry sprawiedliwo\u015b\u0107 i niech ob\u0142oki z deszczem j\u0105 wylej\u0105<\/i><\/b><b style=\"mso-bidi-font-weight: normal;\">!<\/b><\/div>\n","protected":false},"excerpt":{"rendered":"<p>Szcz\u0119\u015b\u0107 Bo\u017ce! Dzisiaj troch\u0119 o cierpliwo\u015bci w dzia\u0142aniu i&#8230; w czekaniu na owoce! &nbsp;&nbsp;&nbsp;&nbsp;&nbsp;&nbsp;&nbsp;&nbsp;&nbsp;&nbsp; Gaudium et spes!&nbsp; Ks. Jacek Wspomnienie \u015aw. Jana od Krzy\u017ca, Kap\u0142ana i Doktora Ko\u015bcio\u0142a, do czyta\u0144:&nbsp; Iz 45,6b\u20138.18.21b\u201325;&nbsp; \u0141k 7,18b\u201323 Nasz dzisiejszy Patron, \u015awi\u0119ty Jan, urodzi\u0142 si\u0119 oko\u0142o roku 1542 w Fontivera w Hiszpanii. Wst\u0105pi\u0142 do zakonu karmelit\u00f3w, a w roku [&hellip;]<\/p>\n","protected":false},"author":1,"featured_media":0,"comment_status":"open","ping_status":"open","sticky":false,"template":"","format":"standard","meta":{"jetpack_post_was_ever_published":false,"_jetpack_newsletter_access":"","_jetpack_dont_email_post_to_subs":false,"_jetpack_newsletter_tier_id":0,"_jetpack_memberships_contains_paywalled_content":false,"_jetpack_memberships_contains_paid_content":false,"footnotes":""},"categories":[1],"tags":[],"class_list":["post-9642","post","type-post","status-publish","format-standard","hentry","category-bez-kategorii"],"yoast_head":"<!-- This site is optimized with the Yoast SEO plugin v25.1 - https:\/\/yoast.com\/wordpress\/plugins\/seo\/ -->\n<title>Czy Ty jeste\u015b Tym, kt\u00f3ry ma przyj\u015b\u0107?... - Gaudium Et Spes<\/title>\n<meta name=\"robots\" content=\"index, follow, max-snippet:-1, max-image-preview:large, max-video-preview:-1\" \/>\n<link rel=\"canonical\" href=\"https:\/\/gaudiumetspes-blog.pl\/index.php\/2011\/12\/14\/czy-ty-jestes-tym-ktory-ma-przyjsc\/\" \/>\n<meta property=\"og:locale\" content=\"pl_PL\" \/>\n<meta property=\"og:type\" content=\"article\" \/>\n<meta property=\"og:title\" content=\"Czy Ty jeste\u015b Tym, kt\u00f3ry ma przyj\u015b\u0107?... - Gaudium Et Spes\" \/>\n<meta property=\"og:description\" content=\"Szcz\u0119\u015b\u0107 Bo\u017ce! Dzisiaj troch\u0119 o cierpliwo\u015bci w dzia\u0142aniu i&#8230; w czekaniu na owoce! &nbsp;&nbsp;&nbsp;&nbsp;&nbsp;&nbsp;&nbsp;&nbsp;&nbsp;&nbsp; Gaudium et spes!&nbsp; Ks. Jacek Wspomnienie \u015aw. Jana od Krzy\u017ca, Kap\u0142ana i Doktora Ko\u015bcio\u0142a, do czyta\u0144:&nbsp; Iz 45,6b\u20138.18.21b\u201325;&nbsp; \u0141k 7,18b\u201323 Nasz dzisiejszy Patron, \u015awi\u0119ty Jan, urodzi\u0142 si\u0119 oko\u0142o roku 1542 w Fontivera w Hiszpanii. Wst\u0105pi\u0142 do zakonu karmelit\u00f3w, a w roku [&hellip;]\" \/>\n<meta property=\"og:url\" content=\"https:\/\/gaudiumetspes-blog.pl\/index.php\/2011\/12\/14\/czy-ty-jestes-tym-ktory-ma-przyjsc\/\" \/>\n<meta property=\"og:site_name\" content=\"Gaudium Et Spes\" \/>\n<meta property=\"article:published_time\" content=\"2011-12-14T06:57:00+00:00\" \/>\n<meta property=\"article:modified_time\" content=\"2019-07-31T10:52:50+00:00\" \/>\n<meta name=\"author\" content=\"Ks. Jacek\" \/>\n<meta name=\"twitter:card\" content=\"summary_large_image\" \/>\n<meta name=\"twitter:label1\" content=\"Napisane przez\" \/>\n\t<meta name=\"twitter:data1\" content=\"Ks. Jacek\" \/>\n\t<meta name=\"twitter:label2\" content=\"Szacowany czas czytania\" \/>\n\t<meta name=\"twitter:data2\" content=\"4 minuty\" \/>\n<script type=\"application\/ld+json\" class=\"yoast-schema-graph\">{\"@context\":\"https:\/\/schema.org\",\"@graph\":[{\"@type\":\"WebPage\",\"@id\":\"https:\/\/gaudiumetspes-blog.pl\/index.php\/2011\/12\/14\/czy-ty-jestes-tym-ktory-ma-przyjsc\/\",\"url\":\"https:\/\/gaudiumetspes-blog.pl\/index.php\/2011\/12\/14\/czy-ty-jestes-tym-ktory-ma-przyjsc\/\",\"name\":\"Czy Ty jeste\u015b Tym, kt\u00f3ry ma przyj\u015b\u0107?... - Gaudium Et Spes\",\"isPartOf\":{\"@id\":\"https:\/\/gaudiumetspes-blog.pl\/#website\"},\"datePublished\":\"2011-12-14T06:57:00+00:00\",\"dateModified\":\"2019-07-31T10:52:50+00:00\",\"author\":{\"@id\":\"https:\/\/gaudiumetspes-blog.pl\/#\/schema\/person\/1661982992b752dea8dff0d4ed845a65\"},\"breadcrumb\":{\"@id\":\"https:\/\/gaudiumetspes-blog.pl\/index.php\/2011\/12\/14\/czy-ty-jestes-tym-ktory-ma-przyjsc\/#breadcrumb\"},\"inLanguage\":\"pl-PL\",\"potentialAction\":[{\"@type\":\"ReadAction\",\"target\":[\"https:\/\/gaudiumetspes-blog.pl\/index.php\/2011\/12\/14\/czy-ty-jestes-tym-ktory-ma-przyjsc\/\"]}]},{\"@type\":\"BreadcrumbList\",\"@id\":\"https:\/\/gaudiumetspes-blog.pl\/index.php\/2011\/12\/14\/czy-ty-jestes-tym-ktory-ma-przyjsc\/#breadcrumb\",\"itemListElement\":[{\"@type\":\"ListItem\",\"position\":1,\"name\":\"Strona g\u0142\u00f3wna\",\"item\":\"https:\/\/gaudiumetspes-blog.pl\/\"},{\"@type\":\"ListItem\",\"position\":2,\"name\":\"Czy&nbsp;Ty jeste\u015b Tym, kt\u00f3ry&nbsp;ma przyj\u015b\u0107?&#8230;\"}]},{\"@type\":\"WebSite\",\"@id\":\"https:\/\/gaudiumetspes-blog.pl\/#website\",\"url\":\"https:\/\/gaudiumetspes-blog.pl\/\",\"name\":\"Gaudium Et Spes\",\"description\":\"Blog Ks. Jacka Ja\u015bkowskiego\",\"potentialAction\":[{\"@type\":\"SearchAction\",\"target\":{\"@type\":\"EntryPoint\",\"urlTemplate\":\"https:\/\/gaudiumetspes-blog.pl\/?s={search_term_string}\"},\"query-input\":{\"@type\":\"PropertyValueSpecification\",\"valueRequired\":true,\"valueName\":\"search_term_string\"}}],\"inLanguage\":\"pl-PL\"},{\"@type\":\"Person\",\"@id\":\"https:\/\/gaudiumetspes-blog.pl\/#\/schema\/person\/1661982992b752dea8dff0d4ed845a65\",\"name\":\"Ks. Jacek\",\"image\":{\"@type\":\"ImageObject\",\"inLanguage\":\"pl-PL\",\"@id\":\"https:\/\/gaudiumetspes-blog.pl\/#\/schema\/person\/image\/\",\"url\":\"https:\/\/gaudiumetspes-blog.pl\/wp-content\/uploads\/2019\/07\/avatar-JJ-150x150.jpg\",\"contentUrl\":\"https:\/\/gaudiumetspes-blog.pl\/wp-content\/uploads\/2019\/07\/avatar-JJ-150x150.jpg\",\"caption\":\"Ks. Jacek\"},\"description\":\"Witam serdecznie! K\u0142ania si\u0119 Ks. Jacek Ja\u015bkowski. Nie jestem ani kim\u015b wa\u017cnym, ani kim\u015b znanym. Jestem ksi\u0119dzem, kt\u00f3ry po prostu chce rozmawia\u0107. Codzienna kap\u0142a\u0144ska pos\u0142uga pokazuje mi, \u017ce temat\u00f3w do rozm\u00f3w z ksi\u0119dzem jest coraz wi\u0119cej i dzisiaj \u017caden ksi\u0105dz nie mo\u017ce od nich ucieka\u0107, ale - wprost przeciwnie - podejmowa\u0107 nowe wyzwania. To przekonanie sk\u0142oni\u0142o mnie do pr\u00f3by otwarcia tego\u017c bloga, chocia\u017c okazji do rozm\u00f3w na co dzie\u0144 - w konfesjonale i poza nim - na szcz\u0119\u015bcie nie brakuje. My\u015bl\u0119 jednak, \u017ce ten blog b\u0119dzie jeszcze jednym sposobem i przestrzeni\u0105 nawi\u0105zania kontaktu z lud\u017ami dobrej woli, otwartymi na dialog.\",\"url\":\"https:\/\/gaudiumetspes-blog.pl\/index.php\/author\/ks-jacek\/\"}]}<\/script>\n<!-- \/ Yoast SEO plugin. -->","yoast_head_json":{"title":"Czy Ty jeste\u015b Tym, kt\u00f3ry ma przyj\u015b\u0107?... - Gaudium Et Spes","robots":{"index":"index","follow":"follow","max-snippet":"max-snippet:-1","max-image-preview":"max-image-preview:large","max-video-preview":"max-video-preview:-1"},"canonical":"https:\/\/gaudiumetspes-blog.pl\/index.php\/2011\/12\/14\/czy-ty-jestes-tym-ktory-ma-przyjsc\/","og_locale":"pl_PL","og_type":"article","og_title":"Czy Ty jeste\u015b Tym, kt\u00f3ry ma przyj\u015b\u0107?... - Gaudium Et Spes","og_description":"Szcz\u0119\u015b\u0107 Bo\u017ce! Dzisiaj troch\u0119 o cierpliwo\u015bci w dzia\u0142aniu i&#8230; w czekaniu na owoce! &nbsp;&nbsp;&nbsp;&nbsp;&nbsp;&nbsp;&nbsp;&nbsp;&nbsp;&nbsp; Gaudium et spes!&nbsp; Ks. Jacek Wspomnienie \u015aw. Jana od Krzy\u017ca, Kap\u0142ana i Doktora Ko\u015bcio\u0142a, do czyta\u0144:&nbsp; Iz 45,6b\u20138.18.21b\u201325;&nbsp; \u0141k 7,18b\u201323 Nasz dzisiejszy Patron, \u015awi\u0119ty Jan, urodzi\u0142 si\u0119 oko\u0142o roku 1542 w Fontivera w Hiszpanii. Wst\u0105pi\u0142 do zakonu karmelit\u00f3w, a w roku [&hellip;]","og_url":"https:\/\/gaudiumetspes-blog.pl\/index.php\/2011\/12\/14\/czy-ty-jestes-tym-ktory-ma-przyjsc\/","og_site_name":"Gaudium Et Spes","article_published_time":"2011-12-14T06:57:00+00:00","article_modified_time":"2019-07-31T10:52:50+00:00","author":"Ks. Jacek","twitter_card":"summary_large_image","twitter_misc":{"Napisane przez":"Ks. Jacek","Szacowany czas czytania":"4 minuty"},"schema":{"@context":"https:\/\/schema.org","@graph":[{"@type":"WebPage","@id":"https:\/\/gaudiumetspes-blog.pl\/index.php\/2011\/12\/14\/czy-ty-jestes-tym-ktory-ma-przyjsc\/","url":"https:\/\/gaudiumetspes-blog.pl\/index.php\/2011\/12\/14\/czy-ty-jestes-tym-ktory-ma-przyjsc\/","name":"Czy Ty jeste\u015b Tym, kt\u00f3ry ma przyj\u015b\u0107?... - Gaudium Et Spes","isPartOf":{"@id":"https:\/\/gaudiumetspes-blog.pl\/#website"},"datePublished":"2011-12-14T06:57:00+00:00","dateModified":"2019-07-31T10:52:50+00:00","author":{"@id":"https:\/\/gaudiumetspes-blog.pl\/#\/schema\/person\/1661982992b752dea8dff0d4ed845a65"},"breadcrumb":{"@id":"https:\/\/gaudiumetspes-blog.pl\/index.php\/2011\/12\/14\/czy-ty-jestes-tym-ktory-ma-przyjsc\/#breadcrumb"},"inLanguage":"pl-PL","potentialAction":[{"@type":"ReadAction","target":["https:\/\/gaudiumetspes-blog.pl\/index.php\/2011\/12\/14\/czy-ty-jestes-tym-ktory-ma-przyjsc\/"]}]},{"@type":"BreadcrumbList","@id":"https:\/\/gaudiumetspes-blog.pl\/index.php\/2011\/12\/14\/czy-ty-jestes-tym-ktory-ma-przyjsc\/#breadcrumb","itemListElement":[{"@type":"ListItem","position":1,"name":"Strona g\u0142\u00f3wna","item":"https:\/\/gaudiumetspes-blog.pl\/"},{"@type":"ListItem","position":2,"name":"Czy&nbsp;Ty jeste\u015b Tym, kt\u00f3ry&nbsp;ma przyj\u015b\u0107?&#8230;"}]},{"@type":"WebSite","@id":"https:\/\/gaudiumetspes-blog.pl\/#website","url":"https:\/\/gaudiumetspes-blog.pl\/","name":"Gaudium Et Spes","description":"Blog Ks. Jacka Ja\u015bkowskiego","potentialAction":[{"@type":"SearchAction","target":{"@type":"EntryPoint","urlTemplate":"https:\/\/gaudiumetspes-blog.pl\/?s={search_term_string}"},"query-input":{"@type":"PropertyValueSpecification","valueRequired":true,"valueName":"search_term_string"}}],"inLanguage":"pl-PL"},{"@type":"Person","@id":"https:\/\/gaudiumetspes-blog.pl\/#\/schema\/person\/1661982992b752dea8dff0d4ed845a65","name":"Ks. Jacek","image":{"@type":"ImageObject","inLanguage":"pl-PL","@id":"https:\/\/gaudiumetspes-blog.pl\/#\/schema\/person\/image\/","url":"https:\/\/gaudiumetspes-blog.pl\/wp-content\/uploads\/2019\/07\/avatar-JJ-150x150.jpg","contentUrl":"https:\/\/gaudiumetspes-blog.pl\/wp-content\/uploads\/2019\/07\/avatar-JJ-150x150.jpg","caption":"Ks. Jacek"},"description":"Witam serdecznie! K\u0142ania si\u0119 Ks. Jacek Ja\u015bkowski. Nie jestem ani kim\u015b wa\u017cnym, ani kim\u015b znanym. Jestem ksi\u0119dzem, kt\u00f3ry po prostu chce rozmawia\u0107. Codzienna kap\u0142a\u0144ska pos\u0142uga pokazuje mi, \u017ce temat\u00f3w do rozm\u00f3w z ksi\u0119dzem jest coraz wi\u0119cej i dzisiaj \u017caden ksi\u0105dz nie mo\u017ce od nich ucieka\u0107, ale - wprost przeciwnie - podejmowa\u0107 nowe wyzwania. To przekonanie sk\u0142oni\u0142o mnie do pr\u00f3by otwarcia tego\u017c bloga, chocia\u017c okazji do rozm\u00f3w na co dzie\u0144 - w konfesjonale i poza nim - na szcz\u0119\u015bcie nie brakuje. My\u015bl\u0119 jednak, \u017ce ten blog b\u0119dzie jeszcze jednym sposobem i przestrzeni\u0105 nawi\u0105zania kontaktu z lud\u017ami dobrej woli, otwartymi na dialog.","url":"https:\/\/gaudiumetspes-blog.pl\/index.php\/author\/ks-jacek\/"}]}},"jetpack_featured_media_url":"","jetpack_sharing_enabled":true,"_links":{"self":[{"href":"https:\/\/gaudiumetspes-blog.pl\/index.php\/wp-json\/wp\/v2\/posts\/9642","targetHints":{"allow":["GET"]}}],"collection":[{"href":"https:\/\/gaudiumetspes-blog.pl\/index.php\/wp-json\/wp\/v2\/posts"}],"about":[{"href":"https:\/\/gaudiumetspes-blog.pl\/index.php\/wp-json\/wp\/v2\/types\/post"}],"author":[{"embeddable":true,"href":"https:\/\/gaudiumetspes-blog.pl\/index.php\/wp-json\/wp\/v2\/users\/1"}],"replies":[{"embeddable":true,"href":"https:\/\/gaudiumetspes-blog.pl\/index.php\/wp-json\/wp\/v2\/comments?post=9642"}],"version-history":[{"count":1,"href":"https:\/\/gaudiumetspes-blog.pl\/index.php\/wp-json\/wp\/v2\/posts\/9642\/revisions"}],"predecessor-version":[{"id":10441,"href":"https:\/\/gaudiumetspes-blog.pl\/index.php\/wp-json\/wp\/v2\/posts\/9642\/revisions\/10441"}],"wp:attachment":[{"href":"https:\/\/gaudiumetspes-blog.pl\/index.php\/wp-json\/wp\/v2\/media?parent=9642"}],"wp:term":[{"taxonomy":"category","embeddable":true,"href":"https:\/\/gaudiumetspes-blog.pl\/index.php\/wp-json\/wp\/v2\/categories?post=9642"},{"taxonomy":"post_tag","embeddable":true,"href":"https:\/\/gaudiumetspes-blog.pl\/index.php\/wp-json\/wp\/v2\/tags?post=9642"}],"curies":[{"name":"wp","href":"https:\/\/api.w.org\/{rel}","templated":true}]}}