{"id":9658,"date":"2011-11-28T07:00:00","date_gmt":"2011-11-28T06:00:00","guid":{"rendered":"https:\/\/gaudiumetspes-blog.pl\/index.php\/2011\/11\/28\/panie-powiedz-tylko-sowo\/"},"modified":"2019-07-31T12:52:49","modified_gmt":"2019-07-31T10:52:49","slug":"panie-powiedz-tylko-sowo","status":"publish","type":"post","link":"https:\/\/gaudiumetspes-blog.pl\/index.php\/2011\/11\/28\/panie-powiedz-tylko-sowo\/","title":{"rendered":"Panie, powiedz tylko s\u0142owo&#8230;"},"content":{"rendered":"<p><\/p>\n<div class=\"MsoNormal\" style=\"text-align: justify;\">Szcz\u0119\u015b\u0107 Bo\u017ce! Uff, ale mam czas gor\u0105cy. Wczoraj od 5.00 do 23.00 ci\u0105gle co\u015b si\u0119 dzia\u0142o. Dlatego znowu &#8211; tylko czytam wpisy, ale odpowiem w wolniejszej chwili. Dzi\u015b odprawi\u0142em pierwsze swoje roraty w Celestynowie. B\u0119d\u0119 je odprawia\u0142 przez ca\u0142y Adwent. Mia\u0142em z jednym ze swoich Lektor\u00f3w, Arturem Strze\u017cyszem,&nbsp; przygotowany program na kazanie &#8211; ten program zamierzamy ci\u0105gn\u0105\u0107 przez wszystkie roratnie spotkania. Niestety, dzisiaj od rana nad Celestynowem wiej\u0105 silne wiatry, kt\u00f3re zapewne przestraszy\u0142y dzieci &#8211; i by\u0142o ich pi\u0119cioro. Dlatego jutro spr\u00f3bujemy wystartowa\u0107 z tym naszym zaplanowanym dzie\u0142em. Jest to program na ka\u017cdy dzie\u0144, u\u0142o\u017cony w oparciu o \u017cycie i \u015bwiadectwo \u015bwi\u0119to\u015bci Jana Paw\u0142a II. My\u015bl\u0119, \u017ce to do\u015b\u0107 dobry pomys\u0142.<\/div>\n<div class=\"MsoNormal\" style=\"text-align: justify;\"><b>&nbsp;&nbsp;&nbsp;&nbsp;&nbsp;&nbsp;&nbsp;&nbsp; <\/b>Zach\u0119cam wszystkich, Kochani, do tego, by\u015bmy jednak dzisiaj wystartowali z nasz\u0105 adwentow\u0105 prac\u0105 nad sob\u0105 &#8211; o ile kto\u015b tego nie uczyni\u0142 wczoraj. Dobrego dnia &#8211; i b\u0142ogos\u0142awionego Adwentu!<\/div>\n<div class=\"MsoNormal\" style=\"text-align: justify;\">&nbsp;&nbsp;&nbsp;&nbsp;&nbsp;&nbsp;&nbsp;&nbsp;&nbsp;&nbsp;&nbsp;&nbsp;&nbsp;&nbsp; Gaudium et spes!&nbsp; Ks. Jacek<b><br \/>\n<\/b><\/div>\n<div class=\"MsoNormal\" style=\"text-align: justify;\">\n<\/div>\n<div class=\"MsoNormal\" style=\"text-align: justify;\"><b>Poniedzia\u0142ek 1 tygodnia Adwentu,<\/b><\/div>\n<p><b> <\/b><\/p>\n<div class=\"MsoNormal\" style=\"text-align: justify;\"><b> <\/b><\/div>\n<div class=\"MsoNormal\" style=\"text-align: justify;\"><b style=\"mso-bidi-font-weight: normal;\">do czyta\u0144:&nbsp; Iz 2,1\u20135;&nbsp; Mt 8,5\u201311<\/b><\/div>\n<div class=\"MsoNormal\" style=\"text-align: justify;\">\n<\/div>\n<div class=\"MsoNormal\" style=\"text-align: justify; text-indent: 35.4pt;\">Zaprawd\u0119, pi\u0119kn\u0105 wizj\u0119 zawiera w sobie Proroctwo Izajasza, kt\u00f3rego fragmentu wys\u0142uchali\u015bmy w pierwszym dzisiejszym czytaniu. Jest to <b style=\"mso-bidi-font-weight: normal;\">wizja powszechnego nawr\u00f3cenia lud\u00f3w i narod\u00f3w.<\/b> Kiedy tak s\u0142uchamy tych przepi\u0119knych s\u0142\u00f3w o g\u00f3rze \u015bwi\u0105tyni Pana, kt\u00f3ra <b style=\"mso-bidi-font-weight: normal;\"><i style=\"mso-bidi-font-style: normal;\">stanie mocno na wierzchu g\u00f3r i wystrzeli ponad pag\u00f3rki<\/i>,<\/b> a <b style=\"mso-bidi-font-weight: normal;\"><i style=\"mso-bidi-font-style: normal;\">wszystkie narody do niej pop\u0142yn\u0105<\/i>,<\/b> w\u00f3wczas zapewne nasuwa nam si\u0119 <b style=\"mso-bidi-font-weight: normal;\">skojarzenie z wie\u017c\u0105 Babel,<\/b> kiedy to ludzie zapragn\u0119li ju\u017c zjednoczy\u0107 si\u0119 i zebra\u0107 razem wszystkie narody. I w sumie w tym ich d\u0105\u017ceniu nie by\u0142oby nic z\u0142ego, gdyby nie to, \u017ce <b style=\"mso-bidi-font-weight: normal;\">chcieli to robi\u0107 bez Boga! Chcieli jednoczy\u0107 si\u0119 sami, a tym, co mia\u0142oby stanowi\u0107 o owej dziwnej jedno\u015bci mia\u0142a by\u0107 ich pycha, poczucie w\u0142adzy, poczucie dziwnej samodzielno\u015bci.<\/b> <\/div>\n<div class=\"MsoNormal\" style=\"text-align: justify; text-indent: 35.4pt;\">Zreszt\u0105, ta pokusa, by <b style=\"mso-bidi-font-weight: normal;\">by\u0107 jak B\u00f3g i by poradzi\u0107 sobie \u201ejako\u015b\u201d bez Boga<\/b> towarzyszy ludziom od pocz\u0105tku. I nie trzeba wielkiego znawstwa historii czy teologii, aby si\u0119 przekona\u0107, ile\u017c to nieszcz\u0119\u015b\u0107, ile\u017c to b\u00f3lu, <b style=\"mso-bidi-font-weight: normal;\">ile\u017c to ludzkich dramat\u00f3w i zagubienia spowodowa\u0142y tego typu ludzkie d\u0105\u017cenia!<\/b> Kiedy jednak sprawc\u0105 jedno\u015bci i jej \u017ar\u00f3d\u0142em jest sam B\u00f3g, wtedy mamy do czynienia z tak\u0105 oto sytuacj\u0105, o kt\u00f3rej Prorok m\u00f3wi, i\u017c <b style=\"mso-bidi-font-weight: normal;\"><i style=\"mso-bidi-font-style: normal;\">wtedy swe miecze przekuj\u0105 na lemiesze, a swoje w\u0142\u00f3cznie na sierpy. Nar\u00f3d przeciw narodowi nie podniesie miecza, nie b\u0119d\u0105 si\u0119 wi\u0119cej zaprawia\u0107 do wojny<\/i><\/b>. <\/div>\n<div class=\"MsoNormal\" style=\"text-align: justify; text-indent: 35.4pt;\">Takie samo zjednoczenie lud\u00f3w i narod\u00f3w w Kr\u00f3lestwie Niebieskim Jezus zapowiada dzisiaj w Ewangelii, gdy m\u00f3wi: <b style=\"mso-bidi-font-weight: normal;\"><i style=\"mso-bidi-font-style: normal;\">Wielu przyjdzie ze Wschodu i Zachodu i zasi\u0105d\u0105 do sto\u0142u z Abrahamem, Izaakiem i Jakubem<\/i><\/b>\u2026 Kochani, c\u00f3\u017c trzeba zrobi\u0107, aby zaliczy\u0107 si\u0119 do tych \u201ewielu\u201d? <\/div>\n<div class=\"MsoNormal\" style=\"text-align: justify; text-indent: 35.4pt;\">To oczywiste, trzeba <b style=\"mso-bidi-font-weight: normal;\">zachwyci\u0107 Jezusa swoj\u0105 wiar\u0105<\/b> w ten spos\u00f3b, w jaki uczyni\u0142 to setnik z dzisiejszej Ewangelii. A \u017ceby to si\u0119 mog\u0142o sta\u0107, to znaczy \u2013 \u017ceby m\u00f3c Jezusa naprawd\u0119 zachwyci\u0107, <b style=\"mso-bidi-font-weight: normal;\">wbrew pozorom wcale nie trzeba a\u017c tak wiele!<\/b> Potrzeba troch\u0119 szczerego serca <b style=\"mso-bidi-font-weight: normal;\">i takiej dzieci\u0119cej ufno\u015bci,<\/b> \u017ce Pan pomo\u017ce, \u017ce On znajdzie rozwi\u0105zanie moich problem\u00f3w, \u017ce On poda r\u0119k\u0119, \u017ce On sam wie najlepiej, jak mi pom\u00f3c. Zanim ja znajd\u0119 rozwi\u0105zanie swoich dylemat\u00f3w i swoich spraw \u2013 <b style=\"mso-bidi-font-weight: normal;\">Pan uczyni to pierwszy i uczyni to lepiej<\/b>\u2026 Na pewno lepiej, ni\u017c ja bym to uczyni\u0142 i na pewno lepiej, ni\u017c uczyni\u0105 to moi znajomi i doradcy, kt\u00f3rych w trudnych sytuacjach zwykle ko\u0142o mnie nie brakuje i kt\u00f3rzy maj\u0105 zawsze du\u017co do powiedzenia, tylko <b style=\"mso-bidi-font-weight: normal;\">cz\u0119sto te ich porady prowadz\u0105 gdzie\u015b na boczne drogi<\/b>\u2026 <\/div>\n<div class=\"MsoNormal\" style=\"text-align: justify; text-indent: 35.4pt;\">Jezus chce nam pom\u00f3c, <b style=\"mso-bidi-font-weight: normal;\">On sam chce nas zjednoczy\u0107 wok\u00f3\u0142 siebie, On sam chce nas zjednoczy\u0107 z naszymi bliskimi<\/b> \u2013 w rodzinie, w s\u0105siedztwie, w miejscu pracy\u2026 I je\u017celi ow\u0105 jedno\u015b\u0107 b\u0119dziemy budowali na Jego zasadach, stanie si\u0119 ona <b style=\"mso-bidi-font-weight: normal;\">prawdziwa, skuteczna i trwa\u0142a.<\/b> Je\u017celi jednak zwyci\u0119\u017cy w nas <b style=\"mso-bidi-font-weight: normal;\">pokusa poradzenia sobie samemu,<\/b> w\u00f3wczas sko\u0144czy si\u0119 to\u2026 wiemy, jak! <\/div>\n<div class=\"MsoNormal\" style=\"text-align: justify; text-indent: 35.4pt;\">Niech wi\u0119c ten kolejny w naszym \u017cyciu Adwent stanie si\u0119 czasem, w kt\u00f3rym ponownie <b style=\"mso-bidi-font-weight: normal;\">podejmiemy pr\u00f3b\u0119 wyciszania naszych ludzkich niezdrowych ambicji, podszywanych pych\u0105,<\/b> a od setnika nauczymy si\u0119 wypowiadania z wielk\u0105 pokor\u0105 i totalnych zaufaniem tych jego s\u0142\u00f3w: <b style=\"mso-bidi-font-weight: normal;\"><i style=\"mso-bidi-font-style: normal;\">Panie, nie jestem godzien<\/i><\/b>\u2026 <b style=\"mso-bidi-font-weight: normal;\"><i style=\"mso-bidi-font-style: normal;\">Ale powiedz tylko s\u0142owo<\/i><\/b>\u2026 <b style=\"mso-bidi-font-weight: normal;\">Tak, Panie, powiedz tylko s\u0142owo<\/b>\u2026 I ucz nas takiej \u2013w\u0142a\u015bciwie pojmowanej \u2013 <b style=\"mso-bidi-font-weight: normal;\">\u201e\u015bwi\u0119tej bezradno\u015bci\u201d,<\/b> kt\u00f3ra doprowadzi nas do zupe\u0142nego zdania si\u0119 we wszystkim na Twoj\u0105 pomoc\u2026<\/div>\n<div class=\"MsoNormal\" style=\"text-align: justify;\">&nbsp;&nbsp;&nbsp;&nbsp;&nbsp;&nbsp;&nbsp;&nbsp;&nbsp;&nbsp;&nbsp; Zastan\u00f3wmy si\u0119 w ciszy serc:<\/div>\n<div class=\"MsoNormal\" style=\"margin-left: 36.0pt; mso-list: l0 level1 lfo1; tab-stops: list 36.0pt; text-align: justify; text-indent: -18.0pt;\">\u00b7&nbsp;&nbsp;&nbsp;&nbsp;&nbsp;&nbsp;&nbsp; Jak cz\u0119sto z tak\u0105 pokor\u0105 i zaufaniem odnosz\u0119 si\u0119 do Jezusa?<\/div>\n<div class=\"MsoNormal\" style=\"margin-left: 36.0pt; mso-list: l0 level1 lfo1; tab-stops: list 36.0pt; text-align: justify; text-indent: -18.0pt;\">\u00b7&nbsp;&nbsp;&nbsp;&nbsp;&nbsp;&nbsp;&nbsp; A jak cz\u0119sto zwyci\u0119\u017ca we mnie pokusa, \u017ceby sobie samemu ze wszystkim poradzi\u0107?<\/div>\n<div class=\"MsoNormal\" style=\"margin-left: 36.0pt; mso-list: l0 level1 lfo1; tab-stops: list 36.0pt; text-align: justify; text-indent: -18.0pt;\">\u00b7&nbsp;&nbsp;&nbsp;&nbsp;&nbsp;&nbsp;&nbsp; Czy nie pr\u00f3buj\u0119 budowa\u0107 jedno\u015bci pomi\u0119dzy lud\u017ami wok\u00f3\u0142 swojej osoby?<\/div>\n<div class=\"MsoNormal\" style=\"text-align: justify;\">\n<\/div>\n<div class=\"MsoNormal\" style=\"text-align: justify;\"><b style=\"mso-bidi-font-weight: normal;\"><i style=\"mso-bidi-font-style: normal;\">Zaprawd\u0119, powiadam wam<\/i><\/b><b style=\"mso-bidi-font-weight: normal;\">: <i style=\"mso-bidi-font-style: normal;\">U nikogo w Izraelu nie znalaz\u0142em tak wielkiej wiary<\/i>!<\/b><\/div>\n","protected":false},"excerpt":{"rendered":"<p>Szcz\u0119\u015b\u0107 Bo\u017ce! Uff, ale mam czas gor\u0105cy. Wczoraj od 5.00 do 23.00 ci\u0105gle co\u015b si\u0119 dzia\u0142o. Dlatego znowu &#8211; tylko czytam wpisy, ale odpowiem w wolniejszej chwili. Dzi\u015b odprawi\u0142em pierwsze swoje roraty w Celestynowie. B\u0119d\u0119 je odprawia\u0142 przez ca\u0142y Adwent. Mia\u0142em z jednym ze swoich Lektor\u00f3w, Arturem Strze\u017cyszem,&nbsp; przygotowany program na kazanie &#8211; ten program [&hellip;]<\/p>\n","protected":false},"author":1,"featured_media":0,"comment_status":"open","ping_status":"open","sticky":false,"template":"","format":"standard","meta":{"jetpack_post_was_ever_published":false,"_jetpack_newsletter_access":"","_jetpack_dont_email_post_to_subs":false,"_jetpack_newsletter_tier_id":0,"_jetpack_memberships_contains_paywalled_content":false,"_jetpack_memberships_contains_paid_content":false,"footnotes":""},"categories":[1],"tags":[],"class_list":["post-9658","post","type-post","status-publish","format-standard","hentry","category-bez-kategorii"],"yoast_head":"<!-- This site is optimized with the Yoast SEO plugin v25.1 - https:\/\/yoast.com\/wordpress\/plugins\/seo\/ -->\n<title>Panie, powiedz tylko s\u0142owo... - Gaudium Et Spes<\/title>\n<meta name=\"robots\" content=\"index, follow, max-snippet:-1, max-image-preview:large, max-video-preview:-1\" \/>\n<link rel=\"canonical\" href=\"https:\/\/gaudiumetspes-blog.pl\/index.php\/2011\/11\/28\/panie-powiedz-tylko-sowo\/\" \/>\n<meta property=\"og:locale\" content=\"pl_PL\" \/>\n<meta property=\"og:type\" content=\"article\" \/>\n<meta property=\"og:title\" content=\"Panie, powiedz tylko s\u0142owo... - Gaudium Et Spes\" \/>\n<meta property=\"og:description\" content=\"Szcz\u0119\u015b\u0107 Bo\u017ce! Uff, ale mam czas gor\u0105cy. Wczoraj od 5.00 do 23.00 ci\u0105gle co\u015b si\u0119 dzia\u0142o. Dlatego znowu &#8211; tylko czytam wpisy, ale odpowiem w wolniejszej chwili. Dzi\u015b odprawi\u0142em pierwsze swoje roraty w Celestynowie. B\u0119d\u0119 je odprawia\u0142 przez ca\u0142y Adwent. Mia\u0142em z jednym ze swoich Lektor\u00f3w, Arturem Strze\u017cyszem,&nbsp; przygotowany program na kazanie &#8211; ten program [&hellip;]\" \/>\n<meta property=\"og:url\" content=\"https:\/\/gaudiumetspes-blog.pl\/index.php\/2011\/11\/28\/panie-powiedz-tylko-sowo\/\" \/>\n<meta property=\"og:site_name\" content=\"Gaudium Et Spes\" \/>\n<meta property=\"article:published_time\" content=\"2011-11-28T06:00:00+00:00\" \/>\n<meta property=\"article:modified_time\" content=\"2019-07-31T10:52:49+00:00\" \/>\n<meta name=\"author\" content=\"Ks. Jacek\" \/>\n<meta name=\"twitter:card\" content=\"summary_large_image\" \/>\n<meta name=\"twitter:label1\" content=\"Napisane przez\" \/>\n\t<meta name=\"twitter:data1\" content=\"Ks. Jacek\" \/>\n\t<meta name=\"twitter:label2\" content=\"Szacowany czas czytania\" \/>\n\t<meta name=\"twitter:data2\" content=\"4 minuty\" \/>\n<script type=\"application\/ld+json\" class=\"yoast-schema-graph\">{\"@context\":\"https:\/\/schema.org\",\"@graph\":[{\"@type\":\"WebPage\",\"@id\":\"https:\/\/gaudiumetspes-blog.pl\/index.php\/2011\/11\/28\/panie-powiedz-tylko-sowo\/\",\"url\":\"https:\/\/gaudiumetspes-blog.pl\/index.php\/2011\/11\/28\/panie-powiedz-tylko-sowo\/\",\"name\":\"Panie, powiedz tylko s\u0142owo... - Gaudium Et Spes\",\"isPartOf\":{\"@id\":\"https:\/\/gaudiumetspes-blog.pl\/#website\"},\"datePublished\":\"2011-11-28T06:00:00+00:00\",\"dateModified\":\"2019-07-31T10:52:49+00:00\",\"author\":{\"@id\":\"https:\/\/gaudiumetspes-blog.pl\/#\/schema\/person\/1661982992b752dea8dff0d4ed845a65\"},\"breadcrumb\":{\"@id\":\"https:\/\/gaudiumetspes-blog.pl\/index.php\/2011\/11\/28\/panie-powiedz-tylko-sowo\/#breadcrumb\"},\"inLanguage\":\"pl-PL\",\"potentialAction\":[{\"@type\":\"ReadAction\",\"target\":[\"https:\/\/gaudiumetspes-blog.pl\/index.php\/2011\/11\/28\/panie-powiedz-tylko-sowo\/\"]}]},{\"@type\":\"BreadcrumbList\",\"@id\":\"https:\/\/gaudiumetspes-blog.pl\/index.php\/2011\/11\/28\/panie-powiedz-tylko-sowo\/#breadcrumb\",\"itemListElement\":[{\"@type\":\"ListItem\",\"position\":1,\"name\":\"Strona g\u0142\u00f3wna\",\"item\":\"https:\/\/gaudiumetspes-blog.pl\/\"},{\"@type\":\"ListItem\",\"position\":2,\"name\":\"Panie, powiedz tylko&nbsp;s\u0142owo&#8230;\"}]},{\"@type\":\"WebSite\",\"@id\":\"https:\/\/gaudiumetspes-blog.pl\/#website\",\"url\":\"https:\/\/gaudiumetspes-blog.pl\/\",\"name\":\"Gaudium Et Spes\",\"description\":\"Blog Ks. Jacka Ja\u015bkowskiego\",\"potentialAction\":[{\"@type\":\"SearchAction\",\"target\":{\"@type\":\"EntryPoint\",\"urlTemplate\":\"https:\/\/gaudiumetspes-blog.pl\/?s={search_term_string}\"},\"query-input\":{\"@type\":\"PropertyValueSpecification\",\"valueRequired\":true,\"valueName\":\"search_term_string\"}}],\"inLanguage\":\"pl-PL\"},{\"@type\":\"Person\",\"@id\":\"https:\/\/gaudiumetspes-blog.pl\/#\/schema\/person\/1661982992b752dea8dff0d4ed845a65\",\"name\":\"Ks. Jacek\",\"image\":{\"@type\":\"ImageObject\",\"inLanguage\":\"pl-PL\",\"@id\":\"https:\/\/gaudiumetspes-blog.pl\/#\/schema\/person\/image\/\",\"url\":\"https:\/\/gaudiumetspes-blog.pl\/wp-content\/uploads\/2019\/07\/avatar-JJ-150x150.jpg\",\"contentUrl\":\"https:\/\/gaudiumetspes-blog.pl\/wp-content\/uploads\/2019\/07\/avatar-JJ-150x150.jpg\",\"caption\":\"Ks. Jacek\"},\"description\":\"Witam serdecznie! K\u0142ania si\u0119 Ks. Jacek Ja\u015bkowski. Nie jestem ani kim\u015b wa\u017cnym, ani kim\u015b znanym. Jestem ksi\u0119dzem, kt\u00f3ry po prostu chce rozmawia\u0107. Codzienna kap\u0142a\u0144ska pos\u0142uga pokazuje mi, \u017ce temat\u00f3w do rozm\u00f3w z ksi\u0119dzem jest coraz wi\u0119cej i dzisiaj \u017caden ksi\u0105dz nie mo\u017ce od nich ucieka\u0107, ale - wprost przeciwnie - podejmowa\u0107 nowe wyzwania. To przekonanie sk\u0142oni\u0142o mnie do pr\u00f3by otwarcia tego\u017c bloga, chocia\u017c okazji do rozm\u00f3w na co dzie\u0144 - w konfesjonale i poza nim - na szcz\u0119\u015bcie nie brakuje. My\u015bl\u0119 jednak, \u017ce ten blog b\u0119dzie jeszcze jednym sposobem i przestrzeni\u0105 nawi\u0105zania kontaktu z lud\u017ami dobrej woli, otwartymi na dialog.\",\"url\":\"https:\/\/gaudiumetspes-blog.pl\/index.php\/author\/ks-jacek\/\"}]}<\/script>\n<!-- \/ Yoast SEO plugin. -->","yoast_head_json":{"title":"Panie, powiedz tylko s\u0142owo... - Gaudium Et Spes","robots":{"index":"index","follow":"follow","max-snippet":"max-snippet:-1","max-image-preview":"max-image-preview:large","max-video-preview":"max-video-preview:-1"},"canonical":"https:\/\/gaudiumetspes-blog.pl\/index.php\/2011\/11\/28\/panie-powiedz-tylko-sowo\/","og_locale":"pl_PL","og_type":"article","og_title":"Panie, powiedz tylko s\u0142owo... - Gaudium Et Spes","og_description":"Szcz\u0119\u015b\u0107 Bo\u017ce! Uff, ale mam czas gor\u0105cy. Wczoraj od 5.00 do 23.00 ci\u0105gle co\u015b si\u0119 dzia\u0142o. Dlatego znowu &#8211; tylko czytam wpisy, ale odpowiem w wolniejszej chwili. Dzi\u015b odprawi\u0142em pierwsze swoje roraty w Celestynowie. B\u0119d\u0119 je odprawia\u0142 przez ca\u0142y Adwent. Mia\u0142em z jednym ze swoich Lektor\u00f3w, Arturem Strze\u017cyszem,&nbsp; przygotowany program na kazanie &#8211; ten program [&hellip;]","og_url":"https:\/\/gaudiumetspes-blog.pl\/index.php\/2011\/11\/28\/panie-powiedz-tylko-sowo\/","og_site_name":"Gaudium Et Spes","article_published_time":"2011-11-28T06:00:00+00:00","article_modified_time":"2019-07-31T10:52:49+00:00","author":"Ks. Jacek","twitter_card":"summary_large_image","twitter_misc":{"Napisane przez":"Ks. Jacek","Szacowany czas czytania":"4 minuty"},"schema":{"@context":"https:\/\/schema.org","@graph":[{"@type":"WebPage","@id":"https:\/\/gaudiumetspes-blog.pl\/index.php\/2011\/11\/28\/panie-powiedz-tylko-sowo\/","url":"https:\/\/gaudiumetspes-blog.pl\/index.php\/2011\/11\/28\/panie-powiedz-tylko-sowo\/","name":"Panie, powiedz tylko s\u0142owo... - Gaudium Et Spes","isPartOf":{"@id":"https:\/\/gaudiumetspes-blog.pl\/#website"},"datePublished":"2011-11-28T06:00:00+00:00","dateModified":"2019-07-31T10:52:49+00:00","author":{"@id":"https:\/\/gaudiumetspes-blog.pl\/#\/schema\/person\/1661982992b752dea8dff0d4ed845a65"},"breadcrumb":{"@id":"https:\/\/gaudiumetspes-blog.pl\/index.php\/2011\/11\/28\/panie-powiedz-tylko-sowo\/#breadcrumb"},"inLanguage":"pl-PL","potentialAction":[{"@type":"ReadAction","target":["https:\/\/gaudiumetspes-blog.pl\/index.php\/2011\/11\/28\/panie-powiedz-tylko-sowo\/"]}]},{"@type":"BreadcrumbList","@id":"https:\/\/gaudiumetspes-blog.pl\/index.php\/2011\/11\/28\/panie-powiedz-tylko-sowo\/#breadcrumb","itemListElement":[{"@type":"ListItem","position":1,"name":"Strona g\u0142\u00f3wna","item":"https:\/\/gaudiumetspes-blog.pl\/"},{"@type":"ListItem","position":2,"name":"Panie, powiedz tylko&nbsp;s\u0142owo&#8230;"}]},{"@type":"WebSite","@id":"https:\/\/gaudiumetspes-blog.pl\/#website","url":"https:\/\/gaudiumetspes-blog.pl\/","name":"Gaudium Et Spes","description":"Blog Ks. Jacka Ja\u015bkowskiego","potentialAction":[{"@type":"SearchAction","target":{"@type":"EntryPoint","urlTemplate":"https:\/\/gaudiumetspes-blog.pl\/?s={search_term_string}"},"query-input":{"@type":"PropertyValueSpecification","valueRequired":true,"valueName":"search_term_string"}}],"inLanguage":"pl-PL"},{"@type":"Person","@id":"https:\/\/gaudiumetspes-blog.pl\/#\/schema\/person\/1661982992b752dea8dff0d4ed845a65","name":"Ks. Jacek","image":{"@type":"ImageObject","inLanguage":"pl-PL","@id":"https:\/\/gaudiumetspes-blog.pl\/#\/schema\/person\/image\/","url":"https:\/\/gaudiumetspes-blog.pl\/wp-content\/uploads\/2019\/07\/avatar-JJ-150x150.jpg","contentUrl":"https:\/\/gaudiumetspes-blog.pl\/wp-content\/uploads\/2019\/07\/avatar-JJ-150x150.jpg","caption":"Ks. Jacek"},"description":"Witam serdecznie! K\u0142ania si\u0119 Ks. Jacek Ja\u015bkowski. Nie jestem ani kim\u015b wa\u017cnym, ani kim\u015b znanym. Jestem ksi\u0119dzem, kt\u00f3ry po prostu chce rozmawia\u0107. Codzienna kap\u0142a\u0144ska pos\u0142uga pokazuje mi, \u017ce temat\u00f3w do rozm\u00f3w z ksi\u0119dzem jest coraz wi\u0119cej i dzisiaj \u017caden ksi\u0105dz nie mo\u017ce od nich ucieka\u0107, ale - wprost przeciwnie - podejmowa\u0107 nowe wyzwania. To przekonanie sk\u0142oni\u0142o mnie do pr\u00f3by otwarcia tego\u017c bloga, chocia\u017c okazji do rozm\u00f3w na co dzie\u0144 - w konfesjonale i poza nim - na szcz\u0119\u015bcie nie brakuje. My\u015bl\u0119 jednak, \u017ce ten blog b\u0119dzie jeszcze jednym sposobem i przestrzeni\u0105 nawi\u0105zania kontaktu z lud\u017ami dobrej woli, otwartymi na dialog.","url":"https:\/\/gaudiumetspes-blog.pl\/index.php\/author\/ks-jacek\/"}]}},"jetpack_featured_media_url":"","jetpack_sharing_enabled":true,"_links":{"self":[{"href":"https:\/\/gaudiumetspes-blog.pl\/index.php\/wp-json\/wp\/v2\/posts\/9658","targetHints":{"allow":["GET"]}}],"collection":[{"href":"https:\/\/gaudiumetspes-blog.pl\/index.php\/wp-json\/wp\/v2\/posts"}],"about":[{"href":"https:\/\/gaudiumetspes-blog.pl\/index.php\/wp-json\/wp\/v2\/types\/post"}],"author":[{"embeddable":true,"href":"https:\/\/gaudiumetspes-blog.pl\/index.php\/wp-json\/wp\/v2\/users\/1"}],"replies":[{"embeddable":true,"href":"https:\/\/gaudiumetspes-blog.pl\/index.php\/wp-json\/wp\/v2\/comments?post=9658"}],"version-history":[{"count":1,"href":"https:\/\/gaudiumetspes-blog.pl\/index.php\/wp-json\/wp\/v2\/posts\/9658\/revisions"}],"predecessor-version":[{"id":10425,"href":"https:\/\/gaudiumetspes-blog.pl\/index.php\/wp-json\/wp\/v2\/posts\/9658\/revisions\/10425"}],"wp:attachment":[{"href":"https:\/\/gaudiumetspes-blog.pl\/index.php\/wp-json\/wp\/v2\/media?parent=9658"}],"wp:term":[{"taxonomy":"category","embeddable":true,"href":"https:\/\/gaudiumetspes-blog.pl\/index.php\/wp-json\/wp\/v2\/categories?post=9658"},{"taxonomy":"post_tag","embeddable":true,"href":"https:\/\/gaudiumetspes-blog.pl\/index.php\/wp-json\/wp\/v2\/tags?post=9658"}],"curies":[{"name":"wp","href":"https:\/\/api.w.org\/{rel}","templated":true}]}}