{"id":9659,"date":"2011-11-27T05:54:00","date_gmt":"2011-11-27T04:54:00","guid":{"rendered":"https:\/\/gaudiumetspes-blog.pl\/index.php\/2011\/11\/27\/czuwajcie-az-pan-przyjdzie\/"},"modified":"2019-07-31T12:52:49","modified_gmt":"2019-07-31T10:52:49","slug":"czuwajcie-az-pan-przyjdzie","status":"publish","type":"post","link":"https:\/\/gaudiumetspes-blog.pl\/index.php\/2011\/11\/27\/czuwajcie-az-pan-przyjdzie\/","title":{"rendered":"Czuwajcie, a\u017c Pan przyjdzie!"},"content":{"rendered":"<p><\/p>\n<div class=\"MsoNormal\" style=\"text-align: justify;\">Niech b\u0119dzie pochwalony Jezus Chrystus! Kochani, rozpoczynamy Adwent &#8211; nowy czas, nowy rok liturgiczny. Z nowym zatem zapa\u0142em zabieramy si\u0119 do pracy nad sob\u0105. Niech Pan nas wszystkich prowadzi przez ten \u015bwi\u0119ty czas!<\/div>\n<div class=\"MsoNormal\" style=\"text-align: justify;\"><b>&nbsp;&nbsp;&nbsp;&nbsp;&nbsp; Niech Was b\u0142ogos\u0142awi B\u00f3g Wszechmog\u0105cy: Ojciec + i Syn, i Duch \u015awi\u0119ty. Amen<\/b><\/div>\n<div class=\"MsoNormal\" style=\"text-align: justify;\"><b>&nbsp;&nbsp;&nbsp;&nbsp;&nbsp;&nbsp;&nbsp;&nbsp;&nbsp;&nbsp;&nbsp;&nbsp;&nbsp;&nbsp;&nbsp;&nbsp; <\/b>Gaudium et spes!&nbsp; Ks. Jacek<b><br \/>\n<\/b><\/div>\n<div class=\"MsoNormal\" style=\"text-align: justify;\">\n<\/div>\n<div class=\"MsoNormal\" style=\"text-align: justify;\"><b>1 Niedziela Adwentu, rok B,<\/b><\/div>\n<div class=\"MsoNormal\" style=\"text-align: justify;\"><b style=\"mso-bidi-font-weight: normal;\">do czyta\u0144:&nbsp; Iz 63,16b\u201317.19b;64,3\u20137;&nbsp; 1 Kor 1,3\u20139;&nbsp; Mk 13,33\u201337<\/b><\/div>\n<div class=\"MsoNormal\" style=\"text-align: justify;\">\n<\/div>\n<div class=\"MsoNormal\" style=\"text-align: justify; text-indent: 35.4pt;\">I tak oto, z niezbadanych wyrok\u00f3w Opatrzno\u015bci Bo\u017cej, przez sta\u0142e nawroty czasu dane nam jest wej\u015b\u0107 \u2013 po raz kolejny w \u017cyciu \u2013 <b>w prze\u017cywanie Adwentu,<\/b> a z nim razem: w prze\u017cywanie nowego roku liturgicznego. <b>Rozpoczynamy Adwent \u2013 czas szczeg\u00f3lny, czas wyj\u0105tkowy, czas bardzo intensywny<\/b>. A Jezus, kt\u00f3ry uczy nas swoim S\u0142owem i wskazuje drog\u0119 do siebie, dzisiaj przychodzi, aby pokierowa\u0107 nas na drogach adwentowej pracy nad sob\u0105. <\/div>\n<div class=\"MsoNormal\" style=\"text-align: justify; text-indent: 35.4pt;\">I to w\u0142a\u015bnie On przychodzi dzisiaj do nas ze swoim bardzo czytelnym poleceniem: <b><i>Uwa\u017cajcie i czuwajcie<\/i><\/b><b style=\"mso-bidi-font-weight: normal;\"><i>. <\/i>[\u2026]<i> Czuwajcie wi\u0119c, bo nie wiecie, kiedy pan domu przyjdzie. <\/i>[\u2026]<i> Co wam m\u00f3wi\u0119, m\u00f3wi\u0119 wszystkim: \u201eCzuwajcie\u201d<\/i>! <\/b>Z wielu kaza\u0144 i homilii, jakie s\u0142yszeli\u015bmy w \u017cyciu, na pewno ju\u017c wiemy, \u017ce <b>czuwanie w rozumieniu ewangelicznym to nie bezczynno\u015b\u0107,<\/b> ale dok\u0142adnie odwrotnie \u2013 to bardzo rzetelna i cierpliwa praca. Ewangeliczny pan, wyje\u017cd\u017caj\u0105c z domu, wyznaczy\u0142 ka\u017cdemu ze swoich s\u0142ug odpowiedni zakres czynno\u015bci, okre\u015blone zadania. I to w\u0142a\u015bnie w ten spos\u00f3b mieli oni czuwa\u0107, wyczekiwa\u0107 jego powrotu. <b>Mieli wype\u0142ni\u0107 zadania, wskazane przez pana, mieli pracowa\u0107<\/b> i co wi\u0119cej \u2013 mieli si\u0119 do tej pracy \u201eprzy\u0142o\u017cy\u0107\u201d, mieli j\u0105 spe\u0142nia\u0107 uczciwie, aby powracaj\u0105cy niespodziewanie pan nie zasta\u0142 ich \u015bpi\u0105cych. <\/div>\n<div class=\"MsoNormal\" style=\"text-align: justify; text-indent: 35.4pt;\">Zdaje si\u0119, \u017ce u progu tego Adwentu <b>Jezus ka\u017cdemu z nas wyznacza taki zakres czynno\u015bci<\/b>, taki zakres zada\u0144. Wyznacza konkretn\u0105 prac\u0119, jak\u0105 ka\u017cdy ma wykona\u0107, aby dobrze si\u0119 przygotowa\u0107 na Jego przyj\u015bcie. Oczywi\u015bcie, t\u0105 prac\u0105 jest \u2013 wspomniana ju\u017c \u2013 <b>praca nad sob\u0105<\/b>. <\/div>\n<div class=\"MsoNormal\" style=\"text-align: justify; text-indent: 35.4pt;\"><b>A zatem Adwent \u2013 to czas pracy.<\/b> I chyba dobrze sobie z tego zdajemy spraw\u0119. Wiemy przecie\u017c, \u017ce Adwent to czas <b>podw\u00f3jnego oczekiwania<\/b>, przygotowuje on nas bowiem zar\u00f3wno <b style=\"mso-bidi-font-weight: normal;\">na spotkanie z Jezusem w czasie zbli\u017caj\u0105cych si\u0119 \u015awi\u0105t Bo\u017cego Narodzenia,<\/b> ale tak\u017ce \u2013 <b style=\"mso-bidi-font-weight: normal;\">w czasie ostatecznego przyj\u015bcia<\/b> na ko\u0144cu czas\u00f3w. Skoro zatem chcemy si\u0119 dobrze przygotowa\u0107 do tak niezwykle wa\u017cnych spotka\u0144, si\u0142\u0105 rzeczy musimy si\u0119 odwa\u017cy\u0107 na podj\u0119cie <b>wysi\u0142ku niema\u0142ego<\/b>. <\/div>\n<div class=\"MsoNormal\" style=\"text-align: justify; text-indent: 35.4pt;\">Jednak z dzisiejszej Liturgii S\u0142owa wynika bardzo jasno jeszcze jedno pouczenie, o kt\u00f3rym trzeba nam pami\u0119ta\u0107: Adwent to <b>nie tylko czas naszej pracy<\/b>, ale to bardziej czas <b>wsp\u00f3\u0142pracy <\/b>\u2013 wsp\u00f3\u0142pracy ka\u017cdego z nas z Jezusem. Jezus bowiem jest o wiele bardziej \u017cyczliwy dla swoich s\u0142ug, ni\u017c \u00f3w ewangeliczny pan, o kt\u00f3rym dzisiaj s\u0142yszeli\u015bmy. Pan bowiem <b>po prostu wyjecha\u0142<\/b>, zostawiaj\u0105c s\u0142ugom dom. To prawda \u2013 okaza\u0142 im wielkie zaufanie, bo <b style=\"mso-bidi-font-weight: normal;\"><i>zostawi\u0142 dom, powierzy\u0142 s\u0142ugom staranie o wszystko, ka\u017cdemu wyznaczy\u0142 zaj\u0119cie<\/i>,<\/b> ale sam po prostu wyjecha\u0142. <b>Jezus nie wyjecha\u0142, nie odszed\u0142 nigdzie.<\/b> On tak\u017ce powierza nam staranie o wszystko, ale sam nigdzie si\u0119 nie oddala. Chce uczestniczy\u0107 w naszym prze\u017cywaniu Adwentu, <b>chce nas przez ten Adwent przeprowadzi\u0107<\/b>. Wyznacza nam zaj\u0119cia, ale sam si\u0119 tak\u017ce w ich wype\u0142nianie w\u0142\u0105cza. <b>Podejmuje wsp\u00f3\u0142prac\u0119.<\/b> <\/div>\n<div class=\"MsoNormal\" style=\"text-align: justify; text-indent: 35.4pt;\">Bardzo czytelnie m\u00f3wi o tym Prorok Izajasz w pierwszym czytaniu: <b style=\"mso-bidi-font-weight: normal;\"><i>Ty\u015b, Panie, naszym ojcem, \u201eOdkupiciel nasz\u201d to Twoje imi\u0119 odwieczne. Czemu\u017c, o Panie, pozwalasz nam b\u0142\u0105dzi\u0107 z dala od Twoich dr\u00f3g, tak i\u017c serce nasze staje si\u0119 nieczu\u0142e na boja\u017a\u0144 przed Tob\u0105? Odmie\u0144 si\u0119 przez wzgl\u0105d na Twoje s\u0142ugi i na pokolenia Twojego dziedzictwa. Oby\u015b rozdar\u0142 niebiosa i zst\u0105pi\u0142, przed Tob\u0105 sk\u0142\u0119bi\u0142y si\u0119 g\u00f3ry. Ani ucho nie s\u0142ysza\u0142o, ani oko nie widzia\u0142o, \u017ceby jaki\u015b b\u00f3g poza Tob\u0105 dzia\u0142a\u0142 tyle dla tego, co w Nim pok\u0142ada ufno\u015b\u0107. Wychodzisz naprzeciw tych, co rado\u015bnie pe\u0142ni\u0105 sprawiedliwo\u015b\u0107 i pami\u0119taj\u0105 o Twoich drogach.<\/i> <\/b><\/div>\n<div class=\"MsoNormal\" style=\"text-align: justify; text-indent: 35.4pt;\">Wielkim pragnieniem cz\u0142owieka jest <b>spotka\u0107 swego Boga<\/b>. Ma on \u015bwiadomo\u015b\u0107, \u017ce o w\u0142asnych si\u0142ach niczego nie dokona. Jego praca mo\u017ce si\u0119 okaza\u0107 niewystarczaj\u0105ca. Dlatego Prorok tak dramatycznie przyzywa Boga prosz\u0105c, aby w \u017cyciu cz\u0142owieka dokona\u0142 przemiany, m\u00f3wi\u0105c: <b style=\"mso-bidi-font-weight: normal;\"><i>My wszyscy byli\u015bmy skalani, a wszystkie nasze dobre czyny jak skrwawiona szmata. My wszyscy opadli\u015bmy zwi\u0119dli jak li\u015bcie, a nasze winy ponios\u0142y nas jak wicher.<\/i><\/b><i> <\/i>Ale B\u00f3g \u2013 na szcz\u0119\u015bcie \u2013 wychodzi naprzeciw cz\u0142owieka i zaprasza go do wsp\u00f3\u0142pracy. Pomaga mu pokona\u0107 t\u0119 s\u0142abo\u015b\u0107, o kt\u00f3rej m\u00f3wi Prorok. <b>I w\u0142a\u015bnie to dokonuje si\u0119 w czasie Adwentu.<\/b> Skoro takie, a nie inne czytania otrzymujemy w Pierwsz\u0105 Niedziel\u0119 Adwentu, to jest to w\u0142a\u015bnie takie wskazanie: <b>mamy w tym czasie zabra\u0107 si\u0119 do roboty<\/b>, mamy czuwa\u0107 w taki spos\u00f3b, o jakim m\u00f3wi Ewangelia, a wi\u0119c ci\u0105gle by\u0107 gotowym, ci\u0105gle co\u015b dobrego czyni\u0107 w swoim \u017cyciu. <b>Ale nie mo\u017cemy ulec pokusie zrobienia wszystkiego samemu.<\/b> <b>To jest niemo\u017cliwe!<\/b><\/div>\n<div class=\"MsoNormal\" style=\"text-align: justify; text-indent: 35.4pt;\">Bo cho\u0107 nie mo\u017ce zabrakn\u0105\u0107 naszej dobrej woli i naszej pracy, to jednak jednocze\u015bnie trzeba pami\u0119ta\u0107, \u017ce <b>Jezus te\u017c dzia\u0142a<\/b>. My si\u0119 nieraz skar\u017cymy, \u017ce nam nie wychodzi modlitwa, nie mo\u017cemy si\u0119 skupi\u0107, skoncentrowa\u0107 uwagi. M\u00f3wimy i m\u00f3wimy, a to si\u0119 wreszcie okazuje takim pustym \u201eklepaniem\u201d formu\u0142ek. Wi\u0119c mo\u017ce czasami <b>trzeba przesta\u0107 m\u00f3wi\u0107<\/b> i zacz\u0105\u0107 trwa\u0107 w ciszy? Mo\u017ce trzeba, \u017ceby <b>w tej zupe\u0142nej ciszy, na jak\u0105 sobie pozwolimy, zrodzi\u0142a si\u0119 w nas jaka\u015b dobra my\u015bl<\/b>, aby w tej ciszy uda\u0142o si\u0119 spokojnie przemy\u015ble\u0107 wydarzenia z \u017cycia, problemy codzienne? I mo\u017ce si\u0119 oka\u017ce, \u017ce w\u0142a\u015bnie w ten spos\u00f3b przyjdzie rozwi\u0105zanie problem\u00f3w? <b style=\"mso-bidi-font-weight: normal;\">A przyjdzie wprost od Boga. <\/b><\/div>\n<div class=\"MsoNormal\" style=\"text-align: justify; text-indent: 35.4pt;\">Bo my chcieliby\u015bmy zaradzi\u0107 wszystkim naszym sprawom sami. Podejmujemy w zwi\u0105zku z tym takie i inne starania. <b>I czasami zaczyna brakowa\u0107 cierpliwo\u015bci. <\/b>A mo\u017ce trzeba zdoby\u0107 si\u0119 w modlitwie na bardzo odwa\u017cne stwierdzenie: \u201ePanie Jezu, ja ju\u017c w tej sprawie zrobi\u0142em, co mog\u0142em. Da\u0142em z siebie tak wiele, jak tylko wiele mog\u0142em da\u0107. <b>Na nic mnie ju\u017c wi\u0119cej nie sta\u0107. Teraz tylko Ty dzia\u0142aj\u201d!<\/b> Kochani, mo\u017ce si\u0119 w\u00f3wczas okaza\u0107, \u017ce rozwi\u0105zanie problem\u00f3w przyjdzie <b>z zupe\u0142nie innej strony<\/b>, ni\u017c by\u015bmy si\u0119 spodziewali. <\/div>\n<div class=\"MsoNormal\" style=\"text-align: justify; text-indent: 35.4pt;\">Niech ten Adwent b\u0119dzie zatem okazj\u0105 do tego, <b>aby pozwoli\u0107 dzia\u0142a\u0107 Jezusowi. <\/b>Aby\u015bmy wtedy, gdy w walce ze swoimi s\u0142abo\u015bciami czy w radzeniu sobie z problemami doznamy wyczerpania si\u0142 \u2013 aby\u015bmy wtedy nie popadali w rozpacz i panik\u0119, <b>ale \u2013 tym bardziej jeszcze \u2013 w\u0142\u0105czali Jezusa, prosili Go o pomoc<\/b>, aby to On sam wzi\u0105\u0142 sprawy w swoje r\u0119ce i jako\u015b je rozwi\u0105za\u0142. Dos\u0142ownie: <b>jako\u015b!<\/b> On b\u0119dzie najlepiej wiedzia\u0142 \u2013 <b>jak!<\/b> Nie musimy Mu w modlitwie podpowiada\u0107. Wystarczy si\u0119 tylko na Niego ca\u0142kowicie zda\u0107. <\/div>\n<div class=\"MsoNormal\" style=\"text-align: justify; text-indent: 35.4pt;\">Naturalnie \u2013 nie chodzi tu o to, aby <b style=\"mso-bidi-font-weight: normal;\">bezczynnie usi\u0105\u015b\u0107 i czeka\u0107,<\/b> a\u017c Jezus sprawy sam rozwi\u0105\u017ce. Nie! Jak nam wyra\u017anie m\u00f3wi Ewangelia, <b>mamy sami pracowa\u0107.<\/b> Ale czasami mo\u017ce si\u0119 okaza\u0107, \u017ce pomimo naszych dobrych stara\u0144, pomimo naszych wysi\u0142k\u00f3w, nie wychodzi nam to wszystko tak, jak by\u015bmy chcieli. <b>I w\u0142a\u015bnie ten moment jest sprawdzianem naszej wiary.<\/b> Co w\u00f3wczas zrobimy? Czy poddamy si\u0119 zniech\u0119ceniu i popadniemy w rozpacz, czy jednak \u2013 uznaj\u0105c swoj\u0105 ludzk\u0105 s\u0142abo\u015b\u0107 \u2013 poprosimy o pomoc Jezusa? <b>Taki moment jest sprawdzianem wiary i lekcj\u0105 pokory.<\/b> Ale w\u0142a\u015bnie w takim momencie mo\u017cemy si\u0119 okaza\u0107 najwi\u0119kszymi zwyci\u0119zcami: <b>kiedy nie b\u0119dziemy chcieli wszystkiego zrobi\u0107 sami<\/b>, ale pozwolimy zadzia\u0142a\u0107 Jezusowi. <\/div>\n<div class=\"MsoNormal\" style=\"text-align: justify; text-indent: 35.4pt;\">To si\u0119 wydaje takie proste. Wcale jednak takie proste nie jest, bo kiedy cz\u0142owiekowi nic si\u0119 nie chce w swoim \u017cyciu zmienia\u0107, nie chce mu si\u0119 pracowa\u0107 nad sob\u0105, to wtedy mo\u017ce by i chcia\u0142, <b>\u017ceby Jezusowi si\u0119 bardziej chcia\u0142o i \u017ceby On sam wszystko zrobi\u0142.<\/b> Ale wiadomo, \u017ce to jest niemo\u017cliwe. Kiedy natomiast cz\u0142owiek ju\u017c si\u0119 tak \u201eostro\u201d do tej pracy zabierze i napracuje si\u0119 nad tymi swoimi s\u0142abo\u015bciami, nad tymi problemami, kt\u00f3re niesie ze sob\u0105 \u017cycie, <b>to by z kolei chcia\u0142, aby mu wszystko od razu wysz\u0142o.<\/b> Przecie\u017c nie po to pracuje, nie po to si\u0119 wysila, nie po to podejmuje dobre postanowienia, <b>aby wreszcie na ko\u0144cu powiedzie\u0107: \u201eNic z tego! Nic nie wysz\u0142o\u201d!<\/b> A czasami w\u0142a\u015bnie wydaje si\u0119, \u017ce tak jest. <\/div>\n<div class=\"MsoNormal\" style=\"text-align: justify; text-indent: 35.4pt;\">Nie, tak nie jest! Po ludzku rzeczywi\u015bcie tak si\u0119 mo\u017ce wydawa\u0107. <b>Ale wsz\u0119dzie tam, gdzie ko\u0144cz\u0105 si\u0119 ludzie mo\u017cliwo\u015bci, zaczyna dzia\u0142a\u0107 wszechmoc Bo\u017ca.<\/b> Ze strony cz\u0142owieka wa\u017cne jest, aby uczyni\u0142 on to, co uczyni\u0107 mo\u017ce. A Jezus dope\u0142ni reszty. I nawet kiedy si\u0119 b\u0119dzie cz\u0142owiekowi wydawa\u0142o, \u017ce jego wysi\u0142ki s\u0105 bezowocne i nieskuteczne, <b>to w rzeczywisto\u015bci b\u0119d\u0105 one bardzo wa\u017cne,<\/b> bo b\u0119d\u0105 znakiem naszej dobrej woli i naszego starania, w kt\u00f3re Jezus si\u0119 w\u0142\u0105czy i po prostu je doko\u0144czy, dope\u0142ni, u\u015bwi\u0119ci. <\/div>\n<div class=\"MsoNormal\" style=\"text-align: justify; text-indent: 35.4pt;\"><b>W tym duchu zechciejmy prze\u017cywa\u0107 rozpoczynaj\u0105cy si\u0119 Adwent! W tym duchu, Kochani, zechciejmy podejmowa\u0107 nasze adwentowe postanowienia.<\/b> A b\u0119d\u0105 one r\u00f3\u017cne. Jedni b\u0119d\u0105 chcieli rozwin\u0105\u0107 jak\u0105\u015b swoj\u0105 umiej\u0119tno\u015b\u0107, jaki\u015b sw\u00f3j talent. Inni z kolei b\u0119d\u0105 chcieli opanowa\u0107 jak\u0105\u015b s\u0142abo\u015b\u0107, jak\u0105\u015b wad\u0119, mo\u017ce \u2013 wad\u0119 g\u0142\u00f3wn\u0105. Wa\u017cne jest, aby te postanowienia <b>odwa\u017cnie podj\u0105\u0107<\/b>, ale wa\u017cne jest tak\u017ce, aby od razu nastawi\u0107 si\u0119 na wsp\u00f3\u0142prac\u0119 z Jezusem: <b>\u201ePanie Jezu, ja zabieram si\u0119 do pracy, ale Ty b\u0105d\u017a ze mn\u0105. Wspieraj moje wysi\u0142ki. A kiedy mi nie b\u0119dzie nic wychodzi\u0142o, a zrobi\u0119 ju\u017c wszystko, co mog\u0142em zrobi\u0107, to prosz\u0119 \u2013 Ty sam dope\u0142nij reszty\u201d<\/b>. Co to w praktyce b\u0119dzie oznacza\u0142o?<\/div>\n<div class=\"MsoNormal\" style=\"text-align: justify; text-indent: 35.4pt;\">A chocia\u017cby to, \u017ce kiedy \u2013 pomimo dobrych postanowie\u0144 \u2013 zdarzy si\u0119 upa\u015b\u0107 w grzech, to b\u0119dziemy mieli do\u015b\u0107 si\u0142y, aby si\u0119 podnie\u015b\u0107, odnowi\u0107 postanowienie i dalej stara\u0107 si\u0119 je wype\u0142ni\u0107. Naprawd\u0119, <b>nie nastawiajmy si\u0119 na to, \u017ce nam wszystko od razu i natychmiast wyjdzie<\/b>. I nie chciejmy wszystkiego zrobi\u0107 sami. Niech nie zabraknie w naszych sercach prawdziwej pokory. Nie zapomnijmy ani przez moment o s\u0142owach, kt\u00f3re \u015awi\u0119ty Pawe\u0142 skierowa\u0142 do Koryntian \u2013 ale i do nas \u2013 w drugim czytaniu: <b style=\"mso-bidi-font-weight: normal;\"><i>W <\/i>[Jezusie]<i> bowiem zostali\u015bcie wzbogaceni we wszystko: we wszelkie s\u0142owo i wszelkie poznanie, bo \u015bwiadectwo Chrystusowe utrwali\u0142o si\u0119 w was, tak<\/i> <i>i\u017c<\/i> <i>nie doznacie braku \u017cadnej \u0142aski, oczekuj\u0105c objawienia si\u0119 Pana naszego, Jezusa Chrystusa. On te\u017c b\u0119dzie umacnia\u0142 was a\u017c do ko\u0144ca, aby\u015bcie byli<\/i> <i>bez zarzutu w dzie\u0144 Pana naszego, Jezusa Chrystusa.<\/i> <\/b><\/div>\n<div class=\"MsoNormal\" style=\"text-align: justify; text-indent: 35.4pt;\">W\u0142a\u015bnie, kiedy przyjdzie dzie\u0144 Pana naszego, czy to w czasie zbli\u017caj\u0105cych si\u0119 \u015awi\u0105t, czy to na ko\u0144cu czas\u00f3w, b\u0119dziemy mogli z satysfakcj\u0105 uzna\u0107, <b>\u017ce czasu \u0142aski nie zmarnowali\u015bmy.<\/b> Nie zmarnowali\u015bmy czasu oczekiwania. Mo\u017ce nie wszystko nam wysz\u0142o, ale uczynili\u015bmy tyle, ile mogli\u015bmy uczyni\u0107. Zaprawd\u0119, <b>rado\u015b\u0107 z wykorzystanego dobrze czasu jest wielk\u0105 rado\u015bci\u0105.<\/b> I jak bardzo wewn\u0119trznie rozbity jest cz\u0142owiek, kt\u00f3ry przez ca\u0142y czas zabiera\u0142 si\u0119 do pracy, mia\u0142 przez jaki\u015b czas nawet <b>dobre ch\u0119ci<\/b>, ale na tym si\u0119 sko\u0144czy\u0142o. Niestety, same dobre ch\u0119ci, poza tym, \u017ce s\u0105 nieskuteczne, to nawet <b>nie daj\u0105 minimalnej osobistej satysfakcji<\/b>. A szczery osobisty wysi\u0142ek \u2013 owszem! <\/div>\n<div class=\"MsoNormal\" style=\"text-align: justify; text-indent: 35.4pt;\">St\u0105d te\u017c, rozpoczynaj\u0105c ten Adwent, kolejny Adwent w \u017cyciu, <b>bierzmy si\u0119 do pracy!<\/b> A mo\u017ce lepiej \u2013 bierzmy si\u0119 do <b>wsp\u00f3\u0142pracy! Z Jezusem! <\/b>R\u00f3bmy, co w naszej mocy, ale te\u017c pozw\u00f3lmy, aby On sam, Jezus, m\u00f3g\u0142 w nas dzia\u0142a\u0107. Aby w ten spos\u00f3b rado\u015b\u0107 ze spotkania z Nim nie by\u0142a zarezerwowana dopiero na \u015awi\u0119ta czy na to ostateczne Jego przyj\u015bcie, ale aby towarzyszy\u0142a nam <b>ka\u017cdego dnia<\/b> rozpoczynaj\u0105cego si\u0119 Adwentu.<\/div>\n<div class=\"MsoNormal\" style=\"text-align: justify; text-indent: 35.4pt;\">W tym kontek\u015bcie pomy\u015blmy:<\/div>\n<div class=\"MsoNormal\" style=\"margin-left: 36.0pt; mso-list: l0 level1 lfo1; tab-stops: list 36.0pt; text-align: justify; text-indent: -18.0pt;\">\u00b7&nbsp;&nbsp;&nbsp;&nbsp;&nbsp;&nbsp;&nbsp; Czy rozpoczynaj\u0105c Adwent mam ju\u017c jakie\u015b konkretne postanowienie?<\/div>\n<div class=\"MsoNormal\" style=\"margin-left: 36.0pt; mso-list: l0 level1 lfo1; tab-stops: list 36.0pt; text-align: justify; text-indent: -18.0pt;\">\u00b7&nbsp;&nbsp;&nbsp;&nbsp;&nbsp;&nbsp;&nbsp; Czy wiem, na czym mam skoncentrowa\u0107 swoj\u0105 osobist\u0105 duchow\u0105 prac\u0119?<\/div>\n<div class=\"MsoNormal\" style=\"margin-left: 36.0pt; mso-list: l0 level1 lfo1; tab-stops: list 36.0pt; text-align: justify; text-indent: -18.0pt;\">\u00b7&nbsp;&nbsp;&nbsp;&nbsp;&nbsp;&nbsp;&nbsp; co b\u0119d\u0119 prosi\u0142 Jezusa na pocz\u0105tku Adwentu?<\/div>\n<div class=\"MsoNormal\" style=\"text-align: justify;\">\n<\/div>\n<div class=\"MsoNormal\" style=\"text-align: justify;\"><b style=\"mso-bidi-font-weight: normal;\"><i style=\"mso-bidi-font-style: normal;\">Czuwajcie wi\u0119c, bo nie wiecie, kiedy pan domu przyjdzie<\/i><\/b>\u2026<\/div>\n","protected":false},"excerpt":{"rendered":"<p>Niech b\u0119dzie pochwalony Jezus Chrystus! Kochani, rozpoczynamy Adwent &#8211; nowy czas, nowy rok liturgiczny. Z nowym zatem zapa\u0142em zabieramy si\u0119 do pracy nad sob\u0105. Niech Pan nas wszystkich prowadzi przez ten \u015bwi\u0119ty czas! &nbsp;&nbsp;&nbsp;&nbsp;&nbsp; Niech Was b\u0142ogos\u0142awi B\u00f3g Wszechmog\u0105cy: Ojciec + i Syn, i Duch \u015awi\u0119ty. Amen &nbsp;&nbsp;&nbsp;&nbsp;&nbsp;&nbsp;&nbsp;&nbsp;&nbsp;&nbsp;&nbsp;&nbsp;&nbsp;&nbsp;&nbsp;&nbsp; Gaudium et spes!&nbsp; Ks. Jacek 1 Niedziela [&hellip;]<\/p>\n","protected":false},"author":1,"featured_media":0,"comment_status":"open","ping_status":"open","sticky":false,"template":"","format":"standard","meta":{"jetpack_post_was_ever_published":false,"_jetpack_newsletter_access":"","_jetpack_dont_email_post_to_subs":false,"_jetpack_newsletter_tier_id":0,"_jetpack_memberships_contains_paywalled_content":false,"_jetpack_memberships_contains_paid_content":false,"footnotes":""},"categories":[1],"tags":[],"class_list":["post-9659","post","type-post","status-publish","format-standard","hentry","category-bez-kategorii"],"yoast_head":"<!-- This site is optimized with the Yoast SEO plugin v25.1 - https:\/\/yoast.com\/wordpress\/plugins\/seo\/ -->\n<title>Czuwajcie, a\u017c Pan przyjdzie! - Gaudium Et Spes<\/title>\n<meta name=\"robots\" content=\"index, follow, max-snippet:-1, max-image-preview:large, max-video-preview:-1\" \/>\n<link rel=\"canonical\" href=\"https:\/\/gaudiumetspes-blog.pl\/index.php\/2011\/11\/27\/czuwajcie-az-pan-przyjdzie\/\" \/>\n<meta property=\"og:locale\" content=\"pl_PL\" \/>\n<meta property=\"og:type\" content=\"article\" \/>\n<meta property=\"og:title\" content=\"Czuwajcie, a\u017c Pan przyjdzie! - Gaudium Et Spes\" \/>\n<meta property=\"og:description\" content=\"Niech b\u0119dzie pochwalony Jezus Chrystus! Kochani, rozpoczynamy Adwent &#8211; nowy czas, nowy rok liturgiczny. Z nowym zatem zapa\u0142em zabieramy si\u0119 do pracy nad sob\u0105. Niech Pan nas wszystkich prowadzi przez ten \u015bwi\u0119ty czas! &nbsp;&nbsp;&nbsp;&nbsp;&nbsp; Niech Was b\u0142ogos\u0142awi B\u00f3g Wszechmog\u0105cy: Ojciec + i Syn, i Duch \u015awi\u0119ty. Amen &nbsp;&nbsp;&nbsp;&nbsp;&nbsp;&nbsp;&nbsp;&nbsp;&nbsp;&nbsp;&nbsp;&nbsp;&nbsp;&nbsp;&nbsp;&nbsp; Gaudium et spes!&nbsp; Ks. Jacek 1 Niedziela [&hellip;]\" \/>\n<meta property=\"og:url\" content=\"https:\/\/gaudiumetspes-blog.pl\/index.php\/2011\/11\/27\/czuwajcie-az-pan-przyjdzie\/\" \/>\n<meta property=\"og:site_name\" content=\"Gaudium Et Spes\" \/>\n<meta property=\"article:published_time\" content=\"2011-11-27T04:54:00+00:00\" \/>\n<meta property=\"article:modified_time\" content=\"2019-07-31T10:52:49+00:00\" \/>\n<meta name=\"author\" content=\"Ks. Jacek\" \/>\n<meta name=\"twitter:card\" content=\"summary_large_image\" \/>\n<meta name=\"twitter:label1\" content=\"Napisane przez\" \/>\n\t<meta name=\"twitter:data1\" content=\"Ks. Jacek\" \/>\n\t<meta name=\"twitter:label2\" content=\"Szacowany czas czytania\" \/>\n\t<meta name=\"twitter:data2\" content=\"11 minut\" \/>\n<script type=\"application\/ld+json\" class=\"yoast-schema-graph\">{\"@context\":\"https:\/\/schema.org\",\"@graph\":[{\"@type\":\"WebPage\",\"@id\":\"https:\/\/gaudiumetspes-blog.pl\/index.php\/2011\/11\/27\/czuwajcie-az-pan-przyjdzie\/\",\"url\":\"https:\/\/gaudiumetspes-blog.pl\/index.php\/2011\/11\/27\/czuwajcie-az-pan-przyjdzie\/\",\"name\":\"Czuwajcie, a\u017c Pan przyjdzie! - Gaudium Et Spes\",\"isPartOf\":{\"@id\":\"https:\/\/gaudiumetspes-blog.pl\/#website\"},\"datePublished\":\"2011-11-27T04:54:00+00:00\",\"dateModified\":\"2019-07-31T10:52:49+00:00\",\"author\":{\"@id\":\"https:\/\/gaudiumetspes-blog.pl\/#\/schema\/person\/1661982992b752dea8dff0d4ed845a65\"},\"breadcrumb\":{\"@id\":\"https:\/\/gaudiumetspes-blog.pl\/index.php\/2011\/11\/27\/czuwajcie-az-pan-przyjdzie\/#breadcrumb\"},\"inLanguage\":\"pl-PL\",\"potentialAction\":[{\"@type\":\"ReadAction\",\"target\":[\"https:\/\/gaudiumetspes-blog.pl\/index.php\/2011\/11\/27\/czuwajcie-az-pan-przyjdzie\/\"]}]},{\"@type\":\"BreadcrumbList\",\"@id\":\"https:\/\/gaudiumetspes-blog.pl\/index.php\/2011\/11\/27\/czuwajcie-az-pan-przyjdzie\/#breadcrumb\",\"itemListElement\":[{\"@type\":\"ListItem\",\"position\":1,\"name\":\"Strona g\u0142\u00f3wna\",\"item\":\"https:\/\/gaudiumetspes-blog.pl\/\"},{\"@type\":\"ListItem\",\"position\":2,\"name\":\"Czuwajcie, a\u017c Pan przyjdzie!\"}]},{\"@type\":\"WebSite\",\"@id\":\"https:\/\/gaudiumetspes-blog.pl\/#website\",\"url\":\"https:\/\/gaudiumetspes-blog.pl\/\",\"name\":\"Gaudium Et Spes\",\"description\":\"Blog Ks. Jacka Ja\u015bkowskiego\",\"potentialAction\":[{\"@type\":\"SearchAction\",\"target\":{\"@type\":\"EntryPoint\",\"urlTemplate\":\"https:\/\/gaudiumetspes-blog.pl\/?s={search_term_string}\"},\"query-input\":{\"@type\":\"PropertyValueSpecification\",\"valueRequired\":true,\"valueName\":\"search_term_string\"}}],\"inLanguage\":\"pl-PL\"},{\"@type\":\"Person\",\"@id\":\"https:\/\/gaudiumetspes-blog.pl\/#\/schema\/person\/1661982992b752dea8dff0d4ed845a65\",\"name\":\"Ks. Jacek\",\"image\":{\"@type\":\"ImageObject\",\"inLanguage\":\"pl-PL\",\"@id\":\"https:\/\/gaudiumetspes-blog.pl\/#\/schema\/person\/image\/\",\"url\":\"https:\/\/gaudiumetspes-blog.pl\/wp-content\/uploads\/2019\/07\/avatar-JJ-150x150.jpg\",\"contentUrl\":\"https:\/\/gaudiumetspes-blog.pl\/wp-content\/uploads\/2019\/07\/avatar-JJ-150x150.jpg\",\"caption\":\"Ks. Jacek\"},\"description\":\"Witam serdecznie! K\u0142ania si\u0119 Ks. Jacek Ja\u015bkowski. Nie jestem ani kim\u015b wa\u017cnym, ani kim\u015b znanym. Jestem ksi\u0119dzem, kt\u00f3ry po prostu chce rozmawia\u0107. Codzienna kap\u0142a\u0144ska pos\u0142uga pokazuje mi, \u017ce temat\u00f3w do rozm\u00f3w z ksi\u0119dzem jest coraz wi\u0119cej i dzisiaj \u017caden ksi\u0105dz nie mo\u017ce od nich ucieka\u0107, ale - wprost przeciwnie - podejmowa\u0107 nowe wyzwania. To przekonanie sk\u0142oni\u0142o mnie do pr\u00f3by otwarcia tego\u017c bloga, chocia\u017c okazji do rozm\u00f3w na co dzie\u0144 - w konfesjonale i poza nim - na szcz\u0119\u015bcie nie brakuje. My\u015bl\u0119 jednak, \u017ce ten blog b\u0119dzie jeszcze jednym sposobem i przestrzeni\u0105 nawi\u0105zania kontaktu z lud\u017ami dobrej woli, otwartymi na dialog.\",\"url\":\"https:\/\/gaudiumetspes-blog.pl\/index.php\/author\/ks-jacek\/\"}]}<\/script>\n<!-- \/ Yoast SEO plugin. -->","yoast_head_json":{"title":"Czuwajcie, a\u017c Pan przyjdzie! - Gaudium Et Spes","robots":{"index":"index","follow":"follow","max-snippet":"max-snippet:-1","max-image-preview":"max-image-preview:large","max-video-preview":"max-video-preview:-1"},"canonical":"https:\/\/gaudiumetspes-blog.pl\/index.php\/2011\/11\/27\/czuwajcie-az-pan-przyjdzie\/","og_locale":"pl_PL","og_type":"article","og_title":"Czuwajcie, a\u017c Pan przyjdzie! - Gaudium Et Spes","og_description":"Niech b\u0119dzie pochwalony Jezus Chrystus! Kochani, rozpoczynamy Adwent &#8211; nowy czas, nowy rok liturgiczny. Z nowym zatem zapa\u0142em zabieramy si\u0119 do pracy nad sob\u0105. Niech Pan nas wszystkich prowadzi przez ten \u015bwi\u0119ty czas! &nbsp;&nbsp;&nbsp;&nbsp;&nbsp; Niech Was b\u0142ogos\u0142awi B\u00f3g Wszechmog\u0105cy: Ojciec + i Syn, i Duch \u015awi\u0119ty. Amen &nbsp;&nbsp;&nbsp;&nbsp;&nbsp;&nbsp;&nbsp;&nbsp;&nbsp;&nbsp;&nbsp;&nbsp;&nbsp;&nbsp;&nbsp;&nbsp; Gaudium et spes!&nbsp; Ks. Jacek 1 Niedziela [&hellip;]","og_url":"https:\/\/gaudiumetspes-blog.pl\/index.php\/2011\/11\/27\/czuwajcie-az-pan-przyjdzie\/","og_site_name":"Gaudium Et Spes","article_published_time":"2011-11-27T04:54:00+00:00","article_modified_time":"2019-07-31T10:52:49+00:00","author":"Ks. Jacek","twitter_card":"summary_large_image","twitter_misc":{"Napisane przez":"Ks. Jacek","Szacowany czas czytania":"11 minut"},"schema":{"@context":"https:\/\/schema.org","@graph":[{"@type":"WebPage","@id":"https:\/\/gaudiumetspes-blog.pl\/index.php\/2011\/11\/27\/czuwajcie-az-pan-przyjdzie\/","url":"https:\/\/gaudiumetspes-blog.pl\/index.php\/2011\/11\/27\/czuwajcie-az-pan-przyjdzie\/","name":"Czuwajcie, a\u017c Pan przyjdzie! - Gaudium Et Spes","isPartOf":{"@id":"https:\/\/gaudiumetspes-blog.pl\/#website"},"datePublished":"2011-11-27T04:54:00+00:00","dateModified":"2019-07-31T10:52:49+00:00","author":{"@id":"https:\/\/gaudiumetspes-blog.pl\/#\/schema\/person\/1661982992b752dea8dff0d4ed845a65"},"breadcrumb":{"@id":"https:\/\/gaudiumetspes-blog.pl\/index.php\/2011\/11\/27\/czuwajcie-az-pan-przyjdzie\/#breadcrumb"},"inLanguage":"pl-PL","potentialAction":[{"@type":"ReadAction","target":["https:\/\/gaudiumetspes-blog.pl\/index.php\/2011\/11\/27\/czuwajcie-az-pan-przyjdzie\/"]}]},{"@type":"BreadcrumbList","@id":"https:\/\/gaudiumetspes-blog.pl\/index.php\/2011\/11\/27\/czuwajcie-az-pan-przyjdzie\/#breadcrumb","itemListElement":[{"@type":"ListItem","position":1,"name":"Strona g\u0142\u00f3wna","item":"https:\/\/gaudiumetspes-blog.pl\/"},{"@type":"ListItem","position":2,"name":"Czuwajcie, a\u017c Pan przyjdzie!"}]},{"@type":"WebSite","@id":"https:\/\/gaudiumetspes-blog.pl\/#website","url":"https:\/\/gaudiumetspes-blog.pl\/","name":"Gaudium Et Spes","description":"Blog Ks. Jacka Ja\u015bkowskiego","potentialAction":[{"@type":"SearchAction","target":{"@type":"EntryPoint","urlTemplate":"https:\/\/gaudiumetspes-blog.pl\/?s={search_term_string}"},"query-input":{"@type":"PropertyValueSpecification","valueRequired":true,"valueName":"search_term_string"}}],"inLanguage":"pl-PL"},{"@type":"Person","@id":"https:\/\/gaudiumetspes-blog.pl\/#\/schema\/person\/1661982992b752dea8dff0d4ed845a65","name":"Ks. Jacek","image":{"@type":"ImageObject","inLanguage":"pl-PL","@id":"https:\/\/gaudiumetspes-blog.pl\/#\/schema\/person\/image\/","url":"https:\/\/gaudiumetspes-blog.pl\/wp-content\/uploads\/2019\/07\/avatar-JJ-150x150.jpg","contentUrl":"https:\/\/gaudiumetspes-blog.pl\/wp-content\/uploads\/2019\/07\/avatar-JJ-150x150.jpg","caption":"Ks. Jacek"},"description":"Witam serdecznie! K\u0142ania si\u0119 Ks. Jacek Ja\u015bkowski. Nie jestem ani kim\u015b wa\u017cnym, ani kim\u015b znanym. Jestem ksi\u0119dzem, kt\u00f3ry po prostu chce rozmawia\u0107. Codzienna kap\u0142a\u0144ska pos\u0142uga pokazuje mi, \u017ce temat\u00f3w do rozm\u00f3w z ksi\u0119dzem jest coraz wi\u0119cej i dzisiaj \u017caden ksi\u0105dz nie mo\u017ce od nich ucieka\u0107, ale - wprost przeciwnie - podejmowa\u0107 nowe wyzwania. To przekonanie sk\u0142oni\u0142o mnie do pr\u00f3by otwarcia tego\u017c bloga, chocia\u017c okazji do rozm\u00f3w na co dzie\u0144 - w konfesjonale i poza nim - na szcz\u0119\u015bcie nie brakuje. My\u015bl\u0119 jednak, \u017ce ten blog b\u0119dzie jeszcze jednym sposobem i przestrzeni\u0105 nawi\u0105zania kontaktu z lud\u017ami dobrej woli, otwartymi na dialog.","url":"https:\/\/gaudiumetspes-blog.pl\/index.php\/author\/ks-jacek\/"}]}},"jetpack_featured_media_url":"","jetpack_sharing_enabled":true,"_links":{"self":[{"href":"https:\/\/gaudiumetspes-blog.pl\/index.php\/wp-json\/wp\/v2\/posts\/9659","targetHints":{"allow":["GET"]}}],"collection":[{"href":"https:\/\/gaudiumetspes-blog.pl\/index.php\/wp-json\/wp\/v2\/posts"}],"about":[{"href":"https:\/\/gaudiumetspes-blog.pl\/index.php\/wp-json\/wp\/v2\/types\/post"}],"author":[{"embeddable":true,"href":"https:\/\/gaudiumetspes-blog.pl\/index.php\/wp-json\/wp\/v2\/users\/1"}],"replies":[{"embeddable":true,"href":"https:\/\/gaudiumetspes-blog.pl\/index.php\/wp-json\/wp\/v2\/comments?post=9659"}],"version-history":[{"count":1,"href":"https:\/\/gaudiumetspes-blog.pl\/index.php\/wp-json\/wp\/v2\/posts\/9659\/revisions"}],"predecessor-version":[{"id":10424,"href":"https:\/\/gaudiumetspes-blog.pl\/index.php\/wp-json\/wp\/v2\/posts\/9659\/revisions\/10424"}],"wp:attachment":[{"href":"https:\/\/gaudiumetspes-blog.pl\/index.php\/wp-json\/wp\/v2\/media?parent=9659"}],"wp:term":[{"taxonomy":"category","embeddable":true,"href":"https:\/\/gaudiumetspes-blog.pl\/index.php\/wp-json\/wp\/v2\/categories?post=9659"},{"taxonomy":"post_tag","embeddable":true,"href":"https:\/\/gaudiumetspes-blog.pl\/index.php\/wp-json\/wp\/v2\/tags?post=9659"}],"curies":[{"name":"wp","href":"https:\/\/api.w.org\/{rel}","templated":true}]}}