{"id":9660,"date":"2011-11-26T05:45:00","date_gmt":"2011-11-26T04:45:00","guid":{"rendered":"https:\/\/gaudiumetspes-blog.pl\/index.php\/2011\/11\/26\/czuwajcie-abyscie-mogli-stanac-przed\/"},"modified":"2019-07-31T12:52:49","modified_gmt":"2019-07-31T10:52:49","slug":"czuwajcie-abyscie-mogli-stanac-przed","status":"publish","type":"post","link":"https:\/\/gaudiumetspes-blog.pl\/index.php\/2011\/11\/26\/czuwajcie-abyscie-mogli-stanac-przed\/","title":{"rendered":"Czuwajcie &#8211; aby\u015bcie mogli stan\u0105\u0107 przed Synem Cz\u0142owieczym!"},"content":{"rendered":"<p><\/p>\n<div class=\"MsoNormal\" style=\"text-align: justify;\">Szcz\u0119\u015b\u0107 Bo\u017ce! Dzisiaj ostatni dzie\u0144 roku liturgicznego. Jezus w swoim S\u0142owie wzywa nas do czuwania. Zapraszam do refleksji nad tym, \u017ce to Jezusowe wezwanie nie jest \u017cadnym ograniczeniem dla cz\u0142owieka, ale wyrazem szczerej troski naszego Zbawiciela o ka\u017cd\u0105 i ka\u017cdego z nas&#8230; Dzi\u0119kujmy Panu za ca\u0142y ten rok liturgiczny i za prze\u017cywanie poszczeg\u00f3lnych, kolejnych tajemnic naszej wiary.<\/div>\n<div class=\"MsoNormal\" style=\"text-align: justify;\"><b>&nbsp;&nbsp;&nbsp;&nbsp;&nbsp; <\/b>Ja dzisiaj pozdrawiam ze S\u0142upna, gdzie &#8211; jak wspomnia\u0142em wczoraj &#8211; przebywam z m\u0142odzie\u017c\u0105 oazow\u0105 z Celestynowa na tak zwanej oazie modlitwy. Dzisiaj dzie\u0144 wype\u0142niony od rana do wieczora! Pami\u0119tam w modlitwie o Was wszystkich! A w nocy wracam do Parafii, moja M\u0142odzie\u017c za\u015b wr\u00f3ci jutro w po\u0142udnie. Pozostawi\u0119 ich pod opiek\u0105 Ksi\u0119dza Tomasza Jarz\u0119bskiego, obecnego Dyrektora tego o\u015brodka, a jednocze\u015bnie &#8211; mojego Poprzednika na urz\u0119dzie wikariusza w Celestynowie. Tak wi\u0119c, moja M\u0142odzie\u017c b\u0119dzie mog\u0142a poby\u0107 ze swoim poprzednim Ksi\u0119dzem, a On &#8211; b\u0119dzie mia\u0142 okazj\u0119 jeszcze raz si\u0119 z nimi&#8230; pom\u0119czy\u0107! (Oczywi\u015bcie &#8211; \u017cartowa\u0142em!)<\/div>\n<div class=\"MsoNormal\" style=\"text-align: justify;\">&nbsp;&nbsp;&nbsp;&nbsp;&nbsp;&nbsp;&nbsp;&nbsp;&nbsp;&nbsp;&nbsp;&nbsp;&nbsp;&nbsp; Gaudium et spes!&nbsp; Ks. Jacek<b><br \/>\n<\/b><\/div>\n<div class=\"MsoNormal\" style=\"text-align: justify;\">\n<\/div>\n<div class=\"MsoNormal\" style=\"text-align: justify;\"><b>Sobota 34 tygodnia zwyk\u0142ego, rok I,<\/b><\/div>\n<div class=\"MsoNormal\" style=\"text-align: justify;\"><b style=\"mso-bidi-font-weight: normal;\">do czyta\u0144:&nbsp; Dn 7,15\u201327;&nbsp; \u0141k 21,34\u201336<\/b><\/div>\n<div class=\"MsoNormal\" style=\"text-align: justify;\">\n<\/div>\n<div class=\"MsoNormal\" style=\"text-align: justify; text-indent: 35.4pt;\">S\u0142owa Jezusa z dzisiejszej Ewangelii <b style=\"mso-bidi-font-weight: normal;\">s\u0105 tak jasne i oczywiste,<\/b> \u017ce nawet w egzemplarzu Biblii z komentarzami, w kt\u00f3rej zwykle szukam jakiej\u015b inspiracji, jakiego\u015b \u201epunktu zaczepienia\u201d do przygotowywanych rozwa\u017ca\u0144 \u2013 <b style=\"mso-bidi-font-weight: normal;\">nie znalaz\u0142em do tych s\u0142\u00f3w \u017cadnego specjalnego komentarza.<\/b> Widocznie redaktorzy tego\u017c opracowania uznali, \u017ce tu nie ma co komentowa\u0107, bo <b style=\"mso-bidi-font-weight: normal;\">s\u0142owa Jezusa s\u0105 jasne same w sobie<\/b>\u2026 Mo\u017ce tak \u2013 a mo\u017ce nie\u2026 <\/div>\n<div class=\"MsoNormal\" style=\"text-align: justify; text-indent: 35.4pt;\">W ka\u017cdym razie, warto si\u0119 w nie ws\u0142ucha\u0107 <b style=\"mso-bidi-font-weight: normal;\">dok\u0142adnie<\/b> i wzi\u0105\u0107 do serca ka\u017cde z nich: <b style=\"mso-bidi-font-weight: normal;\"><i style=\"mso-bidi-font-style: normal;\">Uwa\u017cajcie na siebie, aby wasze serca nie by\u0142y oci\u0119\u017ca\u0142e wskutek ob\u017carstwa, pija\u0144stwa i trosk doczesnych, \u017ceby ten dzie\u0144 nie przypad\u0142 na was znienacka jak potrzask<\/i><\/b>. S\u0142owa rzeczywi\u015bcie jasne \u2013 s\u0142owa mocne\u2026 Ale czy zawsze dobrze rozumiane? <\/div>\n<div class=\"MsoNormal\" style=\"text-align: justify; text-indent: 35.4pt;\">Czy nie jest troch\u0119 tak, \u017ce pobie\u017cne rozumienie tych s\u0142\u00f3w na zasadzie: \u201ewszystko jasne!\u201d \u2013 <b style=\"mso-bidi-font-weight: normal;\">prowadzi jednak do pewnych uproszcze\u0144?<\/b> A przez to czyni te s\u0142owa nieprzekonuj\u0105cymi dla dzisiejszego cz\u0142owieka? Bo taki w\u0142a\u015bnie tak zwany <b style=\"mso-bidi-font-weight: normal;\">\u201edzisiejszy cz\u0142owiek\u201d,<\/b> jak us\u0142yszy to, co Jezus m\u00f3wi, a do tego jeszcze kto\u015b mu to mocnym g\u0142osem do g\u0142owy w\u0142o\u017cy i na dok\u0142adk\u0119 pogrozi palcem \u2013 tak na wszelki wypadek \u2013 to ju\u017c wiadomo, jak na to zareaguje: <b style=\"mso-bidi-font-weight: normal;\">Znowu mi czego\u015b zakazuj\u0105! Znowu mi Ko\u015bci\u00f3\u0142 czego\u015b zakazuje! Ksi\u0119\u017ca mi czego\u015b zakazuj\u0105!<\/b> <\/div>\n<div class=\"MsoNormal\" style=\"text-align: justify; text-indent: 35.4pt;\">I od razu zapala si\u0119 taka przys\u0142owiowa \u201e\u017c\u00f3\u0142ta lampka\u201d, \u017ce to nic wartego uwagi, \u017ce tym si\u0119 nie ma co przejmowa\u0107, \u017ce to takie oklepane ksi\u0119\u017cowskie \u201egl\u0119dzenie\u201d\u2026 A wystarczy\u0142oby tylko wczyta\u0107 si\u0119 dok\u0142adniej, chwil\u0119 na spokojnie pomy\u015ble\u0107, aby doj\u015b\u0107 do wniosku, \u017ce <b style=\"mso-bidi-font-weight: normal;\">Jezusowi wcale nie chodzi o to, \u017ceby nic nie je\u015b\u0107 \u2013 tylko \u017ceby unika\u0107 ob\u017carstwa!<\/b> I nie chodzi o to, <b style=\"mso-bidi-font-weight: normal;\">aby nic nie pi\u0107 \u2013 tylko powstrzyma\u0107 si\u0119 przed pija\u0144stwem! <\/b>I nie chodzi o to, aby pozby\u0107 si\u0119 wszelkich trosk i niczym si\u0119 nie przejmowa\u0107 (swoj\u0105 drog\u0105: kto by tak nie chcia\u0142?) \u2013 ale chodzi o to, <b style=\"mso-bidi-font-weight: normal;\">aby te troski nie odebra\u0142y rado\u015bci \u017cycia.<\/b> <\/div>\n<div class=\"MsoNormal\" style=\"text-align: justify; text-indent: 35.4pt;\">I wiele, bardzo wiele sytuacji mo\u017cna tu wymieni\u0107, aby si\u0119 przekona\u0107, \u017ce Ko\u015bci\u00f3\u0142 <b style=\"mso-bidi-font-weight: normal;\">nie jest jak\u0105\u015b zmursza\u0142\u0105 instytucj\u0105,<\/b> albo gromad\u0105 <b style=\"mso-bidi-font-weight: normal;\">stetrycza\u0142ych i zdziwacza\u0142ych dziadk\u00f3w,<\/b> kt\u00f3rzy na m\u0142odych i pe\u0142nych wigoru, ch\u0119tnych do \u017cycia ludzi <b style=\"mso-bidi-font-weight: normal;\">nak\u0142adaj\u0105 p\u0119ta<\/b> \u2013 jak przys\u0142owiowy pies ogrodnika, kt\u00f3ry sam nie zje, ale i innych nie dopu\u015bci! <b style=\"mso-bidi-font-weight: normal;\">Nie, to nie tak!<\/b> <\/div>\n<div class=\"MsoNormal\" style=\"text-align: justify; text-indent: 35.4pt;\">To sam Jezus wzywa \u2013 a do czego? <b style=\"mso-bidi-font-weight: normal;\">Do zachowania zasad zdrowego rozs\u0105dku! Tak, naprawd\u0119!<\/b> Je\u015bli si\u0119 tak uwa\u017cnie wczyta\u0107 w to, co m\u00f3wi i do czego zach\u0119ca, a jeszcze spojrze\u0107 na to przez pryzmat \u017cyciowego do\u015bwiadczenia, to szybko si\u0119 przekonamy, \u017ce <b style=\"mso-bidi-font-weight: normal;\">On ma racj\u0119! I \u017ce On nie chce dla nas niczego z\u0142ego!<\/b> <\/div>\n<div class=\"MsoNormal\" style=\"text-align: justify; text-indent: 35.4pt;\">Bo wystarczy tylko <b style=\"mso-bidi-font-weight: normal;\">popatrze\u0107 na ludzi, kt\u00f3rzy nie zachowali \u017cadnych ogranicze\u0144<\/b> w jedzeniu i piciu, w seksualnym wsp\u00f3\u0142\u017cyciu i poszukiwaniu innych dora\u017anych przyjemno\u015bci, w pogoni za pieni\u0105dzem i za s\u0142aw\u0105\u2026 Znamy takich ludzi, widzimy ich cz\u0119sto, mamy ich blisko siebie! A mo\u017ce i nam si\u0119 kiedy\u015b zdarzy\u0142o wpa\u015b\u0107 w tak\u0105 pu\u0142apk\u0119 \u2013 z pewno\u015bci\u0105 wi\u0119c szybko i konkretnie odpowiemy na pytanie: <b style=\"mso-bidi-font-weight: normal;\">czy tacy ludzie s\u0105 szcz\u0119\u015bliwi? I czy naprawd\u0119 maj\u0105 to, czego chcieli?<\/b> <\/div>\n<div class=\"MsoNormal\" style=\"text-align: justify; text-indent: 35.4pt;\">Czy osi\u0105gn\u0105wszy syto\u015b\u0107 jedzenia, picia, pieni\u0119dzy, w\u0142adzy, znaczenia, rozrywki \u2013 <b style=\"mso-bidi-font-weight: normal;\">czy stali si\u0119 przez to naprawd\u0119 szcz\u0119\u015bliwymi? <\/b>Czy mo\u017ce jednak to wszystko sta\u0142o si\u0119 w ich \u017cyciu tak\u0105 besti\u0105, o jakiej m\u00f3wi proroctwo Daniela w dzisiejszym pierwszym czytaniu? <b style=\"mso-bidi-font-weight: normal;\">Mo\u017ce sta\u0142o si\u0119 takim niezno\u015bnym balastem, kul\u0105 u nogi, totalnym przesytem?<\/b>\u2026 <\/div>\n<div class=\"MsoNormal\" style=\"text-align: justify; text-indent: 35.4pt;\">Dlatego te\u017c, zamiast sro\u017cy\u0107 si\u0119 z g\u00f3ry na Jezusa i Jego Ewangeli\u0119 i ju\u017c na zapas dopatrywa\u0107 si\u0119 w niej bolesnych i niezno\u015bnych ogranicze\u0144 \u2013 mo\u017ce jednak warto dopu\u015bci\u0107 do siebie my\u015bl, <b style=\"mso-bidi-font-weight: normal;\">\u017ce jest to dla nas naprawd\u0119 dobre rozwi\u0105zanie i mo\u017ce by tak jednak Jezusowi uwierzy\u0107?<\/b>\u2026 I z Jego rady skorzysta\u0107?\u2026 Zreszt\u0105, gdyby si\u0119 okaza\u0142o, \u017ce nie mia\u0142 racji \u2013 przecie\u017c zawsze mo\u017cna si\u0119 wycofa\u0107. <b style=\"mso-bidi-font-weight: normal;\">Ale je\u017celi jednak mia\u0142 racj\u0119?<\/b>\u2026<\/div>\n","protected":false},"excerpt":{"rendered":"<p>Szcz\u0119\u015b\u0107 Bo\u017ce! Dzisiaj ostatni dzie\u0144 roku liturgicznego. Jezus w swoim S\u0142owie wzywa nas do czuwania. Zapraszam do refleksji nad tym, \u017ce to Jezusowe wezwanie nie jest \u017cadnym ograniczeniem dla cz\u0142owieka, ale wyrazem szczerej troski naszego Zbawiciela o ka\u017cd\u0105 i ka\u017cdego z nas&#8230; Dzi\u0119kujmy Panu za ca\u0142y ten rok liturgiczny i za prze\u017cywanie poszczeg\u00f3lnych, kolejnych tajemnic [&hellip;]<\/p>\n","protected":false},"author":1,"featured_media":0,"comment_status":"open","ping_status":"open","sticky":false,"template":"","format":"standard","meta":{"jetpack_post_was_ever_published":false,"_jetpack_newsletter_access":"","_jetpack_dont_email_post_to_subs":false,"_jetpack_newsletter_tier_id":0,"_jetpack_memberships_contains_paywalled_content":false,"_jetpack_memberships_contains_paid_content":false,"footnotes":""},"categories":[1],"tags":[],"class_list":["post-9660","post","type-post","status-publish","format-standard","hentry","category-bez-kategorii"],"yoast_head":"<!-- This site is optimized with the Yoast SEO plugin v25.1 - https:\/\/yoast.com\/wordpress\/plugins\/seo\/ -->\n<title>Czuwajcie - aby\u015bcie mogli stan\u0105\u0107 przed Synem Cz\u0142owieczym! - Gaudium Et Spes<\/title>\n<meta name=\"robots\" content=\"index, follow, max-snippet:-1, max-image-preview:large, max-video-preview:-1\" \/>\n<link rel=\"canonical\" href=\"https:\/\/gaudiumetspes-blog.pl\/index.php\/2011\/11\/26\/czuwajcie-abyscie-mogli-stanac-przed\/\" \/>\n<meta property=\"og:locale\" content=\"pl_PL\" \/>\n<meta property=\"og:type\" content=\"article\" \/>\n<meta property=\"og:title\" content=\"Czuwajcie - aby\u015bcie mogli stan\u0105\u0107 przed Synem Cz\u0142owieczym! - Gaudium Et Spes\" \/>\n<meta property=\"og:description\" content=\"Szcz\u0119\u015b\u0107 Bo\u017ce! Dzisiaj ostatni dzie\u0144 roku liturgicznego. Jezus w swoim S\u0142owie wzywa nas do czuwania. Zapraszam do refleksji nad tym, \u017ce to Jezusowe wezwanie nie jest \u017cadnym ograniczeniem dla cz\u0142owieka, ale wyrazem szczerej troski naszego Zbawiciela o ka\u017cd\u0105 i ka\u017cdego z nas&#8230; Dzi\u0119kujmy Panu za ca\u0142y ten rok liturgiczny i za prze\u017cywanie poszczeg\u00f3lnych, kolejnych tajemnic [&hellip;]\" \/>\n<meta property=\"og:url\" content=\"https:\/\/gaudiumetspes-blog.pl\/index.php\/2011\/11\/26\/czuwajcie-abyscie-mogli-stanac-przed\/\" \/>\n<meta property=\"og:site_name\" content=\"Gaudium Et Spes\" \/>\n<meta property=\"article:published_time\" content=\"2011-11-26T04:45:00+00:00\" \/>\n<meta property=\"article:modified_time\" content=\"2019-07-31T10:52:49+00:00\" \/>\n<meta name=\"author\" content=\"Ks. Jacek\" \/>\n<meta name=\"twitter:card\" content=\"summary_large_image\" \/>\n<meta name=\"twitter:label1\" content=\"Napisane przez\" \/>\n\t<meta name=\"twitter:data1\" content=\"Ks. Jacek\" \/>\n\t<meta name=\"twitter:label2\" content=\"Szacowany czas czytania\" \/>\n\t<meta name=\"twitter:data2\" content=\"5 minut\" \/>\n<script type=\"application\/ld+json\" class=\"yoast-schema-graph\">{\"@context\":\"https:\/\/schema.org\",\"@graph\":[{\"@type\":\"WebPage\",\"@id\":\"https:\/\/gaudiumetspes-blog.pl\/index.php\/2011\/11\/26\/czuwajcie-abyscie-mogli-stanac-przed\/\",\"url\":\"https:\/\/gaudiumetspes-blog.pl\/index.php\/2011\/11\/26\/czuwajcie-abyscie-mogli-stanac-przed\/\",\"name\":\"Czuwajcie - aby\u015bcie mogli stan\u0105\u0107 przed Synem Cz\u0142owieczym! - Gaudium Et Spes\",\"isPartOf\":{\"@id\":\"https:\/\/gaudiumetspes-blog.pl\/#website\"},\"datePublished\":\"2011-11-26T04:45:00+00:00\",\"dateModified\":\"2019-07-31T10:52:49+00:00\",\"author\":{\"@id\":\"https:\/\/gaudiumetspes-blog.pl\/#\/schema\/person\/1661982992b752dea8dff0d4ed845a65\"},\"breadcrumb\":{\"@id\":\"https:\/\/gaudiumetspes-blog.pl\/index.php\/2011\/11\/26\/czuwajcie-abyscie-mogli-stanac-przed\/#breadcrumb\"},\"inLanguage\":\"pl-PL\",\"potentialAction\":[{\"@type\":\"ReadAction\",\"target\":[\"https:\/\/gaudiumetspes-blog.pl\/index.php\/2011\/11\/26\/czuwajcie-abyscie-mogli-stanac-przed\/\"]}]},{\"@type\":\"BreadcrumbList\",\"@id\":\"https:\/\/gaudiumetspes-blog.pl\/index.php\/2011\/11\/26\/czuwajcie-abyscie-mogli-stanac-przed\/#breadcrumb\",\"itemListElement\":[{\"@type\":\"ListItem\",\"position\":1,\"name\":\"Strona g\u0142\u00f3wna\",\"item\":\"https:\/\/gaudiumetspes-blog.pl\/\"},{\"@type\":\"ListItem\",\"position\":2,\"name\":\"Czuwajcie &#8211; aby\u015bcie mogli stan\u0105\u0107 przed&nbsp;Synem Cz\u0142owieczym!\"}]},{\"@type\":\"WebSite\",\"@id\":\"https:\/\/gaudiumetspes-blog.pl\/#website\",\"url\":\"https:\/\/gaudiumetspes-blog.pl\/\",\"name\":\"Gaudium Et Spes\",\"description\":\"Blog Ks. Jacka Ja\u015bkowskiego\",\"potentialAction\":[{\"@type\":\"SearchAction\",\"target\":{\"@type\":\"EntryPoint\",\"urlTemplate\":\"https:\/\/gaudiumetspes-blog.pl\/?s={search_term_string}\"},\"query-input\":{\"@type\":\"PropertyValueSpecification\",\"valueRequired\":true,\"valueName\":\"search_term_string\"}}],\"inLanguage\":\"pl-PL\"},{\"@type\":\"Person\",\"@id\":\"https:\/\/gaudiumetspes-blog.pl\/#\/schema\/person\/1661982992b752dea8dff0d4ed845a65\",\"name\":\"Ks. Jacek\",\"image\":{\"@type\":\"ImageObject\",\"inLanguage\":\"pl-PL\",\"@id\":\"https:\/\/gaudiumetspes-blog.pl\/#\/schema\/person\/image\/\",\"url\":\"https:\/\/gaudiumetspes-blog.pl\/wp-content\/uploads\/2019\/07\/avatar-JJ-150x150.jpg\",\"contentUrl\":\"https:\/\/gaudiumetspes-blog.pl\/wp-content\/uploads\/2019\/07\/avatar-JJ-150x150.jpg\",\"caption\":\"Ks. Jacek\"},\"description\":\"Witam serdecznie! K\u0142ania si\u0119 Ks. Jacek Ja\u015bkowski. Nie jestem ani kim\u015b wa\u017cnym, ani kim\u015b znanym. Jestem ksi\u0119dzem, kt\u00f3ry po prostu chce rozmawia\u0107. Codzienna kap\u0142a\u0144ska pos\u0142uga pokazuje mi, \u017ce temat\u00f3w do rozm\u00f3w z ksi\u0119dzem jest coraz wi\u0119cej i dzisiaj \u017caden ksi\u0105dz nie mo\u017ce od nich ucieka\u0107, ale - wprost przeciwnie - podejmowa\u0107 nowe wyzwania. To przekonanie sk\u0142oni\u0142o mnie do pr\u00f3by otwarcia tego\u017c bloga, chocia\u017c okazji do rozm\u00f3w na co dzie\u0144 - w konfesjonale i poza nim - na szcz\u0119\u015bcie nie brakuje. My\u015bl\u0119 jednak, \u017ce ten blog b\u0119dzie jeszcze jednym sposobem i przestrzeni\u0105 nawi\u0105zania kontaktu z lud\u017ami dobrej woli, otwartymi na dialog.\",\"url\":\"https:\/\/gaudiumetspes-blog.pl\/index.php\/author\/ks-jacek\/\"}]}<\/script>\n<!-- \/ Yoast SEO plugin. -->","yoast_head_json":{"title":"Czuwajcie - aby\u015bcie mogli stan\u0105\u0107 przed Synem Cz\u0142owieczym! - Gaudium Et Spes","robots":{"index":"index","follow":"follow","max-snippet":"max-snippet:-1","max-image-preview":"max-image-preview:large","max-video-preview":"max-video-preview:-1"},"canonical":"https:\/\/gaudiumetspes-blog.pl\/index.php\/2011\/11\/26\/czuwajcie-abyscie-mogli-stanac-przed\/","og_locale":"pl_PL","og_type":"article","og_title":"Czuwajcie - aby\u015bcie mogli stan\u0105\u0107 przed Synem Cz\u0142owieczym! - Gaudium Et Spes","og_description":"Szcz\u0119\u015b\u0107 Bo\u017ce! Dzisiaj ostatni dzie\u0144 roku liturgicznego. Jezus w swoim S\u0142owie wzywa nas do czuwania. Zapraszam do refleksji nad tym, \u017ce to Jezusowe wezwanie nie jest \u017cadnym ograniczeniem dla cz\u0142owieka, ale wyrazem szczerej troski naszego Zbawiciela o ka\u017cd\u0105 i ka\u017cdego z nas&#8230; Dzi\u0119kujmy Panu za ca\u0142y ten rok liturgiczny i za prze\u017cywanie poszczeg\u00f3lnych, kolejnych tajemnic [&hellip;]","og_url":"https:\/\/gaudiumetspes-blog.pl\/index.php\/2011\/11\/26\/czuwajcie-abyscie-mogli-stanac-przed\/","og_site_name":"Gaudium Et Spes","article_published_time":"2011-11-26T04:45:00+00:00","article_modified_time":"2019-07-31T10:52:49+00:00","author":"Ks. Jacek","twitter_card":"summary_large_image","twitter_misc":{"Napisane przez":"Ks. Jacek","Szacowany czas czytania":"5 minut"},"schema":{"@context":"https:\/\/schema.org","@graph":[{"@type":"WebPage","@id":"https:\/\/gaudiumetspes-blog.pl\/index.php\/2011\/11\/26\/czuwajcie-abyscie-mogli-stanac-przed\/","url":"https:\/\/gaudiumetspes-blog.pl\/index.php\/2011\/11\/26\/czuwajcie-abyscie-mogli-stanac-przed\/","name":"Czuwajcie - aby\u015bcie mogli stan\u0105\u0107 przed Synem Cz\u0142owieczym! - Gaudium Et Spes","isPartOf":{"@id":"https:\/\/gaudiumetspes-blog.pl\/#website"},"datePublished":"2011-11-26T04:45:00+00:00","dateModified":"2019-07-31T10:52:49+00:00","author":{"@id":"https:\/\/gaudiumetspes-blog.pl\/#\/schema\/person\/1661982992b752dea8dff0d4ed845a65"},"breadcrumb":{"@id":"https:\/\/gaudiumetspes-blog.pl\/index.php\/2011\/11\/26\/czuwajcie-abyscie-mogli-stanac-przed\/#breadcrumb"},"inLanguage":"pl-PL","potentialAction":[{"@type":"ReadAction","target":["https:\/\/gaudiumetspes-blog.pl\/index.php\/2011\/11\/26\/czuwajcie-abyscie-mogli-stanac-przed\/"]}]},{"@type":"BreadcrumbList","@id":"https:\/\/gaudiumetspes-blog.pl\/index.php\/2011\/11\/26\/czuwajcie-abyscie-mogli-stanac-przed\/#breadcrumb","itemListElement":[{"@type":"ListItem","position":1,"name":"Strona g\u0142\u00f3wna","item":"https:\/\/gaudiumetspes-blog.pl\/"},{"@type":"ListItem","position":2,"name":"Czuwajcie &#8211; aby\u015bcie mogli stan\u0105\u0107 przed&nbsp;Synem Cz\u0142owieczym!"}]},{"@type":"WebSite","@id":"https:\/\/gaudiumetspes-blog.pl\/#website","url":"https:\/\/gaudiumetspes-blog.pl\/","name":"Gaudium Et Spes","description":"Blog Ks. Jacka Ja\u015bkowskiego","potentialAction":[{"@type":"SearchAction","target":{"@type":"EntryPoint","urlTemplate":"https:\/\/gaudiumetspes-blog.pl\/?s={search_term_string}"},"query-input":{"@type":"PropertyValueSpecification","valueRequired":true,"valueName":"search_term_string"}}],"inLanguage":"pl-PL"},{"@type":"Person","@id":"https:\/\/gaudiumetspes-blog.pl\/#\/schema\/person\/1661982992b752dea8dff0d4ed845a65","name":"Ks. Jacek","image":{"@type":"ImageObject","inLanguage":"pl-PL","@id":"https:\/\/gaudiumetspes-blog.pl\/#\/schema\/person\/image\/","url":"https:\/\/gaudiumetspes-blog.pl\/wp-content\/uploads\/2019\/07\/avatar-JJ-150x150.jpg","contentUrl":"https:\/\/gaudiumetspes-blog.pl\/wp-content\/uploads\/2019\/07\/avatar-JJ-150x150.jpg","caption":"Ks. Jacek"},"description":"Witam serdecznie! K\u0142ania si\u0119 Ks. Jacek Ja\u015bkowski. Nie jestem ani kim\u015b wa\u017cnym, ani kim\u015b znanym. Jestem ksi\u0119dzem, kt\u00f3ry po prostu chce rozmawia\u0107. Codzienna kap\u0142a\u0144ska pos\u0142uga pokazuje mi, \u017ce temat\u00f3w do rozm\u00f3w z ksi\u0119dzem jest coraz wi\u0119cej i dzisiaj \u017caden ksi\u0105dz nie mo\u017ce od nich ucieka\u0107, ale - wprost przeciwnie - podejmowa\u0107 nowe wyzwania. To przekonanie sk\u0142oni\u0142o mnie do pr\u00f3by otwarcia tego\u017c bloga, chocia\u017c okazji do rozm\u00f3w na co dzie\u0144 - w konfesjonale i poza nim - na szcz\u0119\u015bcie nie brakuje. My\u015bl\u0119 jednak, \u017ce ten blog b\u0119dzie jeszcze jednym sposobem i przestrzeni\u0105 nawi\u0105zania kontaktu z lud\u017ami dobrej woli, otwartymi na dialog.","url":"https:\/\/gaudiumetspes-blog.pl\/index.php\/author\/ks-jacek\/"}]}},"jetpack_featured_media_url":"","jetpack_sharing_enabled":true,"_links":{"self":[{"href":"https:\/\/gaudiumetspes-blog.pl\/index.php\/wp-json\/wp\/v2\/posts\/9660","targetHints":{"allow":["GET"]}}],"collection":[{"href":"https:\/\/gaudiumetspes-blog.pl\/index.php\/wp-json\/wp\/v2\/posts"}],"about":[{"href":"https:\/\/gaudiumetspes-blog.pl\/index.php\/wp-json\/wp\/v2\/types\/post"}],"author":[{"embeddable":true,"href":"https:\/\/gaudiumetspes-blog.pl\/index.php\/wp-json\/wp\/v2\/users\/1"}],"replies":[{"embeddable":true,"href":"https:\/\/gaudiumetspes-blog.pl\/index.php\/wp-json\/wp\/v2\/comments?post=9660"}],"version-history":[{"count":1,"href":"https:\/\/gaudiumetspes-blog.pl\/index.php\/wp-json\/wp\/v2\/posts\/9660\/revisions"}],"predecessor-version":[{"id":10423,"href":"https:\/\/gaudiumetspes-blog.pl\/index.php\/wp-json\/wp\/v2\/posts\/9660\/revisions\/10423"}],"wp:attachment":[{"href":"https:\/\/gaudiumetspes-blog.pl\/index.php\/wp-json\/wp\/v2\/media?parent=9660"}],"wp:term":[{"taxonomy":"category","embeddable":true,"href":"https:\/\/gaudiumetspes-blog.pl\/index.php\/wp-json\/wp\/v2\/categories?post=9660"},{"taxonomy":"post_tag","embeddable":true,"href":"https:\/\/gaudiumetspes-blog.pl\/index.php\/wp-json\/wp\/v2\/tags?post=9660"}],"curies":[{"name":"wp","href":"https:\/\/api.w.org\/{rel}","templated":true}]}}