{"id":9688,"date":"2011-10-29T07:18:00","date_gmt":"2011-10-29T05:18:00","guid":{"rendered":"https:\/\/gaudiumetspes-blog.pl\/index.php\/2011\/10\/29\/kto-sie-wywyzsza-bedzie-ponizony\/"},"modified":"2019-07-31T12:52:44","modified_gmt":"2019-07-31T10:52:44","slug":"kto-sie-wywyzsza-bedzie-ponizony","status":"publish","type":"post","link":"https:\/\/gaudiumetspes-blog.pl\/index.php\/2011\/10\/29\/kto-sie-wywyzsza-bedzie-ponizony\/","title":{"rendered":"Kto si\u0119 wywy\u017csza &#8211; b\u0119dzie poni\u017cony!"},"content":{"rendered":"<p><\/p>\n<div class=\"MsoNormal\" style=\"text-align: justify;\">Szcz\u0119\u015b\u0107 Bo\u017ce! Kochani, pi\u0119kna dyskusja wywi\u0105za\u0142a si\u0119 pod wczorajszym rozwa\u017caniem. Dzi\u0119kuj\u0119 za ni\u0105! Odnios\u0119 si\u0119 do niej dzisiaj po po\u0142udniu, bo ju\u017c biegn\u0119 na spotkanie ze swoj\u0105 S\u0142u\u017cb\u0105 Liturgiczn\u0105, potem mam spotkanie z Lektorami &#8211; Animatorami grup. A potem &#8211; spokojnie wszystko przeczytam, przemy\u015bl\u0119 i co\u015b napisz\u0119. Ale bardzo si\u0119 ciesz\u0119, Kochani, \u017ce jeste\u015bcie na blogu i chcecie z bogactwa swoich serc dzieli\u0107 si\u0119 z nami wszystkim swymi przemy\u015bleniami. Jak\u017ce to podnosi warto\u015b\u0107 tego forum! Oczywi\u015bcie &#8211; zach\u0119camy te\u017c innych do zabierania g\u0142osu!<\/div>\n<div class=\"MsoNormal\" style=\"text-align: justify;\">&nbsp;&nbsp;&nbsp; A dzisiaj kilka s\u0142\u00f3w refleksji o wywy\u017cszaniu si\u0119 i uni\u017caniu!<\/div>\n<div class=\"MsoNormal\" style=\"text-align: justify;\">&nbsp;&nbsp;&nbsp;&nbsp;&nbsp;&nbsp;&nbsp;&nbsp;&nbsp;&nbsp;&nbsp;&nbsp;&nbsp;&nbsp;&nbsp;&nbsp;&nbsp;&nbsp;&nbsp;&nbsp;&nbsp; Gaudium et spes!&nbsp; Ks. Jacek<b><br \/>\n<\/b><\/div>\n<div class=\"MsoNormal\" style=\"text-align: justify;\">\n<\/div>\n<div class=\"MsoNormal\" style=\"text-align: justify;\"><b>Sobota 30 tygodnia zwyk\u0142ego, rok I,<\/b><\/div>\n<p><b style=\"mso-bidi-font-weight: normal;\">do czyta\u0144:&nbsp; Rz 11,1\u20132a.11\u201312.25\u201329;&nbsp; \u0141k 14,1.7\u201311<\/b>  <\/p>\n<div class=\"MsoNormal\" style=\"text-align: justify;\">\n<\/div>\n<div class=\"MsoNormal\" style=\"text-align: justify; text-indent: 35.4pt;\">Bardzo <b style=\"mso-bidi-font-weight: normal;\">oczywista i zwyczajna wydaje si\u0119 ta sytuacja,<\/b> kt\u00f3r\u0105 przedstawia nam Jezus w dzisiejszej Ewangelii. Oto uczta, spotkanie przy stole i zajmowanie miejsc. <\/div>\n<div class=\"MsoNormal\" style=\"text-align: justify; text-indent: 35.4pt;\">Dzisiaj w naszych domach, kiedy organizujemy przyj\u0119cia, <b style=\"mso-bidi-font-weight: normal;\">zwykle nie rozsadzamy go\u015bci<\/b> \u2013 oni sami wybieraj\u0105 sobie miejsca, dogaduj\u0105c si\u0119 pomi\u0119dzy sob\u0105, kto si\u0105dzie obok kogo. Ale jeszcze kilkadziesi\u0105t lat temu taki zwyczaj istnia\u0142, i\u017c to <b style=\"mso-bidi-font-weight: normal;\">gospodarz poszczeg\u00f3lnym go\u015bciom wskazywa\u0142 miejsce:<\/b> od tego najbardziej poczesnego, kt\u00f3re przypada\u0142o w udziale najzacniejszemu, zwykle najstarszemu go\u015bciowi, poprzez kolejne, zajmowane przez coraz m\u0142odszych\u2026 <\/div>\n<div class=\"MsoNormal\" style=\"text-align: justify; text-indent: 35.4pt;\">I teraz wyobra\u017amy sobie, \u017ce gospodarz wchodzi z go\u015b\u0107mi do miejsca ucztowania i skonsternowany stwierdza, \u017ce pierwsze miejsce, jakie on przeznaczy\u0142 dla takiego w\u0142a\u015bnie najznakomitszego go\u015bcia, <b style=\"mso-bidi-font-weight: normal;\">nagle jest ju\u017c zaj\u0119te, bo rozsiad\u0142 si\u0119 tam kto\u015b z m\u0142odszych.<\/b> O takiej to sytuacji m\u00f3wi Jezus, stwierdzaj\u0105c, \u017ce gospodarz po prostu <b style=\"mso-bidi-font-weight: normal;\">przeprosi tego samozwa\u0144czego bohatera z pierwszego miejsca i najnormalniej w \u015bwiecie przesadzi go gdzie\u015b dalej.<\/b> <\/div>\n<div class=\"MsoNormal\" style=\"text-align: justify; text-indent: 35.4pt;\">Ale, Kochani, to tylko taki obraz \u2013 sk\u0105din\u0105d znany nam z reali\u00f3w naszego \u017cycia \u2013 ale jednak tylko obraz, sytuacja jedna z wielu. Bo nie mamy przecie\u017c w\u0105tpliwo\u015bci, \u017ce Jezusowi w Jego nauczaniu <b style=\"mso-bidi-font-weight: normal;\">nie chodzi o rozstrzyganie kwestii savoir \u2013 vivre\u2019u przy stole, czy kwestii kulinarnych.<\/b> Ostatnie zdanie dzisiejszej Ewangelii naprowadza nas na w\u0142a\u015bciwe jej rozumienie. Oto bowiem <b style=\"mso-bidi-font-weight: normal;\"><i style=\"mso-bidi-font-style: normal;\">ka\u017cdy, kto si\u0119 wywy\u017csza, b\u0119dzie poni\u017cony, a kto si\u0119 poni\u017ca, b\u0119dzie wywy\u017cszony<\/i><\/b>. <\/div>\n<div class=\"MsoNormal\" style=\"text-align: justify; text-indent: 35.4pt;\">Oj, jak\u017ce to <b style=\"mso-bidi-font-weight: normal;\">aktualne dla nas wszystkich pouczenie. Dla nas wszystkich \u2013 bez wyj\u0105tku!<\/b> Bo w ka\u017cdym z nas jest zapisane takie naturalne pragnienie znaczenia, poczucie warto\u015bci, wa\u017cno\u015bci\u2026 Jednak to <b style=\"mso-bidi-font-weight: normal;\">naturalne<\/b> poczucie warto\u015bci <b style=\"mso-bidi-font-weight: normal;\">bardzo cz\u0119sto przeradza si\u0119 w co\u015b wi\u0119cej: w przesadne <\/b>poczucie warto\u015bci, a wi\u0119c w zwyczajne wywy\u017cszanie si\u0119 nad innymi! I to ju\u017c jest bardzo gro\u017ane, bo \u2013 jak uczy nas do\u015bwiadczenie \u017cyciowe \u2013 rozbija to nasze wzajemne relacje w rodzinach, w miejscach pracy i nauki, w s\u0105siedztwie\u2026 Nie jest przecie\u017c \u017cadn\u0105 tajemnic\u0105, \u017ce u \u017ar\u00f3d\u0142a wi\u0119kszo\u015bci, o ile nie wszystkich grzech\u00f3w, le\u017cy <b style=\"mso-bidi-font-weight: normal;\">egoizm i pycha cz\u0142owieka, przekonanego zawsze i wsz\u0119dzie o swojej racji i o swoim znaczeniu.<\/b> Tak, Kochani, to z tego w\u0142a\u015bnie wynikaj\u0105 wszystkie w\u0142a\u015bciwie grzechy, \u017ce \u201eja mam racj\u0119\u201d, \u017ce \u201eja postawi\u0119 na swoim\u201d, \u201ea jednak to ode mnie wszystko musi zale\u017ce\u0107\u201d! <b style=\"mso-bidi-font-weight: normal;\">Nawet za cen\u0119 odsuni\u0119cia Pana Boga!<\/b> <\/div>\n<div class=\"MsoNormal\" style=\"text-align: justify; text-indent: 35.4pt;\">Bo \u2013 niestety \u2013 kiedy tak stawiamy spraw\u0119, to <b style=\"mso-bidi-font-weight: normal;\">pierwszym, kt\u00f3rego trzeba odsun\u0105\u0107 na dalszy plan, jest w\u0142a\u015bnie B\u00f3g!<\/b> A do tego nie wolno nam dopu\u015bci\u0107! Nie wolno \u2013 bo to pocz\u0105tek prawdziwych dramat\u00f3w! <\/div>\n<div class=\"MsoNormal\" style=\"text-align: justify; text-indent: 35.4pt;\">Trzeba nam zatem <b style=\"mso-bidi-font-weight: normal;\">postawi\u0107 Boga na pierwszym miejscu i Jego zasadami si\u0119 kierowa\u0107,<\/b> a wtedy przekonamy si\u0119, \u017ce i nasza osobista warto\u015b\u0107 na tym nie ucierpi, ale te\u017c w\u0142a\u015bciwie u\u0142o\u017cymy relacje z innymi. Cz\u0142owiek bowiem skromny, kt\u00f3ry \u2013 m\u00f3wi\u0105c nieco kolokwialnie \u2013 zna swoje \u201emiejsce w szeregu\u201d, <b style=\"mso-bidi-font-weight: normal;\">naprawd\u0119 dobrze na tym wychodzi.<\/b> Taki natomiast, kt\u00f3remu si\u0119 wydaje, \u017ce jest gwiazd\u0105, ja\u015bniej\u0105c\u0105 na firmamencie \u2013 nawet je\u017celi u innych wymusi <b style=\"mso-bidi-font-weight: normal;\">strachem pos\u0142usze\u0144stwo i uznanie tej swojej rzekomej wielko\u015bci,<\/b> to jednak kiedy straci swoje stanowisko, swoj\u0105 funkcj\u0119, czy wp\u0142ywy \u2013 <b style=\"mso-bidi-font-weight: normal;\">straci te\u017c ten samozwa\u0144czy blask i znaczenie.<\/b> <\/div>\n<div class=\"MsoNormal\" style=\"text-align: justify; text-indent: 35.4pt;\">Dodajmy jeszcze przy tej okazji, \u017ce nie m\u00f3wimy tutaj o tym, \u017ceby <b style=\"mso-bidi-font-weight: normal;\">zawsze i tylko uznawa\u0107 siebie za cz\u0142owieka nic nie znacz\u0105cego i bezwarto\u015bciowego.<\/b> I tak\u017ce nie bierzemy pod uwag\u0119 sytuacji, w kt\u00f3rej rodzic czy prze\u0142o\u017cony, aby nie zrazi\u0107 swoich dzieci czy podw\u0142adnych, <b style=\"mso-bidi-font-weight: normal;\">milczy na widok z\u0142a, nic nie m\u00f3wi, nie reaguje, bo uwa\u017ca siebie za cichego i skromnego.<\/b> To zupe\u0142nie nie o to chodzi!<\/div>\n<div class=\"MsoNormal\" style=\"text-align: justify; text-indent: 35.4pt;\">W\u0142a\u015bciwy przyk\u0142ad daje nam sam Jezus, kt\u00f3ry b\u0119d\u0105c cichym i pokornego serca, <b style=\"mso-bidi-font-weight: normal;\">nie powstrzymywa\u0142 si\u0119 jednak przed upomnieniem \u2013 i to nieraz bardzo ostrym<\/b> \u2013 tych, kt\u00f3rzy post\u0119powali ob\u0142udnie. Dlatego upomnienie, uczynione z mi\u0142o\u015bci\u0105 i trosk\u0105 o drugiego, <b style=\"mso-bidi-font-weight: normal;\">nie sprzeciwia si\u0119 skromno\u015bci i pokorze.<\/b> Wr\u0119cz przeciwnie: pokora, kt\u00f3ra w swym zasadniczym znaczeniu okre\u015blana jest jako <b style=\"mso-bidi-font-weight: normal;\">prawda o sobie, <\/b>musi zak\u0142ada\u0107 nazwanie rzeczy po imieniu i zgodnie z prawd\u0105 w\u0142a\u015bnie! I nie mo\u017cna tutaj w ten spos\u00f3b stawia\u0107 sprawy, \u017ce <b style=\"mso-bidi-font-weight: normal;\">w takim razie to ja si\u0119 nigdzie nie b\u0119d\u0119 pcha\u0142, ja tam si\u0119 nie nadaj\u0119 do kierowniczych stanowisk, niech to ju\u017c inni wezm\u0105.<\/b> <\/div>\n<div class=\"MsoNormal\" style=\"text-align: justify; text-indent: 35.4pt;\">A szkoda! Bo jednak trzeba tych, kt\u00f3rzy podejm\u0105 odpowiedzialno\u015b\u0107 za innych i pokieruj\u0105 instytucjami i spo\u0142eczno\u015bciami. <b style=\"mso-bidi-font-weight: normal;\">Konieczno\u015b\u0107 istnienia w\u0142adzy jest czym\u015b oczywistym i poniek\u0105d naturalnym.<\/b> I dobrze by\u0142oby, gdyby t\u0119 rol\u0119 podejmowali <b style=\"mso-bidi-font-weight: normal;\">w\u0142a\u015bnie ludzie skromni i pokorni, ludzie m\u0105drzy, stawiaj\u0105cy Boga na pierwszym miejscu.<\/b> Je\u015bli bowiem oni b\u0119d\u0105 \u2013 w imi\u0119 \u017ale rozumianej skromno\u015bci \u2013 unika\u0107 podejmowania takiej odpowiedzialno\u015bci i b\u0119d\u0105 wymawia\u0107 si\u0119 od wzi\u0119cia na siebie tego zadania, to oczywistym jest, <b style=\"mso-bidi-font-weight: normal;\">\u017ce szybko i ch\u0119tnie podejm\u0105 si\u0119 tego r\u00f3\u017cni karierowicze i r\u00f3\u017cne szemrane gwiazdy niskich lot\u00f3w,<\/b> tylko wtedy nie dziwmy si\u0119, \u017ce podw\u0142adni szybko odczuj\u0105 ich w\u0142adz\u0119. <\/div>\n<div class=\"MsoNormal\" style=\"text-align: justify; text-indent: 35.4pt;\">Odno\u015bmy zatem do Boga, moi Drodzy, wszystkie nasze relacje, jakie budowa\u0107 b\u0119dziemy z lud\u017ami <b style=\"mso-bidi-font-weight: normal;\">i kierujmy si\u0119 w tym wzgl\u0119dzie zasadami Bo\u017cymi.<\/b> Kiedy bowiem B\u00f3g b\u0119dzie w centrum <b style=\"mso-bidi-font-weight: normal;\">i On b\u0119dzie na pierwszym miejscu, w\u00f3wczas nasza pozycja i wszystko inne b\u0119dzie na swoim w\u0142a\u015bciwym miejscu.<\/b> A B\u00f3g zawsze wywy\u017csza i docenia tych, kt\u00f3rzy si\u0119 przed nim szczerze uni\u017caj\u0105. Ale to \u2013 w\u0142a\u015bnie! \u2013 <b style=\"mso-bidi-font-weight: normal;\">B\u00f3g niech b\u0119dzie tym, kt\u00f3ry powie: <i style=\"mso-bidi-font-style: normal;\">Przesi\u0105d\u017a si\u0119 wy\u017cej<\/i>! B\u00f3g, a nie ma sami do siebie!<\/b> <\/div>\n<div class=\"MsoNormal\" style=\"text-align: justify; text-indent: 35.4pt;\"><b style=\"mso-bidi-font-weight: normal;\"><i style=\"mso-bidi-font-style: normal;\">Ka\u017cdy bowiem, kto si\u0119 wywy\u017csza, b\u0119dzie poni\u017cony, a kto si\u0119 poni\u017ca, b\u0119dzie wywy\u017cszony<\/i><\/b><b style=\"mso-bidi-font-weight: normal;\">!<\/b><\/div>\n<div class=\"MsoNormal\" style=\"text-align: justify; text-indent: 35.4pt;\">W tym kontek\u015bcie zastan\u00f3wmy si\u0119:<\/div>\n<div class=\"MsoNormal\" style=\"margin-left: 36.0pt; mso-list: l0 level1 lfo1; tab-stops: list 36.0pt; text-align: justify; text-indent: -18.0pt;\">\u00b7&nbsp;&nbsp;&nbsp;&nbsp;&nbsp;&nbsp;&nbsp; Czy na ka\u017cdym kroku \u2013 i za wszelk\u0105 cen\u0119 \u2013 nie zabiegam o to, aby by\u0107 zauwa\u017conym, docenionym, lub nagrodzonym?<\/div>\n<div class=\"MsoNormal\" style=\"margin-left: 36.0pt; mso-list: l0 level1 lfo1; tab-stops: list 36.0pt; text-align: justify; text-indent: -18.0pt;\">\u00b7&nbsp;&nbsp;&nbsp;&nbsp;&nbsp;&nbsp;&nbsp; Czy uczciwie uznaj\u0119 wszelk\u0105 dobr\u0105 prawd\u0119 o sobie \u2013 ale nie po to, aby si\u0119 nad innych wywy\u017csza\u0107, ale by Bogu za dobro dzi\u0119kowa\u0107?<\/div>\n<div class=\"MsoNormal\" style=\"margin-left: 36.0pt; mso-list: l0 level1 lfo1; tab-stops: list 36.0pt; text-align: justify; text-indent: -18.0pt;\">\u00b7&nbsp;&nbsp;&nbsp;&nbsp;&nbsp;&nbsp;&nbsp; Czy potrafi\u0119 uzna\u0107 tak\u017ce trudn\u0105 prawd\u0119 o sobie i wyci\u0105gn\u0105\u0107 z niej konkretne wnioski?<\/div>\n<div class=\"MsoNormal\" style=\"text-align: justify;\">\n<\/div>\n<div class=\"MsoNormal\" style=\"text-align: justify;\"><b style=\"mso-bidi-font-weight: normal;\"><i style=\"mso-bidi-font-style: normal;\">Ka\u017cdy bowiem, kto si\u0119 wywy\u017csza, b\u0119dzie poni\u017cony, a kto si\u0119 poni\u017ca, b\u0119dzie wywy\u017cszony<\/i><\/b><b style=\"mso-bidi-font-weight: normal;\">!<\/b><\/div>\n","protected":false},"excerpt":{"rendered":"<p>Szcz\u0119\u015b\u0107 Bo\u017ce! Kochani, pi\u0119kna dyskusja wywi\u0105za\u0142a si\u0119 pod wczorajszym rozwa\u017caniem. Dzi\u0119kuj\u0119 za ni\u0105! Odnios\u0119 si\u0119 do niej dzisiaj po po\u0142udniu, bo ju\u017c biegn\u0119 na spotkanie ze swoj\u0105 S\u0142u\u017cb\u0105 Liturgiczn\u0105, potem mam spotkanie z Lektorami &#8211; Animatorami grup. A potem &#8211; spokojnie wszystko przeczytam, przemy\u015bl\u0119 i co\u015b napisz\u0119. Ale bardzo si\u0119 ciesz\u0119, Kochani, \u017ce jeste\u015bcie na [&hellip;]<\/p>\n","protected":false},"author":1,"featured_media":0,"comment_status":"open","ping_status":"open","sticky":false,"template":"","format":"standard","meta":{"jetpack_post_was_ever_published":false,"_jetpack_newsletter_access":"","_jetpack_dont_email_post_to_subs":false,"_jetpack_newsletter_tier_id":0,"_jetpack_memberships_contains_paywalled_content":false,"_jetpack_memberships_contains_paid_content":false,"footnotes":""},"categories":[1],"tags":[],"class_list":["post-9688","post","type-post","status-publish","format-standard","hentry","category-bez-kategorii"],"yoast_head":"<!-- This site is optimized with the Yoast SEO plugin v25.1 - https:\/\/yoast.com\/wordpress\/plugins\/seo\/ -->\n<title>Kto si\u0119 wywy\u017csza - b\u0119dzie poni\u017cony! - Gaudium Et Spes<\/title>\n<meta name=\"robots\" content=\"index, follow, max-snippet:-1, max-image-preview:large, max-video-preview:-1\" \/>\n<link rel=\"canonical\" href=\"https:\/\/gaudiumetspes-blog.pl\/index.php\/2011\/10\/29\/kto-sie-wywyzsza-bedzie-ponizony\/\" \/>\n<meta property=\"og:locale\" content=\"pl_PL\" \/>\n<meta property=\"og:type\" content=\"article\" \/>\n<meta property=\"og:title\" content=\"Kto si\u0119 wywy\u017csza - b\u0119dzie poni\u017cony! - Gaudium Et Spes\" \/>\n<meta property=\"og:description\" content=\"Szcz\u0119\u015b\u0107 Bo\u017ce! Kochani, pi\u0119kna dyskusja wywi\u0105za\u0142a si\u0119 pod wczorajszym rozwa\u017caniem. Dzi\u0119kuj\u0119 za ni\u0105! Odnios\u0119 si\u0119 do niej dzisiaj po po\u0142udniu, bo ju\u017c biegn\u0119 na spotkanie ze swoj\u0105 S\u0142u\u017cb\u0105 Liturgiczn\u0105, potem mam spotkanie z Lektorami &#8211; Animatorami grup. A potem &#8211; spokojnie wszystko przeczytam, przemy\u015bl\u0119 i co\u015b napisz\u0119. Ale bardzo si\u0119 ciesz\u0119, Kochani, \u017ce jeste\u015bcie na [&hellip;]\" \/>\n<meta property=\"og:url\" content=\"https:\/\/gaudiumetspes-blog.pl\/index.php\/2011\/10\/29\/kto-sie-wywyzsza-bedzie-ponizony\/\" \/>\n<meta property=\"og:site_name\" content=\"Gaudium Et Spes\" \/>\n<meta property=\"article:published_time\" content=\"2011-10-29T05:18:00+00:00\" \/>\n<meta property=\"article:modified_time\" content=\"2019-07-31T10:52:44+00:00\" \/>\n<meta name=\"author\" content=\"Ks. Jacek\" \/>\n<meta name=\"twitter:card\" content=\"summary_large_image\" \/>\n<meta name=\"twitter:label1\" content=\"Napisane przez\" \/>\n\t<meta name=\"twitter:data1\" content=\"Ks. Jacek\" \/>\n\t<meta name=\"twitter:label2\" content=\"Szacowany czas czytania\" \/>\n\t<meta name=\"twitter:data2\" content=\"6 minut\" \/>\n<script type=\"application\/ld+json\" class=\"yoast-schema-graph\">{\"@context\":\"https:\/\/schema.org\",\"@graph\":[{\"@type\":\"WebPage\",\"@id\":\"https:\/\/gaudiumetspes-blog.pl\/index.php\/2011\/10\/29\/kto-sie-wywyzsza-bedzie-ponizony\/\",\"url\":\"https:\/\/gaudiumetspes-blog.pl\/index.php\/2011\/10\/29\/kto-sie-wywyzsza-bedzie-ponizony\/\",\"name\":\"Kto si\u0119 wywy\u017csza - b\u0119dzie poni\u017cony! - Gaudium Et Spes\",\"isPartOf\":{\"@id\":\"https:\/\/gaudiumetspes-blog.pl\/#website\"},\"datePublished\":\"2011-10-29T05:18:00+00:00\",\"dateModified\":\"2019-07-31T10:52:44+00:00\",\"author\":{\"@id\":\"https:\/\/gaudiumetspes-blog.pl\/#\/schema\/person\/1661982992b752dea8dff0d4ed845a65\"},\"breadcrumb\":{\"@id\":\"https:\/\/gaudiumetspes-blog.pl\/index.php\/2011\/10\/29\/kto-sie-wywyzsza-bedzie-ponizony\/#breadcrumb\"},\"inLanguage\":\"pl-PL\",\"potentialAction\":[{\"@type\":\"ReadAction\",\"target\":[\"https:\/\/gaudiumetspes-blog.pl\/index.php\/2011\/10\/29\/kto-sie-wywyzsza-bedzie-ponizony\/\"]}]},{\"@type\":\"BreadcrumbList\",\"@id\":\"https:\/\/gaudiumetspes-blog.pl\/index.php\/2011\/10\/29\/kto-sie-wywyzsza-bedzie-ponizony\/#breadcrumb\",\"itemListElement\":[{\"@type\":\"ListItem\",\"position\":1,\"name\":\"Strona g\u0142\u00f3wna\",\"item\":\"https:\/\/gaudiumetspes-blog.pl\/\"},{\"@type\":\"ListItem\",\"position\":2,\"name\":\"Kto si\u0119 wywy\u017csza &#8211; b\u0119dzie poni\u017cony!\"}]},{\"@type\":\"WebSite\",\"@id\":\"https:\/\/gaudiumetspes-blog.pl\/#website\",\"url\":\"https:\/\/gaudiumetspes-blog.pl\/\",\"name\":\"Gaudium Et Spes\",\"description\":\"Blog Ks. Jacka Ja\u015bkowskiego\",\"potentialAction\":[{\"@type\":\"SearchAction\",\"target\":{\"@type\":\"EntryPoint\",\"urlTemplate\":\"https:\/\/gaudiumetspes-blog.pl\/?s={search_term_string}\"},\"query-input\":{\"@type\":\"PropertyValueSpecification\",\"valueRequired\":true,\"valueName\":\"search_term_string\"}}],\"inLanguage\":\"pl-PL\"},{\"@type\":\"Person\",\"@id\":\"https:\/\/gaudiumetspes-blog.pl\/#\/schema\/person\/1661982992b752dea8dff0d4ed845a65\",\"name\":\"Ks. Jacek\",\"image\":{\"@type\":\"ImageObject\",\"inLanguage\":\"pl-PL\",\"@id\":\"https:\/\/gaudiumetspes-blog.pl\/#\/schema\/person\/image\/\",\"url\":\"https:\/\/gaudiumetspes-blog.pl\/wp-content\/uploads\/2019\/07\/avatar-JJ-150x150.jpg\",\"contentUrl\":\"https:\/\/gaudiumetspes-blog.pl\/wp-content\/uploads\/2019\/07\/avatar-JJ-150x150.jpg\",\"caption\":\"Ks. Jacek\"},\"description\":\"Witam serdecznie! K\u0142ania si\u0119 Ks. Jacek Ja\u015bkowski. Nie jestem ani kim\u015b wa\u017cnym, ani kim\u015b znanym. Jestem ksi\u0119dzem, kt\u00f3ry po prostu chce rozmawia\u0107. Codzienna kap\u0142a\u0144ska pos\u0142uga pokazuje mi, \u017ce temat\u00f3w do rozm\u00f3w z ksi\u0119dzem jest coraz wi\u0119cej i dzisiaj \u017caden ksi\u0105dz nie mo\u017ce od nich ucieka\u0107, ale - wprost przeciwnie - podejmowa\u0107 nowe wyzwania. To przekonanie sk\u0142oni\u0142o mnie do pr\u00f3by otwarcia tego\u017c bloga, chocia\u017c okazji do rozm\u00f3w na co dzie\u0144 - w konfesjonale i poza nim - na szcz\u0119\u015bcie nie brakuje. My\u015bl\u0119 jednak, \u017ce ten blog b\u0119dzie jeszcze jednym sposobem i przestrzeni\u0105 nawi\u0105zania kontaktu z lud\u017ami dobrej woli, otwartymi na dialog.\",\"url\":\"https:\/\/gaudiumetspes-blog.pl\/index.php\/author\/ks-jacek\/\"}]}<\/script>\n<!-- \/ Yoast SEO plugin. -->","yoast_head_json":{"title":"Kto si\u0119 wywy\u017csza - b\u0119dzie poni\u017cony! - Gaudium Et Spes","robots":{"index":"index","follow":"follow","max-snippet":"max-snippet:-1","max-image-preview":"max-image-preview:large","max-video-preview":"max-video-preview:-1"},"canonical":"https:\/\/gaudiumetspes-blog.pl\/index.php\/2011\/10\/29\/kto-sie-wywyzsza-bedzie-ponizony\/","og_locale":"pl_PL","og_type":"article","og_title":"Kto si\u0119 wywy\u017csza - b\u0119dzie poni\u017cony! - Gaudium Et Spes","og_description":"Szcz\u0119\u015b\u0107 Bo\u017ce! Kochani, pi\u0119kna dyskusja wywi\u0105za\u0142a si\u0119 pod wczorajszym rozwa\u017caniem. Dzi\u0119kuj\u0119 za ni\u0105! Odnios\u0119 si\u0119 do niej dzisiaj po po\u0142udniu, bo ju\u017c biegn\u0119 na spotkanie ze swoj\u0105 S\u0142u\u017cb\u0105 Liturgiczn\u0105, potem mam spotkanie z Lektorami &#8211; Animatorami grup. A potem &#8211; spokojnie wszystko przeczytam, przemy\u015bl\u0119 i co\u015b napisz\u0119. Ale bardzo si\u0119 ciesz\u0119, Kochani, \u017ce jeste\u015bcie na [&hellip;]","og_url":"https:\/\/gaudiumetspes-blog.pl\/index.php\/2011\/10\/29\/kto-sie-wywyzsza-bedzie-ponizony\/","og_site_name":"Gaudium Et Spes","article_published_time":"2011-10-29T05:18:00+00:00","article_modified_time":"2019-07-31T10:52:44+00:00","author":"Ks. Jacek","twitter_card":"summary_large_image","twitter_misc":{"Napisane przez":"Ks. Jacek","Szacowany czas czytania":"6 minut"},"schema":{"@context":"https:\/\/schema.org","@graph":[{"@type":"WebPage","@id":"https:\/\/gaudiumetspes-blog.pl\/index.php\/2011\/10\/29\/kto-sie-wywyzsza-bedzie-ponizony\/","url":"https:\/\/gaudiumetspes-blog.pl\/index.php\/2011\/10\/29\/kto-sie-wywyzsza-bedzie-ponizony\/","name":"Kto si\u0119 wywy\u017csza - b\u0119dzie poni\u017cony! - Gaudium Et Spes","isPartOf":{"@id":"https:\/\/gaudiumetspes-blog.pl\/#website"},"datePublished":"2011-10-29T05:18:00+00:00","dateModified":"2019-07-31T10:52:44+00:00","author":{"@id":"https:\/\/gaudiumetspes-blog.pl\/#\/schema\/person\/1661982992b752dea8dff0d4ed845a65"},"breadcrumb":{"@id":"https:\/\/gaudiumetspes-blog.pl\/index.php\/2011\/10\/29\/kto-sie-wywyzsza-bedzie-ponizony\/#breadcrumb"},"inLanguage":"pl-PL","potentialAction":[{"@type":"ReadAction","target":["https:\/\/gaudiumetspes-blog.pl\/index.php\/2011\/10\/29\/kto-sie-wywyzsza-bedzie-ponizony\/"]}]},{"@type":"BreadcrumbList","@id":"https:\/\/gaudiumetspes-blog.pl\/index.php\/2011\/10\/29\/kto-sie-wywyzsza-bedzie-ponizony\/#breadcrumb","itemListElement":[{"@type":"ListItem","position":1,"name":"Strona g\u0142\u00f3wna","item":"https:\/\/gaudiumetspes-blog.pl\/"},{"@type":"ListItem","position":2,"name":"Kto si\u0119 wywy\u017csza &#8211; b\u0119dzie poni\u017cony!"}]},{"@type":"WebSite","@id":"https:\/\/gaudiumetspes-blog.pl\/#website","url":"https:\/\/gaudiumetspes-blog.pl\/","name":"Gaudium Et Spes","description":"Blog Ks. Jacka Ja\u015bkowskiego","potentialAction":[{"@type":"SearchAction","target":{"@type":"EntryPoint","urlTemplate":"https:\/\/gaudiumetspes-blog.pl\/?s={search_term_string}"},"query-input":{"@type":"PropertyValueSpecification","valueRequired":true,"valueName":"search_term_string"}}],"inLanguage":"pl-PL"},{"@type":"Person","@id":"https:\/\/gaudiumetspes-blog.pl\/#\/schema\/person\/1661982992b752dea8dff0d4ed845a65","name":"Ks. Jacek","image":{"@type":"ImageObject","inLanguage":"pl-PL","@id":"https:\/\/gaudiumetspes-blog.pl\/#\/schema\/person\/image\/","url":"https:\/\/gaudiumetspes-blog.pl\/wp-content\/uploads\/2019\/07\/avatar-JJ-150x150.jpg","contentUrl":"https:\/\/gaudiumetspes-blog.pl\/wp-content\/uploads\/2019\/07\/avatar-JJ-150x150.jpg","caption":"Ks. Jacek"},"description":"Witam serdecznie! K\u0142ania si\u0119 Ks. Jacek Ja\u015bkowski. Nie jestem ani kim\u015b wa\u017cnym, ani kim\u015b znanym. Jestem ksi\u0119dzem, kt\u00f3ry po prostu chce rozmawia\u0107. Codzienna kap\u0142a\u0144ska pos\u0142uga pokazuje mi, \u017ce temat\u00f3w do rozm\u00f3w z ksi\u0119dzem jest coraz wi\u0119cej i dzisiaj \u017caden ksi\u0105dz nie mo\u017ce od nich ucieka\u0107, ale - wprost przeciwnie - podejmowa\u0107 nowe wyzwania. To przekonanie sk\u0142oni\u0142o mnie do pr\u00f3by otwarcia tego\u017c bloga, chocia\u017c okazji do rozm\u00f3w na co dzie\u0144 - w konfesjonale i poza nim - na szcz\u0119\u015bcie nie brakuje. My\u015bl\u0119 jednak, \u017ce ten blog b\u0119dzie jeszcze jednym sposobem i przestrzeni\u0105 nawi\u0105zania kontaktu z lud\u017ami dobrej woli, otwartymi na dialog.","url":"https:\/\/gaudiumetspes-blog.pl\/index.php\/author\/ks-jacek\/"}]}},"jetpack_featured_media_url":"","jetpack_sharing_enabled":true,"_links":{"self":[{"href":"https:\/\/gaudiumetspes-blog.pl\/index.php\/wp-json\/wp\/v2\/posts\/9688","targetHints":{"allow":["GET"]}}],"collection":[{"href":"https:\/\/gaudiumetspes-blog.pl\/index.php\/wp-json\/wp\/v2\/posts"}],"about":[{"href":"https:\/\/gaudiumetspes-blog.pl\/index.php\/wp-json\/wp\/v2\/types\/post"}],"author":[{"embeddable":true,"href":"https:\/\/gaudiumetspes-blog.pl\/index.php\/wp-json\/wp\/v2\/users\/1"}],"replies":[{"embeddable":true,"href":"https:\/\/gaudiumetspes-blog.pl\/index.php\/wp-json\/wp\/v2\/comments?post=9688"}],"version-history":[{"count":1,"href":"https:\/\/gaudiumetspes-blog.pl\/index.php\/wp-json\/wp\/v2\/posts\/9688\/revisions"}],"predecessor-version":[{"id":10395,"href":"https:\/\/gaudiumetspes-blog.pl\/index.php\/wp-json\/wp\/v2\/posts\/9688\/revisions\/10395"}],"wp:attachment":[{"href":"https:\/\/gaudiumetspes-blog.pl\/index.php\/wp-json\/wp\/v2\/media?parent=9688"}],"wp:term":[{"taxonomy":"category","embeddable":true,"href":"https:\/\/gaudiumetspes-blog.pl\/index.php\/wp-json\/wp\/v2\/categories?post=9688"},{"taxonomy":"post_tag","embeddable":true,"href":"https:\/\/gaudiumetspes-blog.pl\/index.php\/wp-json\/wp\/v2\/tags?post=9688"}],"curies":[{"name":"wp","href":"https:\/\/api.w.org\/{rel}","templated":true}]}}