{"id":9689,"date":"2011-10-28T05:40:00","date_gmt":"2011-10-28T03:40:00","guid":{"rendered":"https:\/\/gaudiumetspes-blog.pl\/index.php\/2011\/10\/28\/o-dwoch-apostoach-gorliwym-i-odwazny\/"},"modified":"2019-07-31T12:52:44","modified_gmt":"2019-07-31T10:52:44","slug":"o-dwoch-apostoach-gorliwym-i-odwazny","status":"publish","type":"post","link":"https:\/\/gaudiumetspes-blog.pl\/index.php\/2011\/10\/28\/o-dwoch-apostoach-gorliwym-i-odwazny\/","title":{"rendered":"O dw\u00f3ch Aposto\u0142ach: &#8222;Gorliwym&#8221; i &#8222;Odwa\u017cnym&#8221;&#8230;"},"content":{"rendered":"<p><\/p>\n<div class=\"MsoNormal\" style=\"text-align: justify;\">Szcz\u0119\u015b\u0107 Bo\u017ce! Dzi\u015b wspominamy dw\u00f3ch Aposto\u0142\u00f3w, o kt\u00f3rych nie za wiele wiemy, je\u015bli idzie o ich \u017cyciorysy. Ale wiemy, \u017ce s\u0105 Aposto\u0142ami i \u017ce stali si\u0119 fundamentem Ko\u015bcio\u0142a. S\u0105 oni obaj Patronami diecezji siedleckiej, a wi\u0119c mojej rodzinnej, kt\u00f3r\u0105 ogarniam w zwi\u0105zku tym swoj\u0105 serdeczn\u0105 modlitw\u0105.<\/div>\n<div class=\"MsoNormal\" style=\"text-align: justify;\">&nbsp;&nbsp;&nbsp;&nbsp;&nbsp; Kochani, zach\u0119cam do wczytania si\u0119 w tre\u015b\u0107 modlitw i przem\u00f3wie\u0144 wczorajszego dnia modlitw o pok\u00f3j w Asy\u017cu. Z pewno\u015bci\u0105 znajdziemy je w internecie, mi\u0119dzy innymi &#8211; na stronach Radia Maryja. Zechciejmy si\u0119 w to zag\u0142\u0119bi\u0107 i uczyni\u0107 przedmiotem swoich modlitw.<\/div>\n<div class=\"MsoNormal\" style=\"text-align: justify;\">&nbsp;&nbsp;&nbsp;&nbsp;&nbsp;&nbsp;&nbsp;&nbsp;&nbsp;&nbsp;&nbsp;&nbsp;&nbsp;&nbsp; Gaudium et spes!&nbsp; Ks. Jacek<b><br \/>\n<\/b><\/div>\n<div class=\"MsoNormal\" style=\"text-align: justify;\">\n<\/div>\n<div class=\"MsoNormal\" style=\"text-align: justify;\"><b>\u015awi\u0119to \u015awi\u0119tych Aposto\u0142\u00f3w Szymona i Judy Tadeusza<\/b><\/div>\n<p><b style=\"mso-bidi-font-weight: normal;\">do czyta\u0144 z t. VI Lekcjonarza:&nbsp; Ef 2,19\u201322;&nbsp; \u0141k 6,12\u201319<\/b>  <\/p>\n<div class=\"MsoNormal\" style=\"text-align: justify;\">\n<\/div>\n<div class=\"MsoNormal\" style=\"text-align: justify; text-indent: 35.4pt;\">Pierwszy spo\u015br\u00f3d dzisiejszych Patron\u00f3w, <b style=\"mso-bidi-font-weight: normal;\">\u015awi\u0119ty Szymon,<\/b> jest w Ewangeliach wymieniany w \u015bcis\u0142ym gronie uczni\u00f3w Pana Jezusa, przy czym jest on chyba <b style=\"mso-bidi-font-weight: normal;\">najmniej znanym spo\u015br\u00f3d wszystkich.<\/b> Ewangelie wspominaj\u0105 o nim tylko trzy razy. Mateusz i Marek nadaj\u0105 mu <b style=\"mso-bidi-font-weight: normal;\">przydomek \u201eKananejczyk\u201d.<\/b> Dlatego niekt\u00f3rzy Ojcowie Ko\u015bcio\u0142a <b style=\"mso-bidi-font-weight: normal;\">przypuszczali, \u017ce pochodzi\u0142 z Kany Galilejskiej i by\u0142 owym panem m\u0142odym,<\/b> na kt\u00f3rego weselu Chrystus Pan uczyni\u0142 pierwszy cud. <\/div>\n<div class=\"MsoNormal\" style=\"text-align: justify; text-indent: 35.4pt;\">Wsp\u00f3\u0142cze\u015bnie jednak uznaje si\u0119, \u017ce okre\u015blenie: \u201eKananejczyk\u201d raczej oznacza <b style=\"mso-bidi-font-weight: normal;\">\u201eGorliwy\u201d.<\/b> Zreszt\u0105, \u0141ukasz wprost daje Szymonowi przydomek <b style=\"mso-bidi-font-weight: normal;\">\u201eZelota\u201d, czyli w\u0142a\u015bnie: \u201eGorliwy\u201d \u2013 <\/b>jak przed chwil\u0105 us\u0142yszeli\u015bmy w Ewangelii. A skoro w ca\u0142ym gronie Aposto\u0142\u00f3w tylko Szymon zosta\u0142 tak okre\u015blony, mo\u017ce oznacza\u0107, i\u017c <b style=\"mso-bidi-font-weight: normal;\">faktycznie wyr\u00f3\u017cnia\u0142 si\u0119 w\u015br\u00f3d nich prawo\u015bci\u0105 i surowo\u015bci\u0105 w zachowywaniu Prawa Moj\u017ceszowego i zwyczaj\u00f3w Narodu.<\/b> <\/div>\n<div class=\"MsoNormal\" style=\"text-align: justify; text-indent: 35.4pt;\">Szymon Kananejczyk, czyli Gorliwy, jest we wszystkich katalogach Aposto\u0142\u00f3w wymieniany <b style=\"mso-bidi-font-weight: normal;\">obok \u015awi\u0119tego Jakuba i \u015awi\u0119tego Judy Tadeusza,<\/b> a wi\u0119c dalszych krewnych Chrystusa. To mog\u0142oby sugerowa\u0107, <b style=\"mso-bidi-font-weight: normal;\">\u017ce i on by\u0142 takim krewnym.<\/b> Za tym opowiada si\u0119 cz\u0119\u015b\u0107 Tradycji, kt\u00f3ra okre\u015bla, \u017ce z tego powodu <b style=\"mso-bidi-font-weight: normal;\">mia\u0142 obj\u0105\u0107 stolic\u0119 jerozolimsk\u0105<\/b> po Jakubie Starszym i Jakubie M\u0142odszym jako jej trzeci biskup. Podaje si\u0119 te\u017c, \u017ce poni\u00f3s\u0142 w tym w\u0142a\u015bnie mie\u015bcie \u015bmier\u0107 za cesarza Trajana, kiedy mia\u0142 ju\u017c ponad sto lat. <\/div>\n<div class=\"MsoNormal\" style=\"text-align: justify; text-indent: 35.4pt;\">Jest jednak i taka cz\u0119\u015b\u0107 Tradycji, kt\u00f3ra <b style=\"mso-bidi-font-weight: normal;\">nie uznaje w Szymonie krewnego Jezusa, a \u0142\u0105czy go z drugim dzisiejszym Patronem, \u015awi\u0119tym Jud\u0105 Tadeuszem.<\/b> I to w\u0142a\u015bnie st\u0105d wzi\u0119\u0142o si\u0119 wsp\u00f3lne obchodzenie \u015bwi\u0119ta obu Aposto\u0142\u00f3w i wsp\u00f3lne ich przedstawianie na obrazach. Zgodnie z tymi przekazami, Szymon g\u0142osi\u0142 Ewangeli\u0119 nad Morzem Czerwonym i w Babilonii, a nawet w Egipcie \u2013 i poza Palestyn\u0105, razem z Jud\u0105, <b style=\"mso-bidi-font-weight: normal;\">mia\u0142 ponie\u015b\u0107 \u015bmier\u0107 poprzez przeci\u0119cie drewnian\u0105 pi\u0142\u0105!<\/b> <\/div>\n<div class=\"MsoNormal\" style=\"text-align: justify; text-indent: 35.4pt;\">Tak, czy owak, trzeba przyzna\u0107, \u017ce <b style=\"mso-bidi-font-weight: normal;\">pewnych informacji historycznych na temat tego Aposto\u0142a mamy bardzo niewiele.<\/b> Uznaje si\u0119, \u017ce relikwie obu dzisiejszych Patron\u00f3w znajduj\u0105 si\u0119 w Bazylice \u015awi\u0119tego Piotra w Rzymie, w obecnej Kaplicy Naj\u015bwi\u0119tszego Sakramentu. &nbsp;<\/div>\n<div class=\"MsoNormal\" style=\"text-align: justify; text-indent: 35.4pt;\">Niestety, o \u017cyciu \u015awi\u0119tego Judy tak\u017ce wiemy bardzo ma\u0142o. <b style=\"mso-bidi-font-weight: normal;\">Mia\u0142 przydomek Tadeusz, czyli \u201eOdwa\u017cny\u201d,<\/b> przy czym nie wiadomo, dlaczego Ewangeli\u015bci tak go nazywaj\u0105. By\u0142 bratem \u015awi\u0119tego Jakuba M\u0142odszego, Aposto\u0142a, <b style=\"mso-bidi-font-weight: normal;\">i jednym z krewnych Jezusa.<\/b> Prawdopodobnie jego matk\u0105 by\u0142a Maria Kleofasowa, o kt\u00f3rej wspominaj\u0105 Ewangelie. Imi\u0119 Judy, umieszczone <b style=\"mso-bidi-font-weight: normal;\">na dalszym miejscu w katalogu Aposto\u0142\u00f3w, mo\u017ce sugerowa\u0107, i\u017c p\u00f3\u017aniej wszed\u0142 on do ich grona. <\/b><\/div>\n<div class=\"MsoNormal\" style=\"text-align: justify; text-indent: 35.4pt;\">Juda jest <b style=\"mso-bidi-font-weight: normal;\">autorem jednego z List\u00f3w Nowego Testamentu.<\/b> Sam w nim nazywa siebie bratem Jakuba. Z tego\u017c Listu mo\u017cemy wnioskowa\u0107, \u017ce <b style=\"mso-bidi-font-weight: normal;\">prawdopodobnie by\u0142 cz\u0142owiekiem wykszta\u0142conym. <\/b>List ten napisa\u0142 przed rokiem 67, gdy\u017c pewne jego fragmenty i sformu\u0142owania znajdujemy w p\u00f3\u017aniejszym Li\u015bcie \u015awi\u0119tego Piotra. Po Zes\u0142aniu Ducha \u015awi\u0119tego, Juda g\u0142osi\u0142 Ewangeli\u0119 w Palestynie, Syrii, Egipcie i Mezopotamii. Niekt\u00f3re w\u0119dr\u00f3wki misyjne <b style=\"mso-bidi-font-weight: normal;\">odby\u0142 razem ze \u015awi\u0119tym Szymonem,<\/b> z kt\u00f3rym \u2013 jak by\u0142o wspomniane \u2013 razem ponie\u015bli \u015bmier\u0107 m\u0119cze\u0144sk\u0105. <\/div>\n<div class=\"MsoNormal\" style=\"text-align: justify; text-indent: 35.4pt;\">Niewiele zatem, Kochani, mamy pewnych informacji historycznych o \u017cyciu Szymona i Judy, ale zapewne <b style=\"mso-bidi-font-weight: normal;\">nie one s\u0105 najwa\u017cniejsze.<\/b> Wa\u017cne jest to, \u017ce obaj dzisiejsi nasi Patronowie zostali <b style=\"mso-bidi-font-weight: normal;\">wybrani przez samego Jezusa do Grona Apostolskiego.<\/b> Wyra\u017anie m\u00f3wi o tym dzisiejsza Ewangelia. I wa\u017cne jest to, \u017ce jako Aposto\u0142owie stali si\u0119 fundamentem Ko\u015bcio\u0142a, <b style=\"mso-bidi-font-weight: normal;\"><i style=\"mso-bidi-font-style: normal;\">kt\u00f3rego kamieniem w\u0119gielnym jest sam Chrystus Jezus<\/i><\/b>. Jak pisze Pawe\u0142 Aposto\u0142 w Li\u015bcie do Efezjan: <b style=\"mso-bidi-font-weight: normal;\"><i style=\"mso-bidi-font-style: normal;\">W Nim<\/i> \u2013 czyli Chrystusie \u2013 <i style=\"mso-bidi-font-style: normal;\">zespalana ca\u0142a budowla ro\u015bnie na \u015bwi\u0119t\u0105 w Panu \u015bwi\u0105tyni\u0119. W Nim i wy tak\u017ce wznosicie si\u0119 we wsp\u00f3lnym budowaniu, by stanowi\u0107 mieszkanie Boga przez Ducha<\/i>. <\/b><\/div>\n<div class=\"MsoNormal\" style=\"text-align: justify; text-indent: 35.4pt;\">Tak, moi Drodzy! W\u0142a\u015bnie to jest najwa\u017cniejsze: <b style=\"mso-bidi-font-weight: normal;\">Aposto\u0142owie stali si\u0119 fundamentem Ko\u015bcio\u0142a.<\/b> Wszyscy oni odegrali w Ko\u015bciele tak bardzo wa\u017cn\u0105 rol\u0119. A przecie\u017c wszyscy oni pochodzili z r\u00f3\u017cnych miejsc, <b style=\"mso-bidi-font-weight: normal;\">mieli r\u00f3\u017cne \u017cyciowe do\u015bwiadczenia,<\/b> tak bardzo r\u00f3\u017cne temperamenty! Tak\u017ce \u2013 niestety \u2013 <b style=\"mso-bidi-font-weight: normal;\">r\u00f3\u017cne s\u0142abo\u015bci<\/b>\u2026 A jednak dzisiaj czcimy ich i szanujemy jako naszych Nauczycieli i Przewodnik\u00f3w. <\/div>\n<div class=\"MsoNormal\" style=\"text-align: justify; text-indent: 35.4pt;\">&nbsp;My tak\u017ce, Kochani, <b style=\"mso-bidi-font-weight: normal;\">mamy r\u00f3\u017cne \u017cyciowe do\u015bwiadczenia,<\/b> r\u00f3\u017cne s\u0105 nasze historie i r\u00f3\u017cne problemy prze\u017cywamy. I tak\u017ce do wielu r\u00f3\u017cnych \u2013 oj, jak bardzo r\u00f3\u017cnych \u2013 b\u0142\u0119d\u00f3w i grzech\u00f3w musieliby\u015bmy si\u0119 przyzna\u0107. A jednak pomimo tego, a mo\u017ce: na kanwie tego wszystkiego <b style=\"mso-bidi-font-weight: normal;\">Chrystus buduje swoje wezwanie do apostolstwa,<\/b> swoje zaproszenie do \u017cycia wed\u0142ug jego nauki, do dawania o Nim pe\u0142nego i prawdziwego \u015bwiadectwa. Nikt nie jest na tyle mniej, lub bardziej wa\u017cny, <b style=\"mso-bidi-font-weight: normal;\">aby by\u0142 bardziej lub mniej znacz\u0105cym aposto\u0142em.<\/b> I niczyje do\u015bwiadczenia \u017cyciowe nie s\u0105 na tyle dobre, lub z\u0142e, by kogo\u015b mia\u0142y wyr\u00f3\u017cnia\u0107, czy umniejsza\u0107. <\/div>\n<div class=\"MsoNormal\" style=\"text-align: justify; text-indent: 35.4pt;\">Wa\u017cne jest natomiast, <b style=\"mso-bidi-font-weight: normal;\">jak te do\u015bwiadczenia wykorzystamy i czy je w og\u00f3le wykorzystamy<\/b> do dawania \u015bwiadectwa o swojej wierze, do budowania wi\u0119zi z Jezusem\u2026<\/div>\n<div class=\"MsoNormal\" style=\"text-align: justify; text-indent: 35.4pt;\">W tym kontek\u015bcie pomy\u015blmy:<\/div>\n<div class=\"MsoNormal\" style=\"margin-left: 36.0pt; mso-list: l0 level1 lfo1; tab-stops: list 36.0pt; text-align: justify; text-indent: -18.0pt;\">\u00b7&nbsp;&nbsp;&nbsp;&nbsp;&nbsp;&nbsp;&nbsp; Czy ze swoich trudnych i bolesnych do\u015bwiadcze\u0144 potrafi\u0119 wyci\u0105gn\u0105\u0107 jakie\u015b konkretne dobre wnioski na przysz\u0142o\u015b\u0107?<\/div>\n<div class=\"MsoNormal\" style=\"margin-left: 36.0pt; mso-list: l0 level1 lfo1; tab-stops: list 36.0pt; text-align: justify; text-indent: -18.0pt;\">\u00b7&nbsp;&nbsp;&nbsp;&nbsp;&nbsp;&nbsp;&nbsp; Czy do budowania swojej postawy chrze\u015bcija\u0144skiej wykorzystuj\u0119 ca\u0142e swoje \u017cyciowe do\u015bwiadczenie i ca\u0142\u0105 wiedz\u0119?<\/div>\n<div class=\"MsoNormal\" style=\"margin-left: 36.0pt; mso-list: l0 level1 lfo1; tab-stops: list 36.0pt; text-align: justify; text-indent: -18.0pt;\">\u00b7&nbsp;&nbsp;&nbsp;&nbsp;&nbsp;&nbsp;&nbsp; Czy potrafi\u0119 wycofa\u0107 si\u0119 z tych moich postaw i zachowa\u0144, kt\u00f3re nie zbli\u017caj\u0105 mnie do Boga?<\/div>\n<div class=\"MsoNormal\" style=\"text-align: justify;\">\n<\/div>\n<div class=\"MsoNormal\" style=\"text-align: justify;\"><b style=\"mso-bidi-font-weight: normal;\"><i style=\"mso-bidi-font-style: normal;\">Z nastaniem dnia przywo\u0142a\u0142 swoich uczni\u00f3w i wybra\u0142 spo\u015br\u00f3d nich dwunastu, kt\u00f3rych nazwa\u0142 Aposto\u0142ami<\/i><\/b>.<\/div>\n","protected":false},"excerpt":{"rendered":"<p>Szcz\u0119\u015b\u0107 Bo\u017ce! Dzi\u015b wspominamy dw\u00f3ch Aposto\u0142\u00f3w, o kt\u00f3rych nie za wiele wiemy, je\u015bli idzie o ich \u017cyciorysy. Ale wiemy, \u017ce s\u0105 Aposto\u0142ami i \u017ce stali si\u0119 fundamentem Ko\u015bcio\u0142a. S\u0105 oni obaj Patronami diecezji siedleckiej, a wi\u0119c mojej rodzinnej, kt\u00f3r\u0105 ogarniam w zwi\u0105zku tym swoj\u0105 serdeczn\u0105 modlitw\u0105. &nbsp;&nbsp;&nbsp;&nbsp;&nbsp; Kochani, zach\u0119cam do wczytania si\u0119 w tre\u015b\u0107 modlitw [&hellip;]<\/p>\n","protected":false},"author":1,"featured_media":0,"comment_status":"open","ping_status":"open","sticky":false,"template":"","format":"standard","meta":{"jetpack_post_was_ever_published":false,"_jetpack_newsletter_access":"","_jetpack_dont_email_post_to_subs":false,"_jetpack_newsletter_tier_id":0,"_jetpack_memberships_contains_paywalled_content":false,"_jetpack_memberships_contains_paid_content":false,"footnotes":""},"categories":[1],"tags":[],"class_list":["post-9689","post","type-post","status-publish","format-standard","hentry","category-bez-kategorii"],"yoast_head":"<!-- This site is optimized with the Yoast SEO plugin v25.1 - https:\/\/yoast.com\/wordpress\/plugins\/seo\/ -->\n<title>O dw\u00f3ch Aposto\u0142ach: &quot;Gorliwym&quot; i &quot;Odwa\u017cnym&quot;... - Gaudium Et Spes<\/title>\n<meta name=\"robots\" content=\"index, follow, max-snippet:-1, max-image-preview:large, max-video-preview:-1\" \/>\n<link rel=\"canonical\" href=\"https:\/\/gaudiumetspes-blog.pl\/index.php\/2011\/10\/28\/o-dwoch-apostoach-gorliwym-i-odwazny\/\" \/>\n<meta property=\"og:locale\" content=\"pl_PL\" \/>\n<meta property=\"og:type\" content=\"article\" \/>\n<meta property=\"og:title\" content=\"O dw\u00f3ch Aposto\u0142ach: &quot;Gorliwym&quot; i &quot;Odwa\u017cnym&quot;... - Gaudium Et Spes\" \/>\n<meta property=\"og:description\" content=\"Szcz\u0119\u015b\u0107 Bo\u017ce! Dzi\u015b wspominamy dw\u00f3ch Aposto\u0142\u00f3w, o kt\u00f3rych nie za wiele wiemy, je\u015bli idzie o ich \u017cyciorysy. Ale wiemy, \u017ce s\u0105 Aposto\u0142ami i \u017ce stali si\u0119 fundamentem Ko\u015bcio\u0142a. S\u0105 oni obaj Patronami diecezji siedleckiej, a wi\u0119c mojej rodzinnej, kt\u00f3r\u0105 ogarniam w zwi\u0105zku tym swoj\u0105 serdeczn\u0105 modlitw\u0105. &nbsp;&nbsp;&nbsp;&nbsp;&nbsp; Kochani, zach\u0119cam do wczytania si\u0119 w tre\u015b\u0107 modlitw [&hellip;]\" \/>\n<meta property=\"og:url\" content=\"https:\/\/gaudiumetspes-blog.pl\/index.php\/2011\/10\/28\/o-dwoch-apostoach-gorliwym-i-odwazny\/\" \/>\n<meta property=\"og:site_name\" content=\"Gaudium Et Spes\" \/>\n<meta property=\"article:published_time\" content=\"2011-10-28T03:40:00+00:00\" \/>\n<meta property=\"article:modified_time\" content=\"2019-07-31T10:52:44+00:00\" \/>\n<meta name=\"author\" content=\"Ks. Jacek\" \/>\n<meta name=\"twitter:card\" content=\"summary_large_image\" \/>\n<meta name=\"twitter:label1\" content=\"Napisane przez\" \/>\n\t<meta name=\"twitter:data1\" content=\"Ks. Jacek\" \/>\n\t<meta name=\"twitter:label2\" content=\"Szacowany czas czytania\" \/>\n\t<meta name=\"twitter:data2\" content=\"6 minut\" \/>\n<script type=\"application\/ld+json\" class=\"yoast-schema-graph\">{\"@context\":\"https:\/\/schema.org\",\"@graph\":[{\"@type\":\"WebPage\",\"@id\":\"https:\/\/gaudiumetspes-blog.pl\/index.php\/2011\/10\/28\/o-dwoch-apostoach-gorliwym-i-odwazny\/\",\"url\":\"https:\/\/gaudiumetspes-blog.pl\/index.php\/2011\/10\/28\/o-dwoch-apostoach-gorliwym-i-odwazny\/\",\"name\":\"O dw\u00f3ch Aposto\u0142ach: \\\"Gorliwym\\\" i \\\"Odwa\u017cnym\\\"... - Gaudium Et Spes\",\"isPartOf\":{\"@id\":\"https:\/\/gaudiumetspes-blog.pl\/#website\"},\"datePublished\":\"2011-10-28T03:40:00+00:00\",\"dateModified\":\"2019-07-31T10:52:44+00:00\",\"author\":{\"@id\":\"https:\/\/gaudiumetspes-blog.pl\/#\/schema\/person\/1661982992b752dea8dff0d4ed845a65\"},\"breadcrumb\":{\"@id\":\"https:\/\/gaudiumetspes-blog.pl\/index.php\/2011\/10\/28\/o-dwoch-apostoach-gorliwym-i-odwazny\/#breadcrumb\"},\"inLanguage\":\"pl-PL\",\"potentialAction\":[{\"@type\":\"ReadAction\",\"target\":[\"https:\/\/gaudiumetspes-blog.pl\/index.php\/2011\/10\/28\/o-dwoch-apostoach-gorliwym-i-odwazny\/\"]}]},{\"@type\":\"BreadcrumbList\",\"@id\":\"https:\/\/gaudiumetspes-blog.pl\/index.php\/2011\/10\/28\/o-dwoch-apostoach-gorliwym-i-odwazny\/#breadcrumb\",\"itemListElement\":[{\"@type\":\"ListItem\",\"position\":1,\"name\":\"Strona g\u0142\u00f3wna\",\"item\":\"https:\/\/gaudiumetspes-blog.pl\/\"},{\"@type\":\"ListItem\",\"position\":2,\"name\":\"O&nbsp;dw\u00f3ch Aposto\u0142ach: &#8222;Gorliwym&#8221; i&nbsp;&#8222;Odwa\u017cnym&#8221;&#8230;\"}]},{\"@type\":\"WebSite\",\"@id\":\"https:\/\/gaudiumetspes-blog.pl\/#website\",\"url\":\"https:\/\/gaudiumetspes-blog.pl\/\",\"name\":\"Gaudium Et Spes\",\"description\":\"Blog Ks. Jacka Ja\u015bkowskiego\",\"potentialAction\":[{\"@type\":\"SearchAction\",\"target\":{\"@type\":\"EntryPoint\",\"urlTemplate\":\"https:\/\/gaudiumetspes-blog.pl\/?s={search_term_string}\"},\"query-input\":{\"@type\":\"PropertyValueSpecification\",\"valueRequired\":true,\"valueName\":\"search_term_string\"}}],\"inLanguage\":\"pl-PL\"},{\"@type\":\"Person\",\"@id\":\"https:\/\/gaudiumetspes-blog.pl\/#\/schema\/person\/1661982992b752dea8dff0d4ed845a65\",\"name\":\"Ks. Jacek\",\"image\":{\"@type\":\"ImageObject\",\"inLanguage\":\"pl-PL\",\"@id\":\"https:\/\/gaudiumetspes-blog.pl\/#\/schema\/person\/image\/\",\"url\":\"https:\/\/gaudiumetspes-blog.pl\/wp-content\/uploads\/2019\/07\/avatar-JJ-150x150.jpg\",\"contentUrl\":\"https:\/\/gaudiumetspes-blog.pl\/wp-content\/uploads\/2019\/07\/avatar-JJ-150x150.jpg\",\"caption\":\"Ks. Jacek\"},\"description\":\"Witam serdecznie! K\u0142ania si\u0119 Ks. Jacek Ja\u015bkowski. Nie jestem ani kim\u015b wa\u017cnym, ani kim\u015b znanym. Jestem ksi\u0119dzem, kt\u00f3ry po prostu chce rozmawia\u0107. Codzienna kap\u0142a\u0144ska pos\u0142uga pokazuje mi, \u017ce temat\u00f3w do rozm\u00f3w z ksi\u0119dzem jest coraz wi\u0119cej i dzisiaj \u017caden ksi\u0105dz nie mo\u017ce od nich ucieka\u0107, ale - wprost przeciwnie - podejmowa\u0107 nowe wyzwania. To przekonanie sk\u0142oni\u0142o mnie do pr\u00f3by otwarcia tego\u017c bloga, chocia\u017c okazji do rozm\u00f3w na co dzie\u0144 - w konfesjonale i poza nim - na szcz\u0119\u015bcie nie brakuje. My\u015bl\u0119 jednak, \u017ce ten blog b\u0119dzie jeszcze jednym sposobem i przestrzeni\u0105 nawi\u0105zania kontaktu z lud\u017ami dobrej woli, otwartymi na dialog.\",\"url\":\"https:\/\/gaudiumetspes-blog.pl\/index.php\/author\/ks-jacek\/\"}]}<\/script>\n<!-- \/ Yoast SEO plugin. -->","yoast_head_json":{"title":"O dw\u00f3ch Aposto\u0142ach: \"Gorliwym\" i \"Odwa\u017cnym\"... - Gaudium Et Spes","robots":{"index":"index","follow":"follow","max-snippet":"max-snippet:-1","max-image-preview":"max-image-preview:large","max-video-preview":"max-video-preview:-1"},"canonical":"https:\/\/gaudiumetspes-blog.pl\/index.php\/2011\/10\/28\/o-dwoch-apostoach-gorliwym-i-odwazny\/","og_locale":"pl_PL","og_type":"article","og_title":"O dw\u00f3ch Aposto\u0142ach: \"Gorliwym\" i \"Odwa\u017cnym\"... - Gaudium Et Spes","og_description":"Szcz\u0119\u015b\u0107 Bo\u017ce! Dzi\u015b wspominamy dw\u00f3ch Aposto\u0142\u00f3w, o kt\u00f3rych nie za wiele wiemy, je\u015bli idzie o ich \u017cyciorysy. Ale wiemy, \u017ce s\u0105 Aposto\u0142ami i \u017ce stali si\u0119 fundamentem Ko\u015bcio\u0142a. S\u0105 oni obaj Patronami diecezji siedleckiej, a wi\u0119c mojej rodzinnej, kt\u00f3r\u0105 ogarniam w zwi\u0105zku tym swoj\u0105 serdeczn\u0105 modlitw\u0105. &nbsp;&nbsp;&nbsp;&nbsp;&nbsp; Kochani, zach\u0119cam do wczytania si\u0119 w tre\u015b\u0107 modlitw [&hellip;]","og_url":"https:\/\/gaudiumetspes-blog.pl\/index.php\/2011\/10\/28\/o-dwoch-apostoach-gorliwym-i-odwazny\/","og_site_name":"Gaudium Et Spes","article_published_time":"2011-10-28T03:40:00+00:00","article_modified_time":"2019-07-31T10:52:44+00:00","author":"Ks. Jacek","twitter_card":"summary_large_image","twitter_misc":{"Napisane przez":"Ks. Jacek","Szacowany czas czytania":"6 minut"},"schema":{"@context":"https:\/\/schema.org","@graph":[{"@type":"WebPage","@id":"https:\/\/gaudiumetspes-blog.pl\/index.php\/2011\/10\/28\/o-dwoch-apostoach-gorliwym-i-odwazny\/","url":"https:\/\/gaudiumetspes-blog.pl\/index.php\/2011\/10\/28\/o-dwoch-apostoach-gorliwym-i-odwazny\/","name":"O dw\u00f3ch Aposto\u0142ach: \"Gorliwym\" i \"Odwa\u017cnym\"... - Gaudium Et Spes","isPartOf":{"@id":"https:\/\/gaudiumetspes-blog.pl\/#website"},"datePublished":"2011-10-28T03:40:00+00:00","dateModified":"2019-07-31T10:52:44+00:00","author":{"@id":"https:\/\/gaudiumetspes-blog.pl\/#\/schema\/person\/1661982992b752dea8dff0d4ed845a65"},"breadcrumb":{"@id":"https:\/\/gaudiumetspes-blog.pl\/index.php\/2011\/10\/28\/o-dwoch-apostoach-gorliwym-i-odwazny\/#breadcrumb"},"inLanguage":"pl-PL","potentialAction":[{"@type":"ReadAction","target":["https:\/\/gaudiumetspes-blog.pl\/index.php\/2011\/10\/28\/o-dwoch-apostoach-gorliwym-i-odwazny\/"]}]},{"@type":"BreadcrumbList","@id":"https:\/\/gaudiumetspes-blog.pl\/index.php\/2011\/10\/28\/o-dwoch-apostoach-gorliwym-i-odwazny\/#breadcrumb","itemListElement":[{"@type":"ListItem","position":1,"name":"Strona g\u0142\u00f3wna","item":"https:\/\/gaudiumetspes-blog.pl\/"},{"@type":"ListItem","position":2,"name":"O&nbsp;dw\u00f3ch Aposto\u0142ach: &#8222;Gorliwym&#8221; i&nbsp;&#8222;Odwa\u017cnym&#8221;&#8230;"}]},{"@type":"WebSite","@id":"https:\/\/gaudiumetspes-blog.pl\/#website","url":"https:\/\/gaudiumetspes-blog.pl\/","name":"Gaudium Et Spes","description":"Blog Ks. Jacka Ja\u015bkowskiego","potentialAction":[{"@type":"SearchAction","target":{"@type":"EntryPoint","urlTemplate":"https:\/\/gaudiumetspes-blog.pl\/?s={search_term_string}"},"query-input":{"@type":"PropertyValueSpecification","valueRequired":true,"valueName":"search_term_string"}}],"inLanguage":"pl-PL"},{"@type":"Person","@id":"https:\/\/gaudiumetspes-blog.pl\/#\/schema\/person\/1661982992b752dea8dff0d4ed845a65","name":"Ks. Jacek","image":{"@type":"ImageObject","inLanguage":"pl-PL","@id":"https:\/\/gaudiumetspes-blog.pl\/#\/schema\/person\/image\/","url":"https:\/\/gaudiumetspes-blog.pl\/wp-content\/uploads\/2019\/07\/avatar-JJ-150x150.jpg","contentUrl":"https:\/\/gaudiumetspes-blog.pl\/wp-content\/uploads\/2019\/07\/avatar-JJ-150x150.jpg","caption":"Ks. Jacek"},"description":"Witam serdecznie! K\u0142ania si\u0119 Ks. Jacek Ja\u015bkowski. Nie jestem ani kim\u015b wa\u017cnym, ani kim\u015b znanym. Jestem ksi\u0119dzem, kt\u00f3ry po prostu chce rozmawia\u0107. Codzienna kap\u0142a\u0144ska pos\u0142uga pokazuje mi, \u017ce temat\u00f3w do rozm\u00f3w z ksi\u0119dzem jest coraz wi\u0119cej i dzisiaj \u017caden ksi\u0105dz nie mo\u017ce od nich ucieka\u0107, ale - wprost przeciwnie - podejmowa\u0107 nowe wyzwania. To przekonanie sk\u0142oni\u0142o mnie do pr\u00f3by otwarcia tego\u017c bloga, chocia\u017c okazji do rozm\u00f3w na co dzie\u0144 - w konfesjonale i poza nim - na szcz\u0119\u015bcie nie brakuje. My\u015bl\u0119 jednak, \u017ce ten blog b\u0119dzie jeszcze jednym sposobem i przestrzeni\u0105 nawi\u0105zania kontaktu z lud\u017ami dobrej woli, otwartymi na dialog.","url":"https:\/\/gaudiumetspes-blog.pl\/index.php\/author\/ks-jacek\/"}]}},"jetpack_featured_media_url":"","jetpack_sharing_enabled":true,"_links":{"self":[{"href":"https:\/\/gaudiumetspes-blog.pl\/index.php\/wp-json\/wp\/v2\/posts\/9689","targetHints":{"allow":["GET"]}}],"collection":[{"href":"https:\/\/gaudiumetspes-blog.pl\/index.php\/wp-json\/wp\/v2\/posts"}],"about":[{"href":"https:\/\/gaudiumetspes-blog.pl\/index.php\/wp-json\/wp\/v2\/types\/post"}],"author":[{"embeddable":true,"href":"https:\/\/gaudiumetspes-blog.pl\/index.php\/wp-json\/wp\/v2\/users\/1"}],"replies":[{"embeddable":true,"href":"https:\/\/gaudiumetspes-blog.pl\/index.php\/wp-json\/wp\/v2\/comments?post=9689"}],"version-history":[{"count":1,"href":"https:\/\/gaudiumetspes-blog.pl\/index.php\/wp-json\/wp\/v2\/posts\/9689\/revisions"}],"predecessor-version":[{"id":10394,"href":"https:\/\/gaudiumetspes-blog.pl\/index.php\/wp-json\/wp\/v2\/posts\/9689\/revisions\/10394"}],"wp:attachment":[{"href":"https:\/\/gaudiumetspes-blog.pl\/index.php\/wp-json\/wp\/v2\/media?parent=9689"}],"wp:term":[{"taxonomy":"category","embeddable":true,"href":"https:\/\/gaudiumetspes-blog.pl\/index.php\/wp-json\/wp\/v2\/categories?post=9689"},{"taxonomy":"post_tag","embeddable":true,"href":"https:\/\/gaudiumetspes-blog.pl\/index.php\/wp-json\/wp\/v2\/tags?post=9689"}],"curies":[{"name":"wp","href":"https:\/\/api.w.org\/{rel}","templated":true}]}}