{"id":9690,"date":"2011-10-27T05:26:00","date_gmt":"2011-10-27T03:26:00","guid":{"rendered":"https:\/\/gaudiumetspes-blog.pl\/index.php\/2011\/10\/27\/prosmy-boga-o-pokoj\/"},"modified":"2019-07-31T12:52:44","modified_gmt":"2019-07-31T10:52:44","slug":"prosmy-boga-o-pokoj","status":"publish","type":"post","link":"https:\/\/gaudiumetspes-blog.pl\/index.php\/2011\/10\/27\/prosmy-boga-o-pokoj\/","title":{"rendered":"Pro\u015bmy Boga o pok\u00f3j!"},"content":{"rendered":"<p><\/p>\n<div class=\"MsoNormal\" style=\"text-align: justify;\">Szcz\u0119\u015b\u0107 Bo\u017ce! Dzisiaj w Asy\u017cu przedstawiciele wielu religii b\u0119d\u0105 modli\u0107 si\u0119 o pok\u00f3j. Zechciejmy i my w\u0142\u0105czy\u0107 si\u0119 w to wsp\u00f3lne wo\u0142anie poprzez nasze modlitwy &#8211; tak o 20.00, jak i&nbsp; wszystkie inne formy rozmowy w Panem. Pro\u015bmy Boga o pok\u00f3j! W naszej Ojczy\u017anie &#8211; i na ca\u0142ym \u015bwiecie. Chyba nikt z nas nie ma w\u0105tpliwo\u015bci, jak bardzo ta modlitwa dzisiaj jest konieczna!<\/div>\n<div class=\"MsoNormal\" style=\"text-align: justify;\">&nbsp;&nbsp;&nbsp;&nbsp;&nbsp;&nbsp;&nbsp;&nbsp;&nbsp;&nbsp;&nbsp;&nbsp;&nbsp;&nbsp; Gaudium et spes!&nbsp; Ks. Jacek<b><br \/>\n<\/b><\/div>\n<div class=\"MsoNormal\" style=\"text-align: justify;\">\n<\/div>\n<div class=\"MsoNormal\" style=\"text-align: justify;\"><b>Czwartek 30 tygodnia zwyk\u0142ego, rok I,<\/b><\/div>\n<p><b style=\"mso-bidi-font-weight: normal;\">do czyta\u0144:&nbsp; Rz 8,31b\u201339;&nbsp; \u0141k 13,31\u201335<\/b>  <\/p>\n<div class=\"MsoNormal\" style=\"text-align: justify;\">\n<\/div>\n<div class=\"MsoNormal\" style=\"text-align: justify; text-indent: 35.4pt;\">Faryzeusze, kt\u00f3rzy przybyli do Jezusa, <b style=\"mso-bidi-font-weight: normal;\">ca\u0142kiem szczerze ostrzegaj\u0105 Go<\/b> przed intrygami Heroda Antypasa. C\u00f3\u017c jednak mog\u0105 znaczy\u0107 intrygi tego <b style=\"mso-bidi-font-weight: normal;\">przebieg\u0142ego lisa<\/b> \u2013 jak si\u0119 o nim wyrazi\u0142 Jezus \u2013 <b style=\"mso-bidi-font-weight: normal;\">wobec niezmiennych i niezmierzonych plan\u00f3w samego Boga?<\/b> Jezus doskonale zdaje sobie spraw\u0119 ze wszystkich niebezpiecze\u0144stw, jakie na Niego czyhaj\u0105, ale przecie\u017c <b style=\"mso-bidi-font-weight: normal;\">On po to w\u0142a\u015bnie przyszed\u0142 na \u015bwiat, aby zmierzy\u0107 si\u0119 z moc\u0105 z\u0142a i ostatecznie je zwyci\u0119\u017cy\u0107!<\/b> Dokona si\u0119 to w odpowiednim czasie \u2013 w czasie wybranym przez Boga \u2013 <b style=\"mso-bidi-font-weight: normal;\">a ludzkie intrygi nie maj\u0105 w tym wzgl\u0119dzie \u017cadnego znaczenia.<\/b> <\/div>\n<div class=\"MsoNormal\" style=\"text-align: justify; text-indent: 35.4pt;\">Kochani, te s\u0142owa Jezusa nape\u0142niaj\u0105 nas pewnym optymizmem i nadziej\u0105, \u017ce na \u015bwiecie \u2013 na szcz\u0119\u015bcie \u2013 <b style=\"mso-bidi-font-weight: normal;\">nie wszystko dzieje si\u0119 wed\u0142ug ludzkich plan\u00f3w,<\/b> tak cz\u0119sto zmiennych i przewrotnych. <b style=\"mso-bidi-font-weight: normal;\">Jest jeszcze B\u00f3g,<\/b> kt\u00f3ry ma swoje plany i do kt\u00f3rego my, wierz\u0105cy, musimy si\u0119 jak najcz\u0119\u015bciej zwraca\u0107 o pomoc. Je\u017celi bowiem nawet ze strony ludzi przebieg\u0142ych mog\u0105 nas spotka\u0107 przeciwno\u015bci i trudno\u015bci, <b style=\"mso-bidi-font-weight: normal;\">to czym\u017ce one s\u0105 wobec mocy Bo\u017cej?<\/b> <\/div>\n<div class=\"MsoNormal\" style=\"text-align: justify; text-indent: 35.4pt;\">\u015awi\u0119ty Pawe\u0142 w pierwszym czytaniu m\u00f3wi dzi\u015b bardzo mocno i jednoznacznie: <b style=\"mso-bidi-font-weight: normal;\"><i style=\"mso-bidi-font-style: normal;\">Je\u017celi B\u00f3g z nami, kt\u00f3\u017c przeciwko nam<\/i>? [\u2026] <i style=\"mso-bidi-font-style: normal;\">Kt\u00f3\u017c nas mo\u017ce od\u0142\u0105czy\u0107 od mi\u0142o\u015bci Chrystusowej<\/i>? <i style=\"mso-bidi-font-style: normal;\">Utrapienie, ucisk czy prze\u015bladowanie, g\u0142\u00f3d czy nago\u015b\u0107, niebezpiecze\u0144stwo czy miecz<\/i>?<\/b> I dalej Aposto\u0142 niejako odpowiada sam sobie na tak postawione pytanie, gdy pisze: <b style=\"mso-bidi-font-weight: normal;\"><i style=\"mso-bidi-font-style: normal;\">Jestem pewien, \u017ce ani \u015bmier\u0107, ani \u017cycie, ani anio\u0142owie, ani zwierzchno\u015bci, ani rzeczy tera\u017aniejsze, ani przysz\u0142e, ani pot\u0119gi, ani co wysokie, ani co g\u0142\u0119bokie, ani jakiekolwiek inne stworzenie nie zdo\u0142a nas od\u0142\u0105czy\u0107 od mi\u0142o\u015bci Boga, kt\u00f3ra jest w Chrystusie Jezusie, Panu naszym<\/i><\/b>. <\/div>\n<div class=\"MsoNormal\" style=\"text-align: justify; text-indent: 35.4pt;\">Tak, to prawda! Nikt i nic nas nie od\u0142\u0105czy od Chrystusa i Jego mi\u0142o\u015bci, <b style=\"mso-bidi-font-weight: normal;\">o ile nie zrobimy tego my sami.<\/b> A na ten problem mocno uczula nas Jezus, kiedy dzisiaj wypowiada s\u0142owa <b style=\"mso-bidi-font-weight: normal;\">dramatycznego wr\u0119cz lamentu nad Jerozolim\u0105,<\/b> kt\u00f3ra zabija prorok\u00f3w, kamienuje tych, co s\u0105 do niej pos\u0142ani i wzbrania si\u0119 przed \u2013 podejmowanymi przez Boga \u2013 <b style=\"mso-bidi-font-weight: normal;\">pr\u00f3bami zaprowadzenia jedno\u015bci i pokoju.<\/b> Oto bowiem tutaj le\u017cy przyczyna wszelakich problem\u00f3w: <b style=\"mso-bidi-font-weight: normal;\">zamkni\u0119te serce cz\u0142owieka!<\/b> <\/div>\n<div class=\"MsoNormal\" style=\"text-align: justify; text-indent: 35.4pt;\">Kiedy zatem dzisiaj podejmuje si\u0119 jakiekolwiek pr\u00f3by zaprowadzania pokoju lub budowania jedno\u015bci, dobrze by\u0142oby zapewne skoncentrowa\u0107 ca\u0142y wysi\u0142ek <b style=\"mso-bidi-font-weight: normal;\">na formowaniu ludzkich serc i kszta\u0142towaniu w nich ducha mi\u0142o\u015bci.<\/b> <\/div>\n<div class=\"MsoNormal\" style=\"text-align: justify; text-indent: 35.4pt;\">Na to w\u0142a\u015bnie zwr\u00f3ci\u0142 uwag\u0119 <b style=\"mso-bidi-font-weight: normal;\">Ojciec \u015awi\u0119ty Benedykt XVI, <\/b>kiedy w czasie wczorajszej audiencji generalnej na Watykanie, wprowadzaj\u0105c w prze\u017cywanie dzisiejszego dnia modlitwy o pok\u00f3j w Asy\u017cu, tak m\u00f3wi\u0142: <\/div>\n<div class=\"MsoNormal\" style=\"text-align: justify; text-indent: 35.4pt;\"><b style=\"mso-bidi-font-weight: normal;\">\u201eTo nie przy pomocy w\u0142adzy, si\u0142y, przemocy, rozprzestrzenia si\u0119 kr\u00f3lestwo pokoju Chrystusa, ale poprzez dar z siebie, przez radykaln\u0105 mi\u0142o\u015b\u0107, a\u017c do umi\u0142owania nieprzyjaci\u00f3\u0142.<\/b> Jezus nie zwyci\u0119\u017ca \u015bwiata si\u0142\u0105 or\u0119\u017ca, lecz moc\u0105 Krzy\u017ca, kt\u00f3ry jest prawdziw\u0105 gwarancj\u0105 zwyci\u0119stwa. W konsekwencji wi\u0119c ka\u017cdy, kto chce by\u0107 uczniem Pana, Jego wys\u0142annikiem, <b style=\"mso-bidi-font-weight: normal;\">musi by\u0107 przygotowany na m\u0119k\u0119 i na m\u0119cze\u0144stwo, na utrat\u0119 swego \u017cycia dla Niego,<\/b> aby w \u015bwiecie mog\u0142o zatryumfowa\u0107 dobro, mi\u0142o\u015b\u0107, pok\u00f3j. Pod tym warunkiem \u2013 wchodz\u0105c w ka\u017cd\u0105 rzeczywisto\u015b\u0107 \u2013 b\u0119dzie mo\u017cna powiedzie\u0107: <b style=\"mso-bidi-font-weight: normal;\"><i style=\"mso-bidi-font-style: normal;\">Pok\u00f3j temu domowi<\/i>.\u201d<\/b> <\/div>\n<div class=\"MsoNormal\" style=\"text-align: justify; text-indent: 35.4pt;\">I dalej Ojciec \u015awi\u0119ty tak m\u00f3wi\u0142: \u201eDrodzy bracia i siostry, <b style=\"mso-bidi-font-weight: normal;\">jako chrze\u015bcijanie chcemy prosi\u0107 Boga o dar pokoju,<\/b> chcemy modli\u0107 si\u0119, aby nas uczyni\u0142 narz\u0119dziami Jego pokoju <b style=\"mso-bidi-font-weight: normal;\">w \u015bwiecie, kt\u00f3ry w dalszym ci\u0105gu jest rozdzierany nienawi\u015bci\u0105, podzia\u0142ami, egoizmem, wojnami<\/b>\u2026 Chcemy Go prosi\u0107, aby jutrzejsze spotkanie w Asy\u017cu przyczyni\u0142o si\u0119 do dialogu mi\u0119dzy lud\u017ami r\u00f3\u017cnych religii i aby przynios\u0142o promie\u0144 \u015bwiat\u0142a, zdolny o\u015bwieci\u0107 umys\u0142y i serca wszystkich ludzi, <b style=\"mso-bidi-font-weight: normal;\">aby urazy ust\u0105pi\u0142y miejsca przebaczeniu, podzia\u0142y pojednaniu, nienawi\u015b\u0107 mi\u0142o\u015bci, przemoc \u0142agodno\u015bci, a w \u015bwiecie zapanowa\u0142 pok\u00f3j.\u201d<\/b> <\/div>\n<div class=\"MsoNormal\" style=\"text-align: justify; text-indent: 35.4pt;\">Tak wzywa\u0142 wczoraj Piotr naszych czas\u00f3w s\u0142owami, kt\u00f3re nie tylko w kontek\u015bcie dzisiejszego dnia modlitw w Asy\u017cu, ale <b style=\"mso-bidi-font-weight: normal;\">stale zachowuj\u0105 swoj\u0105 aktualno\u015b\u0107.<\/b> Niech te wszystkie tre\u015bci i wezwania \u2013 zar\u00f3wno wypowiedziane przez Jezusa, jak i Jego Namiestnika na ziemi \u2013 zach\u0119c\u0105 nas i zmobilizuj\u0105, aby\u015bmy pocz\u0105wszy od zaprowadzenia i utrzymywania pokoju <b style=\"mso-bidi-font-weight: normal;\">we w\u0142asnym sercu,<\/b> a nast\u0119pnie we w\u0142asnym domu, w swoim najbli\u017cszym otoczeniu, stawali si\u0119 prawdziwymi i skutecznymi <b style=\"mso-bidi-font-weight: normal;\">\u015bwiadkami Bo\u017cego pokoju i Bo\u017cej mi\u0142o\u015bci w \u015bwiecie!<\/b><\/div>\n<div style=\"margin-bottom: .0001pt; margin: 0cm; text-align: justify; text-indent: 35.4pt;\">W tym kontek\u015bcie zastan\u00f3wmy si\u0119:<\/div>\n<div style=\"margin-bottom: .0001pt; margin-bottom: 0cm; margin-left: 36.0pt; margin-right: 0cm; margin-top: 0cm; mso-list: l0 level1 lfo1; tab-stops: list 36.0pt; text-align: justify; text-indent: -18.0pt;\">\u00b7&nbsp;&nbsp;&nbsp;&nbsp;&nbsp;&nbsp;&nbsp; Czy stale zachowuj\u0119 stan \u0142aski u\u015bwi\u0119caj\u0105cej, a wi\u0119c stan wolno\u015bci od grzechu ci\u0119\u017ckiego?<\/div>\n<div style=\"margin-bottom: .0001pt; margin-bottom: 0cm; margin-left: 36.0pt; margin-right: 0cm; margin-top: 0cm; mso-list: l0 level1 lfo1; tab-stops: list 36.0pt; text-align: justify; text-indent: -18.0pt;\">\u00b7&nbsp;&nbsp;&nbsp;&nbsp;&nbsp;&nbsp;&nbsp; Czy w swoim sercu nie piel\u0119gnuj\u0119 nienawi\u015bci do kogokolwiek?<\/div>\n<div style=\"margin-bottom: .0001pt; margin-bottom: 0cm; margin-left: 36.0pt; margin-right: 0cm; margin-top: 0cm; mso-list: l0 level1 lfo1; tab-stops: list 36.0pt; text-align: justify; text-indent: -18.0pt;\">\u00b7&nbsp;&nbsp;&nbsp;&nbsp;&nbsp;&nbsp;&nbsp; Czy na bie\u017c\u0105co wyciszam k\u0142\u00f3tnie i nieporozumienia, jakie maj\u0105 miejsce w moim domu i czy sam nie jestem ich przyczyn\u0105?<\/div>\n<div style=\"margin-bottom: .0001pt; margin: 0cm; text-align: justify;\">\n<\/div>\n<div style=\"margin-bottom: .0001pt; margin: 0cm; text-align: justify;\"><b style=\"mso-bidi-font-weight: normal;\"><i style=\"mso-bidi-font-style: normal;\">Je\u017celi B\u00f3g z nami, kt\u00f3\u017c przeciwko nam<\/i><\/b><b style=\"mso-bidi-font-weight: normal;\">?<\/b><b style=\"mso-bidi-font-weight: normal;\"><\/b><\/div>\n","protected":false},"excerpt":{"rendered":"<p>Szcz\u0119\u015b\u0107 Bo\u017ce! Dzisiaj w Asy\u017cu przedstawiciele wielu religii b\u0119d\u0105 modli\u0107 si\u0119 o pok\u00f3j. Zechciejmy i my w\u0142\u0105czy\u0107 si\u0119 w to wsp\u00f3lne wo\u0142anie poprzez nasze modlitwy &#8211; tak o 20.00, jak i&nbsp; wszystkie inne formy rozmowy w Panem. Pro\u015bmy Boga o pok\u00f3j! W naszej Ojczy\u017anie &#8211; i na ca\u0142ym \u015bwiecie. Chyba nikt z nas nie ma [&hellip;]<\/p>\n","protected":false},"author":1,"featured_media":0,"comment_status":"open","ping_status":"open","sticky":false,"template":"","format":"standard","meta":{"jetpack_post_was_ever_published":false,"_jetpack_newsletter_access":"","_jetpack_dont_email_post_to_subs":false,"_jetpack_newsletter_tier_id":0,"_jetpack_memberships_contains_paywalled_content":false,"_jetpack_memberships_contains_paid_content":false,"footnotes":""},"categories":[1],"tags":[],"class_list":["post-9690","post","type-post","status-publish","format-standard","hentry","category-bez-kategorii"],"yoast_head":"<!-- This site is optimized with the Yoast SEO plugin v25.1 - https:\/\/yoast.com\/wordpress\/plugins\/seo\/ -->\n<title>Pro\u015bmy Boga o pok\u00f3j! - Gaudium Et Spes<\/title>\n<meta name=\"robots\" content=\"index, follow, max-snippet:-1, max-image-preview:large, max-video-preview:-1\" \/>\n<link rel=\"canonical\" href=\"https:\/\/gaudiumetspes-blog.pl\/index.php\/2011\/10\/27\/prosmy-boga-o-pokoj\/\" \/>\n<meta property=\"og:locale\" content=\"pl_PL\" \/>\n<meta property=\"og:type\" content=\"article\" \/>\n<meta property=\"og:title\" content=\"Pro\u015bmy Boga o pok\u00f3j! - Gaudium Et Spes\" \/>\n<meta property=\"og:description\" content=\"Szcz\u0119\u015b\u0107 Bo\u017ce! Dzisiaj w Asy\u017cu przedstawiciele wielu religii b\u0119d\u0105 modli\u0107 si\u0119 o pok\u00f3j. Zechciejmy i my w\u0142\u0105czy\u0107 si\u0119 w to wsp\u00f3lne wo\u0142anie poprzez nasze modlitwy &#8211; tak o 20.00, jak i&nbsp; wszystkie inne formy rozmowy w Panem. Pro\u015bmy Boga o pok\u00f3j! W naszej Ojczy\u017anie &#8211; i na ca\u0142ym \u015bwiecie. Chyba nikt z nas nie ma [&hellip;]\" \/>\n<meta property=\"og:url\" content=\"https:\/\/gaudiumetspes-blog.pl\/index.php\/2011\/10\/27\/prosmy-boga-o-pokoj\/\" \/>\n<meta property=\"og:site_name\" content=\"Gaudium Et Spes\" \/>\n<meta property=\"article:published_time\" content=\"2011-10-27T03:26:00+00:00\" \/>\n<meta property=\"article:modified_time\" content=\"2019-07-31T10:52:44+00:00\" \/>\n<meta name=\"author\" content=\"Ks. Jacek\" \/>\n<meta name=\"twitter:card\" content=\"summary_large_image\" \/>\n<meta name=\"twitter:label1\" content=\"Napisane przez\" \/>\n\t<meta name=\"twitter:data1\" content=\"Ks. Jacek\" \/>\n\t<meta name=\"twitter:label2\" content=\"Szacowany czas czytania\" \/>\n\t<meta name=\"twitter:data2\" content=\"5 minut\" \/>\n<script type=\"application\/ld+json\" class=\"yoast-schema-graph\">{\"@context\":\"https:\/\/schema.org\",\"@graph\":[{\"@type\":\"WebPage\",\"@id\":\"https:\/\/gaudiumetspes-blog.pl\/index.php\/2011\/10\/27\/prosmy-boga-o-pokoj\/\",\"url\":\"https:\/\/gaudiumetspes-blog.pl\/index.php\/2011\/10\/27\/prosmy-boga-o-pokoj\/\",\"name\":\"Pro\u015bmy Boga o pok\u00f3j! - Gaudium Et Spes\",\"isPartOf\":{\"@id\":\"https:\/\/gaudiumetspes-blog.pl\/#website\"},\"datePublished\":\"2011-10-27T03:26:00+00:00\",\"dateModified\":\"2019-07-31T10:52:44+00:00\",\"author\":{\"@id\":\"https:\/\/gaudiumetspes-blog.pl\/#\/schema\/person\/1661982992b752dea8dff0d4ed845a65\"},\"breadcrumb\":{\"@id\":\"https:\/\/gaudiumetspes-blog.pl\/index.php\/2011\/10\/27\/prosmy-boga-o-pokoj\/#breadcrumb\"},\"inLanguage\":\"pl-PL\",\"potentialAction\":[{\"@type\":\"ReadAction\",\"target\":[\"https:\/\/gaudiumetspes-blog.pl\/index.php\/2011\/10\/27\/prosmy-boga-o-pokoj\/\"]}]},{\"@type\":\"BreadcrumbList\",\"@id\":\"https:\/\/gaudiumetspes-blog.pl\/index.php\/2011\/10\/27\/prosmy-boga-o-pokoj\/#breadcrumb\",\"itemListElement\":[{\"@type\":\"ListItem\",\"position\":1,\"name\":\"Strona g\u0142\u00f3wna\",\"item\":\"https:\/\/gaudiumetspes-blog.pl\/\"},{\"@type\":\"ListItem\",\"position\":2,\"name\":\"Pro\u015bmy Boga o&nbsp;pok\u00f3j!\"}]},{\"@type\":\"WebSite\",\"@id\":\"https:\/\/gaudiumetspes-blog.pl\/#website\",\"url\":\"https:\/\/gaudiumetspes-blog.pl\/\",\"name\":\"Gaudium Et Spes\",\"description\":\"Blog Ks. Jacka Ja\u015bkowskiego\",\"potentialAction\":[{\"@type\":\"SearchAction\",\"target\":{\"@type\":\"EntryPoint\",\"urlTemplate\":\"https:\/\/gaudiumetspes-blog.pl\/?s={search_term_string}\"},\"query-input\":{\"@type\":\"PropertyValueSpecification\",\"valueRequired\":true,\"valueName\":\"search_term_string\"}}],\"inLanguage\":\"pl-PL\"},{\"@type\":\"Person\",\"@id\":\"https:\/\/gaudiumetspes-blog.pl\/#\/schema\/person\/1661982992b752dea8dff0d4ed845a65\",\"name\":\"Ks. Jacek\",\"image\":{\"@type\":\"ImageObject\",\"inLanguage\":\"pl-PL\",\"@id\":\"https:\/\/gaudiumetspes-blog.pl\/#\/schema\/person\/image\/\",\"url\":\"https:\/\/gaudiumetspes-blog.pl\/wp-content\/uploads\/2019\/07\/avatar-JJ-150x150.jpg\",\"contentUrl\":\"https:\/\/gaudiumetspes-blog.pl\/wp-content\/uploads\/2019\/07\/avatar-JJ-150x150.jpg\",\"caption\":\"Ks. Jacek\"},\"description\":\"Witam serdecznie! K\u0142ania si\u0119 Ks. Jacek Ja\u015bkowski. Nie jestem ani kim\u015b wa\u017cnym, ani kim\u015b znanym. Jestem ksi\u0119dzem, kt\u00f3ry po prostu chce rozmawia\u0107. Codzienna kap\u0142a\u0144ska pos\u0142uga pokazuje mi, \u017ce temat\u00f3w do rozm\u00f3w z ksi\u0119dzem jest coraz wi\u0119cej i dzisiaj \u017caden ksi\u0105dz nie mo\u017ce od nich ucieka\u0107, ale - wprost przeciwnie - podejmowa\u0107 nowe wyzwania. To przekonanie sk\u0142oni\u0142o mnie do pr\u00f3by otwarcia tego\u017c bloga, chocia\u017c okazji do rozm\u00f3w na co dzie\u0144 - w konfesjonale i poza nim - na szcz\u0119\u015bcie nie brakuje. My\u015bl\u0119 jednak, \u017ce ten blog b\u0119dzie jeszcze jednym sposobem i przestrzeni\u0105 nawi\u0105zania kontaktu z lud\u017ami dobrej woli, otwartymi na dialog.\",\"url\":\"https:\/\/gaudiumetspes-blog.pl\/index.php\/author\/ks-jacek\/\"}]}<\/script>\n<!-- \/ Yoast SEO plugin. -->","yoast_head_json":{"title":"Pro\u015bmy Boga o pok\u00f3j! - Gaudium Et Spes","robots":{"index":"index","follow":"follow","max-snippet":"max-snippet:-1","max-image-preview":"max-image-preview:large","max-video-preview":"max-video-preview:-1"},"canonical":"https:\/\/gaudiumetspes-blog.pl\/index.php\/2011\/10\/27\/prosmy-boga-o-pokoj\/","og_locale":"pl_PL","og_type":"article","og_title":"Pro\u015bmy Boga o pok\u00f3j! - Gaudium Et Spes","og_description":"Szcz\u0119\u015b\u0107 Bo\u017ce! Dzisiaj w Asy\u017cu przedstawiciele wielu religii b\u0119d\u0105 modli\u0107 si\u0119 o pok\u00f3j. Zechciejmy i my w\u0142\u0105czy\u0107 si\u0119 w to wsp\u00f3lne wo\u0142anie poprzez nasze modlitwy &#8211; tak o 20.00, jak i&nbsp; wszystkie inne formy rozmowy w Panem. Pro\u015bmy Boga o pok\u00f3j! W naszej Ojczy\u017anie &#8211; i na ca\u0142ym \u015bwiecie. Chyba nikt z nas nie ma [&hellip;]","og_url":"https:\/\/gaudiumetspes-blog.pl\/index.php\/2011\/10\/27\/prosmy-boga-o-pokoj\/","og_site_name":"Gaudium Et Spes","article_published_time":"2011-10-27T03:26:00+00:00","article_modified_time":"2019-07-31T10:52:44+00:00","author":"Ks. Jacek","twitter_card":"summary_large_image","twitter_misc":{"Napisane przez":"Ks. Jacek","Szacowany czas czytania":"5 minut"},"schema":{"@context":"https:\/\/schema.org","@graph":[{"@type":"WebPage","@id":"https:\/\/gaudiumetspes-blog.pl\/index.php\/2011\/10\/27\/prosmy-boga-o-pokoj\/","url":"https:\/\/gaudiumetspes-blog.pl\/index.php\/2011\/10\/27\/prosmy-boga-o-pokoj\/","name":"Pro\u015bmy Boga o pok\u00f3j! - Gaudium Et Spes","isPartOf":{"@id":"https:\/\/gaudiumetspes-blog.pl\/#website"},"datePublished":"2011-10-27T03:26:00+00:00","dateModified":"2019-07-31T10:52:44+00:00","author":{"@id":"https:\/\/gaudiumetspes-blog.pl\/#\/schema\/person\/1661982992b752dea8dff0d4ed845a65"},"breadcrumb":{"@id":"https:\/\/gaudiumetspes-blog.pl\/index.php\/2011\/10\/27\/prosmy-boga-o-pokoj\/#breadcrumb"},"inLanguage":"pl-PL","potentialAction":[{"@type":"ReadAction","target":["https:\/\/gaudiumetspes-blog.pl\/index.php\/2011\/10\/27\/prosmy-boga-o-pokoj\/"]}]},{"@type":"BreadcrumbList","@id":"https:\/\/gaudiumetspes-blog.pl\/index.php\/2011\/10\/27\/prosmy-boga-o-pokoj\/#breadcrumb","itemListElement":[{"@type":"ListItem","position":1,"name":"Strona g\u0142\u00f3wna","item":"https:\/\/gaudiumetspes-blog.pl\/"},{"@type":"ListItem","position":2,"name":"Pro\u015bmy Boga o&nbsp;pok\u00f3j!"}]},{"@type":"WebSite","@id":"https:\/\/gaudiumetspes-blog.pl\/#website","url":"https:\/\/gaudiumetspes-blog.pl\/","name":"Gaudium Et Spes","description":"Blog Ks. Jacka Ja\u015bkowskiego","potentialAction":[{"@type":"SearchAction","target":{"@type":"EntryPoint","urlTemplate":"https:\/\/gaudiumetspes-blog.pl\/?s={search_term_string}"},"query-input":{"@type":"PropertyValueSpecification","valueRequired":true,"valueName":"search_term_string"}}],"inLanguage":"pl-PL"},{"@type":"Person","@id":"https:\/\/gaudiumetspes-blog.pl\/#\/schema\/person\/1661982992b752dea8dff0d4ed845a65","name":"Ks. Jacek","image":{"@type":"ImageObject","inLanguage":"pl-PL","@id":"https:\/\/gaudiumetspes-blog.pl\/#\/schema\/person\/image\/","url":"https:\/\/gaudiumetspes-blog.pl\/wp-content\/uploads\/2019\/07\/avatar-JJ-150x150.jpg","contentUrl":"https:\/\/gaudiumetspes-blog.pl\/wp-content\/uploads\/2019\/07\/avatar-JJ-150x150.jpg","caption":"Ks. Jacek"},"description":"Witam serdecznie! K\u0142ania si\u0119 Ks. Jacek Ja\u015bkowski. Nie jestem ani kim\u015b wa\u017cnym, ani kim\u015b znanym. Jestem ksi\u0119dzem, kt\u00f3ry po prostu chce rozmawia\u0107. Codzienna kap\u0142a\u0144ska pos\u0142uga pokazuje mi, \u017ce temat\u00f3w do rozm\u00f3w z ksi\u0119dzem jest coraz wi\u0119cej i dzisiaj \u017caden ksi\u0105dz nie mo\u017ce od nich ucieka\u0107, ale - wprost przeciwnie - podejmowa\u0107 nowe wyzwania. To przekonanie sk\u0142oni\u0142o mnie do pr\u00f3by otwarcia tego\u017c bloga, chocia\u017c okazji do rozm\u00f3w na co dzie\u0144 - w konfesjonale i poza nim - na szcz\u0119\u015bcie nie brakuje. My\u015bl\u0119 jednak, \u017ce ten blog b\u0119dzie jeszcze jednym sposobem i przestrzeni\u0105 nawi\u0105zania kontaktu z lud\u017ami dobrej woli, otwartymi na dialog.","url":"https:\/\/gaudiumetspes-blog.pl\/index.php\/author\/ks-jacek\/"}]}},"jetpack_featured_media_url":"","jetpack_sharing_enabled":true,"_links":{"self":[{"href":"https:\/\/gaudiumetspes-blog.pl\/index.php\/wp-json\/wp\/v2\/posts\/9690","targetHints":{"allow":["GET"]}}],"collection":[{"href":"https:\/\/gaudiumetspes-blog.pl\/index.php\/wp-json\/wp\/v2\/posts"}],"about":[{"href":"https:\/\/gaudiumetspes-blog.pl\/index.php\/wp-json\/wp\/v2\/types\/post"}],"author":[{"embeddable":true,"href":"https:\/\/gaudiumetspes-blog.pl\/index.php\/wp-json\/wp\/v2\/users\/1"}],"replies":[{"embeddable":true,"href":"https:\/\/gaudiumetspes-blog.pl\/index.php\/wp-json\/wp\/v2\/comments?post=9690"}],"version-history":[{"count":1,"href":"https:\/\/gaudiumetspes-blog.pl\/index.php\/wp-json\/wp\/v2\/posts\/9690\/revisions"}],"predecessor-version":[{"id":10393,"href":"https:\/\/gaudiumetspes-blog.pl\/index.php\/wp-json\/wp\/v2\/posts\/9690\/revisions\/10393"}],"wp:attachment":[{"href":"https:\/\/gaudiumetspes-blog.pl\/index.php\/wp-json\/wp\/v2\/media?parent=9690"}],"wp:term":[{"taxonomy":"category","embeddable":true,"href":"https:\/\/gaudiumetspes-blog.pl\/index.php\/wp-json\/wp\/v2\/categories?post=9690"},{"taxonomy":"post_tag","embeddable":true,"href":"https:\/\/gaudiumetspes-blog.pl\/index.php\/wp-json\/wp\/v2\/tags?post=9690"}],"curies":[{"name":"wp","href":"https:\/\/api.w.org\/{rel}","templated":true}]}}