{"id":9691,"date":"2011-10-26T04:03:00","date_gmt":"2011-10-26T02:03:00","guid":{"rendered":"https:\/\/gaudiumetspes-blog.pl\/index.php\/2011\/10\/26\/o-przeciskaniu-sie-przez-ciasne-drzwi\/"},"modified":"2019-07-31T12:52:44","modified_gmt":"2019-07-31T10:52:44","slug":"o-przeciskaniu-sie-przez-ciasne-drzwi","status":"publish","type":"post","link":"https:\/\/gaudiumetspes-blog.pl\/index.php\/2011\/10\/26\/o-przeciskaniu-sie-przez-ciasne-drzwi\/","title":{"rendered":"O przeciskaniu si\u0119 przez ciasne drzwi&#8230;"},"content":{"rendered":"<p><\/p>\n<div class=\"MsoNormal\" style=\"text-align: justify;\">Szcz\u0119\u015b\u0107 Bo\u017ce! Bardzo serdecznie witam i \u017cycz\u0119 b\u0142ogos\u0142awionego dnia, oraz pe\u0142nej skuteczno\u015bci wszystkich dobrych dzia\u0142a\u0144, jakie dzisiaj, Kochani, podejmiecie. Niech to wszystko b\u0119dzie przechodzeniem przez owe ciasne drzwi, o kt\u00f3rych m\u00f3wi Jezus. Bo to jedyna droga do szcz\u0119\u015bcia i do zbawienia. Pami\u0119tam o Was o 20.00, przy modlitwie brewiarzowej, r\u00f3\u017ca\u0144cowej &#8211; i przy innych okazjach.<\/div>\n<div class=\"MsoNormal\" style=\"text-align: justify;\">&nbsp;&nbsp;&nbsp;&nbsp;&nbsp;&nbsp;&nbsp;&nbsp;&nbsp;&nbsp;&nbsp;&nbsp;&nbsp;&nbsp;&nbsp;&nbsp;&nbsp;&nbsp;&nbsp; Gaudium et spes!&nbsp; Ks. Jacek<b><br \/>\n<\/b><\/div>\n<div class=\"MsoNormal\" style=\"text-align: justify;\">\n<\/div>\n<div class=\"MsoNormal\" style=\"text-align: justify;\"><b>\u015aroda 30 tygodnia zwyk\u0142ego, rok I,<\/b><\/div>\n<p><b style=\"mso-bidi-font-weight: normal;\">do czyta\u0144:&nbsp; Rz 8,26\u201330;&nbsp; \u0141k 13,22\u201330<\/b>  <\/p>\n<div class=\"MsoNormal\" style=\"text-align: justify;\">\n<\/div>\n<div class=\"MsoNormal\" style=\"text-align: justify; text-indent: 35.4pt;\"><b style=\"mso-bidi-font-weight: normal;\"><i style=\"mso-bidi-font-style: normal;\">Panie, czy tylko nieliczni b\u0119d\u0105 zbawieni<\/i><\/b><b style=\"mso-bidi-font-weight: normal;\">?<\/b> Ju\u017c samo pytanie nie jest najlepiej postawione. <b style=\"mso-bidi-font-weight: normal;\">Jacy bowiem nieliczni?<\/b> Przecie\u017c wszyscy zostali zaproszeni do zbawienia, <b style=\"mso-bidi-font-weight: normal;\">ka\u017cdy ma t\u0119 wielk\u0105 szans\u0119,<\/b> nikt nie jest jej pozbawiony, bo nie ma ludzi lepszych i gorszych. Wszyscy \u2013 je\u015bli tak mo\u017cna powiedzie\u0107 \u2013 <b style=\"mso-bidi-font-weight: normal;\">startuj\u0105 z tej samej pozycji.<\/b><\/div>\n<div class=\"MsoNormal\" style=\"text-align: justify; text-indent: 35.4pt;\">A jednak wiemy, \u017ce <b style=\"mso-bidi-font-weight: normal;\">nie wszyscy ludzie dost\u0119puj\u0105 zbawienia,<\/b> wiemy o istnieniu piek\u0142a, wiemy od samego Jezusa, \u017ce b\u0119d\u0105 tacy, kt\u00f3rzy us\u0142ysz\u0105: <b style=\"mso-bidi-font-weight: normal;\"><i style=\"mso-bidi-font-style: normal;\">Id\u017acie precz, ode Mnie, przekl\u0119ci<\/i>!,<\/b> czy te\u017c \u2013 jak dzisiaj zosta\u0142o powiedziane w Ewangelii \u2013 <b style=\"mso-bidi-font-weight: normal;\"><i style=\"mso-bidi-font-style: normal;\">Nie wiem, sk\u0105d jeste\u015bcie<\/i><\/b>\u2026 <\/div>\n<div class=\"MsoNormal\" style=\"text-align: justify; text-indent: 35.4pt;\">Dlaczego zatem nie wszyscy dost\u0119puj\u0105 zbawienia, chocia\u017c wszyscy maj\u0105 t\u0119 szans\u0119? A mo\u017ce to s\u0105 w\u0142a\u015bnie ci, kt\u00f3rzy <b style=\"mso-bidi-font-weight: normal;\">nie s\u0105 w stanie przedosta\u0107 si\u0119, przecisn\u0105\u0107 przez owe ciasne drzwi?<\/b>\u2026 Mo\u017ce s\u0105 one dla nich <b style=\"mso-bidi-font-weight: normal;\">naprawd\u0119 za ciasne?<\/b> A dlaczego za ciasne?<\/div>\n<div class=\"MsoNormal\" style=\"text-align: justify; text-indent: 35.4pt;\">Zapewne dlatego, \u017ce <b style=\"mso-bidi-font-weight: normal;\">ju\u017c tak obro\u015bli w maj\u0105tek, w znaczenie, w swoj\u0105 pozycj\u0119, w swoje mniemanie o sobie,<\/b> \u017ce po prostu <b style=\"mso-bidi-font-weight: normal;\">nie s\u0105 w stanie si\u0119 przecisn\u0105\u0107!<\/b> I jest dramat! Okazuje si\u0119 bowiem, \u017ce do Kr\u00f3lestwa Niebieskiego, przez te ciasne drzwi, b\u0119d\u0105 si\u0119 w stanie przedosta\u0107 nie ci, kt\u00f3rzy nagromadzili czego si\u0119 da i ile si\u0119 da, <b style=\"mso-bidi-font-weight: normal;\">ale ci, kt\u00f3rzy potrafili traci\u0107!<\/b> Tak, ci w\u0142a\u015bnie, kt\u00f3rzy dla Kr\u00f3lestwa Bo\u017cego <b style=\"mso-bidi-font-weight: normal;\">byli w stanie co\u015b ofiarowa\u0107, co\u015b po\u015bwi\u0119ci\u0107\u2026 A w\u0142a\u015bciwie \u2013 wszystko po\u015bwi\u0119ci\u0107!<\/b> Wszystko, co nie jest jak\u0105\u015b wi\u0119ksz\u0105 warto\u015bci\u0105, a jedynie warto\u015bci\u0105 przelotn\u0105, przyziemn\u0105, tymczasow\u0105\u2026 <\/div>\n<div class=\"MsoNormal\" style=\"text-align: justify; text-indent: 35.4pt;\">No dobrze \u2013 powiemy \u2013 <b style=\"mso-bidi-font-weight: normal;\">ale jak to zrobi\u0107?<\/b> Jak naprawd\u0119 wszystko po\u015bwi\u0119ci\u0107 dla spraw Kr\u00f3lestwa? To nie jest takie proste! Ka\u017cdy w ko\u0144cu <b style=\"mso-bidi-font-weight: normal;\">ma jakie\u015b poczucie swojej godno\u015bci, chce co\u015b znaczy\u0107,<\/b> chce mie\u0107 swoje zdanie, ale te\u017c w tym wymiarze materialnym chcia\u0142oby si\u0119 co\u015b mie\u0107: jakie\u015b <b style=\"mso-bidi-font-weight: normal;\">podstawowe zabezpieczenie, <\/b>aby nie \u017cy\u0107 w skrajnej n\u0119dzy i nie martwi\u0107 si\u0119 o to, co jutro zjem na \u015bniadanie i co w\u0142o\u017c\u0119 do garnka, \u017ceby przygotowa\u0107 obiad. To s\u0105 takie <b style=\"mso-bidi-font-weight: normal;\">ludzkie podstawowe pragnienia,<\/b> zwyk\u0142e ludzkie aspiracje \u2013 i wcale nie musi tu chodzi\u0107 o nadzwyczajne luksusy. <\/div>\n<div class=\"MsoNormal\" style=\"text-align: justify; text-indent: 35.4pt;\">Oczywi\u015bcie, w tym wszystkim, co tu sobie m\u00f3wimy, <b style=\"mso-bidi-font-weight: normal;\">nie chodzi o to, by \u017cy\u0107 w n\u0119dzy.<\/b> Spo\u0142eczna nauka Ko\u015bcio\u0142a w wielu miejscach m\u00f3wi, \u017ce <b style=\"mso-bidi-font-weight: normal;\">ludzie s\u0142usznie d\u0105\u017c\u0105 do \u017cycia na godziwym poziomie,<\/b> co wi\u0119cej \u2013 struktury pa\u0144stwa maj\u0105 swym obywatelom zapewnia\u0107 mo\u017cliwo\u015b\u0107 takiego funkcjonowania i rozwoju, aby mogli oni sw\u0105 rzeczywisto\u015b\u0107, sw\u0105 codzienno\u015b\u0107 <b style=\"mso-bidi-font-weight: normal;\">czyni\u0107 dostatni\u0105 i spokojn\u0105. <\/b><\/div>\n<div class=\"MsoNormal\" style=\"text-align: justify; text-indent: 35.4pt;\">Chodzi jednak tutaj o ustawienie w sercu <b style=\"mso-bidi-font-weight: normal;\">odpowiedniej hierarchii warto\u015bci i wa\u017cno\u015bci spraw i rzeczy,<\/b> aby to, co najwa\u017cniejsze i co prowadzi do bram Kr\u00f3lestwa, by\u0142o zawsze na pierwszym miejscu, a wszystko inne \u2013 jakkolwiek b\u0119dzie przez nas roztropnie u\u017cytkowane i m\u0105drze wykorzystywane \u2013 to <b style=\"mso-bidi-font-weight: normal;\">jednak b\u0119dziemy w stanie w razie potrzeby po\u015bwi\u0119ci\u0107,<\/b> aby nie blokowa\u0142o nam przej\u015bcia przez ciasn\u0105 bram\u0119 Kr\u00f3lestwa. <\/div>\n<div class=\"MsoNormal\" style=\"text-align: justify; text-indent: 35.4pt;\">W konkretnych wyborach i decyzjach z pewno\u015bci\u0105 pomo\u017ce nam sam B\u00f3g, jak na to wskazuje dzi\u015b \u015awi\u0119ty Pawe\u0142 Aposto\u0142, gdy w swoim Li\u015bcie, us\u0142yszanym przez nas w pierwszym czytaniu, pisze: <b style=\"mso-bidi-font-weight: normal;\"><i style=\"mso-bidi-font-style: normal;\">Wiemy<\/i> [\u2026], <i style=\"mso-bidi-font-style: normal;\">\u017ce B\u00f3g z tymi, kt\u00f3rzy Go mi\u0142uj\u0105, wsp\u00f3\u0142dzia\u0142a we wszystkim dla ich dobra, z tymi, kt\u00f3rzy s\u0105 powo\u0142ani wed\u0142ug Jego zamiaru<\/i>.<\/b> <\/div>\n<div class=\"MsoNormal\" style=\"text-align: justify; text-indent: 35.4pt;\">Ot\u00f3\u017c w\u0142a\u015bnie! B\u00f3g sam pomo\u017ce nam m\u0105drze rozstrzygn\u0105\u0107 i rozegra\u0107 ka\u017cd\u0105 sytuacj\u0119 i nale\u017cycie wybra\u0107 pomi\u0119dzy tym, co wa\u017cniejsze i co mniej wa\u017cne, <b style=\"mso-bidi-font-weight: normal;\">o ile tylko w pe\u0142ni Mu zaufamy, zdamy si\u0119 na Niego i zapytamy Go o to, jak post\u0105pi\u0107 w konkretnej sytuacji, jakiego wyboru dokona\u0107.<\/b> On nam podpowie, poka\u017ce, poprowadzi, bo On naprawd\u0119 <i style=\"mso-bidi-font-style: normal;\">z tymi, kt\u00f3rzy Go mi\u0142uj\u0105, <b style=\"mso-bidi-font-weight: normal;\">wsp\u00f3\u0142dzia\u0142a we wszystkim dla ich dobra<\/b><\/i><b style=\"mso-bidi-font-weight: normal;\">. We wszystkim<\/b>\u2026<\/div>\n<div class=\"MsoNormal\" style=\"text-align: justify; text-indent: 35.4pt;\">W tym kontek\u015bcie zastan\u00f3wmy si\u0119:<\/div>\n<div class=\"MsoNormal\" style=\"margin-left: 36.0pt; mso-list: l0 level1 lfo1; tab-stops: list 36.0pt; text-align: justify; text-indent: -18.0pt;\">\u00b7&nbsp;&nbsp;&nbsp;&nbsp;&nbsp;&nbsp;&nbsp; Czy sta\u0107 mnie na to, aby nie eksponowa\u0107 na ka\u017cdym kroku swojego zdania?<\/div>\n<div class=\"MsoNormal\" style=\"margin-left: 36.0pt; mso-list: l0 level1 lfo1; tab-stops: list 36.0pt; text-align: justify; text-indent: -18.0pt;\">\u00b7&nbsp;&nbsp;&nbsp;&nbsp;&nbsp;&nbsp;&nbsp; Czy za wszelk\u0105 cen\u0119 nie dopominam si\u0119 dla siebie uznania, pos\u0142usze\u0144stwa i nadzwyczajnego szacunku?<\/div>\n<div class=\"MsoNormal\" style=\"margin-left: 36.0pt; mso-list: l0 level1 lfo1; tab-stops: list 36.0pt; text-align: justify; text-indent: -18.0pt;\">\u00b7&nbsp;&nbsp;&nbsp;&nbsp;&nbsp;&nbsp;&nbsp; Czy bez \u017calu po\u015bwi\u0119cam doczesne warto\u015bci i przywi\u0105zania, aby wzbogaci\u0107 si\u0119 duchowo?<\/div>\n<div class=\"MsoNormal\" style=\"text-align: justify;\">\n<\/div>\n<div class=\"MsoNormal\" style=\"text-align: justify;\"><b style=\"mso-bidi-font-weight: normal;\"><i style=\"mso-bidi-font-style: normal;\">Albowiem tych, kt\u00f3rych od wiek\u00f3w pozna\u0142, tych te\u017c przeznaczy\u0142 na to, aby si\u0119 stali na wz\u00f3r obrazu Jego Syna<\/i><\/b>.<\/div>\n","protected":false},"excerpt":{"rendered":"<p>Szcz\u0119\u015b\u0107 Bo\u017ce! Bardzo serdecznie witam i \u017cycz\u0119 b\u0142ogos\u0142awionego dnia, oraz pe\u0142nej skuteczno\u015bci wszystkich dobrych dzia\u0142a\u0144, jakie dzisiaj, Kochani, podejmiecie. Niech to wszystko b\u0119dzie przechodzeniem przez owe ciasne drzwi, o kt\u00f3rych m\u00f3wi Jezus. Bo to jedyna droga do szcz\u0119\u015bcia i do zbawienia. Pami\u0119tam o Was o 20.00, przy modlitwie brewiarzowej, r\u00f3\u017ca\u0144cowej &#8211; i przy innych okazjach. [&hellip;]<\/p>\n","protected":false},"author":1,"featured_media":0,"comment_status":"open","ping_status":"open","sticky":false,"template":"","format":"standard","meta":{"jetpack_post_was_ever_published":false,"_jetpack_newsletter_access":"","_jetpack_dont_email_post_to_subs":false,"_jetpack_newsletter_tier_id":0,"_jetpack_memberships_contains_paywalled_content":false,"_jetpack_memberships_contains_paid_content":false,"footnotes":""},"categories":[1],"tags":[],"class_list":["post-9691","post","type-post","status-publish","format-standard","hentry","category-bez-kategorii"],"yoast_head":"<!-- This site is optimized with the Yoast SEO plugin v25.1 - https:\/\/yoast.com\/wordpress\/plugins\/seo\/ -->\n<title>O przeciskaniu si\u0119 przez ciasne drzwi... - Gaudium Et Spes<\/title>\n<meta name=\"robots\" content=\"index, follow, max-snippet:-1, max-image-preview:large, max-video-preview:-1\" \/>\n<link rel=\"canonical\" href=\"https:\/\/gaudiumetspes-blog.pl\/index.php\/2011\/10\/26\/o-przeciskaniu-sie-przez-ciasne-drzwi\/\" \/>\n<meta property=\"og:locale\" content=\"pl_PL\" \/>\n<meta property=\"og:type\" content=\"article\" \/>\n<meta property=\"og:title\" content=\"O przeciskaniu si\u0119 przez ciasne drzwi... - Gaudium Et Spes\" \/>\n<meta property=\"og:description\" content=\"Szcz\u0119\u015b\u0107 Bo\u017ce! Bardzo serdecznie witam i \u017cycz\u0119 b\u0142ogos\u0142awionego dnia, oraz pe\u0142nej skuteczno\u015bci wszystkich dobrych dzia\u0142a\u0144, jakie dzisiaj, Kochani, podejmiecie. Niech to wszystko b\u0119dzie przechodzeniem przez owe ciasne drzwi, o kt\u00f3rych m\u00f3wi Jezus. Bo to jedyna droga do szcz\u0119\u015bcia i do zbawienia. Pami\u0119tam o Was o 20.00, przy modlitwie brewiarzowej, r\u00f3\u017ca\u0144cowej &#8211; i przy innych okazjach. [&hellip;]\" \/>\n<meta property=\"og:url\" content=\"https:\/\/gaudiumetspes-blog.pl\/index.php\/2011\/10\/26\/o-przeciskaniu-sie-przez-ciasne-drzwi\/\" \/>\n<meta property=\"og:site_name\" content=\"Gaudium Et Spes\" \/>\n<meta property=\"article:published_time\" content=\"2011-10-26T02:03:00+00:00\" \/>\n<meta property=\"article:modified_time\" content=\"2019-07-31T10:52:44+00:00\" \/>\n<meta name=\"author\" content=\"Ks. Jacek\" \/>\n<meta name=\"twitter:card\" content=\"summary_large_image\" \/>\n<meta name=\"twitter:label1\" content=\"Napisane przez\" \/>\n\t<meta name=\"twitter:data1\" content=\"Ks. Jacek\" \/>\n\t<meta name=\"twitter:label2\" content=\"Szacowany czas czytania\" \/>\n\t<meta name=\"twitter:data2\" content=\"4 minuty\" \/>\n<script type=\"application\/ld+json\" class=\"yoast-schema-graph\">{\"@context\":\"https:\/\/schema.org\",\"@graph\":[{\"@type\":\"WebPage\",\"@id\":\"https:\/\/gaudiumetspes-blog.pl\/index.php\/2011\/10\/26\/o-przeciskaniu-sie-przez-ciasne-drzwi\/\",\"url\":\"https:\/\/gaudiumetspes-blog.pl\/index.php\/2011\/10\/26\/o-przeciskaniu-sie-przez-ciasne-drzwi\/\",\"name\":\"O przeciskaniu si\u0119 przez ciasne drzwi... - Gaudium Et Spes\",\"isPartOf\":{\"@id\":\"https:\/\/gaudiumetspes-blog.pl\/#website\"},\"datePublished\":\"2011-10-26T02:03:00+00:00\",\"dateModified\":\"2019-07-31T10:52:44+00:00\",\"author\":{\"@id\":\"https:\/\/gaudiumetspes-blog.pl\/#\/schema\/person\/1661982992b752dea8dff0d4ed845a65\"},\"breadcrumb\":{\"@id\":\"https:\/\/gaudiumetspes-blog.pl\/index.php\/2011\/10\/26\/o-przeciskaniu-sie-przez-ciasne-drzwi\/#breadcrumb\"},\"inLanguage\":\"pl-PL\",\"potentialAction\":[{\"@type\":\"ReadAction\",\"target\":[\"https:\/\/gaudiumetspes-blog.pl\/index.php\/2011\/10\/26\/o-przeciskaniu-sie-przez-ciasne-drzwi\/\"]}]},{\"@type\":\"BreadcrumbList\",\"@id\":\"https:\/\/gaudiumetspes-blog.pl\/index.php\/2011\/10\/26\/o-przeciskaniu-sie-przez-ciasne-drzwi\/#breadcrumb\",\"itemListElement\":[{\"@type\":\"ListItem\",\"position\":1,\"name\":\"Strona g\u0142\u00f3wna\",\"item\":\"https:\/\/gaudiumetspes-blog.pl\/\"},{\"@type\":\"ListItem\",\"position\":2,\"name\":\"O&nbsp;przeciskaniu si\u0119 przez&nbsp;ciasne drzwi&#8230;\"}]},{\"@type\":\"WebSite\",\"@id\":\"https:\/\/gaudiumetspes-blog.pl\/#website\",\"url\":\"https:\/\/gaudiumetspes-blog.pl\/\",\"name\":\"Gaudium Et Spes\",\"description\":\"Blog Ks. Jacka Ja\u015bkowskiego\",\"potentialAction\":[{\"@type\":\"SearchAction\",\"target\":{\"@type\":\"EntryPoint\",\"urlTemplate\":\"https:\/\/gaudiumetspes-blog.pl\/?s={search_term_string}\"},\"query-input\":{\"@type\":\"PropertyValueSpecification\",\"valueRequired\":true,\"valueName\":\"search_term_string\"}}],\"inLanguage\":\"pl-PL\"},{\"@type\":\"Person\",\"@id\":\"https:\/\/gaudiumetspes-blog.pl\/#\/schema\/person\/1661982992b752dea8dff0d4ed845a65\",\"name\":\"Ks. Jacek\",\"image\":{\"@type\":\"ImageObject\",\"inLanguage\":\"pl-PL\",\"@id\":\"https:\/\/gaudiumetspes-blog.pl\/#\/schema\/person\/image\/\",\"url\":\"https:\/\/gaudiumetspes-blog.pl\/wp-content\/uploads\/2019\/07\/avatar-JJ-150x150.jpg\",\"contentUrl\":\"https:\/\/gaudiumetspes-blog.pl\/wp-content\/uploads\/2019\/07\/avatar-JJ-150x150.jpg\",\"caption\":\"Ks. Jacek\"},\"description\":\"Witam serdecznie! K\u0142ania si\u0119 Ks. Jacek Ja\u015bkowski. Nie jestem ani kim\u015b wa\u017cnym, ani kim\u015b znanym. Jestem ksi\u0119dzem, kt\u00f3ry po prostu chce rozmawia\u0107. Codzienna kap\u0142a\u0144ska pos\u0142uga pokazuje mi, \u017ce temat\u00f3w do rozm\u00f3w z ksi\u0119dzem jest coraz wi\u0119cej i dzisiaj \u017caden ksi\u0105dz nie mo\u017ce od nich ucieka\u0107, ale - wprost przeciwnie - podejmowa\u0107 nowe wyzwania. To przekonanie sk\u0142oni\u0142o mnie do pr\u00f3by otwarcia tego\u017c bloga, chocia\u017c okazji do rozm\u00f3w na co dzie\u0144 - w konfesjonale i poza nim - na szcz\u0119\u015bcie nie brakuje. My\u015bl\u0119 jednak, \u017ce ten blog b\u0119dzie jeszcze jednym sposobem i przestrzeni\u0105 nawi\u0105zania kontaktu z lud\u017ami dobrej woli, otwartymi na dialog.\",\"url\":\"https:\/\/gaudiumetspes-blog.pl\/index.php\/author\/ks-jacek\/\"}]}<\/script>\n<!-- \/ Yoast SEO plugin. -->","yoast_head_json":{"title":"O przeciskaniu si\u0119 przez ciasne drzwi... - Gaudium Et Spes","robots":{"index":"index","follow":"follow","max-snippet":"max-snippet:-1","max-image-preview":"max-image-preview:large","max-video-preview":"max-video-preview:-1"},"canonical":"https:\/\/gaudiumetspes-blog.pl\/index.php\/2011\/10\/26\/o-przeciskaniu-sie-przez-ciasne-drzwi\/","og_locale":"pl_PL","og_type":"article","og_title":"O przeciskaniu si\u0119 przez ciasne drzwi... - Gaudium Et Spes","og_description":"Szcz\u0119\u015b\u0107 Bo\u017ce! Bardzo serdecznie witam i \u017cycz\u0119 b\u0142ogos\u0142awionego dnia, oraz pe\u0142nej skuteczno\u015bci wszystkich dobrych dzia\u0142a\u0144, jakie dzisiaj, Kochani, podejmiecie. Niech to wszystko b\u0119dzie przechodzeniem przez owe ciasne drzwi, o kt\u00f3rych m\u00f3wi Jezus. Bo to jedyna droga do szcz\u0119\u015bcia i do zbawienia. Pami\u0119tam o Was o 20.00, przy modlitwie brewiarzowej, r\u00f3\u017ca\u0144cowej &#8211; i przy innych okazjach. [&hellip;]","og_url":"https:\/\/gaudiumetspes-blog.pl\/index.php\/2011\/10\/26\/o-przeciskaniu-sie-przez-ciasne-drzwi\/","og_site_name":"Gaudium Et Spes","article_published_time":"2011-10-26T02:03:00+00:00","article_modified_time":"2019-07-31T10:52:44+00:00","author":"Ks. Jacek","twitter_card":"summary_large_image","twitter_misc":{"Napisane przez":"Ks. Jacek","Szacowany czas czytania":"4 minuty"},"schema":{"@context":"https:\/\/schema.org","@graph":[{"@type":"WebPage","@id":"https:\/\/gaudiumetspes-blog.pl\/index.php\/2011\/10\/26\/o-przeciskaniu-sie-przez-ciasne-drzwi\/","url":"https:\/\/gaudiumetspes-blog.pl\/index.php\/2011\/10\/26\/o-przeciskaniu-sie-przez-ciasne-drzwi\/","name":"O przeciskaniu si\u0119 przez ciasne drzwi... - Gaudium Et Spes","isPartOf":{"@id":"https:\/\/gaudiumetspes-blog.pl\/#website"},"datePublished":"2011-10-26T02:03:00+00:00","dateModified":"2019-07-31T10:52:44+00:00","author":{"@id":"https:\/\/gaudiumetspes-blog.pl\/#\/schema\/person\/1661982992b752dea8dff0d4ed845a65"},"breadcrumb":{"@id":"https:\/\/gaudiumetspes-blog.pl\/index.php\/2011\/10\/26\/o-przeciskaniu-sie-przez-ciasne-drzwi\/#breadcrumb"},"inLanguage":"pl-PL","potentialAction":[{"@type":"ReadAction","target":["https:\/\/gaudiumetspes-blog.pl\/index.php\/2011\/10\/26\/o-przeciskaniu-sie-przez-ciasne-drzwi\/"]}]},{"@type":"BreadcrumbList","@id":"https:\/\/gaudiumetspes-blog.pl\/index.php\/2011\/10\/26\/o-przeciskaniu-sie-przez-ciasne-drzwi\/#breadcrumb","itemListElement":[{"@type":"ListItem","position":1,"name":"Strona g\u0142\u00f3wna","item":"https:\/\/gaudiumetspes-blog.pl\/"},{"@type":"ListItem","position":2,"name":"O&nbsp;przeciskaniu si\u0119 przez&nbsp;ciasne drzwi&#8230;"}]},{"@type":"WebSite","@id":"https:\/\/gaudiumetspes-blog.pl\/#website","url":"https:\/\/gaudiumetspes-blog.pl\/","name":"Gaudium Et Spes","description":"Blog Ks. Jacka Ja\u015bkowskiego","potentialAction":[{"@type":"SearchAction","target":{"@type":"EntryPoint","urlTemplate":"https:\/\/gaudiumetspes-blog.pl\/?s={search_term_string}"},"query-input":{"@type":"PropertyValueSpecification","valueRequired":true,"valueName":"search_term_string"}}],"inLanguage":"pl-PL"},{"@type":"Person","@id":"https:\/\/gaudiumetspes-blog.pl\/#\/schema\/person\/1661982992b752dea8dff0d4ed845a65","name":"Ks. Jacek","image":{"@type":"ImageObject","inLanguage":"pl-PL","@id":"https:\/\/gaudiumetspes-blog.pl\/#\/schema\/person\/image\/","url":"https:\/\/gaudiumetspes-blog.pl\/wp-content\/uploads\/2019\/07\/avatar-JJ-150x150.jpg","contentUrl":"https:\/\/gaudiumetspes-blog.pl\/wp-content\/uploads\/2019\/07\/avatar-JJ-150x150.jpg","caption":"Ks. Jacek"},"description":"Witam serdecznie! K\u0142ania si\u0119 Ks. Jacek Ja\u015bkowski. Nie jestem ani kim\u015b wa\u017cnym, ani kim\u015b znanym. Jestem ksi\u0119dzem, kt\u00f3ry po prostu chce rozmawia\u0107. Codzienna kap\u0142a\u0144ska pos\u0142uga pokazuje mi, \u017ce temat\u00f3w do rozm\u00f3w z ksi\u0119dzem jest coraz wi\u0119cej i dzisiaj \u017caden ksi\u0105dz nie mo\u017ce od nich ucieka\u0107, ale - wprost przeciwnie - podejmowa\u0107 nowe wyzwania. To przekonanie sk\u0142oni\u0142o mnie do pr\u00f3by otwarcia tego\u017c bloga, chocia\u017c okazji do rozm\u00f3w na co dzie\u0144 - w konfesjonale i poza nim - na szcz\u0119\u015bcie nie brakuje. My\u015bl\u0119 jednak, \u017ce ten blog b\u0119dzie jeszcze jednym sposobem i przestrzeni\u0105 nawi\u0105zania kontaktu z lud\u017ami dobrej woli, otwartymi na dialog.","url":"https:\/\/gaudiumetspes-blog.pl\/index.php\/author\/ks-jacek\/"}]}},"jetpack_featured_media_url":"","jetpack_sharing_enabled":true,"_links":{"self":[{"href":"https:\/\/gaudiumetspes-blog.pl\/index.php\/wp-json\/wp\/v2\/posts\/9691","targetHints":{"allow":["GET"]}}],"collection":[{"href":"https:\/\/gaudiumetspes-blog.pl\/index.php\/wp-json\/wp\/v2\/posts"}],"about":[{"href":"https:\/\/gaudiumetspes-blog.pl\/index.php\/wp-json\/wp\/v2\/types\/post"}],"author":[{"embeddable":true,"href":"https:\/\/gaudiumetspes-blog.pl\/index.php\/wp-json\/wp\/v2\/users\/1"}],"replies":[{"embeddable":true,"href":"https:\/\/gaudiumetspes-blog.pl\/index.php\/wp-json\/wp\/v2\/comments?post=9691"}],"version-history":[{"count":1,"href":"https:\/\/gaudiumetspes-blog.pl\/index.php\/wp-json\/wp\/v2\/posts\/9691\/revisions"}],"predecessor-version":[{"id":10392,"href":"https:\/\/gaudiumetspes-blog.pl\/index.php\/wp-json\/wp\/v2\/posts\/9691\/revisions\/10392"}],"wp:attachment":[{"href":"https:\/\/gaudiumetspes-blog.pl\/index.php\/wp-json\/wp\/v2\/media?parent=9691"}],"wp:term":[{"taxonomy":"category","embeddable":true,"href":"https:\/\/gaudiumetspes-blog.pl\/index.php\/wp-json\/wp\/v2\/categories?post=9691"},{"taxonomy":"post_tag","embeddable":true,"href":"https:\/\/gaudiumetspes-blog.pl\/index.php\/wp-json\/wp\/v2\/tags?post=9691"}],"curies":[{"name":"wp","href":"https:\/\/api.w.org\/{rel}","templated":true}]}}