{"id":9692,"date":"2011-10-25T04:39:00","date_gmt":"2011-10-25T02:39:00","guid":{"rendered":"https:\/\/gaudiumetspes-blog.pl\/index.php\/2011\/10\/25\/w-nadziei-jestesmy-zbawieni\/"},"modified":"2019-07-31T12:52:43","modified_gmt":"2019-07-31T10:52:43","slug":"w-nadziei-jestesmy-zbawieni","status":"publish","type":"post","link":"https:\/\/gaudiumetspes-blog.pl\/index.php\/2011\/10\/25\/w-nadziei-jestesmy-zbawieni\/","title":{"rendered":"W nadziei jeste\u015bmy zbawieni!"},"content":{"rendered":"<p><\/p>\n<div class=\"MsoNormal\" style=\"text-align: justify;\">Szcz\u0119\u015b\u0107 Bo\u017ce! Moi Drodzy, zagl\u0105dajcie czasami nie tylko na strony bie\u017c\u0105ce, ale te\u017c na poprzednie, dlatego \u017ce nie zawsze na czas jestem w stanie odpisa\u0107, albo w\u0142\u0105czy\u0107 rozwa\u017canie Domownika &#8211; Anny, kt\u00f3ra boryka si\u0119 z problemami technicznymi. Aby zatem nie straci\u0107 Jej warto\u015bciowych wpis\u00f3w, zechciejcie tam zagl\u0105da\u0107.&nbsp; Jednocze\u015bnie bardzo serdecznie dzi\u0119kuj\u0119 wszystkim, kt\u00f3rzy zagl\u0105daj\u0105, a szczeg\u00f3lnie tym, kt\u00f3rzy pisz\u0105 na blogu. Wszystkich ogarniam modlitw\u0105, zw\u0142aszcza o 20.00.<\/div>\n<div class=\"MsoNormal\" style=\"text-align: justify;\"><b>&nbsp;&nbsp;&nbsp;&nbsp;&nbsp;&nbsp; Dzisiaj natomiast ogarniam szczeg\u00f3ln\u0105 modlitw\u0105 ma\u0142\u017ce\u0144stwo mojej Siostry i Szwagra, Ani i Kamila, kt\u00f3rzy prze\u017cywaj\u0105 trzeci\u0105 rocznic\u0119 zawarcia zwi\u0105zku. Modl\u0119 si\u0119 za Nich i \u017cycz\u0119 Im, aby ka\u017cdego dnia na nowo odkrywali pi\u0119kno i sens \u017cycia ma\u0142\u017ce\u0144skiego i z coraz wi\u0119kszym zapa\u0142em i entuzjazmem realizowali ka\u017cdego dnia wszystko to, co przyrzekli sobie przed O\u0142tarzem Pana!<\/b><\/div>\n<div class=\"MsoNormal\" style=\"text-align: justify;\"><b>&nbsp;&nbsp;&nbsp;&nbsp;&nbsp;&nbsp;&nbsp;&nbsp;&nbsp;&nbsp;&nbsp;&nbsp;&nbsp;<\/b> Gaudium et spes!&nbsp; Ks. Jacek<b><br \/>\n<\/b><\/div>\n<div class=\"MsoNormal\" style=\"text-align: justify;\">\n<\/div>\n<div class=\"MsoNormal\" style=\"text-align: justify;\"><b>Wtorek 30 tygodnia zwyk\u0142ego, rok I,<\/b><\/div>\n<p><b style=\"mso-bidi-font-weight: normal;\">do czyta\u0144: &nbsp;Rz 8,18\u201325;&nbsp; \u0141k 13,18\u201321<\/b>  <\/p>\n<div class=\"MsoNormal\" style=\"text-align: justify;\">\n<\/div>\n<div class=\"MsoNormal\" style=\"text-align: justify; text-indent: 35.4pt;\"><b style=\"mso-bidi-font-weight: normal;\"><i style=\"mso-bidi-font-style: normal;\">Do czego podobne jest Kr\u00f3lestwo Bo\u017ce<\/i><\/b><b style=\"mso-bidi-font-weight: normal;\">?<\/b> Do <b style=\"mso-bidi-font-weight: normal;\">ziarnka gorczycy,<\/b> kt\u00f3re staje si\u0119 wielkim drzewem. Rzeczywi\u015bcie wielkim, bo drzewa gorczyczne, rosn\u0105ce wok\u00f3\u0142 Jeziora Galilejskiego, osi\u0105ga\u0142y <b style=\"mso-bidi-font-weight: normal;\">wysoko\u015b\u0107 nawet trzech metr\u00f3w.<\/b> I z czym mo\u017cna por\u00f3wna\u0107 Kr\u00f3lestwo Bo\u017ce? <b style=\"mso-bidi-font-weight: normal;\">Z zaczynem,<\/b> kt\u00f3ry w\u0142o\u017cony do trzech miar m\u0105ki wszystko zakwasi\u0142. <b style=\"mso-bidi-font-weight: normal;\">A jedna miara to oko\u0142o dwunastu litr\u00f3w.<\/b> <\/div>\n<div class=\"MsoNormal\" style=\"text-align: justify; text-indent: 35.4pt;\">Jest zatem <b style=\"mso-bidi-font-weight: normal;\">w tym Kr\u00f3lestwie jaka\u015b wielka si\u0142a<\/b> \u2013 wielka si\u0142a \u017cycia, wielka moc promieniowania, jaka\u015b wielka energia, kt\u00f3ra sprawia, \u017ce <b style=\"mso-bidi-font-weight: normal;\">z rzeczywisto\u015bci bardzo male\u0144kiej powstaje rzeczywisto\u015b\u0107 ogromna, rozleg\u0142a<\/b>\u2026 Czy jednak \u00f3w wzrost dokonuje si\u0119 sam z siebie? <\/div>\n<div class=\"MsoNormal\" style=\"text-align: justify; text-indent: 35.4pt;\">Z ca\u0142\u0105 pewno\u015bci\u0105 moc w nim ukryta sprawia, \u017ce mo\u017ce si\u0119 ono rozrasta\u0107. Ale nawet dzisiaj w Ewangelii us\u0142yszeli\u015bmy, \u017ce ziarno gorczycy <b style=\"mso-bidi-font-weight: normal;\">kto\u015b posia\u0142 w ziemi\u0119.<\/b> A je\u017celi posia\u0142, to mo\u017cemy by\u0107 pewni, \u017ce <b style=\"mso-bidi-font-weight: normal;\">r\u00f3wnie\u017c dogl\u0105da\u0142, podlewa\u0142, strzeg\u0142 jego wzrostu.<\/b> I wspomniany zaczyn <b style=\"mso-bidi-font-weight: normal;\">jaka\u015b kobieta w\u0142o\u017cy\u0142a do m\u0105ki i z pewno\u015bci\u0105 na tym nie poprzesta\u0142a,<\/b> lecz dokona\u0142a dalszych czynno\u015bci. <\/div>\n<div class=\"MsoNormal\" style=\"text-align: justify; text-indent: 35.4pt;\">\u015awi\u0119ty Pawe\u0142 w pierwszym czytaniu pomaga nam jeszcze lepiej to zrozumie\u0107, gdy pisze, \u017ce <b style=\"mso-bidi-font-weight: normal;\"><i style=\"mso-bidi-font-style: normal;\">stworzenie z upragnieniem oczekuje objawienia si\u0119 syn\u00f3w Bo\u017cych<\/i><\/b>. Kim s\u0105 ci synowie Bo\u017cy? Czy\u017c to nie s\u0105 \u015bwiadkowie Kr\u00f3lestwa Bo\u017cego? <\/div>\n<div class=\"MsoNormal\" style=\"text-align: justify; text-indent: 35.4pt;\">Potem s\u0142yszymy jeszcze bardzo znamienne s\u0142owa: <b style=\"mso-bidi-font-weight: normal;\"><i style=\"mso-bidi-font-style: normal;\">W nadziei bowiem ju\u017c jeste\u015bmy zbawieni. Nadzieja za\u015b, kt\u00f3rej spe\u0142nienie ju\u017c si\u0119 ogl\u0105da, nie jest nadziej\u0105, bo jak mo\u017cna si\u0119 jeszcze spodziewa\u0107 tego, co si\u0119 ju\u017c ogl\u0105da<\/i>? <i style=\"mso-bidi-font-style: normal;\">Je\u017celi jednak, nie ogl\u0105daj\u0105c, spodziewamy si\u0119 czego\u015b, to z wytrwa\u0142o\u015bci\u0105 tego oczekujemy<\/i>.<\/b> <\/div>\n<div class=\"MsoNormal\" style=\"text-align: justify; text-indent: 35.4pt;\">Ot\u00f3\u017c w\u0142a\u015bnie! Oczekiwa\u0107 z wytrwa\u0142o\u015bci\u0105 \u2013 to znaczy: <b style=\"mso-bidi-font-weight: normal;\">oczekiwa\u0107 aktywnie!<\/b> To znaczy: <b style=\"mso-bidi-font-weight: normal;\">sta\u0107 si\u0119 \u015bwiadkiem Kr\u00f3lestwa,<\/b> to znaczy wreszcie: <b style=\"mso-bidi-font-weight: normal;\">przyczynia\u0107 si\u0119 do jego wzrostu.<\/b> A zatem \u2013 Kr\u00f3lestwo Bo\u017ce rozrasta si\u0119 i rozprzestrzenia moc\u0105 \u017cycia ukryt\u0105 w sobie. <b style=\"mso-bidi-font-weight: normal;\">Potrzeba w tym jednak naszej wsp\u00f3\u0142pracy. Potrzeba naszego \u015bwiadectwa!<\/b> Naszego jednoznacznego zaanga\u017cowania si\u0119 w jego budowanie. <\/div>\n<div class=\"MsoNormal\" style=\"text-align: justify; text-indent: 35.4pt;\">Kochani, to my mamy sta\u0107 si\u0119 <b style=\"mso-bidi-font-weight: normal;\">owymi synami Bo\u017cymi,<\/b> kt\u00f3rzy z wytrwa\u0142o\u015bci\u0105 oczekuj\u0105 Kr\u00f3lestwa, a o kt\u00f3rych dzisiaj pisze Aposto\u0142. <b style=\"mso-bidi-font-weight: normal;\">Mo\u017ce wydaje si\u0119 nam, \u017ce my to niewiele mo\u017cemy na tym odcinku zrobi\u0107.<\/b> Bo gdy sprawa dotyczy Ojca \u015awi\u0119tego, czy jakiego\u015b biskupa lub ksi\u0119dza \u2013 a, to co innego. Oni to nawet z urz\u0119du powinni si\u0119 zaj\u0105\u0107 tymi sprawami. Ale my? <\/div>\n<div class=\"MsoNormal\" style=\"text-align: justify; text-indent: 35.4pt;\">Tak, w\u0142a\u015bnie my. Bo czynno\u015b\u0107 zasiania ziarna, czy pieczenia chleba \u2013 <b style=\"mso-bidi-font-weight: normal;\">to czynno\u015bci zwyczajne, codzienne,<\/b> wykonywane nie przez wielkich tego \u015bwiata i nie wymagaj\u0105ce nadzwyczajnego wykszta\u0142cenia. To czynno\u015bci wykonywane <b style=\"mso-bidi-font-weight: normal;\">przez ludzi prostych, w\u0142a\u015bciwie \u2013 przez wszystkich.<\/b> Przez wszystkich tych, kt\u00f3rzy pracowicie siej\u0105c ziarno, czy wk\u0142adaj\u0105c zaczyn do m\u0105ki, <b style=\"mso-bidi-font-weight: normal;\">ani na moment nie trac\u0105 nadziei,<\/b> \u017ce b\u0119d\u0105 mieli z tego dobry, pi\u0119kny chleb, lub okaza\u0142\u0105 ro\u015blin\u0119, wyros\u0142\u0105 z ziarna.<b style=\"mso-bidi-font-weight: normal;\"> <\/b><\/div>\n<div class=\"MsoNormal\" style=\"text-align: justify; text-indent: 35.4pt;\">W tym kontek\u015bcie zastan\u00f3wmy si\u0119:<\/div>\n<div class=\"MsoNormal\" style=\"margin-left: 36.0pt; mso-list: l0 level1 lfo1; tab-stops: list 36.0pt; text-align: justify; text-indent: -18.0pt;\">\u00b7&nbsp;&nbsp;&nbsp;&nbsp;&nbsp;&nbsp;&nbsp; Czy w ka\u017cdej chwili \u017cycia i w ka\u017cdej sytuacji czuj\u0119 si\u0119 osobi\u015bcie odpowiedzialny za budowanie Kr\u00f3lestwa Bo\u017cego w swoim otoczeniu?<\/div>\n<div class=\"MsoNormal\" style=\"margin-left: 36.0pt; mso-list: l0 level1 lfo1; tab-stops: list 36.0pt; text-align: justify; text-indent: -18.0pt;\">\u00b7&nbsp;&nbsp;&nbsp;&nbsp;&nbsp;&nbsp;&nbsp; Czy podejmuj\u0105c jakie\u015b dobro, nie poddaj\u0119 si\u0119 zbyt \u0142atwo i nie rezygnuj\u0119 z niego, gdy nie od razu widz\u0119 jego owoce?<\/div>\n<div class=\"MsoNormal\" style=\"margin-left: 36.0pt; mso-list: l0 level1 lfo1; tab-stops: list 36.0pt; text-align: justify; text-indent: -18.0pt;\">\u00b7&nbsp;&nbsp;&nbsp;&nbsp;&nbsp;&nbsp;&nbsp; Czy innych nie chc\u0119 \u201ena si\u0142\u0119\u201d i to jeszcze szybko nawraca\u0107?<\/div>\n<div class=\"MsoNormal\" style=\"text-align: justify;\">\n<\/div>\n<div class=\"MsoNormal\" style=\"text-align: justify;\"><b style=\"mso-bidi-font-weight: normal;\"><i style=\"mso-bidi-font-style: normal;\">W nadziei bowiem ju\u017c jeste\u015bmy zbawieni<\/i><\/b><b style=\"mso-bidi-font-weight: normal;\">!<\/b><\/div>\n","protected":false},"excerpt":{"rendered":"<p>Szcz\u0119\u015b\u0107 Bo\u017ce! Moi Drodzy, zagl\u0105dajcie czasami nie tylko na strony bie\u017c\u0105ce, ale te\u017c na poprzednie, dlatego \u017ce nie zawsze na czas jestem w stanie odpisa\u0107, albo w\u0142\u0105czy\u0107 rozwa\u017canie Domownika &#8211; Anny, kt\u00f3ra boryka si\u0119 z problemami technicznymi. Aby zatem nie straci\u0107 Jej warto\u015bciowych wpis\u00f3w, zechciejcie tam zagl\u0105da\u0107.&nbsp; Jednocze\u015bnie bardzo serdecznie dzi\u0119kuj\u0119 wszystkim, kt\u00f3rzy zagl\u0105daj\u0105, a [&hellip;]<\/p>\n","protected":false},"author":1,"featured_media":0,"comment_status":"open","ping_status":"open","sticky":false,"template":"","format":"standard","meta":{"jetpack_post_was_ever_published":false,"_jetpack_newsletter_access":"","_jetpack_dont_email_post_to_subs":false,"_jetpack_newsletter_tier_id":0,"_jetpack_memberships_contains_paywalled_content":false,"_jetpack_memberships_contains_paid_content":false,"footnotes":""},"categories":[1],"tags":[],"class_list":["post-9692","post","type-post","status-publish","format-standard","hentry","category-bez-kategorii"],"yoast_head":"<!-- This site is optimized with the Yoast SEO plugin v25.1 - https:\/\/yoast.com\/wordpress\/plugins\/seo\/ -->\n<title>W nadziei jeste\u015bmy zbawieni! - Gaudium Et Spes<\/title>\n<meta name=\"robots\" content=\"index, follow, max-snippet:-1, max-image-preview:large, max-video-preview:-1\" \/>\n<link rel=\"canonical\" href=\"https:\/\/gaudiumetspes-blog.pl\/index.php\/2011\/10\/25\/w-nadziei-jestesmy-zbawieni\/\" \/>\n<meta property=\"og:locale\" content=\"pl_PL\" \/>\n<meta property=\"og:type\" content=\"article\" \/>\n<meta property=\"og:title\" content=\"W nadziei jeste\u015bmy zbawieni! - Gaudium Et Spes\" \/>\n<meta property=\"og:description\" content=\"Szcz\u0119\u015b\u0107 Bo\u017ce! Moi Drodzy, zagl\u0105dajcie czasami nie tylko na strony bie\u017c\u0105ce, ale te\u017c na poprzednie, dlatego \u017ce nie zawsze na czas jestem w stanie odpisa\u0107, albo w\u0142\u0105czy\u0107 rozwa\u017canie Domownika &#8211; Anny, kt\u00f3ra boryka si\u0119 z problemami technicznymi. Aby zatem nie straci\u0107 Jej warto\u015bciowych wpis\u00f3w, zechciejcie tam zagl\u0105da\u0107.&nbsp; Jednocze\u015bnie bardzo serdecznie dzi\u0119kuj\u0119 wszystkim, kt\u00f3rzy zagl\u0105daj\u0105, a [&hellip;]\" \/>\n<meta property=\"og:url\" content=\"https:\/\/gaudiumetspes-blog.pl\/index.php\/2011\/10\/25\/w-nadziei-jestesmy-zbawieni\/\" \/>\n<meta property=\"og:site_name\" content=\"Gaudium Et Spes\" \/>\n<meta property=\"article:published_time\" content=\"2011-10-25T02:39:00+00:00\" \/>\n<meta property=\"article:modified_time\" content=\"2019-07-31T10:52:43+00:00\" \/>\n<meta name=\"author\" content=\"Ks. Jacek\" \/>\n<meta name=\"twitter:card\" content=\"summary_large_image\" \/>\n<meta name=\"twitter:label1\" content=\"Napisane przez\" \/>\n\t<meta name=\"twitter:data1\" content=\"Ks. Jacek\" \/>\n\t<meta name=\"twitter:label2\" content=\"Szacowany czas czytania\" \/>\n\t<meta name=\"twitter:data2\" content=\"4 minuty\" \/>\n<script type=\"application\/ld+json\" class=\"yoast-schema-graph\">{\"@context\":\"https:\/\/schema.org\",\"@graph\":[{\"@type\":\"WebPage\",\"@id\":\"https:\/\/gaudiumetspes-blog.pl\/index.php\/2011\/10\/25\/w-nadziei-jestesmy-zbawieni\/\",\"url\":\"https:\/\/gaudiumetspes-blog.pl\/index.php\/2011\/10\/25\/w-nadziei-jestesmy-zbawieni\/\",\"name\":\"W nadziei jeste\u015bmy zbawieni! - Gaudium Et Spes\",\"isPartOf\":{\"@id\":\"https:\/\/gaudiumetspes-blog.pl\/#website\"},\"datePublished\":\"2011-10-25T02:39:00+00:00\",\"dateModified\":\"2019-07-31T10:52:43+00:00\",\"author\":{\"@id\":\"https:\/\/gaudiumetspes-blog.pl\/#\/schema\/person\/1661982992b752dea8dff0d4ed845a65\"},\"breadcrumb\":{\"@id\":\"https:\/\/gaudiumetspes-blog.pl\/index.php\/2011\/10\/25\/w-nadziei-jestesmy-zbawieni\/#breadcrumb\"},\"inLanguage\":\"pl-PL\",\"potentialAction\":[{\"@type\":\"ReadAction\",\"target\":[\"https:\/\/gaudiumetspes-blog.pl\/index.php\/2011\/10\/25\/w-nadziei-jestesmy-zbawieni\/\"]}]},{\"@type\":\"BreadcrumbList\",\"@id\":\"https:\/\/gaudiumetspes-blog.pl\/index.php\/2011\/10\/25\/w-nadziei-jestesmy-zbawieni\/#breadcrumb\",\"itemListElement\":[{\"@type\":\"ListItem\",\"position\":1,\"name\":\"Strona g\u0142\u00f3wna\",\"item\":\"https:\/\/gaudiumetspes-blog.pl\/\"},{\"@type\":\"ListItem\",\"position\":2,\"name\":\"W&nbsp;nadziei jeste\u015bmy zbawieni!\"}]},{\"@type\":\"WebSite\",\"@id\":\"https:\/\/gaudiumetspes-blog.pl\/#website\",\"url\":\"https:\/\/gaudiumetspes-blog.pl\/\",\"name\":\"Gaudium Et Spes\",\"description\":\"Blog Ks. Jacka Ja\u015bkowskiego\",\"potentialAction\":[{\"@type\":\"SearchAction\",\"target\":{\"@type\":\"EntryPoint\",\"urlTemplate\":\"https:\/\/gaudiumetspes-blog.pl\/?s={search_term_string}\"},\"query-input\":{\"@type\":\"PropertyValueSpecification\",\"valueRequired\":true,\"valueName\":\"search_term_string\"}}],\"inLanguage\":\"pl-PL\"},{\"@type\":\"Person\",\"@id\":\"https:\/\/gaudiumetspes-blog.pl\/#\/schema\/person\/1661982992b752dea8dff0d4ed845a65\",\"name\":\"Ks. Jacek\",\"image\":{\"@type\":\"ImageObject\",\"inLanguage\":\"pl-PL\",\"@id\":\"https:\/\/gaudiumetspes-blog.pl\/#\/schema\/person\/image\/\",\"url\":\"https:\/\/gaudiumetspes-blog.pl\/wp-content\/uploads\/2019\/07\/avatar-JJ-150x150.jpg\",\"contentUrl\":\"https:\/\/gaudiumetspes-blog.pl\/wp-content\/uploads\/2019\/07\/avatar-JJ-150x150.jpg\",\"caption\":\"Ks. Jacek\"},\"description\":\"Witam serdecznie! K\u0142ania si\u0119 Ks. Jacek Ja\u015bkowski. Nie jestem ani kim\u015b wa\u017cnym, ani kim\u015b znanym. Jestem ksi\u0119dzem, kt\u00f3ry po prostu chce rozmawia\u0107. Codzienna kap\u0142a\u0144ska pos\u0142uga pokazuje mi, \u017ce temat\u00f3w do rozm\u00f3w z ksi\u0119dzem jest coraz wi\u0119cej i dzisiaj \u017caden ksi\u0105dz nie mo\u017ce od nich ucieka\u0107, ale - wprost przeciwnie - podejmowa\u0107 nowe wyzwania. To przekonanie sk\u0142oni\u0142o mnie do pr\u00f3by otwarcia tego\u017c bloga, chocia\u017c okazji do rozm\u00f3w na co dzie\u0144 - w konfesjonale i poza nim - na szcz\u0119\u015bcie nie brakuje. My\u015bl\u0119 jednak, \u017ce ten blog b\u0119dzie jeszcze jednym sposobem i przestrzeni\u0105 nawi\u0105zania kontaktu z lud\u017ami dobrej woli, otwartymi na dialog.\",\"url\":\"https:\/\/gaudiumetspes-blog.pl\/index.php\/author\/ks-jacek\/\"}]}<\/script>\n<!-- \/ Yoast SEO plugin. -->","yoast_head_json":{"title":"W nadziei jeste\u015bmy zbawieni! - Gaudium Et Spes","robots":{"index":"index","follow":"follow","max-snippet":"max-snippet:-1","max-image-preview":"max-image-preview:large","max-video-preview":"max-video-preview:-1"},"canonical":"https:\/\/gaudiumetspes-blog.pl\/index.php\/2011\/10\/25\/w-nadziei-jestesmy-zbawieni\/","og_locale":"pl_PL","og_type":"article","og_title":"W nadziei jeste\u015bmy zbawieni! - Gaudium Et Spes","og_description":"Szcz\u0119\u015b\u0107 Bo\u017ce! Moi Drodzy, zagl\u0105dajcie czasami nie tylko na strony bie\u017c\u0105ce, ale te\u017c na poprzednie, dlatego \u017ce nie zawsze na czas jestem w stanie odpisa\u0107, albo w\u0142\u0105czy\u0107 rozwa\u017canie Domownika &#8211; Anny, kt\u00f3ra boryka si\u0119 z problemami technicznymi. Aby zatem nie straci\u0107 Jej warto\u015bciowych wpis\u00f3w, zechciejcie tam zagl\u0105da\u0107.&nbsp; Jednocze\u015bnie bardzo serdecznie dzi\u0119kuj\u0119 wszystkim, kt\u00f3rzy zagl\u0105daj\u0105, a [&hellip;]","og_url":"https:\/\/gaudiumetspes-blog.pl\/index.php\/2011\/10\/25\/w-nadziei-jestesmy-zbawieni\/","og_site_name":"Gaudium Et Spes","article_published_time":"2011-10-25T02:39:00+00:00","article_modified_time":"2019-07-31T10:52:43+00:00","author":"Ks. Jacek","twitter_card":"summary_large_image","twitter_misc":{"Napisane przez":"Ks. Jacek","Szacowany czas czytania":"4 minuty"},"schema":{"@context":"https:\/\/schema.org","@graph":[{"@type":"WebPage","@id":"https:\/\/gaudiumetspes-blog.pl\/index.php\/2011\/10\/25\/w-nadziei-jestesmy-zbawieni\/","url":"https:\/\/gaudiumetspes-blog.pl\/index.php\/2011\/10\/25\/w-nadziei-jestesmy-zbawieni\/","name":"W nadziei jeste\u015bmy zbawieni! - Gaudium Et Spes","isPartOf":{"@id":"https:\/\/gaudiumetspes-blog.pl\/#website"},"datePublished":"2011-10-25T02:39:00+00:00","dateModified":"2019-07-31T10:52:43+00:00","author":{"@id":"https:\/\/gaudiumetspes-blog.pl\/#\/schema\/person\/1661982992b752dea8dff0d4ed845a65"},"breadcrumb":{"@id":"https:\/\/gaudiumetspes-blog.pl\/index.php\/2011\/10\/25\/w-nadziei-jestesmy-zbawieni\/#breadcrumb"},"inLanguage":"pl-PL","potentialAction":[{"@type":"ReadAction","target":["https:\/\/gaudiumetspes-blog.pl\/index.php\/2011\/10\/25\/w-nadziei-jestesmy-zbawieni\/"]}]},{"@type":"BreadcrumbList","@id":"https:\/\/gaudiumetspes-blog.pl\/index.php\/2011\/10\/25\/w-nadziei-jestesmy-zbawieni\/#breadcrumb","itemListElement":[{"@type":"ListItem","position":1,"name":"Strona g\u0142\u00f3wna","item":"https:\/\/gaudiumetspes-blog.pl\/"},{"@type":"ListItem","position":2,"name":"W&nbsp;nadziei jeste\u015bmy zbawieni!"}]},{"@type":"WebSite","@id":"https:\/\/gaudiumetspes-blog.pl\/#website","url":"https:\/\/gaudiumetspes-blog.pl\/","name":"Gaudium Et Spes","description":"Blog Ks. Jacka Ja\u015bkowskiego","potentialAction":[{"@type":"SearchAction","target":{"@type":"EntryPoint","urlTemplate":"https:\/\/gaudiumetspes-blog.pl\/?s={search_term_string}"},"query-input":{"@type":"PropertyValueSpecification","valueRequired":true,"valueName":"search_term_string"}}],"inLanguage":"pl-PL"},{"@type":"Person","@id":"https:\/\/gaudiumetspes-blog.pl\/#\/schema\/person\/1661982992b752dea8dff0d4ed845a65","name":"Ks. Jacek","image":{"@type":"ImageObject","inLanguage":"pl-PL","@id":"https:\/\/gaudiumetspes-blog.pl\/#\/schema\/person\/image\/","url":"https:\/\/gaudiumetspes-blog.pl\/wp-content\/uploads\/2019\/07\/avatar-JJ-150x150.jpg","contentUrl":"https:\/\/gaudiumetspes-blog.pl\/wp-content\/uploads\/2019\/07\/avatar-JJ-150x150.jpg","caption":"Ks. Jacek"},"description":"Witam serdecznie! K\u0142ania si\u0119 Ks. Jacek Ja\u015bkowski. Nie jestem ani kim\u015b wa\u017cnym, ani kim\u015b znanym. Jestem ksi\u0119dzem, kt\u00f3ry po prostu chce rozmawia\u0107. Codzienna kap\u0142a\u0144ska pos\u0142uga pokazuje mi, \u017ce temat\u00f3w do rozm\u00f3w z ksi\u0119dzem jest coraz wi\u0119cej i dzisiaj \u017caden ksi\u0105dz nie mo\u017ce od nich ucieka\u0107, ale - wprost przeciwnie - podejmowa\u0107 nowe wyzwania. To przekonanie sk\u0142oni\u0142o mnie do pr\u00f3by otwarcia tego\u017c bloga, chocia\u017c okazji do rozm\u00f3w na co dzie\u0144 - w konfesjonale i poza nim - na szcz\u0119\u015bcie nie brakuje. My\u015bl\u0119 jednak, \u017ce ten blog b\u0119dzie jeszcze jednym sposobem i przestrzeni\u0105 nawi\u0105zania kontaktu z lud\u017ami dobrej woli, otwartymi na dialog.","url":"https:\/\/gaudiumetspes-blog.pl\/index.php\/author\/ks-jacek\/"}]}},"jetpack_featured_media_url":"","jetpack_sharing_enabled":true,"_links":{"self":[{"href":"https:\/\/gaudiumetspes-blog.pl\/index.php\/wp-json\/wp\/v2\/posts\/9692","targetHints":{"allow":["GET"]}}],"collection":[{"href":"https:\/\/gaudiumetspes-blog.pl\/index.php\/wp-json\/wp\/v2\/posts"}],"about":[{"href":"https:\/\/gaudiumetspes-blog.pl\/index.php\/wp-json\/wp\/v2\/types\/post"}],"author":[{"embeddable":true,"href":"https:\/\/gaudiumetspes-blog.pl\/index.php\/wp-json\/wp\/v2\/users\/1"}],"replies":[{"embeddable":true,"href":"https:\/\/gaudiumetspes-blog.pl\/index.php\/wp-json\/wp\/v2\/comments?post=9692"}],"version-history":[{"count":1,"href":"https:\/\/gaudiumetspes-blog.pl\/index.php\/wp-json\/wp\/v2\/posts\/9692\/revisions"}],"predecessor-version":[{"id":10391,"href":"https:\/\/gaudiumetspes-blog.pl\/index.php\/wp-json\/wp\/v2\/posts\/9692\/revisions\/10391"}],"wp:attachment":[{"href":"https:\/\/gaudiumetspes-blog.pl\/index.php\/wp-json\/wp\/v2\/media?parent=9692"}],"wp:term":[{"taxonomy":"category","embeddable":true,"href":"https:\/\/gaudiumetspes-blog.pl\/index.php\/wp-json\/wp\/v2\/categories?post=9692"},{"taxonomy":"post_tag","embeddable":true,"href":"https:\/\/gaudiumetspes-blog.pl\/index.php\/wp-json\/wp\/v2\/tags?post=9692"}],"curies":[{"name":"wp","href":"https:\/\/api.w.org\/{rel}","templated":true}]}}